{"id":2974,"date":"2022-04-14T07:34:33","date_gmt":"2022-04-14T07:34:33","guid":{"rendered":"https:\/\/maismagazine.pt\/?p=2974"},"modified":"2022-04-14T07:34:34","modified_gmt":"2022-04-14T07:34:34","slug":"desde-1963-a-projetar-o-futuro","status":"publish","type":"post","link":"https:\/\/maismagazine.pt\/index.php\/2022\/04\/14\/desde-1963-a-projetar-o-futuro\/","title":{"rendered":"Desde 1963 a projetar o futuro"},"content":{"rendered":"\n<p><strong>O Externato Jo\u00e3o XXIII foi criado em 1963. As v\u00e1rias d\u00e9cadas de dedica\u00e7\u00e3o ao ensino n\u00e3o adulteraram a sua pr\u00e1xis que continua a girar em torno de um \u00fanico princ\u00edpio: aqui, os alunos s\u00e3o os aut\u00eanticos protagonistas. Com um projeto educativo centrado no aluno e no desenvolvimento harmonioso de todas as suas dimens\u00f5es, o Externato Jo\u00e3o XXIII proporciona \u00e0 comunidade escolar uma forma\u00e7\u00e3o integral &#8211; desde a educa\u00e7\u00e3o Pr\u00e9-Escolar at\u00e9 ao 9\u00ba ano de escolaridade.<\/strong><\/p>\n\n\n\n<p><\/p>\n\n\n\n<p>O <a href=\"https:\/\/externatojoao23.edu.pt\/\" target=\"_blank\" rel=\"noreferrer noopener\">Externato Jo\u00e3o XXIII<\/a> \u00e9 um projeto educativo com cariz familiar e um valioso legado de 59 anos de experi\u00eancia. Surgiu pelas m\u00e3os da Prof. Dulce Moreira Marques que, na d\u00e9cada de 60, criou a sala de Estudo Santo Eug\u00e9nio e que mais tarde deu origem ao Externato Jo\u00e3o XXIII. Sediado no Parque das Na\u00e7\u00f5es conta com modernas instala\u00e7\u00f5es escolares que servem atualmente um universo escolar de cerca de 750 alunos.<\/p>\n\n\n\n<p>Perfilhando a vis\u00e3o do \u201cPapa Bom\u201d, nomeadamente na defesa da paz mundial e do papel primordial da fam\u00edlia, o Externato Jo\u00e3o XXIII adotou um projeto educativo alicer\u00e7ado numa educa\u00e7\u00e3o integral dos seus alunos, privilegiando o desenvolvimento de valores e saberes e uma identidade e consist\u00eancia curricular pr\u00f3pria. <\/p>\n\n\n\n<p>Atualmente, oferece as val\u00eancias de Creche, a partir dos quatro meses, Jardim de Inf\u00e2ncia\/Pr\u00e9-Escolar e Ensino B\u00e1sico, do 1\u00ba ao 9\u00ba ano de escolaridade, onde promove um processo de aprendizagem articulado e consolidado, entre todos os n\u00edveis de ensino, baseado na estabilidade, compet\u00eancia e experi\u00eancia pedag\u00f3gica da sua equipa de educadores e professores.<\/p>\n\n\n\n<p>No \u00e2mbito da sua autonomia, o Projeto de Desenvolvimento Curricular do Externato Jo\u00e3o XIII contempla projetos educativos inovadores e diferenciadores, como s\u00e3o exemplo o Projeto Cambridge, o Projeto de Inicia\u00e7\u00e3o \u00e0 Nata\u00e7\u00e3o e de Matem\u00e1tica, destinados ao Pr\u00e9-Escolar. Para al\u00e9m disso, o Externato aposta ainda na valoriza\u00e7\u00e3o do enriquecimento curricular recorrendo \u00e0 cria\u00e7\u00e3o de disciplinas como a Filosofia para Crian\u00e7as a Pr\u00e1tica Filos\u00f3fica, o Experimentar Ci\u00eancias, o Desafiar Matem\u00e1tica, a Express\u00e3o Dram\u00e1tica e a Assembleia de Turma.<\/p>\n\n\n\n<figure class=\"wp-block-gallery columns-3 is-cropped wp-block-gallery-1\"><ul class=\"blocks-gallery-grid\"><li class=\"blocks-gallery-item\"><figure><img loading=\"lazy\" decoding=\"async\" width=\"1024\" height=\"684\" src=\"https:\/\/maismagazine.pt\/wp-content\/uploads\/2022\/04\/IMG_9783-1024x684.jpg\" alt=\"\" data-id=\"2981\" data-link=\"https:\/\/maismagazine.pt\/?attachment_id=2981\" class=\"wp-image-2981\" srcset=\"https:\/\/maismagazine.pt\/wp-content\/uploads\/2022\/04\/IMG_9783-1024x684.jpg 1024w, https:\/\/maismagazine.pt\/wp-content\/uploads\/2022\/04\/IMG_9783-300x200.jpg 300w, https:\/\/maismagazine.pt\/wp-content\/uploads\/2022\/04\/IMG_9783-768x513.jpg 768w, https:\/\/maismagazine.pt\/wp-content\/uploads\/2022\/04\/IMG_9783-1536x1025.jpg 1536w, https:\/\/maismagazine.pt\/wp-content\/uploads\/2022\/04\/IMG_9783-2048x1367.jpg 2048w, https:\/\/maismagazine.pt\/wp-content\/uploads\/2022\/04\/IMG_9783-150x100.jpg 150w\" sizes=\"auto, (max-width: 1024px) 100vw, 1024px\" \/><\/figure><\/li><li class=\"blocks-gallery-item\"><figure><img loading=\"lazy\" decoding=\"async\" width=\"1024\" height=\"684\" src=\"https:\/\/maismagazine.pt\/wp-content\/uploads\/2022\/04\/IMG_9786-1-1024x684.jpg\" alt=\"\" data-id=\"2982\" data-link=\"https:\/\/maismagazine.pt\/?attachment_id=2982\" class=\"wp-image-2982\" srcset=\"https:\/\/maismagazine.pt\/wp-content\/uploads\/2022\/04\/IMG_9786-1-1024x684.jpg 1024w, https:\/\/maismagazine.pt\/wp-content\/uploads\/2022\/04\/IMG_9786-1-300x200.jpg 300w, https:\/\/maismagazine.pt\/wp-content\/uploads\/2022\/04\/IMG_9786-1-768x513.jpg 768w, https:\/\/maismagazine.pt\/wp-content\/uploads\/2022\/04\/IMG_9786-1-1536x1025.jpg 1536w, https:\/\/maismagazine.pt\/wp-content\/uploads\/2022\/04\/IMG_9786-1-2048x1367.jpg 2048w, https:\/\/maismagazine.pt\/wp-content\/uploads\/2022\/04\/IMG_9786-1-150x100.jpg 150w\" sizes=\"auto, (max-width: 1024px) 100vw, 1024px\" \/><\/figure><\/li><li class=\"blocks-gallery-item\"><figure><img loading=\"lazy\" decoding=\"async\" width=\"1024\" height=\"683\" src=\"https:\/\/maismagazine.pt\/wp-content\/uploads\/2022\/04\/IMG_7631-1024x683.jpg\" alt=\"\" data-id=\"2987\" data-full-url=\"https:\/\/maismagazine.pt\/wp-content\/uploads\/2022\/04\/IMG_7631.jpg\" data-link=\"https:\/\/maismagazine.pt\/?attachment_id=2987\" class=\"wp-image-2987 is-layout-flex wp-block-gallery-is-layout-flex\" srcset=\"https:\/\/maismagazine.pt\/wp-content\/uploads\/2022\/04\/IMG_7631-1024x683.jpg 1024w, https:\/\/maismagazine.pt\/wp-content\/uploads\/2022\/04\/IMG_7631-300x200.jpg 300w, https:\/\/maismagazine.pt\/wp-content\/uploads\/2022\/04\/IMG_7631-768x512.jpg 768w, https:\/\/maismagazine.pt\/wp-content\/uploads\/2022\/04\/IMG_7631-1536x1024.jpg 1536w, https:\/\/maismagazine.pt\/wp-content\/uploads\/2022\/04\/IMG_7631-150x100.jpg 150w, https:\/\/maismagazine.pt\/wp-content\/uploads\/2022\/04\/IMG_7631.jpg 1800w\" sizes=\"auto, (max-width: 1024px) 100vw, 1024px\" \/><\/figure><\/li><\/ul><\/figure>\n\n\n\n<p>Falar do Externato Jo\u00e3o XXIII \u00e9 falar de hist\u00f3ria, prest\u00edgio e dedica\u00e7\u00e3o. \u00c9 falar de um espa\u00e7o onde a educa\u00e7\u00e3o prepara os alunos para a conviv\u00eancia e os ajuda a adquirir ideais de solidariedade, de servi\u00e7o, de bem comum. Um espa\u00e7o que os estimula a estar abertos \u00e0 realidade e \u00e0s necessidades de quem os rodeia e de toda a sociedade. <\/p>\n\n\n\n<p>Para o futuro fica a promessa de dar continuidade a um projeto educativo diferenciador, com refor\u00e7o da autonomia curricular e introdu\u00e7\u00e3o de outras literacias, abrangendo tem\u00e1ticas como a leitura e escrita criativa, jornalismo, teatro, cinema, multim\u00e9dia, voluntariado e mundo contempor\u00e2neo. <\/p>\n\n\n\n<p>Outra linha de atua\u00e7\u00e3o passa por ampliar os espa\u00e7os e a oferta no \u00e2mbito da atividade f\u00edsica e desportiva, pelo que est\u00e1 em projeto a constru\u00e7\u00e3o, a curto prazo, de um Parque Desportivo contemplando campos de voleibol, t\u00e9nis, basquetebol, padel, futebol e pistas de atletismo, destinados aos alunos e \u00e0 comunidade educativa.<\/p>\n","protected":false},"excerpt":{"rendered":"<p>O Externato Jo\u00e3o XXIII foi criado em 1963. As v\u00e1rias d\u00e9cadas de dedica\u00e7\u00e3o ao ensino n\u00e3o adulteraram a sua pr\u00e1xis que continua a girar em torno de um \u00fanico princ\u00edpio: aqui, os alunos s\u00e3o os aut\u00eanticos protagonistas. Com um projeto educativo centrado no aluno e no desenvolvimento harmonioso de todas&hellip;<\/p>\n","protected":false},"author":7,"featured_media":2979,"comment_status":"open","ping_status":"open","sticky":false,"template":"","format":"standard","meta":{"advgb_blocks_editor_width":"","advgb_blocks_columns_visual_guide":"","_monsterinsights_skip_tracking":false,"_monsterinsights_sitenote_active":false,"_monsterinsights_sitenote_note":"","_monsterinsights_sitenote_category":0,"footnotes":""},"categories":[149],"tags":[525,521,531,590,358,540,587],"class_list":["post-2974","post","type-post","status-publish","format-standard","has-post-thumbnail","hentry","category-educacao","tag-educacao","tag-ensino","tag-escola","tag-estudantes","tag-formacao-profissional","tag-futuro","tag-jovens"],"yoast_head":"<!-- This site is optimized with the Yoast SEO plugin v24.4 - https:\/\/yoast.com\/wordpress\/plugins\/seo\/ -->\n<title>Desde 1963 a projetar o futuro - Mais Magazine<\/title>\n<meta name=\"description\" content=\"O Externato Jo\u00e3o XXIII foi criado em 1963. As v\u00e1rias d\u00e9cadas de dedica\u00e7\u00e3o ao ensino n\u00e3o adulteraram a sua pr\u00e1xis que continua a girar...\" \/>\n<meta name=\"robots\" content=\"index, follow, max-snippet:-1, max-image-preview:large, max-video-preview:-1\" \/>\n<link rel=\"canonical\" href=\"https:\/\/maismagazine.pt\/index.php\/2022\/04\/14\/desde-1963-a-projetar-o-futuro\/\" \/>\n<meta property=\"og:locale\" content=\"pt_PT\" \/>\n<meta property=\"og:type\" content=\"article\" \/>\n<meta property=\"og:title\" content=\"Desde 1963 a projetar o futuro - Mais Magazine\" \/>\n<meta property=\"og:description\" content=\"O Externato Jo\u00e3o XXIII foi criado em 1963. As v\u00e1rias d\u00e9cadas de dedica\u00e7\u00e3o ao ensino n\u00e3o adulteraram a sua pr\u00e1xis que continua a girar...\" \/>\n<meta property=\"og:url\" content=\"https:\/\/maismagazine.pt\/index.php\/2022\/04\/14\/desde-1963-a-projetar-o-futuro\/\" \/>\n<meta property=\"og:site_name\" content=\"Mais Magazine\" \/>\n<meta property=\"article:published_time\" content=\"2022-04-14T07:34:33+00:00\" \/>\n<meta property=\"article:modified_time\" content=\"2022-04-14T07:34:34+00:00\" \/>\n<meta property=\"og:image\" content=\"https:\/\/maismagazine.pt\/wp-content\/uploads\/2022\/04\/EXTJ23-scaled.jpg\" \/>\n\t<meta property=\"og:image:width\" content=\"2560\" \/>\n\t<meta property=\"og:image:height\" content=\"1440\" \/>\n\t<meta property=\"og:image:type\" content=\"image\/jpeg\" \/>\n<meta name=\"author\" content=\"Jo\u00e3o Malainho\" \/>\n<meta name=\"twitter:card\" content=\"summary_large_image\" \/>\n<meta name=\"twitter:label1\" content=\"Escrito por\" \/>\n\t<meta name=\"twitter:data1\" content=\"\" \/>\n\t<meta name=\"twitter:label2\" content=\"Tempo estimado de leitura\" \/>\n\t<meta name=\"twitter:data2\" content=\"3 minutos\" \/>\n<script type=\"application\/ld+json\" class=\"yoast-schema-graph\">{\"@context\":\"https:\/\/schema.org\",\"@graph\":[{\"@type\":\"Article\",\"@id\":\"https:\/\/maismagazine.pt\/index.php\/2022\/04\/14\/desde-1963-a-projetar-o-futuro\/#article\",\"isPartOf\":{\"@id\":\"https:\/\/maismagazine.pt\/index.php\/2022\/04\/14\/desde-1963-a-projetar-o-futuro\/\"},\"author\":{\"name\":\"Jo\u00e3o Malainho\",\"@id\":\"https:\/\/maismagazine.pt\/#\/schema\/person\/999bd426f894ff56d397ec12ebd21ebb\"},\"headline\":\"Desde 1963 a projetar o futuro\",\"datePublished\":\"2022-04-14T07:34:33+00:00\",\"dateModified\":\"2022-04-14T07:34:34+00:00\",\"mainEntityOfPage\":{\"@id\":\"https:\/\/maismagazine.pt\/index.php\/2022\/04\/14\/desde-1963-a-projetar-o-futuro\/\"},\"wordCount\":539,\"commentCount\":0,\"publisher\":{\"@id\":\"https:\/\/maismagazine.pt\/#organization\"},\"image\":{\"@id\":\"https:\/\/maismagazine.pt\/index.php\/2022\/04\/14\/desde-1963-a-projetar-o-futuro\/#primaryimage\"},\"thumbnailUrl\":\"https:\/\/maismagazine.pt\/wp-content\/uploads\/2022\/04\/EXTJ23-scaled.jpg\",\"keywords\":[\"Educa\u00e7\u00e3o\",\"Ensino\",\"escola\",\"estudantes\",\"forma\u00e7\u00e3o profissional\",\"futuro\",\"jovens\"],\"articleSection\":[\"Educa\u00e7\u00e3o\"],\"inLanguage\":\"pt-PT\",\"potentialAction\":[{\"@type\":\"CommentAction\",\"name\":\"Comment\",\"target\":[\"https:\/\/maismagazine.pt\/index.php\/2022\/04\/14\/desde-1963-a-projetar-o-futuro\/#respond\"]}]},{\"@type\":\"WebPage\",\"@id\":\"https:\/\/maismagazine.pt\/index.php\/2022\/04\/14\/desde-1963-a-projetar-o-futuro\/\",\"url\":\"https:\/\/maismagazine.pt\/index.php\/2022\/04\/14\/desde-1963-a-projetar-o-futuro\/\",\"name\":\"Desde 1963 a projetar o futuro - Mais Magazine\",\"isPartOf\":{\"@id\":\"https:\/\/maismagazine.pt\/#website\"},\"primaryImageOfPage\":{\"@id\":\"https:\/\/maismagazine.pt\/index.php\/2022\/04\/14\/desde-1963-a-projetar-o-futuro\/#primaryimage\"},\"image\":{\"@id\":\"https:\/\/maismagazine.pt\/index.php\/2022\/04\/14\/desde-1963-a-projetar-o-futuro\/#primaryimage\"},\"thumbnailUrl\":\"https:\/\/maismagazine.pt\/wp-content\/uploads\/2022\/04\/EXTJ23-scaled.jpg\",\"datePublished\":\"2022-04-14T07:34:33+00:00\",\"dateModified\":\"2022-04-14T07:34:34+00:00\",\"description\":\"O Externato Jo\u00e3o XXIII foi criado em 1963. As v\u00e1rias d\u00e9cadas de dedica\u00e7\u00e3o ao ensino n\u00e3o adulteraram a sua pr\u00e1xis que continua a girar...\",\"breadcrumb\":{\"@id\":\"https:\/\/maismagazine.pt\/index.php\/2022\/04\/14\/desde-1963-a-projetar-o-futuro\/#breadcrumb\"},\"inLanguage\":\"pt-PT\",\"potentialAction\":[{\"@type\":\"ReadAction\",\"target\":[\"https:\/\/maismagazine.pt\/index.php\/2022\/04\/14\/desde-1963-a-projetar-o-futuro\/\"]}]},{\"@type\":\"ImageObject\",\"inLanguage\":\"pt-PT\",\"@id\":\"https:\/\/maismagazine.pt\/index.php\/2022\/04\/14\/desde-1963-a-projetar-o-futuro\/#primaryimage\",\"url\":\"https:\/\/maismagazine.pt\/wp-content\/uploads\/2022\/04\/EXTJ23-scaled.jpg\",\"contentUrl\":\"https:\/\/maismagazine.pt\/wp-content\/uploads\/2022\/04\/EXTJ23-scaled.jpg\",\"width\":2560,\"height\":1440},{\"@type\":\"BreadcrumbList\",\"@id\":\"https:\/\/maismagazine.pt\/index.php\/2022\/04\/14\/desde-1963-a-projetar-o-futuro\/#breadcrumb\",\"itemListElement\":[{\"@type\":\"ListItem\",\"position\":1,\"name\":\"Home\",\"item\":\"https:\/\/maismagazine.pt\/\"},{\"@type\":\"ListItem\",\"position\":2,\"name\":\"Desde 1963 a projetar o futuro\"}]},{\"@type\":\"WebSite\",\"@id\":\"https:\/\/maismagazine.pt\/#website\",\"url\":\"https:\/\/maismagazine.pt\/\",\"name\":\"Mais Magazine\",\"description\":\"\",\"publisher\":{\"@id\":\"https:\/\/maismagazine.pt\/#organization\"},\"potentialAction\":[{\"@type\":\"SearchAction\",\"target\":{\"@type\":\"EntryPoint\",\"urlTemplate\":\"https:\/\/maismagazine.pt\/?s={search_term_string}\"},\"query-input\":{\"@type\":\"PropertyValueSpecification\",\"valueRequired\":true,\"valueName\":\"search_term_string\"}}],\"inLanguage\":\"pt-PT\"},{\"@type\":\"Organization\",\"@id\":\"https:\/\/maismagazine.pt\/#organization\",\"name\":\"Mais Magazine\",\"url\":\"https:\/\/maismagazine.pt\/\",\"logo\":{\"@type\":\"ImageObject\",\"inLanguage\":\"pt-PT\",\"@id\":\"https:\/\/maismagazine.pt\/#\/schema\/logo\/image\/\",\"url\":\"https:\/\/maismagazine.pt\/wp-content\/uploads\/2020\/04\/cropped-cropped-mais-magazine-site-logo-2.png\",\"contentUrl\":\"https:\/\/maismagazine.pt\/wp-content\/uploads\/2020\/04\/cropped-cropped-mais-magazine-site-logo-2.png\",\"width\":581,\"height\":90,\"caption\":\"Mais Magazine\"},\"image\":{\"@id\":\"https:\/\/maismagazine.pt\/#\/schema\/logo\/image\/\"}},{\"@type\":\"Person\",\"@id\":\"https:\/\/maismagazine.pt\/#\/schema\/person\/999bd426f894ff56d397ec12ebd21ebb\",\"name\":\"Jo\u00e3o Malainho\",\"image\":{\"@type\":\"ImageObject\",\"inLanguage\":\"pt-PT\",\"@id\":\"https:\/\/maismagazine.pt\/#\/schema\/person\/image\/\",\"url\":\"https:\/\/secure.gravatar.com\/avatar\/ff03c2f38edf60b2a827aa4f74878491?s=96&d=mm&r=g\",\"contentUrl\":\"https:\/\/secure.gravatar.com\/avatar\/ff03c2f38edf60b2a827aa4f74878491?s=96&d=mm&r=g\",\"caption\":\"Jo\u00e3o Malainho\"},\"url\":\"https:\/\/maismagazine.pt\/index.php\/author\/maismagazine\/\"}]}<\/script>\n<!-- \/ Yoast SEO plugin. -->","yoast_head_json":{"title":"Desde 1963 a projetar o futuro - Mais Magazine","description":"O Externato Jo\u00e3o XXIII foi criado em 1963. As v\u00e1rias d\u00e9cadas de dedica\u00e7\u00e3o ao ensino n\u00e3o adulteraram a sua pr\u00e1xis que continua a girar...","robots":{"index":"index","follow":"follow","max-snippet":"max-snippet:-1","max-image-preview":"max-image-preview:large","max-video-preview":"max-video-preview:-1"},"canonical":"https:\/\/maismagazine.pt\/index.php\/2022\/04\/14\/desde-1963-a-projetar-o-futuro\/","og_locale":"pt_PT","og_type":"article","og_title":"Desde 1963 a projetar o futuro - Mais Magazine","og_description":"O Externato Jo\u00e3o XXIII foi criado em 1963. As v\u00e1rias d\u00e9cadas de dedica\u00e7\u00e3o ao ensino n\u00e3o adulteraram a sua pr\u00e1xis que continua a girar...","og_url":"https:\/\/maismagazine.pt\/index.php\/2022\/04\/14\/desde-1963-a-projetar-o-futuro\/","og_site_name":"Mais Magazine","article_published_time":"2022-04-14T07:34:33+00:00","article_modified_time":"2022-04-14T07:34:34+00:00","og_image":[{"width":2560,"height":1440,"url":"https:\/\/maismagazine.pt\/wp-content\/uploads\/2022\/04\/EXTJ23-scaled.jpg","type":"image\/jpeg"}],"author":"Jo\u00e3o Malainho","twitter_card":"summary_large_image","twitter_misc":{"Escrito por":false,"Tempo estimado de leitura":"3 minutos"},"schema":{"@context":"https:\/\/schema.org","@graph":[{"@type":"Article","@id":"https:\/\/maismagazine.pt\/index.php\/2022\/04\/14\/desde-1963-a-projetar-o-futuro\/#article","isPartOf":{"@id":"https:\/\/maismagazine.pt\/index.php\/2022\/04\/14\/desde-1963-a-projetar-o-futuro\/"},"author":{"name":"Jo\u00e3o Malainho","@id":"https:\/\/maismagazine.pt\/#\/schema\/person\/999bd426f894ff56d397ec12ebd21ebb"},"headline":"Desde 1963 a projetar o futuro","datePublished":"2022-04-14T07:34:33+00:00","dateModified":"2022-04-14T07:34:34+00:00","mainEntityOfPage":{"@id":"https:\/\/maismagazine.pt\/index.php\/2022\/04\/14\/desde-1963-a-projetar-o-futuro\/"},"wordCount":539,"commentCount":0,"publisher":{"@id":"https:\/\/maismagazine.pt\/#organization"},"image":{"@id":"https:\/\/maismagazine.pt\/index.php\/2022\/04\/14\/desde-1963-a-projetar-o-futuro\/#primaryimage"},"thumbnailUrl":"https:\/\/maismagazine.pt\/wp-content\/uploads\/2022\/04\/EXTJ23-scaled.jpg","keywords":["Educa\u00e7\u00e3o","Ensino","escola","estudantes","forma\u00e7\u00e3o profissional","futuro","jovens"],"articleSection":["Educa\u00e7\u00e3o"],"inLanguage":"pt-PT","potentialAction":[{"@type":"CommentAction","name":"Comment","target":["https:\/\/maismagazine.pt\/index.php\/2022\/04\/14\/desde-1963-a-projetar-o-futuro\/#respond"]}]},{"@type":"WebPage","@id":"https:\/\/maismagazine.pt\/index.php\/2022\/04\/14\/desde-1963-a-projetar-o-futuro\/","url":"https:\/\/maismagazine.pt\/index.php\/2022\/04\/14\/desde-1963-a-projetar-o-futuro\/","name":"Desde 1963 a projetar o futuro - Mais Magazine","isPartOf":{"@id":"https:\/\/maismagazine.pt\/#website"},"primaryImageOfPage":{"@id":"https:\/\/maismagazine.pt\/index.php\/2022\/04\/14\/desde-1963-a-projetar-o-futuro\/#primaryimage"},"image":{"@id":"https:\/\/maismagazine.pt\/index.php\/2022\/04\/14\/desde-1963-a-projetar-o-futuro\/#primaryimage"},"thumbnailUrl":"https:\/\/maismagazine.pt\/wp-content\/uploads\/2022\/04\/EXTJ23-scaled.jpg","datePublished":"2022-04-14T07:34:33+00:00","dateModified":"2022-04-14T07:34:34+00:00","description":"O Externato Jo\u00e3o XXIII foi criado em 1963. As v\u00e1rias d\u00e9cadas de dedica\u00e7\u00e3o ao ensino n\u00e3o adulteraram a sua pr\u00e1xis que continua a girar...","breadcrumb":{"@id":"https:\/\/maismagazine.pt\/index.php\/2022\/04\/14\/desde-1963-a-projetar-o-futuro\/#breadcrumb"},"inLanguage":"pt-PT","potentialAction":[{"@type":"ReadAction","target":["https:\/\/maismagazine.pt\/index.php\/2022\/04\/14\/desde-1963-a-projetar-o-futuro\/"]}]},{"@type":"ImageObject","inLanguage":"pt-PT","@id":"https:\/\/maismagazine.pt\/index.php\/2022\/04\/14\/desde-1963-a-projetar-o-futuro\/#primaryimage","url":"https:\/\/maismagazine.pt\/wp-content\/uploads\/2022\/04\/EXTJ23-scaled.jpg","contentUrl":"https:\/\/maismagazine.pt\/wp-content\/uploads\/2022\/04\/EXTJ23-scaled.jpg","width":2560,"height":1440},{"@type":"BreadcrumbList","@id":"https:\/\/maismagazine.pt\/index.php\/2022\/04\/14\/desde-1963-a-projetar-o-futuro\/#breadcrumb","itemListElement":[{"@type":"ListItem","position":1,"name":"Home","item":"https:\/\/maismagazine.pt\/"},{"@type":"ListItem","position":2,"name":"Desde 1963 a projetar o futuro"}]},{"@type":"WebSite","@id":"https:\/\/maismagazine.pt\/#website","url":"https:\/\/maismagazine.pt\/","name":"Mais Magazine","description":"","publisher":{"@id":"https:\/\/maismagazine.pt\/#organization"},"potentialAction":[{"@type":"SearchAction","target":{"@type":"EntryPoint","urlTemplate":"https:\/\/maismagazine.pt\/?s={search_term_string}"},"query-input":{"@type":"PropertyValueSpecification","valueRequired":true,"valueName":"search_term_string"}}],"inLanguage":"pt-PT"},{"@type":"Organization","@id":"https:\/\/maismagazine.pt\/#organization","name":"Mais Magazine","url":"https:\/\/maismagazine.pt\/","logo":{"@type":"ImageObject","inLanguage":"pt-PT","@id":"https:\/\/maismagazine.pt\/#\/schema\/logo\/image\/","url":"https:\/\/maismagazine.pt\/wp-content\/uploads\/2020\/04\/cropped-cropped-mais-magazine-site-logo-2.png","contentUrl":"https:\/\/maismagazine.pt\/wp-content\/uploads\/2020\/04\/cropped-cropped-mais-magazine-site-logo-2.png","width":581,"height":90,"caption":"Mais Magazine"},"image":{"@id":"https:\/\/maismagazine.pt\/#\/schema\/logo\/image\/"}},{"@type":"Person","@id":"https:\/\/maismagazine.pt\/#\/schema\/person\/999bd426f894ff56d397ec12ebd21ebb","name":"Jo\u00e3o Malainho","image":{"@type":"ImageObject","inLanguage":"pt-PT","@id":"https:\/\/maismagazine.pt\/#\/schema\/person\/image\/","url":"https:\/\/secure.gravatar.com\/avatar\/ff03c2f38edf60b2a827aa4f74878491?s=96&d=mm&r=g","contentUrl":"https:\/\/secure.gravatar.com\/avatar\/ff03c2f38edf60b2a827aa4f74878491?s=96&d=mm&r=g","caption":"Jo\u00e3o Malainho"},"url":"https:\/\/maismagazine.pt\/index.php\/author\/maismagazine\/"}]}},"author_meta":{"display_name":false,"author_link":"https:\/\/maismagazine.pt\/index.php\/author\/maismagazine\/"},"featured_img":"https:\/\/maismagazine.pt\/wp-content\/uploads\/2022\/04\/EXTJ23-300x169.jpg","coauthors":[],"tax_additional":{"categories":{"linked":["<a href=\"https:\/\/maismagazine.pt\/index.php\/category\/educacao\/\" class=\"advgb-post-tax-term\">Educa\u00e7\u00e3o<\/a>"],"unlinked":["<span class=\"advgb-post-tax-term\">Educa\u00e7\u00e3o<\/span>"]},"tags":{"linked":["<a href=\"https:\/\/maismagazine.pt\/index.php\/category\/educacao\/\" class=\"advgb-post-tax-term\">Educa\u00e7\u00e3o<\/a>","<a href=\"https:\/\/maismagazine.pt\/index.php\/category\/educacao\/\" class=\"advgb-post-tax-term\">Ensino<\/a>","<a href=\"https:\/\/maismagazine.pt\/index.php\/category\/educacao\/\" class=\"advgb-post-tax-term\">escola<\/a>","<a href=\"https:\/\/maismagazine.pt\/index.php\/category\/educacao\/\" class=\"advgb-post-tax-term\">estudantes<\/a>","<a href=\"https:\/\/maismagazine.pt\/index.php\/category\/educacao\/\" class=\"advgb-post-tax-term\">forma\u00e7\u00e3o profissional<\/a>","<a href=\"https:\/\/maismagazine.pt\/index.php\/category\/educacao\/\" class=\"advgb-post-tax-term\">futuro<\/a>","<a href=\"https:\/\/maismagazine.pt\/index.php\/category\/educacao\/\" class=\"advgb-post-tax-term\">jovens<\/a>"],"unlinked":["<span class=\"advgb-post-tax-term\">Educa\u00e7\u00e3o<\/span>","<span class=\"advgb-post-tax-term\">Ensino<\/span>","<span class=\"advgb-post-tax-term\">escola<\/span>","<span class=\"advgb-post-tax-term\">estudantes<\/span>","<span class=\"advgb-post-tax-term\">forma\u00e7\u00e3o profissional<\/span>","<span class=\"advgb-post-tax-term\">futuro<\/span>","<span class=\"advgb-post-tax-term\">jovens<\/span>"]}},"comment_count":"0","relative_dates":{"created":"Posted 4 anos ago","modified":"Updated 4 anos ago"},"absolute_dates":{"created":"Posted on 14 de Abril, 2022","modified":"Updated on 14 de Abril, 2022"},"absolute_dates_time":{"created":"Posted on 14 de Abril, 2022 7:34","modified":"Updated on 14 de Abril, 2022 7:34"},"featured_img_caption":"","series_order":"","_links":{"self":[{"href":"https:\/\/maismagazine.pt\/index.php\/wp-json\/wp\/v2\/posts\/2974","targetHints":{"allow":["GET"]}}],"collection":[{"href":"https:\/\/maismagazine.pt\/index.php\/wp-json\/wp\/v2\/posts"}],"about":[{"href":"https:\/\/maismagazine.pt\/index.php\/wp-json\/wp\/v2\/types\/post"}],"author":[{"embeddable":true,"href":"https:\/\/maismagazine.pt\/index.php\/wp-json\/wp\/v2\/users\/7"}],"replies":[{"embeddable":true,"href":"https:\/\/maismagazine.pt\/index.php\/wp-json\/wp\/v2\/comments?post=2974"}],"version-history":[{"count":2,"href":"https:\/\/maismagazine.pt\/index.php\/wp-json\/wp\/v2\/posts\/2974\/revisions"}],"predecessor-version":[{"id":3077,"href":"https:\/\/maismagazine.pt\/index.php\/wp-json\/wp\/v2\/posts\/2974\/revisions\/3077"}],"wp:featuredmedia":[{"embeddable":true,"href":"https:\/\/maismagazine.pt\/index.php\/wp-json\/wp\/v2\/media\/2979"}],"wp:attachment":[{"href":"https:\/\/maismagazine.pt\/index.php\/wp-json\/wp\/v2\/media?parent=2974"}],"wp:term":[{"taxonomy":"category","embeddable":true,"href":"https:\/\/maismagazine.pt\/index.php\/wp-json\/wp\/v2\/categories?post=2974"},{"taxonomy":"post_tag","embeddable":true,"href":"https:\/\/maismagazine.pt\/index.php\/wp-json\/wp\/v2\/tags?post=2974"}],"curies":[{"name":"wp","href":"https:\/\/api.w.org\/{rel}","templated":true}]}}