{"id":2956,"date":"2022-04-14T07:30:35","date_gmt":"2022-04-14T07:30:35","guid":{"rendered":"https:\/\/maismagazine.pt\/?p=2956"},"modified":"2022-04-14T07:30:35","modified_gmt":"2022-04-14T07:30:35","slug":"trabalhamos-para-ajudar-os-nossos-alunos-a-realizar-o-seu-projeto-de-vida","status":"publish","type":"post","link":"https:\/\/maismagazine.pt\/index.php\/2022\/04\/14\/trabalhamos-para-ajudar-os-nossos-alunos-a-realizar-o-seu-projeto-de-vida\/","title":{"rendered":"\u201cTrabalhamos para ajudar os nossos alunos a realizar o seu projeto de vida\u201d"},"content":{"rendered":"\n<p><strong>O Externato Carvalho Ara\u00fajo celebra 50 anos de atividade e durante d\u00e9cadas respondeu \u00e0s aspira\u00e7\u00f5es de muitos jovens e adultos, proporcionando forma\u00e7\u00e3o a um p\u00fablico exigente e com necessidade de valoriza\u00e7\u00e3o acad\u00e9mica. Hoje, \u00e9 um espa\u00e7o com hist\u00f3ria, ilustrativa do patrim\u00f3nio e da experi\u00eancia que a institui\u00e7\u00e3o acumulou ao longo dos anos, mas tamb\u00e9m com um futuro que se reflete num projeto educativo atualizado, centrado no aluno.<\/strong><\/p>\n\n\n\n<p><\/p>\n\n\n\n<p>O <a href=\"https:\/\/www.ext-ca.com\/\" target=\"_blank\" rel=\"noreferrer noopener\">Externato Carvalho Ara\u00fajo<\/a> iniciou h\u00e1 50 anos, no centro cidade de Braga, a sua atividade de ensino, originalmente como centro de explica\u00e7\u00f5es. Na d\u00e9cada de 80, ao abrigo do DL 553\/80, foi-lhe concedido paralelismo pedag\u00f3gico passando a ministrar o ensino complementar e o 12\u00ba ano via ensino. Desde ent\u00e3o, e num processo constante de resposta \u00e0s exig\u00eancias da popula\u00e7\u00e3o escolar bracarense e concelhos lim\u00edtrofes, foi alargando o seu leque de oferta. Em 2005 construiu um edif\u00edcio escolar de raiz, a cinco minutos do centro da cidade com quatro mil metros quadrados de \u00e1rea coberta e dez mil metros quadrados de \u00e1rea total, respondendo assim \u00e0s necessidades das fam\u00edlias e valorizando o percurso escolar dos alunos permitindo o prosseguimento dos estudos at\u00e9 ao 12\u00ba ano.<\/p>\n\n\n\n<p><strong>Projeto educativo centrado no aluno<\/strong><\/p>\n\n\n\n<p>Com uma oferta educativa de excel\u00eancia, que abrange os 2\u00ba e 3\u00ba ciclos do Ensino B\u00e1sico e ainda o Ensino Secund\u00e1rio regular, o Externato Carvalho Ara\u00fajo distingue-se, desde logo, por um ensino de qualidade e pelo uso de metodologias potenciadoras do sucesso pessoal e acad\u00e9mico dos alunos. \u201cSomos uma escola rigorosa e exigente, mas n\u00e3o uma escola elitista. O nosso maior valor, a nossa identidade, \u00e9 o nosso car\u00e1ter humanista pois trabalhamos para ajudar os nossos alunos a realizar o seu projeto de vida. Uma escola onde os professores se valorizem, valorizando a escola\u201d, explica Rosa Ara\u00fajo, Diretora Pedag\u00f3gica. Esta oferta formativa, amplamente consolidada e reconhecida, responde \u00e0s necessidades dos alunos que precisam de realizar o seu percurso escolar de forma apoiada, acompanhada e geradora de sucesso. <\/p>\n\n\n\n<p>A voca\u00e7\u00e3o ecl\u00e9tica deste estabelecimento de ensino particular, sempre atento a todos e a cada um dos alunos, a par do rigor, dedica\u00e7\u00e3o, exig\u00eancia e humanidade de todos aqueles que nele trabalham, foram durante d\u00e9cadas, e continuaram a ser, as facetas mais marcantes deste col\u00e9gio. \u201cAo longo da nossa exist\u00eancia soubemos criar uma cultura de escola em que os nossos professores estabelecem uma rela\u00e7\u00e3o pedag\u00f3gica humanizada e atenta, isto \u00e9, enveredando por metodologias mais individualizadas e ativas, respeitando os diferentes ritmos de aprendizagem que contribuem para o sucesso educativo de muitos alunos\u201d.<\/p>\n\n\n\n<p><strong>Mais um passo rumo ao futuro<\/strong><\/p>\n\n\n\n<p>A miss\u00e3o e a vis\u00e3o defendida pelo Externato Carvalho Ara\u00fajo, a operacionaliza\u00e7\u00e3o dos princ\u00edpios e valores que prop\u00f5e, a defesa do rigor e de um ensino de qualidade, implica um conjunto de objetivos operacionais nos dom\u00ednios de interven\u00e7\u00e3o e estrat\u00e9gias priorit\u00e1rias. Como tal, \u201cnum per\u00edodo de dois a tr\u00eas anos, iremos construir um novo edif\u00edcio para completar a oferta desde a pr\u00e9-prim\u00e1ria e 1\u00ba Ciclo at\u00e9 ao 12\u00ba ano\u201d. <\/p>\n\n\n\n<p>Este \u00e9 mais um passo importante que a institui\u00e7\u00e3o d\u00e1 rumo ao futuro, posicionando-se num lugar de destaque no ensino em Braga e na regi\u00e3o, resultado da qualidade dos seus recursos humanos, do ensino centrado no aluno, das instala\u00e7\u00f5es e do espa\u00e7o envolvente, caracter\u00edsticas e mais-valias que proporcionam o desenvolvimento das compet\u00eancias e a prepara\u00e7\u00e3o para os desafios do s\u00e9culo XXI.<\/p>\n","protected":false},"excerpt":{"rendered":"<p>O Externato Carvalho Ara\u00fajo celebra 50 anos de atividade e durante d\u00e9cadas respondeu \u00e0s aspira\u00e7\u00f5es de muitos jovens e adultos, proporcionando forma\u00e7\u00e3o a um p\u00fablico exigente e com necessidade de valoriza\u00e7\u00e3o acad\u00e9mica. Hoje, \u00e9 um espa\u00e7o com hist\u00f3ria, ilustrativa do patrim\u00f3nio e da experi\u00eancia que a institui\u00e7\u00e3o acumulou ao longo&hellip;<\/p>\n","protected":false},"author":7,"featured_media":2967,"comment_status":"open","ping_status":"open","sticky":false,"template":"","format":"standard","meta":{"advgb_blocks_editor_width":"","advgb_blocks_columns_visual_guide":"","_monsterinsights_skip_tracking":false,"_monsterinsights_sitenote_active":false,"_monsterinsights_sitenote_note":"","_monsterinsights_sitenote_category":0,"footnotes":""},"categories":[149],"tags":[525,521,531,358,540,587],"class_list":["post-2956","post","type-post","status-publish","format-standard","has-post-thumbnail","hentry","category-educacao","tag-educacao","tag-ensino","tag-escola","tag-formacao-profissional","tag-futuro","tag-jovens"],"yoast_head":"<!-- This site is optimized with the Yoast SEO plugin v24.4 - https:\/\/yoast.com\/wordpress\/plugins\/seo\/ -->\n<title>\u201cTrabalhamos para ajudar os nossos alunos a realizar o seu projeto de vida\u201d - Mais Magazine<\/title>\n<meta name=\"description\" content=\"O Externato Carvalho Ara\u00fajo celebra 50 anos de atividade e durante d\u00e9cadas respondeu \u00e0s aspira\u00e7\u00f5es de muitos jovens e adultos, proporcionando...\" \/>\n<meta name=\"robots\" content=\"index, follow, max-snippet:-1, max-image-preview:large, max-video-preview:-1\" \/>\n<link rel=\"canonical\" href=\"http:\/\/maismagazine.pt\/index.php\/2022\/04\/14\/trabalhamos-para-ajudar-os-nossos-alunos-a-realizar-o-seu-projeto-de-vida\/\" \/>\n<meta property=\"og:locale\" content=\"pt_PT\" \/>\n<meta property=\"og:type\" content=\"article\" \/>\n<meta property=\"og:title\" content=\"\u201cTrabalhamos para ajudar os nossos alunos a realizar o seu projeto de vida\u201d - Mais Magazine\" \/>\n<meta property=\"og:description\" content=\"O Externato Carvalho Ara\u00fajo celebra 50 anos de atividade e durante d\u00e9cadas respondeu \u00e0s aspira\u00e7\u00f5es de muitos jovens e adultos, proporcionando...\" \/>\n<meta property=\"og:url\" content=\"http:\/\/maismagazine.pt\/index.php\/2022\/04\/14\/trabalhamos-para-ajudar-os-nossos-alunos-a-realizar-o-seu-projeto-de-vida\/\" \/>\n<meta property=\"og:site_name\" content=\"Mais Magazine\" \/>\n<meta property=\"article:published_time\" content=\"2022-04-14T07:30:35+00:00\" \/>\n<meta property=\"og:image\" content=\"http:\/\/maismagazine.pt\/wp-content\/uploads\/2022\/04\/PUBLICIDADE-TUB-scaled.jpg\" \/>\n\t<meta property=\"og:image:width\" content=\"2560\" \/>\n\t<meta property=\"og:image:height\" content=\"933\" \/>\n\t<meta property=\"og:image:type\" content=\"image\/jpeg\" \/>\n<meta name=\"author\" content=\"Jo\u00e3o Malainho\" \/>\n<meta name=\"twitter:card\" content=\"summary_large_image\" \/>\n<meta name=\"twitter:label1\" content=\"Escrito por\" \/>\n\t<meta name=\"twitter:data1\" content=\"\" \/>\n\t<meta name=\"twitter:label2\" content=\"Tempo estimado de leitura\" \/>\n\t<meta name=\"twitter:data2\" content=\"3 minutos\" \/>\n<script type=\"application\/ld+json\" class=\"yoast-schema-graph\">{\"@context\":\"https:\/\/schema.org\",\"@graph\":[{\"@type\":\"Article\",\"@id\":\"http:\/\/maismagazine.pt\/index.php\/2022\/04\/14\/trabalhamos-para-ajudar-os-nossos-alunos-a-realizar-o-seu-projeto-de-vida\/#article\",\"isPartOf\":{\"@id\":\"http:\/\/maismagazine.pt\/index.php\/2022\/04\/14\/trabalhamos-para-ajudar-os-nossos-alunos-a-realizar-o-seu-projeto-de-vida\/\"},\"author\":{\"name\":\"Jo\u00e3o Malainho\",\"@id\":\"https:\/\/maismagazine.pt\/#\/schema\/person\/999bd426f894ff56d397ec12ebd21ebb\"},\"headline\":\"\u201cTrabalhamos para ajudar os nossos alunos a realizar o seu projeto de vida\u201d\",\"datePublished\":\"2022-04-14T07:30:35+00:00\",\"mainEntityOfPage\":{\"@id\":\"http:\/\/maismagazine.pt\/index.php\/2022\/04\/14\/trabalhamos-para-ajudar-os-nossos-alunos-a-realizar-o-seu-projeto-de-vida\/\"},\"wordCount\":614,\"commentCount\":0,\"publisher\":{\"@id\":\"https:\/\/maismagazine.pt\/#organization\"},\"image\":{\"@id\":\"http:\/\/maismagazine.pt\/index.php\/2022\/04\/14\/trabalhamos-para-ajudar-os-nossos-alunos-a-realizar-o-seu-projeto-de-vida\/#primaryimage\"},\"thumbnailUrl\":\"https:\/\/maismagazine.pt\/wp-content\/uploads\/2022\/04\/PUBLICIDADE-TUB-scaled.jpg\",\"keywords\":[\"Educa\u00e7\u00e3o\",\"Ensino\",\"escola\",\"forma\u00e7\u00e3o profissional\",\"futuro\",\"jovens\"],\"articleSection\":[\"Educa\u00e7\u00e3o\"],\"inLanguage\":\"pt-PT\",\"potentialAction\":[{\"@type\":\"CommentAction\",\"name\":\"Comment\",\"target\":[\"http:\/\/maismagazine.pt\/index.php\/2022\/04\/14\/trabalhamos-para-ajudar-os-nossos-alunos-a-realizar-o-seu-projeto-de-vida\/#respond\"]}]},{\"@type\":\"WebPage\",\"@id\":\"http:\/\/maismagazine.pt\/index.php\/2022\/04\/14\/trabalhamos-para-ajudar-os-nossos-alunos-a-realizar-o-seu-projeto-de-vida\/\",\"url\":\"http:\/\/maismagazine.pt\/index.php\/2022\/04\/14\/trabalhamos-para-ajudar-os-nossos-alunos-a-realizar-o-seu-projeto-de-vida\/\",\"name\":\"\u201cTrabalhamos para ajudar os nossos alunos a realizar o seu projeto de vida\u201d - Mais Magazine\",\"isPartOf\":{\"@id\":\"https:\/\/maismagazine.pt\/#website\"},\"primaryImageOfPage\":{\"@id\":\"http:\/\/maismagazine.pt\/index.php\/2022\/04\/14\/trabalhamos-para-ajudar-os-nossos-alunos-a-realizar-o-seu-projeto-de-vida\/#primaryimage\"},\"image\":{\"@id\":\"http:\/\/maismagazine.pt\/index.php\/2022\/04\/14\/trabalhamos-para-ajudar-os-nossos-alunos-a-realizar-o-seu-projeto-de-vida\/#primaryimage\"},\"thumbnailUrl\":\"https:\/\/maismagazine.pt\/wp-content\/uploads\/2022\/04\/PUBLICIDADE-TUB-scaled.jpg\",\"datePublished\":\"2022-04-14T07:30:35+00:00\",\"description\":\"O Externato Carvalho Ara\u00fajo celebra 50 anos de atividade e durante d\u00e9cadas respondeu \u00e0s aspira\u00e7\u00f5es de muitos jovens e adultos, proporcionando...\",\"breadcrumb\":{\"@id\":\"http:\/\/maismagazine.pt\/index.php\/2022\/04\/14\/trabalhamos-para-ajudar-os-nossos-alunos-a-realizar-o-seu-projeto-de-vida\/#breadcrumb\"},\"inLanguage\":\"pt-PT\",\"potentialAction\":[{\"@type\":\"ReadAction\",\"target\":[\"http:\/\/maismagazine.pt\/index.php\/2022\/04\/14\/trabalhamos-para-ajudar-os-nossos-alunos-a-realizar-o-seu-projeto-de-vida\/\"]}]},{\"@type\":\"ImageObject\",\"inLanguage\":\"pt-PT\",\"@id\":\"http:\/\/maismagazine.pt\/index.php\/2022\/04\/14\/trabalhamos-para-ajudar-os-nossos-alunos-a-realizar-o-seu-projeto-de-vida\/#primaryimage\",\"url\":\"https:\/\/maismagazine.pt\/wp-content\/uploads\/2022\/04\/PUBLICIDADE-TUB-scaled.jpg\",\"contentUrl\":\"https:\/\/maismagazine.pt\/wp-content\/uploads\/2022\/04\/PUBLICIDADE-TUB-scaled.jpg\",\"width\":2560,\"height\":933},{\"@type\":\"BreadcrumbList\",\"@id\":\"http:\/\/maismagazine.pt\/index.php\/2022\/04\/14\/trabalhamos-para-ajudar-os-nossos-alunos-a-realizar-o-seu-projeto-de-vida\/#breadcrumb\",\"itemListElement\":[{\"@type\":\"ListItem\",\"position\":1,\"name\":\"Home\",\"item\":\"https:\/\/maismagazine.pt\/\"},{\"@type\":\"ListItem\",\"position\":2,\"name\":\"\u201cTrabalhamos para ajudar os nossos alunos a realizar o seu projeto de vida\u201d\"}]},{\"@type\":\"WebSite\",\"@id\":\"https:\/\/maismagazine.pt\/#website\",\"url\":\"https:\/\/maismagazine.pt\/\",\"name\":\"Mais Magazine\",\"description\":\"\",\"publisher\":{\"@id\":\"https:\/\/maismagazine.pt\/#organization\"},\"potentialAction\":[{\"@type\":\"SearchAction\",\"target\":{\"@type\":\"EntryPoint\",\"urlTemplate\":\"https:\/\/maismagazine.pt\/?s={search_term_string}\"},\"query-input\":{\"@type\":\"PropertyValueSpecification\",\"valueRequired\":true,\"valueName\":\"search_term_string\"}}],\"inLanguage\":\"pt-PT\"},{\"@type\":\"Organization\",\"@id\":\"https:\/\/maismagazine.pt\/#organization\",\"name\":\"Mais Magazine\",\"url\":\"https:\/\/maismagazine.pt\/\",\"logo\":{\"@type\":\"ImageObject\",\"inLanguage\":\"pt-PT\",\"@id\":\"https:\/\/maismagazine.pt\/#\/schema\/logo\/image\/\",\"url\":\"https:\/\/maismagazine.pt\/wp-content\/uploads\/2020\/04\/cropped-cropped-mais-magazine-site-logo-2.png\",\"contentUrl\":\"https:\/\/maismagazine.pt\/wp-content\/uploads\/2020\/04\/cropped-cropped-mais-magazine-site-logo-2.png\",\"width\":581,\"height\":90,\"caption\":\"Mais Magazine\"},\"image\":{\"@id\":\"https:\/\/maismagazine.pt\/#\/schema\/logo\/image\/\"}},{\"@type\":\"Person\",\"@id\":\"https:\/\/maismagazine.pt\/#\/schema\/person\/999bd426f894ff56d397ec12ebd21ebb\",\"name\":\"Jo\u00e3o Malainho\",\"image\":{\"@type\":\"ImageObject\",\"inLanguage\":\"pt-PT\",\"@id\":\"https:\/\/maismagazine.pt\/#\/schema\/person\/image\/\",\"url\":\"https:\/\/secure.gravatar.com\/avatar\/ff03c2f38edf60b2a827aa4f74878491?s=96&d=mm&r=g\",\"contentUrl\":\"https:\/\/secure.gravatar.com\/avatar\/ff03c2f38edf60b2a827aa4f74878491?s=96&d=mm&r=g\",\"caption\":\"Jo\u00e3o Malainho\"},\"url\":\"https:\/\/maismagazine.pt\/index.php\/author\/maismagazine\/\"}]}<\/script>\n<!-- \/ Yoast SEO plugin. -->","yoast_head_json":{"title":"\u201cTrabalhamos para ajudar os nossos alunos a realizar o seu projeto de vida\u201d - Mais Magazine","description":"O Externato Carvalho Ara\u00fajo celebra 50 anos de atividade e durante d\u00e9cadas respondeu \u00e0s aspira\u00e7\u00f5es de muitos jovens e adultos, proporcionando...","robots":{"index":"index","follow":"follow","max-snippet":"max-snippet:-1","max-image-preview":"max-image-preview:large","max-video-preview":"max-video-preview:-1"},"canonical":"http:\/\/maismagazine.pt\/index.php\/2022\/04\/14\/trabalhamos-para-ajudar-os-nossos-alunos-a-realizar-o-seu-projeto-de-vida\/","og_locale":"pt_PT","og_type":"article","og_title":"\u201cTrabalhamos para ajudar os nossos alunos a realizar o seu projeto de vida\u201d - Mais Magazine","og_description":"O Externato Carvalho Ara\u00fajo celebra 50 anos de atividade e durante d\u00e9cadas respondeu \u00e0s aspira\u00e7\u00f5es de muitos jovens e adultos, proporcionando...","og_url":"http:\/\/maismagazine.pt\/index.php\/2022\/04\/14\/trabalhamos-para-ajudar-os-nossos-alunos-a-realizar-o-seu-projeto-de-vida\/","og_site_name":"Mais Magazine","article_published_time":"2022-04-14T07:30:35+00:00","og_image":[{"width":2560,"height":933,"url":"http:\/\/maismagazine.pt\/wp-content\/uploads\/2022\/04\/PUBLICIDADE-TUB-scaled.jpg","type":"image\/jpeg"}],"author":"Jo\u00e3o Malainho","twitter_card":"summary_large_image","twitter_misc":{"Escrito por":false,"Tempo estimado de leitura":"3 minutos"},"schema":{"@context":"https:\/\/schema.org","@graph":[{"@type":"Article","@id":"http:\/\/maismagazine.pt\/index.php\/2022\/04\/14\/trabalhamos-para-ajudar-os-nossos-alunos-a-realizar-o-seu-projeto-de-vida\/#article","isPartOf":{"@id":"http:\/\/maismagazine.pt\/index.php\/2022\/04\/14\/trabalhamos-para-ajudar-os-nossos-alunos-a-realizar-o-seu-projeto-de-vida\/"},"author":{"name":"Jo\u00e3o Malainho","@id":"https:\/\/maismagazine.pt\/#\/schema\/person\/999bd426f894ff56d397ec12ebd21ebb"},"headline":"\u201cTrabalhamos para ajudar os nossos alunos a realizar o seu projeto de vida\u201d","datePublished":"2022-04-14T07:30:35+00:00","mainEntityOfPage":{"@id":"http:\/\/maismagazine.pt\/index.php\/2022\/04\/14\/trabalhamos-para-ajudar-os-nossos-alunos-a-realizar-o-seu-projeto-de-vida\/"},"wordCount":614,"commentCount":0,"publisher":{"@id":"https:\/\/maismagazine.pt\/#organization"},"image":{"@id":"http:\/\/maismagazine.pt\/index.php\/2022\/04\/14\/trabalhamos-para-ajudar-os-nossos-alunos-a-realizar-o-seu-projeto-de-vida\/#primaryimage"},"thumbnailUrl":"https:\/\/maismagazine.pt\/wp-content\/uploads\/2022\/04\/PUBLICIDADE-TUB-scaled.jpg","keywords":["Educa\u00e7\u00e3o","Ensino","escola","forma\u00e7\u00e3o profissional","futuro","jovens"],"articleSection":["Educa\u00e7\u00e3o"],"inLanguage":"pt-PT","potentialAction":[{"@type":"CommentAction","name":"Comment","target":["http:\/\/maismagazine.pt\/index.php\/2022\/04\/14\/trabalhamos-para-ajudar-os-nossos-alunos-a-realizar-o-seu-projeto-de-vida\/#respond"]}]},{"@type":"WebPage","@id":"http:\/\/maismagazine.pt\/index.php\/2022\/04\/14\/trabalhamos-para-ajudar-os-nossos-alunos-a-realizar-o-seu-projeto-de-vida\/","url":"http:\/\/maismagazine.pt\/index.php\/2022\/04\/14\/trabalhamos-para-ajudar-os-nossos-alunos-a-realizar-o-seu-projeto-de-vida\/","name":"\u201cTrabalhamos para ajudar os nossos alunos a realizar o seu projeto de vida\u201d - Mais Magazine","isPartOf":{"@id":"https:\/\/maismagazine.pt\/#website"},"primaryImageOfPage":{"@id":"http:\/\/maismagazine.pt\/index.php\/2022\/04\/14\/trabalhamos-para-ajudar-os-nossos-alunos-a-realizar-o-seu-projeto-de-vida\/#primaryimage"},"image":{"@id":"http:\/\/maismagazine.pt\/index.php\/2022\/04\/14\/trabalhamos-para-ajudar-os-nossos-alunos-a-realizar-o-seu-projeto-de-vida\/#primaryimage"},"thumbnailUrl":"https:\/\/maismagazine.pt\/wp-content\/uploads\/2022\/04\/PUBLICIDADE-TUB-scaled.jpg","datePublished":"2022-04-14T07:30:35+00:00","description":"O Externato Carvalho Ara\u00fajo celebra 50 anos de atividade e durante d\u00e9cadas respondeu \u00e0s aspira\u00e7\u00f5es de muitos jovens e adultos, proporcionando...","breadcrumb":{"@id":"http:\/\/maismagazine.pt\/index.php\/2022\/04\/14\/trabalhamos-para-ajudar-os-nossos-alunos-a-realizar-o-seu-projeto-de-vida\/#breadcrumb"},"inLanguage":"pt-PT","potentialAction":[{"@type":"ReadAction","target":["http:\/\/maismagazine.pt\/index.php\/2022\/04\/14\/trabalhamos-para-ajudar-os-nossos-alunos-a-realizar-o-seu-projeto-de-vida\/"]}]},{"@type":"ImageObject","inLanguage":"pt-PT","@id":"http:\/\/maismagazine.pt\/index.php\/2022\/04\/14\/trabalhamos-para-ajudar-os-nossos-alunos-a-realizar-o-seu-projeto-de-vida\/#primaryimage","url":"https:\/\/maismagazine.pt\/wp-content\/uploads\/2022\/04\/PUBLICIDADE-TUB-scaled.jpg","contentUrl":"https:\/\/maismagazine.pt\/wp-content\/uploads\/2022\/04\/PUBLICIDADE-TUB-scaled.jpg","width":2560,"height":933},{"@type":"BreadcrumbList","@id":"http:\/\/maismagazine.pt\/index.php\/2022\/04\/14\/trabalhamos-para-ajudar-os-nossos-alunos-a-realizar-o-seu-projeto-de-vida\/#breadcrumb","itemListElement":[{"@type":"ListItem","position":1,"name":"Home","item":"https:\/\/maismagazine.pt\/"},{"@type":"ListItem","position":2,"name":"\u201cTrabalhamos para ajudar os nossos alunos a realizar o seu projeto de vida\u201d"}]},{"@type":"WebSite","@id":"https:\/\/maismagazine.pt\/#website","url":"https:\/\/maismagazine.pt\/","name":"Mais Magazine","description":"","publisher":{"@id":"https:\/\/maismagazine.pt\/#organization"},"potentialAction":[{"@type":"SearchAction","target":{"@type":"EntryPoint","urlTemplate":"https:\/\/maismagazine.pt\/?s={search_term_string}"},"query-input":{"@type":"PropertyValueSpecification","valueRequired":true,"valueName":"search_term_string"}}],"inLanguage":"pt-PT"},{"@type":"Organization","@id":"https:\/\/maismagazine.pt\/#organization","name":"Mais Magazine","url":"https:\/\/maismagazine.pt\/","logo":{"@type":"ImageObject","inLanguage":"pt-PT","@id":"https:\/\/maismagazine.pt\/#\/schema\/logo\/image\/","url":"https:\/\/maismagazine.pt\/wp-content\/uploads\/2020\/04\/cropped-cropped-mais-magazine-site-logo-2.png","contentUrl":"https:\/\/maismagazine.pt\/wp-content\/uploads\/2020\/04\/cropped-cropped-mais-magazine-site-logo-2.png","width":581,"height":90,"caption":"Mais Magazine"},"image":{"@id":"https:\/\/maismagazine.pt\/#\/schema\/logo\/image\/"}},{"@type":"Person","@id":"https:\/\/maismagazine.pt\/#\/schema\/person\/999bd426f894ff56d397ec12ebd21ebb","name":"Jo\u00e3o Malainho","image":{"@type":"ImageObject","inLanguage":"pt-PT","@id":"https:\/\/maismagazine.pt\/#\/schema\/person\/image\/","url":"https:\/\/secure.gravatar.com\/avatar\/ff03c2f38edf60b2a827aa4f74878491?s=96&d=mm&r=g","contentUrl":"https:\/\/secure.gravatar.com\/avatar\/ff03c2f38edf60b2a827aa4f74878491?s=96&d=mm&r=g","caption":"Jo\u00e3o Malainho"},"url":"https:\/\/maismagazine.pt\/index.php\/author\/maismagazine\/"}]}},"author_meta":{"display_name":false,"author_link":"https:\/\/maismagazine.pt\/index.php\/author\/maismagazine\/"},"featured_img":"https:\/\/maismagazine.pt\/wp-content\/uploads\/2022\/04\/PUBLICIDADE-TUB-300x109.jpg","coauthors":[],"tax_additional":{"categories":{"linked":["<a href=\"https:\/\/maismagazine.pt\/index.php\/category\/educacao\/\" class=\"advgb-post-tax-term\">Educa\u00e7\u00e3o<\/a>"],"unlinked":["<span class=\"advgb-post-tax-term\">Educa\u00e7\u00e3o<\/span>"]},"tags":{"linked":["<a href=\"https:\/\/maismagazine.pt\/index.php\/category\/educacao\/\" class=\"advgb-post-tax-term\">Educa\u00e7\u00e3o<\/a>","<a href=\"https:\/\/maismagazine.pt\/index.php\/category\/educacao\/\" class=\"advgb-post-tax-term\">Ensino<\/a>","<a href=\"https:\/\/maismagazine.pt\/index.php\/category\/educacao\/\" class=\"advgb-post-tax-term\">escola<\/a>","<a href=\"https:\/\/maismagazine.pt\/index.php\/category\/educacao\/\" class=\"advgb-post-tax-term\">forma\u00e7\u00e3o profissional<\/a>","<a href=\"https:\/\/maismagazine.pt\/index.php\/category\/educacao\/\" class=\"advgb-post-tax-term\">futuro<\/a>","<a href=\"https:\/\/maismagazine.pt\/index.php\/category\/educacao\/\" class=\"advgb-post-tax-term\">jovens<\/a>"],"unlinked":["<span class=\"advgb-post-tax-term\">Educa\u00e7\u00e3o<\/span>","<span class=\"advgb-post-tax-term\">Ensino<\/span>","<span class=\"advgb-post-tax-term\">escola<\/span>","<span class=\"advgb-post-tax-term\">forma\u00e7\u00e3o profissional<\/span>","<span class=\"advgb-post-tax-term\">futuro<\/span>","<span class=\"advgb-post-tax-term\">jovens<\/span>"]}},"comment_count":"0","relative_dates":{"created":"Posted 4 anos ago","modified":"Updated 4 anos ago"},"absolute_dates":{"created":"Posted on 14 de Abril, 2022","modified":"Updated on 14 de Abril, 2022"},"absolute_dates_time":{"created":"Posted on 14 de Abril, 2022 7:30","modified":"Updated on 14 de Abril, 2022 7:30"},"featured_img_caption":"","series_order":"","_links":{"self":[{"href":"https:\/\/maismagazine.pt\/index.php\/wp-json\/wp\/v2\/posts\/2956","targetHints":{"allow":["GET"]}}],"collection":[{"href":"https:\/\/maismagazine.pt\/index.php\/wp-json\/wp\/v2\/posts"}],"about":[{"href":"https:\/\/maismagazine.pt\/index.php\/wp-json\/wp\/v2\/types\/post"}],"author":[{"embeddable":true,"href":"https:\/\/maismagazine.pt\/index.php\/wp-json\/wp\/v2\/users\/7"}],"replies":[{"embeddable":true,"href":"https:\/\/maismagazine.pt\/index.php\/wp-json\/wp\/v2\/comments?post=2956"}],"version-history":[{"count":2,"href":"https:\/\/maismagazine.pt\/index.php\/wp-json\/wp\/v2\/posts\/2956\/revisions"}],"predecessor-version":[{"id":2973,"href":"https:\/\/maismagazine.pt\/index.php\/wp-json\/wp\/v2\/posts\/2956\/revisions\/2973"}],"wp:featuredmedia":[{"embeddable":true,"href":"https:\/\/maismagazine.pt\/index.php\/wp-json\/wp\/v2\/media\/2967"}],"wp:attachment":[{"href":"https:\/\/maismagazine.pt\/index.php\/wp-json\/wp\/v2\/media?parent=2956"}],"wp:term":[{"taxonomy":"category","embeddable":true,"href":"https:\/\/maismagazine.pt\/index.php\/wp-json\/wp\/v2\/categories?post=2956"},{"taxonomy":"post_tag","embeddable":true,"href":"https:\/\/maismagazine.pt\/index.php\/wp-json\/wp\/v2\/tags?post=2956"}],"curies":[{"name":"wp","href":"https:\/\/api.w.org\/{rel}","templated":true}]}}