{"id":2936,"date":"2022-04-14T07:29:09","date_gmt":"2022-04-14T07:29:09","guid":{"rendered":"https:\/\/maismagazine.pt\/?p=2936"},"modified":"2022-04-14T07:29:09","modified_gmt":"2022-04-14T07:29:09","slug":"desde-2008-a-transportar-o-futuro","status":"publish","type":"post","link":"https:\/\/maismagazine.pt\/index.php\/2022\/04\/14\/desde-2008-a-transportar-o-futuro\/","title":{"rendered":"Desde 2008 a transportar o futuro"},"content":{"rendered":"\n<p><strong>Nasceu em 2008 e desde ent\u00e3o j\u00e1 \u201crodou\u201d um pouco por todo o pa\u00eds. Especializada no transporte de passageiros, sobretudo de crian\u00e7as e jovens, a empresa familiar \u201cO Rodas\u201d nasceu pelas m\u00e3os e vontade de Joaquim Gon\u00e7alves, em S. Jo\u00e3o da Madeira. Hoje, conta j\u00e1 com 10 franchisados, um marco assinal\u00e1vel, mas que n\u00e3o ser\u00e1 a sua \u00faltima paragem. A meta passa por conseguir alcan\u00e7ar um franchising \u201cO Rodas\u201d em cada capital de distrito, at\u00e9 ao final de 2025.<\/strong><\/p>\n\n\n\n<p><\/p>\n\n\n\n<p>\u201c<a href=\"https:\/\/orodas.pt\/\" target=\"_blank\" rel=\"noreferrer noopener\">O Rodas<\/a>\u201d \u00e9 uma marca pioneira, 100% nacional, especializada no transporte coletivo de passageiros, crian\u00e7as e adultos. Tudo come\u00e7ou em 2008 com a aquisi\u00e7\u00e3o de uma carrinha Mercedes de 8+1 lugares e com pequenos servi\u00e7os. O profissionalismo e dedica\u00e7\u00e3o ditaram o sucesso do projeto que rapidamente se alastrou para fora de S. Jo\u00e3o da Madeira. Hoje, com mais de 10 anos de mercado, conta com servi\u00e7os personalizados e \u00fanicos no transporte de passageiros ocasional e regular. <\/p>\n\n\n\n<p>O servi\u00e7o regular ocorre diariamente, nos hor\u00e1rios escolares, e conta com 90% de transporte coletivo de crian\u00e7as, 10% transporte individualizado. Para al\u00e9m disso, a empresa conta tamb\u00e9m com o servi\u00e7o regular de transporte de seniores para os seus centros de dia, nos hor\u00e1rios n\u00e3o escolares. O trabalho ocasional ocorre, maioritariamente, ao fim-de-semana, com clubes desportivos, passeios de grupo ou forma\u00e7\u00f5es, mas tamb\u00e9m durante a semana com escolas, col\u00e9gios e ATL\u2019s, que pretendem realizar sa\u00eddas escolares. Todos os servi\u00e7os s\u00e3o devidamente assegurados por uma frota composta por 23 viaturas que, dificilmente, passam despercebidas a quem anda na rua. \u201cA frota conta com um conjunto de viaturas a que chamamos \u2018as nossas abelhinhas\u2019, caracterizadas pela sua cor amarela, sendo que a sua imagem diferenciada traz impacto junto dos nossos utilizadores\u201d, assume Joaquim Gon\u00e7alves.<\/p>\n\n\n\n<p>O ano de 2010 ficou marcado por um importante passo, a abertura do primeiro franchising, em Vila Nova de Gaia. Hoje, conta j\u00e1 com uma dezena de unidades espalhadas pelo pa\u00eds. \u201cOs nossos servi\u00e7os tornaram-se uma necessidade para os m\u00faltiplos contatos di\u00e1rios de Encarregados de Educa\u00e7\u00e3o e Entidades nas diversas cidades do pa\u00eds. O regime de franchising suportou as necessidades de crescimento, potenciando o crescimento da dimens\u00e3o da marca com gerentes das variadas cidades em que j\u00e1 estamos inseridos\u201d, explica. <\/p>\n\n\n\n<p>Cada franchising aberto implica muito mais do que apenas uma transa\u00e7\u00e3o comercial. A marca \u201cO Rodas\u201d abre em todas as cidades, mantendo as pol\u00edticas e os valores da mesma, sendo que a seguran\u00e7a, a integridade e lealdade est\u00e3o subscritos em todos aqueles que circulam nas suas viaturas e em todos os sorrisos que se encontram diariamente atr\u00e1s do volante.<\/p>\n\n\n\n<div class=\"wp-block-image\"><figure class=\"aligncenter size-large is-resized\"><img loading=\"lazy\" decoding=\"async\" src=\"https:\/\/maismagazine.pt\/wp-content\/uploads\/2022\/04\/IMG_1980-1024x683.jpg\" alt=\"\" class=\"wp-image-2950\" width=\"643\" height=\"429\" srcset=\"https:\/\/maismagazine.pt\/wp-content\/uploads\/2022\/04\/IMG_1980-1024x683.jpg 1024w, https:\/\/maismagazine.pt\/wp-content\/uploads\/2022\/04\/IMG_1980-300x200.jpg 300w, https:\/\/maismagazine.pt\/wp-content\/uploads\/2022\/04\/IMG_1980-768x512.jpg 768w, https:\/\/maismagazine.pt\/wp-content\/uploads\/2022\/04\/IMG_1980-150x100.jpg 150w, https:\/\/maismagazine.pt\/wp-content\/uploads\/2022\/04\/IMG_1980.jpg 1500w\" sizes=\"auto, (max-width: 643px) 100vw, 643px\" \/><\/figure><\/div>\n\n\n\n<p><strong>Servi\u00e7os inovadores<\/strong><\/p>\n\n\n\n<p>A pandemia do Covid-19 obrigou a duas paragens for\u00e7adas, o que resultou no encerramento das atividades escolares e, consequentemente, \u00e0 paragem da atividade desenvolvida pelo \u201cRodas\u201d.<\/p>\n\n\n\n<p>Com o plano de conting\u00eancia aplicado e a confian\u00e7a dos seus clientes, 80% do trabalho dos Centros \u201cO Rodas\u201d foram recuperados no ano letivo de 2021\/2022, o que trouxe a Joaquim Gon\u00e7alves perspetivas positivas para o futuro. Para al\u00e9m disso, a entrada dos seus filhos na empresa trouxe \u00e0 marca uma lufada de ar fresco e servi\u00e7os inovadores. \u201cNeste momento, \u201cO Rodas\u201d oferece a todos aqueles que usufruem dos nossos servi\u00e7os, a App DigiRodas, que permite localizar em tempo real as viaturas, enquanto cada crian\u00e7a est\u00e1 a ser transportada\u201d. <\/p>\n\n\n\n<p>Para al\u00e9m deste ponto, continuando a linha da digitaliza\u00e7\u00e3o, \u201cO Rodas\u201d concebeu um sistema de gest\u00e3o de Centros \u201cO Rodas\u201d, uma plataforma que facilitar\u00e1 todo o contacto com o grupo e que ajudar\u00e1 em todo o processo de gest\u00e3o di\u00e1ria. \u201cAs proje\u00e7\u00f5es para o futuro s\u00e3o muito positivas e os objetivos mant\u00e9m-se muito ambiciosos, sendo que o principal foco da empresa est\u00e1 no seu crescimento e na abertura do maior n\u00famero de franchisings de Centros \u2018O Rodas\u2019\u201d, finaliza.<\/p>\n\n\n\n<p><\/p>\n","protected":false},"excerpt":{"rendered":"<p>Nasceu em 2008 e desde ent\u00e3o j\u00e1 \u201crodou\u201d um pouco por todo o pa\u00eds. Especializada no transporte de passageiros, sobretudo de crian\u00e7as e jovens, a empresa familiar \u201cO Rodas\u201d nasceu pelas m\u00e3os e vontade de Joaquim Gon\u00e7alves, em S. Jo\u00e3o da Madeira. Hoje, conta j\u00e1 com 10 franchisados, um marco&hellip;<\/p>\n","protected":false},"author":7,"featured_media":2946,"comment_status":"open","ping_status":"open","sticky":false,"template":"","format":"standard","meta":{"advgb_blocks_editor_width":"","advgb_blocks_columns_visual_guide":"","_monsterinsights_skip_tracking":false,"_monsterinsights_sitenote_active":false,"_monsterinsights_sitenote_note":"","_monsterinsights_sitenote_category":0,"footnotes":""},"categories":[6,161],"tags":[582,96,207,581],"class_list":["post-2936","post","type-post","status-publish","format-standard","has-post-thumbnail","hentry","category-empreendedorismo","category-mundo-empresarial","tag-nacional","tag-negocio","tag-negocio-familiar","tag-transporte"],"yoast_head":"<!-- This site is optimized with the Yoast SEO plugin v24.4 - https:\/\/yoast.com\/wordpress\/plugins\/seo\/ -->\n<title>Desde 2008 a transportar o futuro - Mais Magazine<\/title>\n<meta name=\"description\" content=\"Nasceu em 2008 e desde ent\u00e3o j\u00e1 \u201crodou\u201d um pouco por todo o pa\u00eds. Especializada no transporte de passageiros, sobretudo de crian\u00e7as e jovens...\" \/>\n<meta name=\"robots\" content=\"index, follow, max-snippet:-1, max-image-preview:large, max-video-preview:-1\" \/>\n<link rel=\"canonical\" href=\"http:\/\/maismagazine.pt\/index.php\/2022\/04\/14\/desde-2008-a-transportar-o-futuro\/\" \/>\n<meta property=\"og:locale\" content=\"pt_PT\" \/>\n<meta property=\"og:type\" content=\"article\" \/>\n<meta property=\"og:title\" content=\"Desde 2008 a transportar o futuro - Mais Magazine\" \/>\n<meta property=\"og:description\" content=\"Nasceu em 2008 e desde ent\u00e3o j\u00e1 \u201crodou\u201d um pouco por todo o pa\u00eds. Especializada no transporte de passageiros, sobretudo de crian\u00e7as e jovens...\" \/>\n<meta property=\"og:url\" content=\"http:\/\/maismagazine.pt\/index.php\/2022\/04\/14\/desde-2008-a-transportar-o-futuro\/\" \/>\n<meta property=\"og:site_name\" content=\"Mais Magazine\" \/>\n<meta property=\"article:published_time\" content=\"2022-04-14T07:29:09+00:00\" \/>\n<meta property=\"og:image\" content=\"http:\/\/maismagazine.pt\/wp-content\/uploads\/2022\/04\/IMG_3754-scaled.jpg\" \/>\n\t<meta property=\"og:image:width\" content=\"2560\" \/>\n\t<meta property=\"og:image:height\" content=\"1707\" \/>\n\t<meta property=\"og:image:type\" content=\"image\/jpeg\" \/>\n<meta name=\"author\" content=\"Jo\u00e3o Malainho\" \/>\n<meta name=\"twitter:card\" content=\"summary_large_image\" \/>\n<meta name=\"twitter:label1\" content=\"Escrito por\" \/>\n\t<meta name=\"twitter:data1\" content=\"\" \/>\n\t<meta name=\"twitter:label2\" content=\"Tempo estimado de leitura\" \/>\n\t<meta name=\"twitter:data2\" content=\"3 minutos\" \/>\n<script type=\"application\/ld+json\" class=\"yoast-schema-graph\">{\"@context\":\"https:\/\/schema.org\",\"@graph\":[{\"@type\":\"Article\",\"@id\":\"http:\/\/maismagazine.pt\/index.php\/2022\/04\/14\/desde-2008-a-transportar-o-futuro\/#article\",\"isPartOf\":{\"@id\":\"http:\/\/maismagazine.pt\/index.php\/2022\/04\/14\/desde-2008-a-transportar-o-futuro\/\"},\"author\":{\"name\":\"Jo\u00e3o Malainho\",\"@id\":\"https:\/\/maismagazine.pt\/#\/schema\/person\/999bd426f894ff56d397ec12ebd21ebb\"},\"headline\":\"Desde 2008 a transportar o futuro\",\"datePublished\":\"2022-04-14T07:29:09+00:00\",\"mainEntityOfPage\":{\"@id\":\"http:\/\/maismagazine.pt\/index.php\/2022\/04\/14\/desde-2008-a-transportar-o-futuro\/\"},\"wordCount\":671,\"commentCount\":0,\"publisher\":{\"@id\":\"https:\/\/maismagazine.pt\/#organization\"},\"image\":{\"@id\":\"http:\/\/maismagazine.pt\/index.php\/2022\/04\/14\/desde-2008-a-transportar-o-futuro\/#primaryimage\"},\"thumbnailUrl\":\"https:\/\/maismagazine.pt\/wp-content\/uploads\/2022\/04\/IMG_3754-scaled.jpg\",\"keywords\":[\"nacional\",\"neg\u00f3cio\",\"Neg\u00f3cio Familiar\",\"Transporte\"],\"articleSection\":[\"Empreendedorismo\",\"Mundo Empresarial\"],\"inLanguage\":\"pt-PT\",\"potentialAction\":[{\"@type\":\"CommentAction\",\"name\":\"Comment\",\"target\":[\"http:\/\/maismagazine.pt\/index.php\/2022\/04\/14\/desde-2008-a-transportar-o-futuro\/#respond\"]}]},{\"@type\":\"WebPage\",\"@id\":\"http:\/\/maismagazine.pt\/index.php\/2022\/04\/14\/desde-2008-a-transportar-o-futuro\/\",\"url\":\"http:\/\/maismagazine.pt\/index.php\/2022\/04\/14\/desde-2008-a-transportar-o-futuro\/\",\"name\":\"Desde 2008 a transportar o futuro - Mais Magazine\",\"isPartOf\":{\"@id\":\"https:\/\/maismagazine.pt\/#website\"},\"primaryImageOfPage\":{\"@id\":\"http:\/\/maismagazine.pt\/index.php\/2022\/04\/14\/desde-2008-a-transportar-o-futuro\/#primaryimage\"},\"image\":{\"@id\":\"http:\/\/maismagazine.pt\/index.php\/2022\/04\/14\/desde-2008-a-transportar-o-futuro\/#primaryimage\"},\"thumbnailUrl\":\"https:\/\/maismagazine.pt\/wp-content\/uploads\/2022\/04\/IMG_3754-scaled.jpg\",\"datePublished\":\"2022-04-14T07:29:09+00:00\",\"description\":\"Nasceu em 2008 e desde ent\u00e3o j\u00e1 \u201crodou\u201d um pouco por todo o pa\u00eds. Especializada no transporte de passageiros, sobretudo de crian\u00e7as e jovens...\",\"breadcrumb\":{\"@id\":\"http:\/\/maismagazine.pt\/index.php\/2022\/04\/14\/desde-2008-a-transportar-o-futuro\/#breadcrumb\"},\"inLanguage\":\"pt-PT\",\"potentialAction\":[{\"@type\":\"ReadAction\",\"target\":[\"http:\/\/maismagazine.pt\/index.php\/2022\/04\/14\/desde-2008-a-transportar-o-futuro\/\"]}]},{\"@type\":\"ImageObject\",\"inLanguage\":\"pt-PT\",\"@id\":\"http:\/\/maismagazine.pt\/index.php\/2022\/04\/14\/desde-2008-a-transportar-o-futuro\/#primaryimage\",\"url\":\"https:\/\/maismagazine.pt\/wp-content\/uploads\/2022\/04\/IMG_3754-scaled.jpg\",\"contentUrl\":\"https:\/\/maismagazine.pt\/wp-content\/uploads\/2022\/04\/IMG_3754-scaled.jpg\",\"width\":2560,\"height\":1707},{\"@type\":\"BreadcrumbList\",\"@id\":\"http:\/\/maismagazine.pt\/index.php\/2022\/04\/14\/desde-2008-a-transportar-o-futuro\/#breadcrumb\",\"itemListElement\":[{\"@type\":\"ListItem\",\"position\":1,\"name\":\"Home\",\"item\":\"https:\/\/maismagazine.pt\/\"},{\"@type\":\"ListItem\",\"position\":2,\"name\":\"Desde 2008 a transportar o futuro\"}]},{\"@type\":\"WebSite\",\"@id\":\"https:\/\/maismagazine.pt\/#website\",\"url\":\"https:\/\/maismagazine.pt\/\",\"name\":\"Mais Magazine\",\"description\":\"\",\"publisher\":{\"@id\":\"https:\/\/maismagazine.pt\/#organization\"},\"potentialAction\":[{\"@type\":\"SearchAction\",\"target\":{\"@type\":\"EntryPoint\",\"urlTemplate\":\"https:\/\/maismagazine.pt\/?s={search_term_string}\"},\"query-input\":{\"@type\":\"PropertyValueSpecification\",\"valueRequired\":true,\"valueName\":\"search_term_string\"}}],\"inLanguage\":\"pt-PT\"},{\"@type\":\"Organization\",\"@id\":\"https:\/\/maismagazine.pt\/#organization\",\"name\":\"Mais Magazine\",\"url\":\"https:\/\/maismagazine.pt\/\",\"logo\":{\"@type\":\"ImageObject\",\"inLanguage\":\"pt-PT\",\"@id\":\"https:\/\/maismagazine.pt\/#\/schema\/logo\/image\/\",\"url\":\"https:\/\/maismagazine.pt\/wp-content\/uploads\/2020\/04\/cropped-cropped-mais-magazine-site-logo-2.png\",\"contentUrl\":\"https:\/\/maismagazine.pt\/wp-content\/uploads\/2020\/04\/cropped-cropped-mais-magazine-site-logo-2.png\",\"width\":581,\"height\":90,\"caption\":\"Mais Magazine\"},\"image\":{\"@id\":\"https:\/\/maismagazine.pt\/#\/schema\/logo\/image\/\"}},{\"@type\":\"Person\",\"@id\":\"https:\/\/maismagazine.pt\/#\/schema\/person\/999bd426f894ff56d397ec12ebd21ebb\",\"name\":\"Jo\u00e3o Malainho\",\"image\":{\"@type\":\"ImageObject\",\"inLanguage\":\"pt-PT\",\"@id\":\"https:\/\/maismagazine.pt\/#\/schema\/person\/image\/\",\"url\":\"https:\/\/secure.gravatar.com\/avatar\/ff03c2f38edf60b2a827aa4f74878491?s=96&d=mm&r=g\",\"contentUrl\":\"https:\/\/secure.gravatar.com\/avatar\/ff03c2f38edf60b2a827aa4f74878491?s=96&d=mm&r=g\",\"caption\":\"Jo\u00e3o Malainho\"},\"url\":\"https:\/\/maismagazine.pt\/index.php\/author\/maismagazine\/\"}]}<\/script>\n<!-- \/ Yoast SEO plugin. -->","yoast_head_json":{"title":"Desde 2008 a transportar o futuro - Mais Magazine","description":"Nasceu em 2008 e desde ent\u00e3o j\u00e1 \u201crodou\u201d um pouco por todo o pa\u00eds. Especializada no transporte de passageiros, sobretudo de crian\u00e7as e jovens...","robots":{"index":"index","follow":"follow","max-snippet":"max-snippet:-1","max-image-preview":"max-image-preview:large","max-video-preview":"max-video-preview:-1"},"canonical":"http:\/\/maismagazine.pt\/index.php\/2022\/04\/14\/desde-2008-a-transportar-o-futuro\/","og_locale":"pt_PT","og_type":"article","og_title":"Desde 2008 a transportar o futuro - Mais Magazine","og_description":"Nasceu em 2008 e desde ent\u00e3o j\u00e1 \u201crodou\u201d um pouco por todo o pa\u00eds. Especializada no transporte de passageiros, sobretudo de crian\u00e7as e jovens...","og_url":"http:\/\/maismagazine.pt\/index.php\/2022\/04\/14\/desde-2008-a-transportar-o-futuro\/","og_site_name":"Mais Magazine","article_published_time":"2022-04-14T07:29:09+00:00","og_image":[{"width":2560,"height":1707,"url":"http:\/\/maismagazine.pt\/wp-content\/uploads\/2022\/04\/IMG_3754-scaled.jpg","type":"image\/jpeg"}],"author":"Jo\u00e3o Malainho","twitter_card":"summary_large_image","twitter_misc":{"Escrito por":false,"Tempo estimado de leitura":"3 minutos"},"schema":{"@context":"https:\/\/schema.org","@graph":[{"@type":"Article","@id":"http:\/\/maismagazine.pt\/index.php\/2022\/04\/14\/desde-2008-a-transportar-o-futuro\/#article","isPartOf":{"@id":"http:\/\/maismagazine.pt\/index.php\/2022\/04\/14\/desde-2008-a-transportar-o-futuro\/"},"author":{"name":"Jo\u00e3o Malainho","@id":"https:\/\/maismagazine.pt\/#\/schema\/person\/999bd426f894ff56d397ec12ebd21ebb"},"headline":"Desde 2008 a transportar o futuro","datePublished":"2022-04-14T07:29:09+00:00","mainEntityOfPage":{"@id":"http:\/\/maismagazine.pt\/index.php\/2022\/04\/14\/desde-2008-a-transportar-o-futuro\/"},"wordCount":671,"commentCount":0,"publisher":{"@id":"https:\/\/maismagazine.pt\/#organization"},"image":{"@id":"http:\/\/maismagazine.pt\/index.php\/2022\/04\/14\/desde-2008-a-transportar-o-futuro\/#primaryimage"},"thumbnailUrl":"https:\/\/maismagazine.pt\/wp-content\/uploads\/2022\/04\/IMG_3754-scaled.jpg","keywords":["nacional","neg\u00f3cio","Neg\u00f3cio Familiar","Transporte"],"articleSection":["Empreendedorismo","Mundo Empresarial"],"inLanguage":"pt-PT","potentialAction":[{"@type":"CommentAction","name":"Comment","target":["http:\/\/maismagazine.pt\/index.php\/2022\/04\/14\/desde-2008-a-transportar-o-futuro\/#respond"]}]},{"@type":"WebPage","@id":"http:\/\/maismagazine.pt\/index.php\/2022\/04\/14\/desde-2008-a-transportar-o-futuro\/","url":"http:\/\/maismagazine.pt\/index.php\/2022\/04\/14\/desde-2008-a-transportar-o-futuro\/","name":"Desde 2008 a transportar o futuro - Mais Magazine","isPartOf":{"@id":"https:\/\/maismagazine.pt\/#website"},"primaryImageOfPage":{"@id":"http:\/\/maismagazine.pt\/index.php\/2022\/04\/14\/desde-2008-a-transportar-o-futuro\/#primaryimage"},"image":{"@id":"http:\/\/maismagazine.pt\/index.php\/2022\/04\/14\/desde-2008-a-transportar-o-futuro\/#primaryimage"},"thumbnailUrl":"https:\/\/maismagazine.pt\/wp-content\/uploads\/2022\/04\/IMG_3754-scaled.jpg","datePublished":"2022-04-14T07:29:09+00:00","description":"Nasceu em 2008 e desde ent\u00e3o j\u00e1 \u201crodou\u201d um pouco por todo o pa\u00eds. Especializada no transporte de passageiros, sobretudo de crian\u00e7as e jovens...","breadcrumb":{"@id":"http:\/\/maismagazine.pt\/index.php\/2022\/04\/14\/desde-2008-a-transportar-o-futuro\/#breadcrumb"},"inLanguage":"pt-PT","potentialAction":[{"@type":"ReadAction","target":["http:\/\/maismagazine.pt\/index.php\/2022\/04\/14\/desde-2008-a-transportar-o-futuro\/"]}]},{"@type":"ImageObject","inLanguage":"pt-PT","@id":"http:\/\/maismagazine.pt\/index.php\/2022\/04\/14\/desde-2008-a-transportar-o-futuro\/#primaryimage","url":"https:\/\/maismagazine.pt\/wp-content\/uploads\/2022\/04\/IMG_3754-scaled.jpg","contentUrl":"https:\/\/maismagazine.pt\/wp-content\/uploads\/2022\/04\/IMG_3754-scaled.jpg","width":2560,"height":1707},{"@type":"BreadcrumbList","@id":"http:\/\/maismagazine.pt\/index.php\/2022\/04\/14\/desde-2008-a-transportar-o-futuro\/#breadcrumb","itemListElement":[{"@type":"ListItem","position":1,"name":"Home","item":"https:\/\/maismagazine.pt\/"},{"@type":"ListItem","position":2,"name":"Desde 2008 a transportar o futuro"}]},{"@type":"WebSite","@id":"https:\/\/maismagazine.pt\/#website","url":"https:\/\/maismagazine.pt\/","name":"Mais Magazine","description":"","publisher":{"@id":"https:\/\/maismagazine.pt\/#organization"},"potentialAction":[{"@type":"SearchAction","target":{"@type":"EntryPoint","urlTemplate":"https:\/\/maismagazine.pt\/?s={search_term_string}"},"query-input":{"@type":"PropertyValueSpecification","valueRequired":true,"valueName":"search_term_string"}}],"inLanguage":"pt-PT"},{"@type":"Organization","@id":"https:\/\/maismagazine.pt\/#organization","name":"Mais Magazine","url":"https:\/\/maismagazine.pt\/","logo":{"@type":"ImageObject","inLanguage":"pt-PT","@id":"https:\/\/maismagazine.pt\/#\/schema\/logo\/image\/","url":"https:\/\/maismagazine.pt\/wp-content\/uploads\/2020\/04\/cropped-cropped-mais-magazine-site-logo-2.png","contentUrl":"https:\/\/maismagazine.pt\/wp-content\/uploads\/2020\/04\/cropped-cropped-mais-magazine-site-logo-2.png","width":581,"height":90,"caption":"Mais Magazine"},"image":{"@id":"https:\/\/maismagazine.pt\/#\/schema\/logo\/image\/"}},{"@type":"Person","@id":"https:\/\/maismagazine.pt\/#\/schema\/person\/999bd426f894ff56d397ec12ebd21ebb","name":"Jo\u00e3o Malainho","image":{"@type":"ImageObject","inLanguage":"pt-PT","@id":"https:\/\/maismagazine.pt\/#\/schema\/person\/image\/","url":"https:\/\/secure.gravatar.com\/avatar\/ff03c2f38edf60b2a827aa4f74878491?s=96&d=mm&r=g","contentUrl":"https:\/\/secure.gravatar.com\/avatar\/ff03c2f38edf60b2a827aa4f74878491?s=96&d=mm&r=g","caption":"Jo\u00e3o Malainho"},"url":"https:\/\/maismagazine.pt\/index.php\/author\/maismagazine\/"}]}},"author_meta":{"display_name":false,"author_link":"https:\/\/maismagazine.pt\/index.php\/author\/maismagazine\/"},"featured_img":"https:\/\/maismagazine.pt\/wp-content\/uploads\/2022\/04\/IMG_3754-300x200.jpg","coauthors":[],"tax_additional":{"categories":{"linked":["<a href=\"https:\/\/maismagazine.pt\/index.php\/category\/empreendedorismo\/\" class=\"advgb-post-tax-term\">Empreendedorismo<\/a>","<a href=\"https:\/\/maismagazine.pt\/index.php\/category\/mundo-empresarial\/\" class=\"advgb-post-tax-term\">Mundo Empresarial<\/a>"],"unlinked":["<span class=\"advgb-post-tax-term\">Empreendedorismo<\/span>","<span class=\"advgb-post-tax-term\">Mundo Empresarial<\/span>"]},"tags":{"linked":["<a href=\"https:\/\/maismagazine.pt\/index.php\/category\/mundo-empresarial\/\" class=\"advgb-post-tax-term\">nacional<\/a>","<a href=\"https:\/\/maismagazine.pt\/index.php\/category\/mundo-empresarial\/\" class=\"advgb-post-tax-term\">neg\u00f3cio<\/a>","<a href=\"https:\/\/maismagazine.pt\/index.php\/category\/mundo-empresarial\/\" class=\"advgb-post-tax-term\">Neg\u00f3cio Familiar<\/a>","<a href=\"https:\/\/maismagazine.pt\/index.php\/category\/mundo-empresarial\/\" class=\"advgb-post-tax-term\">Transporte<\/a>"],"unlinked":["<span class=\"advgb-post-tax-term\">nacional<\/span>","<span class=\"advgb-post-tax-term\">neg\u00f3cio<\/span>","<span class=\"advgb-post-tax-term\">Neg\u00f3cio Familiar<\/span>","<span class=\"advgb-post-tax-term\">Transporte<\/span>"]}},"comment_count":"0","relative_dates":{"created":"Posted 4 anos ago","modified":"Updated 4 anos ago"},"absolute_dates":{"created":"Posted on 14 de Abril, 2022","modified":"Updated on 14 de Abril, 2022"},"absolute_dates_time":{"created":"Posted on 14 de Abril, 2022 7:29","modified":"Updated on 14 de Abril, 2022 7:29"},"featured_img_caption":"","series_order":"","_links":{"self":[{"href":"https:\/\/maismagazine.pt\/index.php\/wp-json\/wp\/v2\/posts\/2936","targetHints":{"allow":["GET"]}}],"collection":[{"href":"https:\/\/maismagazine.pt\/index.php\/wp-json\/wp\/v2\/posts"}],"about":[{"href":"https:\/\/maismagazine.pt\/index.php\/wp-json\/wp\/v2\/types\/post"}],"author":[{"embeddable":true,"href":"https:\/\/maismagazine.pt\/index.php\/wp-json\/wp\/v2\/users\/7"}],"replies":[{"embeddable":true,"href":"https:\/\/maismagazine.pt\/index.php\/wp-json\/wp\/v2\/comments?post=2936"}],"version-history":[{"count":3,"href":"https:\/\/maismagazine.pt\/index.php\/wp-json\/wp\/v2\/posts\/2936\/revisions"}],"predecessor-version":[{"id":3063,"href":"https:\/\/maismagazine.pt\/index.php\/wp-json\/wp\/v2\/posts\/2936\/revisions\/3063"}],"wp:featuredmedia":[{"embeddable":true,"href":"https:\/\/maismagazine.pt\/index.php\/wp-json\/wp\/v2\/media\/2946"}],"wp:attachment":[{"href":"https:\/\/maismagazine.pt\/index.php\/wp-json\/wp\/v2\/media?parent=2936"}],"wp:term":[{"taxonomy":"category","embeddable":true,"href":"https:\/\/maismagazine.pt\/index.php\/wp-json\/wp\/v2\/categories?post=2936"},{"taxonomy":"post_tag","embeddable":true,"href":"https:\/\/maismagazine.pt\/index.php\/wp-json\/wp\/v2\/tags?post=2936"}],"curies":[{"name":"wp","href":"https:\/\/api.w.org\/{rel}","templated":true}]}}