{"id":2879,"date":"2022-04-14T07:29:30","date_gmt":"2022-04-14T07:29:30","guid":{"rendered":"https:\/\/maismagazine.pt\/?p=2879"},"modified":"2022-04-14T07:29:30","modified_gmt":"2022-04-14T07:29:30","slug":"bluebiz-em-setubal-parque-industrial-de-componentes-aeronauticos","status":"publish","type":"post","link":"https:\/\/maismagazine.pt\/index.php\/2022\/04\/14\/bluebiz-em-setubal-parque-industrial-de-componentes-aeronauticos\/","title":{"rendered":"BlueBiz em Set\u00fabal &#8211; parque industrial de componentes aeron\u00e1uticos"},"content":{"rendered":"\n<p><strong>Filipe Costa, CEO da <a href=\"https:\/\/globalparques.pt\/\" target=\"_blank\" rel=\"noreferrer noopener\">aicep Global Parques<\/a>, d\u00e1 destaque ao maior parque industrial do pa\u00eds e espera aumentar a receita da empresa p\u00fablica, este ano, em mais de cinco pontos percentuais<\/strong>.<\/p>\n\n\n\n<p><\/p>\n\n\n\n<p>A aicep Global Parques \u00e9 uma empresa p\u00fablica de gest\u00e3o de parques industriais e servi\u00e7os de localiza\u00e7\u00e3o empresarial. Tem sob gest\u00e3o a ZILS &#8211; Zona Industrial e Log\u00edstica de Sines e o BlueBiz \u2013 Parque Empresarial da Pen\u00ednsula de Set\u00fabal, este vocacionado para a metalomec\u00e2nica de componentes aeron\u00e1uticos. A aicep Global Parques gere ainda o <em>Portugal Site Selection<\/em>, ferramenta p\u00fablica <em>online<\/em> de sele\u00e7\u00e3o de localiza\u00e7\u00f5es empresariais, e dinamiza a nova Associa\u00e7\u00e3o Portuguesa de Parques Empresariais.<\/p>\n\n\n\n<p><\/p>\n\n\n\n<p>O BlueBiz est\u00e1 perto da autoestrada, do caminho-de-ferro e do Porto de Set\u00fabal. Com 56 hectares, oferece instala\u00e7\u00f5es com uso industrial, forte suprimento el\u00e9trico e a sua pr\u00f3pria ETAR, que o tornam muito atrativo para ind\u00fastrias metal\u00fargicas, metalomec\u00e2nicas e qu\u00edmicas. Al\u00e9m de naves industriais, o BlueBiz disponibiliza escrit\u00f3rios para servi\u00e7os e \u00e1reas de estacionamento para a log\u00edstica autom\u00f3vel, num parque fechado com servi\u00e7os de condom\u00ednio, seguran\u00e7a e espa\u00e7os verdes.<\/p>\n\n\n\n<p><\/p>\n\n\n\n<p>A aicep Global Parques associou-se ao Cluster Portugu\u00eas para as Ind\u00fastrias da Aeron\u00e1utica, Espa\u00e7o e Defesa em 2020, para melhor colocar no mercado a oferta do BlueBiz, que t\u00e3o bem responde \u00e0s elevadas exig\u00eancias do setor. Segundo o CEO, \u201cas nossas naves industriais adaptadas aos mais elevados padr\u00f5es atra\u00edram empresas de metalomec\u00e2nica de precis\u00e3o para aeron\u00e1utica como a Lauak e a Mecachrome\u201d. A tradi\u00e7\u00e3o metal\u00fargica de Set\u00fabal, a disponibilidade de m\u00e3o-de-obra e as nossas parcerias com o Instituto Polit\u00e9cnico de Set\u00fabal e o IEFP \u201cs\u00e3o fundamentais para a atra\u00e7\u00e3o destes investimentos, garantindo forma\u00e7\u00e3o \u00e0 medida do setor e de cada empresa\u201d<\/p>\n\n\n\n<p><\/p>\n\n\n\n<p>Com a pandemia do Covid 19, a aeron\u00e1utica foi um sector tamb\u00e9m muito afetado, mas a empresa continua a trabalhar \u201cna capta\u00e7\u00e3o de novos investimentos e no apoio \u00e0 ind\u00fastria aeron\u00e1utica j\u00e1 presente em Portugal\u201d, confidencia Filipe Costa, que esclarece ainda que, apesar das dificuldades, em 2021, a receita da aicep Global Parques cresceu 9,43%, com a entrada de novos projetos industriais estrat\u00e9gicos para Portugal na ZILS. Para 2022 est\u00e1 previsto novo crescimento, entre 14% e 15%.<\/p>\n\n\n\n<figure class=\"wp-block-gallery columns-3 is-cropped wp-block-gallery-1\"><ul class=\"blocks-gallery-grid\"><li class=\"blocks-gallery-item\"><figure><img loading=\"lazy\" decoding=\"async\" width=\"1024\" height=\"682\" src=\"http:\/\/maismagazine.pt\/wp-content\/uploads\/2022\/04\/BlueBiz-Nave-Industrial-1024x682.jpg\" alt=\"\" data-id=\"2884\" data-full-url=\"http:\/\/maismagazine.pt\/wp-content\/uploads\/2022\/04\/BlueBiz-Nave-Industrial.jpg\" data-link=\"https:\/\/maismagazine.pt\/?attachment_id=2884\" class=\"wp-image-2884\" srcset=\"https:\/\/maismagazine.pt\/wp-content\/uploads\/2022\/04\/BlueBiz-Nave-Industrial-1024x682.jpg 1024w, https:\/\/maismagazine.pt\/wp-content\/uploads\/2022\/04\/BlueBiz-Nave-Industrial-300x200.jpg 300w, https:\/\/maismagazine.pt\/wp-content\/uploads\/2022\/04\/BlueBiz-Nave-Industrial-768x512.jpg 768w, https:\/\/maismagazine.pt\/wp-content\/uploads\/2022\/04\/BlueBiz-Nave-Industrial-150x100.jpg 150w, https:\/\/maismagazine.pt\/wp-content\/uploads\/2022\/04\/BlueBiz-Nave-Industrial.jpg 1400w\" sizes=\"auto, (max-width: 1024px) 100vw, 1024px\" \/><\/figure><\/li><li class=\"blocks-gallery-item\"><figure><img loading=\"lazy\" decoding=\"async\" width=\"768\" height=\"1024\" src=\"http:\/\/maismagazine.pt\/wp-content\/uploads\/2022\/04\/Filipe-Costa-CEO-aicep-Global-Parques-768x1024.jpg\" alt=\"\" data-id=\"2883\" data-full-url=\"http:\/\/maismagazine.pt\/wp-content\/uploads\/2022\/04\/Filipe-Costa-CEO-aicep-Global-Parques-scaled.jpg\" data-link=\"https:\/\/maismagazine.pt\/?attachment_id=2883\" class=\"wp-image-2883\" srcset=\"https:\/\/maismagazine.pt\/wp-content\/uploads\/2022\/04\/Filipe-Costa-CEO-aicep-Global-Parques-768x1024.jpg 768w, https:\/\/maismagazine.pt\/wp-content\/uploads\/2022\/04\/Filipe-Costa-CEO-aicep-Global-Parques-225x300.jpg 225w, https:\/\/maismagazine.pt\/wp-content\/uploads\/2022\/04\/Filipe-Costa-CEO-aicep-Global-Parques-1152x1536.jpg 1152w, https:\/\/maismagazine.pt\/wp-content\/uploads\/2022\/04\/Filipe-Costa-CEO-aicep-Global-Parques-1536x2048.jpg 1536w, https:\/\/maismagazine.pt\/wp-content\/uploads\/2022\/04\/Filipe-Costa-CEO-aicep-Global-Parques-scaled.jpg 1920w\" sizes=\"auto, (max-width: 768px) 100vw, 768px\" \/><\/figure><\/li><li class=\"blocks-gallery-item\"><figure><img loading=\"lazy\" decoding=\"async\" width=\"1024\" height=\"765\" src=\"http:\/\/maismagazine.pt\/wp-content\/uploads\/2022\/04\/BlueBiz-cliente-instalado-1024x765.png\" alt=\"\" data-id=\"2882\" data-full-url=\"http:\/\/maismagazine.pt\/wp-content\/uploads\/2022\/04\/BlueBiz-cliente-instalado.png\" data-link=\"https:\/\/maismagazine.pt\/?attachment_id=2882\" class=\"wp-image-2882 is-layout-flex wp-block-gallery-is-layout-flex\" srcset=\"https:\/\/maismagazine.pt\/wp-content\/uploads\/2022\/04\/BlueBiz-cliente-instalado-1024x765.png 1024w, https:\/\/maismagazine.pt\/wp-content\/uploads\/2022\/04\/BlueBiz-cliente-instalado-300x224.png 300w, https:\/\/maismagazine.pt\/wp-content\/uploads\/2022\/04\/BlueBiz-cliente-instalado-768x574.png 768w, https:\/\/maismagazine.pt\/wp-content\/uploads\/2022\/04\/BlueBiz-cliente-instalado.png 1505w\" sizes=\"auto, (max-width: 1024px) 100vw, 1024px\" \/><\/figure><\/li><\/ul><\/figure>\n","protected":false},"excerpt":{"rendered":"<p>Filipe Costa, CEO da aicep Global Parques, d\u00e1 destaque ao maior parque industrial do pa\u00eds e espera aumentar a receita da empresa p\u00fablica, este ano, em mais de cinco pontos percentuais. A aicep Global Parques \u00e9 uma empresa p\u00fablica de gest\u00e3o de parques industriais e servi\u00e7os de localiza\u00e7\u00e3o empresarial. Tem&hellip;<\/p>\n","protected":false},"author":7,"featured_media":2881,"comment_status":"open","ping_status":"open","sticky":false,"template":"","format":"standard","meta":{"advgb_blocks_editor_width":"","advgb_blocks_columns_visual_guide":"","_monsterinsights_skip_tracking":false,"_monsterinsights_sitenote_active":false,"_monsterinsights_sitenote_note":"","_monsterinsights_sitenote_category":0,"footnotes":""},"categories":[77,6,79],"tags":[534,562,560],"class_list":["post-2879","post","type-post","status-publish","format-standard","has-post-thumbnail","hentry","category-arquitetura-e-construcao","category-empreendedorismo","category-tecnologia-e-inovacao","tag-aeronautica","tag-cluster","tag-parque-industrial"],"yoast_head":"<!-- This site is optimized with the Yoast SEO plugin v24.4 - https:\/\/yoast.com\/wordpress\/plugins\/seo\/ -->\n<title>BlueBiz em Set\u00fabal - parque industrial de componentes aeron\u00e1uticos - Mais Magazine<\/title>\n<meta name=\"description\" content=\"Filipe Costa, CEO da aicep Global Parques, d\u00e1 destaque ao maior parque industrial do pa\u00eds e espera aumentar a receita da empresa p\u00fablica em...\" \/>\n<meta name=\"robots\" content=\"index, follow, max-snippet:-1, max-image-preview:large, max-video-preview:-1\" \/>\n<link rel=\"canonical\" href=\"http:\/\/maismagazine.pt\/index.php\/2022\/04\/14\/bluebiz-em-setubal-parque-industrial-de-componentes-aeronauticos\/\" \/>\n<meta property=\"og:locale\" content=\"pt_PT\" \/>\n<meta property=\"og:type\" content=\"article\" \/>\n<meta property=\"og:title\" content=\"BlueBiz em Set\u00fabal - parque industrial de componentes aeron\u00e1uticos - Mais Magazine\" \/>\n<meta property=\"og:description\" content=\"Filipe Costa, CEO da aicep Global Parques, d\u00e1 destaque ao maior parque industrial do pa\u00eds e espera aumentar a receita da empresa p\u00fablica em...\" \/>\n<meta property=\"og:url\" content=\"http:\/\/maismagazine.pt\/index.php\/2022\/04\/14\/bluebiz-em-setubal-parque-industrial-de-componentes-aeronauticos\/\" \/>\n<meta property=\"og:site_name\" content=\"Mais Magazine\" \/>\n<meta property=\"article:published_time\" content=\"2022-04-14T07:29:30+00:00\" \/>\n<meta property=\"og:image\" content=\"http:\/\/maismagazine.pt\/wp-content\/uploads\/2022\/04\/BlueBiz-Escritorios.jpg\" \/>\n\t<meta property=\"og:image:width\" content=\"2000\" \/>\n\t<meta property=\"og:image:height\" content=\"1329\" \/>\n\t<meta property=\"og:image:type\" content=\"image\/jpeg\" \/>\n<meta name=\"author\" content=\"Jo\u00e3o Malainho\" \/>\n<meta name=\"twitter:card\" content=\"summary_large_image\" \/>\n<meta name=\"twitter:label1\" content=\"Escrito por\" \/>\n\t<meta name=\"twitter:data1\" content=\"\" \/>\n\t<meta name=\"twitter:label2\" content=\"Tempo estimado de leitura\" \/>\n\t<meta name=\"twitter:data2\" content=\"3 minutos\" \/>\n<script type=\"application\/ld+json\" class=\"yoast-schema-graph\">{\"@context\":\"https:\/\/schema.org\",\"@graph\":[{\"@type\":\"Article\",\"@id\":\"http:\/\/maismagazine.pt\/index.php\/2022\/04\/14\/bluebiz-em-setubal-parque-industrial-de-componentes-aeronauticos\/#article\",\"isPartOf\":{\"@id\":\"http:\/\/maismagazine.pt\/index.php\/2022\/04\/14\/bluebiz-em-setubal-parque-industrial-de-componentes-aeronauticos\/\"},\"author\":{\"name\":\"Jo\u00e3o Malainho\",\"@id\":\"https:\/\/maismagazine.pt\/#\/schema\/person\/999bd426f894ff56d397ec12ebd21ebb\"},\"headline\":\"BlueBiz em Set\u00fabal &#8211; parque industrial de componentes aeron\u00e1uticos\",\"datePublished\":\"2022-04-14T07:29:30+00:00\",\"mainEntityOfPage\":{\"@id\":\"http:\/\/maismagazine.pt\/index.php\/2022\/04\/14\/bluebiz-em-setubal-parque-industrial-de-componentes-aeronauticos\/\"},\"wordCount\":411,\"commentCount\":0,\"publisher\":{\"@id\":\"https:\/\/maismagazine.pt\/#organization\"},\"image\":{\"@id\":\"http:\/\/maismagazine.pt\/index.php\/2022\/04\/14\/bluebiz-em-setubal-parque-industrial-de-componentes-aeronauticos\/#primaryimage\"},\"thumbnailUrl\":\"https:\/\/maismagazine.pt\/wp-content\/uploads\/2022\/04\/BlueBiz-Escritorios.jpg\",\"keywords\":[\"aeronautica\",\"cluster\",\"parque industrial\"],\"articleSection\":[\"Arquitetura e Constru\u00e7\u00e3o\",\"Empreendedorismo\",\"Tecnologia e Inova\u00e7\u00e3o\"],\"inLanguage\":\"pt-PT\",\"potentialAction\":[{\"@type\":\"CommentAction\",\"name\":\"Comment\",\"target\":[\"http:\/\/maismagazine.pt\/index.php\/2022\/04\/14\/bluebiz-em-setubal-parque-industrial-de-componentes-aeronauticos\/#respond\"]}]},{\"@type\":\"WebPage\",\"@id\":\"http:\/\/maismagazine.pt\/index.php\/2022\/04\/14\/bluebiz-em-setubal-parque-industrial-de-componentes-aeronauticos\/\",\"url\":\"http:\/\/maismagazine.pt\/index.php\/2022\/04\/14\/bluebiz-em-setubal-parque-industrial-de-componentes-aeronauticos\/\",\"name\":\"BlueBiz em Set\u00fabal - parque industrial de componentes aeron\u00e1uticos - Mais Magazine\",\"isPartOf\":{\"@id\":\"https:\/\/maismagazine.pt\/#website\"},\"primaryImageOfPage\":{\"@id\":\"http:\/\/maismagazine.pt\/index.php\/2022\/04\/14\/bluebiz-em-setubal-parque-industrial-de-componentes-aeronauticos\/#primaryimage\"},\"image\":{\"@id\":\"http:\/\/maismagazine.pt\/index.php\/2022\/04\/14\/bluebiz-em-setubal-parque-industrial-de-componentes-aeronauticos\/#primaryimage\"},\"thumbnailUrl\":\"https:\/\/maismagazine.pt\/wp-content\/uploads\/2022\/04\/BlueBiz-Escritorios.jpg\",\"datePublished\":\"2022-04-14T07:29:30+00:00\",\"description\":\"Filipe Costa, CEO da aicep Global Parques, d\u00e1 destaque ao maior parque industrial do pa\u00eds e espera aumentar a receita da empresa p\u00fablica em...\",\"breadcrumb\":{\"@id\":\"http:\/\/maismagazine.pt\/index.php\/2022\/04\/14\/bluebiz-em-setubal-parque-industrial-de-componentes-aeronauticos\/#breadcrumb\"},\"inLanguage\":\"pt-PT\",\"potentialAction\":[{\"@type\":\"ReadAction\",\"target\":[\"http:\/\/maismagazine.pt\/index.php\/2022\/04\/14\/bluebiz-em-setubal-parque-industrial-de-componentes-aeronauticos\/\"]}]},{\"@type\":\"ImageObject\",\"inLanguage\":\"pt-PT\",\"@id\":\"http:\/\/maismagazine.pt\/index.php\/2022\/04\/14\/bluebiz-em-setubal-parque-industrial-de-componentes-aeronauticos\/#primaryimage\",\"url\":\"https:\/\/maismagazine.pt\/wp-content\/uploads\/2022\/04\/BlueBiz-Escritorios.jpg\",\"contentUrl\":\"https:\/\/maismagazine.pt\/wp-content\/uploads\/2022\/04\/BlueBiz-Escritorios.jpg\",\"width\":2000,\"height\":1329},{\"@type\":\"BreadcrumbList\",\"@id\":\"http:\/\/maismagazine.pt\/index.php\/2022\/04\/14\/bluebiz-em-setubal-parque-industrial-de-componentes-aeronauticos\/#breadcrumb\",\"itemListElement\":[{\"@type\":\"ListItem\",\"position\":1,\"name\":\"Home\",\"item\":\"https:\/\/maismagazine.pt\/\"},{\"@type\":\"ListItem\",\"position\":2,\"name\":\"BlueBiz em Set\u00fabal &#8211; parque industrial de componentes aeron\u00e1uticos\"}]},{\"@type\":\"WebSite\",\"@id\":\"https:\/\/maismagazine.pt\/#website\",\"url\":\"https:\/\/maismagazine.pt\/\",\"name\":\"Mais Magazine\",\"description\":\"\",\"publisher\":{\"@id\":\"https:\/\/maismagazine.pt\/#organization\"},\"potentialAction\":[{\"@type\":\"SearchAction\",\"target\":{\"@type\":\"EntryPoint\",\"urlTemplate\":\"https:\/\/maismagazine.pt\/?s={search_term_string}\"},\"query-input\":{\"@type\":\"PropertyValueSpecification\",\"valueRequired\":true,\"valueName\":\"search_term_string\"}}],\"inLanguage\":\"pt-PT\"},{\"@type\":\"Organization\",\"@id\":\"https:\/\/maismagazine.pt\/#organization\",\"name\":\"Mais Magazine\",\"url\":\"https:\/\/maismagazine.pt\/\",\"logo\":{\"@type\":\"ImageObject\",\"inLanguage\":\"pt-PT\",\"@id\":\"https:\/\/maismagazine.pt\/#\/schema\/logo\/image\/\",\"url\":\"https:\/\/maismagazine.pt\/wp-content\/uploads\/2020\/04\/cropped-cropped-mais-magazine-site-logo-2.png\",\"contentUrl\":\"https:\/\/maismagazine.pt\/wp-content\/uploads\/2020\/04\/cropped-cropped-mais-magazine-site-logo-2.png\",\"width\":581,\"height\":90,\"caption\":\"Mais Magazine\"},\"image\":{\"@id\":\"https:\/\/maismagazine.pt\/#\/schema\/logo\/image\/\"}},{\"@type\":\"Person\",\"@id\":\"https:\/\/maismagazine.pt\/#\/schema\/person\/999bd426f894ff56d397ec12ebd21ebb\",\"name\":\"Jo\u00e3o Malainho\",\"image\":{\"@type\":\"ImageObject\",\"inLanguage\":\"pt-PT\",\"@id\":\"https:\/\/maismagazine.pt\/#\/schema\/person\/image\/\",\"url\":\"https:\/\/secure.gravatar.com\/avatar\/ff03c2f38edf60b2a827aa4f74878491?s=96&d=mm&r=g\",\"contentUrl\":\"https:\/\/secure.gravatar.com\/avatar\/ff03c2f38edf60b2a827aa4f74878491?s=96&d=mm&r=g\",\"caption\":\"Jo\u00e3o Malainho\"},\"url\":\"https:\/\/maismagazine.pt\/index.php\/author\/maismagazine\/\"}]}<\/script>\n<!-- \/ Yoast SEO plugin. -->","yoast_head_json":{"title":"BlueBiz em Set\u00fabal - parque industrial de componentes aeron\u00e1uticos - Mais Magazine","description":"Filipe Costa, CEO da aicep Global Parques, d\u00e1 destaque ao maior parque industrial do pa\u00eds e espera aumentar a receita da empresa p\u00fablica em...","robots":{"index":"index","follow":"follow","max-snippet":"max-snippet:-1","max-image-preview":"max-image-preview:large","max-video-preview":"max-video-preview:-1"},"canonical":"http:\/\/maismagazine.pt\/index.php\/2022\/04\/14\/bluebiz-em-setubal-parque-industrial-de-componentes-aeronauticos\/","og_locale":"pt_PT","og_type":"article","og_title":"BlueBiz em Set\u00fabal - parque industrial de componentes aeron\u00e1uticos - Mais Magazine","og_description":"Filipe Costa, CEO da aicep Global Parques, d\u00e1 destaque ao maior parque industrial do pa\u00eds e espera aumentar a receita da empresa p\u00fablica em...","og_url":"http:\/\/maismagazine.pt\/index.php\/2022\/04\/14\/bluebiz-em-setubal-parque-industrial-de-componentes-aeronauticos\/","og_site_name":"Mais Magazine","article_published_time":"2022-04-14T07:29:30+00:00","og_image":[{"width":2000,"height":1329,"url":"http:\/\/maismagazine.pt\/wp-content\/uploads\/2022\/04\/BlueBiz-Escritorios.jpg","type":"image\/jpeg"}],"author":"Jo\u00e3o Malainho","twitter_card":"summary_large_image","twitter_misc":{"Escrito por":false,"Tempo estimado de leitura":"3 minutos"},"schema":{"@context":"https:\/\/schema.org","@graph":[{"@type":"Article","@id":"http:\/\/maismagazine.pt\/index.php\/2022\/04\/14\/bluebiz-em-setubal-parque-industrial-de-componentes-aeronauticos\/#article","isPartOf":{"@id":"http:\/\/maismagazine.pt\/index.php\/2022\/04\/14\/bluebiz-em-setubal-parque-industrial-de-componentes-aeronauticos\/"},"author":{"name":"Jo\u00e3o Malainho","@id":"https:\/\/maismagazine.pt\/#\/schema\/person\/999bd426f894ff56d397ec12ebd21ebb"},"headline":"BlueBiz em Set\u00fabal &#8211; parque industrial de componentes aeron\u00e1uticos","datePublished":"2022-04-14T07:29:30+00:00","mainEntityOfPage":{"@id":"http:\/\/maismagazine.pt\/index.php\/2022\/04\/14\/bluebiz-em-setubal-parque-industrial-de-componentes-aeronauticos\/"},"wordCount":411,"commentCount":0,"publisher":{"@id":"https:\/\/maismagazine.pt\/#organization"},"image":{"@id":"http:\/\/maismagazine.pt\/index.php\/2022\/04\/14\/bluebiz-em-setubal-parque-industrial-de-componentes-aeronauticos\/#primaryimage"},"thumbnailUrl":"https:\/\/maismagazine.pt\/wp-content\/uploads\/2022\/04\/BlueBiz-Escritorios.jpg","keywords":["aeronautica","cluster","parque industrial"],"articleSection":["Arquitetura e Constru\u00e7\u00e3o","Empreendedorismo","Tecnologia e Inova\u00e7\u00e3o"],"inLanguage":"pt-PT","potentialAction":[{"@type":"CommentAction","name":"Comment","target":["http:\/\/maismagazine.pt\/index.php\/2022\/04\/14\/bluebiz-em-setubal-parque-industrial-de-componentes-aeronauticos\/#respond"]}]},{"@type":"WebPage","@id":"http:\/\/maismagazine.pt\/index.php\/2022\/04\/14\/bluebiz-em-setubal-parque-industrial-de-componentes-aeronauticos\/","url":"http:\/\/maismagazine.pt\/index.php\/2022\/04\/14\/bluebiz-em-setubal-parque-industrial-de-componentes-aeronauticos\/","name":"BlueBiz em Set\u00fabal - parque industrial de componentes aeron\u00e1uticos - Mais Magazine","isPartOf":{"@id":"https:\/\/maismagazine.pt\/#website"},"primaryImageOfPage":{"@id":"http:\/\/maismagazine.pt\/index.php\/2022\/04\/14\/bluebiz-em-setubal-parque-industrial-de-componentes-aeronauticos\/#primaryimage"},"image":{"@id":"http:\/\/maismagazine.pt\/index.php\/2022\/04\/14\/bluebiz-em-setubal-parque-industrial-de-componentes-aeronauticos\/#primaryimage"},"thumbnailUrl":"https:\/\/maismagazine.pt\/wp-content\/uploads\/2022\/04\/BlueBiz-Escritorios.jpg","datePublished":"2022-04-14T07:29:30+00:00","description":"Filipe Costa, CEO da aicep Global Parques, d\u00e1 destaque ao maior parque industrial do pa\u00eds e espera aumentar a receita da empresa p\u00fablica em...","breadcrumb":{"@id":"http:\/\/maismagazine.pt\/index.php\/2022\/04\/14\/bluebiz-em-setubal-parque-industrial-de-componentes-aeronauticos\/#breadcrumb"},"inLanguage":"pt-PT","potentialAction":[{"@type":"ReadAction","target":["http:\/\/maismagazine.pt\/index.php\/2022\/04\/14\/bluebiz-em-setubal-parque-industrial-de-componentes-aeronauticos\/"]}]},{"@type":"ImageObject","inLanguage":"pt-PT","@id":"http:\/\/maismagazine.pt\/index.php\/2022\/04\/14\/bluebiz-em-setubal-parque-industrial-de-componentes-aeronauticos\/#primaryimage","url":"https:\/\/maismagazine.pt\/wp-content\/uploads\/2022\/04\/BlueBiz-Escritorios.jpg","contentUrl":"https:\/\/maismagazine.pt\/wp-content\/uploads\/2022\/04\/BlueBiz-Escritorios.jpg","width":2000,"height":1329},{"@type":"BreadcrumbList","@id":"http:\/\/maismagazine.pt\/index.php\/2022\/04\/14\/bluebiz-em-setubal-parque-industrial-de-componentes-aeronauticos\/#breadcrumb","itemListElement":[{"@type":"ListItem","position":1,"name":"Home","item":"https:\/\/maismagazine.pt\/"},{"@type":"ListItem","position":2,"name":"BlueBiz em Set\u00fabal &#8211; parque industrial de componentes aeron\u00e1uticos"}]},{"@type":"WebSite","@id":"https:\/\/maismagazine.pt\/#website","url":"https:\/\/maismagazine.pt\/","name":"Mais Magazine","description":"","publisher":{"@id":"https:\/\/maismagazine.pt\/#organization"},"potentialAction":[{"@type":"SearchAction","target":{"@type":"EntryPoint","urlTemplate":"https:\/\/maismagazine.pt\/?s={search_term_string}"},"query-input":{"@type":"PropertyValueSpecification","valueRequired":true,"valueName":"search_term_string"}}],"inLanguage":"pt-PT"},{"@type":"Organization","@id":"https:\/\/maismagazine.pt\/#organization","name":"Mais Magazine","url":"https:\/\/maismagazine.pt\/","logo":{"@type":"ImageObject","inLanguage":"pt-PT","@id":"https:\/\/maismagazine.pt\/#\/schema\/logo\/image\/","url":"https:\/\/maismagazine.pt\/wp-content\/uploads\/2020\/04\/cropped-cropped-mais-magazine-site-logo-2.png","contentUrl":"https:\/\/maismagazine.pt\/wp-content\/uploads\/2020\/04\/cropped-cropped-mais-magazine-site-logo-2.png","width":581,"height":90,"caption":"Mais Magazine"},"image":{"@id":"https:\/\/maismagazine.pt\/#\/schema\/logo\/image\/"}},{"@type":"Person","@id":"https:\/\/maismagazine.pt\/#\/schema\/person\/999bd426f894ff56d397ec12ebd21ebb","name":"Jo\u00e3o Malainho","image":{"@type":"ImageObject","inLanguage":"pt-PT","@id":"https:\/\/maismagazine.pt\/#\/schema\/person\/image\/","url":"https:\/\/secure.gravatar.com\/avatar\/ff03c2f38edf60b2a827aa4f74878491?s=96&d=mm&r=g","contentUrl":"https:\/\/secure.gravatar.com\/avatar\/ff03c2f38edf60b2a827aa4f74878491?s=96&d=mm&r=g","caption":"Jo\u00e3o Malainho"},"url":"https:\/\/maismagazine.pt\/index.php\/author\/maismagazine\/"}]}},"author_meta":{"display_name":false,"author_link":"https:\/\/maismagazine.pt\/index.php\/author\/maismagazine\/"},"featured_img":"https:\/\/maismagazine.pt\/wp-content\/uploads\/2022\/04\/BlueBiz-Escritorios-300x199.jpg","coauthors":[],"tax_additional":{"categories":{"linked":["<a href=\"https:\/\/maismagazine.pt\/index.php\/category\/empreendedorismo\/arquitetura-e-construcao\/\" class=\"advgb-post-tax-term\">Arquitetura e Constru\u00e7\u00e3o<\/a>","<a href=\"https:\/\/maismagazine.pt\/index.php\/category\/empreendedorismo\/\" class=\"advgb-post-tax-term\">Empreendedorismo<\/a>","<a href=\"https:\/\/maismagazine.pt\/index.php\/category\/empreendedorismo\/tecnologia-e-inovacao\/\" class=\"advgb-post-tax-term\">Tecnologia e Inova\u00e7\u00e3o<\/a>"],"unlinked":["<span class=\"advgb-post-tax-term\">Arquitetura e Constru\u00e7\u00e3o<\/span>","<span class=\"advgb-post-tax-term\">Empreendedorismo<\/span>","<span class=\"advgb-post-tax-term\">Tecnologia e Inova\u00e7\u00e3o<\/span>"]},"tags":{"linked":["<a href=\"https:\/\/maismagazine.pt\/index.php\/category\/empreendedorismo\/tecnologia-e-inovacao\/\" class=\"advgb-post-tax-term\">aeronautica<\/a>","<a href=\"https:\/\/maismagazine.pt\/index.php\/category\/empreendedorismo\/tecnologia-e-inovacao\/\" class=\"advgb-post-tax-term\">cluster<\/a>","<a href=\"https:\/\/maismagazine.pt\/index.php\/category\/empreendedorismo\/tecnologia-e-inovacao\/\" class=\"advgb-post-tax-term\">parque industrial<\/a>"],"unlinked":["<span class=\"advgb-post-tax-term\">aeronautica<\/span>","<span class=\"advgb-post-tax-term\">cluster<\/span>","<span class=\"advgb-post-tax-term\">parque industrial<\/span>"]}},"comment_count":"0","relative_dates":{"created":"Posted 4 anos ago","modified":"Updated 4 anos ago"},"absolute_dates":{"created":"Posted on 14 de Abril, 2022","modified":"Updated on 14 de Abril, 2022"},"absolute_dates_time":{"created":"Posted on 14 de Abril, 2022 7:29","modified":"Updated on 14 de Abril, 2022 7:29"},"featured_img_caption":"","series_order":"","_links":{"self":[{"href":"https:\/\/maismagazine.pt\/index.php\/wp-json\/wp\/v2\/posts\/2879","targetHints":{"allow":["GET"]}}],"collection":[{"href":"https:\/\/maismagazine.pt\/index.php\/wp-json\/wp\/v2\/posts"}],"about":[{"href":"https:\/\/maismagazine.pt\/index.php\/wp-json\/wp\/v2\/types\/post"}],"author":[{"embeddable":true,"href":"https:\/\/maismagazine.pt\/index.php\/wp-json\/wp\/v2\/users\/7"}],"replies":[{"embeddable":true,"href":"https:\/\/maismagazine.pt\/index.php\/wp-json\/wp\/v2\/comments?post=2879"}],"version-history":[{"count":3,"href":"https:\/\/maismagazine.pt\/index.php\/wp-json\/wp\/v2\/posts\/2879\/revisions"}],"predecessor-version":[{"id":3064,"href":"https:\/\/maismagazine.pt\/index.php\/wp-json\/wp\/v2\/posts\/2879\/revisions\/3064"}],"wp:featuredmedia":[{"embeddable":true,"href":"https:\/\/maismagazine.pt\/index.php\/wp-json\/wp\/v2\/media\/2881"}],"wp:attachment":[{"href":"https:\/\/maismagazine.pt\/index.php\/wp-json\/wp\/v2\/media?parent=2879"}],"wp:term":[{"taxonomy":"category","embeddable":true,"href":"https:\/\/maismagazine.pt\/index.php\/wp-json\/wp\/v2\/categories?post=2879"},{"taxonomy":"post_tag","embeddable":true,"href":"https:\/\/maismagazine.pt\/index.php\/wp-json\/wp\/v2\/tags?post=2879"}],"curies":[{"name":"wp","href":"https:\/\/api.w.org\/{rel}","templated":true}]}}