{"id":2801,"date":"2022-04-14T07:33:38","date_gmt":"2022-04-14T07:33:38","guid":{"rendered":"https:\/\/maismagazine.pt\/?p=2801"},"modified":"2022-04-14T07:33:39","modified_gmt":"2022-04-14T07:33:39","slug":"agrupamento-de-escolas-rafael-bordalo-pinheiro-constroi-aqui-o-teu-futuro","status":"publish","type":"post","link":"https:\/\/maismagazine.pt\/index.php\/2022\/04\/14\/agrupamento-de-escolas-rafael-bordalo-pinheiro-constroi-aqui-o-teu-futuro\/","title":{"rendered":"Agrupamento de Escolas Rafael Bordalo Pinheiro &#8211; Constr\u00f3i aqui o teu futuro"},"content":{"rendered":"\n<p><strong>Descendente da Escola de Desenho Industrial Rainha Dona Leonor, a Escola Secund\u00e1ria Rafael Bordalo Pinheiro herdou o ramo industrial (Escola Industrial Rainha Dona Leonor \u2013 1887, e Escola de Artes e Of\u00edcios \u2013 1918), e o Ramo Comercial (Aula Comercial \u2013 1919, e Escola Comercial \u2013 1921), quando em 1924 foi institu\u00edda sob a denomina\u00e7\u00e3o de Escola Comercial e Industrial Rafael Bordalo Pinheiro, vindo a assumir a sua atual denomina\u00e7\u00e3o no ano de 1979. Atualmente \u00e9 a escola sede do Agrupamento de Escolas Rafael Bordalo Pinheiro, que vamos ficar a conhecer nesta edi\u00e7\u00e3o.<\/strong><\/p>\n\n\n\n<p><\/p>\n\n\n\n<p>Durante d\u00e9cadas, a hist\u00f3ria desta escola confundiu-se com a hist\u00f3ria da forma\u00e7\u00e3o profissional na cidade, refer\u00eancia incontorn\u00e1vel para milhares de estudantes que, em sucessivas gera\u00e7\u00f5es, aqui adquiriram habilita\u00e7\u00f5es t\u00e9cnicas que lhes permitiram a realiza\u00e7\u00e3o profissional nas empresas e na administra\u00e7\u00e3o p\u00fablica. <\/p>\n\n\n\n<p>Na <a href=\"https:\/\/aerbp.pt\" target=\"_blank\" rel=\"noreferrer noopener\">Escola Secund\u00e1ria Rafael Bordalo Pinheiro<\/a> cumpre-se a tradi\u00e7\u00e3o, regressando os cursos profissionais, que foram a sua g\u00e9nese, e que hoje coexistem com o chamado ensino regular. Com uma oferta educativa desde o pr\u00e9-escolar ao 12.\u00ba ano, passando pelo ensino profissional e ensino de adultos com cursos de Educa\u00e7\u00e3o e Forma\u00e7\u00e3o de Adultos e o Centro de Reconhecimento e Valida\u00e7\u00e3o de Compet\u00eancias (Centro Qualifica), a Escola Secund\u00e1ria Rafael Bordalo Pinheiro tem hoje dispon\u00edveis oito Cursos Profissionais que conferem um diploma de equival\u00eancia ao Ensino Secund\u00e1rio, preparando o acesso a forma\u00e7\u00f5es p\u00f3s secund\u00e1rias ou ao Ensino Superior. \u201cEstes cursos s\u00e3o uma modalidade de educa\u00e7\u00e3o de n\u00edvel secund\u00e1rio, que se caracteriza por um ensino pr\u00e1tico que recorre \u00e0 forma\u00e7\u00e3o em contexto real e simulado de trabalho, aliando a teoria \u00e0 vertente t\u00e9cnico-pr\u00e1tica\u201d, explica Maria do C\u00e9u Santos, Diretora do agrupamento. <\/p>\n\n\n\n<p>Assim, a matriz desta institui\u00e7\u00e3o est\u00e1 no ensino de natureza mais t\u00e9cnica. \u00c9 uma escola centen\u00e1ria que desde cedo tem vindo a manter uma rela\u00e7\u00e3o estreita com o tecido empresarial envolvente. Ao longo dos \u00faltimos anos, a sua oferta de Cursos Profissionais tem apresentado um conjunto diversificado de sa\u00eddas que t\u00eam tido uma repercuss\u00e3o positiva em mat\u00e9ria de empregabilidade. \u201cEstes alunos acabam por adquirir uma postura muito pr\u00e1tica e compet\u00eancias muito afinadas. Muitos seguem para os estudos superiores, mas tamb\u00e9m s\u00e3o muitos os que entram no mercado de trabalho. <\/p>\n\n\n\n<p>Contamos com uma escola bem apetrechada para a leciona\u00e7\u00e3o destes cursos, tanto no que respeita aos seus recursos humanos, como em rela\u00e7\u00e3o \u00e0s suas condi\u00e7\u00f5es materiais, com laborat\u00f3rios e oficinas equipados com tecnologia de ponta\u201d, confidencia. Para al\u00e9m disso, a escola tem ainda protocolos com um leque de cerca de 180 empresas para a canaliza\u00e7\u00e3o dos seus alunos para est\u00e1gios. A qualidade do ensino profissional ministrado na institui\u00e7\u00e3o \u00e9 tamb\u00e9m certificada com Selo de Conformidade EQAVET, atribu\u00eddo pela Ag\u00eancia Nacional para a Qualifica\u00e7\u00e3o e o Ensino Profissional. \u201cFoi com orgulho que recebemos o selo EQA-VET que certifica a qualidade do nosso ensino profissional.\u201d <\/p>\n\n\n\n<div class=\"wp-block-image\"><figure class=\"aligncenter size-large is-resized\"><img loading=\"lazy\" decoding=\"async\" src=\"https:\/\/maismagazine.pt\/wp-content\/uploads\/2022\/04\/banda-1024x683.jpg\" alt=\"\" class=\"wp-image-2805\" width=\"658\" height=\"439\" srcset=\"https:\/\/maismagazine.pt\/wp-content\/uploads\/2022\/04\/banda-1024x683.jpg 1024w, https:\/\/maismagazine.pt\/wp-content\/uploads\/2022\/04\/banda-300x200.jpg 300w, https:\/\/maismagazine.pt\/wp-content\/uploads\/2022\/04\/banda-768x512.jpg 768w, https:\/\/maismagazine.pt\/wp-content\/uploads\/2022\/04\/banda-150x100.jpg 150w, https:\/\/maismagazine.pt\/wp-content\/uploads\/2022\/04\/banda.jpg 1080w\" sizes=\"auto, (max-width: 658px) 100vw, 658px\" \/><\/figure><\/div>\n\n\n\n<p>O Agrupamento de Escolas Rafael Bordalo Pinheiro \u00e9 um agrupamento \u201csem muros\u201d, aberto \u00e0 comunidade e ativamente participativo nas v\u00e1rias iniciativas organizadas pela C\u00e2mara Municipal de Caldas da Rainha ou outras entidades. \u00c9 acima de tudo uma institui\u00e7\u00e3o que atrav\u00e9s de uma grande variedade de experi\u00eancias, iniciativas e projetos prepara os seus alunos para o futuro, sem nunca esquecer a inova\u00e7\u00e3o pedag\u00f3gica como principal motor para este crescimento. \u201cA inova\u00e7\u00e3o e a diferencia\u00e7\u00e3o \u00e9 uma constante preocupa\u00e7\u00e3o da Dire\u00e7\u00e3o deste agrupamento abra\u00e7ando todas as iniciativas que se v\u00e3o apresentando\u201d. <\/p>\n\n\n\n<p>A \u00faltima novidade, desde 2018, \u00e9 a Unidade de Apoio ao Alto Rendimento na Escola. Conta atualmente com 22 atletas\/alunos que conciliam o desporto de alta competi\u00e7\u00e3o com os estudos, com excelentes resultados, em ambas vertentes.<\/p>\n","protected":false},"excerpt":{"rendered":"<p>Descendente da Escola de Desenho Industrial Rainha Dona Leonor, a Escola Secund\u00e1ria Rafael Bordalo Pinheiro herdou o ramo industrial (Escola Industrial Rainha Dona Leonor \u2013 1887, e Escola de Artes e Of\u00edcios \u2013 1918), e o Ramo Comercial (Aula Comercial \u2013 1919, e Escola Comercial \u2013 1921), quando em 1924&hellip;<\/p>\n","protected":false},"author":7,"featured_media":2804,"comment_status":"open","ping_status":"open","sticky":false,"template":"","format":"standard","meta":{"advgb_blocks_editor_width":"","advgb_blocks_columns_visual_guide":"","_monsterinsights_skip_tracking":false,"_monsterinsights_sitenote_active":false,"_monsterinsights_sitenote_note":"","_monsterinsights_sitenote_category":0,"footnotes":""},"categories":[149],"tags":[525,521,531,358],"class_list":["post-2801","post","type-post","status-publish","format-standard","has-post-thumbnail","hentry","category-educacao","tag-educacao","tag-ensino","tag-escola","tag-formacao-profissional"],"yoast_head":"<!-- This site is optimized with the Yoast SEO plugin v24.4 - https:\/\/yoast.com\/wordpress\/plugins\/seo\/ -->\n<title>Agrupamento de Escolas Rafael Bordalo Pinheiro - Constr\u00f3i aqui o teu futuro - Mais Magazine<\/title>\n<meta name=\"description\" content=\"Descendente da Escola de Desenho Industrial Rainha Dona Leonor, a Escola Secund\u00e1ria Rafael Bordalo Pinheiro herdou o ramo industrial...\" \/>\n<meta name=\"robots\" content=\"index, follow, max-snippet:-1, max-image-preview:large, max-video-preview:-1\" \/>\n<link rel=\"canonical\" href=\"https:\/\/maismagazine.pt\/index.php\/2022\/04\/14\/agrupamento-de-escolas-rafael-bordalo-pinheiro-constroi-aqui-o-teu-futuro\/\" \/>\n<meta property=\"og:locale\" content=\"pt_PT\" \/>\n<meta property=\"og:type\" content=\"article\" \/>\n<meta property=\"og:title\" content=\"Agrupamento de Escolas Rafael Bordalo Pinheiro - Constr\u00f3i aqui o teu futuro - Mais Magazine\" \/>\n<meta property=\"og:description\" content=\"Descendente da Escola de Desenho Industrial Rainha Dona Leonor, a Escola Secund\u00e1ria Rafael Bordalo Pinheiro herdou o ramo industrial...\" \/>\n<meta property=\"og:url\" content=\"https:\/\/maismagazine.pt\/index.php\/2022\/04\/14\/agrupamento-de-escolas-rafael-bordalo-pinheiro-constroi-aqui-o-teu-futuro\/\" \/>\n<meta property=\"og:site_name\" content=\"Mais Magazine\" \/>\n<meta property=\"article:published_time\" content=\"2022-04-14T07:33:38+00:00\" \/>\n<meta property=\"article:modified_time\" content=\"2022-04-14T07:33:39+00:00\" \/>\n<meta property=\"og:image\" content=\"https:\/\/maismagazine.pt\/wp-content\/uploads\/2022\/04\/fachada-antiga-scaled.jpg\" \/>\n\t<meta property=\"og:image:width\" content=\"2560\" \/>\n\t<meta property=\"og:image:height\" content=\"1707\" \/>\n\t<meta property=\"og:image:type\" content=\"image\/jpeg\" \/>\n<meta name=\"author\" content=\"Jo\u00e3o Malainho\" \/>\n<meta name=\"twitter:card\" content=\"summary_large_image\" \/>\n<meta name=\"twitter:label1\" content=\"Escrito por\" \/>\n\t<meta name=\"twitter:data1\" content=\"\" \/>\n\t<meta name=\"twitter:label2\" content=\"Tempo estimado de leitura\" \/>\n\t<meta name=\"twitter:data2\" content=\"3 minutos\" \/>\n<script type=\"application\/ld+json\" class=\"yoast-schema-graph\">{\"@context\":\"https:\/\/schema.org\",\"@graph\":[{\"@type\":\"Article\",\"@id\":\"https:\/\/maismagazine.pt\/index.php\/2022\/04\/14\/agrupamento-de-escolas-rafael-bordalo-pinheiro-constroi-aqui-o-teu-futuro\/#article\",\"isPartOf\":{\"@id\":\"https:\/\/maismagazine.pt\/index.php\/2022\/04\/14\/agrupamento-de-escolas-rafael-bordalo-pinheiro-constroi-aqui-o-teu-futuro\/\"},\"author\":{\"name\":\"Jo\u00e3o Malainho\",\"@id\":\"http:\/\/maismagazine.pt\/#\/schema\/person\/999bd426f894ff56d397ec12ebd21ebb\"},\"headline\":\"Agrupamento de Escolas Rafael Bordalo Pinheiro &#8211; Constr\u00f3i aqui o teu futuro\",\"datePublished\":\"2022-04-14T07:33:38+00:00\",\"dateModified\":\"2022-04-14T07:33:39+00:00\",\"mainEntityOfPage\":{\"@id\":\"https:\/\/maismagazine.pt\/index.php\/2022\/04\/14\/agrupamento-de-escolas-rafael-bordalo-pinheiro-constroi-aqui-o-teu-futuro\/\"},\"wordCount\":659,\"commentCount\":0,\"publisher\":{\"@id\":\"http:\/\/maismagazine.pt\/#organization\"},\"image\":{\"@id\":\"https:\/\/maismagazine.pt\/index.php\/2022\/04\/14\/agrupamento-de-escolas-rafael-bordalo-pinheiro-constroi-aqui-o-teu-futuro\/#primaryimage\"},\"thumbnailUrl\":\"https:\/\/maismagazine.pt\/wp-content\/uploads\/2022\/04\/fachada-antiga-scaled.jpg\",\"keywords\":[\"Educa\u00e7\u00e3o\",\"Ensino\",\"escola\",\"forma\u00e7\u00e3o profissional\"],\"articleSection\":[\"Educa\u00e7\u00e3o\"],\"inLanguage\":\"pt-PT\",\"potentialAction\":[{\"@type\":\"CommentAction\",\"name\":\"Comment\",\"target\":[\"https:\/\/maismagazine.pt\/index.php\/2022\/04\/14\/agrupamento-de-escolas-rafael-bordalo-pinheiro-constroi-aqui-o-teu-futuro\/#respond\"]}]},{\"@type\":\"WebPage\",\"@id\":\"https:\/\/maismagazine.pt\/index.php\/2022\/04\/14\/agrupamento-de-escolas-rafael-bordalo-pinheiro-constroi-aqui-o-teu-futuro\/\",\"url\":\"https:\/\/maismagazine.pt\/index.php\/2022\/04\/14\/agrupamento-de-escolas-rafael-bordalo-pinheiro-constroi-aqui-o-teu-futuro\/\",\"name\":\"Agrupamento de Escolas Rafael Bordalo Pinheiro - Constr\u00f3i aqui o teu futuro - Mais Magazine\",\"isPartOf\":{\"@id\":\"http:\/\/maismagazine.pt\/#website\"},\"primaryImageOfPage\":{\"@id\":\"https:\/\/maismagazine.pt\/index.php\/2022\/04\/14\/agrupamento-de-escolas-rafael-bordalo-pinheiro-constroi-aqui-o-teu-futuro\/#primaryimage\"},\"image\":{\"@id\":\"https:\/\/maismagazine.pt\/index.php\/2022\/04\/14\/agrupamento-de-escolas-rafael-bordalo-pinheiro-constroi-aqui-o-teu-futuro\/#primaryimage\"},\"thumbnailUrl\":\"https:\/\/maismagazine.pt\/wp-content\/uploads\/2022\/04\/fachada-antiga-scaled.jpg\",\"datePublished\":\"2022-04-14T07:33:38+00:00\",\"dateModified\":\"2022-04-14T07:33:39+00:00\",\"description\":\"Descendente da Escola de Desenho Industrial Rainha Dona Leonor, a Escola Secund\u00e1ria Rafael Bordalo Pinheiro herdou o ramo industrial...\",\"breadcrumb\":{\"@id\":\"https:\/\/maismagazine.pt\/index.php\/2022\/04\/14\/agrupamento-de-escolas-rafael-bordalo-pinheiro-constroi-aqui-o-teu-futuro\/#breadcrumb\"},\"inLanguage\":\"pt-PT\",\"potentialAction\":[{\"@type\":\"ReadAction\",\"target\":[\"https:\/\/maismagazine.pt\/index.php\/2022\/04\/14\/agrupamento-de-escolas-rafael-bordalo-pinheiro-constroi-aqui-o-teu-futuro\/\"]}]},{\"@type\":\"ImageObject\",\"inLanguage\":\"pt-PT\",\"@id\":\"https:\/\/maismagazine.pt\/index.php\/2022\/04\/14\/agrupamento-de-escolas-rafael-bordalo-pinheiro-constroi-aqui-o-teu-futuro\/#primaryimage\",\"url\":\"https:\/\/maismagazine.pt\/wp-content\/uploads\/2022\/04\/fachada-antiga-scaled.jpg\",\"contentUrl\":\"https:\/\/maismagazine.pt\/wp-content\/uploads\/2022\/04\/fachada-antiga-scaled.jpg\",\"width\":2560,\"height\":1707},{\"@type\":\"BreadcrumbList\",\"@id\":\"https:\/\/maismagazine.pt\/index.php\/2022\/04\/14\/agrupamento-de-escolas-rafael-bordalo-pinheiro-constroi-aqui-o-teu-futuro\/#breadcrumb\",\"itemListElement\":[{\"@type\":\"ListItem\",\"position\":1,\"name\":\"Home\",\"item\":\"http:\/\/maismagazine.pt\/\"},{\"@type\":\"ListItem\",\"position\":2,\"name\":\"Agrupamento de Escolas Rafael Bordalo Pinheiro &#8211; Constr\u00f3i aqui o teu futuro\"}]},{\"@type\":\"WebSite\",\"@id\":\"http:\/\/maismagazine.pt\/#website\",\"url\":\"http:\/\/maismagazine.pt\/\",\"name\":\"Mais Magazine\",\"description\":\"\",\"publisher\":{\"@id\":\"http:\/\/maismagazine.pt\/#organization\"},\"potentialAction\":[{\"@type\":\"SearchAction\",\"target\":{\"@type\":\"EntryPoint\",\"urlTemplate\":\"http:\/\/maismagazine.pt\/?s={search_term_string}\"},\"query-input\":{\"@type\":\"PropertyValueSpecification\",\"valueRequired\":true,\"valueName\":\"search_term_string\"}}],\"inLanguage\":\"pt-PT\"},{\"@type\":\"Organization\",\"@id\":\"http:\/\/maismagazine.pt\/#organization\",\"name\":\"Mais Magazine\",\"url\":\"http:\/\/maismagazine.pt\/\",\"logo\":{\"@type\":\"ImageObject\",\"inLanguage\":\"pt-PT\",\"@id\":\"http:\/\/maismagazine.pt\/#\/schema\/logo\/image\/\",\"url\":\"https:\/\/maismagazine.pt\/wp-content\/uploads\/2020\/04\/cropped-cropped-mais-magazine-site-logo-2.png\",\"contentUrl\":\"https:\/\/maismagazine.pt\/wp-content\/uploads\/2020\/04\/cropped-cropped-mais-magazine-site-logo-2.png\",\"width\":581,\"height\":90,\"caption\":\"Mais Magazine\"},\"image\":{\"@id\":\"http:\/\/maismagazine.pt\/#\/schema\/logo\/image\/\"}},{\"@type\":\"Person\",\"@id\":\"http:\/\/maismagazine.pt\/#\/schema\/person\/999bd426f894ff56d397ec12ebd21ebb\",\"name\":\"Jo\u00e3o Malainho\",\"image\":{\"@type\":\"ImageObject\",\"inLanguage\":\"pt-PT\",\"@id\":\"http:\/\/maismagazine.pt\/#\/schema\/person\/image\/\",\"url\":\"https:\/\/secure.gravatar.com\/avatar\/ff03c2f38edf60b2a827aa4f74878491?s=96&d=mm&r=g\",\"contentUrl\":\"https:\/\/secure.gravatar.com\/avatar\/ff03c2f38edf60b2a827aa4f74878491?s=96&d=mm&r=g\",\"caption\":\"Jo\u00e3o Malainho\"},\"url\":\"https:\/\/maismagazine.pt\/index.php\/author\/maismagazine\/\"}]}<\/script>\n<!-- \/ Yoast SEO plugin. -->","yoast_head_json":{"title":"Agrupamento de Escolas Rafael Bordalo Pinheiro - Constr\u00f3i aqui o teu futuro - Mais Magazine","description":"Descendente da Escola de Desenho Industrial Rainha Dona Leonor, a Escola Secund\u00e1ria Rafael Bordalo Pinheiro herdou o ramo industrial...","robots":{"index":"index","follow":"follow","max-snippet":"max-snippet:-1","max-image-preview":"max-image-preview:large","max-video-preview":"max-video-preview:-1"},"canonical":"https:\/\/maismagazine.pt\/index.php\/2022\/04\/14\/agrupamento-de-escolas-rafael-bordalo-pinheiro-constroi-aqui-o-teu-futuro\/","og_locale":"pt_PT","og_type":"article","og_title":"Agrupamento de Escolas Rafael Bordalo Pinheiro - Constr\u00f3i aqui o teu futuro - Mais Magazine","og_description":"Descendente da Escola de Desenho Industrial Rainha Dona Leonor, a Escola Secund\u00e1ria Rafael Bordalo Pinheiro herdou o ramo industrial...","og_url":"https:\/\/maismagazine.pt\/index.php\/2022\/04\/14\/agrupamento-de-escolas-rafael-bordalo-pinheiro-constroi-aqui-o-teu-futuro\/","og_site_name":"Mais Magazine","article_published_time":"2022-04-14T07:33:38+00:00","article_modified_time":"2022-04-14T07:33:39+00:00","og_image":[{"width":2560,"height":1707,"url":"https:\/\/maismagazine.pt\/wp-content\/uploads\/2022\/04\/fachada-antiga-scaled.jpg","type":"image\/jpeg"}],"author":"Jo\u00e3o Malainho","twitter_card":"summary_large_image","twitter_misc":{"Escrito por":false,"Tempo estimado de leitura":"3 minutos"},"schema":{"@context":"https:\/\/schema.org","@graph":[{"@type":"Article","@id":"https:\/\/maismagazine.pt\/index.php\/2022\/04\/14\/agrupamento-de-escolas-rafael-bordalo-pinheiro-constroi-aqui-o-teu-futuro\/#article","isPartOf":{"@id":"https:\/\/maismagazine.pt\/index.php\/2022\/04\/14\/agrupamento-de-escolas-rafael-bordalo-pinheiro-constroi-aqui-o-teu-futuro\/"},"author":{"name":"Jo\u00e3o Malainho","@id":"http:\/\/maismagazine.pt\/#\/schema\/person\/999bd426f894ff56d397ec12ebd21ebb"},"headline":"Agrupamento de Escolas Rafael Bordalo Pinheiro &#8211; Constr\u00f3i aqui o teu futuro","datePublished":"2022-04-14T07:33:38+00:00","dateModified":"2022-04-14T07:33:39+00:00","mainEntityOfPage":{"@id":"https:\/\/maismagazine.pt\/index.php\/2022\/04\/14\/agrupamento-de-escolas-rafael-bordalo-pinheiro-constroi-aqui-o-teu-futuro\/"},"wordCount":659,"commentCount":0,"publisher":{"@id":"http:\/\/maismagazine.pt\/#organization"},"image":{"@id":"https:\/\/maismagazine.pt\/index.php\/2022\/04\/14\/agrupamento-de-escolas-rafael-bordalo-pinheiro-constroi-aqui-o-teu-futuro\/#primaryimage"},"thumbnailUrl":"https:\/\/maismagazine.pt\/wp-content\/uploads\/2022\/04\/fachada-antiga-scaled.jpg","keywords":["Educa\u00e7\u00e3o","Ensino","escola","forma\u00e7\u00e3o profissional"],"articleSection":["Educa\u00e7\u00e3o"],"inLanguage":"pt-PT","potentialAction":[{"@type":"CommentAction","name":"Comment","target":["https:\/\/maismagazine.pt\/index.php\/2022\/04\/14\/agrupamento-de-escolas-rafael-bordalo-pinheiro-constroi-aqui-o-teu-futuro\/#respond"]}]},{"@type":"WebPage","@id":"https:\/\/maismagazine.pt\/index.php\/2022\/04\/14\/agrupamento-de-escolas-rafael-bordalo-pinheiro-constroi-aqui-o-teu-futuro\/","url":"https:\/\/maismagazine.pt\/index.php\/2022\/04\/14\/agrupamento-de-escolas-rafael-bordalo-pinheiro-constroi-aqui-o-teu-futuro\/","name":"Agrupamento de Escolas Rafael Bordalo Pinheiro - Constr\u00f3i aqui o teu futuro - Mais Magazine","isPartOf":{"@id":"http:\/\/maismagazine.pt\/#website"},"primaryImageOfPage":{"@id":"https:\/\/maismagazine.pt\/index.php\/2022\/04\/14\/agrupamento-de-escolas-rafael-bordalo-pinheiro-constroi-aqui-o-teu-futuro\/#primaryimage"},"image":{"@id":"https:\/\/maismagazine.pt\/index.php\/2022\/04\/14\/agrupamento-de-escolas-rafael-bordalo-pinheiro-constroi-aqui-o-teu-futuro\/#primaryimage"},"thumbnailUrl":"https:\/\/maismagazine.pt\/wp-content\/uploads\/2022\/04\/fachada-antiga-scaled.jpg","datePublished":"2022-04-14T07:33:38+00:00","dateModified":"2022-04-14T07:33:39+00:00","description":"Descendente da Escola de Desenho Industrial Rainha Dona Leonor, a Escola Secund\u00e1ria Rafael Bordalo Pinheiro herdou o ramo industrial...","breadcrumb":{"@id":"https:\/\/maismagazine.pt\/index.php\/2022\/04\/14\/agrupamento-de-escolas-rafael-bordalo-pinheiro-constroi-aqui-o-teu-futuro\/#breadcrumb"},"inLanguage":"pt-PT","potentialAction":[{"@type":"ReadAction","target":["https:\/\/maismagazine.pt\/index.php\/2022\/04\/14\/agrupamento-de-escolas-rafael-bordalo-pinheiro-constroi-aqui-o-teu-futuro\/"]}]},{"@type":"ImageObject","inLanguage":"pt-PT","@id":"https:\/\/maismagazine.pt\/index.php\/2022\/04\/14\/agrupamento-de-escolas-rafael-bordalo-pinheiro-constroi-aqui-o-teu-futuro\/#primaryimage","url":"https:\/\/maismagazine.pt\/wp-content\/uploads\/2022\/04\/fachada-antiga-scaled.jpg","contentUrl":"https:\/\/maismagazine.pt\/wp-content\/uploads\/2022\/04\/fachada-antiga-scaled.jpg","width":2560,"height":1707},{"@type":"BreadcrumbList","@id":"https:\/\/maismagazine.pt\/index.php\/2022\/04\/14\/agrupamento-de-escolas-rafael-bordalo-pinheiro-constroi-aqui-o-teu-futuro\/#breadcrumb","itemListElement":[{"@type":"ListItem","position":1,"name":"Home","item":"http:\/\/maismagazine.pt\/"},{"@type":"ListItem","position":2,"name":"Agrupamento de Escolas Rafael Bordalo Pinheiro &#8211; Constr\u00f3i aqui o teu futuro"}]},{"@type":"WebSite","@id":"http:\/\/maismagazine.pt\/#website","url":"http:\/\/maismagazine.pt\/","name":"Mais Magazine","description":"","publisher":{"@id":"http:\/\/maismagazine.pt\/#organization"},"potentialAction":[{"@type":"SearchAction","target":{"@type":"EntryPoint","urlTemplate":"http:\/\/maismagazine.pt\/?s={search_term_string}"},"query-input":{"@type":"PropertyValueSpecification","valueRequired":true,"valueName":"search_term_string"}}],"inLanguage":"pt-PT"},{"@type":"Organization","@id":"http:\/\/maismagazine.pt\/#organization","name":"Mais Magazine","url":"http:\/\/maismagazine.pt\/","logo":{"@type":"ImageObject","inLanguage":"pt-PT","@id":"http:\/\/maismagazine.pt\/#\/schema\/logo\/image\/","url":"https:\/\/maismagazine.pt\/wp-content\/uploads\/2020\/04\/cropped-cropped-mais-magazine-site-logo-2.png","contentUrl":"https:\/\/maismagazine.pt\/wp-content\/uploads\/2020\/04\/cropped-cropped-mais-magazine-site-logo-2.png","width":581,"height":90,"caption":"Mais Magazine"},"image":{"@id":"http:\/\/maismagazine.pt\/#\/schema\/logo\/image\/"}},{"@type":"Person","@id":"http:\/\/maismagazine.pt\/#\/schema\/person\/999bd426f894ff56d397ec12ebd21ebb","name":"Jo\u00e3o Malainho","image":{"@type":"ImageObject","inLanguage":"pt-PT","@id":"http:\/\/maismagazine.pt\/#\/schema\/person\/image\/","url":"https:\/\/secure.gravatar.com\/avatar\/ff03c2f38edf60b2a827aa4f74878491?s=96&d=mm&r=g","contentUrl":"https:\/\/secure.gravatar.com\/avatar\/ff03c2f38edf60b2a827aa4f74878491?s=96&d=mm&r=g","caption":"Jo\u00e3o Malainho"},"url":"https:\/\/maismagazine.pt\/index.php\/author\/maismagazine\/"}]}},"author_meta":{"display_name":false,"author_link":"https:\/\/maismagazine.pt\/index.php\/author\/maismagazine\/"},"featured_img":"https:\/\/maismagazine.pt\/wp-content\/uploads\/2022\/04\/fachada-antiga-300x200.jpg","coauthors":[],"tax_additional":{"categories":{"linked":["<a href=\"https:\/\/maismagazine.pt\/index.php\/category\/educacao\/\" class=\"advgb-post-tax-term\">Educa\u00e7\u00e3o<\/a>"],"unlinked":["<span class=\"advgb-post-tax-term\">Educa\u00e7\u00e3o<\/span>"]},"tags":{"linked":["<a href=\"https:\/\/maismagazine.pt\/index.php\/category\/educacao\/\" class=\"advgb-post-tax-term\">Educa\u00e7\u00e3o<\/a>","<a href=\"https:\/\/maismagazine.pt\/index.php\/category\/educacao\/\" class=\"advgb-post-tax-term\">Ensino<\/a>","<a href=\"https:\/\/maismagazine.pt\/index.php\/category\/educacao\/\" class=\"advgb-post-tax-term\">escola<\/a>","<a href=\"https:\/\/maismagazine.pt\/index.php\/category\/educacao\/\" class=\"advgb-post-tax-term\">forma\u00e7\u00e3o profissional<\/a>"],"unlinked":["<span class=\"advgb-post-tax-term\">Educa\u00e7\u00e3o<\/span>","<span class=\"advgb-post-tax-term\">Ensino<\/span>","<span class=\"advgb-post-tax-term\">escola<\/span>","<span class=\"advgb-post-tax-term\">forma\u00e7\u00e3o profissional<\/span>"]}},"comment_count":"0","relative_dates":{"created":"Posted 4 anos ago","modified":"Updated 4 anos ago"},"absolute_dates":{"created":"Posted on 14 de Abril, 2022","modified":"Updated on 14 de Abril, 2022"},"absolute_dates_time":{"created":"Posted on 14 de Abril, 2022 7:33","modified":"Updated on 14 de Abril, 2022 7:33"},"featured_img_caption":"","series_order":"","_links":{"self":[{"href":"https:\/\/maismagazine.pt\/index.php\/wp-json\/wp\/v2\/posts\/2801","targetHints":{"allow":["GET"]}}],"collection":[{"href":"https:\/\/maismagazine.pt\/index.php\/wp-json\/wp\/v2\/posts"}],"about":[{"href":"https:\/\/maismagazine.pt\/index.php\/wp-json\/wp\/v2\/types\/post"}],"author":[{"embeddable":true,"href":"https:\/\/maismagazine.pt\/index.php\/wp-json\/wp\/v2\/users\/7"}],"replies":[{"embeddable":true,"href":"https:\/\/maismagazine.pt\/index.php\/wp-json\/wp\/v2\/comments?post=2801"}],"version-history":[{"count":2,"href":"https:\/\/maismagazine.pt\/index.php\/wp-json\/wp\/v2\/posts\/2801\/revisions"}],"predecessor-version":[{"id":3073,"href":"https:\/\/maismagazine.pt\/index.php\/wp-json\/wp\/v2\/posts\/2801\/revisions\/3073"}],"wp:featuredmedia":[{"embeddable":true,"href":"https:\/\/maismagazine.pt\/index.php\/wp-json\/wp\/v2\/media\/2804"}],"wp:attachment":[{"href":"https:\/\/maismagazine.pt\/index.php\/wp-json\/wp\/v2\/media?parent=2801"}],"wp:term":[{"taxonomy":"category","embeddable":true,"href":"https:\/\/maismagazine.pt\/index.php\/wp-json\/wp\/v2\/categories?post=2801"},{"taxonomy":"post_tag","embeddable":true,"href":"https:\/\/maismagazine.pt\/index.php\/wp-json\/wp\/v2\/tags?post=2801"}],"curies":[{"name":"wp","href":"https:\/\/api.w.org\/{rel}","templated":true}]}}