{"id":2767,"date":"2022-04-14T07:31:34","date_gmt":"2022-04-14T07:31:34","guid":{"rendered":"https:\/\/maismagazine.pt\/?p=2767"},"modified":"2022-04-14T07:31:34","modified_gmt":"2022-04-14T07:31:34","slug":"o-teu-futuro-esta-aqui-agrupamento-de-escolas-da-gafanha-da-nazare","status":"publish","type":"post","link":"https:\/\/maismagazine.pt\/index.php\/2022\/04\/14\/o-teu-futuro-esta-aqui-agrupamento-de-escolas-da-gafanha-da-nazare\/","title":{"rendered":"\u201cO teu futuro est\u00e1 aqui\u201d &#8211; Agrupamento de Escolas da Gafanha da Nazar\u00e9"},"content":{"rendered":"\n<p><strong>Garantir condi\u00e7\u00f5es que visem o sucesso educativo dos alunos, preparando-os para o prosseguimento de estudos ou para as ofertas formativas profissionalmente qualificantes e para a integra\u00e7\u00e3o na vida ativa \u00e9 a principal miss\u00e3o do Agrupamento de Escolas de Gafanha da Nazar\u00e9. A diretora Eug\u00e9nia Pinheiro d\u00e1-nos a conhecer um pouco melhor este agrupamento din\u00e2mico, organizado em fun\u00e7\u00e3o da forma\u00e7\u00e3o e do sucesso dos seus alunos.<\/strong><\/p>\n\n\n\n<p><\/p>\n\n\n\n<p>O <a href=\"https:\/\/www.egn.pt\" target=\"_blank\" rel=\"noreferrer noopener\">Agrupamento de Escolas de Gafanha da Nazar\u00e9<\/a> resulta da agrega\u00e7\u00e3o do anterior Agrupamento de Escolas com a Escola Secund\u00e1ria. Constitu\u00eddo em 2012, o agrupamento partilha um projeto pedag\u00f3gico comum que abrange atualmente todas as unidades de educa\u00e7\u00e3o e ensino da freguesia de Gafanha da Nazar\u00e9. Com uma oferta formativa extensa, indo do ensino b\u00e1sico ao secund\u00e1rio, ensino Profissional Centro Qualifica e Qualifica\u00e7\u00e3o\/Forma\u00e7\u00e3o de Adultos. Atualmente o Agrupamento abrange cerca de 2000 crian\u00e7as e jovens e orienta mais de 500 adultos.<\/p>\n\n\n\n<p>Ser reconhecida como uma escola que, a par de um constante esfor\u00e7o de melhoria nos mais diversos dom\u00ednios da sua din\u00e2mica interna, procura proporcionar respostas educativas integradoras e inclusivas, \u00e9 a principal premissa do Agrupamento de Escolas de Gafanha da Nazar\u00e9. Para tal, o estabelecimento de ensino vem apostando em projetos inovadores que convidam \u00e0 participa\u00e7\u00e3o ativa e colaborativa dos alunos e comunidade, como \u00e9 exemplo o projeto Mentoria que refor\u00e7a o trabalho entre pares, bem como o GAAF (Gabinete de Apoio ao aluno e \u00e0 Fam\u00edlia), que pretende envolver as pr\u00f3prias fam\u00edlias no desenvolvimento de compet\u00eancias acad\u00e9micas, de autonomia, responsabiliza\u00e7\u00e3o, de \u00e2mbito afetivo e de integra\u00e7\u00e3o escolar. \u201cO agrupamento diferencia-se por projetos reconhecidos nas \u00e1reas do Ambiente e Ecologia (Eco- Agrupamento, Escola Azul), Escola Promotora de Sa\u00fade e Smart Scholl Lab, com projetos reconhecidos a n\u00edvel nacional e internacional, Desporto Escolar e Centro de Forma\u00e7\u00e3o Desportiva de Surf, Vela e Canoagem, Gafe Bike Lab com uma oficina de bicicletas, Clubes de M\u00fasica, Anim\u2019Arte, Express\u2019Arte, R\u00e1dio e Clubes de Ci\u00eancia Viva, entre outros\u201d, enumera Eug\u00e9nia Pinheiro.<\/p>\n\n\n\n<p>Esta \u00e9 sobretudo uma institui\u00e7\u00e3o que prepara os alunos para o futuro, atrav\u00e9s de uma grande variedade de experi\u00eancia, mas tamb\u00e9m, e sobretudo, atrav\u00e9s de um acompanhamento que se estende para al\u00e9m das quatro paredes da sala de aula. \u201cMonitorizamos o percurso dos alunos ap\u00f3s conclus\u00e3o do ensino secund\u00e1rio e refor\u00e7amos a rede de parcerias com as empresas que acolhem formandos em contexto de trabalho\u201d. Tendo por base esta vis\u00e3o e valores, os cursos de forma\u00e7\u00e3o lecionados pelo Agrupamento de Escolas de Gafanha da Nazar\u00e9 s\u00e3o certificados com o Selo EQAVET, que comprova que o Ensino Profissional promovido pelo agrupamento est\u00e1 alinhado com as pol\u00edticas europeias, nacionais, regionais e locais para a Educa\u00e7\u00e3o e Forma\u00e7\u00e3o Profissionais (EFP).<\/p>\n\n\n\n<div class=\"wp-block-image\"><figure class=\"aligncenter size-full\"><img loading=\"lazy\" decoding=\"async\" width=\"960\" height=\"645\" src=\"https:\/\/maismagazine.pt\/wp-content\/uploads\/2022\/04\/AEGN.jpeg\" alt=\"\" class=\"wp-image-2772\" srcset=\"https:\/\/maismagazine.pt\/wp-content\/uploads\/2022\/04\/AEGN.jpeg 960w, https:\/\/maismagazine.pt\/wp-content\/uploads\/2022\/04\/AEGN-300x202.jpeg 300w, https:\/\/maismagazine.pt\/wp-content\/uploads\/2022\/04\/AEGN-768x516.jpeg 768w, https:\/\/maismagazine.pt\/wp-content\/uploads\/2022\/04\/AEGN-150x100.jpeg 150w\" sizes=\"auto, (max-width: 960px) 100vw, 960px\" \/><\/figure><\/div>\n\n\n\n<p><strong>Inova\u00e7\u00e3o nos m\u00e9todos de aprendizagem<\/strong><\/p>\n\n\n\n<p>A aposta na adequa\u00e7\u00e3o das metodologias e pr\u00e1ticas ativas nos processos de ensino-aprendizagem, no sentido da consecu\u00e7\u00e3o do perfil dos alunos \u00e0 sa\u00edda da escolaridade obrigat\u00f3ria, \u00e9 uma das principais preocupa\u00e7\u00f5es do Agrupamento de Escolas de Gafanha da Nazar\u00e9 que tem apostado em proporcionar aos seus alunos contextos diferenciados de aprendizagem. \u201cO Agrupamento de Escolas de Gafanha da Nazar\u00e9 tem procurado acompanhar a inova\u00e7\u00e3o pedag\u00f3gica apostando na autonomia e flexibilidade curricular e na forma\u00e7\u00e3o docente\u201d. Para al\u00e9m disso, a ades\u00e3o a projetos na \u00e1rea da inova\u00e7\u00e3o pedag\u00f3gica tem sido um dos grandes aliados do estabelecimento educativo, com vista a um ensino mais inovador e vocacionado para o sucesso educativo dos seus alunos.<\/p>\n","protected":false},"excerpt":{"rendered":"<p>Garantir condi\u00e7\u00f5es que visem o sucesso educativo dos alunos, preparando-os para o prosseguimento de estudos ou para as ofertas formativas profissionalmente qualificantes e para a integra\u00e7\u00e3o na vida ativa \u00e9 a principal miss\u00e3o do Agrupamento de Escolas de Gafanha da Nazar\u00e9. A diretora Eug\u00e9nia Pinheiro d\u00e1-nos a conhecer um pouco&hellip;<\/p>\n","protected":false},"author":7,"featured_media":2770,"comment_status":"open","ping_status":"open","sticky":false,"template":"","format":"standard","meta":{"advgb_blocks_editor_width":"","advgb_blocks_columns_visual_guide":"","_monsterinsights_skip_tracking":false,"_monsterinsights_sitenote_active":false,"_monsterinsights_sitenote_note":"","_monsterinsights_sitenote_category":0,"footnotes":""},"categories":[149],"tags":[525,521,531,358],"class_list":["post-2767","post","type-post","status-publish","format-standard","has-post-thumbnail","hentry","category-educacao","tag-educacao","tag-ensino","tag-escola","tag-formacao-profissional"],"yoast_head":"<!-- This site is optimized with the Yoast SEO plugin v24.4 - https:\/\/yoast.com\/wordpress\/plugins\/seo\/ -->\n<title>\u201cO teu futuro est\u00e1 aqui\u201d - Agrupamento de Escolas da Gafanha da Nazar\u00e9 - Mais Magazine<\/title>\n<meta name=\"description\" content=\"Garantir condi\u00e7\u00f5es que visem o sucesso educativo dos alunos, preparando-os para o prosseguimento de estudos ou para as ofertas formativas...\" \/>\n<meta name=\"robots\" content=\"index, follow, max-snippet:-1, max-image-preview:large, max-video-preview:-1\" \/>\n<link rel=\"canonical\" href=\"https:\/\/maismagazine.pt\/index.php\/2022\/04\/14\/o-teu-futuro-esta-aqui-agrupamento-de-escolas-da-gafanha-da-nazare\/\" \/>\n<meta property=\"og:locale\" content=\"pt_PT\" \/>\n<meta property=\"og:type\" content=\"article\" \/>\n<meta property=\"og:title\" content=\"\u201cO teu futuro est\u00e1 aqui\u201d - Agrupamento de Escolas da Gafanha da Nazar\u00e9 - Mais Magazine\" \/>\n<meta property=\"og:description\" content=\"Garantir condi\u00e7\u00f5es que visem o sucesso educativo dos alunos, preparando-os para o prosseguimento de estudos ou para as ofertas formativas...\" \/>\n<meta property=\"og:url\" content=\"https:\/\/maismagazine.pt\/index.php\/2022\/04\/14\/o-teu-futuro-esta-aqui-agrupamento-de-escolas-da-gafanha-da-nazare\/\" \/>\n<meta property=\"og:site_name\" content=\"Mais Magazine\" \/>\n<meta property=\"article:published_time\" content=\"2022-04-14T07:31:34+00:00\" \/>\n<meta property=\"og:image\" content=\"https:\/\/maismagazine.pt\/wp-content\/uploads\/2022\/04\/aegn-entrada.jpeg\" \/>\n\t<meta property=\"og:image:width\" content=\"728\" \/>\n\t<meta property=\"og:image:height\" content=\"410\" \/>\n\t<meta property=\"og:image:type\" content=\"image\/jpeg\" \/>\n<meta name=\"author\" content=\"Jo\u00e3o Malainho\" \/>\n<meta name=\"twitter:card\" content=\"summary_large_image\" \/>\n<meta name=\"twitter:label1\" content=\"Escrito por\" \/>\n\t<meta name=\"twitter:data1\" content=\"\" \/>\n\t<meta name=\"twitter:label2\" content=\"Tempo estimado de leitura\" \/>\n\t<meta name=\"twitter:data2\" content=\"3 minutos\" \/>\n<script type=\"application\/ld+json\" class=\"yoast-schema-graph\">{\"@context\":\"https:\/\/schema.org\",\"@graph\":[{\"@type\":\"Article\",\"@id\":\"https:\/\/maismagazine.pt\/index.php\/2022\/04\/14\/o-teu-futuro-esta-aqui-agrupamento-de-escolas-da-gafanha-da-nazare\/#article\",\"isPartOf\":{\"@id\":\"https:\/\/maismagazine.pt\/index.php\/2022\/04\/14\/o-teu-futuro-esta-aqui-agrupamento-de-escolas-da-gafanha-da-nazare\/\"},\"author\":{\"name\":\"Jo\u00e3o Malainho\",\"@id\":\"http:\/\/maismagazine.pt\/#\/schema\/person\/999bd426f894ff56d397ec12ebd21ebb\"},\"headline\":\"\u201cO teu futuro est\u00e1 aqui\u201d &#8211; Agrupamento de Escolas da Gafanha da Nazar\u00e9\",\"datePublished\":\"2022-04-14T07:31:34+00:00\",\"mainEntityOfPage\":{\"@id\":\"https:\/\/maismagazine.pt\/index.php\/2022\/04\/14\/o-teu-futuro-esta-aqui-agrupamento-de-escolas-da-gafanha-da-nazare\/\"},\"wordCount\":629,\"commentCount\":0,\"publisher\":{\"@id\":\"http:\/\/maismagazine.pt\/#organization\"},\"image\":{\"@id\":\"https:\/\/maismagazine.pt\/index.php\/2022\/04\/14\/o-teu-futuro-esta-aqui-agrupamento-de-escolas-da-gafanha-da-nazare\/#primaryimage\"},\"thumbnailUrl\":\"https:\/\/maismagazine.pt\/wp-content\/uploads\/2022\/04\/aegn-entrada.jpeg\",\"keywords\":[\"Educa\u00e7\u00e3o\",\"Ensino\",\"escola\",\"forma\u00e7\u00e3o profissional\"],\"articleSection\":[\"Educa\u00e7\u00e3o\"],\"inLanguage\":\"pt-PT\",\"potentialAction\":[{\"@type\":\"CommentAction\",\"name\":\"Comment\",\"target\":[\"https:\/\/maismagazine.pt\/index.php\/2022\/04\/14\/o-teu-futuro-esta-aqui-agrupamento-de-escolas-da-gafanha-da-nazare\/#respond\"]}]},{\"@type\":\"WebPage\",\"@id\":\"https:\/\/maismagazine.pt\/index.php\/2022\/04\/14\/o-teu-futuro-esta-aqui-agrupamento-de-escolas-da-gafanha-da-nazare\/\",\"url\":\"https:\/\/maismagazine.pt\/index.php\/2022\/04\/14\/o-teu-futuro-esta-aqui-agrupamento-de-escolas-da-gafanha-da-nazare\/\",\"name\":\"\u201cO teu futuro est\u00e1 aqui\u201d - Agrupamento de Escolas da Gafanha da Nazar\u00e9 - Mais Magazine\",\"isPartOf\":{\"@id\":\"http:\/\/maismagazine.pt\/#website\"},\"primaryImageOfPage\":{\"@id\":\"https:\/\/maismagazine.pt\/index.php\/2022\/04\/14\/o-teu-futuro-esta-aqui-agrupamento-de-escolas-da-gafanha-da-nazare\/#primaryimage\"},\"image\":{\"@id\":\"https:\/\/maismagazine.pt\/index.php\/2022\/04\/14\/o-teu-futuro-esta-aqui-agrupamento-de-escolas-da-gafanha-da-nazare\/#primaryimage\"},\"thumbnailUrl\":\"https:\/\/maismagazine.pt\/wp-content\/uploads\/2022\/04\/aegn-entrada.jpeg\",\"datePublished\":\"2022-04-14T07:31:34+00:00\",\"description\":\"Garantir condi\u00e7\u00f5es que visem o sucesso educativo dos alunos, preparando-os para o prosseguimento de estudos ou para as ofertas formativas...\",\"breadcrumb\":{\"@id\":\"https:\/\/maismagazine.pt\/index.php\/2022\/04\/14\/o-teu-futuro-esta-aqui-agrupamento-de-escolas-da-gafanha-da-nazare\/#breadcrumb\"},\"inLanguage\":\"pt-PT\",\"potentialAction\":[{\"@type\":\"ReadAction\",\"target\":[\"https:\/\/maismagazine.pt\/index.php\/2022\/04\/14\/o-teu-futuro-esta-aqui-agrupamento-de-escolas-da-gafanha-da-nazare\/\"]}]},{\"@type\":\"ImageObject\",\"inLanguage\":\"pt-PT\",\"@id\":\"https:\/\/maismagazine.pt\/index.php\/2022\/04\/14\/o-teu-futuro-esta-aqui-agrupamento-de-escolas-da-gafanha-da-nazare\/#primaryimage\",\"url\":\"https:\/\/maismagazine.pt\/wp-content\/uploads\/2022\/04\/aegn-entrada.jpeg\",\"contentUrl\":\"https:\/\/maismagazine.pt\/wp-content\/uploads\/2022\/04\/aegn-entrada.jpeg\",\"width\":728,\"height\":410},{\"@type\":\"BreadcrumbList\",\"@id\":\"https:\/\/maismagazine.pt\/index.php\/2022\/04\/14\/o-teu-futuro-esta-aqui-agrupamento-de-escolas-da-gafanha-da-nazare\/#breadcrumb\",\"itemListElement\":[{\"@type\":\"ListItem\",\"position\":1,\"name\":\"Home\",\"item\":\"http:\/\/maismagazine.pt\/\"},{\"@type\":\"ListItem\",\"position\":2,\"name\":\"\u201cO teu futuro est\u00e1 aqui\u201d &#8211; Agrupamento de Escolas da Gafanha da Nazar\u00e9\"}]},{\"@type\":\"WebSite\",\"@id\":\"http:\/\/maismagazine.pt\/#website\",\"url\":\"http:\/\/maismagazine.pt\/\",\"name\":\"Mais Magazine\",\"description\":\"\",\"publisher\":{\"@id\":\"http:\/\/maismagazine.pt\/#organization\"},\"potentialAction\":[{\"@type\":\"SearchAction\",\"target\":{\"@type\":\"EntryPoint\",\"urlTemplate\":\"http:\/\/maismagazine.pt\/?s={search_term_string}\"},\"query-input\":{\"@type\":\"PropertyValueSpecification\",\"valueRequired\":true,\"valueName\":\"search_term_string\"}}],\"inLanguage\":\"pt-PT\"},{\"@type\":\"Organization\",\"@id\":\"http:\/\/maismagazine.pt\/#organization\",\"name\":\"Mais Magazine\",\"url\":\"http:\/\/maismagazine.pt\/\",\"logo\":{\"@type\":\"ImageObject\",\"inLanguage\":\"pt-PT\",\"@id\":\"http:\/\/maismagazine.pt\/#\/schema\/logo\/image\/\",\"url\":\"https:\/\/maismagazine.pt\/wp-content\/uploads\/2020\/04\/cropped-cropped-mais-magazine-site-logo-2.png\",\"contentUrl\":\"https:\/\/maismagazine.pt\/wp-content\/uploads\/2020\/04\/cropped-cropped-mais-magazine-site-logo-2.png\",\"width\":581,\"height\":90,\"caption\":\"Mais Magazine\"},\"image\":{\"@id\":\"http:\/\/maismagazine.pt\/#\/schema\/logo\/image\/\"}},{\"@type\":\"Person\",\"@id\":\"http:\/\/maismagazine.pt\/#\/schema\/person\/999bd426f894ff56d397ec12ebd21ebb\",\"name\":\"Jo\u00e3o Malainho\",\"image\":{\"@type\":\"ImageObject\",\"inLanguage\":\"pt-PT\",\"@id\":\"http:\/\/maismagazine.pt\/#\/schema\/person\/image\/\",\"url\":\"https:\/\/secure.gravatar.com\/avatar\/ff03c2f38edf60b2a827aa4f74878491?s=96&d=mm&r=g\",\"contentUrl\":\"https:\/\/secure.gravatar.com\/avatar\/ff03c2f38edf60b2a827aa4f74878491?s=96&d=mm&r=g\",\"caption\":\"Jo\u00e3o Malainho\"},\"url\":\"https:\/\/maismagazine.pt\/index.php\/author\/maismagazine\/\"}]}<\/script>\n<!-- \/ Yoast SEO plugin. -->","yoast_head_json":{"title":"\u201cO teu futuro est\u00e1 aqui\u201d - Agrupamento de Escolas da Gafanha da Nazar\u00e9 - Mais Magazine","description":"Garantir condi\u00e7\u00f5es que visem o sucesso educativo dos alunos, preparando-os para o prosseguimento de estudos ou para as ofertas formativas...","robots":{"index":"index","follow":"follow","max-snippet":"max-snippet:-1","max-image-preview":"max-image-preview:large","max-video-preview":"max-video-preview:-1"},"canonical":"https:\/\/maismagazine.pt\/index.php\/2022\/04\/14\/o-teu-futuro-esta-aqui-agrupamento-de-escolas-da-gafanha-da-nazare\/","og_locale":"pt_PT","og_type":"article","og_title":"\u201cO teu futuro est\u00e1 aqui\u201d - Agrupamento de Escolas da Gafanha da Nazar\u00e9 - Mais Magazine","og_description":"Garantir condi\u00e7\u00f5es que visem o sucesso educativo dos alunos, preparando-os para o prosseguimento de estudos ou para as ofertas formativas...","og_url":"https:\/\/maismagazine.pt\/index.php\/2022\/04\/14\/o-teu-futuro-esta-aqui-agrupamento-de-escolas-da-gafanha-da-nazare\/","og_site_name":"Mais Magazine","article_published_time":"2022-04-14T07:31:34+00:00","og_image":[{"width":728,"height":410,"url":"https:\/\/maismagazine.pt\/wp-content\/uploads\/2022\/04\/aegn-entrada.jpeg","type":"image\/jpeg"}],"author":"Jo\u00e3o Malainho","twitter_card":"summary_large_image","twitter_misc":{"Escrito por":false,"Tempo estimado de leitura":"3 minutos"},"schema":{"@context":"https:\/\/schema.org","@graph":[{"@type":"Article","@id":"https:\/\/maismagazine.pt\/index.php\/2022\/04\/14\/o-teu-futuro-esta-aqui-agrupamento-de-escolas-da-gafanha-da-nazare\/#article","isPartOf":{"@id":"https:\/\/maismagazine.pt\/index.php\/2022\/04\/14\/o-teu-futuro-esta-aqui-agrupamento-de-escolas-da-gafanha-da-nazare\/"},"author":{"name":"Jo\u00e3o Malainho","@id":"http:\/\/maismagazine.pt\/#\/schema\/person\/999bd426f894ff56d397ec12ebd21ebb"},"headline":"\u201cO teu futuro est\u00e1 aqui\u201d &#8211; Agrupamento de Escolas da Gafanha da Nazar\u00e9","datePublished":"2022-04-14T07:31:34+00:00","mainEntityOfPage":{"@id":"https:\/\/maismagazine.pt\/index.php\/2022\/04\/14\/o-teu-futuro-esta-aqui-agrupamento-de-escolas-da-gafanha-da-nazare\/"},"wordCount":629,"commentCount":0,"publisher":{"@id":"http:\/\/maismagazine.pt\/#organization"},"image":{"@id":"https:\/\/maismagazine.pt\/index.php\/2022\/04\/14\/o-teu-futuro-esta-aqui-agrupamento-de-escolas-da-gafanha-da-nazare\/#primaryimage"},"thumbnailUrl":"https:\/\/maismagazine.pt\/wp-content\/uploads\/2022\/04\/aegn-entrada.jpeg","keywords":["Educa\u00e7\u00e3o","Ensino","escola","forma\u00e7\u00e3o profissional"],"articleSection":["Educa\u00e7\u00e3o"],"inLanguage":"pt-PT","potentialAction":[{"@type":"CommentAction","name":"Comment","target":["https:\/\/maismagazine.pt\/index.php\/2022\/04\/14\/o-teu-futuro-esta-aqui-agrupamento-de-escolas-da-gafanha-da-nazare\/#respond"]}]},{"@type":"WebPage","@id":"https:\/\/maismagazine.pt\/index.php\/2022\/04\/14\/o-teu-futuro-esta-aqui-agrupamento-de-escolas-da-gafanha-da-nazare\/","url":"https:\/\/maismagazine.pt\/index.php\/2022\/04\/14\/o-teu-futuro-esta-aqui-agrupamento-de-escolas-da-gafanha-da-nazare\/","name":"\u201cO teu futuro est\u00e1 aqui\u201d - Agrupamento de Escolas da Gafanha da Nazar\u00e9 - Mais Magazine","isPartOf":{"@id":"http:\/\/maismagazine.pt\/#website"},"primaryImageOfPage":{"@id":"https:\/\/maismagazine.pt\/index.php\/2022\/04\/14\/o-teu-futuro-esta-aqui-agrupamento-de-escolas-da-gafanha-da-nazare\/#primaryimage"},"image":{"@id":"https:\/\/maismagazine.pt\/index.php\/2022\/04\/14\/o-teu-futuro-esta-aqui-agrupamento-de-escolas-da-gafanha-da-nazare\/#primaryimage"},"thumbnailUrl":"https:\/\/maismagazine.pt\/wp-content\/uploads\/2022\/04\/aegn-entrada.jpeg","datePublished":"2022-04-14T07:31:34+00:00","description":"Garantir condi\u00e7\u00f5es que visem o sucesso educativo dos alunos, preparando-os para o prosseguimento de estudos ou para as ofertas formativas...","breadcrumb":{"@id":"https:\/\/maismagazine.pt\/index.php\/2022\/04\/14\/o-teu-futuro-esta-aqui-agrupamento-de-escolas-da-gafanha-da-nazare\/#breadcrumb"},"inLanguage":"pt-PT","potentialAction":[{"@type":"ReadAction","target":["https:\/\/maismagazine.pt\/index.php\/2022\/04\/14\/o-teu-futuro-esta-aqui-agrupamento-de-escolas-da-gafanha-da-nazare\/"]}]},{"@type":"ImageObject","inLanguage":"pt-PT","@id":"https:\/\/maismagazine.pt\/index.php\/2022\/04\/14\/o-teu-futuro-esta-aqui-agrupamento-de-escolas-da-gafanha-da-nazare\/#primaryimage","url":"https:\/\/maismagazine.pt\/wp-content\/uploads\/2022\/04\/aegn-entrada.jpeg","contentUrl":"https:\/\/maismagazine.pt\/wp-content\/uploads\/2022\/04\/aegn-entrada.jpeg","width":728,"height":410},{"@type":"BreadcrumbList","@id":"https:\/\/maismagazine.pt\/index.php\/2022\/04\/14\/o-teu-futuro-esta-aqui-agrupamento-de-escolas-da-gafanha-da-nazare\/#breadcrumb","itemListElement":[{"@type":"ListItem","position":1,"name":"Home","item":"http:\/\/maismagazine.pt\/"},{"@type":"ListItem","position":2,"name":"\u201cO teu futuro est\u00e1 aqui\u201d &#8211; Agrupamento de Escolas da Gafanha da Nazar\u00e9"}]},{"@type":"WebSite","@id":"http:\/\/maismagazine.pt\/#website","url":"http:\/\/maismagazine.pt\/","name":"Mais Magazine","description":"","publisher":{"@id":"http:\/\/maismagazine.pt\/#organization"},"potentialAction":[{"@type":"SearchAction","target":{"@type":"EntryPoint","urlTemplate":"http:\/\/maismagazine.pt\/?s={search_term_string}"},"query-input":{"@type":"PropertyValueSpecification","valueRequired":true,"valueName":"search_term_string"}}],"inLanguage":"pt-PT"},{"@type":"Organization","@id":"http:\/\/maismagazine.pt\/#organization","name":"Mais Magazine","url":"http:\/\/maismagazine.pt\/","logo":{"@type":"ImageObject","inLanguage":"pt-PT","@id":"http:\/\/maismagazine.pt\/#\/schema\/logo\/image\/","url":"https:\/\/maismagazine.pt\/wp-content\/uploads\/2020\/04\/cropped-cropped-mais-magazine-site-logo-2.png","contentUrl":"https:\/\/maismagazine.pt\/wp-content\/uploads\/2020\/04\/cropped-cropped-mais-magazine-site-logo-2.png","width":581,"height":90,"caption":"Mais Magazine"},"image":{"@id":"http:\/\/maismagazine.pt\/#\/schema\/logo\/image\/"}},{"@type":"Person","@id":"http:\/\/maismagazine.pt\/#\/schema\/person\/999bd426f894ff56d397ec12ebd21ebb","name":"Jo\u00e3o Malainho","image":{"@type":"ImageObject","inLanguage":"pt-PT","@id":"http:\/\/maismagazine.pt\/#\/schema\/person\/image\/","url":"https:\/\/secure.gravatar.com\/avatar\/ff03c2f38edf60b2a827aa4f74878491?s=96&d=mm&r=g","contentUrl":"https:\/\/secure.gravatar.com\/avatar\/ff03c2f38edf60b2a827aa4f74878491?s=96&d=mm&r=g","caption":"Jo\u00e3o Malainho"},"url":"https:\/\/maismagazine.pt\/index.php\/author\/maismagazine\/"}]}},"author_meta":{"display_name":false,"author_link":"https:\/\/maismagazine.pt\/index.php\/author\/maismagazine\/"},"featured_img":"https:\/\/maismagazine.pt\/wp-content\/uploads\/2022\/04\/aegn-entrada-300x169.jpeg","coauthors":[],"tax_additional":{"categories":{"linked":["<a href=\"https:\/\/maismagazine.pt\/index.php\/category\/educacao\/\" class=\"advgb-post-tax-term\">Educa\u00e7\u00e3o<\/a>"],"unlinked":["<span class=\"advgb-post-tax-term\">Educa\u00e7\u00e3o<\/span>"]},"tags":{"linked":["<a href=\"https:\/\/maismagazine.pt\/index.php\/category\/educacao\/\" class=\"advgb-post-tax-term\">Educa\u00e7\u00e3o<\/a>","<a href=\"https:\/\/maismagazine.pt\/index.php\/category\/educacao\/\" class=\"advgb-post-tax-term\">Ensino<\/a>","<a href=\"https:\/\/maismagazine.pt\/index.php\/category\/educacao\/\" class=\"advgb-post-tax-term\">escola<\/a>","<a href=\"https:\/\/maismagazine.pt\/index.php\/category\/educacao\/\" class=\"advgb-post-tax-term\">forma\u00e7\u00e3o profissional<\/a>"],"unlinked":["<span class=\"advgb-post-tax-term\">Educa\u00e7\u00e3o<\/span>","<span class=\"advgb-post-tax-term\">Ensino<\/span>","<span class=\"advgb-post-tax-term\">escola<\/span>","<span class=\"advgb-post-tax-term\">forma\u00e7\u00e3o profissional<\/span>"]}},"comment_count":"0","relative_dates":{"created":"Posted 4 anos ago","modified":"Updated 4 anos ago"},"absolute_dates":{"created":"Posted on 14 de Abril, 2022","modified":"Updated on 14 de Abril, 2022"},"absolute_dates_time":{"created":"Posted on 14 de Abril, 2022 7:31","modified":"Updated on 14 de Abril, 2022 7:31"},"featured_img_caption":"","series_order":"","_links":{"self":[{"href":"https:\/\/maismagazine.pt\/index.php\/wp-json\/wp\/v2\/posts\/2767","targetHints":{"allow":["GET"]}}],"collection":[{"href":"https:\/\/maismagazine.pt\/index.php\/wp-json\/wp\/v2\/posts"}],"about":[{"href":"https:\/\/maismagazine.pt\/index.php\/wp-json\/wp\/v2\/types\/post"}],"author":[{"embeddable":true,"href":"https:\/\/maismagazine.pt\/index.php\/wp-json\/wp\/v2\/users\/7"}],"replies":[{"embeddable":true,"href":"https:\/\/maismagazine.pt\/index.php\/wp-json\/wp\/v2\/comments?post=2767"}],"version-history":[{"count":2,"href":"https:\/\/maismagazine.pt\/index.php\/wp-json\/wp\/v2\/posts\/2767\/revisions"}],"predecessor-version":[{"id":3070,"href":"https:\/\/maismagazine.pt\/index.php\/wp-json\/wp\/v2\/posts\/2767\/revisions\/3070"}],"wp:featuredmedia":[{"embeddable":true,"href":"https:\/\/maismagazine.pt\/index.php\/wp-json\/wp\/v2\/media\/2770"}],"wp:attachment":[{"href":"https:\/\/maismagazine.pt\/index.php\/wp-json\/wp\/v2\/media?parent=2767"}],"wp:term":[{"taxonomy":"category","embeddable":true,"href":"https:\/\/maismagazine.pt\/index.php\/wp-json\/wp\/v2\/categories?post=2767"},{"taxonomy":"post_tag","embeddable":true,"href":"https:\/\/maismagazine.pt\/index.php\/wp-json\/wp\/v2\/tags?post=2767"}],"curies":[{"name":"wp","href":"https:\/\/api.w.org\/{rel}","templated":true}]}}