{"id":2712,"date":"2022-04-14T07:37:28","date_gmt":"2022-04-14T07:37:28","guid":{"rendered":"https:\/\/maismagazine.pt\/?p=2712"},"modified":"2022-04-14T07:37:28","modified_gmt":"2022-04-14T07:37:28","slug":"ensino-particular-e-cooperativo-na-vanguarda-da-inovacao-educacional","status":"publish","type":"post","link":"https:\/\/maismagazine.pt\/index.php\/2022\/04\/14\/ensino-particular-e-cooperativo-na-vanguarda-da-inovacao-educacional\/","title":{"rendered":"Ensino Particular e Cooperativo na vanguarda da inova\u00e7\u00e3o educacional"},"content":{"rendered":"\n<p><strong>Criada em 1974, a Associa\u00e7\u00e3o de Representantes de Estabelecimentos de Ensino Particular e Cooperativo \u2013 <a href=\"https:\/\/www.aeep.pt\/\">AEEP<\/a> \u00e9 a institui\u00e7\u00e3o mais representativa do Ensino Privado em Portugal. Numa edi\u00e7\u00e3o dedicada ao ensino, estivemos \u00e0 conversa com Lu\u00eds Virtuoso, Presidente da Dire\u00e7\u00e3o da AEEP que, em entrevista, nos deu a conhecer o presente e futuro deste setor. <\/strong><\/p>\n\n\n\n<p><\/p>\n\n\n\n<p>At\u00e9 25 de abril de 1974, os propriet\u00e1rios das escolas particulares faziam parte, obrigatoriamente, do Gr\u00e9mio Nacional dos Propriet\u00e1rios dos Estabelecimentos de Ensino Particular. Mas porque este organismo n\u00e3o correspondia \u00e0s necessidades j\u00e1 anteriormente sentidas, a verdade \u00e9 que, a partir de 1972, foram sendo organizados v\u00e1rios encontros de respons\u00e1veis das escolas particulares para discutirem os temas do setor. A AEEP nasce em junho de 1974, j\u00e1 em democracia, fruto deste movimento. \u201cAo longo dos anos, atrav\u00e9s de um di\u00e1logo construtivo com os sucessivos governos, procur\u00e1mos sempre afirmar a liberdade de educa\u00e7\u00e3o como corol\u00e1rio fundamental da nossa atividade\u201d, come\u00e7a por esclarecer Lu\u00eds Virtuoso. Uma liberdade de ensinar e de aprender, com autonomia de projetos pedag\u00f3gicos e com a afirma\u00e7\u00e3o da identidade de cada projeto educativo. \u201cAcreditamos que na diversidade da nossa oferta reside a nossa maior riqueza, porque \u00e9 na pluralidade de escolhas que conseguimos plenamente oferecer respostas educativas para as fam\u00edlias\u201d.<\/p>\n\n\n\n<p>A miss\u00e3o da AEEP divide-se, essencialmente, em tr\u00eas atividades: desenvolver o ensino particular e cooperativo n\u00e3o superior, promovendo a defesa dos direitos e liberdades fundamentais no dom\u00ednio da educa\u00e7\u00e3o e do ensino e, designadamente, a liberdade  de ensinar e de aprender, o direito de op\u00e7\u00e3o educativa e a igualdade de oportunidades e de condi\u00e7\u00f5es de acesso e de frequ\u00eancia no quadro do sistema educativo; representar os associados perante o Estado e demais entidades p\u00fablicas e privadas, na promo\u00e7\u00e3o e na defesa dos seus direitos e interesses leg\u00edtimos; finalmente, prestar servi\u00e7os \u00e0 comunidade empresarial do sector, promovendo o desenvolvimento e moderniza\u00e7\u00e3o do mesmo, incluindo a sua internacionaliza\u00e7\u00e3o. \u201cA moderniza\u00e7\u00e3o do ensino \u00e9, efetivamente, uma aposta da AEEP. Temo-lo feito de forma continuada, promovendo uma constante cultura de inova\u00e7\u00e3o no setor\u201d. Neste contexto, a AEEP tem procurado estar na vanguarda da pedagogia, na oferta da adapta\u00e7\u00e3o curricular \u00e0 evolu\u00e7\u00e3o dos tempos, na flexibilidade curricular, nas metodologias ativas de ensino e na introdu\u00e7\u00e3o de tecnologia em contexto escolar, como explica o presidente da associa\u00e7\u00e3o: \u201cOrgulhamo-nos do nosso contributo para a inova\u00e7\u00e3o e moderniza\u00e7\u00e3o do setor de ensino no nosso pa\u00eds. Em termos de internacionaliza\u00e7\u00e3o apoiamos os estabelecimentos de ensino que, operando em Portugal, captam alunos estrangeiros para os seus programas educativos, mas tamb\u00e9m os que procuram expandir-se al\u00e9m-fronteiras\u201d.<\/p>\n\n\n\n<p>A pandemia mudou as nossas vidas de um dia para o outro e obrigou \u00e0 acelera\u00e7\u00e3o vertiginosa da digitaliza\u00e7\u00e3o no ensino. Apesar de todas as dificuldades impostas, Lu\u00eds Virtuoso assume que a grande maioria das escolas processou esta mudan\u00e7a de modo muito satisfat\u00f3rio e com resultados muito positivos. \u201cFizemos um inqu\u00e9rito \u00e0s escolas associadas, no pico da pandemia, em agosto de 2020, e apercebemo-nos que havia uma elevada capacidade de adapta\u00e7\u00e3o ao digital, num curto per\u00edodo de tempo, com satisfa\u00e7\u00e3o generalizada de alunos, professores e fam\u00edlias. Por exemplo, 100% das escolas do 1.\u00ba, 2.\u00ba, 3\u00ba Ciclos e Ensino Secund\u00e1rio recorreram a aulas virtuais como m\u00e9todo de ensino, 77,1% do Ensino Pr\u00e9-escolar recorreu a aulas virtuais no desenvolvimento de atividades com as crian\u00e7as e 76,6% das escolas utilizaram plataformas de conte\u00fados\u201d.<\/p>\n\n\n\n<p>Em suma, o setor do Ensino Particular e Cooperativo est\u00e1 bem e recomenda-se. \u201cTemos diversidade de Projetos Educativos e respostas diferenciadas adequadas \u00e0s necessidades das fam\u00edlias. O maior desafio \u00e9 o de mantermos a nossa autonomia. Se esta se mantiver, o setor privado de educa\u00e7\u00e3o continuar\u00e1 a cumprir a sua miss\u00e3o\u201d.<\/p>\n\n\n\n<p><\/p>\n\n\n\n<p><\/p>\n\n\n\n<p><\/p>\n","protected":false},"excerpt":{"rendered":"<p>Criada em 1974, a Associa\u00e7\u00e3o de Representantes de Estabelecimentos de Ensino Particular e Cooperativo \u2013 AEEP \u00e9 a institui\u00e7\u00e3o mais representativa do Ensino Privado em Portugal. Numa edi\u00e7\u00e3o dedicada ao ensino, estivemos \u00e0 conversa com Lu\u00eds Virtuoso, Presidente da Dire\u00e7\u00e3o da AEEP que, em entrevista, nos deu a conhecer o&hellip;<\/p>\n","protected":false},"author":7,"featured_media":2713,"comment_status":"open","ping_status":"open","sticky":false,"template":"","format":"standard","meta":{"advgb_blocks_editor_width":"","advgb_blocks_columns_visual_guide":"","_monsterinsights_skip_tracking":false,"_monsterinsights_sitenote_active":false,"_monsterinsights_sitenote_note":"","_monsterinsights_sitenote_category":0,"footnotes":""},"categories":[51],"tags":[524,523,521,522],"class_list":["post-2712","post","type-post","status-publish","format-standard","has-post-thumbnail","hentry","category-opiniao","tag-aeep","tag-cooperativo","tag-ensino","tag-privado"],"yoast_head":"<!-- This site is optimized with the Yoast SEO plugin v24.4 - https:\/\/yoast.com\/wordpress\/plugins\/seo\/ -->\n<title>Ensino Particular e Cooperativo na vanguarda da inova\u00e7\u00e3o educacional - Mais Magazine<\/title>\n<meta name=\"description\" content=\"AEEP \u00e9 a institui\u00e7\u00e3o mais representativa do Ensino Privado em Portugal.\" \/>\n<meta name=\"robots\" content=\"index, follow, max-snippet:-1, max-image-preview:large, max-video-preview:-1\" \/>\n<link rel=\"canonical\" href=\"https:\/\/maismagazine.pt\/index.php\/2022\/04\/14\/ensino-particular-e-cooperativo-na-vanguarda-da-inovacao-educacional\/\" \/>\n<meta property=\"og:locale\" content=\"pt_PT\" \/>\n<meta property=\"og:type\" content=\"article\" \/>\n<meta property=\"og:title\" content=\"Ensino Particular e Cooperativo na vanguarda da inova\u00e7\u00e3o educacional - Mais Magazine\" \/>\n<meta property=\"og:description\" content=\"AEEP \u00e9 a institui\u00e7\u00e3o mais representativa do Ensino Privado em Portugal.\" \/>\n<meta property=\"og:url\" content=\"https:\/\/maismagazine.pt\/index.php\/2022\/04\/14\/ensino-particular-e-cooperativo-na-vanguarda-da-inovacao-educacional\/\" \/>\n<meta property=\"og:site_name\" content=\"Mais Magazine\" \/>\n<meta property=\"article:published_time\" content=\"2022-04-14T07:37:28+00:00\" \/>\n<meta property=\"og:image\" content=\"https:\/\/maismagazine.pt\/wp-content\/uploads\/2022\/04\/Luis-Virtuoso.jpg\" \/>\n\t<meta property=\"og:image:width\" content=\"1555\" \/>\n\t<meta property=\"og:image:height\" content=\"2102\" \/>\n\t<meta property=\"og:image:type\" content=\"image\/jpeg\" \/>\n<meta name=\"author\" content=\"Jo\u00e3o Malainho\" \/>\n<meta name=\"twitter:card\" content=\"summary_large_image\" \/>\n<meta name=\"twitter:label1\" content=\"Escrito por\" \/>\n\t<meta name=\"twitter:data1\" content=\"\" \/>\n\t<meta name=\"twitter:label2\" content=\"Tempo estimado de leitura\" \/>\n\t<meta name=\"twitter:data2\" content=\"3 minutos\" \/>\n<script type=\"application\/ld+json\" class=\"yoast-schema-graph\">{\"@context\":\"https:\/\/schema.org\",\"@graph\":[{\"@type\":\"Article\",\"@id\":\"https:\/\/maismagazine.pt\/index.php\/2022\/04\/14\/ensino-particular-e-cooperativo-na-vanguarda-da-inovacao-educacional\/#article\",\"isPartOf\":{\"@id\":\"https:\/\/maismagazine.pt\/index.php\/2022\/04\/14\/ensino-particular-e-cooperativo-na-vanguarda-da-inovacao-educacional\/\"},\"author\":{\"name\":\"Jo\u00e3o Malainho\",\"@id\":\"http:\/\/maismagazine.pt\/#\/schema\/person\/999bd426f894ff56d397ec12ebd21ebb\"},\"headline\":\"Ensino Particular e Cooperativo na vanguarda da inova\u00e7\u00e3o educacional\",\"datePublished\":\"2022-04-14T07:37:28+00:00\",\"mainEntityOfPage\":{\"@id\":\"https:\/\/maismagazine.pt\/index.php\/2022\/04\/14\/ensino-particular-e-cooperativo-na-vanguarda-da-inovacao-educacional\/\"},\"wordCount\":656,\"commentCount\":0,\"publisher\":{\"@id\":\"http:\/\/maismagazine.pt\/#organization\"},\"image\":{\"@id\":\"https:\/\/maismagazine.pt\/index.php\/2022\/04\/14\/ensino-particular-e-cooperativo-na-vanguarda-da-inovacao-educacional\/#primaryimage\"},\"thumbnailUrl\":\"https:\/\/maismagazine.pt\/wp-content\/uploads\/2022\/04\/Luis-Virtuoso.jpg\",\"keywords\":[\"AEEP\",\"Cooperativo\",\"Ensino\",\"Privado\"],\"articleSection\":[\"Opini\u00e3o\"],\"inLanguage\":\"pt-PT\",\"potentialAction\":[{\"@type\":\"CommentAction\",\"name\":\"Comment\",\"target\":[\"https:\/\/maismagazine.pt\/index.php\/2022\/04\/14\/ensino-particular-e-cooperativo-na-vanguarda-da-inovacao-educacional\/#respond\"]}]},{\"@type\":\"WebPage\",\"@id\":\"https:\/\/maismagazine.pt\/index.php\/2022\/04\/14\/ensino-particular-e-cooperativo-na-vanguarda-da-inovacao-educacional\/\",\"url\":\"https:\/\/maismagazine.pt\/index.php\/2022\/04\/14\/ensino-particular-e-cooperativo-na-vanguarda-da-inovacao-educacional\/\",\"name\":\"Ensino Particular e Cooperativo na vanguarda da inova\u00e7\u00e3o educacional - Mais Magazine\",\"isPartOf\":{\"@id\":\"http:\/\/maismagazine.pt\/#website\"},\"primaryImageOfPage\":{\"@id\":\"https:\/\/maismagazine.pt\/index.php\/2022\/04\/14\/ensino-particular-e-cooperativo-na-vanguarda-da-inovacao-educacional\/#primaryimage\"},\"image\":{\"@id\":\"https:\/\/maismagazine.pt\/index.php\/2022\/04\/14\/ensino-particular-e-cooperativo-na-vanguarda-da-inovacao-educacional\/#primaryimage\"},\"thumbnailUrl\":\"https:\/\/maismagazine.pt\/wp-content\/uploads\/2022\/04\/Luis-Virtuoso.jpg\",\"datePublished\":\"2022-04-14T07:37:28+00:00\",\"description\":\"AEEP \u00e9 a institui\u00e7\u00e3o mais representativa do Ensino Privado em Portugal.\",\"breadcrumb\":{\"@id\":\"https:\/\/maismagazine.pt\/index.php\/2022\/04\/14\/ensino-particular-e-cooperativo-na-vanguarda-da-inovacao-educacional\/#breadcrumb\"},\"inLanguage\":\"pt-PT\",\"potentialAction\":[{\"@type\":\"ReadAction\",\"target\":[\"https:\/\/maismagazine.pt\/index.php\/2022\/04\/14\/ensino-particular-e-cooperativo-na-vanguarda-da-inovacao-educacional\/\"]}]},{\"@type\":\"ImageObject\",\"inLanguage\":\"pt-PT\",\"@id\":\"https:\/\/maismagazine.pt\/index.php\/2022\/04\/14\/ensino-particular-e-cooperativo-na-vanguarda-da-inovacao-educacional\/#primaryimage\",\"url\":\"https:\/\/maismagazine.pt\/wp-content\/uploads\/2022\/04\/Luis-Virtuoso.jpg\",\"contentUrl\":\"https:\/\/maismagazine.pt\/wp-content\/uploads\/2022\/04\/Luis-Virtuoso.jpg\",\"width\":1555,\"height\":2102},{\"@type\":\"BreadcrumbList\",\"@id\":\"https:\/\/maismagazine.pt\/index.php\/2022\/04\/14\/ensino-particular-e-cooperativo-na-vanguarda-da-inovacao-educacional\/#breadcrumb\",\"itemListElement\":[{\"@type\":\"ListItem\",\"position\":1,\"name\":\"Home\",\"item\":\"http:\/\/maismagazine.pt\/\"},{\"@type\":\"ListItem\",\"position\":2,\"name\":\"Ensino Particular e Cooperativo na vanguarda da inova\u00e7\u00e3o educacional\"}]},{\"@type\":\"WebSite\",\"@id\":\"http:\/\/maismagazine.pt\/#website\",\"url\":\"http:\/\/maismagazine.pt\/\",\"name\":\"Mais Magazine\",\"description\":\"\",\"publisher\":{\"@id\":\"http:\/\/maismagazine.pt\/#organization\"},\"potentialAction\":[{\"@type\":\"SearchAction\",\"target\":{\"@type\":\"EntryPoint\",\"urlTemplate\":\"http:\/\/maismagazine.pt\/?s={search_term_string}\"},\"query-input\":{\"@type\":\"PropertyValueSpecification\",\"valueRequired\":true,\"valueName\":\"search_term_string\"}}],\"inLanguage\":\"pt-PT\"},{\"@type\":\"Organization\",\"@id\":\"http:\/\/maismagazine.pt\/#organization\",\"name\":\"Mais Magazine\",\"url\":\"http:\/\/maismagazine.pt\/\",\"logo\":{\"@type\":\"ImageObject\",\"inLanguage\":\"pt-PT\",\"@id\":\"http:\/\/maismagazine.pt\/#\/schema\/logo\/image\/\",\"url\":\"https:\/\/maismagazine.pt\/wp-content\/uploads\/2020\/04\/cropped-cropped-mais-magazine-site-logo-2.png\",\"contentUrl\":\"https:\/\/maismagazine.pt\/wp-content\/uploads\/2020\/04\/cropped-cropped-mais-magazine-site-logo-2.png\",\"width\":581,\"height\":90,\"caption\":\"Mais Magazine\"},\"image\":{\"@id\":\"http:\/\/maismagazine.pt\/#\/schema\/logo\/image\/\"}},{\"@type\":\"Person\",\"@id\":\"http:\/\/maismagazine.pt\/#\/schema\/person\/999bd426f894ff56d397ec12ebd21ebb\",\"name\":\"Jo\u00e3o Malainho\",\"image\":{\"@type\":\"ImageObject\",\"inLanguage\":\"pt-PT\",\"@id\":\"http:\/\/maismagazine.pt\/#\/schema\/person\/image\/\",\"url\":\"https:\/\/secure.gravatar.com\/avatar\/ff03c2f38edf60b2a827aa4f74878491?s=96&d=mm&r=g\",\"contentUrl\":\"https:\/\/secure.gravatar.com\/avatar\/ff03c2f38edf60b2a827aa4f74878491?s=96&d=mm&r=g\",\"caption\":\"Jo\u00e3o Malainho\"},\"url\":\"https:\/\/maismagazine.pt\/index.php\/author\/maismagazine\/\"}]}<\/script>\n<!-- \/ Yoast SEO plugin. -->","yoast_head_json":{"title":"Ensino Particular e Cooperativo na vanguarda da inova\u00e7\u00e3o educacional - Mais Magazine","description":"AEEP \u00e9 a institui\u00e7\u00e3o mais representativa do Ensino Privado em Portugal.","robots":{"index":"index","follow":"follow","max-snippet":"max-snippet:-1","max-image-preview":"max-image-preview:large","max-video-preview":"max-video-preview:-1"},"canonical":"https:\/\/maismagazine.pt\/index.php\/2022\/04\/14\/ensino-particular-e-cooperativo-na-vanguarda-da-inovacao-educacional\/","og_locale":"pt_PT","og_type":"article","og_title":"Ensino Particular e Cooperativo na vanguarda da inova\u00e7\u00e3o educacional - Mais Magazine","og_description":"AEEP \u00e9 a institui\u00e7\u00e3o mais representativa do Ensino Privado em Portugal.","og_url":"https:\/\/maismagazine.pt\/index.php\/2022\/04\/14\/ensino-particular-e-cooperativo-na-vanguarda-da-inovacao-educacional\/","og_site_name":"Mais Magazine","article_published_time":"2022-04-14T07:37:28+00:00","og_image":[{"width":1555,"height":2102,"url":"https:\/\/maismagazine.pt\/wp-content\/uploads\/2022\/04\/Luis-Virtuoso.jpg","type":"image\/jpeg"}],"author":"Jo\u00e3o Malainho","twitter_card":"summary_large_image","twitter_misc":{"Escrito por":false,"Tempo estimado de leitura":"3 minutos"},"schema":{"@context":"https:\/\/schema.org","@graph":[{"@type":"Article","@id":"https:\/\/maismagazine.pt\/index.php\/2022\/04\/14\/ensino-particular-e-cooperativo-na-vanguarda-da-inovacao-educacional\/#article","isPartOf":{"@id":"https:\/\/maismagazine.pt\/index.php\/2022\/04\/14\/ensino-particular-e-cooperativo-na-vanguarda-da-inovacao-educacional\/"},"author":{"name":"Jo\u00e3o Malainho","@id":"http:\/\/maismagazine.pt\/#\/schema\/person\/999bd426f894ff56d397ec12ebd21ebb"},"headline":"Ensino Particular e Cooperativo na vanguarda da inova\u00e7\u00e3o educacional","datePublished":"2022-04-14T07:37:28+00:00","mainEntityOfPage":{"@id":"https:\/\/maismagazine.pt\/index.php\/2022\/04\/14\/ensino-particular-e-cooperativo-na-vanguarda-da-inovacao-educacional\/"},"wordCount":656,"commentCount":0,"publisher":{"@id":"http:\/\/maismagazine.pt\/#organization"},"image":{"@id":"https:\/\/maismagazine.pt\/index.php\/2022\/04\/14\/ensino-particular-e-cooperativo-na-vanguarda-da-inovacao-educacional\/#primaryimage"},"thumbnailUrl":"https:\/\/maismagazine.pt\/wp-content\/uploads\/2022\/04\/Luis-Virtuoso.jpg","keywords":["AEEP","Cooperativo","Ensino","Privado"],"articleSection":["Opini\u00e3o"],"inLanguage":"pt-PT","potentialAction":[{"@type":"CommentAction","name":"Comment","target":["https:\/\/maismagazine.pt\/index.php\/2022\/04\/14\/ensino-particular-e-cooperativo-na-vanguarda-da-inovacao-educacional\/#respond"]}]},{"@type":"WebPage","@id":"https:\/\/maismagazine.pt\/index.php\/2022\/04\/14\/ensino-particular-e-cooperativo-na-vanguarda-da-inovacao-educacional\/","url":"https:\/\/maismagazine.pt\/index.php\/2022\/04\/14\/ensino-particular-e-cooperativo-na-vanguarda-da-inovacao-educacional\/","name":"Ensino Particular e Cooperativo na vanguarda da inova\u00e7\u00e3o educacional - Mais Magazine","isPartOf":{"@id":"http:\/\/maismagazine.pt\/#website"},"primaryImageOfPage":{"@id":"https:\/\/maismagazine.pt\/index.php\/2022\/04\/14\/ensino-particular-e-cooperativo-na-vanguarda-da-inovacao-educacional\/#primaryimage"},"image":{"@id":"https:\/\/maismagazine.pt\/index.php\/2022\/04\/14\/ensino-particular-e-cooperativo-na-vanguarda-da-inovacao-educacional\/#primaryimage"},"thumbnailUrl":"https:\/\/maismagazine.pt\/wp-content\/uploads\/2022\/04\/Luis-Virtuoso.jpg","datePublished":"2022-04-14T07:37:28+00:00","description":"AEEP \u00e9 a institui\u00e7\u00e3o mais representativa do Ensino Privado em Portugal.","breadcrumb":{"@id":"https:\/\/maismagazine.pt\/index.php\/2022\/04\/14\/ensino-particular-e-cooperativo-na-vanguarda-da-inovacao-educacional\/#breadcrumb"},"inLanguage":"pt-PT","potentialAction":[{"@type":"ReadAction","target":["https:\/\/maismagazine.pt\/index.php\/2022\/04\/14\/ensino-particular-e-cooperativo-na-vanguarda-da-inovacao-educacional\/"]}]},{"@type":"ImageObject","inLanguage":"pt-PT","@id":"https:\/\/maismagazine.pt\/index.php\/2022\/04\/14\/ensino-particular-e-cooperativo-na-vanguarda-da-inovacao-educacional\/#primaryimage","url":"https:\/\/maismagazine.pt\/wp-content\/uploads\/2022\/04\/Luis-Virtuoso.jpg","contentUrl":"https:\/\/maismagazine.pt\/wp-content\/uploads\/2022\/04\/Luis-Virtuoso.jpg","width":1555,"height":2102},{"@type":"BreadcrumbList","@id":"https:\/\/maismagazine.pt\/index.php\/2022\/04\/14\/ensino-particular-e-cooperativo-na-vanguarda-da-inovacao-educacional\/#breadcrumb","itemListElement":[{"@type":"ListItem","position":1,"name":"Home","item":"http:\/\/maismagazine.pt\/"},{"@type":"ListItem","position":2,"name":"Ensino Particular e Cooperativo na vanguarda da inova\u00e7\u00e3o educacional"}]},{"@type":"WebSite","@id":"http:\/\/maismagazine.pt\/#website","url":"http:\/\/maismagazine.pt\/","name":"Mais Magazine","description":"","publisher":{"@id":"http:\/\/maismagazine.pt\/#organization"},"potentialAction":[{"@type":"SearchAction","target":{"@type":"EntryPoint","urlTemplate":"http:\/\/maismagazine.pt\/?s={search_term_string}"},"query-input":{"@type":"PropertyValueSpecification","valueRequired":true,"valueName":"search_term_string"}}],"inLanguage":"pt-PT"},{"@type":"Organization","@id":"http:\/\/maismagazine.pt\/#organization","name":"Mais Magazine","url":"http:\/\/maismagazine.pt\/","logo":{"@type":"ImageObject","inLanguage":"pt-PT","@id":"http:\/\/maismagazine.pt\/#\/schema\/logo\/image\/","url":"https:\/\/maismagazine.pt\/wp-content\/uploads\/2020\/04\/cropped-cropped-mais-magazine-site-logo-2.png","contentUrl":"https:\/\/maismagazine.pt\/wp-content\/uploads\/2020\/04\/cropped-cropped-mais-magazine-site-logo-2.png","width":581,"height":90,"caption":"Mais Magazine"},"image":{"@id":"http:\/\/maismagazine.pt\/#\/schema\/logo\/image\/"}},{"@type":"Person","@id":"http:\/\/maismagazine.pt\/#\/schema\/person\/999bd426f894ff56d397ec12ebd21ebb","name":"Jo\u00e3o Malainho","image":{"@type":"ImageObject","inLanguage":"pt-PT","@id":"http:\/\/maismagazine.pt\/#\/schema\/person\/image\/","url":"https:\/\/secure.gravatar.com\/avatar\/ff03c2f38edf60b2a827aa4f74878491?s=96&d=mm&r=g","contentUrl":"https:\/\/secure.gravatar.com\/avatar\/ff03c2f38edf60b2a827aa4f74878491?s=96&d=mm&r=g","caption":"Jo\u00e3o Malainho"},"url":"https:\/\/maismagazine.pt\/index.php\/author\/maismagazine\/"}]}},"author_meta":{"display_name":false,"author_link":"https:\/\/maismagazine.pt\/index.php\/author\/maismagazine\/"},"featured_img":"https:\/\/maismagazine.pt\/wp-content\/uploads\/2022\/04\/Luis-Virtuoso-222x300.jpg","coauthors":[],"tax_additional":{"categories":{"linked":["<a href=\"https:\/\/maismagazine.pt\/index.php\/category\/noticias\/opiniao\/\" class=\"advgb-post-tax-term\">Opini\u00e3o<\/a>"],"unlinked":["<span class=\"advgb-post-tax-term\">Opini\u00e3o<\/span>"]},"tags":{"linked":["<a href=\"https:\/\/maismagazine.pt\/index.php\/category\/noticias\/opiniao\/\" class=\"advgb-post-tax-term\">AEEP<\/a>","<a href=\"https:\/\/maismagazine.pt\/index.php\/category\/noticias\/opiniao\/\" class=\"advgb-post-tax-term\">Cooperativo<\/a>","<a href=\"https:\/\/maismagazine.pt\/index.php\/category\/noticias\/opiniao\/\" class=\"advgb-post-tax-term\">Ensino<\/a>","<a href=\"https:\/\/maismagazine.pt\/index.php\/category\/noticias\/opiniao\/\" class=\"advgb-post-tax-term\">Privado<\/a>"],"unlinked":["<span class=\"advgb-post-tax-term\">AEEP<\/span>","<span class=\"advgb-post-tax-term\">Cooperativo<\/span>","<span class=\"advgb-post-tax-term\">Ensino<\/span>","<span class=\"advgb-post-tax-term\">Privado<\/span>"]}},"comment_count":"0","relative_dates":{"created":"Posted 4 anos ago","modified":"Updated 4 anos ago"},"absolute_dates":{"created":"Posted on 14 de Abril, 2022","modified":"Updated on 14 de Abril, 2022"},"absolute_dates_time":{"created":"Posted on 14 de Abril, 2022 7:37","modified":"Updated on 14 de Abril, 2022 7:37"},"featured_img_caption":"","series_order":"","_links":{"self":[{"href":"https:\/\/maismagazine.pt\/index.php\/wp-json\/wp\/v2\/posts\/2712","targetHints":{"allow":["GET"]}}],"collection":[{"href":"https:\/\/maismagazine.pt\/index.php\/wp-json\/wp\/v2\/posts"}],"about":[{"href":"https:\/\/maismagazine.pt\/index.php\/wp-json\/wp\/v2\/types\/post"}],"author":[{"embeddable":true,"href":"https:\/\/maismagazine.pt\/index.php\/wp-json\/wp\/v2\/users\/7"}],"replies":[{"embeddable":true,"href":"https:\/\/maismagazine.pt\/index.php\/wp-json\/wp\/v2\/comments?post=2712"}],"version-history":[{"count":3,"href":"https:\/\/maismagazine.pt\/index.php\/wp-json\/wp\/v2\/posts\/2712\/revisions"}],"predecessor-version":[{"id":2716,"href":"https:\/\/maismagazine.pt\/index.php\/wp-json\/wp\/v2\/posts\/2712\/revisions\/2716"}],"wp:featuredmedia":[{"embeddable":true,"href":"https:\/\/maismagazine.pt\/index.php\/wp-json\/wp\/v2\/media\/2713"}],"wp:attachment":[{"href":"https:\/\/maismagazine.pt\/index.php\/wp-json\/wp\/v2\/media?parent=2712"}],"wp:term":[{"taxonomy":"category","embeddable":true,"href":"https:\/\/maismagazine.pt\/index.php\/wp-json\/wp\/v2\/categories?post=2712"},{"taxonomy":"post_tag","embeddable":true,"href":"https:\/\/maismagazine.pt\/index.php\/wp-json\/wp\/v2\/tags?post=2712"}],"curies":[{"name":"wp","href":"https:\/\/api.w.org\/{rel}","templated":true}]}}