{"id":2405,"date":"2022-03-05T07:00:00","date_gmt":"2022-03-05T07:00:00","guid":{"rendered":"http:\/\/maismagazine.pt\/?p=2405"},"modified":"2022-03-02T12:25:24","modified_gmt":"2022-03-02T12:25:24","slug":"este-territorio-aguarda-por-si","status":"publish","type":"post","link":"https:\/\/maismagazine.pt\/index.php\/2022\/03\/05\/este-territorio-aguarda-por-si\/","title":{"rendered":"Este territ\u00f3rio (a)Guarda por si"},"content":{"rendered":"\n<p><em>A Guarda \u00e9 uma das cidades mais antigas de Portugal. As paisagens agrestes e os caprichos da natureza, mas tamb\u00e9m a pureza do ar e a proximidade de tudo o que a cidade oferece, certificam este territ\u00f3rio como um bom s\u00edtio para viver. Da gastronomia ao artesanato, dos equipamentos \u00e0s atividades que preenchem facilmente os tempos livres, da proximidade ao emprego, \u00e0s \u00f3timas acessibilidades a outras paragens, Jo\u00e3o Prata, Presidente, d\u00e1-lhe a conhecer nesta edi\u00e7\u00e3o uma m\u00e3o cheia de motivos para viver e sentir este territ\u00f3rio.<\/em><\/p>\n\n\n\n<p><\/p>\n\n\n\n<p>Na Guarda respira-se um ar saud\u00e1vel e leve, pr\u00f3prio da montanha onde est\u00e1 inserida \u2013 a Serra da Estrela, a maior \u00e1rea protegida portuguesa. <a href=\"https:\/\/fg.secure.force.com\/\" target=\"_blank\" rel=\"noreferrer noopener\">Herdeira<\/a> de um patrim\u00f3nio cultural rico e \u00fanico de mais de 800 anos de Hist\u00f3ria, a Guarda \u00e9 s\u00edmbolo do di\u00e1logo entre culturas e religi\u00f5es e espa\u00e7o privilegiado de encontro. A Guarda \u00e9 um territ\u00f3rio culturalmente rico, onde a autenticidade e a tradi\u00e7\u00e3o se aliam \u00e0 criatividade. <\/p>\n\n\n\n<p><\/p>\n\n\n\n<p>A cidade mais alta de Portugal (1056 metros), foi e ainda \u00e9 reconhecida como a cidade dos F\u2019s &#8211; Forte, Fiel, Fria, Formosa e Farta. A sua origem tem v\u00e1rias explica\u00e7\u00f5es e ningu\u00e9m melhor que Jo\u00e3o Prata para nos explicar a origem desta denomina\u00e7\u00e3o: \u201cForte foi o seu desempenho de guardi\u00e3 do reino dos invasores castelhanos. Fiel, porque em tempos de invas\u00e3o houve um verdadeiro e corajoso alcaide da Guarda, \u00c1lvaro Gil Cabral que preferiu guerrear a entregar as chaves da cidade ao invasor. Fria, pela Serra da Estrela que a resguarda dos ares mar\u00edtimos, e deixa o bom e seco frio aqui e ali acompanhados pela precipita\u00e7\u00e3o em forma de neve. Formosa, pela sua beleza ainda ligada a uma ancestralidade com presen\u00e7a marcante na zona hist\u00f3rica, desde a torre de Menagem \u00e0 muralha do Castelo, passando pela Torre dos Ferreiros e pela majestosa S\u00e9 Catedral. Farta, pela bondade divina que lhe deixou vastos e f\u00e9rteis terrenos que, quando agricultados, e merc\u00ea da bondade clim\u00e1tica de alguns dos vales existentes, permitia e permite abastecer com a qualidade dos produtos da terra as popula\u00e7\u00f5es\u201d.<br><\/p>\n\n\n\n<p>Assim \u00e9 a Guarda, que oferece a hist\u00f3ria conjugada com a monumentalidade patrimonial e ambiental das suas vastas rotas. Uma gastronomia a gosto numa cidade hospitaleira e de portas abertas a todos os que a queiram visitar. \u201cAs ruas da zona urbana da Freguesia da Guarda s\u00e3o carregadas de hist\u00f3ria, retratos de momentos importantes da hist\u00f3ria do nosso pa\u00eds\u201d, ressalva o presidente. Nelas passamos pela judiaria, a marca do segundo rei de Portugal, por autores eminentes da literatura do pa\u00eds, pelas marcas das rela\u00e7\u00f5es com Espanha. Guarda \u00e9 tamb\u00e9m presente, espelhado nos edif\u00edcios que almejam objetivos para um futuro constru\u00eddo a partir das ra\u00edzes.<\/p>\n\n\n\n<div class=\"wp-block-image\"><figure class=\"aligncenter size-large\"><img loading=\"lazy\" decoding=\"async\" width=\"1024\" height=\"971\" src=\"http:\/\/maismagazine.pt\/wp-content\/uploads\/2022\/03\/Presi_Prata-1024x971.png\" alt=\"\" class=\"wp-image-2408\" srcset=\"https:\/\/maismagazine.pt\/wp-content\/uploads\/2022\/03\/Presi_Prata-1024x971.png 1024w, https:\/\/maismagazine.pt\/wp-content\/uploads\/2022\/03\/Presi_Prata-300x284.png 300w, https:\/\/maismagazine.pt\/wp-content\/uploads\/2022\/03\/Presi_Prata-768x728.png 768w, https:\/\/maismagazine.pt\/wp-content\/uploads\/2022\/03\/Presi_Prata-1536x1456.png 1536w, https:\/\/maismagazine.pt\/wp-content\/uploads\/2022\/03\/Presi_Prata.png 2002w\" sizes=\"auto, (max-width: 1024px) 100vw, 1024px\" \/><\/figure><\/div>\n\n\n\n<p><strong>Um executivo em prol do desenvolvimento<\/strong><br>A Freguesia da Guarda resulta do processo de agrega\u00e7\u00e3o de tr\u00eas freguesias urbanas: S\u00e9, S\u00e3o Vicente e S\u00e3o Miguel. Jo\u00e3o Prata lidera os destinos deste territ\u00f3rio desde 2013. As \u00e1reas alvo de especial incid\u00eancia no mandato 2013\/2017 foram precisamente cuidar da agrega\u00e7\u00e3o efetiva das tr\u00eas Freguesias, \u201cintegrar os funcion\u00e1rios, modos de trabalho, a clara melhoria dos servi\u00e7os e da oferta dos mesmos \u00e0 popula\u00e7\u00e3o e refor\u00e7ar a presen\u00e7a \/marca da \u201cFreguesia da Guarda junto da popula\u00e7\u00e3o\u201d, explica o autarca.<br><\/p>\n\n\n\n<p>Ap\u00f3s a reforma administrativa nacional, a freguesia ficou com 26 mil habitantes e cerca de 40Km2 de \u00e1rea, onde se envolve uma boa parcela urbana e uma vasta \u00e1rea marcadamente rural. \u201c\u00c9, pois, uma freguesia completa e valorizada, precisamente por essa diversidade territorial\u201d, afirma.<br><\/p>\n\n\n\n<p>O primeiro e segundo mandato ficaram ainda marcados pelo esfor\u00e7o de proximidade, com a realiza\u00e7\u00e3o das sess\u00f5es da Assembleia de Freguesia deslocalizadas nas sedes das associa\u00e7\u00f5es da Freguesia abertas \u00e0 popula\u00e7\u00e3o. \u201cInici\u00e1mos as reuni\u00f5es nos bairros residenciais para aferir as necessidades e os anseios da popula\u00e7\u00e3o\u201d.<br><\/p>\n\n\n\n<p>Na \u00e1rea educativa o executivo apostou na qualifica\u00e7\u00e3o e apoio ao ato educativo, incrementando projetos de apoio nos jardins-de-inf\u00e2ncia com educa\u00e7\u00e3o f\u00edsica, musical e dram\u00e1tica. Depois, nas turmas do 1\u00ba ciclo, com uma proposta assente na preocupa\u00e7\u00e3o de apoiar as crian\u00e7as na transi\u00e7\u00e3o\/inser\u00e7\u00e3o no 1\u00ba ciclo com o projeto \u201cEstou Atento, Assim Aprendo Melhor\u201d. \u201cEnvolvemos nestas duas apostas mais de 600 crian\u00e7as\u201d, confessa o edil. Tamb\u00e9m a popula\u00e7\u00e3o s\u00e9nior foi alvo de especial aten\u00e7\u00e3o por parte do executivo liderado por Jo\u00e3o Prata, que desenvolveu um conjunto de iniciativas direcionadas aos mais velhos.<br><\/p>\n\n\n\n<p>\u201cConseguimos tamb\u00e9m implementar as hortas comunit\u00e1rias e, neste momento, estamos tamb\u00e9m empenhados em recuperar os cinco fornos existentes na Freguesia\u201d, assume o presidente que tem depositado ainda um esfor\u00e7o maior no cuidado e manuten\u00e7\u00e3o dos sete cemit\u00e9rios geridos pela Junta de Freguesia. O apoio \u00e0s associa\u00e7\u00f5es de base conheceu tamb\u00e9m um forte impulso, resultado da imprescind\u00edvel coopera\u00e7\u00e3o com a C\u00e2mara Municipal. \u201cParticip\u00e1mos no programa Erasmus+, conseguimos o Galard\u00e3o da Bandeira Verde e na Economia Circular concretiz\u00e1mos o projeto \u201cGuarda sem Desperd\u00edcio\u201d, enumera.<br><\/p>\n\n\n\n<p>Neste mandato aut\u00e1rquico, para al\u00e9m da continuidade dos projetos j\u00e1 desenvolvidos, o executivo tem vindo a apostar no fator \u201cproximidade\u201d, atrav\u00e9s do projeto \u201cProvedor do Bairro\u201d. Mas os projetos em vista para a Freguesia n\u00e3o param por aqui, como nos explica Jo\u00e3o Prata: \u201cPretendemos concluir e, principalmente, valorizar a oferta do forno comunit\u00e1rio. Para al\u00e9m disso, temos tamb\u00e9m  um conjunto de edif\u00edcios onde pretendemos intervir fisicamente e agregar-lhes v\u00e1rias atividades. A equipa do servi\u00e7o externo continuar\u00e1 a marcar a presen\u00e7a com interven\u00e7\u00f5es de limpeza, manuten\u00e7\u00e3o e conserva\u00e7\u00e3o de caminhos, edif\u00edcios, logradouros, \u00e1reas verdes e nos terrenos sobrantes nas zonas residenciais, bem como nos pomares\u201d.<\/p>\n\n\n\n<figure class=\"wp-block-gallery columns-2 is-cropped wp-block-gallery-1\"><ul class=\"blocks-gallery-grid\"><li class=\"blocks-gallery-item\"><figure><img loading=\"lazy\" decoding=\"async\" width=\"1024\" height=\"768\" src=\"http:\/\/maismagazine.pt\/wp-content\/uploads\/2022\/03\/Forno-Coviais-Baixo-1024x768.jpeg\" alt=\"\" data-id=\"2407\" data-full-url=\"http:\/\/maismagazine.pt\/wp-content\/uploads\/2022\/03\/Forno-Coviais-Baixo.jpeg\" data-link=\"http:\/\/maismagazine.pt\/?attachment_id=2407\" class=\"wp-image-2407\" srcset=\"https:\/\/maismagazine.pt\/wp-content\/uploads\/2022\/03\/Forno-Coviais-Baixo-1024x768.jpeg 1024w, https:\/\/maismagazine.pt\/wp-content\/uploads\/2022\/03\/Forno-Coviais-Baixo-300x225.jpeg 300w, https:\/\/maismagazine.pt\/wp-content\/uploads\/2022\/03\/Forno-Coviais-Baixo-768x576.jpeg 768w, https:\/\/maismagazine.pt\/wp-content\/uploads\/2022\/03\/Forno-Coviais-Baixo-1536x1152.jpeg 1536w, https:\/\/maismagazine.pt\/wp-content\/uploads\/2022\/03\/Forno-Coviais-Baixo.jpeg 1920w\" sizes=\"auto, (max-width: 1024px) 100vw, 1024px\" \/><\/figure><\/li><li class=\"blocks-gallery-item\"><figure><img loading=\"lazy\" decoding=\"async\" width=\"1024\" height=\"768\" src=\"http:\/\/maismagazine.pt\/wp-content\/uploads\/2022\/03\/Horta_3-1024x768.jpg\" alt=\"\" data-id=\"2406\" data-full-url=\"http:\/\/maismagazine.pt\/wp-content\/uploads\/2022\/03\/Horta_3.jpg\" data-link=\"http:\/\/maismagazine.pt\/?attachment_id=2406\" class=\"wp-image-2406 is-layout-flex wp-block-gallery-is-layout-flex\" srcset=\"https:\/\/maismagazine.pt\/wp-content\/uploads\/2022\/03\/Horta_3-1024x768.jpg 1024w, https:\/\/maismagazine.pt\/wp-content\/uploads\/2022\/03\/Horta_3-300x225.jpg 300w, https:\/\/maismagazine.pt\/wp-content\/uploads\/2022\/03\/Horta_3-768x576.jpg 768w, https:\/\/maismagazine.pt\/wp-content\/uploads\/2022\/03\/Horta_3-1536x1152.jpg 1536w, https:\/\/maismagazine.pt\/wp-content\/uploads\/2022\/03\/Horta_3-2048x1536.jpg 2048w\" sizes=\"auto, (max-width: 1024px) 100vw, 1024px\" \/><\/figure><\/li><\/ul><\/figure>\n\n\n\n<p><strong>Poder Local: cidadania e participa\u00e7\u00e3o<\/strong><br>O Poder Local tem a sua principal for\u00e7a na proximidade \u00e0s popula\u00e7\u00f5es, afirmando-se como a primeira voz do povo. Por sua vez, o cidad\u00e3o encara-o como o seu primeiro grande parceiro, aquele a quem se deve dirigir em primeira linha e onde deve colher o apoio<br>necess\u00e1rio. Para o executivo liderado por Jo\u00e3o Prata, o grande objetivo ser\u00e1 sempre o de promover o envolvimento e a responsabiliza\u00e7\u00e3o de cada cidad\u00e3o como agente capaz da mudan\u00e7a na sua freguesia. \u201cTentamos dar voz \u00e0s preocupa\u00e7\u00f5es dos fregueses perante as entidades competentes e ser a resposta pronta, quando disso somos capazes\u201d, esclarece o presidente.<br><\/p>\n\n\n\n<p>Vivificar a participa\u00e7\u00e3o cidad\u00e3 \u00e9 um dos principais objetivos do atual executivo que reconhece nas freguesias portuguesas \u201ca oportunidade de uma aprendizagem e pr\u00e1tica da democracia participativa\u201d. \u201cVamos continuar a realizar encontros frequentes<br>com a nossa comunidade, com o tecido associativo, dinamizaremos mais o espa\u00e7o p\u00fablico com potencial de encontro dos cidad\u00e3os para incentivar todos os cidad\u00e3os na partilha e constru\u00e7\u00e3o das melhores decis\u00f5es \/solu\u00e7\u00f5es para o nosso territ\u00f3rio\u201d.<br><\/p>\n\n\n\n<p>Durante os v\u00e1rios picos da pandemia de covid-19, as freguesias estiveram muito presentes nas suas <a href=\"https:\/\/maismagazine.pt\/\" target=\"_blank\" rel=\"noreferrer noopener\">comunidades<\/a>, como por aqui na Freguesia da Guarda, entregaram alimentos em casa, mantiveram as respostas aos cidad\u00e3os na componente administrativa e nos espa\u00e7os do cidad\u00e3o e postos dos CTT, envolveram-se em campanhas de angaria\u00e7\u00e3o de fundos, participaram em opera\u00e7\u00f5es de  desinfe\u00e7\u00e3o dos locais, apoiaram as entidades de sa\u00fade no contacto e transporte da popula\u00e7\u00e3o idosas para a  vacina\u00e7\u00e3o, entre muitas outras a\u00e7\u00f5es. \u201cCom o que temos e o que conhecemos fomos construindo as respostas poss\u00edveis e necess\u00e1rias\u201d, conta-nos Jo\u00e3o Prata, acrescentando que \u201cacima de tudo tentou-se, com fortes evid\u00eancias, praticar a proximidade que tanto est\u00e1 associada \u00e0s Juntas de Freguesia\u201d.<\/p>\n","protected":false},"excerpt":{"rendered":"<p>A Guarda \u00e9 uma das cidades mais antigas de Portugal. As paisagens agrestes e os caprichos da natureza, mas tamb\u00e9m a pureza do ar e a proximidade de tudo o que a cidade oferece, certificam este territ\u00f3rio como um bom s\u00edtio para viver. Da gastronomia ao artesanato, dos equipamentos \u00e0s&hellip;<\/p>\n","protected":false},"author":7,"featured_media":2409,"comment_status":"open","ping_status":"open","sticky":false,"template":"","format":"standard","meta":{"advgb_blocks_editor_width":"","advgb_blocks_columns_visual_guide":"","_monsterinsights_skip_tracking":false,"_monsterinsights_sitenote_active":false,"_monsterinsights_sitenote_note":"","_monsterinsights_sitenote_category":0,"footnotes":""},"categories":[424],"tags":[421,425,428,427],"class_list":["post-2405","post","type-post","status-publish","format-standard","has-post-thumbnail","hentry","category-anafre","tag-anafre","tag-freguesia","tag-montanha","tag-serra"],"yoast_head":"<!-- This site is optimized with the Yoast SEO plugin v24.4 - https:\/\/yoast.com\/wordpress\/plugins\/seo\/ -->\n<title>Este territ\u00f3rio (a)Guarda por si - Mais Magazine<\/title>\n<meta name=\"description\" content=\"\u00c9 uma das cidades mais antigas de Portugal. As paisagens agrestes e os caprichos da natureza fazem deste territ\u00f3rio um bom s\u00edtio para viver.\" \/>\n<meta name=\"robots\" content=\"index, follow, max-snippet:-1, max-image-preview:large, max-video-preview:-1\" \/>\n<link rel=\"canonical\" href=\"https:\/\/maismagazine.pt\/index.php\/2022\/03\/05\/este-territorio-aguarda-por-si\/\" \/>\n<meta property=\"og:locale\" content=\"pt_PT\" \/>\n<meta property=\"og:type\" content=\"article\" \/>\n<meta property=\"og:title\" content=\"Este territ\u00f3rio (a)Guarda por si - Mais Magazine\" \/>\n<meta property=\"og:description\" content=\"\u00c9 uma das cidades mais antigas de Portugal. As paisagens agrestes e os caprichos da natureza fazem deste territ\u00f3rio um bom s\u00edtio para viver.\" \/>\n<meta property=\"og:url\" content=\"https:\/\/maismagazine.pt\/index.php\/2022\/03\/05\/este-territorio-aguarda-por-si\/\" \/>\n<meta property=\"og:site_name\" content=\"Mais Magazine\" \/>\n<meta property=\"article:published_time\" content=\"2022-03-05T07:00:00+00:00\" \/>\n<meta property=\"og:image\" content=\"https:\/\/maismagazine.pt\/wp-content\/uploads\/2022\/03\/guarda.jpg\" \/>\n\t<meta property=\"og:image:width\" content=\"886\" \/>\n\t<meta property=\"og:image:height\" content=\"514\" \/>\n\t<meta property=\"og:image:type\" content=\"image\/jpeg\" \/>\n<meta name=\"author\" content=\"Jo\u00e3o Malainho\" \/>\n<meta name=\"twitter:card\" content=\"summary_large_image\" \/>\n<meta name=\"twitter:label1\" content=\"Escrito por\" \/>\n\t<meta name=\"twitter:data1\" content=\"\" \/>\n\t<meta name=\"twitter:label2\" content=\"Tempo estimado de leitura\" \/>\n\t<meta name=\"twitter:data2\" content=\"6 minutos\" \/>\n<script type=\"application\/ld+json\" class=\"yoast-schema-graph\">{\"@context\":\"https:\/\/schema.org\",\"@graph\":[{\"@type\":\"Article\",\"@id\":\"https:\/\/maismagazine.pt\/index.php\/2022\/03\/05\/este-territorio-aguarda-por-si\/#article\",\"isPartOf\":{\"@id\":\"https:\/\/maismagazine.pt\/index.php\/2022\/03\/05\/este-territorio-aguarda-por-si\/\"},\"author\":{\"name\":\"Jo\u00e3o Malainho\",\"@id\":\"https:\/\/maismagazine.pt\/#\/schema\/person\/999bd426f894ff56d397ec12ebd21ebb\"},\"headline\":\"Este territ\u00f3rio (a)Guarda por si\",\"datePublished\":\"2022-03-05T07:00:00+00:00\",\"mainEntityOfPage\":{\"@id\":\"https:\/\/maismagazine.pt\/index.php\/2022\/03\/05\/este-territorio-aguarda-por-si\/\"},\"wordCount\":1320,\"commentCount\":0,\"publisher\":{\"@id\":\"https:\/\/maismagazine.pt\/#organization\"},\"image\":{\"@id\":\"https:\/\/maismagazine.pt\/index.php\/2022\/03\/05\/este-territorio-aguarda-por-si\/#primaryimage\"},\"thumbnailUrl\":\"https:\/\/maismagazine.pt\/wp-content\/uploads\/2022\/03\/guarda.jpg\",\"keywords\":[\"ANAFRE\",\"Freguesia\",\"montanha\",\"Serra\"],\"articleSection\":[\"ANAFRE\"],\"inLanguage\":\"pt-PT\",\"potentialAction\":[{\"@type\":\"CommentAction\",\"name\":\"Comment\",\"target\":[\"https:\/\/maismagazine.pt\/index.php\/2022\/03\/05\/este-territorio-aguarda-por-si\/#respond\"]}]},{\"@type\":\"WebPage\",\"@id\":\"https:\/\/maismagazine.pt\/index.php\/2022\/03\/05\/este-territorio-aguarda-por-si\/\",\"url\":\"https:\/\/maismagazine.pt\/index.php\/2022\/03\/05\/este-territorio-aguarda-por-si\/\",\"name\":\"Este territ\u00f3rio (a)Guarda por si - Mais Magazine\",\"isPartOf\":{\"@id\":\"https:\/\/maismagazine.pt\/#website\"},\"primaryImageOfPage\":{\"@id\":\"https:\/\/maismagazine.pt\/index.php\/2022\/03\/05\/este-territorio-aguarda-por-si\/#primaryimage\"},\"image\":{\"@id\":\"https:\/\/maismagazine.pt\/index.php\/2022\/03\/05\/este-territorio-aguarda-por-si\/#primaryimage\"},\"thumbnailUrl\":\"https:\/\/maismagazine.pt\/wp-content\/uploads\/2022\/03\/guarda.jpg\",\"datePublished\":\"2022-03-05T07:00:00+00:00\",\"description\":\"\u00c9 uma das cidades mais antigas de Portugal. As paisagens agrestes e os caprichos da natureza fazem deste territ\u00f3rio um bom s\u00edtio para viver.\",\"breadcrumb\":{\"@id\":\"https:\/\/maismagazine.pt\/index.php\/2022\/03\/05\/este-territorio-aguarda-por-si\/#breadcrumb\"},\"inLanguage\":\"pt-PT\",\"potentialAction\":[{\"@type\":\"ReadAction\",\"target\":[\"https:\/\/maismagazine.pt\/index.php\/2022\/03\/05\/este-territorio-aguarda-por-si\/\"]}]},{\"@type\":\"ImageObject\",\"inLanguage\":\"pt-PT\",\"@id\":\"https:\/\/maismagazine.pt\/index.php\/2022\/03\/05\/este-territorio-aguarda-por-si\/#primaryimage\",\"url\":\"https:\/\/maismagazine.pt\/wp-content\/uploads\/2022\/03\/guarda.jpg\",\"contentUrl\":\"https:\/\/maismagazine.pt\/wp-content\/uploads\/2022\/03\/guarda.jpg\",\"width\":886,\"height\":514},{\"@type\":\"BreadcrumbList\",\"@id\":\"https:\/\/maismagazine.pt\/index.php\/2022\/03\/05\/este-territorio-aguarda-por-si\/#breadcrumb\",\"itemListElement\":[{\"@type\":\"ListItem\",\"position\":1,\"name\":\"Home\",\"item\":\"https:\/\/maismagazine.pt\/\"},{\"@type\":\"ListItem\",\"position\":2,\"name\":\"Este territ\u00f3rio (a)Guarda por si\"}]},{\"@type\":\"WebSite\",\"@id\":\"https:\/\/maismagazine.pt\/#website\",\"url\":\"https:\/\/maismagazine.pt\/\",\"name\":\"Mais Magazine\",\"description\":\"\",\"publisher\":{\"@id\":\"https:\/\/maismagazine.pt\/#organization\"},\"potentialAction\":[{\"@type\":\"SearchAction\",\"target\":{\"@type\":\"EntryPoint\",\"urlTemplate\":\"https:\/\/maismagazine.pt\/?s={search_term_string}\"},\"query-input\":{\"@type\":\"PropertyValueSpecification\",\"valueRequired\":true,\"valueName\":\"search_term_string\"}}],\"inLanguage\":\"pt-PT\"},{\"@type\":\"Organization\",\"@id\":\"https:\/\/maismagazine.pt\/#organization\",\"name\":\"Mais Magazine\",\"url\":\"https:\/\/maismagazine.pt\/\",\"logo\":{\"@type\":\"ImageObject\",\"inLanguage\":\"pt-PT\",\"@id\":\"https:\/\/maismagazine.pt\/#\/schema\/logo\/image\/\",\"url\":\"https:\/\/maismagazine.pt\/wp-content\/uploads\/2020\/04\/cropped-cropped-mais-magazine-site-logo-2.png\",\"contentUrl\":\"https:\/\/maismagazine.pt\/wp-content\/uploads\/2020\/04\/cropped-cropped-mais-magazine-site-logo-2.png\",\"width\":581,\"height\":90,\"caption\":\"Mais Magazine\"},\"image\":{\"@id\":\"https:\/\/maismagazine.pt\/#\/schema\/logo\/image\/\"}},{\"@type\":\"Person\",\"@id\":\"https:\/\/maismagazine.pt\/#\/schema\/person\/999bd426f894ff56d397ec12ebd21ebb\",\"name\":\"Jo\u00e3o Malainho\",\"image\":{\"@type\":\"ImageObject\",\"inLanguage\":\"pt-PT\",\"@id\":\"https:\/\/maismagazine.pt\/#\/schema\/person\/image\/\",\"url\":\"https:\/\/secure.gravatar.com\/avatar\/ff03c2f38edf60b2a827aa4f74878491?s=96&d=mm&r=g\",\"contentUrl\":\"https:\/\/secure.gravatar.com\/avatar\/ff03c2f38edf60b2a827aa4f74878491?s=96&d=mm&r=g\",\"caption\":\"Jo\u00e3o Malainho\"},\"url\":\"https:\/\/maismagazine.pt\/index.php\/author\/maismagazine\/\"}]}<\/script>\n<!-- \/ Yoast SEO plugin. -->","yoast_head_json":{"title":"Este territ\u00f3rio (a)Guarda por si - Mais Magazine","description":"\u00c9 uma das cidades mais antigas de Portugal. As paisagens agrestes e os caprichos da natureza fazem deste territ\u00f3rio um bom s\u00edtio para viver.","robots":{"index":"index","follow":"follow","max-snippet":"max-snippet:-1","max-image-preview":"max-image-preview:large","max-video-preview":"max-video-preview:-1"},"canonical":"https:\/\/maismagazine.pt\/index.php\/2022\/03\/05\/este-territorio-aguarda-por-si\/","og_locale":"pt_PT","og_type":"article","og_title":"Este territ\u00f3rio (a)Guarda por si - Mais Magazine","og_description":"\u00c9 uma das cidades mais antigas de Portugal. As paisagens agrestes e os caprichos da natureza fazem deste territ\u00f3rio um bom s\u00edtio para viver.","og_url":"https:\/\/maismagazine.pt\/index.php\/2022\/03\/05\/este-territorio-aguarda-por-si\/","og_site_name":"Mais Magazine","article_published_time":"2022-03-05T07:00:00+00:00","og_image":[{"width":886,"height":514,"url":"https:\/\/maismagazine.pt\/wp-content\/uploads\/2022\/03\/guarda.jpg","type":"image\/jpeg"}],"author":"Jo\u00e3o Malainho","twitter_card":"summary_large_image","twitter_misc":{"Escrito por":false,"Tempo estimado de leitura":"6 minutos"},"schema":{"@context":"https:\/\/schema.org","@graph":[{"@type":"Article","@id":"https:\/\/maismagazine.pt\/index.php\/2022\/03\/05\/este-territorio-aguarda-por-si\/#article","isPartOf":{"@id":"https:\/\/maismagazine.pt\/index.php\/2022\/03\/05\/este-territorio-aguarda-por-si\/"},"author":{"name":"Jo\u00e3o Malainho","@id":"https:\/\/maismagazine.pt\/#\/schema\/person\/999bd426f894ff56d397ec12ebd21ebb"},"headline":"Este territ\u00f3rio (a)Guarda por si","datePublished":"2022-03-05T07:00:00+00:00","mainEntityOfPage":{"@id":"https:\/\/maismagazine.pt\/index.php\/2022\/03\/05\/este-territorio-aguarda-por-si\/"},"wordCount":1320,"commentCount":0,"publisher":{"@id":"https:\/\/maismagazine.pt\/#organization"},"image":{"@id":"https:\/\/maismagazine.pt\/index.php\/2022\/03\/05\/este-territorio-aguarda-por-si\/#primaryimage"},"thumbnailUrl":"https:\/\/maismagazine.pt\/wp-content\/uploads\/2022\/03\/guarda.jpg","keywords":["ANAFRE","Freguesia","montanha","Serra"],"articleSection":["ANAFRE"],"inLanguage":"pt-PT","potentialAction":[{"@type":"CommentAction","name":"Comment","target":["https:\/\/maismagazine.pt\/index.php\/2022\/03\/05\/este-territorio-aguarda-por-si\/#respond"]}]},{"@type":"WebPage","@id":"https:\/\/maismagazine.pt\/index.php\/2022\/03\/05\/este-territorio-aguarda-por-si\/","url":"https:\/\/maismagazine.pt\/index.php\/2022\/03\/05\/este-territorio-aguarda-por-si\/","name":"Este territ\u00f3rio (a)Guarda por si - Mais Magazine","isPartOf":{"@id":"https:\/\/maismagazine.pt\/#website"},"primaryImageOfPage":{"@id":"https:\/\/maismagazine.pt\/index.php\/2022\/03\/05\/este-territorio-aguarda-por-si\/#primaryimage"},"image":{"@id":"https:\/\/maismagazine.pt\/index.php\/2022\/03\/05\/este-territorio-aguarda-por-si\/#primaryimage"},"thumbnailUrl":"https:\/\/maismagazine.pt\/wp-content\/uploads\/2022\/03\/guarda.jpg","datePublished":"2022-03-05T07:00:00+00:00","description":"\u00c9 uma das cidades mais antigas de Portugal. As paisagens agrestes e os caprichos da natureza fazem deste territ\u00f3rio um bom s\u00edtio para viver.","breadcrumb":{"@id":"https:\/\/maismagazine.pt\/index.php\/2022\/03\/05\/este-territorio-aguarda-por-si\/#breadcrumb"},"inLanguage":"pt-PT","potentialAction":[{"@type":"ReadAction","target":["https:\/\/maismagazine.pt\/index.php\/2022\/03\/05\/este-territorio-aguarda-por-si\/"]}]},{"@type":"ImageObject","inLanguage":"pt-PT","@id":"https:\/\/maismagazine.pt\/index.php\/2022\/03\/05\/este-territorio-aguarda-por-si\/#primaryimage","url":"https:\/\/maismagazine.pt\/wp-content\/uploads\/2022\/03\/guarda.jpg","contentUrl":"https:\/\/maismagazine.pt\/wp-content\/uploads\/2022\/03\/guarda.jpg","width":886,"height":514},{"@type":"BreadcrumbList","@id":"https:\/\/maismagazine.pt\/index.php\/2022\/03\/05\/este-territorio-aguarda-por-si\/#breadcrumb","itemListElement":[{"@type":"ListItem","position":1,"name":"Home","item":"https:\/\/maismagazine.pt\/"},{"@type":"ListItem","position":2,"name":"Este territ\u00f3rio (a)Guarda por si"}]},{"@type":"WebSite","@id":"https:\/\/maismagazine.pt\/#website","url":"https:\/\/maismagazine.pt\/","name":"Mais Magazine","description":"","publisher":{"@id":"https:\/\/maismagazine.pt\/#organization"},"potentialAction":[{"@type":"SearchAction","target":{"@type":"EntryPoint","urlTemplate":"https:\/\/maismagazine.pt\/?s={search_term_string}"},"query-input":{"@type":"PropertyValueSpecification","valueRequired":true,"valueName":"search_term_string"}}],"inLanguage":"pt-PT"},{"@type":"Organization","@id":"https:\/\/maismagazine.pt\/#organization","name":"Mais Magazine","url":"https:\/\/maismagazine.pt\/","logo":{"@type":"ImageObject","inLanguage":"pt-PT","@id":"https:\/\/maismagazine.pt\/#\/schema\/logo\/image\/","url":"https:\/\/maismagazine.pt\/wp-content\/uploads\/2020\/04\/cropped-cropped-mais-magazine-site-logo-2.png","contentUrl":"https:\/\/maismagazine.pt\/wp-content\/uploads\/2020\/04\/cropped-cropped-mais-magazine-site-logo-2.png","width":581,"height":90,"caption":"Mais Magazine"},"image":{"@id":"https:\/\/maismagazine.pt\/#\/schema\/logo\/image\/"}},{"@type":"Person","@id":"https:\/\/maismagazine.pt\/#\/schema\/person\/999bd426f894ff56d397ec12ebd21ebb","name":"Jo\u00e3o Malainho","image":{"@type":"ImageObject","inLanguage":"pt-PT","@id":"https:\/\/maismagazine.pt\/#\/schema\/person\/image\/","url":"https:\/\/secure.gravatar.com\/avatar\/ff03c2f38edf60b2a827aa4f74878491?s=96&d=mm&r=g","contentUrl":"https:\/\/secure.gravatar.com\/avatar\/ff03c2f38edf60b2a827aa4f74878491?s=96&d=mm&r=g","caption":"Jo\u00e3o Malainho"},"url":"https:\/\/maismagazine.pt\/index.php\/author\/maismagazine\/"}]}},"author_meta":{"display_name":false,"author_link":"https:\/\/maismagazine.pt\/index.php\/author\/maismagazine\/"},"featured_img":"https:\/\/maismagazine.pt\/wp-content\/uploads\/2022\/03\/guarda-300x174.jpg","coauthors":[],"tax_additional":{"categories":{"linked":["<a href=\"https:\/\/maismagazine.pt\/index.php\/category\/anafre\/\" class=\"advgb-post-tax-term\">ANAFRE<\/a>"],"unlinked":["<span class=\"advgb-post-tax-term\">ANAFRE<\/span>"]},"tags":{"linked":["<a href=\"https:\/\/maismagazine.pt\/index.php\/category\/anafre\/\" class=\"advgb-post-tax-term\">ANAFRE<\/a>","<a href=\"https:\/\/maismagazine.pt\/index.php\/category\/anafre\/\" class=\"advgb-post-tax-term\">Freguesia<\/a>","<a href=\"https:\/\/maismagazine.pt\/index.php\/category\/anafre\/\" class=\"advgb-post-tax-term\">montanha<\/a>","<a href=\"https:\/\/maismagazine.pt\/index.php\/category\/anafre\/\" class=\"advgb-post-tax-term\">Serra<\/a>"],"unlinked":["<span class=\"advgb-post-tax-term\">ANAFRE<\/span>","<span class=\"advgb-post-tax-term\">Freguesia<\/span>","<span class=\"advgb-post-tax-term\">montanha<\/span>","<span class=\"advgb-post-tax-term\">Serra<\/span>"]}},"comment_count":"0","relative_dates":{"created":"Posted 4 anos ago","modified":"Updated 4 anos ago"},"absolute_dates":{"created":"Posted on 5 de Mar\u00e7o, 2022","modified":"Updated on 2 de Mar\u00e7o, 2022"},"absolute_dates_time":{"created":"Posted on 5 de Mar\u00e7o, 2022 7:00","modified":"Updated on 2 de Mar\u00e7o, 2022 12:25"},"featured_img_caption":"","series_order":"","_links":{"self":[{"href":"https:\/\/maismagazine.pt\/index.php\/wp-json\/wp\/v2\/posts\/2405","targetHints":{"allow":["GET"]}}],"collection":[{"href":"https:\/\/maismagazine.pt\/index.php\/wp-json\/wp\/v2\/posts"}],"about":[{"href":"https:\/\/maismagazine.pt\/index.php\/wp-json\/wp\/v2\/types\/post"}],"author":[{"embeddable":true,"href":"https:\/\/maismagazine.pt\/index.php\/wp-json\/wp\/v2\/users\/7"}],"replies":[{"embeddable":true,"href":"https:\/\/maismagazine.pt\/index.php\/wp-json\/wp\/v2\/comments?post=2405"}],"version-history":[{"count":1,"href":"https:\/\/maismagazine.pt\/index.php\/wp-json\/wp\/v2\/posts\/2405\/revisions"}],"predecessor-version":[{"id":2410,"href":"https:\/\/maismagazine.pt\/index.php\/wp-json\/wp\/v2\/posts\/2405\/revisions\/2410"}],"wp:featuredmedia":[{"embeddable":true,"href":"https:\/\/maismagazine.pt\/index.php\/wp-json\/wp\/v2\/media\/2409"}],"wp:attachment":[{"href":"https:\/\/maismagazine.pt\/index.php\/wp-json\/wp\/v2\/media?parent=2405"}],"wp:term":[{"taxonomy":"category","embeddable":true,"href":"https:\/\/maismagazine.pt\/index.php\/wp-json\/wp\/v2\/categories?post=2405"},{"taxonomy":"post_tag","embeddable":true,"href":"https:\/\/maismagazine.pt\/index.php\/wp-json\/wp\/v2\/tags?post=2405"}],"curies":[{"name":"wp","href":"https:\/\/api.w.org\/{rel}","templated":true}]}}