{"id":2348,"date":"2022-02-11T09:00:00","date_gmt":"2022-02-11T09:00:00","guid":{"rendered":"http:\/\/maismagazine.pt\/?p=2348"},"modified":"2022-02-04T13:03:15","modified_gmt":"2022-02-04T13:03:15","slug":"stockista-no-1-em-pecas-e-componentes","status":"publish","type":"post","link":"https:\/\/maismagazine.pt\/index.php\/2022\/02\/11\/stockista-no-1-em-pecas-e-componentes\/","title":{"rendered":"Stockista n\u00ba.1 em pe\u00e7as e componentes"},"content":{"rendered":"\n<p><\/p>\n\n\n\n<p><strong>A <a href=\"http:\/\/www.empilhapecas.pt\/\">Empilhape\u00e7as<\/a> nasceu com uma miss\u00e3o bem definida: fornecer produtos industriais e dar solu\u00e7\u00f5es que v\u00e3o ao encontro das necessidades dos seus clientes. Hoje, o grupo conta j\u00e1 com tr\u00eas empresas direcionadas para diferentes mercados, todas elas alicer\u00e7adas nos valores fundamentais que norteiam a lideran\u00e7a de An\u00edsio Costa: seriedade, transpar\u00eancia e profissionalismo.<\/strong><\/p>\n\n\n\n<p><\/p>\n\n\n\n<p><\/p>\n\n\n\n<p>A Empilhape\u00e7as surgiu h\u00e1 19 anos em resposta \u00e0 lacuna registada no mercado de empilhadores e m\u00e1quinas industriais. Com uma equipa pequena, mas motivada, a Empilhape\u00e7as foi conquistando uma posi\u00e7\u00e3o de destaque no panorama nacional, alicer\u00e7ada na compet\u00eancia, seriedade e profissionalismo com que sempre encarou este mercado. Desde ent\u00e3o, dedica-se \u00e0 comercializa\u00e7\u00e3o de todo o tipo de pe\u00e7as e componentes para qualquer marca de empilhador t\u00e9rmico, el\u00e9trico, m\u00e1quina industrial ou agr\u00edcola.<\/p>\n\n\n\n<p><\/p>\n\n\n\n<p><strong>Os melhores produtos ao melhor pre\u00e7o<\/strong><\/p>\n\n\n\n<p><\/p>\n\n\n\n<p>Vocacionada para fornecer produtos industriais e dar solu\u00e7\u00f5es que v\u00e3o de encontro \u00e0s necessidades dos seus clientes, a Empilhape\u00e7as procura disponibilizar o melhor pre\u00e7o e qualidade em produtos e servi\u00e7os que, inequivocamente, contribuam para a satisfa\u00e7\u00e3o das suas necessidades. \u201cSempre que h\u00e1 um problema estudamos o mesmo e s\u00f3 descansamos quando encontramos a solu\u00e7\u00e3o\u201d, garante An\u00edsio Costa, gerente. Focada em atingir o seu compromisso de qualidade, a Empilhape\u00e7as aposta numa sele\u00e7\u00e3o de fornecedores capazes de satisfazer as necessidades de alargamento da gama de produtos e, simultaneamente, as exig\u00eancias do mercado. A escolha dos melhores fornecedores e parceiros \u00e9 imprescind\u00edvel e um dos maiores aliados da empresa, que assume como foco a constru\u00e7\u00e3o de rela\u00e7\u00f5es de confian\u00e7a com clientes e parceiros de neg\u00f3cio. \u201cOs nossos parceiros s\u00e3o escolhidos com rigor. Para al\u00e9m disso, gra\u00e7as \u00e0 nossa rela\u00e7\u00e3o de confian\u00e7a com todos eles, temos a total garantia da m\u00e1xima qualidade em todos os produtos\u201d.<br>A Empilhape\u00e7as conta com uma equipa de profissionais especializada e altamente qualificada, capaz de responder a todas as expectativas dos seus clientes e a prestar o melhor aconselhamento. A par da escolha dos melhores parceiros, a equipa de profissionais e a cont\u00ednua aposta na forma\u00e7\u00e3o s\u00e3o tamb\u00e9m alguns dos elementos fundamentais da f\u00f3rmula de sucesso da Empilhape\u00e7as, que \u00e9 j\u00e1 apelidada de \u201cescola de forma\u00e7\u00e3o\u201d. \u201cNeste momento somos uma refer\u00eancia no setor. Os nossos profissionais est\u00e3o sempre a par do que melhor se faz no exterior\u201d, assume o gerente.<\/p>\n\n\n\n<p><\/p>\n\n\n\n<p><strong>De olhos postos no futuro<\/strong><\/p>\n\n\n\n<p>A Empilhape\u00e7as encontra na venda de pe\u00e7as o seu principal nicho de mercado, estando munida de todo o tipo de pe\u00e7as e componentes para m\u00e1quinas industriais, agr\u00edcolas e porta-paletes. Para An\u00edsio Costa n\u00e3o restam d\u00favidas de que, apesar de Portugal ter um aftermarket pequeno, em rela\u00e7\u00e3o a outros mercados europeus, os players portugueses ombreiam com o que de melhor h\u00e1 no mundo neste setor. \u201cO aftermarket em Portugal \u00e9 muito competitivo e din\u00e2mico, n\u00e3o ficando atr\u00e1s de pa\u00edses com volume de mercado superiores ao nosso\u201d. Apesar do setor atravessar uma fase pr\u00f3spera o futuro parece vir munido de desafios, que obrigar\u00e3o as empresas a uma nova adapta\u00e7\u00e3o. Com conhecimento do mercado e do neg\u00f3cio e vis\u00e3o estrat\u00e9gica, a Empilhape\u00e7as est\u00e1 mais do que preparada para enfrentar com sucesso um novo ano.<\/p>\n","protected":false},"excerpt":{"rendered":"<p>A Empilhape\u00e7as nasceu com uma miss\u00e3o bem definida: fornecer produtos industriais e dar solu\u00e7\u00f5es que v\u00e3o ao encontro das necessidades dos seus clientes. Hoje, o grupo conta j\u00e1 com tr\u00eas empresas direcionadas para diferentes mercados, todas elas alicer\u00e7adas nos valores fundamentais que norteiam a lideran\u00e7a de An\u00edsio Costa: seriedade, transpar\u00eancia&hellip;<\/p>\n","protected":false},"author":7,"featured_media":2356,"comment_status":"open","ping_status":"open","sticky":false,"template":"","format":"standard","meta":{"advgb_blocks_editor_width":"","advgb_blocks_columns_visual_guide":"","_monsterinsights_skip_tracking":false,"_monsterinsights_sitenote_active":false,"_monsterinsights_sitenote_note":"","_monsterinsights_sitenote_category":0,"footnotes":""},"categories":[6,161],"tags":[413,414,415,335,138],"class_list":["post-2348","post","type-post","status-publish","format-standard","has-post-thumbnail","hentry","category-empreendedorismo","category-mundo-empresarial","tag-empilhadores","tag-maquinas-industriais","tag-melhor-preco","tag-mercado","tag-profissionalismo"],"yoast_head":"<!-- This site is optimized with the Yoast SEO plugin v24.4 - https:\/\/yoast.com\/wordpress\/plugins\/seo\/ -->\n<title>Stockista n\u00ba.1 em pe\u00e7as e componentes - Mais Magazine<\/title>\n<meta name=\"description\" content=\"A Empilhape\u00e7as tem a miss\u00e3o de fornecer produtos industriais e dar solu\u00e7\u00f5es que v\u00e3o ao encontro das necessidades dos seus clientes.\" \/>\n<meta name=\"robots\" content=\"index, follow, max-snippet:-1, max-image-preview:large, max-video-preview:-1\" \/>\n<link rel=\"canonical\" href=\"https:\/\/maismagazine.pt\/index.php\/2022\/02\/11\/stockista-no-1-em-pecas-e-componentes\/\" \/>\n<meta property=\"og:locale\" content=\"pt_PT\" \/>\n<meta property=\"og:type\" content=\"article\" \/>\n<meta property=\"og:title\" content=\"Stockista n\u00ba.1 em pe\u00e7as e componentes - Mais Magazine\" \/>\n<meta property=\"og:description\" content=\"A Empilhape\u00e7as tem a miss\u00e3o de fornecer produtos industriais e dar solu\u00e7\u00f5es que v\u00e3o ao encontro das necessidades dos seus clientes.\" \/>\n<meta property=\"og:url\" content=\"https:\/\/maismagazine.pt\/index.php\/2022\/02\/11\/stockista-no-1-em-pecas-e-componentes\/\" \/>\n<meta property=\"og:site_name\" content=\"Mais Magazine\" \/>\n<meta property=\"article:published_time\" content=\"2022-02-11T09:00:00+00:00\" \/>\n<meta property=\"og:image\" content=\"https:\/\/maismagazine.pt\/wp-content\/uploads\/2022\/02\/logotipo-Empilhapecas-scaled.jpg\" \/>\n\t<meta property=\"og:image:width\" content=\"2560\" \/>\n\t<meta property=\"og:image:height\" content=\"1810\" \/>\n\t<meta property=\"og:image:type\" content=\"image\/jpeg\" \/>\n<meta name=\"author\" content=\"Jo\u00e3o Malainho\" \/>\n<meta name=\"twitter:card\" content=\"summary_large_image\" \/>\n<meta name=\"twitter:label1\" content=\"Escrito por\" \/>\n\t<meta name=\"twitter:data1\" content=\"\" \/>\n\t<meta name=\"twitter:label2\" content=\"Tempo estimado de leitura\" \/>\n\t<meta name=\"twitter:data2\" content=\"3 minutos\" \/>\n<script type=\"application\/ld+json\" class=\"yoast-schema-graph\">{\"@context\":\"https:\/\/schema.org\",\"@graph\":[{\"@type\":\"Article\",\"@id\":\"https:\/\/maismagazine.pt\/index.php\/2022\/02\/11\/stockista-no-1-em-pecas-e-componentes\/#article\",\"isPartOf\":{\"@id\":\"https:\/\/maismagazine.pt\/index.php\/2022\/02\/11\/stockista-no-1-em-pecas-e-componentes\/\"},\"author\":{\"name\":\"Jo\u00e3o Malainho\",\"@id\":\"http:\/\/maismagazine.pt\/#\/schema\/person\/999bd426f894ff56d397ec12ebd21ebb\"},\"headline\":\"Stockista n\u00ba.1 em pe\u00e7as e componentes\",\"datePublished\":\"2022-02-11T09:00:00+00:00\",\"mainEntityOfPage\":{\"@id\":\"https:\/\/maismagazine.pt\/index.php\/2022\/02\/11\/stockista-no-1-em-pecas-e-componentes\/\"},\"wordCount\":581,\"commentCount\":0,\"publisher\":{\"@id\":\"http:\/\/maismagazine.pt\/#organization\"},\"image\":{\"@id\":\"https:\/\/maismagazine.pt\/index.php\/2022\/02\/11\/stockista-no-1-em-pecas-e-componentes\/#primaryimage\"},\"thumbnailUrl\":\"https:\/\/maismagazine.pt\/wp-content\/uploads\/2022\/02\/logotipo-Empilhapecas-scaled.jpg\",\"keywords\":[\"empilhadores\",\"m\u00e1quinas industriais\",\"melhor pre\u00e7o\",\"mercado\",\"Profissionalismo\"],\"articleSection\":[\"Empreendedorismo\",\"Mundo Empresarial\"],\"inLanguage\":\"pt-PT\",\"potentialAction\":[{\"@type\":\"CommentAction\",\"name\":\"Comment\",\"target\":[\"https:\/\/maismagazine.pt\/index.php\/2022\/02\/11\/stockista-no-1-em-pecas-e-componentes\/#respond\"]}]},{\"@type\":\"WebPage\",\"@id\":\"https:\/\/maismagazine.pt\/index.php\/2022\/02\/11\/stockista-no-1-em-pecas-e-componentes\/\",\"url\":\"https:\/\/maismagazine.pt\/index.php\/2022\/02\/11\/stockista-no-1-em-pecas-e-componentes\/\",\"name\":\"Stockista n\u00ba.1 em pe\u00e7as e componentes - Mais Magazine\",\"isPartOf\":{\"@id\":\"http:\/\/maismagazine.pt\/#website\"},\"primaryImageOfPage\":{\"@id\":\"https:\/\/maismagazine.pt\/index.php\/2022\/02\/11\/stockista-no-1-em-pecas-e-componentes\/#primaryimage\"},\"image\":{\"@id\":\"https:\/\/maismagazine.pt\/index.php\/2022\/02\/11\/stockista-no-1-em-pecas-e-componentes\/#primaryimage\"},\"thumbnailUrl\":\"https:\/\/maismagazine.pt\/wp-content\/uploads\/2022\/02\/logotipo-Empilhapecas-scaled.jpg\",\"datePublished\":\"2022-02-11T09:00:00+00:00\",\"description\":\"A Empilhape\u00e7as tem a miss\u00e3o de fornecer produtos industriais e dar solu\u00e7\u00f5es que v\u00e3o ao encontro das necessidades dos seus clientes.\",\"breadcrumb\":{\"@id\":\"https:\/\/maismagazine.pt\/index.php\/2022\/02\/11\/stockista-no-1-em-pecas-e-componentes\/#breadcrumb\"},\"inLanguage\":\"pt-PT\",\"potentialAction\":[{\"@type\":\"ReadAction\",\"target\":[\"https:\/\/maismagazine.pt\/index.php\/2022\/02\/11\/stockista-no-1-em-pecas-e-componentes\/\"]}]},{\"@type\":\"ImageObject\",\"inLanguage\":\"pt-PT\",\"@id\":\"https:\/\/maismagazine.pt\/index.php\/2022\/02\/11\/stockista-no-1-em-pecas-e-componentes\/#primaryimage\",\"url\":\"https:\/\/maismagazine.pt\/wp-content\/uploads\/2022\/02\/logotipo-Empilhapecas-scaled.jpg\",\"contentUrl\":\"https:\/\/maismagazine.pt\/wp-content\/uploads\/2022\/02\/logotipo-Empilhapecas-scaled.jpg\",\"width\":2560,\"height\":1810},{\"@type\":\"BreadcrumbList\",\"@id\":\"https:\/\/maismagazine.pt\/index.php\/2022\/02\/11\/stockista-no-1-em-pecas-e-componentes\/#breadcrumb\",\"itemListElement\":[{\"@type\":\"ListItem\",\"position\":1,\"name\":\"Home\",\"item\":\"http:\/\/maismagazine.pt\/\"},{\"@type\":\"ListItem\",\"position\":2,\"name\":\"Stockista n\u00ba.1 em pe\u00e7as e componentes\"}]},{\"@type\":\"WebSite\",\"@id\":\"http:\/\/maismagazine.pt\/#website\",\"url\":\"http:\/\/maismagazine.pt\/\",\"name\":\"Mais Magazine\",\"description\":\"\",\"publisher\":{\"@id\":\"http:\/\/maismagazine.pt\/#organization\"},\"potentialAction\":[{\"@type\":\"SearchAction\",\"target\":{\"@type\":\"EntryPoint\",\"urlTemplate\":\"http:\/\/maismagazine.pt\/?s={search_term_string}\"},\"query-input\":{\"@type\":\"PropertyValueSpecification\",\"valueRequired\":true,\"valueName\":\"search_term_string\"}}],\"inLanguage\":\"pt-PT\"},{\"@type\":\"Organization\",\"@id\":\"http:\/\/maismagazine.pt\/#organization\",\"name\":\"Mais Magazine\",\"url\":\"http:\/\/maismagazine.pt\/\",\"logo\":{\"@type\":\"ImageObject\",\"inLanguage\":\"pt-PT\",\"@id\":\"http:\/\/maismagazine.pt\/#\/schema\/logo\/image\/\",\"url\":\"https:\/\/maismagazine.pt\/wp-content\/uploads\/2020\/04\/cropped-cropped-mais-magazine-site-logo-2.png\",\"contentUrl\":\"https:\/\/maismagazine.pt\/wp-content\/uploads\/2020\/04\/cropped-cropped-mais-magazine-site-logo-2.png\",\"width\":581,\"height\":90,\"caption\":\"Mais Magazine\"},\"image\":{\"@id\":\"http:\/\/maismagazine.pt\/#\/schema\/logo\/image\/\"}},{\"@type\":\"Person\",\"@id\":\"http:\/\/maismagazine.pt\/#\/schema\/person\/999bd426f894ff56d397ec12ebd21ebb\",\"name\":\"Jo\u00e3o Malainho\",\"image\":{\"@type\":\"ImageObject\",\"inLanguage\":\"pt-PT\",\"@id\":\"http:\/\/maismagazine.pt\/#\/schema\/person\/image\/\",\"url\":\"https:\/\/secure.gravatar.com\/avatar\/ff03c2f38edf60b2a827aa4f74878491?s=96&d=mm&r=g\",\"contentUrl\":\"https:\/\/secure.gravatar.com\/avatar\/ff03c2f38edf60b2a827aa4f74878491?s=96&d=mm&r=g\",\"caption\":\"Jo\u00e3o Malainho\"},\"url\":\"https:\/\/maismagazine.pt\/index.php\/author\/maismagazine\/\"}]}<\/script>\n<!-- \/ Yoast SEO plugin. -->","yoast_head_json":{"title":"Stockista n\u00ba.1 em pe\u00e7as e componentes - Mais Magazine","description":"A Empilhape\u00e7as tem a miss\u00e3o de fornecer produtos industriais e dar solu\u00e7\u00f5es que v\u00e3o ao encontro das necessidades dos seus clientes.","robots":{"index":"index","follow":"follow","max-snippet":"max-snippet:-1","max-image-preview":"max-image-preview:large","max-video-preview":"max-video-preview:-1"},"canonical":"https:\/\/maismagazine.pt\/index.php\/2022\/02\/11\/stockista-no-1-em-pecas-e-componentes\/","og_locale":"pt_PT","og_type":"article","og_title":"Stockista n\u00ba.1 em pe\u00e7as e componentes - Mais Magazine","og_description":"A Empilhape\u00e7as tem a miss\u00e3o de fornecer produtos industriais e dar solu\u00e7\u00f5es que v\u00e3o ao encontro das necessidades dos seus clientes.","og_url":"https:\/\/maismagazine.pt\/index.php\/2022\/02\/11\/stockista-no-1-em-pecas-e-componentes\/","og_site_name":"Mais Magazine","article_published_time":"2022-02-11T09:00:00+00:00","og_image":[{"width":2560,"height":1810,"url":"https:\/\/maismagazine.pt\/wp-content\/uploads\/2022\/02\/logotipo-Empilhapecas-scaled.jpg","type":"image\/jpeg"}],"author":"Jo\u00e3o Malainho","twitter_card":"summary_large_image","twitter_misc":{"Escrito por":false,"Tempo estimado de leitura":"3 minutos"},"schema":{"@context":"https:\/\/schema.org","@graph":[{"@type":"Article","@id":"https:\/\/maismagazine.pt\/index.php\/2022\/02\/11\/stockista-no-1-em-pecas-e-componentes\/#article","isPartOf":{"@id":"https:\/\/maismagazine.pt\/index.php\/2022\/02\/11\/stockista-no-1-em-pecas-e-componentes\/"},"author":{"name":"Jo\u00e3o Malainho","@id":"http:\/\/maismagazine.pt\/#\/schema\/person\/999bd426f894ff56d397ec12ebd21ebb"},"headline":"Stockista n\u00ba.1 em pe\u00e7as e componentes","datePublished":"2022-02-11T09:00:00+00:00","mainEntityOfPage":{"@id":"https:\/\/maismagazine.pt\/index.php\/2022\/02\/11\/stockista-no-1-em-pecas-e-componentes\/"},"wordCount":581,"commentCount":0,"publisher":{"@id":"http:\/\/maismagazine.pt\/#organization"},"image":{"@id":"https:\/\/maismagazine.pt\/index.php\/2022\/02\/11\/stockista-no-1-em-pecas-e-componentes\/#primaryimage"},"thumbnailUrl":"https:\/\/maismagazine.pt\/wp-content\/uploads\/2022\/02\/logotipo-Empilhapecas-scaled.jpg","keywords":["empilhadores","m\u00e1quinas industriais","melhor pre\u00e7o","mercado","Profissionalismo"],"articleSection":["Empreendedorismo","Mundo Empresarial"],"inLanguage":"pt-PT","potentialAction":[{"@type":"CommentAction","name":"Comment","target":["https:\/\/maismagazine.pt\/index.php\/2022\/02\/11\/stockista-no-1-em-pecas-e-componentes\/#respond"]}]},{"@type":"WebPage","@id":"https:\/\/maismagazine.pt\/index.php\/2022\/02\/11\/stockista-no-1-em-pecas-e-componentes\/","url":"https:\/\/maismagazine.pt\/index.php\/2022\/02\/11\/stockista-no-1-em-pecas-e-componentes\/","name":"Stockista n\u00ba.1 em pe\u00e7as e componentes - Mais Magazine","isPartOf":{"@id":"http:\/\/maismagazine.pt\/#website"},"primaryImageOfPage":{"@id":"https:\/\/maismagazine.pt\/index.php\/2022\/02\/11\/stockista-no-1-em-pecas-e-componentes\/#primaryimage"},"image":{"@id":"https:\/\/maismagazine.pt\/index.php\/2022\/02\/11\/stockista-no-1-em-pecas-e-componentes\/#primaryimage"},"thumbnailUrl":"https:\/\/maismagazine.pt\/wp-content\/uploads\/2022\/02\/logotipo-Empilhapecas-scaled.jpg","datePublished":"2022-02-11T09:00:00+00:00","description":"A Empilhape\u00e7as tem a miss\u00e3o de fornecer produtos industriais e dar solu\u00e7\u00f5es que v\u00e3o ao encontro das necessidades dos seus clientes.","breadcrumb":{"@id":"https:\/\/maismagazine.pt\/index.php\/2022\/02\/11\/stockista-no-1-em-pecas-e-componentes\/#breadcrumb"},"inLanguage":"pt-PT","potentialAction":[{"@type":"ReadAction","target":["https:\/\/maismagazine.pt\/index.php\/2022\/02\/11\/stockista-no-1-em-pecas-e-componentes\/"]}]},{"@type":"ImageObject","inLanguage":"pt-PT","@id":"https:\/\/maismagazine.pt\/index.php\/2022\/02\/11\/stockista-no-1-em-pecas-e-componentes\/#primaryimage","url":"https:\/\/maismagazine.pt\/wp-content\/uploads\/2022\/02\/logotipo-Empilhapecas-scaled.jpg","contentUrl":"https:\/\/maismagazine.pt\/wp-content\/uploads\/2022\/02\/logotipo-Empilhapecas-scaled.jpg","width":2560,"height":1810},{"@type":"BreadcrumbList","@id":"https:\/\/maismagazine.pt\/index.php\/2022\/02\/11\/stockista-no-1-em-pecas-e-componentes\/#breadcrumb","itemListElement":[{"@type":"ListItem","position":1,"name":"Home","item":"http:\/\/maismagazine.pt\/"},{"@type":"ListItem","position":2,"name":"Stockista n\u00ba.1 em pe\u00e7as e componentes"}]},{"@type":"WebSite","@id":"http:\/\/maismagazine.pt\/#website","url":"http:\/\/maismagazine.pt\/","name":"Mais Magazine","description":"","publisher":{"@id":"http:\/\/maismagazine.pt\/#organization"},"potentialAction":[{"@type":"SearchAction","target":{"@type":"EntryPoint","urlTemplate":"http:\/\/maismagazine.pt\/?s={search_term_string}"},"query-input":{"@type":"PropertyValueSpecification","valueRequired":true,"valueName":"search_term_string"}}],"inLanguage":"pt-PT"},{"@type":"Organization","@id":"http:\/\/maismagazine.pt\/#organization","name":"Mais Magazine","url":"http:\/\/maismagazine.pt\/","logo":{"@type":"ImageObject","inLanguage":"pt-PT","@id":"http:\/\/maismagazine.pt\/#\/schema\/logo\/image\/","url":"https:\/\/maismagazine.pt\/wp-content\/uploads\/2020\/04\/cropped-cropped-mais-magazine-site-logo-2.png","contentUrl":"https:\/\/maismagazine.pt\/wp-content\/uploads\/2020\/04\/cropped-cropped-mais-magazine-site-logo-2.png","width":581,"height":90,"caption":"Mais Magazine"},"image":{"@id":"http:\/\/maismagazine.pt\/#\/schema\/logo\/image\/"}},{"@type":"Person","@id":"http:\/\/maismagazine.pt\/#\/schema\/person\/999bd426f894ff56d397ec12ebd21ebb","name":"Jo\u00e3o Malainho","image":{"@type":"ImageObject","inLanguage":"pt-PT","@id":"http:\/\/maismagazine.pt\/#\/schema\/person\/image\/","url":"https:\/\/secure.gravatar.com\/avatar\/ff03c2f38edf60b2a827aa4f74878491?s=96&d=mm&r=g","contentUrl":"https:\/\/secure.gravatar.com\/avatar\/ff03c2f38edf60b2a827aa4f74878491?s=96&d=mm&r=g","caption":"Jo\u00e3o Malainho"},"url":"https:\/\/maismagazine.pt\/index.php\/author\/maismagazine\/"}]}},"author_meta":{"display_name":false,"author_link":"https:\/\/maismagazine.pt\/index.php\/author\/maismagazine\/"},"featured_img":"https:\/\/maismagazine.pt\/wp-content\/uploads\/2022\/02\/logotipo-Empilhapecas-300x212.jpg","coauthors":[],"tax_additional":{"categories":{"linked":["<a href=\"https:\/\/maismagazine.pt\/index.php\/category\/empreendedorismo\/\" class=\"advgb-post-tax-term\">Empreendedorismo<\/a>","<a href=\"https:\/\/maismagazine.pt\/index.php\/category\/mundo-empresarial\/\" class=\"advgb-post-tax-term\">Mundo Empresarial<\/a>"],"unlinked":["<span class=\"advgb-post-tax-term\">Empreendedorismo<\/span>","<span class=\"advgb-post-tax-term\">Mundo Empresarial<\/span>"]},"tags":{"linked":["<a href=\"https:\/\/maismagazine.pt\/index.php\/category\/mundo-empresarial\/\" class=\"advgb-post-tax-term\">empilhadores<\/a>","<a href=\"https:\/\/maismagazine.pt\/index.php\/category\/mundo-empresarial\/\" class=\"advgb-post-tax-term\">m\u00e1quinas industriais<\/a>","<a href=\"https:\/\/maismagazine.pt\/index.php\/category\/mundo-empresarial\/\" class=\"advgb-post-tax-term\">melhor pre\u00e7o<\/a>","<a href=\"https:\/\/maismagazine.pt\/index.php\/category\/mundo-empresarial\/\" class=\"advgb-post-tax-term\">mercado<\/a>","<a href=\"https:\/\/maismagazine.pt\/index.php\/category\/mundo-empresarial\/\" class=\"advgb-post-tax-term\">Profissionalismo<\/a>"],"unlinked":["<span class=\"advgb-post-tax-term\">empilhadores<\/span>","<span class=\"advgb-post-tax-term\">m\u00e1quinas industriais<\/span>","<span class=\"advgb-post-tax-term\">melhor pre\u00e7o<\/span>","<span class=\"advgb-post-tax-term\">mercado<\/span>","<span class=\"advgb-post-tax-term\">Profissionalismo<\/span>"]}},"comment_count":"0","relative_dates":{"created":"Posted 4 anos ago","modified":"Updated 4 anos ago"},"absolute_dates":{"created":"Posted on 11 de Fevereiro, 2022","modified":"Updated on 4 de Fevereiro, 2022"},"absolute_dates_time":{"created":"Posted on 11 de Fevereiro, 2022 9:00","modified":"Updated on 4 de Fevereiro, 2022 13:03"},"featured_img_caption":"","series_order":"","_links":{"self":[{"href":"https:\/\/maismagazine.pt\/index.php\/wp-json\/wp\/v2\/posts\/2348","targetHints":{"allow":["GET"]}}],"collection":[{"href":"https:\/\/maismagazine.pt\/index.php\/wp-json\/wp\/v2\/posts"}],"about":[{"href":"https:\/\/maismagazine.pt\/index.php\/wp-json\/wp\/v2\/types\/post"}],"author":[{"embeddable":true,"href":"https:\/\/maismagazine.pt\/index.php\/wp-json\/wp\/v2\/users\/7"}],"replies":[{"embeddable":true,"href":"https:\/\/maismagazine.pt\/index.php\/wp-json\/wp\/v2\/comments?post=2348"}],"version-history":[{"count":1,"href":"https:\/\/maismagazine.pt\/index.php\/wp-json\/wp\/v2\/posts\/2348\/revisions"}],"predecessor-version":[{"id":2357,"href":"https:\/\/maismagazine.pt\/index.php\/wp-json\/wp\/v2\/posts\/2348\/revisions\/2357"}],"wp:featuredmedia":[{"embeddable":true,"href":"https:\/\/maismagazine.pt\/index.php\/wp-json\/wp\/v2\/media\/2356"}],"wp:attachment":[{"href":"https:\/\/maismagazine.pt\/index.php\/wp-json\/wp\/v2\/media?parent=2348"}],"wp:term":[{"taxonomy":"category","embeddable":true,"href":"https:\/\/maismagazine.pt\/index.php\/wp-json\/wp\/v2\/categories?post=2348"},{"taxonomy":"post_tag","embeddable":true,"href":"https:\/\/maismagazine.pt\/index.php\/wp-json\/wp\/v2\/tags?post=2348"}],"curies":[{"name":"wp","href":"https:\/\/api.w.org\/{rel}","templated":true}]}}