{"id":2334,"date":"2022-02-11T07:00:00","date_gmt":"2022-02-11T07:00:00","guid":{"rendered":"http:\/\/maismagazine.pt\/?p=2334"},"modified":"2022-02-04T12:41:21","modified_gmt":"2022-02-04T12:41:21","slug":"porto-de-mos-um-convite-a-descoberta-de-lugares-historias-e-experiencias","status":"publish","type":"post","link":"https:\/\/maismagazine.pt\/index.php\/2022\/02\/11\/porto-de-mos-um-convite-a-descoberta-de-lugares-historias-e-experiencias\/","title":{"rendered":"Porto de M\u00f3s: Um convite \u00e0 descoberta de lugares, hist\u00f3rias e experi\u00eancias"},"content":{"rendered":"\n<p><em>Sabia que a grandiosa Batalha de Aljubarrota, decisiva para assegurar a independ\u00eancia do pa\u00eds face a Castela, decorreu em Porto de M\u00f3s? Nesta edi\u00e7\u00e3o da revista Mais Magazine, levantamos um pouco o v\u00e9u sobre o que Porto de M\u00f3s tem para ver e viver, da hist\u00f3ria ao patrim\u00f3nio. Fica desde j\u00e1 o convite para visitar este territ\u00f3rio, sabendo que o que n\u00e3o se pode dizer em palavras conquista o olhar e o cora\u00e7\u00e3o de quem c\u00e1 vem.<\/em><\/p>\n\n\n\n<p><\/p>\n\n\n\n<p>Falar de Porto de M\u00f3s \u00e9 falar de um <a href=\"https:\/\/www.municipio-portodemos.pt\/\" target=\"_blank\" rel=\"noreferrer noopener\">territ\u00f3rio<\/a> imenso e rico, em tantas vertentes. Acarinhado pela natureza e ruralidade do Parque Natural da Serra de Aire e Candeeiros, o Munic\u00edpio de Porto de M\u00f3s foi palco de uma das batalhas mais importantes de toda a \u00e9poca medieval, entre portugueses e castelhanos, que consolidou a identidade nacional \u2013 a Batalha de Aljubarrota. Na verdade, existem diversas opini\u00f5es sobre o verdadeiro nome da batalha, considerando o espa\u00e7o onde esta ocorreu e os seus intervenientes. A batalha n\u00e3o teve lugar em Aljubarrota, vila pr\u00f3xima, mas sim no planalto de S\u00e3o Jorge, onde se encontra o Centro de Interpreta\u00e7\u00e3o da Batalha de Aljubarrota. Este \u00e9, ali\u00e1s, dos poucos campos de batalha medievais cuja localiza\u00e7\u00e3o exata \u00e9 conhecida. A escolha do local para o confronto, pelo Condest\u00e1vel, n\u00e3o foi um acaso. Tirou partido da sua localiza\u00e7\u00e3o, no cruzamento de vias milenares, e das caracter\u00edsticas topogr\u00e1ficas e fortifica-o, conseguindo travar a marcha castelhana em dire\u00e7\u00e3o \u00e0 capital, numa batalha determinante na afirma\u00e7\u00e3o da independ\u00eancia do Reino de Portugal.<\/p>\n\n\n\n<p><\/p>\n\n\n\n<p><strong>Centro de Interpreta\u00e7\u00e3o da Batalha de Aljubarrota<\/strong><\/p>\n\n\n\n<p>Atualmente, o campo onde ocorreu a Batalha de Aljubarrota est\u00e1 classificado como Monumento Nacional, consagrando, desta forma, todo o inestim\u00e1vel trabalho desenvolvido no Centro de Interpreta\u00e7\u00e3o da Batalha de Aljubarrota (CIBA) criado pela Funda\u00e7\u00e3o Batalha de Aljubarrota. O CIBA \u00e9 a face mais vis\u00edvel da Funda\u00e7\u00e3o e tem investido na valoriza\u00e7\u00e3o, promovendo estudos hist\u00f3ricos e arqueol\u00f3gicos, que fizeram recurso a modernos processos de an\u00e1lise. <\/p>\n\n\n\n<p><\/p>\n\n\n\n<p>Situado na povoa\u00e7\u00e3o de S\u00e3o Jorge, o CIBA conta com uma \u00e1rea expositiva que combina um conceito inovador de entretenimento e inova\u00e7\u00e3o, que se divide em quatro n\u00facleos. Para al\u00e9m de poder estar em pleno campo de batalha, o visitante tem acesso a um centro de interpreta\u00e7\u00e3o com as mais recentes tecnologias expositivas e visitas com \u00e1udio-guias ou guias. No interior, pode ser visualizado um espet\u00e1culo multim\u00e9dia sobre o per\u00edodo hist\u00f3rico, experimentar as armas, vislumbrar alguns dos ossos dos combatentes com ferimentos e experimentar alguns workshops e recria\u00e7\u00f5es ao vivo.<\/p>\n\n\n\n<figure class=\"wp-block-gallery columns-3 is-cropped wp-block-gallery-1\"><ul class=\"blocks-gallery-grid\"><li class=\"blocks-gallery-item\"><figure><img loading=\"lazy\" decoding=\"async\" width=\"1024\" height=\"768\" src=\"http:\/\/maismagazine.pt\/wp-content\/uploads\/2022\/02\/2-Castelo-Porto-de-Mos-1024x768.jpg\" alt=\"\" data-id=\"2341\" data-full-url=\"http:\/\/maismagazine.pt\/wp-content\/uploads\/2022\/02\/2-Castelo-Porto-de-Mos-scaled.jpg\" data-link=\"http:\/\/maismagazine.pt\/?attachment_id=2341\" class=\"wp-image-2341\" srcset=\"https:\/\/maismagazine.pt\/wp-content\/uploads\/2022\/02\/2-Castelo-Porto-de-Mos-1024x768.jpg 1024w, https:\/\/maismagazine.pt\/wp-content\/uploads\/2022\/02\/2-Castelo-Porto-de-Mos-300x225.jpg 300w, https:\/\/maismagazine.pt\/wp-content\/uploads\/2022\/02\/2-Castelo-Porto-de-Mos-768x576.jpg 768w, https:\/\/maismagazine.pt\/wp-content\/uploads\/2022\/02\/2-Castelo-Porto-de-Mos-1536x1152.jpg 1536w, https:\/\/maismagazine.pt\/wp-content\/uploads\/2022\/02\/2-Castelo-Porto-de-Mos-2048x1536.jpg 2048w\" sizes=\"auto, (max-width: 1024px) 100vw, 1024px\" \/><\/figure><\/li><li class=\"blocks-gallery-item\"><figure><img loading=\"lazy\" decoding=\"async\" width=\"1024\" height=\"768\" src=\"http:\/\/maismagazine.pt\/wp-content\/uploads\/2022\/02\/1-Fornea_Cascatas_Alcaria-1024x768.jpg\" alt=\"\" data-id=\"2340\" data-full-url=\"http:\/\/maismagazine.pt\/wp-content\/uploads\/2022\/02\/1-Fornea_Cascatas_Alcaria.jpg\" data-link=\"http:\/\/maismagazine.pt\/?attachment_id=2340\" class=\"wp-image-2340\" srcset=\"https:\/\/maismagazine.pt\/wp-content\/uploads\/2022\/02\/1-Fornea_Cascatas_Alcaria-1024x768.jpg 1024w, https:\/\/maismagazine.pt\/wp-content\/uploads\/2022\/02\/1-Fornea_Cascatas_Alcaria-300x225.jpg 300w, https:\/\/maismagazine.pt\/wp-content\/uploads\/2022\/02\/1-Fornea_Cascatas_Alcaria-768x576.jpg 768w, https:\/\/maismagazine.pt\/wp-content\/uploads\/2022\/02\/1-Fornea_Cascatas_Alcaria-1536x1152.jpg 1536w, https:\/\/maismagazine.pt\/wp-content\/uploads\/2022\/02\/1-Fornea_Cascatas_Alcaria.jpg 2048w\" sizes=\"auto, (max-width: 1024px) 100vw, 1024px\" \/><\/figure><\/li><li class=\"blocks-gallery-item\"><figure><img loading=\"lazy\" decoding=\"async\" width=\"1024\" height=\"768\" src=\"http:\/\/maismagazine.pt\/wp-content\/uploads\/2022\/02\/1-Castelo-Porto-de-Mos-1024x768.jpg\" alt=\"\" data-id=\"2339\" data-full-url=\"http:\/\/maismagazine.pt\/wp-content\/uploads\/2022\/02\/1-Castelo-Porto-de-Mos.jpg\" data-link=\"http:\/\/maismagazine.pt\/?attachment_id=2339\" class=\"wp-image-2339\" srcset=\"https:\/\/maismagazine.pt\/wp-content\/uploads\/2022\/02\/1-Castelo-Porto-de-Mos-1024x768.jpg 1024w, https:\/\/maismagazine.pt\/wp-content\/uploads\/2022\/02\/1-Castelo-Porto-de-Mos-300x225.jpg 300w, https:\/\/maismagazine.pt\/wp-content\/uploads\/2022\/02\/1-Castelo-Porto-de-Mos-768x576.jpg 768w, https:\/\/maismagazine.pt\/wp-content\/uploads\/2022\/02\/1-Castelo-Porto-de-Mos-1536x1152.jpg 1536w, https:\/\/maismagazine.pt\/wp-content\/uploads\/2022\/02\/1-Castelo-Porto-de-Mos.jpg 2048w\" sizes=\"auto, (max-width: 1024px) 100vw, 1024px\" \/><\/figure><\/li><li class=\"blocks-gallery-item\"><figure><img loading=\"lazy\" decoding=\"async\" width=\"1024\" height=\"680\" src=\"http:\/\/maismagazine.pt\/wp-content\/uploads\/2022\/02\/Grutas-de-Santo-Antonio-1024x680.png\" alt=\"\" data-id=\"2338\" data-full-url=\"http:\/\/maismagazine.pt\/wp-content\/uploads\/2022\/02\/Grutas-de-Santo-Antonio.png\" data-link=\"http:\/\/maismagazine.pt\/?attachment_id=2338\" class=\"wp-image-2338 is-layout-flex wp-block-gallery-is-layout-flex\" srcset=\"https:\/\/maismagazine.pt\/wp-content\/uploads\/2022\/02\/Grutas-de-Santo-Antonio-1024x680.png 1024w, https:\/\/maismagazine.pt\/wp-content\/uploads\/2022\/02\/Grutas-de-Santo-Antonio-300x199.png 300w, https:\/\/maismagazine.pt\/wp-content\/uploads\/2022\/02\/Grutas-de-Santo-Antonio-768x510.png 768w, https:\/\/maismagazine.pt\/wp-content\/uploads\/2022\/02\/Grutas-de-Santo-Antonio-1536x1020.png 1536w, https:\/\/maismagazine.pt\/wp-content\/uploads\/2022\/02\/Grutas-de-Santo-Antonio-150x100.png 150w, https:\/\/maismagazine.pt\/wp-content\/uploads\/2022\/02\/Grutas-de-Santo-Antonio.png 1920w\" sizes=\"auto, (max-width: 1024px) 100vw, 1024px\" \/><\/figure><\/li><\/ul><\/figure>\n\n\n\n<p><strong>Uma varanda para a serra de Aires e Candeeiros<\/strong><\/p>\n\n\n\n<p>No contexto do patrim\u00f3nio hist\u00f3rico-militar, \u00eanfase ainda para o Castelo de Porto de M\u00f3s. Para al\u00e9m da arquitetura singular do castelo que o distingue dos demais, o grande destaque ainda vai para o facto de este ter sido um dos marcos na defesa de Leiria e de Coimbra. A sua import\u00e2ncia estrat\u00e9gica deve-se \u00e0 posi\u00e7\u00e3o de dom\u00ednio dos acessos aos corredores naturais que atravessam o Maci\u00e7o Calc\u00e1rio Estremenho e pelos quais o Vale do Tejo e a Alta Estremadura comunicam. Isto foi particularmente importante no caso das ofensivas crist\u00e3s vindas de norte, com D. Afonso Henriques, e para resistir \u00e0s ofensivas mu\u00e7ulmanas vindas de sul, ainda em finais do s\u00e9culo XII. Ali\u00e1s, \u00e9 neste contexto que, por volta de 1200, D. Sancho I ter\u00e1 mandado reerguer a fortaleza com a planta, no essencial, correspondente ao que hoje conhecemos, substituindo qualquer fortifica\u00e7\u00e3o anterior.<\/p>\n\n\n\n<p><\/p>\n\n\n\n<p><strong>Passeio pedestre pela estrada romana<\/strong><\/p>\n\n\n\n<p>O Concelho de Porto de M\u00f3s possui um vasto patrim\u00f3nio hist\u00f3rico e cultural genu\u00edno que, aliado \u00e0 paisagem natural e outros recursos end\u00f3genos, fazem deste concelho um lugar apraz\u00edvel para visitar. Neste contexto, a Estrada Romana de Alqueid\u00e3o da Serra constitui um dos marcos mais not\u00e1veis do patrim\u00f3nio cultural do Concelho de Porto de M\u00f3s. Esta via romana, na sua tipologia e nesta regi\u00e3o, \u00e9 das mais bem conservadas e permite reconhecer as t\u00e9cnicas de constru\u00e7\u00e3o da \u00e9poca. Esta era uma via de import\u00e2ncia regional, que, desde o s\u00e9culo I, ligava entre si o M\u00e9dio Tejo e o litoral estremenho. Al\u00e9m da via em si, o seu enquadramento permite observar toda a regi\u00e3o envolvente e \u00e9 um convite \u00e0 descoberta de um territ\u00f3rio com paisagens \u00fanicas, dominadas pelo carso.<\/p>\n\n\n\n<p><\/p>\n\n\n\n<p><strong>Aposta no turismo militar<\/strong><\/p>\n\n\n\n<p>Tendo Porto de M\u00f3s um patrim\u00f3nio hist\u00f3rico e arquitet\u00f3nico com um valor universal, o turismo militar assume-se cada vez mais como um dos principais eixos que permite enriquecer as escolhas de quem visita o concelho e atrair p\u00fablicos de rotas bem implantadas, como \u00e9 o caso do turismo religioso. Apesar da pandemia, j\u00e1 foi poss\u00edvel constatar que as refer\u00eancias de car\u00e1ter militar alavancaram o turismo local. A visita ao castelo, por exemplo, tem motivado muitos visitantes a descobrir o territ\u00f3rio envolvente que dali se avista e, por essa via, descobrir todas as suas facetas menos conhecidas, como a gastronomia ou as arquiteturas de pedra seca.<\/p>\n\n\n\n<p><\/p>\n\n\n\n<p>Seja qual for o motivo, vale a pena aproveitar as muitas possibilidades que este territ\u00f3rio oferece. Assim, para descobrir as terras de Porto de M\u00f3s, aconselhamos uma visita de dois a tr\u00eas dias, para desfrutar de uma experi\u00eancia imersiva mesclada de cultura, paisagem e sabores. O castelo \u00e9 um bom ponto de partida. A jornada pode continuar com um passeio pela antiga linha de caminho-de-ferro transformada em ciclovia e pista pedonal, ou por um dos m\u00faltiplos percursos pedestres que nos levam a majest\u00e1ticas formas geol\u00f3gicas moldadas pela \u00e1gua, como a F\u00f3rnea e os grandes vales de Alvados e de Mira\/Minde. A descoberta das lagoas de Arrimal \u00e9 imprescind\u00edvel, assim como tirar umas horas para saborear a morcela de arroz, grelhados e outras iguarias. E porque falamos de Porto de M\u00f3s, o roteiro s\u00f3 fica conclu\u00eddo com uma visita a pelo menos uma das grutas visit\u00e1veis de Alvados, Mira de Aire ou Santo Ant\u00f3nio. Por fim a caminho de uma imperd\u00edvel visita ao CIBA, procure as olarias, e contacte com as artes do barro vermelho, t\u00e3o t\u00edpicas desta regi\u00e3o.<\/p>\n","protected":false},"excerpt":{"rendered":"<p>Sabia que a grandiosa Batalha de Aljubarrota, decisiva para assegurar a independ\u00eancia do pa\u00eds face a Castela, decorreu em Porto de M\u00f3s? Nesta edi\u00e7\u00e3o da revista Mais Magazine, levantamos um pouco o v\u00e9u sobre o que Porto de M\u00f3s tem para ver e viver, da hist\u00f3ria ao patrim\u00f3nio. Fica desde&hellip;<\/p>\n","protected":false},"author":7,"featured_media":2337,"comment_status":"open","ping_status":"open","sticky":false,"template":"","format":"standard","meta":{"advgb_blocks_editor_width":"","advgb_blocks_columns_visual_guide":"","_monsterinsights_skip_tracking":false,"_monsterinsights_sitenote_active":false,"_monsterinsights_sitenote_note":"","_monsterinsights_sitenote_category":0,"footnotes":""},"categories":[9,53],"tags":[407,378,395,396],"class_list":["post-2334","post","type-post","status-publish","format-standard","has-post-thumbnail","hentry","category-cultura","category-turismo-restaurantes","tag-aljubarrora","tag-historia","tag-patrimonio","tag-turismo-militar"],"yoast_head":"<!-- This site is optimized with the Yoast SEO plugin v24.4 - https:\/\/yoast.com\/wordpress\/plugins\/seo\/ -->\n<title>Porto de M\u00f3s: Um convite \u00e0 descoberta de lugares, hist\u00f3rias e experi\u00eancias - Mais Magazine<\/title>\n<meta name=\"description\" content=\"Sabia que a grandiosa Batalha de Aljubarrota, decisiva para assegurar a independ\u00eancia do pa\u00eds face a Castela, decorreu em Porto de M\u00f3s?\" \/>\n<meta name=\"robots\" content=\"index, follow, max-snippet:-1, max-image-preview:large, max-video-preview:-1\" \/>\n<link rel=\"canonical\" href=\"http:\/\/maismagazine.pt\/index.php\/2022\/02\/11\/porto-de-mos-um-convite-a-descoberta-de-lugares-historias-e-experiencias\/\" \/>\n<meta property=\"og:locale\" content=\"pt_PT\" \/>\n<meta property=\"og:type\" content=\"article\" \/>\n<meta property=\"og:title\" content=\"Porto de M\u00f3s: Um convite \u00e0 descoberta de lugares, hist\u00f3rias e experi\u00eancias - Mais Magazine\" \/>\n<meta property=\"og:description\" content=\"Sabia que a grandiosa Batalha de Aljubarrota, decisiva para assegurar a independ\u00eancia do pa\u00eds face a Castela, decorreu em Porto de M\u00f3s?\" \/>\n<meta property=\"og:url\" content=\"http:\/\/maismagazine.pt\/index.php\/2022\/02\/11\/porto-de-mos-um-convite-a-descoberta-de-lugares-historias-e-experiencias\/\" \/>\n<meta property=\"og:site_name\" content=\"Mais Magazine\" \/>\n<meta property=\"article:published_time\" content=\"2022-02-11T07:00:00+00:00\" \/>\n<meta property=\"og:image\" content=\"http:\/\/maismagazine.pt\/wp-content\/uploads\/2022\/02\/3-Castelo-Porto-de-Mos-scaled.jpg\" \/>\n\t<meta property=\"og:image:width\" content=\"2560\" \/>\n\t<meta property=\"og:image:height\" content=\"1707\" \/>\n\t<meta property=\"og:image:type\" content=\"image\/jpeg\" \/>\n<meta name=\"author\" content=\"Jo\u00e3o Malainho\" \/>\n<meta name=\"twitter:card\" content=\"summary_large_image\" \/>\n<meta name=\"twitter:label1\" content=\"Escrito por\" \/>\n\t<meta name=\"twitter:data1\" content=\"\" \/>\n\t<meta name=\"twitter:label2\" content=\"Tempo estimado de leitura\" \/>\n\t<meta name=\"twitter:data2\" content=\"6 minutos\" \/>\n<script type=\"application\/ld+json\" class=\"yoast-schema-graph\">{\"@context\":\"https:\/\/schema.org\",\"@graph\":[{\"@type\":\"Article\",\"@id\":\"http:\/\/maismagazine.pt\/index.php\/2022\/02\/11\/porto-de-mos-um-convite-a-descoberta-de-lugares-historias-e-experiencias\/#article\",\"isPartOf\":{\"@id\":\"http:\/\/maismagazine.pt\/index.php\/2022\/02\/11\/porto-de-mos-um-convite-a-descoberta-de-lugares-historias-e-experiencias\/\"},\"author\":{\"name\":\"Jo\u00e3o Malainho\",\"@id\":\"https:\/\/maismagazine.pt\/#\/schema\/person\/999bd426f894ff56d397ec12ebd21ebb\"},\"headline\":\"Porto de M\u00f3s: Um convite \u00e0 descoberta de lugares, hist\u00f3rias e experi\u00eancias\",\"datePublished\":\"2022-02-11T07:00:00+00:00\",\"mainEntityOfPage\":{\"@id\":\"http:\/\/maismagazine.pt\/index.php\/2022\/02\/11\/porto-de-mos-um-convite-a-descoberta-de-lugares-historias-e-experiencias\/\"},\"wordCount\":1095,\"commentCount\":0,\"publisher\":{\"@id\":\"https:\/\/maismagazine.pt\/#organization\"},\"image\":{\"@id\":\"http:\/\/maismagazine.pt\/index.php\/2022\/02\/11\/porto-de-mos-um-convite-a-descoberta-de-lugares-historias-e-experiencias\/#primaryimage\"},\"thumbnailUrl\":\"https:\/\/maismagazine.pt\/wp-content\/uploads\/2022\/02\/3-Castelo-Porto-de-Mos-scaled.jpg\",\"keywords\":[\"Aljubarrora\",\"Hist\u00f3ria\",\"patrim\u00f3nio\",\"turismo militar\"],\"articleSection\":[\"Cultura\",\"Turismo | Vinhos | Gastronomia\"],\"inLanguage\":\"pt-PT\",\"potentialAction\":[{\"@type\":\"CommentAction\",\"name\":\"Comment\",\"target\":[\"http:\/\/maismagazine.pt\/index.php\/2022\/02\/11\/porto-de-mos-um-convite-a-descoberta-de-lugares-historias-e-experiencias\/#respond\"]}]},{\"@type\":\"WebPage\",\"@id\":\"http:\/\/maismagazine.pt\/index.php\/2022\/02\/11\/porto-de-mos-um-convite-a-descoberta-de-lugares-historias-e-experiencias\/\",\"url\":\"http:\/\/maismagazine.pt\/index.php\/2022\/02\/11\/porto-de-mos-um-convite-a-descoberta-de-lugares-historias-e-experiencias\/\",\"name\":\"Porto de M\u00f3s: Um convite \u00e0 descoberta de lugares, hist\u00f3rias e experi\u00eancias - Mais Magazine\",\"isPartOf\":{\"@id\":\"https:\/\/maismagazine.pt\/#website\"},\"primaryImageOfPage\":{\"@id\":\"http:\/\/maismagazine.pt\/index.php\/2022\/02\/11\/porto-de-mos-um-convite-a-descoberta-de-lugares-historias-e-experiencias\/#primaryimage\"},\"image\":{\"@id\":\"http:\/\/maismagazine.pt\/index.php\/2022\/02\/11\/porto-de-mos-um-convite-a-descoberta-de-lugares-historias-e-experiencias\/#primaryimage\"},\"thumbnailUrl\":\"https:\/\/maismagazine.pt\/wp-content\/uploads\/2022\/02\/3-Castelo-Porto-de-Mos-scaled.jpg\",\"datePublished\":\"2022-02-11T07:00:00+00:00\",\"description\":\"Sabia que a grandiosa Batalha de Aljubarrota, decisiva para assegurar a independ\u00eancia do pa\u00eds face a Castela, decorreu em Porto de M\u00f3s?\",\"breadcrumb\":{\"@id\":\"http:\/\/maismagazine.pt\/index.php\/2022\/02\/11\/porto-de-mos-um-convite-a-descoberta-de-lugares-historias-e-experiencias\/#breadcrumb\"},\"inLanguage\":\"pt-PT\",\"potentialAction\":[{\"@type\":\"ReadAction\",\"target\":[\"http:\/\/maismagazine.pt\/index.php\/2022\/02\/11\/porto-de-mos-um-convite-a-descoberta-de-lugares-historias-e-experiencias\/\"]}]},{\"@type\":\"ImageObject\",\"inLanguage\":\"pt-PT\",\"@id\":\"http:\/\/maismagazine.pt\/index.php\/2022\/02\/11\/porto-de-mos-um-convite-a-descoberta-de-lugares-historias-e-experiencias\/#primaryimage\",\"url\":\"https:\/\/maismagazine.pt\/wp-content\/uploads\/2022\/02\/3-Castelo-Porto-de-Mos-scaled.jpg\",\"contentUrl\":\"https:\/\/maismagazine.pt\/wp-content\/uploads\/2022\/02\/3-Castelo-Porto-de-Mos-scaled.jpg\",\"width\":2560,\"height\":1707},{\"@type\":\"BreadcrumbList\",\"@id\":\"http:\/\/maismagazine.pt\/index.php\/2022\/02\/11\/porto-de-mos-um-convite-a-descoberta-de-lugares-historias-e-experiencias\/#breadcrumb\",\"itemListElement\":[{\"@type\":\"ListItem\",\"position\":1,\"name\":\"Home\",\"item\":\"https:\/\/maismagazine.pt\/\"},{\"@type\":\"ListItem\",\"position\":2,\"name\":\"Porto de M\u00f3s: Um convite \u00e0 descoberta de lugares, hist\u00f3rias e experi\u00eancias\"}]},{\"@type\":\"WebSite\",\"@id\":\"https:\/\/maismagazine.pt\/#website\",\"url\":\"https:\/\/maismagazine.pt\/\",\"name\":\"Mais Magazine\",\"description\":\"\",\"publisher\":{\"@id\":\"https:\/\/maismagazine.pt\/#organization\"},\"potentialAction\":[{\"@type\":\"SearchAction\",\"target\":{\"@type\":\"EntryPoint\",\"urlTemplate\":\"https:\/\/maismagazine.pt\/?s={search_term_string}\"},\"query-input\":{\"@type\":\"PropertyValueSpecification\",\"valueRequired\":true,\"valueName\":\"search_term_string\"}}],\"inLanguage\":\"pt-PT\"},{\"@type\":\"Organization\",\"@id\":\"https:\/\/maismagazine.pt\/#organization\",\"name\":\"Mais Magazine\",\"url\":\"https:\/\/maismagazine.pt\/\",\"logo\":{\"@type\":\"ImageObject\",\"inLanguage\":\"pt-PT\",\"@id\":\"https:\/\/maismagazine.pt\/#\/schema\/logo\/image\/\",\"url\":\"https:\/\/maismagazine.pt\/wp-content\/uploads\/2020\/04\/cropped-cropped-mais-magazine-site-logo-2.png\",\"contentUrl\":\"https:\/\/maismagazine.pt\/wp-content\/uploads\/2020\/04\/cropped-cropped-mais-magazine-site-logo-2.png\",\"width\":581,\"height\":90,\"caption\":\"Mais Magazine\"},\"image\":{\"@id\":\"https:\/\/maismagazine.pt\/#\/schema\/logo\/image\/\"}},{\"@type\":\"Person\",\"@id\":\"https:\/\/maismagazine.pt\/#\/schema\/person\/999bd426f894ff56d397ec12ebd21ebb\",\"name\":\"Jo\u00e3o Malainho\",\"image\":{\"@type\":\"ImageObject\",\"inLanguage\":\"pt-PT\",\"@id\":\"https:\/\/maismagazine.pt\/#\/schema\/person\/image\/\",\"url\":\"https:\/\/secure.gravatar.com\/avatar\/ff03c2f38edf60b2a827aa4f74878491?s=96&d=mm&r=g\",\"contentUrl\":\"https:\/\/secure.gravatar.com\/avatar\/ff03c2f38edf60b2a827aa4f74878491?s=96&d=mm&r=g\",\"caption\":\"Jo\u00e3o Malainho\"},\"url\":\"https:\/\/maismagazine.pt\/index.php\/author\/maismagazine\/\"}]}<\/script>\n<!-- \/ Yoast SEO plugin. -->","yoast_head_json":{"title":"Porto de M\u00f3s: Um convite \u00e0 descoberta de lugares, hist\u00f3rias e experi\u00eancias - Mais Magazine","description":"Sabia que a grandiosa Batalha de Aljubarrota, decisiva para assegurar a independ\u00eancia do pa\u00eds face a Castela, decorreu em Porto de M\u00f3s?","robots":{"index":"index","follow":"follow","max-snippet":"max-snippet:-1","max-image-preview":"max-image-preview:large","max-video-preview":"max-video-preview:-1"},"canonical":"http:\/\/maismagazine.pt\/index.php\/2022\/02\/11\/porto-de-mos-um-convite-a-descoberta-de-lugares-historias-e-experiencias\/","og_locale":"pt_PT","og_type":"article","og_title":"Porto de M\u00f3s: Um convite \u00e0 descoberta de lugares, hist\u00f3rias e experi\u00eancias - Mais Magazine","og_description":"Sabia que a grandiosa Batalha de Aljubarrota, decisiva para assegurar a independ\u00eancia do pa\u00eds face a Castela, decorreu em Porto de M\u00f3s?","og_url":"http:\/\/maismagazine.pt\/index.php\/2022\/02\/11\/porto-de-mos-um-convite-a-descoberta-de-lugares-historias-e-experiencias\/","og_site_name":"Mais Magazine","article_published_time":"2022-02-11T07:00:00+00:00","og_image":[{"width":2560,"height":1707,"url":"http:\/\/maismagazine.pt\/wp-content\/uploads\/2022\/02\/3-Castelo-Porto-de-Mos-scaled.jpg","type":"image\/jpeg"}],"author":"Jo\u00e3o Malainho","twitter_card":"summary_large_image","twitter_misc":{"Escrito por":false,"Tempo estimado de leitura":"6 minutos"},"schema":{"@context":"https:\/\/schema.org","@graph":[{"@type":"Article","@id":"http:\/\/maismagazine.pt\/index.php\/2022\/02\/11\/porto-de-mos-um-convite-a-descoberta-de-lugares-historias-e-experiencias\/#article","isPartOf":{"@id":"http:\/\/maismagazine.pt\/index.php\/2022\/02\/11\/porto-de-mos-um-convite-a-descoberta-de-lugares-historias-e-experiencias\/"},"author":{"name":"Jo\u00e3o Malainho","@id":"https:\/\/maismagazine.pt\/#\/schema\/person\/999bd426f894ff56d397ec12ebd21ebb"},"headline":"Porto de M\u00f3s: Um convite \u00e0 descoberta de lugares, hist\u00f3rias e experi\u00eancias","datePublished":"2022-02-11T07:00:00+00:00","mainEntityOfPage":{"@id":"http:\/\/maismagazine.pt\/index.php\/2022\/02\/11\/porto-de-mos-um-convite-a-descoberta-de-lugares-historias-e-experiencias\/"},"wordCount":1095,"commentCount":0,"publisher":{"@id":"https:\/\/maismagazine.pt\/#organization"},"image":{"@id":"http:\/\/maismagazine.pt\/index.php\/2022\/02\/11\/porto-de-mos-um-convite-a-descoberta-de-lugares-historias-e-experiencias\/#primaryimage"},"thumbnailUrl":"https:\/\/maismagazine.pt\/wp-content\/uploads\/2022\/02\/3-Castelo-Porto-de-Mos-scaled.jpg","keywords":["Aljubarrora","Hist\u00f3ria","patrim\u00f3nio","turismo militar"],"articleSection":["Cultura","Turismo | Vinhos | Gastronomia"],"inLanguage":"pt-PT","potentialAction":[{"@type":"CommentAction","name":"Comment","target":["http:\/\/maismagazine.pt\/index.php\/2022\/02\/11\/porto-de-mos-um-convite-a-descoberta-de-lugares-historias-e-experiencias\/#respond"]}]},{"@type":"WebPage","@id":"http:\/\/maismagazine.pt\/index.php\/2022\/02\/11\/porto-de-mos-um-convite-a-descoberta-de-lugares-historias-e-experiencias\/","url":"http:\/\/maismagazine.pt\/index.php\/2022\/02\/11\/porto-de-mos-um-convite-a-descoberta-de-lugares-historias-e-experiencias\/","name":"Porto de M\u00f3s: Um convite \u00e0 descoberta de lugares, hist\u00f3rias e experi\u00eancias - Mais Magazine","isPartOf":{"@id":"https:\/\/maismagazine.pt\/#website"},"primaryImageOfPage":{"@id":"http:\/\/maismagazine.pt\/index.php\/2022\/02\/11\/porto-de-mos-um-convite-a-descoberta-de-lugares-historias-e-experiencias\/#primaryimage"},"image":{"@id":"http:\/\/maismagazine.pt\/index.php\/2022\/02\/11\/porto-de-mos-um-convite-a-descoberta-de-lugares-historias-e-experiencias\/#primaryimage"},"thumbnailUrl":"https:\/\/maismagazine.pt\/wp-content\/uploads\/2022\/02\/3-Castelo-Porto-de-Mos-scaled.jpg","datePublished":"2022-02-11T07:00:00+00:00","description":"Sabia que a grandiosa Batalha de Aljubarrota, decisiva para assegurar a independ\u00eancia do pa\u00eds face a Castela, decorreu em Porto de M\u00f3s?","breadcrumb":{"@id":"http:\/\/maismagazine.pt\/index.php\/2022\/02\/11\/porto-de-mos-um-convite-a-descoberta-de-lugares-historias-e-experiencias\/#breadcrumb"},"inLanguage":"pt-PT","potentialAction":[{"@type":"ReadAction","target":["http:\/\/maismagazine.pt\/index.php\/2022\/02\/11\/porto-de-mos-um-convite-a-descoberta-de-lugares-historias-e-experiencias\/"]}]},{"@type":"ImageObject","inLanguage":"pt-PT","@id":"http:\/\/maismagazine.pt\/index.php\/2022\/02\/11\/porto-de-mos-um-convite-a-descoberta-de-lugares-historias-e-experiencias\/#primaryimage","url":"https:\/\/maismagazine.pt\/wp-content\/uploads\/2022\/02\/3-Castelo-Porto-de-Mos-scaled.jpg","contentUrl":"https:\/\/maismagazine.pt\/wp-content\/uploads\/2022\/02\/3-Castelo-Porto-de-Mos-scaled.jpg","width":2560,"height":1707},{"@type":"BreadcrumbList","@id":"http:\/\/maismagazine.pt\/index.php\/2022\/02\/11\/porto-de-mos-um-convite-a-descoberta-de-lugares-historias-e-experiencias\/#breadcrumb","itemListElement":[{"@type":"ListItem","position":1,"name":"Home","item":"https:\/\/maismagazine.pt\/"},{"@type":"ListItem","position":2,"name":"Porto de M\u00f3s: Um convite \u00e0 descoberta de lugares, hist\u00f3rias e experi\u00eancias"}]},{"@type":"WebSite","@id":"https:\/\/maismagazine.pt\/#website","url":"https:\/\/maismagazine.pt\/","name":"Mais Magazine","description":"","publisher":{"@id":"https:\/\/maismagazine.pt\/#organization"},"potentialAction":[{"@type":"SearchAction","target":{"@type":"EntryPoint","urlTemplate":"https:\/\/maismagazine.pt\/?s={search_term_string}"},"query-input":{"@type":"PropertyValueSpecification","valueRequired":true,"valueName":"search_term_string"}}],"inLanguage":"pt-PT"},{"@type":"Organization","@id":"https:\/\/maismagazine.pt\/#organization","name":"Mais Magazine","url":"https:\/\/maismagazine.pt\/","logo":{"@type":"ImageObject","inLanguage":"pt-PT","@id":"https:\/\/maismagazine.pt\/#\/schema\/logo\/image\/","url":"https:\/\/maismagazine.pt\/wp-content\/uploads\/2020\/04\/cropped-cropped-mais-magazine-site-logo-2.png","contentUrl":"https:\/\/maismagazine.pt\/wp-content\/uploads\/2020\/04\/cropped-cropped-mais-magazine-site-logo-2.png","width":581,"height":90,"caption":"Mais Magazine"},"image":{"@id":"https:\/\/maismagazine.pt\/#\/schema\/logo\/image\/"}},{"@type":"Person","@id":"https:\/\/maismagazine.pt\/#\/schema\/person\/999bd426f894ff56d397ec12ebd21ebb","name":"Jo\u00e3o Malainho","image":{"@type":"ImageObject","inLanguage":"pt-PT","@id":"https:\/\/maismagazine.pt\/#\/schema\/person\/image\/","url":"https:\/\/secure.gravatar.com\/avatar\/ff03c2f38edf60b2a827aa4f74878491?s=96&d=mm&r=g","contentUrl":"https:\/\/secure.gravatar.com\/avatar\/ff03c2f38edf60b2a827aa4f74878491?s=96&d=mm&r=g","caption":"Jo\u00e3o Malainho"},"url":"https:\/\/maismagazine.pt\/index.php\/author\/maismagazine\/"}]}},"author_meta":{"display_name":false,"author_link":"https:\/\/maismagazine.pt\/index.php\/author\/maismagazine\/"},"featured_img":"https:\/\/maismagazine.pt\/wp-content\/uploads\/2022\/02\/3-Castelo-Porto-de-Mos-300x200.jpg","coauthors":[],"tax_additional":{"categories":{"linked":["<a href=\"https:\/\/maismagazine.pt\/index.php\/category\/cultura\/\" class=\"advgb-post-tax-term\">Cultura<\/a>","<a href=\"https:\/\/maismagazine.pt\/index.php\/category\/turismo-restaurantes\/\" class=\"advgb-post-tax-term\">Turismo | Vinhos | Gastronomia<\/a>"],"unlinked":["<span class=\"advgb-post-tax-term\">Cultura<\/span>","<span class=\"advgb-post-tax-term\">Turismo | Vinhos | Gastronomia<\/span>"]},"tags":{"linked":["<a href=\"https:\/\/maismagazine.pt\/index.php\/category\/turismo-restaurantes\/\" class=\"advgb-post-tax-term\">Aljubarrora<\/a>","<a href=\"https:\/\/maismagazine.pt\/index.php\/category\/turismo-restaurantes\/\" class=\"advgb-post-tax-term\">Hist\u00f3ria<\/a>","<a href=\"https:\/\/maismagazine.pt\/index.php\/category\/turismo-restaurantes\/\" class=\"advgb-post-tax-term\">patrim\u00f3nio<\/a>","<a href=\"https:\/\/maismagazine.pt\/index.php\/category\/turismo-restaurantes\/\" class=\"advgb-post-tax-term\">turismo militar<\/a>"],"unlinked":["<span class=\"advgb-post-tax-term\">Aljubarrora<\/span>","<span class=\"advgb-post-tax-term\">Hist\u00f3ria<\/span>","<span class=\"advgb-post-tax-term\">patrim\u00f3nio<\/span>","<span class=\"advgb-post-tax-term\">turismo militar<\/span>"]}},"comment_count":"0","relative_dates":{"created":"Posted 4 anos ago","modified":"Updated 4 anos ago"},"absolute_dates":{"created":"Posted on 11 de Fevereiro, 2022","modified":"Updated on 4 de Fevereiro, 2022"},"absolute_dates_time":{"created":"Posted on 11 de Fevereiro, 2022 7:00","modified":"Updated on 4 de Fevereiro, 2022 12:41"},"featured_img_caption":"","series_order":"","_links":{"self":[{"href":"https:\/\/maismagazine.pt\/index.php\/wp-json\/wp\/v2\/posts\/2334","targetHints":{"allow":["GET"]}}],"collection":[{"href":"https:\/\/maismagazine.pt\/index.php\/wp-json\/wp\/v2\/posts"}],"about":[{"href":"https:\/\/maismagazine.pt\/index.php\/wp-json\/wp\/v2\/types\/post"}],"author":[{"embeddable":true,"href":"https:\/\/maismagazine.pt\/index.php\/wp-json\/wp\/v2\/users\/7"}],"replies":[{"embeddable":true,"href":"https:\/\/maismagazine.pt\/index.php\/wp-json\/wp\/v2\/comments?post=2334"}],"version-history":[{"count":2,"href":"https:\/\/maismagazine.pt\/index.php\/wp-json\/wp\/v2\/posts\/2334\/revisions"}],"predecessor-version":[{"id":2343,"href":"https:\/\/maismagazine.pt\/index.php\/wp-json\/wp\/v2\/posts\/2334\/revisions\/2343"}],"wp:featuredmedia":[{"embeddable":true,"href":"https:\/\/maismagazine.pt\/index.php\/wp-json\/wp\/v2\/media\/2337"}],"wp:attachment":[{"href":"https:\/\/maismagazine.pt\/index.php\/wp-json\/wp\/v2\/media?parent=2334"}],"wp:term":[{"taxonomy":"category","embeddable":true,"href":"https:\/\/maismagazine.pt\/index.php\/wp-json\/wp\/v2\/categories?post=2334"},{"taxonomy":"post_tag","embeddable":true,"href":"https:\/\/maismagazine.pt\/index.php\/wp-json\/wp\/v2\/tags?post=2334"}],"curies":[{"name":"wp","href":"https:\/\/api.w.org\/{rel}","templated":true}]}}