{"id":2294,"date":"2022-02-11T07:00:00","date_gmt":"2022-02-11T07:00:00","guid":{"rendered":"http:\/\/maismagazine.pt\/?p=2294"},"modified":"2022-02-04T11:25:18","modified_gmt":"2022-02-04T11:25:18","slug":"garland-uma-empresa-com-perto-de-dois-seculos-e-meio-de-historia-com-foco-no-futuro","status":"publish","type":"post","link":"https:\/\/maismagazine.pt\/index.php\/2022\/02\/11\/garland-uma-empresa-com-perto-de-dois-seculos-e-meio-de-historia-com-foco-no-futuro\/","title":{"rendered":"Garland, uma empresa com perto de dois s\u00e9culos e meio de hist\u00f3ria, com foco no futuro"},"content":{"rendered":"\n<p><em>A hist\u00f3ria tem tanto de acaso e, de tantas vezes repetida, j\u00e1 se tornou numa lenda. Aquela que \u00e9 atualmente uma das cinco empresas mais antigas em atividade no pa\u00eds, uma das l\u00edderes nacionais no setor de log\u00edstica, transportes e navega\u00e7\u00e3o, surgiu na sequ\u00eancia de uma tempestade que revelou a Thomas Garland o potencial comercial de Lisboa para a venda do bacalhau que trazia da Terra Nova. O comerciante viu-se obrigado pela intemp\u00e9rie a desviar a sua embarca\u00e7\u00e3o para o porto da capital portuguesa e, para n\u00e3o perder toda a carga que transportava, decidiu tentar vend\u00ea-la. Como foi bem-sucedido, no ano seguinte, em abril de 1776, ainda os Estados Unidos da Am\u00e9rica estavam a cerca de tr\u00eas meses de conquistar a sua independ\u00eancia, o brit\u00e2nico fundou em Lisboa a Garland.<\/em><\/p>\n\n\n\n<p><\/p>\n\n\n\n<p>Ao longo da sua hist\u00f3ria, a Garland atravessou momentos marcantes como as Invas\u00f5es Francesas, a Implanta\u00e7\u00e3o da Rep\u00fablica, as guerras mundiais, a Ditadura do Estado Novo, a Revolu\u00e7\u00e3o de Abril, pandemias e as v\u00e1rias crises financeiras que o pa\u00eds sofreu ao longo dos \u00faltimos 246 anos. A Garland foi ainda uma das <a href=\"https:\/\/www.garland.pt\/pt\/\" target=\"_blank\" rel=\"noreferrer noopener\">empresas<\/a> portuguesas autorizadas a imprimir notas banc\u00e1rias pelo Governo Portugu\u00eas e prestou assist\u00eancia ao 1\u00ba voo de travessia do Atl\u00e2ntico Sul, realizado pelo Almirante Gago Coutinho.<\/p>\n\n\n\n<p><\/p>\n\n\n\n<p><strong>Fatores distintivos: know-how acumulado, flexibilidade e tecnologia<\/strong><\/p>\n\n\n\n<p>Em 1855 a Garland tornou-se agente de navega\u00e7\u00e3o e tamb\u00e9m a forma como o neg\u00f3cio viria a arrancar \u00e9 digna de lenda. Alguns armadores de Liverpool procuravam um agente em Portugal e fizeram da empresa portuguesa sua parceira atrav\u00e9s de um \u201ccontrato\u201d de cinco linhas, assinado por operadores daquele que, na altura, era o principal centro de navega\u00e7\u00e3o da Europa. <\/p>\n\n\n\n<p><\/p>\n\n\n\n<p>Em 1939, a empresa voltaria a virar uma crise a seu favor. Est\u00e1vamos no in\u00edcio da II Guerra Mundial. Dada a sua neutralidade no conflito, Portugal, Espanha e Su\u00ed\u00e7a formaram um corredor log\u00edstico ao longo do qual decorria o com\u00e9rcio internacional. Atenta \u00e0 oportunidade, a Garland entrou no neg\u00f3cio transit\u00e1rio mar\u00edtimo e ferrovi\u00e1rio. Cerca de 34 anos depois, a empresa alargaria os servi\u00e7os de transporte de mercadorias \u00e0s vias a\u00e9rea e rodovi\u00e1ria. Atualmente, com instala\u00e7\u00f5es em Portugal, Espanha (Barcelona e Val\u00eancia) e Marrocos, a Garland transporta mercadorias em todo o mundo, com solu\u00e7\u00f5es desenhadas \u00e0 medida das necessidades dos seus clientes.<\/p>\n\n\n\n<p><\/p>\n\n\n\n<p>J\u00e1 a entrada no<a href=\"https:\/\/maismagazine.pt\/\" target=\"_blank\" rel=\"noreferrer noopener\"> neg\u00f3cio<\/a> da log\u00edstica arrancou em 1994. Aproximadamente 28 anos depois, a Garland ter\u00e1 este ano, com a inaugura\u00e7\u00e3o de um novo centro log\u00edstico em Vila Nova de Gaia, um parque log\u00edstico de 129.500 m2, um dos maiores do pa\u00eds e composto maioritariamente por instala\u00e7\u00f5es pr\u00f3prias equipadas com as melhores tecnologias aos n\u00edveis da seguran\u00e7a das mercadorias, da sustentabilidade e da informa\u00e7\u00e3o. Atualmente, a empresa disp\u00f5e de instala\u00e7\u00f5es em Cascais, Aveiro, Vila Nova de Gaia e Maia e a log\u00edstica de e-commerce, onde tem registado um exponencial crescimento de atividade, \u00e9 uma das principais apostas para os pr\u00f3ximos anos.<\/p>\n\n\n\n<p><\/p>\n\n\n\n<p>Os principais fatores distintivos do Grupo Garland s\u00e3o a qualidade e o compromisso nos servi\u00e7os que disponibiliza, desenvolvidos \u00e0 medida das necessidades espec\u00edficas de cada cliente e tendo sempre em vista a satisfa\u00e7\u00e3o total dos mesmos. A experi\u00eancia conferida pela sua longevidade fez dela uma empresa que, embora de grande dimens\u00e3o, continua a dispor da flexibilidade necess\u00e1ria para ir ao encontro das expectativas dos clientes, como geralmente s\u00f3 as pequenas empresas conseguem.<\/p>\n","protected":false},"excerpt":{"rendered":"<p>A hist\u00f3ria tem tanto de acaso e, de tantas vezes repetida, j\u00e1 se tornou numa lenda. Aquela que \u00e9 atualmente uma das cinco empresas mais antigas em atividade no pa\u00eds, uma das l\u00edderes nacionais no setor de log\u00edstica, transportes e navega\u00e7\u00e3o, surgiu na sequ\u00eancia de uma tempestade que revelou a&hellip;<\/p>\n","protected":false},"author":7,"featured_media":2296,"comment_status":"open","ping_status":"open","sticky":false,"template":"","format":"standard","meta":{"advgb_blocks_editor_width":"","advgb_blocks_columns_visual_guide":"","_monsterinsights_skip_tracking":false,"_monsterinsights_sitenote_active":false,"_monsterinsights_sitenote_note":"","_monsterinsights_sitenote_category":0,"footnotes":""},"categories":[6,161],"tags":[363,389,208],"class_list":["post-2294","post","type-post","status-publish","format-standard","has-post-thumbnail","hentry","category-empreendedorismo","category-mundo-empresarial","tag-centenaria","tag-compromisso","tag-know-how"],"yoast_head":"<!-- This site is optimized with the Yoast SEO plugin v24.4 - https:\/\/yoast.com\/wordpress\/plugins\/seo\/ -->\n<title>Garland, uma empresa com perto de dois s\u00e9culos e meio de hist\u00f3ria, com foco no futuro - Mais Magazine<\/title>\n<meta name=\"description\" content=\"L\u00edder nacional no setor de log\u00edstica, transportes e navega\u00e7\u00e3o, surgiu na sequ\u00eancia de uma tempestade que revelou um novo com\u00e9rcio.\" \/>\n<meta name=\"robots\" content=\"index, follow, max-snippet:-1, max-image-preview:large, max-video-preview:-1\" \/>\n<link rel=\"canonical\" href=\"http:\/\/maismagazine.pt\/index.php\/2022\/02\/11\/garland-uma-empresa-com-perto-de-dois-seculos-e-meio-de-historia-com-foco-no-futuro\/\" \/>\n<meta property=\"og:locale\" content=\"pt_PT\" \/>\n<meta property=\"og:type\" content=\"article\" \/>\n<meta property=\"og:title\" content=\"Garland, uma empresa com perto de dois s\u00e9culos e meio de hist\u00f3ria, com foco no futuro - Mais Magazine\" \/>\n<meta property=\"og:description\" content=\"L\u00edder nacional no setor de log\u00edstica, transportes e navega\u00e7\u00e3o, surgiu na sequ\u00eancia de uma tempestade que revelou um novo com\u00e9rcio.\" \/>\n<meta property=\"og:url\" content=\"http:\/\/maismagazine.pt\/index.php\/2022\/02\/11\/garland-uma-empresa-com-perto-de-dois-seculos-e-meio-de-historia-com-foco-no-futuro\/\" \/>\n<meta property=\"og:site_name\" content=\"Mais Magazine\" \/>\n<meta property=\"article:published_time\" content=\"2022-02-11T07:00:00+00:00\" \/>\n<meta property=\"og:image\" content=\"http:\/\/maismagazine.pt\/wp-content\/uploads\/2022\/02\/Sede-Garland_Cascais.jpg\" \/>\n\t<meta property=\"og:image:width\" content=\"1677\" \/>\n\t<meta property=\"og:image:height\" content=\"1191\" \/>\n\t<meta property=\"og:image:type\" content=\"image\/jpeg\" \/>\n<meta name=\"author\" content=\"Jo\u00e3o Malainho\" \/>\n<meta name=\"twitter:card\" content=\"summary_large_image\" \/>\n<meta name=\"twitter:label1\" content=\"Escrito por\" \/>\n\t<meta name=\"twitter:data1\" content=\"\" \/>\n\t<meta name=\"twitter:label2\" content=\"Tempo estimado de leitura\" \/>\n\t<meta name=\"twitter:data2\" content=\"3 minutos\" \/>\n<script type=\"application\/ld+json\" class=\"yoast-schema-graph\">{\"@context\":\"https:\/\/schema.org\",\"@graph\":[{\"@type\":\"Article\",\"@id\":\"http:\/\/maismagazine.pt\/index.php\/2022\/02\/11\/garland-uma-empresa-com-perto-de-dois-seculos-e-meio-de-historia-com-foco-no-futuro\/#article\",\"isPartOf\":{\"@id\":\"http:\/\/maismagazine.pt\/index.php\/2022\/02\/11\/garland-uma-empresa-com-perto-de-dois-seculos-e-meio-de-historia-com-foco-no-futuro\/\"},\"author\":{\"name\":\"Jo\u00e3o Malainho\",\"@id\":\"https:\/\/maismagazine.pt\/#\/schema\/person\/999bd426f894ff56d397ec12ebd21ebb\"},\"headline\":\"Garland, uma empresa com perto de dois s\u00e9culos e meio de hist\u00f3ria, com foco no futuro\",\"datePublished\":\"2022-02-11T07:00:00+00:00\",\"mainEntityOfPage\":{\"@id\":\"http:\/\/maismagazine.pt\/index.php\/2022\/02\/11\/garland-uma-empresa-com-perto-de-dois-seculos-e-meio-de-historia-com-foco-no-futuro\/\"},\"wordCount\":620,\"commentCount\":0,\"publisher\":{\"@id\":\"https:\/\/maismagazine.pt\/#organization\"},\"image\":{\"@id\":\"http:\/\/maismagazine.pt\/index.php\/2022\/02\/11\/garland-uma-empresa-com-perto-de-dois-seculos-e-meio-de-historia-com-foco-no-futuro\/#primaryimage\"},\"thumbnailUrl\":\"https:\/\/maismagazine.pt\/wp-content\/uploads\/2022\/02\/Sede-Garland_Cascais.jpg\",\"keywords\":[\"Centen\u00e1ria\",\"compromisso\",\"Know-How\"],\"articleSection\":[\"Empreendedorismo\",\"Mundo Empresarial\"],\"inLanguage\":\"pt-PT\",\"potentialAction\":[{\"@type\":\"CommentAction\",\"name\":\"Comment\",\"target\":[\"http:\/\/maismagazine.pt\/index.php\/2022\/02\/11\/garland-uma-empresa-com-perto-de-dois-seculos-e-meio-de-historia-com-foco-no-futuro\/#respond\"]}]},{\"@type\":\"WebPage\",\"@id\":\"http:\/\/maismagazine.pt\/index.php\/2022\/02\/11\/garland-uma-empresa-com-perto-de-dois-seculos-e-meio-de-historia-com-foco-no-futuro\/\",\"url\":\"http:\/\/maismagazine.pt\/index.php\/2022\/02\/11\/garland-uma-empresa-com-perto-de-dois-seculos-e-meio-de-historia-com-foco-no-futuro\/\",\"name\":\"Garland, uma empresa com perto de dois s\u00e9culos e meio de hist\u00f3ria, com foco no futuro - Mais Magazine\",\"isPartOf\":{\"@id\":\"https:\/\/maismagazine.pt\/#website\"},\"primaryImageOfPage\":{\"@id\":\"http:\/\/maismagazine.pt\/index.php\/2022\/02\/11\/garland-uma-empresa-com-perto-de-dois-seculos-e-meio-de-historia-com-foco-no-futuro\/#primaryimage\"},\"image\":{\"@id\":\"http:\/\/maismagazine.pt\/index.php\/2022\/02\/11\/garland-uma-empresa-com-perto-de-dois-seculos-e-meio-de-historia-com-foco-no-futuro\/#primaryimage\"},\"thumbnailUrl\":\"https:\/\/maismagazine.pt\/wp-content\/uploads\/2022\/02\/Sede-Garland_Cascais.jpg\",\"datePublished\":\"2022-02-11T07:00:00+00:00\",\"description\":\"L\u00edder nacional no setor de log\u00edstica, transportes e navega\u00e7\u00e3o, surgiu na sequ\u00eancia de uma tempestade que revelou um novo com\u00e9rcio.\",\"breadcrumb\":{\"@id\":\"http:\/\/maismagazine.pt\/index.php\/2022\/02\/11\/garland-uma-empresa-com-perto-de-dois-seculos-e-meio-de-historia-com-foco-no-futuro\/#breadcrumb\"},\"inLanguage\":\"pt-PT\",\"potentialAction\":[{\"@type\":\"ReadAction\",\"target\":[\"http:\/\/maismagazine.pt\/index.php\/2022\/02\/11\/garland-uma-empresa-com-perto-de-dois-seculos-e-meio-de-historia-com-foco-no-futuro\/\"]}]},{\"@type\":\"ImageObject\",\"inLanguage\":\"pt-PT\",\"@id\":\"http:\/\/maismagazine.pt\/index.php\/2022\/02\/11\/garland-uma-empresa-com-perto-de-dois-seculos-e-meio-de-historia-com-foco-no-futuro\/#primaryimage\",\"url\":\"https:\/\/maismagazine.pt\/wp-content\/uploads\/2022\/02\/Sede-Garland_Cascais.jpg\",\"contentUrl\":\"https:\/\/maismagazine.pt\/wp-content\/uploads\/2022\/02\/Sede-Garland_Cascais.jpg\",\"width\":1677,\"height\":1191},{\"@type\":\"BreadcrumbList\",\"@id\":\"http:\/\/maismagazine.pt\/index.php\/2022\/02\/11\/garland-uma-empresa-com-perto-de-dois-seculos-e-meio-de-historia-com-foco-no-futuro\/#breadcrumb\",\"itemListElement\":[{\"@type\":\"ListItem\",\"position\":1,\"name\":\"Home\",\"item\":\"https:\/\/maismagazine.pt\/\"},{\"@type\":\"ListItem\",\"position\":2,\"name\":\"Garland, uma empresa com perto de dois s\u00e9culos e meio de hist\u00f3ria, com foco no futuro\"}]},{\"@type\":\"WebSite\",\"@id\":\"https:\/\/maismagazine.pt\/#website\",\"url\":\"https:\/\/maismagazine.pt\/\",\"name\":\"Mais Magazine\",\"description\":\"\",\"publisher\":{\"@id\":\"https:\/\/maismagazine.pt\/#organization\"},\"potentialAction\":[{\"@type\":\"SearchAction\",\"target\":{\"@type\":\"EntryPoint\",\"urlTemplate\":\"https:\/\/maismagazine.pt\/?s={search_term_string}\"},\"query-input\":{\"@type\":\"PropertyValueSpecification\",\"valueRequired\":true,\"valueName\":\"search_term_string\"}}],\"inLanguage\":\"pt-PT\"},{\"@type\":\"Organization\",\"@id\":\"https:\/\/maismagazine.pt\/#organization\",\"name\":\"Mais Magazine\",\"url\":\"https:\/\/maismagazine.pt\/\",\"logo\":{\"@type\":\"ImageObject\",\"inLanguage\":\"pt-PT\",\"@id\":\"https:\/\/maismagazine.pt\/#\/schema\/logo\/image\/\",\"url\":\"https:\/\/maismagazine.pt\/wp-content\/uploads\/2020\/04\/cropped-cropped-mais-magazine-site-logo-2.png\",\"contentUrl\":\"https:\/\/maismagazine.pt\/wp-content\/uploads\/2020\/04\/cropped-cropped-mais-magazine-site-logo-2.png\",\"width\":581,\"height\":90,\"caption\":\"Mais Magazine\"},\"image\":{\"@id\":\"https:\/\/maismagazine.pt\/#\/schema\/logo\/image\/\"}},{\"@type\":\"Person\",\"@id\":\"https:\/\/maismagazine.pt\/#\/schema\/person\/999bd426f894ff56d397ec12ebd21ebb\",\"name\":\"Jo\u00e3o Malainho\",\"image\":{\"@type\":\"ImageObject\",\"inLanguage\":\"pt-PT\",\"@id\":\"https:\/\/maismagazine.pt\/#\/schema\/person\/image\/\",\"url\":\"https:\/\/secure.gravatar.com\/avatar\/ff03c2f38edf60b2a827aa4f74878491?s=96&d=mm&r=g\",\"contentUrl\":\"https:\/\/secure.gravatar.com\/avatar\/ff03c2f38edf60b2a827aa4f74878491?s=96&d=mm&r=g\",\"caption\":\"Jo\u00e3o Malainho\"},\"url\":\"https:\/\/maismagazine.pt\/index.php\/author\/maismagazine\/\"}]}<\/script>\n<!-- \/ Yoast SEO plugin. -->","yoast_head_json":{"title":"Garland, uma empresa com perto de dois s\u00e9culos e meio de hist\u00f3ria, com foco no futuro - Mais Magazine","description":"L\u00edder nacional no setor de log\u00edstica, transportes e navega\u00e7\u00e3o, surgiu na sequ\u00eancia de uma tempestade que revelou um novo com\u00e9rcio.","robots":{"index":"index","follow":"follow","max-snippet":"max-snippet:-1","max-image-preview":"max-image-preview:large","max-video-preview":"max-video-preview:-1"},"canonical":"http:\/\/maismagazine.pt\/index.php\/2022\/02\/11\/garland-uma-empresa-com-perto-de-dois-seculos-e-meio-de-historia-com-foco-no-futuro\/","og_locale":"pt_PT","og_type":"article","og_title":"Garland, uma empresa com perto de dois s\u00e9culos e meio de hist\u00f3ria, com foco no futuro - Mais Magazine","og_description":"L\u00edder nacional no setor de log\u00edstica, transportes e navega\u00e7\u00e3o, surgiu na sequ\u00eancia de uma tempestade que revelou um novo com\u00e9rcio.","og_url":"http:\/\/maismagazine.pt\/index.php\/2022\/02\/11\/garland-uma-empresa-com-perto-de-dois-seculos-e-meio-de-historia-com-foco-no-futuro\/","og_site_name":"Mais Magazine","article_published_time":"2022-02-11T07:00:00+00:00","og_image":[{"width":1677,"height":1191,"url":"http:\/\/maismagazine.pt\/wp-content\/uploads\/2022\/02\/Sede-Garland_Cascais.jpg","type":"image\/jpeg"}],"author":"Jo\u00e3o Malainho","twitter_card":"summary_large_image","twitter_misc":{"Escrito por":false,"Tempo estimado de leitura":"3 minutos"},"schema":{"@context":"https:\/\/schema.org","@graph":[{"@type":"Article","@id":"http:\/\/maismagazine.pt\/index.php\/2022\/02\/11\/garland-uma-empresa-com-perto-de-dois-seculos-e-meio-de-historia-com-foco-no-futuro\/#article","isPartOf":{"@id":"http:\/\/maismagazine.pt\/index.php\/2022\/02\/11\/garland-uma-empresa-com-perto-de-dois-seculos-e-meio-de-historia-com-foco-no-futuro\/"},"author":{"name":"Jo\u00e3o Malainho","@id":"https:\/\/maismagazine.pt\/#\/schema\/person\/999bd426f894ff56d397ec12ebd21ebb"},"headline":"Garland, uma empresa com perto de dois s\u00e9culos e meio de hist\u00f3ria, com foco no futuro","datePublished":"2022-02-11T07:00:00+00:00","mainEntityOfPage":{"@id":"http:\/\/maismagazine.pt\/index.php\/2022\/02\/11\/garland-uma-empresa-com-perto-de-dois-seculos-e-meio-de-historia-com-foco-no-futuro\/"},"wordCount":620,"commentCount":0,"publisher":{"@id":"https:\/\/maismagazine.pt\/#organization"},"image":{"@id":"http:\/\/maismagazine.pt\/index.php\/2022\/02\/11\/garland-uma-empresa-com-perto-de-dois-seculos-e-meio-de-historia-com-foco-no-futuro\/#primaryimage"},"thumbnailUrl":"https:\/\/maismagazine.pt\/wp-content\/uploads\/2022\/02\/Sede-Garland_Cascais.jpg","keywords":["Centen\u00e1ria","compromisso","Know-How"],"articleSection":["Empreendedorismo","Mundo Empresarial"],"inLanguage":"pt-PT","potentialAction":[{"@type":"CommentAction","name":"Comment","target":["http:\/\/maismagazine.pt\/index.php\/2022\/02\/11\/garland-uma-empresa-com-perto-de-dois-seculos-e-meio-de-historia-com-foco-no-futuro\/#respond"]}]},{"@type":"WebPage","@id":"http:\/\/maismagazine.pt\/index.php\/2022\/02\/11\/garland-uma-empresa-com-perto-de-dois-seculos-e-meio-de-historia-com-foco-no-futuro\/","url":"http:\/\/maismagazine.pt\/index.php\/2022\/02\/11\/garland-uma-empresa-com-perto-de-dois-seculos-e-meio-de-historia-com-foco-no-futuro\/","name":"Garland, uma empresa com perto de dois s\u00e9culos e meio de hist\u00f3ria, com foco no futuro - Mais Magazine","isPartOf":{"@id":"https:\/\/maismagazine.pt\/#website"},"primaryImageOfPage":{"@id":"http:\/\/maismagazine.pt\/index.php\/2022\/02\/11\/garland-uma-empresa-com-perto-de-dois-seculos-e-meio-de-historia-com-foco-no-futuro\/#primaryimage"},"image":{"@id":"http:\/\/maismagazine.pt\/index.php\/2022\/02\/11\/garland-uma-empresa-com-perto-de-dois-seculos-e-meio-de-historia-com-foco-no-futuro\/#primaryimage"},"thumbnailUrl":"https:\/\/maismagazine.pt\/wp-content\/uploads\/2022\/02\/Sede-Garland_Cascais.jpg","datePublished":"2022-02-11T07:00:00+00:00","description":"L\u00edder nacional no setor de log\u00edstica, transportes e navega\u00e7\u00e3o, surgiu na sequ\u00eancia de uma tempestade que revelou um novo com\u00e9rcio.","breadcrumb":{"@id":"http:\/\/maismagazine.pt\/index.php\/2022\/02\/11\/garland-uma-empresa-com-perto-de-dois-seculos-e-meio-de-historia-com-foco-no-futuro\/#breadcrumb"},"inLanguage":"pt-PT","potentialAction":[{"@type":"ReadAction","target":["http:\/\/maismagazine.pt\/index.php\/2022\/02\/11\/garland-uma-empresa-com-perto-de-dois-seculos-e-meio-de-historia-com-foco-no-futuro\/"]}]},{"@type":"ImageObject","inLanguage":"pt-PT","@id":"http:\/\/maismagazine.pt\/index.php\/2022\/02\/11\/garland-uma-empresa-com-perto-de-dois-seculos-e-meio-de-historia-com-foco-no-futuro\/#primaryimage","url":"https:\/\/maismagazine.pt\/wp-content\/uploads\/2022\/02\/Sede-Garland_Cascais.jpg","contentUrl":"https:\/\/maismagazine.pt\/wp-content\/uploads\/2022\/02\/Sede-Garland_Cascais.jpg","width":1677,"height":1191},{"@type":"BreadcrumbList","@id":"http:\/\/maismagazine.pt\/index.php\/2022\/02\/11\/garland-uma-empresa-com-perto-de-dois-seculos-e-meio-de-historia-com-foco-no-futuro\/#breadcrumb","itemListElement":[{"@type":"ListItem","position":1,"name":"Home","item":"https:\/\/maismagazine.pt\/"},{"@type":"ListItem","position":2,"name":"Garland, uma empresa com perto de dois s\u00e9culos e meio de hist\u00f3ria, com foco no futuro"}]},{"@type":"WebSite","@id":"https:\/\/maismagazine.pt\/#website","url":"https:\/\/maismagazine.pt\/","name":"Mais Magazine","description":"","publisher":{"@id":"https:\/\/maismagazine.pt\/#organization"},"potentialAction":[{"@type":"SearchAction","target":{"@type":"EntryPoint","urlTemplate":"https:\/\/maismagazine.pt\/?s={search_term_string}"},"query-input":{"@type":"PropertyValueSpecification","valueRequired":true,"valueName":"search_term_string"}}],"inLanguage":"pt-PT"},{"@type":"Organization","@id":"https:\/\/maismagazine.pt\/#organization","name":"Mais Magazine","url":"https:\/\/maismagazine.pt\/","logo":{"@type":"ImageObject","inLanguage":"pt-PT","@id":"https:\/\/maismagazine.pt\/#\/schema\/logo\/image\/","url":"https:\/\/maismagazine.pt\/wp-content\/uploads\/2020\/04\/cropped-cropped-mais-magazine-site-logo-2.png","contentUrl":"https:\/\/maismagazine.pt\/wp-content\/uploads\/2020\/04\/cropped-cropped-mais-magazine-site-logo-2.png","width":581,"height":90,"caption":"Mais Magazine"},"image":{"@id":"https:\/\/maismagazine.pt\/#\/schema\/logo\/image\/"}},{"@type":"Person","@id":"https:\/\/maismagazine.pt\/#\/schema\/person\/999bd426f894ff56d397ec12ebd21ebb","name":"Jo\u00e3o Malainho","image":{"@type":"ImageObject","inLanguage":"pt-PT","@id":"https:\/\/maismagazine.pt\/#\/schema\/person\/image\/","url":"https:\/\/secure.gravatar.com\/avatar\/ff03c2f38edf60b2a827aa4f74878491?s=96&d=mm&r=g","contentUrl":"https:\/\/secure.gravatar.com\/avatar\/ff03c2f38edf60b2a827aa4f74878491?s=96&d=mm&r=g","caption":"Jo\u00e3o Malainho"},"url":"https:\/\/maismagazine.pt\/index.php\/author\/maismagazine\/"}]}},"author_meta":{"display_name":false,"author_link":"https:\/\/maismagazine.pt\/index.php\/author\/maismagazine\/"},"featured_img":"https:\/\/maismagazine.pt\/wp-content\/uploads\/2022\/02\/Sede-Garland_Cascais-300x213.jpg","coauthors":[],"tax_additional":{"categories":{"linked":["<a href=\"https:\/\/maismagazine.pt\/index.php\/category\/empreendedorismo\/\" class=\"advgb-post-tax-term\">Empreendedorismo<\/a>","<a href=\"https:\/\/maismagazine.pt\/index.php\/category\/mundo-empresarial\/\" class=\"advgb-post-tax-term\">Mundo Empresarial<\/a>"],"unlinked":["<span class=\"advgb-post-tax-term\">Empreendedorismo<\/span>","<span class=\"advgb-post-tax-term\">Mundo Empresarial<\/span>"]},"tags":{"linked":["<a href=\"https:\/\/maismagazine.pt\/index.php\/category\/mundo-empresarial\/\" class=\"advgb-post-tax-term\">Centen\u00e1ria<\/a>","<a href=\"https:\/\/maismagazine.pt\/index.php\/category\/mundo-empresarial\/\" class=\"advgb-post-tax-term\">compromisso<\/a>","<a href=\"https:\/\/maismagazine.pt\/index.php\/category\/mundo-empresarial\/\" class=\"advgb-post-tax-term\">Know-How<\/a>"],"unlinked":["<span class=\"advgb-post-tax-term\">Centen\u00e1ria<\/span>","<span class=\"advgb-post-tax-term\">compromisso<\/span>","<span class=\"advgb-post-tax-term\">Know-How<\/span>"]}},"comment_count":"0","relative_dates":{"created":"Posted 4 anos ago","modified":"Updated 4 anos ago"},"absolute_dates":{"created":"Posted on 11 de Fevereiro, 2022","modified":"Updated on 4 de Fevereiro, 2022"},"absolute_dates_time":{"created":"Posted on 11 de Fevereiro, 2022 7:00","modified":"Updated on 4 de Fevereiro, 2022 11:25"},"featured_img_caption":"","series_order":"","_links":{"self":[{"href":"https:\/\/maismagazine.pt\/index.php\/wp-json\/wp\/v2\/posts\/2294","targetHints":{"allow":["GET"]}}],"collection":[{"href":"https:\/\/maismagazine.pt\/index.php\/wp-json\/wp\/v2\/posts"}],"about":[{"href":"https:\/\/maismagazine.pt\/index.php\/wp-json\/wp\/v2\/types\/post"}],"author":[{"embeddable":true,"href":"https:\/\/maismagazine.pt\/index.php\/wp-json\/wp\/v2\/users\/7"}],"replies":[{"embeddable":true,"href":"https:\/\/maismagazine.pt\/index.php\/wp-json\/wp\/v2\/comments?post=2294"}],"version-history":[{"count":1,"href":"https:\/\/maismagazine.pt\/index.php\/wp-json\/wp\/v2\/posts\/2294\/revisions"}],"predecessor-version":[{"id":2300,"href":"https:\/\/maismagazine.pt\/index.php\/wp-json\/wp\/v2\/posts\/2294\/revisions\/2300"}],"wp:featuredmedia":[{"embeddable":true,"href":"https:\/\/maismagazine.pt\/index.php\/wp-json\/wp\/v2\/media\/2296"}],"wp:attachment":[{"href":"https:\/\/maismagazine.pt\/index.php\/wp-json\/wp\/v2\/media?parent=2294"}],"wp:term":[{"taxonomy":"category","embeddable":true,"href":"https:\/\/maismagazine.pt\/index.php\/wp-json\/wp\/v2\/categories?post=2294"},{"taxonomy":"post_tag","embeddable":true,"href":"https:\/\/maismagazine.pt\/index.php\/wp-json\/wp\/v2\/tags?post=2294"}],"curies":[{"name":"wp","href":"https:\/\/api.w.org\/{rel}","templated":true}]}}