{"id":2204,"date":"2022-02-11T09:00:00","date_gmt":"2022-02-11T09:00:00","guid":{"rendered":"http:\/\/maismagazine.pt\/?p=2204"},"modified":"2022-02-04T11:31:55","modified_gmt":"2022-02-04T11:31:55","slug":"acap-ha-mais-de-100-anos-a-representar-o-setor-automovel-em-portugal","status":"publish","type":"post","link":"https:\/\/maismagazine.pt\/index.php\/2022\/02\/11\/acap-ha-mais-de-100-anos-a-representar-o-setor-automovel-em-portugal\/","title":{"rendered":"ACAP &#8211; h\u00e1 mais de 100 anos a representar o setor autom\u00f3vel em Portugal"},"content":{"rendered":"\n<p><\/p>\n\n\n\n<p><strong>A Associa\u00e7\u00e3o Autom\u00f3vel de Portugal \u2013 <a href=\"https:\/\/www.acap.pt\/pt\/home\">ACAP<\/a> \u00e9 a \u00fanica associa\u00e7\u00e3o empresarial, sem fins lucrativos, que representa a globalidade do Setor Autom\u00f3vel em Portugal. Um dos setores com maior peso na economia do pa\u00eds, onde se inclui a p\u00f3s-venda autom\u00f3vel, no qual a ACAP \u00e9 especialista, h\u00e1 mais de 100 anos<\/strong>.<\/p>\n\n\n\n<p><\/p>\n\n\n\n<p>Tendo como principal miss\u00e3o o apoio e a defesa das empresas do setor que representa, a ACAP vem procurando combater, empenhadamente, a pesada carga fiscal, a burocracia e a concorr\u00eancia desleal, numa perspetiva de refor\u00e7o da competitividade do setor autom\u00f3vel, que \u00e9 atualmente o principal setor exportador do pa\u00eds. Na verdade, atualmente, cerca de 97 por cento da produ\u00e7\u00e3o nacional de ve\u00edculos autom\u00f3veis destina-se \u00e0 exporta\u00e7\u00e3o sendo not\u00f3rio o incremento do valor acrescentado bruto na ind\u00fastria nacional de produ\u00e7\u00e3o de autom\u00f3veis.<\/p>\n\n\n\n<p><\/p>\n\n\n\n<p><strong>Setor autom\u00f3vel, um setor em mudan\u00e7a acelerada<\/strong><\/p>\n\n\n\n<p>A descarboniza\u00e7\u00e3o e o Pacote Legislativo \u201cFit for 55\u201d vieram trazer novos desafios ao setor autom\u00f3vel, entre eles a necessidade de todo um setor alterar ou atualizar o seu modelo de neg\u00f3cio e cadeia de valor, assim como aumentos significativos do investimento em novas solu\u00e7\u00f5es de mobilidade e requalifica\u00e7\u00e3o de f\u00e1bricas e m\u00e9todos de produ\u00e7\u00e3o. Outros desafios que o setor enfrenta, prendem-se com a digitaliza\u00e7\u00e3o do neg\u00f3cio e com a altera\u00e7\u00e3o dos h\u00e1bitos de consumo dos consumidores, pelo que, para prosperar, \u00e9 essencial que o setor se adapte a esta nova realidade.<\/p>\n\n\n\n<p>No entanto, para uma transi\u00e7\u00e3o sustent\u00e1vel, o setor ter\u00e1 que contar com o apoio da vontade pol\u00edtica portuguesa. Para a ACAP torna-se necess\u00e1rio que o Estado desenvolva um plano de transi\u00e7\u00e3o energ\u00e9tico, com uma estrat\u00e9gia bem definida, que inclua metas, apoios e medidas econ\u00f3mico-legislativas totalmente vocacionadas para o setor autom\u00f3vel.<\/p>\n\n\n\n<p><\/p>\n\n\n\n<p><strong>Aftermarket: um mercado em crescimento<\/strong><\/p>\n\n\n\n<p><\/p>\n\n\n\n<p>Estima-se que o volume total do aftermarket em Portugal ronde os 2MM\u20ac. Ape sar de termos um aftermarket pequeno, em rela\u00e7\u00e3o a outros mercados europeus, Portugal tem uma das percentagens mais elevadas de penetra\u00e7\u00e3o do aftermarket independente, comparativamente com os grandes mercados da europa, estimada em cerca de 80 por cento. Observamos hoje uma organiza\u00e7\u00e3o mais consolidada destes players em grupos de compras internacionais e tamb\u00e9m, no seio da DPAI\/ACAP, que tem desenvolvido in\u00fameras a\u00e7\u00f5es de apoio aos seus associados nos desafios futuros da mobilidade.<\/p>\n\n\n\n<p>Os desafios da digitaliza\u00e7\u00e3o e de interven\u00e7\u00e3o num parque el\u00e9trico, os modelos de neg\u00f3cio centrados no cliente, a qualifica\u00e7\u00e3o dos recursos humanos, sendo que o Cat\u00e1logo de Forma\u00e7\u00e3o da ACAP, para 2022, j\u00e1 incorpora a oferta formativa orientada para a nova mobilidade e a flexibilidade da legisla\u00e7\u00e3o laboral, s\u00e3o alguns exemplos de fatores que v\u00e3o condicionar a competitividade das empresas. Neste sentido, a DPAI\/ACAP tem centrado a sua a\u00e7\u00e3o no desenvolvimento de ferramentas de apoio aos associados nestas \u00e1reas.<\/p>\n\n\n\n<p>Por outro lado, a DPAI\/ACAP integra o board da FIGIEFA &#8211; a Federa\u00e7\u00e3o que representa o IAM na UE &#8211; pelo que tem participado nas negocia\u00e7\u00f5es, a n\u00edvel europeu, de regulamenta\u00e7\u00e3o com grande impacto no neg\u00f3cio do aftermarket independente e de onde destaca:<\/p>\n\n\n\n<p>Revis\u00e3o do MVBER &#8211; O MVBER garante, entre outras, tr\u00eas medidas principais que asseguram a competitividade do IAM: o acesso a pe\u00e7as de substitui\u00e7\u00e3o; a informa\u00e7\u00e3o t\u00e9cnica para repara\u00e7\u00e3o dos ve\u00edculos; a possibilidade de os ve\u00edculos autom\u00f3veis serem intervencionados pelos operadores independentes, sem perda da garantia.<\/p>\n\n\n\n<p>Acesso aos dados do ve\u00edculo &#8211; O acesso remoto a dados do ve\u00edculo permite an\u00e1lises avan\u00e7adas, incluindo an\u00e1lise preditiva  de desconformidades, an\u00e1lise de estilo de condu\u00e7\u00e3o e an\u00e1lises altamente precisas sobre o desgaste dos componentes. Quando tal tecnologia \u00e9 combinada com acesso remoto ao ve\u00edculo e intera\u00e7\u00e3o do condutor, atrav\u00e9s da interface homem-m\u00e1quina do ve\u00edculo, podem ser criados novos servi\u00e7os e modelos de neg\u00f3cio. Alertada pela FIGIEFA e outras associa\u00e7\u00f5es representativas de v\u00e1rios segmentos do mercado independente de p\u00f3s-venda, a Comiss\u00e3o Europeia iniciou um processo para legislar sobre esta quest\u00e3o e estabelecer um quadro legal para o acesso remoto aos dados e fun\u00e7\u00f5es dentro do ve\u00edculo.<\/p>\n\n\n\n<p>Ciberseguran\u00e7a &#8211; A FIGIEFA apoia plenamente medidas para proteger os ve\u00edculos conectados contra amea\u00e7as de ciberseguran\u00e7a. No entanto, os Regulamentos de Ciberseguran\u00e7a da UNECE e a legisla\u00e7\u00e3o da Uni\u00e3o Europeia devem assegurar que todos os players interessados continuem a<br>ter a capacidade de operar, de forma n\u00e3o discriminat\u00f3ria e competitiva. Clausula de repara\u00e7\u00e3o &#8211; Atualmente, a legisla\u00e7\u00e3o sobre prote\u00e7\u00e3o de desenhos de pe\u00e7as sobresselente vis\u00edvel para autom\u00f3veis n\u00e3o est\u00e1 harmonizada a n\u00edvel europeu, criando assim incertezas legais e prejudicando a competitividade das empresas de distribui\u00e7\u00e3o de pe\u00e7as e de todo o mercado independente de pe\u00e7as sobresselentes para autom\u00f3veis. A Comiss\u00e3o Europeia j\u00e1 emitiu tr\u00eas propostas legislativas (em 1993, 1997 e 2004) com o objetivo de harmonizar a legisla\u00e7\u00e3o sobre desenhos na Uni\u00e3o Europeia e introduzir uma \u201cCl\u00e1usula de Repara\u00e7\u00e3o\u201d na Diretiva sobre desenhos. Esta chamada \u201cCl\u00e1usula de Repara\u00e7\u00e3o\u201d poria fim a um monop\u00f3lio sobre a produ\u00e7\u00e3o e comercializa\u00e7\u00e3o de pe\u00e7as sobressalentes vis\u00edveis de ve\u00edculos.<\/p>\n","protected":false},"excerpt":{"rendered":"<p>A Associa\u00e7\u00e3o Autom\u00f3vel de Portugal \u2013 ACAP \u00e9 a \u00fanica associa\u00e7\u00e3o empresarial, sem fins lucrativos, que representa a globalidade do Setor Autom\u00f3vel em Portugal. Um dos setores com maior peso na economia do pa\u00eds, onde se inclui a p\u00f3s-venda autom\u00f3vel, no qual a ACAP \u00e9 especialista, h\u00e1 mais de 100&hellip;<\/p>\n","protected":false},"author":7,"featured_media":2205,"comment_status":"open","ping_status":"open","sticky":false,"template":"","format":"standard","meta":{"advgb_blocks_editor_width":"","advgb_blocks_columns_visual_guide":"","_monsterinsights_skip_tracking":false,"_monsterinsights_sitenote_active":false,"_monsterinsights_sitenote_note":"","_monsterinsights_sitenote_category":0,"footnotes":""},"categories":[6],"tags":[344,347,348,343],"class_list":["post-2204","post","type-post","status-publish","format-standard","has-post-thumbnail","hentry","category-empreendedorismo","tag-aftermarket","tag-associacao-automovel","tag-empresarial","tag-setor-automovel"],"yoast_head":"<!-- This site is optimized with the Yoast SEO plugin v24.4 - https:\/\/yoast.com\/wordpress\/plugins\/seo\/ -->\n<title>ACAP - h\u00e1 mais de 100 anos a representar o setor autom\u00f3vel em Portugal - Mais Magazine<\/title>\n<meta name=\"description\" content=\"A Associa\u00e7\u00e3o Autom\u00f3vel de Portugal \u2013 ACAP \u00e9 a \u00fanica associa\u00e7\u00e3o empresarial que representa a globalidade do Setor Autom\u00f3vel em Portugal.\" \/>\n<meta name=\"robots\" content=\"index, follow, max-snippet:-1, max-image-preview:large, max-video-preview:-1\" \/>\n<link rel=\"canonical\" href=\"https:\/\/maismagazine.pt\/index.php\/2022\/02\/11\/acap-ha-mais-de-100-anos-a-representar-o-setor-automovel-em-portugal\/\" \/>\n<meta property=\"og:locale\" content=\"pt_PT\" \/>\n<meta property=\"og:type\" content=\"article\" \/>\n<meta property=\"og:title\" content=\"ACAP - h\u00e1 mais de 100 anos a representar o setor autom\u00f3vel em Portugal - Mais Magazine\" \/>\n<meta property=\"og:description\" content=\"A Associa\u00e7\u00e3o Autom\u00f3vel de Portugal \u2013 ACAP \u00e9 a \u00fanica associa\u00e7\u00e3o empresarial que representa a globalidade do Setor Autom\u00f3vel em Portugal.\" \/>\n<meta property=\"og:url\" content=\"https:\/\/maismagazine.pt\/index.php\/2022\/02\/11\/acap-ha-mais-de-100-anos-a-representar-o-setor-automovel-em-portugal\/\" \/>\n<meta property=\"og:site_name\" content=\"Mais Magazine\" \/>\n<meta property=\"article:published_time\" content=\"2022-02-11T09:00:00+00:00\" \/>\n<meta property=\"og:image\" content=\"https:\/\/maismagazine.pt\/wp-content\/uploads\/2022\/02\/Logo-ACAP_Azul.png\" \/>\n\t<meta property=\"og:image:width\" content=\"912\" \/>\n\t<meta property=\"og:image:height\" content=\"245\" \/>\n\t<meta property=\"og:image:type\" content=\"image\/png\" \/>\n<meta name=\"author\" content=\"Jo\u00e3o Malainho\" \/>\n<meta name=\"twitter:card\" content=\"summary_large_image\" \/>\n<meta name=\"twitter:label1\" content=\"Escrito por\" \/>\n\t<meta name=\"twitter:data1\" content=\"\" \/>\n\t<meta name=\"twitter:label2\" content=\"Tempo estimado de leitura\" \/>\n\t<meta name=\"twitter:data2\" content=\"4 minutos\" \/>\n<script type=\"application\/ld+json\" class=\"yoast-schema-graph\">{\"@context\":\"https:\/\/schema.org\",\"@graph\":[{\"@type\":\"Article\",\"@id\":\"https:\/\/maismagazine.pt\/index.php\/2022\/02\/11\/acap-ha-mais-de-100-anos-a-representar-o-setor-automovel-em-portugal\/#article\",\"isPartOf\":{\"@id\":\"https:\/\/maismagazine.pt\/index.php\/2022\/02\/11\/acap-ha-mais-de-100-anos-a-representar-o-setor-automovel-em-portugal\/\"},\"author\":{\"name\":\"Jo\u00e3o Malainho\",\"@id\":\"https:\/\/maismagazine.pt\/#\/schema\/person\/999bd426f894ff56d397ec12ebd21ebb\"},\"headline\":\"ACAP &#8211; h\u00e1 mais de 100 anos a representar o setor autom\u00f3vel em Portugal\",\"datePublished\":\"2022-02-11T09:00:00+00:00\",\"mainEntityOfPage\":{\"@id\":\"https:\/\/maismagazine.pt\/index.php\/2022\/02\/11\/acap-ha-mais-de-100-anos-a-representar-o-setor-automovel-em-portugal\/\"},\"wordCount\":932,\"commentCount\":0,\"publisher\":{\"@id\":\"https:\/\/maismagazine.pt\/#organization\"},\"image\":{\"@id\":\"https:\/\/maismagazine.pt\/index.php\/2022\/02\/11\/acap-ha-mais-de-100-anos-a-representar-o-setor-automovel-em-portugal\/#primaryimage\"},\"thumbnailUrl\":\"https:\/\/maismagazine.pt\/wp-content\/uploads\/2022\/02\/Logo-ACAP_Azul.png\",\"keywords\":[\"aftermarket\",\"Associa\u00e7\u00e3o Autom\u00f3vel\",\"empresarial\",\"setor autom\u00f3vel\"],\"articleSection\":[\"Empreendedorismo\"],\"inLanguage\":\"pt-PT\",\"potentialAction\":[{\"@type\":\"CommentAction\",\"name\":\"Comment\",\"target\":[\"https:\/\/maismagazine.pt\/index.php\/2022\/02\/11\/acap-ha-mais-de-100-anos-a-representar-o-setor-automovel-em-portugal\/#respond\"]}]},{\"@type\":\"WebPage\",\"@id\":\"https:\/\/maismagazine.pt\/index.php\/2022\/02\/11\/acap-ha-mais-de-100-anos-a-representar-o-setor-automovel-em-portugal\/\",\"url\":\"https:\/\/maismagazine.pt\/index.php\/2022\/02\/11\/acap-ha-mais-de-100-anos-a-representar-o-setor-automovel-em-portugal\/\",\"name\":\"ACAP - h\u00e1 mais de 100 anos a representar o setor autom\u00f3vel em Portugal - Mais Magazine\",\"isPartOf\":{\"@id\":\"https:\/\/maismagazine.pt\/#website\"},\"primaryImageOfPage\":{\"@id\":\"https:\/\/maismagazine.pt\/index.php\/2022\/02\/11\/acap-ha-mais-de-100-anos-a-representar-o-setor-automovel-em-portugal\/#primaryimage\"},\"image\":{\"@id\":\"https:\/\/maismagazine.pt\/index.php\/2022\/02\/11\/acap-ha-mais-de-100-anos-a-representar-o-setor-automovel-em-portugal\/#primaryimage\"},\"thumbnailUrl\":\"https:\/\/maismagazine.pt\/wp-content\/uploads\/2022\/02\/Logo-ACAP_Azul.png\",\"datePublished\":\"2022-02-11T09:00:00+00:00\",\"description\":\"A Associa\u00e7\u00e3o Autom\u00f3vel de Portugal \u2013 ACAP \u00e9 a \u00fanica associa\u00e7\u00e3o empresarial que representa a globalidade do Setor Autom\u00f3vel em Portugal.\",\"breadcrumb\":{\"@id\":\"https:\/\/maismagazine.pt\/index.php\/2022\/02\/11\/acap-ha-mais-de-100-anos-a-representar-o-setor-automovel-em-portugal\/#breadcrumb\"},\"inLanguage\":\"pt-PT\",\"potentialAction\":[{\"@type\":\"ReadAction\",\"target\":[\"https:\/\/maismagazine.pt\/index.php\/2022\/02\/11\/acap-ha-mais-de-100-anos-a-representar-o-setor-automovel-em-portugal\/\"]}]},{\"@type\":\"ImageObject\",\"inLanguage\":\"pt-PT\",\"@id\":\"https:\/\/maismagazine.pt\/index.php\/2022\/02\/11\/acap-ha-mais-de-100-anos-a-representar-o-setor-automovel-em-portugal\/#primaryimage\",\"url\":\"https:\/\/maismagazine.pt\/wp-content\/uploads\/2022\/02\/Logo-ACAP_Azul.png\",\"contentUrl\":\"https:\/\/maismagazine.pt\/wp-content\/uploads\/2022\/02\/Logo-ACAP_Azul.png\",\"width\":912,\"height\":245},{\"@type\":\"BreadcrumbList\",\"@id\":\"https:\/\/maismagazine.pt\/index.php\/2022\/02\/11\/acap-ha-mais-de-100-anos-a-representar-o-setor-automovel-em-portugal\/#breadcrumb\",\"itemListElement\":[{\"@type\":\"ListItem\",\"position\":1,\"name\":\"Home\",\"item\":\"https:\/\/maismagazine.pt\/\"},{\"@type\":\"ListItem\",\"position\":2,\"name\":\"ACAP &#8211; h\u00e1 mais de 100 anos a representar o setor autom\u00f3vel em Portugal\"}]},{\"@type\":\"WebSite\",\"@id\":\"https:\/\/maismagazine.pt\/#website\",\"url\":\"https:\/\/maismagazine.pt\/\",\"name\":\"Mais Magazine\",\"description\":\"\",\"publisher\":{\"@id\":\"https:\/\/maismagazine.pt\/#organization\"},\"potentialAction\":[{\"@type\":\"SearchAction\",\"target\":{\"@type\":\"EntryPoint\",\"urlTemplate\":\"https:\/\/maismagazine.pt\/?s={search_term_string}\"},\"query-input\":{\"@type\":\"PropertyValueSpecification\",\"valueRequired\":true,\"valueName\":\"search_term_string\"}}],\"inLanguage\":\"pt-PT\"},{\"@type\":\"Organization\",\"@id\":\"https:\/\/maismagazine.pt\/#organization\",\"name\":\"Mais Magazine\",\"url\":\"https:\/\/maismagazine.pt\/\",\"logo\":{\"@type\":\"ImageObject\",\"inLanguage\":\"pt-PT\",\"@id\":\"https:\/\/maismagazine.pt\/#\/schema\/logo\/image\/\",\"url\":\"https:\/\/maismagazine.pt\/wp-content\/uploads\/2020\/04\/cropped-cropped-mais-magazine-site-logo-2.png\",\"contentUrl\":\"https:\/\/maismagazine.pt\/wp-content\/uploads\/2020\/04\/cropped-cropped-mais-magazine-site-logo-2.png\",\"width\":581,\"height\":90,\"caption\":\"Mais Magazine\"},\"image\":{\"@id\":\"https:\/\/maismagazine.pt\/#\/schema\/logo\/image\/\"}},{\"@type\":\"Person\",\"@id\":\"https:\/\/maismagazine.pt\/#\/schema\/person\/999bd426f894ff56d397ec12ebd21ebb\",\"name\":\"Jo\u00e3o Malainho\",\"image\":{\"@type\":\"ImageObject\",\"inLanguage\":\"pt-PT\",\"@id\":\"https:\/\/maismagazine.pt\/#\/schema\/person\/image\/\",\"url\":\"https:\/\/secure.gravatar.com\/avatar\/ff03c2f38edf60b2a827aa4f74878491?s=96&d=mm&r=g\",\"contentUrl\":\"https:\/\/secure.gravatar.com\/avatar\/ff03c2f38edf60b2a827aa4f74878491?s=96&d=mm&r=g\",\"caption\":\"Jo\u00e3o Malainho\"},\"url\":\"https:\/\/maismagazine.pt\/index.php\/author\/maismagazine\/\"}]}<\/script>\n<!-- \/ Yoast SEO plugin. -->","yoast_head_json":{"title":"ACAP - h\u00e1 mais de 100 anos a representar o setor autom\u00f3vel em Portugal - Mais Magazine","description":"A Associa\u00e7\u00e3o Autom\u00f3vel de Portugal \u2013 ACAP \u00e9 a \u00fanica associa\u00e7\u00e3o empresarial que representa a globalidade do Setor Autom\u00f3vel em Portugal.","robots":{"index":"index","follow":"follow","max-snippet":"max-snippet:-1","max-image-preview":"max-image-preview:large","max-video-preview":"max-video-preview:-1"},"canonical":"https:\/\/maismagazine.pt\/index.php\/2022\/02\/11\/acap-ha-mais-de-100-anos-a-representar-o-setor-automovel-em-portugal\/","og_locale":"pt_PT","og_type":"article","og_title":"ACAP - h\u00e1 mais de 100 anos a representar o setor autom\u00f3vel em Portugal - Mais Magazine","og_description":"A Associa\u00e7\u00e3o Autom\u00f3vel de Portugal \u2013 ACAP \u00e9 a \u00fanica associa\u00e7\u00e3o empresarial que representa a globalidade do Setor Autom\u00f3vel em Portugal.","og_url":"https:\/\/maismagazine.pt\/index.php\/2022\/02\/11\/acap-ha-mais-de-100-anos-a-representar-o-setor-automovel-em-portugal\/","og_site_name":"Mais Magazine","article_published_time":"2022-02-11T09:00:00+00:00","og_image":[{"width":912,"height":245,"url":"https:\/\/maismagazine.pt\/wp-content\/uploads\/2022\/02\/Logo-ACAP_Azul.png","type":"image\/png"}],"author":"Jo\u00e3o Malainho","twitter_card":"summary_large_image","twitter_misc":{"Escrito por":false,"Tempo estimado de leitura":"4 minutos"},"schema":{"@context":"https:\/\/schema.org","@graph":[{"@type":"Article","@id":"https:\/\/maismagazine.pt\/index.php\/2022\/02\/11\/acap-ha-mais-de-100-anos-a-representar-o-setor-automovel-em-portugal\/#article","isPartOf":{"@id":"https:\/\/maismagazine.pt\/index.php\/2022\/02\/11\/acap-ha-mais-de-100-anos-a-representar-o-setor-automovel-em-portugal\/"},"author":{"name":"Jo\u00e3o Malainho","@id":"https:\/\/maismagazine.pt\/#\/schema\/person\/999bd426f894ff56d397ec12ebd21ebb"},"headline":"ACAP &#8211; h\u00e1 mais de 100 anos a representar o setor autom\u00f3vel em Portugal","datePublished":"2022-02-11T09:00:00+00:00","mainEntityOfPage":{"@id":"https:\/\/maismagazine.pt\/index.php\/2022\/02\/11\/acap-ha-mais-de-100-anos-a-representar-o-setor-automovel-em-portugal\/"},"wordCount":932,"commentCount":0,"publisher":{"@id":"https:\/\/maismagazine.pt\/#organization"},"image":{"@id":"https:\/\/maismagazine.pt\/index.php\/2022\/02\/11\/acap-ha-mais-de-100-anos-a-representar-o-setor-automovel-em-portugal\/#primaryimage"},"thumbnailUrl":"https:\/\/maismagazine.pt\/wp-content\/uploads\/2022\/02\/Logo-ACAP_Azul.png","keywords":["aftermarket","Associa\u00e7\u00e3o Autom\u00f3vel","empresarial","setor autom\u00f3vel"],"articleSection":["Empreendedorismo"],"inLanguage":"pt-PT","potentialAction":[{"@type":"CommentAction","name":"Comment","target":["https:\/\/maismagazine.pt\/index.php\/2022\/02\/11\/acap-ha-mais-de-100-anos-a-representar-o-setor-automovel-em-portugal\/#respond"]}]},{"@type":"WebPage","@id":"https:\/\/maismagazine.pt\/index.php\/2022\/02\/11\/acap-ha-mais-de-100-anos-a-representar-o-setor-automovel-em-portugal\/","url":"https:\/\/maismagazine.pt\/index.php\/2022\/02\/11\/acap-ha-mais-de-100-anos-a-representar-o-setor-automovel-em-portugal\/","name":"ACAP - h\u00e1 mais de 100 anos a representar o setor autom\u00f3vel em Portugal - Mais Magazine","isPartOf":{"@id":"https:\/\/maismagazine.pt\/#website"},"primaryImageOfPage":{"@id":"https:\/\/maismagazine.pt\/index.php\/2022\/02\/11\/acap-ha-mais-de-100-anos-a-representar-o-setor-automovel-em-portugal\/#primaryimage"},"image":{"@id":"https:\/\/maismagazine.pt\/index.php\/2022\/02\/11\/acap-ha-mais-de-100-anos-a-representar-o-setor-automovel-em-portugal\/#primaryimage"},"thumbnailUrl":"https:\/\/maismagazine.pt\/wp-content\/uploads\/2022\/02\/Logo-ACAP_Azul.png","datePublished":"2022-02-11T09:00:00+00:00","description":"A Associa\u00e7\u00e3o Autom\u00f3vel de Portugal \u2013 ACAP \u00e9 a \u00fanica associa\u00e7\u00e3o empresarial que representa a globalidade do Setor Autom\u00f3vel em Portugal.","breadcrumb":{"@id":"https:\/\/maismagazine.pt\/index.php\/2022\/02\/11\/acap-ha-mais-de-100-anos-a-representar-o-setor-automovel-em-portugal\/#breadcrumb"},"inLanguage":"pt-PT","potentialAction":[{"@type":"ReadAction","target":["https:\/\/maismagazine.pt\/index.php\/2022\/02\/11\/acap-ha-mais-de-100-anos-a-representar-o-setor-automovel-em-portugal\/"]}]},{"@type":"ImageObject","inLanguage":"pt-PT","@id":"https:\/\/maismagazine.pt\/index.php\/2022\/02\/11\/acap-ha-mais-de-100-anos-a-representar-o-setor-automovel-em-portugal\/#primaryimage","url":"https:\/\/maismagazine.pt\/wp-content\/uploads\/2022\/02\/Logo-ACAP_Azul.png","contentUrl":"https:\/\/maismagazine.pt\/wp-content\/uploads\/2022\/02\/Logo-ACAP_Azul.png","width":912,"height":245},{"@type":"BreadcrumbList","@id":"https:\/\/maismagazine.pt\/index.php\/2022\/02\/11\/acap-ha-mais-de-100-anos-a-representar-o-setor-automovel-em-portugal\/#breadcrumb","itemListElement":[{"@type":"ListItem","position":1,"name":"Home","item":"https:\/\/maismagazine.pt\/"},{"@type":"ListItem","position":2,"name":"ACAP &#8211; h\u00e1 mais de 100 anos a representar o setor autom\u00f3vel em Portugal"}]},{"@type":"WebSite","@id":"https:\/\/maismagazine.pt\/#website","url":"https:\/\/maismagazine.pt\/","name":"Mais Magazine","description":"","publisher":{"@id":"https:\/\/maismagazine.pt\/#organization"},"potentialAction":[{"@type":"SearchAction","target":{"@type":"EntryPoint","urlTemplate":"https:\/\/maismagazine.pt\/?s={search_term_string}"},"query-input":{"@type":"PropertyValueSpecification","valueRequired":true,"valueName":"search_term_string"}}],"inLanguage":"pt-PT"},{"@type":"Organization","@id":"https:\/\/maismagazine.pt\/#organization","name":"Mais Magazine","url":"https:\/\/maismagazine.pt\/","logo":{"@type":"ImageObject","inLanguage":"pt-PT","@id":"https:\/\/maismagazine.pt\/#\/schema\/logo\/image\/","url":"https:\/\/maismagazine.pt\/wp-content\/uploads\/2020\/04\/cropped-cropped-mais-magazine-site-logo-2.png","contentUrl":"https:\/\/maismagazine.pt\/wp-content\/uploads\/2020\/04\/cropped-cropped-mais-magazine-site-logo-2.png","width":581,"height":90,"caption":"Mais Magazine"},"image":{"@id":"https:\/\/maismagazine.pt\/#\/schema\/logo\/image\/"}},{"@type":"Person","@id":"https:\/\/maismagazine.pt\/#\/schema\/person\/999bd426f894ff56d397ec12ebd21ebb","name":"Jo\u00e3o Malainho","image":{"@type":"ImageObject","inLanguage":"pt-PT","@id":"https:\/\/maismagazine.pt\/#\/schema\/person\/image\/","url":"https:\/\/secure.gravatar.com\/avatar\/ff03c2f38edf60b2a827aa4f74878491?s=96&d=mm&r=g","contentUrl":"https:\/\/secure.gravatar.com\/avatar\/ff03c2f38edf60b2a827aa4f74878491?s=96&d=mm&r=g","caption":"Jo\u00e3o Malainho"},"url":"https:\/\/maismagazine.pt\/index.php\/author\/maismagazine\/"}]}},"author_meta":{"display_name":false,"author_link":"https:\/\/maismagazine.pt\/index.php\/author\/maismagazine\/"},"featured_img":"https:\/\/maismagazine.pt\/wp-content\/uploads\/2022\/02\/Logo-ACAP_Azul-300x81.png","coauthors":[],"tax_additional":{"categories":{"linked":["<a href=\"https:\/\/maismagazine.pt\/index.php\/category\/empreendedorismo\/\" class=\"advgb-post-tax-term\">Empreendedorismo<\/a>"],"unlinked":["<span class=\"advgb-post-tax-term\">Empreendedorismo<\/span>"]},"tags":{"linked":["<a href=\"https:\/\/maismagazine.pt\/index.php\/category\/empreendedorismo\/\" class=\"advgb-post-tax-term\">aftermarket<\/a>","<a href=\"https:\/\/maismagazine.pt\/index.php\/category\/empreendedorismo\/\" class=\"advgb-post-tax-term\">Associa\u00e7\u00e3o Autom\u00f3vel<\/a>","<a href=\"https:\/\/maismagazine.pt\/index.php\/category\/empreendedorismo\/\" class=\"advgb-post-tax-term\">empresarial<\/a>","<a href=\"https:\/\/maismagazine.pt\/index.php\/category\/empreendedorismo\/\" class=\"advgb-post-tax-term\">setor autom\u00f3vel<\/a>"],"unlinked":["<span class=\"advgb-post-tax-term\">aftermarket<\/span>","<span class=\"advgb-post-tax-term\">Associa\u00e7\u00e3o Autom\u00f3vel<\/span>","<span class=\"advgb-post-tax-term\">empresarial<\/span>","<span class=\"advgb-post-tax-term\">setor autom\u00f3vel<\/span>"]}},"comment_count":"0","relative_dates":{"created":"Posted 4 anos ago","modified":"Updated 4 anos ago"},"absolute_dates":{"created":"Posted on 11 de Fevereiro, 2022","modified":"Updated on 4 de Fevereiro, 2022"},"absolute_dates_time":{"created":"Posted on 11 de Fevereiro, 2022 9:00","modified":"Updated on 4 de Fevereiro, 2022 11:31"},"featured_img_caption":"","series_order":"","_links":{"self":[{"href":"https:\/\/maismagazine.pt\/index.php\/wp-json\/wp\/v2\/posts\/2204","targetHints":{"allow":["GET"]}}],"collection":[{"href":"https:\/\/maismagazine.pt\/index.php\/wp-json\/wp\/v2\/posts"}],"about":[{"href":"https:\/\/maismagazine.pt\/index.php\/wp-json\/wp\/v2\/types\/post"}],"author":[{"embeddable":true,"href":"https:\/\/maismagazine.pt\/index.php\/wp-json\/wp\/v2\/users\/7"}],"replies":[{"embeddable":true,"href":"https:\/\/maismagazine.pt\/index.php\/wp-json\/wp\/v2\/comments?post=2204"}],"version-history":[{"count":1,"href":"https:\/\/maismagazine.pt\/index.php\/wp-json\/wp\/v2\/posts\/2204\/revisions"}],"predecessor-version":[{"id":2206,"href":"https:\/\/maismagazine.pt\/index.php\/wp-json\/wp\/v2\/posts\/2204\/revisions\/2206"}],"wp:featuredmedia":[{"embeddable":true,"href":"https:\/\/maismagazine.pt\/index.php\/wp-json\/wp\/v2\/media\/2205"}],"wp:attachment":[{"href":"https:\/\/maismagazine.pt\/index.php\/wp-json\/wp\/v2\/media?parent=2204"}],"wp:term":[{"taxonomy":"category","embeddable":true,"href":"https:\/\/maismagazine.pt\/index.php\/wp-json\/wp\/v2\/categories?post=2204"},{"taxonomy":"post_tag","embeddable":true,"href":"https:\/\/maismagazine.pt\/index.php\/wp-json\/wp\/v2\/tags?post=2204"}],"curies":[{"name":"wp","href":"https:\/\/api.w.org\/{rel}","templated":true}]}}