{"id":1911,"date":"2021-11-30T14:45:49","date_gmt":"2021-11-30T14:45:49","guid":{"rendered":"https:\/\/maismagazine.pt\/?p=1911"},"modified":"2021-11-30T14:48:47","modified_gmt":"2021-11-30T14:48:47","slug":"maxgroup-ajudar-pessoas-a-concretizar-os-seus-sonhos","status":"publish","type":"post","link":"https:\/\/maismagazine.pt\/index.php\/2021\/11\/30\/maxgroup-ajudar-pessoas-a-concretizar-os-seus-sonhos\/","title":{"rendered":"Maxgroup: Ajudar pessoas a concretizar os seus sonhos"},"content":{"rendered":"\n<p><strong>Nesta edi\u00e7\u00e3o da revista Mais Magazine, estivemos \u00e0 conversa com a respons\u00e1vel da RE\/MAX Maxgroup, Isabel Santos. No mercado h\u00e1 mais de vinte anos, a empresa marca presen\u00e7a em todo o pa\u00eds, com posi\u00e7\u00f5es estrat\u00e9gicas em Lisboa, Porto e Algarve, conseguindo assim satisfazer as necessidades dos seus clientes. O foco da empresa \u00e9 s\u00f3 um: Encontrar a sua casa. Encontrar a sua felicidade.<\/strong><\/p>\n\n\n\n<p><\/p>\n\n\n\n<p><strong>O Maxgroup nasceu com a entrada do novo mil\u00e9nio, estando h\u00e1 mais de 20 anos a marcar presen\u00e7a por todo o pa\u00eds. Comecemos a nossa conversa por conhecer um pouco melhor o universo RE\/MAX Maxgroup e o que motivou a sua cria\u00e7\u00e3o.<\/strong><\/p>\n\n\n\n<p>A Marca RE\/MAX entra em Portugal no ano 2000, numa altura em que os s\u00f3cios fundadores do Maxgroup estavam a estudar a possibilidade de comprar a posi\u00e7\u00e3o num franchising de Media\u00e7\u00e3o Imobili\u00e1ria, por isso quando a RE\/MAX surge em Portugal, o \u2018match\u2019 foi perfeito.<\/p>\n\n\n\n<p>O Maxgroup foi pioneiro na marca RE\/MAX, adquirindo logo duas posi\u00e7\u00f5es em zonas bem distintas, a primeira loja abriu em Telheiras, (Lisboa), a segunda loja, abriu um ano mais tarde, em Tavira, cidade \u00e0 qual os s\u00f3cios fundadores tinham grande liga\u00e7\u00e3o, por for\u00e7a de neg\u00f3cios ligados ao turismo.<\/p>\n\n\n\n<p><\/p>\n\n\n\n<p><strong>O Maxgroup foi pioneiro ao assinar o 1.\u00ba contrato de franchising RE\/MAX no pa\u00eds. Hoje, com posi\u00e7\u00f5es estrat\u00e9gicas em Lisboa, Porto e Algarve, consegue satisfazer as necessidades dos seus clientes que se estendem de Norte a Sul do pa\u00eds. Quais os valores que foram guiando o Maxgroup ao longo dos anos e que contribu\u00edram para que hoje ocupe uma posi\u00e7\u00e3o de destaque no panorama imobili\u00e1rio nacional?<\/strong><\/p>\n\n\n\n<p>Desde cedo que estrategicamente definimos miss\u00e3o, vis\u00e3o e valores do grupo e que a comunicamos entre as nossas equipas, pois sempre foi fundamental que todos partilh\u00e1ssemos a mesma forma de estar no neg\u00f3cio. Ao longo dos anos, os nossos valores foram fazendo, cada vez mais, sentido e traduzem-se at\u00e9 hoje em prestar um servi\u00e7o baseado na transpar\u00eancia, no compromisso, na lealdade e integridade, onde a confian\u00e7a e a excel\u00eancia s\u00e3o determinantes para conquistar<\/p>\n\n\n\n<p>rela\u00e7\u00f5es duradouras com os nossos clientes. Na realidade o que nos foi guiando ao longo dos tempos foi a satisfa\u00e7\u00e3o demonstrada pelos clientes. Sab\u00edamos que est\u00e1vamos no caminho certo!<\/p>\n\n\n\n<figure class=\"wp-block-gallery columns-2 is-cropped wp-block-gallery-1\"><ul class=\"blocks-gallery-grid\"><li class=\"blocks-gallery-item\"><figure><img loading=\"lazy\" decoding=\"async\" width=\"1024\" height=\"512\" src=\"http:\/\/maismagazine.pt\/wp-content\/uploads\/2021\/11\/02-Real-Forte-III-Sacavem-Lisboa-1024x512.jpg\" alt=\"\" data-id=\"1915\" data-full-url=\"http:\/\/maismagazine.pt\/wp-content\/uploads\/2021\/11\/02-Real-Forte-III-Sacavem-Lisboa.jpg\" data-link=\"https:\/\/maismagazine.pt\/?attachment_id=1915\" class=\"wp-image-1915\" srcset=\"https:\/\/maismagazine.pt\/wp-content\/uploads\/2021\/11\/02-Real-Forte-III-Sacavem-Lisboa-1024x512.jpg 1024w, https:\/\/maismagazine.pt\/wp-content\/uploads\/2021\/11\/02-Real-Forte-III-Sacavem-Lisboa-300x150.jpg 300w, https:\/\/maismagazine.pt\/wp-content\/uploads\/2021\/11\/02-Real-Forte-III-Sacavem-Lisboa-768x384.jpg 768w, https:\/\/maismagazine.pt\/wp-content\/uploads\/2021\/11\/02-Real-Forte-III-Sacavem-Lisboa.jpg 1242w\" sizes=\"auto, (max-width: 1024px) 100vw, 1024px\" \/><\/figure><\/li><li class=\"blocks-gallery-item\"><figure><img loading=\"lazy\" decoding=\"async\" width=\"1024\" height=\"683\" src=\"http:\/\/maismagazine.pt\/wp-content\/uploads\/2021\/11\/01-Remax-Collection-Maxgroup-1024x683.jpg\" alt=\"\" data-id=\"1914\" data-full-url=\"http:\/\/maismagazine.pt\/wp-content\/uploads\/2021\/11\/01-Remax-Collection-Maxgroup.jpg\" data-link=\"https:\/\/maismagazine.pt\/?attachment_id=1914\" class=\"wp-image-1914 is-layout-flex wp-block-gallery-is-layout-flex\" srcset=\"https:\/\/maismagazine.pt\/wp-content\/uploads\/2021\/11\/01-Remax-Collection-Maxgroup-1024x683.jpg 1024w, https:\/\/maismagazine.pt\/wp-content\/uploads\/2021\/11\/01-Remax-Collection-Maxgroup-300x200.jpg 300w, https:\/\/maismagazine.pt\/wp-content\/uploads\/2021\/11\/01-Remax-Collection-Maxgroup-768x512.jpg 768w, https:\/\/maismagazine.pt\/wp-content\/uploads\/2021\/11\/01-Remax-Collection-Maxgroup-150x100.jpg 150w, https:\/\/maismagazine.pt\/wp-content\/uploads\/2021\/11\/01-Remax-Collection-Maxgroup.jpg 1451w\" sizes=\"auto, (max-width: 1024px) 100vw, 1024px\" \/><\/figure><\/li><\/ul><\/figure>\n\n\n\n<p><\/p>\n\n\n\n<p><strong>Ajudar pessoas a concretizar os seus<\/strong> <strong>sonhos e tornar o processo de compra<\/strong> <strong>e venda das suas casas numa experi\u00eancia<\/strong> <strong>extraordin\u00e1ria, bem como contribuir<\/strong><\/p>\n\n\n\n<p><strong>para melhorar a qualidade de vida<\/strong> <strong>dos seus colaboradores \u00e9 a principa<\/strong>l <strong>miss\u00e3o assumida pelo Maxgroup. De<\/strong> <strong>que forma o grupo atua no mercado<\/strong> <strong>com vista a atingir este objetivo?<\/strong><\/p>\n\n\n\n<p>N\u00f3s temos um ADN muito pr\u00f3prio e pelo fato de termos lojas e equipas em zonas bem distantes, existe uma preocupa\u00e7\u00e3o grande em que a atua\u00e7\u00e3o das mesmas<\/p>\n\n\n\n<p>no mercado seja uniforme e com discurso semelhante. Para isso, a nossa grande aposta \u00e9 na forma\u00e7\u00e3o e no acompanhamento feito por uma equipa de gest\u00e3o, que permite uma proximidade grande \u00e0s nossas pessoas, dando-lhes o know-how necess\u00e1rio para se tornarem verdadeiros profissionais. Acreditamos que colaboradores satisfeitos e focados nos clientes conseguem proporcionar experi\u00eancias fant\u00e1sticas na compra e venda das casas e, consequentemente, melhorar a sua vida. N\u00e3o nos podemos esquecer que os nossos consultores s\u00e3o empres\u00e1rios e que o retorno financeiro est\u00e1 de acordo com o empenho e profissionalismo que colocam em tudo o que fazem.<\/p>\n\n\n\n<p><\/p>\n\n\n\n<p><strong>O mercado imobili\u00e1rio \u00e9 um dos mais competitivos. A credibilidade e efici\u00eancia s\u00e3o fatores essenciais para marcar a diferen\u00e7a perante o cliente e no mercado. Porque \u00e9 que o Maxgroup \u00e9 a escolha acertada para quem deseja comprar, vender ou arrendar casa?<\/strong><\/p>\n\n\n\n<p>\u00c0 partida diria que a nossa experi\u00eancia, os resultados comprovados, os pr\u00e9mios  recebidos, entre outros, s\u00e3o os grandes fatores que podem levar os clientes a<\/p>\n\n\n\n<p>perceber que somos diferentes e a preferirem trabalhar com o Maxgroup. Mas existem outros fatores, como por exemplo: a apresenta\u00e7\u00e3o das nossas instala\u00e7\u00f5es com uma decora\u00e7\u00e3o onde as pessoas se sentem em casa; os servi\u00e7os prestados em paralelo \u00e0 media\u00e7\u00e3o imobili\u00e1ria, como seja o aconselhamento em obras e  o apoio na obten\u00e7\u00e3o de cr\u00e9dito, uma vez que somos credenciados pelo Banco de Portugal para poder atender os nossos clientes e sugerir as melhores possibilidades<br>na obten\u00e7\u00e3o de cr\u00e9dito. Resumindo, o cliente tem no Maxgroup todo o apoio que possa necessitar durante o processo de compra ou venda da sua casa.<\/p>\n\n\n\n<p><\/p>\n\n\n\n<p><strong>A RE\/MAX \u00e9 hoje l\u00edder em n\u00famero de transa\u00e7\u00f5es, ag\u00eancias e agentes associados. A for\u00e7a da marca, a efici\u00eancia do servi\u00e7o e satisfa\u00e7\u00e3o dos seus clientes tamb\u00e9m t\u00eam, ano ap\u00f3s ano, vindo a ser reconhecidas e premiadas por v\u00e1rias entidades. A proximidade com o cliente \u00e9 um dos trunfos do servi\u00e7o prestado pelo Maxgroup?<\/strong><\/p>\n\n\n\n<p>Sem d\u00favida. O processo de compra ou venda de uma casa, \u00e9 sempre muito importante para os clientes e as suas motiva\u00e7\u00f5es podem ser v\u00e1rias, pelo que \u00e9 fundamental a rela\u00e7\u00e3o de proximidade que criamos com os nossos clientes. Para n\u00f3s o cliente est\u00e1 sempre em primeiro lugar e tudo fazemos para conquistar a sua confian\u00e7a.<\/p>\n\n\n\n<p><\/p>\n\n\n\n<p><strong>Um dos principais des\u00edgnios da<\/strong> <strong>RE\/MAX \u00e9 a contrata\u00e7\u00e3o de grandes<\/strong> <strong>talentos. Com o Maxgroup a realidade<\/strong> <strong>n\u00e3o \u00e9 diferente. Como caracteriza a<\/strong> <strong>equipa de profissionais deste grupo e o<\/strong> <strong>que a diferencia no mercado?<\/strong><\/p>\n\n\n\n<p>Realmente, as nossas equipas s\u00e3o constitu\u00eddas por pessoas que v\u00eam das mais variadas \u00e1reas profissionais, mas apesar da idade e de terem ou n\u00e3o estudos, o que mais nos interessa \u00e9 a motiva\u00e7\u00e3o para trabalhar, a ambi\u00e7\u00e3o de querer melhorar a sua vida e a da fam\u00edlia e n\u00e3o ter medo de entrar numa profiss\u00e3o onde 90 por cento dos seus resultados dependem de si. Mais do que contratar grandes talentos, n\u00f3s produzimos grandes talentos. As nossas equipas s\u00e3o altamente produtivas, porque s\u00e3o muito focadas e, al\u00e9m disso, existe um sentimento de perten\u00e7a e de partilha entre todos, que faz a diferen\u00e7a num mercado t\u00e3o competitivo.<\/p>\n\n\n\n<figure class=\"wp-block-gallery columns-3 is-cropped wp-block-gallery-2\"><ul class=\"blocks-gallery-grid\"><li class=\"blocks-gallery-item\"><figure><img loading=\"lazy\" decoding=\"async\" width=\"1024\" height=\"470\" src=\"http:\/\/maismagazine.pt\/wp-content\/uploads\/2021\/11\/04-Casas-do-Forte-Cabanas-de-Tavira-1024x470.jpg\" alt=\"\" data-id=\"1917\" data-full-url=\"http:\/\/maismagazine.pt\/wp-content\/uploads\/2021\/11\/04-Casas-do-Forte-Cabanas-de-Tavira.jpg\" data-link=\"https:\/\/maismagazine.pt\/?attachment_id=1917\" class=\"wp-image-1917\" srcset=\"https:\/\/maismagazine.pt\/wp-content\/uploads\/2021\/11\/04-Casas-do-Forte-Cabanas-de-Tavira-1024x470.jpg 1024w, https:\/\/maismagazine.pt\/wp-content\/uploads\/2021\/11\/04-Casas-do-Forte-Cabanas-de-Tavira-300x138.jpg 300w, https:\/\/maismagazine.pt\/wp-content\/uploads\/2021\/11\/04-Casas-do-Forte-Cabanas-de-Tavira-768x353.jpg 768w, https:\/\/maismagazine.pt\/wp-content\/uploads\/2021\/11\/04-Casas-do-Forte-Cabanas-de-Tavira.jpg 1420w\" sizes=\"auto, (max-width: 1024px) 100vw, 1024px\" \/><\/figure><\/li><li class=\"blocks-gallery-item\"><figure><img loading=\"lazy\" decoding=\"async\" width=\"1000\" height=\"750\" src=\"http:\/\/maismagazine.pt\/wp-content\/uploads\/2021\/11\/03-Areeiro-Select-Lisboa.jpg\" alt=\"\" data-id=\"1916\" data-full-url=\"http:\/\/maismagazine.pt\/wp-content\/uploads\/2021\/11\/03-Areeiro-Select-Lisboa.jpg\" data-link=\"https:\/\/maismagazine.pt\/?attachment_id=1916\" class=\"wp-image-1916\" srcset=\"https:\/\/maismagazine.pt\/wp-content\/uploads\/2021\/11\/03-Areeiro-Select-Lisboa.jpg 1000w, https:\/\/maismagazine.pt\/wp-content\/uploads\/2021\/11\/03-Areeiro-Select-Lisboa-300x225.jpg 300w, https:\/\/maismagazine.pt\/wp-content\/uploads\/2021\/11\/03-Areeiro-Select-Lisboa-768x576.jpg 768w\" sizes=\"auto, (max-width: 1000px) 100vw, 1000px\" \/><\/figure><\/li><li class=\"blocks-gallery-item\"><figure><img loading=\"lazy\" decoding=\"async\" width=\"700\" height=\"378\" src=\"http:\/\/maismagazine.pt\/wp-content\/uploads\/2021\/11\/05-Hotel-Monaco-Caxias-Oeiras.jpg\" alt=\"\" data-id=\"1918\" data-full-url=\"http:\/\/maismagazine.pt\/wp-content\/uploads\/2021\/11\/05-Hotel-Monaco-Caxias-Oeiras.jpg\" data-link=\"https:\/\/maismagazine.pt\/?attachment_id=1918\" class=\"wp-image-1918 is-layout-flex wp-block-gallery-is-layout-flex\" srcset=\"https:\/\/maismagazine.pt\/wp-content\/uploads\/2021\/11\/05-Hotel-Monaco-Caxias-Oeiras.jpg 700w, https:\/\/maismagazine.pt\/wp-content\/uploads\/2021\/11\/05-Hotel-Monaco-Caxias-Oeiras-300x162.jpg 300w\" sizes=\"auto, (max-width: 700px) 100vw, 700px\" \/><\/figure><\/li><\/ul><\/figure>\n\n\n\n<p><\/p>\n\n\n\n<blockquote class=\"wp-block-quote is-layout-flow wp-block-quote-is-layout-flow\"><p> Acreditamos que colaboradores satisfeitos e focados nos clientes conseguem proporcionar experi\u00eancias fant\u00e1sticas na compra e venda das casas e, consequentemente, melhorar a sua vida. <\/p><\/blockquote>\n\n\n\n<p><\/p>\n\n\n\n<p><strong>A Covid-19 trouxe consigo in\u00fameras mudan\u00e7as e foram v\u00e1rias as \u00e1reas que sofreram o impacto provocado pela pandemia. Apesar disso, o setor imobili\u00e1rio mant\u00e9m as tend\u00eancias de crescimento da procura registadas desde o final do ano passado. Qual o impacto<\/strong><\/p>\n\n\n\n<p><strong>que a pandemia teve no mercado imobili\u00e1rio e, mais concretamente, no Maxgroup?<\/strong><\/p>\n\n\n\n<p>O impacto n\u00e3o foi positivo para o<strong> <\/strong>Maxgroup, mas parece-me que foi transversal<strong> <\/strong>a todo este setor, principalmente<strong> <\/strong>porque n\u00e3o havendo contato presencial,<strong> <\/strong>fica complicado exercer esta profiss\u00e3o.<strong><\/strong><\/p>\n\n\n\n<p>No mercado imobili\u00e1rio houve uma quebra<strong> <\/strong>significativa na venda de casas, durante o confinamento, que aos poucos tem sido retomada e at\u00e9 com evolu\u00e7\u00f5es muito animadoras. O Maxgroup est\u00e1 a crescer cerca de 30 por cento e isso \u00e9 fant\u00e1stico, mas n\u00e3o nos podemos esquecer que antes desta pandemia viv\u00edamos um per\u00edodo \u00e1ureo neste setor.<\/p>\n\n\n\n<p>O que esta pandemia veio trazer foi uma forma diferente das pessoas verem o seu habitat e de repente as necessidades mudam, as periferias voltam a ser mais procuradas, principalmente para a compra de vivendas e terrenos. Na minha opini\u00e3o, existem zonas que valorizaram imenso com esta nova \u2018procura\u2019. Por outro lado, os estrangeiros est\u00e3o a regressar e o interesse por Portugal continua muito grande, o que nos faz olhar para o futuro de uma forma bastante positiva.<\/p>\n\n\n\n<p><\/p>\n\n\n\n<p><strong>Sendo nativo do s\u00e9culo XXI, o Maxgroup tem-se deparado com as evolu\u00e7\u00f5es constantes do mercado e da sociedade. Esta vossa capacidade de adapta\u00e7\u00e3o foi crucial para conseguir<\/strong><\/p>\n\n\n\n<p><strong>ultrapassar os desafios que o confinamento, provocado pela pandemia, trouxe ao setor?<\/strong><\/p>\n\n\n\n<p>Acredito que foi a nossa capacidade de adapta\u00e7\u00e3o que levou ao crescimento que estamos a ter este ano. A resili\u00eancia das nossas equipas, a lideran\u00e7a da nossa equipa de gest\u00e3o e a coordena\u00e7\u00e3o nas nossas lojas, contribu\u00edram muito para uma continuidade e cria\u00e7\u00e3o de novas formas de trabalho como por exemplo vender casas por v\u00eddeo, com o processo 100 por cento <a href=\"https:\/\/www.maxgroup.pt\/\" target=\"_blank\" rel=\"noreferrer noopener\">online<\/a>, em alguns casos.<\/p>\n\n\n\n<p><\/p>\n\n\n\n<blockquote class=\"wp-block-quote is-layout-flow wp-block-quote-is-layout-flow\"><p> O que esta pandemia veio trazer foi uma forma diferente das pessoas verem o seu habitat e de repente as necessidades mudam, as periferias voltam a ser mais procuradas, principalmente para a compra de vivendas e terrenos. Na minha opini\u00e3o, existem zonas que valorizaram imenso com esta nova \u2018procura\u2019. Por outro lado, os estrangeiros est\u00e3o a regressar e o interesse por Portugal continua muito grande, o que nos faz olhar para o futuro de uma forma bastante positiva. <\/p><\/blockquote>\n\n\n\n<p><\/p>\n\n\n\n<p><\/p>\n\n\n\n<p><strong>O ano foi de pandemia, mas Portugal conseguiu entrar no Top 10 das economias europeias mais atrativas para o investimento estrangeiro. Para al\u00e9m disso, o nosso pa\u00eds foi tamb\u00e9m considerado o melhor pa\u00eds para visitar em 2021, pela European Best Destinations. Presentemente, existem im\u00f3veis suficientes para colmatar a procura por parte de investidores estrangeiros?<\/strong><\/p>\n\n\n\n<div class=\"wp-block-image\"><figure class=\"alignright size-large is-resized\"><img decoding=\"async\" src=\"http:\/\/maismagazine.pt\/wp-content\/uploads\/2021\/11\/revistaMaisMagazine_bannerpublicitario_centro-03-733x1024.png\" alt=\"\" class=\"wp-image-1913\" width=\"-134\" height=\"-187\" srcset=\"https:\/\/maismagazine.pt\/wp-content\/uploads\/2021\/11\/revistaMaisMagazine_bannerpublicitario_centro-03-733x1024.png 733w, https:\/\/maismagazine.pt\/wp-content\/uploads\/2021\/11\/revistaMaisMagazine_bannerpublicitario_centro-03-215x300.png 215w, https:\/\/maismagazine.pt\/wp-content\/uploads\/2021\/11\/revistaMaisMagazine_bannerpublicitario_centro-03-768x1073.png 768w, https:\/\/maismagazine.pt\/wp-content\/uploads\/2021\/11\/revistaMaisMagazine_bannerpublicitario_centro-03.png 1099w\" sizes=\"(max-width: 733px) 100vw, 733px\" \/><\/figure><\/div>\n\n\n\n<p>Atualmente o pre\u00e7o das casas continua a subir, por isso os indicadores s\u00e3o de uma aparente supera\u00e7\u00e3o da procura em rela\u00e7\u00e3o \u00e0 oferta. Eu diria que existem zonas onde a procura por parte de estrangeiros \u00e9 grande e por vezes torna-se dif\u00edcil encontrar produto, pelo que s\u00e3o zonas que precisam de mais constru\u00e7\u00e3o para colmatar a esta procura.<\/p>\n\n\n\n<p><\/p>\n\n\n\n<p><strong>Falar do Maxgroup \u00e9 falar de profissionalismo, dedica\u00e7\u00e3o e empreendedorismo. Quais os projetos e objetivos de crescimento do grupo para o ano de 2022? Continuar a expans\u00e3o do neg\u00f3cio \u00e9 um projeto em cima da mesa?<\/strong><\/p>\n\n\n\n<p>A expans\u00e3o do neg\u00f3cio est\u00e1 sempre em<strong> <\/strong>cima da mesa, assim existam as oportunidades<strong> <\/strong>para tal. Para 2022, posso salientar<strong> <\/strong>o lan\u00e7amento de um projeto ligado \u00e0 media\u00e7\u00e3o<strong> <\/strong>junto de promotores, construtores<strong> <\/strong>e fundos de investimento, no sentido<strong> <\/strong>de ajudar na venda de produto novo.<strong><\/strong><\/p>\n\n\n\n<p>O Maxgroup tem uma forte experi\u00eancia<strong> <\/strong>na media\u00e7\u00e3o de empreendimentos<strong> <\/strong>e coloca\u00e7\u00e3o dos mesmos no mercado.<strong> <\/strong>Ao longo destes 21 anos de exist\u00eancia<strong> <\/strong>j\u00e1 mediamos a venda de mais de 50 empreendimentos<strong> <\/strong>e por isso, estamos a criar<strong> <\/strong>um departamento de apoio ao promotor<strong> <\/strong>imobili\u00e1rio, com uma s\u00e9rie de servi\u00e7os e<strong> <\/strong>acompanhamento, desde a venda do terreno,<strong> <\/strong>passando pela formata\u00e7\u00e3o do produto<strong> <\/strong>junto dos arquitetos, at\u00e9 \u00e0 venda dos<strong> <\/strong>apartamentos ou moradias, dependendo<strong> <\/strong>das zonas.<strong><\/strong><\/p>\n\n\n\n<p>Este ano j\u00e1 divulgamos v\u00e1rios empreendimentos<strong> <\/strong>angariados pelo<strong> <\/strong>Maxgroup na imprensa e redes sociais<strong> <\/strong>e vamos continuar esse trabalho de<strong> <\/strong>divulga\u00e7\u00e3o. Os nossos resultados s\u00e3o<strong> <\/strong>excelentes indicadores para apostarmos<strong> <\/strong>neste projeto. Al\u00e9m disso, vamos<strong> <\/strong>continuar a apostar no crescimento<strong> <\/strong>das nossas equipas, com mais recursos<strong> <\/strong>humanos sem nunca perder o foco na<strong> <\/strong>nossa vis\u00e3o.<strong><\/strong><\/p>\n","protected":false},"excerpt":{"rendered":"<p>Nesta edi\u00e7\u00e3o da revista Mais Magazine, estivemos \u00e0 conversa com a respons\u00e1vel da RE\/MAX Maxgroup, Isabel Santos. No mercado h\u00e1 mais de vinte anos, a empresa marca presen\u00e7a em todo o pa\u00eds, com posi\u00e7\u00f5es estrat\u00e9gicas em Lisboa, Porto e Algarve, conseguindo assim satisfazer as necessidades dos seus clientes. O foco&hellip;<\/p>\n","protected":false},"author":7,"featured_media":1912,"comment_status":"open","ping_status":"open","sticky":false,"template":"","format":"standard","meta":{"advgb_blocks_editor_width":"","advgb_blocks_columns_visual_guide":"","_monsterinsights_skip_tracking":false,"_monsterinsights_sitenote_active":false,"_monsterinsights_sitenote_note":"","_monsterinsights_sitenote_category":0,"footnotes":""},"categories":[77,6,137],"tags":[256,257,255,252,254,253],"class_list":["post-1911","post","type-post","status-publish","format-standard","has-post-thumbnail","hentry","category-arquitetura-e-construcao","category-empreendedorismo","category-imobiliario","tag-arrendar","tag-casa","tag-comprar","tag-imobiliario","tag-maxgroup","tag-remax"],"yoast_head":"<!-- This site is optimized with the Yoast SEO plugin v24.4 - https:\/\/yoast.com\/wordpress\/plugins\/seo\/ -->\n<title>Maxgroup: Ajudar pessoas a concretizar os seus sonhos - Mais Magazine<\/title>\n<meta name=\"description\" content=\"Nesta edi\u00e7\u00e3o da revista Mais Magazine, estivemos \u00e0 conversa com a respons\u00e1vel da RE\/MAX Maxgroup, Isabel Santos.\" \/>\n<meta name=\"robots\" content=\"index, follow, max-snippet:-1, max-image-preview:large, max-video-preview:-1\" \/>\n<link rel=\"canonical\" href=\"https:\/\/maismagazine.pt\/index.php\/2021\/11\/30\/maxgroup-ajudar-pessoas-a-concretizar-os-seus-sonhos\/\" \/>\n<meta property=\"og:locale\" content=\"pt_PT\" \/>\n<meta property=\"og:type\" content=\"article\" \/>\n<meta property=\"og:title\" content=\"Maxgroup: Ajudar pessoas a concretizar os seus sonhos - Mais Magazine\" \/>\n<meta property=\"og:description\" content=\"Nesta edi\u00e7\u00e3o da revista Mais Magazine, estivemos \u00e0 conversa com a respons\u00e1vel da RE\/MAX Maxgroup, Isabel Santos.\" \/>\n<meta property=\"og:url\" content=\"https:\/\/maismagazine.pt\/index.php\/2021\/11\/30\/maxgroup-ajudar-pessoas-a-concretizar-os-seus-sonhos\/\" \/>\n<meta property=\"og:site_name\" content=\"Mais Magazine\" \/>\n<meta property=\"article:published_time\" content=\"2021-11-30T14:45:49+00:00\" \/>\n<meta property=\"article:modified_time\" content=\"2021-11-30T14:48:47+00:00\" \/>\n<meta property=\"og:image\" content=\"https:\/\/maismagazine.pt\/wp-content\/uploads\/2021\/11\/Isabel-Santos-Broker-Maxgroup.png\" \/>\n\t<meta property=\"og:image:width\" content=\"880\" \/>\n\t<meta property=\"og:image:height\" content=\"491\" \/>\n\t<meta property=\"og:image:type\" content=\"image\/png\" \/>\n<meta name=\"author\" content=\"Jo\u00e3o Malainho\" \/>\n<meta name=\"twitter:card\" content=\"summary_large_image\" \/>\n<meta name=\"twitter:label1\" content=\"Escrito por\" \/>\n\t<meta name=\"twitter:data1\" content=\"\" \/>\n\t<meta name=\"twitter:label2\" content=\"Tempo estimado de leitura\" \/>\n\t<meta name=\"twitter:data2\" content=\"9 minutos\" \/>\n<script type=\"application\/ld+json\" class=\"yoast-schema-graph\">{\"@context\":\"https:\/\/schema.org\",\"@graph\":[{\"@type\":\"Article\",\"@id\":\"https:\/\/maismagazine.pt\/index.php\/2021\/11\/30\/maxgroup-ajudar-pessoas-a-concretizar-os-seus-sonhos\/#article\",\"isPartOf\":{\"@id\":\"https:\/\/maismagazine.pt\/index.php\/2021\/11\/30\/maxgroup-ajudar-pessoas-a-concretizar-os-seus-sonhos\/\"},\"author\":{\"name\":\"Jo\u00e3o Malainho\",\"@id\":\"https:\/\/maismagazine.pt\/#\/schema\/person\/999bd426f894ff56d397ec12ebd21ebb\"},\"headline\":\"Maxgroup: Ajudar pessoas a concretizar os seus sonhos\",\"datePublished\":\"2021-11-30T14:45:49+00:00\",\"dateModified\":\"2021-11-30T14:48:47+00:00\",\"mainEntityOfPage\":{\"@id\":\"https:\/\/maismagazine.pt\/index.php\/2021\/11\/30\/maxgroup-ajudar-pessoas-a-concretizar-os-seus-sonhos\/\"},\"wordCount\":1856,\"commentCount\":0,\"publisher\":{\"@id\":\"https:\/\/maismagazine.pt\/#organization\"},\"image\":{\"@id\":\"https:\/\/maismagazine.pt\/index.php\/2021\/11\/30\/maxgroup-ajudar-pessoas-a-concretizar-os-seus-sonhos\/#primaryimage\"},\"thumbnailUrl\":\"https:\/\/maismagazine.pt\/wp-content\/uploads\/2021\/11\/Isabel-Santos-Broker-Maxgroup.png\",\"keywords\":[\"arrendar\",\"casa\",\"comprar\",\"imobili\u00e1rio\",\"Maxgroup\",\"remax\"],\"articleSection\":[\"Arquitetura e Constru\u00e7\u00e3o\",\"Empreendedorismo\",\"Imobili\u00e1rio\"],\"inLanguage\":\"pt-PT\",\"potentialAction\":[{\"@type\":\"CommentAction\",\"name\":\"Comment\",\"target\":[\"https:\/\/maismagazine.pt\/index.php\/2021\/11\/30\/maxgroup-ajudar-pessoas-a-concretizar-os-seus-sonhos\/#respond\"]}]},{\"@type\":\"WebPage\",\"@id\":\"https:\/\/maismagazine.pt\/index.php\/2021\/11\/30\/maxgroup-ajudar-pessoas-a-concretizar-os-seus-sonhos\/\",\"url\":\"https:\/\/maismagazine.pt\/index.php\/2021\/11\/30\/maxgroup-ajudar-pessoas-a-concretizar-os-seus-sonhos\/\",\"name\":\"Maxgroup: Ajudar pessoas a concretizar os seus sonhos - Mais Magazine\",\"isPartOf\":{\"@id\":\"https:\/\/maismagazine.pt\/#website\"},\"primaryImageOfPage\":{\"@id\":\"https:\/\/maismagazine.pt\/index.php\/2021\/11\/30\/maxgroup-ajudar-pessoas-a-concretizar-os-seus-sonhos\/#primaryimage\"},\"image\":{\"@id\":\"https:\/\/maismagazine.pt\/index.php\/2021\/11\/30\/maxgroup-ajudar-pessoas-a-concretizar-os-seus-sonhos\/#primaryimage\"},\"thumbnailUrl\":\"https:\/\/maismagazine.pt\/wp-content\/uploads\/2021\/11\/Isabel-Santos-Broker-Maxgroup.png\",\"datePublished\":\"2021-11-30T14:45:49+00:00\",\"dateModified\":\"2021-11-30T14:48:47+00:00\",\"description\":\"Nesta edi\u00e7\u00e3o da revista Mais Magazine, estivemos \u00e0 conversa com a respons\u00e1vel da RE\/MAX Maxgroup, Isabel Santos.\",\"breadcrumb\":{\"@id\":\"https:\/\/maismagazine.pt\/index.php\/2021\/11\/30\/maxgroup-ajudar-pessoas-a-concretizar-os-seus-sonhos\/#breadcrumb\"},\"inLanguage\":\"pt-PT\",\"potentialAction\":[{\"@type\":\"ReadAction\",\"target\":[\"https:\/\/maismagazine.pt\/index.php\/2021\/11\/30\/maxgroup-ajudar-pessoas-a-concretizar-os-seus-sonhos\/\"]}]},{\"@type\":\"ImageObject\",\"inLanguage\":\"pt-PT\",\"@id\":\"https:\/\/maismagazine.pt\/index.php\/2021\/11\/30\/maxgroup-ajudar-pessoas-a-concretizar-os-seus-sonhos\/#primaryimage\",\"url\":\"https:\/\/maismagazine.pt\/wp-content\/uploads\/2021\/11\/Isabel-Santos-Broker-Maxgroup.png\",\"contentUrl\":\"https:\/\/maismagazine.pt\/wp-content\/uploads\/2021\/11\/Isabel-Santos-Broker-Maxgroup.png\",\"width\":880,\"height\":491},{\"@type\":\"BreadcrumbList\",\"@id\":\"https:\/\/maismagazine.pt\/index.php\/2021\/11\/30\/maxgroup-ajudar-pessoas-a-concretizar-os-seus-sonhos\/#breadcrumb\",\"itemListElement\":[{\"@type\":\"ListItem\",\"position\":1,\"name\":\"Home\",\"item\":\"https:\/\/maismagazine.pt\/\"},{\"@type\":\"ListItem\",\"position\":2,\"name\":\"Maxgroup: Ajudar pessoas a concretizar os seus sonhos\"}]},{\"@type\":\"WebSite\",\"@id\":\"https:\/\/maismagazine.pt\/#website\",\"url\":\"https:\/\/maismagazine.pt\/\",\"name\":\"Mais Magazine\",\"description\":\"\",\"publisher\":{\"@id\":\"https:\/\/maismagazine.pt\/#organization\"},\"potentialAction\":[{\"@type\":\"SearchAction\",\"target\":{\"@type\":\"EntryPoint\",\"urlTemplate\":\"https:\/\/maismagazine.pt\/?s={search_term_string}\"},\"query-input\":{\"@type\":\"PropertyValueSpecification\",\"valueRequired\":true,\"valueName\":\"search_term_string\"}}],\"inLanguage\":\"pt-PT\"},{\"@type\":\"Organization\",\"@id\":\"https:\/\/maismagazine.pt\/#organization\",\"name\":\"Mais Magazine\",\"url\":\"https:\/\/maismagazine.pt\/\",\"logo\":{\"@type\":\"ImageObject\",\"inLanguage\":\"pt-PT\",\"@id\":\"https:\/\/maismagazine.pt\/#\/schema\/logo\/image\/\",\"url\":\"https:\/\/maismagazine.pt\/wp-content\/uploads\/2020\/04\/cropped-cropped-mais-magazine-site-logo-2.png\",\"contentUrl\":\"https:\/\/maismagazine.pt\/wp-content\/uploads\/2020\/04\/cropped-cropped-mais-magazine-site-logo-2.png\",\"width\":581,\"height\":90,\"caption\":\"Mais Magazine\"},\"image\":{\"@id\":\"https:\/\/maismagazine.pt\/#\/schema\/logo\/image\/\"}},{\"@type\":\"Person\",\"@id\":\"https:\/\/maismagazine.pt\/#\/schema\/person\/999bd426f894ff56d397ec12ebd21ebb\",\"name\":\"Jo\u00e3o Malainho\",\"image\":{\"@type\":\"ImageObject\",\"inLanguage\":\"pt-PT\",\"@id\":\"https:\/\/maismagazine.pt\/#\/schema\/person\/image\/\",\"url\":\"https:\/\/secure.gravatar.com\/avatar\/ff03c2f38edf60b2a827aa4f74878491?s=96&d=mm&r=g\",\"contentUrl\":\"https:\/\/secure.gravatar.com\/avatar\/ff03c2f38edf60b2a827aa4f74878491?s=96&d=mm&r=g\",\"caption\":\"Jo\u00e3o Malainho\"},\"url\":\"https:\/\/maismagazine.pt\/index.php\/author\/maismagazine\/\"}]}<\/script>\n<!-- \/ Yoast SEO plugin. -->","yoast_head_json":{"title":"Maxgroup: Ajudar pessoas a concretizar os seus sonhos - Mais Magazine","description":"Nesta edi\u00e7\u00e3o da revista Mais Magazine, estivemos \u00e0 conversa com a respons\u00e1vel da RE\/MAX Maxgroup, Isabel Santos.","robots":{"index":"index","follow":"follow","max-snippet":"max-snippet:-1","max-image-preview":"max-image-preview:large","max-video-preview":"max-video-preview:-1"},"canonical":"https:\/\/maismagazine.pt\/index.php\/2021\/11\/30\/maxgroup-ajudar-pessoas-a-concretizar-os-seus-sonhos\/","og_locale":"pt_PT","og_type":"article","og_title":"Maxgroup: Ajudar pessoas a concretizar os seus sonhos - Mais Magazine","og_description":"Nesta edi\u00e7\u00e3o da revista Mais Magazine, estivemos \u00e0 conversa com a respons\u00e1vel da RE\/MAX Maxgroup, Isabel Santos.","og_url":"https:\/\/maismagazine.pt\/index.php\/2021\/11\/30\/maxgroup-ajudar-pessoas-a-concretizar-os-seus-sonhos\/","og_site_name":"Mais Magazine","article_published_time":"2021-11-30T14:45:49+00:00","article_modified_time":"2021-11-30T14:48:47+00:00","og_image":[{"width":880,"height":491,"url":"https:\/\/maismagazine.pt\/wp-content\/uploads\/2021\/11\/Isabel-Santos-Broker-Maxgroup.png","type":"image\/png"}],"author":"Jo\u00e3o Malainho","twitter_card":"summary_large_image","twitter_misc":{"Escrito por":false,"Tempo estimado de leitura":"9 minutos"},"schema":{"@context":"https:\/\/schema.org","@graph":[{"@type":"Article","@id":"https:\/\/maismagazine.pt\/index.php\/2021\/11\/30\/maxgroup-ajudar-pessoas-a-concretizar-os-seus-sonhos\/#article","isPartOf":{"@id":"https:\/\/maismagazine.pt\/index.php\/2021\/11\/30\/maxgroup-ajudar-pessoas-a-concretizar-os-seus-sonhos\/"},"author":{"name":"Jo\u00e3o Malainho","@id":"https:\/\/maismagazine.pt\/#\/schema\/person\/999bd426f894ff56d397ec12ebd21ebb"},"headline":"Maxgroup: Ajudar pessoas a concretizar os seus sonhos","datePublished":"2021-11-30T14:45:49+00:00","dateModified":"2021-11-30T14:48:47+00:00","mainEntityOfPage":{"@id":"https:\/\/maismagazine.pt\/index.php\/2021\/11\/30\/maxgroup-ajudar-pessoas-a-concretizar-os-seus-sonhos\/"},"wordCount":1856,"commentCount":0,"publisher":{"@id":"https:\/\/maismagazine.pt\/#organization"},"image":{"@id":"https:\/\/maismagazine.pt\/index.php\/2021\/11\/30\/maxgroup-ajudar-pessoas-a-concretizar-os-seus-sonhos\/#primaryimage"},"thumbnailUrl":"https:\/\/maismagazine.pt\/wp-content\/uploads\/2021\/11\/Isabel-Santos-Broker-Maxgroup.png","keywords":["arrendar","casa","comprar","imobili\u00e1rio","Maxgroup","remax"],"articleSection":["Arquitetura e Constru\u00e7\u00e3o","Empreendedorismo","Imobili\u00e1rio"],"inLanguage":"pt-PT","potentialAction":[{"@type":"CommentAction","name":"Comment","target":["https:\/\/maismagazine.pt\/index.php\/2021\/11\/30\/maxgroup-ajudar-pessoas-a-concretizar-os-seus-sonhos\/#respond"]}]},{"@type":"WebPage","@id":"https:\/\/maismagazine.pt\/index.php\/2021\/11\/30\/maxgroup-ajudar-pessoas-a-concretizar-os-seus-sonhos\/","url":"https:\/\/maismagazine.pt\/index.php\/2021\/11\/30\/maxgroup-ajudar-pessoas-a-concretizar-os-seus-sonhos\/","name":"Maxgroup: Ajudar pessoas a concretizar os seus sonhos - Mais Magazine","isPartOf":{"@id":"https:\/\/maismagazine.pt\/#website"},"primaryImageOfPage":{"@id":"https:\/\/maismagazine.pt\/index.php\/2021\/11\/30\/maxgroup-ajudar-pessoas-a-concretizar-os-seus-sonhos\/#primaryimage"},"image":{"@id":"https:\/\/maismagazine.pt\/index.php\/2021\/11\/30\/maxgroup-ajudar-pessoas-a-concretizar-os-seus-sonhos\/#primaryimage"},"thumbnailUrl":"https:\/\/maismagazine.pt\/wp-content\/uploads\/2021\/11\/Isabel-Santos-Broker-Maxgroup.png","datePublished":"2021-11-30T14:45:49+00:00","dateModified":"2021-11-30T14:48:47+00:00","description":"Nesta edi\u00e7\u00e3o da revista Mais Magazine, estivemos \u00e0 conversa com a respons\u00e1vel da RE\/MAX Maxgroup, Isabel Santos.","breadcrumb":{"@id":"https:\/\/maismagazine.pt\/index.php\/2021\/11\/30\/maxgroup-ajudar-pessoas-a-concretizar-os-seus-sonhos\/#breadcrumb"},"inLanguage":"pt-PT","potentialAction":[{"@type":"ReadAction","target":["https:\/\/maismagazine.pt\/index.php\/2021\/11\/30\/maxgroup-ajudar-pessoas-a-concretizar-os-seus-sonhos\/"]}]},{"@type":"ImageObject","inLanguage":"pt-PT","@id":"https:\/\/maismagazine.pt\/index.php\/2021\/11\/30\/maxgroup-ajudar-pessoas-a-concretizar-os-seus-sonhos\/#primaryimage","url":"https:\/\/maismagazine.pt\/wp-content\/uploads\/2021\/11\/Isabel-Santos-Broker-Maxgroup.png","contentUrl":"https:\/\/maismagazine.pt\/wp-content\/uploads\/2021\/11\/Isabel-Santos-Broker-Maxgroup.png","width":880,"height":491},{"@type":"BreadcrumbList","@id":"https:\/\/maismagazine.pt\/index.php\/2021\/11\/30\/maxgroup-ajudar-pessoas-a-concretizar-os-seus-sonhos\/#breadcrumb","itemListElement":[{"@type":"ListItem","position":1,"name":"Home","item":"https:\/\/maismagazine.pt\/"},{"@type":"ListItem","position":2,"name":"Maxgroup: Ajudar pessoas a concretizar os seus sonhos"}]},{"@type":"WebSite","@id":"https:\/\/maismagazine.pt\/#website","url":"https:\/\/maismagazine.pt\/","name":"Mais Magazine","description":"","publisher":{"@id":"https:\/\/maismagazine.pt\/#organization"},"potentialAction":[{"@type":"SearchAction","target":{"@type":"EntryPoint","urlTemplate":"https:\/\/maismagazine.pt\/?s={search_term_string}"},"query-input":{"@type":"PropertyValueSpecification","valueRequired":true,"valueName":"search_term_string"}}],"inLanguage":"pt-PT"},{"@type":"Organization","@id":"https:\/\/maismagazine.pt\/#organization","name":"Mais Magazine","url":"https:\/\/maismagazine.pt\/","logo":{"@type":"ImageObject","inLanguage":"pt-PT","@id":"https:\/\/maismagazine.pt\/#\/schema\/logo\/image\/","url":"https:\/\/maismagazine.pt\/wp-content\/uploads\/2020\/04\/cropped-cropped-mais-magazine-site-logo-2.png","contentUrl":"https:\/\/maismagazine.pt\/wp-content\/uploads\/2020\/04\/cropped-cropped-mais-magazine-site-logo-2.png","width":581,"height":90,"caption":"Mais Magazine"},"image":{"@id":"https:\/\/maismagazine.pt\/#\/schema\/logo\/image\/"}},{"@type":"Person","@id":"https:\/\/maismagazine.pt\/#\/schema\/person\/999bd426f894ff56d397ec12ebd21ebb","name":"Jo\u00e3o Malainho","image":{"@type":"ImageObject","inLanguage":"pt-PT","@id":"https:\/\/maismagazine.pt\/#\/schema\/person\/image\/","url":"https:\/\/secure.gravatar.com\/avatar\/ff03c2f38edf60b2a827aa4f74878491?s=96&d=mm&r=g","contentUrl":"https:\/\/secure.gravatar.com\/avatar\/ff03c2f38edf60b2a827aa4f74878491?s=96&d=mm&r=g","caption":"Jo\u00e3o Malainho"},"url":"https:\/\/maismagazine.pt\/index.php\/author\/maismagazine\/"}]}},"author_meta":{"display_name":false,"author_link":"https:\/\/maismagazine.pt\/index.php\/author\/maismagazine\/"},"featured_img":"https:\/\/maismagazine.pt\/wp-content\/uploads\/2021\/11\/Isabel-Santos-Broker-Maxgroup-300x167.png","coauthors":[],"tax_additional":{"categories":{"linked":["<a href=\"https:\/\/maismagazine.pt\/index.php\/category\/empreendedorismo\/arquitetura-e-construcao\/\" class=\"advgb-post-tax-term\">Arquitetura e Constru\u00e7\u00e3o<\/a>","<a href=\"https:\/\/maismagazine.pt\/index.php\/category\/empreendedorismo\/\" class=\"advgb-post-tax-term\">Empreendedorismo<\/a>","<a href=\"https:\/\/maismagazine.pt\/index.php\/category\/empreendedorismo\/imobiliario\/\" class=\"advgb-post-tax-term\">Imobili\u00e1rio<\/a>"],"unlinked":["<span class=\"advgb-post-tax-term\">Arquitetura e Constru\u00e7\u00e3o<\/span>","<span class=\"advgb-post-tax-term\">Empreendedorismo<\/span>","<span class=\"advgb-post-tax-term\">Imobili\u00e1rio<\/span>"]},"tags":{"linked":["<a href=\"https:\/\/maismagazine.pt\/index.php\/category\/empreendedorismo\/imobiliario\/\" class=\"advgb-post-tax-term\">arrendar<\/a>","<a href=\"https:\/\/maismagazine.pt\/index.php\/category\/empreendedorismo\/imobiliario\/\" class=\"advgb-post-tax-term\">casa<\/a>","<a href=\"https:\/\/maismagazine.pt\/index.php\/category\/empreendedorismo\/imobiliario\/\" class=\"advgb-post-tax-term\">comprar<\/a>","<a href=\"https:\/\/maismagazine.pt\/index.php\/category\/empreendedorismo\/imobiliario\/\" class=\"advgb-post-tax-term\">imobili\u00e1rio<\/a>","<a href=\"https:\/\/maismagazine.pt\/index.php\/category\/empreendedorismo\/imobiliario\/\" class=\"advgb-post-tax-term\">Maxgroup<\/a>","<a href=\"https:\/\/maismagazine.pt\/index.php\/category\/empreendedorismo\/imobiliario\/\" class=\"advgb-post-tax-term\">remax<\/a>"],"unlinked":["<span class=\"advgb-post-tax-term\">arrendar<\/span>","<span class=\"advgb-post-tax-term\">casa<\/span>","<span class=\"advgb-post-tax-term\">comprar<\/span>","<span class=\"advgb-post-tax-term\">imobili\u00e1rio<\/span>","<span class=\"advgb-post-tax-term\">Maxgroup<\/span>","<span class=\"advgb-post-tax-term\">remax<\/span>"]}},"comment_count":"0","relative_dates":{"created":"Posted 4 anos ago","modified":"Updated 4 anos ago"},"absolute_dates":{"created":"Posted on 30 de Novembro, 2021","modified":"Updated on 30 de Novembro, 2021"},"absolute_dates_time":{"created":"Posted on 30 de Novembro, 2021 14:45","modified":"Updated on 30 de Novembro, 2021 14:48"},"featured_img_caption":"","series_order":"","_links":{"self":[{"href":"https:\/\/maismagazine.pt\/index.php\/wp-json\/wp\/v2\/posts\/1911","targetHints":{"allow":["GET"]}}],"collection":[{"href":"https:\/\/maismagazine.pt\/index.php\/wp-json\/wp\/v2\/posts"}],"about":[{"href":"https:\/\/maismagazine.pt\/index.php\/wp-json\/wp\/v2\/types\/post"}],"author":[{"embeddable":true,"href":"https:\/\/maismagazine.pt\/index.php\/wp-json\/wp\/v2\/users\/7"}],"replies":[{"embeddable":true,"href":"https:\/\/maismagazine.pt\/index.php\/wp-json\/wp\/v2\/comments?post=1911"}],"version-history":[{"count":4,"href":"https:\/\/maismagazine.pt\/index.php\/wp-json\/wp\/v2\/posts\/1911\/revisions"}],"predecessor-version":[{"id":1922,"href":"https:\/\/maismagazine.pt\/index.php\/wp-json\/wp\/v2\/posts\/1911\/revisions\/1922"}],"wp:featuredmedia":[{"embeddable":true,"href":"https:\/\/maismagazine.pt\/index.php\/wp-json\/wp\/v2\/media\/1912"}],"wp:attachment":[{"href":"https:\/\/maismagazine.pt\/index.php\/wp-json\/wp\/v2\/media?parent=1911"}],"wp:term":[{"taxonomy":"category","embeddable":true,"href":"https:\/\/maismagazine.pt\/index.php\/wp-json\/wp\/v2\/categories?post=1911"},{"taxonomy":"post_tag","embeddable":true,"href":"https:\/\/maismagazine.pt\/index.php\/wp-json\/wp\/v2\/tags?post=1911"}],"curies":[{"name":"wp","href":"https:\/\/api.w.org\/{rel}","templated":true}]}}