{"id":1758,"date":"2021-11-27T08:12:00","date_gmt":"2021-11-27T08:12:00","guid":{"rendered":"https:\/\/maismagazine.pt\/?p=1758"},"modified":"2021-11-24T17:09:44","modified_gmt":"2021-11-24T17:09:44","slug":"ultraprecisao-o-parceiro-ideal-para-a-sua-empresa","status":"publish","type":"post","link":"https:\/\/maismagazine.pt\/index.php\/2021\/11\/27\/ultraprecisao-o-parceiro-ideal-para-a-sua-empresa\/","title":{"rendered":"Ultraprecis\u00e3o, o parceiro ideal para a sua empresa"},"content":{"rendered":"\n<p><strong>Com 21 anos de experi\u00eancia, a Ultraprecis\u00e3o \u00e9 uma empresa especializada na importa\u00e7\u00e3o e comercializa\u00e7\u00e3o de equipamentos de inspe\u00e7\u00e3o, medi\u00e7\u00e3o e ensaio. Em entrevista \u00e0 Mais Magazine, \u00c2ngelo Canelas reconhece que o segredo por detr\u00e1s do crescimento e desenvolvimento da empresa que lidera passa pela proximidade ao cliente e pelo acompanhamento p\u00f3s-venda.<\/strong><\/p>\n\n\n\n<p><\/p>\n\n\n\n<p>Situada em Aveiro, a Ultraprecis\u00e3o nasceu da necessidade do seu fundador, o Engenheiro Ant\u00f3nio Canelas, desenvolver uma empresa que n\u00e3o s\u00f3 calibrasse equipamentos, como tamb\u00e9m os vendesse. Na altura a liderar um laborat\u00f3rio de calibra\u00e7\u00e3o era v\u00e1rias vezes questionado o porqu\u00ea de n\u00e3o vender os equipamentos que calibrava. A qualidade do trabalho desenvolvido foi ditando o crescimento da empresa, que foi evoluindo e alargando o leque de servi\u00e7os de forma a atingir o seu principal objetivo: apresentar solu\u00e7\u00f5es capazes de satisfazer as necessidades dos seus clientes. A trabalhar em \u00e1reas t\u00e3o diversificadas como a ind\u00fastria autom\u00f3vel, aeron\u00e1utica, ourivesaria, ind\u00fastria eletr\u00f3nica e semicondutores, reciclagem, metal\u00fargica e metalomec\u00e2nica, galvaniza\u00e7\u00e3o e anodiza\u00e7\u00e3o, a Ultraprecis\u00e3o centra-se nos problemas do seu cliente, quer seja na venda de equipamentos, quer nos servi\u00e7os prestados de repara\u00e7\u00e3o, manuten\u00e7\u00e3o e calibra\u00e7\u00e3o.<\/p>\n\n\n\n<div class=\"wp-block-image is-style-default\"><figure class=\"aligncenter size-large is-resized\"><img loading=\"lazy\" decoding=\"async\" src=\"https:\/\/maismagazine.pt\/wp-content\/uploads\/2021\/11\/RS2094_20160926_Fischer_0881-1024x768.jpg\" alt=\"\" class=\"wp-image-1760\" width=\"716\" height=\"537\" srcset=\"https:\/\/maismagazine.pt\/wp-content\/uploads\/2021\/11\/RS2094_20160926_Fischer_0881-1024x768.jpg 1024w, https:\/\/maismagazine.pt\/wp-content\/uploads\/2021\/11\/RS2094_20160926_Fischer_0881-300x225.jpg 300w, https:\/\/maismagazine.pt\/wp-content\/uploads\/2021\/11\/RS2094_20160926_Fischer_0881-768x576.jpg 768w, https:\/\/maismagazine.pt\/wp-content\/uploads\/2021\/11\/RS2094_20160926_Fischer_0881-1536x1152.jpg 1536w, https:\/\/maismagazine.pt\/wp-content\/uploads\/2021\/11\/RS2094_20160926_Fischer_0881.jpg 1600w\" sizes=\"auto, (max-width: 716px) 100vw, 716px\" \/><\/figure><\/div>\n\n\n\n<p>Presentemente, a Ultraprecis\u00e3o est\u00e1, cada vez mais, vocacionada para a ind\u00fastria da pintura e revestimentos met\u00e1licos, apostando em produtos para o controlo e ensaio de gama profissional e de elevada precis\u00e3o. A medi\u00e7\u00e3o de espessuras de revestimentos e de microdurezas de revestimentos, s\u00e3o alguns dos servi\u00e7os que a empresa disponibiliza, a que se juntam ainda a oferta de equipamentos para ensaios de ades\u00e3o ou impacto. Juntamente com a venda dos equipamentos, a Ultraprecis\u00e3o disp\u00f5e ainda de um laborat\u00f3rio, capaz de fornecer o servi\u00e7o de medi\u00e7\u00e3o de espessuras de revestimentos e a criar padr\u00f5es de trabalho, uma aposta que surgiu em resposta \u201c\u00e0s exig\u00eancias e necessidades dos clientes\u201d.<\/p>\n\n\n\n<p><\/p>\n\n\n\n<p><strong>As melhores marcas como aliado<\/strong><\/p>\n\n\n\n<p><\/p>\n\n\n\n<p>A qualidade \u00e9 um dos valores fundamentais da Ultraprecis\u00e3o, que aposta no desenvolvimento de produtos e servi\u00e7os com elevados padr\u00f5es de qualidade, capazes de satisfazer as necessidades dos seus clientes. Focada em atingir o seu compromisso, a Ultraprecis\u00e3o aposta numa sele\u00e7\u00e3o de fornecedores e marcas capazes de satisfazer as necessidades de alargamento da gama de produtos e, simultaneamente, as exig\u00eancias do mercado.\u00a0Na verdade, a empresa foi evoluindo at\u00e9 chegar \u00e0 gama de produtos da Helmut Fischer, sendo hoje o representante exclusivo desta marca, em Portugal. Juntam-se ao leque de fornecedores a Belec GmbH (Espectrometria de Emiss\u00e3o \u00d3tica), a TQC B.V. (equipamentos para testes em pintura, revestimentos e superf\u00edcies), a Kern &amp; Sohn (balan\u00e7as e medi\u00e7\u00e3o), a Hildebrande (durezas em pl\u00e1stico e borrachas), a 3NH (medi\u00e7\u00e3o da cor), entre outros, que permitem \u00e0 Ultraprecis\u00e3o ter sempre as melhores solu\u00e7\u00f5es para os seus clientes. \u201cNa Ultraprecis\u00e3o acreditamos que para fazer a diferen\u00e7a no nosso setor \u00e9 fundamental apostar em marcas de qualidade. N\u00e3o queremos abranger, nem representar todas as marcas. Preferimos trabalhar com aquelas que apostam nos mesmo princ\u00edpios que a Ultraprecis\u00e3o: qualidade de produto e um servi\u00e7o t\u00e9cnico r\u00e1pido e local\u201d, esclarece \u00c2ngelo Canelas.<\/p>\n\n\n\n<div class=\"wp-block-image is-style-default\"><figure class=\"aligncenter size-large\"><img loading=\"lazy\" decoding=\"async\" width=\"1024\" height=\"768\" src=\"https:\/\/maismagazine.pt\/wp-content\/uploads\/2021\/11\/w-1024x768.jpg\" alt=\"\" class=\"wp-image-1761\" srcset=\"https:\/\/maismagazine.pt\/wp-content\/uploads\/2021\/11\/w-1024x768.jpg 1024w, https:\/\/maismagazine.pt\/wp-content\/uploads\/2021\/11\/w-300x225.jpg 300w, https:\/\/maismagazine.pt\/wp-content\/uploads\/2021\/11\/w-768x576.jpg 768w, https:\/\/maismagazine.pt\/wp-content\/uploads\/2021\/11\/w-1536x1152.jpg 1536w, https:\/\/maismagazine.pt\/wp-content\/uploads\/2021\/11\/w.jpg 1600w\" sizes=\"auto, (max-width: 1024px) 100vw, 1024px\" \/><\/figure><\/div>\n\n\n\n<p><strong>Servi\u00e7o inovador \u00e9 um dos diferenciais<\/strong><\/p>\n\n\n\n<p><\/p>\n\n\n\n<p>Atualmente, a Ultraprecis\u00e3o \u00e9 o representante exclusivo da marca Helmut Fischer GmbH em Portugal. Atenta \u00e0s exig\u00eancias e necessidades do mercado, a Ultraprecis\u00e3o rapidamente percebeu que era imprescind\u00edvel para os seus clientes ter um servi\u00e7o completo de calibra\u00e7\u00e3o e manuten\u00e7\u00e3o dos equipamentos desta marca, introduzindo ambas opera\u00e7\u00f5es no seu leque de servi\u00e7os. \u201cDesde muito cedo a filosofia da Ultraprecis\u00e3o foi ter uma presen\u00e7a forte n\u00e3o s\u00f3 na venda, mas tamb\u00e9m no servi\u00e7o p\u00f3s-venda\u201d. Para isso, a empresa conta, localmente, com todo o suporte t\u00e9cnico necess\u00e1rio aos seus clientes, que vai desde a manuten\u00e7\u00e3o preventiva \u00e0 corretiva, ou ainda \u00e0s calibra\u00e7\u00f5es de f\u00e1brica. \u201cAs calibra\u00e7\u00f5es s\u00e3o feitas de acordo com os nossos procedimentos internos e de acordo com as instru\u00e7\u00f5es do fabricante. Todos os padr\u00f5es utilizados s\u00e3o produzidos e calibrados pela Helmut Fischer GmbH, cujo laborat\u00f3rio \u00e9 acreditado pela norma NP EN ISO 17025. Ap\u00f3s cada calibra\u00e7\u00e3o \u00e9 emitido o respetivo relat\u00f3rio de calibra\u00e7\u00e3o onde constam os valores medidos e declara\u00e7\u00e3o da incerteza. Por outro lado, a manuten\u00e7\u00e3o dos equipamentos \u00e9 um servi\u00e7o que existe para prevenir a ocorr\u00eancia de eventuais problemas e assim proporcionar melhor e maior tempo de vida aos equipamentos. Este servi\u00e7o \u00e9 efetuado de acordo com o respetivo manual do equipamento e de acordo com as normas da Fischer. Ambas opera\u00e7\u00f5es s\u00e3o efetuadas por um t\u00e9cnico devidamente qualificado e treinado pela Helmut Fischer\u201d, esclarece \u00c2ngelo Canelas acerca do servi\u00e7o inovador.<\/p>\n\n\n\n<p><\/p>\n\n\n\n<p><strong>Novidades em destaque<\/strong><\/p>\n\n\n\n<p><\/p>\n\n\n\n<p>Como j\u00e1 vem sendo habitual, a Ultraprecis\u00e3o marcar\u00e1 presen\u00e7a em mais uma edi\u00e7\u00e3o da EMAF \u2013 Feira Internacional de M\u00e1quinas, Equipamentos e Servi\u00e7os para a Ind\u00fastria. No stand da empresa estar\u00e3o em destaque, uma vez mais, os produtos da Helmut Fischer GmbH. A Ultraprecis\u00e3o dar\u00e1 a conhecer, entre outros, os equipamentos de Fluoresc\u00eancia de Raio-X para a medi\u00e7\u00e3o de revestimentos, toda a gama de equipamentos port\u00e1teis e ainda a gama de medi\u00e7\u00e3o de nano-durezas. Para al\u00e9m disso, a empresa aveirense ter\u00e1 tamb\u00e9m presentes equipamentos para ensaios na pintura da marca TQC Sheen e ainda a marca 3NH para a medi\u00e7\u00e3o de cor e brilho.<strong><\/strong><\/p>\n","protected":false},"excerpt":{"rendered":"<p>Ultraprecis\u00e3o<\/p>\n","protected":false},"author":7,"featured_media":1759,"comment_status":"open","ping_status":"open","sticky":false,"template":"","format":"standard","meta":{"advgb_blocks_editor_width":"","advgb_blocks_columns_visual_guide":"","_monsterinsights_skip_tracking":false,"_monsterinsights_sitenote_active":false,"_monsterinsights_sitenote_note":"","_monsterinsights_sitenote_category":0,"footnotes":""},"categories":[154,6,161,79],"tags":[196,195,193,172,171,194,192],"class_list":["post-1758","post","type-post","status-publish","format-standard","has-post-thumbnail","hentry","category-emaf","category-empreendedorismo","category-mundo-empresarial","category-tecnologia-e-inovacao","tag-aveiro","tag-ensaio","tag-inspecao","tag-magazine","tag-mais","tag-medicao","tag-ultraprecisao"],"yoast_head":"<!-- This site is optimized with the Yoast SEO plugin v24.4 - https:\/\/yoast.com\/wordpress\/plugins\/seo\/ -->\n<title>Ultraprecis\u00e3o, o parceiro ideal para a sua empresa - Mais Magazine<\/title>\n<meta name=\"description\" content=\"Com 21 anos de experi\u00eancia, a Ultraprecis\u00e3o \u00e9 uma empresa especializada na importa\u00e7\u00e3o e comercializa\u00e7\u00e3o de equipamentos de inspe\u00e7\u00e3o, medi\u00e7\u00e3o e ensaio. Em entrevista \u00e0 Mais Magazine, \u00c2ngelo Canelas reconhece que o segredo por detr\u00e1s do crescimento e desenvolvimento da empresa que lidera passa pela proximidade ao cliente e pelo acompanhamento p\u00f3s-venda.\" \/>\n<meta name=\"robots\" content=\"index, follow, max-snippet:-1, max-image-preview:large, max-video-preview:-1\" \/>\n<link rel=\"canonical\" href=\"https:\/\/maismagazine.pt\/index.php\/2021\/11\/27\/ultraprecisao-o-parceiro-ideal-para-a-sua-empresa\/\" \/>\n<meta property=\"og:locale\" content=\"pt_PT\" \/>\n<meta property=\"og:type\" content=\"article\" \/>\n<meta property=\"og:title\" content=\"Ultraprecis\u00e3o, o parceiro ideal para a sua empresa - Mais Magazine\" \/>\n<meta property=\"og:description\" content=\"Com 21 anos de experi\u00eancia, a Ultraprecis\u00e3o \u00e9 uma empresa especializada na importa\u00e7\u00e3o e comercializa\u00e7\u00e3o de equipamentos de inspe\u00e7\u00e3o, medi\u00e7\u00e3o e ensaio. Em entrevista \u00e0 Mais Magazine, \u00c2ngelo Canelas reconhece que o segredo por detr\u00e1s do crescimento e desenvolvimento da empresa que lidera passa pela proximidade ao cliente e pelo acompanhamento p\u00f3s-venda.\" \/>\n<meta property=\"og:url\" content=\"https:\/\/maismagazine.pt\/index.php\/2021\/11\/27\/ultraprecisao-o-parceiro-ideal-para-a-sua-empresa\/\" \/>\n<meta property=\"og:site_name\" content=\"Mais Magazine\" \/>\n<meta property=\"article:published_time\" content=\"2021-11-27T08:12:00+00:00\" \/>\n<meta property=\"og:image\" content=\"https:\/\/maismagazine.pt\/wp-content\/uploads\/2021\/11\/RS2155_20170504_Fischer_England_0139.jpg\" \/>\n\t<meta property=\"og:image:width\" content=\"1600\" \/>\n\t<meta property=\"og:image:height\" content=\"1200\" \/>\n\t<meta property=\"og:image:type\" content=\"image\/jpeg\" \/>\n<meta name=\"author\" content=\"Jo\u00e3o Malainho\" \/>\n<meta name=\"twitter:card\" content=\"summary_large_image\" \/>\n<meta name=\"twitter:label1\" content=\"Escrito por\" \/>\n\t<meta name=\"twitter:data1\" content=\"\" \/>\n\t<meta name=\"twitter:label2\" content=\"Tempo estimado de leitura\" \/>\n\t<meta name=\"twitter:data2\" content=\"5 minutos\" \/>\n<script type=\"application\/ld+json\" class=\"yoast-schema-graph\">{\"@context\":\"https:\/\/schema.org\",\"@graph\":[{\"@type\":\"Article\",\"@id\":\"https:\/\/maismagazine.pt\/index.php\/2021\/11\/27\/ultraprecisao-o-parceiro-ideal-para-a-sua-empresa\/#article\",\"isPartOf\":{\"@id\":\"https:\/\/maismagazine.pt\/index.php\/2021\/11\/27\/ultraprecisao-o-parceiro-ideal-para-a-sua-empresa\/\"},\"author\":{\"name\":\"Jo\u00e3o Malainho\",\"@id\":\"https:\/\/maismagazine.pt\/#\/schema\/person\/999bd426f894ff56d397ec12ebd21ebb\"},\"headline\":\"Ultraprecis\u00e3o, o parceiro ideal para a sua empresa\",\"datePublished\":\"2021-11-27T08:12:00+00:00\",\"mainEntityOfPage\":{\"@id\":\"https:\/\/maismagazine.pt\/index.php\/2021\/11\/27\/ultraprecisao-o-parceiro-ideal-para-a-sua-empresa\/\"},\"wordCount\":955,\"commentCount\":0,\"publisher\":{\"@id\":\"https:\/\/maismagazine.pt\/#organization\"},\"image\":{\"@id\":\"https:\/\/maismagazine.pt\/index.php\/2021\/11\/27\/ultraprecisao-o-parceiro-ideal-para-a-sua-empresa\/#primaryimage\"},\"thumbnailUrl\":\"https:\/\/maismagazine.pt\/wp-content\/uploads\/2021\/11\/RS2155_20170504_Fischer_England_0139.jpg\",\"keywords\":[\"aveiro\",\"ensaio\",\"inspe\u00e7\u00e3o\",\"magazine\",\"mais\",\"medi\u00e7\u00e3o\",\"Ultraprecis\u00e3o\"],\"articleSection\":[\"EMAF\",\"Empreendedorismo\",\"Mundo Empresarial\",\"Tecnologia e Inova\u00e7\u00e3o\"],\"inLanguage\":\"pt-PT\",\"potentialAction\":[{\"@type\":\"CommentAction\",\"name\":\"Comment\",\"target\":[\"https:\/\/maismagazine.pt\/index.php\/2021\/11\/27\/ultraprecisao-o-parceiro-ideal-para-a-sua-empresa\/#respond\"]}]},{\"@type\":\"WebPage\",\"@id\":\"https:\/\/maismagazine.pt\/index.php\/2021\/11\/27\/ultraprecisao-o-parceiro-ideal-para-a-sua-empresa\/\",\"url\":\"https:\/\/maismagazine.pt\/index.php\/2021\/11\/27\/ultraprecisao-o-parceiro-ideal-para-a-sua-empresa\/\",\"name\":\"Ultraprecis\u00e3o, o parceiro ideal para a sua empresa - Mais Magazine\",\"isPartOf\":{\"@id\":\"https:\/\/maismagazine.pt\/#website\"},\"primaryImageOfPage\":{\"@id\":\"https:\/\/maismagazine.pt\/index.php\/2021\/11\/27\/ultraprecisao-o-parceiro-ideal-para-a-sua-empresa\/#primaryimage\"},\"image\":{\"@id\":\"https:\/\/maismagazine.pt\/index.php\/2021\/11\/27\/ultraprecisao-o-parceiro-ideal-para-a-sua-empresa\/#primaryimage\"},\"thumbnailUrl\":\"https:\/\/maismagazine.pt\/wp-content\/uploads\/2021\/11\/RS2155_20170504_Fischer_England_0139.jpg\",\"datePublished\":\"2021-11-27T08:12:00+00:00\",\"description\":\"Com 21 anos de experi\u00eancia, a Ultraprecis\u00e3o \u00e9 uma empresa especializada na importa\u00e7\u00e3o e comercializa\u00e7\u00e3o de equipamentos de inspe\u00e7\u00e3o, medi\u00e7\u00e3o e ensaio. Em entrevista \u00e0 Mais Magazine, \u00c2ngelo Canelas reconhece que o segredo por detr\u00e1s do crescimento e desenvolvimento da empresa que lidera passa pela proximidade ao cliente e pelo acompanhamento p\u00f3s-venda.\",\"breadcrumb\":{\"@id\":\"https:\/\/maismagazine.pt\/index.php\/2021\/11\/27\/ultraprecisao-o-parceiro-ideal-para-a-sua-empresa\/#breadcrumb\"},\"inLanguage\":\"pt-PT\",\"potentialAction\":[{\"@type\":\"ReadAction\",\"target\":[\"https:\/\/maismagazine.pt\/index.php\/2021\/11\/27\/ultraprecisao-o-parceiro-ideal-para-a-sua-empresa\/\"]}]},{\"@type\":\"ImageObject\",\"inLanguage\":\"pt-PT\",\"@id\":\"https:\/\/maismagazine.pt\/index.php\/2021\/11\/27\/ultraprecisao-o-parceiro-ideal-para-a-sua-empresa\/#primaryimage\",\"url\":\"https:\/\/maismagazine.pt\/wp-content\/uploads\/2021\/11\/RS2155_20170504_Fischer_England_0139.jpg\",\"contentUrl\":\"https:\/\/maismagazine.pt\/wp-content\/uploads\/2021\/11\/RS2155_20170504_Fischer_England_0139.jpg\",\"width\":1600,\"height\":1200},{\"@type\":\"BreadcrumbList\",\"@id\":\"https:\/\/maismagazine.pt\/index.php\/2021\/11\/27\/ultraprecisao-o-parceiro-ideal-para-a-sua-empresa\/#breadcrumb\",\"itemListElement\":[{\"@type\":\"ListItem\",\"position\":1,\"name\":\"Home\",\"item\":\"https:\/\/maismagazine.pt\/\"},{\"@type\":\"ListItem\",\"position\":2,\"name\":\"Ultraprecis\u00e3o, o parceiro ideal para a sua empresa\"}]},{\"@type\":\"WebSite\",\"@id\":\"https:\/\/maismagazine.pt\/#website\",\"url\":\"https:\/\/maismagazine.pt\/\",\"name\":\"Mais Magazine\",\"description\":\"\",\"publisher\":{\"@id\":\"https:\/\/maismagazine.pt\/#organization\"},\"potentialAction\":[{\"@type\":\"SearchAction\",\"target\":{\"@type\":\"EntryPoint\",\"urlTemplate\":\"https:\/\/maismagazine.pt\/?s={search_term_string}\"},\"query-input\":{\"@type\":\"PropertyValueSpecification\",\"valueRequired\":true,\"valueName\":\"search_term_string\"}}],\"inLanguage\":\"pt-PT\"},{\"@type\":\"Organization\",\"@id\":\"https:\/\/maismagazine.pt\/#organization\",\"name\":\"Mais Magazine\",\"url\":\"https:\/\/maismagazine.pt\/\",\"logo\":{\"@type\":\"ImageObject\",\"inLanguage\":\"pt-PT\",\"@id\":\"https:\/\/maismagazine.pt\/#\/schema\/logo\/image\/\",\"url\":\"https:\/\/maismagazine.pt\/wp-content\/uploads\/2020\/04\/cropped-cropped-mais-magazine-site-logo-2.png\",\"contentUrl\":\"https:\/\/maismagazine.pt\/wp-content\/uploads\/2020\/04\/cropped-cropped-mais-magazine-site-logo-2.png\",\"width\":581,\"height\":90,\"caption\":\"Mais Magazine\"},\"image\":{\"@id\":\"https:\/\/maismagazine.pt\/#\/schema\/logo\/image\/\"}},{\"@type\":\"Person\",\"@id\":\"https:\/\/maismagazine.pt\/#\/schema\/person\/999bd426f894ff56d397ec12ebd21ebb\",\"name\":\"Jo\u00e3o Malainho\",\"image\":{\"@type\":\"ImageObject\",\"inLanguage\":\"pt-PT\",\"@id\":\"https:\/\/maismagazine.pt\/#\/schema\/person\/image\/\",\"url\":\"https:\/\/secure.gravatar.com\/avatar\/ff03c2f38edf60b2a827aa4f74878491?s=96&d=mm&r=g\",\"contentUrl\":\"https:\/\/secure.gravatar.com\/avatar\/ff03c2f38edf60b2a827aa4f74878491?s=96&d=mm&r=g\",\"caption\":\"Jo\u00e3o Malainho\"},\"url\":\"https:\/\/maismagazine.pt\/index.php\/author\/maismagazine\/\"}]}<\/script>\n<!-- \/ Yoast SEO plugin. -->","yoast_head_json":{"title":"Ultraprecis\u00e3o, o parceiro ideal para a sua empresa - Mais Magazine","description":"Com 21 anos de experi\u00eancia, a Ultraprecis\u00e3o \u00e9 uma empresa especializada na importa\u00e7\u00e3o e comercializa\u00e7\u00e3o de equipamentos de inspe\u00e7\u00e3o, medi\u00e7\u00e3o e ensaio. Em entrevista \u00e0 Mais Magazine, \u00c2ngelo Canelas reconhece que o segredo por detr\u00e1s do crescimento e desenvolvimento da empresa que lidera passa pela proximidade ao cliente e pelo acompanhamento p\u00f3s-venda.","robots":{"index":"index","follow":"follow","max-snippet":"max-snippet:-1","max-image-preview":"max-image-preview:large","max-video-preview":"max-video-preview:-1"},"canonical":"https:\/\/maismagazine.pt\/index.php\/2021\/11\/27\/ultraprecisao-o-parceiro-ideal-para-a-sua-empresa\/","og_locale":"pt_PT","og_type":"article","og_title":"Ultraprecis\u00e3o, o parceiro ideal para a sua empresa - Mais Magazine","og_description":"Com 21 anos de experi\u00eancia, a Ultraprecis\u00e3o \u00e9 uma empresa especializada na importa\u00e7\u00e3o e comercializa\u00e7\u00e3o de equipamentos de inspe\u00e7\u00e3o, medi\u00e7\u00e3o e ensaio. Em entrevista \u00e0 Mais Magazine, \u00c2ngelo Canelas reconhece que o segredo por detr\u00e1s do crescimento e desenvolvimento da empresa que lidera passa pela proximidade ao cliente e pelo acompanhamento p\u00f3s-venda.","og_url":"https:\/\/maismagazine.pt\/index.php\/2021\/11\/27\/ultraprecisao-o-parceiro-ideal-para-a-sua-empresa\/","og_site_name":"Mais Magazine","article_published_time":"2021-11-27T08:12:00+00:00","og_image":[{"width":1600,"height":1200,"url":"https:\/\/maismagazine.pt\/wp-content\/uploads\/2021\/11\/RS2155_20170504_Fischer_England_0139.jpg","type":"image\/jpeg"}],"author":"Jo\u00e3o Malainho","twitter_card":"summary_large_image","twitter_misc":{"Escrito por":false,"Tempo estimado de leitura":"5 minutos"},"schema":{"@context":"https:\/\/schema.org","@graph":[{"@type":"Article","@id":"https:\/\/maismagazine.pt\/index.php\/2021\/11\/27\/ultraprecisao-o-parceiro-ideal-para-a-sua-empresa\/#article","isPartOf":{"@id":"https:\/\/maismagazine.pt\/index.php\/2021\/11\/27\/ultraprecisao-o-parceiro-ideal-para-a-sua-empresa\/"},"author":{"name":"Jo\u00e3o Malainho","@id":"https:\/\/maismagazine.pt\/#\/schema\/person\/999bd426f894ff56d397ec12ebd21ebb"},"headline":"Ultraprecis\u00e3o, o parceiro ideal para a sua empresa","datePublished":"2021-11-27T08:12:00+00:00","mainEntityOfPage":{"@id":"https:\/\/maismagazine.pt\/index.php\/2021\/11\/27\/ultraprecisao-o-parceiro-ideal-para-a-sua-empresa\/"},"wordCount":955,"commentCount":0,"publisher":{"@id":"https:\/\/maismagazine.pt\/#organization"},"image":{"@id":"https:\/\/maismagazine.pt\/index.php\/2021\/11\/27\/ultraprecisao-o-parceiro-ideal-para-a-sua-empresa\/#primaryimage"},"thumbnailUrl":"https:\/\/maismagazine.pt\/wp-content\/uploads\/2021\/11\/RS2155_20170504_Fischer_England_0139.jpg","keywords":["aveiro","ensaio","inspe\u00e7\u00e3o","magazine","mais","medi\u00e7\u00e3o","Ultraprecis\u00e3o"],"articleSection":["EMAF","Empreendedorismo","Mundo Empresarial","Tecnologia e Inova\u00e7\u00e3o"],"inLanguage":"pt-PT","potentialAction":[{"@type":"CommentAction","name":"Comment","target":["https:\/\/maismagazine.pt\/index.php\/2021\/11\/27\/ultraprecisao-o-parceiro-ideal-para-a-sua-empresa\/#respond"]}]},{"@type":"WebPage","@id":"https:\/\/maismagazine.pt\/index.php\/2021\/11\/27\/ultraprecisao-o-parceiro-ideal-para-a-sua-empresa\/","url":"https:\/\/maismagazine.pt\/index.php\/2021\/11\/27\/ultraprecisao-o-parceiro-ideal-para-a-sua-empresa\/","name":"Ultraprecis\u00e3o, o parceiro ideal para a sua empresa - Mais Magazine","isPartOf":{"@id":"https:\/\/maismagazine.pt\/#website"},"primaryImageOfPage":{"@id":"https:\/\/maismagazine.pt\/index.php\/2021\/11\/27\/ultraprecisao-o-parceiro-ideal-para-a-sua-empresa\/#primaryimage"},"image":{"@id":"https:\/\/maismagazine.pt\/index.php\/2021\/11\/27\/ultraprecisao-o-parceiro-ideal-para-a-sua-empresa\/#primaryimage"},"thumbnailUrl":"https:\/\/maismagazine.pt\/wp-content\/uploads\/2021\/11\/RS2155_20170504_Fischer_England_0139.jpg","datePublished":"2021-11-27T08:12:00+00:00","description":"Com 21 anos de experi\u00eancia, a Ultraprecis\u00e3o \u00e9 uma empresa especializada na importa\u00e7\u00e3o e comercializa\u00e7\u00e3o de equipamentos de inspe\u00e7\u00e3o, medi\u00e7\u00e3o e ensaio. Em entrevista \u00e0 Mais Magazine, \u00c2ngelo Canelas reconhece que o segredo por detr\u00e1s do crescimento e desenvolvimento da empresa que lidera passa pela proximidade ao cliente e pelo acompanhamento p\u00f3s-venda.","breadcrumb":{"@id":"https:\/\/maismagazine.pt\/index.php\/2021\/11\/27\/ultraprecisao-o-parceiro-ideal-para-a-sua-empresa\/#breadcrumb"},"inLanguage":"pt-PT","potentialAction":[{"@type":"ReadAction","target":["https:\/\/maismagazine.pt\/index.php\/2021\/11\/27\/ultraprecisao-o-parceiro-ideal-para-a-sua-empresa\/"]}]},{"@type":"ImageObject","inLanguage":"pt-PT","@id":"https:\/\/maismagazine.pt\/index.php\/2021\/11\/27\/ultraprecisao-o-parceiro-ideal-para-a-sua-empresa\/#primaryimage","url":"https:\/\/maismagazine.pt\/wp-content\/uploads\/2021\/11\/RS2155_20170504_Fischer_England_0139.jpg","contentUrl":"https:\/\/maismagazine.pt\/wp-content\/uploads\/2021\/11\/RS2155_20170504_Fischer_England_0139.jpg","width":1600,"height":1200},{"@type":"BreadcrumbList","@id":"https:\/\/maismagazine.pt\/index.php\/2021\/11\/27\/ultraprecisao-o-parceiro-ideal-para-a-sua-empresa\/#breadcrumb","itemListElement":[{"@type":"ListItem","position":1,"name":"Home","item":"https:\/\/maismagazine.pt\/"},{"@type":"ListItem","position":2,"name":"Ultraprecis\u00e3o, o parceiro ideal para a sua empresa"}]},{"@type":"WebSite","@id":"https:\/\/maismagazine.pt\/#website","url":"https:\/\/maismagazine.pt\/","name":"Mais Magazine","description":"","publisher":{"@id":"https:\/\/maismagazine.pt\/#organization"},"potentialAction":[{"@type":"SearchAction","target":{"@type":"EntryPoint","urlTemplate":"https:\/\/maismagazine.pt\/?s={search_term_string}"},"query-input":{"@type":"PropertyValueSpecification","valueRequired":true,"valueName":"search_term_string"}}],"inLanguage":"pt-PT"},{"@type":"Organization","@id":"https:\/\/maismagazine.pt\/#organization","name":"Mais Magazine","url":"https:\/\/maismagazine.pt\/","logo":{"@type":"ImageObject","inLanguage":"pt-PT","@id":"https:\/\/maismagazine.pt\/#\/schema\/logo\/image\/","url":"https:\/\/maismagazine.pt\/wp-content\/uploads\/2020\/04\/cropped-cropped-mais-magazine-site-logo-2.png","contentUrl":"https:\/\/maismagazine.pt\/wp-content\/uploads\/2020\/04\/cropped-cropped-mais-magazine-site-logo-2.png","width":581,"height":90,"caption":"Mais Magazine"},"image":{"@id":"https:\/\/maismagazine.pt\/#\/schema\/logo\/image\/"}},{"@type":"Person","@id":"https:\/\/maismagazine.pt\/#\/schema\/person\/999bd426f894ff56d397ec12ebd21ebb","name":"Jo\u00e3o Malainho","image":{"@type":"ImageObject","inLanguage":"pt-PT","@id":"https:\/\/maismagazine.pt\/#\/schema\/person\/image\/","url":"https:\/\/secure.gravatar.com\/avatar\/ff03c2f38edf60b2a827aa4f74878491?s=96&d=mm&r=g","contentUrl":"https:\/\/secure.gravatar.com\/avatar\/ff03c2f38edf60b2a827aa4f74878491?s=96&d=mm&r=g","caption":"Jo\u00e3o Malainho"},"url":"https:\/\/maismagazine.pt\/index.php\/author\/maismagazine\/"}]}},"author_meta":{"display_name":false,"author_link":"https:\/\/maismagazine.pt\/index.php\/author\/maismagazine\/"},"featured_img":"https:\/\/maismagazine.pt\/wp-content\/uploads\/2021\/11\/RS2155_20170504_Fischer_England_0139-300x225.jpg","coauthors":[],"tax_additional":{"categories":{"linked":["<a href=\"https:\/\/maismagazine.pt\/index.php\/category\/emaf\/\" class=\"advgb-post-tax-term\">EMAF<\/a>","<a href=\"https:\/\/maismagazine.pt\/index.php\/category\/empreendedorismo\/\" class=\"advgb-post-tax-term\">Empreendedorismo<\/a>","<a href=\"https:\/\/maismagazine.pt\/index.php\/category\/mundo-empresarial\/\" class=\"advgb-post-tax-term\">Mundo Empresarial<\/a>","<a href=\"https:\/\/maismagazine.pt\/index.php\/category\/empreendedorismo\/tecnologia-e-inovacao\/\" class=\"advgb-post-tax-term\">Tecnologia e Inova\u00e7\u00e3o<\/a>"],"unlinked":["<span class=\"advgb-post-tax-term\">EMAF<\/span>","<span class=\"advgb-post-tax-term\">Empreendedorismo<\/span>","<span class=\"advgb-post-tax-term\">Mundo Empresarial<\/span>","<span class=\"advgb-post-tax-term\">Tecnologia e Inova\u00e7\u00e3o<\/span>"]},"tags":{"linked":["<a href=\"https:\/\/maismagazine.pt\/index.php\/category\/empreendedorismo\/tecnologia-e-inovacao\/\" class=\"advgb-post-tax-term\">aveiro<\/a>","<a href=\"https:\/\/maismagazine.pt\/index.php\/category\/empreendedorismo\/tecnologia-e-inovacao\/\" class=\"advgb-post-tax-term\">ensaio<\/a>","<a href=\"https:\/\/maismagazine.pt\/index.php\/category\/empreendedorismo\/tecnologia-e-inovacao\/\" class=\"advgb-post-tax-term\">inspe\u00e7\u00e3o<\/a>","<a href=\"https:\/\/maismagazine.pt\/index.php\/category\/empreendedorismo\/tecnologia-e-inovacao\/\" class=\"advgb-post-tax-term\">magazine<\/a>","<a href=\"https:\/\/maismagazine.pt\/index.php\/category\/empreendedorismo\/tecnologia-e-inovacao\/\" class=\"advgb-post-tax-term\">mais<\/a>","<a href=\"https:\/\/maismagazine.pt\/index.php\/category\/empreendedorismo\/tecnologia-e-inovacao\/\" class=\"advgb-post-tax-term\">medi\u00e7\u00e3o<\/a>","<a href=\"https:\/\/maismagazine.pt\/index.php\/category\/empreendedorismo\/tecnologia-e-inovacao\/\" class=\"advgb-post-tax-term\">Ultraprecis\u00e3o<\/a>"],"unlinked":["<span class=\"advgb-post-tax-term\">aveiro<\/span>","<span class=\"advgb-post-tax-term\">ensaio<\/span>","<span class=\"advgb-post-tax-term\">inspe\u00e7\u00e3o<\/span>","<span class=\"advgb-post-tax-term\">magazine<\/span>","<span class=\"advgb-post-tax-term\">mais<\/span>","<span class=\"advgb-post-tax-term\">medi\u00e7\u00e3o<\/span>","<span class=\"advgb-post-tax-term\">Ultraprecis\u00e3o<\/span>"]}},"comment_count":"0","relative_dates":{"created":"Posted 4 anos ago","modified":"Updated 4 anos ago"},"absolute_dates":{"created":"Posted on 27 de Novembro, 2021","modified":"Updated on 24 de Novembro, 2021"},"absolute_dates_time":{"created":"Posted on 27 de Novembro, 2021 8:12","modified":"Updated on 24 de Novembro, 2021 17:09"},"featured_img_caption":"","series_order":"","_links":{"self":[{"href":"https:\/\/maismagazine.pt\/index.php\/wp-json\/wp\/v2\/posts\/1758","targetHints":{"allow":["GET"]}}],"collection":[{"href":"https:\/\/maismagazine.pt\/index.php\/wp-json\/wp\/v2\/posts"}],"about":[{"href":"https:\/\/maismagazine.pt\/index.php\/wp-json\/wp\/v2\/types\/post"}],"author":[{"embeddable":true,"href":"https:\/\/maismagazine.pt\/index.php\/wp-json\/wp\/v2\/users\/7"}],"replies":[{"embeddable":true,"href":"https:\/\/maismagazine.pt\/index.php\/wp-json\/wp\/v2\/comments?post=1758"}],"version-history":[{"count":1,"href":"https:\/\/maismagazine.pt\/index.php\/wp-json\/wp\/v2\/posts\/1758\/revisions"}],"predecessor-version":[{"id":1762,"href":"https:\/\/maismagazine.pt\/index.php\/wp-json\/wp\/v2\/posts\/1758\/revisions\/1762"}],"wp:featuredmedia":[{"embeddable":true,"href":"https:\/\/maismagazine.pt\/index.php\/wp-json\/wp\/v2\/media\/1759"}],"wp:attachment":[{"href":"https:\/\/maismagazine.pt\/index.php\/wp-json\/wp\/v2\/media?parent=1758"}],"wp:term":[{"taxonomy":"category","embeddable":true,"href":"https:\/\/maismagazine.pt\/index.php\/wp-json\/wp\/v2\/categories?post=1758"},{"taxonomy":"post_tag","embeddable":true,"href":"https:\/\/maismagazine.pt\/index.php\/wp-json\/wp\/v2\/tags?post=1758"}],"curies":[{"name":"wp","href":"https:\/\/api.w.org\/{rel}","templated":true}]}}