{"id":1721,"date":"2021-11-27T07:06:00","date_gmt":"2021-11-27T07:06:00","guid":{"rendered":"https:\/\/maismagazine.pt\/?p=1721"},"modified":"2021-12-15T16:22:14","modified_gmt":"2021-12-15T16:22:14","slug":"sew-eurodrive-ha-30-anos-a-marcar-a-diferenca-na-industria-em-portugal","status":"publish","type":"post","link":"https:\/\/maismagazine.pt\/index.php\/2021\/11\/27\/sew-eurodrive-ha-30-anos-a-marcar-a-diferenca-na-industria-em-portugal\/","title":{"rendered":"SEW-EURODRIVE: H\u00e1 30 anos a marcar a diferen\u00e7a na ind\u00fastria em Portugal"},"content":{"rendered":"\n<p><strong>Fundada na Alemanha em 1931, a SEW-EURODRIVE \u00e9 uma refer\u00eancia mundial l\u00edder na fabrica\u00e7\u00e3o de tecnologia de acionamentos. Nesta edi\u00e7\u00e3o da Mais Magazine damos-lhe a conhecer um pouco melhor o universo SEW-EURODRIVE, pela voz e testemunho de Nuno Saraiva, CEO da SEW-EURODRIVE Portugal.<\/strong><\/p>\n\n\n\n<p><\/p>\n\n\n\n<p>A SEW-EURODRIVE&nbsp;nasceu h\u00e1 mais de 85 anos, na Alemanha, e come\u00e7ou a sua internacionaliza\u00e7\u00e3o em 1960 no mercado franc\u00eas, seguindo-se depois outros pa\u00edses.&nbsp;Desde a sua g\u00e9nese, o Grupo SEW-EURODRIVE procura marcar presen\u00e7a onde se encontram os seus clientes, trabalhando com eles mediante os requisitos que evidenciam, uma tarefa que s\u00f3 \u00e9 poss\u00edvel com uma representa\u00e7\u00e3o direta em cada mercado. No seguimento desta filosofia, a SEW-EURODRIVE Portugal foi fundada em 1990, como consequ\u00eancia da aposta do Grupo no potencial de desenvolvimento da ind\u00fastria portuguesa. Ao longo dos \u00faltimos 30 anos a SEW-EURODRIVE Portugal consolidou-se em solo f\u00e9rtil e comprovou o sucesso da aposta do Grupo no mercado portugu\u00eas.&nbsp;<\/p>\n\n\n\n<p><\/p>\n\n\n\n<p><strong>Solu\u00e7\u00f5es concebidas \u00e0 medida do cliente<\/strong><\/p>\n\n\n\n<p><\/p>\n\n\n\n<p>Com mais de oito d\u00e9cadas de hist\u00f3ria a SEW-EURODRIVE foi acompanhando a natural evolu\u00e7\u00e3o do mercado, adaptando e alargando o seu espectro de servi\u00e7os \u00e0s necessidades de um mercado cada vez mais exigente. Inicialmente, associada aos redutores e motores el\u00e9tricos, hoje, a SEW-EURODRIVE comercializa todo o tipo de solu\u00e7\u00f5es para movimentar qualquer tipo de cargas de forma controlada. Presentemente, a oferta de solu\u00e7\u00f5es \u00e9 imensa e concebida \u00e0 medida do cliente desde a fase de projeto, sempre com a garantia de qualidade SEW-EURODRIVE. \u201cN\u00e3o h\u00e1 diferen\u00e7a entre as solu\u00e7\u00f5es disponibilizadas em Portugal e noutros mercados, pois a nossa equipa de engenharia e servi\u00e7os tem a mesma forma\u00e7\u00e3o que os restantes colaboradores do Grupo. Desta forma, conseguimos garantir a mesma qualidade e servi\u00e7o em todos os mercados em que a SEW-EURODRIVE atua\u201d, ressalva Nuno Saraiva.<\/p>\n\n\n\n<figure class=\"wp-block-gallery aligncenter columns-2 is-cropped wp-block-gallery-1\"><ul class=\"blocks-gallery-grid\"><li class=\"blocks-gallery-item\"><figure><img loading=\"lazy\" decoding=\"async\" width=\"1024\" height=\"514\" src=\"https:\/\/maismagazine.pt\/wp-content\/uploads\/2021\/11\/20210525-TUU-SEW-EURODRIVE-044_SEW_PT-1024x514.jpg\" alt=\"\" data-id=\"1732\" data-full-url=\"https:\/\/maismagazine.pt\/wp-content\/uploads\/2021\/11\/20210525-TUU-SEW-EURODRIVE-044_SEW_PT.jpg\" data-link=\"https:\/\/maismagazine.pt\/?attachment_id=1732\" class=\"wp-image-1732\" srcset=\"https:\/\/maismagazine.pt\/wp-content\/uploads\/2021\/11\/20210525-TUU-SEW-EURODRIVE-044_SEW_PT-1024x514.jpg 1024w, https:\/\/maismagazine.pt\/wp-content\/uploads\/2021\/11\/20210525-TUU-SEW-EURODRIVE-044_SEW_PT-300x151.jpg 300w, https:\/\/maismagazine.pt\/wp-content\/uploads\/2021\/11\/20210525-TUU-SEW-EURODRIVE-044_SEW_PT-768x385.jpg 768w, https:\/\/maismagazine.pt\/wp-content\/uploads\/2021\/11\/20210525-TUU-SEW-EURODRIVE-044_SEW_PT-1536x771.jpg 1536w, https:\/\/maismagazine.pt\/wp-content\/uploads\/2021\/11\/20210525-TUU-SEW-EURODRIVE-044_SEW_PT.jpg 1800w\" sizes=\"auto, (max-width: 1024px) 100vw, 1024px\" \/><\/figure><\/li><li class=\"blocks-gallery-item\"><figure><img loading=\"lazy\" decoding=\"async\" width=\"1024\" height=\"970\" src=\"https:\/\/maismagazine.pt\/wp-content\/uploads\/2021\/11\/20210525-TUU-SEW-EURODRIVE-117_Servicos-1024x970.jpg\" alt=\"\" data-id=\"1733\" data-full-url=\"https:\/\/maismagazine.pt\/wp-content\/uploads\/2021\/11\/20210525-TUU-SEW-EURODRIVE-117_Servicos.jpg\" data-link=\"https:\/\/maismagazine.pt\/?attachment_id=1733\" class=\"wp-image-1733 is-layout-flex wp-block-gallery-is-layout-flex\" srcset=\"https:\/\/maismagazine.pt\/wp-content\/uploads\/2021\/11\/20210525-TUU-SEW-EURODRIVE-117_Servicos-1024x970.jpg 1024w, https:\/\/maismagazine.pt\/wp-content\/uploads\/2021\/11\/20210525-TUU-SEW-EURODRIVE-117_Servicos-300x284.jpg 300w, https:\/\/maismagazine.pt\/wp-content\/uploads\/2021\/11\/20210525-TUU-SEW-EURODRIVE-117_Servicos-768x728.jpg 768w, https:\/\/maismagazine.pt\/wp-content\/uploads\/2021\/11\/20210525-TUU-SEW-EURODRIVE-117_Servicos-1536x1455.jpg 1536w, https:\/\/maismagazine.pt\/wp-content\/uploads\/2021\/11\/20210525-TUU-SEW-EURODRIVE-117_Servicos.jpg 1636w\" sizes=\"auto, (max-width: 1024px) 100vw, 1024px\" \/><\/figure><\/li><\/ul><\/figure>\n\n\n\n<p>Presente em todos os setores industriais, como os aeroportos, com a movimenta\u00e7\u00e3o das bagagens, a ind\u00fastria de alimenta\u00e7\u00e3o e bebidas, da corti\u00e7a e do cimento, na ind\u00fastria do papel, vidreira e mineira, na ind\u00fastria da madeira ou na log\u00edstica de portos, com a movimenta\u00e7\u00e3o de contentores. A SEW-EURODRIVE concebe solu\u00e7\u00f5es de acionamento que v\u00e3o desde o fabrico, at\u00e9 \u00e0 carga e descarga de contentores, passando por linhas completas de fabrico, equipamentos de fim de linha e armaz\u00e9ns autom\u00e1ticos.<\/p>\n\n\n\n<p><\/p>\n\n\n\n<p><strong>Conceito modular d\u00e1 vantagem competitiva \u00e0 empresa<\/strong><\/p>\n\n\n\n<p><\/p>\n\n\n\n<p>A SEW-EURODRIVE destaca-se pelo seu conceito modular, desenvolvido pela empresa h\u00e1 mais de 50 anos. Gra\u00e7as a este conceito de produ\u00e7\u00e3o centralizada e montagem descentralizada, a empresa alcan\u00e7a uma vantagem competitiva significativa, uma vez que possibilita prazos de entrega mais curtos e uma ampla capacidade de montagem local. \u201cO conceito modular funciona numa l\u00f3gica id\u00eantica \u00e0s pe\u00e7as de Lego, em que mediante a forma como combinamos estas pe\u00e7as obtemos um produto final diferente\u201d, esclarece Nuno Saraiva. Ao fabricar centralmente, o Grupo SEW-EURODRIVE garante que todas as pe\u00e7as recebidas pelos estabelecimentos de montagem descentralizados (de que a SEW-EURODRIVE Portugal \u00e9 exemplo) est\u00e3o de acordo com os padr\u00f5es de qualidade definidos como fundamentais para oferecer um equipamento de elevada qualidade aos seus clientes.<\/p>\n\n\n\n<p><\/p>\n\n\n\n<p><strong>Aposta em novas \u00e1reas de neg\u00f3cio<\/strong><\/p>\n\n\n\n<p><\/p>\n\n\n\n<p>Motivada pela exist\u00eancia de clientes que necessitavam de sistemas de acionamento tecnologicamente evolu\u00eddos, mas que n\u00e3o estavam dispostos a trocar toda a m\u00e1quina ou linha de produ\u00e7\u00e3o, a SEW-EURODRIVE lan\u00e7ou-se numa nova \u00e1rea de neg\u00f3cio: a moderniza\u00e7\u00e3o de m\u00e1quinas, ou \u201cretroffiting\u201d. Decorridos cerca de cinco anos desde esta aposta o balan\u00e7o n\u00e3o podia ser mais satisfat\u00f3rio. \u201cFoi uma aposta claramente vencedora, como mostra o crescente n\u00famero de casos de \u201cretrofitting\u201d que nos t\u00eam sido solicitados\u201d, assume. De facto esta \u00e9 uma solu\u00e7\u00e3o extremamente vantajosa para o utilizador final, uma vez que permite, com menor investimento, obter uma m\u00e1quina com solu\u00e7\u00f5es de automa\u00e7\u00e3o inovadoras e perfeitamente adaptada \u00e0s suas necessidades reais de produ\u00e7\u00e3o. Se por um lado a nova \u00e1rea de neg\u00f3cio d\u00e1 resposta a uma lacuna de mercado, por outro obriga a ter equipas multidisciplinares e altamente competentes na gest\u00e3o de projetos, na conce\u00e7\u00e3o do projeto el\u00e9trico e mec\u00e2nico e no desenvolvimento de software, exigindo \u00e0 empresa um permanente investimento na forma\u00e7\u00e3o dos seus colaboradores.<\/p>\n\n\n\n<p><\/p>\n\n\n\n<p><strong>SEW-EURODRIVE Portugal<\/strong><\/p>\n\n\n\n<p><\/p>\n\n\n\n<p>Os primeiros passos no estrangeiro foram dados em 1960, com a abertura de uma filial em Haguenau, na Als\u00e1cia, em Fran\u00e7a. Em Portugal, est\u00e1 presente h\u00e1 mais de 30 anos, produzindo e comercializando solu\u00e7\u00f5es de acionamento para todas as \u00e1reas de atividade industrial. Recentemente, em fevereiro deste ano, a empresa deu mais um importante passo em territ\u00f3rio nacional com a expans\u00e3o do seu edif\u00edcio sede, na Mealhada. A empresa, especializada no&nbsp;<strong>fabrico de&nbsp;acionamentos el\u00e9tricos<\/strong> passou assim a contar com novas instala\u00e7\u00f5es de 9.400 metros quadrados&nbsp;de \u00e1rea coberta, que pretende atrair para Portugal a produ\u00e7\u00e3o de equipamentos regularmente solicitados pelos clientes. \u201cO principal est\u00edmulo para este investimento prende-se com a nossa confian\u00e7a no desenvolvimento da ind\u00fastria nacional e no que antevemos como as novas tend\u00eancias de mercado. Cada vez mais os clientes esperam receber os mais diversos equipamentos em prazos cada vez mais curtos, o que s\u00f3 \u00e9 poss\u00edvel mediante processos de produ\u00e7\u00e3o e equipamentos altamente flex\u00edveis e eficientes\u201d, explica Nuno Saraiva. Com este investimento, a empresa espera aumentar a capacidade de repara\u00e7\u00e3o e manuten\u00e7\u00e3o de equipamentos e refor\u00e7ar a abordagem de mercado como fornecedor de sistemas e automa\u00e7\u00e3o. \u201cNo nosso caso concreto t\u00ednhamos ainda como objetivos adicionais melhorar a nossa produtividade na montagem de equipamentos em 40 por cento, objetivo que foi j\u00e1 ultrapassado, e oferecer uma gama de servi\u00e7os \u00fanica aos clientes, em Portugal\u201d. As novas instala\u00e7\u00f5es contam ainda com val\u00eancias especialmente dedicadas ao atendimento ao cliente, como um&nbsp;<em>showroom<\/em>&nbsp;de&nbsp;AGV, uma m\u00e1quina Maxolution integrada, um laborat\u00f3rio de forma\u00e7\u00e3o e um espa\u00e7o para organiza\u00e7\u00e3o de apresenta\u00e7\u00f5es de produto, a\u00e7\u00f5es de forma\u00e7\u00e3o, dias da ind\u00fastria, semin\u00e1rios e confer\u00eancias, entre outras atividades.<\/p>\n\n\n\n<p><\/p>\n\n\n\n<p><strong>Ind\u00fastria 4.0: o futuro<\/strong><\/p>\n\n\n\n<p><\/p>\n\n\n\n<p>A Ind\u00fastria 4.0 tomou forma na SEW-EURODRIVE, em 2016, com o lan\u00e7amento da primeira grande demonstra\u00e7\u00e3o sobre a Ind\u00fastria 4.0, com uma exposi\u00e7\u00e3o de uma \u2018smart factory\u2019. Hoje, a quarta revolu\u00e7\u00e3o industrial afigura-se, cada vez mais, como um pilar e uma aposta de futuro para a empresa. \u201cA Ind\u00fastria 4.0 est\u00e1 a acontecer, ainda que esta fase de pandemia tenha feito abrandar um pouco a sua implementa\u00e7\u00e3o. No entanto, \u00e9 nossa convic\u00e7\u00e3o que iremos assistir, nos pr\u00f3ximos anos, a um crescimento exponencial das tecnologias e solu\u00e7\u00f5es relacionadas com este conceito\u201d. Por este motivo, a empresa disp\u00f5e j\u00e1 de uma \u00e1rea superior a 150 metros quadrados para criar, desenvolver e testar solu\u00e7\u00f5es para a Ind\u00fastria 4.0. \u201cNesta \u00e1rea temos desde AGV\u2019s a solu\u00e7\u00f5es para armaz\u00e9ns autom\u00e1ticos com recupera\u00e7\u00e3o de energia, passando por sistemas de transfer\u00eancia de energia sem contacto e novas solu\u00e7\u00f5es multi-eixo. Temos tamb\u00e9m em fase final de desenvolvimento uma nova app que permitir\u00e1 aos utilizadores um acesso imediato a todas as informa\u00e7\u00f5es sobre o equipamento instalado, mediante a leitura de um QR Code impresso na chapa de caracter\u00edsticas\u201d, adianta.<\/p>\n\n\n\n<div class=\"wp-block-image\"><figure class=\"aligncenter size-large is-resized\"><img loading=\"lazy\" decoding=\"async\" src=\"https:\/\/maismagazine.pt\/wp-content\/uploads\/2021\/11\/20210525-TUU-SEW-EURODRIVE-057_Industria-4.0-1024x683.jpg\" alt=\"\" class=\"wp-image-1735\" width=\"763\" height=\"509\" srcset=\"https:\/\/maismagazine.pt\/wp-content\/uploads\/2021\/11\/20210525-TUU-SEW-EURODRIVE-057_Industria-4.0-1024x683.jpg 1024w, https:\/\/maismagazine.pt\/wp-content\/uploads\/2021\/11\/20210525-TUU-SEW-EURODRIVE-057_Industria-4.0-300x200.jpg 300w, https:\/\/maismagazine.pt\/wp-content\/uploads\/2021\/11\/20210525-TUU-SEW-EURODRIVE-057_Industria-4.0-768x512.jpg 768w, https:\/\/maismagazine.pt\/wp-content\/uploads\/2021\/11\/20210525-TUU-SEW-EURODRIVE-057_Industria-4.0-150x100.jpg 150w, https:\/\/maismagazine.pt\/wp-content\/uploads\/2021\/11\/20210525-TUU-SEW-EURODRIVE-057_Industria-4.0.jpg 1206w\" sizes=\"auto, (max-width: 763px) 100vw, 763px\" \/><\/figure><\/div>\n\n\n\n<p>A entrada para a Ind\u00fastria 4.0 envolve a atualiza\u00e7\u00e3o significativa das compet\u00eancias e capacidades digitais das empresas e implica transforma\u00e7\u00f5es em v\u00e1rias partes da organiza\u00e7\u00e3o. Por forma a dar a devida resposta aos atuais desafios desta ind\u00fastria a SEW-EURODRIVE tem direcionado o seu foco para o desenvolvimento de solu\u00e7\u00f5es para cinco grandes \u00e1reas de atua\u00e7\u00e3o. \u201cA Ind\u00fastria 4.0 traz consigo grandes desafios. A SEW-EURODRIVE tem procurado dar a devida resposta e desenvolver solu\u00e7\u00f5es em cinco importantes \u00e1reas: gest\u00e3o e partilha de dados, gest\u00e3o de produ\u00e7\u00e3o, gest\u00e3o de energia, gest\u00e3o preditiva da manuten\u00e7\u00e3o e gest\u00e3o de intralog\u00edstica\u201d.<\/p>\n\n\n\n<p>Assim, voltada para o futuro, a nova f\u00e1brica 4.0 abrange todas as novas oportunidades relacionadas com o processo produtivo em rede, como montagem, manuten\u00e7\u00e3o, repara\u00e7\u00e3o, marketing e vendas. Com m\u00e1quinas e componentes que j\u00e1 n\u00e3o est\u00e3o apenas ligados em rede e controlados centralmente (como na Ind\u00fastria 3.0) este novo processo tem tamb\u00e9m a capacidade de tomar decis\u00f5es independentes de forma descentralizada, com base em informa\u00e7\u00e3o digital e, posteriormente, incorporar informa\u00e7\u00e3o v\u00e1lida no sistema de produ\u00e7\u00e3o global.<\/p>\n\n\n\n<p><\/p>\n\n\n\n<p><strong>A sustentabilidade \u2013 compromisso e orienta\u00e7\u00e3o para o futuro<\/strong><\/p>\n\n\n\n<p><\/p>\n\n\n\n<p>Para uma empresa orientada para o futuro como a SEW-EURODRIVE, a a\u00e7\u00e3o sustent\u00e1vel, numa perspetiva mais ampla, representa uma responsabilidade e um desafio. Baseada nesta premissa, a empresa vem apostando na cria\u00e7\u00e3o de produtos mais sustent\u00e1veis e na implementa\u00e7\u00e3o de processos produtivos energicamente mais eficientes. \u201cO design dos nossos novos produtos considera, desde h\u00e1 muito, conceitos de TCO (Total Cost of Ownership) e economia circular. A t\u00edtulo de exemplo, a SEW-EURODRIVE foi pioneira ao apresentar um conversor de frequ\u00eancia recicl\u00e1vel e apresentou, em 2004, o primeiro acionamento mecatr\u00f3nico com n\u00edvel de efici\u00eancia superior ao IE4. Por outro lado, nos nossos processos produtivos e instala\u00e7\u00f5es incorporamos solu\u00e7\u00f5es energeticamente eficientes e com recurso ao consumo de energias renov\u00e1veis\u201d, esclarece Nuno Saraiva acerca das pr\u00e1ticas da empresa que \u00e9, desde 2014, certificada pela ISO 14001, que atesta a permanente aten\u00e7\u00e3o da empresa na implementa\u00e7\u00e3o de pr\u00e1ticas ambientais sustent\u00e1veis.<\/p>\n\n\n\n<p><\/p>\n\n\n\n<p><strong>Grandes novidades em destaque na EMAF<\/strong><\/p>\n\n\n\n<p><\/p>\n\n\n\n<p>Considerada o maior evento portugu\u00eas do setor industrial, a EMAF \u2013 Feira Internacional de M\u00e1quinas, Equipamentos e Servi\u00e7os para a Ind\u00fastria regressa este ano \u00e0 Exponor para renovar a sua aposta na internacionaliza\u00e7\u00e3o de tecnologias, na inova\u00e7\u00e3o da ind\u00fastria e no conhecimento t\u00e9cnico especializado. Para esta edi\u00e7\u00e3o, \u00e0 semelhan\u00e7a das anteriores, a SEW-EURODRIVE tem reservadas algumas das suas mais recentes novidades. Durante quatro dias, quem visite o stand da empresa poder\u00e1 conhecer de perto, por exemplo, a sua nova app, o servi\u00e7o de Online Support, ou ainda o conceito modular MOVI-C em conversores de frequ\u00eancia. Num palco estrat\u00e9gico para a ind\u00fastria portuguesa, a SEW-EURODRIVE espera receber a visita de diversos parceiros de neg\u00f3cio, estabelecer pontes e, \u00e9 claro, dar a conhecer os seus mais recentes produtos e solu\u00e7\u00f5es.<\/p>\n","protected":false},"excerpt":{"rendered":"<p>Fundada na Alemanha em 1931, a SEW-EURODRIVE \u00e9 uma refer\u00eancia mundial l\u00edder na fabrica\u00e7\u00e3o de tecnologia de acionamentos. Nesta edi\u00e7\u00e3o da Mais Magazine damos-lhe a conhecer um pouco melhor o universo SEW-EURODRIVE, pela voz e testemunho de Nuno Saraiva, CEO da SEW-EURODRIVE Portugal. A SEW-EURODRIVE&nbsp;nasceu h\u00e1 mais de 85 anos,&hellip;<\/p>\n","protected":false},"author":7,"featured_media":1730,"comment_status":"open","ping_status":"open","sticky":false,"template":"","format":"standard","meta":{"advgb_blocks_editor_width":"","advgb_blocks_columns_visual_guide":"","_monsterinsights_skip_tracking":false,"_monsterinsights_sitenote_active":false,"_monsterinsights_sitenote_note":"","_monsterinsights_sitenote_category":0,"footnotes":""},"categories":[154,6,161,79],"tags":[184,181,180,70,179],"class_list":["post-1721","post","type-post","status-publish","format-standard","has-post-thumbnail","hentry","category-emaf","category-empreendedorismo","category-mundo-empresarial","category-tecnologia-e-inovacao","tag-acionamentos","tag-ceo","tag-eurodrive","tag-portugal","tag-sew"],"yoast_head":"<!-- This site is optimized with the Yoast SEO plugin v24.4 - https:\/\/yoast.com\/wordpress\/plugins\/seo\/ -->\n<title>SEW-EURODRIVE: H\u00e1 30 anos a marcar a diferen\u00e7a na ind\u00fastria em Portugal - Mais Magazine<\/title>\n<meta name=\"description\" content=\"Fundada na Alemanha em 1931, a SEW-EURODRIVE \u00e9 uma refer\u00eancia mundial l\u00edder na fabrica\u00e7\u00e3o de tecnologia de acionamentos. Nesta edi\u00e7\u00e3o da Mais Magazine damos-lhe a conhecer um pouco melhor o universo SEW-EURODRIVE, pela voz e testemunho de Nuno Saraiva, CEO da SEW-EURODRIVE Portugal.\" \/>\n<meta name=\"robots\" content=\"index, follow, max-snippet:-1, max-image-preview:large, max-video-preview:-1\" \/>\n<link rel=\"canonical\" href=\"http:\/\/maismagazine.pt\/index.php\/2021\/11\/27\/sew-eurodrive-ha-30-anos-a-marcar-a-diferenca-na-industria-em-portugal\/\" \/>\n<meta property=\"og:locale\" content=\"pt_PT\" \/>\n<meta property=\"og:type\" content=\"article\" \/>\n<meta property=\"og:title\" content=\"SEW-EURODRIVE: H\u00e1 30 anos a marcar a diferen\u00e7a na ind\u00fastria em Portugal - Mais Magazine\" \/>\n<meta property=\"og:description\" content=\"Fundada na Alemanha em 1931, a SEW-EURODRIVE \u00e9 uma refer\u00eancia mundial l\u00edder na fabrica\u00e7\u00e3o de tecnologia de acionamentos. Nesta edi\u00e7\u00e3o da Mais Magazine damos-lhe a conhecer um pouco melhor o universo SEW-EURODRIVE, pela voz e testemunho de Nuno Saraiva, CEO da SEW-EURODRIVE Portugal.\" \/>\n<meta property=\"og:url\" content=\"http:\/\/maismagazine.pt\/index.php\/2021\/11\/27\/sew-eurodrive-ha-30-anos-a-marcar-a-diferenca-na-industria-em-portugal\/\" \/>\n<meta property=\"og:site_name\" content=\"Mais Magazine\" \/>\n<meta property=\"article:published_time\" content=\"2021-11-27T07:06:00+00:00\" \/>\n<meta property=\"article:modified_time\" content=\"2021-12-15T16:22:14+00:00\" \/>\n<meta property=\"og:image\" content=\"http:\/\/maismagazine.pt\/wp-content\/uploads\/2021\/11\/20210525-TUU-SEW-EURODRIVE-044_SEW_PT.jpg\" \/>\n\t<meta property=\"og:image:width\" content=\"1800\" \/>\n\t<meta property=\"og:image:height\" content=\"903\" \/>\n\t<meta property=\"og:image:type\" content=\"image\/jpeg\" \/>\n<meta name=\"author\" content=\"Jo\u00e3o Malainho\" \/>\n<meta name=\"twitter:card\" content=\"summary_large_image\" \/>\n<meta name=\"twitter:label1\" content=\"Escrito por\" \/>\n\t<meta name=\"twitter:data1\" content=\"\" \/>\n\t<meta name=\"twitter:label2\" content=\"Tempo estimado de leitura\" \/>\n\t<meta name=\"twitter:data2\" content=\"8 minutos\" \/>\n<script type=\"application\/ld+json\" class=\"yoast-schema-graph\">{\"@context\":\"https:\/\/schema.org\",\"@graph\":[{\"@type\":\"Article\",\"@id\":\"http:\/\/maismagazine.pt\/index.php\/2021\/11\/27\/sew-eurodrive-ha-30-anos-a-marcar-a-diferenca-na-industria-em-portugal\/#article\",\"isPartOf\":{\"@id\":\"http:\/\/maismagazine.pt\/index.php\/2021\/11\/27\/sew-eurodrive-ha-30-anos-a-marcar-a-diferenca-na-industria-em-portugal\/\"},\"author\":{\"name\":\"Jo\u00e3o Malainho\",\"@id\":\"https:\/\/maismagazine.pt\/#\/schema\/person\/999bd426f894ff56d397ec12ebd21ebb\"},\"headline\":\"SEW-EURODRIVE: H\u00e1 30 anos a marcar a diferen\u00e7a na ind\u00fastria em Portugal\",\"datePublished\":\"2021-11-27T07:06:00+00:00\",\"dateModified\":\"2021-12-15T16:22:14+00:00\",\"mainEntityOfPage\":{\"@id\":\"http:\/\/maismagazine.pt\/index.php\/2021\/11\/27\/sew-eurodrive-ha-30-anos-a-marcar-a-diferenca-na-industria-em-portugal\/\"},\"wordCount\":1775,\"commentCount\":0,\"publisher\":{\"@id\":\"https:\/\/maismagazine.pt\/#organization\"},\"image\":{\"@id\":\"http:\/\/maismagazine.pt\/index.php\/2021\/11\/27\/sew-eurodrive-ha-30-anos-a-marcar-a-diferenca-na-industria-em-portugal\/#primaryimage\"},\"thumbnailUrl\":\"https:\/\/maismagazine.pt\/wp-content\/uploads\/2021\/11\/NS.jpg\",\"keywords\":[\"acionamentos\",\"CEO\",\"Eurodrive\",\"Portugal\",\"SEW\"],\"articleSection\":[\"EMAF\",\"Empreendedorismo\",\"Mundo Empresarial\",\"Tecnologia e Inova\u00e7\u00e3o\"],\"inLanguage\":\"pt-PT\",\"potentialAction\":[{\"@type\":\"CommentAction\",\"name\":\"Comment\",\"target\":[\"http:\/\/maismagazine.pt\/index.php\/2021\/11\/27\/sew-eurodrive-ha-30-anos-a-marcar-a-diferenca-na-industria-em-portugal\/#respond\"]}]},{\"@type\":\"WebPage\",\"@id\":\"http:\/\/maismagazine.pt\/index.php\/2021\/11\/27\/sew-eurodrive-ha-30-anos-a-marcar-a-diferenca-na-industria-em-portugal\/\",\"url\":\"http:\/\/maismagazine.pt\/index.php\/2021\/11\/27\/sew-eurodrive-ha-30-anos-a-marcar-a-diferenca-na-industria-em-portugal\/\",\"name\":\"SEW-EURODRIVE: H\u00e1 30 anos a marcar a diferen\u00e7a na ind\u00fastria em Portugal - Mais Magazine\",\"isPartOf\":{\"@id\":\"https:\/\/maismagazine.pt\/#website\"},\"primaryImageOfPage\":{\"@id\":\"http:\/\/maismagazine.pt\/index.php\/2021\/11\/27\/sew-eurodrive-ha-30-anos-a-marcar-a-diferenca-na-industria-em-portugal\/#primaryimage\"},\"image\":{\"@id\":\"http:\/\/maismagazine.pt\/index.php\/2021\/11\/27\/sew-eurodrive-ha-30-anos-a-marcar-a-diferenca-na-industria-em-portugal\/#primaryimage\"},\"thumbnailUrl\":\"https:\/\/maismagazine.pt\/wp-content\/uploads\/2021\/11\/NS.jpg\",\"datePublished\":\"2021-11-27T07:06:00+00:00\",\"dateModified\":\"2021-12-15T16:22:14+00:00\",\"description\":\"Fundada na Alemanha em 1931, a SEW-EURODRIVE \u00e9 uma refer\u00eancia mundial l\u00edder na fabrica\u00e7\u00e3o de tecnologia de acionamentos. Nesta edi\u00e7\u00e3o da Mais Magazine damos-lhe a conhecer um pouco melhor o universo SEW-EURODRIVE, pela voz e testemunho de Nuno Saraiva, CEO da SEW-EURODRIVE Portugal.\",\"breadcrumb\":{\"@id\":\"http:\/\/maismagazine.pt\/index.php\/2021\/11\/27\/sew-eurodrive-ha-30-anos-a-marcar-a-diferenca-na-industria-em-portugal\/#breadcrumb\"},\"inLanguage\":\"pt-PT\",\"potentialAction\":[{\"@type\":\"ReadAction\",\"target\":[\"http:\/\/maismagazine.pt\/index.php\/2021\/11\/27\/sew-eurodrive-ha-30-anos-a-marcar-a-diferenca-na-industria-em-portugal\/\"]}]},{\"@type\":\"ImageObject\",\"inLanguage\":\"pt-PT\",\"@id\":\"http:\/\/maismagazine.pt\/index.php\/2021\/11\/27\/sew-eurodrive-ha-30-anos-a-marcar-a-diferenca-na-industria-em-portugal\/#primaryimage\",\"url\":\"https:\/\/maismagazine.pt\/wp-content\/uploads\/2021\/11\/NS.jpg\",\"contentUrl\":\"https:\/\/maismagazine.pt\/wp-content\/uploads\/2021\/11\/NS.jpg\",\"width\":1195,\"height\":1179,\"caption\":\"Nuno Saraiva, CEO da SEW-EURODRIVE Portugal\"},{\"@type\":\"BreadcrumbList\",\"@id\":\"http:\/\/maismagazine.pt\/index.php\/2021\/11\/27\/sew-eurodrive-ha-30-anos-a-marcar-a-diferenca-na-industria-em-portugal\/#breadcrumb\",\"itemListElement\":[{\"@type\":\"ListItem\",\"position\":1,\"name\":\"Home\",\"item\":\"https:\/\/maismagazine.pt\/\"},{\"@type\":\"ListItem\",\"position\":2,\"name\":\"SEW-EURODRIVE: H\u00e1 30 anos a marcar a diferen\u00e7a na ind\u00fastria em Portugal\"}]},{\"@type\":\"WebSite\",\"@id\":\"https:\/\/maismagazine.pt\/#website\",\"url\":\"https:\/\/maismagazine.pt\/\",\"name\":\"Mais Magazine\",\"description\":\"\",\"publisher\":{\"@id\":\"https:\/\/maismagazine.pt\/#organization\"},\"potentialAction\":[{\"@type\":\"SearchAction\",\"target\":{\"@type\":\"EntryPoint\",\"urlTemplate\":\"https:\/\/maismagazine.pt\/?s={search_term_string}\"},\"query-input\":{\"@type\":\"PropertyValueSpecification\",\"valueRequired\":true,\"valueName\":\"search_term_string\"}}],\"inLanguage\":\"pt-PT\"},{\"@type\":\"Organization\",\"@id\":\"https:\/\/maismagazine.pt\/#organization\",\"name\":\"Mais Magazine\",\"url\":\"https:\/\/maismagazine.pt\/\",\"logo\":{\"@type\":\"ImageObject\",\"inLanguage\":\"pt-PT\",\"@id\":\"https:\/\/maismagazine.pt\/#\/schema\/logo\/image\/\",\"url\":\"https:\/\/maismagazine.pt\/wp-content\/uploads\/2020\/04\/cropped-cropped-mais-magazine-site-logo-2.png\",\"contentUrl\":\"https:\/\/maismagazine.pt\/wp-content\/uploads\/2020\/04\/cropped-cropped-mais-magazine-site-logo-2.png\",\"width\":581,\"height\":90,\"caption\":\"Mais Magazine\"},\"image\":{\"@id\":\"https:\/\/maismagazine.pt\/#\/schema\/logo\/image\/\"}},{\"@type\":\"Person\",\"@id\":\"https:\/\/maismagazine.pt\/#\/schema\/person\/999bd426f894ff56d397ec12ebd21ebb\",\"name\":\"Jo\u00e3o Malainho\",\"image\":{\"@type\":\"ImageObject\",\"inLanguage\":\"pt-PT\",\"@id\":\"https:\/\/maismagazine.pt\/#\/schema\/person\/image\/\",\"url\":\"https:\/\/secure.gravatar.com\/avatar\/ff03c2f38edf60b2a827aa4f74878491?s=96&d=mm&r=g\",\"contentUrl\":\"https:\/\/secure.gravatar.com\/avatar\/ff03c2f38edf60b2a827aa4f74878491?s=96&d=mm&r=g\",\"caption\":\"Jo\u00e3o Malainho\"},\"url\":\"https:\/\/maismagazine.pt\/index.php\/author\/maismagazine\/\"}]}<\/script>\n<!-- \/ Yoast SEO plugin. -->","yoast_head_json":{"title":"SEW-EURODRIVE: H\u00e1 30 anos a marcar a diferen\u00e7a na ind\u00fastria em Portugal - Mais Magazine","description":"Fundada na Alemanha em 1931, a SEW-EURODRIVE \u00e9 uma refer\u00eancia mundial l\u00edder na fabrica\u00e7\u00e3o de tecnologia de acionamentos. Nesta edi\u00e7\u00e3o da Mais Magazine damos-lhe a conhecer um pouco melhor o universo SEW-EURODRIVE, pela voz e testemunho de Nuno Saraiva, CEO da SEW-EURODRIVE Portugal.","robots":{"index":"index","follow":"follow","max-snippet":"max-snippet:-1","max-image-preview":"max-image-preview:large","max-video-preview":"max-video-preview:-1"},"canonical":"http:\/\/maismagazine.pt\/index.php\/2021\/11\/27\/sew-eurodrive-ha-30-anos-a-marcar-a-diferenca-na-industria-em-portugal\/","og_locale":"pt_PT","og_type":"article","og_title":"SEW-EURODRIVE: H\u00e1 30 anos a marcar a diferen\u00e7a na ind\u00fastria em Portugal - Mais Magazine","og_description":"Fundada na Alemanha em 1931, a SEW-EURODRIVE \u00e9 uma refer\u00eancia mundial l\u00edder na fabrica\u00e7\u00e3o de tecnologia de acionamentos. Nesta edi\u00e7\u00e3o da Mais Magazine damos-lhe a conhecer um pouco melhor o universo SEW-EURODRIVE, pela voz e testemunho de Nuno Saraiva, CEO da SEW-EURODRIVE Portugal.","og_url":"http:\/\/maismagazine.pt\/index.php\/2021\/11\/27\/sew-eurodrive-ha-30-anos-a-marcar-a-diferenca-na-industria-em-portugal\/","og_site_name":"Mais Magazine","article_published_time":"2021-11-27T07:06:00+00:00","article_modified_time":"2021-12-15T16:22:14+00:00","og_image":[{"width":1800,"height":903,"url":"http:\/\/maismagazine.pt\/wp-content\/uploads\/2021\/11\/20210525-TUU-SEW-EURODRIVE-044_SEW_PT.jpg","type":"image\/jpeg"}],"author":"Jo\u00e3o Malainho","twitter_card":"summary_large_image","twitter_misc":{"Escrito por":false,"Tempo estimado de leitura":"8 minutos"},"schema":{"@context":"https:\/\/schema.org","@graph":[{"@type":"Article","@id":"http:\/\/maismagazine.pt\/index.php\/2021\/11\/27\/sew-eurodrive-ha-30-anos-a-marcar-a-diferenca-na-industria-em-portugal\/#article","isPartOf":{"@id":"http:\/\/maismagazine.pt\/index.php\/2021\/11\/27\/sew-eurodrive-ha-30-anos-a-marcar-a-diferenca-na-industria-em-portugal\/"},"author":{"name":"Jo\u00e3o Malainho","@id":"https:\/\/maismagazine.pt\/#\/schema\/person\/999bd426f894ff56d397ec12ebd21ebb"},"headline":"SEW-EURODRIVE: H\u00e1 30 anos a marcar a diferen\u00e7a na ind\u00fastria em Portugal","datePublished":"2021-11-27T07:06:00+00:00","dateModified":"2021-12-15T16:22:14+00:00","mainEntityOfPage":{"@id":"http:\/\/maismagazine.pt\/index.php\/2021\/11\/27\/sew-eurodrive-ha-30-anos-a-marcar-a-diferenca-na-industria-em-portugal\/"},"wordCount":1775,"commentCount":0,"publisher":{"@id":"https:\/\/maismagazine.pt\/#organization"},"image":{"@id":"http:\/\/maismagazine.pt\/index.php\/2021\/11\/27\/sew-eurodrive-ha-30-anos-a-marcar-a-diferenca-na-industria-em-portugal\/#primaryimage"},"thumbnailUrl":"https:\/\/maismagazine.pt\/wp-content\/uploads\/2021\/11\/NS.jpg","keywords":["acionamentos","CEO","Eurodrive","Portugal","SEW"],"articleSection":["EMAF","Empreendedorismo","Mundo Empresarial","Tecnologia e Inova\u00e7\u00e3o"],"inLanguage":"pt-PT","potentialAction":[{"@type":"CommentAction","name":"Comment","target":["http:\/\/maismagazine.pt\/index.php\/2021\/11\/27\/sew-eurodrive-ha-30-anos-a-marcar-a-diferenca-na-industria-em-portugal\/#respond"]}]},{"@type":"WebPage","@id":"http:\/\/maismagazine.pt\/index.php\/2021\/11\/27\/sew-eurodrive-ha-30-anos-a-marcar-a-diferenca-na-industria-em-portugal\/","url":"http:\/\/maismagazine.pt\/index.php\/2021\/11\/27\/sew-eurodrive-ha-30-anos-a-marcar-a-diferenca-na-industria-em-portugal\/","name":"SEW-EURODRIVE: H\u00e1 30 anos a marcar a diferen\u00e7a na ind\u00fastria em Portugal - Mais Magazine","isPartOf":{"@id":"https:\/\/maismagazine.pt\/#website"},"primaryImageOfPage":{"@id":"http:\/\/maismagazine.pt\/index.php\/2021\/11\/27\/sew-eurodrive-ha-30-anos-a-marcar-a-diferenca-na-industria-em-portugal\/#primaryimage"},"image":{"@id":"http:\/\/maismagazine.pt\/index.php\/2021\/11\/27\/sew-eurodrive-ha-30-anos-a-marcar-a-diferenca-na-industria-em-portugal\/#primaryimage"},"thumbnailUrl":"https:\/\/maismagazine.pt\/wp-content\/uploads\/2021\/11\/NS.jpg","datePublished":"2021-11-27T07:06:00+00:00","dateModified":"2021-12-15T16:22:14+00:00","description":"Fundada na Alemanha em 1931, a SEW-EURODRIVE \u00e9 uma refer\u00eancia mundial l\u00edder na fabrica\u00e7\u00e3o de tecnologia de acionamentos. Nesta edi\u00e7\u00e3o da Mais Magazine damos-lhe a conhecer um pouco melhor o universo SEW-EURODRIVE, pela voz e testemunho de Nuno Saraiva, CEO da SEW-EURODRIVE Portugal.","breadcrumb":{"@id":"http:\/\/maismagazine.pt\/index.php\/2021\/11\/27\/sew-eurodrive-ha-30-anos-a-marcar-a-diferenca-na-industria-em-portugal\/#breadcrumb"},"inLanguage":"pt-PT","potentialAction":[{"@type":"ReadAction","target":["http:\/\/maismagazine.pt\/index.php\/2021\/11\/27\/sew-eurodrive-ha-30-anos-a-marcar-a-diferenca-na-industria-em-portugal\/"]}]},{"@type":"ImageObject","inLanguage":"pt-PT","@id":"http:\/\/maismagazine.pt\/index.php\/2021\/11\/27\/sew-eurodrive-ha-30-anos-a-marcar-a-diferenca-na-industria-em-portugal\/#primaryimage","url":"https:\/\/maismagazine.pt\/wp-content\/uploads\/2021\/11\/NS.jpg","contentUrl":"https:\/\/maismagazine.pt\/wp-content\/uploads\/2021\/11\/NS.jpg","width":1195,"height":1179,"caption":"Nuno Saraiva, CEO da SEW-EURODRIVE Portugal"},{"@type":"BreadcrumbList","@id":"http:\/\/maismagazine.pt\/index.php\/2021\/11\/27\/sew-eurodrive-ha-30-anos-a-marcar-a-diferenca-na-industria-em-portugal\/#breadcrumb","itemListElement":[{"@type":"ListItem","position":1,"name":"Home","item":"https:\/\/maismagazine.pt\/"},{"@type":"ListItem","position":2,"name":"SEW-EURODRIVE: H\u00e1 30 anos a marcar a diferen\u00e7a na ind\u00fastria em Portugal"}]},{"@type":"WebSite","@id":"https:\/\/maismagazine.pt\/#website","url":"https:\/\/maismagazine.pt\/","name":"Mais Magazine","description":"","publisher":{"@id":"https:\/\/maismagazine.pt\/#organization"},"potentialAction":[{"@type":"SearchAction","target":{"@type":"EntryPoint","urlTemplate":"https:\/\/maismagazine.pt\/?s={search_term_string}"},"query-input":{"@type":"PropertyValueSpecification","valueRequired":true,"valueName":"search_term_string"}}],"inLanguage":"pt-PT"},{"@type":"Organization","@id":"https:\/\/maismagazine.pt\/#organization","name":"Mais Magazine","url":"https:\/\/maismagazine.pt\/","logo":{"@type":"ImageObject","inLanguage":"pt-PT","@id":"https:\/\/maismagazine.pt\/#\/schema\/logo\/image\/","url":"https:\/\/maismagazine.pt\/wp-content\/uploads\/2020\/04\/cropped-cropped-mais-magazine-site-logo-2.png","contentUrl":"https:\/\/maismagazine.pt\/wp-content\/uploads\/2020\/04\/cropped-cropped-mais-magazine-site-logo-2.png","width":581,"height":90,"caption":"Mais Magazine"},"image":{"@id":"https:\/\/maismagazine.pt\/#\/schema\/logo\/image\/"}},{"@type":"Person","@id":"https:\/\/maismagazine.pt\/#\/schema\/person\/999bd426f894ff56d397ec12ebd21ebb","name":"Jo\u00e3o Malainho","image":{"@type":"ImageObject","inLanguage":"pt-PT","@id":"https:\/\/maismagazine.pt\/#\/schema\/person\/image\/","url":"https:\/\/secure.gravatar.com\/avatar\/ff03c2f38edf60b2a827aa4f74878491?s=96&d=mm&r=g","contentUrl":"https:\/\/secure.gravatar.com\/avatar\/ff03c2f38edf60b2a827aa4f74878491?s=96&d=mm&r=g","caption":"Jo\u00e3o Malainho"},"url":"https:\/\/maismagazine.pt\/index.php\/author\/maismagazine\/"}]}},"author_meta":{"display_name":false,"author_link":"https:\/\/maismagazine.pt\/index.php\/author\/maismagazine\/"},"featured_img":"https:\/\/maismagazine.pt\/wp-content\/uploads\/2021\/11\/NS-300x296.jpg","coauthors":[],"tax_additional":{"categories":{"linked":["<a href=\"https:\/\/maismagazine.pt\/index.php\/category\/emaf\/\" class=\"advgb-post-tax-term\">EMAF<\/a>","<a href=\"https:\/\/maismagazine.pt\/index.php\/category\/empreendedorismo\/\" class=\"advgb-post-tax-term\">Empreendedorismo<\/a>","<a href=\"https:\/\/maismagazine.pt\/index.php\/category\/mundo-empresarial\/\" class=\"advgb-post-tax-term\">Mundo Empresarial<\/a>","<a href=\"https:\/\/maismagazine.pt\/index.php\/category\/empreendedorismo\/tecnologia-e-inovacao\/\" class=\"advgb-post-tax-term\">Tecnologia e Inova\u00e7\u00e3o<\/a>"],"unlinked":["<span class=\"advgb-post-tax-term\">EMAF<\/span>","<span class=\"advgb-post-tax-term\">Empreendedorismo<\/span>","<span class=\"advgb-post-tax-term\">Mundo Empresarial<\/span>","<span class=\"advgb-post-tax-term\">Tecnologia e Inova\u00e7\u00e3o<\/span>"]},"tags":{"linked":["<a href=\"https:\/\/maismagazine.pt\/index.php\/category\/empreendedorismo\/tecnologia-e-inovacao\/\" class=\"advgb-post-tax-term\">acionamentos<\/a>","<a href=\"https:\/\/maismagazine.pt\/index.php\/category\/empreendedorismo\/tecnologia-e-inovacao\/\" class=\"advgb-post-tax-term\">CEO<\/a>","<a href=\"https:\/\/maismagazine.pt\/index.php\/category\/empreendedorismo\/tecnologia-e-inovacao\/\" class=\"advgb-post-tax-term\">Eurodrive<\/a>","<a href=\"https:\/\/maismagazine.pt\/index.php\/category\/empreendedorismo\/tecnologia-e-inovacao\/\" class=\"advgb-post-tax-term\">Portugal<\/a>","<a href=\"https:\/\/maismagazine.pt\/index.php\/category\/empreendedorismo\/tecnologia-e-inovacao\/\" class=\"advgb-post-tax-term\">SEW<\/a>"],"unlinked":["<span class=\"advgb-post-tax-term\">acionamentos<\/span>","<span class=\"advgb-post-tax-term\">CEO<\/span>","<span class=\"advgb-post-tax-term\">Eurodrive<\/span>","<span class=\"advgb-post-tax-term\">Portugal<\/span>","<span class=\"advgb-post-tax-term\">SEW<\/span>"]}},"comment_count":"0","relative_dates":{"created":"Posted 4 anos ago","modified":"Updated 4 anos ago"},"absolute_dates":{"created":"Posted on 27 de Novembro, 2021","modified":"Updated on 15 de Dezembro, 2021"},"absolute_dates_time":{"created":"Posted on 27 de Novembro, 2021 7:06","modified":"Updated on 15 de Dezembro, 2021 16:22"},"featured_img_caption":"Nuno Saraiva, CEO da SEW-EURODRIVE Portugal","series_order":"","_links":{"self":[{"href":"https:\/\/maismagazine.pt\/index.php\/wp-json\/wp\/v2\/posts\/1721","targetHints":{"allow":["GET"]}}],"collection":[{"href":"https:\/\/maismagazine.pt\/index.php\/wp-json\/wp\/v2\/posts"}],"about":[{"href":"https:\/\/maismagazine.pt\/index.php\/wp-json\/wp\/v2\/types\/post"}],"author":[{"embeddable":true,"href":"https:\/\/maismagazine.pt\/index.php\/wp-json\/wp\/v2\/users\/7"}],"replies":[{"embeddable":true,"href":"https:\/\/maismagazine.pt\/index.php\/wp-json\/wp\/v2\/comments?post=1721"}],"version-history":[{"count":5,"href":"https:\/\/maismagazine.pt\/index.php\/wp-json\/wp\/v2\/posts\/1721\/revisions"}],"predecessor-version":[{"id":1939,"href":"https:\/\/maismagazine.pt\/index.php\/wp-json\/wp\/v2\/posts\/1721\/revisions\/1939"}],"wp:featuredmedia":[{"embeddable":true,"href":"https:\/\/maismagazine.pt\/index.php\/wp-json\/wp\/v2\/media\/1730"}],"wp:attachment":[{"href":"https:\/\/maismagazine.pt\/index.php\/wp-json\/wp\/v2\/media?parent=1721"}],"wp:term":[{"taxonomy":"category","embeddable":true,"href":"https:\/\/maismagazine.pt\/index.php\/wp-json\/wp\/v2\/categories?post=1721"},{"taxonomy":"post_tag","embeddable":true,"href":"https:\/\/maismagazine.pt\/index.php\/wp-json\/wp\/v2\/tags?post=1721"}],"curies":[{"name":"wp","href":"https:\/\/api.w.org\/{rel}","templated":true}]}}