{"id":14204,"date":"2026-04-24T14:14:40","date_gmt":"2026-04-24T13:14:40","guid":{"rendered":"https:\/\/maismagazine.pt\/?p=14204"},"modified":"2026-04-24T14:14:44","modified_gmt":"2026-04-24T13:14:44","slug":"administracoes-barram-acesso-de-milhares-de-enfermeiros-a-horas-para-realizar-os-estagios-nas-especialidades","status":"publish","type":"post","link":"https:\/\/maismagazine.pt\/index.php\/2026\/04\/24\/administracoes-barram-acesso-de-milhares-de-enfermeiros-a-horas-para-realizar-os-estagios-nas-especialidades\/","title":{"rendered":"Administra\u00e7\u00f5es barram acesso de milhares de enfermeiros a horas para realizar os est\u00e1gios nas especialidades"},"content":{"rendered":"\n<p><strong>Numa das \u00faltimas reuni\u00f5es com o Governo para alcan\u00e7ar um Acordo Coletivo de Trabalho, o Sindicato dos Enfermeiros levou uma proposta para que seja salvaguardada no ACT a atribui\u00e7\u00e3o de tempo\/horas para a realiza\u00e7\u00e3o de est\u00e1gios das especializa\u00e7\u00f5es, sem que isso mexa com a remunera\u00e7\u00e3o dos profissionais. Isto numa altura em que, reconhecidamente, faltam enfermeiros e enfermeiros especialistas no SNS. <\/strong><\/p>\n\n\n\n<p><\/p>\n\n\n\n<p>Os pedidos dos enfermeiros \u00e0s ULS de tempo\/horas para a realiza\u00e7\u00e3o de est\u00e1gios e bolsas para enfermeiros especialistas est\u00e3o a ser negados pelas administra\u00e7\u00f5es e superiores hier\u00e1rquicos. O caso tem particular relev\u00e2ncia em algumas unidades da Grande Lisboa e assume especial gravidade, uma vez que \u201ca tutela reconhece existir uma falta gritante de Enfermeiros Especialistas no Servi\u00e7o Nacional de Sa\u00fade\u201d, revela o <strong>Sindicato dos Enfermeiros<\/strong>.<\/p>\n\n\n\n<p><\/p>\n\n\n\n<p>Recentemente, em reuni\u00e3o com o Governo tendente a alcan\u00e7ar um novo Acordo Coletivo de trabalho, o <strong>Sindicato dos Enfermeiros<\/strong> levou uma proposta para que no cap\u00edtulo referente \u00e0 forma\u00e7\u00e3o fosse introduzida uma cl\u00e1usula para salvaguardar o acesso dos profissionais aos est\u00e1gios e bolsas de forma\u00e7\u00e3o, atrav\u00e9s da atribui\u00e7\u00e3o de tempo\/horas para que os enfermeiros fa\u00e7am os est\u00e1gios sem que isso tenha impacto na remunera\u00e7\u00e3o.<\/p>\n\n\n\n<p><\/p>\n\n\n\n<p>A componente de forma\u00e7\u00e3o cl\u00ednica, muitas vezes, n\u00e3o confere qualquer direito a remunera\u00e7\u00e3o ou apoio, o que coloca uma press\u00e3o financeira adicional sobre quem tem de conciliar o est\u00e1gio com outras formas de subsist\u00eancia. \u201cS\u00e3o milhares os enfermeiros que v\u00eam negados pedidos para bolseiros\u201d, denuncia o sindicato.<\/p>\n\n\n\n<p><\/p>\n\n\n\n<p>Se os enfermeiros dos cuidados diferenciados, que trabalham por turnos, conseguem, com muito esfor\u00e7o, conciliar o trabalho por turnos com as horas de est\u00e1gio, j\u00e1 os enfermeiros dos cuidados de sa\u00fade prim\u00e1rios \u201cn\u00e3o conseguem arranjar tempo para realizar os est\u00e1gios\u201d.<\/p>\n\n\n\n<p><\/p>\n\n\n\n<p>Acresce que os est\u00e1gios para a atribui\u00e7\u00e3o do t\u00edtulo de Enfermeiro Especialista t\u00eam regras muito apertadas e r\u00edgidas, com uma grande carga hor\u00e1ria. \u201cSe o enfermeiro j\u00e1 est\u00e1 a trabalhar numa unidade dos Cuidados de Sa\u00fade Prim\u00e1rios, n\u00e3o consegue flexibilidade de turnos para cumprir as horas do respetivo est\u00e1gio, ou at\u00e9 uma licen\u00e7a sem vencimento\u201d, sustenta o <strong>Sindicato dos Enfermeiros.<\/strong><\/p>\n","protected":false},"excerpt":{"rendered":"<p>Numa das \u00faltimas reuni\u00f5es com o Governo para alcan\u00e7ar um Acordo Coletivo de Trabalho, o Sindicato dos Enfermeiros levou uma proposta para que seja salvaguardada no ACT a atribui\u00e7\u00e3o de tempo\/horas para a realiza\u00e7\u00e3o de est\u00e1gios das especializa\u00e7\u00f5es, sem que isso mexa com a remunera\u00e7\u00e3o dos profissionais. Isto numa altura&hellip;<\/p>\n","protected":false},"author":17,"featured_media":14206,"comment_status":"closed","ping_status":"open","sticky":false,"template":"","format":"standard","meta":{"advgb_blocks_editor_width":"","advgb_blocks_columns_visual_guide":"","_monsterinsights_skip_tracking":false,"_monsterinsights_sitenote_active":false,"_monsterinsights_sitenote_note":"","_monsterinsights_sitenote_category":0,"footnotes":""},"categories":[7],"tags":[318,2014],"class_list":["post-14204","post","type-post","status-publish","format-standard","has-post-thumbnail","hentry","category-noticias","tag-enfermeiros","tag-sns"],"yoast_head":"<!-- This site is optimized with the Yoast SEO plugin v24.4 - https:\/\/yoast.com\/wordpress\/plugins\/seo\/ -->\n<title>Administra\u00e7\u00f5es barram acesso de milhares de enfermeiros a horas para realizar os est\u00e1gios nas especialidades - Mais Magazine<\/title>\n<meta name=\"description\" content=\"Numa das \u00faltimas reuni\u00f5es com o Governo para alcan\u00e7ar um Acordo Coletivo de Trabalho, o Sindicato dos Enfermeiros levou uma proposta para que seja salvaguardada no ACT a atribui\u00e7\u00e3o de tempo\/horas para a realiza\u00e7\u00e3o de est\u00e1gios das especializa\u00e7\u00f5es, sem que isso mexa com a remunera\u00e7\u00e3o dos profissionais. Isto numa altura em que, reconhecidamente, faltam enfermeiros e enfermeiros especialistas no SNS.\" \/>\n<meta name=\"robots\" content=\"index, follow, max-snippet:-1, max-image-preview:large, max-video-preview:-1\" \/>\n<link rel=\"canonical\" href=\"https:\/\/maismagazine.pt\/index.php\/2026\/04\/24\/administracoes-barram-acesso-de-milhares-de-enfermeiros-a-horas-para-realizar-os-estagios-nas-especialidades\/\" \/>\n<meta property=\"og:locale\" content=\"pt_PT\" \/>\n<meta property=\"og:type\" content=\"article\" \/>\n<meta property=\"og:title\" content=\"Administra\u00e7\u00f5es barram acesso de milhares de enfermeiros a horas para realizar os est\u00e1gios nas especialidades - Mais Magazine\" \/>\n<meta property=\"og:description\" content=\"Numa das \u00faltimas reuni\u00f5es com o Governo para alcan\u00e7ar um Acordo Coletivo de Trabalho, o Sindicato dos Enfermeiros levou uma proposta para que seja salvaguardada no ACT a atribui\u00e7\u00e3o de tempo\/horas para a realiza\u00e7\u00e3o de est\u00e1gios das especializa\u00e7\u00f5es, sem que isso mexa com a remunera\u00e7\u00e3o dos profissionais. Isto numa altura em que, reconhecidamente, faltam enfermeiros e enfermeiros especialistas no SNS.\" \/>\n<meta property=\"og:url\" content=\"https:\/\/maismagazine.pt\/index.php\/2026\/04\/24\/administracoes-barram-acesso-de-milhares-de-enfermeiros-a-horas-para-realizar-os-estagios-nas-especialidades\/\" \/>\n<meta property=\"og:site_name\" content=\"Mais Magazine\" \/>\n<meta property=\"article:published_time\" content=\"2026-04-24T13:14:40+00:00\" \/>\n<meta property=\"article:modified_time\" content=\"2026-04-24T13:14:44+00:00\" \/>\n<meta property=\"og:image\" content=\"http:\/\/maismagazine.pt\/wp-content\/uploads\/2026\/04\/Sindicato-dos-Enfermeiros-1.jpg\" \/>\n\t<meta property=\"og:image:width\" content=\"486\" \/>\n\t<meta property=\"og:image:height\" content=\"324\" \/>\n\t<meta property=\"og:image:type\" content=\"image\/jpeg\" \/>\n<meta name=\"author\" content=\"Tiago Costa\" \/>\n<meta name=\"twitter:card\" content=\"summary_large_image\" \/>\n<meta name=\"twitter:label1\" content=\"Escrito por\" \/>\n\t<meta name=\"twitter:data1\" content=\"\" \/>\n\t<meta name=\"twitter:label2\" content=\"Tempo estimado de leitura\" \/>\n\t<meta name=\"twitter:data2\" content=\"3 minutos\" \/>\n<script type=\"application\/ld+json\" class=\"yoast-schema-graph\">{\"@context\":\"https:\/\/schema.org\",\"@graph\":[{\"@type\":\"Article\",\"@id\":\"https:\/\/maismagazine.pt\/index.php\/2026\/04\/24\/administracoes-barram-acesso-de-milhares-de-enfermeiros-a-horas-para-realizar-os-estagios-nas-especialidades\/#article\",\"isPartOf\":{\"@id\":\"https:\/\/maismagazine.pt\/index.php\/2026\/04\/24\/administracoes-barram-acesso-de-milhares-de-enfermeiros-a-horas-para-realizar-os-estagios-nas-especialidades\/\"},\"author\":{\"name\":\"Tiago Costa\",\"@id\":\"https:\/\/maismagazine.pt\/#\/schema\/person\/c6c5bfccc886434cbd11c74e035f9646\"},\"headline\":\"Administra\u00e7\u00f5es barram acesso de milhares de enfermeiros a horas para realizar os est\u00e1gios nas especialidades\",\"datePublished\":\"2026-04-24T13:14:40+00:00\",\"dateModified\":\"2026-04-24T13:14:44+00:00\",\"mainEntityOfPage\":{\"@id\":\"https:\/\/maismagazine.pt\/index.php\/2026\/04\/24\/administracoes-barram-acesso-de-milhares-de-enfermeiros-a-horas-para-realizar-os-estagios-nas-especialidades\/\"},\"wordCount\":408,\"publisher\":{\"@id\":\"https:\/\/maismagazine.pt\/#organization\"},\"image\":{\"@id\":\"https:\/\/maismagazine.pt\/index.php\/2026\/04\/24\/administracoes-barram-acesso-de-milhares-de-enfermeiros-a-horas-para-realizar-os-estagios-nas-especialidades\/#primaryimage\"},\"thumbnailUrl\":\"https:\/\/maismagazine.pt\/wp-content\/uploads\/2026\/04\/Sindicato-dos-Enfermeiros-1.jpg\",\"keywords\":[\"enfermeiros\",\"SNS\"],\"articleSection\":[\"Not\u00edcias\"],\"inLanguage\":\"pt-PT\"},{\"@type\":\"WebPage\",\"@id\":\"https:\/\/maismagazine.pt\/index.php\/2026\/04\/24\/administracoes-barram-acesso-de-milhares-de-enfermeiros-a-horas-para-realizar-os-estagios-nas-especialidades\/\",\"url\":\"https:\/\/maismagazine.pt\/index.php\/2026\/04\/24\/administracoes-barram-acesso-de-milhares-de-enfermeiros-a-horas-para-realizar-os-estagios-nas-especialidades\/\",\"name\":\"Administra\u00e7\u00f5es barram acesso de milhares de enfermeiros a horas para realizar os est\u00e1gios nas especialidades - Mais Magazine\",\"isPartOf\":{\"@id\":\"https:\/\/maismagazine.pt\/#website\"},\"primaryImageOfPage\":{\"@id\":\"https:\/\/maismagazine.pt\/index.php\/2026\/04\/24\/administracoes-barram-acesso-de-milhares-de-enfermeiros-a-horas-para-realizar-os-estagios-nas-especialidades\/#primaryimage\"},\"image\":{\"@id\":\"https:\/\/maismagazine.pt\/index.php\/2026\/04\/24\/administracoes-barram-acesso-de-milhares-de-enfermeiros-a-horas-para-realizar-os-estagios-nas-especialidades\/#primaryimage\"},\"thumbnailUrl\":\"https:\/\/maismagazine.pt\/wp-content\/uploads\/2026\/04\/Sindicato-dos-Enfermeiros-1.jpg\",\"datePublished\":\"2026-04-24T13:14:40+00:00\",\"dateModified\":\"2026-04-24T13:14:44+00:00\",\"description\":\"Numa das \u00faltimas reuni\u00f5es com o Governo para alcan\u00e7ar um Acordo Coletivo de Trabalho, o Sindicato dos Enfermeiros levou uma proposta para que seja salvaguardada no ACT a atribui\u00e7\u00e3o de tempo\/horas para a realiza\u00e7\u00e3o de est\u00e1gios das especializa\u00e7\u00f5es, sem que isso mexa com a remunera\u00e7\u00e3o dos profissionais. Isto numa altura em que, reconhecidamente, faltam enfermeiros e enfermeiros especialistas no SNS.\",\"breadcrumb\":{\"@id\":\"https:\/\/maismagazine.pt\/index.php\/2026\/04\/24\/administracoes-barram-acesso-de-milhares-de-enfermeiros-a-horas-para-realizar-os-estagios-nas-especialidades\/#breadcrumb\"},\"inLanguage\":\"pt-PT\",\"potentialAction\":[{\"@type\":\"ReadAction\",\"target\":[\"https:\/\/maismagazine.pt\/index.php\/2026\/04\/24\/administracoes-barram-acesso-de-milhares-de-enfermeiros-a-horas-para-realizar-os-estagios-nas-especialidades\/\"]}]},{\"@type\":\"ImageObject\",\"inLanguage\":\"pt-PT\",\"@id\":\"https:\/\/maismagazine.pt\/index.php\/2026\/04\/24\/administracoes-barram-acesso-de-milhares-de-enfermeiros-a-horas-para-realizar-os-estagios-nas-especialidades\/#primaryimage\",\"url\":\"https:\/\/maismagazine.pt\/wp-content\/uploads\/2026\/04\/Sindicato-dos-Enfermeiros-1.jpg\",\"contentUrl\":\"https:\/\/maismagazine.pt\/wp-content\/uploads\/2026\/04\/Sindicato-dos-Enfermeiros-1.jpg\",\"width\":486,\"height\":324},{\"@type\":\"BreadcrumbList\",\"@id\":\"https:\/\/maismagazine.pt\/index.php\/2026\/04\/24\/administracoes-barram-acesso-de-milhares-de-enfermeiros-a-horas-para-realizar-os-estagios-nas-especialidades\/#breadcrumb\",\"itemListElement\":[{\"@type\":\"ListItem\",\"position\":1,\"name\":\"Home\",\"item\":\"https:\/\/maismagazine.pt\/\"},{\"@type\":\"ListItem\",\"position\":2,\"name\":\"Administra\u00e7\u00f5es barram acesso de milhares de enfermeiros a horas para realizar os est\u00e1gios nas especialidades\"}]},{\"@type\":\"WebSite\",\"@id\":\"https:\/\/maismagazine.pt\/#website\",\"url\":\"https:\/\/maismagazine.pt\/\",\"name\":\"Mais Magazine\",\"description\":\"\",\"publisher\":{\"@id\":\"https:\/\/maismagazine.pt\/#organization\"},\"potentialAction\":[{\"@type\":\"SearchAction\",\"target\":{\"@type\":\"EntryPoint\",\"urlTemplate\":\"https:\/\/maismagazine.pt\/?s={search_term_string}\"},\"query-input\":{\"@type\":\"PropertyValueSpecification\",\"valueRequired\":true,\"valueName\":\"search_term_string\"}}],\"inLanguage\":\"pt-PT\"},{\"@type\":\"Organization\",\"@id\":\"https:\/\/maismagazine.pt\/#organization\",\"name\":\"Mais Magazine\",\"url\":\"https:\/\/maismagazine.pt\/\",\"logo\":{\"@type\":\"ImageObject\",\"inLanguage\":\"pt-PT\",\"@id\":\"https:\/\/maismagazine.pt\/#\/schema\/logo\/image\/\",\"url\":\"https:\/\/maismagazine.pt\/wp-content\/uploads\/2020\/04\/cropped-cropped-mais-magazine-site-logo-2.png\",\"contentUrl\":\"https:\/\/maismagazine.pt\/wp-content\/uploads\/2020\/04\/cropped-cropped-mais-magazine-site-logo-2.png\",\"width\":581,\"height\":90,\"caption\":\"Mais Magazine\"},\"image\":{\"@id\":\"https:\/\/maismagazine.pt\/#\/schema\/logo\/image\/\"}},{\"@type\":\"Person\",\"@id\":\"https:\/\/maismagazine.pt\/#\/schema\/person\/c6c5bfccc886434cbd11c74e035f9646\",\"name\":\"Tiago Costa\",\"image\":{\"@type\":\"ImageObject\",\"inLanguage\":\"pt-PT\",\"@id\":\"https:\/\/maismagazine.pt\/#\/schema\/person\/image\/\",\"url\":\"https:\/\/secure.gravatar.com\/avatar\/c599b2bce16c9870429198cbad5ee022?s=96&d=mm&r=g\",\"contentUrl\":\"https:\/\/secure.gravatar.com\/avatar\/c599b2bce16c9870429198cbad5ee022?s=96&d=mm&r=g\",\"caption\":\"Tiago Costa\"},\"url\":\"https:\/\/maismagazine.pt\/index.php\/author\/tiago\/\"}]}<\/script>\n<!-- \/ Yoast SEO plugin. -->","yoast_head_json":{"title":"Administra\u00e7\u00f5es barram acesso de milhares de enfermeiros a horas para realizar os est\u00e1gios nas especialidades - Mais Magazine","description":"Numa das \u00faltimas reuni\u00f5es com o Governo para alcan\u00e7ar um Acordo Coletivo de Trabalho, o Sindicato dos Enfermeiros levou uma proposta para que seja salvaguardada no ACT a atribui\u00e7\u00e3o de tempo\/horas para a realiza\u00e7\u00e3o de est\u00e1gios das especializa\u00e7\u00f5es, sem que isso mexa com a remunera\u00e7\u00e3o dos profissionais. Isto numa altura em que, reconhecidamente, faltam enfermeiros e enfermeiros especialistas no SNS.","robots":{"index":"index","follow":"follow","max-snippet":"max-snippet:-1","max-image-preview":"max-image-preview:large","max-video-preview":"max-video-preview:-1"},"canonical":"https:\/\/maismagazine.pt\/index.php\/2026\/04\/24\/administracoes-barram-acesso-de-milhares-de-enfermeiros-a-horas-para-realizar-os-estagios-nas-especialidades\/","og_locale":"pt_PT","og_type":"article","og_title":"Administra\u00e7\u00f5es barram acesso de milhares de enfermeiros a horas para realizar os est\u00e1gios nas especialidades - Mais Magazine","og_description":"Numa das \u00faltimas reuni\u00f5es com o Governo para alcan\u00e7ar um Acordo Coletivo de Trabalho, o Sindicato dos Enfermeiros levou uma proposta para que seja salvaguardada no ACT a atribui\u00e7\u00e3o de tempo\/horas para a realiza\u00e7\u00e3o de est\u00e1gios das especializa\u00e7\u00f5es, sem que isso mexa com a remunera\u00e7\u00e3o dos profissionais. Isto numa altura em que, reconhecidamente, faltam enfermeiros e enfermeiros especialistas no SNS.","og_url":"https:\/\/maismagazine.pt\/index.php\/2026\/04\/24\/administracoes-barram-acesso-de-milhares-de-enfermeiros-a-horas-para-realizar-os-estagios-nas-especialidades\/","og_site_name":"Mais Magazine","article_published_time":"2026-04-24T13:14:40+00:00","article_modified_time":"2026-04-24T13:14:44+00:00","og_image":[{"width":486,"height":324,"url":"http:\/\/maismagazine.pt\/wp-content\/uploads\/2026\/04\/Sindicato-dos-Enfermeiros-1.jpg","type":"image\/jpeg"}],"author":"Tiago Costa","twitter_card":"summary_large_image","twitter_misc":{"Escrito por":false,"Tempo estimado de leitura":"3 minutos"},"schema":{"@context":"https:\/\/schema.org","@graph":[{"@type":"Article","@id":"https:\/\/maismagazine.pt\/index.php\/2026\/04\/24\/administracoes-barram-acesso-de-milhares-de-enfermeiros-a-horas-para-realizar-os-estagios-nas-especialidades\/#article","isPartOf":{"@id":"https:\/\/maismagazine.pt\/index.php\/2026\/04\/24\/administracoes-barram-acesso-de-milhares-de-enfermeiros-a-horas-para-realizar-os-estagios-nas-especialidades\/"},"author":{"name":"Tiago Costa","@id":"https:\/\/maismagazine.pt\/#\/schema\/person\/c6c5bfccc886434cbd11c74e035f9646"},"headline":"Administra\u00e7\u00f5es barram acesso de milhares de enfermeiros a horas para realizar os est\u00e1gios nas especialidades","datePublished":"2026-04-24T13:14:40+00:00","dateModified":"2026-04-24T13:14:44+00:00","mainEntityOfPage":{"@id":"https:\/\/maismagazine.pt\/index.php\/2026\/04\/24\/administracoes-barram-acesso-de-milhares-de-enfermeiros-a-horas-para-realizar-os-estagios-nas-especialidades\/"},"wordCount":408,"publisher":{"@id":"https:\/\/maismagazine.pt\/#organization"},"image":{"@id":"https:\/\/maismagazine.pt\/index.php\/2026\/04\/24\/administracoes-barram-acesso-de-milhares-de-enfermeiros-a-horas-para-realizar-os-estagios-nas-especialidades\/#primaryimage"},"thumbnailUrl":"https:\/\/maismagazine.pt\/wp-content\/uploads\/2026\/04\/Sindicato-dos-Enfermeiros-1.jpg","keywords":["enfermeiros","SNS"],"articleSection":["Not\u00edcias"],"inLanguage":"pt-PT"},{"@type":"WebPage","@id":"https:\/\/maismagazine.pt\/index.php\/2026\/04\/24\/administracoes-barram-acesso-de-milhares-de-enfermeiros-a-horas-para-realizar-os-estagios-nas-especialidades\/","url":"https:\/\/maismagazine.pt\/index.php\/2026\/04\/24\/administracoes-barram-acesso-de-milhares-de-enfermeiros-a-horas-para-realizar-os-estagios-nas-especialidades\/","name":"Administra\u00e7\u00f5es barram acesso de milhares de enfermeiros a horas para realizar os est\u00e1gios nas especialidades - Mais Magazine","isPartOf":{"@id":"https:\/\/maismagazine.pt\/#website"},"primaryImageOfPage":{"@id":"https:\/\/maismagazine.pt\/index.php\/2026\/04\/24\/administracoes-barram-acesso-de-milhares-de-enfermeiros-a-horas-para-realizar-os-estagios-nas-especialidades\/#primaryimage"},"image":{"@id":"https:\/\/maismagazine.pt\/index.php\/2026\/04\/24\/administracoes-barram-acesso-de-milhares-de-enfermeiros-a-horas-para-realizar-os-estagios-nas-especialidades\/#primaryimage"},"thumbnailUrl":"https:\/\/maismagazine.pt\/wp-content\/uploads\/2026\/04\/Sindicato-dos-Enfermeiros-1.jpg","datePublished":"2026-04-24T13:14:40+00:00","dateModified":"2026-04-24T13:14:44+00:00","description":"Numa das \u00faltimas reuni\u00f5es com o Governo para alcan\u00e7ar um Acordo Coletivo de Trabalho, o Sindicato dos Enfermeiros levou uma proposta para que seja salvaguardada no ACT a atribui\u00e7\u00e3o de tempo\/horas para a realiza\u00e7\u00e3o de est\u00e1gios das especializa\u00e7\u00f5es, sem que isso mexa com a remunera\u00e7\u00e3o dos profissionais. Isto numa altura em que, reconhecidamente, faltam enfermeiros e enfermeiros especialistas no SNS.","breadcrumb":{"@id":"https:\/\/maismagazine.pt\/index.php\/2026\/04\/24\/administracoes-barram-acesso-de-milhares-de-enfermeiros-a-horas-para-realizar-os-estagios-nas-especialidades\/#breadcrumb"},"inLanguage":"pt-PT","potentialAction":[{"@type":"ReadAction","target":["https:\/\/maismagazine.pt\/index.php\/2026\/04\/24\/administracoes-barram-acesso-de-milhares-de-enfermeiros-a-horas-para-realizar-os-estagios-nas-especialidades\/"]}]},{"@type":"ImageObject","inLanguage":"pt-PT","@id":"https:\/\/maismagazine.pt\/index.php\/2026\/04\/24\/administracoes-barram-acesso-de-milhares-de-enfermeiros-a-horas-para-realizar-os-estagios-nas-especialidades\/#primaryimage","url":"https:\/\/maismagazine.pt\/wp-content\/uploads\/2026\/04\/Sindicato-dos-Enfermeiros-1.jpg","contentUrl":"https:\/\/maismagazine.pt\/wp-content\/uploads\/2026\/04\/Sindicato-dos-Enfermeiros-1.jpg","width":486,"height":324},{"@type":"BreadcrumbList","@id":"https:\/\/maismagazine.pt\/index.php\/2026\/04\/24\/administracoes-barram-acesso-de-milhares-de-enfermeiros-a-horas-para-realizar-os-estagios-nas-especialidades\/#breadcrumb","itemListElement":[{"@type":"ListItem","position":1,"name":"Home","item":"https:\/\/maismagazine.pt\/"},{"@type":"ListItem","position":2,"name":"Administra\u00e7\u00f5es barram acesso de milhares de enfermeiros a horas para realizar os est\u00e1gios nas especialidades"}]},{"@type":"WebSite","@id":"https:\/\/maismagazine.pt\/#website","url":"https:\/\/maismagazine.pt\/","name":"Mais Magazine","description":"","publisher":{"@id":"https:\/\/maismagazine.pt\/#organization"},"potentialAction":[{"@type":"SearchAction","target":{"@type":"EntryPoint","urlTemplate":"https:\/\/maismagazine.pt\/?s={search_term_string}"},"query-input":{"@type":"PropertyValueSpecification","valueRequired":true,"valueName":"search_term_string"}}],"inLanguage":"pt-PT"},{"@type":"Organization","@id":"https:\/\/maismagazine.pt\/#organization","name":"Mais Magazine","url":"https:\/\/maismagazine.pt\/","logo":{"@type":"ImageObject","inLanguage":"pt-PT","@id":"https:\/\/maismagazine.pt\/#\/schema\/logo\/image\/","url":"https:\/\/maismagazine.pt\/wp-content\/uploads\/2020\/04\/cropped-cropped-mais-magazine-site-logo-2.png","contentUrl":"https:\/\/maismagazine.pt\/wp-content\/uploads\/2020\/04\/cropped-cropped-mais-magazine-site-logo-2.png","width":581,"height":90,"caption":"Mais Magazine"},"image":{"@id":"https:\/\/maismagazine.pt\/#\/schema\/logo\/image\/"}},{"@type":"Person","@id":"https:\/\/maismagazine.pt\/#\/schema\/person\/c6c5bfccc886434cbd11c74e035f9646","name":"Tiago Costa","image":{"@type":"ImageObject","inLanguage":"pt-PT","@id":"https:\/\/maismagazine.pt\/#\/schema\/person\/image\/","url":"https:\/\/secure.gravatar.com\/avatar\/c599b2bce16c9870429198cbad5ee022?s=96&d=mm&r=g","contentUrl":"https:\/\/secure.gravatar.com\/avatar\/c599b2bce16c9870429198cbad5ee022?s=96&d=mm&r=g","caption":"Tiago Costa"},"url":"https:\/\/maismagazine.pt\/index.php\/author\/tiago\/"}]}},"author_meta":{"display_name":false,"author_link":"https:\/\/maismagazine.pt\/index.php\/author\/tiago\/"},"featured_img":"https:\/\/maismagazine.pt\/wp-content\/uploads\/2026\/04\/Sindicato-dos-Enfermeiros-1-300x200.jpg","coauthors":[],"tax_additional":{"categories":{"linked":["<a href=\"https:\/\/maismagazine.pt\/index.php\/category\/noticias\/\" class=\"advgb-post-tax-term\">Not\u00edcias<\/a>"],"unlinked":["<span class=\"advgb-post-tax-term\">Not\u00edcias<\/span>"]},"tags":{"linked":["<a href=\"https:\/\/maismagazine.pt\/index.php\/category\/noticias\/\" class=\"advgb-post-tax-term\">enfermeiros<\/a>","<a href=\"https:\/\/maismagazine.pt\/index.php\/category\/noticias\/\" class=\"advgb-post-tax-term\">SNS<\/a>"],"unlinked":["<span class=\"advgb-post-tax-term\">enfermeiros<\/span>","<span class=\"advgb-post-tax-term\">SNS<\/span>"]}},"comment_count":"0","relative_dates":{"created":"Posted 2 dias ago","modified":"Updated 2 dias ago"},"absolute_dates":{"created":"Posted on 24 de Abril, 2026","modified":"Updated on 24 de Abril, 2026"},"absolute_dates_time":{"created":"Posted on 24 de Abril, 2026 14:14","modified":"Updated on 24 de Abril, 2026 14:14"},"featured_img_caption":"","series_order":"","_links":{"self":[{"href":"https:\/\/maismagazine.pt\/index.php\/wp-json\/wp\/v2\/posts\/14204","targetHints":{"allow":["GET"]}}],"collection":[{"href":"https:\/\/maismagazine.pt\/index.php\/wp-json\/wp\/v2\/posts"}],"about":[{"href":"https:\/\/maismagazine.pt\/index.php\/wp-json\/wp\/v2\/types\/post"}],"author":[{"embeddable":true,"href":"https:\/\/maismagazine.pt\/index.php\/wp-json\/wp\/v2\/users\/17"}],"replies":[{"embeddable":true,"href":"https:\/\/maismagazine.pt\/index.php\/wp-json\/wp\/v2\/comments?post=14204"}],"version-history":[{"count":1,"href":"https:\/\/maismagazine.pt\/index.php\/wp-json\/wp\/v2\/posts\/14204\/revisions"}],"predecessor-version":[{"id":14207,"href":"https:\/\/maismagazine.pt\/index.php\/wp-json\/wp\/v2\/posts\/14204\/revisions\/14207"}],"wp:featuredmedia":[{"embeddable":true,"href":"https:\/\/maismagazine.pt\/index.php\/wp-json\/wp\/v2\/media\/14206"}],"wp:attachment":[{"href":"https:\/\/maismagazine.pt\/index.php\/wp-json\/wp\/v2\/media?parent=14204"}],"wp:term":[{"taxonomy":"category","embeddable":true,"href":"https:\/\/maismagazine.pt\/index.php\/wp-json\/wp\/v2\/categories?post=14204"},{"taxonomy":"post_tag","embeddable":true,"href":"https:\/\/maismagazine.pt\/index.php\/wp-json\/wp\/v2\/tags?post=14204"}],"curies":[{"name":"wp","href":"https:\/\/api.w.org\/{rel}","templated":true}]}}