{"id":1400,"date":"2021-10-30T07:00:00","date_gmt":"2021-10-30T07:00:00","guid":{"rendered":"https:\/\/maismagazine.pt\/?p=1400"},"modified":"2021-11-17T17:38:55","modified_gmt":"2021-11-17T17:38:55","slug":"by-heart-prepara-um-inverno-mais-quente","status":"publish","type":"post","link":"https:\/\/maismagazine.pt\/index.php\/2021\/10\/30\/by-heart-prepara-um-inverno-mais-quente\/","title":{"rendered":"By Heart prepara um Inverno mais quente"},"content":{"rendered":"\n<p><strong>As S\u00f3cias da By Heart, Ana Valente e Sara Afonso, s\u00e3o duas mulheres empreendedoras que se destacam pela cumplicidade m\u00fatua, pela vontade de desafios, pelo profissionalismo, pela ambi\u00e7\u00e3o e pela vontade de querer saber mais. <\/strong><\/p>\n\n\n\n<div class=\"wp-block-image\"><figure class=\"aligncenter size-large\"><img loading=\"lazy\" decoding=\"async\" width=\"1024\" height=\"1024\" src=\"http:\/\/maismagazine.pt\/wp-content\/uploads\/2021\/10\/240291812_164603202417482_892084458471316655_n-1024x1024.jpg\" alt=\"\" class=\"wp-image-1406\" srcset=\"https:\/\/maismagazine.pt\/wp-content\/uploads\/2021\/10\/240291812_164603202417482_892084458471316655_n-1024x1024.jpg 1024w, https:\/\/maismagazine.pt\/wp-content\/uploads\/2021\/10\/240291812_164603202417482_892084458471316655_n-300x300.jpg 300w, https:\/\/maismagazine.pt\/wp-content\/uploads\/2021\/10\/240291812_164603202417482_892084458471316655_n-150x150.jpg 150w, https:\/\/maismagazine.pt\/wp-content\/uploads\/2021\/10\/240291812_164603202417482_892084458471316655_n-768x768.jpg 768w, https:\/\/maismagazine.pt\/wp-content\/uploads\/2021\/10\/240291812_164603202417482_892084458471316655_n.jpg 1440w\" sizes=\"auto, (max-width: 1024px) 100vw, 1024px\" \/><\/figure><\/div>\n\n\n\n<p>A By Heart \u2013 Architecture &amp; Interior Design nasce, naturalmente, da vontade e da paix\u00e3o de duas mulheres empreendedoras, profissionais comprometidas com a arquitetura e o design de interiores, unidas pela cumplicidade, empatia e o gosto de enfrentar e vencer novos desafios. Desde o primeiro momento em que se conheceram que a empatia e a sintonia do olhar est\u00e9tico e pr\u00e1tico do processo decorativo foram imediatas. \u201c\u00c9 engra\u00e7ado perceber que, mesmo sem falarmos, chegamos a entendimentos e propostas iguais\u201d \u2013 afirma Sara Afonso. \u201c\u00c9 verdade, desde o in\u00edcio, quando mal nos conhec\u00edamos, a sintonia j\u00e1 era perfeita\u201d \u2013 acrescenta Ana Valente. A By Heart resulta dessa cria\u00e7\u00e3o conjunta. <\/p>\n\n\n\n<p><\/p>\n\n\n\n<p><strong>A loja \u201cpara al\u00e9m do sof\u00e1, da almofada e da jarra\u201d<\/strong><\/p>\n\n\n\n<p>A loja da By Heart \u00e9 mais do que o sof\u00e1, a almofada, ou a jarra. Aqui encontra pavimentos, tintas, azulejos, bem como outros componentes importantes na constru\u00e7\u00e3o do espa\u00e7o interior, e uma equipa t\u00e9cnica e profissional pronta para ajudar e guiar o Cliente nas suas escolhas, oferecendo um servi\u00e7o diferenciado, com preocupa\u00e7\u00e3o pelo detalhe, dedicado e personalizado a cada situa\u00e7\u00e3o e espa\u00e7o. Outro fator e caracter\u00edstica diferenciadora, e que garante o sucesso da By Heart, s\u00e3o a capacidade de compreender os desejos e conhecer os gostos e sensibilidades dos Clientes, fazendo um caminho comum com o objetivo de superar o resultado desejado e sonhado pelo Cliente. A grande diversidade de nacionalidades dos Clientes acrescenta o desafio de outras culturas e tradi\u00e7\u00f5es. <\/p>\n\n\n\n<div class=\"wp-block-image\"><figure class=\"aligncenter size-large\"><img loading=\"lazy\" decoding=\"async\" width=\"1024\" height=\"1024\" src=\"http:\/\/maismagazine.pt\/wp-content\/uploads\/2021\/10\/225667264_150657337145402_2230006540088751457_n-1024x1024.jpg\" alt=\"\" class=\"wp-image-1407\" srcset=\"https:\/\/maismagazine.pt\/wp-content\/uploads\/2021\/10\/225667264_150657337145402_2230006540088751457_n-1024x1024.jpg 1024w, https:\/\/maismagazine.pt\/wp-content\/uploads\/2021\/10\/225667264_150657337145402_2230006540088751457_n-300x300.jpg 300w, https:\/\/maismagazine.pt\/wp-content\/uploads\/2021\/10\/225667264_150657337145402_2230006540088751457_n-150x150.jpg 150w, https:\/\/maismagazine.pt\/wp-content\/uploads\/2021\/10\/225667264_150657337145402_2230006540088751457_n-768x767.jpg 768w, https:\/\/maismagazine.pt\/wp-content\/uploads\/2021\/10\/225667264_150657337145402_2230006540088751457_n.jpg 1440w\" sizes=\"auto, (max-width: 1024px) 100vw, 1024px\" \/><\/figure><\/div>\n\n\n\n<p><strong>O epis\u00f3dio que lhes tocou o cora\u00e7\u00e3o<\/strong><\/p>\n\n\n\n<p>A este prop\u00f3sito, contam-nos a hist\u00f3ria de um Cliente cujo projeto de arquitetura e gest\u00e3o da obra a Sara lidera, desde 2019, e decorreu em plena pandemia, enfrentando os desafios colocados pelo zoom &#8230; \u201cver e escolher texturas e cores atrav\u00e9s de um ecr\u00e3, a milhares de quil\u00f3metros de dist\u00e2ncia, \u00e9 um desafio e uma aventura\u201d \u2013 revela Ana Valente.  Em Maio, quando foi poss\u00edvel viajar, o casal veio a Portugal visitar a obra, question\u00e1mo-nos sobre a op\u00e7\u00e3o de pintar a lareira de azul. No entanto, prepar\u00e1mos v\u00e1rias amostras, para que o Cliente pudesse ver in loco outras op\u00e7\u00f5es e decidir \u2013 conta Ana Valente. Chegado o momento, a resposta foi uma enorme gargalhada. A Sara ganhou! \u2013 afirmou o casal. Tinham concordado durante a viagem em n\u00e3o aceitar o azul e estavam determinados em rejeitar a escolha proposta pela Sara. Esta hist\u00f3ria \u00e9 para a Ana Valente e a Sara Afonso marcante, porque revela a liga\u00e7\u00e3o estreita e significante que partilham com os seus Clientes e reafirma a convic\u00e7\u00e3o de que n\u00e3o basta conhecer e compreender os espa\u00e7os, o importante s\u00e3o sempre as pessoas, a sua hist\u00f3ria e sonhos. A By Heart est\u00e1 no mercado para traduzir e criar esses espa\u00e7os de conforto e bem-estar de forma est\u00e9tica e funcional. A pandemia da COVID-19 levou as pessoas a olhar mais para a sua casa e a dar-lhe outra aten\u00e7\u00e3o, admite Ana Valente, que reconhece haver um aumento de procura, no que diz respeito a \u201crefazer toda a casa\u201d. Sobre objetivos para o futuro, Sara Afonso diz n\u00e3o querer \u201cabrir j\u00e1 todo o leque de sonhos\u201d, mas antecipa que ser\u00e1 um inverno \u201cmuito quente\u201d acompanhado de noites de jazz, convidados e inaugura\u00e7\u00f5es, onde se prima o conhecimento de produtos nacionais e muitas novidades. A cria\u00e7\u00e3o de novos espa\u00e7os By Heart \u00e9 outro dos objetivos. <\/p>\n\n\n\n<div class=\"wp-block-image\"><figure class=\"aligncenter size-full\"><img loading=\"lazy\" decoding=\"async\" width=\"614\" height=\"669\" src=\"http:\/\/maismagazine.pt\/wp-content\/uploads\/2021\/10\/212743067_139602694917533_6025725718175570940_n.jpg\" alt=\"\" class=\"wp-image-1405\" srcset=\"https:\/\/maismagazine.pt\/wp-content\/uploads\/2021\/10\/212743067_139602694917533_6025725718175570940_n.jpg 614w, https:\/\/maismagazine.pt\/wp-content\/uploads\/2021\/10\/212743067_139602694917533_6025725718175570940_n-275x300.jpg 275w\" sizes=\"auto, (max-width: 614px) 100vw, 614px\" \/><\/figure><\/div>\n\n\n\n<p><strong>Quem s\u00e3o as s\u00f3cias da By Heart?<\/strong><\/p>\n\n\n\n<p>Ana Valente, licenciou-se em Arquiteta de Interiores, apaixonada pela arte e o desejo de saber, fez \u201cuma passagem obrigat\u00f3ria pela Funda\u00e7\u00e3o Ricardo Esp\u00edrito Santo\u201d &#8211; afirma. Ap\u00f3s a licenciatura e o Curso de conserva\u00e7\u00e3o e restauro, partiu para Barcelona onde continuou os estudos e trabalhou durante alguns anos. Em 2013 criou a P\u00f3 de Madeira disponibilizando um servi\u00e7o personalizado de decora\u00e7\u00e3o e remodela\u00e7\u00e3o de interiores. A necessidade constante de aprender e a vontade de conhecer os materiais e as t\u00e9cnicas mais inovadoras t\u00eam permitido responder com sucesso a desafios em \u00e1reas t\u00e3o diferenciadas como a hotelaria, os empreendimentos tur\u00edsticos ou a habita\u00e7\u00e3o particular. <\/p>\n\n\n\n<p>Sara Afonso, licenciou-se em Arquitetura em Bruxelas, e em pintura na Escola de Belas Artes, tendo o gosto pela lei \u2013 como a pr\u00f3pria afirma \u2013, levado ao mestrado em Direito do Urbanismo, em Coimbra. Em 2017 cria, com o seu marido Jo\u00e3o Resende, o Atelier Something Imaginary com a miss\u00e3o de concretizar com excel\u00eancia e inova\u00e7\u00e3o os sonhos dos seus clientes. A aposta em projetos de chave na m\u00e3o, resulta da procura dos seus Clientes, que ao longo do processo, aprenderam a confiar nas escolhas e nas propostas apresentadas, exigindo uma oferta mais alargada e dedicada. A By Heart nasce naturalmente da necessidade de dar uma resposta mais completa e inovadora.<\/p>\n","protected":false},"excerpt":{"rendered":"<p>As S\u00f3cias da By Heart, Ana Valente e Sara Afonso, s\u00e3o duas mulheres empreendedoras que se destacam pela cumplicidade m\u00fatua, pela vontade de desafios, pelo profissionalismo, pela ambi\u00e7\u00e3o e pela vontade de querer saber mais. A By Heart \u2013 Architecture &amp; Interior Design nasce, naturalmente, da vontade e da paix\u00e3o&hellip;<\/p>\n","protected":false},"author":7,"featured_media":1407,"comment_status":"open","ping_status":"open","sticky":false,"template":"","format":"standard","meta":{"advgb_blocks_editor_width":"","advgb_blocks_columns_visual_guide":"","_monsterinsights_skip_tracking":false,"_monsterinsights_sitenote_active":false,"_monsterinsights_sitenote_note":"","_monsterinsights_sitenote_category":0,"footnotes":""},"categories":[77,82,6],"tags":[93,86],"class_list":["post-1400","post","type-post","status-publish","format-standard","has-post-thumbnail","hentry","category-arquitetura-e-construcao","category-decoracao","category-empreendedorismo","tag-arquitetura","tag-design-de-interiores"],"yoast_head":"<!-- This site is optimized with the Yoast SEO plugin v24.4 - https:\/\/yoast.com\/wordpress\/plugins\/seo\/ -->\n<title>By Heart prepara um Inverno mais quente - Mais Magazine<\/title>\n<meta name=\"description\" content=\"As S\u00f3cias da By Heart, Ana Valente e Sara Afonso, s\u00e3o duas mulheres empreendedoras que se destacam pela cumplicidade m\u00fatua, pela vontade de desafios, pelo profissionalismo, pela ambi\u00e7\u00e3o e pela vontade de querer saber mais.\" \/>\n<meta name=\"robots\" content=\"index, follow, max-snippet:-1, max-image-preview:large, max-video-preview:-1\" \/>\n<link rel=\"canonical\" href=\"https:\/\/maismagazine.pt\/index.php\/2021\/10\/30\/by-heart-prepara-um-inverno-mais-quente\/\" \/>\n<meta property=\"og:locale\" content=\"pt_PT\" \/>\n<meta property=\"og:type\" content=\"article\" \/>\n<meta property=\"og:title\" content=\"By Heart prepara um Inverno mais quente - Mais Magazine\" \/>\n<meta property=\"og:description\" content=\"As S\u00f3cias da By Heart, Ana Valente e Sara Afonso, s\u00e3o duas mulheres empreendedoras que se destacam pela cumplicidade m\u00fatua, pela vontade de desafios, pelo profissionalismo, pela ambi\u00e7\u00e3o e pela vontade de querer saber mais.\" \/>\n<meta property=\"og:url\" content=\"https:\/\/maismagazine.pt\/index.php\/2021\/10\/30\/by-heart-prepara-um-inverno-mais-quente\/\" \/>\n<meta property=\"og:site_name\" content=\"Mais Magazine\" \/>\n<meta property=\"article:published_time\" content=\"2021-10-30T07:00:00+00:00\" \/>\n<meta property=\"article:modified_time\" content=\"2021-11-17T17:38:55+00:00\" \/>\n<meta property=\"og:image\" content=\"https:\/\/maismagazine.pt\/wp-content\/uploads\/2021\/10\/225667264_150657337145402_2230006540088751457_n.jpg\" \/>\n\t<meta property=\"og:image:width\" content=\"1440\" \/>\n\t<meta property=\"og:image:height\" content=\"1439\" \/>\n\t<meta property=\"og:image:type\" content=\"image\/jpeg\" \/>\n<meta name=\"author\" content=\"Jo\u00e3o Malainho\" \/>\n<meta name=\"twitter:card\" content=\"summary_large_image\" \/>\n<meta name=\"twitter:label1\" content=\"Escrito por\" \/>\n\t<meta name=\"twitter:data1\" content=\"\" \/>\n\t<meta name=\"twitter:label2\" content=\"Tempo estimado de leitura\" \/>\n\t<meta name=\"twitter:data2\" content=\"5 minutos\" \/>\n<script type=\"application\/ld+json\" class=\"yoast-schema-graph\">{\"@context\":\"https:\/\/schema.org\",\"@graph\":[{\"@type\":\"Article\",\"@id\":\"https:\/\/maismagazine.pt\/index.php\/2021\/10\/30\/by-heart-prepara-um-inverno-mais-quente\/#article\",\"isPartOf\":{\"@id\":\"https:\/\/maismagazine.pt\/index.php\/2021\/10\/30\/by-heart-prepara-um-inverno-mais-quente\/\"},\"author\":{\"name\":\"Jo\u00e3o Malainho\",\"@id\":\"http:\/\/maismagazine.pt\/#\/schema\/person\/999bd426f894ff56d397ec12ebd21ebb\"},\"headline\":\"By Heart prepara um Inverno mais quente\",\"datePublished\":\"2021-10-30T07:00:00+00:00\",\"dateModified\":\"2021-11-17T17:38:55+00:00\",\"mainEntityOfPage\":{\"@id\":\"https:\/\/maismagazine.pt\/index.php\/2021\/10\/30\/by-heart-prepara-um-inverno-mais-quente\/\"},\"wordCount\":870,\"commentCount\":0,\"publisher\":{\"@id\":\"http:\/\/maismagazine.pt\/#organization\"},\"image\":{\"@id\":\"https:\/\/maismagazine.pt\/index.php\/2021\/10\/30\/by-heart-prepara-um-inverno-mais-quente\/#primaryimage\"},\"thumbnailUrl\":\"https:\/\/maismagazine.pt\/wp-content\/uploads\/2021\/10\/225667264_150657337145402_2230006540088751457_n.jpg\",\"keywords\":[\"Arquitetura\",\"Design de Interiores\"],\"articleSection\":[\"Arquitetura e Constru\u00e7\u00e3o\",\"Decora\u00e7\u00e3o\",\"Empreendedorismo\"],\"inLanguage\":\"pt-PT\",\"potentialAction\":[{\"@type\":\"CommentAction\",\"name\":\"Comment\",\"target\":[\"https:\/\/maismagazine.pt\/index.php\/2021\/10\/30\/by-heart-prepara-um-inverno-mais-quente\/#respond\"]}]},{\"@type\":\"WebPage\",\"@id\":\"https:\/\/maismagazine.pt\/index.php\/2021\/10\/30\/by-heart-prepara-um-inverno-mais-quente\/\",\"url\":\"https:\/\/maismagazine.pt\/index.php\/2021\/10\/30\/by-heart-prepara-um-inverno-mais-quente\/\",\"name\":\"By Heart prepara um Inverno mais quente - Mais Magazine\",\"isPartOf\":{\"@id\":\"http:\/\/maismagazine.pt\/#website\"},\"primaryImageOfPage\":{\"@id\":\"https:\/\/maismagazine.pt\/index.php\/2021\/10\/30\/by-heart-prepara-um-inverno-mais-quente\/#primaryimage\"},\"image\":{\"@id\":\"https:\/\/maismagazine.pt\/index.php\/2021\/10\/30\/by-heart-prepara-um-inverno-mais-quente\/#primaryimage\"},\"thumbnailUrl\":\"https:\/\/maismagazine.pt\/wp-content\/uploads\/2021\/10\/225667264_150657337145402_2230006540088751457_n.jpg\",\"datePublished\":\"2021-10-30T07:00:00+00:00\",\"dateModified\":\"2021-11-17T17:38:55+00:00\",\"description\":\"As S\u00f3cias da By Heart, Ana Valente e Sara Afonso, s\u00e3o duas mulheres empreendedoras que se destacam pela cumplicidade m\u00fatua, pela vontade de desafios, pelo profissionalismo, pela ambi\u00e7\u00e3o e pela vontade de querer saber mais.\",\"breadcrumb\":{\"@id\":\"https:\/\/maismagazine.pt\/index.php\/2021\/10\/30\/by-heart-prepara-um-inverno-mais-quente\/#breadcrumb\"},\"inLanguage\":\"pt-PT\",\"potentialAction\":[{\"@type\":\"ReadAction\",\"target\":[\"https:\/\/maismagazine.pt\/index.php\/2021\/10\/30\/by-heart-prepara-um-inverno-mais-quente\/\"]}]},{\"@type\":\"ImageObject\",\"inLanguage\":\"pt-PT\",\"@id\":\"https:\/\/maismagazine.pt\/index.php\/2021\/10\/30\/by-heart-prepara-um-inverno-mais-quente\/#primaryimage\",\"url\":\"https:\/\/maismagazine.pt\/wp-content\/uploads\/2021\/10\/225667264_150657337145402_2230006540088751457_n.jpg\",\"contentUrl\":\"https:\/\/maismagazine.pt\/wp-content\/uploads\/2021\/10\/225667264_150657337145402_2230006540088751457_n.jpg\",\"width\":1440,\"height\":1439},{\"@type\":\"BreadcrumbList\",\"@id\":\"https:\/\/maismagazine.pt\/index.php\/2021\/10\/30\/by-heart-prepara-um-inverno-mais-quente\/#breadcrumb\",\"itemListElement\":[{\"@type\":\"ListItem\",\"position\":1,\"name\":\"Home\",\"item\":\"http:\/\/maismagazine.pt\/\"},{\"@type\":\"ListItem\",\"position\":2,\"name\":\"By Heart prepara um Inverno mais quente\"}]},{\"@type\":\"WebSite\",\"@id\":\"http:\/\/maismagazine.pt\/#website\",\"url\":\"http:\/\/maismagazine.pt\/\",\"name\":\"Mais Magazine\",\"description\":\"\",\"publisher\":{\"@id\":\"http:\/\/maismagazine.pt\/#organization\"},\"potentialAction\":[{\"@type\":\"SearchAction\",\"target\":{\"@type\":\"EntryPoint\",\"urlTemplate\":\"http:\/\/maismagazine.pt\/?s={search_term_string}\"},\"query-input\":{\"@type\":\"PropertyValueSpecification\",\"valueRequired\":true,\"valueName\":\"search_term_string\"}}],\"inLanguage\":\"pt-PT\"},{\"@type\":\"Organization\",\"@id\":\"http:\/\/maismagazine.pt\/#organization\",\"name\":\"Mais Magazine\",\"url\":\"http:\/\/maismagazine.pt\/\",\"logo\":{\"@type\":\"ImageObject\",\"inLanguage\":\"pt-PT\",\"@id\":\"http:\/\/maismagazine.pt\/#\/schema\/logo\/image\/\",\"url\":\"https:\/\/maismagazine.pt\/wp-content\/uploads\/2020\/04\/cropped-cropped-mais-magazine-site-logo-2.png\",\"contentUrl\":\"https:\/\/maismagazine.pt\/wp-content\/uploads\/2020\/04\/cropped-cropped-mais-magazine-site-logo-2.png\",\"width\":581,\"height\":90,\"caption\":\"Mais Magazine\"},\"image\":{\"@id\":\"http:\/\/maismagazine.pt\/#\/schema\/logo\/image\/\"}},{\"@type\":\"Person\",\"@id\":\"http:\/\/maismagazine.pt\/#\/schema\/person\/999bd426f894ff56d397ec12ebd21ebb\",\"name\":\"Jo\u00e3o Malainho\",\"image\":{\"@type\":\"ImageObject\",\"inLanguage\":\"pt-PT\",\"@id\":\"http:\/\/maismagazine.pt\/#\/schema\/person\/image\/\",\"url\":\"https:\/\/secure.gravatar.com\/avatar\/ff03c2f38edf60b2a827aa4f74878491?s=96&d=mm&r=g\",\"contentUrl\":\"https:\/\/secure.gravatar.com\/avatar\/ff03c2f38edf60b2a827aa4f74878491?s=96&d=mm&r=g\",\"caption\":\"Jo\u00e3o Malainho\"},\"url\":\"https:\/\/maismagazine.pt\/index.php\/author\/maismagazine\/\"}]}<\/script>\n<!-- \/ Yoast SEO plugin. -->","yoast_head_json":{"title":"By Heart prepara um Inverno mais quente - Mais Magazine","description":"As S\u00f3cias da By Heart, Ana Valente e Sara Afonso, s\u00e3o duas mulheres empreendedoras que se destacam pela cumplicidade m\u00fatua, pela vontade de desafios, pelo profissionalismo, pela ambi\u00e7\u00e3o e pela vontade de querer saber mais.","robots":{"index":"index","follow":"follow","max-snippet":"max-snippet:-1","max-image-preview":"max-image-preview:large","max-video-preview":"max-video-preview:-1"},"canonical":"https:\/\/maismagazine.pt\/index.php\/2021\/10\/30\/by-heart-prepara-um-inverno-mais-quente\/","og_locale":"pt_PT","og_type":"article","og_title":"By Heart prepara um Inverno mais quente - Mais Magazine","og_description":"As S\u00f3cias da By Heart, Ana Valente e Sara Afonso, s\u00e3o duas mulheres empreendedoras que se destacam pela cumplicidade m\u00fatua, pela vontade de desafios, pelo profissionalismo, pela ambi\u00e7\u00e3o e pela vontade de querer saber mais.","og_url":"https:\/\/maismagazine.pt\/index.php\/2021\/10\/30\/by-heart-prepara-um-inverno-mais-quente\/","og_site_name":"Mais Magazine","article_published_time":"2021-10-30T07:00:00+00:00","article_modified_time":"2021-11-17T17:38:55+00:00","og_image":[{"width":1440,"height":1439,"url":"https:\/\/maismagazine.pt\/wp-content\/uploads\/2021\/10\/225667264_150657337145402_2230006540088751457_n.jpg","type":"image\/jpeg"}],"author":"Jo\u00e3o Malainho","twitter_card":"summary_large_image","twitter_misc":{"Escrito por":false,"Tempo estimado de leitura":"5 minutos"},"schema":{"@context":"https:\/\/schema.org","@graph":[{"@type":"Article","@id":"https:\/\/maismagazine.pt\/index.php\/2021\/10\/30\/by-heart-prepara-um-inverno-mais-quente\/#article","isPartOf":{"@id":"https:\/\/maismagazine.pt\/index.php\/2021\/10\/30\/by-heart-prepara-um-inverno-mais-quente\/"},"author":{"name":"Jo\u00e3o Malainho","@id":"http:\/\/maismagazine.pt\/#\/schema\/person\/999bd426f894ff56d397ec12ebd21ebb"},"headline":"By Heart prepara um Inverno mais quente","datePublished":"2021-10-30T07:00:00+00:00","dateModified":"2021-11-17T17:38:55+00:00","mainEntityOfPage":{"@id":"https:\/\/maismagazine.pt\/index.php\/2021\/10\/30\/by-heart-prepara-um-inverno-mais-quente\/"},"wordCount":870,"commentCount":0,"publisher":{"@id":"http:\/\/maismagazine.pt\/#organization"},"image":{"@id":"https:\/\/maismagazine.pt\/index.php\/2021\/10\/30\/by-heart-prepara-um-inverno-mais-quente\/#primaryimage"},"thumbnailUrl":"https:\/\/maismagazine.pt\/wp-content\/uploads\/2021\/10\/225667264_150657337145402_2230006540088751457_n.jpg","keywords":["Arquitetura","Design de Interiores"],"articleSection":["Arquitetura e Constru\u00e7\u00e3o","Decora\u00e7\u00e3o","Empreendedorismo"],"inLanguage":"pt-PT","potentialAction":[{"@type":"CommentAction","name":"Comment","target":["https:\/\/maismagazine.pt\/index.php\/2021\/10\/30\/by-heart-prepara-um-inverno-mais-quente\/#respond"]}]},{"@type":"WebPage","@id":"https:\/\/maismagazine.pt\/index.php\/2021\/10\/30\/by-heart-prepara-um-inverno-mais-quente\/","url":"https:\/\/maismagazine.pt\/index.php\/2021\/10\/30\/by-heart-prepara-um-inverno-mais-quente\/","name":"By Heart prepara um Inverno mais quente - Mais Magazine","isPartOf":{"@id":"http:\/\/maismagazine.pt\/#website"},"primaryImageOfPage":{"@id":"https:\/\/maismagazine.pt\/index.php\/2021\/10\/30\/by-heart-prepara-um-inverno-mais-quente\/#primaryimage"},"image":{"@id":"https:\/\/maismagazine.pt\/index.php\/2021\/10\/30\/by-heart-prepara-um-inverno-mais-quente\/#primaryimage"},"thumbnailUrl":"https:\/\/maismagazine.pt\/wp-content\/uploads\/2021\/10\/225667264_150657337145402_2230006540088751457_n.jpg","datePublished":"2021-10-30T07:00:00+00:00","dateModified":"2021-11-17T17:38:55+00:00","description":"As S\u00f3cias da By Heart, Ana Valente e Sara Afonso, s\u00e3o duas mulheres empreendedoras que se destacam pela cumplicidade m\u00fatua, pela vontade de desafios, pelo profissionalismo, pela ambi\u00e7\u00e3o e pela vontade de querer saber mais.","breadcrumb":{"@id":"https:\/\/maismagazine.pt\/index.php\/2021\/10\/30\/by-heart-prepara-um-inverno-mais-quente\/#breadcrumb"},"inLanguage":"pt-PT","potentialAction":[{"@type":"ReadAction","target":["https:\/\/maismagazine.pt\/index.php\/2021\/10\/30\/by-heart-prepara-um-inverno-mais-quente\/"]}]},{"@type":"ImageObject","inLanguage":"pt-PT","@id":"https:\/\/maismagazine.pt\/index.php\/2021\/10\/30\/by-heart-prepara-um-inverno-mais-quente\/#primaryimage","url":"https:\/\/maismagazine.pt\/wp-content\/uploads\/2021\/10\/225667264_150657337145402_2230006540088751457_n.jpg","contentUrl":"https:\/\/maismagazine.pt\/wp-content\/uploads\/2021\/10\/225667264_150657337145402_2230006540088751457_n.jpg","width":1440,"height":1439},{"@type":"BreadcrumbList","@id":"https:\/\/maismagazine.pt\/index.php\/2021\/10\/30\/by-heart-prepara-um-inverno-mais-quente\/#breadcrumb","itemListElement":[{"@type":"ListItem","position":1,"name":"Home","item":"http:\/\/maismagazine.pt\/"},{"@type":"ListItem","position":2,"name":"By Heart prepara um Inverno mais quente"}]},{"@type":"WebSite","@id":"http:\/\/maismagazine.pt\/#website","url":"http:\/\/maismagazine.pt\/","name":"Mais Magazine","description":"","publisher":{"@id":"http:\/\/maismagazine.pt\/#organization"},"potentialAction":[{"@type":"SearchAction","target":{"@type":"EntryPoint","urlTemplate":"http:\/\/maismagazine.pt\/?s={search_term_string}"},"query-input":{"@type":"PropertyValueSpecification","valueRequired":true,"valueName":"search_term_string"}}],"inLanguage":"pt-PT"},{"@type":"Organization","@id":"http:\/\/maismagazine.pt\/#organization","name":"Mais Magazine","url":"http:\/\/maismagazine.pt\/","logo":{"@type":"ImageObject","inLanguage":"pt-PT","@id":"http:\/\/maismagazine.pt\/#\/schema\/logo\/image\/","url":"https:\/\/maismagazine.pt\/wp-content\/uploads\/2020\/04\/cropped-cropped-mais-magazine-site-logo-2.png","contentUrl":"https:\/\/maismagazine.pt\/wp-content\/uploads\/2020\/04\/cropped-cropped-mais-magazine-site-logo-2.png","width":581,"height":90,"caption":"Mais Magazine"},"image":{"@id":"http:\/\/maismagazine.pt\/#\/schema\/logo\/image\/"}},{"@type":"Person","@id":"http:\/\/maismagazine.pt\/#\/schema\/person\/999bd426f894ff56d397ec12ebd21ebb","name":"Jo\u00e3o Malainho","image":{"@type":"ImageObject","inLanguage":"pt-PT","@id":"http:\/\/maismagazine.pt\/#\/schema\/person\/image\/","url":"https:\/\/secure.gravatar.com\/avatar\/ff03c2f38edf60b2a827aa4f74878491?s=96&d=mm&r=g","contentUrl":"https:\/\/secure.gravatar.com\/avatar\/ff03c2f38edf60b2a827aa4f74878491?s=96&d=mm&r=g","caption":"Jo\u00e3o Malainho"},"url":"https:\/\/maismagazine.pt\/index.php\/author\/maismagazine\/"}]}},"author_meta":{"display_name":false,"author_link":"https:\/\/maismagazine.pt\/index.php\/author\/maismagazine\/"},"featured_img":"https:\/\/maismagazine.pt\/wp-content\/uploads\/2021\/10\/225667264_150657337145402_2230006540088751457_n-300x300.jpg","coauthors":[],"tax_additional":{"categories":{"linked":["<a href=\"https:\/\/maismagazine.pt\/index.php\/category\/empreendedorismo\/arquitetura-e-construcao\/\" class=\"advgb-post-tax-term\">Arquitetura e Constru\u00e7\u00e3o<\/a>","<a href=\"https:\/\/maismagazine.pt\/index.php\/category\/empreendedorismo\/decoracao\/\" class=\"advgb-post-tax-term\">Decora\u00e7\u00e3o<\/a>","<a href=\"https:\/\/maismagazine.pt\/index.php\/category\/empreendedorismo\/\" class=\"advgb-post-tax-term\">Empreendedorismo<\/a>"],"unlinked":["<span class=\"advgb-post-tax-term\">Arquitetura e Constru\u00e7\u00e3o<\/span>","<span class=\"advgb-post-tax-term\">Decora\u00e7\u00e3o<\/span>","<span class=\"advgb-post-tax-term\">Empreendedorismo<\/span>"]},"tags":{"linked":["<a href=\"https:\/\/maismagazine.pt\/index.php\/category\/empreendedorismo\/\" class=\"advgb-post-tax-term\">Arquitetura<\/a>","<a href=\"https:\/\/maismagazine.pt\/index.php\/category\/empreendedorismo\/\" class=\"advgb-post-tax-term\">Design de Interiores<\/a>"],"unlinked":["<span class=\"advgb-post-tax-term\">Arquitetura<\/span>","<span class=\"advgb-post-tax-term\">Design de Interiores<\/span>"]}},"comment_count":"0","relative_dates":{"created":"Posted 5 anos ago","modified":"Updated 4 anos ago"},"absolute_dates":{"created":"Posted on 30 de Outubro, 2021","modified":"Updated on 17 de Novembro, 2021"},"absolute_dates_time":{"created":"Posted on 30 de Outubro, 2021 7:00","modified":"Updated on 17 de Novembro, 2021 17:38"},"featured_img_caption":"","series_order":"","_links":{"self":[{"href":"https:\/\/maismagazine.pt\/index.php\/wp-json\/wp\/v2\/posts\/1400","targetHints":{"allow":["GET"]}}],"collection":[{"href":"https:\/\/maismagazine.pt\/index.php\/wp-json\/wp\/v2\/posts"}],"about":[{"href":"https:\/\/maismagazine.pt\/index.php\/wp-json\/wp\/v2\/types\/post"}],"author":[{"embeddable":true,"href":"https:\/\/maismagazine.pt\/index.php\/wp-json\/wp\/v2\/users\/7"}],"replies":[{"embeddable":true,"href":"https:\/\/maismagazine.pt\/index.php\/wp-json\/wp\/v2\/comments?post=1400"}],"version-history":[{"count":3,"href":"https:\/\/maismagazine.pt\/index.php\/wp-json\/wp\/v2\/posts\/1400\/revisions"}],"predecessor-version":[{"id":1618,"href":"https:\/\/maismagazine.pt\/index.php\/wp-json\/wp\/v2\/posts\/1400\/revisions\/1618"}],"wp:featuredmedia":[{"embeddable":true,"href":"https:\/\/maismagazine.pt\/index.php\/wp-json\/wp\/v2\/media\/1407"}],"wp:attachment":[{"href":"https:\/\/maismagazine.pt\/index.php\/wp-json\/wp\/v2\/media?parent=1400"}],"wp:term":[{"taxonomy":"category","embeddable":true,"href":"https:\/\/maismagazine.pt\/index.php\/wp-json\/wp\/v2\/categories?post=1400"},{"taxonomy":"post_tag","embeddable":true,"href":"https:\/\/maismagazine.pt\/index.php\/wp-json\/wp\/v2\/tags?post=1400"}],"curies":[{"name":"wp","href":"https:\/\/api.w.org\/{rel}","templated":true}]}}