{"id":13935,"date":"2026-04-01T16:38:37","date_gmt":"2026-04-01T15:38:37","guid":{"rendered":"https:\/\/maismagazine.pt\/?p=13935"},"modified":"2026-04-01T16:38:41","modified_gmt":"2026-04-01T15:38:41","slug":"mais-de-45-mil-estudantes-foram-a-qualifica-procurar-novos-rumos-formativos","status":"publish","type":"post","link":"https:\/\/maismagazine.pt\/index.php\/2026\/04\/01\/mais-de-45-mil-estudantes-foram-a-qualifica-procurar-novos-rumos-formativos\/","title":{"rendered":"Mais de 45 mil estudantes foram \u00e0 Qualifica procurar novos rumos formativos"},"content":{"rendered":"\n<p><strong>Numa 17.\u00aa edi\u00e7\u00e3o marcada pela reflex\u00e3o em torno do impacto da intelig\u00eancia artificial (IA) no ensino, e, tamb\u00e9m, pelo debate sobre a adequa\u00e7\u00e3o do setor educativo \u00e0s novas exig\u00eancias do mercado do trabalho, a <a href=\"https:\/\/exponor.pt\/qualifica\/\">Qualifica \u2013 Feira de Educa\u00e7\u00e3o, Forma\u00e7\u00e3o e Juventude<\/a> recebeu durante quatro dias a visita de cerca de 45 mil estudantes. <\/strong><\/p>\n\n\n\n<p><\/p>\n\n\n\n<p>Um n\u00famero que, face \u00e0 \u00faltima mostra, representa um crescimento de 7% de visitantes, dos quais cerca de 800 passaram pela 2.\u00aa edi\u00e7\u00e3o do <strong>Sal\u00e3o de Mestrados, P\u00f3s-Gradua\u00e7\u00f5es e Forma\u00e7\u00e3o Executiva<\/strong>. Espa\u00e7o que durante dois dias exibiu igualmente a oferta de v\u00e1rios graus de forma\u00e7\u00e3o e solu\u00e7\u00f5es para os desafios da aprendizagem ao longo da vida, isto num mundo empresarial e numa economia em mudan\u00e7a acelerada.<\/p>\n\n\n\n<p><\/p>\n\n\n\n<p>\u201cA edi\u00e7\u00e3o precedente j\u00e1 havia registado um crescimento de mais de 3% e esta nova subida, mais do dobro da anterior, representa que o evento est\u00e1 no rumo certo e tem correspondido \u00e0s expectativas do universo educativo portugu\u00eas\u201d, sublinhou <strong>Diogo Barbosa<\/strong>, <strong>diretor-geral da EXPONOR \u2013 Feira Internacional do Porto<\/strong>.<\/p>\n\n\n\n<p><\/p>\n\n\n\n<p>Espelho do mercado \u2013 p\u00fablico e privado &#8211; do setor, e montra de muitas novidades em produtos e servi\u00e7os, a Qualifica 2026 foi rampa de lan\u00e7amento de uma nova aplica\u00e7\u00e3o inform\u00e1tica que tamb\u00e9m quer ajudar os jovens nesta etapa decisiva da escolha certa do curso e da institui\u00e7\u00e3o de ensino superior.<\/p>\n\n\n\n<p>Trata-se da app Campus.ly, que foi um dos destaques do espa\u00e7o da Universidade do Minho no certame e que resultou de um projeto do doutorando Samuel Anjos. A qual cruza in\u00fameras vari\u00e1veis (exames, \u00e1reas, interesses, localiza\u00e7\u00f5es e custos estimados, entre outras) para determinar o curso mais indicado ao perfil de cada estudante.<\/p>\n\n\n\n<p><\/p>\n\n\n\n<p>A <strong>Qualifica<\/strong> foi o \u201claborat\u00f3rio\u201d do ensaio maior \u00e0 App, cuja vers\u00e3o final est\u00e1 prevista para junho, vindo preencher uma clara necessidade e ajudar na tomada de uma decis\u00e3o mais consciente e r\u00e1pida no futuro de milhares de jovens. Tal como a <strong>Qualifica<\/strong>, onde a oferta encontra a procura e se desfazem muitas d\u00favidas sobre o percurso acad\u00e9mico a seguir. <\/p>\n\n\n\n<p><\/p>\n","protected":false},"excerpt":{"rendered":"<p>Numa 17.\u00aa edi\u00e7\u00e3o marcada pela reflex\u00e3o em torno do impacto da intelig\u00eancia artificial (IA) no ensino, e, tamb\u00e9m, pelo debate sobre a adequa\u00e7\u00e3o do setor educativo \u00e0s novas exig\u00eancias do mercado do trabalho, a Qualifica \u2013 Feira de Educa\u00e7\u00e3o, Forma\u00e7\u00e3o e Juventude recebeu durante quatro dias a visita de cerca&hellip;<\/p>\n","protected":false},"author":17,"featured_media":13936,"comment_status":"closed","ping_status":"open","sticky":false,"template":"","format":"standard","meta":{"advgb_blocks_editor_width":"","advgb_blocks_columns_visual_guide":"","_monsterinsights_skip_tracking":false,"_monsterinsights_sitenote_active":false,"_monsterinsights_sitenote_note":"","_monsterinsights_sitenote_category":0,"footnotes":""},"categories":[7],"tags":[1310],"class_list":["post-13935","post","type-post","status-publish","format-standard","has-post-thumbnail","hentry","category-noticias","tag-qualifica"],"yoast_head":"<!-- This site is optimized with the Yoast SEO plugin v24.4 - https:\/\/yoast.com\/wordpress\/plugins\/seo\/ -->\n<title>Mais de 45 mil estudantes foram \u00e0 Qualifica procurar novos rumos formativos - Mais Magazine<\/title>\n<meta name=\"description\" content=\"Numa 17.\u00aa edi\u00e7\u00e3o marcada pela reflex\u00e3o em torno do impacto da intelig\u00eancia artificial (IA) no ensino, e, tamb\u00e9m, pelo debate sobre a adequa\u00e7\u00e3o do setor educativo \u00e0s novas exig\u00eancias do mercado do trabalho, a Qualifica \u2013 Feira de Educa\u00e7\u00e3o, Forma\u00e7\u00e3o e Juventude recebeu durante quatro dias a visita de cerca de 45 mil estudantes.\" \/>\n<meta name=\"robots\" content=\"index, follow, max-snippet:-1, max-image-preview:large, max-video-preview:-1\" \/>\n<link rel=\"canonical\" href=\"https:\/\/maismagazine.pt\/index.php\/2026\/04\/01\/mais-de-45-mil-estudantes-foram-a-qualifica-procurar-novos-rumos-formativos\/\" \/>\n<meta property=\"og:locale\" content=\"pt_PT\" \/>\n<meta property=\"og:type\" content=\"article\" \/>\n<meta property=\"og:title\" content=\"Mais de 45 mil estudantes foram \u00e0 Qualifica procurar novos rumos formativos - Mais Magazine\" \/>\n<meta property=\"og:description\" content=\"Numa 17.\u00aa edi\u00e7\u00e3o marcada pela reflex\u00e3o em torno do impacto da intelig\u00eancia artificial (IA) no ensino, e, tamb\u00e9m, pelo debate sobre a adequa\u00e7\u00e3o do setor educativo \u00e0s novas exig\u00eancias do mercado do trabalho, a Qualifica \u2013 Feira de Educa\u00e7\u00e3o, Forma\u00e7\u00e3o e Juventude recebeu durante quatro dias a visita de cerca de 45 mil estudantes.\" \/>\n<meta property=\"og:url\" content=\"https:\/\/maismagazine.pt\/index.php\/2026\/04\/01\/mais-de-45-mil-estudantes-foram-a-qualifica-procurar-novos-rumos-formativos\/\" \/>\n<meta property=\"og:site_name\" content=\"Mais Magazine\" \/>\n<meta property=\"article:published_time\" content=\"2026-04-01T15:38:37+00:00\" \/>\n<meta property=\"article:modified_time\" content=\"2026-04-01T15:38:41+00:00\" \/>\n<meta property=\"og:image\" content=\"https:\/\/maismagazine.pt\/wp-content\/uploads\/2026\/04\/qualifica2029-exponor_DSC09575.jpg\" \/>\n\t<meta property=\"og:image:width\" content=\"1044\" \/>\n\t<meta property=\"og:image:height\" content=\"696\" \/>\n\t<meta property=\"og:image:type\" content=\"image\/jpeg\" \/>\n<meta name=\"author\" content=\"Tiago Costa\" \/>\n<meta name=\"twitter:card\" content=\"summary_large_image\" \/>\n<meta name=\"twitter:label1\" content=\"Escrito por\" \/>\n\t<meta name=\"twitter:data1\" content=\"\" \/>\n\t<meta name=\"twitter:label2\" content=\"Tempo estimado de leitura\" \/>\n\t<meta name=\"twitter:data2\" content=\"3 minutos\" \/>\n<script type=\"application\/ld+json\" class=\"yoast-schema-graph\">{\"@context\":\"https:\/\/schema.org\",\"@graph\":[{\"@type\":\"Article\",\"@id\":\"https:\/\/maismagazine.pt\/index.php\/2026\/04\/01\/mais-de-45-mil-estudantes-foram-a-qualifica-procurar-novos-rumos-formativos\/#article\",\"isPartOf\":{\"@id\":\"https:\/\/maismagazine.pt\/index.php\/2026\/04\/01\/mais-de-45-mil-estudantes-foram-a-qualifica-procurar-novos-rumos-formativos\/\"},\"author\":{\"name\":\"Tiago Costa\",\"@id\":\"https:\/\/maismagazine.pt\/#\/schema\/person\/c6c5bfccc886434cbd11c74e035f9646\"},\"headline\":\"Mais de 45 mil estudantes foram \u00e0 Qualifica procurar novos rumos formativos\",\"datePublished\":\"2026-04-01T15:38:37+00:00\",\"dateModified\":\"2026-04-01T15:38:41+00:00\",\"mainEntityOfPage\":{\"@id\":\"https:\/\/maismagazine.pt\/index.php\/2026\/04\/01\/mais-de-45-mil-estudantes-foram-a-qualifica-procurar-novos-rumos-formativos\/\"},\"wordCount\":369,\"publisher\":{\"@id\":\"https:\/\/maismagazine.pt\/#organization\"},\"image\":{\"@id\":\"https:\/\/maismagazine.pt\/index.php\/2026\/04\/01\/mais-de-45-mil-estudantes-foram-a-qualifica-procurar-novos-rumos-formativos\/#primaryimage\"},\"thumbnailUrl\":\"https:\/\/maismagazine.pt\/wp-content\/uploads\/2026\/04\/qualifica2029-exponor_DSC09575.jpg\",\"keywords\":[\"Qualifica\"],\"articleSection\":[\"Not\u00edcias\"],\"inLanguage\":\"pt-PT\"},{\"@type\":\"WebPage\",\"@id\":\"https:\/\/maismagazine.pt\/index.php\/2026\/04\/01\/mais-de-45-mil-estudantes-foram-a-qualifica-procurar-novos-rumos-formativos\/\",\"url\":\"https:\/\/maismagazine.pt\/index.php\/2026\/04\/01\/mais-de-45-mil-estudantes-foram-a-qualifica-procurar-novos-rumos-formativos\/\",\"name\":\"Mais de 45 mil estudantes foram \u00e0 Qualifica procurar novos rumos formativos - Mais Magazine\",\"isPartOf\":{\"@id\":\"https:\/\/maismagazine.pt\/#website\"},\"primaryImageOfPage\":{\"@id\":\"https:\/\/maismagazine.pt\/index.php\/2026\/04\/01\/mais-de-45-mil-estudantes-foram-a-qualifica-procurar-novos-rumos-formativos\/#primaryimage\"},\"image\":{\"@id\":\"https:\/\/maismagazine.pt\/index.php\/2026\/04\/01\/mais-de-45-mil-estudantes-foram-a-qualifica-procurar-novos-rumos-formativos\/#primaryimage\"},\"thumbnailUrl\":\"https:\/\/maismagazine.pt\/wp-content\/uploads\/2026\/04\/qualifica2029-exponor_DSC09575.jpg\",\"datePublished\":\"2026-04-01T15:38:37+00:00\",\"dateModified\":\"2026-04-01T15:38:41+00:00\",\"description\":\"Numa 17.\u00aa edi\u00e7\u00e3o marcada pela reflex\u00e3o em torno do impacto da intelig\u00eancia artificial (IA) no ensino, e, tamb\u00e9m, pelo debate sobre a adequa\u00e7\u00e3o do setor educativo \u00e0s novas exig\u00eancias do mercado do trabalho, a Qualifica \u2013 Feira de Educa\u00e7\u00e3o, Forma\u00e7\u00e3o e Juventude recebeu durante quatro dias a visita de cerca de 45 mil estudantes.\",\"breadcrumb\":{\"@id\":\"https:\/\/maismagazine.pt\/index.php\/2026\/04\/01\/mais-de-45-mil-estudantes-foram-a-qualifica-procurar-novos-rumos-formativos\/#breadcrumb\"},\"inLanguage\":\"pt-PT\",\"potentialAction\":[{\"@type\":\"ReadAction\",\"target\":[\"https:\/\/maismagazine.pt\/index.php\/2026\/04\/01\/mais-de-45-mil-estudantes-foram-a-qualifica-procurar-novos-rumos-formativos\/\"]}]},{\"@type\":\"ImageObject\",\"inLanguage\":\"pt-PT\",\"@id\":\"https:\/\/maismagazine.pt\/index.php\/2026\/04\/01\/mais-de-45-mil-estudantes-foram-a-qualifica-procurar-novos-rumos-formativos\/#primaryimage\",\"url\":\"https:\/\/maismagazine.pt\/wp-content\/uploads\/2026\/04\/qualifica2029-exponor_DSC09575.jpg\",\"contentUrl\":\"https:\/\/maismagazine.pt\/wp-content\/uploads\/2026\/04\/qualifica2029-exponor_DSC09575.jpg\",\"width\":1044,\"height\":696},{\"@type\":\"BreadcrumbList\",\"@id\":\"https:\/\/maismagazine.pt\/index.php\/2026\/04\/01\/mais-de-45-mil-estudantes-foram-a-qualifica-procurar-novos-rumos-formativos\/#breadcrumb\",\"itemListElement\":[{\"@type\":\"ListItem\",\"position\":1,\"name\":\"Home\",\"item\":\"https:\/\/maismagazine.pt\/\"},{\"@type\":\"ListItem\",\"position\":2,\"name\":\"Mais de 45 mil estudantes foram \u00e0 Qualifica procurar novos rumos formativos\"}]},{\"@type\":\"WebSite\",\"@id\":\"https:\/\/maismagazine.pt\/#website\",\"url\":\"https:\/\/maismagazine.pt\/\",\"name\":\"Mais Magazine\",\"description\":\"\",\"publisher\":{\"@id\":\"https:\/\/maismagazine.pt\/#organization\"},\"potentialAction\":[{\"@type\":\"SearchAction\",\"target\":{\"@type\":\"EntryPoint\",\"urlTemplate\":\"https:\/\/maismagazine.pt\/?s={search_term_string}\"},\"query-input\":{\"@type\":\"PropertyValueSpecification\",\"valueRequired\":true,\"valueName\":\"search_term_string\"}}],\"inLanguage\":\"pt-PT\"},{\"@type\":\"Organization\",\"@id\":\"https:\/\/maismagazine.pt\/#organization\",\"name\":\"Mais Magazine\",\"url\":\"https:\/\/maismagazine.pt\/\",\"logo\":{\"@type\":\"ImageObject\",\"inLanguage\":\"pt-PT\",\"@id\":\"https:\/\/maismagazine.pt\/#\/schema\/logo\/image\/\",\"url\":\"https:\/\/maismagazine.pt\/wp-content\/uploads\/2020\/04\/cropped-cropped-mais-magazine-site-logo-2.png\",\"contentUrl\":\"https:\/\/maismagazine.pt\/wp-content\/uploads\/2020\/04\/cropped-cropped-mais-magazine-site-logo-2.png\",\"width\":581,\"height\":90,\"caption\":\"Mais Magazine\"},\"image\":{\"@id\":\"https:\/\/maismagazine.pt\/#\/schema\/logo\/image\/\"}},{\"@type\":\"Person\",\"@id\":\"https:\/\/maismagazine.pt\/#\/schema\/person\/c6c5bfccc886434cbd11c74e035f9646\",\"name\":\"Tiago Costa\",\"image\":{\"@type\":\"ImageObject\",\"inLanguage\":\"pt-PT\",\"@id\":\"https:\/\/maismagazine.pt\/#\/schema\/person\/image\/\",\"url\":\"https:\/\/secure.gravatar.com\/avatar\/c599b2bce16c9870429198cbad5ee022?s=96&d=mm&r=g\",\"contentUrl\":\"https:\/\/secure.gravatar.com\/avatar\/c599b2bce16c9870429198cbad5ee022?s=96&d=mm&r=g\",\"caption\":\"Tiago Costa\"},\"url\":\"https:\/\/maismagazine.pt\/index.php\/author\/tiago\/\"}]}<\/script>\n<!-- \/ Yoast SEO plugin. -->","yoast_head_json":{"title":"Mais de 45 mil estudantes foram \u00e0 Qualifica procurar novos rumos formativos - Mais Magazine","description":"Numa 17.\u00aa edi\u00e7\u00e3o marcada pela reflex\u00e3o em torno do impacto da intelig\u00eancia artificial (IA) no ensino, e, tamb\u00e9m, pelo debate sobre a adequa\u00e7\u00e3o do setor educativo \u00e0s novas exig\u00eancias do mercado do trabalho, a Qualifica \u2013 Feira de Educa\u00e7\u00e3o, Forma\u00e7\u00e3o e Juventude recebeu durante quatro dias a visita de cerca de 45 mil estudantes.","robots":{"index":"index","follow":"follow","max-snippet":"max-snippet:-1","max-image-preview":"max-image-preview:large","max-video-preview":"max-video-preview:-1"},"canonical":"https:\/\/maismagazine.pt\/index.php\/2026\/04\/01\/mais-de-45-mil-estudantes-foram-a-qualifica-procurar-novos-rumos-formativos\/","og_locale":"pt_PT","og_type":"article","og_title":"Mais de 45 mil estudantes foram \u00e0 Qualifica procurar novos rumos formativos - Mais Magazine","og_description":"Numa 17.\u00aa edi\u00e7\u00e3o marcada pela reflex\u00e3o em torno do impacto da intelig\u00eancia artificial (IA) no ensino, e, tamb\u00e9m, pelo debate sobre a adequa\u00e7\u00e3o do setor educativo \u00e0s novas exig\u00eancias do mercado do trabalho, a Qualifica \u2013 Feira de Educa\u00e7\u00e3o, Forma\u00e7\u00e3o e Juventude recebeu durante quatro dias a visita de cerca de 45 mil estudantes.","og_url":"https:\/\/maismagazine.pt\/index.php\/2026\/04\/01\/mais-de-45-mil-estudantes-foram-a-qualifica-procurar-novos-rumos-formativos\/","og_site_name":"Mais Magazine","article_published_time":"2026-04-01T15:38:37+00:00","article_modified_time":"2026-04-01T15:38:41+00:00","og_image":[{"width":1044,"height":696,"url":"https:\/\/maismagazine.pt\/wp-content\/uploads\/2026\/04\/qualifica2029-exponor_DSC09575.jpg","type":"image\/jpeg"}],"author":"Tiago Costa","twitter_card":"summary_large_image","twitter_misc":{"Escrito por":false,"Tempo estimado de leitura":"3 minutos"},"schema":{"@context":"https:\/\/schema.org","@graph":[{"@type":"Article","@id":"https:\/\/maismagazine.pt\/index.php\/2026\/04\/01\/mais-de-45-mil-estudantes-foram-a-qualifica-procurar-novos-rumos-formativos\/#article","isPartOf":{"@id":"https:\/\/maismagazine.pt\/index.php\/2026\/04\/01\/mais-de-45-mil-estudantes-foram-a-qualifica-procurar-novos-rumos-formativos\/"},"author":{"name":"Tiago Costa","@id":"https:\/\/maismagazine.pt\/#\/schema\/person\/c6c5bfccc886434cbd11c74e035f9646"},"headline":"Mais de 45 mil estudantes foram \u00e0 Qualifica procurar novos rumos formativos","datePublished":"2026-04-01T15:38:37+00:00","dateModified":"2026-04-01T15:38:41+00:00","mainEntityOfPage":{"@id":"https:\/\/maismagazine.pt\/index.php\/2026\/04\/01\/mais-de-45-mil-estudantes-foram-a-qualifica-procurar-novos-rumos-formativos\/"},"wordCount":369,"publisher":{"@id":"https:\/\/maismagazine.pt\/#organization"},"image":{"@id":"https:\/\/maismagazine.pt\/index.php\/2026\/04\/01\/mais-de-45-mil-estudantes-foram-a-qualifica-procurar-novos-rumos-formativos\/#primaryimage"},"thumbnailUrl":"https:\/\/maismagazine.pt\/wp-content\/uploads\/2026\/04\/qualifica2029-exponor_DSC09575.jpg","keywords":["Qualifica"],"articleSection":["Not\u00edcias"],"inLanguage":"pt-PT"},{"@type":"WebPage","@id":"https:\/\/maismagazine.pt\/index.php\/2026\/04\/01\/mais-de-45-mil-estudantes-foram-a-qualifica-procurar-novos-rumos-formativos\/","url":"https:\/\/maismagazine.pt\/index.php\/2026\/04\/01\/mais-de-45-mil-estudantes-foram-a-qualifica-procurar-novos-rumos-formativos\/","name":"Mais de 45 mil estudantes foram \u00e0 Qualifica procurar novos rumos formativos - Mais Magazine","isPartOf":{"@id":"https:\/\/maismagazine.pt\/#website"},"primaryImageOfPage":{"@id":"https:\/\/maismagazine.pt\/index.php\/2026\/04\/01\/mais-de-45-mil-estudantes-foram-a-qualifica-procurar-novos-rumos-formativos\/#primaryimage"},"image":{"@id":"https:\/\/maismagazine.pt\/index.php\/2026\/04\/01\/mais-de-45-mil-estudantes-foram-a-qualifica-procurar-novos-rumos-formativos\/#primaryimage"},"thumbnailUrl":"https:\/\/maismagazine.pt\/wp-content\/uploads\/2026\/04\/qualifica2029-exponor_DSC09575.jpg","datePublished":"2026-04-01T15:38:37+00:00","dateModified":"2026-04-01T15:38:41+00:00","description":"Numa 17.\u00aa edi\u00e7\u00e3o marcada pela reflex\u00e3o em torno do impacto da intelig\u00eancia artificial (IA) no ensino, e, tamb\u00e9m, pelo debate sobre a adequa\u00e7\u00e3o do setor educativo \u00e0s novas exig\u00eancias do mercado do trabalho, a Qualifica \u2013 Feira de Educa\u00e7\u00e3o, Forma\u00e7\u00e3o e Juventude recebeu durante quatro dias a visita de cerca de 45 mil estudantes.","breadcrumb":{"@id":"https:\/\/maismagazine.pt\/index.php\/2026\/04\/01\/mais-de-45-mil-estudantes-foram-a-qualifica-procurar-novos-rumos-formativos\/#breadcrumb"},"inLanguage":"pt-PT","potentialAction":[{"@type":"ReadAction","target":["https:\/\/maismagazine.pt\/index.php\/2026\/04\/01\/mais-de-45-mil-estudantes-foram-a-qualifica-procurar-novos-rumos-formativos\/"]}]},{"@type":"ImageObject","inLanguage":"pt-PT","@id":"https:\/\/maismagazine.pt\/index.php\/2026\/04\/01\/mais-de-45-mil-estudantes-foram-a-qualifica-procurar-novos-rumos-formativos\/#primaryimage","url":"https:\/\/maismagazine.pt\/wp-content\/uploads\/2026\/04\/qualifica2029-exponor_DSC09575.jpg","contentUrl":"https:\/\/maismagazine.pt\/wp-content\/uploads\/2026\/04\/qualifica2029-exponor_DSC09575.jpg","width":1044,"height":696},{"@type":"BreadcrumbList","@id":"https:\/\/maismagazine.pt\/index.php\/2026\/04\/01\/mais-de-45-mil-estudantes-foram-a-qualifica-procurar-novos-rumos-formativos\/#breadcrumb","itemListElement":[{"@type":"ListItem","position":1,"name":"Home","item":"https:\/\/maismagazine.pt\/"},{"@type":"ListItem","position":2,"name":"Mais de 45 mil estudantes foram \u00e0 Qualifica procurar novos rumos formativos"}]},{"@type":"WebSite","@id":"https:\/\/maismagazine.pt\/#website","url":"https:\/\/maismagazine.pt\/","name":"Mais Magazine","description":"","publisher":{"@id":"https:\/\/maismagazine.pt\/#organization"},"potentialAction":[{"@type":"SearchAction","target":{"@type":"EntryPoint","urlTemplate":"https:\/\/maismagazine.pt\/?s={search_term_string}"},"query-input":{"@type":"PropertyValueSpecification","valueRequired":true,"valueName":"search_term_string"}}],"inLanguage":"pt-PT"},{"@type":"Organization","@id":"https:\/\/maismagazine.pt\/#organization","name":"Mais Magazine","url":"https:\/\/maismagazine.pt\/","logo":{"@type":"ImageObject","inLanguage":"pt-PT","@id":"https:\/\/maismagazine.pt\/#\/schema\/logo\/image\/","url":"https:\/\/maismagazine.pt\/wp-content\/uploads\/2020\/04\/cropped-cropped-mais-magazine-site-logo-2.png","contentUrl":"https:\/\/maismagazine.pt\/wp-content\/uploads\/2020\/04\/cropped-cropped-mais-magazine-site-logo-2.png","width":581,"height":90,"caption":"Mais Magazine"},"image":{"@id":"https:\/\/maismagazine.pt\/#\/schema\/logo\/image\/"}},{"@type":"Person","@id":"https:\/\/maismagazine.pt\/#\/schema\/person\/c6c5bfccc886434cbd11c74e035f9646","name":"Tiago Costa","image":{"@type":"ImageObject","inLanguage":"pt-PT","@id":"https:\/\/maismagazine.pt\/#\/schema\/person\/image\/","url":"https:\/\/secure.gravatar.com\/avatar\/c599b2bce16c9870429198cbad5ee022?s=96&d=mm&r=g","contentUrl":"https:\/\/secure.gravatar.com\/avatar\/c599b2bce16c9870429198cbad5ee022?s=96&d=mm&r=g","caption":"Tiago Costa"},"url":"https:\/\/maismagazine.pt\/index.php\/author\/tiago\/"}]}},"author_meta":{"display_name":false,"author_link":"https:\/\/maismagazine.pt\/index.php\/author\/tiago\/"},"featured_img":"https:\/\/maismagazine.pt\/wp-content\/uploads\/2026\/04\/qualifica2029-exponor_DSC09575-300x200.jpg","coauthors":[],"tax_additional":{"categories":{"linked":["<a href=\"https:\/\/maismagazine.pt\/index.php\/category\/noticias\/\" class=\"advgb-post-tax-term\">Not\u00edcias<\/a>"],"unlinked":["<span class=\"advgb-post-tax-term\">Not\u00edcias<\/span>"]},"tags":{"linked":["<a href=\"https:\/\/maismagazine.pt\/index.php\/category\/noticias\/\" class=\"advgb-post-tax-term\">Qualifica<\/a>"],"unlinked":["<span class=\"advgb-post-tax-term\">Qualifica<\/span>"]}},"comment_count":"0","relative_dates":{"created":"Posted 4 semanas ago","modified":"Updated 4 semanas ago"},"absolute_dates":{"created":"Posted on 1 de Abril, 2026","modified":"Updated on 1 de Abril, 2026"},"absolute_dates_time":{"created":"Posted on 1 de Abril, 2026 16:38","modified":"Updated on 1 de Abril, 2026 16:38"},"featured_img_caption":"","series_order":"","_links":{"self":[{"href":"https:\/\/maismagazine.pt\/index.php\/wp-json\/wp\/v2\/posts\/13935","targetHints":{"allow":["GET"]}}],"collection":[{"href":"https:\/\/maismagazine.pt\/index.php\/wp-json\/wp\/v2\/posts"}],"about":[{"href":"https:\/\/maismagazine.pt\/index.php\/wp-json\/wp\/v2\/types\/post"}],"author":[{"embeddable":true,"href":"https:\/\/maismagazine.pt\/index.php\/wp-json\/wp\/v2\/users\/17"}],"replies":[{"embeddable":true,"href":"https:\/\/maismagazine.pt\/index.php\/wp-json\/wp\/v2\/comments?post=13935"}],"version-history":[{"count":2,"href":"https:\/\/maismagazine.pt\/index.php\/wp-json\/wp\/v2\/posts\/13935\/revisions"}],"predecessor-version":[{"id":13938,"href":"https:\/\/maismagazine.pt\/index.php\/wp-json\/wp\/v2\/posts\/13935\/revisions\/13938"}],"wp:featuredmedia":[{"embeddable":true,"href":"https:\/\/maismagazine.pt\/index.php\/wp-json\/wp\/v2\/media\/13936"}],"wp:attachment":[{"href":"https:\/\/maismagazine.pt\/index.php\/wp-json\/wp\/v2\/media?parent=13935"}],"wp:term":[{"taxonomy":"category","embeddable":true,"href":"https:\/\/maismagazine.pt\/index.php\/wp-json\/wp\/v2\/categories?post=13935"},{"taxonomy":"post_tag","embeddable":true,"href":"https:\/\/maismagazine.pt\/index.php\/wp-json\/wp\/v2\/tags?post=13935"}],"curies":[{"name":"wp","href":"https:\/\/api.w.org\/{rel}","templated":true}]}}