{"id":13876,"date":"2026-03-13T07:00:00","date_gmt":"2026-03-13T07:00:00","guid":{"rendered":"https:\/\/maismagazine.pt\/?p=13876"},"modified":"2026-03-11T15:38:27","modified_gmt":"2026-03-11T15:38:27","slug":"epamac-uma-escola-sem-muros-onde-todos-se-sentem-parte-de-uma-verdadeira-familia","status":"publish","type":"post","link":"https:\/\/maismagazine.pt\/index.php\/2026\/03\/13\/epamac-uma-escola-sem-muros-onde-todos-se-sentem-parte-de-uma-verdadeira-familia\/","title":{"rendered":"EPAMAC: Uma escola sem muros, onde todos se sentem parte de uma verdadeira fam\u00edlia"},"content":{"rendered":"\n<p><strong>Com 36 anos de experi\u00eancia, a <a href=\"http:\/\/www.epamac.com\">Escola Profissional de Agricultura e Desenvolvimento Rural de Marco de Canaveses<\/a> forma t\u00e9cnicos interm\u00e9dios nas \u00e1reas da Agricultura, Gest\u00e3o Equina e Turismo, combinando excel\u00eancia profissional com desenvolvimento pessoal. Em entrevista \u00e0 Mais Magazine, Laura Susana Faria Dinis, diretora da EPAMAC, revela que, num ambiente familiar, a escola acolhe jovens entre os 15 e os 20 anos, preparando-os para serem n\u00e3o s\u00f3 profissionais qualificados, mas tamb\u00e9m cidad\u00e3os cr\u00edticos e respons\u00e1veis.<\/strong><\/p>\n\n\n\n<p><\/p>\n\n\n\n<p><strong>Que cursos e \u00e1reas de forma\u00e7\u00e3o a EPAMAC disponibiliza e de que modo estes respondem \u00e0s necessidades reais do setor agr\u00edcola?<\/strong><\/p>\n\n\n\n<p>A EPAMAC oferece os seguintes Cursos Profissionais n\u00edvel 4: T\u00e9cnico de Produ\u00e7\u00e3o Agropecu\u00e1ria; T\u00e9cnico de Turismo; T\u00e9cnico de Gest\u00e3o Equina. Estes cursos oferecem aos alunos uma dupla certifica\u00e7\u00e3o que lhes garante a conclus\u00e3o do Ensino Secund\u00e1rio e os habilita para o ingresso no mercado de trabalho. Os nossos alunos de Agropecu\u00e1ria ficam habilitados para a condu\u00e7\u00e3o de trator e os de Gest\u00e3o Equina t\u00eam a possibilidade de realizar o Curso de Treinadores. No final do 12\u00ba ano, os alunos podem ingressar no Ensino Superior (cerca de 20%, nos \u00faltimos anos), seja atrav\u00e9s dos exames nacionais, provas espec\u00edficas nas institui\u00e7\u00f5es de Ensino Superior, ou ingresso num CTeSP. <\/p>\n\n\n\n<p>Oferecemos tamb\u00e9m Cursos de Educa\u00e7\u00e3o e Forma\u00e7\u00e3o (CEF) de Tipo 2; os alunos que j\u00e1 estiveram retidos no 7\u00ba ou 8\u00ba ano, podem, em 2 anos, concluir o 3\u00ba ciclo. <\/p>\n\n\n\n<p>Sendo de forma\u00e7\u00e3o eminentemente pr\u00e1tica, focada no desenvolvimento das skills exigidas por um mercado de trabalho moderno e em constante evolu\u00e7\u00e3o, a EPAMAC conta com cerca de 80 ha que funcionam como um laborat\u00f3rio ao ar-livre: zonas florestais, pomares e estufas, vacaria robotizada, suinicultura, picadeiros, parque de gamos, entre tantos outros espa\u00e7os \u00fateis a uma forma\u00e7\u00e3o mais completa, real e plena de sentido para os alunos. A escola possui val\u00eancias \u00fanicas a n\u00edvel nacional e cursos de matriz agr\u00edcola, tur\u00edstica e equestre s\u00f3 fazem sentido em espa\u00e7os que garantam este tipo de forma\u00e7\u00e3o.<\/p>\n\n\n\n<p>Com esta vertente pr\u00e1tica, a forma\u00e7\u00e3o dos jovens assume um papel din\u00e2mico, envolvente e capaz de enfrentar os desafios da agropecu\u00e1ria moderna.<\/p>\n\n\n\n<p>Os per\u00edodos de Forma\u00e7\u00e3o em Contexto de Trabalho (tamb\u00e9m no estrangeiro) decorrem nos 3 anos de dura\u00e7\u00e3o do curso, o que permite aos jovens e aos empres\u00e1rios um conhecimento mais pr\u00f3ximo destas realidades que acabam por se fundir: forma\u00e7\u00e3o e mundo profissional. Na EPAMAC, confiamos no que ensinamos! <\/p>\n\n\n<div class=\"wp-block-image\">\n<figure class=\"aligncenter size-full is-resized\"><img loading=\"lazy\" decoding=\"async\" width=\"960\" height=\"720\" src=\"https:\/\/maismagazine.pt\/wp-content\/uploads\/2026\/03\/80348069_10216118173763349_6647004946224906240-4.jpg\" alt=\"\" class=\"wp-image-13881\" style=\"width:352px;height:auto\" srcset=\"https:\/\/maismagazine.pt\/wp-content\/uploads\/2026\/03\/80348069_10216118173763349_6647004946224906240-4.jpg 960w, https:\/\/maismagazine.pt\/wp-content\/uploads\/2026\/03\/80348069_10216118173763349_6647004946224906240-4-300x225.jpg 300w, https:\/\/maismagazine.pt\/wp-content\/uploads\/2026\/03\/80348069_10216118173763349_6647004946224906240-4-768x576.jpg 768w\" sizes=\"auto, (max-width: 960px) 100vw, 960px\" \/><\/figure><\/div>\n\n\n<p><strong>Que projetos, iniciativas ou boas pr\u00e1ticas da EPAMAC considera mais diferenciadoras?<\/strong><\/p>\n\n\n\n<p>A escola marca presen\u00e7a nas Feiras Nacionais mais emblem\u00e1ticas da \u00e1rea agr\u00edcola, em Concursos Equestres externos, ou internos com a organiza\u00e7\u00e3o dos alunos, bem como em projetos variados, sempre com pr\u00e9mios atribu\u00eddos.<\/p>\n\n\n\n<p>O envolvimento da escola em projetos que valorizam a forma\u00e7\u00e3o que ministramos \u00e9 uma preocupa\u00e7\u00e3o. A t\u00edtulo de exemplo, podemos apontar alguns projetos ERASMUS, entre outros, em que participamos: DigilanguageVet (Linguagem no Turismo); Sucseed e GreenRyse (sustentabilidade); ANNIE Aquaponics; FoodLab (alimenta\u00e7\u00e3o saud\u00e1vel); SMS+ GreenCare (intergeracionalidade); &#8230;Mas os programas para acompanhar o crescimento pessoal e o bem-estar dos nossos alunos e promo\u00e7\u00e3o das soft skills s\u00e3o tamb\u00e9m uma constante: Escola Saudavelmente; Escola anticorrup\u00e7\u00e3o; Arth\u00e9mis; Escola Antibullying; Literacia Financeira; Jovens Empreendedores; TERRINOV; Prevint; I(Go) \u2013 Trajetos para o Futuro; Conversa-Puxa-Conversa (para Pais).<\/p>\n\n\n\n<p>Como Eco-Escola que somos, a preocupa\u00e7\u00e3o com a natureza \u00e9 uma constante e a refloresta\u00e7\u00e3o uma a\u00e7\u00e3o permanente, que assumimos com a QUERCUS, Munic\u00edpio e Prote\u00e7\u00e3o Civil, at\u00e9 com o projeto Give New Life, para reabilita\u00e7\u00e3o de \u00e1reas ardidas.<\/p>\n\n\n\n<p>No Clube de Ci\u00eancia Viva, ou na sempre t\u00e3o ativa Biblioteca, bem como no nosso Laborat\u00f3rio de Educa\u00e7\u00e3o Digital, onde a criatividade dos alunos \u00e9 posta \u00e0 prova, estes e outros projetos s\u00e3o apresentados na EPAMAC TV!<\/p>\n\n\n<div class=\"wp-block-image\">\n<figure class=\"alignleft size-full is-resized\"><img loading=\"lazy\" decoding=\"async\" width=\"750\" height=\"500\" src=\"https:\/\/maismagazine.pt\/wp-content\/uploads\/2026\/03\/IMG_7561-1.jpg\" alt=\"\" class=\"wp-image-13882\" style=\"width:438px;height:auto\" srcset=\"https:\/\/maismagazine.pt\/wp-content\/uploads\/2026\/03\/IMG_7561-1.jpg 750w, https:\/\/maismagazine.pt\/wp-content\/uploads\/2026\/03\/IMG_7561-1-300x200.jpg 300w, https:\/\/maismagazine.pt\/wp-content\/uploads\/2026\/03\/IMG_7561-1-150x100.jpg 150w\" sizes=\"auto, (max-width: 750px) 100vw, 750px\" \/><\/figure><\/div>\n\n\n<p><strong>De que forma a localiza\u00e7\u00e3o da EPAMAC na sua regi\u00e3o influencia a oferta formativa, os projetos desenvolvidos e a liga\u00e7\u00e3o \u00e0 comunidade local, contribuindo para o desenvolvimento econ\u00f3mico, social e agr\u00edcola do territ\u00f3rio onde se insere?<\/strong><\/p>\n\n\n\n<p>Face a uma an\u00e1lise atenta das caracter\u00edsticas do meio \u00e9 patente uma forte implanta\u00e7\u00e3o da atividade agr\u00edcola no contexto econ\u00f3mico e sociocultural das atividades regionais, bem como um crescimento permanente de estruturas de turismo ambiental e rural. Este enquadramento traduz-se na necessidade constante de forma\u00e7\u00e3o de t\u00e9cnicos de n\u00edvel interm\u00e9dio nas \u00e1reas do ambiente e recursos naturais (floresta e fauna), agricultura, vitivinicultura e atividades comerciais afins, turismo ambiental e rural, cria\u00e7\u00e3o e manuten\u00e7\u00e3o de espa\u00e7os verdes (jardins, bosquetes, \u00e1reas envolventes \u00e0s habita\u00e7\u00f5es de car\u00e1cter rural, vinha, etc.), e produtos tradicionais agr\u00edcolas (mel, compotas e plantas arom\u00e1ticas).<\/p>\n\n\n\n<p>Estas atividades, de import\u00e2ncia primordial no tecido socioecon\u00f3mico da regi\u00e3o, necessitam, de forma a evoluir para n\u00edveis europeus, de m\u00e3o de obra qualificada e jovens din\u00e2micos, capazes de empreender projetos inovadores.<\/p>\n\n\n\n<p>Com este grande objetivo em mente, a escola pretende oferecer cursos de especializa\u00e7\u00e3o tecnol\u00f3gica nestas \u00e1reas, n\u00edvel 5, j\u00e1 no pr\u00f3ximo ano letivo.<\/p>\n\n\n\n<p><\/p>\n\n\n\n<p><strong>Qual a import\u00e2ncia da componente pr\u00e1tica e da liga\u00e7\u00e3o ao tecido empresarial na forma\u00e7\u00e3o dos alunos da EPAMAC?<\/strong><\/p>\n\n\n\n<p>A EPAMAC \u00e9 uma escola certificada com o selo EQAVET de qualidade de ensino profissional. Este alinhamento baseia-se numa rela\u00e7\u00e3o muito pr\u00f3xima com a comunidade e com todos os stakeholders, na medida em que fica muito mais pr\u00f3xima das suas necessidades, o que coloca a escola numa situa\u00e7\u00e3o privilegiada, pois est\u00e1 apta a seguir um dos seus objetivos principais: contribuir positivamente para o desenvolvimento da sociedade.<\/p>\n\n\n\n<p>Um aluno que frequente a EPAMAC ter\u00e1 sempre uma valoriza\u00e7\u00e3o incompar\u00e1vel pelo tecido empresarial devido ao car\u00e1cter eminentemente pr\u00e1tico da sua forma\u00e7\u00e3o. Os cursos que ministramos t\u00eam uma componente pr\u00e1tica muito forte e os alunos adquirem um know-how imprescind\u00edvel aos empres\u00e1rios modernos. Da\u00ed que, nos sucessivos ciclos EQAVET analisados, o grau de satisfa\u00e7\u00e3o das entidades empregadoras para com os alunos da EPAMAC se situe sempre acima dos 4.6, num total de 5 pontos poss\u00edveis.<\/p>\n\n\n\n<p>A aposta em cursos de desenvolvimento rural, sejam eles de car\u00e1cter agr\u00edcola, tur\u00edstico ou equestre, est\u00e1 em sintonia com a matriz da EPAMAC e com a raz\u00e3o da sua cria\u00e7\u00e3o. N\u00e3o faria sentido num meio rural, e com caracter\u00edsticas t\u00e3o pr\u00f3prias, a escola desrespeitar esta matriz e as oportunidades que oferece aos jovens no seu desenvolvimento.<\/p>\n\n\n\n<p>As parcerias que temos com entidades de acentuado relevo, a n\u00edvel nacional e internacional, s\u00e3o para n\u00f3s motivo de orgulho e atestam a confian\u00e7a que a EPAMAC merece da sociedade.<\/p>\n\n\n\n<p>A EPAMAC \u00e9 uma escola profissional p\u00fablica que oferece um ensino de qualidade a custo zero para as fam\u00edlias, uma vez que disp\u00f5e de resid\u00eancia escolar gr\u00e1tis, bem como refei\u00e7\u00f5es, transporte, est\u00e1gios e visitas de estudo.<\/p>\n\n\n\n<p>Estudar na EPAMAC n\u00e3o custa nada!<\/p>\n\n\n\n<p><\/p>\n\n\n<div class=\"wp-block-image\">\n<figure class=\"aligncenter size-large is-resized\"><img loading=\"lazy\" decoding=\"async\" width=\"791\" height=\"1024\" src=\"https:\/\/maismagazine.pt\/wp-content\/uploads\/2026\/03\/411052451_952096556596336_2678371072406930625_n-791x1024.jpg\" alt=\"\" class=\"wp-image-13883\" style=\"width:169px;height:auto\" srcset=\"https:\/\/maismagazine.pt\/wp-content\/uploads\/2026\/03\/411052451_952096556596336_2678371072406930625_n-791x1024.jpg 791w, https:\/\/maismagazine.pt\/wp-content\/uploads\/2026\/03\/411052451_952096556596336_2678371072406930625_n-232x300.jpg 232w, https:\/\/maismagazine.pt\/wp-content\/uploads\/2026\/03\/411052451_952096556596336_2678371072406930625_n-768x994.jpg 768w, https:\/\/maismagazine.pt\/wp-content\/uploads\/2026\/03\/411052451_952096556596336_2678371072406930625_n.jpg 878w\" sizes=\"auto, (max-width: 791px) 100vw, 791px\" \/><\/figure><\/div>","protected":false},"excerpt":{"rendered":"<p>Com 36 anos de experi\u00eancia, a Escola Profissional de Agricultura e Desenvolvimento Rural de Marco de Canaveses forma t\u00e9cnicos interm\u00e9dios nas \u00e1reas da Agricultura, Gest\u00e3o Equina e Turismo, combinando excel\u00eancia profissional com desenvolvimento pessoal. Em entrevista \u00e0 Mais Magazine, Laura Susana Faria Dinis, diretora da EPAMAC, revela que, num ambiente&hellip;<\/p>\n","protected":false},"author":18,"featured_media":13880,"comment_status":"closed","ping_status":"open","sticky":false,"template":"","format":"standard","meta":{"advgb_blocks_editor_width":"","advgb_blocks_columns_visual_guide":"","_monsterinsights_skip_tracking":false,"_monsterinsights_sitenote_active":false,"_monsterinsights_sitenote_note":"","_monsterinsights_sitenote_category":0,"footnotes":""},"categories":[149],"tags":[521,2601],"class_list":["post-13876","post","type-post","status-publish","format-standard","has-post-thumbnail","hentry","category-educacao","tag-ensino","tag-escola-profissional-de-agricultura-e-desenvolvimento-rural-de-marco-de-canaveses"],"yoast_head":"<!-- This site is optimized with the Yoast SEO plugin v24.4 - https:\/\/yoast.com\/wordpress\/plugins\/seo\/ -->\n<title>EPAMAC: Uma escola sem muros, onde todos se sentem parte de uma verdadeira fam\u00edlia - Mais Magazine<\/title>\n<meta name=\"robots\" content=\"index, follow, max-snippet:-1, max-image-preview:large, max-video-preview:-1\" \/>\n<link rel=\"canonical\" href=\"https:\/\/maismagazine.pt\/index.php\/2026\/03\/13\/epamac-uma-escola-sem-muros-onde-todos-se-sentem-parte-de-uma-verdadeira-familia\/\" \/>\n<meta property=\"og:locale\" content=\"pt_PT\" \/>\n<meta property=\"og:type\" content=\"article\" \/>\n<meta property=\"og:title\" content=\"EPAMAC: Uma escola sem muros, onde todos se sentem parte de uma verdadeira fam\u00edlia - Mais Magazine\" \/>\n<meta property=\"og:description\" content=\"Com 36 anos de experi\u00eancia, a Escola Profissional de Agricultura e Desenvolvimento Rural de Marco de Canaveses forma t\u00e9cnicos interm\u00e9dios nas \u00e1reas da Agricultura, Gest\u00e3o Equina e Turismo, combinando excel\u00eancia profissional com desenvolvimento pessoal. Em entrevista \u00e0 Mais Magazine, Laura Susana Faria Dinis, diretora da EPAMAC, revela que, num ambiente&hellip;\" \/>\n<meta property=\"og:url\" content=\"https:\/\/maismagazine.pt\/index.php\/2026\/03\/13\/epamac-uma-escola-sem-muros-onde-todos-se-sentem-parte-de-uma-verdadeira-familia\/\" \/>\n<meta property=\"og:site_name\" content=\"Mais Magazine\" \/>\n<meta property=\"article:published_time\" content=\"2026-03-13T07:00:00+00:00\" \/>\n<meta property=\"og:image\" content=\"https:\/\/maismagazine.pt\/wp-content\/uploads\/2026\/03\/6I2A1316.jpg\" \/>\n\t<meta property=\"og:image:width\" content=\"840\" \/>\n\t<meta property=\"og:image:height\" content=\"560\" \/>\n\t<meta property=\"og:image:type\" content=\"image\/jpeg\" \/>\n<meta name=\"author\" content=\"Tatiana Martins\" \/>\n<meta name=\"twitter:card\" content=\"summary_large_image\" \/>\n<meta name=\"twitter:label1\" content=\"Escrito por\" \/>\n\t<meta name=\"twitter:data1\" content=\"\" \/>\n\t<meta name=\"twitter:label2\" content=\"Tempo estimado de leitura\" \/>\n\t<meta name=\"twitter:data2\" content=\"7 minutos\" \/>\n<script type=\"application\/ld+json\" class=\"yoast-schema-graph\">{\"@context\":\"https:\/\/schema.org\",\"@graph\":[{\"@type\":\"Article\",\"@id\":\"https:\/\/maismagazine.pt\/index.php\/2026\/03\/13\/epamac-uma-escola-sem-muros-onde-todos-se-sentem-parte-de-uma-verdadeira-familia\/#article\",\"isPartOf\":{\"@id\":\"https:\/\/maismagazine.pt\/index.php\/2026\/03\/13\/epamac-uma-escola-sem-muros-onde-todos-se-sentem-parte-de-uma-verdadeira-familia\/\"},\"author\":{\"name\":\"Tatiana Martins\",\"@id\":\"https:\/\/maismagazine.pt\/#\/schema\/person\/7426e2caeb8df32a1b56aa48dae778c9\"},\"headline\":\"EPAMAC: Uma escola sem muros, onde todos se sentem parte de uma verdadeira fam\u00edlia\",\"datePublished\":\"2026-03-13T07:00:00+00:00\",\"mainEntityOfPage\":{\"@id\":\"https:\/\/maismagazine.pt\/index.php\/2026\/03\/13\/epamac-uma-escola-sem-muros-onde-todos-se-sentem-parte-de-uma-verdadeira-familia\/\"},\"wordCount\":1221,\"publisher\":{\"@id\":\"https:\/\/maismagazine.pt\/#organization\"},\"image\":{\"@id\":\"https:\/\/maismagazine.pt\/index.php\/2026\/03\/13\/epamac-uma-escola-sem-muros-onde-todos-se-sentem-parte-de-uma-verdadeira-familia\/#primaryimage\"},\"thumbnailUrl\":\"https:\/\/maismagazine.pt\/wp-content\/uploads\/2026\/03\/6I2A1316.jpg\",\"keywords\":[\"Ensino\",\"Escola Profissional de Agricultura e Desenvolvimento Rural de Marco de Canaveses\"],\"articleSection\":[\"Educa\u00e7\u00e3o\"],\"inLanguage\":\"pt-PT\"},{\"@type\":\"WebPage\",\"@id\":\"https:\/\/maismagazine.pt\/index.php\/2026\/03\/13\/epamac-uma-escola-sem-muros-onde-todos-se-sentem-parte-de-uma-verdadeira-familia\/\",\"url\":\"https:\/\/maismagazine.pt\/index.php\/2026\/03\/13\/epamac-uma-escola-sem-muros-onde-todos-se-sentem-parte-de-uma-verdadeira-familia\/\",\"name\":\"EPAMAC: Uma escola sem muros, onde todos se sentem parte de uma verdadeira fam\u00edlia - Mais Magazine\",\"isPartOf\":{\"@id\":\"https:\/\/maismagazine.pt\/#website\"},\"primaryImageOfPage\":{\"@id\":\"https:\/\/maismagazine.pt\/index.php\/2026\/03\/13\/epamac-uma-escola-sem-muros-onde-todos-se-sentem-parte-de-uma-verdadeira-familia\/#primaryimage\"},\"image\":{\"@id\":\"https:\/\/maismagazine.pt\/index.php\/2026\/03\/13\/epamac-uma-escola-sem-muros-onde-todos-se-sentem-parte-de-uma-verdadeira-familia\/#primaryimage\"},\"thumbnailUrl\":\"https:\/\/maismagazine.pt\/wp-content\/uploads\/2026\/03\/6I2A1316.jpg\",\"datePublished\":\"2026-03-13T07:00:00+00:00\",\"breadcrumb\":{\"@id\":\"https:\/\/maismagazine.pt\/index.php\/2026\/03\/13\/epamac-uma-escola-sem-muros-onde-todos-se-sentem-parte-de-uma-verdadeira-familia\/#breadcrumb\"},\"inLanguage\":\"pt-PT\",\"potentialAction\":[{\"@type\":\"ReadAction\",\"target\":[\"https:\/\/maismagazine.pt\/index.php\/2026\/03\/13\/epamac-uma-escola-sem-muros-onde-todos-se-sentem-parte-de-uma-verdadeira-familia\/\"]}]},{\"@type\":\"ImageObject\",\"inLanguage\":\"pt-PT\",\"@id\":\"https:\/\/maismagazine.pt\/index.php\/2026\/03\/13\/epamac-uma-escola-sem-muros-onde-todos-se-sentem-parte-de-uma-verdadeira-familia\/#primaryimage\",\"url\":\"https:\/\/maismagazine.pt\/wp-content\/uploads\/2026\/03\/6I2A1316.jpg\",\"contentUrl\":\"https:\/\/maismagazine.pt\/wp-content\/uploads\/2026\/03\/6I2A1316.jpg\",\"width\":840,\"height\":560},{\"@type\":\"BreadcrumbList\",\"@id\":\"https:\/\/maismagazine.pt\/index.php\/2026\/03\/13\/epamac-uma-escola-sem-muros-onde-todos-se-sentem-parte-de-uma-verdadeira-familia\/#breadcrumb\",\"itemListElement\":[{\"@type\":\"ListItem\",\"position\":1,\"name\":\"Home\",\"item\":\"https:\/\/maismagazine.pt\/\"},{\"@type\":\"ListItem\",\"position\":2,\"name\":\"EPAMAC: Uma escola sem muros, onde todos se sentem parte de uma verdadeira fam\u00edlia\"}]},{\"@type\":\"WebSite\",\"@id\":\"https:\/\/maismagazine.pt\/#website\",\"url\":\"https:\/\/maismagazine.pt\/\",\"name\":\"Mais Magazine\",\"description\":\"\",\"publisher\":{\"@id\":\"https:\/\/maismagazine.pt\/#organization\"},\"potentialAction\":[{\"@type\":\"SearchAction\",\"target\":{\"@type\":\"EntryPoint\",\"urlTemplate\":\"https:\/\/maismagazine.pt\/?s={search_term_string}\"},\"query-input\":{\"@type\":\"PropertyValueSpecification\",\"valueRequired\":true,\"valueName\":\"search_term_string\"}}],\"inLanguage\":\"pt-PT\"},{\"@type\":\"Organization\",\"@id\":\"https:\/\/maismagazine.pt\/#organization\",\"name\":\"Mais Magazine\",\"url\":\"https:\/\/maismagazine.pt\/\",\"logo\":{\"@type\":\"ImageObject\",\"inLanguage\":\"pt-PT\",\"@id\":\"https:\/\/maismagazine.pt\/#\/schema\/logo\/image\/\",\"url\":\"https:\/\/maismagazine.pt\/wp-content\/uploads\/2020\/04\/cropped-cropped-mais-magazine-site-logo-2.png\",\"contentUrl\":\"https:\/\/maismagazine.pt\/wp-content\/uploads\/2020\/04\/cropped-cropped-mais-magazine-site-logo-2.png\",\"width\":581,\"height\":90,\"caption\":\"Mais Magazine\"},\"image\":{\"@id\":\"https:\/\/maismagazine.pt\/#\/schema\/logo\/image\/\"}},{\"@type\":\"Person\",\"@id\":\"https:\/\/maismagazine.pt\/#\/schema\/person\/7426e2caeb8df32a1b56aa48dae778c9\",\"name\":\"Tatiana Martins\",\"image\":{\"@type\":\"ImageObject\",\"inLanguage\":\"pt-PT\",\"@id\":\"https:\/\/maismagazine.pt\/#\/schema\/person\/image\/\",\"url\":\"https:\/\/secure.gravatar.com\/avatar\/4b24a57f5d0425f2eb20981c4b53244e?s=96&d=mm&r=g\",\"contentUrl\":\"https:\/\/secure.gravatar.com\/avatar\/4b24a57f5d0425f2eb20981c4b53244e?s=96&d=mm&r=g\",\"caption\":\"Tatiana Martins\"},\"url\":\"https:\/\/maismagazine.pt\/index.php\/author\/tatiana\/\"}]}<\/script>\n<!-- \/ Yoast SEO plugin. -->","yoast_head_json":{"title":"EPAMAC: Uma escola sem muros, onde todos se sentem parte de uma verdadeira fam\u00edlia - Mais Magazine","robots":{"index":"index","follow":"follow","max-snippet":"max-snippet:-1","max-image-preview":"max-image-preview:large","max-video-preview":"max-video-preview:-1"},"canonical":"https:\/\/maismagazine.pt\/index.php\/2026\/03\/13\/epamac-uma-escola-sem-muros-onde-todos-se-sentem-parte-de-uma-verdadeira-familia\/","og_locale":"pt_PT","og_type":"article","og_title":"EPAMAC: Uma escola sem muros, onde todos se sentem parte de uma verdadeira fam\u00edlia - Mais Magazine","og_description":"Com 36 anos de experi\u00eancia, a Escola Profissional de Agricultura e Desenvolvimento Rural de Marco de Canaveses forma t\u00e9cnicos interm\u00e9dios nas \u00e1reas da Agricultura, Gest\u00e3o Equina e Turismo, combinando excel\u00eancia profissional com desenvolvimento pessoal. Em entrevista \u00e0 Mais Magazine, Laura Susana Faria Dinis, diretora da EPAMAC, revela que, num ambiente&hellip;","og_url":"https:\/\/maismagazine.pt\/index.php\/2026\/03\/13\/epamac-uma-escola-sem-muros-onde-todos-se-sentem-parte-de-uma-verdadeira-familia\/","og_site_name":"Mais Magazine","article_published_time":"2026-03-13T07:00:00+00:00","og_image":[{"width":840,"height":560,"url":"https:\/\/maismagazine.pt\/wp-content\/uploads\/2026\/03\/6I2A1316.jpg","type":"image\/jpeg"}],"author":"Tatiana Martins","twitter_card":"summary_large_image","twitter_misc":{"Escrito por":false,"Tempo estimado de leitura":"7 minutos"},"schema":{"@context":"https:\/\/schema.org","@graph":[{"@type":"Article","@id":"https:\/\/maismagazine.pt\/index.php\/2026\/03\/13\/epamac-uma-escola-sem-muros-onde-todos-se-sentem-parte-de-uma-verdadeira-familia\/#article","isPartOf":{"@id":"https:\/\/maismagazine.pt\/index.php\/2026\/03\/13\/epamac-uma-escola-sem-muros-onde-todos-se-sentem-parte-de-uma-verdadeira-familia\/"},"author":{"name":"Tatiana Martins","@id":"https:\/\/maismagazine.pt\/#\/schema\/person\/7426e2caeb8df32a1b56aa48dae778c9"},"headline":"EPAMAC: Uma escola sem muros, onde todos se sentem parte de uma verdadeira fam\u00edlia","datePublished":"2026-03-13T07:00:00+00:00","mainEntityOfPage":{"@id":"https:\/\/maismagazine.pt\/index.php\/2026\/03\/13\/epamac-uma-escola-sem-muros-onde-todos-se-sentem-parte-de-uma-verdadeira-familia\/"},"wordCount":1221,"publisher":{"@id":"https:\/\/maismagazine.pt\/#organization"},"image":{"@id":"https:\/\/maismagazine.pt\/index.php\/2026\/03\/13\/epamac-uma-escola-sem-muros-onde-todos-se-sentem-parte-de-uma-verdadeira-familia\/#primaryimage"},"thumbnailUrl":"https:\/\/maismagazine.pt\/wp-content\/uploads\/2026\/03\/6I2A1316.jpg","keywords":["Ensino","Escola Profissional de Agricultura e Desenvolvimento Rural de Marco de Canaveses"],"articleSection":["Educa\u00e7\u00e3o"],"inLanguage":"pt-PT"},{"@type":"WebPage","@id":"https:\/\/maismagazine.pt\/index.php\/2026\/03\/13\/epamac-uma-escola-sem-muros-onde-todos-se-sentem-parte-de-uma-verdadeira-familia\/","url":"https:\/\/maismagazine.pt\/index.php\/2026\/03\/13\/epamac-uma-escola-sem-muros-onde-todos-se-sentem-parte-de-uma-verdadeira-familia\/","name":"EPAMAC: Uma escola sem muros, onde todos se sentem parte de uma verdadeira fam\u00edlia - Mais Magazine","isPartOf":{"@id":"https:\/\/maismagazine.pt\/#website"},"primaryImageOfPage":{"@id":"https:\/\/maismagazine.pt\/index.php\/2026\/03\/13\/epamac-uma-escola-sem-muros-onde-todos-se-sentem-parte-de-uma-verdadeira-familia\/#primaryimage"},"image":{"@id":"https:\/\/maismagazine.pt\/index.php\/2026\/03\/13\/epamac-uma-escola-sem-muros-onde-todos-se-sentem-parte-de-uma-verdadeira-familia\/#primaryimage"},"thumbnailUrl":"https:\/\/maismagazine.pt\/wp-content\/uploads\/2026\/03\/6I2A1316.jpg","datePublished":"2026-03-13T07:00:00+00:00","breadcrumb":{"@id":"https:\/\/maismagazine.pt\/index.php\/2026\/03\/13\/epamac-uma-escola-sem-muros-onde-todos-se-sentem-parte-de-uma-verdadeira-familia\/#breadcrumb"},"inLanguage":"pt-PT","potentialAction":[{"@type":"ReadAction","target":["https:\/\/maismagazine.pt\/index.php\/2026\/03\/13\/epamac-uma-escola-sem-muros-onde-todos-se-sentem-parte-de-uma-verdadeira-familia\/"]}]},{"@type":"ImageObject","inLanguage":"pt-PT","@id":"https:\/\/maismagazine.pt\/index.php\/2026\/03\/13\/epamac-uma-escola-sem-muros-onde-todos-se-sentem-parte-de-uma-verdadeira-familia\/#primaryimage","url":"https:\/\/maismagazine.pt\/wp-content\/uploads\/2026\/03\/6I2A1316.jpg","contentUrl":"https:\/\/maismagazine.pt\/wp-content\/uploads\/2026\/03\/6I2A1316.jpg","width":840,"height":560},{"@type":"BreadcrumbList","@id":"https:\/\/maismagazine.pt\/index.php\/2026\/03\/13\/epamac-uma-escola-sem-muros-onde-todos-se-sentem-parte-de-uma-verdadeira-familia\/#breadcrumb","itemListElement":[{"@type":"ListItem","position":1,"name":"Home","item":"https:\/\/maismagazine.pt\/"},{"@type":"ListItem","position":2,"name":"EPAMAC: Uma escola sem muros, onde todos se sentem parte de uma verdadeira fam\u00edlia"}]},{"@type":"WebSite","@id":"https:\/\/maismagazine.pt\/#website","url":"https:\/\/maismagazine.pt\/","name":"Mais Magazine","description":"","publisher":{"@id":"https:\/\/maismagazine.pt\/#organization"},"potentialAction":[{"@type":"SearchAction","target":{"@type":"EntryPoint","urlTemplate":"https:\/\/maismagazine.pt\/?s={search_term_string}"},"query-input":{"@type":"PropertyValueSpecification","valueRequired":true,"valueName":"search_term_string"}}],"inLanguage":"pt-PT"},{"@type":"Organization","@id":"https:\/\/maismagazine.pt\/#organization","name":"Mais Magazine","url":"https:\/\/maismagazine.pt\/","logo":{"@type":"ImageObject","inLanguage":"pt-PT","@id":"https:\/\/maismagazine.pt\/#\/schema\/logo\/image\/","url":"https:\/\/maismagazine.pt\/wp-content\/uploads\/2020\/04\/cropped-cropped-mais-magazine-site-logo-2.png","contentUrl":"https:\/\/maismagazine.pt\/wp-content\/uploads\/2020\/04\/cropped-cropped-mais-magazine-site-logo-2.png","width":581,"height":90,"caption":"Mais Magazine"},"image":{"@id":"https:\/\/maismagazine.pt\/#\/schema\/logo\/image\/"}},{"@type":"Person","@id":"https:\/\/maismagazine.pt\/#\/schema\/person\/7426e2caeb8df32a1b56aa48dae778c9","name":"Tatiana Martins","image":{"@type":"ImageObject","inLanguage":"pt-PT","@id":"https:\/\/maismagazine.pt\/#\/schema\/person\/image\/","url":"https:\/\/secure.gravatar.com\/avatar\/4b24a57f5d0425f2eb20981c4b53244e?s=96&d=mm&r=g","contentUrl":"https:\/\/secure.gravatar.com\/avatar\/4b24a57f5d0425f2eb20981c4b53244e?s=96&d=mm&r=g","caption":"Tatiana Martins"},"url":"https:\/\/maismagazine.pt\/index.php\/author\/tatiana\/"}]}},"author_meta":{"display_name":false,"author_link":"https:\/\/maismagazine.pt\/index.php\/author\/tatiana\/"},"featured_img":"https:\/\/maismagazine.pt\/wp-content\/uploads\/2026\/03\/6I2A1316-300x200.jpg","coauthors":[],"tax_additional":{"categories":{"linked":["<a href=\"https:\/\/maismagazine.pt\/index.php\/category\/educacao\/\" class=\"advgb-post-tax-term\">Educa\u00e7\u00e3o<\/a>"],"unlinked":["<span class=\"advgb-post-tax-term\">Educa\u00e7\u00e3o<\/span>"]},"tags":{"linked":["<a href=\"https:\/\/maismagazine.pt\/index.php\/category\/educacao\/\" class=\"advgb-post-tax-term\">Ensino<\/a>","<a href=\"https:\/\/maismagazine.pt\/index.php\/category\/educacao\/\" class=\"advgb-post-tax-term\">Escola Profissional de Agricultura e Desenvolvimento Rural de Marco de Canaveses<\/a>"],"unlinked":["<span class=\"advgb-post-tax-term\">Ensino<\/span>","<span class=\"advgb-post-tax-term\">Escola Profissional de Agricultura e Desenvolvimento Rural de Marco de Canaveses<\/span>"]}},"comment_count":"0","relative_dates":{"created":"Posted 2 meses ago","modified":"Updated 2 meses ago"},"absolute_dates":{"created":"Posted on 13 de Mar\u00e7o, 2026","modified":"Updated on 11 de Mar\u00e7o, 2026"},"absolute_dates_time":{"created":"Posted on 13 de Mar\u00e7o, 2026 7:00","modified":"Updated on 11 de Mar\u00e7o, 2026 15:38"},"featured_img_caption":"","series_order":"","_links":{"self":[{"href":"https:\/\/maismagazine.pt\/index.php\/wp-json\/wp\/v2\/posts\/13876","targetHints":{"allow":["GET"]}}],"collection":[{"href":"https:\/\/maismagazine.pt\/index.php\/wp-json\/wp\/v2\/posts"}],"about":[{"href":"https:\/\/maismagazine.pt\/index.php\/wp-json\/wp\/v2\/types\/post"}],"author":[{"embeddable":true,"href":"https:\/\/maismagazine.pt\/index.php\/wp-json\/wp\/v2\/users\/18"}],"replies":[{"embeddable":true,"href":"https:\/\/maismagazine.pt\/index.php\/wp-json\/wp\/v2\/comments?post=13876"}],"version-history":[{"count":1,"href":"https:\/\/maismagazine.pt\/index.php\/wp-json\/wp\/v2\/posts\/13876\/revisions"}],"predecessor-version":[{"id":13884,"href":"https:\/\/maismagazine.pt\/index.php\/wp-json\/wp\/v2\/posts\/13876\/revisions\/13884"}],"wp:featuredmedia":[{"embeddable":true,"href":"https:\/\/maismagazine.pt\/index.php\/wp-json\/wp\/v2\/media\/13880"}],"wp:attachment":[{"href":"https:\/\/maismagazine.pt\/index.php\/wp-json\/wp\/v2\/media?parent=13876"}],"wp:term":[{"taxonomy":"category","embeddable":true,"href":"https:\/\/maismagazine.pt\/index.php\/wp-json\/wp\/v2\/categories?post=13876"},{"taxonomy":"post_tag","embeddable":true,"href":"https:\/\/maismagazine.pt\/index.php\/wp-json\/wp\/v2\/tags?post=13876"}],"curies":[{"name":"wp","href":"https:\/\/api.w.org\/{rel}","templated":true}]}}