{"id":13866,"date":"2026-03-13T07:00:00","date_gmt":"2026-03-13T07:00:00","guid":{"rendered":"https:\/\/maismagazine.pt\/?p=13866"},"modified":"2026-03-11T15:30:08","modified_gmt":"2026-03-11T15:30:08","slug":"epadrv-excelencia-na-formacao-e-inovacao-para-o-futuro-da-agricultura","status":"publish","type":"post","link":"https:\/\/maismagazine.pt\/index.php\/2026\/03\/13\/epadrv-excelencia-na-formacao-e-inovacao-para-o-futuro-da-agricultura\/","title":{"rendered":"EPADRV: Excel\u00eancia na Forma\u00e7\u00e3o e Inova\u00e7\u00e3o para o Futuro da Agricultura"},"content":{"rendered":"\n<p><strong>A <a href=\"http:\/\/www.epadrv.edu.pt\">Escola Profissional de Agricultura e Desenvolvimento Rural de Vagos (EPADRV)<\/a> \u00e9 uma escola reconhecida a n\u00edvel nacional e internacional, no \u00e2mbito da forma\u00e7\u00e3o profissional.<\/strong><\/p>\n\n\n\n<p><\/p>\n\n\n\n<p><strong>Oferta formativa<\/strong><\/p>\n\n\n\n<p>Como oferta formativa temos, no ensino secund\u00e1rio, quatro Cursos Profissionais: <strong>Produ\u00e7\u00e3o Agropecu\u00e1ria, Manuten\u00e7\u00e3o Industrial, Gest\u00e3o Equina e Restaura\u00e7\u00e3o (Cozinha\/Pastelaria e Restaurante\/Bar)<\/strong>.<\/p>\n\n\n\n<p>No 3\u00ba ciclo, temos como oferta dois <strong>Cursos CEF, de tipologia II e III<\/strong>, nas vertentes<strong> Serralharia Civil e Padaria Pastelaria<\/strong>. Tamb\u00e9m o Centro Qualifica, para forma\u00e7\u00e3o de adultos. A nossa escola tem uma Resid\u00eancia Escolar, o que nos permite receber alunos de diferentes zonas do pa\u00eds e do estrangeiro num ambiente de plena inclus\u00e3o.<\/p>\n\n\n\n<p><\/p>\n\n\n\n<p><strong>A EPADRV no centro das decis\u00f5es agr\u00edcolas da Europa<\/strong><\/p>\n\n\n\n<p>A EPADRV integrou o painel de especialistas na 1\u00aa reuni\u00e3o do Grupo Tem\u00e1tico da EU Network, realizada em Bruxelas, para discutir o impacto dos agricultores na sociedade. O objetivo deste grupo \u00e9 melhorar a perce\u00e7\u00e3o p\u00fablica sobre os contributos da agricultura para o bem comum, que v\u00e3o al\u00e9m da produ\u00e7\u00e3o alimentar. Os agricultores s\u00e3o fundamentais na preserva\u00e7\u00e3o da biodiversidade e sustentabilidade ambiental. As pol\u00edticas europeias, como o Farm to Fork e a Estrat\u00e9gia de Biodiversidade 2030, procuram promover boas pr\u00e1ticas sustent\u00e1veis com agricultura de precis\u00e3o e intelig\u00eancia artificial. A EPADRV, alinhada com estes princ\u00edpios, desenvolve projetos pedag\u00f3gicos interdisciplinares, envolvendo a comunidade escolar e local. Durante o encontro, apresentou iniciativas como o laborat\u00f3rio Abelhas no Recreio, que sensibiliza para a biodiversidade e a alimenta\u00e7\u00e3o sustent\u00e1vel, e projetos como BeeFruta, o fabrico de queijo e hidromel e a utiliza\u00e7\u00e3o de pellets de l\u00e3 Merina como fertilizante org\u00e2nico. Com estas iniciativas, a EPADRV refor\u00e7a o seu compromisso com a forma\u00e7\u00e3o de jovens agricultores, promovendo uma agricultura inovadora e sustent\u00e1vel, essencial para o futuro do setor e o bem-estar da sociedade. <\/p>\n\n\n\n<p><\/p>\n\n\n\n<p><strong>Uma Escola premiada<\/strong><\/p>\n\n\n\n<p>A EPADRV marcou presen\u00e7a com distin\u00e7\u00e3o no 1\u00ba Concurso Inter Escolas da Ra\u00e7a Holstein Fr\u00edsia, que decorreu em Braga, durante quatro intensos dias e noites. O esfor\u00e7o coletivo foi recompensado com uma brilhante presta\u00e7\u00e3o, coroada com os seguintes pr\u00e9mios: 1.\u00ba Pr\u00e9mio \u2013 Vitelas, 1\u00ba Pr\u00e9mio \u2013 Vacas, 2\u00ba Pr\u00e9mio \u2013 Vacas, 4\u00ba Pr\u00e9mio \u2013 Novilhas, Trof\u00e9u InvestBraga \u2013 Melhor Grupo. <\/p>\n\n\n<div class=\"wp-block-image\">\n<figure class=\"aligncenter size-large is-resized\"><img loading=\"lazy\" decoding=\"async\" width=\"1024\" height=\"768\" src=\"https:\/\/maismagazine.pt\/wp-content\/uploads\/2026\/03\/Escola-premiada-1024x768.jpg\" alt=\"\" class=\"wp-image-13872\" style=\"width:388px;height:auto\" srcset=\"https:\/\/maismagazine.pt\/wp-content\/uploads\/2026\/03\/Escola-premiada-1024x768.jpg 1024w, https:\/\/maismagazine.pt\/wp-content\/uploads\/2026\/03\/Escola-premiada-300x225.jpg 300w, https:\/\/maismagazine.pt\/wp-content\/uploads\/2026\/03\/Escola-premiada-768x576.jpg 768w, https:\/\/maismagazine.pt\/wp-content\/uploads\/2026\/03\/Escola-premiada-1536x1152.jpg 1536w, https:\/\/maismagazine.pt\/wp-content\/uploads\/2026\/03\/Escola-premiada.jpg 1600w\" sizes=\"auto, (max-width: 1024px) 100vw, 1024px\" \/><figcaption class=\"wp-element-caption\">Pr\u00e9mios do Concurso Ra\u00e7a Holstein Fr\u00edsia<\/figcaption><\/figure><\/div>\n\n\n<p><strong>O novo desafio: Centro Tecnol\u00f3gico Especializado<\/strong><\/p>\n\n\n\n<p>A EPADRV est\u00e1 a concretizar um grande desafio: &#8211; a implementa\u00e7\u00e3o do Centro Tecnol\u00f3gico Especializado -\u201dDo Prado ao Prato\u201d. \u00c9 um centro tecnol\u00f3gico industrial que pretende dar uma resposta t\u00e9cnico pedag\u00f3gica, potenciando a complementaridade e multidisciplinaridade entre as \u00e1reas de forma\u00e7\u00e3o profissional ministradas na escola atrav\u00e9s da renova\u00e7\u00e3o e moderniza\u00e7\u00e3o das instala\u00e7\u00f5es agroalimentares e ci\u00eancia experimental, do polo de restaura\u00e7\u00e3o, do polo de bovinos leiteiros, do polo de manuten\u00e7\u00e3o industrial e no surgimento de um polo de transforma\u00e7\u00e3o agroalimentar. Este projeto refor\u00e7ar\u00e1 a din\u00e2mica pedag\u00f3gica institu\u00edda, contribuir\u00e1 para a dignifica\u00e7\u00e3o do ensino profissional, elevando a motiva\u00e7\u00e3o dos alunos que procuram estas \u00e1reas, refletindo-se no sucesso acad\u00e9mico, na diminui\u00e7\u00e3o do abandono escolar e na incrementa\u00e7\u00e3o das taxas de empregabilidade. <\/p>\n\n\n\n<p><strong>Na EPADRV, constru\u00edmos o futuro! <\/strong><\/p>\n\n\n\n<p><\/p>\n\n\n<div class=\"wp-block-image\">\n<figure class=\"aligncenter size-large is-resized\"><img loading=\"lazy\" decoding=\"async\" width=\"1024\" height=\"376\" src=\"https:\/\/maismagazine.pt\/wp-content\/uploads\/2026\/03\/epadrv_logo_comTexto_-1024x376.jpg\" alt=\"\" class=\"wp-image-13874\" style=\"width:316px;height:auto\" srcset=\"https:\/\/maismagazine.pt\/wp-content\/uploads\/2026\/03\/epadrv_logo_comTexto_-1024x376.jpg 1024w, https:\/\/maismagazine.pt\/wp-content\/uploads\/2026\/03\/epadrv_logo_comTexto_-300x110.jpg 300w, https:\/\/maismagazine.pt\/wp-content\/uploads\/2026\/03\/epadrv_logo_comTexto_-768x282.jpg 768w, https:\/\/maismagazine.pt\/wp-content\/uploads\/2026\/03\/epadrv_logo_comTexto_-1536x564.jpg 1536w, https:\/\/maismagazine.pt\/wp-content\/uploads\/2026\/03\/epadrv_logo_comTexto_.jpg 1576w\" sizes=\"auto, (max-width: 1024px) 100vw, 1024px\" \/><\/figure><\/div>\n\n\n<p><\/p>\n","protected":false},"excerpt":{"rendered":"<p>A Escola Profissional de Agricultura e Desenvolvimento Rural de Vagos (EPADRV) \u00e9 uma escola reconhecida a n\u00edvel nacional e internacional, no \u00e2mbito da forma\u00e7\u00e3o profissional. Oferta formativa Como oferta formativa temos, no ensino secund\u00e1rio, quatro Cursos Profissionais: Produ\u00e7\u00e3o Agropecu\u00e1ria, Manuten\u00e7\u00e3o Industrial, Gest\u00e3o Equina e Restaura\u00e7\u00e3o (Cozinha\/Pastelaria e Restaurante\/Bar). No 3\u00ba&hellip;<\/p>\n","protected":false},"author":18,"featured_media":13871,"comment_status":"closed","ping_status":"open","sticky":false,"template":"","format":"standard","meta":{"advgb_blocks_editor_width":"","advgb_blocks_columns_visual_guide":"","_monsterinsights_skip_tracking":false,"_monsterinsights_sitenote_active":false,"_monsterinsights_sitenote_note":"","_monsterinsights_sitenote_category":0,"footnotes":""},"categories":[149],"tags":[521,2598],"class_list":["post-13866","post","type-post","status-publish","format-standard","has-post-thumbnail","hentry","category-educacao","tag-ensino","tag-escola-profissional-de-agricultura-e-desenvolvimento-rural-de-vagos"],"yoast_head":"<!-- This site is optimized with the Yoast SEO plugin v24.4 - https:\/\/yoast.com\/wordpress\/plugins\/seo\/ -->\n<title>EPADRV: Excel\u00eancia na Forma\u00e7\u00e3o e Inova\u00e7\u00e3o para o Futuro da Agricultura - Mais Magazine<\/title>\n<meta name=\"robots\" content=\"index, follow, max-snippet:-1, max-image-preview:large, max-video-preview:-1\" \/>\n<link rel=\"canonical\" href=\"https:\/\/maismagazine.pt\/index.php\/2026\/03\/13\/epadrv-excelencia-na-formacao-e-inovacao-para-o-futuro-da-agricultura\/\" \/>\n<meta property=\"og:locale\" content=\"pt_PT\" \/>\n<meta property=\"og:type\" content=\"article\" \/>\n<meta property=\"og:title\" content=\"EPADRV: Excel\u00eancia na Forma\u00e7\u00e3o e Inova\u00e7\u00e3o para o Futuro da Agricultura - Mais Magazine\" \/>\n<meta property=\"og:description\" content=\"A Escola Profissional de Agricultura e Desenvolvimento Rural de Vagos (EPADRV) \u00e9 uma escola reconhecida a n\u00edvel nacional e internacional, no \u00e2mbito da forma\u00e7\u00e3o profissional. Oferta formativa Como oferta formativa temos, no ensino secund\u00e1rio, quatro Cursos Profissionais: Produ\u00e7\u00e3o Agropecu\u00e1ria, Manuten\u00e7\u00e3o Industrial, Gest\u00e3o Equina e Restaura\u00e7\u00e3o (Cozinha\/Pastelaria e Restaurante\/Bar). No 3\u00ba&hellip;\" \/>\n<meta property=\"og:url\" content=\"https:\/\/maismagazine.pt\/index.php\/2026\/03\/13\/epadrv-excelencia-na-formacao-e-inovacao-para-o-futuro-da-agricultura\/\" \/>\n<meta property=\"og:site_name\" content=\"Mais Magazine\" \/>\n<meta property=\"article:published_time\" content=\"2026-03-13T07:00:00+00:00\" \/>\n<meta property=\"og:image\" content=\"https:\/\/maismagazine.pt\/wp-content\/uploads\/2026\/03\/Foto-para-final.jpg\" \/>\n\t<meta property=\"og:image:width\" content=\"556\" \/>\n\t<meta property=\"og:image:height\" content=\"344\" \/>\n\t<meta property=\"og:image:type\" content=\"image\/jpeg\" \/>\n<meta name=\"author\" content=\"Tatiana Martins\" \/>\n<meta name=\"twitter:card\" content=\"summary_large_image\" \/>\n<meta name=\"twitter:label1\" content=\"Escrito por\" \/>\n\t<meta name=\"twitter:data1\" content=\"\" \/>\n\t<meta name=\"twitter:label2\" content=\"Tempo estimado de leitura\" \/>\n\t<meta name=\"twitter:data2\" content=\"4 minutos\" \/>\n<script type=\"application\/ld+json\" class=\"yoast-schema-graph\">{\"@context\":\"https:\/\/schema.org\",\"@graph\":[{\"@type\":\"Article\",\"@id\":\"https:\/\/maismagazine.pt\/index.php\/2026\/03\/13\/epadrv-excelencia-na-formacao-e-inovacao-para-o-futuro-da-agricultura\/#article\",\"isPartOf\":{\"@id\":\"https:\/\/maismagazine.pt\/index.php\/2026\/03\/13\/epadrv-excelencia-na-formacao-e-inovacao-para-o-futuro-da-agricultura\/\"},\"author\":{\"name\":\"Tatiana Martins\",\"@id\":\"https:\/\/maismagazine.pt\/#\/schema\/person\/7426e2caeb8df32a1b56aa48dae778c9\"},\"headline\":\"EPADRV: Excel\u00eancia na Forma\u00e7\u00e3o e Inova\u00e7\u00e3o para o Futuro da Agricultura\",\"datePublished\":\"2026-03-13T07:00:00+00:00\",\"mainEntityOfPage\":{\"@id\":\"https:\/\/maismagazine.pt\/index.php\/2026\/03\/13\/epadrv-excelencia-na-formacao-e-inovacao-para-o-futuro-da-agricultura\/\"},\"wordCount\":568,\"publisher\":{\"@id\":\"https:\/\/maismagazine.pt\/#organization\"},\"image\":{\"@id\":\"https:\/\/maismagazine.pt\/index.php\/2026\/03\/13\/epadrv-excelencia-na-formacao-e-inovacao-para-o-futuro-da-agricultura\/#primaryimage\"},\"thumbnailUrl\":\"https:\/\/maismagazine.pt\/wp-content\/uploads\/2026\/03\/Foto-para-final.jpg\",\"keywords\":[\"Ensino\",\"Escola Profissional de Agricultura e Desenvolvimento Rural de Vagos\"],\"articleSection\":[\"Educa\u00e7\u00e3o\"],\"inLanguage\":\"pt-PT\"},{\"@type\":\"WebPage\",\"@id\":\"https:\/\/maismagazine.pt\/index.php\/2026\/03\/13\/epadrv-excelencia-na-formacao-e-inovacao-para-o-futuro-da-agricultura\/\",\"url\":\"https:\/\/maismagazine.pt\/index.php\/2026\/03\/13\/epadrv-excelencia-na-formacao-e-inovacao-para-o-futuro-da-agricultura\/\",\"name\":\"EPADRV: Excel\u00eancia na Forma\u00e7\u00e3o e Inova\u00e7\u00e3o para o Futuro da Agricultura - Mais Magazine\",\"isPartOf\":{\"@id\":\"https:\/\/maismagazine.pt\/#website\"},\"primaryImageOfPage\":{\"@id\":\"https:\/\/maismagazine.pt\/index.php\/2026\/03\/13\/epadrv-excelencia-na-formacao-e-inovacao-para-o-futuro-da-agricultura\/#primaryimage\"},\"image\":{\"@id\":\"https:\/\/maismagazine.pt\/index.php\/2026\/03\/13\/epadrv-excelencia-na-formacao-e-inovacao-para-o-futuro-da-agricultura\/#primaryimage\"},\"thumbnailUrl\":\"https:\/\/maismagazine.pt\/wp-content\/uploads\/2026\/03\/Foto-para-final.jpg\",\"datePublished\":\"2026-03-13T07:00:00+00:00\",\"breadcrumb\":{\"@id\":\"https:\/\/maismagazine.pt\/index.php\/2026\/03\/13\/epadrv-excelencia-na-formacao-e-inovacao-para-o-futuro-da-agricultura\/#breadcrumb\"},\"inLanguage\":\"pt-PT\",\"potentialAction\":[{\"@type\":\"ReadAction\",\"target\":[\"https:\/\/maismagazine.pt\/index.php\/2026\/03\/13\/epadrv-excelencia-na-formacao-e-inovacao-para-o-futuro-da-agricultura\/\"]}]},{\"@type\":\"ImageObject\",\"inLanguage\":\"pt-PT\",\"@id\":\"https:\/\/maismagazine.pt\/index.php\/2026\/03\/13\/epadrv-excelencia-na-formacao-e-inovacao-para-o-futuro-da-agricultura\/#primaryimage\",\"url\":\"https:\/\/maismagazine.pt\/wp-content\/uploads\/2026\/03\/Foto-para-final.jpg\",\"contentUrl\":\"https:\/\/maismagazine.pt\/wp-content\/uploads\/2026\/03\/Foto-para-final.jpg\",\"width\":556,\"height\":344,\"caption\":\"Concurso de saltos nacional\"},{\"@type\":\"BreadcrumbList\",\"@id\":\"https:\/\/maismagazine.pt\/index.php\/2026\/03\/13\/epadrv-excelencia-na-formacao-e-inovacao-para-o-futuro-da-agricultura\/#breadcrumb\",\"itemListElement\":[{\"@type\":\"ListItem\",\"position\":1,\"name\":\"Home\",\"item\":\"https:\/\/maismagazine.pt\/\"},{\"@type\":\"ListItem\",\"position\":2,\"name\":\"EPADRV: Excel\u00eancia na Forma\u00e7\u00e3o e Inova\u00e7\u00e3o para o Futuro da Agricultura\"}]},{\"@type\":\"WebSite\",\"@id\":\"https:\/\/maismagazine.pt\/#website\",\"url\":\"https:\/\/maismagazine.pt\/\",\"name\":\"Mais Magazine\",\"description\":\"\",\"publisher\":{\"@id\":\"https:\/\/maismagazine.pt\/#organization\"},\"potentialAction\":[{\"@type\":\"SearchAction\",\"target\":{\"@type\":\"EntryPoint\",\"urlTemplate\":\"https:\/\/maismagazine.pt\/?s={search_term_string}\"},\"query-input\":{\"@type\":\"PropertyValueSpecification\",\"valueRequired\":true,\"valueName\":\"search_term_string\"}}],\"inLanguage\":\"pt-PT\"},{\"@type\":\"Organization\",\"@id\":\"https:\/\/maismagazine.pt\/#organization\",\"name\":\"Mais Magazine\",\"url\":\"https:\/\/maismagazine.pt\/\",\"logo\":{\"@type\":\"ImageObject\",\"inLanguage\":\"pt-PT\",\"@id\":\"https:\/\/maismagazine.pt\/#\/schema\/logo\/image\/\",\"url\":\"https:\/\/maismagazine.pt\/wp-content\/uploads\/2020\/04\/cropped-cropped-mais-magazine-site-logo-2.png\",\"contentUrl\":\"https:\/\/maismagazine.pt\/wp-content\/uploads\/2020\/04\/cropped-cropped-mais-magazine-site-logo-2.png\",\"width\":581,\"height\":90,\"caption\":\"Mais Magazine\"},\"image\":{\"@id\":\"https:\/\/maismagazine.pt\/#\/schema\/logo\/image\/\"}},{\"@type\":\"Person\",\"@id\":\"https:\/\/maismagazine.pt\/#\/schema\/person\/7426e2caeb8df32a1b56aa48dae778c9\",\"name\":\"Tatiana Martins\",\"image\":{\"@type\":\"ImageObject\",\"inLanguage\":\"pt-PT\",\"@id\":\"https:\/\/maismagazine.pt\/#\/schema\/person\/image\/\",\"url\":\"https:\/\/secure.gravatar.com\/avatar\/4b24a57f5d0425f2eb20981c4b53244e?s=96&d=mm&r=g\",\"contentUrl\":\"https:\/\/secure.gravatar.com\/avatar\/4b24a57f5d0425f2eb20981c4b53244e?s=96&d=mm&r=g\",\"caption\":\"Tatiana Martins\"},\"url\":\"https:\/\/maismagazine.pt\/index.php\/author\/tatiana\/\"}]}<\/script>\n<!-- \/ Yoast SEO plugin. -->","yoast_head_json":{"title":"EPADRV: Excel\u00eancia na Forma\u00e7\u00e3o e Inova\u00e7\u00e3o para o Futuro da Agricultura - Mais Magazine","robots":{"index":"index","follow":"follow","max-snippet":"max-snippet:-1","max-image-preview":"max-image-preview:large","max-video-preview":"max-video-preview:-1"},"canonical":"https:\/\/maismagazine.pt\/index.php\/2026\/03\/13\/epadrv-excelencia-na-formacao-e-inovacao-para-o-futuro-da-agricultura\/","og_locale":"pt_PT","og_type":"article","og_title":"EPADRV: Excel\u00eancia na Forma\u00e7\u00e3o e Inova\u00e7\u00e3o para o Futuro da Agricultura - Mais Magazine","og_description":"A Escola Profissional de Agricultura e Desenvolvimento Rural de Vagos (EPADRV) \u00e9 uma escola reconhecida a n\u00edvel nacional e internacional, no \u00e2mbito da forma\u00e7\u00e3o profissional. Oferta formativa Como oferta formativa temos, no ensino secund\u00e1rio, quatro Cursos Profissionais: Produ\u00e7\u00e3o Agropecu\u00e1ria, Manuten\u00e7\u00e3o Industrial, Gest\u00e3o Equina e Restaura\u00e7\u00e3o (Cozinha\/Pastelaria e Restaurante\/Bar). No 3\u00ba&hellip;","og_url":"https:\/\/maismagazine.pt\/index.php\/2026\/03\/13\/epadrv-excelencia-na-formacao-e-inovacao-para-o-futuro-da-agricultura\/","og_site_name":"Mais Magazine","article_published_time":"2026-03-13T07:00:00+00:00","og_image":[{"width":556,"height":344,"url":"https:\/\/maismagazine.pt\/wp-content\/uploads\/2026\/03\/Foto-para-final.jpg","type":"image\/jpeg"}],"author":"Tatiana Martins","twitter_card":"summary_large_image","twitter_misc":{"Escrito por":false,"Tempo estimado de leitura":"4 minutos"},"schema":{"@context":"https:\/\/schema.org","@graph":[{"@type":"Article","@id":"https:\/\/maismagazine.pt\/index.php\/2026\/03\/13\/epadrv-excelencia-na-formacao-e-inovacao-para-o-futuro-da-agricultura\/#article","isPartOf":{"@id":"https:\/\/maismagazine.pt\/index.php\/2026\/03\/13\/epadrv-excelencia-na-formacao-e-inovacao-para-o-futuro-da-agricultura\/"},"author":{"name":"Tatiana Martins","@id":"https:\/\/maismagazine.pt\/#\/schema\/person\/7426e2caeb8df32a1b56aa48dae778c9"},"headline":"EPADRV: Excel\u00eancia na Forma\u00e7\u00e3o e Inova\u00e7\u00e3o para o Futuro da Agricultura","datePublished":"2026-03-13T07:00:00+00:00","mainEntityOfPage":{"@id":"https:\/\/maismagazine.pt\/index.php\/2026\/03\/13\/epadrv-excelencia-na-formacao-e-inovacao-para-o-futuro-da-agricultura\/"},"wordCount":568,"publisher":{"@id":"https:\/\/maismagazine.pt\/#organization"},"image":{"@id":"https:\/\/maismagazine.pt\/index.php\/2026\/03\/13\/epadrv-excelencia-na-formacao-e-inovacao-para-o-futuro-da-agricultura\/#primaryimage"},"thumbnailUrl":"https:\/\/maismagazine.pt\/wp-content\/uploads\/2026\/03\/Foto-para-final.jpg","keywords":["Ensino","Escola Profissional de Agricultura e Desenvolvimento Rural de Vagos"],"articleSection":["Educa\u00e7\u00e3o"],"inLanguage":"pt-PT"},{"@type":"WebPage","@id":"https:\/\/maismagazine.pt\/index.php\/2026\/03\/13\/epadrv-excelencia-na-formacao-e-inovacao-para-o-futuro-da-agricultura\/","url":"https:\/\/maismagazine.pt\/index.php\/2026\/03\/13\/epadrv-excelencia-na-formacao-e-inovacao-para-o-futuro-da-agricultura\/","name":"EPADRV: Excel\u00eancia na Forma\u00e7\u00e3o e Inova\u00e7\u00e3o para o Futuro da Agricultura - Mais Magazine","isPartOf":{"@id":"https:\/\/maismagazine.pt\/#website"},"primaryImageOfPage":{"@id":"https:\/\/maismagazine.pt\/index.php\/2026\/03\/13\/epadrv-excelencia-na-formacao-e-inovacao-para-o-futuro-da-agricultura\/#primaryimage"},"image":{"@id":"https:\/\/maismagazine.pt\/index.php\/2026\/03\/13\/epadrv-excelencia-na-formacao-e-inovacao-para-o-futuro-da-agricultura\/#primaryimage"},"thumbnailUrl":"https:\/\/maismagazine.pt\/wp-content\/uploads\/2026\/03\/Foto-para-final.jpg","datePublished":"2026-03-13T07:00:00+00:00","breadcrumb":{"@id":"https:\/\/maismagazine.pt\/index.php\/2026\/03\/13\/epadrv-excelencia-na-formacao-e-inovacao-para-o-futuro-da-agricultura\/#breadcrumb"},"inLanguage":"pt-PT","potentialAction":[{"@type":"ReadAction","target":["https:\/\/maismagazine.pt\/index.php\/2026\/03\/13\/epadrv-excelencia-na-formacao-e-inovacao-para-o-futuro-da-agricultura\/"]}]},{"@type":"ImageObject","inLanguage":"pt-PT","@id":"https:\/\/maismagazine.pt\/index.php\/2026\/03\/13\/epadrv-excelencia-na-formacao-e-inovacao-para-o-futuro-da-agricultura\/#primaryimage","url":"https:\/\/maismagazine.pt\/wp-content\/uploads\/2026\/03\/Foto-para-final.jpg","contentUrl":"https:\/\/maismagazine.pt\/wp-content\/uploads\/2026\/03\/Foto-para-final.jpg","width":556,"height":344,"caption":"Concurso de saltos nacional"},{"@type":"BreadcrumbList","@id":"https:\/\/maismagazine.pt\/index.php\/2026\/03\/13\/epadrv-excelencia-na-formacao-e-inovacao-para-o-futuro-da-agricultura\/#breadcrumb","itemListElement":[{"@type":"ListItem","position":1,"name":"Home","item":"https:\/\/maismagazine.pt\/"},{"@type":"ListItem","position":2,"name":"EPADRV: Excel\u00eancia na Forma\u00e7\u00e3o e Inova\u00e7\u00e3o para o Futuro da Agricultura"}]},{"@type":"WebSite","@id":"https:\/\/maismagazine.pt\/#website","url":"https:\/\/maismagazine.pt\/","name":"Mais Magazine","description":"","publisher":{"@id":"https:\/\/maismagazine.pt\/#organization"},"potentialAction":[{"@type":"SearchAction","target":{"@type":"EntryPoint","urlTemplate":"https:\/\/maismagazine.pt\/?s={search_term_string}"},"query-input":{"@type":"PropertyValueSpecification","valueRequired":true,"valueName":"search_term_string"}}],"inLanguage":"pt-PT"},{"@type":"Organization","@id":"https:\/\/maismagazine.pt\/#organization","name":"Mais Magazine","url":"https:\/\/maismagazine.pt\/","logo":{"@type":"ImageObject","inLanguage":"pt-PT","@id":"https:\/\/maismagazine.pt\/#\/schema\/logo\/image\/","url":"https:\/\/maismagazine.pt\/wp-content\/uploads\/2020\/04\/cropped-cropped-mais-magazine-site-logo-2.png","contentUrl":"https:\/\/maismagazine.pt\/wp-content\/uploads\/2020\/04\/cropped-cropped-mais-magazine-site-logo-2.png","width":581,"height":90,"caption":"Mais Magazine"},"image":{"@id":"https:\/\/maismagazine.pt\/#\/schema\/logo\/image\/"}},{"@type":"Person","@id":"https:\/\/maismagazine.pt\/#\/schema\/person\/7426e2caeb8df32a1b56aa48dae778c9","name":"Tatiana Martins","image":{"@type":"ImageObject","inLanguage":"pt-PT","@id":"https:\/\/maismagazine.pt\/#\/schema\/person\/image\/","url":"https:\/\/secure.gravatar.com\/avatar\/4b24a57f5d0425f2eb20981c4b53244e?s=96&d=mm&r=g","contentUrl":"https:\/\/secure.gravatar.com\/avatar\/4b24a57f5d0425f2eb20981c4b53244e?s=96&d=mm&r=g","caption":"Tatiana Martins"},"url":"https:\/\/maismagazine.pt\/index.php\/author\/tatiana\/"}]}},"author_meta":{"display_name":false,"author_link":"https:\/\/maismagazine.pt\/index.php\/author\/tatiana\/"},"featured_img":"https:\/\/maismagazine.pt\/wp-content\/uploads\/2026\/03\/Foto-para-final-300x186.jpg","coauthors":[],"tax_additional":{"categories":{"linked":["<a href=\"https:\/\/maismagazine.pt\/index.php\/category\/educacao\/\" class=\"advgb-post-tax-term\">Educa\u00e7\u00e3o<\/a>"],"unlinked":["<span class=\"advgb-post-tax-term\">Educa\u00e7\u00e3o<\/span>"]},"tags":{"linked":["<a href=\"https:\/\/maismagazine.pt\/index.php\/category\/educacao\/\" class=\"advgb-post-tax-term\">Ensino<\/a>","<a href=\"https:\/\/maismagazine.pt\/index.php\/category\/educacao\/\" class=\"advgb-post-tax-term\">Escola Profissional de Agricultura e Desenvolvimento Rural de Vagos<\/a>"],"unlinked":["<span class=\"advgb-post-tax-term\">Ensino<\/span>","<span class=\"advgb-post-tax-term\">Escola Profissional de Agricultura e Desenvolvimento Rural de Vagos<\/span>"]}},"comment_count":"0","relative_dates":{"created":"Posted 2 meses ago","modified":"Updated 2 meses ago"},"absolute_dates":{"created":"Posted on 13 de Mar\u00e7o, 2026","modified":"Updated on 11 de Mar\u00e7o, 2026"},"absolute_dates_time":{"created":"Posted on 13 de Mar\u00e7o, 2026 7:00","modified":"Updated on 11 de Mar\u00e7o, 2026 15:30"},"featured_img_caption":"Concurso de saltos nacional","series_order":"","_links":{"self":[{"href":"https:\/\/maismagazine.pt\/index.php\/wp-json\/wp\/v2\/posts\/13866","targetHints":{"allow":["GET"]}}],"collection":[{"href":"https:\/\/maismagazine.pt\/index.php\/wp-json\/wp\/v2\/posts"}],"about":[{"href":"https:\/\/maismagazine.pt\/index.php\/wp-json\/wp\/v2\/types\/post"}],"author":[{"embeddable":true,"href":"https:\/\/maismagazine.pt\/index.php\/wp-json\/wp\/v2\/users\/18"}],"replies":[{"embeddable":true,"href":"https:\/\/maismagazine.pt\/index.php\/wp-json\/wp\/v2\/comments?post=13866"}],"version-history":[{"count":1,"href":"https:\/\/maismagazine.pt\/index.php\/wp-json\/wp\/v2\/posts\/13866\/revisions"}],"predecessor-version":[{"id":13875,"href":"https:\/\/maismagazine.pt\/index.php\/wp-json\/wp\/v2\/posts\/13866\/revisions\/13875"}],"wp:featuredmedia":[{"embeddable":true,"href":"https:\/\/maismagazine.pt\/index.php\/wp-json\/wp\/v2\/media\/13871"}],"wp:attachment":[{"href":"https:\/\/maismagazine.pt\/index.php\/wp-json\/wp\/v2\/media?parent=13866"}],"wp:term":[{"taxonomy":"category","embeddable":true,"href":"https:\/\/maismagazine.pt\/index.php\/wp-json\/wp\/v2\/categories?post=13866"},{"taxonomy":"post_tag","embeddable":true,"href":"https:\/\/maismagazine.pt\/index.php\/wp-json\/wp\/v2\/tags?post=13866"}],"curies":[{"name":"wp","href":"https:\/\/api.w.org\/{rel}","templated":true}]}}