{"id":13864,"date":"2026-03-13T07:00:00","date_gmt":"2026-03-13T07:00:00","guid":{"rendered":"https:\/\/maismagazine.pt\/?p=13864"},"modified":"2026-03-11T15:29:09","modified_gmt":"2026-03-11T15:29:09","slug":"epdra-e-o-seu-papel-ativo-no-desenvolvimento-rural-sustentavel","status":"publish","type":"post","link":"https:\/\/maismagazine.pt\/index.php\/2026\/03\/13\/epdra-e-o-seu-papel-ativo-no-desenvolvimento-rural-sustentavel\/","title":{"rendered":"EPDRA e o seu papel ativo no desenvolvimento rural sustent\u00e1vel"},"content":{"rendered":"\n<p><strong>A Mais Magazine esteve \u00e0 conversa com Marly Serras, Diretora da Escola Profissional de Desenvolvimento Rural de Abrantes (<a href=\"http:\/\/www.epdra.pt\">EPDRA<\/a>), que explicou como a escola forma profissionais agr\u00edcolas preparados para desafios atuais, combinando pr\u00e1tica, inova\u00e7\u00e3o e liga\u00e7\u00e3o ao mundo empresarial. <\/strong><\/p>\n\n\n\n<p><\/p>\n\n\n\n<p><strong>Como a vossa oferta em ensino profissional agr\u00edcola responde \u00e0s necessidades do setor e que diferenciais destacam?<\/strong> <\/p>\n\n\n\n<p>A Escola Profissional de Desenvolvimento Rural de Abrantes (EPDRA), primeira Escola Profissional Agr\u00edcola P\u00fablica criada em Portugal (1989), tem uma forte liga\u00e7\u00e3o ao meio rural e ao tecido produtivo regional. A sua oferta formativa tem sido ajustada aos desafios atuais do setor agr\u00edcola e agroalimentar, nomeadamente a transi\u00e7\u00e3o digital, a sustentabilidade ambiental, a adapta\u00e7\u00e3o \u00e0s altera\u00e7\u00f5es clim\u00e1ticas e a valoriza\u00e7\u00e3o dos produtos locais. A forma\u00e7\u00e3o assenta numa s\u00f3lida componente pr\u00e1tica, desenvolvida em contexto real de explora\u00e7\u00e3o agr\u00edcola, permitindo aos alunos consolidar compet\u00eancias nas \u00e1reas da produ\u00e7\u00e3o agr\u00edcola, pecu\u00e1ria, agroind\u00fastria e gest\u00e3o rural. Integra ainda conte\u00fados de agricultura sustent\u00e1vel, economia circular, inova\u00e7\u00e3o tecnol\u00f3gica e empreendedorismo, preparando jovens para um mercado exigente e competitivo. Como elementos diferenciadores destacam-se a aprendizagem baseada em projetos, a proximidade ao tecido empresarial e a articula\u00e7\u00e3o entre saber-fazer e rigor t\u00e9cnico-cient\u00edfico, formando profissionais vers\u00e1teis, capazes de conjugar tradi\u00e7\u00e3o e tecnologia com responsabilidade ambiental.   <\/p>\n\n\n\n<p><\/p>\n\n\n\n<p><strong>Que projetos da escola s\u00e3o mais relevantes para formar profissionais agr\u00edcolas e qual o seu impacto nos alunos e na comunidade? <\/strong><\/p>\n\n\n\n<p>Entre os projetos mais relevantes destacam-se iniciativas de produ\u00e7\u00e3o sustent\u00e1vel, hortas pedag\u00f3gicas, valoriza\u00e7\u00e3o de ra\u00e7as e culturas tradicionais e transforma\u00e7\u00e3o de produtos agr\u00edcolas, no \u00e2mbito do Eco-Escolas. Os DAC permitem aos alunos conceber e implementar solu\u00e7\u00f5es concretas, como hortas biol\u00f3gicas, otimiza\u00e7\u00e3o de rega e a\u00e7\u00f5es de sensibiliza\u00e7\u00e3o ambiental. A participa\u00e7\u00e3o em projetos como Ci\u00eancia Viva, iniciativas da Biblioteca Escolar e a articula\u00e7\u00e3o com o Tagusvalley, atrav\u00e9s do Programa Educativo At\u00e9gina, refor\u00e7a compet\u00eancias de inova\u00e7\u00e3o, empreendedorismo e sustentabilidade. A colabora\u00e7\u00e3o com o ensino superior, nomeadamente com o Instituto Polit\u00e9cnico de Santar\u00e9m, possibilita especializa\u00e7\u00e3o, como no TeSP de Equinicultura e Atividades H\u00edpicas, alargando oportunidades de prosseguimento de estudos e inser\u00e7\u00e3o profissional. Os cursos de Gest\u00e3o Equina, Produ\u00e7\u00e3o Agropecu\u00e1ria e Cozinha\/Pastelaria integram Forma\u00e7\u00e3o em Contexto de Trabalho, acompanhamento individualizado e apoios sociais. No seu conjunto, estes projetos t\u00eam impacto significativo na forma\u00e7\u00e3o t\u00e9cnica, pessoal e c\u00edvica dos alunos e consolidam o papel da escola no desenvolvimento rural sustent\u00e1vel. <\/p>\n\n\n\n<p><\/p>\n\n\n<div class=\"wp-block-image\">\n<figure class=\"aligncenter size-large is-resized\"><img loading=\"lazy\" decoding=\"async\" width=\"1024\" height=\"768\" src=\"https:\/\/maismagazine.pt\/wp-content\/uploads\/2026\/03\/Equinos-na-sala-de-aula-1024x768.jpg\" alt=\"\" class=\"wp-image-13867\" style=\"width:409px;height:auto\" srcset=\"https:\/\/maismagazine.pt\/wp-content\/uploads\/2026\/03\/Equinos-na-sala-de-aula-1024x768.jpg 1024w, https:\/\/maismagazine.pt\/wp-content\/uploads\/2026\/03\/Equinos-na-sala-de-aula-300x225.jpg 300w, https:\/\/maismagazine.pt\/wp-content\/uploads\/2026\/03\/Equinos-na-sala-de-aula-768x576.jpg 768w, https:\/\/maismagazine.pt\/wp-content\/uploads\/2026\/03\/Equinos-na-sala-de-aula-1536x1152.jpg 1536w, https:\/\/maismagazine.pt\/wp-content\/uploads\/2026\/03\/Equinos-na-sala-de-aula.jpg 2040w\" sizes=\"auto, (max-width: 1024px) 100vw, 1024px\" \/><\/figure><\/div>\n\n\n<p><\/p>\n\n\n\n<p><strong>Como a escola liga a forma\u00e7\u00e3o agr\u00edcola ao mundo empresarial e contribui para a empregabilidade dos estudantes? <\/strong><\/p>\n\n\n\n<p>A liga\u00e7\u00e3o ao mundo empresarial \u00e9 um pilar estrat\u00e9gico da EPDRA. Existe uma rede ativa de parcerias com empresas agr\u00edcolas, agroindustriais, hotelaria\/restaura\u00e7\u00e3o, coudelarias e centros h\u00edpicos, que acolhem os alunos em Forma\u00e7\u00e3o em Contexto de Trabalho. Estas experi\u00eancias permitem aplicar conhecimentos em contexto real, desenvolver compet\u00eancias t\u00e9cnicas e comportamentais e estabelecer contactos profissionais, traduzindo-se frequentemente em oportunidades de emprego. A realiza\u00e7\u00e3o de a\u00e7\u00f5es com empres\u00e1rios, t\u00e9cnicos e antigos alunos aproxima os estudantes das exig\u00eancias do mercado e contribui para elevados n\u00edveis de empregabilidade.  <\/p>\n\n\n\n<p><\/p>\n\n\n\n<p><strong>Quais os principais desafios na forma\u00e7\u00e3o agr\u00edcola e que estrat\u00e9gias usam para os superar garantindo qualidade e inova\u00e7\u00e3o?<\/strong><\/p>\n\n\n\n<p>Os principais desafios passam pela r\u00e1pida evolu\u00e7\u00e3o tecnol\u00f3gica, pelas crescentes exig\u00eancias de sustentabilidade e pela valoriza\u00e7\u00e3o do ensino profissional agr\u00edcola. Para lhes dar resposta, a escola aposta na atualiza\u00e7\u00e3o cont\u00ednua dos conte\u00fados, na forma\u00e7\u00e3o dos docentes, no refor\u00e7o de parcerias e na implementa\u00e7\u00e3o de metodologias ativas. Simultaneamente, promove uma imagem moderna da agricultura, evidenciando o seu papel na economia, na sustentabilidade e na coes\u00e3o territorial. O compromisso da EPDRA \u00e9 formar profissionais competentes, respons\u00e1veis e inovadores, preparados para contribuir para o desenvolvimento sustent\u00e1vel do setor e das comunidades.  <\/p>\n\n\n\n<p><\/p>\n\n\n<div class=\"wp-block-image\">\n<figure class=\"aligncenter size-full is-resized\"><img loading=\"lazy\" decoding=\"async\" width=\"196\" height=\"181\" src=\"https:\/\/maismagazine.pt\/wp-content\/uploads\/2026\/03\/Logo-EPDRA.png\" alt=\"\" class=\"wp-image-13868\" style=\"width:226px;height:auto\"\/><\/figure><\/div>","protected":false},"excerpt":{"rendered":"<p>A Mais Magazine esteve \u00e0 conversa com Marly Serras, Diretora da Escola Profissional de Desenvolvimento Rural de Abrantes (EPDRA), que explicou como a escola forma profissionais agr\u00edcolas preparados para desafios atuais, combinando pr\u00e1tica, inova\u00e7\u00e3o e liga\u00e7\u00e3o ao mundo empresarial. Como a vossa oferta em ensino profissional agr\u00edcola responde \u00e0s necessidades&hellip;<\/p>\n","protected":false},"author":17,"featured_media":13869,"comment_status":"closed","ping_status":"open","sticky":false,"template":"","format":"standard","meta":{"advgb_blocks_editor_width":"","advgb_blocks_columns_visual_guide":"","_monsterinsights_skip_tracking":false,"_monsterinsights_sitenote_active":false,"_monsterinsights_sitenote_note":"","_monsterinsights_sitenote_category":0,"footnotes":""},"categories":[149],"tags":[2599],"class_list":["post-13864","post","type-post","status-publish","format-standard","has-post-thumbnail","hentry","category-educacao","tag-epdra"],"yoast_head":"<!-- This site is optimized with the Yoast SEO plugin v24.4 - https:\/\/yoast.com\/wordpress\/plugins\/seo\/ -->\n<title>EPDRA e o seu papel ativo no desenvolvimento rural sustent\u00e1vel - Mais Magazine<\/title>\n<meta name=\"robots\" content=\"index, follow, max-snippet:-1, max-image-preview:large, max-video-preview:-1\" \/>\n<link rel=\"canonical\" href=\"https:\/\/maismagazine.pt\/index.php\/2026\/03\/13\/epdra-e-o-seu-papel-ativo-no-desenvolvimento-rural-sustentavel\/\" \/>\n<meta property=\"og:locale\" content=\"pt_PT\" \/>\n<meta property=\"og:type\" content=\"article\" \/>\n<meta property=\"og:title\" content=\"EPDRA e o seu papel ativo no desenvolvimento rural sustent\u00e1vel - Mais Magazine\" \/>\n<meta property=\"og:description\" content=\"A Mais Magazine esteve \u00e0 conversa com Marly Serras, Diretora da Escola Profissional de Desenvolvimento Rural de Abrantes (EPDRA), que explicou como a escola forma profissionais agr\u00edcolas preparados para desafios atuais, combinando pr\u00e1tica, inova\u00e7\u00e3o e liga\u00e7\u00e3o ao mundo empresarial. Como a vossa oferta em ensino profissional agr\u00edcola responde \u00e0s necessidades&hellip;\" \/>\n<meta property=\"og:url\" content=\"https:\/\/maismagazine.pt\/index.php\/2026\/03\/13\/epdra-e-o-seu-papel-ativo-no-desenvolvimento-rural-sustentavel\/\" \/>\n<meta property=\"og:site_name\" content=\"Mais Magazine\" \/>\n<meta property=\"article:published_time\" content=\"2026-03-13T07:00:00+00:00\" \/>\n<meta property=\"og:image\" content=\"https:\/\/maismagazine.pt\/wp-content\/uploads\/2026\/03\/Vista-aerea.jpg\" \/>\n\t<meta property=\"og:image:width\" content=\"1376\" \/>\n\t<meta property=\"og:image:height\" content=\"682\" \/>\n\t<meta property=\"og:image:type\" content=\"image\/jpeg\" \/>\n<meta name=\"author\" content=\"Tiago Costa\" \/>\n<meta name=\"twitter:card\" content=\"summary_large_image\" \/>\n<meta name=\"twitter:label1\" content=\"Escrito por\" \/>\n\t<meta name=\"twitter:data1\" content=\"\" \/>\n\t<meta name=\"twitter:label2\" content=\"Tempo estimado de leitura\" \/>\n\t<meta name=\"twitter:data2\" content=\"3 minutos\" \/>\n<script type=\"application\/ld+json\" class=\"yoast-schema-graph\">{\"@context\":\"https:\/\/schema.org\",\"@graph\":[{\"@type\":\"Article\",\"@id\":\"https:\/\/maismagazine.pt\/index.php\/2026\/03\/13\/epdra-e-o-seu-papel-ativo-no-desenvolvimento-rural-sustentavel\/#article\",\"isPartOf\":{\"@id\":\"https:\/\/maismagazine.pt\/index.php\/2026\/03\/13\/epdra-e-o-seu-papel-ativo-no-desenvolvimento-rural-sustentavel\/\"},\"author\":{\"name\":\"Tiago Costa\",\"@id\":\"https:\/\/maismagazine.pt\/#\/schema\/person\/c6c5bfccc886434cbd11c74e035f9646\"},\"headline\":\"EPDRA e o seu papel ativo no desenvolvimento rural sustent\u00e1vel\",\"datePublished\":\"2026-03-13T07:00:00+00:00\",\"mainEntityOfPage\":{\"@id\":\"https:\/\/maismagazine.pt\/index.php\/2026\/03\/13\/epdra-e-o-seu-papel-ativo-no-desenvolvimento-rural-sustentavel\/\"},\"wordCount\":700,\"publisher\":{\"@id\":\"https:\/\/maismagazine.pt\/#organization\"},\"image\":{\"@id\":\"https:\/\/maismagazine.pt\/index.php\/2026\/03\/13\/epdra-e-o-seu-papel-ativo-no-desenvolvimento-rural-sustentavel\/#primaryimage\"},\"thumbnailUrl\":\"https:\/\/maismagazine.pt\/wp-content\/uploads\/2026\/03\/Vista-aerea.jpg\",\"keywords\":[\"EPDRA\"],\"articleSection\":[\"Educa\u00e7\u00e3o\"],\"inLanguage\":\"pt-PT\"},{\"@type\":\"WebPage\",\"@id\":\"https:\/\/maismagazine.pt\/index.php\/2026\/03\/13\/epdra-e-o-seu-papel-ativo-no-desenvolvimento-rural-sustentavel\/\",\"url\":\"https:\/\/maismagazine.pt\/index.php\/2026\/03\/13\/epdra-e-o-seu-papel-ativo-no-desenvolvimento-rural-sustentavel\/\",\"name\":\"EPDRA e o seu papel ativo no desenvolvimento rural sustent\u00e1vel - Mais Magazine\",\"isPartOf\":{\"@id\":\"https:\/\/maismagazine.pt\/#website\"},\"primaryImageOfPage\":{\"@id\":\"https:\/\/maismagazine.pt\/index.php\/2026\/03\/13\/epdra-e-o-seu-papel-ativo-no-desenvolvimento-rural-sustentavel\/#primaryimage\"},\"image\":{\"@id\":\"https:\/\/maismagazine.pt\/index.php\/2026\/03\/13\/epdra-e-o-seu-papel-ativo-no-desenvolvimento-rural-sustentavel\/#primaryimage\"},\"thumbnailUrl\":\"https:\/\/maismagazine.pt\/wp-content\/uploads\/2026\/03\/Vista-aerea.jpg\",\"datePublished\":\"2026-03-13T07:00:00+00:00\",\"breadcrumb\":{\"@id\":\"https:\/\/maismagazine.pt\/index.php\/2026\/03\/13\/epdra-e-o-seu-papel-ativo-no-desenvolvimento-rural-sustentavel\/#breadcrumb\"},\"inLanguage\":\"pt-PT\",\"potentialAction\":[{\"@type\":\"ReadAction\",\"target\":[\"https:\/\/maismagazine.pt\/index.php\/2026\/03\/13\/epdra-e-o-seu-papel-ativo-no-desenvolvimento-rural-sustentavel\/\"]}]},{\"@type\":\"ImageObject\",\"inLanguage\":\"pt-PT\",\"@id\":\"https:\/\/maismagazine.pt\/index.php\/2026\/03\/13\/epdra-e-o-seu-papel-ativo-no-desenvolvimento-rural-sustentavel\/#primaryimage\",\"url\":\"https:\/\/maismagazine.pt\/wp-content\/uploads\/2026\/03\/Vista-aerea.jpg\",\"contentUrl\":\"https:\/\/maismagazine.pt\/wp-content\/uploads\/2026\/03\/Vista-aerea.jpg\",\"width\":1376,\"height\":682},{\"@type\":\"BreadcrumbList\",\"@id\":\"https:\/\/maismagazine.pt\/index.php\/2026\/03\/13\/epdra-e-o-seu-papel-ativo-no-desenvolvimento-rural-sustentavel\/#breadcrumb\",\"itemListElement\":[{\"@type\":\"ListItem\",\"position\":1,\"name\":\"Home\",\"item\":\"https:\/\/maismagazine.pt\/\"},{\"@type\":\"ListItem\",\"position\":2,\"name\":\"EPDRA e o seu papel ativo no desenvolvimento rural sustent\u00e1vel\"}]},{\"@type\":\"WebSite\",\"@id\":\"https:\/\/maismagazine.pt\/#website\",\"url\":\"https:\/\/maismagazine.pt\/\",\"name\":\"Mais Magazine\",\"description\":\"\",\"publisher\":{\"@id\":\"https:\/\/maismagazine.pt\/#organization\"},\"potentialAction\":[{\"@type\":\"SearchAction\",\"target\":{\"@type\":\"EntryPoint\",\"urlTemplate\":\"https:\/\/maismagazine.pt\/?s={search_term_string}\"},\"query-input\":{\"@type\":\"PropertyValueSpecification\",\"valueRequired\":true,\"valueName\":\"search_term_string\"}}],\"inLanguage\":\"pt-PT\"},{\"@type\":\"Organization\",\"@id\":\"https:\/\/maismagazine.pt\/#organization\",\"name\":\"Mais Magazine\",\"url\":\"https:\/\/maismagazine.pt\/\",\"logo\":{\"@type\":\"ImageObject\",\"inLanguage\":\"pt-PT\",\"@id\":\"https:\/\/maismagazine.pt\/#\/schema\/logo\/image\/\",\"url\":\"https:\/\/maismagazine.pt\/wp-content\/uploads\/2020\/04\/cropped-cropped-mais-magazine-site-logo-2.png\",\"contentUrl\":\"https:\/\/maismagazine.pt\/wp-content\/uploads\/2020\/04\/cropped-cropped-mais-magazine-site-logo-2.png\",\"width\":581,\"height\":90,\"caption\":\"Mais Magazine\"},\"image\":{\"@id\":\"https:\/\/maismagazine.pt\/#\/schema\/logo\/image\/\"}},{\"@type\":\"Person\",\"@id\":\"https:\/\/maismagazine.pt\/#\/schema\/person\/c6c5bfccc886434cbd11c74e035f9646\",\"name\":\"Tiago Costa\",\"image\":{\"@type\":\"ImageObject\",\"inLanguage\":\"pt-PT\",\"@id\":\"https:\/\/maismagazine.pt\/#\/schema\/person\/image\/\",\"url\":\"https:\/\/secure.gravatar.com\/avatar\/c599b2bce16c9870429198cbad5ee022?s=96&d=mm&r=g\",\"contentUrl\":\"https:\/\/secure.gravatar.com\/avatar\/c599b2bce16c9870429198cbad5ee022?s=96&d=mm&r=g\",\"caption\":\"Tiago Costa\"},\"url\":\"https:\/\/maismagazine.pt\/index.php\/author\/tiago\/\"}]}<\/script>\n<!-- \/ Yoast SEO plugin. -->","yoast_head_json":{"title":"EPDRA e o seu papel ativo no desenvolvimento rural sustent\u00e1vel - Mais Magazine","robots":{"index":"index","follow":"follow","max-snippet":"max-snippet:-1","max-image-preview":"max-image-preview:large","max-video-preview":"max-video-preview:-1"},"canonical":"https:\/\/maismagazine.pt\/index.php\/2026\/03\/13\/epdra-e-o-seu-papel-ativo-no-desenvolvimento-rural-sustentavel\/","og_locale":"pt_PT","og_type":"article","og_title":"EPDRA e o seu papel ativo no desenvolvimento rural sustent\u00e1vel - Mais Magazine","og_description":"A Mais Magazine esteve \u00e0 conversa com Marly Serras, Diretora da Escola Profissional de Desenvolvimento Rural de Abrantes (EPDRA), que explicou como a escola forma profissionais agr\u00edcolas preparados para desafios atuais, combinando pr\u00e1tica, inova\u00e7\u00e3o e liga\u00e7\u00e3o ao mundo empresarial. Como a vossa oferta em ensino profissional agr\u00edcola responde \u00e0s necessidades&hellip;","og_url":"https:\/\/maismagazine.pt\/index.php\/2026\/03\/13\/epdra-e-o-seu-papel-ativo-no-desenvolvimento-rural-sustentavel\/","og_site_name":"Mais Magazine","article_published_time":"2026-03-13T07:00:00+00:00","og_image":[{"width":1376,"height":682,"url":"https:\/\/maismagazine.pt\/wp-content\/uploads\/2026\/03\/Vista-aerea.jpg","type":"image\/jpeg"}],"author":"Tiago Costa","twitter_card":"summary_large_image","twitter_misc":{"Escrito por":false,"Tempo estimado de leitura":"3 minutos"},"schema":{"@context":"https:\/\/schema.org","@graph":[{"@type":"Article","@id":"https:\/\/maismagazine.pt\/index.php\/2026\/03\/13\/epdra-e-o-seu-papel-ativo-no-desenvolvimento-rural-sustentavel\/#article","isPartOf":{"@id":"https:\/\/maismagazine.pt\/index.php\/2026\/03\/13\/epdra-e-o-seu-papel-ativo-no-desenvolvimento-rural-sustentavel\/"},"author":{"name":"Tiago Costa","@id":"https:\/\/maismagazine.pt\/#\/schema\/person\/c6c5bfccc886434cbd11c74e035f9646"},"headline":"EPDRA e o seu papel ativo no desenvolvimento rural sustent\u00e1vel","datePublished":"2026-03-13T07:00:00+00:00","mainEntityOfPage":{"@id":"https:\/\/maismagazine.pt\/index.php\/2026\/03\/13\/epdra-e-o-seu-papel-ativo-no-desenvolvimento-rural-sustentavel\/"},"wordCount":700,"publisher":{"@id":"https:\/\/maismagazine.pt\/#organization"},"image":{"@id":"https:\/\/maismagazine.pt\/index.php\/2026\/03\/13\/epdra-e-o-seu-papel-ativo-no-desenvolvimento-rural-sustentavel\/#primaryimage"},"thumbnailUrl":"https:\/\/maismagazine.pt\/wp-content\/uploads\/2026\/03\/Vista-aerea.jpg","keywords":["EPDRA"],"articleSection":["Educa\u00e7\u00e3o"],"inLanguage":"pt-PT"},{"@type":"WebPage","@id":"https:\/\/maismagazine.pt\/index.php\/2026\/03\/13\/epdra-e-o-seu-papel-ativo-no-desenvolvimento-rural-sustentavel\/","url":"https:\/\/maismagazine.pt\/index.php\/2026\/03\/13\/epdra-e-o-seu-papel-ativo-no-desenvolvimento-rural-sustentavel\/","name":"EPDRA e o seu papel ativo no desenvolvimento rural sustent\u00e1vel - Mais Magazine","isPartOf":{"@id":"https:\/\/maismagazine.pt\/#website"},"primaryImageOfPage":{"@id":"https:\/\/maismagazine.pt\/index.php\/2026\/03\/13\/epdra-e-o-seu-papel-ativo-no-desenvolvimento-rural-sustentavel\/#primaryimage"},"image":{"@id":"https:\/\/maismagazine.pt\/index.php\/2026\/03\/13\/epdra-e-o-seu-papel-ativo-no-desenvolvimento-rural-sustentavel\/#primaryimage"},"thumbnailUrl":"https:\/\/maismagazine.pt\/wp-content\/uploads\/2026\/03\/Vista-aerea.jpg","datePublished":"2026-03-13T07:00:00+00:00","breadcrumb":{"@id":"https:\/\/maismagazine.pt\/index.php\/2026\/03\/13\/epdra-e-o-seu-papel-ativo-no-desenvolvimento-rural-sustentavel\/#breadcrumb"},"inLanguage":"pt-PT","potentialAction":[{"@type":"ReadAction","target":["https:\/\/maismagazine.pt\/index.php\/2026\/03\/13\/epdra-e-o-seu-papel-ativo-no-desenvolvimento-rural-sustentavel\/"]}]},{"@type":"ImageObject","inLanguage":"pt-PT","@id":"https:\/\/maismagazine.pt\/index.php\/2026\/03\/13\/epdra-e-o-seu-papel-ativo-no-desenvolvimento-rural-sustentavel\/#primaryimage","url":"https:\/\/maismagazine.pt\/wp-content\/uploads\/2026\/03\/Vista-aerea.jpg","contentUrl":"https:\/\/maismagazine.pt\/wp-content\/uploads\/2026\/03\/Vista-aerea.jpg","width":1376,"height":682},{"@type":"BreadcrumbList","@id":"https:\/\/maismagazine.pt\/index.php\/2026\/03\/13\/epdra-e-o-seu-papel-ativo-no-desenvolvimento-rural-sustentavel\/#breadcrumb","itemListElement":[{"@type":"ListItem","position":1,"name":"Home","item":"https:\/\/maismagazine.pt\/"},{"@type":"ListItem","position":2,"name":"EPDRA e o seu papel ativo no desenvolvimento rural sustent\u00e1vel"}]},{"@type":"WebSite","@id":"https:\/\/maismagazine.pt\/#website","url":"https:\/\/maismagazine.pt\/","name":"Mais Magazine","description":"","publisher":{"@id":"https:\/\/maismagazine.pt\/#organization"},"potentialAction":[{"@type":"SearchAction","target":{"@type":"EntryPoint","urlTemplate":"https:\/\/maismagazine.pt\/?s={search_term_string}"},"query-input":{"@type":"PropertyValueSpecification","valueRequired":true,"valueName":"search_term_string"}}],"inLanguage":"pt-PT"},{"@type":"Organization","@id":"https:\/\/maismagazine.pt\/#organization","name":"Mais Magazine","url":"https:\/\/maismagazine.pt\/","logo":{"@type":"ImageObject","inLanguage":"pt-PT","@id":"https:\/\/maismagazine.pt\/#\/schema\/logo\/image\/","url":"https:\/\/maismagazine.pt\/wp-content\/uploads\/2020\/04\/cropped-cropped-mais-magazine-site-logo-2.png","contentUrl":"https:\/\/maismagazine.pt\/wp-content\/uploads\/2020\/04\/cropped-cropped-mais-magazine-site-logo-2.png","width":581,"height":90,"caption":"Mais Magazine"},"image":{"@id":"https:\/\/maismagazine.pt\/#\/schema\/logo\/image\/"}},{"@type":"Person","@id":"https:\/\/maismagazine.pt\/#\/schema\/person\/c6c5bfccc886434cbd11c74e035f9646","name":"Tiago Costa","image":{"@type":"ImageObject","inLanguage":"pt-PT","@id":"https:\/\/maismagazine.pt\/#\/schema\/person\/image\/","url":"https:\/\/secure.gravatar.com\/avatar\/c599b2bce16c9870429198cbad5ee022?s=96&d=mm&r=g","contentUrl":"https:\/\/secure.gravatar.com\/avatar\/c599b2bce16c9870429198cbad5ee022?s=96&d=mm&r=g","caption":"Tiago Costa"},"url":"https:\/\/maismagazine.pt\/index.php\/author\/tiago\/"}]}},"author_meta":{"display_name":false,"author_link":"https:\/\/maismagazine.pt\/index.php\/author\/tiago\/"},"featured_img":"https:\/\/maismagazine.pt\/wp-content\/uploads\/2026\/03\/Vista-aerea-300x149.jpg","coauthors":[],"tax_additional":{"categories":{"linked":["<a href=\"https:\/\/maismagazine.pt\/index.php\/category\/educacao\/\" class=\"advgb-post-tax-term\">Educa\u00e7\u00e3o<\/a>"],"unlinked":["<span class=\"advgb-post-tax-term\">Educa\u00e7\u00e3o<\/span>"]},"tags":{"linked":["<a href=\"https:\/\/maismagazine.pt\/index.php\/category\/educacao\/\" class=\"advgb-post-tax-term\">EPDRA<\/a>"],"unlinked":["<span class=\"advgb-post-tax-term\">EPDRA<\/span>"]}},"comment_count":"0","relative_dates":{"created":"Posted 2 meses ago","modified":"Updated 2 meses ago"},"absolute_dates":{"created":"Posted on 13 de Mar\u00e7o, 2026","modified":"Updated on 11 de Mar\u00e7o, 2026"},"absolute_dates_time":{"created":"Posted on 13 de Mar\u00e7o, 2026 7:00","modified":"Updated on 11 de Mar\u00e7o, 2026 15:29"},"featured_img_caption":"","series_order":"","_links":{"self":[{"href":"https:\/\/maismagazine.pt\/index.php\/wp-json\/wp\/v2\/posts\/13864","targetHints":{"allow":["GET"]}}],"collection":[{"href":"https:\/\/maismagazine.pt\/index.php\/wp-json\/wp\/v2\/posts"}],"about":[{"href":"https:\/\/maismagazine.pt\/index.php\/wp-json\/wp\/v2\/types\/post"}],"author":[{"embeddable":true,"href":"https:\/\/maismagazine.pt\/index.php\/wp-json\/wp\/v2\/users\/17"}],"replies":[{"embeddable":true,"href":"https:\/\/maismagazine.pt\/index.php\/wp-json\/wp\/v2\/comments?post=13864"}],"version-history":[{"count":1,"href":"https:\/\/maismagazine.pt\/index.php\/wp-json\/wp\/v2\/posts\/13864\/revisions"}],"predecessor-version":[{"id":13870,"href":"https:\/\/maismagazine.pt\/index.php\/wp-json\/wp\/v2\/posts\/13864\/revisions\/13870"}],"wp:featuredmedia":[{"embeddable":true,"href":"https:\/\/maismagazine.pt\/index.php\/wp-json\/wp\/v2\/media\/13869"}],"wp:attachment":[{"href":"https:\/\/maismagazine.pt\/index.php\/wp-json\/wp\/v2\/media?parent=13864"}],"wp:term":[{"taxonomy":"category","embeddable":true,"href":"https:\/\/maismagazine.pt\/index.php\/wp-json\/wp\/v2\/categories?post=13864"},{"taxonomy":"post_tag","embeddable":true,"href":"https:\/\/maismagazine.pt\/index.php\/wp-json\/wp\/v2\/tags?post=13864"}],"curies":[{"name":"wp","href":"https:\/\/api.w.org\/{rel}","templated":true}]}}