{"id":1386,"date":"2021-10-30T07:00:00","date_gmt":"2021-10-30T07:00:00","guid":{"rendered":"https:\/\/maismagazine.pt\/?p=1386"},"modified":"2021-11-10T16:35:34","modified_gmt":"2021-11-10T16:35:34","slug":"coracao-no-sitio-certo","status":"publish","type":"post","link":"https:\/\/maismagazine.pt\/index.php\/2021\/10\/30\/coracao-no-sitio-certo\/","title":{"rendered":"Cristina Afonso: Cora\u00e7\u00e3o no s\u00edtio certo"},"content":{"rendered":"\n<p><strong>Cristina Afonso tem 25 anos de experi\u00eancia em arquitetura de interiores, mas n\u00e3o deixou que a rotina do trabalho a vencesse. Cristina Afonso destaca-se por ser uma mulher empenhada em fazer a diferen\u00e7a, por isso, aventurou-se, em 2018, num projeto inovador, em Cascais. <\/strong><\/p>\n\n\n\n<p><\/p>\n\n\n\n<p class=\"has-text-align-left\">Cristina Afonso, sempre trabalhou em lojas f\u00edsicas, por\u00e9m o gosto pelas pessoas f\u00ea-la desenvolver um projeto inovador, em Cascais. Sempre a pensar no contacto direto com o p\u00fablico, surgiu a empresa \u201cCristina Afonso \u2013 Design de Interiores\u201d, que Cristina Afonso descreve como \u201cum espa\u00e7o f\u00edsico, para que todas as pessoas\u201d possam visitar e conhecer o seu trabalho.  E, de facto, s\u00e3o muitas as pessoas que visitam e querem conhecer o seu trabalho e que, inclusive, confiam na Cristina Afonso para ajudar a trazer harmonia decorativa para as suas casas. Neste contexto, os projetos pedidos s\u00e3o, nomeadamente, para salas. Para Cristina Afonso, \u201ca divis\u00e3o da casa com mais relev\u00e2ncia \u00e9 a sala.\u201d A sala pode traduzir-se na divis\u00e3o mais estimulante, pois existem produtos \u201cinerentes \u00e1 zona de estar e zona de refei\u00e7\u00f5es\u201d. Por esse motivo, \u201ch\u00e1 a preocupa\u00e7\u00e3o de criar ambiente, num todo\u201d. Em geral, \u201cas pessoas procuram harmonia, o conforto e o funcional para a Fam\u00edlia e Amigos\u201d. Apesar da sala ser a divis\u00e3o com maior procura, todas as divis\u00f5es s\u00e3o trabalhadas com o mesmo amor e empenho, para Cristina Afonso. Por o seu cora\u00e7\u00e3o nos projetos n\u00e3o \u00e9 dif\u00edcil, o desafio est\u00e1 em \u201cter conhecimento de estilo arquitet\u00f3nico e tend\u00eancia de decora\u00e7\u00e3o\u201d. <\/p>\n\n\n\n<div class=\"wp-block-image\"><figure class=\"aligncenter size-large\"><img loading=\"lazy\" decoding=\"async\" width=\"576\" height=\"1024\" src=\"http:\/\/maismagazine.pt\/wp-content\/uploads\/2021\/10\/IMG-20211020-WA0017-576x1024.jpg\" alt=\"\" class=\"wp-image-1396\" srcset=\"https:\/\/maismagazine.pt\/wp-content\/uploads\/2021\/10\/IMG-20211020-WA0017-576x1024.jpg 576w, https:\/\/maismagazine.pt\/wp-content\/uploads\/2021\/10\/IMG-20211020-WA0017-169x300.jpg 169w, https:\/\/maismagazine.pt\/wp-content\/uploads\/2021\/10\/IMG-20211020-WA0017-768x1365.jpg 768w, https:\/\/maismagazine.pt\/wp-content\/uploads\/2021\/10\/IMG-20211020-WA0017-864x1536.jpg 864w, https:\/\/maismagazine.pt\/wp-content\/uploads\/2021\/10\/IMG-20211020-WA0017.jpg 1152w\" sizes=\"auto, (max-width: 576px) 100vw, 576px\" \/><\/figure><\/div>\n\n\n\n<p>No que diz respeito \u00e0s tend\u00eancias de decora\u00e7\u00e3o, Cristina Afonso deixa j\u00e1 alguns palpites para o pr\u00f3ximo ano, referindo que se ir\u00e3o basear na sustentabilidade. Tem-se vindo abordar o tema de sustentabilidade ao longo dos \u00faltimos tempos e o mundo tem se adaptado a uma nova realidade e a decora\u00e7\u00e3o n\u00e3o \u00e9 diferente. 2022 ser\u00e1 um ano que, segundo Cristina Afonso, ser\u00e1 marcado pela sustentabilidade. A experiente em arquitetura de interiores chega mesmo a dar exemplos, tais como tapetes fabricados com pl\u00e1sticos removidos dos oceanos. <\/p>\n\n\n\n<p>O pr\u00f3ximo ano tamb\u00e9m vai ser representado pelos \u201cambientes High tech\u201d. Em geral, estes ambientes \u201cdisp\u00f5em de alta tecnologia para trazer conforto, economia e praticidade. A rob\u00f3tica, a automatiza\u00e7\u00e3o e o reaproveitamento de energia s\u00e3o os principais recursos.\u201d Combinando a sustentabilidade e a alta tecnologia, vai ser dada continuidade ao uso de formas org\u00e2nicas, tais como pain\u00e9is de madeira nas paredes, plantas e cores que remetem para o natural, trabalhando numa harmonia. Relativamente ao futuro da empresa \u201cCristina Afonso \u2013 Design de Interiores\u201d, a criadora Cristina Afonso come\u00e7a por fazer um feedback relativamente aos objetivos concretizados e acredita que o seu sucesso se deve a nunca ter desistido, ter crescido e ter concretizado a ideia apresentada, de forma a conseguir sempre surpreend\u00ea-lo. \u00c9 neste mote, que Cristina Afonso prepara o futuro da sua empresa, mantendo-se \u201cem constante atualiza\u00e7\u00e3o, para apresentar produto ao cliente e continuar a satisfazer os seus ideais.\u201d<\/p>\n\n\n\n<figure class=\"wp-block-gallery columns-3 is-cropped wp-block-gallery-1\"><ul class=\"blocks-gallery-grid\"><li class=\"blocks-gallery-item\"><figure><img loading=\"lazy\" decoding=\"async\" width=\"1024\" height=\"768\" src=\"http:\/\/maismagazine.pt\/wp-content\/uploads\/2021\/10\/02_IMG-20211013-WA0030-1024x768.jpg\" alt=\"\" data-id=\"1394\" data-full-url=\"http:\/\/maismagazine.pt\/wp-content\/uploads\/2021\/10\/02_IMG-20211013-WA0030.jpg\" data-link=\"https:\/\/maismagazine.pt\/?attachment_id=1394\" class=\"wp-image-1394\" srcset=\"https:\/\/maismagazine.pt\/wp-content\/uploads\/2021\/10\/02_IMG-20211013-WA0030-1024x768.jpg 1024w, https:\/\/maismagazine.pt\/wp-content\/uploads\/2021\/10\/02_IMG-20211013-WA0030-300x225.jpg 300w, https:\/\/maismagazine.pt\/wp-content\/uploads\/2021\/10\/02_IMG-20211013-WA0030-768x576.jpg 768w, https:\/\/maismagazine.pt\/wp-content\/uploads\/2021\/10\/02_IMG-20211013-WA0030-1536x1152.jpg 1536w, https:\/\/maismagazine.pt\/wp-content\/uploads\/2021\/10\/02_IMG-20211013-WA0030.jpg 1920w\" sizes=\"auto, (max-width: 1024px) 100vw, 1024px\" \/><\/figure><\/li><li class=\"blocks-gallery-item\"><figure><img loading=\"lazy\" decoding=\"async\" width=\"1024\" height=\"768\" src=\"http:\/\/maismagazine.pt\/wp-content\/uploads\/2021\/10\/01_IMG-20211013-WA0027-1024x768.jpg\" alt=\"\" data-id=\"1395\" data-full-url=\"http:\/\/maismagazine.pt\/wp-content\/uploads\/2021\/10\/01_IMG-20211013-WA0027.jpg\" data-link=\"https:\/\/maismagazine.pt\/?attachment_id=1395\" class=\"wp-image-1395\" srcset=\"https:\/\/maismagazine.pt\/wp-content\/uploads\/2021\/10\/01_IMG-20211013-WA0027-1024x768.jpg 1024w, https:\/\/maismagazine.pt\/wp-content\/uploads\/2021\/10\/01_IMG-20211013-WA0027-300x225.jpg 300w, https:\/\/maismagazine.pt\/wp-content\/uploads\/2021\/10\/01_IMG-20211013-WA0027-768x576.jpg 768w, https:\/\/maismagazine.pt\/wp-content\/uploads\/2021\/10\/01_IMG-20211013-WA0027-1536x1152.jpg 1536w, https:\/\/maismagazine.pt\/wp-content\/uploads\/2021\/10\/01_IMG-20211013-WA0027.jpg 1920w\" sizes=\"auto, (max-width: 1024px) 100vw, 1024px\" \/><\/figure><\/li><li class=\"blocks-gallery-item\"><figure><img loading=\"lazy\" decoding=\"async\" width=\"1024\" height=\"768\" src=\"http:\/\/maismagazine.pt\/wp-content\/uploads\/2021\/10\/03_IMG-20211013-WA0049-1024x768.jpg\" alt=\"\" data-id=\"1393\" data-full-url=\"http:\/\/maismagazine.pt\/wp-content\/uploads\/2021\/10\/03_IMG-20211013-WA0049.jpg\" data-link=\"https:\/\/maismagazine.pt\/?attachment_id=1393\" class=\"wp-image-1393 is-layout-flex wp-block-gallery-is-layout-flex\" srcset=\"https:\/\/maismagazine.pt\/wp-content\/uploads\/2021\/10\/03_IMG-20211013-WA0049-1024x768.jpg 1024w, https:\/\/maismagazine.pt\/wp-content\/uploads\/2021\/10\/03_IMG-20211013-WA0049-300x225.jpg 300w, https:\/\/maismagazine.pt\/wp-content\/uploads\/2021\/10\/03_IMG-20211013-WA0049-768x576.jpg 768w, https:\/\/maismagazine.pt\/wp-content\/uploads\/2021\/10\/03_IMG-20211013-WA0049-1536x1152.jpg 1536w, https:\/\/maismagazine.pt\/wp-content\/uploads\/2021\/10\/03_IMG-20211013-WA0049.jpg 1920w\" sizes=\"auto, (max-width: 1024px) 100vw, 1024px\" \/><\/figure><\/li><\/ul><\/figure>\n\n\n\n<figure class=\"wp-block-gallery columns-3 is-cropped wp-block-gallery-2\"><ul class=\"blocks-gallery-grid\"><li class=\"blocks-gallery-item\"><figure><img loading=\"lazy\" decoding=\"async\" width=\"1024\" height=\"498\" src=\"http:\/\/maismagazine.pt\/wp-content\/uploads\/2021\/10\/05_IMG-20211012-WA0032-1024x498.jpg\" alt=\"\" data-id=\"1392\" data-full-url=\"http:\/\/maismagazine.pt\/wp-content\/uploads\/2021\/10\/05_IMG-20211012-WA0032.jpg\" data-link=\"https:\/\/maismagazine.pt\/?attachment_id=1392\" class=\"wp-image-1392\" srcset=\"https:\/\/maismagazine.pt\/wp-content\/uploads\/2021\/10\/05_IMG-20211012-WA0032-1024x498.jpg 1024w, https:\/\/maismagazine.pt\/wp-content\/uploads\/2021\/10\/05_IMG-20211012-WA0032-300x146.jpg 300w, https:\/\/maismagazine.pt\/wp-content\/uploads\/2021\/10\/05_IMG-20211012-WA0032-768x373.jpg 768w, https:\/\/maismagazine.pt\/wp-content\/uploads\/2021\/10\/05_IMG-20211012-WA0032-1536x747.jpg 1536w, https:\/\/maismagazine.pt\/wp-content\/uploads\/2021\/10\/05_IMG-20211012-WA0032.jpg 2016w\" sizes=\"auto, (max-width: 1024px) 100vw, 1024px\" \/><\/figure><\/li><li class=\"blocks-gallery-item\"><figure><img loading=\"lazy\" decoding=\"async\" width=\"576\" height=\"1024\" src=\"http:\/\/maismagazine.pt\/wp-content\/uploads\/2021\/10\/06_IMG-20211012-WA0036-576x1024.jpg\" alt=\"\" data-id=\"1391\" data-full-url=\"http:\/\/maismagazine.pt\/wp-content\/uploads\/2021\/10\/06_IMG-20211012-WA0036.jpg\" data-link=\"https:\/\/maismagazine.pt\/?attachment_id=1391\" class=\"wp-image-1391\" srcset=\"https:\/\/maismagazine.pt\/wp-content\/uploads\/2021\/10\/06_IMG-20211012-WA0036-576x1024.jpg 576w, https:\/\/maismagazine.pt\/wp-content\/uploads\/2021\/10\/06_IMG-20211012-WA0036-169x300.jpg 169w, https:\/\/maismagazine.pt\/wp-content\/uploads\/2021\/10\/06_IMG-20211012-WA0036-768x1365.jpg 768w, https:\/\/maismagazine.pt\/wp-content\/uploads\/2021\/10\/06_IMG-20211012-WA0036-864x1536.jpg 864w, https:\/\/maismagazine.pt\/wp-content\/uploads\/2021\/10\/06_IMG-20211012-WA0036.jpg 1152w\" sizes=\"auto, (max-width: 576px) 100vw, 576px\" \/><\/figure><\/li><li class=\"blocks-gallery-item\"><figure><img loading=\"lazy\" decoding=\"async\" width=\"1024\" height=\"498\" src=\"http:\/\/maismagazine.pt\/wp-content\/uploads\/2021\/10\/04_20211011_164951-1024x498.jpg\" alt=\"\" data-id=\"1397\" data-full-url=\"http:\/\/maismagazine.pt\/wp-content\/uploads\/2021\/10\/04_20211011_164951.jpg\" data-link=\"https:\/\/maismagazine.pt\/?attachment_id=1397\" class=\"wp-image-1397 is-layout-flex wp-block-gallery-is-layout-flex\" srcset=\"https:\/\/maismagazine.pt\/wp-content\/uploads\/2021\/10\/04_20211011_164951-1024x498.jpg 1024w, https:\/\/maismagazine.pt\/wp-content\/uploads\/2021\/10\/04_20211011_164951-300x146.jpg 300w, https:\/\/maismagazine.pt\/wp-content\/uploads\/2021\/10\/04_20211011_164951-768x373.jpg 768w, https:\/\/maismagazine.pt\/wp-content\/uploads\/2021\/10\/04_20211011_164951-1536x747.jpg 1536w, https:\/\/maismagazine.pt\/wp-content\/uploads\/2021\/10\/04_20211011_164951.jpg 2016w\" sizes=\"auto, (max-width: 1024px) 100vw, 1024px\" \/><\/figure><\/li><\/ul><\/figure>\n\n\n\n<p><\/p>\n","protected":false},"excerpt":{"rendered":"<p>Cristina Afonso tem 25 anos de experi\u00eancia em arquitetura de interiores, mas n\u00e3o deixou que a rotina do trabalho a vencesse. Cristina Afonso destaca-se por ser uma mulher empenhada em fazer a diferen\u00e7a, por isso, aventurou-se, em 2018, num projeto inovador, em Cascais. Cristina Afonso, sempre trabalhou em lojas f\u00edsicas,&hellip;<\/p>\n","protected":false},"author":7,"featured_media":1395,"comment_status":"open","ping_status":"open","sticky":false,"template":"","format":"standard","meta":{"advgb_blocks_editor_width":"","advgb_blocks_columns_visual_guide":"","_monsterinsights_skip_tracking":false,"_monsterinsights_sitenote_active":false,"_monsterinsights_sitenote_note":"","_monsterinsights_sitenote_category":0,"footnotes":""},"categories":[77,82,6],"tags":[89,86],"class_list":["post-1386","post","type-post","status-publish","format-standard","has-post-thumbnail","hentry","category-arquitetura-e-construcao","category-decoracao","category-empreendedorismo","tag-arquitetura-de-interiores","tag-design-de-interiores"],"yoast_head":"<!-- This site is optimized with the Yoast SEO plugin v24.4 - https:\/\/yoast.com\/wordpress\/plugins\/seo\/ -->\n<title>Cristina Afonso: Cora\u00e7\u00e3o no s\u00edtio certo - Mais Magazine<\/title>\n<meta name=\"description\" content=\"Cristina Afonso tem 25 anos de experi\u00eancia em arquitetura de interiores, mas n\u00e3o deixou que a rotina do trabalho a vencesse.\" \/>\n<meta name=\"robots\" content=\"index, follow, max-snippet:-1, max-image-preview:large, max-video-preview:-1\" \/>\n<link rel=\"canonical\" href=\"https:\/\/maismagazine.pt\/index.php\/2021\/10\/30\/coracao-no-sitio-certo\/\" \/>\n<meta property=\"og:locale\" content=\"pt_PT\" \/>\n<meta property=\"og:type\" content=\"article\" \/>\n<meta property=\"og:title\" content=\"Cristina Afonso: Cora\u00e7\u00e3o no s\u00edtio certo - Mais Magazine\" \/>\n<meta property=\"og:description\" content=\"Cristina Afonso tem 25 anos de experi\u00eancia em arquitetura de interiores, mas n\u00e3o deixou que a rotina do trabalho a vencesse.\" \/>\n<meta property=\"og:url\" content=\"https:\/\/maismagazine.pt\/index.php\/2021\/10\/30\/coracao-no-sitio-certo\/\" \/>\n<meta property=\"og:site_name\" content=\"Mais Magazine\" \/>\n<meta property=\"article:published_time\" content=\"2021-10-30T07:00:00+00:00\" \/>\n<meta property=\"article:modified_time\" content=\"2021-11-10T16:35:34+00:00\" \/>\n<meta property=\"og:image\" content=\"https:\/\/maismagazine.pt\/wp-content\/uploads\/2021\/10\/01_IMG-20211013-WA0027.jpg\" \/>\n\t<meta property=\"og:image:width\" content=\"1920\" \/>\n\t<meta property=\"og:image:height\" content=\"1440\" \/>\n\t<meta property=\"og:image:type\" content=\"image\/jpeg\" \/>\n<meta name=\"author\" content=\"Jo\u00e3o Malainho\" \/>\n<meta name=\"twitter:card\" content=\"summary_large_image\" \/>\n<meta name=\"twitter:label1\" content=\"Escrito por\" \/>\n\t<meta name=\"twitter:data1\" content=\"\" \/>\n\t<meta name=\"twitter:label2\" content=\"Tempo estimado de leitura\" \/>\n\t<meta name=\"twitter:data2\" content=\"4 minutos\" \/>\n<script type=\"application\/ld+json\" class=\"yoast-schema-graph\">{\"@context\":\"https:\/\/schema.org\",\"@graph\":[{\"@type\":\"Article\",\"@id\":\"https:\/\/maismagazine.pt\/index.php\/2021\/10\/30\/coracao-no-sitio-certo\/#article\",\"isPartOf\":{\"@id\":\"https:\/\/maismagazine.pt\/index.php\/2021\/10\/30\/coracao-no-sitio-certo\/\"},\"author\":{\"name\":\"Jo\u00e3o Malainho\",\"@id\":\"http:\/\/maismagazine.pt\/#\/schema\/person\/999bd426f894ff56d397ec12ebd21ebb\"},\"headline\":\"Cristina Afonso: Cora\u00e7\u00e3o no s\u00edtio certo\",\"datePublished\":\"2021-10-30T07:00:00+00:00\",\"dateModified\":\"2021-11-10T16:35:34+00:00\",\"mainEntityOfPage\":{\"@id\":\"https:\/\/maismagazine.pt\/index.php\/2021\/10\/30\/coracao-no-sitio-certo\/\"},\"wordCount\":523,\"commentCount\":0,\"publisher\":{\"@id\":\"http:\/\/maismagazine.pt\/#organization\"},\"image\":{\"@id\":\"https:\/\/maismagazine.pt\/index.php\/2021\/10\/30\/coracao-no-sitio-certo\/#primaryimage\"},\"thumbnailUrl\":\"https:\/\/maismagazine.pt\/wp-content\/uploads\/2021\/10\/01_IMG-20211013-WA0027.jpg\",\"keywords\":[\"Arquitetura de Interiores\",\"Design de Interiores\"],\"articleSection\":[\"Arquitetura e Constru\u00e7\u00e3o\",\"Decora\u00e7\u00e3o\",\"Empreendedorismo\"],\"inLanguage\":\"pt-PT\",\"potentialAction\":[{\"@type\":\"CommentAction\",\"name\":\"Comment\",\"target\":[\"https:\/\/maismagazine.pt\/index.php\/2021\/10\/30\/coracao-no-sitio-certo\/#respond\"]}]},{\"@type\":\"WebPage\",\"@id\":\"https:\/\/maismagazine.pt\/index.php\/2021\/10\/30\/coracao-no-sitio-certo\/\",\"url\":\"https:\/\/maismagazine.pt\/index.php\/2021\/10\/30\/coracao-no-sitio-certo\/\",\"name\":\"Cristina Afonso: Cora\u00e7\u00e3o no s\u00edtio certo - Mais Magazine\",\"isPartOf\":{\"@id\":\"http:\/\/maismagazine.pt\/#website\"},\"primaryImageOfPage\":{\"@id\":\"https:\/\/maismagazine.pt\/index.php\/2021\/10\/30\/coracao-no-sitio-certo\/#primaryimage\"},\"image\":{\"@id\":\"https:\/\/maismagazine.pt\/index.php\/2021\/10\/30\/coracao-no-sitio-certo\/#primaryimage\"},\"thumbnailUrl\":\"https:\/\/maismagazine.pt\/wp-content\/uploads\/2021\/10\/01_IMG-20211013-WA0027.jpg\",\"datePublished\":\"2021-10-30T07:00:00+00:00\",\"dateModified\":\"2021-11-10T16:35:34+00:00\",\"description\":\"Cristina Afonso tem 25 anos de experi\u00eancia em arquitetura de interiores, mas n\u00e3o deixou que a rotina do trabalho a vencesse.\",\"breadcrumb\":{\"@id\":\"https:\/\/maismagazine.pt\/index.php\/2021\/10\/30\/coracao-no-sitio-certo\/#breadcrumb\"},\"inLanguage\":\"pt-PT\",\"potentialAction\":[{\"@type\":\"ReadAction\",\"target\":[\"https:\/\/maismagazine.pt\/index.php\/2021\/10\/30\/coracao-no-sitio-certo\/\"]}]},{\"@type\":\"ImageObject\",\"inLanguage\":\"pt-PT\",\"@id\":\"https:\/\/maismagazine.pt\/index.php\/2021\/10\/30\/coracao-no-sitio-certo\/#primaryimage\",\"url\":\"https:\/\/maismagazine.pt\/wp-content\/uploads\/2021\/10\/01_IMG-20211013-WA0027.jpg\",\"contentUrl\":\"https:\/\/maismagazine.pt\/wp-content\/uploads\/2021\/10\/01_IMG-20211013-WA0027.jpg\",\"width\":1920,\"height\":1440},{\"@type\":\"BreadcrumbList\",\"@id\":\"https:\/\/maismagazine.pt\/index.php\/2021\/10\/30\/coracao-no-sitio-certo\/#breadcrumb\",\"itemListElement\":[{\"@type\":\"ListItem\",\"position\":1,\"name\":\"Home\",\"item\":\"http:\/\/maismagazine.pt\/\"},{\"@type\":\"ListItem\",\"position\":2,\"name\":\"Cristina Afonso: Cora\u00e7\u00e3o no s\u00edtio certo\"}]},{\"@type\":\"WebSite\",\"@id\":\"http:\/\/maismagazine.pt\/#website\",\"url\":\"http:\/\/maismagazine.pt\/\",\"name\":\"Mais Magazine\",\"description\":\"\",\"publisher\":{\"@id\":\"http:\/\/maismagazine.pt\/#organization\"},\"potentialAction\":[{\"@type\":\"SearchAction\",\"target\":{\"@type\":\"EntryPoint\",\"urlTemplate\":\"http:\/\/maismagazine.pt\/?s={search_term_string}\"},\"query-input\":{\"@type\":\"PropertyValueSpecification\",\"valueRequired\":true,\"valueName\":\"search_term_string\"}}],\"inLanguage\":\"pt-PT\"},{\"@type\":\"Organization\",\"@id\":\"http:\/\/maismagazine.pt\/#organization\",\"name\":\"Mais Magazine\",\"url\":\"http:\/\/maismagazine.pt\/\",\"logo\":{\"@type\":\"ImageObject\",\"inLanguage\":\"pt-PT\",\"@id\":\"http:\/\/maismagazine.pt\/#\/schema\/logo\/image\/\",\"url\":\"https:\/\/maismagazine.pt\/wp-content\/uploads\/2020\/04\/cropped-cropped-mais-magazine-site-logo-2.png\",\"contentUrl\":\"https:\/\/maismagazine.pt\/wp-content\/uploads\/2020\/04\/cropped-cropped-mais-magazine-site-logo-2.png\",\"width\":581,\"height\":90,\"caption\":\"Mais Magazine\"},\"image\":{\"@id\":\"http:\/\/maismagazine.pt\/#\/schema\/logo\/image\/\"}},{\"@type\":\"Person\",\"@id\":\"http:\/\/maismagazine.pt\/#\/schema\/person\/999bd426f894ff56d397ec12ebd21ebb\",\"name\":\"Jo\u00e3o Malainho\",\"image\":{\"@type\":\"ImageObject\",\"inLanguage\":\"pt-PT\",\"@id\":\"http:\/\/maismagazine.pt\/#\/schema\/person\/image\/\",\"url\":\"https:\/\/secure.gravatar.com\/avatar\/ff03c2f38edf60b2a827aa4f74878491?s=96&d=mm&r=g\",\"contentUrl\":\"https:\/\/secure.gravatar.com\/avatar\/ff03c2f38edf60b2a827aa4f74878491?s=96&d=mm&r=g\",\"caption\":\"Jo\u00e3o Malainho\"},\"url\":\"https:\/\/maismagazine.pt\/index.php\/author\/maismagazine\/\"}]}<\/script>\n<!-- \/ Yoast SEO plugin. -->","yoast_head_json":{"title":"Cristina Afonso: Cora\u00e7\u00e3o no s\u00edtio certo - Mais Magazine","description":"Cristina Afonso tem 25 anos de experi\u00eancia em arquitetura de interiores, mas n\u00e3o deixou que a rotina do trabalho a vencesse.","robots":{"index":"index","follow":"follow","max-snippet":"max-snippet:-1","max-image-preview":"max-image-preview:large","max-video-preview":"max-video-preview:-1"},"canonical":"https:\/\/maismagazine.pt\/index.php\/2021\/10\/30\/coracao-no-sitio-certo\/","og_locale":"pt_PT","og_type":"article","og_title":"Cristina Afonso: Cora\u00e7\u00e3o no s\u00edtio certo - Mais Magazine","og_description":"Cristina Afonso tem 25 anos de experi\u00eancia em arquitetura de interiores, mas n\u00e3o deixou que a rotina do trabalho a vencesse.","og_url":"https:\/\/maismagazine.pt\/index.php\/2021\/10\/30\/coracao-no-sitio-certo\/","og_site_name":"Mais Magazine","article_published_time":"2021-10-30T07:00:00+00:00","article_modified_time":"2021-11-10T16:35:34+00:00","og_image":[{"width":1920,"height":1440,"url":"https:\/\/maismagazine.pt\/wp-content\/uploads\/2021\/10\/01_IMG-20211013-WA0027.jpg","type":"image\/jpeg"}],"author":"Jo\u00e3o Malainho","twitter_card":"summary_large_image","twitter_misc":{"Escrito por":false,"Tempo estimado de leitura":"4 minutos"},"schema":{"@context":"https:\/\/schema.org","@graph":[{"@type":"Article","@id":"https:\/\/maismagazine.pt\/index.php\/2021\/10\/30\/coracao-no-sitio-certo\/#article","isPartOf":{"@id":"https:\/\/maismagazine.pt\/index.php\/2021\/10\/30\/coracao-no-sitio-certo\/"},"author":{"name":"Jo\u00e3o Malainho","@id":"http:\/\/maismagazine.pt\/#\/schema\/person\/999bd426f894ff56d397ec12ebd21ebb"},"headline":"Cristina Afonso: Cora\u00e7\u00e3o no s\u00edtio certo","datePublished":"2021-10-30T07:00:00+00:00","dateModified":"2021-11-10T16:35:34+00:00","mainEntityOfPage":{"@id":"https:\/\/maismagazine.pt\/index.php\/2021\/10\/30\/coracao-no-sitio-certo\/"},"wordCount":523,"commentCount":0,"publisher":{"@id":"http:\/\/maismagazine.pt\/#organization"},"image":{"@id":"https:\/\/maismagazine.pt\/index.php\/2021\/10\/30\/coracao-no-sitio-certo\/#primaryimage"},"thumbnailUrl":"https:\/\/maismagazine.pt\/wp-content\/uploads\/2021\/10\/01_IMG-20211013-WA0027.jpg","keywords":["Arquitetura de Interiores","Design de Interiores"],"articleSection":["Arquitetura e Constru\u00e7\u00e3o","Decora\u00e7\u00e3o","Empreendedorismo"],"inLanguage":"pt-PT","potentialAction":[{"@type":"CommentAction","name":"Comment","target":["https:\/\/maismagazine.pt\/index.php\/2021\/10\/30\/coracao-no-sitio-certo\/#respond"]}]},{"@type":"WebPage","@id":"https:\/\/maismagazine.pt\/index.php\/2021\/10\/30\/coracao-no-sitio-certo\/","url":"https:\/\/maismagazine.pt\/index.php\/2021\/10\/30\/coracao-no-sitio-certo\/","name":"Cristina Afonso: Cora\u00e7\u00e3o no s\u00edtio certo - Mais Magazine","isPartOf":{"@id":"http:\/\/maismagazine.pt\/#website"},"primaryImageOfPage":{"@id":"https:\/\/maismagazine.pt\/index.php\/2021\/10\/30\/coracao-no-sitio-certo\/#primaryimage"},"image":{"@id":"https:\/\/maismagazine.pt\/index.php\/2021\/10\/30\/coracao-no-sitio-certo\/#primaryimage"},"thumbnailUrl":"https:\/\/maismagazine.pt\/wp-content\/uploads\/2021\/10\/01_IMG-20211013-WA0027.jpg","datePublished":"2021-10-30T07:00:00+00:00","dateModified":"2021-11-10T16:35:34+00:00","description":"Cristina Afonso tem 25 anos de experi\u00eancia em arquitetura de interiores, mas n\u00e3o deixou que a rotina do trabalho a vencesse.","breadcrumb":{"@id":"https:\/\/maismagazine.pt\/index.php\/2021\/10\/30\/coracao-no-sitio-certo\/#breadcrumb"},"inLanguage":"pt-PT","potentialAction":[{"@type":"ReadAction","target":["https:\/\/maismagazine.pt\/index.php\/2021\/10\/30\/coracao-no-sitio-certo\/"]}]},{"@type":"ImageObject","inLanguage":"pt-PT","@id":"https:\/\/maismagazine.pt\/index.php\/2021\/10\/30\/coracao-no-sitio-certo\/#primaryimage","url":"https:\/\/maismagazine.pt\/wp-content\/uploads\/2021\/10\/01_IMG-20211013-WA0027.jpg","contentUrl":"https:\/\/maismagazine.pt\/wp-content\/uploads\/2021\/10\/01_IMG-20211013-WA0027.jpg","width":1920,"height":1440},{"@type":"BreadcrumbList","@id":"https:\/\/maismagazine.pt\/index.php\/2021\/10\/30\/coracao-no-sitio-certo\/#breadcrumb","itemListElement":[{"@type":"ListItem","position":1,"name":"Home","item":"http:\/\/maismagazine.pt\/"},{"@type":"ListItem","position":2,"name":"Cristina Afonso: Cora\u00e7\u00e3o no s\u00edtio certo"}]},{"@type":"WebSite","@id":"http:\/\/maismagazine.pt\/#website","url":"http:\/\/maismagazine.pt\/","name":"Mais Magazine","description":"","publisher":{"@id":"http:\/\/maismagazine.pt\/#organization"},"potentialAction":[{"@type":"SearchAction","target":{"@type":"EntryPoint","urlTemplate":"http:\/\/maismagazine.pt\/?s={search_term_string}"},"query-input":{"@type":"PropertyValueSpecification","valueRequired":true,"valueName":"search_term_string"}}],"inLanguage":"pt-PT"},{"@type":"Organization","@id":"http:\/\/maismagazine.pt\/#organization","name":"Mais Magazine","url":"http:\/\/maismagazine.pt\/","logo":{"@type":"ImageObject","inLanguage":"pt-PT","@id":"http:\/\/maismagazine.pt\/#\/schema\/logo\/image\/","url":"https:\/\/maismagazine.pt\/wp-content\/uploads\/2020\/04\/cropped-cropped-mais-magazine-site-logo-2.png","contentUrl":"https:\/\/maismagazine.pt\/wp-content\/uploads\/2020\/04\/cropped-cropped-mais-magazine-site-logo-2.png","width":581,"height":90,"caption":"Mais Magazine"},"image":{"@id":"http:\/\/maismagazine.pt\/#\/schema\/logo\/image\/"}},{"@type":"Person","@id":"http:\/\/maismagazine.pt\/#\/schema\/person\/999bd426f894ff56d397ec12ebd21ebb","name":"Jo\u00e3o Malainho","image":{"@type":"ImageObject","inLanguage":"pt-PT","@id":"http:\/\/maismagazine.pt\/#\/schema\/person\/image\/","url":"https:\/\/secure.gravatar.com\/avatar\/ff03c2f38edf60b2a827aa4f74878491?s=96&d=mm&r=g","contentUrl":"https:\/\/secure.gravatar.com\/avatar\/ff03c2f38edf60b2a827aa4f74878491?s=96&d=mm&r=g","caption":"Jo\u00e3o Malainho"},"url":"https:\/\/maismagazine.pt\/index.php\/author\/maismagazine\/"}]}},"author_meta":{"display_name":false,"author_link":"https:\/\/maismagazine.pt\/index.php\/author\/maismagazine\/"},"featured_img":"https:\/\/maismagazine.pt\/wp-content\/uploads\/2021\/10\/01_IMG-20211013-WA0027-300x225.jpg","coauthors":[],"tax_additional":{"categories":{"linked":["<a href=\"https:\/\/maismagazine.pt\/index.php\/category\/empreendedorismo\/arquitetura-e-construcao\/\" class=\"advgb-post-tax-term\">Arquitetura e Constru\u00e7\u00e3o<\/a>","<a href=\"https:\/\/maismagazine.pt\/index.php\/category\/empreendedorismo\/decoracao\/\" class=\"advgb-post-tax-term\">Decora\u00e7\u00e3o<\/a>","<a href=\"https:\/\/maismagazine.pt\/index.php\/category\/empreendedorismo\/\" class=\"advgb-post-tax-term\">Empreendedorismo<\/a>"],"unlinked":["<span class=\"advgb-post-tax-term\">Arquitetura e Constru\u00e7\u00e3o<\/span>","<span class=\"advgb-post-tax-term\">Decora\u00e7\u00e3o<\/span>","<span class=\"advgb-post-tax-term\">Empreendedorismo<\/span>"]},"tags":{"linked":["<a href=\"https:\/\/maismagazine.pt\/index.php\/category\/empreendedorismo\/\" class=\"advgb-post-tax-term\">Arquitetura de Interiores<\/a>","<a href=\"https:\/\/maismagazine.pt\/index.php\/category\/empreendedorismo\/\" class=\"advgb-post-tax-term\">Design de Interiores<\/a>"],"unlinked":["<span class=\"advgb-post-tax-term\">Arquitetura de Interiores<\/span>","<span class=\"advgb-post-tax-term\">Design de Interiores<\/span>"]}},"comment_count":"0","relative_dates":{"created":"Posted 5 anos ago","modified":"Updated 4 anos ago"},"absolute_dates":{"created":"Posted on 30 de Outubro, 2021","modified":"Updated on 10 de Novembro, 2021"},"absolute_dates_time":{"created":"Posted on 30 de Outubro, 2021 7:00","modified":"Updated on 10 de Novembro, 2021 16:35"},"featured_img_caption":"","series_order":"","_links":{"self":[{"href":"https:\/\/maismagazine.pt\/index.php\/wp-json\/wp\/v2\/posts\/1386","targetHints":{"allow":["GET"]}}],"collection":[{"href":"https:\/\/maismagazine.pt\/index.php\/wp-json\/wp\/v2\/posts"}],"about":[{"href":"https:\/\/maismagazine.pt\/index.php\/wp-json\/wp\/v2\/types\/post"}],"author":[{"embeddable":true,"href":"https:\/\/maismagazine.pt\/index.php\/wp-json\/wp\/v2\/users\/7"}],"replies":[{"embeddable":true,"href":"https:\/\/maismagazine.pt\/index.php\/wp-json\/wp\/v2\/comments?post=1386"}],"version-history":[{"count":3,"href":"https:\/\/maismagazine.pt\/index.php\/wp-json\/wp\/v2\/posts\/1386\/revisions"}],"predecessor-version":[{"id":1587,"href":"https:\/\/maismagazine.pt\/index.php\/wp-json\/wp\/v2\/posts\/1386\/revisions\/1587"}],"wp:featuredmedia":[{"embeddable":true,"href":"https:\/\/maismagazine.pt\/index.php\/wp-json\/wp\/v2\/media\/1395"}],"wp:attachment":[{"href":"https:\/\/maismagazine.pt\/index.php\/wp-json\/wp\/v2\/media?parent=1386"}],"wp:term":[{"taxonomy":"category","embeddable":true,"href":"https:\/\/maismagazine.pt\/index.php\/wp-json\/wp\/v2\/categories?post=1386"},{"taxonomy":"post_tag","embeddable":true,"href":"https:\/\/maismagazine.pt\/index.php\/wp-json\/wp\/v2\/tags?post=1386"}],"curies":[{"name":"wp","href":"https:\/\/api.w.org\/{rel}","templated":true}]}}