{"id":13845,"date":"2026-03-13T07:00:00","date_gmt":"2026-03-13T07:00:00","guid":{"rendered":"https:\/\/maismagazine.pt\/?p=13845"},"modified":"2026-03-11T15:25:18","modified_gmt":"2026-03-11T15:25:18","slug":"onde-o-talento-ganha-futuro","status":"publish","type":"post","link":"https:\/\/maismagazine.pt\/index.php\/2026\/03\/13\/onde-o-talento-ganha-futuro\/","title":{"rendered":"Onde o talento ganha futuro"},"content":{"rendered":"\n<p><strong>Num mercado de trabalho cada vez mais competitivo e global, a Worten tem refor\u00e7ado a sua estrat\u00e9gia de atra\u00e7\u00e3o, desenvolvimento e reten\u00e7\u00e3o de talento, apostando na proximidade ao sistema educativo e em programas dedicados \u00e0s novas gera\u00e7\u00f5es.<\/strong><\/p>\n\n\n\n<p><\/p>\n\n\n\n<p>As dificuldades de reten\u00e7\u00e3o de talento s\u00e3o hoje transversais a praticamente todos os setores de atividade, cabendo \u00e0s empresas apoiar e incentivar iniciativas que permitam captar e desenvolver profissionais qualificados. A pandemia veio intensificar estes desafios para as empresas portuguesas, com a crescente abertura e liberaliza\u00e7\u00e3o do mercado de trabalho internacional. Atualmente, \u00e9 cada vez mais comum que profissionais trabalhem a partir de Portugal para empresas estrangeiras, muitas vezes com condi\u00e7\u00f5es salariais mais competitivas, o que torna o contexto nacional ainda mais exigente. <\/p>\n\n\n<div class=\"wp-block-image\">\n<figure class=\"alignleft size-large is-resized\"><img loading=\"lazy\" decoding=\"async\" width=\"1024\" height=\"576\" src=\"https:\/\/maismagazine.pt\/wp-content\/uploads\/2026\/03\/Resolve-1024x576.jpeg\" alt=\"\" class=\"wp-image-13854\" style=\"width:380px;height:auto\" srcset=\"https:\/\/maismagazine.pt\/wp-content\/uploads\/2026\/03\/Resolve-1024x576.jpeg 1024w, https:\/\/maismagazine.pt\/wp-content\/uploads\/2026\/03\/Resolve-300x169.jpeg 300w, https:\/\/maismagazine.pt\/wp-content\/uploads\/2026\/03\/Resolve-768x432.jpeg 768w, https:\/\/maismagazine.pt\/wp-content\/uploads\/2026\/03\/Resolve-1536x864.jpeg 1536w, https:\/\/maismagazine.pt\/wp-content\/uploads\/2026\/03\/Resolve-2048x1153.jpeg 2048w\" sizes=\"auto, (max-width: 1024px) 100vw, 1024px\" \/><\/figure><\/div>\n\n\n<p>Perante esta realidade, a Worten tem procurado afirmar-se como uma entidade empregadora diferenciadora. \u201cA nossa estrat\u00e9gia passa por nos mantermos uma empresa atrativa para o novo talento, mas tamb\u00e9m por refor\u00e7armos a reten\u00e7\u00e3o dos nossos colaboradores, atrav\u00e9s de iniciativas que promovem o seu bem-estar e desenvolvimento pessoal e profissional\u201d, refere a empresa.<\/p>\n\n\n\n<p><\/p>\n\n\n\n<p><strong>Pessoas no centro da estrat\u00e9gia<\/strong><\/p>\n\n\n\n<p>Consciente da centralidade das pessoas para o sucesso do neg\u00f3cio, a Worten estruturou a sua abordagem de gest\u00e3o de talento em cinco pilares fundamentais: equil\u00edbrio entre vida pessoal e profissional; diversidade e inclus\u00e3o; desenvolvimento e forma\u00e7\u00e3o; desenvolvimento cont\u00ednuo das lideran\u00e7as; e melhoria permanente da experi\u00eancia do colaborador, suportada pela tecnologia.<\/p>\n\n\n\n<p><\/p>\n\n\n\n<p><strong>Proximidade ao sistema educativo<\/strong><\/p>\n\n\n\n<p>Neste enquadramento, a organiza\u00e7\u00e3o tem tamb\u00e9m investido na aproxima\u00e7\u00e3o entre o mundo empresarial e o sistema educativo em Portugal. Em 2018, a Worten definiu a ambi\u00e7\u00e3o de se tornar uma empregadora de refer\u00eancia no pa\u00eds. Desde ent\u00e3o, tem vindo a construir um plano consistente para dar a conhecer a sua cultura, valores e forma de trabalhar, junto de diferentes p\u00fablicos. <\/p>\n\n\n\n<p>A estrat\u00e9gia assenta numa pol\u00edtica de proximidade a todas as gera\u00e7\u00f5es, suportada por m\u00faltiplas ferramentas e iniciativas. A empresa come\u00e7ou por desenvolver uma identidade alinhada com o seu ADN \u2014 jovem, irreverente, colorida e disruptiva \u2014 capaz de gerar impacto junto de diferentes targets. <\/p>\n\n\n<div class=\"wp-block-image\">\n<figure class=\"aligncenter size-full is-resized\"><img loading=\"lazy\" decoding=\"async\" width=\"687\" height=\"458\" src=\"https:\/\/maismagazine.pt\/wp-content\/uploads\/2026\/03\/Office.jpg\" alt=\"\" class=\"wp-image-13863\" style=\"width:393px;height:auto\" srcset=\"https:\/\/maismagazine.pt\/wp-content\/uploads\/2026\/03\/Office.jpg 687w, https:\/\/maismagazine.pt\/wp-content\/uploads\/2026\/03\/Office-300x200.jpg 300w, https:\/\/maismagazine.pt\/wp-content\/uploads\/2026\/03\/Office-150x100.jpg 150w\" sizes=\"auto, (max-width: 687px) 100vw, 687px\" \/><\/figure><\/div>\n\n\n<p><strong>Comunica\u00e7\u00e3o multicanal e parcerias<\/strong><\/p>\n\n\n\n<p>Para amplificar esta mensagem, a Worten recorre a v\u00e1rios canais de comunica\u00e7\u00e3o, entre os quais o site de carreiras, mailing lists, divulga\u00e7\u00e3o atrav\u00e9s dos pr\u00f3prios colaboradores, plataformas das institui\u00e7\u00f5es de ensino, redes sociais e um plano estruturado de presen\u00e7a medi\u00e1tica. Paralelamente, mant\u00e9m contactos e parcerias estrat\u00e9gicas com universidades, escolas, associa\u00e7\u00f5es e outras institui\u00e7\u00f5es. <\/p>\n\n\n\n<p>A participa\u00e7\u00e3o regular em eventos de recrutamento \u2014 como feiras de emprego, speed interviews, hackathons, open days e workshops t\u00e9cnicos ou de soft skills \u2014 constitui outro eixo relevante. Nestes momentos, os colaboradores desempenham um papel determinante. \u201cA partilha direta de experi\u00eancias pelos nossos especialistas e pelas equipas Worten \u00e9 muitas vezes decisiva na atra\u00e7\u00e3o de novos talentos\u201d, sublinha a organiza\u00e7\u00e3o. <\/p>\n\n\n\n<p><strong>PLAY YOUR FUTURE: <\/strong><\/p>\n\n\n\n<p><strong>Aposta no talento jovem<\/strong><\/p>\n\n\n\n<p>A aposta no talento jovem materializa-se igualmente em programas concretos dirigidos a estudantes. O programa de est\u00e1gios PLAY YOUR FUTURE \u00e9 um dos principais instrumentos desta estrat\u00e9gia, procurando que os jovens se identifiquem desde o primeiro contacto com a cultura da empresa: tecnol\u00f3gica, disruptiva e orientada para o futuro. <\/p>\n\n\n\n<p>Este conceito integra diferentes modalidades de est\u00e1gio, adaptadas a v\u00e1rias fases do percurso acad\u00e9mico e profissional. Existem op\u00e7\u00f5es para estudantes \u2014 como est\u00e1gios de ver\u00e3o, programa de embaixadores, forma\u00e7\u00e3o pr\u00e1tica em contexto de trabalho e est\u00e1gios curriculares ou extracurriculares \u2014 bem como oportunidades para quem se encontra a desenvolver a tese ou a concluir os estudos e pretende ingressar no mercado de trabalho atrav\u00e9s dos programas anuais. <\/p>\n\n\n<div class=\"wp-block-image\">\n<figure class=\"alignright size-large is-resized\"><img loading=\"lazy\" decoding=\"async\" width=\"1024\" height=\"681\" src=\"https:\/\/maismagazine.pt\/wp-content\/uploads\/2026\/03\/Lojas1-1024x681.jpg\" alt=\"\" class=\"wp-image-13857\" style=\"width:407px;height:auto\" srcset=\"https:\/\/maismagazine.pt\/wp-content\/uploads\/2026\/03\/Lojas1-1024x681.jpg 1024w, https:\/\/maismagazine.pt\/wp-content\/uploads\/2026\/03\/Lojas1-300x200.jpg 300w, https:\/\/maismagazine.pt\/wp-content\/uploads\/2026\/03\/Lojas1-768x511.jpg 768w, https:\/\/maismagazine.pt\/wp-content\/uploads\/2026\/03\/Lojas1-1536x1022.jpg 1536w, https:\/\/maismagazine.pt\/wp-content\/uploads\/2026\/03\/Lojas1-2048x1363.jpg 2048w, https:\/\/maismagazine.pt\/wp-content\/uploads\/2026\/03\/Lojas1-150x100.jpg 150w\" sizes=\"auto, (max-width: 1024px) 100vw, 1024px\" \/><\/figure><\/div>\n\n\n<p><strong>Resultados que se traduzem em talento<\/strong><\/p>\n\n\n\n<p>Anualmente, centenas de jovens integram estas iniciativas, que representam hoje uma importante fonte de recrutamento para a empresa. Em 2025, mais de 370 participantes passaram pelas diferentes modalidades. O objetivo \u00e9 claro: proporcionar uma experi\u00eancia positiva e dotar os jovens de ferramentas que facilitem a sua integra\u00e7\u00e3o na Worten ou no mercado de trabalho em geral. <\/p>\n\n\n\n<p><\/p>\n\n\n\n<p><strong>Mobilidade interna e crescimento<\/strong><\/p>\n\n\n\n<p>Complementarmente, a empresa promove tamb\u00e9m programas de est\u00e1gios internos. Nestes casos, por exemplo, um vendedor de loja que tenha conclu\u00eddo a licenciatura pode candidatar-se ao PLAY YOUR FUTURE e realizar um est\u00e1gio de um ano. Caso n\u00e3o exista vaga na dire\u00e7\u00e3o onde estagiou, mant\u00e9m sempre assegurada a fun\u00e7\u00e3o de origem \u2014 uma medida que refor\u00e7a a mobilidade interna e a confian\u00e7a dos colaboradores. <\/p>\n\n\n\n<p>Com uma estrat\u00e9gia consistente e orientada para o futuro, a Worten continua assim a afirmar-se como um espa\u00e7o onde o talento pode crescer, desenvolver-se e ganhar novas perspetivas de carreira.<\/p>\n\n\n<div class=\"wp-block-image\">\n<figure class=\"aligncenter size-large is-resized\"><img loading=\"lazy\" decoding=\"async\" width=\"1024\" height=\"569\" src=\"https:\/\/maismagazine.pt\/wp-content\/uploads\/2026\/03\/Supply-1024x569.jpg\" alt=\"\" class=\"wp-image-13856\" style=\"width:403px;height:auto\" srcset=\"https:\/\/maismagazine.pt\/wp-content\/uploads\/2026\/03\/Supply-1024x569.jpg 1024w, https:\/\/maismagazine.pt\/wp-content\/uploads\/2026\/03\/Supply-300x167.jpg 300w, https:\/\/maismagazine.pt\/wp-content\/uploads\/2026\/03\/Supply-768x426.jpg 768w, https:\/\/maismagazine.pt\/wp-content\/uploads\/2026\/03\/Supply-1536x853.jpg 1536w, https:\/\/maismagazine.pt\/wp-content\/uploads\/2026\/03\/Supply.jpg 1911w\" sizes=\"auto, (max-width: 1024px) 100vw, 1024px\" \/><\/figure><\/div>\n\n\n<p><a href=\"http:\/\/www.careers.worten.pt\">www.careers.worten.pt<\/a><\/p>\n\n\n\n<p><canvas width=\"1245\" height=\"1755\"><\/canvas><\/p>\n\n\n\n<p><canvas width=\"1245\" height=\"1755\"><\/canvas><\/p>\n","protected":false},"excerpt":{"rendered":"<p>Num mercado de trabalho cada vez mais competitivo e global, a Worten tem refor\u00e7ado a sua estrat\u00e9gia de atra\u00e7\u00e3o, desenvolvimento e reten\u00e7\u00e3o de talento, apostando na proximidade ao sistema educativo e em programas dedicados \u00e0s novas gera\u00e7\u00f5es. As dificuldades de reten\u00e7\u00e3o de talento s\u00e3o hoje transversais a praticamente todos os&hellip;<\/p>\n","protected":false},"author":18,"featured_media":13853,"comment_status":"closed","ping_status":"open","sticky":false,"template":"","format":"standard","meta":{"advgb_blocks_editor_width":"","advgb_blocks_columns_visual_guide":"","_monsterinsights_skip_tracking":false,"_monsterinsights_sitenote_active":false,"_monsterinsights_sitenote_note":"","_monsterinsights_sitenote_category":0,"footnotes":""},"categories":[149],"tags":[521,2597],"class_list":["post-13845","post","type-post","status-publish","format-standard","has-post-thumbnail","hentry","category-educacao","tag-ensino","tag-worten"],"yoast_head":"<!-- This site is optimized with the Yoast SEO plugin v24.4 - https:\/\/yoast.com\/wordpress\/plugins\/seo\/ -->\n<title>Onde o talento ganha futuro - Mais Magazine<\/title>\n<meta name=\"robots\" content=\"index, follow, max-snippet:-1, max-image-preview:large, max-video-preview:-1\" \/>\n<link rel=\"canonical\" href=\"https:\/\/maismagazine.pt\/index.php\/2026\/03\/13\/onde-o-talento-ganha-futuro\/\" \/>\n<meta property=\"og:locale\" content=\"pt_PT\" \/>\n<meta property=\"og:type\" content=\"article\" \/>\n<meta property=\"og:title\" content=\"Onde o talento ganha futuro - Mais Magazine\" \/>\n<meta property=\"og:description\" content=\"Num mercado de trabalho cada vez mais competitivo e global, a Worten tem refor\u00e7ado a sua estrat\u00e9gia de atra\u00e7\u00e3o, desenvolvimento e reten\u00e7\u00e3o de talento, apostando na proximidade ao sistema educativo e em programas dedicados \u00e0s novas gera\u00e7\u00f5es. As dificuldades de reten\u00e7\u00e3o de talento s\u00e3o hoje transversais a praticamente todos os&hellip;\" \/>\n<meta property=\"og:url\" content=\"https:\/\/maismagazine.pt\/index.php\/2026\/03\/13\/onde-o-talento-ganha-futuro\/\" \/>\n<meta property=\"og:site_name\" content=\"Mais Magazine\" \/>\n<meta property=\"article:published_time\" content=\"2026-03-13T07:00:00+00:00\" \/>\n<meta property=\"og:image\" content=\"https:\/\/maismagazine.pt\/wp-content\/uploads\/2026\/03\/capa.jpg\" \/>\n\t<meta property=\"og:image:width\" content=\"1143\" \/>\n\t<meta property=\"og:image:height\" content=\"760\" \/>\n\t<meta property=\"og:image:type\" content=\"image\/jpeg\" \/>\n<meta name=\"author\" content=\"Tatiana Martins\" \/>\n<meta name=\"twitter:card\" content=\"summary_large_image\" \/>\n<meta name=\"twitter:label1\" content=\"Escrito por\" \/>\n\t<meta name=\"twitter:data1\" content=\"\" \/>\n\t<meta name=\"twitter:label2\" content=\"Tempo estimado de leitura\" \/>\n\t<meta name=\"twitter:data2\" content=\"6 minutos\" \/>\n<script type=\"application\/ld+json\" class=\"yoast-schema-graph\">{\"@context\":\"https:\/\/schema.org\",\"@graph\":[{\"@type\":\"Article\",\"@id\":\"https:\/\/maismagazine.pt\/index.php\/2026\/03\/13\/onde-o-talento-ganha-futuro\/#article\",\"isPartOf\":{\"@id\":\"https:\/\/maismagazine.pt\/index.php\/2026\/03\/13\/onde-o-talento-ganha-futuro\/\"},\"author\":{\"name\":\"Tatiana Martins\",\"@id\":\"https:\/\/maismagazine.pt\/#\/schema\/person\/7426e2caeb8df32a1b56aa48dae778c9\"},\"headline\":\"Onde o talento ganha futuro\",\"datePublished\":\"2026-03-13T07:00:00+00:00\",\"mainEntityOfPage\":{\"@id\":\"https:\/\/maismagazine.pt\/index.php\/2026\/03\/13\/onde-o-talento-ganha-futuro\/\"},\"wordCount\":811,\"publisher\":{\"@id\":\"https:\/\/maismagazine.pt\/#organization\"},\"image\":{\"@id\":\"https:\/\/maismagazine.pt\/index.php\/2026\/03\/13\/onde-o-talento-ganha-futuro\/#primaryimage\"},\"thumbnailUrl\":\"https:\/\/maismagazine.pt\/wp-content\/uploads\/2026\/03\/capa.jpg\",\"keywords\":[\"Ensino\",\"Worten\"],\"articleSection\":[\"Educa\u00e7\u00e3o\"],\"inLanguage\":\"pt-PT\"},{\"@type\":\"WebPage\",\"@id\":\"https:\/\/maismagazine.pt\/index.php\/2026\/03\/13\/onde-o-talento-ganha-futuro\/\",\"url\":\"https:\/\/maismagazine.pt\/index.php\/2026\/03\/13\/onde-o-talento-ganha-futuro\/\",\"name\":\"Onde o talento ganha futuro - Mais Magazine\",\"isPartOf\":{\"@id\":\"https:\/\/maismagazine.pt\/#website\"},\"primaryImageOfPage\":{\"@id\":\"https:\/\/maismagazine.pt\/index.php\/2026\/03\/13\/onde-o-talento-ganha-futuro\/#primaryimage\"},\"image\":{\"@id\":\"https:\/\/maismagazine.pt\/index.php\/2026\/03\/13\/onde-o-talento-ganha-futuro\/#primaryimage\"},\"thumbnailUrl\":\"https:\/\/maismagazine.pt\/wp-content\/uploads\/2026\/03\/capa.jpg\",\"datePublished\":\"2026-03-13T07:00:00+00:00\",\"breadcrumb\":{\"@id\":\"https:\/\/maismagazine.pt\/index.php\/2026\/03\/13\/onde-o-talento-ganha-futuro\/#breadcrumb\"},\"inLanguage\":\"pt-PT\",\"potentialAction\":[{\"@type\":\"ReadAction\",\"target\":[\"https:\/\/maismagazine.pt\/index.php\/2026\/03\/13\/onde-o-talento-ganha-futuro\/\"]}]},{\"@type\":\"ImageObject\",\"inLanguage\":\"pt-PT\",\"@id\":\"https:\/\/maismagazine.pt\/index.php\/2026\/03\/13\/onde-o-talento-ganha-futuro\/#primaryimage\",\"url\":\"https:\/\/maismagazine.pt\/wp-content\/uploads\/2026\/03\/capa.jpg\",\"contentUrl\":\"https:\/\/maismagazine.pt\/wp-content\/uploads\/2026\/03\/capa.jpg\",\"width\":1143,\"height\":760},{\"@type\":\"BreadcrumbList\",\"@id\":\"https:\/\/maismagazine.pt\/index.php\/2026\/03\/13\/onde-o-talento-ganha-futuro\/#breadcrumb\",\"itemListElement\":[{\"@type\":\"ListItem\",\"position\":1,\"name\":\"Home\",\"item\":\"https:\/\/maismagazine.pt\/\"},{\"@type\":\"ListItem\",\"position\":2,\"name\":\"Onde o talento ganha futuro\"}]},{\"@type\":\"WebSite\",\"@id\":\"https:\/\/maismagazine.pt\/#website\",\"url\":\"https:\/\/maismagazine.pt\/\",\"name\":\"Mais Magazine\",\"description\":\"\",\"publisher\":{\"@id\":\"https:\/\/maismagazine.pt\/#organization\"},\"potentialAction\":[{\"@type\":\"SearchAction\",\"target\":{\"@type\":\"EntryPoint\",\"urlTemplate\":\"https:\/\/maismagazine.pt\/?s={search_term_string}\"},\"query-input\":{\"@type\":\"PropertyValueSpecification\",\"valueRequired\":true,\"valueName\":\"search_term_string\"}}],\"inLanguage\":\"pt-PT\"},{\"@type\":\"Organization\",\"@id\":\"https:\/\/maismagazine.pt\/#organization\",\"name\":\"Mais Magazine\",\"url\":\"https:\/\/maismagazine.pt\/\",\"logo\":{\"@type\":\"ImageObject\",\"inLanguage\":\"pt-PT\",\"@id\":\"https:\/\/maismagazine.pt\/#\/schema\/logo\/image\/\",\"url\":\"https:\/\/maismagazine.pt\/wp-content\/uploads\/2020\/04\/cropped-cropped-mais-magazine-site-logo-2.png\",\"contentUrl\":\"https:\/\/maismagazine.pt\/wp-content\/uploads\/2020\/04\/cropped-cropped-mais-magazine-site-logo-2.png\",\"width\":581,\"height\":90,\"caption\":\"Mais Magazine\"},\"image\":{\"@id\":\"https:\/\/maismagazine.pt\/#\/schema\/logo\/image\/\"}},{\"@type\":\"Person\",\"@id\":\"https:\/\/maismagazine.pt\/#\/schema\/person\/7426e2caeb8df32a1b56aa48dae778c9\",\"name\":\"Tatiana Martins\",\"image\":{\"@type\":\"ImageObject\",\"inLanguage\":\"pt-PT\",\"@id\":\"https:\/\/maismagazine.pt\/#\/schema\/person\/image\/\",\"url\":\"https:\/\/secure.gravatar.com\/avatar\/4b24a57f5d0425f2eb20981c4b53244e?s=96&d=mm&r=g\",\"contentUrl\":\"https:\/\/secure.gravatar.com\/avatar\/4b24a57f5d0425f2eb20981c4b53244e?s=96&d=mm&r=g\",\"caption\":\"Tatiana Martins\"},\"url\":\"https:\/\/maismagazine.pt\/index.php\/author\/tatiana\/\"}]}<\/script>\n<!-- \/ Yoast SEO plugin. -->","yoast_head_json":{"title":"Onde o talento ganha futuro - Mais Magazine","robots":{"index":"index","follow":"follow","max-snippet":"max-snippet:-1","max-image-preview":"max-image-preview:large","max-video-preview":"max-video-preview:-1"},"canonical":"https:\/\/maismagazine.pt\/index.php\/2026\/03\/13\/onde-o-talento-ganha-futuro\/","og_locale":"pt_PT","og_type":"article","og_title":"Onde o talento ganha futuro - Mais Magazine","og_description":"Num mercado de trabalho cada vez mais competitivo e global, a Worten tem refor\u00e7ado a sua estrat\u00e9gia de atra\u00e7\u00e3o, desenvolvimento e reten\u00e7\u00e3o de talento, apostando na proximidade ao sistema educativo e em programas dedicados \u00e0s novas gera\u00e7\u00f5es. As dificuldades de reten\u00e7\u00e3o de talento s\u00e3o hoje transversais a praticamente todos os&hellip;","og_url":"https:\/\/maismagazine.pt\/index.php\/2026\/03\/13\/onde-o-talento-ganha-futuro\/","og_site_name":"Mais Magazine","article_published_time":"2026-03-13T07:00:00+00:00","og_image":[{"width":1143,"height":760,"url":"https:\/\/maismagazine.pt\/wp-content\/uploads\/2026\/03\/capa.jpg","type":"image\/jpeg"}],"author":"Tatiana Martins","twitter_card":"summary_large_image","twitter_misc":{"Escrito por":false,"Tempo estimado de leitura":"6 minutos"},"schema":{"@context":"https:\/\/schema.org","@graph":[{"@type":"Article","@id":"https:\/\/maismagazine.pt\/index.php\/2026\/03\/13\/onde-o-talento-ganha-futuro\/#article","isPartOf":{"@id":"https:\/\/maismagazine.pt\/index.php\/2026\/03\/13\/onde-o-talento-ganha-futuro\/"},"author":{"name":"Tatiana Martins","@id":"https:\/\/maismagazine.pt\/#\/schema\/person\/7426e2caeb8df32a1b56aa48dae778c9"},"headline":"Onde o talento ganha futuro","datePublished":"2026-03-13T07:00:00+00:00","mainEntityOfPage":{"@id":"https:\/\/maismagazine.pt\/index.php\/2026\/03\/13\/onde-o-talento-ganha-futuro\/"},"wordCount":811,"publisher":{"@id":"https:\/\/maismagazine.pt\/#organization"},"image":{"@id":"https:\/\/maismagazine.pt\/index.php\/2026\/03\/13\/onde-o-talento-ganha-futuro\/#primaryimage"},"thumbnailUrl":"https:\/\/maismagazine.pt\/wp-content\/uploads\/2026\/03\/capa.jpg","keywords":["Ensino","Worten"],"articleSection":["Educa\u00e7\u00e3o"],"inLanguage":"pt-PT"},{"@type":"WebPage","@id":"https:\/\/maismagazine.pt\/index.php\/2026\/03\/13\/onde-o-talento-ganha-futuro\/","url":"https:\/\/maismagazine.pt\/index.php\/2026\/03\/13\/onde-o-talento-ganha-futuro\/","name":"Onde o talento ganha futuro - Mais Magazine","isPartOf":{"@id":"https:\/\/maismagazine.pt\/#website"},"primaryImageOfPage":{"@id":"https:\/\/maismagazine.pt\/index.php\/2026\/03\/13\/onde-o-talento-ganha-futuro\/#primaryimage"},"image":{"@id":"https:\/\/maismagazine.pt\/index.php\/2026\/03\/13\/onde-o-talento-ganha-futuro\/#primaryimage"},"thumbnailUrl":"https:\/\/maismagazine.pt\/wp-content\/uploads\/2026\/03\/capa.jpg","datePublished":"2026-03-13T07:00:00+00:00","breadcrumb":{"@id":"https:\/\/maismagazine.pt\/index.php\/2026\/03\/13\/onde-o-talento-ganha-futuro\/#breadcrumb"},"inLanguage":"pt-PT","potentialAction":[{"@type":"ReadAction","target":["https:\/\/maismagazine.pt\/index.php\/2026\/03\/13\/onde-o-talento-ganha-futuro\/"]}]},{"@type":"ImageObject","inLanguage":"pt-PT","@id":"https:\/\/maismagazine.pt\/index.php\/2026\/03\/13\/onde-o-talento-ganha-futuro\/#primaryimage","url":"https:\/\/maismagazine.pt\/wp-content\/uploads\/2026\/03\/capa.jpg","contentUrl":"https:\/\/maismagazine.pt\/wp-content\/uploads\/2026\/03\/capa.jpg","width":1143,"height":760},{"@type":"BreadcrumbList","@id":"https:\/\/maismagazine.pt\/index.php\/2026\/03\/13\/onde-o-talento-ganha-futuro\/#breadcrumb","itemListElement":[{"@type":"ListItem","position":1,"name":"Home","item":"https:\/\/maismagazine.pt\/"},{"@type":"ListItem","position":2,"name":"Onde o talento ganha futuro"}]},{"@type":"WebSite","@id":"https:\/\/maismagazine.pt\/#website","url":"https:\/\/maismagazine.pt\/","name":"Mais Magazine","description":"","publisher":{"@id":"https:\/\/maismagazine.pt\/#organization"},"potentialAction":[{"@type":"SearchAction","target":{"@type":"EntryPoint","urlTemplate":"https:\/\/maismagazine.pt\/?s={search_term_string}"},"query-input":{"@type":"PropertyValueSpecification","valueRequired":true,"valueName":"search_term_string"}}],"inLanguage":"pt-PT"},{"@type":"Organization","@id":"https:\/\/maismagazine.pt\/#organization","name":"Mais Magazine","url":"https:\/\/maismagazine.pt\/","logo":{"@type":"ImageObject","inLanguage":"pt-PT","@id":"https:\/\/maismagazine.pt\/#\/schema\/logo\/image\/","url":"https:\/\/maismagazine.pt\/wp-content\/uploads\/2020\/04\/cropped-cropped-mais-magazine-site-logo-2.png","contentUrl":"https:\/\/maismagazine.pt\/wp-content\/uploads\/2020\/04\/cropped-cropped-mais-magazine-site-logo-2.png","width":581,"height":90,"caption":"Mais Magazine"},"image":{"@id":"https:\/\/maismagazine.pt\/#\/schema\/logo\/image\/"}},{"@type":"Person","@id":"https:\/\/maismagazine.pt\/#\/schema\/person\/7426e2caeb8df32a1b56aa48dae778c9","name":"Tatiana Martins","image":{"@type":"ImageObject","inLanguage":"pt-PT","@id":"https:\/\/maismagazine.pt\/#\/schema\/person\/image\/","url":"https:\/\/secure.gravatar.com\/avatar\/4b24a57f5d0425f2eb20981c4b53244e?s=96&d=mm&r=g","contentUrl":"https:\/\/secure.gravatar.com\/avatar\/4b24a57f5d0425f2eb20981c4b53244e?s=96&d=mm&r=g","caption":"Tatiana Martins"},"url":"https:\/\/maismagazine.pt\/index.php\/author\/tatiana\/"}]}},"author_meta":{"display_name":false,"author_link":"https:\/\/maismagazine.pt\/index.php\/author\/tatiana\/"},"featured_img":"https:\/\/maismagazine.pt\/wp-content\/uploads\/2026\/03\/capa-300x199.jpg","coauthors":[],"tax_additional":{"categories":{"linked":["<a href=\"https:\/\/maismagazine.pt\/index.php\/category\/educacao\/\" class=\"advgb-post-tax-term\">Educa\u00e7\u00e3o<\/a>"],"unlinked":["<span class=\"advgb-post-tax-term\">Educa\u00e7\u00e3o<\/span>"]},"tags":{"linked":["<a href=\"https:\/\/maismagazine.pt\/index.php\/category\/educacao\/\" class=\"advgb-post-tax-term\">Ensino<\/a>","<a href=\"https:\/\/maismagazine.pt\/index.php\/category\/educacao\/\" class=\"advgb-post-tax-term\">Worten<\/a>"],"unlinked":["<span class=\"advgb-post-tax-term\">Ensino<\/span>","<span class=\"advgb-post-tax-term\">Worten<\/span>"]}},"comment_count":"0","relative_dates":{"created":"Posted 2 meses ago","modified":"Updated 2 meses ago"},"absolute_dates":{"created":"Posted on 13 de Mar\u00e7o, 2026","modified":"Updated on 11 de Mar\u00e7o, 2026"},"absolute_dates_time":{"created":"Posted on 13 de Mar\u00e7o, 2026 7:00","modified":"Updated on 11 de Mar\u00e7o, 2026 15:25"},"featured_img_caption":"","series_order":"","_links":{"self":[{"href":"https:\/\/maismagazine.pt\/index.php\/wp-json\/wp\/v2\/posts\/13845","targetHints":{"allow":["GET"]}}],"collection":[{"href":"https:\/\/maismagazine.pt\/index.php\/wp-json\/wp\/v2\/posts"}],"about":[{"href":"https:\/\/maismagazine.pt\/index.php\/wp-json\/wp\/v2\/types\/post"}],"author":[{"embeddable":true,"href":"https:\/\/maismagazine.pt\/index.php\/wp-json\/wp\/v2\/users\/18"}],"replies":[{"embeddable":true,"href":"https:\/\/maismagazine.pt\/index.php\/wp-json\/wp\/v2\/comments?post=13845"}],"version-history":[{"count":1,"href":"https:\/\/maismagazine.pt\/index.php\/wp-json\/wp\/v2\/posts\/13845\/revisions"}],"predecessor-version":[{"id":13865,"href":"https:\/\/maismagazine.pt\/index.php\/wp-json\/wp\/v2\/posts\/13845\/revisions\/13865"}],"wp:featuredmedia":[{"embeddable":true,"href":"https:\/\/maismagazine.pt\/index.php\/wp-json\/wp\/v2\/media\/13853"}],"wp:attachment":[{"href":"https:\/\/maismagazine.pt\/index.php\/wp-json\/wp\/v2\/media?parent=13845"}],"wp:term":[{"taxonomy":"category","embeddable":true,"href":"https:\/\/maismagazine.pt\/index.php\/wp-json\/wp\/v2\/categories?post=13845"},{"taxonomy":"post_tag","embeddable":true,"href":"https:\/\/maismagazine.pt\/index.php\/wp-json\/wp\/v2\/tags?post=13845"}],"curies":[{"name":"wp","href":"https:\/\/api.w.org\/{rel}","templated":true}]}}