{"id":13799,"date":"2026-03-13T07:00:00","date_gmt":"2026-03-13T07:00:00","guid":{"rendered":"https:\/\/maismagazine.pt\/?p=13799"},"modified":"2026-03-26T09:44:28","modified_gmt":"2026-03-26T09:44:28","slug":"fucoli-somepal-80-anos-a-reforcar-a-eficiencia-e-a-resiliencia-das-infraestruturas-de-agua","status":"publish","type":"post","link":"https:\/\/maismagazine.pt\/index.php\/2026\/03\/13\/fucoli-somepal-80-anos-a-reforcar-a-eficiencia-e-a-resiliencia-das-infraestruturas-de-agua\/","title":{"rendered":"Fucoli-Somepal: 80 anos a refor\u00e7ar a efici\u00eancia e a resili\u00eancia das infraestruturas de \u00e1gua"},"content":{"rendered":"\n<p><strong>No ano em que assinala 80 anos de atividade, a <a href=\"http:\/\/www.fucoli-somepal.pt\">Fucoli-Somepal<\/a> partilhou com a Mais Magazine a forma como tem vindo a adaptar a sua estrat\u00e9gia aos crescentes desafios da gest\u00e3o eficiente da \u00e1gua. A empresa refor\u00e7a a aposta na durabilidade, na inova\u00e7\u00e3o sustentada e na economia circular para responder \u00e0s exig\u00eancias de um setor cada vez mais focado na resili\u00eancia h\u00eddrica. <\/strong><\/p>\n\n\n\n<p><\/p>\n\n\n\n<p><strong>De que forma a Fucoli-Somepal tem vindo a adaptar a sua estrat\u00e9gia e solu\u00e7\u00f5es aos desafios crescentes da gest\u00e3o eficiente da \u00e1gua? <\/strong><\/p>\n\n\n\n<p>Em 2026, a Fucoli-Somepal celebra 80 anos de atividade. Ao longo de oito d\u00e9cadas, atravess\u00e1mos diferentes ciclos econ\u00f3micos, tecnol\u00f3gicos e regulat\u00f3rios, mantendo sempre o mesmo prop\u00f3sito: produzir solu\u00e7\u00f5es fi\u00e1veis, orgulhosamente 100% feitas em Portugal, para infraestruturas de \u00e1gua, saneamento, combate a inc\u00eandio, g\u00e1s e telecomunica\u00e7\u00f5es. Somos hoje uma das \u00faltimas fundi\u00e7\u00f5es na Europa dedicadas ao setor da \u00e1gua que controla integralmente todo o seu processo produtivo: desde a conce\u00e7\u00e3o e engenharia, \u00e0 fundi\u00e7\u00e3o, maquina\u00e7\u00e3o, revestimento, montagem e controlo final. Esta capacidade \u00fanica d\u00e1-nos algo muito importante: rigor, qualidade, rastreabilidade e capacidade de adapta\u00e7\u00e3o \u00e0s exig\u00eancias crescentes da gest\u00e3o h\u00eddrica. Num contexto de altera\u00e7\u00f5es clim\u00e1ticas, maior press\u00e3o sobre os recursos e necessidade de refor\u00e7o da resili\u00eancia das redes, a nossa estrat\u00e9gia tem sido clara: investir na durabilidade, fiabilidade e desempenho dos nossos produtos, contribuindo para infraestruturas mais seguras e preparadas para o longo prazo.  <\/p>\n\n\n\n<p><\/p>\n\n\n\n<p><strong>A redu\u00e7\u00e3o de perdas de \u00e1gua nas redes continua a ser uma prioridade. Que inova\u00e7\u00e3o t\u00eam promovido? <\/strong><\/p>\n\n\n\n<p>Na Fucoli-Somepal, o nosso contributo assenta sobretudo na consist\u00eancia industrial e na exig\u00eancia t\u00e9cnica com que desenhamos e produzimos cada produto. Acreditamos que a primeira forma de evitar perdas \u00e9 garantir que cada componente \u00e9 robusto, preciso e feito para durar. Produtos concebidos para durar v\u00e1rias d\u00e9cadas representam, em si mesmos, um fator essencial na redu\u00e7\u00e3o de perdas e na efici\u00eancia global das redes. Menos falhas, menos interven\u00e7\u00f5es, maior confian\u00e7a no sistema. Mais do que inova\u00e7\u00e3o pontual, o que promovemos \u00e9 uma inova\u00e7\u00e3o sustentada, baseada na engenharia, na experi\u00eancia acumulada ao longo de 80 anos e na proximidade t\u00e9cnica \u00e0s entidades gestoras para uma gest\u00e3o h\u00eddrica mais eficiente e sustent\u00e1vel.   <\/p>\n\n\n\n<p><\/p>\n\n\n\n<figure class=\"wp-block-gallery has-nested-images columns-default is-cropped wp-block-gallery-1 is-layout-flex wp-block-gallery-is-layout-flex\">\n<figure class=\"wp-block-image size-large\"><img loading=\"lazy\" decoding=\"async\" width=\"490\" height=\"694\" data-id=\"13800\" src=\"https:\/\/maismagazine.pt\/wp-content\/uploads\/2026\/03\/M8.png\" alt=\"\" class=\"wp-image-13800\" srcset=\"https:\/\/maismagazine.pt\/wp-content\/uploads\/2026\/03\/M8.png 490w, https:\/\/maismagazine.pt\/wp-content\/uploads\/2026\/03\/M8-212x300.png 212w\" sizes=\"auto, (max-width: 490px) 100vw, 490px\" \/><\/figure>\n\n\n\n<figure class=\"wp-block-image size-large\"><img loading=\"lazy\" decoding=\"async\" width=\"490\" height=\"694\" data-id=\"13801\" src=\"https:\/\/maismagazine.pt\/wp-content\/uploads\/2026\/03\/M13.png\" alt=\"\" class=\"wp-image-13801\" srcset=\"https:\/\/maismagazine.pt\/wp-content\/uploads\/2026\/03\/M13.png 490w, https:\/\/maismagazine.pt\/wp-content\/uploads\/2026\/03\/M13-212x300.png 212w\" sizes=\"auto, (max-width: 490px) 100vw, 490px\" \/><\/figure>\n<\/figure>\n\n\n\n<p><\/p>\n\n\n\n<p><strong>Qual o papel da Fucoli-Somepal na transforma\u00e7\u00e3o digital do setor? <\/strong><\/p>\n\n\n\n<p>Hoje, a inova\u00e7\u00e3o no setor da \u00e1gua deixou de ser apenas f\u00edsica, passou tamb\u00e9m a ser inteligente. Nesse sentido, temos vindo a desenvolver e adaptar as nossas solu\u00e7\u00f5es para integrarem sistemas de monitoriza\u00e7\u00e3o e automa\u00e7\u00e3o, permitindo uma gest\u00e3o mais eficiente e preventiva das redes. A capacidade de acompanhar o desempenho das infraestruturas em tempo real representa um avan\u00e7o significativo na redu\u00e7\u00e3o de desperd\u00edcios e na melhoria do servi\u00e7o \u00e0s popula\u00e7\u00f5es. Porque a tecnologia s\u00f3 faz sentido quando refor\u00e7a a seguran\u00e7a e a sustentabilidade de um recurso essencial como a \u00e1gua.  <\/p>\n\n\n\n<p><\/p>\n\n\n\n<p><strong>Que medidas t\u00eam sido implementadas para reduzir o impacto ambiental e promover a sustentabilidade? <\/strong><\/p>\n\n\n\n<p>Na Fucoli-Somepal, cerca de 95% da mat\u00e9ria-prima que utilizamos \u00e9 material reciclado. Todos os dias transformamos materiais j\u00e1 existentes em novas solu\u00e7\u00f5es, dando-lhes uma segunda vida e colocando a economia circular no centro do nosso processo produtivo. Produzir desta forma permite reduzir a extra\u00e7\u00e3o de recursos naturais e diminuir de forma significativa o impacto ambiental associado \u00e0 atividade industrial. Paralelamente, temos vindo a investir na melhoria da efici\u00eancia energ\u00e9tica e na redu\u00e7\u00e3o de emiss\u00f5es. Estamos atualmente a finalizar a instala\u00e7\u00e3o de uma unidade de produ\u00e7\u00e3o de energia solar fotovoltaica com capacidade superior a 2 GWh por ano, refor\u00e7ando a incorpora\u00e7\u00e3o de energia renov\u00e1vel no nosso consumo e contribuindo tamb\u00e9m para uma utiliza\u00e7\u00e3o mais sustent\u00e1vel da energia pela nossa comunidade envolvente. Acreditamos que produzir para o setor da \u00e1gua implica, inevitavelmente, proteger os recursos do planeta. Esse compromisso n\u00e3o \u00e9 recente: faz parte da nossa identidade e acompanha-nos h\u00e1 80 anos. <\/p>\n\n\n\n<p><\/p>\n\n\n\n<figure class=\"wp-block-gallery has-nested-images columns-default is-cropped wp-block-gallery-2 is-layout-flex wp-block-gallery-is-layout-flex\">\n<figure class=\"wp-block-image size-large\"><img loading=\"lazy\" decoding=\"async\" width=\"490\" height=\"694\" data-id=\"13802\" src=\"https:\/\/maismagazine.pt\/wp-content\/uploads\/2026\/03\/M11.png\" alt=\"\" class=\"wp-image-13802\" srcset=\"https:\/\/maismagazine.pt\/wp-content\/uploads\/2026\/03\/M11.png 490w, https:\/\/maismagazine.pt\/wp-content\/uploads\/2026\/03\/M11-212x300.png 212w\" sizes=\"auto, (max-width: 490px) 100vw, 490px\" \/><\/figure>\n\n\n\n<figure class=\"wp-block-image size-large\"><img loading=\"lazy\" decoding=\"async\" width=\"420\" height=\"595\" data-id=\"13803\" src=\"https:\/\/maismagazine.pt\/wp-content\/uploads\/2026\/03\/M15.png\" alt=\"\" class=\"wp-image-13803\" srcset=\"https:\/\/maismagazine.pt\/wp-content\/uploads\/2026\/03\/M15.png 420w, https:\/\/maismagazine.pt\/wp-content\/uploads\/2026\/03\/M15-212x300.png 212w\" sizes=\"auto, (max-width: 420px) 100vw, 420px\" \/><\/figure>\n<\/figure>\n\n\n\n<p><\/p>\n\n\n\n<p><\/p>\n\n\n\n<p><strong>Quais os principais desafios e prioridades estrat\u00e9gicas para os pr\u00f3ximos anos? <\/strong><\/p>\n\n\n\n<p>O setor enfrenta um momento decisivo: necessidade de moderniza\u00e7\u00e3o de infraestruturas envelhecidas, adapta\u00e7\u00e3o \u00e0s altera\u00e7\u00f5es clim\u00e1ticas, press\u00e3o regulat\u00f3ria e exig\u00eancia crescente de efici\u00eancia.Para a Fucoli-Somepal, o futuro passa por:<\/p>\n\n\n\n<ul class=\"wp-block-list\">\n<li>Refor\u00e7ar a competitividade industrial nacional e europeia;<\/li>\n\n\n\n<li>Continuar a investir em inova\u00e7\u00e3o e melhoria de produto;<\/li>\n\n\n\n<li>Consolidar a nossa posi\u00e7\u00e3o como uma das refer\u00eancias industriais no setor da \u00e1gua.<\/li>\n<\/ul>\n\n\n\n<p><\/p>\n\n\n\n<p>Celebrar 80 anos n\u00e3o \u00e9 apenas assinalar uma data simb\u00f3lica. \u00c9 afirmar a import\u00e2ncia da ind\u00fastria nacional, da capacidade produtiva instalada e do conhecimento t\u00e9cnico acumulado ao longo de gera\u00e7\u00f5es. Num setor t\u00e3o estrat\u00e9gico como o da \u00e1gua, a resili\u00eancia come\u00e7a tamb\u00e9m na ind\u00fastria que suporta as infraestruturas.  <\/p>\n\n\n\n<p><\/p>\n\n\n<div class=\"wp-block-image\">\n<figure class=\"aligncenter size-large is-resized\"><img loading=\"lazy\" decoding=\"async\" width=\"1024\" height=\"314\" src=\"https:\/\/maismagazine.pt\/wp-content\/uploads\/2026\/03\/Logo-Fucoli-Somepal-1024x314.png\" alt=\"\" class=\"wp-image-13804\" style=\"width:623px;height:auto\" srcset=\"https:\/\/maismagazine.pt\/wp-content\/uploads\/2026\/03\/Logo-Fucoli-Somepal-1024x314.png 1024w, https:\/\/maismagazine.pt\/wp-content\/uploads\/2026\/03\/Logo-Fucoli-Somepal-300x92.png 300w, https:\/\/maismagazine.pt\/wp-content\/uploads\/2026\/03\/Logo-Fucoli-Somepal-768x235.png 768w, https:\/\/maismagazine.pt\/wp-content\/uploads\/2026\/03\/Logo-Fucoli-Somepal-1536x471.png 1536w, https:\/\/maismagazine.pt\/wp-content\/uploads\/2026\/03\/Logo-Fucoli-Somepal.png 1811w\" sizes=\"auto, (max-width: 1024px) 100vw, 1024px\" \/><\/figure><\/div>\n\n\n<p><\/p>\n","protected":false},"excerpt":{"rendered":"<p>No ano em que assinala 80 anos de atividade, a Fucoli-Somepal partilhou com a Mais Magazine a forma como tem vindo a adaptar a sua estrat\u00e9gia aos crescentes desafios da gest\u00e3o eficiente da \u00e1gua. A empresa refor\u00e7a a aposta na durabilidade, na inova\u00e7\u00e3o sustentada e na economia circular para responder&hellip;<\/p>\n","protected":false},"author":17,"featured_media":13805,"comment_status":"closed","ping_status":"open","sticky":false,"template":"","format":"standard","meta":{"advgb_blocks_editor_width":"","advgb_blocks_columns_visual_guide":"","_monsterinsights_skip_tracking":false,"_monsterinsights_sitenote_active":false,"_monsterinsights_sitenote_note":"","_monsterinsights_sitenote_category":0,"footnotes":""},"categories":[78,79],"tags":[1908],"class_list":["post-13799","post","type-post","status-publish","format-standard","has-post-thumbnail","hentry","category-ambiente-e-sustentabilidade","category-tecnologia-e-inovacao","tag-fucoli-somepal"],"yoast_head":"<!-- This site is optimized with the Yoast SEO plugin v24.4 - https:\/\/yoast.com\/wordpress\/plugins\/seo\/ -->\n<title>Fucoli-Somepal: 80 anos a refor\u00e7ar a efici\u00eancia e a resili\u00eancia das infraestruturas de \u00e1gua - Mais Magazine<\/title>\n<meta name=\"description\" content=\"No ano em que assinala 80 anos de atividade, a Fucoli-Somepal partilhou com a Mais Magazine a forma como tem vindo a adaptar a sua estrat\u00e9gia aos crescentes desafios da gest\u00e3o eficiente da \u00e1gua. A empresa refor\u00e7a a aposta na durabilidade, na inova\u00e7\u00e3o sustentada e na economia circular para responder \u00e0s exig\u00eancias de um setor cada vez mais focado na resili\u00eancia h\u00eddrica.\" \/>\n<meta name=\"robots\" content=\"index, follow, max-snippet:-1, max-image-preview:large, max-video-preview:-1\" \/>\n<link rel=\"canonical\" href=\"https:\/\/maismagazine.pt\/index.php\/2026\/03\/13\/fucoli-somepal-80-anos-a-reforcar-a-eficiencia-e-a-resiliencia-das-infraestruturas-de-agua\/\" \/>\n<meta property=\"og:locale\" content=\"pt_PT\" \/>\n<meta property=\"og:type\" content=\"article\" \/>\n<meta property=\"og:title\" content=\"Fucoli-Somepal: 80 anos a refor\u00e7ar a efici\u00eancia e a resili\u00eancia das infraestruturas de \u00e1gua - Mais Magazine\" \/>\n<meta property=\"og:description\" content=\"No ano em que assinala 80 anos de atividade, a Fucoli-Somepal partilhou com a Mais Magazine a forma como tem vindo a adaptar a sua estrat\u00e9gia aos crescentes desafios da gest\u00e3o eficiente da \u00e1gua. A empresa refor\u00e7a a aposta na durabilidade, na inova\u00e7\u00e3o sustentada e na economia circular para responder \u00e0s exig\u00eancias de um setor cada vez mais focado na resili\u00eancia h\u00eddrica.\" \/>\n<meta property=\"og:url\" content=\"https:\/\/maismagazine.pt\/index.php\/2026\/03\/13\/fucoli-somepal-80-anos-a-reforcar-a-eficiencia-e-a-resiliencia-das-infraestruturas-de-agua\/\" \/>\n<meta property=\"og:site_name\" content=\"Mais Magazine\" \/>\n<meta property=\"article:published_time\" content=\"2026-03-13T07:00:00+00:00\" \/>\n<meta property=\"article:modified_time\" content=\"2026-03-26T09:44:28+00:00\" \/>\n<meta property=\"og:image\" content=\"https:\/\/maismagazine.pt\/wp-content\/uploads\/2026\/03\/Logo-80-anos-FS.png\" \/>\n\t<meta property=\"og:image:width\" content=\"2481\" \/>\n\t<meta property=\"og:image:height\" content=\"1621\" \/>\n\t<meta property=\"og:image:type\" content=\"image\/png\" \/>\n<meta name=\"author\" content=\"Tiago Costa\" \/>\n<meta name=\"twitter:card\" content=\"summary_large_image\" \/>\n<meta name=\"twitter:label1\" content=\"Escrito por\" \/>\n\t<meta name=\"twitter:data1\" content=\"\" \/>\n\t<meta name=\"twitter:label2\" content=\"Tempo estimado de leitura\" \/>\n\t<meta name=\"twitter:data2\" content=\"6 minutos\" \/>\n<script type=\"application\/ld+json\" class=\"yoast-schema-graph\">{\"@context\":\"https:\/\/schema.org\",\"@graph\":[{\"@type\":\"Article\",\"@id\":\"https:\/\/maismagazine.pt\/index.php\/2026\/03\/13\/fucoli-somepal-80-anos-a-reforcar-a-eficiencia-e-a-resiliencia-das-infraestruturas-de-agua\/#article\",\"isPartOf\":{\"@id\":\"https:\/\/maismagazine.pt\/index.php\/2026\/03\/13\/fucoli-somepal-80-anos-a-reforcar-a-eficiencia-e-a-resiliencia-das-infraestruturas-de-agua\/\"},\"author\":{\"name\":\"Tiago Costa\",\"@id\":\"https:\/\/maismagazine.pt\/#\/schema\/person\/c6c5bfccc886434cbd11c74e035f9646\"},\"headline\":\"Fucoli-Somepal: 80 anos a refor\u00e7ar a efici\u00eancia e a resili\u00eancia das infraestruturas de \u00e1gua\",\"datePublished\":\"2026-03-13T07:00:00+00:00\",\"dateModified\":\"2026-03-26T09:44:28+00:00\",\"mainEntityOfPage\":{\"@id\":\"https:\/\/maismagazine.pt\/index.php\/2026\/03\/13\/fucoli-somepal-80-anos-a-reforcar-a-eficiencia-e-a-resiliencia-das-infraestruturas-de-agua\/\"},\"wordCount\":847,\"publisher\":{\"@id\":\"https:\/\/maismagazine.pt\/#organization\"},\"image\":{\"@id\":\"https:\/\/maismagazine.pt\/index.php\/2026\/03\/13\/fucoli-somepal-80-anos-a-reforcar-a-eficiencia-e-a-resiliencia-das-infraestruturas-de-agua\/#primaryimage\"},\"thumbnailUrl\":\"https:\/\/maismagazine.pt\/wp-content\/uploads\/2026\/03\/Logo-80-anos-FS.png\",\"keywords\":[\"Fucoli-Somepal\"],\"articleSection\":[\"Ambiente e Sustentabilidade\",\"Tecnologia e Inova\u00e7\u00e3o\"],\"inLanguage\":\"pt-PT\"},{\"@type\":\"WebPage\",\"@id\":\"https:\/\/maismagazine.pt\/index.php\/2026\/03\/13\/fucoli-somepal-80-anos-a-reforcar-a-eficiencia-e-a-resiliencia-das-infraestruturas-de-agua\/\",\"url\":\"https:\/\/maismagazine.pt\/index.php\/2026\/03\/13\/fucoli-somepal-80-anos-a-reforcar-a-eficiencia-e-a-resiliencia-das-infraestruturas-de-agua\/\",\"name\":\"Fucoli-Somepal: 80 anos a refor\u00e7ar a efici\u00eancia e a resili\u00eancia das infraestruturas de \u00e1gua - Mais Magazine\",\"isPartOf\":{\"@id\":\"https:\/\/maismagazine.pt\/#website\"},\"primaryImageOfPage\":{\"@id\":\"https:\/\/maismagazine.pt\/index.php\/2026\/03\/13\/fucoli-somepal-80-anos-a-reforcar-a-eficiencia-e-a-resiliencia-das-infraestruturas-de-agua\/#primaryimage\"},\"image\":{\"@id\":\"https:\/\/maismagazine.pt\/index.php\/2026\/03\/13\/fucoli-somepal-80-anos-a-reforcar-a-eficiencia-e-a-resiliencia-das-infraestruturas-de-agua\/#primaryimage\"},\"thumbnailUrl\":\"https:\/\/maismagazine.pt\/wp-content\/uploads\/2026\/03\/Logo-80-anos-FS.png\",\"datePublished\":\"2026-03-13T07:00:00+00:00\",\"dateModified\":\"2026-03-26T09:44:28+00:00\",\"description\":\"No ano em que assinala 80 anos de atividade, a Fucoli-Somepal partilhou com a Mais Magazine a forma como tem vindo a adaptar a sua estrat\u00e9gia aos crescentes desafios da gest\u00e3o eficiente da \u00e1gua. A empresa refor\u00e7a a aposta na durabilidade, na inova\u00e7\u00e3o sustentada e na economia circular para responder \u00e0s exig\u00eancias de um setor cada vez mais focado na resili\u00eancia h\u00eddrica.\",\"breadcrumb\":{\"@id\":\"https:\/\/maismagazine.pt\/index.php\/2026\/03\/13\/fucoli-somepal-80-anos-a-reforcar-a-eficiencia-e-a-resiliencia-das-infraestruturas-de-agua\/#breadcrumb\"},\"inLanguage\":\"pt-PT\",\"potentialAction\":[{\"@type\":\"ReadAction\",\"target\":[\"https:\/\/maismagazine.pt\/index.php\/2026\/03\/13\/fucoli-somepal-80-anos-a-reforcar-a-eficiencia-e-a-resiliencia-das-infraestruturas-de-agua\/\"]}]},{\"@type\":\"ImageObject\",\"inLanguage\":\"pt-PT\",\"@id\":\"https:\/\/maismagazine.pt\/index.php\/2026\/03\/13\/fucoli-somepal-80-anos-a-reforcar-a-eficiencia-e-a-resiliencia-das-infraestruturas-de-agua\/#primaryimage\",\"url\":\"https:\/\/maismagazine.pt\/wp-content\/uploads\/2026\/03\/Logo-80-anos-FS.png\",\"contentUrl\":\"https:\/\/maismagazine.pt\/wp-content\/uploads\/2026\/03\/Logo-80-anos-FS.png\",\"width\":2481,\"height\":1621},{\"@type\":\"BreadcrumbList\",\"@id\":\"https:\/\/maismagazine.pt\/index.php\/2026\/03\/13\/fucoli-somepal-80-anos-a-reforcar-a-eficiencia-e-a-resiliencia-das-infraestruturas-de-agua\/#breadcrumb\",\"itemListElement\":[{\"@type\":\"ListItem\",\"position\":1,\"name\":\"Home\",\"item\":\"https:\/\/maismagazine.pt\/\"},{\"@type\":\"ListItem\",\"position\":2,\"name\":\"Fucoli-Somepal: 80 anos a refor\u00e7ar a efici\u00eancia e a resili\u00eancia das infraestruturas de \u00e1gua\"}]},{\"@type\":\"WebSite\",\"@id\":\"https:\/\/maismagazine.pt\/#website\",\"url\":\"https:\/\/maismagazine.pt\/\",\"name\":\"Mais Magazine\",\"description\":\"\",\"publisher\":{\"@id\":\"https:\/\/maismagazine.pt\/#organization\"},\"potentialAction\":[{\"@type\":\"SearchAction\",\"target\":{\"@type\":\"EntryPoint\",\"urlTemplate\":\"https:\/\/maismagazine.pt\/?s={search_term_string}\"},\"query-input\":{\"@type\":\"PropertyValueSpecification\",\"valueRequired\":true,\"valueName\":\"search_term_string\"}}],\"inLanguage\":\"pt-PT\"},{\"@type\":\"Organization\",\"@id\":\"https:\/\/maismagazine.pt\/#organization\",\"name\":\"Mais Magazine\",\"url\":\"https:\/\/maismagazine.pt\/\",\"logo\":{\"@type\":\"ImageObject\",\"inLanguage\":\"pt-PT\",\"@id\":\"https:\/\/maismagazine.pt\/#\/schema\/logo\/image\/\",\"url\":\"https:\/\/maismagazine.pt\/wp-content\/uploads\/2020\/04\/cropped-cropped-mais-magazine-site-logo-2.png\",\"contentUrl\":\"https:\/\/maismagazine.pt\/wp-content\/uploads\/2020\/04\/cropped-cropped-mais-magazine-site-logo-2.png\",\"width\":581,\"height\":90,\"caption\":\"Mais Magazine\"},\"image\":{\"@id\":\"https:\/\/maismagazine.pt\/#\/schema\/logo\/image\/\"}},{\"@type\":\"Person\",\"@id\":\"https:\/\/maismagazine.pt\/#\/schema\/person\/c6c5bfccc886434cbd11c74e035f9646\",\"name\":\"Tiago Costa\",\"image\":{\"@type\":\"ImageObject\",\"inLanguage\":\"pt-PT\",\"@id\":\"https:\/\/maismagazine.pt\/#\/schema\/person\/image\/\",\"url\":\"https:\/\/secure.gravatar.com\/avatar\/c599b2bce16c9870429198cbad5ee022?s=96&d=mm&r=g\",\"contentUrl\":\"https:\/\/secure.gravatar.com\/avatar\/c599b2bce16c9870429198cbad5ee022?s=96&d=mm&r=g\",\"caption\":\"Tiago Costa\"},\"url\":\"https:\/\/maismagazine.pt\/index.php\/author\/tiago\/\"}]}<\/script>\n<!-- \/ Yoast SEO plugin. -->","yoast_head_json":{"title":"Fucoli-Somepal: 80 anos a refor\u00e7ar a efici\u00eancia e a resili\u00eancia das infraestruturas de \u00e1gua - Mais Magazine","description":"No ano em que assinala 80 anos de atividade, a Fucoli-Somepal partilhou com a Mais Magazine a forma como tem vindo a adaptar a sua estrat\u00e9gia aos crescentes desafios da gest\u00e3o eficiente da \u00e1gua. A empresa refor\u00e7a a aposta na durabilidade, na inova\u00e7\u00e3o sustentada e na economia circular para responder \u00e0s exig\u00eancias de um setor cada vez mais focado na resili\u00eancia h\u00eddrica.","robots":{"index":"index","follow":"follow","max-snippet":"max-snippet:-1","max-image-preview":"max-image-preview:large","max-video-preview":"max-video-preview:-1"},"canonical":"https:\/\/maismagazine.pt\/index.php\/2026\/03\/13\/fucoli-somepal-80-anos-a-reforcar-a-eficiencia-e-a-resiliencia-das-infraestruturas-de-agua\/","og_locale":"pt_PT","og_type":"article","og_title":"Fucoli-Somepal: 80 anos a refor\u00e7ar a efici\u00eancia e a resili\u00eancia das infraestruturas de \u00e1gua - Mais Magazine","og_description":"No ano em que assinala 80 anos de atividade, a Fucoli-Somepal partilhou com a Mais Magazine a forma como tem vindo a adaptar a sua estrat\u00e9gia aos crescentes desafios da gest\u00e3o eficiente da \u00e1gua. A empresa refor\u00e7a a aposta na durabilidade, na inova\u00e7\u00e3o sustentada e na economia circular para responder \u00e0s exig\u00eancias de um setor cada vez mais focado na resili\u00eancia h\u00eddrica.","og_url":"https:\/\/maismagazine.pt\/index.php\/2026\/03\/13\/fucoli-somepal-80-anos-a-reforcar-a-eficiencia-e-a-resiliencia-das-infraestruturas-de-agua\/","og_site_name":"Mais Magazine","article_published_time":"2026-03-13T07:00:00+00:00","article_modified_time":"2026-03-26T09:44:28+00:00","og_image":[{"width":2481,"height":1621,"url":"https:\/\/maismagazine.pt\/wp-content\/uploads\/2026\/03\/Logo-80-anos-FS.png","type":"image\/png"}],"author":"Tiago Costa","twitter_card":"summary_large_image","twitter_misc":{"Escrito por":false,"Tempo estimado de leitura":"6 minutos"},"schema":{"@context":"https:\/\/schema.org","@graph":[{"@type":"Article","@id":"https:\/\/maismagazine.pt\/index.php\/2026\/03\/13\/fucoli-somepal-80-anos-a-reforcar-a-eficiencia-e-a-resiliencia-das-infraestruturas-de-agua\/#article","isPartOf":{"@id":"https:\/\/maismagazine.pt\/index.php\/2026\/03\/13\/fucoli-somepal-80-anos-a-reforcar-a-eficiencia-e-a-resiliencia-das-infraestruturas-de-agua\/"},"author":{"name":"Tiago Costa","@id":"https:\/\/maismagazine.pt\/#\/schema\/person\/c6c5bfccc886434cbd11c74e035f9646"},"headline":"Fucoli-Somepal: 80 anos a refor\u00e7ar a efici\u00eancia e a resili\u00eancia das infraestruturas de \u00e1gua","datePublished":"2026-03-13T07:00:00+00:00","dateModified":"2026-03-26T09:44:28+00:00","mainEntityOfPage":{"@id":"https:\/\/maismagazine.pt\/index.php\/2026\/03\/13\/fucoli-somepal-80-anos-a-reforcar-a-eficiencia-e-a-resiliencia-das-infraestruturas-de-agua\/"},"wordCount":847,"publisher":{"@id":"https:\/\/maismagazine.pt\/#organization"},"image":{"@id":"https:\/\/maismagazine.pt\/index.php\/2026\/03\/13\/fucoli-somepal-80-anos-a-reforcar-a-eficiencia-e-a-resiliencia-das-infraestruturas-de-agua\/#primaryimage"},"thumbnailUrl":"https:\/\/maismagazine.pt\/wp-content\/uploads\/2026\/03\/Logo-80-anos-FS.png","keywords":["Fucoli-Somepal"],"articleSection":["Ambiente e Sustentabilidade","Tecnologia e Inova\u00e7\u00e3o"],"inLanguage":"pt-PT"},{"@type":"WebPage","@id":"https:\/\/maismagazine.pt\/index.php\/2026\/03\/13\/fucoli-somepal-80-anos-a-reforcar-a-eficiencia-e-a-resiliencia-das-infraestruturas-de-agua\/","url":"https:\/\/maismagazine.pt\/index.php\/2026\/03\/13\/fucoli-somepal-80-anos-a-reforcar-a-eficiencia-e-a-resiliencia-das-infraestruturas-de-agua\/","name":"Fucoli-Somepal: 80 anos a refor\u00e7ar a efici\u00eancia e a resili\u00eancia das infraestruturas de \u00e1gua - Mais Magazine","isPartOf":{"@id":"https:\/\/maismagazine.pt\/#website"},"primaryImageOfPage":{"@id":"https:\/\/maismagazine.pt\/index.php\/2026\/03\/13\/fucoli-somepal-80-anos-a-reforcar-a-eficiencia-e-a-resiliencia-das-infraestruturas-de-agua\/#primaryimage"},"image":{"@id":"https:\/\/maismagazine.pt\/index.php\/2026\/03\/13\/fucoli-somepal-80-anos-a-reforcar-a-eficiencia-e-a-resiliencia-das-infraestruturas-de-agua\/#primaryimage"},"thumbnailUrl":"https:\/\/maismagazine.pt\/wp-content\/uploads\/2026\/03\/Logo-80-anos-FS.png","datePublished":"2026-03-13T07:00:00+00:00","dateModified":"2026-03-26T09:44:28+00:00","description":"No ano em que assinala 80 anos de atividade, a Fucoli-Somepal partilhou com a Mais Magazine a forma como tem vindo a adaptar a sua estrat\u00e9gia aos crescentes desafios da gest\u00e3o eficiente da \u00e1gua. A empresa refor\u00e7a a aposta na durabilidade, na inova\u00e7\u00e3o sustentada e na economia circular para responder \u00e0s exig\u00eancias de um setor cada vez mais focado na resili\u00eancia h\u00eddrica.","breadcrumb":{"@id":"https:\/\/maismagazine.pt\/index.php\/2026\/03\/13\/fucoli-somepal-80-anos-a-reforcar-a-eficiencia-e-a-resiliencia-das-infraestruturas-de-agua\/#breadcrumb"},"inLanguage":"pt-PT","potentialAction":[{"@type":"ReadAction","target":["https:\/\/maismagazine.pt\/index.php\/2026\/03\/13\/fucoli-somepal-80-anos-a-reforcar-a-eficiencia-e-a-resiliencia-das-infraestruturas-de-agua\/"]}]},{"@type":"ImageObject","inLanguage":"pt-PT","@id":"https:\/\/maismagazine.pt\/index.php\/2026\/03\/13\/fucoli-somepal-80-anos-a-reforcar-a-eficiencia-e-a-resiliencia-das-infraestruturas-de-agua\/#primaryimage","url":"https:\/\/maismagazine.pt\/wp-content\/uploads\/2026\/03\/Logo-80-anos-FS.png","contentUrl":"https:\/\/maismagazine.pt\/wp-content\/uploads\/2026\/03\/Logo-80-anos-FS.png","width":2481,"height":1621},{"@type":"BreadcrumbList","@id":"https:\/\/maismagazine.pt\/index.php\/2026\/03\/13\/fucoli-somepal-80-anos-a-reforcar-a-eficiencia-e-a-resiliencia-das-infraestruturas-de-agua\/#breadcrumb","itemListElement":[{"@type":"ListItem","position":1,"name":"Home","item":"https:\/\/maismagazine.pt\/"},{"@type":"ListItem","position":2,"name":"Fucoli-Somepal: 80 anos a refor\u00e7ar a efici\u00eancia e a resili\u00eancia das infraestruturas de \u00e1gua"}]},{"@type":"WebSite","@id":"https:\/\/maismagazine.pt\/#website","url":"https:\/\/maismagazine.pt\/","name":"Mais Magazine","description":"","publisher":{"@id":"https:\/\/maismagazine.pt\/#organization"},"potentialAction":[{"@type":"SearchAction","target":{"@type":"EntryPoint","urlTemplate":"https:\/\/maismagazine.pt\/?s={search_term_string}"},"query-input":{"@type":"PropertyValueSpecification","valueRequired":true,"valueName":"search_term_string"}}],"inLanguage":"pt-PT"},{"@type":"Organization","@id":"https:\/\/maismagazine.pt\/#organization","name":"Mais Magazine","url":"https:\/\/maismagazine.pt\/","logo":{"@type":"ImageObject","inLanguage":"pt-PT","@id":"https:\/\/maismagazine.pt\/#\/schema\/logo\/image\/","url":"https:\/\/maismagazine.pt\/wp-content\/uploads\/2020\/04\/cropped-cropped-mais-magazine-site-logo-2.png","contentUrl":"https:\/\/maismagazine.pt\/wp-content\/uploads\/2020\/04\/cropped-cropped-mais-magazine-site-logo-2.png","width":581,"height":90,"caption":"Mais Magazine"},"image":{"@id":"https:\/\/maismagazine.pt\/#\/schema\/logo\/image\/"}},{"@type":"Person","@id":"https:\/\/maismagazine.pt\/#\/schema\/person\/c6c5bfccc886434cbd11c74e035f9646","name":"Tiago Costa","image":{"@type":"ImageObject","inLanguage":"pt-PT","@id":"https:\/\/maismagazine.pt\/#\/schema\/person\/image\/","url":"https:\/\/secure.gravatar.com\/avatar\/c599b2bce16c9870429198cbad5ee022?s=96&d=mm&r=g","contentUrl":"https:\/\/secure.gravatar.com\/avatar\/c599b2bce16c9870429198cbad5ee022?s=96&d=mm&r=g","caption":"Tiago Costa"},"url":"https:\/\/maismagazine.pt\/index.php\/author\/tiago\/"}]}},"author_meta":{"display_name":false,"author_link":"https:\/\/maismagazine.pt\/index.php\/author\/tiago\/"},"featured_img":"https:\/\/maismagazine.pt\/wp-content\/uploads\/2026\/03\/Logo-80-anos-FS-300x196.png","coauthors":[],"tax_additional":{"categories":{"linked":["<a href=\"https:\/\/maismagazine.pt\/index.php\/category\/empreendedorismo\/ambiente-e-sustentabilidade\/\" class=\"advgb-post-tax-term\">Ambiente e Sustentabilidade<\/a>","<a href=\"https:\/\/maismagazine.pt\/index.php\/category\/empreendedorismo\/tecnologia-e-inovacao\/\" class=\"advgb-post-tax-term\">Tecnologia e Inova\u00e7\u00e3o<\/a>"],"unlinked":["<span class=\"advgb-post-tax-term\">Ambiente e Sustentabilidade<\/span>","<span class=\"advgb-post-tax-term\">Tecnologia e Inova\u00e7\u00e3o<\/span>"]},"tags":{"linked":["<a href=\"https:\/\/maismagazine.pt\/index.php\/category\/empreendedorismo\/tecnologia-e-inovacao\/\" class=\"advgb-post-tax-term\">Fucoli-Somepal<\/a>"],"unlinked":["<span class=\"advgb-post-tax-term\">Fucoli-Somepal<\/span>"]}},"comment_count":"0","relative_dates":{"created":"Posted 2 meses ago","modified":"Updated 1 m\u00eas ago"},"absolute_dates":{"created":"Posted on 13 de Mar\u00e7o, 2026","modified":"Updated on 26 de Mar\u00e7o, 2026"},"absolute_dates_time":{"created":"Posted on 13 de Mar\u00e7o, 2026 7:00","modified":"Updated on 26 de Mar\u00e7o, 2026 9:44"},"featured_img_caption":"","series_order":"","_links":{"self":[{"href":"https:\/\/maismagazine.pt\/index.php\/wp-json\/wp\/v2\/posts\/13799","targetHints":{"allow":["GET"]}}],"collection":[{"href":"https:\/\/maismagazine.pt\/index.php\/wp-json\/wp\/v2\/posts"}],"about":[{"href":"https:\/\/maismagazine.pt\/index.php\/wp-json\/wp\/v2\/types\/post"}],"author":[{"embeddable":true,"href":"https:\/\/maismagazine.pt\/index.php\/wp-json\/wp\/v2\/users\/17"}],"replies":[{"embeddable":true,"href":"https:\/\/maismagazine.pt\/index.php\/wp-json\/wp\/v2\/comments?post=13799"}],"version-history":[{"count":3,"href":"https:\/\/maismagazine.pt\/index.php\/wp-json\/wp\/v2\/posts\/13799\/revisions"}],"predecessor-version":[{"id":13927,"href":"https:\/\/maismagazine.pt\/index.php\/wp-json\/wp\/v2\/posts\/13799\/revisions\/13927"}],"wp:featuredmedia":[{"embeddable":true,"href":"https:\/\/maismagazine.pt\/index.php\/wp-json\/wp\/v2\/media\/13805"}],"wp:attachment":[{"href":"https:\/\/maismagazine.pt\/index.php\/wp-json\/wp\/v2\/media?parent=13799"}],"wp:term":[{"taxonomy":"category","embeddable":true,"href":"https:\/\/maismagazine.pt\/index.php\/wp-json\/wp\/v2\/categories?post=13799"},{"taxonomy":"post_tag","embeddable":true,"href":"https:\/\/maismagazine.pt\/index.php\/wp-json\/wp\/v2\/tags?post=13799"}],"curies":[{"name":"wp","href":"https:\/\/api.w.org\/{rel}","templated":true}]}}