{"id":13774,"date":"2026-03-13T07:00:00","date_gmt":"2026-03-13T07:00:00","guid":{"rendered":"https:\/\/maismagazine.pt\/?p=13774"},"modified":"2026-03-11T14:32:05","modified_gmt":"2026-03-11T14:32:05","slug":"agua-inovacao-e-sustentabilidade-acelerar-a-mudanca-na-protecao-dos-ecossistemas-aquaticos","status":"publish","type":"post","link":"https:\/\/maismagazine.pt\/index.php\/2026\/03\/13\/agua-inovacao-e-sustentabilidade-acelerar-a-mudanca-na-protecao-dos-ecossistemas-aquaticos\/","title":{"rendered":"\u00c1gua, inova\u00e7\u00e3o e sustentabilidade: acelerar a mudan\u00e7a na prote\u00e7\u00e3o dos ecossistemas aqu\u00e1ticos"},"content":{"rendered":"\n<p><strong>Num momento em que os ecossistemas aqu\u00e1ticos enfrentam press\u00f5es crescentes \u2014 das altera\u00e7\u00f5es clim\u00e1ticas \u00e0 polui\u00e7\u00e3o por micropl\u00e1sticos \u2014 a inova\u00e7\u00e3o tecnol\u00f3gica assume um papel determinante na prote\u00e7\u00e3o da \u00e1gua. \u00c9 neste contexto que a <a href=\"http:\/\/www.boomlift.pt\">Boomlift<\/a> se posiciona como agente ativo na introdu\u00e7\u00e3o de solu\u00e7\u00f5es sustent\u00e1veis na Pen\u00ednsula Ib\u00e9rica, liderando a implementa\u00e7\u00e3o do sistema Aqualis e refor\u00e7ando o compromisso com uma gest\u00e3o mais eficiente, preventiva e inteligente dos recursos h\u00eddricos. <\/strong><\/p>\n\n\n\n<p><\/p>\n\n\n\n<p>A \u00e1gua \u00e9 vida \u2014 e proteg\u00ea-la \u00e9 uma responsabilidade coletiva. Num contexto marcado pelas altera\u00e7\u00f5es clim\u00e1ticas, pela press\u00e3o urbana e pelo aumento da polui\u00e7\u00e3o difusa, os micropl\u00e1sticos emergem como um dos desafios mais cr\u00edticos para a gest\u00e3o sustent\u00e1vel dos recursos h\u00eddricos. Invis\u00edveis a olho nu, representam uma amea\u00e7a crescente \u00e0 biodiversidade, \u00e0 qualidade da \u00e1gua e \u00e0 resili\u00eancia dos ecossistemas aqu\u00e1ticos, exigindo solu\u00e7\u00f5es tecnol\u00f3gicas eficazes e integradas. Consciente desta realidade, Alessandro Barbieri desenvolveu em It\u00e1lia o Aqualis, um dispositivo inovador concebido para a recolha de embalagens pl\u00e1sticas flutuantes, micropl\u00e1sticos, \u00f3leos e hidrocarbonetos em mares, portos, rios e lagos. Esta solu\u00e7\u00e3o enquadra-se plenamente no paradigma da gest\u00e3o integrada dos recursos h\u00eddricos, permitindo interven\u00e7\u00f5es preventivas na prote\u00e7\u00e3o das massas de \u00e1gua superficiais, especialmente em contextos urbanos, portu\u00e1rios e de drenagem.  <\/p>\n\n\n\n<p><\/p>\n\n\n\n<p>Mais do que um equipamento, o Aqualis representa um modelo de a\u00e7\u00e3o ambiental baseada na mitiga\u00e7\u00e3o da polui\u00e7\u00e3o na origem, contribuindo para a melhoria da qualidade da \u00e1gua e para a adapta\u00e7\u00e3o \u00e0s altera\u00e7\u00f5es clim\u00e1ticas. O sistema recolhe de forma permanente res\u00edduos flutuantes como garrafas, beatas, embalagens e outros detritos, atrav\u00e9s de um cesto modular com filtragem seletiva capaz de capturar part\u00edculas at\u00e9 1,6 mm, incluindo micropl\u00e1sticos, bem como \u00f3leos e hidrocarbonetos. Simples, robusto e escal\u00e1vel, funciona de forma cont\u00ednua e silenciosa, com baixa manuten\u00e7\u00e3o e sem impacto na fauna, atuando apenas na camada superficial da \u00e1gua. <\/p>\n\n\n\n<p><\/p>\n\n\n<div class=\"wp-block-image\">\n<figure class=\"aligncenter size-large is-resized\"><img loading=\"lazy\" decoding=\"async\" width=\"901\" height=\"1024\" src=\"https:\/\/maismagazine.pt\/wp-content\/uploads\/2026\/03\/AQUALIS-STILL-LIFE-LIMBO@2510102102.REDIM_-901x1024.jpeg\" alt=\"\" class=\"wp-image-13776\" style=\"width:303px;height:auto\" srcset=\"https:\/\/maismagazine.pt\/wp-content\/uploads\/2026\/03\/AQUALIS-STILL-LIFE-LIMBO@2510102102.REDIM_-901x1024.jpeg 901w, https:\/\/maismagazine.pt\/wp-content\/uploads\/2026\/03\/AQUALIS-STILL-LIFE-LIMBO@2510102102.REDIM_-264x300.jpeg 264w, https:\/\/maismagazine.pt\/wp-content\/uploads\/2026\/03\/AQUALIS-STILL-LIFE-LIMBO@2510102102.REDIM_-768x873.jpeg 768w, https:\/\/maismagazine.pt\/wp-content\/uploads\/2026\/03\/AQUALIS-STILL-LIFE-LIMBO@2510102102.REDIM_-1352x1536.jpeg 1352w, https:\/\/maismagazine.pt\/wp-content\/uploads\/2026\/03\/AQUALIS-STILL-LIFE-LIMBO@2510102102.REDIM_-1802x2048.jpeg 1802w\" sizes=\"auto, (max-width: 901px) 100vw, 901px\" \/><\/figure><\/div>\n\n\n<p><\/p>\n\n\n\n<p>Na Pen\u00ednsula Ib\u00e9rica, o lan\u00e7amento e implementa\u00e7\u00e3o do Aqualis s\u00e3o assegurados pela Boomlift, empresa especializada em solu\u00e7\u00f5es para \u00e1gua, ambiente, urbanismo e saneamento. Enquanto representante da marca para Portugal e Espanha, a Boomlift e a Boomlift Ib\u00e9rica assumem um papel estrat\u00e9gico na introdu\u00e7\u00e3o de tecnologias inovadoras que apoiam entidades gestoras de \u00e1gua e saneamento, munic\u00edpios, portos e operadores urbanos na preven\u00e7\u00e3o da polui\u00e7\u00e3o h\u00eddrica e na melhoria da efici\u00eancia dos sistemas de drenagem e reten\u00e7\u00e3o de res\u00edduos. <\/p>\n\n\n\n<p><\/p>\n\n\n\n<p>A integra\u00e7\u00e3o do Aqualis em infraestruturas existentes \u2014 como bacias de reten\u00e7\u00e3o, lagoas frentes ribeirinhas, sistemas de drenagem urbana e zonas portu\u00e1rias \u2014 permite reduzir a carga poluente antes da sua dispers\u00e3o no meio natural, refor\u00e7ando a sustentabilidade das cidades e a prote\u00e7\u00e3o dos ecossistemas aqu\u00e1ticos. Esta abordagem operacional est\u00e1 alinhada com os princ\u00edpios da economia circular e da monitoriza\u00e7\u00e3o ambiental, uma vez que os res\u00edduos recolhidos podem ser mapeados e analisados, contribuindo para um melhor conhecimento da polui\u00e7\u00e3o h\u00eddrica.  <\/p>\n\n\n\n<p><\/p>\n\n\n\n<p>Paralelamente, a colabora\u00e7\u00e3o da Aquageo com a LifeGate, no \u00e2mbito da Water Defenders Alliance, refor\u00e7a a dimens\u00e3o cient\u00edfica e ambiental do projeto, promovendo a remo\u00e7\u00e3o de res\u00edduos aqu\u00e1ticos e a sensibiliza\u00e7\u00e3o para pr\u00e1ticas mais sustent\u00e1veis. No contexto do Dia Mundial da \u00c1gua 2026, subordinado ao tema \u201cAcelerar a Mudan\u00e7a\u201d, solu\u00e7\u00f5es tecnol\u00f3gicas como o Aqualis demonstram que a inova\u00e7\u00e3o aplicada \u00e0 gest\u00e3o da \u00e1gua \u00e9 essencial para enfrentar os desafios clim\u00e1ticos e urbanos. A atua\u00e7\u00e3o de empresas como a Boomlift evidencia a import\u00e2ncia de disponibilizar no terreno solu\u00e7\u00f5es concretas que apoiem a gest\u00e3o sustent\u00e1vel dos recursos h\u00eddricos, a prote\u00e7\u00e3o da biodiversidade aqu\u00e1tica. Proteger a \u00e1gua \u00e9 proteger a vida \u2014 e acelerar a mudan\u00e7a \u00e9 hoje um compromisso coletivo incontorn\u00e1vel, que esta m\u00e1quina simples, mas engenhosa, permite.  <\/p>\n\n\n\n<p><\/p>\n\n\n<div class=\"wp-block-image\">\n<figure class=\"aligncenter size-large is-resized\"><img loading=\"lazy\" decoding=\"async\" width=\"1024\" height=\"492\" src=\"https:\/\/maismagazine.pt\/wp-content\/uploads\/2026\/03\/2_Logo-1-1024x492.jpg\" alt=\"\" class=\"wp-image-13777\" style=\"width:337px;height:auto\" srcset=\"https:\/\/maismagazine.pt\/wp-content\/uploads\/2026\/03\/2_Logo-1-1024x492.jpg 1024w, https:\/\/maismagazine.pt\/wp-content\/uploads\/2026\/03\/2_Logo-1-300x144.jpg 300w, https:\/\/maismagazine.pt\/wp-content\/uploads\/2026\/03\/2_Logo-1-768x369.jpg 768w, https:\/\/maismagazine.pt\/wp-content\/uploads\/2026\/03\/2_Logo-1-1536x738.jpg 1536w, https:\/\/maismagazine.pt\/wp-content\/uploads\/2026\/03\/2_Logo-1-2048x984.jpg 2048w\" sizes=\"auto, (max-width: 1024px) 100vw, 1024px\" \/><\/figure><\/div>\n\n\n<p><\/p>\n","protected":false},"excerpt":{"rendered":"<p>Num momento em que os ecossistemas aqu\u00e1ticos enfrentam press\u00f5es crescentes \u2014 das altera\u00e7\u00f5es clim\u00e1ticas \u00e0 polui\u00e7\u00e3o por micropl\u00e1sticos \u2014 a inova\u00e7\u00e3o tecnol\u00f3gica assume um papel determinante na prote\u00e7\u00e3o da \u00e1gua. \u00c9 neste contexto que a Boomlift se posiciona como agente ativo na introdu\u00e7\u00e3o de solu\u00e7\u00f5es sustent\u00e1veis na Pen\u00ednsula Ib\u00e9rica, liderando&hellip;<\/p>\n","protected":false},"author":17,"featured_media":13781,"comment_status":"closed","ping_status":"open","sticky":false,"template":"","format":"standard","meta":{"advgb_blocks_editor_width":"","advgb_blocks_columns_visual_guide":"","_monsterinsights_skip_tracking":false,"_monsterinsights_sitenote_active":false,"_monsterinsights_sitenote_note":"","_monsterinsights_sitenote_category":0,"footnotes":""},"categories":[78,6,79],"tags":[1756],"class_list":["post-13774","post","type-post","status-publish","format-standard","has-post-thumbnail","hentry","category-ambiente-e-sustentabilidade","category-empreendedorismo","category-tecnologia-e-inovacao","tag-boomlift"],"yoast_head":"<!-- This site is optimized with the Yoast SEO plugin v24.4 - https:\/\/yoast.com\/wordpress\/plugins\/seo\/ -->\n<title>\u00c1gua, inova\u00e7\u00e3o e sustentabilidade: acelerar a mudan\u00e7a na prote\u00e7\u00e3o dos ecossistemas aqu\u00e1ticos - Mais Magazine<\/title>\n<meta name=\"description\" content=\"Num momento em que os ecossistemas aqu\u00e1ticos enfrentam press\u00f5es crescentes \u2014 das altera\u00e7\u00f5es clim\u00e1ticas \u00e0 polui\u00e7\u00e3o por micropl\u00e1sticos \u2014 a inova\u00e7\u00e3o tecnol\u00f3gica assume um papel determinante na prote\u00e7\u00e3o da \u00e1gua. \u00c9 neste contexto que a Boomlift se posiciona como agente ativo na introdu\u00e7\u00e3o de solu\u00e7\u00f5es sustent\u00e1veis na Pen\u00ednsula Ib\u00e9rica, liderando a implementa\u00e7\u00e3o do sistema Aqualis e refor\u00e7ando o compromisso com uma gest\u00e3o mais eficiente, preventiva e inteligente dos recursos h\u00eddricos.\" \/>\n<meta name=\"robots\" content=\"index, follow, max-snippet:-1, max-image-preview:large, max-video-preview:-1\" \/>\n<link rel=\"canonical\" href=\"https:\/\/maismagazine.pt\/index.php\/2026\/03\/13\/agua-inovacao-e-sustentabilidade-acelerar-a-mudanca-na-protecao-dos-ecossistemas-aquaticos\/\" \/>\n<meta property=\"og:locale\" content=\"pt_PT\" \/>\n<meta property=\"og:type\" content=\"article\" \/>\n<meta property=\"og:title\" content=\"\u00c1gua, inova\u00e7\u00e3o e sustentabilidade: acelerar a mudan\u00e7a na prote\u00e7\u00e3o dos ecossistemas aqu\u00e1ticos - Mais Magazine\" \/>\n<meta property=\"og:description\" content=\"Num momento em que os ecossistemas aqu\u00e1ticos enfrentam press\u00f5es crescentes \u2014 das altera\u00e7\u00f5es clim\u00e1ticas \u00e0 polui\u00e7\u00e3o por micropl\u00e1sticos \u2014 a inova\u00e7\u00e3o tecnol\u00f3gica assume um papel determinante na prote\u00e7\u00e3o da \u00e1gua. \u00c9 neste contexto que a Boomlift se posiciona como agente ativo na introdu\u00e7\u00e3o de solu\u00e7\u00f5es sustent\u00e1veis na Pen\u00ednsula Ib\u00e9rica, liderando a implementa\u00e7\u00e3o do sistema Aqualis e refor\u00e7ando o compromisso com uma gest\u00e3o mais eficiente, preventiva e inteligente dos recursos h\u00eddricos.\" \/>\n<meta property=\"og:url\" content=\"https:\/\/maismagazine.pt\/index.php\/2026\/03\/13\/agua-inovacao-e-sustentabilidade-acelerar-a-mudanca-na-protecao-dos-ecossistemas-aquaticos\/\" \/>\n<meta property=\"og:site_name\" content=\"Mais Magazine\" \/>\n<meta property=\"article:published_time\" content=\"2026-03-13T07:00:00+00:00\" \/>\n<meta property=\"og:image\" content=\"https:\/\/maismagazine.pt\/wp-content\/uploads\/2026\/03\/AQUALIS-STILL-LIFE-LIMBO@2510102067-1.jpeg\" \/>\n\t<meta property=\"og:image:width\" content=\"840\" \/>\n\t<meta property=\"og:image:height\" content=\"422\" \/>\n\t<meta property=\"og:image:type\" content=\"image\/jpeg\" \/>\n<meta name=\"author\" content=\"Tiago Costa\" \/>\n<meta name=\"twitter:card\" content=\"summary_large_image\" \/>\n<meta name=\"twitter:label1\" content=\"Escrito por\" \/>\n\t<meta name=\"twitter:data1\" content=\"\" \/>\n\t<meta name=\"twitter:label2\" content=\"Tempo estimado de leitura\" \/>\n\t<meta name=\"twitter:data2\" content=\"4 minutos\" \/>\n<script type=\"application\/ld+json\" class=\"yoast-schema-graph\">{\"@context\":\"https:\/\/schema.org\",\"@graph\":[{\"@type\":\"Article\",\"@id\":\"https:\/\/maismagazine.pt\/index.php\/2026\/03\/13\/agua-inovacao-e-sustentabilidade-acelerar-a-mudanca-na-protecao-dos-ecossistemas-aquaticos\/#article\",\"isPartOf\":{\"@id\":\"https:\/\/maismagazine.pt\/index.php\/2026\/03\/13\/agua-inovacao-e-sustentabilidade-acelerar-a-mudanca-na-protecao-dos-ecossistemas-aquaticos\/\"},\"author\":{\"name\":\"Tiago Costa\",\"@id\":\"https:\/\/maismagazine.pt\/#\/schema\/person\/c6c5bfccc886434cbd11c74e035f9646\"},\"headline\":\"\u00c1gua, inova\u00e7\u00e3o e sustentabilidade: acelerar a mudan\u00e7a na prote\u00e7\u00e3o dos ecossistemas aqu\u00e1ticos\",\"datePublished\":\"2026-03-13T07:00:00+00:00\",\"mainEntityOfPage\":{\"@id\":\"https:\/\/maismagazine.pt\/index.php\/2026\/03\/13\/agua-inovacao-e-sustentabilidade-acelerar-a-mudanca-na-protecao-dos-ecossistemas-aquaticos\/\"},\"wordCount\":687,\"publisher\":{\"@id\":\"https:\/\/maismagazine.pt\/#organization\"},\"image\":{\"@id\":\"https:\/\/maismagazine.pt\/index.php\/2026\/03\/13\/agua-inovacao-e-sustentabilidade-acelerar-a-mudanca-na-protecao-dos-ecossistemas-aquaticos\/#primaryimage\"},\"thumbnailUrl\":\"https:\/\/maismagazine.pt\/wp-content\/uploads\/2026\/03\/AQUALIS-STILL-LIFE-LIMBO@2510102067-1.jpeg\",\"keywords\":[\"Boomlift\"],\"articleSection\":[\"Ambiente e Sustentabilidade\",\"Empreendedorismo\",\"Tecnologia e Inova\u00e7\u00e3o\"],\"inLanguage\":\"pt-PT\"},{\"@type\":\"WebPage\",\"@id\":\"https:\/\/maismagazine.pt\/index.php\/2026\/03\/13\/agua-inovacao-e-sustentabilidade-acelerar-a-mudanca-na-protecao-dos-ecossistemas-aquaticos\/\",\"url\":\"https:\/\/maismagazine.pt\/index.php\/2026\/03\/13\/agua-inovacao-e-sustentabilidade-acelerar-a-mudanca-na-protecao-dos-ecossistemas-aquaticos\/\",\"name\":\"\u00c1gua, inova\u00e7\u00e3o e sustentabilidade: acelerar a mudan\u00e7a na prote\u00e7\u00e3o dos ecossistemas aqu\u00e1ticos - Mais Magazine\",\"isPartOf\":{\"@id\":\"https:\/\/maismagazine.pt\/#website\"},\"primaryImageOfPage\":{\"@id\":\"https:\/\/maismagazine.pt\/index.php\/2026\/03\/13\/agua-inovacao-e-sustentabilidade-acelerar-a-mudanca-na-protecao-dos-ecossistemas-aquaticos\/#primaryimage\"},\"image\":{\"@id\":\"https:\/\/maismagazine.pt\/index.php\/2026\/03\/13\/agua-inovacao-e-sustentabilidade-acelerar-a-mudanca-na-protecao-dos-ecossistemas-aquaticos\/#primaryimage\"},\"thumbnailUrl\":\"https:\/\/maismagazine.pt\/wp-content\/uploads\/2026\/03\/AQUALIS-STILL-LIFE-LIMBO@2510102067-1.jpeg\",\"datePublished\":\"2026-03-13T07:00:00+00:00\",\"description\":\"Num momento em que os ecossistemas aqu\u00e1ticos enfrentam press\u00f5es crescentes \u2014 das altera\u00e7\u00f5es clim\u00e1ticas \u00e0 polui\u00e7\u00e3o por micropl\u00e1sticos \u2014 a inova\u00e7\u00e3o tecnol\u00f3gica assume um papel determinante na prote\u00e7\u00e3o da \u00e1gua. \u00c9 neste contexto que a Boomlift se posiciona como agente ativo na introdu\u00e7\u00e3o de solu\u00e7\u00f5es sustent\u00e1veis na Pen\u00ednsula Ib\u00e9rica, liderando a implementa\u00e7\u00e3o do sistema Aqualis e refor\u00e7ando o compromisso com uma gest\u00e3o mais eficiente, preventiva e inteligente dos recursos h\u00eddricos.\",\"breadcrumb\":{\"@id\":\"https:\/\/maismagazine.pt\/index.php\/2026\/03\/13\/agua-inovacao-e-sustentabilidade-acelerar-a-mudanca-na-protecao-dos-ecossistemas-aquaticos\/#breadcrumb\"},\"inLanguage\":\"pt-PT\",\"potentialAction\":[{\"@type\":\"ReadAction\",\"target\":[\"https:\/\/maismagazine.pt\/index.php\/2026\/03\/13\/agua-inovacao-e-sustentabilidade-acelerar-a-mudanca-na-protecao-dos-ecossistemas-aquaticos\/\"]}]},{\"@type\":\"ImageObject\",\"inLanguage\":\"pt-PT\",\"@id\":\"https:\/\/maismagazine.pt\/index.php\/2026\/03\/13\/agua-inovacao-e-sustentabilidade-acelerar-a-mudanca-na-protecao-dos-ecossistemas-aquaticos\/#primaryimage\",\"url\":\"https:\/\/maismagazine.pt\/wp-content\/uploads\/2026\/03\/AQUALIS-STILL-LIFE-LIMBO@2510102067-1.jpeg\",\"contentUrl\":\"https:\/\/maismagazine.pt\/wp-content\/uploads\/2026\/03\/AQUALIS-STILL-LIFE-LIMBO@2510102067-1.jpeg\",\"width\":840,\"height\":422},{\"@type\":\"BreadcrumbList\",\"@id\":\"https:\/\/maismagazine.pt\/index.php\/2026\/03\/13\/agua-inovacao-e-sustentabilidade-acelerar-a-mudanca-na-protecao-dos-ecossistemas-aquaticos\/#breadcrumb\",\"itemListElement\":[{\"@type\":\"ListItem\",\"position\":1,\"name\":\"Home\",\"item\":\"https:\/\/maismagazine.pt\/\"},{\"@type\":\"ListItem\",\"position\":2,\"name\":\"\u00c1gua, inova\u00e7\u00e3o e sustentabilidade: acelerar a mudan\u00e7a na prote\u00e7\u00e3o dos ecossistemas aqu\u00e1ticos\"}]},{\"@type\":\"WebSite\",\"@id\":\"https:\/\/maismagazine.pt\/#website\",\"url\":\"https:\/\/maismagazine.pt\/\",\"name\":\"Mais Magazine\",\"description\":\"\",\"publisher\":{\"@id\":\"https:\/\/maismagazine.pt\/#organization\"},\"potentialAction\":[{\"@type\":\"SearchAction\",\"target\":{\"@type\":\"EntryPoint\",\"urlTemplate\":\"https:\/\/maismagazine.pt\/?s={search_term_string}\"},\"query-input\":{\"@type\":\"PropertyValueSpecification\",\"valueRequired\":true,\"valueName\":\"search_term_string\"}}],\"inLanguage\":\"pt-PT\"},{\"@type\":\"Organization\",\"@id\":\"https:\/\/maismagazine.pt\/#organization\",\"name\":\"Mais Magazine\",\"url\":\"https:\/\/maismagazine.pt\/\",\"logo\":{\"@type\":\"ImageObject\",\"inLanguage\":\"pt-PT\",\"@id\":\"https:\/\/maismagazine.pt\/#\/schema\/logo\/image\/\",\"url\":\"https:\/\/maismagazine.pt\/wp-content\/uploads\/2020\/04\/cropped-cropped-mais-magazine-site-logo-2.png\",\"contentUrl\":\"https:\/\/maismagazine.pt\/wp-content\/uploads\/2020\/04\/cropped-cropped-mais-magazine-site-logo-2.png\",\"width\":581,\"height\":90,\"caption\":\"Mais Magazine\"},\"image\":{\"@id\":\"https:\/\/maismagazine.pt\/#\/schema\/logo\/image\/\"}},{\"@type\":\"Person\",\"@id\":\"https:\/\/maismagazine.pt\/#\/schema\/person\/c6c5bfccc886434cbd11c74e035f9646\",\"name\":\"Tiago Costa\",\"image\":{\"@type\":\"ImageObject\",\"inLanguage\":\"pt-PT\",\"@id\":\"https:\/\/maismagazine.pt\/#\/schema\/person\/image\/\",\"url\":\"https:\/\/secure.gravatar.com\/avatar\/c599b2bce16c9870429198cbad5ee022?s=96&d=mm&r=g\",\"contentUrl\":\"https:\/\/secure.gravatar.com\/avatar\/c599b2bce16c9870429198cbad5ee022?s=96&d=mm&r=g\",\"caption\":\"Tiago Costa\"},\"url\":\"https:\/\/maismagazine.pt\/index.php\/author\/tiago\/\"}]}<\/script>\n<!-- \/ Yoast SEO plugin. -->","yoast_head_json":{"title":"\u00c1gua, inova\u00e7\u00e3o e sustentabilidade: acelerar a mudan\u00e7a na prote\u00e7\u00e3o dos ecossistemas aqu\u00e1ticos - Mais Magazine","description":"Num momento em que os ecossistemas aqu\u00e1ticos enfrentam press\u00f5es crescentes \u2014 das altera\u00e7\u00f5es clim\u00e1ticas \u00e0 polui\u00e7\u00e3o por micropl\u00e1sticos \u2014 a inova\u00e7\u00e3o tecnol\u00f3gica assume um papel determinante na prote\u00e7\u00e3o da \u00e1gua. \u00c9 neste contexto que a Boomlift se posiciona como agente ativo na introdu\u00e7\u00e3o de solu\u00e7\u00f5es sustent\u00e1veis na Pen\u00ednsula Ib\u00e9rica, liderando a implementa\u00e7\u00e3o do sistema Aqualis e refor\u00e7ando o compromisso com uma gest\u00e3o mais eficiente, preventiva e inteligente dos recursos h\u00eddricos.","robots":{"index":"index","follow":"follow","max-snippet":"max-snippet:-1","max-image-preview":"max-image-preview:large","max-video-preview":"max-video-preview:-1"},"canonical":"https:\/\/maismagazine.pt\/index.php\/2026\/03\/13\/agua-inovacao-e-sustentabilidade-acelerar-a-mudanca-na-protecao-dos-ecossistemas-aquaticos\/","og_locale":"pt_PT","og_type":"article","og_title":"\u00c1gua, inova\u00e7\u00e3o e sustentabilidade: acelerar a mudan\u00e7a na prote\u00e7\u00e3o dos ecossistemas aqu\u00e1ticos - Mais Magazine","og_description":"Num momento em que os ecossistemas aqu\u00e1ticos enfrentam press\u00f5es crescentes \u2014 das altera\u00e7\u00f5es clim\u00e1ticas \u00e0 polui\u00e7\u00e3o por micropl\u00e1sticos \u2014 a inova\u00e7\u00e3o tecnol\u00f3gica assume um papel determinante na prote\u00e7\u00e3o da \u00e1gua. \u00c9 neste contexto que a Boomlift se posiciona como agente ativo na introdu\u00e7\u00e3o de solu\u00e7\u00f5es sustent\u00e1veis na Pen\u00ednsula Ib\u00e9rica, liderando a implementa\u00e7\u00e3o do sistema Aqualis e refor\u00e7ando o compromisso com uma gest\u00e3o mais eficiente, preventiva e inteligente dos recursos h\u00eddricos.","og_url":"https:\/\/maismagazine.pt\/index.php\/2026\/03\/13\/agua-inovacao-e-sustentabilidade-acelerar-a-mudanca-na-protecao-dos-ecossistemas-aquaticos\/","og_site_name":"Mais Magazine","article_published_time":"2026-03-13T07:00:00+00:00","og_image":[{"width":840,"height":422,"url":"https:\/\/maismagazine.pt\/wp-content\/uploads\/2026\/03\/AQUALIS-STILL-LIFE-LIMBO@2510102067-1.jpeg","type":"image\/jpeg"}],"author":"Tiago Costa","twitter_card":"summary_large_image","twitter_misc":{"Escrito por":false,"Tempo estimado de leitura":"4 minutos"},"schema":{"@context":"https:\/\/schema.org","@graph":[{"@type":"Article","@id":"https:\/\/maismagazine.pt\/index.php\/2026\/03\/13\/agua-inovacao-e-sustentabilidade-acelerar-a-mudanca-na-protecao-dos-ecossistemas-aquaticos\/#article","isPartOf":{"@id":"https:\/\/maismagazine.pt\/index.php\/2026\/03\/13\/agua-inovacao-e-sustentabilidade-acelerar-a-mudanca-na-protecao-dos-ecossistemas-aquaticos\/"},"author":{"name":"Tiago Costa","@id":"https:\/\/maismagazine.pt\/#\/schema\/person\/c6c5bfccc886434cbd11c74e035f9646"},"headline":"\u00c1gua, inova\u00e7\u00e3o e sustentabilidade: acelerar a mudan\u00e7a na prote\u00e7\u00e3o dos ecossistemas aqu\u00e1ticos","datePublished":"2026-03-13T07:00:00+00:00","mainEntityOfPage":{"@id":"https:\/\/maismagazine.pt\/index.php\/2026\/03\/13\/agua-inovacao-e-sustentabilidade-acelerar-a-mudanca-na-protecao-dos-ecossistemas-aquaticos\/"},"wordCount":687,"publisher":{"@id":"https:\/\/maismagazine.pt\/#organization"},"image":{"@id":"https:\/\/maismagazine.pt\/index.php\/2026\/03\/13\/agua-inovacao-e-sustentabilidade-acelerar-a-mudanca-na-protecao-dos-ecossistemas-aquaticos\/#primaryimage"},"thumbnailUrl":"https:\/\/maismagazine.pt\/wp-content\/uploads\/2026\/03\/AQUALIS-STILL-LIFE-LIMBO@2510102067-1.jpeg","keywords":["Boomlift"],"articleSection":["Ambiente e Sustentabilidade","Empreendedorismo","Tecnologia e Inova\u00e7\u00e3o"],"inLanguage":"pt-PT"},{"@type":"WebPage","@id":"https:\/\/maismagazine.pt\/index.php\/2026\/03\/13\/agua-inovacao-e-sustentabilidade-acelerar-a-mudanca-na-protecao-dos-ecossistemas-aquaticos\/","url":"https:\/\/maismagazine.pt\/index.php\/2026\/03\/13\/agua-inovacao-e-sustentabilidade-acelerar-a-mudanca-na-protecao-dos-ecossistemas-aquaticos\/","name":"\u00c1gua, inova\u00e7\u00e3o e sustentabilidade: acelerar a mudan\u00e7a na prote\u00e7\u00e3o dos ecossistemas aqu\u00e1ticos - Mais Magazine","isPartOf":{"@id":"https:\/\/maismagazine.pt\/#website"},"primaryImageOfPage":{"@id":"https:\/\/maismagazine.pt\/index.php\/2026\/03\/13\/agua-inovacao-e-sustentabilidade-acelerar-a-mudanca-na-protecao-dos-ecossistemas-aquaticos\/#primaryimage"},"image":{"@id":"https:\/\/maismagazine.pt\/index.php\/2026\/03\/13\/agua-inovacao-e-sustentabilidade-acelerar-a-mudanca-na-protecao-dos-ecossistemas-aquaticos\/#primaryimage"},"thumbnailUrl":"https:\/\/maismagazine.pt\/wp-content\/uploads\/2026\/03\/AQUALIS-STILL-LIFE-LIMBO@2510102067-1.jpeg","datePublished":"2026-03-13T07:00:00+00:00","description":"Num momento em que os ecossistemas aqu\u00e1ticos enfrentam press\u00f5es crescentes \u2014 das altera\u00e7\u00f5es clim\u00e1ticas \u00e0 polui\u00e7\u00e3o por micropl\u00e1sticos \u2014 a inova\u00e7\u00e3o tecnol\u00f3gica assume um papel determinante na prote\u00e7\u00e3o da \u00e1gua. \u00c9 neste contexto que a Boomlift se posiciona como agente ativo na introdu\u00e7\u00e3o de solu\u00e7\u00f5es sustent\u00e1veis na Pen\u00ednsula Ib\u00e9rica, liderando a implementa\u00e7\u00e3o do sistema Aqualis e refor\u00e7ando o compromisso com uma gest\u00e3o mais eficiente, preventiva e inteligente dos recursos h\u00eddricos.","breadcrumb":{"@id":"https:\/\/maismagazine.pt\/index.php\/2026\/03\/13\/agua-inovacao-e-sustentabilidade-acelerar-a-mudanca-na-protecao-dos-ecossistemas-aquaticos\/#breadcrumb"},"inLanguage":"pt-PT","potentialAction":[{"@type":"ReadAction","target":["https:\/\/maismagazine.pt\/index.php\/2026\/03\/13\/agua-inovacao-e-sustentabilidade-acelerar-a-mudanca-na-protecao-dos-ecossistemas-aquaticos\/"]}]},{"@type":"ImageObject","inLanguage":"pt-PT","@id":"https:\/\/maismagazine.pt\/index.php\/2026\/03\/13\/agua-inovacao-e-sustentabilidade-acelerar-a-mudanca-na-protecao-dos-ecossistemas-aquaticos\/#primaryimage","url":"https:\/\/maismagazine.pt\/wp-content\/uploads\/2026\/03\/AQUALIS-STILL-LIFE-LIMBO@2510102067-1.jpeg","contentUrl":"https:\/\/maismagazine.pt\/wp-content\/uploads\/2026\/03\/AQUALIS-STILL-LIFE-LIMBO@2510102067-1.jpeg","width":840,"height":422},{"@type":"BreadcrumbList","@id":"https:\/\/maismagazine.pt\/index.php\/2026\/03\/13\/agua-inovacao-e-sustentabilidade-acelerar-a-mudanca-na-protecao-dos-ecossistemas-aquaticos\/#breadcrumb","itemListElement":[{"@type":"ListItem","position":1,"name":"Home","item":"https:\/\/maismagazine.pt\/"},{"@type":"ListItem","position":2,"name":"\u00c1gua, inova\u00e7\u00e3o e sustentabilidade: acelerar a mudan\u00e7a na prote\u00e7\u00e3o dos ecossistemas aqu\u00e1ticos"}]},{"@type":"WebSite","@id":"https:\/\/maismagazine.pt\/#website","url":"https:\/\/maismagazine.pt\/","name":"Mais Magazine","description":"","publisher":{"@id":"https:\/\/maismagazine.pt\/#organization"},"potentialAction":[{"@type":"SearchAction","target":{"@type":"EntryPoint","urlTemplate":"https:\/\/maismagazine.pt\/?s={search_term_string}"},"query-input":{"@type":"PropertyValueSpecification","valueRequired":true,"valueName":"search_term_string"}}],"inLanguage":"pt-PT"},{"@type":"Organization","@id":"https:\/\/maismagazine.pt\/#organization","name":"Mais Magazine","url":"https:\/\/maismagazine.pt\/","logo":{"@type":"ImageObject","inLanguage":"pt-PT","@id":"https:\/\/maismagazine.pt\/#\/schema\/logo\/image\/","url":"https:\/\/maismagazine.pt\/wp-content\/uploads\/2020\/04\/cropped-cropped-mais-magazine-site-logo-2.png","contentUrl":"https:\/\/maismagazine.pt\/wp-content\/uploads\/2020\/04\/cropped-cropped-mais-magazine-site-logo-2.png","width":581,"height":90,"caption":"Mais Magazine"},"image":{"@id":"https:\/\/maismagazine.pt\/#\/schema\/logo\/image\/"}},{"@type":"Person","@id":"https:\/\/maismagazine.pt\/#\/schema\/person\/c6c5bfccc886434cbd11c74e035f9646","name":"Tiago Costa","image":{"@type":"ImageObject","inLanguage":"pt-PT","@id":"https:\/\/maismagazine.pt\/#\/schema\/person\/image\/","url":"https:\/\/secure.gravatar.com\/avatar\/c599b2bce16c9870429198cbad5ee022?s=96&d=mm&r=g","contentUrl":"https:\/\/secure.gravatar.com\/avatar\/c599b2bce16c9870429198cbad5ee022?s=96&d=mm&r=g","caption":"Tiago Costa"},"url":"https:\/\/maismagazine.pt\/index.php\/author\/tiago\/"}]}},"author_meta":{"display_name":false,"author_link":"https:\/\/maismagazine.pt\/index.php\/author\/tiago\/"},"featured_img":"https:\/\/maismagazine.pt\/wp-content\/uploads\/2026\/03\/AQUALIS-STILL-LIFE-LIMBO@2510102067-1-300x151.jpeg","coauthors":[],"tax_additional":{"categories":{"linked":["<a href=\"https:\/\/maismagazine.pt\/index.php\/category\/empreendedorismo\/ambiente-e-sustentabilidade\/\" class=\"advgb-post-tax-term\">Ambiente e Sustentabilidade<\/a>","<a href=\"https:\/\/maismagazine.pt\/index.php\/category\/empreendedorismo\/\" class=\"advgb-post-tax-term\">Empreendedorismo<\/a>","<a href=\"https:\/\/maismagazine.pt\/index.php\/category\/empreendedorismo\/tecnologia-e-inovacao\/\" class=\"advgb-post-tax-term\">Tecnologia e Inova\u00e7\u00e3o<\/a>"],"unlinked":["<span class=\"advgb-post-tax-term\">Ambiente e Sustentabilidade<\/span>","<span class=\"advgb-post-tax-term\">Empreendedorismo<\/span>","<span class=\"advgb-post-tax-term\">Tecnologia e Inova\u00e7\u00e3o<\/span>"]},"tags":{"linked":["<a href=\"https:\/\/maismagazine.pt\/index.php\/category\/empreendedorismo\/tecnologia-e-inovacao\/\" class=\"advgb-post-tax-term\">Boomlift<\/a>"],"unlinked":["<span class=\"advgb-post-tax-term\">Boomlift<\/span>"]}},"comment_count":"0","relative_dates":{"created":"Posted 2 meses ago","modified":"Updated 2 meses ago"},"absolute_dates":{"created":"Posted on 13 de Mar\u00e7o, 2026","modified":"Updated on 11 de Mar\u00e7o, 2026"},"absolute_dates_time":{"created":"Posted on 13 de Mar\u00e7o, 2026 7:00","modified":"Updated on 11 de Mar\u00e7o, 2026 14:32"},"featured_img_caption":"","series_order":"","_links":{"self":[{"href":"https:\/\/maismagazine.pt\/index.php\/wp-json\/wp\/v2\/posts\/13774","targetHints":{"allow":["GET"]}}],"collection":[{"href":"https:\/\/maismagazine.pt\/index.php\/wp-json\/wp\/v2\/posts"}],"about":[{"href":"https:\/\/maismagazine.pt\/index.php\/wp-json\/wp\/v2\/types\/post"}],"author":[{"embeddable":true,"href":"https:\/\/maismagazine.pt\/index.php\/wp-json\/wp\/v2\/users\/17"}],"replies":[{"embeddable":true,"href":"https:\/\/maismagazine.pt\/index.php\/wp-json\/wp\/v2\/comments?post=13774"}],"version-history":[{"count":1,"href":"https:\/\/maismagazine.pt\/index.php\/wp-json\/wp\/v2\/posts\/13774\/revisions"}],"predecessor-version":[{"id":13783,"href":"https:\/\/maismagazine.pt\/index.php\/wp-json\/wp\/v2\/posts\/13774\/revisions\/13783"}],"wp:featuredmedia":[{"embeddable":true,"href":"https:\/\/maismagazine.pt\/index.php\/wp-json\/wp\/v2\/media\/13781"}],"wp:attachment":[{"href":"https:\/\/maismagazine.pt\/index.php\/wp-json\/wp\/v2\/media?parent=13774"}],"wp:term":[{"taxonomy":"category","embeddable":true,"href":"https:\/\/maismagazine.pt\/index.php\/wp-json\/wp\/v2\/categories?post=13774"},{"taxonomy":"post_tag","embeddable":true,"href":"https:\/\/maismagazine.pt\/index.php\/wp-json\/wp\/v2\/tags?post=13774"}],"curies":[{"name":"wp","href":"https:\/\/api.w.org\/{rel}","templated":true}]}}