{"id":13766,"date":"2026-03-13T07:00:00","date_gmt":"2026-03-13T07:00:00","guid":{"rendered":"https:\/\/maismagazine.pt\/?p=13766"},"modified":"2026-03-11T14:27:07","modified_gmt":"2026-03-11T14:27:07","slug":"falar-de-termalismo-360o-e-reconhecer-o-seu-impacto-transversal","status":"publish","type":"post","link":"https:\/\/maismagazine.pt\/index.php\/2026\/03\/13\/falar-de-termalismo-360o-e-reconhecer-o-seu-impacto-transversal\/","title":{"rendered":"\u201cFalar de Termalismo 360\u00ba \u00e9 reconhecer o seu impacto transversal\u201d"},"content":{"rendered":"\n<p>A \u00e1gua \u00e9 origem, mem\u00f3ria e futuro. Ao longo da hist\u00f3ria, foi em torno dela que se constru\u00edram comunidades, se desenvolveram pr\u00e1ticas terap\u00eauticas e se afirmaram territ\u00f3rios. No contexto atual, marcado por desafios ambientais, sociais e de sa\u00fade p\u00fablica, o termalismo assume-se como uma resposta integrada, onde sa\u00fade, turismo e sustentabilidade se cruzam de forma natural e estrat\u00e9gica. <\/p>\n\n\n\n<p><\/p>\n\n\n\n<p>O termalismo moderno \u00e9 hoje muito mais do que bem-estar. \u00c9 ci\u00eancia, preven\u00e7\u00e3o e qualidade de vida. \u00c9 um complemento reconhecido aos cuidados de sa\u00fade, com benef\u00edcios comprovados no tratamento e preven\u00e7\u00e3o de diversas patologias, mas tamb\u00e9m na promo\u00e7\u00e3o de estilos de vida mais equilibrados, saud\u00e1veis e conscientes. Num pa\u00eds como Portugal, rico em recursos h\u00eddricos termais de excel\u00eancia, este setor representa um ativo diferenciador de enorme valor. <\/p>\n\n\n\n<p><\/p>\n\n\n\n<p>Falar de Termalismo 360\u00ba \u00e9 reconhecer o seu impacto transversal. Impacto na sa\u00fade das pessoas, atrav\u00e9s de programas terap\u00eauticos e de bem-estar adaptados \u00e0s necessidades contempor\u00e2neas. Impacto no turismo, enquanto produto qualificado, sustent\u00e1vel e distribu\u00eddo ao longo de todo o ano, capaz de atrair p\u00fablicos nacionais e internacionais. Impacto no territ\u00f3rio, ao dinamizar economias locais, fixar popula\u00e7\u00e3o e valorizar identidades e patrim\u00f3nios \u00fanicos.  <\/p>\n\n\n\n<p><\/p>\n\n\n\n<p>A sustentabilidade \u00e9, hoje, uma responsabilidade incontorn\u00e1vel. A gest\u00e3o consciente da \u00e1gua, a efici\u00eancia energ\u00e9tica, a preserva\u00e7\u00e3o ambiental e a integra\u00e7\u00e3o com as comunidades locais s\u00e3o pilares fundamentais para garantir que este recurso vital continue dispon\u00edvel para as gera\u00e7\u00f5es futuras. O setor termal tem aqui um papel exemplar, ao trabalhar diariamente com a \u00e1gua como patrim\u00f3nio natural e bem comum.   <\/p>\n\n\n\n<p><\/p>\n\n\n\n<p>O futuro do termalismo constr\u00f3i-se com vis\u00e3o, inova\u00e7\u00e3o e coopera\u00e7\u00e3o. Requer investimento, qualifica\u00e7\u00e3o, articula\u00e7\u00e3o com o setor da sa\u00fade e uma comunica\u00e7\u00e3o clara do seu valor enquanto resposta integrada aos desafios do nosso tempo. Portugal re\u00fane todas as condi\u00e7\u00f5es para se afirmar como um destino termal de refer\u00eancia a n\u00edvel europeu e internacional.   <\/p>\n\n\n\n<p><\/p>\n\n\n\n<p>Celebrar o Dia Mundial da \u00c1gua \u00e9, por isso, mais do que uma data simb\u00f3lica. \u00c9 um convite \u00e0 reflex\u00e3o e \u00e0 a\u00e7\u00e3o. Porque cuidar da \u00e1gua termal \u00e9 cuidar das pessoas, dos territ\u00f3rios e do futuro.  <\/p>\n\n\n\n<p><\/p>\n\n\n\n<p class=\"has-text-align-right\"><em>Victor Leal, Presidente das Termas de Portugal<\/em><\/p>\n\n\n\n<p><\/p>\n\n\n<div class=\"wp-block-image\">\n<figure class=\"aligncenter size-full is-resized\"><img loading=\"lazy\" decoding=\"async\" width=\"225\" height=\"225\" src=\"https:\/\/maismagazine.pt\/wp-content\/uploads\/2026\/03\/images-1.jpg\" alt=\"\" class=\"wp-image-13768\" style=\"width:235px;height:auto\" srcset=\"https:\/\/maismagazine.pt\/wp-content\/uploads\/2026\/03\/images-1.jpg 225w, https:\/\/maismagazine.pt\/wp-content\/uploads\/2026\/03\/images-1-150x150.jpg 150w\" sizes=\"auto, (max-width: 225px) 100vw, 225px\" \/><\/figure><\/div>","protected":false},"excerpt":{"rendered":"<p>A \u00e1gua \u00e9 origem, mem\u00f3ria e futuro. Ao longo da hist\u00f3ria, foi em torno dela que se constru\u00edram comunidades, se desenvolveram pr\u00e1ticas terap\u00eauticas e se afirmaram territ\u00f3rios. No contexto atual, marcado por desafios ambientais, sociais e de sa\u00fade p\u00fablica, o termalismo assume-se como uma resposta integrada, onde sa\u00fade, turismo e&hellip;<\/p>\n","protected":false},"author":17,"featured_media":13769,"comment_status":"closed","ping_status":"open","sticky":false,"template":"","format":"standard","meta":{"advgb_blocks_editor_width":"","advgb_blocks_columns_visual_guide":"","_monsterinsights_skip_tracking":false,"_monsterinsights_sitenote_active":false,"_monsterinsights_sitenote_note":"","_monsterinsights_sitenote_category":0,"footnotes":""},"categories":[52,51,2584],"tags":[2277,2590],"class_list":["post-13766","post","type-post","status-publish","format-standard","has-post-thumbnail","hentry","category-destaque","category-opiniao","category-termalismo","tag-termas-de-portugal","tag-victor-leal"],"yoast_head":"<!-- This site is optimized with the Yoast SEO plugin v24.4 - https:\/\/yoast.com\/wordpress\/plugins\/seo\/ -->\n<title>\u201cFalar de Termalismo 360\u00ba \u00e9 reconhecer o seu impacto transversal\u201d - Mais Magazine<\/title>\n<meta name=\"robots\" content=\"index, follow, max-snippet:-1, max-image-preview:large, max-video-preview:-1\" \/>\n<link rel=\"canonical\" href=\"http:\/\/maismagazine.pt\/index.php\/2026\/03\/13\/falar-de-termalismo-360o-e-reconhecer-o-seu-impacto-transversal\/\" \/>\n<meta property=\"og:locale\" content=\"pt_PT\" \/>\n<meta property=\"og:type\" content=\"article\" \/>\n<meta property=\"og:title\" content=\"\u201cFalar de Termalismo 360\u00ba \u00e9 reconhecer o seu impacto transversal\u201d - Mais Magazine\" \/>\n<meta property=\"og:description\" content=\"A \u00e1gua \u00e9 origem, mem\u00f3ria e futuro. Ao longo da hist\u00f3ria, foi em torno dela que se constru\u00edram comunidades, se desenvolveram pr\u00e1ticas terap\u00eauticas e se afirmaram territ\u00f3rios. No contexto atual, marcado por desafios ambientais, sociais e de sa\u00fade p\u00fablica, o termalismo assume-se como uma resposta integrada, onde sa\u00fade, turismo e&hellip;\" \/>\n<meta property=\"og:url\" content=\"http:\/\/maismagazine.pt\/index.php\/2026\/03\/13\/falar-de-termalismo-360o-e-reconhecer-o-seu-impacto-transversal\/\" \/>\n<meta property=\"og:site_name\" content=\"Mais Magazine\" \/>\n<meta property=\"article:published_time\" content=\"2026-03-13T07:00:00+00:00\" \/>\n<meta property=\"og:image\" content=\"http:\/\/maismagazine.pt\/wp-content\/uploads\/2026\/03\/Victor-Leal.jpg\" \/>\n\t<meta property=\"og:image:width\" content=\"341\" \/>\n\t<meta property=\"og:image:height\" content=\"512\" \/>\n\t<meta property=\"og:image:type\" content=\"image\/jpeg\" \/>\n<meta name=\"author\" content=\"Tiago Costa\" \/>\n<meta name=\"twitter:card\" content=\"summary_large_image\" \/>\n<meta name=\"twitter:label1\" content=\"Escrito por\" \/>\n\t<meta name=\"twitter:data1\" content=\"\" \/>\n\t<meta name=\"twitter:label2\" content=\"Tempo estimado de leitura\" \/>\n\t<meta name=\"twitter:data2\" content=\"3 minutos\" \/>\n<script type=\"application\/ld+json\" class=\"yoast-schema-graph\">{\"@context\":\"https:\/\/schema.org\",\"@graph\":[{\"@type\":\"Article\",\"@id\":\"http:\/\/maismagazine.pt\/index.php\/2026\/03\/13\/falar-de-termalismo-360o-e-reconhecer-o-seu-impacto-transversal\/#article\",\"isPartOf\":{\"@id\":\"http:\/\/maismagazine.pt\/index.php\/2026\/03\/13\/falar-de-termalismo-360o-e-reconhecer-o-seu-impacto-transversal\/\"},\"author\":{\"name\":\"Tiago Costa\",\"@id\":\"http:\/\/maismagazine.pt\/#\/schema\/person\/c6c5bfccc886434cbd11c74e035f9646\"},\"headline\":\"\u201cFalar de Termalismo 360\u00ba \u00e9 reconhecer o seu impacto transversal\u201d\",\"datePublished\":\"2026-03-13T07:00:00+00:00\",\"mainEntityOfPage\":{\"@id\":\"http:\/\/maismagazine.pt\/index.php\/2026\/03\/13\/falar-de-termalismo-360o-e-reconhecer-o-seu-impacto-transversal\/\"},\"wordCount\":399,\"publisher\":{\"@id\":\"http:\/\/maismagazine.pt\/#organization\"},\"image\":{\"@id\":\"http:\/\/maismagazine.pt\/index.php\/2026\/03\/13\/falar-de-termalismo-360o-e-reconhecer-o-seu-impacto-transversal\/#primaryimage\"},\"thumbnailUrl\":\"https:\/\/maismagazine.pt\/wp-content\/uploads\/2026\/03\/Victor-Leal.jpg\",\"keywords\":[\"Termas de Portugal\",\"Victor Leal\"],\"articleSection\":[\"Destaque lateral\",\"Opini\u00e3o\",\"Termalismo\"],\"inLanguage\":\"pt-PT\"},{\"@type\":\"WebPage\",\"@id\":\"http:\/\/maismagazine.pt\/index.php\/2026\/03\/13\/falar-de-termalismo-360o-e-reconhecer-o-seu-impacto-transversal\/\",\"url\":\"http:\/\/maismagazine.pt\/index.php\/2026\/03\/13\/falar-de-termalismo-360o-e-reconhecer-o-seu-impacto-transversal\/\",\"name\":\"\u201cFalar de Termalismo 360\u00ba \u00e9 reconhecer o seu impacto transversal\u201d - Mais Magazine\",\"isPartOf\":{\"@id\":\"http:\/\/maismagazine.pt\/#website\"},\"primaryImageOfPage\":{\"@id\":\"http:\/\/maismagazine.pt\/index.php\/2026\/03\/13\/falar-de-termalismo-360o-e-reconhecer-o-seu-impacto-transversal\/#primaryimage\"},\"image\":{\"@id\":\"http:\/\/maismagazine.pt\/index.php\/2026\/03\/13\/falar-de-termalismo-360o-e-reconhecer-o-seu-impacto-transversal\/#primaryimage\"},\"thumbnailUrl\":\"https:\/\/maismagazine.pt\/wp-content\/uploads\/2026\/03\/Victor-Leal.jpg\",\"datePublished\":\"2026-03-13T07:00:00+00:00\",\"breadcrumb\":{\"@id\":\"http:\/\/maismagazine.pt\/index.php\/2026\/03\/13\/falar-de-termalismo-360o-e-reconhecer-o-seu-impacto-transversal\/#breadcrumb\"},\"inLanguage\":\"pt-PT\",\"potentialAction\":[{\"@type\":\"ReadAction\",\"target\":[\"http:\/\/maismagazine.pt\/index.php\/2026\/03\/13\/falar-de-termalismo-360o-e-reconhecer-o-seu-impacto-transversal\/\"]}]},{\"@type\":\"ImageObject\",\"inLanguage\":\"pt-PT\",\"@id\":\"http:\/\/maismagazine.pt\/index.php\/2026\/03\/13\/falar-de-termalismo-360o-e-reconhecer-o-seu-impacto-transversal\/#primaryimage\",\"url\":\"https:\/\/maismagazine.pt\/wp-content\/uploads\/2026\/03\/Victor-Leal.jpg\",\"contentUrl\":\"https:\/\/maismagazine.pt\/wp-content\/uploads\/2026\/03\/Victor-Leal.jpg\",\"width\":341,\"height\":512},{\"@type\":\"BreadcrumbList\",\"@id\":\"http:\/\/maismagazine.pt\/index.php\/2026\/03\/13\/falar-de-termalismo-360o-e-reconhecer-o-seu-impacto-transversal\/#breadcrumb\",\"itemListElement\":[{\"@type\":\"ListItem\",\"position\":1,\"name\":\"Home\",\"item\":\"http:\/\/maismagazine.pt\/\"},{\"@type\":\"ListItem\",\"position\":2,\"name\":\"\u201cFalar de Termalismo 360\u00ba \u00e9 reconhecer o seu impacto transversal\u201d\"}]},{\"@type\":\"WebSite\",\"@id\":\"http:\/\/maismagazine.pt\/#website\",\"url\":\"http:\/\/maismagazine.pt\/\",\"name\":\"Mais Magazine\",\"description\":\"\",\"publisher\":{\"@id\":\"http:\/\/maismagazine.pt\/#organization\"},\"potentialAction\":[{\"@type\":\"SearchAction\",\"target\":{\"@type\":\"EntryPoint\",\"urlTemplate\":\"http:\/\/maismagazine.pt\/?s={search_term_string}\"},\"query-input\":{\"@type\":\"PropertyValueSpecification\",\"valueRequired\":true,\"valueName\":\"search_term_string\"}}],\"inLanguage\":\"pt-PT\"},{\"@type\":\"Organization\",\"@id\":\"http:\/\/maismagazine.pt\/#organization\",\"name\":\"Mais Magazine\",\"url\":\"http:\/\/maismagazine.pt\/\",\"logo\":{\"@type\":\"ImageObject\",\"inLanguage\":\"pt-PT\",\"@id\":\"http:\/\/maismagazine.pt\/#\/schema\/logo\/image\/\",\"url\":\"https:\/\/maismagazine.pt\/wp-content\/uploads\/2020\/04\/cropped-cropped-mais-magazine-site-logo-2.png\",\"contentUrl\":\"https:\/\/maismagazine.pt\/wp-content\/uploads\/2020\/04\/cropped-cropped-mais-magazine-site-logo-2.png\",\"width\":581,\"height\":90,\"caption\":\"Mais Magazine\"},\"image\":{\"@id\":\"http:\/\/maismagazine.pt\/#\/schema\/logo\/image\/\"}},{\"@type\":\"Person\",\"@id\":\"http:\/\/maismagazine.pt\/#\/schema\/person\/c6c5bfccc886434cbd11c74e035f9646\",\"name\":\"Tiago Costa\",\"image\":{\"@type\":\"ImageObject\",\"inLanguage\":\"pt-PT\",\"@id\":\"http:\/\/maismagazine.pt\/#\/schema\/person\/image\/\",\"url\":\"https:\/\/secure.gravatar.com\/avatar\/c599b2bce16c9870429198cbad5ee022?s=96&d=mm&r=g\",\"contentUrl\":\"https:\/\/secure.gravatar.com\/avatar\/c599b2bce16c9870429198cbad5ee022?s=96&d=mm&r=g\",\"caption\":\"Tiago Costa\"},\"url\":\"https:\/\/maismagazine.pt\/index.php\/author\/tiago\/\"}]}<\/script>\n<!-- \/ Yoast SEO plugin. -->","yoast_head_json":{"title":"\u201cFalar de Termalismo 360\u00ba \u00e9 reconhecer o seu impacto transversal\u201d - Mais Magazine","robots":{"index":"index","follow":"follow","max-snippet":"max-snippet:-1","max-image-preview":"max-image-preview:large","max-video-preview":"max-video-preview:-1"},"canonical":"http:\/\/maismagazine.pt\/index.php\/2026\/03\/13\/falar-de-termalismo-360o-e-reconhecer-o-seu-impacto-transversal\/","og_locale":"pt_PT","og_type":"article","og_title":"\u201cFalar de Termalismo 360\u00ba \u00e9 reconhecer o seu impacto transversal\u201d - Mais Magazine","og_description":"A \u00e1gua \u00e9 origem, mem\u00f3ria e futuro. Ao longo da hist\u00f3ria, foi em torno dela que se constru\u00edram comunidades, se desenvolveram pr\u00e1ticas terap\u00eauticas e se afirmaram territ\u00f3rios. No contexto atual, marcado por desafios ambientais, sociais e de sa\u00fade p\u00fablica, o termalismo assume-se como uma resposta integrada, onde sa\u00fade, turismo e&hellip;","og_url":"http:\/\/maismagazine.pt\/index.php\/2026\/03\/13\/falar-de-termalismo-360o-e-reconhecer-o-seu-impacto-transversal\/","og_site_name":"Mais Magazine","article_published_time":"2026-03-13T07:00:00+00:00","og_image":[{"width":341,"height":512,"url":"http:\/\/maismagazine.pt\/wp-content\/uploads\/2026\/03\/Victor-Leal.jpg","type":"image\/jpeg"}],"author":"Tiago Costa","twitter_card":"summary_large_image","twitter_misc":{"Escrito por":false,"Tempo estimado de leitura":"3 minutos"},"schema":{"@context":"https:\/\/schema.org","@graph":[{"@type":"Article","@id":"http:\/\/maismagazine.pt\/index.php\/2026\/03\/13\/falar-de-termalismo-360o-e-reconhecer-o-seu-impacto-transversal\/#article","isPartOf":{"@id":"http:\/\/maismagazine.pt\/index.php\/2026\/03\/13\/falar-de-termalismo-360o-e-reconhecer-o-seu-impacto-transversal\/"},"author":{"name":"Tiago Costa","@id":"http:\/\/maismagazine.pt\/#\/schema\/person\/c6c5bfccc886434cbd11c74e035f9646"},"headline":"\u201cFalar de Termalismo 360\u00ba \u00e9 reconhecer o seu impacto transversal\u201d","datePublished":"2026-03-13T07:00:00+00:00","mainEntityOfPage":{"@id":"http:\/\/maismagazine.pt\/index.php\/2026\/03\/13\/falar-de-termalismo-360o-e-reconhecer-o-seu-impacto-transversal\/"},"wordCount":399,"publisher":{"@id":"http:\/\/maismagazine.pt\/#organization"},"image":{"@id":"http:\/\/maismagazine.pt\/index.php\/2026\/03\/13\/falar-de-termalismo-360o-e-reconhecer-o-seu-impacto-transversal\/#primaryimage"},"thumbnailUrl":"https:\/\/maismagazine.pt\/wp-content\/uploads\/2026\/03\/Victor-Leal.jpg","keywords":["Termas de Portugal","Victor Leal"],"articleSection":["Destaque lateral","Opini\u00e3o","Termalismo"],"inLanguage":"pt-PT"},{"@type":"WebPage","@id":"http:\/\/maismagazine.pt\/index.php\/2026\/03\/13\/falar-de-termalismo-360o-e-reconhecer-o-seu-impacto-transversal\/","url":"http:\/\/maismagazine.pt\/index.php\/2026\/03\/13\/falar-de-termalismo-360o-e-reconhecer-o-seu-impacto-transversal\/","name":"\u201cFalar de Termalismo 360\u00ba \u00e9 reconhecer o seu impacto transversal\u201d - Mais Magazine","isPartOf":{"@id":"http:\/\/maismagazine.pt\/#website"},"primaryImageOfPage":{"@id":"http:\/\/maismagazine.pt\/index.php\/2026\/03\/13\/falar-de-termalismo-360o-e-reconhecer-o-seu-impacto-transversal\/#primaryimage"},"image":{"@id":"http:\/\/maismagazine.pt\/index.php\/2026\/03\/13\/falar-de-termalismo-360o-e-reconhecer-o-seu-impacto-transversal\/#primaryimage"},"thumbnailUrl":"https:\/\/maismagazine.pt\/wp-content\/uploads\/2026\/03\/Victor-Leal.jpg","datePublished":"2026-03-13T07:00:00+00:00","breadcrumb":{"@id":"http:\/\/maismagazine.pt\/index.php\/2026\/03\/13\/falar-de-termalismo-360o-e-reconhecer-o-seu-impacto-transversal\/#breadcrumb"},"inLanguage":"pt-PT","potentialAction":[{"@type":"ReadAction","target":["http:\/\/maismagazine.pt\/index.php\/2026\/03\/13\/falar-de-termalismo-360o-e-reconhecer-o-seu-impacto-transversal\/"]}]},{"@type":"ImageObject","inLanguage":"pt-PT","@id":"http:\/\/maismagazine.pt\/index.php\/2026\/03\/13\/falar-de-termalismo-360o-e-reconhecer-o-seu-impacto-transversal\/#primaryimage","url":"https:\/\/maismagazine.pt\/wp-content\/uploads\/2026\/03\/Victor-Leal.jpg","contentUrl":"https:\/\/maismagazine.pt\/wp-content\/uploads\/2026\/03\/Victor-Leal.jpg","width":341,"height":512},{"@type":"BreadcrumbList","@id":"http:\/\/maismagazine.pt\/index.php\/2026\/03\/13\/falar-de-termalismo-360o-e-reconhecer-o-seu-impacto-transversal\/#breadcrumb","itemListElement":[{"@type":"ListItem","position":1,"name":"Home","item":"http:\/\/maismagazine.pt\/"},{"@type":"ListItem","position":2,"name":"\u201cFalar de Termalismo 360\u00ba \u00e9 reconhecer o seu impacto transversal\u201d"}]},{"@type":"WebSite","@id":"http:\/\/maismagazine.pt\/#website","url":"http:\/\/maismagazine.pt\/","name":"Mais Magazine","description":"","publisher":{"@id":"http:\/\/maismagazine.pt\/#organization"},"potentialAction":[{"@type":"SearchAction","target":{"@type":"EntryPoint","urlTemplate":"http:\/\/maismagazine.pt\/?s={search_term_string}"},"query-input":{"@type":"PropertyValueSpecification","valueRequired":true,"valueName":"search_term_string"}}],"inLanguage":"pt-PT"},{"@type":"Organization","@id":"http:\/\/maismagazine.pt\/#organization","name":"Mais Magazine","url":"http:\/\/maismagazine.pt\/","logo":{"@type":"ImageObject","inLanguage":"pt-PT","@id":"http:\/\/maismagazine.pt\/#\/schema\/logo\/image\/","url":"https:\/\/maismagazine.pt\/wp-content\/uploads\/2020\/04\/cropped-cropped-mais-magazine-site-logo-2.png","contentUrl":"https:\/\/maismagazine.pt\/wp-content\/uploads\/2020\/04\/cropped-cropped-mais-magazine-site-logo-2.png","width":581,"height":90,"caption":"Mais Magazine"},"image":{"@id":"http:\/\/maismagazine.pt\/#\/schema\/logo\/image\/"}},{"@type":"Person","@id":"http:\/\/maismagazine.pt\/#\/schema\/person\/c6c5bfccc886434cbd11c74e035f9646","name":"Tiago Costa","image":{"@type":"ImageObject","inLanguage":"pt-PT","@id":"http:\/\/maismagazine.pt\/#\/schema\/person\/image\/","url":"https:\/\/secure.gravatar.com\/avatar\/c599b2bce16c9870429198cbad5ee022?s=96&d=mm&r=g","contentUrl":"https:\/\/secure.gravatar.com\/avatar\/c599b2bce16c9870429198cbad5ee022?s=96&d=mm&r=g","caption":"Tiago Costa"},"url":"https:\/\/maismagazine.pt\/index.php\/author\/tiago\/"}]}},"author_meta":{"display_name":false,"author_link":"https:\/\/maismagazine.pt\/index.php\/author\/tiago\/"},"featured_img":"https:\/\/maismagazine.pt\/wp-content\/uploads\/2026\/03\/Victor-Leal-200x300.jpg","coauthors":[],"tax_additional":{"categories":{"linked":["<a href=\"https:\/\/maismagazine.pt\/index.php\/category\/destaque\/\" class=\"advgb-post-tax-term\">Destaque lateral<\/a>","<a href=\"https:\/\/maismagazine.pt\/index.php\/category\/noticias\/opiniao\/\" class=\"advgb-post-tax-term\">Opini\u00e3o<\/a>","<a href=\"https:\/\/maismagazine.pt\/index.php\/category\/termalismo\/\" class=\"advgb-post-tax-term\">Termalismo<\/a>"],"unlinked":["<span class=\"advgb-post-tax-term\">Destaque lateral<\/span>","<span class=\"advgb-post-tax-term\">Opini\u00e3o<\/span>","<span class=\"advgb-post-tax-term\">Termalismo<\/span>"]},"tags":{"linked":["<a href=\"https:\/\/maismagazine.pt\/index.php\/category\/termalismo\/\" class=\"advgb-post-tax-term\">Termas de Portugal<\/a>","<a href=\"https:\/\/maismagazine.pt\/index.php\/category\/termalismo\/\" class=\"advgb-post-tax-term\">Victor Leal<\/a>"],"unlinked":["<span class=\"advgb-post-tax-term\">Termas de Portugal<\/span>","<span class=\"advgb-post-tax-term\">Victor Leal<\/span>"]}},"comment_count":"0","relative_dates":{"created":"Posted 2 meses ago","modified":"Updated 2 meses ago"},"absolute_dates":{"created":"Posted on 13 de Mar\u00e7o, 2026","modified":"Updated on 11 de Mar\u00e7o, 2026"},"absolute_dates_time":{"created":"Posted on 13 de Mar\u00e7o, 2026 7:00","modified":"Updated on 11 de Mar\u00e7o, 2026 14:27"},"featured_img_caption":"","series_order":"","_links":{"self":[{"href":"https:\/\/maismagazine.pt\/index.php\/wp-json\/wp\/v2\/posts\/13766","targetHints":{"allow":["GET"]}}],"collection":[{"href":"https:\/\/maismagazine.pt\/index.php\/wp-json\/wp\/v2\/posts"}],"about":[{"href":"https:\/\/maismagazine.pt\/index.php\/wp-json\/wp\/v2\/types\/post"}],"author":[{"embeddable":true,"href":"https:\/\/maismagazine.pt\/index.php\/wp-json\/wp\/v2\/users\/17"}],"replies":[{"embeddable":true,"href":"https:\/\/maismagazine.pt\/index.php\/wp-json\/wp\/v2\/comments?post=13766"}],"version-history":[{"count":2,"href":"https:\/\/maismagazine.pt\/index.php\/wp-json\/wp\/v2\/posts\/13766\/revisions"}],"predecessor-version":[{"id":13771,"href":"https:\/\/maismagazine.pt\/index.php\/wp-json\/wp\/v2\/posts\/13766\/revisions\/13771"}],"wp:featuredmedia":[{"embeddable":true,"href":"https:\/\/maismagazine.pt\/index.php\/wp-json\/wp\/v2\/media\/13769"}],"wp:attachment":[{"href":"https:\/\/maismagazine.pt\/index.php\/wp-json\/wp\/v2\/media?parent=13766"}],"wp:term":[{"taxonomy":"category","embeddable":true,"href":"https:\/\/maismagazine.pt\/index.php\/wp-json\/wp\/v2\/categories?post=13766"},{"taxonomy":"post_tag","embeddable":true,"href":"https:\/\/maismagazine.pt\/index.php\/wp-json\/wp\/v2\/tags?post=13766"}],"curies":[{"name":"wp","href":"https:\/\/api.w.org\/{rel}","templated":true}]}}