{"id":13712,"date":"2026-03-13T07:00:00","date_gmt":"2026-03-13T07:00:00","guid":{"rendered":"https:\/\/maismagazine.pt\/?p=13712"},"modified":"2026-03-10T16:39:32","modified_gmt":"2026-03-10T16:39:32","slug":"um-lugar-onde-viver-crescer-e-pertencer","status":"publish","type":"post","link":"https:\/\/maismagazine.pt\/index.php\/2026\/03\/13\/um-lugar-onde-viver-crescer-e-pertencer\/","title":{"rendered":"Um lugar onde viver, crescer e pertencer"},"content":{"rendered":"\n<p><strong>Com 53 resid\u00eancias em 20 cidades de Portugal e Espanha, a <a href=\"http:\/\/www.micampusresidencias.pt\">micampus residencias<\/a> tem vindo a afirmar-se como uma refer\u00eancia no setor do alojamento estudantil, distinguindo-se por uma proposta que vai al\u00e9m do conceito tradicional de resid\u00eancia universit\u00e1ria. A marca aposta numa abordagem integral que combina localiza\u00e7\u00f5es estrat\u00e9gicas, infraestruturas modernas, tecnologia, sustentabilidade e uma forte cultura de comunidade. Mais do que garantir conforto e funcionalidade, a micampus procura criar ambientes onde os estudantes possam desenvolver-se acad\u00e9mica, social e pessoalmente, promovendo a integra\u00e7\u00e3o multicultural, o bem-estar e uma experi\u00eancia universit\u00e1ria verdadeiramente enriquecedora.<\/strong><\/p>\n\n\n\n<p><\/p>\n\n\n\n<p><strong>Como surgiu a micampus residencias e o que distingue a marca no panorama nacional do alojamento estudantil?<\/strong><\/p>\n\n\n\n<p>A micampus residencias nasce com o objetivo de oferecer muito mais do que alojamento aos estudantes universit\u00e1rios: procuramos criar espa\u00e7os onde possam viver, crescer e desenvolver-se tanto a n\u00edvel acad\u00e9mico como pessoal.<\/p>\n\n\n\n<p>Atualmente, contamos com 53 resid\u00eancias em 20 cidades de Portugal e Espanha.<\/p>\n\n\n\n<p>Desde o in\u00edcio, temos apostado na combina\u00e7\u00e3o de localiza\u00e7\u00f5es estrat\u00e9gicas, instala\u00e7\u00f5es modernas e numa forte aposta na comunidade. O que nos distingue no panorama nacional \u00e9 a nossa abordagem integral: n\u00e3o proporcionamos apenas alojamento de qualidade, mas sim uma experi\u00eancia completa baseada na conviv\u00eancia, no bem-estar e no acompanhamento do estudante. <\/p>\n\n\n<div class=\"wp-block-image\">\n<figure class=\"aligncenter size-large is-resized\"><img loading=\"lazy\" decoding=\"async\" width=\"1024\" height=\"683\" src=\"https:\/\/maismagazine.pt\/wp-content\/uploads\/2026\/03\/YDRAY-Common-area-12-1-1024x683.jpg\" alt=\"\" class=\"wp-image-13722\" style=\"width:459px;height:auto\" srcset=\"https:\/\/maismagazine.pt\/wp-content\/uploads\/2026\/03\/YDRAY-Common-area-12-1-1024x683.jpg 1024w, https:\/\/maismagazine.pt\/wp-content\/uploads\/2026\/03\/YDRAY-Common-area-12-1-300x200.jpg 300w, https:\/\/maismagazine.pt\/wp-content\/uploads\/2026\/03\/YDRAY-Common-area-12-1-768x512.jpg 768w, https:\/\/maismagazine.pt\/wp-content\/uploads\/2026\/03\/YDRAY-Common-area-12-1-1536x1024.jpg 1536w, https:\/\/maismagazine.pt\/wp-content\/uploads\/2026\/03\/YDRAY-Common-area-12-1-2048x1365.jpg 2048w, https:\/\/maismagazine.pt\/wp-content\/uploads\/2026\/03\/YDRAY-Common-area-12-1-150x100.jpg 150w\" sizes=\"auto, (max-width: 1024px) 100vw, 1024px\" \/><\/figure><\/div>\n\n\n<blockquote class=\"wp-block-quote is-layout-flow wp-block-quote-is-layout-flow\">\n<p>N\u00e3o proporcionamos apenas alojamento de qualidade, mas sim uma experi\u00eancia completa baseada na conviv\u00eancia, no bem-estar e no acompanhamento do estudante<\/p>\n<\/blockquote>\n\n\n<div class=\"wp-block-image\">\n<figure class=\"alignleft size-full is-resized\"><img loading=\"lazy\" decoding=\"async\" width=\"770\" height=\"500\" src=\"https:\/\/maismagazine.pt\/wp-content\/uploads\/2026\/03\/YDRAY-Habitaciones-Porto-Asprela-10-1-1.jpg\" alt=\"\" class=\"wp-image-13730\" style=\"width:437px;height:auto\" srcset=\"https:\/\/maismagazine.pt\/wp-content\/uploads\/2026\/03\/YDRAY-Habitaciones-Porto-Asprela-10-1-1.jpg 770w, https:\/\/maismagazine.pt\/wp-content\/uploads\/2026\/03\/YDRAY-Habitaciones-Porto-Asprela-10-1-1-300x195.jpg 300w, https:\/\/maismagazine.pt\/wp-content\/uploads\/2026\/03\/YDRAY-Habitaciones-Porto-Asprela-10-1-1-768x499.jpg 768w\" sizes=\"auto, (max-width: 770px) 100vw, 770px\" \/><\/figure><\/div>\n\n\n<p><strong>Que tipologias de alojamento e servi\u00e7os oferecem atualmente e de que forma respondem \u00e0s diferentes necessidades dos estudantes?<\/strong><\/p>\n\n\n\n<p>Dispomos de diferentes tipologias de quartos, individuais e partilhados, de acordo com as prefer\u00eancias. Todos est\u00e3o totalmente equipados e concebidos para garantir conforto e funcionalidade. <\/p>\n\n\n\n<p>Al\u00e9m disso, disponibilizamos servi\u00e7os como salas de estudo, gin\u00e1sios, \u00e1reas comuns, salas de lazer, atividades, eventos, wifi de alta velocidade, manuten\u00e7\u00e3o e rece\u00e7\u00e3o 24 horas. O nosso objetivo \u00e9 responder tanto a quem procura tranquilidade e concentra\u00e7\u00e3o acad\u00e9mica como a quem valoriza especialmente a vida social e a intera\u00e7\u00e3o multicultural. <\/p>\n\n\n\n<p><\/p>\n\n\n\n<p><strong>Qual \u00e9 o perfil predominante dos estudantes que procuram a micampus e como garantem uma comunidade inclusiva e multicultural?<\/strong><\/p>\n\n\n\n<p>Nas nossas resid\u00eancias convivem estudantes nacionais e internacionais, de licenciatura, mestrado e programas de mobilidade. Predomina um perfil din\u00e2mico, aberto e com voca\u00e7\u00e3o internacional. <\/p>\n\n\n\n<p>Para garantir uma comunidade inclusiva, promovemos ativamente a diversidade cultural atrav\u00e9s de atividades, eventos e din\u00e2micas de integra\u00e7\u00e3o. Incentivamos o respeito, a igualdade e a conviv\u00eancia como valores fundamentais da nossa identidade. <\/p>\n\n\n<div class=\"wp-block-image\">\n<figure class=\"alignright size-large is-resized\"><img loading=\"lazy\" decoding=\"async\" width=\"1024\" height=\"683\" src=\"https:\/\/maismagazine.pt\/wp-content\/uploads\/2026\/03\/YDRAY-Common-area-2-1-1-1024x683.jpg\" alt=\"\" class=\"wp-image-13733\" style=\"width:444px;height:auto\" srcset=\"https:\/\/maismagazine.pt\/wp-content\/uploads\/2026\/03\/YDRAY-Common-area-2-1-1-1024x683.jpg 1024w, https:\/\/maismagazine.pt\/wp-content\/uploads\/2026\/03\/YDRAY-Common-area-2-1-1-300x200.jpg 300w, https:\/\/maismagazine.pt\/wp-content\/uploads\/2026\/03\/YDRAY-Common-area-2-1-1-768x512.jpg 768w, https:\/\/maismagazine.pt\/wp-content\/uploads\/2026\/03\/YDRAY-Common-area-2-1-1-1536x1024.jpg 1536w, https:\/\/maismagazine.pt\/wp-content\/uploads\/2026\/03\/YDRAY-Common-area-2-1-1-2048x1365.jpg 2048w, https:\/\/maismagazine.pt\/wp-content\/uploads\/2026\/03\/YDRAY-Common-area-2-1-1-150x100.jpg 150w\" sizes=\"auto, (max-width: 1024px) 100vw, 1024px\" \/><\/figure><\/div>\n\n\n<p><strong>De que forma a experi\u00eancia em resid\u00eancia pode influenciar o sucesso acad\u00e9mico, a integra\u00e7\u00e3o social e o desenvolvimento pessoal dos estudantes?<\/strong><\/p>\n\n\n\n<p>A experi\u00eancia em resid\u00eancia universit\u00e1ria \u00e9 um elemento-chave no percurso acad\u00e9mico. Um ambiente adequado, com espa\u00e7os de estudo bem equipados e um contexto prop\u00edcio \u00e0 concentra\u00e7\u00e3o, tem impacto direto no desempenho acad\u00e9mico. <\/p>\n\n\n\n<p>Ao mesmo tempo, a conviv\u00eancia favorece o desenvolvimento de compet\u00eancias sociais, a autonomia, a gest\u00e3o do tempo e o sentido de responsabilidade. A intera\u00e7\u00e3o com estudantes de diferentes culturas amplia horizontes e enriquece a experi\u00eancia pessoal. <\/p>\n\n\n\n<p><\/p>\n\n\n\n<p><strong>Que import\u00e2ncia atribuem \u00e0 cria\u00e7\u00e3o de comunidade dentro das resid\u00eancias e que iniciativas promovem para estimular essa din\u00e2mica?<\/strong><\/p>\n\n\n\n<p>A cria\u00e7\u00e3o de comunidade \u00e9 um dos nossos pilares estrat\u00e9gicos. Acreditamos que uma resid\u00eancia deve ser um espa\u00e7o onde se criam la\u00e7os e experi\u00eancias partilhadas. <\/p>\n\n\n\n<p>Por isso, organizamos atividades desportivas, culturais e sociais, workshops, celebra\u00e7\u00f5es tem\u00e1ticas e eventos. Al\u00e9m disso, contamos com equipas de resid\u00eancia que dinamizam a vida comunit\u00e1ria e acompanham os estudantes ao longo de todo o ano letivo. <\/p>\n\n\n\n<p><\/p>\n\n\n\n<p><strong>A sustentabilidade e o bem-estar s\u00e3o temas centrais para as novas gera\u00e7\u00f5es. Que pr\u00e1ticas ou iniciativas tem a micampus implementado nestas \u00e1reas?<\/strong><\/p>\n\n\n\n<p>Na micampus trabalhamos ativamente para reduzir o nosso impacto ambiental atrav\u00e9s de medidas de efici\u00eancia energ\u00e9tica, gest\u00e3o respons\u00e1vel da \u00e1gua e promo\u00e7\u00e3o da reciclagem. <\/p>\n\n\n\n<p>No que diz respeito ao bem-estar, concebemos espa\u00e7os luminosos e funcionais, promovemos h\u00e1bitos saud\u00e1veis atrav\u00e9s de atividades desportivas e damos especial aten\u00e7\u00e3o \u00e0 seguran\u00e7a e ao conforto. Entendemos que o bem-estar f\u00edsico e emocional \u00e9 essencial para o sucesso acad\u00e9mico.<\/p>\n\n\n\n<p><\/p>\n\n\n\n<blockquote class=\"wp-block-quote is-layout-flow wp-block-quote-is-layout-flow\">\n<p>O nosso objetivo \u00e9 responder tanto a quem procura tranquilidade e concentra\u00e7\u00e3o acad\u00e9mica como a quem valoriza especialmente a vida social e a intera\u00e7\u00e3o multicultural<\/p>\n<\/blockquote>\n\n\n<div class=\"wp-block-image\">\n<figure class=\"aligncenter size-large is-resized\"><img loading=\"lazy\" decoding=\"async\" width=\"1024\" height=\"713\" src=\"https:\/\/maismagazine.pt\/wp-content\/uploads\/2026\/03\/YDRAY-5X5A5306-1-1024x713.jpg\" alt=\"\" class=\"wp-image-13735\" style=\"width:432px;height:auto\" srcset=\"https:\/\/maismagazine.pt\/wp-content\/uploads\/2026\/03\/YDRAY-5X5A5306-1-1024x713.jpg 1024w, https:\/\/maismagazine.pt\/wp-content\/uploads\/2026\/03\/YDRAY-5X5A5306-1-300x209.jpg 300w, https:\/\/maismagazine.pt\/wp-content\/uploads\/2026\/03\/YDRAY-5X5A5306-1-768x535.jpg 768w, https:\/\/maismagazine.pt\/wp-content\/uploads\/2026\/03\/YDRAY-5X5A5306-1-1536x1069.jpg 1536w, https:\/\/maismagazine.pt\/wp-content\/uploads\/2026\/03\/YDRAY-5X5A5306-1-2048x1425.jpg 2048w\" sizes=\"auto, (max-width: 1024px) 100vw, 1024px\" \/><\/figure><\/div>\n\n\n<p><strong>De que forma integra a micampus a inova\u00e7\u00e3o e a tecnologia na gest\u00e3o das resid\u00eancias e na experi\u00eancia dos estudantes?<\/strong><\/p>\n\n\n\n<p>A tecnologia \u00e9 uma parte essencial da nossa gest\u00e3o. Dispomos de sistemas digitais para acesso \u00e0s diferentes \u00e1reas das resid\u00eancias, reservas, comunica\u00e7\u00e3o e apoio ao residente, facilitando uma experi\u00eancia \u00e1gil e transparente. <\/p>\n\n\n\n<p>Al\u00e9m disso, oferecemos conectividade de alta qualidade e espa\u00e7os preparados para o estudo h\u00edbrido e a aprendizagem digital, adaptando-nos \u00e0s novas metodologias educativas. <\/p>\n\n\n\n<p><\/p>\n\n\n\n<p><strong>Quais s\u00e3o atualmente os principais desafios do setor do alojamento estudantil em Portugal?<\/strong><\/p>\n\n\n\n<p>Entre os principais desafios destacam-se o aumento da procura, especialmente nas grandes cidades universit\u00e1rias, a necessidade de ampliar a oferta e a adapta\u00e7\u00e3o a padr\u00f5es cada vez mais exigentes em termos de sustentabilidade e qualidade. <\/p>\n\n\n<div class=\"wp-block-image\">\n<figure class=\"aligncenter size-full is-resized\"><img loading=\"lazy\" decoding=\"async\" width=\"574\" height=\"507\" src=\"http:\/\/maismagazine.pt\/wp-content\/uploads\/2026\/03\/YDRAY-Seleccion-micampus-9-1.jpg\" alt=\"\" class=\"wp-image-13738\" style=\"width:368px;height:auto\" srcset=\"https:\/\/maismagazine.pt\/wp-content\/uploads\/2026\/03\/YDRAY-Seleccion-micampus-9-1.jpg 574w, https:\/\/maismagazine.pt\/wp-content\/uploads\/2026\/03\/YDRAY-Seleccion-micampus-9-1-300x265.jpg 300w\" sizes=\"auto, (max-width: 574px) 100vw, 574px\" \/><\/figure><\/div>\n\n\n<p><strong>Como perspetivam a evolu\u00e7\u00e3o do setor de resid\u00eancias universit\u00e1rias em Portugal?<\/strong><\/p>\n\n\n\n<p>Prevemos um crescimento sustentado do setor, impulsionado pela internacionaliza\u00e7\u00e3o das universidades portuguesas e pelo aumento da mobilidade estudantil.<\/p>\n\n\n\n<p>O modelo evoluir\u00e1 para resid\u00eancias mais modernas, sustent\u00e1veis e orientadas para a experi\u00eancia integral do estudante, onde a tecnologia e a comunidade ser\u00e3o fatores diferenciadores. <\/p>\n\n\n<div class=\"wp-block-image\">\n<figure class=\"aligncenter size-large is-resized\"><img loading=\"lazy\" decoding=\"async\" width=\"1024\" height=\"576\" src=\"https:\/\/maismagazine.pt\/wp-content\/uploads\/2026\/03\/micampus-logo-2-1-1024x576.png\" alt=\"\" class=\"wp-image-13741\" style=\"width:382px;height:auto\" srcset=\"https:\/\/maismagazine.pt\/wp-content\/uploads\/2026\/03\/micampus-logo-2-1-1024x576.png 1024w, https:\/\/maismagazine.pt\/wp-content\/uploads\/2026\/03\/micampus-logo-2-1-300x169.png 300w, https:\/\/maismagazine.pt\/wp-content\/uploads\/2026\/03\/micampus-logo-2-1-768x432.png 768w, https:\/\/maismagazine.pt\/wp-content\/uploads\/2026\/03\/micampus-logo-2-1-1536x864.png 1536w, https:\/\/maismagazine.pt\/wp-content\/uploads\/2026\/03\/micampus-logo-2-1.png 1920w\" sizes=\"auto, (max-width: 1024px) 100vw, 1024px\" \/><\/figure><\/div>\n\n\n<p><\/p>\n","protected":false},"excerpt":{"rendered":"<p>Com 53 resid\u00eancias em 20 cidades de Portugal e Espanha, a micampus residencias tem vindo a afirmar-se como uma refer\u00eancia no setor do alojamento estudantil, distinguindo-se por uma proposta que vai al\u00e9m do conceito tradicional de resid\u00eancia universit\u00e1ria. A marca aposta numa abordagem integral que combina localiza\u00e7\u00f5es estrat\u00e9gicas, infraestruturas modernas,&hellip;<\/p>\n","protected":false},"author":18,"featured_media":13721,"comment_status":"closed","ping_status":"open","sticky":false,"template":"","format":"standard","meta":{"advgb_blocks_editor_width":"","advgb_blocks_columns_visual_guide":"","_monsterinsights_skip_tracking":false,"_monsterinsights_sitenote_active":false,"_monsterinsights_sitenote_note":"","_monsterinsights_sitenote_category":0,"footnotes":""},"categories":[50],"tags":[868,521,2586,2587],"class_list":["post-13712","post","type-post","status-publish","format-standard","has-post-thumbnail","hentry","category-destaques","tag-alojamento","tag-ensino","tag-micampus-residencias","tag-residencias-estudantes"],"yoast_head":"<!-- This site is optimized with the Yoast SEO plugin v24.4 - https:\/\/yoast.com\/wordpress\/plugins\/seo\/ -->\n<title>Um lugar onde viver, crescer e pertencer - Mais Magazine<\/title>\n<meta name=\"robots\" content=\"index, follow, max-snippet:-1, max-image-preview:large, max-video-preview:-1\" \/>\n<link rel=\"canonical\" href=\"https:\/\/maismagazine.pt\/index.php\/2026\/03\/13\/um-lugar-onde-viver-crescer-e-pertencer\/\" \/>\n<meta property=\"og:locale\" content=\"pt_PT\" \/>\n<meta property=\"og:type\" content=\"article\" \/>\n<meta property=\"og:title\" content=\"Um lugar onde viver, crescer e pertencer - Mais Magazine\" \/>\n<meta property=\"og:description\" content=\"Com 53 resid\u00eancias em 20 cidades de Portugal e Espanha, a micampus residencias tem vindo a afirmar-se como uma refer\u00eancia no setor do alojamento estudantil, distinguindo-se por uma proposta que vai al\u00e9m do conceito tradicional de resid\u00eancia universit\u00e1ria. A marca aposta numa abordagem integral que combina localiza\u00e7\u00f5es estrat\u00e9gicas, infraestruturas modernas,&hellip;\" \/>\n<meta property=\"og:url\" content=\"https:\/\/maismagazine.pt\/index.php\/2026\/03\/13\/um-lugar-onde-viver-crescer-e-pertencer\/\" \/>\n<meta property=\"og:site_name\" content=\"Mais Magazine\" \/>\n<meta property=\"article:published_time\" content=\"2026-03-13T07:00:00+00:00\" \/>\n<meta property=\"og:image\" content=\"https:\/\/maismagazine.pt\/wp-content\/uploads\/2026\/03\/YDRAY-Seleccion-micampus-2-1.jpg\" \/>\n\t<meta property=\"og:image:width\" content=\"750\" \/>\n\t<meta property=\"og:image:height\" content=\"500\" \/>\n\t<meta property=\"og:image:type\" content=\"image\/jpeg\" \/>\n<meta name=\"author\" content=\"Tatiana Martins\" \/>\n<meta name=\"twitter:card\" content=\"summary_large_image\" \/>\n<meta name=\"twitter:label1\" content=\"Escrito por\" \/>\n\t<meta name=\"twitter:data1\" content=\"\" \/>\n\t<meta name=\"twitter:label2\" content=\"Tempo estimado de leitura\" \/>\n\t<meta name=\"twitter:data2\" content=\"6 minutos\" \/>\n<script type=\"application\/ld+json\" class=\"yoast-schema-graph\">{\"@context\":\"https:\/\/schema.org\",\"@graph\":[{\"@type\":\"Article\",\"@id\":\"https:\/\/maismagazine.pt\/index.php\/2026\/03\/13\/um-lugar-onde-viver-crescer-e-pertencer\/#article\",\"isPartOf\":{\"@id\":\"https:\/\/maismagazine.pt\/index.php\/2026\/03\/13\/um-lugar-onde-viver-crescer-e-pertencer\/\"},\"author\":{\"name\":\"Tatiana Martins\",\"@id\":\"https:\/\/maismagazine.pt\/#\/schema\/person\/7426e2caeb8df32a1b56aa48dae778c9\"},\"headline\":\"Um lugar onde viver, crescer e pertencer\",\"datePublished\":\"2026-03-13T07:00:00+00:00\",\"mainEntityOfPage\":{\"@id\":\"https:\/\/maismagazine.pt\/index.php\/2026\/03\/13\/um-lugar-onde-viver-crescer-e-pertencer\/\"},\"wordCount\":959,\"publisher\":{\"@id\":\"https:\/\/maismagazine.pt\/#organization\"},\"image\":{\"@id\":\"https:\/\/maismagazine.pt\/index.php\/2026\/03\/13\/um-lugar-onde-viver-crescer-e-pertencer\/#primaryimage\"},\"thumbnailUrl\":\"https:\/\/maismagazine.pt\/wp-content\/uploads\/2026\/03\/YDRAY-Seleccion-micampus-2-1.jpg\",\"keywords\":[\"alojamento\",\"Ensino\",\"Micampus residencias\",\"Residencias estudantes\"],\"articleSection\":[\"Destaques\"],\"inLanguage\":\"pt-PT\"},{\"@type\":\"WebPage\",\"@id\":\"https:\/\/maismagazine.pt\/index.php\/2026\/03\/13\/um-lugar-onde-viver-crescer-e-pertencer\/\",\"url\":\"https:\/\/maismagazine.pt\/index.php\/2026\/03\/13\/um-lugar-onde-viver-crescer-e-pertencer\/\",\"name\":\"Um lugar onde viver, crescer e pertencer - Mais Magazine\",\"isPartOf\":{\"@id\":\"https:\/\/maismagazine.pt\/#website\"},\"primaryImageOfPage\":{\"@id\":\"https:\/\/maismagazine.pt\/index.php\/2026\/03\/13\/um-lugar-onde-viver-crescer-e-pertencer\/#primaryimage\"},\"image\":{\"@id\":\"https:\/\/maismagazine.pt\/index.php\/2026\/03\/13\/um-lugar-onde-viver-crescer-e-pertencer\/#primaryimage\"},\"thumbnailUrl\":\"https:\/\/maismagazine.pt\/wp-content\/uploads\/2026\/03\/YDRAY-Seleccion-micampus-2-1.jpg\",\"datePublished\":\"2026-03-13T07:00:00+00:00\",\"breadcrumb\":{\"@id\":\"https:\/\/maismagazine.pt\/index.php\/2026\/03\/13\/um-lugar-onde-viver-crescer-e-pertencer\/#breadcrumb\"},\"inLanguage\":\"pt-PT\",\"potentialAction\":[{\"@type\":\"ReadAction\",\"target\":[\"https:\/\/maismagazine.pt\/index.php\/2026\/03\/13\/um-lugar-onde-viver-crescer-e-pertencer\/\"]}]},{\"@type\":\"ImageObject\",\"inLanguage\":\"pt-PT\",\"@id\":\"https:\/\/maismagazine.pt\/index.php\/2026\/03\/13\/um-lugar-onde-viver-crescer-e-pertencer\/#primaryimage\",\"url\":\"https:\/\/maismagazine.pt\/wp-content\/uploads\/2026\/03\/YDRAY-Seleccion-micampus-2-1.jpg\",\"contentUrl\":\"https:\/\/maismagazine.pt\/wp-content\/uploads\/2026\/03\/YDRAY-Seleccion-micampus-2-1.jpg\",\"width\":750,\"height\":500},{\"@type\":\"BreadcrumbList\",\"@id\":\"https:\/\/maismagazine.pt\/index.php\/2026\/03\/13\/um-lugar-onde-viver-crescer-e-pertencer\/#breadcrumb\",\"itemListElement\":[{\"@type\":\"ListItem\",\"position\":1,\"name\":\"Home\",\"item\":\"https:\/\/maismagazine.pt\/\"},{\"@type\":\"ListItem\",\"position\":2,\"name\":\"Um lugar onde viver, crescer e pertencer\"}]},{\"@type\":\"WebSite\",\"@id\":\"https:\/\/maismagazine.pt\/#website\",\"url\":\"https:\/\/maismagazine.pt\/\",\"name\":\"Mais Magazine\",\"description\":\"\",\"publisher\":{\"@id\":\"https:\/\/maismagazine.pt\/#organization\"},\"potentialAction\":[{\"@type\":\"SearchAction\",\"target\":{\"@type\":\"EntryPoint\",\"urlTemplate\":\"https:\/\/maismagazine.pt\/?s={search_term_string}\"},\"query-input\":{\"@type\":\"PropertyValueSpecification\",\"valueRequired\":true,\"valueName\":\"search_term_string\"}}],\"inLanguage\":\"pt-PT\"},{\"@type\":\"Organization\",\"@id\":\"https:\/\/maismagazine.pt\/#organization\",\"name\":\"Mais Magazine\",\"url\":\"https:\/\/maismagazine.pt\/\",\"logo\":{\"@type\":\"ImageObject\",\"inLanguage\":\"pt-PT\",\"@id\":\"https:\/\/maismagazine.pt\/#\/schema\/logo\/image\/\",\"url\":\"https:\/\/maismagazine.pt\/wp-content\/uploads\/2020\/04\/cropped-cropped-mais-magazine-site-logo-2.png\",\"contentUrl\":\"https:\/\/maismagazine.pt\/wp-content\/uploads\/2020\/04\/cropped-cropped-mais-magazine-site-logo-2.png\",\"width\":581,\"height\":90,\"caption\":\"Mais Magazine\"},\"image\":{\"@id\":\"https:\/\/maismagazine.pt\/#\/schema\/logo\/image\/\"}},{\"@type\":\"Person\",\"@id\":\"https:\/\/maismagazine.pt\/#\/schema\/person\/7426e2caeb8df32a1b56aa48dae778c9\",\"name\":\"Tatiana Martins\",\"image\":{\"@type\":\"ImageObject\",\"inLanguage\":\"pt-PT\",\"@id\":\"https:\/\/maismagazine.pt\/#\/schema\/person\/image\/\",\"url\":\"https:\/\/secure.gravatar.com\/avatar\/4b24a57f5d0425f2eb20981c4b53244e?s=96&d=mm&r=g\",\"contentUrl\":\"https:\/\/secure.gravatar.com\/avatar\/4b24a57f5d0425f2eb20981c4b53244e?s=96&d=mm&r=g\",\"caption\":\"Tatiana Martins\"},\"url\":\"https:\/\/maismagazine.pt\/index.php\/author\/tatiana\/\"}]}<\/script>\n<!-- \/ Yoast SEO plugin. -->","yoast_head_json":{"title":"Um lugar onde viver, crescer e pertencer - Mais Magazine","robots":{"index":"index","follow":"follow","max-snippet":"max-snippet:-1","max-image-preview":"max-image-preview:large","max-video-preview":"max-video-preview:-1"},"canonical":"https:\/\/maismagazine.pt\/index.php\/2026\/03\/13\/um-lugar-onde-viver-crescer-e-pertencer\/","og_locale":"pt_PT","og_type":"article","og_title":"Um lugar onde viver, crescer e pertencer - Mais Magazine","og_description":"Com 53 resid\u00eancias em 20 cidades de Portugal e Espanha, a micampus residencias tem vindo a afirmar-se como uma refer\u00eancia no setor do alojamento estudantil, distinguindo-se por uma proposta que vai al\u00e9m do conceito tradicional de resid\u00eancia universit\u00e1ria. A marca aposta numa abordagem integral que combina localiza\u00e7\u00f5es estrat\u00e9gicas, infraestruturas modernas,&hellip;","og_url":"https:\/\/maismagazine.pt\/index.php\/2026\/03\/13\/um-lugar-onde-viver-crescer-e-pertencer\/","og_site_name":"Mais Magazine","article_published_time":"2026-03-13T07:00:00+00:00","og_image":[{"width":750,"height":500,"url":"https:\/\/maismagazine.pt\/wp-content\/uploads\/2026\/03\/YDRAY-Seleccion-micampus-2-1.jpg","type":"image\/jpeg"}],"author":"Tatiana Martins","twitter_card":"summary_large_image","twitter_misc":{"Escrito por":false,"Tempo estimado de leitura":"6 minutos"},"schema":{"@context":"https:\/\/schema.org","@graph":[{"@type":"Article","@id":"https:\/\/maismagazine.pt\/index.php\/2026\/03\/13\/um-lugar-onde-viver-crescer-e-pertencer\/#article","isPartOf":{"@id":"https:\/\/maismagazine.pt\/index.php\/2026\/03\/13\/um-lugar-onde-viver-crescer-e-pertencer\/"},"author":{"name":"Tatiana Martins","@id":"https:\/\/maismagazine.pt\/#\/schema\/person\/7426e2caeb8df32a1b56aa48dae778c9"},"headline":"Um lugar onde viver, crescer e pertencer","datePublished":"2026-03-13T07:00:00+00:00","mainEntityOfPage":{"@id":"https:\/\/maismagazine.pt\/index.php\/2026\/03\/13\/um-lugar-onde-viver-crescer-e-pertencer\/"},"wordCount":959,"publisher":{"@id":"https:\/\/maismagazine.pt\/#organization"},"image":{"@id":"https:\/\/maismagazine.pt\/index.php\/2026\/03\/13\/um-lugar-onde-viver-crescer-e-pertencer\/#primaryimage"},"thumbnailUrl":"https:\/\/maismagazine.pt\/wp-content\/uploads\/2026\/03\/YDRAY-Seleccion-micampus-2-1.jpg","keywords":["alojamento","Ensino","Micampus residencias","Residencias estudantes"],"articleSection":["Destaques"],"inLanguage":"pt-PT"},{"@type":"WebPage","@id":"https:\/\/maismagazine.pt\/index.php\/2026\/03\/13\/um-lugar-onde-viver-crescer-e-pertencer\/","url":"https:\/\/maismagazine.pt\/index.php\/2026\/03\/13\/um-lugar-onde-viver-crescer-e-pertencer\/","name":"Um lugar onde viver, crescer e pertencer - Mais Magazine","isPartOf":{"@id":"https:\/\/maismagazine.pt\/#website"},"primaryImageOfPage":{"@id":"https:\/\/maismagazine.pt\/index.php\/2026\/03\/13\/um-lugar-onde-viver-crescer-e-pertencer\/#primaryimage"},"image":{"@id":"https:\/\/maismagazine.pt\/index.php\/2026\/03\/13\/um-lugar-onde-viver-crescer-e-pertencer\/#primaryimage"},"thumbnailUrl":"https:\/\/maismagazine.pt\/wp-content\/uploads\/2026\/03\/YDRAY-Seleccion-micampus-2-1.jpg","datePublished":"2026-03-13T07:00:00+00:00","breadcrumb":{"@id":"https:\/\/maismagazine.pt\/index.php\/2026\/03\/13\/um-lugar-onde-viver-crescer-e-pertencer\/#breadcrumb"},"inLanguage":"pt-PT","potentialAction":[{"@type":"ReadAction","target":["https:\/\/maismagazine.pt\/index.php\/2026\/03\/13\/um-lugar-onde-viver-crescer-e-pertencer\/"]}]},{"@type":"ImageObject","inLanguage":"pt-PT","@id":"https:\/\/maismagazine.pt\/index.php\/2026\/03\/13\/um-lugar-onde-viver-crescer-e-pertencer\/#primaryimage","url":"https:\/\/maismagazine.pt\/wp-content\/uploads\/2026\/03\/YDRAY-Seleccion-micampus-2-1.jpg","contentUrl":"https:\/\/maismagazine.pt\/wp-content\/uploads\/2026\/03\/YDRAY-Seleccion-micampus-2-1.jpg","width":750,"height":500},{"@type":"BreadcrumbList","@id":"https:\/\/maismagazine.pt\/index.php\/2026\/03\/13\/um-lugar-onde-viver-crescer-e-pertencer\/#breadcrumb","itemListElement":[{"@type":"ListItem","position":1,"name":"Home","item":"https:\/\/maismagazine.pt\/"},{"@type":"ListItem","position":2,"name":"Um lugar onde viver, crescer e pertencer"}]},{"@type":"WebSite","@id":"https:\/\/maismagazine.pt\/#website","url":"https:\/\/maismagazine.pt\/","name":"Mais Magazine","description":"","publisher":{"@id":"https:\/\/maismagazine.pt\/#organization"},"potentialAction":[{"@type":"SearchAction","target":{"@type":"EntryPoint","urlTemplate":"https:\/\/maismagazine.pt\/?s={search_term_string}"},"query-input":{"@type":"PropertyValueSpecification","valueRequired":true,"valueName":"search_term_string"}}],"inLanguage":"pt-PT"},{"@type":"Organization","@id":"https:\/\/maismagazine.pt\/#organization","name":"Mais Magazine","url":"https:\/\/maismagazine.pt\/","logo":{"@type":"ImageObject","inLanguage":"pt-PT","@id":"https:\/\/maismagazine.pt\/#\/schema\/logo\/image\/","url":"https:\/\/maismagazine.pt\/wp-content\/uploads\/2020\/04\/cropped-cropped-mais-magazine-site-logo-2.png","contentUrl":"https:\/\/maismagazine.pt\/wp-content\/uploads\/2020\/04\/cropped-cropped-mais-magazine-site-logo-2.png","width":581,"height":90,"caption":"Mais Magazine"},"image":{"@id":"https:\/\/maismagazine.pt\/#\/schema\/logo\/image\/"}},{"@type":"Person","@id":"https:\/\/maismagazine.pt\/#\/schema\/person\/7426e2caeb8df32a1b56aa48dae778c9","name":"Tatiana Martins","image":{"@type":"ImageObject","inLanguage":"pt-PT","@id":"https:\/\/maismagazine.pt\/#\/schema\/person\/image\/","url":"https:\/\/secure.gravatar.com\/avatar\/4b24a57f5d0425f2eb20981c4b53244e?s=96&d=mm&r=g","contentUrl":"https:\/\/secure.gravatar.com\/avatar\/4b24a57f5d0425f2eb20981c4b53244e?s=96&d=mm&r=g","caption":"Tatiana Martins"},"url":"https:\/\/maismagazine.pt\/index.php\/author\/tatiana\/"}]}},"author_meta":{"display_name":false,"author_link":"https:\/\/maismagazine.pt\/index.php\/author\/tatiana\/"},"featured_img":"https:\/\/maismagazine.pt\/wp-content\/uploads\/2026\/03\/YDRAY-Seleccion-micampus-2-1-300x200.jpg","coauthors":[],"tax_additional":{"categories":{"linked":["<a href=\"https:\/\/maismagazine.pt\/index.php\/category\/destaques\/\" class=\"advgb-post-tax-term\">Destaques<\/a>"],"unlinked":["<span class=\"advgb-post-tax-term\">Destaques<\/span>"]},"tags":{"linked":["<a href=\"https:\/\/maismagazine.pt\/index.php\/category\/destaques\/\" class=\"advgb-post-tax-term\">alojamento<\/a>","<a href=\"https:\/\/maismagazine.pt\/index.php\/category\/destaques\/\" class=\"advgb-post-tax-term\">Ensino<\/a>","<a href=\"https:\/\/maismagazine.pt\/index.php\/category\/destaques\/\" class=\"advgb-post-tax-term\">Micampus residencias<\/a>","<a href=\"https:\/\/maismagazine.pt\/index.php\/category\/destaques\/\" class=\"advgb-post-tax-term\">Residencias estudantes<\/a>"],"unlinked":["<span class=\"advgb-post-tax-term\">alojamento<\/span>","<span class=\"advgb-post-tax-term\">Ensino<\/span>","<span class=\"advgb-post-tax-term\">Micampus residencias<\/span>","<span class=\"advgb-post-tax-term\">Residencias estudantes<\/span>"]}},"comment_count":"0","relative_dates":{"created":"Posted 2 meses ago","modified":"Updated 2 meses ago"},"absolute_dates":{"created":"Posted on 13 de Mar\u00e7o, 2026","modified":"Updated on 10 de Mar\u00e7o, 2026"},"absolute_dates_time":{"created":"Posted on 13 de Mar\u00e7o, 2026 7:00","modified":"Updated on 10 de Mar\u00e7o, 2026 16:39"},"featured_img_caption":"","series_order":"","_links":{"self":[{"href":"https:\/\/maismagazine.pt\/index.php\/wp-json\/wp\/v2\/posts\/13712","targetHints":{"allow":["GET"]}}],"collection":[{"href":"https:\/\/maismagazine.pt\/index.php\/wp-json\/wp\/v2\/posts"}],"about":[{"href":"https:\/\/maismagazine.pt\/index.php\/wp-json\/wp\/v2\/types\/post"}],"author":[{"embeddable":true,"href":"https:\/\/maismagazine.pt\/index.php\/wp-json\/wp\/v2\/users\/18"}],"replies":[{"embeddable":true,"href":"https:\/\/maismagazine.pt\/index.php\/wp-json\/wp\/v2\/comments?post=13712"}],"version-history":[{"count":1,"href":"https:\/\/maismagazine.pt\/index.php\/wp-json\/wp\/v2\/posts\/13712\/revisions"}],"predecessor-version":[{"id":13742,"href":"https:\/\/maismagazine.pt\/index.php\/wp-json\/wp\/v2\/posts\/13712\/revisions\/13742"}],"wp:featuredmedia":[{"embeddable":true,"href":"https:\/\/maismagazine.pt\/index.php\/wp-json\/wp\/v2\/media\/13721"}],"wp:attachment":[{"href":"https:\/\/maismagazine.pt\/index.php\/wp-json\/wp\/v2\/media?parent=13712"}],"wp:term":[{"taxonomy":"category","embeddable":true,"href":"https:\/\/maismagazine.pt\/index.php\/wp-json\/wp\/v2\/categories?post=13712"},{"taxonomy":"post_tag","embeddable":true,"href":"https:\/\/maismagazine.pt\/index.php\/wp-json\/wp\/v2\/tags?post=13712"}],"curies":[{"name":"wp","href":"https:\/\/api.w.org\/{rel}","templated":true}]}}