{"id":13682,"date":"2026-03-13T07:00:00","date_gmt":"2026-03-13T07:00:00","guid":{"rendered":"https:\/\/maismagazine.pt\/?p=13682"},"modified":"2026-03-10T16:06:29","modified_gmt":"2026-03-10T16:06:29","slug":"faculdade-de-psicologia-e-de-ciencias-da-educacao-da-universidade-de-coimbra-2","status":"publish","type":"post","link":"https:\/\/maismagazine.pt\/index.php\/2026\/03\/13\/faculdade-de-psicologia-e-de-ciencias-da-educacao-da-universidade-de-coimbra-2\/","title":{"rendered":"Faculdade de Psicologia e de Ci\u00eancias da Educa\u00e7\u00e3o da Universidade de Coimbra"},"content":{"rendered":"\n<p><strong>Licenciaturas<\/strong><\/p>\n\n\n\n<ul class=\"wp-block-list\">\n<li>Psicologia<\/li>\n<\/ul>\n\n\n\n<ul class=\"wp-block-list\">\n<li>Ci\u00eancias da Educa\u00e7\u00e3o<\/li>\n<\/ul>\n\n\n\n<ul class=\"wp-block-list\">\n<li>Servi\u00e7o Social<\/li>\n<\/ul>\n\n\n\n<p><\/p>\n\n\n\n<p><strong>Mestrados na \u00c1rea Cient\u00edfica predominante em Psicologia<\/strong><\/p>\n\n\n\n<ul class=\"wp-block-list\">\n<li>Interven\u00e7\u00f5es Cognitivo-Comportamentais em Psicologia Cl\u00ednica e da Sa\u00fade<\/li>\n\n\n\n<li>Neuropsicologia Cl\u00ednica: Avalia\u00e7\u00e3o e Reabilita\u00e7\u00e3o<\/li>\n\n\n\n<li>Psicologia Cl\u00ednica Forense<\/li>\n\n\n\n<li>Psicologia Cl\u00ednica Sist\u00e9mica e da Sa\u00fade<\/li>\n\n\n\n<li>Psicologia Organizacional<\/li>\n\n\n\n<li>Psicologia da Educa\u00e7\u00e3o, Desenvolvimento e Aconselhamento<\/li>\n\n\n\n<li>Psicologia do Trabalho, das Organiza\u00e7\u00f5es e dos Recursos Humanos (WOP-P) <\/li>\n<\/ul>\n\n\n\n<p><strong>Mestrados na \u00c1rea Cient\u00edfica predominante em Ci\u00eancias da Educa\u00e7\u00e3o<\/strong><\/p>\n\n\n\n<ul class=\"wp-block-list\">\n<li>Ci\u00eancias da Educa\u00e7\u00e3o<\/li>\n\n\n\n<li>Educa\u00e7\u00e3o Especial e Sociedade Inclusiva<\/li>\n\n\n\n<li>Educa\u00e7\u00e3o e Forma\u00e7\u00e3o de Adultos e Interven\u00e7\u00e3o Comunit\u00e1ria<\/li>\n\n\n\n<li>Administra\u00e7\u00e3o Educacional <\/li>\n<\/ul>\n\n\n\n<p><strong>Mestrados na \u00c1rea Cient\u00edfica predominante em Servi\u00e7o Social<\/strong><\/p>\n\n\n\n<ul class=\"wp-block-list\">\n<li>Servi\u00e7o Social<\/li>\n\n\n\n<li>Interven\u00e7\u00e3o Social, Inova\u00e7\u00e3o e Empreendedorismo <\/li>\n<\/ul>\n\n\n\n<p><strong>Doutoramentos<\/strong><\/p>\n\n\n\n<ul class=\"wp-block-list\">\n<li>Psicologia<\/li>\n\n\n\n<li>Ci\u00eancias da Educa\u00e7\u00e3o<\/li>\n\n\n\n<li>Servi\u00e7o Social (Interuniversit\u00e1rio)<\/li>\n<\/ul>\n\n\n\n<p><strong>CPSC: Consultas de Psicologia<\/strong><\/p>\n\n\n\n<ul class=\"wp-block-list\">\n<li>Avalia\u00e7\u00e3o Psicol\u00f3gica, Aconselhamento e Reabilita\u00e7\u00e3o<\/li>\n<\/ul>\n\n\n\n<ul class=\"wp-block-list\">\n<li>Avalia\u00e7\u00e3o Psicol\u00f3gica de Condutores<\/li>\n<\/ul>\n\n\n\n<ul class=\"wp-block-list\">\n<li>Consulta de Reabilita\u00e7\u00e3o Neuropsicol\u00f3gica <\/li>\n\n\n\n<li>Consulta do Sono NOVA<\/li>\n\n\n\n<li>Diversidade Sexual e Identidade de G\u00e9nero<\/li>\n\n\n\n<li>Orienta\u00e7\u00e3o e Aconselhamento de Carreira<\/li>\n\n\n\n<li>Psicoterapia de Grupo<\/li>\n\n\n\n<li>Terapia de Casal<\/li>\n\n\n\n<li>Terapia Familiar<\/li>\n\n\n\n<li>Resolu\u00e7\u00e3o de Problemas e Aprendizagens Escolares<\/li>\n\n\n\n<li>Assessoria ao Tribunal<\/li>\n\n\n\n<li>Gerontopsicologia<\/li>\n<\/ul>\n\n\n\n<p>O Centro de Presta\u00e7\u00e3o de Servi\u00e7os \u00e0 Comunidade (CPSC) tem como objetivo potenciar a articula\u00e7\u00e3o entre a academia e a comunidade, prestando uma grande diversidade de servi\u00e7os, que s\u00e3o assegurados por docentes e pro\u00e5ssionais de reconhecido m\u00e9rito, incluindo consultoria em v\u00e1rias \u00e1reas de especializa\u00e7\u00e3o (Procedimentos concursais: Avalia\u00e7\u00e3o Psicol\u00f3gica, Entrevista de Compet\u00eancias, Avalia\u00e7\u00e3o Psicol\u00f3gica de Condutores) e uma diversidade de consultas de Psicologia:<\/p>\n\n\n\n<p><a href=\"http:\/\/www.uc.pt\/fpce\/CPSC\">www.uc.pt\/fpce\/CPSC<\/a><\/p>\n\n\n\n<p><\/p>\n","protected":false},"excerpt":{"rendered":"<p>Licenciaturas Mestrados na \u00c1rea Cient\u00edfica predominante em Psicologia Mestrados na \u00c1rea Cient\u00edfica predominante em Ci\u00eancias da Educa\u00e7\u00e3o Mestrados na \u00c1rea Cient\u00edfica predominante em Servi\u00e7o Social Doutoramentos CPSC: Consultas de Psicologia O Centro de Presta\u00e7\u00e3o de Servi\u00e7os \u00e0 Comunidade (CPSC) tem como objetivo potenciar a articula\u00e7\u00e3o entre a academia e a&hellip;<\/p>\n","protected":false},"author":18,"featured_media":13696,"comment_status":"closed","ping_status":"open","sticky":false,"template":"","format":"standard","meta":{"advgb_blocks_editor_width":"","advgb_blocks_columns_visual_guide":"","_monsterinsights_skip_tracking":false,"_monsterinsights_sitenote_active":false,"_monsterinsights_sitenote_note":"","_monsterinsights_sitenote_category":0,"footnotes":""},"categories":[1460],"tags":[2256,521,2370,2255],"class_list":["post-13682","post","type-post","status-publish","format-standard","has-post-thumbnail","hentry","category-publicidade","tag-ciencias-da-educacao","tag-ensino","tag-faculdade-de-psicologia-e-de-ciencias-da-educacao-da-universidade-de-coimbra","tag-psicologia"],"yoast_head":"<!-- This site is optimized with the Yoast SEO plugin v24.4 - https:\/\/yoast.com\/wordpress\/plugins\/seo\/ -->\n<title>Faculdade de Psicologia e de Ci\u00eancias da Educa\u00e7\u00e3o da Universidade de Coimbra - Mais Magazine<\/title>\n<meta name=\"robots\" content=\"index, follow, max-snippet:-1, max-image-preview:large, max-video-preview:-1\" \/>\n<link rel=\"canonical\" href=\"https:\/\/maismagazine.pt\/index.php\/2026\/03\/13\/faculdade-de-psicologia-e-de-ciencias-da-educacao-da-universidade-de-coimbra-2\/\" \/>\n<meta property=\"og:locale\" content=\"pt_PT\" \/>\n<meta property=\"og:type\" content=\"article\" \/>\n<meta property=\"og:title\" content=\"Faculdade de Psicologia e de Ci\u00eancias da Educa\u00e7\u00e3o da Universidade de Coimbra - Mais Magazine\" \/>\n<meta property=\"og:description\" content=\"Licenciaturas Mestrados na \u00c1rea Cient\u00edfica predominante em Psicologia Mestrados na \u00c1rea Cient\u00edfica predominante em Ci\u00eancias da Educa\u00e7\u00e3o Mestrados na \u00c1rea Cient\u00edfica predominante em Servi\u00e7o Social Doutoramentos CPSC: Consultas de Psicologia O Centro de Presta\u00e7\u00e3o de Servi\u00e7os \u00e0 Comunidade (CPSC) tem como objetivo potenciar a articula\u00e7\u00e3o entre a academia e a&hellip;\" \/>\n<meta property=\"og:url\" content=\"https:\/\/maismagazine.pt\/index.php\/2026\/03\/13\/faculdade-de-psicologia-e-de-ciencias-da-educacao-da-universidade-de-coimbra-2\/\" \/>\n<meta property=\"og:site_name\" content=\"Mais Magazine\" \/>\n<meta property=\"article:published_time\" content=\"2026-03-13T07:00:00+00:00\" \/>\n<meta property=\"og:image\" content=\"https:\/\/maismagazine.pt\/wp-content\/uploads\/2026\/03\/images-2-1.png\" \/>\n\t<meta property=\"og:image:width\" content=\"225\" \/>\n\t<meta property=\"og:image:height\" content=\"225\" \/>\n\t<meta property=\"og:image:type\" content=\"image\/png\" \/>\n<meta name=\"author\" content=\"Tatiana Martins\" \/>\n<meta name=\"twitter:card\" content=\"summary_large_image\" \/>\n<meta name=\"twitter:label1\" content=\"Escrito por\" \/>\n\t<meta name=\"twitter:data1\" content=\"\" \/>\n\t<meta name=\"twitter:label2\" content=\"Tempo estimado de leitura\" \/>\n\t<meta name=\"twitter:data2\" content=\"2 minutos\" \/>\n<script type=\"application\/ld+json\" class=\"yoast-schema-graph\">{\"@context\":\"https:\/\/schema.org\",\"@graph\":[{\"@type\":\"Article\",\"@id\":\"https:\/\/maismagazine.pt\/index.php\/2026\/03\/13\/faculdade-de-psicologia-e-de-ciencias-da-educacao-da-universidade-de-coimbra-2\/#article\",\"isPartOf\":{\"@id\":\"https:\/\/maismagazine.pt\/index.php\/2026\/03\/13\/faculdade-de-psicologia-e-de-ciencias-da-educacao-da-universidade-de-coimbra-2\/\"},\"author\":{\"name\":\"Tatiana Martins\",\"@id\":\"http:\/\/maismagazine.pt\/#\/schema\/person\/7426e2caeb8df32a1b56aa48dae778c9\"},\"headline\":\"Faculdade de Psicologia e de Ci\u00eancias da Educa\u00e7\u00e3o da Universidade de Coimbra\",\"datePublished\":\"2026-03-13T07:00:00+00:00\",\"mainEntityOfPage\":{\"@id\":\"https:\/\/maismagazine.pt\/index.php\/2026\/03\/13\/faculdade-de-psicologia-e-de-ciencias-da-educacao-da-universidade-de-coimbra-2\/\"},\"wordCount\":294,\"publisher\":{\"@id\":\"http:\/\/maismagazine.pt\/#organization\"},\"image\":{\"@id\":\"https:\/\/maismagazine.pt\/index.php\/2026\/03\/13\/faculdade-de-psicologia-e-de-ciencias-da-educacao-da-universidade-de-coimbra-2\/#primaryimage\"},\"thumbnailUrl\":\"https:\/\/maismagazine.pt\/wp-content\/uploads\/2026\/03\/images-2-1.png\",\"keywords\":[\"Ci\u00eancias da Educa\u00e7\u00e3o\",\"Ensino\",\"Faculdade de Psicologia e de Ci\u00eancias da Educa\u00e7\u00e3o da Universidade de Coimbra\",\"Psicologia\"],\"articleSection\":[\"publicidade\"],\"inLanguage\":\"pt-PT\"},{\"@type\":\"WebPage\",\"@id\":\"https:\/\/maismagazine.pt\/index.php\/2026\/03\/13\/faculdade-de-psicologia-e-de-ciencias-da-educacao-da-universidade-de-coimbra-2\/\",\"url\":\"https:\/\/maismagazine.pt\/index.php\/2026\/03\/13\/faculdade-de-psicologia-e-de-ciencias-da-educacao-da-universidade-de-coimbra-2\/\",\"name\":\"Faculdade de Psicologia e de Ci\u00eancias da Educa\u00e7\u00e3o da Universidade de Coimbra - Mais Magazine\",\"isPartOf\":{\"@id\":\"http:\/\/maismagazine.pt\/#website\"},\"primaryImageOfPage\":{\"@id\":\"https:\/\/maismagazine.pt\/index.php\/2026\/03\/13\/faculdade-de-psicologia-e-de-ciencias-da-educacao-da-universidade-de-coimbra-2\/#primaryimage\"},\"image\":{\"@id\":\"https:\/\/maismagazine.pt\/index.php\/2026\/03\/13\/faculdade-de-psicologia-e-de-ciencias-da-educacao-da-universidade-de-coimbra-2\/#primaryimage\"},\"thumbnailUrl\":\"https:\/\/maismagazine.pt\/wp-content\/uploads\/2026\/03\/images-2-1.png\",\"datePublished\":\"2026-03-13T07:00:00+00:00\",\"breadcrumb\":{\"@id\":\"https:\/\/maismagazine.pt\/index.php\/2026\/03\/13\/faculdade-de-psicologia-e-de-ciencias-da-educacao-da-universidade-de-coimbra-2\/#breadcrumb\"},\"inLanguage\":\"pt-PT\",\"potentialAction\":[{\"@type\":\"ReadAction\",\"target\":[\"https:\/\/maismagazine.pt\/index.php\/2026\/03\/13\/faculdade-de-psicologia-e-de-ciencias-da-educacao-da-universidade-de-coimbra-2\/\"]}]},{\"@type\":\"ImageObject\",\"inLanguage\":\"pt-PT\",\"@id\":\"https:\/\/maismagazine.pt\/index.php\/2026\/03\/13\/faculdade-de-psicologia-e-de-ciencias-da-educacao-da-universidade-de-coimbra-2\/#primaryimage\",\"url\":\"https:\/\/maismagazine.pt\/wp-content\/uploads\/2026\/03\/images-2-1.png\",\"contentUrl\":\"https:\/\/maismagazine.pt\/wp-content\/uploads\/2026\/03\/images-2-1.png\",\"width\":225,\"height\":225},{\"@type\":\"BreadcrumbList\",\"@id\":\"https:\/\/maismagazine.pt\/index.php\/2026\/03\/13\/faculdade-de-psicologia-e-de-ciencias-da-educacao-da-universidade-de-coimbra-2\/#breadcrumb\",\"itemListElement\":[{\"@type\":\"ListItem\",\"position\":1,\"name\":\"Home\",\"item\":\"http:\/\/maismagazine.pt\/\"},{\"@type\":\"ListItem\",\"position\":2,\"name\":\"Faculdade de Psicologia e de Ci\u00eancias da Educa\u00e7\u00e3o da Universidade de Coimbra\"}]},{\"@type\":\"WebSite\",\"@id\":\"http:\/\/maismagazine.pt\/#website\",\"url\":\"http:\/\/maismagazine.pt\/\",\"name\":\"Mais Magazine\",\"description\":\"\",\"publisher\":{\"@id\":\"http:\/\/maismagazine.pt\/#organization\"},\"potentialAction\":[{\"@type\":\"SearchAction\",\"target\":{\"@type\":\"EntryPoint\",\"urlTemplate\":\"http:\/\/maismagazine.pt\/?s={search_term_string}\"},\"query-input\":{\"@type\":\"PropertyValueSpecification\",\"valueRequired\":true,\"valueName\":\"search_term_string\"}}],\"inLanguage\":\"pt-PT\"},{\"@type\":\"Organization\",\"@id\":\"http:\/\/maismagazine.pt\/#organization\",\"name\":\"Mais Magazine\",\"url\":\"http:\/\/maismagazine.pt\/\",\"logo\":{\"@type\":\"ImageObject\",\"inLanguage\":\"pt-PT\",\"@id\":\"http:\/\/maismagazine.pt\/#\/schema\/logo\/image\/\",\"url\":\"https:\/\/maismagazine.pt\/wp-content\/uploads\/2020\/04\/cropped-cropped-mais-magazine-site-logo-2.png\",\"contentUrl\":\"https:\/\/maismagazine.pt\/wp-content\/uploads\/2020\/04\/cropped-cropped-mais-magazine-site-logo-2.png\",\"width\":581,\"height\":90,\"caption\":\"Mais Magazine\"},\"image\":{\"@id\":\"http:\/\/maismagazine.pt\/#\/schema\/logo\/image\/\"}},{\"@type\":\"Person\",\"@id\":\"http:\/\/maismagazine.pt\/#\/schema\/person\/7426e2caeb8df32a1b56aa48dae778c9\",\"name\":\"Tatiana Martins\",\"image\":{\"@type\":\"ImageObject\",\"inLanguage\":\"pt-PT\",\"@id\":\"http:\/\/maismagazine.pt\/#\/schema\/person\/image\/\",\"url\":\"https:\/\/secure.gravatar.com\/avatar\/4b24a57f5d0425f2eb20981c4b53244e?s=96&d=mm&r=g\",\"contentUrl\":\"https:\/\/secure.gravatar.com\/avatar\/4b24a57f5d0425f2eb20981c4b53244e?s=96&d=mm&r=g\",\"caption\":\"Tatiana Martins\"},\"url\":\"https:\/\/maismagazine.pt\/index.php\/author\/tatiana\/\"}]}<\/script>\n<!-- \/ Yoast SEO plugin. -->","yoast_head_json":{"title":"Faculdade de Psicologia e de Ci\u00eancias da Educa\u00e7\u00e3o da Universidade de Coimbra - Mais Magazine","robots":{"index":"index","follow":"follow","max-snippet":"max-snippet:-1","max-image-preview":"max-image-preview:large","max-video-preview":"max-video-preview:-1"},"canonical":"https:\/\/maismagazine.pt\/index.php\/2026\/03\/13\/faculdade-de-psicologia-e-de-ciencias-da-educacao-da-universidade-de-coimbra-2\/","og_locale":"pt_PT","og_type":"article","og_title":"Faculdade de Psicologia e de Ci\u00eancias da Educa\u00e7\u00e3o da Universidade de Coimbra - Mais Magazine","og_description":"Licenciaturas Mestrados na \u00c1rea Cient\u00edfica predominante em Psicologia Mestrados na \u00c1rea Cient\u00edfica predominante em Ci\u00eancias da Educa\u00e7\u00e3o Mestrados na \u00c1rea Cient\u00edfica predominante em Servi\u00e7o Social Doutoramentos CPSC: Consultas de Psicologia O Centro de Presta\u00e7\u00e3o de Servi\u00e7os \u00e0 Comunidade (CPSC) tem como objetivo potenciar a articula\u00e7\u00e3o entre a academia e a&hellip;","og_url":"https:\/\/maismagazine.pt\/index.php\/2026\/03\/13\/faculdade-de-psicologia-e-de-ciencias-da-educacao-da-universidade-de-coimbra-2\/","og_site_name":"Mais Magazine","article_published_time":"2026-03-13T07:00:00+00:00","og_image":[{"width":225,"height":225,"url":"https:\/\/maismagazine.pt\/wp-content\/uploads\/2026\/03\/images-2-1.png","type":"image\/png"}],"author":"Tatiana Martins","twitter_card":"summary_large_image","twitter_misc":{"Escrito por":false,"Tempo estimado de leitura":"2 minutos"},"schema":{"@context":"https:\/\/schema.org","@graph":[{"@type":"Article","@id":"https:\/\/maismagazine.pt\/index.php\/2026\/03\/13\/faculdade-de-psicologia-e-de-ciencias-da-educacao-da-universidade-de-coimbra-2\/#article","isPartOf":{"@id":"https:\/\/maismagazine.pt\/index.php\/2026\/03\/13\/faculdade-de-psicologia-e-de-ciencias-da-educacao-da-universidade-de-coimbra-2\/"},"author":{"name":"Tatiana Martins","@id":"http:\/\/maismagazine.pt\/#\/schema\/person\/7426e2caeb8df32a1b56aa48dae778c9"},"headline":"Faculdade de Psicologia e de Ci\u00eancias da Educa\u00e7\u00e3o da Universidade de Coimbra","datePublished":"2026-03-13T07:00:00+00:00","mainEntityOfPage":{"@id":"https:\/\/maismagazine.pt\/index.php\/2026\/03\/13\/faculdade-de-psicologia-e-de-ciencias-da-educacao-da-universidade-de-coimbra-2\/"},"wordCount":294,"publisher":{"@id":"http:\/\/maismagazine.pt\/#organization"},"image":{"@id":"https:\/\/maismagazine.pt\/index.php\/2026\/03\/13\/faculdade-de-psicologia-e-de-ciencias-da-educacao-da-universidade-de-coimbra-2\/#primaryimage"},"thumbnailUrl":"https:\/\/maismagazine.pt\/wp-content\/uploads\/2026\/03\/images-2-1.png","keywords":["Ci\u00eancias da Educa\u00e7\u00e3o","Ensino","Faculdade de Psicologia e de Ci\u00eancias da Educa\u00e7\u00e3o da Universidade de Coimbra","Psicologia"],"articleSection":["publicidade"],"inLanguage":"pt-PT"},{"@type":"WebPage","@id":"https:\/\/maismagazine.pt\/index.php\/2026\/03\/13\/faculdade-de-psicologia-e-de-ciencias-da-educacao-da-universidade-de-coimbra-2\/","url":"https:\/\/maismagazine.pt\/index.php\/2026\/03\/13\/faculdade-de-psicologia-e-de-ciencias-da-educacao-da-universidade-de-coimbra-2\/","name":"Faculdade de Psicologia e de Ci\u00eancias da Educa\u00e7\u00e3o da Universidade de Coimbra - Mais Magazine","isPartOf":{"@id":"http:\/\/maismagazine.pt\/#website"},"primaryImageOfPage":{"@id":"https:\/\/maismagazine.pt\/index.php\/2026\/03\/13\/faculdade-de-psicologia-e-de-ciencias-da-educacao-da-universidade-de-coimbra-2\/#primaryimage"},"image":{"@id":"https:\/\/maismagazine.pt\/index.php\/2026\/03\/13\/faculdade-de-psicologia-e-de-ciencias-da-educacao-da-universidade-de-coimbra-2\/#primaryimage"},"thumbnailUrl":"https:\/\/maismagazine.pt\/wp-content\/uploads\/2026\/03\/images-2-1.png","datePublished":"2026-03-13T07:00:00+00:00","breadcrumb":{"@id":"https:\/\/maismagazine.pt\/index.php\/2026\/03\/13\/faculdade-de-psicologia-e-de-ciencias-da-educacao-da-universidade-de-coimbra-2\/#breadcrumb"},"inLanguage":"pt-PT","potentialAction":[{"@type":"ReadAction","target":["https:\/\/maismagazine.pt\/index.php\/2026\/03\/13\/faculdade-de-psicologia-e-de-ciencias-da-educacao-da-universidade-de-coimbra-2\/"]}]},{"@type":"ImageObject","inLanguage":"pt-PT","@id":"https:\/\/maismagazine.pt\/index.php\/2026\/03\/13\/faculdade-de-psicologia-e-de-ciencias-da-educacao-da-universidade-de-coimbra-2\/#primaryimage","url":"https:\/\/maismagazine.pt\/wp-content\/uploads\/2026\/03\/images-2-1.png","contentUrl":"https:\/\/maismagazine.pt\/wp-content\/uploads\/2026\/03\/images-2-1.png","width":225,"height":225},{"@type":"BreadcrumbList","@id":"https:\/\/maismagazine.pt\/index.php\/2026\/03\/13\/faculdade-de-psicologia-e-de-ciencias-da-educacao-da-universidade-de-coimbra-2\/#breadcrumb","itemListElement":[{"@type":"ListItem","position":1,"name":"Home","item":"http:\/\/maismagazine.pt\/"},{"@type":"ListItem","position":2,"name":"Faculdade de Psicologia e de Ci\u00eancias da Educa\u00e7\u00e3o da Universidade de Coimbra"}]},{"@type":"WebSite","@id":"http:\/\/maismagazine.pt\/#website","url":"http:\/\/maismagazine.pt\/","name":"Mais Magazine","description":"","publisher":{"@id":"http:\/\/maismagazine.pt\/#organization"},"potentialAction":[{"@type":"SearchAction","target":{"@type":"EntryPoint","urlTemplate":"http:\/\/maismagazine.pt\/?s={search_term_string}"},"query-input":{"@type":"PropertyValueSpecification","valueRequired":true,"valueName":"search_term_string"}}],"inLanguage":"pt-PT"},{"@type":"Organization","@id":"http:\/\/maismagazine.pt\/#organization","name":"Mais Magazine","url":"http:\/\/maismagazine.pt\/","logo":{"@type":"ImageObject","inLanguage":"pt-PT","@id":"http:\/\/maismagazine.pt\/#\/schema\/logo\/image\/","url":"https:\/\/maismagazine.pt\/wp-content\/uploads\/2020\/04\/cropped-cropped-mais-magazine-site-logo-2.png","contentUrl":"https:\/\/maismagazine.pt\/wp-content\/uploads\/2020\/04\/cropped-cropped-mais-magazine-site-logo-2.png","width":581,"height":90,"caption":"Mais Magazine"},"image":{"@id":"http:\/\/maismagazine.pt\/#\/schema\/logo\/image\/"}},{"@type":"Person","@id":"http:\/\/maismagazine.pt\/#\/schema\/person\/7426e2caeb8df32a1b56aa48dae778c9","name":"Tatiana Martins","image":{"@type":"ImageObject","inLanguage":"pt-PT","@id":"http:\/\/maismagazine.pt\/#\/schema\/person\/image\/","url":"https:\/\/secure.gravatar.com\/avatar\/4b24a57f5d0425f2eb20981c4b53244e?s=96&d=mm&r=g","contentUrl":"https:\/\/secure.gravatar.com\/avatar\/4b24a57f5d0425f2eb20981c4b53244e?s=96&d=mm&r=g","caption":"Tatiana Martins"},"url":"https:\/\/maismagazine.pt\/index.php\/author\/tatiana\/"}]}},"author_meta":{"display_name":false,"author_link":"https:\/\/maismagazine.pt\/index.php\/author\/tatiana\/"},"featured_img":"https:\/\/maismagazine.pt\/wp-content\/uploads\/2026\/03\/images-2-1.png","coauthors":[],"tax_additional":{"categories":{"linked":["<a href=\"https:\/\/maismagazine.pt\/index.php\/category\/publicidade\/\" class=\"advgb-post-tax-term\">publicidade<\/a>"],"unlinked":["<span class=\"advgb-post-tax-term\">publicidade<\/span>"]},"tags":{"linked":["<a href=\"https:\/\/maismagazine.pt\/index.php\/category\/publicidade\/\" class=\"advgb-post-tax-term\">Ci\u00eancias da Educa\u00e7\u00e3o<\/a>","<a href=\"https:\/\/maismagazine.pt\/index.php\/category\/publicidade\/\" class=\"advgb-post-tax-term\">Ensino<\/a>","<a href=\"https:\/\/maismagazine.pt\/index.php\/category\/publicidade\/\" class=\"advgb-post-tax-term\">Faculdade de Psicologia e de Ci\u00eancias da Educa\u00e7\u00e3o da Universidade de Coimbra<\/a>","<a href=\"https:\/\/maismagazine.pt\/index.php\/category\/publicidade\/\" class=\"advgb-post-tax-term\">Psicologia<\/a>"],"unlinked":["<span class=\"advgb-post-tax-term\">Ci\u00eancias da Educa\u00e7\u00e3o<\/span>","<span class=\"advgb-post-tax-term\">Ensino<\/span>","<span class=\"advgb-post-tax-term\">Faculdade de Psicologia e de Ci\u00eancias da Educa\u00e7\u00e3o da Universidade de Coimbra<\/span>","<span class=\"advgb-post-tax-term\">Psicologia<\/span>"]}},"comment_count":"0","relative_dates":{"created":"Posted 2 meses ago","modified":"Updated 2 meses ago"},"absolute_dates":{"created":"Posted on 13 de Mar\u00e7o, 2026","modified":"Updated on 10 de Mar\u00e7o, 2026"},"absolute_dates_time":{"created":"Posted on 13 de Mar\u00e7o, 2026 7:00","modified":"Updated on 10 de Mar\u00e7o, 2026 16:06"},"featured_img_caption":"","series_order":"","_links":{"self":[{"href":"https:\/\/maismagazine.pt\/index.php\/wp-json\/wp\/v2\/posts\/13682","targetHints":{"allow":["GET"]}}],"collection":[{"href":"https:\/\/maismagazine.pt\/index.php\/wp-json\/wp\/v2\/posts"}],"about":[{"href":"https:\/\/maismagazine.pt\/index.php\/wp-json\/wp\/v2\/types\/post"}],"author":[{"embeddable":true,"href":"https:\/\/maismagazine.pt\/index.php\/wp-json\/wp\/v2\/users\/18"}],"replies":[{"embeddable":true,"href":"https:\/\/maismagazine.pt\/index.php\/wp-json\/wp\/v2\/comments?post=13682"}],"version-history":[{"count":1,"href":"https:\/\/maismagazine.pt\/index.php\/wp-json\/wp\/v2\/posts\/13682\/revisions"}],"predecessor-version":[{"id":13697,"href":"https:\/\/maismagazine.pt\/index.php\/wp-json\/wp\/v2\/posts\/13682\/revisions\/13697"}],"wp:featuredmedia":[{"embeddable":true,"href":"https:\/\/maismagazine.pt\/index.php\/wp-json\/wp\/v2\/media\/13696"}],"wp:attachment":[{"href":"https:\/\/maismagazine.pt\/index.php\/wp-json\/wp\/v2\/media?parent=13682"}],"wp:term":[{"taxonomy":"category","embeddable":true,"href":"https:\/\/maismagazine.pt\/index.php\/wp-json\/wp\/v2\/categories?post=13682"},{"taxonomy":"post_tag","embeddable":true,"href":"https:\/\/maismagazine.pt\/index.php\/wp-json\/wp\/v2\/tags?post=13682"}],"curies":[{"name":"wp","href":"https:\/\/api.w.org\/{rel}","templated":true}]}}