{"id":13668,"date":"2026-03-13T07:00:00","date_gmt":"2026-03-13T07:00:00","guid":{"rendered":"https:\/\/maismagazine.pt\/?p=13668"},"modified":"2026-03-10T15:44:25","modified_gmt":"2026-03-10T15:44:25","slug":"faculdade-de-direito-da-universidade-de-coimbra-3","status":"publish","type":"post","link":"https:\/\/maismagazine.pt\/index.php\/2026\/03\/13\/faculdade-de-direito-da-universidade-de-coimbra-3\/","title":{"rendered":"Faculdade de Direito da Universidade de Coimbra"},"content":{"rendered":"\n<ul class=\"wp-block-list\">\n<li>Licenciaturas<\/li>\n<\/ul>\n\n\n\n<ul class=\"wp-block-list\">\n<li>Mestrados<\/li>\n\n\n\n<li>Doutoramentos<\/li>\n\n\n\n<li>P\u00f3s-Doutoramentos <br>Instituto Jur\u00eddico<\/li>\n\n\n\n<li>P\u00f3s-Gradua\u00e7\u00f5es<br>Centros Associados<\/li>\n<\/ul>\n\n\n\n<p><\/p>\n\n\n\n<p>O saber ocupa este lugar<\/p>\n\n\n\n<p>Vem ocupar o teu!<\/p>\n\n\n\n<p><\/p>\n\n\n\n<p><strong>Porqu\u00ea estudar na Faculdade de Direito da Universidade de Coimbra<\/strong><\/p>\n\n\n\n<p>&#8220;Escolher a FDUC \u00e9 integrar uma comunidade acad\u00e9mica de prest\u00edgio, exig\u00eancia e excel\u00eancia, que forma juristas preparados para intervir com compet\u00eancia, responsabilidade e vis\u00e3o cr\u00edtica na sociedade contempor\u00e2nea&#8221;.<\/p>\n\n\n\n<p><\/p>\n\n\n\n<p>&#8220;Estudar na Faculdade de Direito da Universidade de Coimbra \u00e9 optar por uma forma\u00e7\u00e3o jur\u00eddica de excel\u00eancia, alicer\u00e7ada numa tradi\u00e7\u00e3o secular e orientada para os desafios contempor\u00e2neos do Direito. A FDUC distingue-se, antes de mais, pela qualidade do ensino ministrado, estruturado com rigor cient\u00edfico, profundidade te\u00f3rica e permanente articula\u00e7\u00e3o com a pr\u00e1tica jur\u00eddica. Cada unidade curricular \u00e9 pensada para desenvolver no estudante n\u00e3o apenas o dom\u00ednio t\u00e9cnico do jur\u00eddico, mas tamb\u00e9m o esp\u00edrito cr\u00edtico, a capacidade de argumenta\u00e7\u00e3o e a autonomia intelectual&#8221;.<\/p>\n\n\n\n<p><\/p>\n\n\n\n<p>&#8220;A excel\u00eancia do ensino \u00e9 assegurada por um corpo docente altamente qualificado, composto por professores e investigadores de reconhecido m\u00e9rito acad\u00e9mico e cient\u00edfico, com relevante proje\u00e7\u00e3o nacional e internacional. A proximidade entre docentes e estudantes constitui uma marca distintiva da FDUC, promovendo um ambiente acad\u00e9mico exigente, mas simultaneamente estimulante e personalizado&#8221;.<\/p>\n\n\n\n<p><\/p>\n\n\n\n<p>&#8220;Um tra\u00e7o diferenciador da FDUC \u00e9 a sua capacidade de aliar tradi\u00e7\u00e3o e inova\u00e7\u00e3o. Sendo uma das mais prestigiadas Faculdades de Direito preserva o estudo s\u00f3lido das disciplinas cl\u00e1ssicas, fundamentais \u00e0 forma\u00e7\u00e3o de qualquer jurista, mas integra igualmente mat\u00e9rias de plena atualidade, acompanhando a evolu\u00e7\u00e3o do ordenamento jur\u00eddico, das transforma\u00e7\u00f5es econ\u00f3micas e das exig\u00eancias sociais. Assim, o estudante \u00e9 preparando para compreender os fundamentos do sistema jur\u00eddico e, simultaneamente, para enfrentar problemas novos e complexos, num ambiente acad\u00e9mico \u00fanico, que s\u00f3 uma cidade universit\u00e1ria como Coimbra proporciona&#8221;.<\/p>\n\n\n\n<p><\/p>\n\n\n\n<p>&#8220;O reconhecimento nacional e internacional da Faculdade constitui uma raz\u00e3o determinante. A posi\u00e7\u00e3o cimeira nos rankings universit\u00e1rios, bem como a reputa\u00e7\u00e3o consolidada junto de institui\u00e7\u00f5es, escrit\u00f3rios de advogados, tribunais e organismos p\u00fablicos, atestam a qualidade da forma\u00e7\u00e3o ministrada. Um diploma da FDUC representa, por isso, uma mais-valia acad\u00e9mica e profissional&#8221;.<\/p>\n\n\n\n<p><\/p>\n\n\n\n<p><a href=\"https:\/\/www.uc.pt\/fduc\">www.uc.pt\/fduc<\/a><\/p>\n","protected":false},"excerpt":{"rendered":"<p>O saber ocupa este lugar Vem ocupar o teu! Porqu\u00ea estudar na Faculdade de Direito da Universidade de Coimbra &#8220;Escolher a FDUC \u00e9 integrar uma comunidade acad\u00e9mica de prest\u00edgio, exig\u00eancia e excel\u00eancia, que forma juristas preparados para intervir com compet\u00eancia, responsabilidade e vis\u00e3o cr\u00edtica na sociedade contempor\u00e2nea&#8221;. &#8220;Estudar na Faculdade&hellip;<\/p>\n","protected":false},"author":18,"featured_media":13677,"comment_status":"closed","ping_status":"open","sticky":false,"template":"","format":"standard","meta":{"advgb_blocks_editor_width":"","advgb_blocks_columns_visual_guide":"","_monsterinsights_skip_tracking":false,"_monsterinsights_sitenote_active":false,"_monsterinsights_sitenote_note":"","_monsterinsights_sitenote_category":0,"footnotes":""},"categories":[1460],"tags":[729,521,1563],"class_list":["post-13668","post","type-post","status-publish","format-standard","has-post-thumbnail","hentry","category-publicidade","tag-direito","tag-ensino","tag-faculdade-de-direito-da-universidade-de-coimbra"],"yoast_head":"<!-- This site is optimized with the Yoast SEO plugin v24.4 - https:\/\/yoast.com\/wordpress\/plugins\/seo\/ -->\n<title>Faculdade de Direito da Universidade de Coimbra - Mais Magazine<\/title>\n<meta name=\"robots\" content=\"index, follow, max-snippet:-1, max-image-preview:large, max-video-preview:-1\" \/>\n<link rel=\"canonical\" href=\"http:\/\/maismagazine.pt\/index.php\/2026\/03\/13\/faculdade-de-direito-da-universidade-de-coimbra-3\/\" \/>\n<meta property=\"og:locale\" content=\"pt_PT\" \/>\n<meta property=\"og:type\" content=\"article\" \/>\n<meta property=\"og:title\" content=\"Faculdade de Direito da Universidade de Coimbra - Mais Magazine\" \/>\n<meta property=\"og:description\" content=\"O saber ocupa este lugar Vem ocupar o teu! Porqu\u00ea estudar na Faculdade de Direito da Universidade de Coimbra &#8220;Escolher a FDUC \u00e9 integrar uma comunidade acad\u00e9mica de prest\u00edgio, exig\u00eancia e excel\u00eancia, que forma juristas preparados para intervir com compet\u00eancia, responsabilidade e vis\u00e3o cr\u00edtica na sociedade contempor\u00e2nea&#8221;. &#8220;Estudar na Faculdade&hellip;\" \/>\n<meta property=\"og:url\" content=\"http:\/\/maismagazine.pt\/index.php\/2026\/03\/13\/faculdade-de-direito-da-universidade-de-coimbra-3\/\" \/>\n<meta property=\"og:site_name\" content=\"Mais Magazine\" \/>\n<meta property=\"article:published_time\" content=\"2026-03-13T07:00:00+00:00\" \/>\n<meta property=\"og:image\" content=\"http:\/\/maismagazine.pt\/wp-content\/uploads\/2026\/03\/images-2.png\" \/>\n\t<meta property=\"og:image:width\" content=\"225\" \/>\n\t<meta property=\"og:image:height\" content=\"225\" \/>\n\t<meta property=\"og:image:type\" content=\"image\/png\" \/>\n<meta name=\"author\" content=\"Tatiana Martins\" \/>\n<meta name=\"twitter:card\" content=\"summary_large_image\" \/>\n<meta name=\"twitter:label1\" content=\"Escrito por\" \/>\n\t<meta name=\"twitter:data1\" content=\"\" \/>\n\t<meta name=\"twitter:label2\" content=\"Tempo estimado de leitura\" \/>\n\t<meta name=\"twitter:data2\" content=\"3 minutos\" \/>\n<script type=\"application\/ld+json\" class=\"yoast-schema-graph\">{\"@context\":\"https:\/\/schema.org\",\"@graph\":[{\"@type\":\"Article\",\"@id\":\"http:\/\/maismagazine.pt\/index.php\/2026\/03\/13\/faculdade-de-direito-da-universidade-de-coimbra-3\/#article\",\"isPartOf\":{\"@id\":\"http:\/\/maismagazine.pt\/index.php\/2026\/03\/13\/faculdade-de-direito-da-universidade-de-coimbra-3\/\"},\"author\":{\"name\":\"Tatiana Martins\",\"@id\":\"http:\/\/maismagazine.pt\/#\/schema\/person\/7426e2caeb8df32a1b56aa48dae778c9\"},\"headline\":\"Faculdade de Direito da Universidade de Coimbra\",\"datePublished\":\"2026-03-13T07:00:00+00:00\",\"mainEntityOfPage\":{\"@id\":\"http:\/\/maismagazine.pt\/index.php\/2026\/03\/13\/faculdade-de-direito-da-universidade-de-coimbra-3\/\"},\"wordCount\":390,\"publisher\":{\"@id\":\"http:\/\/maismagazine.pt\/#organization\"},\"image\":{\"@id\":\"http:\/\/maismagazine.pt\/index.php\/2026\/03\/13\/faculdade-de-direito-da-universidade-de-coimbra-3\/#primaryimage\"},\"thumbnailUrl\":\"https:\/\/maismagazine.pt\/wp-content\/uploads\/2026\/03\/images-2.png\",\"keywords\":[\"Direito\",\"Ensino\",\"Faculdade de Direito da Universidade de Coimbra\"],\"articleSection\":[\"publicidade\"],\"inLanguage\":\"pt-PT\"},{\"@type\":\"WebPage\",\"@id\":\"http:\/\/maismagazine.pt\/index.php\/2026\/03\/13\/faculdade-de-direito-da-universidade-de-coimbra-3\/\",\"url\":\"http:\/\/maismagazine.pt\/index.php\/2026\/03\/13\/faculdade-de-direito-da-universidade-de-coimbra-3\/\",\"name\":\"Faculdade de Direito da Universidade de Coimbra - Mais Magazine\",\"isPartOf\":{\"@id\":\"http:\/\/maismagazine.pt\/#website\"},\"primaryImageOfPage\":{\"@id\":\"http:\/\/maismagazine.pt\/index.php\/2026\/03\/13\/faculdade-de-direito-da-universidade-de-coimbra-3\/#primaryimage\"},\"image\":{\"@id\":\"http:\/\/maismagazine.pt\/index.php\/2026\/03\/13\/faculdade-de-direito-da-universidade-de-coimbra-3\/#primaryimage\"},\"thumbnailUrl\":\"https:\/\/maismagazine.pt\/wp-content\/uploads\/2026\/03\/images-2.png\",\"datePublished\":\"2026-03-13T07:00:00+00:00\",\"breadcrumb\":{\"@id\":\"http:\/\/maismagazine.pt\/index.php\/2026\/03\/13\/faculdade-de-direito-da-universidade-de-coimbra-3\/#breadcrumb\"},\"inLanguage\":\"pt-PT\",\"potentialAction\":[{\"@type\":\"ReadAction\",\"target\":[\"http:\/\/maismagazine.pt\/index.php\/2026\/03\/13\/faculdade-de-direito-da-universidade-de-coimbra-3\/\"]}]},{\"@type\":\"ImageObject\",\"inLanguage\":\"pt-PT\",\"@id\":\"http:\/\/maismagazine.pt\/index.php\/2026\/03\/13\/faculdade-de-direito-da-universidade-de-coimbra-3\/#primaryimage\",\"url\":\"https:\/\/maismagazine.pt\/wp-content\/uploads\/2026\/03\/images-2.png\",\"contentUrl\":\"https:\/\/maismagazine.pt\/wp-content\/uploads\/2026\/03\/images-2.png\",\"width\":225,\"height\":225},{\"@type\":\"BreadcrumbList\",\"@id\":\"http:\/\/maismagazine.pt\/index.php\/2026\/03\/13\/faculdade-de-direito-da-universidade-de-coimbra-3\/#breadcrumb\",\"itemListElement\":[{\"@type\":\"ListItem\",\"position\":1,\"name\":\"Home\",\"item\":\"http:\/\/maismagazine.pt\/\"},{\"@type\":\"ListItem\",\"position\":2,\"name\":\"Faculdade de Direito da Universidade de Coimbra\"}]},{\"@type\":\"WebSite\",\"@id\":\"http:\/\/maismagazine.pt\/#website\",\"url\":\"http:\/\/maismagazine.pt\/\",\"name\":\"Mais Magazine\",\"description\":\"\",\"publisher\":{\"@id\":\"http:\/\/maismagazine.pt\/#organization\"},\"potentialAction\":[{\"@type\":\"SearchAction\",\"target\":{\"@type\":\"EntryPoint\",\"urlTemplate\":\"http:\/\/maismagazine.pt\/?s={search_term_string}\"},\"query-input\":{\"@type\":\"PropertyValueSpecification\",\"valueRequired\":true,\"valueName\":\"search_term_string\"}}],\"inLanguage\":\"pt-PT\"},{\"@type\":\"Organization\",\"@id\":\"http:\/\/maismagazine.pt\/#organization\",\"name\":\"Mais Magazine\",\"url\":\"http:\/\/maismagazine.pt\/\",\"logo\":{\"@type\":\"ImageObject\",\"inLanguage\":\"pt-PT\",\"@id\":\"http:\/\/maismagazine.pt\/#\/schema\/logo\/image\/\",\"url\":\"https:\/\/maismagazine.pt\/wp-content\/uploads\/2020\/04\/cropped-cropped-mais-magazine-site-logo-2.png\",\"contentUrl\":\"https:\/\/maismagazine.pt\/wp-content\/uploads\/2020\/04\/cropped-cropped-mais-magazine-site-logo-2.png\",\"width\":581,\"height\":90,\"caption\":\"Mais Magazine\"},\"image\":{\"@id\":\"http:\/\/maismagazine.pt\/#\/schema\/logo\/image\/\"}},{\"@type\":\"Person\",\"@id\":\"http:\/\/maismagazine.pt\/#\/schema\/person\/7426e2caeb8df32a1b56aa48dae778c9\",\"name\":\"Tatiana Martins\",\"image\":{\"@type\":\"ImageObject\",\"inLanguage\":\"pt-PT\",\"@id\":\"http:\/\/maismagazine.pt\/#\/schema\/person\/image\/\",\"url\":\"https:\/\/secure.gravatar.com\/avatar\/4b24a57f5d0425f2eb20981c4b53244e?s=96&d=mm&r=g\",\"contentUrl\":\"https:\/\/secure.gravatar.com\/avatar\/4b24a57f5d0425f2eb20981c4b53244e?s=96&d=mm&r=g\",\"caption\":\"Tatiana Martins\"},\"url\":\"https:\/\/maismagazine.pt\/index.php\/author\/tatiana\/\"}]}<\/script>\n<!-- \/ Yoast SEO plugin. -->","yoast_head_json":{"title":"Faculdade de Direito da Universidade de Coimbra - Mais Magazine","robots":{"index":"index","follow":"follow","max-snippet":"max-snippet:-1","max-image-preview":"max-image-preview:large","max-video-preview":"max-video-preview:-1"},"canonical":"http:\/\/maismagazine.pt\/index.php\/2026\/03\/13\/faculdade-de-direito-da-universidade-de-coimbra-3\/","og_locale":"pt_PT","og_type":"article","og_title":"Faculdade de Direito da Universidade de Coimbra - Mais Magazine","og_description":"O saber ocupa este lugar Vem ocupar o teu! Porqu\u00ea estudar na Faculdade de Direito da Universidade de Coimbra &#8220;Escolher a FDUC \u00e9 integrar uma comunidade acad\u00e9mica de prest\u00edgio, exig\u00eancia e excel\u00eancia, que forma juristas preparados para intervir com compet\u00eancia, responsabilidade e vis\u00e3o cr\u00edtica na sociedade contempor\u00e2nea&#8221;. &#8220;Estudar na Faculdade&hellip;","og_url":"http:\/\/maismagazine.pt\/index.php\/2026\/03\/13\/faculdade-de-direito-da-universidade-de-coimbra-3\/","og_site_name":"Mais Magazine","article_published_time":"2026-03-13T07:00:00+00:00","og_image":[{"width":225,"height":225,"url":"http:\/\/maismagazine.pt\/wp-content\/uploads\/2026\/03\/images-2.png","type":"image\/png"}],"author":"Tatiana Martins","twitter_card":"summary_large_image","twitter_misc":{"Escrito por":false,"Tempo estimado de leitura":"3 minutos"},"schema":{"@context":"https:\/\/schema.org","@graph":[{"@type":"Article","@id":"http:\/\/maismagazine.pt\/index.php\/2026\/03\/13\/faculdade-de-direito-da-universidade-de-coimbra-3\/#article","isPartOf":{"@id":"http:\/\/maismagazine.pt\/index.php\/2026\/03\/13\/faculdade-de-direito-da-universidade-de-coimbra-3\/"},"author":{"name":"Tatiana Martins","@id":"http:\/\/maismagazine.pt\/#\/schema\/person\/7426e2caeb8df32a1b56aa48dae778c9"},"headline":"Faculdade de Direito da Universidade de Coimbra","datePublished":"2026-03-13T07:00:00+00:00","mainEntityOfPage":{"@id":"http:\/\/maismagazine.pt\/index.php\/2026\/03\/13\/faculdade-de-direito-da-universidade-de-coimbra-3\/"},"wordCount":390,"publisher":{"@id":"http:\/\/maismagazine.pt\/#organization"},"image":{"@id":"http:\/\/maismagazine.pt\/index.php\/2026\/03\/13\/faculdade-de-direito-da-universidade-de-coimbra-3\/#primaryimage"},"thumbnailUrl":"https:\/\/maismagazine.pt\/wp-content\/uploads\/2026\/03\/images-2.png","keywords":["Direito","Ensino","Faculdade de Direito da Universidade de Coimbra"],"articleSection":["publicidade"],"inLanguage":"pt-PT"},{"@type":"WebPage","@id":"http:\/\/maismagazine.pt\/index.php\/2026\/03\/13\/faculdade-de-direito-da-universidade-de-coimbra-3\/","url":"http:\/\/maismagazine.pt\/index.php\/2026\/03\/13\/faculdade-de-direito-da-universidade-de-coimbra-3\/","name":"Faculdade de Direito da Universidade de Coimbra - Mais Magazine","isPartOf":{"@id":"http:\/\/maismagazine.pt\/#website"},"primaryImageOfPage":{"@id":"http:\/\/maismagazine.pt\/index.php\/2026\/03\/13\/faculdade-de-direito-da-universidade-de-coimbra-3\/#primaryimage"},"image":{"@id":"http:\/\/maismagazine.pt\/index.php\/2026\/03\/13\/faculdade-de-direito-da-universidade-de-coimbra-3\/#primaryimage"},"thumbnailUrl":"https:\/\/maismagazine.pt\/wp-content\/uploads\/2026\/03\/images-2.png","datePublished":"2026-03-13T07:00:00+00:00","breadcrumb":{"@id":"http:\/\/maismagazine.pt\/index.php\/2026\/03\/13\/faculdade-de-direito-da-universidade-de-coimbra-3\/#breadcrumb"},"inLanguage":"pt-PT","potentialAction":[{"@type":"ReadAction","target":["http:\/\/maismagazine.pt\/index.php\/2026\/03\/13\/faculdade-de-direito-da-universidade-de-coimbra-3\/"]}]},{"@type":"ImageObject","inLanguage":"pt-PT","@id":"http:\/\/maismagazine.pt\/index.php\/2026\/03\/13\/faculdade-de-direito-da-universidade-de-coimbra-3\/#primaryimage","url":"https:\/\/maismagazine.pt\/wp-content\/uploads\/2026\/03\/images-2.png","contentUrl":"https:\/\/maismagazine.pt\/wp-content\/uploads\/2026\/03\/images-2.png","width":225,"height":225},{"@type":"BreadcrumbList","@id":"http:\/\/maismagazine.pt\/index.php\/2026\/03\/13\/faculdade-de-direito-da-universidade-de-coimbra-3\/#breadcrumb","itemListElement":[{"@type":"ListItem","position":1,"name":"Home","item":"http:\/\/maismagazine.pt\/"},{"@type":"ListItem","position":2,"name":"Faculdade de Direito da Universidade de Coimbra"}]},{"@type":"WebSite","@id":"http:\/\/maismagazine.pt\/#website","url":"http:\/\/maismagazine.pt\/","name":"Mais Magazine","description":"","publisher":{"@id":"http:\/\/maismagazine.pt\/#organization"},"potentialAction":[{"@type":"SearchAction","target":{"@type":"EntryPoint","urlTemplate":"http:\/\/maismagazine.pt\/?s={search_term_string}"},"query-input":{"@type":"PropertyValueSpecification","valueRequired":true,"valueName":"search_term_string"}}],"inLanguage":"pt-PT"},{"@type":"Organization","@id":"http:\/\/maismagazine.pt\/#organization","name":"Mais Magazine","url":"http:\/\/maismagazine.pt\/","logo":{"@type":"ImageObject","inLanguage":"pt-PT","@id":"http:\/\/maismagazine.pt\/#\/schema\/logo\/image\/","url":"https:\/\/maismagazine.pt\/wp-content\/uploads\/2020\/04\/cropped-cropped-mais-magazine-site-logo-2.png","contentUrl":"https:\/\/maismagazine.pt\/wp-content\/uploads\/2020\/04\/cropped-cropped-mais-magazine-site-logo-2.png","width":581,"height":90,"caption":"Mais Magazine"},"image":{"@id":"http:\/\/maismagazine.pt\/#\/schema\/logo\/image\/"}},{"@type":"Person","@id":"http:\/\/maismagazine.pt\/#\/schema\/person\/7426e2caeb8df32a1b56aa48dae778c9","name":"Tatiana Martins","image":{"@type":"ImageObject","inLanguage":"pt-PT","@id":"http:\/\/maismagazine.pt\/#\/schema\/person\/image\/","url":"https:\/\/secure.gravatar.com\/avatar\/4b24a57f5d0425f2eb20981c4b53244e?s=96&d=mm&r=g","contentUrl":"https:\/\/secure.gravatar.com\/avatar\/4b24a57f5d0425f2eb20981c4b53244e?s=96&d=mm&r=g","caption":"Tatiana Martins"},"url":"https:\/\/maismagazine.pt\/index.php\/author\/tatiana\/"}]}},"author_meta":{"display_name":false,"author_link":"https:\/\/maismagazine.pt\/index.php\/author\/tatiana\/"},"featured_img":"https:\/\/maismagazine.pt\/wp-content\/uploads\/2026\/03\/images-2.png","coauthors":[],"tax_additional":{"categories":{"linked":["<a href=\"https:\/\/maismagazine.pt\/index.php\/category\/publicidade\/\" class=\"advgb-post-tax-term\">publicidade<\/a>"],"unlinked":["<span class=\"advgb-post-tax-term\">publicidade<\/span>"]},"tags":{"linked":["<a href=\"https:\/\/maismagazine.pt\/index.php\/category\/publicidade\/\" class=\"advgb-post-tax-term\">Direito<\/a>","<a href=\"https:\/\/maismagazine.pt\/index.php\/category\/publicidade\/\" class=\"advgb-post-tax-term\">Ensino<\/a>","<a href=\"https:\/\/maismagazine.pt\/index.php\/category\/publicidade\/\" class=\"advgb-post-tax-term\">Faculdade de Direito da Universidade de Coimbra<\/a>"],"unlinked":["<span class=\"advgb-post-tax-term\">Direito<\/span>","<span class=\"advgb-post-tax-term\">Ensino<\/span>","<span class=\"advgb-post-tax-term\">Faculdade de Direito da Universidade de Coimbra<\/span>"]}},"comment_count":"0","relative_dates":{"created":"Posted 2 meses ago","modified":"Updated 2 meses ago"},"absolute_dates":{"created":"Posted on 13 de Mar\u00e7o, 2026","modified":"Updated on 10 de Mar\u00e7o, 2026"},"absolute_dates_time":{"created":"Posted on 13 de Mar\u00e7o, 2026 7:00","modified":"Updated on 10 de Mar\u00e7o, 2026 15:44"},"featured_img_caption":"","series_order":"","_links":{"self":[{"href":"https:\/\/maismagazine.pt\/index.php\/wp-json\/wp\/v2\/posts\/13668","targetHints":{"allow":["GET"]}}],"collection":[{"href":"https:\/\/maismagazine.pt\/index.php\/wp-json\/wp\/v2\/posts"}],"about":[{"href":"https:\/\/maismagazine.pt\/index.php\/wp-json\/wp\/v2\/types\/post"}],"author":[{"embeddable":true,"href":"https:\/\/maismagazine.pt\/index.php\/wp-json\/wp\/v2\/users\/18"}],"replies":[{"embeddable":true,"href":"https:\/\/maismagazine.pt\/index.php\/wp-json\/wp\/v2\/comments?post=13668"}],"version-history":[{"count":1,"href":"https:\/\/maismagazine.pt\/index.php\/wp-json\/wp\/v2\/posts\/13668\/revisions"}],"predecessor-version":[{"id":13678,"href":"https:\/\/maismagazine.pt\/index.php\/wp-json\/wp\/v2\/posts\/13668\/revisions\/13678"}],"wp:featuredmedia":[{"embeddable":true,"href":"https:\/\/maismagazine.pt\/index.php\/wp-json\/wp\/v2\/media\/13677"}],"wp:attachment":[{"href":"https:\/\/maismagazine.pt\/index.php\/wp-json\/wp\/v2\/media?parent=13668"}],"wp:term":[{"taxonomy":"category","embeddable":true,"href":"https:\/\/maismagazine.pt\/index.php\/wp-json\/wp\/v2\/categories?post=13668"},{"taxonomy":"post_tag","embeddable":true,"href":"https:\/\/maismagazine.pt\/index.php\/wp-json\/wp\/v2\/tags?post=13668"}],"curies":[{"name":"wp","href":"https:\/\/api.w.org\/{rel}","templated":true}]}}