{"id":13634,"date":"2026-03-13T07:00:00","date_gmt":"2026-03-13T07:00:00","guid":{"rendered":"https:\/\/maismagazine.pt\/?p=13634"},"modified":"2026-03-10T15:09:02","modified_gmt":"2026-03-10T15:09:02","slug":"saude-oral-um-compromisso-partilhado","status":"publish","type":"post","link":"https:\/\/maismagazine.pt\/index.php\/2026\/03\/13\/saude-oral-um-compromisso-partilhado\/","title":{"rendered":"Sa\u00fade oral: Um compromisso partilhado"},"content":{"rendered":"\n<p><strong>Na <a href=\"http:\/\/www.vitraclinic.com\">Vitra Clinic<\/a>, a sa\u00fade oral \u00e9 encarada como parte integrante da sa\u00fade global, assente numa abordagem multidisciplinar, atualiza\u00e7\u00e3o cient\u00edfica cont\u00ednua e num acompanhamento verdadeiramente personalizado. A cl\u00ednica distingue-se por aliar tecnologia avan\u00e7ada a uma cultura cl\u00ednica centrada nas pessoas, promovendo preven\u00e7\u00e3o, educa\u00e7\u00e3o e excel\u00eancia terap\u00eautica com um compromisso claro entre rigor t\u00e9cnico e humanidade. <\/strong><\/p>\n\n\n\n<p><\/p>\n\n\n\n<p>No Dia Mundial da Sa\u00fade Oral, \u00e9 feito um convite \u00e0 reflex\u00e3o sobre a forma como pequenos h\u00e1bitos podem gerar uma grande diferen\u00e7a \u2014 uma ideia simples, mas profundamente transformadora. S\u00e3o, de facto, os pequenos gestos repetidos com consist\u00eancia que definem trajet\u00f3rias cl\u00ednicas e influenciam o bem-estar ao longo da vida.  <\/p>\n\n\n\n<p><\/p>\n\n\n\n<p>Na medicina dent\u00e1ria, esta realidade \u00e9 particularmente evidente. A educa\u00e7\u00e3o em sa\u00fade oral nas escolas, a sensibiliza\u00e7\u00e3o de pais e cuidadores e o acompanhamento por profissionais qualificados desde a inf\u00e2ncia traduzem-se em adultos com melhor sa\u00fade dent\u00e1ria e menor necessidade de interven\u00e7\u00f5es complexas. Pequenos h\u00e1bitos, quando orientados por profissionais experientes, reduzem custos a longo prazo, tornando a preven\u00e7\u00e3o simultaneamente um ato cl\u00ednico e uma estrat\u00e9gia de sa\u00fade p\u00fablica. <\/p>\n\n\n\n<p><\/p>\n\n\n<div class=\"wp-block-image\">\n<figure class=\"aligncenter size-full is-resized\"><img loading=\"lazy\" decoding=\"async\" width=\"728\" height=\"582\" src=\"https:\/\/maismagazine.pt\/wp-content\/uploads\/2026\/03\/vitra_clinic_magazine_shots.jpeg\" alt=\"\" class=\"wp-image-13636\" style=\"width:455px;height:auto\" srcset=\"https:\/\/maismagazine.pt\/wp-content\/uploads\/2026\/03\/vitra_clinic_magazine_shots.jpeg 728w, https:\/\/maismagazine.pt\/wp-content\/uploads\/2026\/03\/vitra_clinic_magazine_shots-300x240.jpeg 300w\" sizes=\"auto, (max-width: 728px) 100vw, 728px\" \/><figcaption class=\"wp-element-caption\">Dra. Ana Pragosa e Dr. S\u00e9rgio Sousa, Diretores Cl\u00ednicos da Vitra Clinic, Algarve<\/figcaption><\/figure><\/div>\n\n\n<p><\/p>\n\n\n\n<p>Contudo, falar de pequenos h\u00e1bitos n\u00e3o significa simplificar a medicina dent\u00e1ria. Pelo contr\u00e1rio, a medicina dent\u00e1ria contempor\u00e2nea integra tecnologia avan\u00e7ada e protocolos cada vez mais precisos, mantendo como base um acompanhamento personalizado, atento e respons\u00e1vel. Cuidar da sa\u00fade oral n\u00e3o deve ser encarado como uma op\u00e7\u00e3o est\u00e9tica, nem como uma \u00e1rea isolada da medicina; \u00e9 parte integrante da sa\u00fade geral. Sabe-se, por exemplo, que a inflama\u00e7\u00e3o oral cr\u00f3nica pode contribuir para inflama\u00e7\u00e3o sist\u00e9mica; que existe rela\u00e7\u00e3o entre doen\u00e7a periodontal e condi\u00e7\u00f5es como diabetes e doen\u00e7as cardiovasculares; ou que dist\u00farbios do sono s\u00e3o frequentemente detetados pelo m\u00e9dico dentista. <\/p>\n\n\n\n<p><\/p>\n\n\n\n<p>Existe tamb\u00e9m uma dimens\u00e3o social relevante. A sa\u00fade oral tem impacto direto na empregabilidade, na autoestima e na inclus\u00e3o social. Os profissionais de sa\u00fade assumem, por isso, uma responsabilidade que \u00e9 n\u00e3o apenas cl\u00ednica, mas tamb\u00e9m social. Na Vitra Clinic, este compromisso traduz-se numa abordagem multidisciplinar, sustentada por atualiza\u00e7\u00e3o cient\u00edfica cont\u00ednua. Contudo, a forma\u00e7\u00e3o t\u00e9cnica, por si s\u00f3, n\u00e3o \u00e9 suficiente. \u00c9 necess\u00e1ria uma cultura cl\u00ednica consolidada \u2014 uma equipa que planeia, comunica e acompanha cada paciente com coer\u00eancia entre valores e pr\u00e1tica. Trata-se de um compromisso com a excel\u00eancia, sem perder a humanidade. <\/p>\n\n\n\n<p><\/p>\n\n\n\n<p>A experi\u00eancia demonstra que n\u00e3o existem planos universais. Cada pessoa \u00e9 \u00fanica, com condi\u00e7\u00f5es sist\u00e9micas, contexto de vida e expectativas pr\u00f3prias. A forma como cada paciente \u00e9 recebido, ouvido e acompanhado influencia diretamente a sua experi\u00eancia e os seus resultados. Num contexto em que a sa\u00fade \u00e9 frequentemente tratada de forma acelerada, a cl\u00ednica defende que desacelerar para explicar \u00e9, tamb\u00e9m, um ato cl\u00ednico. O prop\u00f3sito n\u00e3o \u00e9 apenas tratar a doen\u00e7a instalada, mas contribuir para a mudan\u00e7a de h\u00e1bitos, ajudando cada pessoa a compreender o impacto das suas escolhas di\u00e1rias e a assumir um papel ativo na preserva\u00e7\u00e3o da sua sa\u00fade. <\/p>\n\n\n\n<p><\/p>\n\n\n\n<p>Porque, no fim, s\u00e3o os pequenos h\u00e1bitos, sustentados pela ci\u00eancia, pela experi\u00eancia e por uma cultura genu\u00edna de cuidado, que constroem a grande diferen\u00e7a na manuten\u00e7\u00e3o da sa\u00fade ao longo de toda a vida.    <\/p>\n\n\n\n<p><\/p>\n\n\n<div class=\"wp-block-image\">\n<figure class=\"aligncenter size-large is-resized\"><img loading=\"lazy\" decoding=\"async\" width=\"1024\" height=\"1024\" src=\"https:\/\/maismagazine.pt\/wp-content\/uploads\/2026\/03\/358715379_662317855922173_3489290540110637981_n-1024x1024.jpg\" alt=\"\" class=\"wp-image-13637\" style=\"width:269px;height:auto\" srcset=\"https:\/\/maismagazine.pt\/wp-content\/uploads\/2026\/03\/358715379_662317855922173_3489290540110637981_n-1024x1024.jpg 1024w, https:\/\/maismagazine.pt\/wp-content\/uploads\/2026\/03\/358715379_662317855922173_3489290540110637981_n-300x300.jpg 300w, https:\/\/maismagazine.pt\/wp-content\/uploads\/2026\/03\/358715379_662317855922173_3489290540110637981_n-150x150.jpg 150w, https:\/\/maismagazine.pt\/wp-content\/uploads\/2026\/03\/358715379_662317855922173_3489290540110637981_n-768x768.jpg 768w, https:\/\/maismagazine.pt\/wp-content\/uploads\/2026\/03\/358715379_662317855922173_3489290540110637981_n-1536x1536.jpg 1536w, https:\/\/maismagazine.pt\/wp-content\/uploads\/2026\/03\/358715379_662317855922173_3489290540110637981_n.jpg 1700w\" sizes=\"auto, (max-width: 1024px) 100vw, 1024px\" \/><\/figure><\/div>","protected":false},"excerpt":{"rendered":"<p>Na Vitra Clinic, a sa\u00fade oral \u00e9 encarada como parte integrante da sa\u00fade global, assente numa abordagem multidisciplinar, atualiza\u00e7\u00e3o cient\u00edfica cont\u00ednua e num acompanhamento verdadeiramente personalizado. A cl\u00ednica distingue-se por aliar tecnologia avan\u00e7ada a uma cultura cl\u00ednica centrada nas pessoas, promovendo preven\u00e7\u00e3o, educa\u00e7\u00e3o e excel\u00eancia terap\u00eautica com um compromisso claro&hellip;<\/p>\n","protected":false},"author":17,"featured_media":13638,"comment_status":"closed","ping_status":"open","sticky":false,"template":"","format":"standard","meta":{"advgb_blocks_editor_width":"","advgb_blocks_columns_visual_guide":"","_monsterinsights_skip_tracking":false,"_monsterinsights_sitenote_active":false,"_monsterinsights_sitenote_note":"","_monsterinsights_sitenote_category":0,"footnotes":""},"categories":[313],"tags":[2579],"class_list":["post-13634","post","type-post","status-publish","format-standard","has-post-thumbnail","hentry","category-saude","tag-vitra-clinic"],"yoast_head":"<!-- This site is optimized with the Yoast SEO plugin v24.4 - https:\/\/yoast.com\/wordpress\/plugins\/seo\/ -->\n<title>Sa\u00fade oral: Um compromisso partilhado - Mais Magazine<\/title>\n<meta name=\"description\" content=\"Na Vitra Clinic, a sa\u00fade oral \u00e9 encarada como parte integrante da sa\u00fade global, assente numa abordagem multidisciplinar, atualiza\u00e7\u00e3o cient\u00edfica cont\u00ednua e num acompanhamento verdadeiramente personalizado. A cl\u00ednica distingue-se por aliar tecnologia avan\u00e7ada a uma cultura cl\u00ednica centrada nas pessoas, promovendo preven\u00e7\u00e3o, educa\u00e7\u00e3o e excel\u00eancia terap\u00eautica com um compromisso claro entre rigor t\u00e9cnico e humanidade.\" \/>\n<meta name=\"robots\" content=\"index, follow, max-snippet:-1, max-image-preview:large, max-video-preview:-1\" \/>\n<link rel=\"canonical\" href=\"https:\/\/maismagazine.pt\/index.php\/2026\/03\/13\/saude-oral-um-compromisso-partilhado\/\" \/>\n<meta property=\"og:locale\" content=\"pt_PT\" \/>\n<meta property=\"og:type\" content=\"article\" \/>\n<meta property=\"og:title\" content=\"Sa\u00fade oral: Um compromisso partilhado - Mais Magazine\" \/>\n<meta property=\"og:description\" content=\"Na Vitra Clinic, a sa\u00fade oral \u00e9 encarada como parte integrante da sa\u00fade global, assente numa abordagem multidisciplinar, atualiza\u00e7\u00e3o cient\u00edfica cont\u00ednua e num acompanhamento verdadeiramente personalizado. A cl\u00ednica distingue-se por aliar tecnologia avan\u00e7ada a uma cultura cl\u00ednica centrada nas pessoas, promovendo preven\u00e7\u00e3o, educa\u00e7\u00e3o e excel\u00eancia terap\u00eautica com um compromisso claro entre rigor t\u00e9cnico e humanidade.\" \/>\n<meta property=\"og:url\" content=\"https:\/\/maismagazine.pt\/index.php\/2026\/03\/13\/saude-oral-um-compromisso-partilhado\/\" \/>\n<meta property=\"og:site_name\" content=\"Mais Magazine\" \/>\n<meta property=\"article:published_time\" content=\"2026-03-13T07:00:00+00:00\" \/>\n<meta property=\"og:image\" content=\"https:\/\/maismagazine.pt\/wp-content\/uploads\/2026\/03\/rec2.jpg\" \/>\n\t<meta property=\"og:image:width\" content=\"804\" \/>\n\t<meta property=\"og:image:height\" content=\"536\" \/>\n\t<meta property=\"og:image:type\" content=\"image\/jpeg\" \/>\n<meta name=\"author\" content=\"Tiago Costa\" \/>\n<meta name=\"twitter:card\" content=\"summary_large_image\" \/>\n<meta name=\"twitter:label1\" content=\"Escrito por\" \/>\n\t<meta name=\"twitter:data1\" content=\"\" \/>\n\t<meta name=\"twitter:label2\" content=\"Tempo estimado de leitura\" \/>\n\t<meta name=\"twitter:data2\" content=\"4 minutos\" \/>\n<script type=\"application\/ld+json\" class=\"yoast-schema-graph\">{\"@context\":\"https:\/\/schema.org\",\"@graph\":[{\"@type\":\"Article\",\"@id\":\"https:\/\/maismagazine.pt\/index.php\/2026\/03\/13\/saude-oral-um-compromisso-partilhado\/#article\",\"isPartOf\":{\"@id\":\"https:\/\/maismagazine.pt\/index.php\/2026\/03\/13\/saude-oral-um-compromisso-partilhado\/\"},\"author\":{\"name\":\"Tiago Costa\",\"@id\":\"https:\/\/maismagazine.pt\/#\/schema\/person\/c6c5bfccc886434cbd11c74e035f9646\"},\"headline\":\"Sa\u00fade oral: Um compromisso partilhado\",\"datePublished\":\"2026-03-13T07:00:00+00:00\",\"mainEntityOfPage\":{\"@id\":\"https:\/\/maismagazine.pt\/index.php\/2026\/03\/13\/saude-oral-um-compromisso-partilhado\/\"},\"wordCount\":611,\"publisher\":{\"@id\":\"https:\/\/maismagazine.pt\/#organization\"},\"image\":{\"@id\":\"https:\/\/maismagazine.pt\/index.php\/2026\/03\/13\/saude-oral-um-compromisso-partilhado\/#primaryimage\"},\"thumbnailUrl\":\"https:\/\/maismagazine.pt\/wp-content\/uploads\/2026\/03\/rec2.jpg\",\"keywords\":[\"Vitra Clinic\"],\"articleSection\":[\"Sa\u00fade\"],\"inLanguage\":\"pt-PT\"},{\"@type\":\"WebPage\",\"@id\":\"https:\/\/maismagazine.pt\/index.php\/2026\/03\/13\/saude-oral-um-compromisso-partilhado\/\",\"url\":\"https:\/\/maismagazine.pt\/index.php\/2026\/03\/13\/saude-oral-um-compromisso-partilhado\/\",\"name\":\"Sa\u00fade oral: Um compromisso partilhado - Mais Magazine\",\"isPartOf\":{\"@id\":\"https:\/\/maismagazine.pt\/#website\"},\"primaryImageOfPage\":{\"@id\":\"https:\/\/maismagazine.pt\/index.php\/2026\/03\/13\/saude-oral-um-compromisso-partilhado\/#primaryimage\"},\"image\":{\"@id\":\"https:\/\/maismagazine.pt\/index.php\/2026\/03\/13\/saude-oral-um-compromisso-partilhado\/#primaryimage\"},\"thumbnailUrl\":\"https:\/\/maismagazine.pt\/wp-content\/uploads\/2026\/03\/rec2.jpg\",\"datePublished\":\"2026-03-13T07:00:00+00:00\",\"description\":\"Na Vitra Clinic, a sa\u00fade oral \u00e9 encarada como parte integrante da sa\u00fade global, assente numa abordagem multidisciplinar, atualiza\u00e7\u00e3o cient\u00edfica cont\u00ednua e num acompanhamento verdadeiramente personalizado. A cl\u00ednica distingue-se por aliar tecnologia avan\u00e7ada a uma cultura cl\u00ednica centrada nas pessoas, promovendo preven\u00e7\u00e3o, educa\u00e7\u00e3o e excel\u00eancia terap\u00eautica com um compromisso claro entre rigor t\u00e9cnico e humanidade.\",\"breadcrumb\":{\"@id\":\"https:\/\/maismagazine.pt\/index.php\/2026\/03\/13\/saude-oral-um-compromisso-partilhado\/#breadcrumb\"},\"inLanguage\":\"pt-PT\",\"potentialAction\":[{\"@type\":\"ReadAction\",\"target\":[\"https:\/\/maismagazine.pt\/index.php\/2026\/03\/13\/saude-oral-um-compromisso-partilhado\/\"]}]},{\"@type\":\"ImageObject\",\"inLanguage\":\"pt-PT\",\"@id\":\"https:\/\/maismagazine.pt\/index.php\/2026\/03\/13\/saude-oral-um-compromisso-partilhado\/#primaryimage\",\"url\":\"https:\/\/maismagazine.pt\/wp-content\/uploads\/2026\/03\/rec2.jpg\",\"contentUrl\":\"https:\/\/maismagazine.pt\/wp-content\/uploads\/2026\/03\/rec2.jpg\",\"width\":804,\"height\":536},{\"@type\":\"BreadcrumbList\",\"@id\":\"https:\/\/maismagazine.pt\/index.php\/2026\/03\/13\/saude-oral-um-compromisso-partilhado\/#breadcrumb\",\"itemListElement\":[{\"@type\":\"ListItem\",\"position\":1,\"name\":\"Home\",\"item\":\"https:\/\/maismagazine.pt\/\"},{\"@type\":\"ListItem\",\"position\":2,\"name\":\"Sa\u00fade oral: Um compromisso partilhado\"}]},{\"@type\":\"WebSite\",\"@id\":\"https:\/\/maismagazine.pt\/#website\",\"url\":\"https:\/\/maismagazine.pt\/\",\"name\":\"Mais Magazine\",\"description\":\"\",\"publisher\":{\"@id\":\"https:\/\/maismagazine.pt\/#organization\"},\"potentialAction\":[{\"@type\":\"SearchAction\",\"target\":{\"@type\":\"EntryPoint\",\"urlTemplate\":\"https:\/\/maismagazine.pt\/?s={search_term_string}\"},\"query-input\":{\"@type\":\"PropertyValueSpecification\",\"valueRequired\":true,\"valueName\":\"search_term_string\"}}],\"inLanguage\":\"pt-PT\"},{\"@type\":\"Organization\",\"@id\":\"https:\/\/maismagazine.pt\/#organization\",\"name\":\"Mais Magazine\",\"url\":\"https:\/\/maismagazine.pt\/\",\"logo\":{\"@type\":\"ImageObject\",\"inLanguage\":\"pt-PT\",\"@id\":\"https:\/\/maismagazine.pt\/#\/schema\/logo\/image\/\",\"url\":\"https:\/\/maismagazine.pt\/wp-content\/uploads\/2020\/04\/cropped-cropped-mais-magazine-site-logo-2.png\",\"contentUrl\":\"https:\/\/maismagazine.pt\/wp-content\/uploads\/2020\/04\/cropped-cropped-mais-magazine-site-logo-2.png\",\"width\":581,\"height\":90,\"caption\":\"Mais Magazine\"},\"image\":{\"@id\":\"https:\/\/maismagazine.pt\/#\/schema\/logo\/image\/\"}},{\"@type\":\"Person\",\"@id\":\"https:\/\/maismagazine.pt\/#\/schema\/person\/c6c5bfccc886434cbd11c74e035f9646\",\"name\":\"Tiago Costa\",\"image\":{\"@type\":\"ImageObject\",\"inLanguage\":\"pt-PT\",\"@id\":\"https:\/\/maismagazine.pt\/#\/schema\/person\/image\/\",\"url\":\"https:\/\/secure.gravatar.com\/avatar\/c599b2bce16c9870429198cbad5ee022?s=96&d=mm&r=g\",\"contentUrl\":\"https:\/\/secure.gravatar.com\/avatar\/c599b2bce16c9870429198cbad5ee022?s=96&d=mm&r=g\",\"caption\":\"Tiago Costa\"},\"url\":\"https:\/\/maismagazine.pt\/index.php\/author\/tiago\/\"}]}<\/script>\n<!-- \/ Yoast SEO plugin. -->","yoast_head_json":{"title":"Sa\u00fade oral: Um compromisso partilhado - Mais Magazine","description":"Na Vitra Clinic, a sa\u00fade oral \u00e9 encarada como parte integrante da sa\u00fade global, assente numa abordagem multidisciplinar, atualiza\u00e7\u00e3o cient\u00edfica cont\u00ednua e num acompanhamento verdadeiramente personalizado. A cl\u00ednica distingue-se por aliar tecnologia avan\u00e7ada a uma cultura cl\u00ednica centrada nas pessoas, promovendo preven\u00e7\u00e3o, educa\u00e7\u00e3o e excel\u00eancia terap\u00eautica com um compromisso claro entre rigor t\u00e9cnico e humanidade.","robots":{"index":"index","follow":"follow","max-snippet":"max-snippet:-1","max-image-preview":"max-image-preview:large","max-video-preview":"max-video-preview:-1"},"canonical":"https:\/\/maismagazine.pt\/index.php\/2026\/03\/13\/saude-oral-um-compromisso-partilhado\/","og_locale":"pt_PT","og_type":"article","og_title":"Sa\u00fade oral: Um compromisso partilhado - Mais Magazine","og_description":"Na Vitra Clinic, a sa\u00fade oral \u00e9 encarada como parte integrante da sa\u00fade global, assente numa abordagem multidisciplinar, atualiza\u00e7\u00e3o cient\u00edfica cont\u00ednua e num acompanhamento verdadeiramente personalizado. A cl\u00ednica distingue-se por aliar tecnologia avan\u00e7ada a uma cultura cl\u00ednica centrada nas pessoas, promovendo preven\u00e7\u00e3o, educa\u00e7\u00e3o e excel\u00eancia terap\u00eautica com um compromisso claro entre rigor t\u00e9cnico e humanidade.","og_url":"https:\/\/maismagazine.pt\/index.php\/2026\/03\/13\/saude-oral-um-compromisso-partilhado\/","og_site_name":"Mais Magazine","article_published_time":"2026-03-13T07:00:00+00:00","og_image":[{"width":804,"height":536,"url":"https:\/\/maismagazine.pt\/wp-content\/uploads\/2026\/03\/rec2.jpg","type":"image\/jpeg"}],"author":"Tiago Costa","twitter_card":"summary_large_image","twitter_misc":{"Escrito por":false,"Tempo estimado de leitura":"4 minutos"},"schema":{"@context":"https:\/\/schema.org","@graph":[{"@type":"Article","@id":"https:\/\/maismagazine.pt\/index.php\/2026\/03\/13\/saude-oral-um-compromisso-partilhado\/#article","isPartOf":{"@id":"https:\/\/maismagazine.pt\/index.php\/2026\/03\/13\/saude-oral-um-compromisso-partilhado\/"},"author":{"name":"Tiago Costa","@id":"https:\/\/maismagazine.pt\/#\/schema\/person\/c6c5bfccc886434cbd11c74e035f9646"},"headline":"Sa\u00fade oral: Um compromisso partilhado","datePublished":"2026-03-13T07:00:00+00:00","mainEntityOfPage":{"@id":"https:\/\/maismagazine.pt\/index.php\/2026\/03\/13\/saude-oral-um-compromisso-partilhado\/"},"wordCount":611,"publisher":{"@id":"https:\/\/maismagazine.pt\/#organization"},"image":{"@id":"https:\/\/maismagazine.pt\/index.php\/2026\/03\/13\/saude-oral-um-compromisso-partilhado\/#primaryimage"},"thumbnailUrl":"https:\/\/maismagazine.pt\/wp-content\/uploads\/2026\/03\/rec2.jpg","keywords":["Vitra Clinic"],"articleSection":["Sa\u00fade"],"inLanguage":"pt-PT"},{"@type":"WebPage","@id":"https:\/\/maismagazine.pt\/index.php\/2026\/03\/13\/saude-oral-um-compromisso-partilhado\/","url":"https:\/\/maismagazine.pt\/index.php\/2026\/03\/13\/saude-oral-um-compromisso-partilhado\/","name":"Sa\u00fade oral: Um compromisso partilhado - Mais Magazine","isPartOf":{"@id":"https:\/\/maismagazine.pt\/#website"},"primaryImageOfPage":{"@id":"https:\/\/maismagazine.pt\/index.php\/2026\/03\/13\/saude-oral-um-compromisso-partilhado\/#primaryimage"},"image":{"@id":"https:\/\/maismagazine.pt\/index.php\/2026\/03\/13\/saude-oral-um-compromisso-partilhado\/#primaryimage"},"thumbnailUrl":"https:\/\/maismagazine.pt\/wp-content\/uploads\/2026\/03\/rec2.jpg","datePublished":"2026-03-13T07:00:00+00:00","description":"Na Vitra Clinic, a sa\u00fade oral \u00e9 encarada como parte integrante da sa\u00fade global, assente numa abordagem multidisciplinar, atualiza\u00e7\u00e3o cient\u00edfica cont\u00ednua e num acompanhamento verdadeiramente personalizado. A cl\u00ednica distingue-se por aliar tecnologia avan\u00e7ada a uma cultura cl\u00ednica centrada nas pessoas, promovendo preven\u00e7\u00e3o, educa\u00e7\u00e3o e excel\u00eancia terap\u00eautica com um compromisso claro entre rigor t\u00e9cnico e humanidade.","breadcrumb":{"@id":"https:\/\/maismagazine.pt\/index.php\/2026\/03\/13\/saude-oral-um-compromisso-partilhado\/#breadcrumb"},"inLanguage":"pt-PT","potentialAction":[{"@type":"ReadAction","target":["https:\/\/maismagazine.pt\/index.php\/2026\/03\/13\/saude-oral-um-compromisso-partilhado\/"]}]},{"@type":"ImageObject","inLanguage":"pt-PT","@id":"https:\/\/maismagazine.pt\/index.php\/2026\/03\/13\/saude-oral-um-compromisso-partilhado\/#primaryimage","url":"https:\/\/maismagazine.pt\/wp-content\/uploads\/2026\/03\/rec2.jpg","contentUrl":"https:\/\/maismagazine.pt\/wp-content\/uploads\/2026\/03\/rec2.jpg","width":804,"height":536},{"@type":"BreadcrumbList","@id":"https:\/\/maismagazine.pt\/index.php\/2026\/03\/13\/saude-oral-um-compromisso-partilhado\/#breadcrumb","itemListElement":[{"@type":"ListItem","position":1,"name":"Home","item":"https:\/\/maismagazine.pt\/"},{"@type":"ListItem","position":2,"name":"Sa\u00fade oral: Um compromisso partilhado"}]},{"@type":"WebSite","@id":"https:\/\/maismagazine.pt\/#website","url":"https:\/\/maismagazine.pt\/","name":"Mais Magazine","description":"","publisher":{"@id":"https:\/\/maismagazine.pt\/#organization"},"potentialAction":[{"@type":"SearchAction","target":{"@type":"EntryPoint","urlTemplate":"https:\/\/maismagazine.pt\/?s={search_term_string}"},"query-input":{"@type":"PropertyValueSpecification","valueRequired":true,"valueName":"search_term_string"}}],"inLanguage":"pt-PT"},{"@type":"Organization","@id":"https:\/\/maismagazine.pt\/#organization","name":"Mais Magazine","url":"https:\/\/maismagazine.pt\/","logo":{"@type":"ImageObject","inLanguage":"pt-PT","@id":"https:\/\/maismagazine.pt\/#\/schema\/logo\/image\/","url":"https:\/\/maismagazine.pt\/wp-content\/uploads\/2020\/04\/cropped-cropped-mais-magazine-site-logo-2.png","contentUrl":"https:\/\/maismagazine.pt\/wp-content\/uploads\/2020\/04\/cropped-cropped-mais-magazine-site-logo-2.png","width":581,"height":90,"caption":"Mais Magazine"},"image":{"@id":"https:\/\/maismagazine.pt\/#\/schema\/logo\/image\/"}},{"@type":"Person","@id":"https:\/\/maismagazine.pt\/#\/schema\/person\/c6c5bfccc886434cbd11c74e035f9646","name":"Tiago Costa","image":{"@type":"ImageObject","inLanguage":"pt-PT","@id":"https:\/\/maismagazine.pt\/#\/schema\/person\/image\/","url":"https:\/\/secure.gravatar.com\/avatar\/c599b2bce16c9870429198cbad5ee022?s=96&d=mm&r=g","contentUrl":"https:\/\/secure.gravatar.com\/avatar\/c599b2bce16c9870429198cbad5ee022?s=96&d=mm&r=g","caption":"Tiago Costa"},"url":"https:\/\/maismagazine.pt\/index.php\/author\/tiago\/"}]}},"author_meta":{"display_name":false,"author_link":"https:\/\/maismagazine.pt\/index.php\/author\/tiago\/"},"featured_img":"https:\/\/maismagazine.pt\/wp-content\/uploads\/2026\/03\/rec2-300x200.jpg","coauthors":[],"tax_additional":{"categories":{"linked":["<a href=\"https:\/\/maismagazine.pt\/index.php\/category\/mundo-empresarial\/saude\/\" class=\"advgb-post-tax-term\">Sa\u00fade<\/a>"],"unlinked":["<span class=\"advgb-post-tax-term\">Sa\u00fade<\/span>"]},"tags":{"linked":["<a href=\"https:\/\/maismagazine.pt\/index.php\/category\/mundo-empresarial\/saude\/\" class=\"advgb-post-tax-term\">Vitra Clinic<\/a>"],"unlinked":["<span class=\"advgb-post-tax-term\">Vitra Clinic<\/span>"]}},"comment_count":"0","relative_dates":{"created":"Posted 2 meses ago","modified":"Updated 2 meses ago"},"absolute_dates":{"created":"Posted on 13 de Mar\u00e7o, 2026","modified":"Updated on 10 de Mar\u00e7o, 2026"},"absolute_dates_time":{"created":"Posted on 13 de Mar\u00e7o, 2026 7:00","modified":"Updated on 10 de Mar\u00e7o, 2026 15:09"},"featured_img_caption":"","series_order":"","_links":{"self":[{"href":"https:\/\/maismagazine.pt\/index.php\/wp-json\/wp\/v2\/posts\/13634","targetHints":{"allow":["GET"]}}],"collection":[{"href":"https:\/\/maismagazine.pt\/index.php\/wp-json\/wp\/v2\/posts"}],"about":[{"href":"https:\/\/maismagazine.pt\/index.php\/wp-json\/wp\/v2\/types\/post"}],"author":[{"embeddable":true,"href":"https:\/\/maismagazine.pt\/index.php\/wp-json\/wp\/v2\/users\/17"}],"replies":[{"embeddable":true,"href":"https:\/\/maismagazine.pt\/index.php\/wp-json\/wp\/v2\/comments?post=13634"}],"version-history":[{"count":2,"href":"https:\/\/maismagazine.pt\/index.php\/wp-json\/wp\/v2\/posts\/13634\/revisions"}],"predecessor-version":[{"id":13650,"href":"https:\/\/maismagazine.pt\/index.php\/wp-json\/wp\/v2\/posts\/13634\/revisions\/13650"}],"wp:featuredmedia":[{"embeddable":true,"href":"https:\/\/maismagazine.pt\/index.php\/wp-json\/wp\/v2\/media\/13638"}],"wp:attachment":[{"href":"https:\/\/maismagazine.pt\/index.php\/wp-json\/wp\/v2\/media?parent=13634"}],"wp:term":[{"taxonomy":"category","embeddable":true,"href":"https:\/\/maismagazine.pt\/index.php\/wp-json\/wp\/v2\/categories?post=13634"},{"taxonomy":"post_tag","embeddable":true,"href":"https:\/\/maismagazine.pt\/index.php\/wp-json\/wp\/v2\/tags?post=13634"}],"curies":[{"name":"wp","href":"https:\/\/api.w.org\/{rel}","templated":true}]}}