{"id":13627,"date":"2026-03-13T07:00:00","date_gmt":"2026-03-13T07:00:00","guid":{"rendered":"https:\/\/maismagazine.pt\/?p=13627"},"modified":"2026-03-10T15:15:14","modified_gmt":"2026-03-10T15:15:14","slug":"colegio-de-gaia-tradicao-que-inova-saber-que-transforma","status":"publish","type":"post","link":"https:\/\/maismagazine.pt\/index.php\/2026\/03\/13\/colegio-de-gaia-tradicao-que-inova-saber-que-transforma\/","title":{"rendered":"Col\u00e9gio de Gaia: tradi\u00e7\u00e3o que inova, saber que transforma"},"content":{"rendered":"\n<p><strong>Com quase um s\u00e9culo de hist\u00f3ria ao servi\u00e7o da educa\u00e7\u00e3o, o <a href=\"http:\/\/www.colgaia.pt\">Col\u00e9gio de Gaia \u2013 Escola Cat\u00f3lica<\/a> afirma-se como uma institui\u00e7\u00e3o de refer\u00eancia na forma\u00e7\u00e3o de crian\u00e7as e jovens, conjugando tradi\u00e7\u00e3o, inova\u00e7\u00e3o pedag\u00f3gica, al\u00e9m de uma forte liga\u00e7\u00e3o \u00e0 comunidade. O seu Projeto Educativo defende um compromisso claro com a excel\u00eancia acad\u00e9mica, a forma\u00e7\u00e3o humana integral e a prepara\u00e7\u00e3o dos alunos para os desafios do mundo contempor\u00e2neo.<\/strong><\/p>\n\n\n\n<p><\/p>\n\n\n\n<p><strong>Uma miss\u00e3o centrada na Pessoa<\/strong><\/p>\n\n\n\n<p>O Col\u00e9gio tem por miss\u00e3o proporcionar uma forma\u00e7\u00e3o integral, assente na qualidade, no conhecimento e no desenvolvimento das dimens\u00f5es humana, social, cultural e \u00e9tica dos alunos. A institui\u00e7\u00e3o oferece um ambiente acolhedor, onde cada aluno se sente valorizado e motivado, promovendo o sucesso individual e a constru\u00e7\u00e3o de projetos de vida s\u00f3lidos.<\/p>\n\n\n\n<p>O lema do Col\u00e9gio \u2013 \u201cS\u00f3 com a luz do saber se alcan\u00e7a a vit\u00f3ria\u201d \u2013 traduz a centralidade do conhecimento, da cidadania e dos valores na forma\u00e7\u00e3o dos jovens, preparando-os para o exerc\u00edcio respons\u00e1vel da liberdade, do pensamento cr\u00edtico e da participa\u00e7\u00e3o ativa na sociedade. <\/p>\n\n\n<div class=\"wp-block-image\">\n<figure class=\"aligncenter size-full is-resized\"><img loading=\"lazy\" decoding=\"async\" width=\"520\" height=\"346\" src=\"https:\/\/maismagazine.pt\/wp-content\/uploads\/2026\/03\/FOTO_1_EIA-1.jpg\" alt=\"\" class=\"wp-image-13648\" style=\"width:442px;height:auto\" srcset=\"https:\/\/maismagazine.pt\/wp-content\/uploads\/2026\/03\/FOTO_1_EIA-1.jpg 520w, https:\/\/maismagazine.pt\/wp-content\/uploads\/2026\/03\/FOTO_1_EIA-1-300x200.jpg 300w, https:\/\/maismagazine.pt\/wp-content\/uploads\/2026\/03\/FOTO_1_EIA-1-150x100.jpg 150w\" sizes=\"auto, (max-width: 520px) 100vw, 520px\" \/><\/figure><\/div>\n\n\n<blockquote class=\"wp-block-quote is-layout-flow wp-block-quote-is-layout-flow\">\n<p>Estudar no Col\u00e9gio, institui\u00e7\u00e3o exigente com profissionais altamente qualificados, transmitiu-me a import\u00e2ncia da dedica\u00e7\u00e3o ao trabalho. Os ensinamentos adquiridos foram essenciais para o ingresso na universidade e relevantes no meu percurso acad\u00e9mico. As compet\u00eancias t\u00e9cnicas obtidas, e a participa\u00e7\u00e3o em projetos, como a ExpoColgaia e o EUROSCOLA, foram fundamentais para fortalecer habilidades de comunica\u00e7\u00e3o e lideran\u00e7a. Reconhe\u00e7o o esp\u00edrito solid\u00e1rio promovido na institui\u00e7\u00e3o, que contribuiu para despertar em mim a vontade de ajudar os mais carenciados <br>&#8211; Eduardo Grossi \u2013 frequ\u00eancia da licenciatura em Engenharia Qu\u00edmica, na Faculdade de Engenharia da Faculdade do Porto<\/p>\n<\/blockquote>\n\n\n\n<p><\/p>\n\n\n\n<blockquote class=\"wp-block-quote is-layout-flow wp-block-quote-is-layout-flow\">\n<p>O Col\u00e9gio foi o alicerce de quem sou hoje. Guardo, com orgulho, valores e amizades para a vida<br>Gustavo Marques \u2013 frequ\u00eancia da licenciatura em Economia, na Faculdade de Economia, da Universidade do Porto<\/p>\n<\/blockquote>\n\n\n<div class=\"wp-block-image\">\n<figure class=\"alignright size-full is-resized\"><img loading=\"lazy\" decoding=\"async\" width=\"749\" height=\"411\" src=\"https:\/\/maismagazine.pt\/wp-content\/uploads\/2026\/03\/FOTO_1_EPAS.jpg\" alt=\"\" class=\"wp-image-13649\" style=\"width:467px;height:auto\" srcset=\"https:\/\/maismagazine.pt\/wp-content\/uploads\/2026\/03\/FOTO_1_EPAS.jpg 749w, https:\/\/maismagazine.pt\/wp-content\/uploads\/2026\/03\/FOTO_1_EPAS-300x165.jpg 300w\" sizes=\"auto, (max-width: 749px) 100vw, 749px\" \/><\/figure><\/div>\n\n\n<p><strong>Valores estruturantes de uma educa\u00e7\u00e3o de excel\u00eancia<\/strong><\/p>\n\n\n\n<p>A identidade assenta em valores fundamentais, como a aprendizagem permanente, a responsabilidade, o respeito, a integridade, a fraternidade e o esp\u00edrito de equipa. Estes princ\u00edpios orientam a a\u00e7\u00e3o educativa e consolidam uma cultura escolar que coloca o aluno no centro do processo educativo, promovendo uma educa\u00e7\u00e3o exigente, inclusiva e inovadora. <\/p>\n\n\n\n<p>A vis\u00e3o estrat\u00e9gica da institui\u00e7\u00e3o \u00e9 a de se afirmar como um Col\u00e9gio de refer\u00eancia, reconhecido pela excel\u00eancia da sua forma\u00e7\u00e3o, pela inova\u00e7\u00e3o pedag\u00f3gica e pela capacidade de formar cidad\u00e3os competentes, solid\u00e1rios e preparados para os desafios do futuro.<\/p>\n\n\n\n<p><\/p>\n\n\n\n<blockquote class=\"wp-block-quote is-layout-flow wp-block-quote-is-layout-flow\">\n<p>Frequentei o curso com Plano Pr\u00f3prio de Administra\u00e7\u00e3o e Marketing no Col\u00e9gio, o que contribuiu para o meu percurso no ensino superior. A forma\u00e7\u00e3o recebida permitiu e facilitou a nova etapa da minha vida. A rela\u00e7\u00e3o pr\u00f3xima com os professores e o seu permanente e dedicado acompanhamento, os valores humanos transmitidos, o respeito, o trabalho em equipa, o ambiente escolar de apoio e entreajuda foram muito importantes para o meu crescimento pessoal e acad\u00e9mico.<br>&#8211; Mariana Lemos &#8211; frequ\u00eancia da licenciatura em Gest\u00e3o, na Faculdade de Economia, da Universidade do Porto <\/p>\n<\/blockquote>\n\n\n\n<p><\/p>\n\n\n\n<p><strong>Uma oferta educativa completa, da inf\u00e2ncia ao ensino secund\u00e1rio<\/strong><\/p>\n\n\n\n<p>A nossa Institui\u00e7\u00e3o oferece um percurso educativo cont\u00ednuo, desde a educa\u00e7\u00e3o pr\u00e9-escolar at\u00e9 ao ensino secund\u00e1rio, assegurando a continuidade pedag\u00f3gica e a coer\u00eancia formativa ao longo de todo o percurso escolar. <\/p>\n\n\n<div class=\"wp-block-image\">\n<figure class=\"aligncenter size-large is-resized\"><img loading=\"lazy\" decoding=\"async\" width=\"1024\" height=\"569\" src=\"https:\/\/maismagazine.pt\/wp-content\/uploads\/2026\/03\/FOTO_6_AQB-1024x569.jpg\" alt=\"\" class=\"wp-image-13651\" style=\"width:482px;height:auto\" srcset=\"https:\/\/maismagazine.pt\/wp-content\/uploads\/2026\/03\/FOTO_6_AQB-1024x569.jpg 1024w, https:\/\/maismagazine.pt\/wp-content\/uploads\/2026\/03\/FOTO_6_AQB-300x167.jpg 300w, https:\/\/maismagazine.pt\/wp-content\/uploads\/2026\/03\/FOTO_6_AQB-768x427.jpg 768w, https:\/\/maismagazine.pt\/wp-content\/uploads\/2026\/03\/FOTO_6_AQB.jpg 1178w\" sizes=\"auto, (max-width: 1024px) 100vw, 1024px\" \/><\/figure><\/div>\n\n\n<blockquote class=\"wp-block-quote is-layout-flow wp-block-quote-is-layout-flow\">\n<p>Frequentar o Col\u00e9gio de Gaia, nomeadamente o Ensino Secund\u00e1rio, no Curso com Plano Pr\u00f3prio de Mec\u00e2nica e Design Industrial, permitiu-me adquirir compet\u00eancias fundamentais para o meu percurso acad\u00e9mico e pessoal. As disciplinas t\u00e9cnicas revelaram-se particularmente \u00fateis, n\u00e3o s\u00f3 para consolidar os conhecimentos te\u00f3ricos adquiridos, mas tamb\u00e9m para compreender a sua aplica\u00e7\u00e3o pr\u00e1tica. Al\u00e9m disso, constitu\u00edram uma excelente base para as unidades curriculares que encontrei posteriormente na universidade. Por outro lado, a realiza\u00e7\u00e3o do est\u00e1gio em contexto empresarial proporcionou-me um primeiro contacto com a ind\u00fastria, permitindo-me adquirir conhecimentos e compet\u00eancias adicionais. No meu caso, esta experi\u00eancia foi determinante para a valoriza\u00e7\u00e3o do meu curr\u00edculo e para o meu desenvolvimento profissional.<br>&#8211; Tiago Morgado Teixeira \u2013 frequ\u00eancia do mestrado em Engenharia e Gest\u00e3o Industrial, na Universidade de Aveiro<\/p>\n<\/blockquote>\n\n\n\n<p><\/p>\n\n\n\n<p><strong>Educa\u00e7\u00e3o Pr\u00e9-Escolar<\/strong><\/p>\n\n\n\n<p>Na educa\u00e7\u00e3o pr\u00e9-escolar, o Col\u00e9gio promove o desenvolvimento integral da crian\u00e7a, estimulando a curiosidade, a criatividade e as compet\u00eancias sociais e emocionais. As pr\u00e1ticas pedag\u00f3gicas s\u00e3o centradas na aprendizagem ativa, na interdisciplinaridade e na liga\u00e7\u00e3o ao meio envolvente, promovendo, desde cedo, o gosto pela descoberta e pela aprendizagem.<\/p>\n\n\n\n<p><\/p>\n\n\n\n<blockquote class=\"wp-block-quote is-layout-flow wp-block-quote-is-layout-flow\">\n<p>Durante a minha frequ\u00eancia no Col\u00e9gio de Gaia, entre 2018 e 2021, no curso de Comunica\u00e7\u00e3o Multim\u00e9dia, adquiri aprendizagens em \u00e1reas como comunica\u00e7\u00e3o, multim\u00e9dia e design, tendo optado por aprofundar esta \u00faltima. O percurso permitiu explorar sa\u00eddas como fotografia, branding, modela\u00e7\u00e3o, maquetiza\u00e7\u00e3o e jornalismo. A Forma\u00e7\u00e3o em Contexto de Trabalho proporcionou uma experi\u00eancia direta com o contexto profissional do design e a Prova de Aptid\u00e3o Professional permitiu desenvolver um projeto pessoal, a partir do zero. Posteriormente, ingressei na licenciatura em Design de Comunica\u00e7\u00e3o na FBAUP, encontrando-me atualmente a frequentar o Mestrado em Design Gr\u00e1fico e Projetos Editoriais, com uma base s\u00f3lida, adquirida no ensino secund\u00e1rio.<br>&#8211; In\u00eas Teixeira &#8211; frequ\u00eancia de mestrado em Design Gr\u00e1fico e Projetos Editoriais, na Faculdade de Belas Artes, na Universidade do Porto<\/p>\n<\/blockquote>\n\n\n<div class=\"wp-block-image\">\n<figure class=\"alignleft size-full is-resized\"><img loading=\"lazy\" decoding=\"async\" width=\"375\" height=\"500\" src=\"https:\/\/maismagazine.pt\/wp-content\/uploads\/2026\/03\/FOTO_1_TSA.png\" alt=\"\" class=\"wp-image-13657\" style=\"width:305px;height:auto\" srcset=\"https:\/\/maismagazine.pt\/wp-content\/uploads\/2026\/03\/FOTO_1_TSA.png 375w, https:\/\/maismagazine.pt\/wp-content\/uploads\/2026\/03\/FOTO_1_TSA-225x300.png 225w\" sizes=\"auto, (max-width: 375px) 100vw, 375px\" \/><\/figure><\/div>\n\n\n<p><strong>Ensino B\u00e1sico (1.\u00ba, 2.\u00ba e 3.\u00ba ciclos)<\/strong><\/p>\n\n\n\n<p>Nos diferentes ciclos do ensino b\u00e1sico, o Col\u00e9gio aposta num curr\u00edculo s\u00f3lido, refor\u00e7ando disciplinas fundamentais, como Portugu\u00eas, Matem\u00e1tica, Ingl\u00eas, Hist\u00f3ria e Geografia, e diversificando a oferta nas \u00e1reas art\u00edstica, cient\u00edfica e tecnol\u00f3gica. A integra\u00e7\u00e3o de disciplinas como Rob\u00f3tica, Laborat\u00f3rio de Ci\u00eancias e Express\u00e3o Art\u00edstica evidencia o compromisso com a inova\u00e7\u00e3o pedag\u00f3gica e o desenvolvimento de compet\u00eancias do s\u00e9culo XXI.<\/p>\n\n\n\n<p>A par do curr\u00edculo formal, o Col\u00e9gio disponibiliza atividades de enriquecimento curricular nas \u00e1reas cient\u00edfica, art\u00edstica, tecnol\u00f3gica e desportiva, promovendo um desenvolvimento harmonioso e multidimensional dos alunos. <\/p>\n\n\n\n<p><\/p>\n\n\n\n<blockquote class=\"wp-block-quote is-layout-flow wp-block-quote-is-layout-flow\">\n<p>A colabora\u00e7\u00e3o com o Col\u00e9gio constitui uma parceria consolidada, materializada na rece\u00e7\u00e3o anual de estagi\u00e1rios de diversos cursos, resultando numa rela\u00e7\u00e3o desafiante e ben\u00e9fica para ambas as institui\u00e7\u00f5es. Os estudantes demonstram uma s\u00f3lida prepara\u00e7\u00e3o t\u00e9cnica, abertura \u00e0 aprendizagem e elevada capacidade de adapta\u00e7\u00e3o, facilitando o desenvolvimento de compet\u00eancias profissionais, sociais e transversais. As avalia\u00e7\u00f5es realizadas no final dos est\u00e1gios apontam para ganhos significativos ao n\u00edvel da comunica\u00e7\u00e3o, do trabalho em equipa, da organiza\u00e7\u00e3o e do sentido de responsabilidade, perce\u00e7\u00e3o que \u00e9 corroborada pelos pr\u00f3prios estagi\u00e1rios no balan\u00e7o da experi\u00eancia vivenciada<br>&#8211; Isabel Ardions <br>Coordenadora do GEE|ISCAP <\/p>\n<\/blockquote>\n\n\n\n<p><\/p>\n\n\n\n<p><strong>Ensino Secund\u00e1rio com planos pr\u00f3prios, uma oferta diferenciadora<\/strong><\/p>\n\n\n\n<p>O ensino secund\u00e1rio distingue-se pela oferta de cursos com planos pr\u00f3prios, uma proposta educativa inovadora e diferenciadora, orientada simultaneamente para o prosseguimento de estudos e para a inser\u00e7\u00e3o no mercado de trabalho. Estes cursos, com dupla certifica\u00e7\u00e3o, integram componentes de forma\u00e7\u00e3o geral, cient\u00edfica e tecnol\u00f3gica, refor\u00e7adas com forma\u00e7\u00e3o em contexto de trabalho.Atualmente, o Col\u00e9gio oferece 13 cursos com planos pr\u00f3prios, organizados em diversas \u00e1reas estrat\u00e9gicas de forma\u00e7\u00e3o:<\/p>\n\n\n\n<p>\u00b7 Administra\u00e7\u00e3o e Marketing<\/p>\n\n\n\n<p>\u00b7 An\u00e1lises Qu\u00edmico-Biol\u00f3gicas<\/p>\n\n\n\n<p>\u00b7 Anima\u00e7\u00e3o e Gest\u00e3o Desportiva<\/p>\n\n\n\n<p>\u00b7 Comunica\u00e7\u00e3o Multim\u00e9dia<\/p>\n\n\n\n<p>\u00b7 Contabilidade e Gest\u00e3o Empresarial<\/p>\n\n\n\n<p>\u00b7 Desenhador de Projetos \u2013 Arquitetura e Engenharia\u00b7 Eletr\u00f3nica, Telecomunica\u00e7\u00f5es e Computadores<\/p>\n\n\n\n<p>\u00b7 Eletr\u00f3nica Industrial e Automa\u00e7\u00e3o\u00b7 Inform\u00e1tica e Tecnologias Multim\u00e9dia<\/p>\n\n\n\n<p>\u00b7 Mec\u00e2nica e Design Industrial<\/p>\n\n\n\n<p>\u00b7 Tecnologias da Sa\u00fade<\/p>\n\n\n\n<p>\u00b7 Tecnologias e Seguran\u00e7a Alimentar<\/p>\n\n\n\n<p>\u00b7 Tecnologias e Sistemas de Informa\u00e7\u00e3o<\/p>\n\n\n\n<p>Estes cursos foram concebidos para responder \u00e0s necessidades da sociedade, aos desafios cient\u00edficos e tecnol\u00f3gicos do mundo atual, combinando uma forte componente tecnol\u00f3gica com uma s\u00f3lida forma\u00e7\u00e3o cient\u00edfica, permitindo aos alunos prosseguir estudos no ensino superior ou ingressar no mercado de trabalho como t\u00e9cnicos qualificados de n\u00edvel 4 do Quadro Nacional de Qualifica\u00e7\u00f5es.<\/p>\n\n\n<div class=\"wp-block-image\">\n<figure class=\"aligncenter size-full is-resized\"><img loading=\"lazy\" decoding=\"async\" width=\"780\" height=\"520\" src=\"https:\/\/maismagazine.pt\/wp-content\/uploads\/2026\/03\/FOTO_2_EXPOCOLGAIA.jpeg\" alt=\"\" class=\"wp-image-13656\" style=\"width:435px;height:auto\" srcset=\"https:\/\/maismagazine.pt\/wp-content\/uploads\/2026\/03\/FOTO_2_EXPOCOLGAIA.jpeg 780w, https:\/\/maismagazine.pt\/wp-content\/uploads\/2026\/03\/FOTO_2_EXPOCOLGAIA-300x200.jpeg 300w, https:\/\/maismagazine.pt\/wp-content\/uploads\/2026\/03\/FOTO_2_EXPOCOLGAIA-768x512.jpeg 768w, https:\/\/maismagazine.pt\/wp-content\/uploads\/2026\/03\/FOTO_2_EXPOCOLGAIA-150x100.jpeg 150w\" sizes=\"auto, (max-width: 780px) 100vw, 780px\" \/><\/figure><\/div>\n\n\n<blockquote class=\"wp-block-quote is-layout-flow wp-block-quote-is-layout-flow\">\n<p>Ao longo dos \u00faltimos anos, acolhemos, e continuamos a acolher, jovens talentos que se revelam bons elementos, motivados, respons\u00e1veis e com elevada capacidade de aprendizagem. Os alunos do Col\u00e9gio contribuem ativamente para o desenvolvimento de pequenos projetos, acompanhados e monitorizados, acrescentando valor real \u00e0 organiza\u00e7\u00e3o. A experi\u00eancia tem sido francamente positiva, refor\u00e7ando a import\u00e2ncia da proximidade entre o setor empresarial e o mundo acad\u00e9mico. A parceria com o Col\u00e9gio promove a partilha de conhecimento, o desenvolvimento de compet\u00eancias pr\u00e1ticas e a prepara\u00e7\u00e3o de profissionais mais qualificados<br>&#8211; Rui Almeida<br>RFAConsulting<\/p>\n<\/blockquote>\n\n\n\n<p><\/p>\n\n\n\n<p><strong>Mais-valias diferenciadoras dos cursos com planos pr\u00f3prios<\/strong><\/p>\n\n\n\n<p>Os cursos com planos pr\u00f3prios constituem uma das maiores marcas distintivas do Col\u00e9gio de Gaia. Com mais de 35 anos de experi\u00eancia no ensino t\u00e9cnico-profissional, a institui\u00e7\u00e3o tem consolidado uma reputa\u00e7\u00e3o de excel\u00eancia, reconhecida pelas fam\u00edlias, pelo tecido empresarial e pelas institui\u00e7\u00f5es de ensino superior.<\/p>\n\n\n\n<p>Entre as principais mais-valias destacam-se:<\/p>\n\n\n\n<p>\u00b7 Componente tecnol\u00f3gica refor\u00e7ada, com aprendizagem pr\u00e1tica e laboratorial, orientada para a inova\u00e7\u00e3o e a resolu\u00e7\u00e3o de problemas.<\/p>\n\n\n\n<p>\u00b7 Forte liga\u00e7\u00e3o ao tecido empresarial, com centenas de protocolos com entidades acolhedoras de est\u00e1gios e parceiros institucionais.<\/p>\n\n\n\n<p>\u00b7 Forma\u00e7\u00e3o em contexto de trabalho, assegurada por uma vasta rede de parceiros institucionais e empresariais, proporcionando experi\u00eancias reais de aprendizagem.<\/p>\n\n\n\n<p>\u00b7 Dupla certifica\u00e7\u00e3o, que permite simultaneamente o acesso ao ensino superior e a integra\u00e7\u00e3o no mercado de trabalho.<\/p>\n\n\n\n<p>\u00b7 Elevadas taxas de empregabilidade e prosseguimento de estudos, superiores a 90%, evidenciando a qualidade da forma\u00e7\u00e3o ministrada. <\/p>\n\n\n\n<p>Estas caracter\u00edsticas fazem dos cursos com planos pr\u00f3prios uma op\u00e7\u00e3o estrat\u00e9gica para jovens que<strong> procuram uma forma\u00e7\u00e3o s\u00f3lida, pr\u00e1tica e orientada para o futuro.<\/strong><\/p>\n\n\n\n<p><\/p>\n\n\n\n<blockquote class=\"wp-block-quote is-layout-flow wp-block-quote-is-layout-flow\">\n<p>Acolher alunos do Col\u00e9gio \u00e9, acima de tudo, uma experi\u00eancia humana e deveras gratificante. Chegam com vontade de aprender, respeito, humildade e um sentido de responsabilidade que se sente no dia a dia. \u00c9 bonito ver como unem o saber fazer ao saber ser, criando rela\u00e7\u00f5es, ouvindo, crescendo e evoluindo connosco. Sentimos uma enorme gratid\u00e3o por fazer parte deste percurso e um orgulho genu\u00edno na forma\u00e7\u00e3o que recebem, que prepara n\u00e3o s\u00f3 bons profissionais, mas boas pessoas.<br>&#8211; Cl\u00e1udia Rocha<br>Technical Drafting and Project Planeer, MAXIGLOBAL <\/p>\n<\/blockquote>\n\n\n<div class=\"wp-block-image\">\n<figure class=\"alignright size-full is-resized\"><img loading=\"lazy\" decoding=\"async\" width=\"750\" height=\"1000\" src=\"https:\/\/maismagazine.pt\/wp-content\/uploads\/2026\/03\/FOTO_4_TSA.png\" alt=\"\" class=\"wp-image-13655\" style=\"width:288px;height:auto\" srcset=\"https:\/\/maismagazine.pt\/wp-content\/uploads\/2026\/03\/FOTO_4_TSA.png 750w, https:\/\/maismagazine.pt\/wp-content\/uploads\/2026\/03\/FOTO_4_TSA-225x300.png 225w\" sizes=\"auto, (max-width: 750px) 100vw, 750px\" \/><\/figure><\/div>\n\n\n<p><strong>Um Col\u00e9gio que educa para al\u00e9m da sala de aula<\/strong><\/p>\n\n\n\n<p>A forma\u00e7\u00e3o integral dos alunos constitui uma prioridade do Col\u00e9gio de Gaia. Para al\u00e9m do curr\u00edculo acad\u00e9mico, a institui\u00e7\u00e3o promove atividades culturais, art\u00edsticas, desportivas, pastorais e de voluntariado, proporcionando experi\u00eancias educativas que fortalecem compet\u00eancias pessoais, sociais, \u00e9ticas e c\u00edvicas. O envolvimento dos alunos em projetos interdisciplinares, atividades comunit\u00e1rias e experi\u00eancias de voluntariado contribui para o desenvolvimento de uma consci\u00eancia cr\u00edtica, solid\u00e1ria e humanista, alinhada com os valores da educa\u00e7\u00e3o.<\/p>\n\n\n\n<p><\/p>\n\n\n\n<p><strong>Qualidade e inova\u00e7\u00e3o<\/strong><\/p>\n\n\n\n<p>O Col\u00e9gio de Gaia integra um sistema interno de garantia da qualidade alinhado com o referencial europeu EQAVET, monitorizando constantemente o desempenho educativo e promovendo a melhoria cont\u00ednua. A institui\u00e7\u00e3o aposta na inova\u00e7\u00e3o pedag\u00f3gica, na forma\u00e7\u00e3o cont\u00ednua dos docentes e na colabora\u00e7\u00e3o com parceiros externos, garante de uma educa\u00e7\u00e3o atualizada e relevante.<\/p>\n\n\n\n<p><\/p>\n\n\n\n<blockquote class=\"wp-block-quote is-layout-flow wp-block-quote-is-layout-flow\">\n<p>A JdC tem vindo a consolidar uma experi\u00eancia enriquecedora na integra\u00e7\u00e3o de alunos em forma\u00e7\u00e3o atrav\u00e9s do protocolo de colabora\u00e7\u00e3o com o Col\u00e9gio. Estes est\u00e1gios curriculares representam uma oportunidade \u00fanica de aprendizagem pr\u00e1tica para os estudantes, que contactam com a realidade profissional e desenvolvem compet\u00eancias t\u00e9cnicas e comportamentais essenciais.Para a empresa, acolher estagi\u00e1rios significa renovar a equipa com energia e perspetivas frescas, identificar potenciais talentos e contribuir ativamente para a forma\u00e7\u00e3o da pr\u00f3xima gera\u00e7\u00e3o de profissionais. Esta parceria cria valor m\u00fatuo: os alunos ganham experi\u00eancia real e a JdC fortalece o seu compromisso com a comunidade e o desenvolvimento do capital humano.<br>&#8211; Ana Isabel Sousa <br>Dire\u00e7\u00e3o de Recursos Humanos JdC<\/p>\n<\/blockquote>\n\n\n\n<p><\/p>\n\n\n\n<p><strong>Liga\u00e7\u00e3o \u00e0 comunidade<\/strong><\/p>\n\n\n\n<p>A liga\u00e7\u00e3o ao meio envolvente, atrav\u00e9s de parcerias com autarquias, empresas, institui\u00e7\u00f5es de ensino superior e entidades sociais, refor\u00e7a a pertin\u00eancia social da forma\u00e7\u00e3o e a integra\u00e7\u00e3o dos alunos na comunidade.<\/p>\n\n\n\n<p><\/p>\n\n\n\n<p><strong>Um projeto educativo com futuro<\/strong><\/p>\n\n\n\n<p>O Projeto Educativo do Col\u00e9gio de Gaia \u00e9 mais do que um documento orientador. \u00c9 um compromisso com a qualidade, a inova\u00e7\u00e3o e a forma\u00e7\u00e3o integral dos alunos. Ao conjugar tradi\u00e7\u00e3o educativa, inova\u00e7\u00e3o pedag\u00f3gica e uma forte dimens\u00e3o humana e \u00e9tica, o Col\u00e9gio de Gaia prepara os seus alunos para serem cidad\u00e3os respons\u00e1veis, profissionais competentes e pessoas plenas.Num contexto de r\u00e1pidas transforma\u00e7\u00f5es cient\u00edficas, tecnol\u00f3gicas e sociais, o Col\u00e9gio de Gaia \u2013 Escola Cat\u00f3lica continua a afirmar-se como uma institui\u00e7\u00e3o que educa com exig\u00eancia, humanismo e vis\u00e3o de futuro, contribuindo para a constru\u00e7\u00e3o de uma sociedade mais justa, sustent\u00e1vel, competente, competente e solid\u00e1ria.<\/p>\n\n\n<div class=\"wp-block-image\">\n<figure class=\"aligncenter size-full is-resized\"><img loading=\"lazy\" decoding=\"async\" width=\"750\" height=\"500\" src=\"https:\/\/maismagazine.pt\/wp-content\/uploads\/2026\/03\/FOTO_2_EXTERIOR.jpg\" alt=\"\" class=\"wp-image-13653\" style=\"width:426px;height:auto\" srcset=\"https:\/\/maismagazine.pt\/wp-content\/uploads\/2026\/03\/FOTO_2_EXTERIOR.jpg 750w, https:\/\/maismagazine.pt\/wp-content\/uploads\/2026\/03\/FOTO_2_EXTERIOR-300x200.jpg 300w, https:\/\/maismagazine.pt\/wp-content\/uploads\/2026\/03\/FOTO_2_EXTERIOR-150x100.jpg 150w\" sizes=\"auto, (max-width: 750px) 100vw, 750px\" \/><\/figure><\/div>\n\n\n<blockquote class=\"wp-block-quote is-layout-flow wp-block-quote-is-layout-flow\">\n<p>O Instituto Portugu\u00eas do Sangue e da Transplanta\u00e7\u00e3o do Porto recebe, os alunos estagi\u00e1rios do Col\u00e9gio, numa experi\u00eancia muito enriquecedora. Evidenciam excel\u00eancia, educa\u00e7\u00e3o, elevado sentido de responsabilidade e uma not\u00e1vel curiosidade intelectual. A sua integra\u00e7\u00e3o ocorre de forma harmoniosa, possibilitando o contacto direto com a realidade profissional, o desenvolvimento de compet\u00eancias t\u00e9cnicas e humanas e a valoriza\u00e7\u00e3o do servi\u00e7o p\u00fablico. As apresenta\u00e7\u00f5es finais dos trabalhos propostos demonstram seguran\u00e7a, clareza na comunica\u00e7\u00e3o e s\u00f3lido dom\u00ednio dos conte\u00fados, refletindo empenho, prepara\u00e7\u00e3o e maturidade.<br>Joana Esteves Marques<br>M\u00e9dica Assistente Hospitalar de Imuno-hemoterapiaRespons\u00e1vel dos Laborat\u00f3rios de Imunologia Eritrocitic\u00e1ria e Plaquet\u00e1ria MD, MS<\/p>\n<\/blockquote>\n\n\n\n<p><\/p>\n\n\n<div class=\"wp-block-image\">\n<figure class=\"aligncenter size-full is-resized\"><img loading=\"lazy\" decoding=\"async\" width=\"601\" height=\"343\" src=\"https:\/\/maismagazine.pt\/wp-content\/uploads\/2026\/03\/Colegio-Gaia-Logo_final-1.png\" alt=\"\" class=\"wp-image-13642\" style=\"width:317px;height:auto\" srcset=\"https:\/\/maismagazine.pt\/wp-content\/uploads\/2026\/03\/Colegio-Gaia-Logo_final-1.png 601w, https:\/\/maismagazine.pt\/wp-content\/uploads\/2026\/03\/Colegio-Gaia-Logo_final-1-300x171.png 300w\" sizes=\"auto, (max-width: 601px) 100vw, 601px\" \/><\/figure><\/div>\n\n\n<p><\/p>\n\n\n\n<p><\/p>\n\n\n\n<p><\/p>\n\n\n\n<p><\/p>\n","protected":false},"excerpt":{"rendered":"<p>Com quase um s\u00e9culo de hist\u00f3ria ao servi\u00e7o da educa\u00e7\u00e3o, o Col\u00e9gio de Gaia \u2013 Escola Cat\u00f3lica afirma-se como uma institui\u00e7\u00e3o de refer\u00eancia na forma\u00e7\u00e3o de crian\u00e7as e jovens, conjugando tradi\u00e7\u00e3o, inova\u00e7\u00e3o pedag\u00f3gica, al\u00e9m de uma forte liga\u00e7\u00e3o \u00e0 comunidade. O seu Projeto Educativo defende um compromisso claro com a&hellip;<\/p>\n","protected":false},"author":18,"featured_media":13643,"comment_status":"closed","ping_status":"open","sticky":false,"template":"","format":"standard","meta":{"advgb_blocks_editor_width":"","advgb_blocks_columns_visual_guide":"","_monsterinsights_skip_tracking":false,"_monsterinsights_sitenote_active":false,"_monsterinsights_sitenote_note":"","_monsterinsights_sitenote_category":0,"footnotes":""},"categories":[50],"tags":[1325,521,2097],"class_list":["post-13627","post","type-post","status-publish","format-standard","has-post-thumbnail","hentry","category-destaques","tag-colegio-de-gaia","tag-ensino","tag-gaia"],"yoast_head":"<!-- This site is optimized with the Yoast SEO plugin v24.4 - https:\/\/yoast.com\/wordpress\/plugins\/seo\/ -->\n<title>Col\u00e9gio de Gaia: tradi\u00e7\u00e3o que inova, saber que transforma - Mais Magazine<\/title>\n<meta name=\"robots\" content=\"index, follow, max-snippet:-1, max-image-preview:large, max-video-preview:-1\" \/>\n<link rel=\"canonical\" href=\"https:\/\/maismagazine.pt\/index.php\/2026\/03\/13\/colegio-de-gaia-tradicao-que-inova-saber-que-transforma\/\" \/>\n<meta property=\"og:locale\" content=\"pt_PT\" \/>\n<meta property=\"og:type\" content=\"article\" \/>\n<meta property=\"og:title\" content=\"Col\u00e9gio de Gaia: tradi\u00e7\u00e3o que inova, saber que transforma - Mais Magazine\" \/>\n<meta property=\"og:description\" content=\"Com quase um s\u00e9culo de hist\u00f3ria ao servi\u00e7o da educa\u00e7\u00e3o, o Col\u00e9gio de Gaia \u2013 Escola Cat\u00f3lica afirma-se como uma institui\u00e7\u00e3o de refer\u00eancia na forma\u00e7\u00e3o de crian\u00e7as e jovens, conjugando tradi\u00e7\u00e3o, inova\u00e7\u00e3o pedag\u00f3gica, al\u00e9m de uma forte liga\u00e7\u00e3o \u00e0 comunidade. O seu Projeto Educativo defende um compromisso claro com a&hellip;\" \/>\n<meta property=\"og:url\" content=\"https:\/\/maismagazine.pt\/index.php\/2026\/03\/13\/colegio-de-gaia-tradicao-que-inova-saber-que-transforma\/\" \/>\n<meta property=\"og:site_name\" content=\"Mais Magazine\" \/>\n<meta property=\"article:published_time\" content=\"2026-03-13T07:00:00+00:00\" \/>\n<meta property=\"og:image\" content=\"https:\/\/maismagazine.pt\/wp-content\/uploads\/2026\/03\/FOTO_1_EXTERIOR.jpg\" \/>\n\t<meta property=\"og:image:width\" content=\"750\" \/>\n\t<meta property=\"og:image:height\" content=\"500\" \/>\n\t<meta property=\"og:image:type\" content=\"image\/jpeg\" \/>\n<meta name=\"author\" content=\"Tatiana Martins\" \/>\n<meta name=\"twitter:card\" content=\"summary_large_image\" \/>\n<meta name=\"twitter:label1\" content=\"Escrito por\" \/>\n\t<meta name=\"twitter:data1\" content=\"\" \/>\n\t<meta name=\"twitter:label2\" content=\"Tempo estimado de leitura\" \/>\n\t<meta name=\"twitter:data2\" content=\"8 minutos\" \/>\n<script type=\"application\/ld+json\" class=\"yoast-schema-graph\">{\"@context\":\"https:\/\/schema.org\",\"@graph\":[{\"@type\":\"Article\",\"@id\":\"https:\/\/maismagazine.pt\/index.php\/2026\/03\/13\/colegio-de-gaia-tradicao-que-inova-saber-que-transforma\/#article\",\"isPartOf\":{\"@id\":\"https:\/\/maismagazine.pt\/index.php\/2026\/03\/13\/colegio-de-gaia-tradicao-que-inova-saber-que-transforma\/\"},\"author\":{\"name\":\"Tatiana Martins\",\"@id\":\"https:\/\/maismagazine.pt\/#\/schema\/person\/7426e2caeb8df32a1b56aa48dae778c9\"},\"headline\":\"Col\u00e9gio de Gaia: tradi\u00e7\u00e3o que inova, saber que transforma\",\"datePublished\":\"2026-03-13T07:00:00+00:00\",\"mainEntityOfPage\":{\"@id\":\"https:\/\/maismagazine.pt\/index.php\/2026\/03\/13\/colegio-de-gaia-tradicao-que-inova-saber-que-transforma\/\"},\"wordCount\":2390,\"publisher\":{\"@id\":\"https:\/\/maismagazine.pt\/#organization\"},\"image\":{\"@id\":\"https:\/\/maismagazine.pt\/index.php\/2026\/03\/13\/colegio-de-gaia-tradicao-que-inova-saber-que-transforma\/#primaryimage\"},\"thumbnailUrl\":\"https:\/\/maismagazine.pt\/wp-content\/uploads\/2026\/03\/FOTO_1_EXTERIOR.jpg\",\"keywords\":[\"Col\u00e9gio de Gaia\",\"Ensino\",\"Gaia\"],\"articleSection\":[\"Destaques\"],\"inLanguage\":\"pt-PT\"},{\"@type\":\"WebPage\",\"@id\":\"https:\/\/maismagazine.pt\/index.php\/2026\/03\/13\/colegio-de-gaia-tradicao-que-inova-saber-que-transforma\/\",\"url\":\"https:\/\/maismagazine.pt\/index.php\/2026\/03\/13\/colegio-de-gaia-tradicao-que-inova-saber-que-transforma\/\",\"name\":\"Col\u00e9gio de Gaia: tradi\u00e7\u00e3o que inova, saber que transforma - Mais Magazine\",\"isPartOf\":{\"@id\":\"https:\/\/maismagazine.pt\/#website\"},\"primaryImageOfPage\":{\"@id\":\"https:\/\/maismagazine.pt\/index.php\/2026\/03\/13\/colegio-de-gaia-tradicao-que-inova-saber-que-transforma\/#primaryimage\"},\"image\":{\"@id\":\"https:\/\/maismagazine.pt\/index.php\/2026\/03\/13\/colegio-de-gaia-tradicao-que-inova-saber-que-transforma\/#primaryimage\"},\"thumbnailUrl\":\"https:\/\/maismagazine.pt\/wp-content\/uploads\/2026\/03\/FOTO_1_EXTERIOR.jpg\",\"datePublished\":\"2026-03-13T07:00:00+00:00\",\"breadcrumb\":{\"@id\":\"https:\/\/maismagazine.pt\/index.php\/2026\/03\/13\/colegio-de-gaia-tradicao-que-inova-saber-que-transforma\/#breadcrumb\"},\"inLanguage\":\"pt-PT\",\"potentialAction\":[{\"@type\":\"ReadAction\",\"target\":[\"https:\/\/maismagazine.pt\/index.php\/2026\/03\/13\/colegio-de-gaia-tradicao-que-inova-saber-que-transforma\/\"]}]},{\"@type\":\"ImageObject\",\"inLanguage\":\"pt-PT\",\"@id\":\"https:\/\/maismagazine.pt\/index.php\/2026\/03\/13\/colegio-de-gaia-tradicao-que-inova-saber-que-transforma\/#primaryimage\",\"url\":\"https:\/\/maismagazine.pt\/wp-content\/uploads\/2026\/03\/FOTO_1_EXTERIOR.jpg\",\"contentUrl\":\"https:\/\/maismagazine.pt\/wp-content\/uploads\/2026\/03\/FOTO_1_EXTERIOR.jpg\",\"width\":750,\"height\":500,\"caption\":\"DuLce Medeiros\"},{\"@type\":\"BreadcrumbList\",\"@id\":\"https:\/\/maismagazine.pt\/index.php\/2026\/03\/13\/colegio-de-gaia-tradicao-que-inova-saber-que-transforma\/#breadcrumb\",\"itemListElement\":[{\"@type\":\"ListItem\",\"position\":1,\"name\":\"Home\",\"item\":\"https:\/\/maismagazine.pt\/\"},{\"@type\":\"ListItem\",\"position\":2,\"name\":\"Col\u00e9gio de Gaia: tradi\u00e7\u00e3o que inova, saber que transforma\"}]},{\"@type\":\"WebSite\",\"@id\":\"https:\/\/maismagazine.pt\/#website\",\"url\":\"https:\/\/maismagazine.pt\/\",\"name\":\"Mais Magazine\",\"description\":\"\",\"publisher\":{\"@id\":\"https:\/\/maismagazine.pt\/#organization\"},\"potentialAction\":[{\"@type\":\"SearchAction\",\"target\":{\"@type\":\"EntryPoint\",\"urlTemplate\":\"https:\/\/maismagazine.pt\/?s={search_term_string}\"},\"query-input\":{\"@type\":\"PropertyValueSpecification\",\"valueRequired\":true,\"valueName\":\"search_term_string\"}}],\"inLanguage\":\"pt-PT\"},{\"@type\":\"Organization\",\"@id\":\"https:\/\/maismagazine.pt\/#organization\",\"name\":\"Mais Magazine\",\"url\":\"https:\/\/maismagazine.pt\/\",\"logo\":{\"@type\":\"ImageObject\",\"inLanguage\":\"pt-PT\",\"@id\":\"https:\/\/maismagazine.pt\/#\/schema\/logo\/image\/\",\"url\":\"https:\/\/maismagazine.pt\/wp-content\/uploads\/2020\/04\/cropped-cropped-mais-magazine-site-logo-2.png\",\"contentUrl\":\"https:\/\/maismagazine.pt\/wp-content\/uploads\/2020\/04\/cropped-cropped-mais-magazine-site-logo-2.png\",\"width\":581,\"height\":90,\"caption\":\"Mais Magazine\"},\"image\":{\"@id\":\"https:\/\/maismagazine.pt\/#\/schema\/logo\/image\/\"}},{\"@type\":\"Person\",\"@id\":\"https:\/\/maismagazine.pt\/#\/schema\/person\/7426e2caeb8df32a1b56aa48dae778c9\",\"name\":\"Tatiana Martins\",\"image\":{\"@type\":\"ImageObject\",\"inLanguage\":\"pt-PT\",\"@id\":\"https:\/\/maismagazine.pt\/#\/schema\/person\/image\/\",\"url\":\"https:\/\/secure.gravatar.com\/avatar\/4b24a57f5d0425f2eb20981c4b53244e?s=96&d=mm&r=g\",\"contentUrl\":\"https:\/\/secure.gravatar.com\/avatar\/4b24a57f5d0425f2eb20981c4b53244e?s=96&d=mm&r=g\",\"caption\":\"Tatiana Martins\"},\"url\":\"https:\/\/maismagazine.pt\/index.php\/author\/tatiana\/\"}]}<\/script>\n<!-- \/ Yoast SEO plugin. -->","yoast_head_json":{"title":"Col\u00e9gio de Gaia: tradi\u00e7\u00e3o que inova, saber que transforma - Mais Magazine","robots":{"index":"index","follow":"follow","max-snippet":"max-snippet:-1","max-image-preview":"max-image-preview:large","max-video-preview":"max-video-preview:-1"},"canonical":"https:\/\/maismagazine.pt\/index.php\/2026\/03\/13\/colegio-de-gaia-tradicao-que-inova-saber-que-transforma\/","og_locale":"pt_PT","og_type":"article","og_title":"Col\u00e9gio de Gaia: tradi\u00e7\u00e3o que inova, saber que transforma - Mais Magazine","og_description":"Com quase um s\u00e9culo de hist\u00f3ria ao servi\u00e7o da educa\u00e7\u00e3o, o Col\u00e9gio de Gaia \u2013 Escola Cat\u00f3lica afirma-se como uma institui\u00e7\u00e3o de refer\u00eancia na forma\u00e7\u00e3o de crian\u00e7as e jovens, conjugando tradi\u00e7\u00e3o, inova\u00e7\u00e3o pedag\u00f3gica, al\u00e9m de uma forte liga\u00e7\u00e3o \u00e0 comunidade. O seu Projeto Educativo defende um compromisso claro com a&hellip;","og_url":"https:\/\/maismagazine.pt\/index.php\/2026\/03\/13\/colegio-de-gaia-tradicao-que-inova-saber-que-transforma\/","og_site_name":"Mais Magazine","article_published_time":"2026-03-13T07:00:00+00:00","og_image":[{"width":750,"height":500,"url":"https:\/\/maismagazine.pt\/wp-content\/uploads\/2026\/03\/FOTO_1_EXTERIOR.jpg","type":"image\/jpeg"}],"author":"Tatiana Martins","twitter_card":"summary_large_image","twitter_misc":{"Escrito por":false,"Tempo estimado de leitura":"8 minutos"},"schema":{"@context":"https:\/\/schema.org","@graph":[{"@type":"Article","@id":"https:\/\/maismagazine.pt\/index.php\/2026\/03\/13\/colegio-de-gaia-tradicao-que-inova-saber-que-transforma\/#article","isPartOf":{"@id":"https:\/\/maismagazine.pt\/index.php\/2026\/03\/13\/colegio-de-gaia-tradicao-que-inova-saber-que-transforma\/"},"author":{"name":"Tatiana Martins","@id":"https:\/\/maismagazine.pt\/#\/schema\/person\/7426e2caeb8df32a1b56aa48dae778c9"},"headline":"Col\u00e9gio de Gaia: tradi\u00e7\u00e3o que inova, saber que transforma","datePublished":"2026-03-13T07:00:00+00:00","mainEntityOfPage":{"@id":"https:\/\/maismagazine.pt\/index.php\/2026\/03\/13\/colegio-de-gaia-tradicao-que-inova-saber-que-transforma\/"},"wordCount":2390,"publisher":{"@id":"https:\/\/maismagazine.pt\/#organization"},"image":{"@id":"https:\/\/maismagazine.pt\/index.php\/2026\/03\/13\/colegio-de-gaia-tradicao-que-inova-saber-que-transforma\/#primaryimage"},"thumbnailUrl":"https:\/\/maismagazine.pt\/wp-content\/uploads\/2026\/03\/FOTO_1_EXTERIOR.jpg","keywords":["Col\u00e9gio de Gaia","Ensino","Gaia"],"articleSection":["Destaques"],"inLanguage":"pt-PT"},{"@type":"WebPage","@id":"https:\/\/maismagazine.pt\/index.php\/2026\/03\/13\/colegio-de-gaia-tradicao-que-inova-saber-que-transforma\/","url":"https:\/\/maismagazine.pt\/index.php\/2026\/03\/13\/colegio-de-gaia-tradicao-que-inova-saber-que-transforma\/","name":"Col\u00e9gio de Gaia: tradi\u00e7\u00e3o que inova, saber que transforma - Mais Magazine","isPartOf":{"@id":"https:\/\/maismagazine.pt\/#website"},"primaryImageOfPage":{"@id":"https:\/\/maismagazine.pt\/index.php\/2026\/03\/13\/colegio-de-gaia-tradicao-que-inova-saber-que-transforma\/#primaryimage"},"image":{"@id":"https:\/\/maismagazine.pt\/index.php\/2026\/03\/13\/colegio-de-gaia-tradicao-que-inova-saber-que-transforma\/#primaryimage"},"thumbnailUrl":"https:\/\/maismagazine.pt\/wp-content\/uploads\/2026\/03\/FOTO_1_EXTERIOR.jpg","datePublished":"2026-03-13T07:00:00+00:00","breadcrumb":{"@id":"https:\/\/maismagazine.pt\/index.php\/2026\/03\/13\/colegio-de-gaia-tradicao-que-inova-saber-que-transforma\/#breadcrumb"},"inLanguage":"pt-PT","potentialAction":[{"@type":"ReadAction","target":["https:\/\/maismagazine.pt\/index.php\/2026\/03\/13\/colegio-de-gaia-tradicao-que-inova-saber-que-transforma\/"]}]},{"@type":"ImageObject","inLanguage":"pt-PT","@id":"https:\/\/maismagazine.pt\/index.php\/2026\/03\/13\/colegio-de-gaia-tradicao-que-inova-saber-que-transforma\/#primaryimage","url":"https:\/\/maismagazine.pt\/wp-content\/uploads\/2026\/03\/FOTO_1_EXTERIOR.jpg","contentUrl":"https:\/\/maismagazine.pt\/wp-content\/uploads\/2026\/03\/FOTO_1_EXTERIOR.jpg","width":750,"height":500,"caption":"DuLce Medeiros"},{"@type":"BreadcrumbList","@id":"https:\/\/maismagazine.pt\/index.php\/2026\/03\/13\/colegio-de-gaia-tradicao-que-inova-saber-que-transforma\/#breadcrumb","itemListElement":[{"@type":"ListItem","position":1,"name":"Home","item":"https:\/\/maismagazine.pt\/"},{"@type":"ListItem","position":2,"name":"Col\u00e9gio de Gaia: tradi\u00e7\u00e3o que inova, saber que transforma"}]},{"@type":"WebSite","@id":"https:\/\/maismagazine.pt\/#website","url":"https:\/\/maismagazine.pt\/","name":"Mais Magazine","description":"","publisher":{"@id":"https:\/\/maismagazine.pt\/#organization"},"potentialAction":[{"@type":"SearchAction","target":{"@type":"EntryPoint","urlTemplate":"https:\/\/maismagazine.pt\/?s={search_term_string}"},"query-input":{"@type":"PropertyValueSpecification","valueRequired":true,"valueName":"search_term_string"}}],"inLanguage":"pt-PT"},{"@type":"Organization","@id":"https:\/\/maismagazine.pt\/#organization","name":"Mais Magazine","url":"https:\/\/maismagazine.pt\/","logo":{"@type":"ImageObject","inLanguage":"pt-PT","@id":"https:\/\/maismagazine.pt\/#\/schema\/logo\/image\/","url":"https:\/\/maismagazine.pt\/wp-content\/uploads\/2020\/04\/cropped-cropped-mais-magazine-site-logo-2.png","contentUrl":"https:\/\/maismagazine.pt\/wp-content\/uploads\/2020\/04\/cropped-cropped-mais-magazine-site-logo-2.png","width":581,"height":90,"caption":"Mais Magazine"},"image":{"@id":"https:\/\/maismagazine.pt\/#\/schema\/logo\/image\/"}},{"@type":"Person","@id":"https:\/\/maismagazine.pt\/#\/schema\/person\/7426e2caeb8df32a1b56aa48dae778c9","name":"Tatiana Martins","image":{"@type":"ImageObject","inLanguage":"pt-PT","@id":"https:\/\/maismagazine.pt\/#\/schema\/person\/image\/","url":"https:\/\/secure.gravatar.com\/avatar\/4b24a57f5d0425f2eb20981c4b53244e?s=96&d=mm&r=g","contentUrl":"https:\/\/secure.gravatar.com\/avatar\/4b24a57f5d0425f2eb20981c4b53244e?s=96&d=mm&r=g","caption":"Tatiana Martins"},"url":"https:\/\/maismagazine.pt\/index.php\/author\/tatiana\/"}]}},"author_meta":{"display_name":false,"author_link":"https:\/\/maismagazine.pt\/index.php\/author\/tatiana\/"},"featured_img":"https:\/\/maismagazine.pt\/wp-content\/uploads\/2026\/03\/FOTO_1_EXTERIOR-300x200.jpg","coauthors":[],"tax_additional":{"categories":{"linked":["<a href=\"https:\/\/maismagazine.pt\/index.php\/category\/destaques\/\" class=\"advgb-post-tax-term\">Destaques<\/a>"],"unlinked":["<span class=\"advgb-post-tax-term\">Destaques<\/span>"]},"tags":{"linked":["<a href=\"https:\/\/maismagazine.pt\/index.php\/category\/destaques\/\" class=\"advgb-post-tax-term\">Col\u00e9gio de Gaia<\/a>","<a href=\"https:\/\/maismagazine.pt\/index.php\/category\/destaques\/\" class=\"advgb-post-tax-term\">Ensino<\/a>","<a href=\"https:\/\/maismagazine.pt\/index.php\/category\/destaques\/\" class=\"advgb-post-tax-term\">Gaia<\/a>"],"unlinked":["<span class=\"advgb-post-tax-term\">Col\u00e9gio de Gaia<\/span>","<span class=\"advgb-post-tax-term\">Ensino<\/span>","<span class=\"advgb-post-tax-term\">Gaia<\/span>"]}},"comment_count":"0","relative_dates":{"created":"Posted 2 meses ago","modified":"Updated 2 meses ago"},"absolute_dates":{"created":"Posted on 13 de Mar\u00e7o, 2026","modified":"Updated on 10 de Mar\u00e7o, 2026"},"absolute_dates_time":{"created":"Posted on 13 de Mar\u00e7o, 2026 7:00","modified":"Updated on 10 de Mar\u00e7o, 2026 15:15"},"featured_img_caption":"DuLce Medeiros","series_order":"","_links":{"self":[{"href":"https:\/\/maismagazine.pt\/index.php\/wp-json\/wp\/v2\/posts\/13627","targetHints":{"allow":["GET"]}}],"collection":[{"href":"https:\/\/maismagazine.pt\/index.php\/wp-json\/wp\/v2\/posts"}],"about":[{"href":"https:\/\/maismagazine.pt\/index.php\/wp-json\/wp\/v2\/types\/post"}],"author":[{"embeddable":true,"href":"https:\/\/maismagazine.pt\/index.php\/wp-json\/wp\/v2\/users\/18"}],"replies":[{"embeddable":true,"href":"https:\/\/maismagazine.pt\/index.php\/wp-json\/wp\/v2\/comments?post=13627"}],"version-history":[{"count":1,"href":"https:\/\/maismagazine.pt\/index.php\/wp-json\/wp\/v2\/posts\/13627\/revisions"}],"predecessor-version":[{"id":13658,"href":"https:\/\/maismagazine.pt\/index.php\/wp-json\/wp\/v2\/posts\/13627\/revisions\/13658"}],"wp:featuredmedia":[{"embeddable":true,"href":"https:\/\/maismagazine.pt\/index.php\/wp-json\/wp\/v2\/media\/13643"}],"wp:attachment":[{"href":"https:\/\/maismagazine.pt\/index.php\/wp-json\/wp\/v2\/media?parent=13627"}],"wp:term":[{"taxonomy":"category","embeddable":true,"href":"https:\/\/maismagazine.pt\/index.php\/wp-json\/wp\/v2\/categories?post=13627"},{"taxonomy":"post_tag","embeddable":true,"href":"https:\/\/maismagazine.pt\/index.php\/wp-json\/wp\/v2\/tags?post=13627"}],"curies":[{"name":"wp","href":"https:\/\/api.w.org\/{rel}","templated":true}]}}