{"id":13620,"date":"2026-03-13T07:00:00","date_gmt":"2026-03-13T07:00:00","guid":{"rendered":"https:\/\/maismagazine.pt\/?p=13620"},"modified":"2026-03-10T14:57:21","modified_gmt":"2026-03-10T14:57:21","slug":"portugal-envelhece-mas-quem-cuida","status":"publish","type":"post","link":"https:\/\/maismagazine.pt\/index.php\/2026\/03\/13\/portugal-envelhece-mas-quem-cuida\/","title":{"rendered":"Portugal Envelhece, mas&#8230;Quem Cuida?"},"content":{"rendered":"\n<p>Portugal tem envelhecido a um ritmo que j\u00e1 n\u00e3o pode ser apenas descrito como \u201ctransi\u00e7\u00e3o demogr\u00e1fica\u201d, mas antes como \u201ctransforma\u00e7\u00e3o civilizacional\u201d. Nas \u00faltimas d\u00e9cadas, o pa\u00eds tem assistido, quase em sil\u00eancio institucional, a uma profunda altera\u00e7\u00e3o da sua pir\u00e2mide et\u00e1ria, em que mais de 23% da popula\u00e7\u00e3o tem 65 ou mais anos e o segmento acima dos 80 anos cresce a um ritmo sem precedentes (Instituto Nacional de Estat\u00edstica [INE], 2023; Eurostat, 2023). Este \u00e9 um fen\u00f3meno que n\u00e3o \u00e9 apenas estat\u00edstico. Trata-se de uma mudan\u00e7a estrutural da pr\u00f3pria natureza da sociedade, das suas rela\u00e7\u00f5es de depend\u00eancia, dos seus sistemas de prote\u00e7\u00e3o social e das suas institui\u00e7\u00f5es de sa\u00fade. Aqui a quest\u00e3o central j\u00e1 n\u00e3o \u00e9 sabermos se o sistema atual resistir\u00e1, mas quanto tempo demorar\u00e1 at\u00e9 se tornar estruturalmente insustent\u00e1vel. <\/p>\n\n\n\n<p><\/p>\n\n\n\n<p>Neste contexto, as Estruturas Residenciais para Pessoas Idosas (ERPI`s) emergem como um elemento cr\u00edtico na resposta social e em sa\u00fade ao envelhecimento populacional. Maioritariamente geridas pelo \u201cTerceiro Setor\u201d, estas institui\u00e7\u00f5es constituem atualmente um dos pilares (in)vis\u00edveis da prote\u00e7\u00e3o social portuguesa. Contudo, a sua miss\u00e3o foi sendo profundamente transformada ao longo do tempo, sem que o Estado, a legisla\u00e7\u00e3o ou os mecanismos de financiamento tenham acompanhado esta metamorfose. O que hoje sabemos \u00e9 que as ERPI \u0301s deixaram de ser espa\u00e7os predominantemente sociais para se tornarem ambientes cl\u00ednicos de elevada complexidade, onde residem pessoas com multimorbilidades, depend\u00eancias funcionais avan\u00e7adas, dem\u00eancias e fragilidades extremas. Esta profunda transforma\u00e7\u00e3o ocorreu sem que se tivesse observado uma estrat\u00e9gia nacional integrada sendo, entretanto, absorvida de uma forma improvisada pela resili\u00eancia das institui\u00e7\u00f5es e, sobretudo, pelos seus profissionais de sa\u00fade, em particular os Enfermeiros que, silenciosamente, t\u00eam sustentado o funcionamento do sistema. <\/p>\n\n\n\n<p><\/p>\n\n\n\n<p>No que diz respeito ao problema do financiamento, sabemos que este \u00e9 de base estrutural e profundamente pol\u00edtico. O setor dos \u201ccuidados de longa dura\u00e7\u00e3o\u201d em Portugal permanece cronicamente subfinanciado, com n\u00edveis de despesa p\u00fablica inferiores aos de pa\u00edses com perfis demogr\u00e1ficos semelhantes (OECD, 2023). A literatura internacional demonstra-nos que o envelhecimento populacional aumenta exponencialmente os custos em sa\u00fade e prote\u00e7\u00e3o social, sobretudo na \u00faltima d\u00e9cada de vida, exigindo um planeamento fiscal de longo prazo e um investimento antecipado (OECD, 2022; World Bank, 2022). No entanto, a resposta pol\u00edtica tem sido (quase sempre!) reativa, fragmentada e centrada na conten\u00e7\u00e3o de despesa, ignorando-se que o subinvestimentogera custos futuros muito superiores, sob a forma de hospitaliza\u00e7\u00f5es evit\u00e1veis, institucionaliza\u00e7\u00f5es precoces e sofrimento humano. Uma l\u00f3gica de curto prazo que representa uma fal\u00eancia da racionalidade econ\u00f3mica e da \u00e9tica p\u00fablica.   <\/p>\n\n\n\n<p><\/p>\n\n\n\n<p>Tamb\u00e9m a legisla\u00e7\u00e3o que regula as ERPI \u0301s permanece, em grande medida, ancorada numa vis\u00e3o social assistencialista, incapaz de integrar a realidade cl\u00ednica e epidemiol\u00f3gica contempor\u00e2nea. Ao n\u00e3o se reconhecer plenamente as ERPI \u0301s como unidades h\u00edbridas &#8211; sa\u00fade e social -, o enquadramento legal limita a inova\u00e7\u00e3o organizacional, impede a integra\u00e7\u00e3o com os cuidados de sa\u00fade prim\u00e1rios e hospitalares e perpetua modelos de governa\u00e7\u00e3o fragmentados (European Commission, 2023; European Observatory on Health Systems and Policies, 2021). Neste ponto o que se sabe \u00e9 que os pa\u00edses que foram capazes de reformar a legisla\u00e7\u00e3o com o objetivo de integrar os \u201ccuidados de longa dura\u00e7\u00e3o\u201d no continuum de sa\u00fade demonstraram uma maior efici\u00eancia sist\u00e9mica e melhores resultados em sa\u00fade. Portugal, em sentido contr\u00e1rio, ao manter uma arquitetura normativa desfasada, tem cristalizado a fragmenta\u00e7\u00e3o e comprometido seriamente a sustentabilidade futura do sistema. <\/p>\n\n\n\n<p><\/p>\n\n\n\n<p>Um outro ponto, imposs\u00edvel de ignorar, \u00e9 a sobrecarga dos profissionais de sa\u00fade, particularmente dos Enfermeiros, constituindo um outro eixo cr\u00edtico desta crise silenciosa. A evid\u00eancia cient\u00edfica \u00e9 inequ\u00edvoca: r\u00e1cios insuficientes de Enfermeiros est\u00e3o associados a maiores taxas de mortalidade, maior incid\u00eancia dos eventos adversos e uma maior dura\u00e7\u00e3o de internamentos e custos acrescidos. A conhecida escassez global de Enfermeiros \u00e9 amplamente reconhecida pela Organiza\u00e7\u00e3o Mundial da Sa\u00fade como uma das maiores amea\u00e7as \u00e0 sustentabilidade dos sistemas de sa\u00fade (World Health Organization [WHO], 2020). Em Portugal, este problema \u00e9 ainda mais agravado pelo envelhecimento global da for\u00e7a de trabalho, emigra\u00e7\u00e3o, condi\u00e7\u00f5es remunerat\u00f3rias muito pouco competitivas e, ainda, pelo desgaste profissional. Dif\u00edcil de compreender \u00e9 a pol\u00edtica de recursos humanos em sa\u00fade que, na sua ess\u00eancia, tem sido marcada por uma consistente reatividade, uma aus\u00eancia de planeamento estrat\u00e9gico e uma subvaloriza\u00e7\u00e3o da lideran\u00e7a cl\u00ednica, refletindo uma vis\u00e3o tecnocr\u00e1tica que continua a ignorar a centralidade do capital humano na qualidade e na sustentabilidade dos cuidados. <\/p>\n\n\n\n<p><\/p>\n\n\n\n<p>E \u00e9 neste contexto que se imp\u00f5e uma reconfigura\u00e7\u00e3o paradigm\u00e1tica: a profiss\u00e3o de enfermagem como eixo estruturante da pol\u00edtica de envelhecimento sustent\u00e1vel. Importa aqui relembrar algumas pessoas mais distra\u00eddas que, na atualidade, os Enfermeiros n\u00e3o s\u00e3o apenas executores de cuidados, mas tamb\u00e9m gestores da complexidade cl\u00ednica, l\u00edderes de equipas multiprofissionais, mediadores entre sistemas sociais e de sa\u00fade e agentes privilegiados na implementa\u00e7\u00e3o de pol\u00edticas p\u00fablicas baseadas em evid\u00eancia. A literatura internacional demonstra que modelos liderados pelos Enfermeiros melhoram os resultados cl\u00ednicos, aumentam a efici\u00eancia e reduzem significativamente os custos sist\u00e9micos. Ao continuar-se a ignorar esta centralidade, n\u00e3o se est\u00e1 a cometer nenhum erro t\u00e9cnico, mas uma omiss\u00e3o pol\u00edtica de enorme magnitude! <\/p>\n\n\n\n<p><\/p>\n\n\n\n<p>Mas, chegados aqui, entendo que n\u00e3o nos deve bastar argumentar e criticar o que tantos h\u00e1 muito j\u00e1 observam. Perante este complexo enquadramento, foi elaborada uma proposta conceptual sustentada no objetivo de servir de base a uma eventual discuss\u00e3o mais alargada sobre a cria\u00e7\u00e3o de uma putativa futura solu\u00e7\u00e3o: o \u201cCiclo da Sustentabilidade Integrada do Envelhecimento\u201d (CSIE). Este modelo, que se apresenta de seguida, articula cinco dimens\u00f5es interdependentes, organizadas em loops de retroalimenta\u00e7\u00e3o cont\u00ednua, capazes de transformar dados demogr\u00e1ficos, evid\u00eancia cient\u00edfica e pr\u00e1tica cl\u00ednica em pol\u00edticas sustent\u00e1veis e eticamente respons\u00e1veis. <\/p>\n\n\n\n<p><\/p>\n\n\n\n<p>O modelo CSIE n\u00e3o pretende ser apenas um exerc\u00edcio te\u00f3rico, mas tamb\u00e9m uma proposta operacional da futura governa\u00e7\u00e3o do envelhecimento. Um modelo que se organiza em cinco dimens\u00f5es interligadas: <\/p>\n\n\n\n<ul class=\"wp-block-list\">\n<li>1. A evid\u00eancia cient\u00edfica, que fornece o conhecimento sobre o envelhecimento e os cuidados; <\/li>\n\n\n\n<li>2. A governa\u00e7\u00e3o pol\u00edtica, que transforma este conhecimento em leis, estrat\u00e9gias e organiza\u00e7\u00e3o dos servi\u00e7os; <\/li>\n\n\n\n<li>3. O financiamento, que determina os recursos dispon\u00edveis e a sua distribui\u00e7\u00e3o; <\/li>\n\n\n\n<li>4. A presta\u00e7\u00e3o integrada de cuidados, que diz respeito \u00e0 forma como os servi\u00e7os de sa\u00fade e sociais s\u00e3o articulados para responder \u00e0s necessidades complexas dos idosos; <\/li>\n\n\n\n<li>5. Os resultados sociais, que incluem a qualidade de vida, a autonomia funcional e a equidade.  <\/li>\n<\/ul>\n\n\n<div class=\"wp-block-image\">\n<figure class=\"aligncenter size-full is-resized\"><img loading=\"lazy\" decoding=\"async\" width=\"733\" height=\"436\" src=\"https:\/\/maismagazine.pt\/wp-content\/uploads\/2026\/03\/image.png\" alt=\"\" class=\"wp-image-13628\" style=\"width:531px;height:auto\" srcset=\"https:\/\/maismagazine.pt\/wp-content\/uploads\/2026\/03\/image.png 733w, https:\/\/maismagazine.pt\/wp-content\/uploads\/2026\/03\/image-300x178.png 300w\" sizes=\"auto, (max-width: 733px) 100vw, 733px\" \/><figcaption class=\"wp-element-caption\">Ciclo da Sustentabilidade Integrada do Envelhecimento (CSIE)<\/figcaption><\/figure><\/div>\n\n\n<p><\/p>\n\n\n\n<p>A profiss\u00e3o de enfermagem \u00e9 aqui posicionada no n\u00facleo do modelo, porque liga todas estas dimens\u00f5es, aplicando a evid\u00eancia na pr\u00e1tica, coordenando os cuidados, produzindo informa\u00e7\u00e3o relevante para a pol\u00edtica e influenciando diretamente os resultados em sa\u00fade e bem-estar. Desta forma a l\u00f3gica do modelo \u00e9 din\u00e2mica: as decis\u00f5es pol\u00edticas e financeiras moldam os cuidados prestados, os cuidados geram resultados sociais e estes resultados alimentam novas evid\u00eancias que devem, por sua vez, orientar a governa\u00e7\u00e3o, num ciclo cont\u00ednuo de melhoria e sustentabilidade do sistema. Assim este enquadramento conceptual permite reinterpretar o envelhecimento n\u00e3o apenas como um fen\u00f3meno demogr\u00e1fico ou cl\u00ednico, mas tamb\u00e9m como um teste cr\u00edtico \u00e0 capacidade de governa\u00e7\u00e3o dos sistemas de prote\u00e7\u00e3o social e de sa\u00fade. <\/p>\n\n\n\n<p><\/p>\n\n\n<div class=\"wp-block-image\">\n<figure class=\"aligncenter size-large is-resized\"><img loading=\"lazy\" decoding=\"async\" width=\"1024\" height=\"456\" src=\"https:\/\/maismagazine.pt\/wp-content\/uploads\/2026\/03\/image-1-1024x456.png\" alt=\"\" class=\"wp-image-13629\" style=\"width:611px;height:auto\" srcset=\"https:\/\/maismagazine.pt\/wp-content\/uploads\/2026\/03\/image-1-1024x456.png 1024w, https:\/\/maismagazine.pt\/wp-content\/uploads\/2026\/03\/image-1-300x134.png 300w, https:\/\/maismagazine.pt\/wp-content\/uploads\/2026\/03\/image-1-768x342.png 768w, https:\/\/maismagazine.pt\/wp-content\/uploads\/2026\/03\/image-1.png 1155w\" sizes=\"auto, (max-width: 1024px) 100vw, 1024px\" \/><figcaption class=\"wp-element-caption\">Ciclo da Sustentabilidade Integrada do Envelhecimento (CSIE). Serra, S. (2026)<\/figcaption><\/figure><\/div>\n\n\n<p><\/p>\n\n\n\n<p>Em resumo estamos em condi\u00e7\u00f5es de poder afirmar que esta crise do envelhecimento \u00e9, em \u00faltima inst\u00e2ncia, uma crise de governa\u00e7\u00e3o e de \u00e9tica p\u00fablica. O subfinanciamento cr\u00f3nico, a legisla\u00e7\u00e3o desatualizada, a sobrecarga dos profissionais e a aus\u00eancia de um planeamento estrat\u00e9gico n\u00e3o s\u00e3o meras falhas administrativas. S\u00e3o antes op\u00e7\u00f5es pol\u00edticas cumulativas, que t\u00eam refletido a incapacidade hist\u00f3rica de antecipa\u00e7\u00e3o e a predomin\u00e2ncia de horizontes eleitorais sobre horizontes civilizacionais. A literatura em <em>governa\u00e7\u00e3o em sa\u00fade<\/em> sublinha que os sistemas sustent\u00e1veis exigem uma forte e consistente lideran\u00e7a pol\u00edtica, uma integra\u00e7\u00e3o intersectorial e uma vis\u00e3o de longo prazo. O que \u00e9 dif\u00edcil de entender \u00e9 sabermos que Portugal tem falhado sistematicamente em todos estes dom\u00ednios.  <\/p>\n\n\n\n<p><\/p>\n\n\n\n<p>Nunca antes a \u00e9tica, a pol\u00edtica e a ci\u00eancia se encontraram com tanta urg\u00eancia num mesmo desafio social. O envelhecimento da popula\u00e7\u00e3o j\u00e1 n\u00e3o pode continuar a ser interpretado como um mero desafio t\u00e9cnico ou sentido apenas como um problema setorial de pol\u00edtica social ou de sa\u00fade. Trata-se tamb\u00e9m de uma quest\u00e3o de justi\u00e7a intergeracional, de dignidade humana e, em \u00faltima inst\u00e2ncia, de uma identidade coletiva. O futuro da sociedade portuguesa ser\u00e1 assim determinado pela sua capacidade de transmutar evid\u00eancia cient\u00edfica em decis\u00e3o pol\u00edtica, conhecimento em governa\u00e7\u00e3o efetiva e cuidados em direito fundamental universalmente garantido. Neste quadro, a ina\u00e7\u00e3o deixar\u00e1 de ser uma omiss\u00e3o passiva para se vir a constituir como uma decis\u00e3o pol\u00edtica consciente, dotada de consequ\u00eancias morais profundas e historicamente imput\u00e1veis. Cada dia que decorre sem uma reforma estrutural consistente, cada ciclo or\u00e7amental que persiste em subestimar o impacto do envelhecimento, cada diploma legal que continua ancorado em paradigmas ultrapassados, representa uma falha coletiva de grande magnitude perante aqueles que edificaram a sociedade de que hoje usufru\u00edmos. <\/p>\n\n\n\n<p><\/p>\n\n\n\n<p>Que fique muito claro que a hist\u00f3ria das sociedades modernas nos ensina que as grandes transforma\u00e7\u00f5es n\u00e3o emergem da ignor\u00e2ncia, mas antes da recusa deliberada de se agir perante o conhecimento dispon\u00edvel. Hoje, a evid\u00eancia cient\u00edfica sobre envelhecimento, enfermagem e sustentabilidade dos sistemas de sa\u00fade \u00e9 inequ\u00edvoca. Mas, o que aqui est\u00e1 realmente em causa j\u00e1 n\u00e3o \u00e9 a produ\u00e7\u00e3o de conhecimento, sen\u00e3o antes a sua tradu\u00e7\u00e3o em decis\u00f5es pol\u00edticas vinculativas. Porque, em \u00faltima inst\u00e2ncia, uma sociedade ser\u00e1 julgada n\u00e3o pela extens\u00e3o da vida que proporciona, mas pela qualidade \u00e9tica com que decide cuidar desta vida agora prolongada.  <\/p>\n\n\n\n<p><\/p>\n\n\n\n<p class=\"has-text-align-right\"><em>S\u00e9rgio Serra, Presidente da Mesa da Assembleia Geral da <a href=\"http:\/\/www.aspe.pt\">ASPE<\/a>; Enfermeiro Coordenador \u2013 IPSS Inv\u00e1lidos do Com\u00e9rcio<\/em><\/p>\n\n\n\n<p><\/p>\n\n\n<div class=\"wp-block-image\">\n<figure class=\"aligncenter size-large is-resized\"><img loading=\"lazy\" decoding=\"async\" width=\"1024\" height=\"683\" src=\"https:\/\/maismagazine.pt\/wp-content\/uploads\/2026\/03\/ASPE_VECTOR_A3-1920w-1024x683.png\" alt=\"\" class=\"wp-image-13630\" style=\"width:420px;height:auto\" srcset=\"https:\/\/maismagazine.pt\/wp-content\/uploads\/2026\/03\/ASPE_VECTOR_A3-1920w-1024x683.png 1024w, https:\/\/maismagazine.pt\/wp-content\/uploads\/2026\/03\/ASPE_VECTOR_A3-1920w-300x200.png 300w, https:\/\/maismagazine.pt\/wp-content\/uploads\/2026\/03\/ASPE_VECTOR_A3-1920w-768x512.png 768w, https:\/\/maismagazine.pt\/wp-content\/uploads\/2026\/03\/ASPE_VECTOR_A3-1920w-1536x1025.png 1536w, https:\/\/maismagazine.pt\/wp-content\/uploads\/2026\/03\/ASPE_VECTOR_A3-1920w-150x100.png 150w, https:\/\/maismagazine.pt\/wp-content\/uploads\/2026\/03\/ASPE_VECTOR_A3-1920w.png 1920w\" sizes=\"auto, (max-width: 1024px) 100vw, 1024px\" \/><\/figure><\/div>","protected":false},"excerpt":{"rendered":"<p>Portugal tem envelhecido a um ritmo que j\u00e1 n\u00e3o pode ser apenas descrito como \u201ctransi\u00e7\u00e3o demogr\u00e1fica\u201d, mas antes como \u201ctransforma\u00e7\u00e3o civilizacional\u201d. Nas \u00faltimas d\u00e9cadas, o pa\u00eds tem assistido, quase em sil\u00eancio institucional, a uma profunda altera\u00e7\u00e3o da sua pir\u00e2mide et\u00e1ria, em que mais de 23% da popula\u00e7\u00e3o tem 65 ou&hellip;<\/p>\n","protected":false},"author":17,"featured_media":13631,"comment_status":"closed","ping_status":"open","sticky":false,"template":"","format":"standard","meta":{"advgb_blocks_editor_width":"","advgb_blocks_columns_visual_guide":"","_monsterinsights_skip_tracking":false,"_monsterinsights_sitenote_active":false,"_monsterinsights_sitenote_note":"","_monsterinsights_sitenote_category":0,"footnotes":""},"categories":[313],"tags":[1700],"class_list":["post-13620","post","type-post","status-publish","format-standard","has-post-thumbnail","hentry","category-saude","tag-aspe"],"yoast_head":"<!-- This site is optimized with the Yoast SEO plugin v24.4 - https:\/\/yoast.com\/wordpress\/plugins\/seo\/ -->\n<title>Portugal Envelhece, mas...Quem Cuida? - Mais Magazine<\/title>\n<meta name=\"description\" content=\"Portugal tem envelhecido a um ritmo que j\u00e1 n\u00e3o pode ser apenas descrito como \u201ctransi\u00e7\u00e3o demogr\u00e1fica\u201d, mas antes como \u201ctransforma\u00e7\u00e3o civilizacional\u201d. Nas \u00faltimas d\u00e9cadas, o pa\u00eds tem assistido, quase em sil\u00eancio institucional, a uma profunda altera\u00e7\u00e3o da sua pir\u00e2mide et\u00e1ria, em que mais de 23% da popula\u00e7\u00e3o tem 65 ou mais anos e o segmento acima dos 80 anos cresce a um ritmo sem precedentes (Instituto Nacional de Estat\u00edstica [INE], 2023; Eurostat, 2023). Este \u00e9 um fen\u00f3meno que n\u00e3o \u00e9 apenas estat\u00edstico. Trata-se de uma mudan\u00e7a estrutural da pr\u00f3pria natureza da sociedade, das suas rela\u00e7\u00f5es de depend\u00eancia, dos seus sistemas de prote\u00e7\u00e3o social e das suas institui\u00e7\u00f5es de sa\u00fade. Aqui a quest\u00e3o central j\u00e1 n\u00e3o \u00e9 sabermos se o sistema atual resistir\u00e1, mas quanto tempo demorar\u00e1 at\u00e9 se tornar estruturalmente insustent\u00e1vel.\" \/>\n<meta name=\"robots\" content=\"index, follow, max-snippet:-1, max-image-preview:large, max-video-preview:-1\" \/>\n<link rel=\"canonical\" href=\"http:\/\/maismagazine.pt\/index.php\/2026\/03\/13\/portugal-envelhece-mas-quem-cuida\/\" \/>\n<meta property=\"og:locale\" content=\"pt_PT\" \/>\n<meta property=\"og:type\" content=\"article\" \/>\n<meta property=\"og:title\" content=\"Portugal Envelhece, mas...Quem Cuida? - Mais Magazine\" \/>\n<meta property=\"og:description\" content=\"Portugal tem envelhecido a um ritmo que j\u00e1 n\u00e3o pode ser apenas descrito como \u201ctransi\u00e7\u00e3o demogr\u00e1fica\u201d, mas antes como \u201ctransforma\u00e7\u00e3o civilizacional\u201d. Nas \u00faltimas d\u00e9cadas, o pa\u00eds tem assistido, quase em sil\u00eancio institucional, a uma profunda altera\u00e7\u00e3o da sua pir\u00e2mide et\u00e1ria, em que mais de 23% da popula\u00e7\u00e3o tem 65 ou mais anos e o segmento acima dos 80 anos cresce a um ritmo sem precedentes (Instituto Nacional de Estat\u00edstica [INE], 2023; Eurostat, 2023). Este \u00e9 um fen\u00f3meno que n\u00e3o \u00e9 apenas estat\u00edstico. Trata-se de uma mudan\u00e7a estrutural da pr\u00f3pria natureza da sociedade, das suas rela\u00e7\u00f5es de depend\u00eancia, dos seus sistemas de prote\u00e7\u00e3o social e das suas institui\u00e7\u00f5es de sa\u00fade. Aqui a quest\u00e3o central j\u00e1 n\u00e3o \u00e9 sabermos se o sistema atual resistir\u00e1, mas quanto tempo demorar\u00e1 at\u00e9 se tornar estruturalmente insustent\u00e1vel.\" \/>\n<meta property=\"og:url\" content=\"http:\/\/maismagazine.pt\/index.php\/2026\/03\/13\/portugal-envelhece-mas-quem-cuida\/\" \/>\n<meta property=\"og:site_name\" content=\"Mais Magazine\" \/>\n<meta property=\"article:published_time\" content=\"2026-03-13T07:00:00+00:00\" \/>\n<meta property=\"og:image\" content=\"http:\/\/maismagazine.pt\/wp-content\/uploads\/2026\/03\/Sergio-Serra-Fevereiro-de-2026.jpg\" \/>\n\t<meta property=\"og:image:width\" content=\"436\" \/>\n\t<meta property=\"og:image:height\" content=\"511\" \/>\n\t<meta property=\"og:image:type\" content=\"image\/jpeg\" \/>\n<meta name=\"author\" content=\"Tiago Costa\" \/>\n<meta name=\"twitter:card\" content=\"summary_large_image\" \/>\n<meta name=\"twitter:label1\" content=\"Escrito por\" \/>\n\t<meta name=\"twitter:data1\" content=\"\" \/>\n\t<meta name=\"twitter:label2\" content=\"Tempo estimado de leitura\" \/>\n\t<meta name=\"twitter:data2\" content=\"10 minutos\" \/>\n<script type=\"application\/ld+json\" class=\"yoast-schema-graph\">{\"@context\":\"https:\/\/schema.org\",\"@graph\":[{\"@type\":\"Article\",\"@id\":\"http:\/\/maismagazine.pt\/index.php\/2026\/03\/13\/portugal-envelhece-mas-quem-cuida\/#article\",\"isPartOf\":{\"@id\":\"http:\/\/maismagazine.pt\/index.php\/2026\/03\/13\/portugal-envelhece-mas-quem-cuida\/\"},\"author\":{\"name\":\"Tiago Costa\",\"@id\":\"https:\/\/maismagazine.pt\/#\/schema\/person\/c6c5bfccc886434cbd11c74e035f9646\"},\"headline\":\"Portugal Envelhece, mas&#8230;Quem Cuida?\",\"datePublished\":\"2026-03-13T07:00:00+00:00\",\"mainEntityOfPage\":{\"@id\":\"http:\/\/maismagazine.pt\/index.php\/2026\/03\/13\/portugal-envelhece-mas-quem-cuida\/\"},\"wordCount\":1795,\"publisher\":{\"@id\":\"https:\/\/maismagazine.pt\/#organization\"},\"image\":{\"@id\":\"http:\/\/maismagazine.pt\/index.php\/2026\/03\/13\/portugal-envelhece-mas-quem-cuida\/#primaryimage\"},\"thumbnailUrl\":\"https:\/\/maismagazine.pt\/wp-content\/uploads\/2026\/03\/Sergio-Serra-Fevereiro-de-2026.jpg\",\"keywords\":[\"ASPE\"],\"articleSection\":[\"Sa\u00fade\"],\"inLanguage\":\"pt-PT\"},{\"@type\":\"WebPage\",\"@id\":\"http:\/\/maismagazine.pt\/index.php\/2026\/03\/13\/portugal-envelhece-mas-quem-cuida\/\",\"url\":\"http:\/\/maismagazine.pt\/index.php\/2026\/03\/13\/portugal-envelhece-mas-quem-cuida\/\",\"name\":\"Portugal Envelhece, mas...Quem Cuida? - Mais Magazine\",\"isPartOf\":{\"@id\":\"https:\/\/maismagazine.pt\/#website\"},\"primaryImageOfPage\":{\"@id\":\"http:\/\/maismagazine.pt\/index.php\/2026\/03\/13\/portugal-envelhece-mas-quem-cuida\/#primaryimage\"},\"image\":{\"@id\":\"http:\/\/maismagazine.pt\/index.php\/2026\/03\/13\/portugal-envelhece-mas-quem-cuida\/#primaryimage\"},\"thumbnailUrl\":\"https:\/\/maismagazine.pt\/wp-content\/uploads\/2026\/03\/Sergio-Serra-Fevereiro-de-2026.jpg\",\"datePublished\":\"2026-03-13T07:00:00+00:00\",\"description\":\"Portugal tem envelhecido a um ritmo que j\u00e1 n\u00e3o pode ser apenas descrito como \u201ctransi\u00e7\u00e3o demogr\u00e1fica\u201d, mas antes como \u201ctransforma\u00e7\u00e3o civilizacional\u201d. Nas \u00faltimas d\u00e9cadas, o pa\u00eds tem assistido, quase em sil\u00eancio institucional, a uma profunda altera\u00e7\u00e3o da sua pir\u00e2mide et\u00e1ria, em que mais de 23% da popula\u00e7\u00e3o tem 65 ou mais anos e o segmento acima dos 80 anos cresce a um ritmo sem precedentes (Instituto Nacional de Estat\u00edstica [INE], 2023; Eurostat, 2023). Este \u00e9 um fen\u00f3meno que n\u00e3o \u00e9 apenas estat\u00edstico. Trata-se de uma mudan\u00e7a estrutural da pr\u00f3pria natureza da sociedade, das suas rela\u00e7\u00f5es de depend\u00eancia, dos seus sistemas de prote\u00e7\u00e3o social e das suas institui\u00e7\u00f5es de sa\u00fade. Aqui a quest\u00e3o central j\u00e1 n\u00e3o \u00e9 sabermos se o sistema atual resistir\u00e1, mas quanto tempo demorar\u00e1 at\u00e9 se tornar estruturalmente insustent\u00e1vel.\",\"breadcrumb\":{\"@id\":\"http:\/\/maismagazine.pt\/index.php\/2026\/03\/13\/portugal-envelhece-mas-quem-cuida\/#breadcrumb\"},\"inLanguage\":\"pt-PT\",\"potentialAction\":[{\"@type\":\"ReadAction\",\"target\":[\"http:\/\/maismagazine.pt\/index.php\/2026\/03\/13\/portugal-envelhece-mas-quem-cuida\/\"]}]},{\"@type\":\"ImageObject\",\"inLanguage\":\"pt-PT\",\"@id\":\"http:\/\/maismagazine.pt\/index.php\/2026\/03\/13\/portugal-envelhece-mas-quem-cuida\/#primaryimage\",\"url\":\"https:\/\/maismagazine.pt\/wp-content\/uploads\/2026\/03\/Sergio-Serra-Fevereiro-de-2026.jpg\",\"contentUrl\":\"https:\/\/maismagazine.pt\/wp-content\/uploads\/2026\/03\/Sergio-Serra-Fevereiro-de-2026.jpg\",\"width\":436,\"height\":511},{\"@type\":\"BreadcrumbList\",\"@id\":\"http:\/\/maismagazine.pt\/index.php\/2026\/03\/13\/portugal-envelhece-mas-quem-cuida\/#breadcrumb\",\"itemListElement\":[{\"@type\":\"ListItem\",\"position\":1,\"name\":\"Home\",\"item\":\"https:\/\/maismagazine.pt\/\"},{\"@type\":\"ListItem\",\"position\":2,\"name\":\"Portugal Envelhece, mas&#8230;Quem Cuida?\"}]},{\"@type\":\"WebSite\",\"@id\":\"https:\/\/maismagazine.pt\/#website\",\"url\":\"https:\/\/maismagazine.pt\/\",\"name\":\"Mais Magazine\",\"description\":\"\",\"publisher\":{\"@id\":\"https:\/\/maismagazine.pt\/#organization\"},\"potentialAction\":[{\"@type\":\"SearchAction\",\"target\":{\"@type\":\"EntryPoint\",\"urlTemplate\":\"https:\/\/maismagazine.pt\/?s={search_term_string}\"},\"query-input\":{\"@type\":\"PropertyValueSpecification\",\"valueRequired\":true,\"valueName\":\"search_term_string\"}}],\"inLanguage\":\"pt-PT\"},{\"@type\":\"Organization\",\"@id\":\"https:\/\/maismagazine.pt\/#organization\",\"name\":\"Mais Magazine\",\"url\":\"https:\/\/maismagazine.pt\/\",\"logo\":{\"@type\":\"ImageObject\",\"inLanguage\":\"pt-PT\",\"@id\":\"https:\/\/maismagazine.pt\/#\/schema\/logo\/image\/\",\"url\":\"https:\/\/maismagazine.pt\/wp-content\/uploads\/2020\/04\/cropped-cropped-mais-magazine-site-logo-2.png\",\"contentUrl\":\"https:\/\/maismagazine.pt\/wp-content\/uploads\/2020\/04\/cropped-cropped-mais-magazine-site-logo-2.png\",\"width\":581,\"height\":90,\"caption\":\"Mais Magazine\"},\"image\":{\"@id\":\"https:\/\/maismagazine.pt\/#\/schema\/logo\/image\/\"}},{\"@type\":\"Person\",\"@id\":\"https:\/\/maismagazine.pt\/#\/schema\/person\/c6c5bfccc886434cbd11c74e035f9646\",\"name\":\"Tiago Costa\",\"image\":{\"@type\":\"ImageObject\",\"inLanguage\":\"pt-PT\",\"@id\":\"https:\/\/maismagazine.pt\/#\/schema\/person\/image\/\",\"url\":\"https:\/\/secure.gravatar.com\/avatar\/c599b2bce16c9870429198cbad5ee022?s=96&d=mm&r=g\",\"contentUrl\":\"https:\/\/secure.gravatar.com\/avatar\/c599b2bce16c9870429198cbad5ee022?s=96&d=mm&r=g\",\"caption\":\"Tiago Costa\"},\"url\":\"https:\/\/maismagazine.pt\/index.php\/author\/tiago\/\"}]}<\/script>\n<!-- \/ Yoast SEO plugin. -->","yoast_head_json":{"title":"Portugal Envelhece, mas...Quem Cuida? - Mais Magazine","description":"Portugal tem envelhecido a um ritmo que j\u00e1 n\u00e3o pode ser apenas descrito como \u201ctransi\u00e7\u00e3o demogr\u00e1fica\u201d, mas antes como \u201ctransforma\u00e7\u00e3o civilizacional\u201d. Nas \u00faltimas d\u00e9cadas, o pa\u00eds tem assistido, quase em sil\u00eancio institucional, a uma profunda altera\u00e7\u00e3o da sua pir\u00e2mide et\u00e1ria, em que mais de 23% da popula\u00e7\u00e3o tem 65 ou mais anos e o segmento acima dos 80 anos cresce a um ritmo sem precedentes (Instituto Nacional de Estat\u00edstica [INE], 2023; Eurostat, 2023). Este \u00e9 um fen\u00f3meno que n\u00e3o \u00e9 apenas estat\u00edstico. Trata-se de uma mudan\u00e7a estrutural da pr\u00f3pria natureza da sociedade, das suas rela\u00e7\u00f5es de depend\u00eancia, dos seus sistemas de prote\u00e7\u00e3o social e das suas institui\u00e7\u00f5es de sa\u00fade. Aqui a quest\u00e3o central j\u00e1 n\u00e3o \u00e9 sabermos se o sistema atual resistir\u00e1, mas quanto tempo demorar\u00e1 at\u00e9 se tornar estruturalmente insustent\u00e1vel.","robots":{"index":"index","follow":"follow","max-snippet":"max-snippet:-1","max-image-preview":"max-image-preview:large","max-video-preview":"max-video-preview:-1"},"canonical":"http:\/\/maismagazine.pt\/index.php\/2026\/03\/13\/portugal-envelhece-mas-quem-cuida\/","og_locale":"pt_PT","og_type":"article","og_title":"Portugal Envelhece, mas...Quem Cuida? - Mais Magazine","og_description":"Portugal tem envelhecido a um ritmo que j\u00e1 n\u00e3o pode ser apenas descrito como \u201ctransi\u00e7\u00e3o demogr\u00e1fica\u201d, mas antes como \u201ctransforma\u00e7\u00e3o civilizacional\u201d. Nas \u00faltimas d\u00e9cadas, o pa\u00eds tem assistido, quase em sil\u00eancio institucional, a uma profunda altera\u00e7\u00e3o da sua pir\u00e2mide et\u00e1ria, em que mais de 23% da popula\u00e7\u00e3o tem 65 ou mais anos e o segmento acima dos 80 anos cresce a um ritmo sem precedentes (Instituto Nacional de Estat\u00edstica [INE], 2023; Eurostat, 2023). Este \u00e9 um fen\u00f3meno que n\u00e3o \u00e9 apenas estat\u00edstico. Trata-se de uma mudan\u00e7a estrutural da pr\u00f3pria natureza da sociedade, das suas rela\u00e7\u00f5es de depend\u00eancia, dos seus sistemas de prote\u00e7\u00e3o social e das suas institui\u00e7\u00f5es de sa\u00fade. Aqui a quest\u00e3o central j\u00e1 n\u00e3o \u00e9 sabermos se o sistema atual resistir\u00e1, mas quanto tempo demorar\u00e1 at\u00e9 se tornar estruturalmente insustent\u00e1vel.","og_url":"http:\/\/maismagazine.pt\/index.php\/2026\/03\/13\/portugal-envelhece-mas-quem-cuida\/","og_site_name":"Mais Magazine","article_published_time":"2026-03-13T07:00:00+00:00","og_image":[{"width":436,"height":511,"url":"http:\/\/maismagazine.pt\/wp-content\/uploads\/2026\/03\/Sergio-Serra-Fevereiro-de-2026.jpg","type":"image\/jpeg"}],"author":"Tiago Costa","twitter_card":"summary_large_image","twitter_misc":{"Escrito por":false,"Tempo estimado de leitura":"10 minutos"},"schema":{"@context":"https:\/\/schema.org","@graph":[{"@type":"Article","@id":"http:\/\/maismagazine.pt\/index.php\/2026\/03\/13\/portugal-envelhece-mas-quem-cuida\/#article","isPartOf":{"@id":"http:\/\/maismagazine.pt\/index.php\/2026\/03\/13\/portugal-envelhece-mas-quem-cuida\/"},"author":{"name":"Tiago Costa","@id":"https:\/\/maismagazine.pt\/#\/schema\/person\/c6c5bfccc886434cbd11c74e035f9646"},"headline":"Portugal Envelhece, mas&#8230;Quem Cuida?","datePublished":"2026-03-13T07:00:00+00:00","mainEntityOfPage":{"@id":"http:\/\/maismagazine.pt\/index.php\/2026\/03\/13\/portugal-envelhece-mas-quem-cuida\/"},"wordCount":1795,"publisher":{"@id":"https:\/\/maismagazine.pt\/#organization"},"image":{"@id":"http:\/\/maismagazine.pt\/index.php\/2026\/03\/13\/portugal-envelhece-mas-quem-cuida\/#primaryimage"},"thumbnailUrl":"https:\/\/maismagazine.pt\/wp-content\/uploads\/2026\/03\/Sergio-Serra-Fevereiro-de-2026.jpg","keywords":["ASPE"],"articleSection":["Sa\u00fade"],"inLanguage":"pt-PT"},{"@type":"WebPage","@id":"http:\/\/maismagazine.pt\/index.php\/2026\/03\/13\/portugal-envelhece-mas-quem-cuida\/","url":"http:\/\/maismagazine.pt\/index.php\/2026\/03\/13\/portugal-envelhece-mas-quem-cuida\/","name":"Portugal Envelhece, mas...Quem Cuida? - Mais Magazine","isPartOf":{"@id":"https:\/\/maismagazine.pt\/#website"},"primaryImageOfPage":{"@id":"http:\/\/maismagazine.pt\/index.php\/2026\/03\/13\/portugal-envelhece-mas-quem-cuida\/#primaryimage"},"image":{"@id":"http:\/\/maismagazine.pt\/index.php\/2026\/03\/13\/portugal-envelhece-mas-quem-cuida\/#primaryimage"},"thumbnailUrl":"https:\/\/maismagazine.pt\/wp-content\/uploads\/2026\/03\/Sergio-Serra-Fevereiro-de-2026.jpg","datePublished":"2026-03-13T07:00:00+00:00","description":"Portugal tem envelhecido a um ritmo que j\u00e1 n\u00e3o pode ser apenas descrito como \u201ctransi\u00e7\u00e3o demogr\u00e1fica\u201d, mas antes como \u201ctransforma\u00e7\u00e3o civilizacional\u201d. Nas \u00faltimas d\u00e9cadas, o pa\u00eds tem assistido, quase em sil\u00eancio institucional, a uma profunda altera\u00e7\u00e3o da sua pir\u00e2mide et\u00e1ria, em que mais de 23% da popula\u00e7\u00e3o tem 65 ou mais anos e o segmento acima dos 80 anos cresce a um ritmo sem precedentes (Instituto Nacional de Estat\u00edstica [INE], 2023; Eurostat, 2023). Este \u00e9 um fen\u00f3meno que n\u00e3o \u00e9 apenas estat\u00edstico. Trata-se de uma mudan\u00e7a estrutural da pr\u00f3pria natureza da sociedade, das suas rela\u00e7\u00f5es de depend\u00eancia, dos seus sistemas de prote\u00e7\u00e3o social e das suas institui\u00e7\u00f5es de sa\u00fade. Aqui a quest\u00e3o central j\u00e1 n\u00e3o \u00e9 sabermos se o sistema atual resistir\u00e1, mas quanto tempo demorar\u00e1 at\u00e9 se tornar estruturalmente insustent\u00e1vel.","breadcrumb":{"@id":"http:\/\/maismagazine.pt\/index.php\/2026\/03\/13\/portugal-envelhece-mas-quem-cuida\/#breadcrumb"},"inLanguage":"pt-PT","potentialAction":[{"@type":"ReadAction","target":["http:\/\/maismagazine.pt\/index.php\/2026\/03\/13\/portugal-envelhece-mas-quem-cuida\/"]}]},{"@type":"ImageObject","inLanguage":"pt-PT","@id":"http:\/\/maismagazine.pt\/index.php\/2026\/03\/13\/portugal-envelhece-mas-quem-cuida\/#primaryimage","url":"https:\/\/maismagazine.pt\/wp-content\/uploads\/2026\/03\/Sergio-Serra-Fevereiro-de-2026.jpg","contentUrl":"https:\/\/maismagazine.pt\/wp-content\/uploads\/2026\/03\/Sergio-Serra-Fevereiro-de-2026.jpg","width":436,"height":511},{"@type":"BreadcrumbList","@id":"http:\/\/maismagazine.pt\/index.php\/2026\/03\/13\/portugal-envelhece-mas-quem-cuida\/#breadcrumb","itemListElement":[{"@type":"ListItem","position":1,"name":"Home","item":"https:\/\/maismagazine.pt\/"},{"@type":"ListItem","position":2,"name":"Portugal Envelhece, mas&#8230;Quem Cuida?"}]},{"@type":"WebSite","@id":"https:\/\/maismagazine.pt\/#website","url":"https:\/\/maismagazine.pt\/","name":"Mais Magazine","description":"","publisher":{"@id":"https:\/\/maismagazine.pt\/#organization"},"potentialAction":[{"@type":"SearchAction","target":{"@type":"EntryPoint","urlTemplate":"https:\/\/maismagazine.pt\/?s={search_term_string}"},"query-input":{"@type":"PropertyValueSpecification","valueRequired":true,"valueName":"search_term_string"}}],"inLanguage":"pt-PT"},{"@type":"Organization","@id":"https:\/\/maismagazine.pt\/#organization","name":"Mais Magazine","url":"https:\/\/maismagazine.pt\/","logo":{"@type":"ImageObject","inLanguage":"pt-PT","@id":"https:\/\/maismagazine.pt\/#\/schema\/logo\/image\/","url":"https:\/\/maismagazine.pt\/wp-content\/uploads\/2020\/04\/cropped-cropped-mais-magazine-site-logo-2.png","contentUrl":"https:\/\/maismagazine.pt\/wp-content\/uploads\/2020\/04\/cropped-cropped-mais-magazine-site-logo-2.png","width":581,"height":90,"caption":"Mais Magazine"},"image":{"@id":"https:\/\/maismagazine.pt\/#\/schema\/logo\/image\/"}},{"@type":"Person","@id":"https:\/\/maismagazine.pt\/#\/schema\/person\/c6c5bfccc886434cbd11c74e035f9646","name":"Tiago Costa","image":{"@type":"ImageObject","inLanguage":"pt-PT","@id":"https:\/\/maismagazine.pt\/#\/schema\/person\/image\/","url":"https:\/\/secure.gravatar.com\/avatar\/c599b2bce16c9870429198cbad5ee022?s=96&d=mm&r=g","contentUrl":"https:\/\/secure.gravatar.com\/avatar\/c599b2bce16c9870429198cbad5ee022?s=96&d=mm&r=g","caption":"Tiago Costa"},"url":"https:\/\/maismagazine.pt\/index.php\/author\/tiago\/"}]}},"author_meta":{"display_name":false,"author_link":"https:\/\/maismagazine.pt\/index.php\/author\/tiago\/"},"featured_img":"https:\/\/maismagazine.pt\/wp-content\/uploads\/2026\/03\/Sergio-Serra-Fevereiro-de-2026-256x300.jpg","coauthors":[],"tax_additional":{"categories":{"linked":["<a href=\"https:\/\/maismagazine.pt\/index.php\/category\/mundo-empresarial\/saude\/\" class=\"advgb-post-tax-term\">Sa\u00fade<\/a>"],"unlinked":["<span class=\"advgb-post-tax-term\">Sa\u00fade<\/span>"]},"tags":{"linked":["<a href=\"https:\/\/maismagazine.pt\/index.php\/category\/mundo-empresarial\/saude\/\" class=\"advgb-post-tax-term\">ASPE<\/a>"],"unlinked":["<span class=\"advgb-post-tax-term\">ASPE<\/span>"]}},"comment_count":"0","relative_dates":{"created":"Posted 2 meses ago","modified":"Updated 2 meses ago"},"absolute_dates":{"created":"Posted on 13 de Mar\u00e7o, 2026","modified":"Updated on 10 de Mar\u00e7o, 2026"},"absolute_dates_time":{"created":"Posted on 13 de Mar\u00e7o, 2026 7:00","modified":"Updated on 10 de Mar\u00e7o, 2026 14:57"},"featured_img_caption":"","series_order":"","_links":{"self":[{"href":"https:\/\/maismagazine.pt\/index.php\/wp-json\/wp\/v2\/posts\/13620","targetHints":{"allow":["GET"]}}],"collection":[{"href":"https:\/\/maismagazine.pt\/index.php\/wp-json\/wp\/v2\/posts"}],"about":[{"href":"https:\/\/maismagazine.pt\/index.php\/wp-json\/wp\/v2\/types\/post"}],"author":[{"embeddable":true,"href":"https:\/\/maismagazine.pt\/index.php\/wp-json\/wp\/v2\/users\/17"}],"replies":[{"embeddable":true,"href":"https:\/\/maismagazine.pt\/index.php\/wp-json\/wp\/v2\/comments?post=13620"}],"version-history":[{"count":2,"href":"https:\/\/maismagazine.pt\/index.php\/wp-json\/wp\/v2\/posts\/13620\/revisions"}],"predecessor-version":[{"id":13633,"href":"https:\/\/maismagazine.pt\/index.php\/wp-json\/wp\/v2\/posts\/13620\/revisions\/13633"}],"wp:featuredmedia":[{"embeddable":true,"href":"https:\/\/maismagazine.pt\/index.php\/wp-json\/wp\/v2\/media\/13631"}],"wp:attachment":[{"href":"https:\/\/maismagazine.pt\/index.php\/wp-json\/wp\/v2\/media?parent=13620"}],"wp:term":[{"taxonomy":"category","embeddable":true,"href":"https:\/\/maismagazine.pt\/index.php\/wp-json\/wp\/v2\/categories?post=13620"},{"taxonomy":"post_tag","embeddable":true,"href":"https:\/\/maismagazine.pt\/index.php\/wp-json\/wp\/v2\/tags?post=13620"}],"curies":[{"name":"wp","href":"https:\/\/api.w.org\/{rel}","templated":true}]}}