{"id":1343,"date":"2021-10-30T07:00:00","date_gmt":"2021-10-30T07:00:00","guid":{"rendered":"https:\/\/maismagazine.pt\/?p=1343"},"modified":"2021-11-05T11:02:27","modified_gmt":"2021-11-05T11:02:27","slug":"jota-barbosa-interiors-sonha-ir-mais-alem","status":"publish","type":"post","link":"https:\/\/maismagazine.pt\/index.php\/2021\/10\/30\/jota-barbosa-interiors-sonha-ir-mais-alem\/","title":{"rendered":"Jota Barbosa Interiors sonha ir mais al\u00e9m"},"content":{"rendered":"\n<p><strong>Joaquim Barbosa, CEO da Jota Barbosa Interiors, d\u00e1 feedback da empresa e revela alguns objetivos para o futuro. Movido pelo setor mobili\u00e1rio e design de interiores, Joaquim Barbosa estabeleceu-se como empres\u00e1rio aos 20 anos, no momento em que abria a primeira loja de m\u00f3veis Jota Barbosa. <\/strong><\/p>\n\n\n\n<p><\/p>\n\n\n\n<p>Desde o seu in\u00edcio, a empresa \u201csempre esteve muito direcionada para o mercado portugu\u00eas, norte de Espanha e PALOPS\u201d. No arrancar deste neg\u00f3cio, Joaquim Barbosa garantiu ter tido como \u201co pilar comercial da empresa\u201d, a sua esposa Cid\u00e1lia, que foi tamb\u00e9m o seu \u201cbra\u00e7o direito ao longo dos anos\u201d. Em 2012, face \u00e0 crise econ\u00f3mica, a Jota Barbosa decidiu \u201cenfrentar novos mercados, com um conceito renovado\u201d. Neste contexto, surge a marca de produto Stylish Club, que hoje est\u00e1 presente em mais de 30 pa\u00edses. Sendo uma empresa que se adapta \u00e0s circunst\u00e2ncias e desafios, a chegada da pandemia do v\u00edrus Co-vid-19, n\u00e3o foi exce\u00e7\u00e3o. Os h\u00e1bitos de consumo alteraram, levando as pessoas a recorrer mais ao digital. Tamb\u00e9m a Jota Barbosa Interiors se adaptou a este novo panorama, com o lan\u00e7amento de uma nova plataforma digital, onde o cliente tem acesso a todos os servi\u00e7os, projetos e produtos, onde pode tamb\u00e9m agendar a sua reuni\u00e3o ou visita \u00e0 loja, sem sair de casa. O CEO, Joaquim Barbosa, considera que a nova plataforma \u00e9 mais uma \u201cmontra\u201d da Jota Barbosa que pretende ser um complemento das lojas f\u00edsicas da marca. Apesar desta nova adapta\u00e7\u00e3o, Joaquim Barbosa considera as lojas f\u00edsicas como importantes para o aumento das vendas e demonstra\u00e7\u00e3o de qualidade de servi\u00e7o e do produto. As lojas s\u00e3o tr\u00eas &#8211; Multipark, Boutique Foz e CC. Dom\u00f3vel. A Jota Barbosa Interiors conta com uma vasta experi\u00eancia na produ\u00e7\u00e3o e fabrico pr\u00f3prio das pe\u00e7as, assim como no desenvolvimento de mobili\u00e1rio sob medida, por isso, disp\u00f5e de um servi\u00e7o de projeto de interiores personalizado, bem como servi\u00e7o de instala\u00e7\u00e3o e montagem. Para que todas as fases dos projetos corram bem, Joaquim Barbosa conta com \u201cuma equipa competente e s\u00f3lida, capaz de proporcionar qualquer tipo de servi\u00e7o que o cliente requisite\u201d. Nos \u00faltimos anos, a empresa tem vindo a crescer de forma equilibrada e consistente, tendo sido feita uma aposta forte na produ\u00e7\u00e3o e no aumento do n\u00famero de colaboradores. Joaquim Barbosa, afirma ainda: \u201cnum futuro pr\u00f3ximo, sei que a Jota Barbosa Interiors se ir\u00e1 afirmar como uma empresa internacional, criativa e inovadora, com extrema aten\u00e7\u00e3o ao cliente\u201d.<\/p>\n\n\n\n<figure class=\"wp-block-gallery aligncenter columns-3 is-cropped wp-block-gallery-1\"><ul class=\"blocks-gallery-grid\"><li class=\"blocks-gallery-item\"><figure><img loading=\"lazy\" decoding=\"async\" width=\"1024\" height=\"683\" src=\"http:\/\/maismagazine.pt\/wp-content\/uploads\/2021\/10\/DSC_2471-1024x683.jpg\" alt=\"\" data-id=\"1349\" data-full-url=\"http:\/\/maismagazine.pt\/wp-content\/uploads\/2021\/10\/DSC_2471.jpg\" data-link=\"https:\/\/maismagazine.pt\/?attachment_id=1349\" class=\"wp-image-1349\" srcset=\"https:\/\/maismagazine.pt\/wp-content\/uploads\/2021\/10\/DSC_2471-1024x683.jpg 1024w, https:\/\/maismagazine.pt\/wp-content\/uploads\/2021\/10\/DSC_2471-300x200.jpg 300w, https:\/\/maismagazine.pt\/wp-content\/uploads\/2021\/10\/DSC_2471-768x512.jpg 768w, https:\/\/maismagazine.pt\/wp-content\/uploads\/2021\/10\/DSC_2471-1536x1025.jpg 1536w, https:\/\/maismagazine.pt\/wp-content\/uploads\/2021\/10\/DSC_2471-150x100.jpg 150w, https:\/\/maismagazine.pt\/wp-content\/uploads\/2021\/10\/DSC_2471.jpg 1572w\" sizes=\"auto, (max-width: 1024px) 100vw, 1024px\" \/><\/figure><\/li><li class=\"blocks-gallery-item\"><figure><img loading=\"lazy\" decoding=\"async\" width=\"768\" height=\"1024\" src=\"http:\/\/maismagazine.pt\/wp-content\/uploads\/2021\/10\/IMG_9452-Edit-768x1024.jpg\" alt=\"\" data-id=\"1348\" data-full-url=\"http:\/\/maismagazine.pt\/wp-content\/uploads\/2021\/10\/IMG_9452-Edit.jpg\" data-link=\"https:\/\/maismagazine.pt\/?attachment_id=1348\" class=\"wp-image-1348\" srcset=\"https:\/\/maismagazine.pt\/wp-content\/uploads\/2021\/10\/IMG_9452-Edit-768x1024.jpg 768w, https:\/\/maismagazine.pt\/wp-content\/uploads\/2021\/10\/IMG_9452-Edit-225x300.jpg 225w, https:\/\/maismagazine.pt\/wp-content\/uploads\/2021\/10\/IMG_9452-Edit-1152x1536.jpg 1152w, https:\/\/maismagazine.pt\/wp-content\/uploads\/2021\/10\/IMG_9452-Edit.jpg 1512w\" sizes=\"auto, (max-width: 768px) 100vw, 768px\" \/><\/figure><\/li><li class=\"blocks-gallery-item\"><figure><img loading=\"lazy\" decoding=\"async\" width=\"683\" height=\"1024\" src=\"http:\/\/maismagazine.pt\/wp-content\/uploads\/2021\/10\/jota-barbosa-contract-boutique-foz-22-683x1024.jpg\" alt=\"\" data-id=\"1347\" data-full-url=\"http:\/\/maismagazine.pt\/wp-content\/uploads\/2021\/10\/jota-barbosa-contract-boutique-foz-22-scaled.jpg\" data-link=\"https:\/\/maismagazine.pt\/?attachment_id=1347\" class=\"wp-image-1347\" srcset=\"https:\/\/maismagazine.pt\/wp-content\/uploads\/2021\/10\/jota-barbosa-contract-boutique-foz-22-683x1024.jpg 683w, https:\/\/maismagazine.pt\/wp-content\/uploads\/2021\/10\/jota-barbosa-contract-boutique-foz-22-200x300.jpg 200w, https:\/\/maismagazine.pt\/wp-content\/uploads\/2021\/10\/jota-barbosa-contract-boutique-foz-22-768x1152.jpg 768w, https:\/\/maismagazine.pt\/wp-content\/uploads\/2021\/10\/jota-barbosa-contract-boutique-foz-22-1024x1536.jpg 1024w, https:\/\/maismagazine.pt\/wp-content\/uploads\/2021\/10\/jota-barbosa-contract-boutique-foz-22-1365x2048.jpg 1365w, https:\/\/maismagazine.pt\/wp-content\/uploads\/2021\/10\/jota-barbosa-contract-boutique-foz-22-scaled.jpg 1707w\" sizes=\"auto, (max-width: 683px) 100vw, 683px\" \/><\/figure><\/li><li class=\"blocks-gallery-item\"><figure><img loading=\"lazy\" decoding=\"async\" width=\"1024\" height=\"683\" src=\"http:\/\/maismagazine.pt\/wp-content\/uploads\/2021\/10\/jota-barbosa-contract-boutique-foz-28-1024x683.jpg\" alt=\"\" data-id=\"1346\" data-full-url=\"http:\/\/maismagazine.pt\/wp-content\/uploads\/2021\/10\/jota-barbosa-contract-boutique-foz-28-scaled.jpg\" data-link=\"https:\/\/maismagazine.pt\/?attachment_id=1346\" class=\"wp-image-1346\" srcset=\"https:\/\/maismagazine.pt\/wp-content\/uploads\/2021\/10\/jota-barbosa-contract-boutique-foz-28-1024x683.jpg 1024w, https:\/\/maismagazine.pt\/wp-content\/uploads\/2021\/10\/jota-barbosa-contract-boutique-foz-28-300x200.jpg 300w, https:\/\/maismagazine.pt\/wp-content\/uploads\/2021\/10\/jota-barbosa-contract-boutique-foz-28-768x512.jpg 768w, https:\/\/maismagazine.pt\/wp-content\/uploads\/2021\/10\/jota-barbosa-contract-boutique-foz-28-1536x1024.jpg 1536w, https:\/\/maismagazine.pt\/wp-content\/uploads\/2021\/10\/jota-barbosa-contract-boutique-foz-28-2048x1365.jpg 2048w, https:\/\/maismagazine.pt\/wp-content\/uploads\/2021\/10\/jota-barbosa-contract-boutique-foz-28-150x100.jpg 150w\" sizes=\"auto, (max-width: 1024px) 100vw, 1024px\" \/><\/figure><\/li><li class=\"blocks-gallery-item\"><figure><img loading=\"lazy\" decoding=\"async\" width=\"1024\" height=\"683\" src=\"http:\/\/maismagazine.pt\/wp-content\/uploads\/2021\/10\/jota-barbosa-contract-boutique-foz-12-1024x683.jpg\" alt=\"\" data-id=\"1345\" data-full-url=\"http:\/\/maismagazine.pt\/wp-content\/uploads\/2021\/10\/jota-barbosa-contract-boutique-foz-12-scaled.jpg\" data-link=\"https:\/\/maismagazine.pt\/?attachment_id=1345\" class=\"wp-image-1345 is-layout-flex wp-block-gallery-is-layout-flex\" srcset=\"https:\/\/maismagazine.pt\/wp-content\/uploads\/2021\/10\/jota-barbosa-contract-boutique-foz-12-1024x683.jpg 1024w, https:\/\/maismagazine.pt\/wp-content\/uploads\/2021\/10\/jota-barbosa-contract-boutique-foz-12-300x200.jpg 300w, https:\/\/maismagazine.pt\/wp-content\/uploads\/2021\/10\/jota-barbosa-contract-boutique-foz-12-768x512.jpg 768w, https:\/\/maismagazine.pt\/wp-content\/uploads\/2021\/10\/jota-barbosa-contract-boutique-foz-12-1536x1024.jpg 1536w, https:\/\/maismagazine.pt\/wp-content\/uploads\/2021\/10\/jota-barbosa-contract-boutique-foz-12-2048x1365.jpg 2048w, https:\/\/maismagazine.pt\/wp-content\/uploads\/2021\/10\/jota-barbosa-contract-boutique-foz-12-150x100.jpg 150w\" sizes=\"auto, (max-width: 1024px) 100vw, 1024px\" \/><\/figure><\/li><\/ul><\/figure>\n","protected":false},"excerpt":{"rendered":"<p>Joaquim Barbosa, CEO da Jota Barbosa Interiors, d\u00e1 feedback da empresa e revela alguns objetivos para o futuro. Movido pelo setor mobili\u00e1rio e design de interiores, Joaquim Barbosa estabeleceu-se como empres\u00e1rio aos 20 anos, no momento em que abria a primeira loja de m\u00f3veis Jota Barbosa. Desde o seu in\u00edcio,&hellip;<\/p>\n","protected":false},"author":7,"featured_media":1344,"comment_status":"open","ping_status":"open","sticky":false,"template":"","format":"standard","meta":{"advgb_blocks_editor_width":"","advgb_blocks_columns_visual_guide":"","_monsterinsights_skip_tracking":false,"_monsterinsights_sitenote_active":false,"_monsterinsights_sitenote_note":"","_monsterinsights_sitenote_category":0,"footnotes":""},"categories":[1],"tags":[],"class_list":["post-1343","post","type-post","status-publish","format-standard","has-post-thumbnail","hentry","category-atualidade"],"yoast_head":"<!-- This site is optimized with the Yoast SEO plugin v24.4 - https:\/\/yoast.com\/wordpress\/plugins\/seo\/ -->\n<title>Jota Barbosa Interiors sonha ir mais al\u00e9m - Mais Magazine<\/title>\n<meta name=\"description\" content=\"Joaquim Barbosa, CEO da Jota Barbosa Interiors, d\u00e1 feedback da empresa e revela alguns objetivos para o futuro. Movido pelo setor mobili\u00e1rio e design de interiores, Joaquim Barbosa estabeleceu-se como empres\u00e1rio aos 20 anos, no momento em que abria a primeira loja de m\u00f3veis Jota Barbosa.\" \/>\n<meta name=\"robots\" content=\"index, follow, max-snippet:-1, max-image-preview:large, max-video-preview:-1\" \/>\n<link rel=\"canonical\" href=\"https:\/\/maismagazine.pt\/index.php\/2021\/10\/30\/jota-barbosa-interiors-sonha-ir-mais-alem\/\" \/>\n<meta property=\"og:locale\" content=\"pt_PT\" \/>\n<meta property=\"og:type\" content=\"article\" \/>\n<meta property=\"og:title\" content=\"Jota Barbosa Interiors sonha ir mais al\u00e9m - Mais Magazine\" \/>\n<meta property=\"og:description\" content=\"Joaquim Barbosa, CEO da Jota Barbosa Interiors, d\u00e1 feedback da empresa e revela alguns objetivos para o futuro. Movido pelo setor mobili\u00e1rio e design de interiores, Joaquim Barbosa estabeleceu-se como empres\u00e1rio aos 20 anos, no momento em que abria a primeira loja de m\u00f3veis Jota Barbosa.\" \/>\n<meta property=\"og:url\" content=\"https:\/\/maismagazine.pt\/index.php\/2021\/10\/30\/jota-barbosa-interiors-sonha-ir-mais-alem\/\" \/>\n<meta property=\"og:site_name\" content=\"Mais Magazine\" \/>\n<meta property=\"article:published_time\" content=\"2021-10-30T07:00:00+00:00\" \/>\n<meta property=\"article:modified_time\" content=\"2021-11-05T11:02:27+00:00\" \/>\n<meta property=\"og:image\" content=\"https:\/\/maismagazine.pt\/wp-content\/uploads\/2021\/10\/Sr.Barbosa-scaled.jpg\" \/>\n\t<meta property=\"og:image:width\" content=\"1707\" \/>\n\t<meta property=\"og:image:height\" content=\"2560\" \/>\n\t<meta property=\"og:image:type\" content=\"image\/jpeg\" \/>\n<meta name=\"author\" content=\"Jo\u00e3o Malainho\" \/>\n<meta name=\"twitter:card\" content=\"summary_large_image\" \/>\n<meta name=\"twitter:label1\" content=\"Escrito por\" \/>\n\t<meta name=\"twitter:data1\" content=\"\" \/>\n\t<meta name=\"twitter:label2\" content=\"Tempo estimado de leitura\" \/>\n\t<meta name=\"twitter:data2\" content=\"3 minutos\" \/>\n<script type=\"application\/ld+json\" class=\"yoast-schema-graph\">{\"@context\":\"https:\/\/schema.org\",\"@graph\":[{\"@type\":\"Article\",\"@id\":\"https:\/\/maismagazine.pt\/index.php\/2021\/10\/30\/jota-barbosa-interiors-sonha-ir-mais-alem\/#article\",\"isPartOf\":{\"@id\":\"https:\/\/maismagazine.pt\/index.php\/2021\/10\/30\/jota-barbosa-interiors-sonha-ir-mais-alem\/\"},\"author\":{\"name\":\"Jo\u00e3o Malainho\",\"@id\":\"https:\/\/maismagazine.pt\/#\/schema\/person\/999bd426f894ff56d397ec12ebd21ebb\"},\"headline\":\"Jota Barbosa Interiors sonha ir mais al\u00e9m\",\"datePublished\":\"2021-10-30T07:00:00+00:00\",\"dateModified\":\"2021-11-05T11:02:27+00:00\",\"mainEntityOfPage\":{\"@id\":\"https:\/\/maismagazine.pt\/index.php\/2021\/10\/30\/jota-barbosa-interiors-sonha-ir-mais-alem\/\"},\"wordCount\":446,\"commentCount\":0,\"publisher\":{\"@id\":\"https:\/\/maismagazine.pt\/#organization\"},\"image\":{\"@id\":\"https:\/\/maismagazine.pt\/index.php\/2021\/10\/30\/jota-barbosa-interiors-sonha-ir-mais-alem\/#primaryimage\"},\"thumbnailUrl\":\"https:\/\/maismagazine.pt\/wp-content\/uploads\/2021\/10\/Sr.Barbosa-scaled.jpg\",\"articleSection\":[\"Atualidade\"],\"inLanguage\":\"pt-PT\",\"potentialAction\":[{\"@type\":\"CommentAction\",\"name\":\"Comment\",\"target\":[\"https:\/\/maismagazine.pt\/index.php\/2021\/10\/30\/jota-barbosa-interiors-sonha-ir-mais-alem\/#respond\"]}]},{\"@type\":\"WebPage\",\"@id\":\"https:\/\/maismagazine.pt\/index.php\/2021\/10\/30\/jota-barbosa-interiors-sonha-ir-mais-alem\/\",\"url\":\"https:\/\/maismagazine.pt\/index.php\/2021\/10\/30\/jota-barbosa-interiors-sonha-ir-mais-alem\/\",\"name\":\"Jota Barbosa Interiors sonha ir mais al\u00e9m - Mais Magazine\",\"isPartOf\":{\"@id\":\"https:\/\/maismagazine.pt\/#website\"},\"primaryImageOfPage\":{\"@id\":\"https:\/\/maismagazine.pt\/index.php\/2021\/10\/30\/jota-barbosa-interiors-sonha-ir-mais-alem\/#primaryimage\"},\"image\":{\"@id\":\"https:\/\/maismagazine.pt\/index.php\/2021\/10\/30\/jota-barbosa-interiors-sonha-ir-mais-alem\/#primaryimage\"},\"thumbnailUrl\":\"https:\/\/maismagazine.pt\/wp-content\/uploads\/2021\/10\/Sr.Barbosa-scaled.jpg\",\"datePublished\":\"2021-10-30T07:00:00+00:00\",\"dateModified\":\"2021-11-05T11:02:27+00:00\",\"description\":\"Joaquim Barbosa, CEO da Jota Barbosa Interiors, d\u00e1 feedback da empresa e revela alguns objetivos para o futuro. Movido pelo setor mobili\u00e1rio e design de interiores, Joaquim Barbosa estabeleceu-se como empres\u00e1rio aos 20 anos, no momento em que abria a primeira loja de m\u00f3veis Jota Barbosa.\",\"breadcrumb\":{\"@id\":\"https:\/\/maismagazine.pt\/index.php\/2021\/10\/30\/jota-barbosa-interiors-sonha-ir-mais-alem\/#breadcrumb\"},\"inLanguage\":\"pt-PT\",\"potentialAction\":[{\"@type\":\"ReadAction\",\"target\":[\"https:\/\/maismagazine.pt\/index.php\/2021\/10\/30\/jota-barbosa-interiors-sonha-ir-mais-alem\/\"]}]},{\"@type\":\"ImageObject\",\"inLanguage\":\"pt-PT\",\"@id\":\"https:\/\/maismagazine.pt\/index.php\/2021\/10\/30\/jota-barbosa-interiors-sonha-ir-mais-alem\/#primaryimage\",\"url\":\"https:\/\/maismagazine.pt\/wp-content\/uploads\/2021\/10\/Sr.Barbosa-scaled.jpg\",\"contentUrl\":\"https:\/\/maismagazine.pt\/wp-content\/uploads\/2021\/10\/Sr.Barbosa-scaled.jpg\",\"width\":1707,\"height\":2560},{\"@type\":\"BreadcrumbList\",\"@id\":\"https:\/\/maismagazine.pt\/index.php\/2021\/10\/30\/jota-barbosa-interiors-sonha-ir-mais-alem\/#breadcrumb\",\"itemListElement\":[{\"@type\":\"ListItem\",\"position\":1,\"name\":\"Home\",\"item\":\"https:\/\/maismagazine.pt\/\"},{\"@type\":\"ListItem\",\"position\":2,\"name\":\"Jota Barbosa Interiors sonha ir mais al\u00e9m\"}]},{\"@type\":\"WebSite\",\"@id\":\"https:\/\/maismagazine.pt\/#website\",\"url\":\"https:\/\/maismagazine.pt\/\",\"name\":\"Mais Magazine\",\"description\":\"\",\"publisher\":{\"@id\":\"https:\/\/maismagazine.pt\/#organization\"},\"potentialAction\":[{\"@type\":\"SearchAction\",\"target\":{\"@type\":\"EntryPoint\",\"urlTemplate\":\"https:\/\/maismagazine.pt\/?s={search_term_string}\"},\"query-input\":{\"@type\":\"PropertyValueSpecification\",\"valueRequired\":true,\"valueName\":\"search_term_string\"}}],\"inLanguage\":\"pt-PT\"},{\"@type\":\"Organization\",\"@id\":\"https:\/\/maismagazine.pt\/#organization\",\"name\":\"Mais Magazine\",\"url\":\"https:\/\/maismagazine.pt\/\",\"logo\":{\"@type\":\"ImageObject\",\"inLanguage\":\"pt-PT\",\"@id\":\"https:\/\/maismagazine.pt\/#\/schema\/logo\/image\/\",\"url\":\"https:\/\/maismagazine.pt\/wp-content\/uploads\/2020\/04\/cropped-cropped-mais-magazine-site-logo-2.png\",\"contentUrl\":\"https:\/\/maismagazine.pt\/wp-content\/uploads\/2020\/04\/cropped-cropped-mais-magazine-site-logo-2.png\",\"width\":581,\"height\":90,\"caption\":\"Mais Magazine\"},\"image\":{\"@id\":\"https:\/\/maismagazine.pt\/#\/schema\/logo\/image\/\"}},{\"@type\":\"Person\",\"@id\":\"https:\/\/maismagazine.pt\/#\/schema\/person\/999bd426f894ff56d397ec12ebd21ebb\",\"name\":\"Jo\u00e3o Malainho\",\"image\":{\"@type\":\"ImageObject\",\"inLanguage\":\"pt-PT\",\"@id\":\"https:\/\/maismagazine.pt\/#\/schema\/person\/image\/\",\"url\":\"https:\/\/secure.gravatar.com\/avatar\/ff03c2f38edf60b2a827aa4f74878491?s=96&d=mm&r=g\",\"contentUrl\":\"https:\/\/secure.gravatar.com\/avatar\/ff03c2f38edf60b2a827aa4f74878491?s=96&d=mm&r=g\",\"caption\":\"Jo\u00e3o Malainho\"},\"url\":\"https:\/\/maismagazine.pt\/index.php\/author\/maismagazine\/\"}]}<\/script>\n<!-- \/ Yoast SEO plugin. -->","yoast_head_json":{"title":"Jota Barbosa Interiors sonha ir mais al\u00e9m - Mais Magazine","description":"Joaquim Barbosa, CEO da Jota Barbosa Interiors, d\u00e1 feedback da empresa e revela alguns objetivos para o futuro. Movido pelo setor mobili\u00e1rio e design de interiores, Joaquim Barbosa estabeleceu-se como empres\u00e1rio aos 20 anos, no momento em que abria a primeira loja de m\u00f3veis Jota Barbosa.","robots":{"index":"index","follow":"follow","max-snippet":"max-snippet:-1","max-image-preview":"max-image-preview:large","max-video-preview":"max-video-preview:-1"},"canonical":"https:\/\/maismagazine.pt\/index.php\/2021\/10\/30\/jota-barbosa-interiors-sonha-ir-mais-alem\/","og_locale":"pt_PT","og_type":"article","og_title":"Jota Barbosa Interiors sonha ir mais al\u00e9m - Mais Magazine","og_description":"Joaquim Barbosa, CEO da Jota Barbosa Interiors, d\u00e1 feedback da empresa e revela alguns objetivos para o futuro. Movido pelo setor mobili\u00e1rio e design de interiores, Joaquim Barbosa estabeleceu-se como empres\u00e1rio aos 20 anos, no momento em que abria a primeira loja de m\u00f3veis Jota Barbosa.","og_url":"https:\/\/maismagazine.pt\/index.php\/2021\/10\/30\/jota-barbosa-interiors-sonha-ir-mais-alem\/","og_site_name":"Mais Magazine","article_published_time":"2021-10-30T07:00:00+00:00","article_modified_time":"2021-11-05T11:02:27+00:00","og_image":[{"width":1707,"height":2560,"url":"https:\/\/maismagazine.pt\/wp-content\/uploads\/2021\/10\/Sr.Barbosa-scaled.jpg","type":"image\/jpeg"}],"author":"Jo\u00e3o Malainho","twitter_card":"summary_large_image","twitter_misc":{"Escrito por":false,"Tempo estimado de leitura":"3 minutos"},"schema":{"@context":"https:\/\/schema.org","@graph":[{"@type":"Article","@id":"https:\/\/maismagazine.pt\/index.php\/2021\/10\/30\/jota-barbosa-interiors-sonha-ir-mais-alem\/#article","isPartOf":{"@id":"https:\/\/maismagazine.pt\/index.php\/2021\/10\/30\/jota-barbosa-interiors-sonha-ir-mais-alem\/"},"author":{"name":"Jo\u00e3o Malainho","@id":"https:\/\/maismagazine.pt\/#\/schema\/person\/999bd426f894ff56d397ec12ebd21ebb"},"headline":"Jota Barbosa Interiors sonha ir mais al\u00e9m","datePublished":"2021-10-30T07:00:00+00:00","dateModified":"2021-11-05T11:02:27+00:00","mainEntityOfPage":{"@id":"https:\/\/maismagazine.pt\/index.php\/2021\/10\/30\/jota-barbosa-interiors-sonha-ir-mais-alem\/"},"wordCount":446,"commentCount":0,"publisher":{"@id":"https:\/\/maismagazine.pt\/#organization"},"image":{"@id":"https:\/\/maismagazine.pt\/index.php\/2021\/10\/30\/jota-barbosa-interiors-sonha-ir-mais-alem\/#primaryimage"},"thumbnailUrl":"https:\/\/maismagazine.pt\/wp-content\/uploads\/2021\/10\/Sr.Barbosa-scaled.jpg","articleSection":["Atualidade"],"inLanguage":"pt-PT","potentialAction":[{"@type":"CommentAction","name":"Comment","target":["https:\/\/maismagazine.pt\/index.php\/2021\/10\/30\/jota-barbosa-interiors-sonha-ir-mais-alem\/#respond"]}]},{"@type":"WebPage","@id":"https:\/\/maismagazine.pt\/index.php\/2021\/10\/30\/jota-barbosa-interiors-sonha-ir-mais-alem\/","url":"https:\/\/maismagazine.pt\/index.php\/2021\/10\/30\/jota-barbosa-interiors-sonha-ir-mais-alem\/","name":"Jota Barbosa Interiors sonha ir mais al\u00e9m - Mais Magazine","isPartOf":{"@id":"https:\/\/maismagazine.pt\/#website"},"primaryImageOfPage":{"@id":"https:\/\/maismagazine.pt\/index.php\/2021\/10\/30\/jota-barbosa-interiors-sonha-ir-mais-alem\/#primaryimage"},"image":{"@id":"https:\/\/maismagazine.pt\/index.php\/2021\/10\/30\/jota-barbosa-interiors-sonha-ir-mais-alem\/#primaryimage"},"thumbnailUrl":"https:\/\/maismagazine.pt\/wp-content\/uploads\/2021\/10\/Sr.Barbosa-scaled.jpg","datePublished":"2021-10-30T07:00:00+00:00","dateModified":"2021-11-05T11:02:27+00:00","description":"Joaquim Barbosa, CEO da Jota Barbosa Interiors, d\u00e1 feedback da empresa e revela alguns objetivos para o futuro. Movido pelo setor mobili\u00e1rio e design de interiores, Joaquim Barbosa estabeleceu-se como empres\u00e1rio aos 20 anos, no momento em que abria a primeira loja de m\u00f3veis Jota Barbosa.","breadcrumb":{"@id":"https:\/\/maismagazine.pt\/index.php\/2021\/10\/30\/jota-barbosa-interiors-sonha-ir-mais-alem\/#breadcrumb"},"inLanguage":"pt-PT","potentialAction":[{"@type":"ReadAction","target":["https:\/\/maismagazine.pt\/index.php\/2021\/10\/30\/jota-barbosa-interiors-sonha-ir-mais-alem\/"]}]},{"@type":"ImageObject","inLanguage":"pt-PT","@id":"https:\/\/maismagazine.pt\/index.php\/2021\/10\/30\/jota-barbosa-interiors-sonha-ir-mais-alem\/#primaryimage","url":"https:\/\/maismagazine.pt\/wp-content\/uploads\/2021\/10\/Sr.Barbosa-scaled.jpg","contentUrl":"https:\/\/maismagazine.pt\/wp-content\/uploads\/2021\/10\/Sr.Barbosa-scaled.jpg","width":1707,"height":2560},{"@type":"BreadcrumbList","@id":"https:\/\/maismagazine.pt\/index.php\/2021\/10\/30\/jota-barbosa-interiors-sonha-ir-mais-alem\/#breadcrumb","itemListElement":[{"@type":"ListItem","position":1,"name":"Home","item":"https:\/\/maismagazine.pt\/"},{"@type":"ListItem","position":2,"name":"Jota Barbosa Interiors sonha ir mais al\u00e9m"}]},{"@type":"WebSite","@id":"https:\/\/maismagazine.pt\/#website","url":"https:\/\/maismagazine.pt\/","name":"Mais Magazine","description":"","publisher":{"@id":"https:\/\/maismagazine.pt\/#organization"},"potentialAction":[{"@type":"SearchAction","target":{"@type":"EntryPoint","urlTemplate":"https:\/\/maismagazine.pt\/?s={search_term_string}"},"query-input":{"@type":"PropertyValueSpecification","valueRequired":true,"valueName":"search_term_string"}}],"inLanguage":"pt-PT"},{"@type":"Organization","@id":"https:\/\/maismagazine.pt\/#organization","name":"Mais Magazine","url":"https:\/\/maismagazine.pt\/","logo":{"@type":"ImageObject","inLanguage":"pt-PT","@id":"https:\/\/maismagazine.pt\/#\/schema\/logo\/image\/","url":"https:\/\/maismagazine.pt\/wp-content\/uploads\/2020\/04\/cropped-cropped-mais-magazine-site-logo-2.png","contentUrl":"https:\/\/maismagazine.pt\/wp-content\/uploads\/2020\/04\/cropped-cropped-mais-magazine-site-logo-2.png","width":581,"height":90,"caption":"Mais Magazine"},"image":{"@id":"https:\/\/maismagazine.pt\/#\/schema\/logo\/image\/"}},{"@type":"Person","@id":"https:\/\/maismagazine.pt\/#\/schema\/person\/999bd426f894ff56d397ec12ebd21ebb","name":"Jo\u00e3o Malainho","image":{"@type":"ImageObject","inLanguage":"pt-PT","@id":"https:\/\/maismagazine.pt\/#\/schema\/person\/image\/","url":"https:\/\/secure.gravatar.com\/avatar\/ff03c2f38edf60b2a827aa4f74878491?s=96&d=mm&r=g","contentUrl":"https:\/\/secure.gravatar.com\/avatar\/ff03c2f38edf60b2a827aa4f74878491?s=96&d=mm&r=g","caption":"Jo\u00e3o Malainho"},"url":"https:\/\/maismagazine.pt\/index.php\/author\/maismagazine\/"}]}},"author_meta":{"display_name":false,"author_link":"https:\/\/maismagazine.pt\/index.php\/author\/maismagazine\/"},"featured_img":"https:\/\/maismagazine.pt\/wp-content\/uploads\/2021\/10\/Sr.Barbosa-200x300.jpg","coauthors":[],"tax_additional":{"categories":{"linked":["<a href=\"https:\/\/maismagazine.pt\/index.php\/category\/atualidade\/\" class=\"advgb-post-tax-term\">Atualidade<\/a>"],"unlinked":["<span class=\"advgb-post-tax-term\">Atualidade<\/span>"]}},"comment_count":"0","relative_dates":{"created":"Posted 5 anos ago","modified":"Updated 4 anos ago"},"absolute_dates":{"created":"Posted on 30 de Outubro, 2021","modified":"Updated on 5 de Novembro, 2021"},"absolute_dates_time":{"created":"Posted on 30 de Outubro, 2021 7:00","modified":"Updated on 5 de Novembro, 2021 11:02"},"featured_img_caption":"","series_order":"","_links":{"self":[{"href":"https:\/\/maismagazine.pt\/index.php\/wp-json\/wp\/v2\/posts\/1343","targetHints":{"allow":["GET"]}}],"collection":[{"href":"https:\/\/maismagazine.pt\/index.php\/wp-json\/wp\/v2\/posts"}],"about":[{"href":"https:\/\/maismagazine.pt\/index.php\/wp-json\/wp\/v2\/types\/post"}],"author":[{"embeddable":true,"href":"https:\/\/maismagazine.pt\/index.php\/wp-json\/wp\/v2\/users\/7"}],"replies":[{"embeddable":true,"href":"https:\/\/maismagazine.pt\/index.php\/wp-json\/wp\/v2\/comments?post=1343"}],"version-history":[{"count":4,"href":"https:\/\/maismagazine.pt\/index.php\/wp-json\/wp\/v2\/posts\/1343\/revisions"}],"predecessor-version":[{"id":1565,"href":"https:\/\/maismagazine.pt\/index.php\/wp-json\/wp\/v2\/posts\/1343\/revisions\/1565"}],"wp:featuredmedia":[{"embeddable":true,"href":"https:\/\/maismagazine.pt\/index.php\/wp-json\/wp\/v2\/media\/1344"}],"wp:attachment":[{"href":"https:\/\/maismagazine.pt\/index.php\/wp-json\/wp\/v2\/media?parent=1343"}],"wp:term":[{"taxonomy":"category","embeddable":true,"href":"https:\/\/maismagazine.pt\/index.php\/wp-json\/wp\/v2\/categories?post=1343"},{"taxonomy":"post_tag","embeddable":true,"href":"https:\/\/maismagazine.pt\/index.php\/wp-json\/wp\/v2\/tags?post=1343"}],"curies":[{"name":"wp","href":"https:\/\/api.w.org\/{rel}","templated":true}]}}