{"id":1327,"date":"2021-10-30T07:00:00","date_gmt":"2021-10-30T07:00:00","guid":{"rendered":"https:\/\/maismagazine.pt\/?p=1327"},"modified":"2021-11-04T16:12:18","modified_gmt":"2021-11-04T16:12:18","slug":"moyo-projetos-de-interiores-com-alma","status":"publish","type":"post","link":"https:\/\/maismagazine.pt\/index.php\/2021\/10\/30\/moyo-projetos-de-interiores-com-alma\/","title":{"rendered":"MOYO &#8211; Projetos de Interiores com Alma"},"content":{"rendered":"\n<p><strong><em>H\u00e1 uma poesia impl\u00edcita na forma como na Moyo se revela, esconde, transforma e cria, materializando estados de esp\u00edritos e forma de arte&#8230; A ilumina\u00e7\u00e3o \u00e9 uma arte ao sabor da t\u00e9cnica e da imagina\u00e7\u00e3o, essencial para valorizar um espa\u00e7o, ou real\u00e7ar tra\u00e7os da linguagem decora\u00e7\u00e3o de interiores. <\/em><\/strong><\/p>\n\n\n\n<p><\/p>\n\n\n\n<p>Ap\u00f3s um longo e enriquecedor percurso profissional, no qual passou por prestigiadas empresas de refer\u00eancia em design de interiores (como a Altamira, S\u00e1tira Design, Inain e Empatias), Cl\u00e1udia Ferreira decidiu abra\u00e7ar o seu pr\u00f3prio projeto empresarial e, assim, fez nascer a MOYO, em 2009. Assumindo-se como respons\u00e1vel pela equipa de design de interiores, especializada no desenvolvimento de projetos de arquitetura de interiores e decora\u00e7\u00e3o de espa\u00e7os, de \u00e2mbito p\u00fablico ou particular, e no desenvolvimento de solu\u00e7\u00f5es otimizadas de mobili\u00e1rio personalizado, fabricado por medida. Quem procura a MOYO, regra geral, pretende uma solu\u00e7\u00e3o integrada dos espa\u00e7os na sua totalidade. A empresa cria pe\u00e7as de mobili\u00e1rio desenhado e executado de forma personalizada para espa\u00e7os onde estejam a atuar. A ideia surgiu pela pr\u00f3pria necessidade de cada projeto, contou-nos a empres\u00e1ria. \u201cMuitas vezes deparamo-nos com espa\u00e7os que requerem solu\u00e7\u00f5es muito especificas e personalizadas, sendo necess\u00e1rio recorrer a mobili\u00e1rio feito \u00e0 medida e de design MOYO\u201d. A personaliza\u00e7\u00e3o \u00e9 um dos pontos principais da marca e os clientes cada vez mais confiam no trabalho da empresa. Procuram originalidade nos seus espa\u00e7os e parceiros inovadores capazes de executar a vis\u00e3o que imaginam, que possam trazer valor acrescentado e diferencia\u00e7\u00e3o para o mesmo, ou seja, querem sentir que o seu projeto \u00e9 \u00fanico e original. E a MOYO entrega isso mesmo. <\/p>\n\n\n\n<div class=\"wp-block-image\"><figure class=\"aligncenter size-large\"><img loading=\"lazy\" decoding=\"async\" width=\"1024\" height=\"518\" src=\"http:\/\/maismagazine.pt\/wp-content\/uploads\/2021\/10\/D3X9154_HDR-1024x518.jpg\" alt=\"\" class=\"wp-image-1330\" srcset=\"https:\/\/maismagazine.pt\/wp-content\/uploads\/2021\/10\/D3X9154_HDR-1024x518.jpg 1024w, https:\/\/maismagazine.pt\/wp-content\/uploads\/2021\/10\/D3X9154_HDR-300x152.jpg 300w, https:\/\/maismagazine.pt\/wp-content\/uploads\/2021\/10\/D3X9154_HDR-768x388.jpg 768w, https:\/\/maismagazine.pt\/wp-content\/uploads\/2021\/10\/D3X9154_HDR-1536x777.jpg 1536w, https:\/\/maismagazine.pt\/wp-content\/uploads\/2021\/10\/D3X9154_HDR.jpg 1772w\" sizes=\"auto, (max-width: 1024px) 100vw, 1024px\" \/><\/figure><\/div>\n\n\n\n<p>Para Cl\u00e1udia Ferreira, o maior orgulho da empresa que gere \u201c\u00e9 a satisfa\u00e7\u00e3o e gratid\u00e3o transmitida pelos clientes, que com a conclus\u00e3o do nosso trabalho sentem uma melhoria nas suas vidas, essencialmente a n\u00edvel do conforto e bem-estar nos novos espa\u00e7os desenvolvidos\u201d. Felizmente que Portugal est\u00e1 cada vez mais sensibilizado para a import\u00e2ncia deste setor e do papel da est\u00e9tica nas habita\u00e7\u00f5es, quer ao n\u00edvel da remodela\u00e7\u00e3o, quer na constru\u00e7\u00e3o nova. Nos dias de hoje j\u00e1 se sente que \u201cos portugueses exigem espa\u00e7os mais bem pensados e mais apelativos, nos quais um designer de interiores ser\u00e1 o profissional ideal para lhes dar esse atributo e cunho especial\u201d. Todas as \u00e1reas s\u00e3o desafiadoras para a MOYO, mas a empres\u00e1ria reconhece que s\u00e3o ainda mais motivados pela diferen\u00e7a e adversidade de cada projeto: \u201cSomos bastante eficazes em desenvolver solu\u00e7\u00f5es muito funcionais para espa\u00e7os dif\u00edceis de trabalhar, com \u00e1reas pequenas ou at\u00e9 cria\u00e7\u00e3o ou renova\u00e7\u00e3o de espa\u00e7os mais complexos. Adoramos bons desafios!\u201d. S\u00e3o uma marca bastante diferenciada, inclusivamente porque n\u00e3o est\u00e3o vinculados a nenhuma marca, pelo que os clientes t\u00eam a possibilidade de escolher de forma livre e total que tipo de materiais e a quantidade de produtos querem e\/ou precisam para o espa\u00e7o a ser projetado. Os projetos MOYO s\u00e3o uma simbiose de custom design, taylor made e brand blending. <\/p>\n\n\n\n<div class=\"wp-block-image\"><figure class=\"aligncenter size-large\"><img loading=\"lazy\" decoding=\"async\" width=\"1024\" height=\"607\" src=\"http:\/\/maismagazine.pt\/wp-content\/uploads\/2021\/10\/D3X9224-1024x607.jpg\" alt=\"\" class=\"wp-image-1329\" srcset=\"https:\/\/maismagazine.pt\/wp-content\/uploads\/2021\/10\/D3X9224-1024x607.jpg 1024w, https:\/\/maismagazine.pt\/wp-content\/uploads\/2021\/10\/D3X9224-300x178.jpg 300w, https:\/\/maismagazine.pt\/wp-content\/uploads\/2021\/10\/D3X9224-768x456.jpg 768w, https:\/\/maismagazine.pt\/wp-content\/uploads\/2021\/10\/D3X9224-1536x911.jpg 1536w, https:\/\/maismagazine.pt\/wp-content\/uploads\/2021\/10\/D3X9224-2048x1215.jpg 2048w\" sizes=\"auto, (max-width: 1024px) 100vw, 1024px\" \/><\/figure><\/div>\n\n\n\n<p>O que os distingue e o empenho e dedica\u00e7\u00e3o levou \u00e0 conquista do pr\u00e9mio de Melhor Empresa na categoria de Decora\u00e7\u00e3o e Design de Interiores, dos Pr\u00e9mios Mobis, em 2019. Este pr\u00e9mio trouxe \u00e0 MOYO a responsabilidade de fazer cada vez mais e melhor. \u201cQueremos crescer de forma sustentada, com um foco na inova\u00e7\u00e3o de espa\u00e7os, com exig\u00eancias alicer\u00e7adas na sustentabilidade de materiais mais eco-friendly. Queremos consolidar a nossa base de clientes ao n\u00edvel nacional e alcan\u00e7ar novos mercados internacionais \u201c, conclui a designer.<\/p>\n","protected":false},"excerpt":{"rendered":"<p>H\u00e1 uma poesia impl\u00edcita na forma como na Moyo se revela, esconde, transforma e cria, materializando estados de esp\u00edritos e forma de arte&#8230; A ilumina\u00e7\u00e3o \u00e9 uma arte ao sabor da t\u00e9cnica e da imagina\u00e7\u00e3o, essencial para valorizar um espa\u00e7o, ou real\u00e7ar tra\u00e7os da linguagem decora\u00e7\u00e3o de interiores. Ap\u00f3s um&hellip;<\/p>\n","protected":false},"author":7,"featured_media":1328,"comment_status":"open","ping_status":"open","sticky":false,"template":"","format":"standard","meta":{"advgb_blocks_editor_width":"","advgb_blocks_columns_visual_guide":"","_monsterinsights_skip_tracking":false,"_monsterinsights_sitenote_active":false,"_monsterinsights_sitenote_note":"","_monsterinsights_sitenote_category":0,"footnotes":""},"categories":[1],"tags":[],"class_list":["post-1327","post","type-post","status-publish","format-standard","has-post-thumbnail","hentry","category-atualidade"],"yoast_head":"<!-- This site is optimized with the Yoast SEO plugin v24.4 - https:\/\/yoast.com\/wordpress\/plugins\/seo\/ -->\n<title>MOYO - Projetos de Interiores com Alma - Mais Magazine<\/title>\n<meta name=\"description\" content=\"H\u00e1 uma poesia impl\u00edcita na forma como na Moyo se revela, esconde, transforma e cria, materializando estados de esp\u00edritos e forma de arte... A ilumina\u00e7\u00e3o \u00e9 uma arte ao sabor da t\u00e9cnica e da imagina\u00e7\u00e3o, essencial para valorizar um espa\u00e7o, ou real\u00e7ar tra\u00e7os da linguagem decora\u00e7\u00e3o de interiores.\" \/>\n<meta name=\"robots\" content=\"index, follow, max-snippet:-1, max-image-preview:large, max-video-preview:-1\" \/>\n<link rel=\"canonical\" href=\"https:\/\/maismagazine.pt\/index.php\/2021\/10\/30\/moyo-projetos-de-interiores-com-alma\/\" \/>\n<meta property=\"og:locale\" content=\"pt_PT\" \/>\n<meta property=\"og:type\" content=\"article\" \/>\n<meta property=\"og:title\" content=\"MOYO - Projetos de Interiores com Alma - Mais Magazine\" \/>\n<meta property=\"og:description\" content=\"H\u00e1 uma poesia impl\u00edcita na forma como na Moyo se revela, esconde, transforma e cria, materializando estados de esp\u00edritos e forma de arte... A ilumina\u00e7\u00e3o \u00e9 uma arte ao sabor da t\u00e9cnica e da imagina\u00e7\u00e3o, essencial para valorizar um espa\u00e7o, ou real\u00e7ar tra\u00e7os da linguagem decora\u00e7\u00e3o de interiores.\" \/>\n<meta property=\"og:url\" content=\"https:\/\/maismagazine.pt\/index.php\/2021\/10\/30\/moyo-projetos-de-interiores-com-alma\/\" \/>\n<meta property=\"og:site_name\" content=\"Mais Magazine\" \/>\n<meta property=\"article:published_time\" content=\"2021-10-30T07:00:00+00:00\" \/>\n<meta property=\"article:modified_time\" content=\"2021-11-04T16:12:18+00:00\" \/>\n<meta property=\"og:image\" content=\"https:\/\/maismagazine.pt\/wp-content\/uploads\/2021\/10\/Claudia-Ferreira_2019-scaled.jpg\" \/>\n\t<meta property=\"og:image:width\" content=\"1705\" \/>\n\t<meta property=\"og:image:height\" content=\"2560\" \/>\n\t<meta property=\"og:image:type\" content=\"image\/jpeg\" \/>\n<meta name=\"author\" content=\"Jo\u00e3o Malainho\" \/>\n<meta name=\"twitter:card\" content=\"summary_large_image\" \/>\n<meta name=\"twitter:label1\" content=\"Escrito por\" \/>\n\t<meta name=\"twitter:data1\" content=\"\" \/>\n\t<meta name=\"twitter:label2\" content=\"Tempo estimado de leitura\" \/>\n\t<meta name=\"twitter:data2\" content=\"3 minutos\" \/>\n<script type=\"application\/ld+json\" class=\"yoast-schema-graph\">{\"@context\":\"https:\/\/schema.org\",\"@graph\":[{\"@type\":\"Article\",\"@id\":\"https:\/\/maismagazine.pt\/index.php\/2021\/10\/30\/moyo-projetos-de-interiores-com-alma\/#article\",\"isPartOf\":{\"@id\":\"https:\/\/maismagazine.pt\/index.php\/2021\/10\/30\/moyo-projetos-de-interiores-com-alma\/\"},\"author\":{\"name\":\"Jo\u00e3o Malainho\",\"@id\":\"http:\/\/maismagazine.pt\/#\/schema\/person\/999bd426f894ff56d397ec12ebd21ebb\"},\"headline\":\"MOYO &#8211; Projetos de Interiores com Alma\",\"datePublished\":\"2021-10-30T07:00:00+00:00\",\"dateModified\":\"2021-11-04T16:12:18+00:00\",\"mainEntityOfPage\":{\"@id\":\"https:\/\/maismagazine.pt\/index.php\/2021\/10\/30\/moyo-projetos-de-interiores-com-alma\/\"},\"wordCount\":639,\"commentCount\":0,\"publisher\":{\"@id\":\"http:\/\/maismagazine.pt\/#organization\"},\"image\":{\"@id\":\"https:\/\/maismagazine.pt\/index.php\/2021\/10\/30\/moyo-projetos-de-interiores-com-alma\/#primaryimage\"},\"thumbnailUrl\":\"https:\/\/maismagazine.pt\/wp-content\/uploads\/2021\/10\/Claudia-Ferreira_2019-scaled.jpg\",\"articleSection\":[\"Atualidade\"],\"inLanguage\":\"pt-PT\",\"potentialAction\":[{\"@type\":\"CommentAction\",\"name\":\"Comment\",\"target\":[\"https:\/\/maismagazine.pt\/index.php\/2021\/10\/30\/moyo-projetos-de-interiores-com-alma\/#respond\"]}]},{\"@type\":\"WebPage\",\"@id\":\"https:\/\/maismagazine.pt\/index.php\/2021\/10\/30\/moyo-projetos-de-interiores-com-alma\/\",\"url\":\"https:\/\/maismagazine.pt\/index.php\/2021\/10\/30\/moyo-projetos-de-interiores-com-alma\/\",\"name\":\"MOYO - Projetos de Interiores com Alma - Mais Magazine\",\"isPartOf\":{\"@id\":\"http:\/\/maismagazine.pt\/#website\"},\"primaryImageOfPage\":{\"@id\":\"https:\/\/maismagazine.pt\/index.php\/2021\/10\/30\/moyo-projetos-de-interiores-com-alma\/#primaryimage\"},\"image\":{\"@id\":\"https:\/\/maismagazine.pt\/index.php\/2021\/10\/30\/moyo-projetos-de-interiores-com-alma\/#primaryimage\"},\"thumbnailUrl\":\"https:\/\/maismagazine.pt\/wp-content\/uploads\/2021\/10\/Claudia-Ferreira_2019-scaled.jpg\",\"datePublished\":\"2021-10-30T07:00:00+00:00\",\"dateModified\":\"2021-11-04T16:12:18+00:00\",\"description\":\"H\u00e1 uma poesia impl\u00edcita na forma como na Moyo se revela, esconde, transforma e cria, materializando estados de esp\u00edritos e forma de arte... A ilumina\u00e7\u00e3o \u00e9 uma arte ao sabor da t\u00e9cnica e da imagina\u00e7\u00e3o, essencial para valorizar um espa\u00e7o, ou real\u00e7ar tra\u00e7os da linguagem decora\u00e7\u00e3o de interiores.\",\"breadcrumb\":{\"@id\":\"https:\/\/maismagazine.pt\/index.php\/2021\/10\/30\/moyo-projetos-de-interiores-com-alma\/#breadcrumb\"},\"inLanguage\":\"pt-PT\",\"potentialAction\":[{\"@type\":\"ReadAction\",\"target\":[\"https:\/\/maismagazine.pt\/index.php\/2021\/10\/30\/moyo-projetos-de-interiores-com-alma\/\"]}]},{\"@type\":\"ImageObject\",\"inLanguage\":\"pt-PT\",\"@id\":\"https:\/\/maismagazine.pt\/index.php\/2021\/10\/30\/moyo-projetos-de-interiores-com-alma\/#primaryimage\",\"url\":\"https:\/\/maismagazine.pt\/wp-content\/uploads\/2021\/10\/Claudia-Ferreira_2019-scaled.jpg\",\"contentUrl\":\"https:\/\/maismagazine.pt\/wp-content\/uploads\/2021\/10\/Claudia-Ferreira_2019-scaled.jpg\",\"width\":1705,\"height\":2560},{\"@type\":\"BreadcrumbList\",\"@id\":\"https:\/\/maismagazine.pt\/index.php\/2021\/10\/30\/moyo-projetos-de-interiores-com-alma\/#breadcrumb\",\"itemListElement\":[{\"@type\":\"ListItem\",\"position\":1,\"name\":\"Home\",\"item\":\"http:\/\/maismagazine.pt\/\"},{\"@type\":\"ListItem\",\"position\":2,\"name\":\"MOYO &#8211; Projetos de Interiores com Alma\"}]},{\"@type\":\"WebSite\",\"@id\":\"http:\/\/maismagazine.pt\/#website\",\"url\":\"http:\/\/maismagazine.pt\/\",\"name\":\"Mais Magazine\",\"description\":\"\",\"publisher\":{\"@id\":\"http:\/\/maismagazine.pt\/#organization\"},\"potentialAction\":[{\"@type\":\"SearchAction\",\"target\":{\"@type\":\"EntryPoint\",\"urlTemplate\":\"http:\/\/maismagazine.pt\/?s={search_term_string}\"},\"query-input\":{\"@type\":\"PropertyValueSpecification\",\"valueRequired\":true,\"valueName\":\"search_term_string\"}}],\"inLanguage\":\"pt-PT\"},{\"@type\":\"Organization\",\"@id\":\"http:\/\/maismagazine.pt\/#organization\",\"name\":\"Mais Magazine\",\"url\":\"http:\/\/maismagazine.pt\/\",\"logo\":{\"@type\":\"ImageObject\",\"inLanguage\":\"pt-PT\",\"@id\":\"http:\/\/maismagazine.pt\/#\/schema\/logo\/image\/\",\"url\":\"https:\/\/maismagazine.pt\/wp-content\/uploads\/2020\/04\/cropped-cropped-mais-magazine-site-logo-2.png\",\"contentUrl\":\"https:\/\/maismagazine.pt\/wp-content\/uploads\/2020\/04\/cropped-cropped-mais-magazine-site-logo-2.png\",\"width\":581,\"height\":90,\"caption\":\"Mais Magazine\"},\"image\":{\"@id\":\"http:\/\/maismagazine.pt\/#\/schema\/logo\/image\/\"}},{\"@type\":\"Person\",\"@id\":\"http:\/\/maismagazine.pt\/#\/schema\/person\/999bd426f894ff56d397ec12ebd21ebb\",\"name\":\"Jo\u00e3o Malainho\",\"image\":{\"@type\":\"ImageObject\",\"inLanguage\":\"pt-PT\",\"@id\":\"http:\/\/maismagazine.pt\/#\/schema\/person\/image\/\",\"url\":\"https:\/\/secure.gravatar.com\/avatar\/ff03c2f38edf60b2a827aa4f74878491?s=96&d=mm&r=g\",\"contentUrl\":\"https:\/\/secure.gravatar.com\/avatar\/ff03c2f38edf60b2a827aa4f74878491?s=96&d=mm&r=g\",\"caption\":\"Jo\u00e3o Malainho\"},\"url\":\"https:\/\/maismagazine.pt\/index.php\/author\/maismagazine\/\"}]}<\/script>\n<!-- \/ Yoast SEO plugin. -->","yoast_head_json":{"title":"MOYO - Projetos de Interiores com Alma - Mais Magazine","description":"H\u00e1 uma poesia impl\u00edcita na forma como na Moyo se revela, esconde, transforma e cria, materializando estados de esp\u00edritos e forma de arte... A ilumina\u00e7\u00e3o \u00e9 uma arte ao sabor da t\u00e9cnica e da imagina\u00e7\u00e3o, essencial para valorizar um espa\u00e7o, ou real\u00e7ar tra\u00e7os da linguagem decora\u00e7\u00e3o de interiores.","robots":{"index":"index","follow":"follow","max-snippet":"max-snippet:-1","max-image-preview":"max-image-preview:large","max-video-preview":"max-video-preview:-1"},"canonical":"https:\/\/maismagazine.pt\/index.php\/2021\/10\/30\/moyo-projetos-de-interiores-com-alma\/","og_locale":"pt_PT","og_type":"article","og_title":"MOYO - Projetos de Interiores com Alma - Mais Magazine","og_description":"H\u00e1 uma poesia impl\u00edcita na forma como na Moyo se revela, esconde, transforma e cria, materializando estados de esp\u00edritos e forma de arte... A ilumina\u00e7\u00e3o \u00e9 uma arte ao sabor da t\u00e9cnica e da imagina\u00e7\u00e3o, essencial para valorizar um espa\u00e7o, ou real\u00e7ar tra\u00e7os da linguagem decora\u00e7\u00e3o de interiores.","og_url":"https:\/\/maismagazine.pt\/index.php\/2021\/10\/30\/moyo-projetos-de-interiores-com-alma\/","og_site_name":"Mais Magazine","article_published_time":"2021-10-30T07:00:00+00:00","article_modified_time":"2021-11-04T16:12:18+00:00","og_image":[{"width":1705,"height":2560,"url":"https:\/\/maismagazine.pt\/wp-content\/uploads\/2021\/10\/Claudia-Ferreira_2019-scaled.jpg","type":"image\/jpeg"}],"author":"Jo\u00e3o Malainho","twitter_card":"summary_large_image","twitter_misc":{"Escrito por":false,"Tempo estimado de leitura":"3 minutos"},"schema":{"@context":"https:\/\/schema.org","@graph":[{"@type":"Article","@id":"https:\/\/maismagazine.pt\/index.php\/2021\/10\/30\/moyo-projetos-de-interiores-com-alma\/#article","isPartOf":{"@id":"https:\/\/maismagazine.pt\/index.php\/2021\/10\/30\/moyo-projetos-de-interiores-com-alma\/"},"author":{"name":"Jo\u00e3o Malainho","@id":"http:\/\/maismagazine.pt\/#\/schema\/person\/999bd426f894ff56d397ec12ebd21ebb"},"headline":"MOYO &#8211; Projetos de Interiores com Alma","datePublished":"2021-10-30T07:00:00+00:00","dateModified":"2021-11-04T16:12:18+00:00","mainEntityOfPage":{"@id":"https:\/\/maismagazine.pt\/index.php\/2021\/10\/30\/moyo-projetos-de-interiores-com-alma\/"},"wordCount":639,"commentCount":0,"publisher":{"@id":"http:\/\/maismagazine.pt\/#organization"},"image":{"@id":"https:\/\/maismagazine.pt\/index.php\/2021\/10\/30\/moyo-projetos-de-interiores-com-alma\/#primaryimage"},"thumbnailUrl":"https:\/\/maismagazine.pt\/wp-content\/uploads\/2021\/10\/Claudia-Ferreira_2019-scaled.jpg","articleSection":["Atualidade"],"inLanguage":"pt-PT","potentialAction":[{"@type":"CommentAction","name":"Comment","target":["https:\/\/maismagazine.pt\/index.php\/2021\/10\/30\/moyo-projetos-de-interiores-com-alma\/#respond"]}]},{"@type":"WebPage","@id":"https:\/\/maismagazine.pt\/index.php\/2021\/10\/30\/moyo-projetos-de-interiores-com-alma\/","url":"https:\/\/maismagazine.pt\/index.php\/2021\/10\/30\/moyo-projetos-de-interiores-com-alma\/","name":"MOYO - Projetos de Interiores com Alma - Mais Magazine","isPartOf":{"@id":"http:\/\/maismagazine.pt\/#website"},"primaryImageOfPage":{"@id":"https:\/\/maismagazine.pt\/index.php\/2021\/10\/30\/moyo-projetos-de-interiores-com-alma\/#primaryimage"},"image":{"@id":"https:\/\/maismagazine.pt\/index.php\/2021\/10\/30\/moyo-projetos-de-interiores-com-alma\/#primaryimage"},"thumbnailUrl":"https:\/\/maismagazine.pt\/wp-content\/uploads\/2021\/10\/Claudia-Ferreira_2019-scaled.jpg","datePublished":"2021-10-30T07:00:00+00:00","dateModified":"2021-11-04T16:12:18+00:00","description":"H\u00e1 uma poesia impl\u00edcita na forma como na Moyo se revela, esconde, transforma e cria, materializando estados de esp\u00edritos e forma de arte... A ilumina\u00e7\u00e3o \u00e9 uma arte ao sabor da t\u00e9cnica e da imagina\u00e7\u00e3o, essencial para valorizar um espa\u00e7o, ou real\u00e7ar tra\u00e7os da linguagem decora\u00e7\u00e3o de interiores.","breadcrumb":{"@id":"https:\/\/maismagazine.pt\/index.php\/2021\/10\/30\/moyo-projetos-de-interiores-com-alma\/#breadcrumb"},"inLanguage":"pt-PT","potentialAction":[{"@type":"ReadAction","target":["https:\/\/maismagazine.pt\/index.php\/2021\/10\/30\/moyo-projetos-de-interiores-com-alma\/"]}]},{"@type":"ImageObject","inLanguage":"pt-PT","@id":"https:\/\/maismagazine.pt\/index.php\/2021\/10\/30\/moyo-projetos-de-interiores-com-alma\/#primaryimage","url":"https:\/\/maismagazine.pt\/wp-content\/uploads\/2021\/10\/Claudia-Ferreira_2019-scaled.jpg","contentUrl":"https:\/\/maismagazine.pt\/wp-content\/uploads\/2021\/10\/Claudia-Ferreira_2019-scaled.jpg","width":1705,"height":2560},{"@type":"BreadcrumbList","@id":"https:\/\/maismagazine.pt\/index.php\/2021\/10\/30\/moyo-projetos-de-interiores-com-alma\/#breadcrumb","itemListElement":[{"@type":"ListItem","position":1,"name":"Home","item":"http:\/\/maismagazine.pt\/"},{"@type":"ListItem","position":2,"name":"MOYO &#8211; Projetos de Interiores com Alma"}]},{"@type":"WebSite","@id":"http:\/\/maismagazine.pt\/#website","url":"http:\/\/maismagazine.pt\/","name":"Mais Magazine","description":"","publisher":{"@id":"http:\/\/maismagazine.pt\/#organization"},"potentialAction":[{"@type":"SearchAction","target":{"@type":"EntryPoint","urlTemplate":"http:\/\/maismagazine.pt\/?s={search_term_string}"},"query-input":{"@type":"PropertyValueSpecification","valueRequired":true,"valueName":"search_term_string"}}],"inLanguage":"pt-PT"},{"@type":"Organization","@id":"http:\/\/maismagazine.pt\/#organization","name":"Mais Magazine","url":"http:\/\/maismagazine.pt\/","logo":{"@type":"ImageObject","inLanguage":"pt-PT","@id":"http:\/\/maismagazine.pt\/#\/schema\/logo\/image\/","url":"https:\/\/maismagazine.pt\/wp-content\/uploads\/2020\/04\/cropped-cropped-mais-magazine-site-logo-2.png","contentUrl":"https:\/\/maismagazine.pt\/wp-content\/uploads\/2020\/04\/cropped-cropped-mais-magazine-site-logo-2.png","width":581,"height":90,"caption":"Mais Magazine"},"image":{"@id":"http:\/\/maismagazine.pt\/#\/schema\/logo\/image\/"}},{"@type":"Person","@id":"http:\/\/maismagazine.pt\/#\/schema\/person\/999bd426f894ff56d397ec12ebd21ebb","name":"Jo\u00e3o Malainho","image":{"@type":"ImageObject","inLanguage":"pt-PT","@id":"http:\/\/maismagazine.pt\/#\/schema\/person\/image\/","url":"https:\/\/secure.gravatar.com\/avatar\/ff03c2f38edf60b2a827aa4f74878491?s=96&d=mm&r=g","contentUrl":"https:\/\/secure.gravatar.com\/avatar\/ff03c2f38edf60b2a827aa4f74878491?s=96&d=mm&r=g","caption":"Jo\u00e3o Malainho"},"url":"https:\/\/maismagazine.pt\/index.php\/author\/maismagazine\/"}]}},"author_meta":{"display_name":false,"author_link":"https:\/\/maismagazine.pt\/index.php\/author\/maismagazine\/"},"featured_img":"https:\/\/maismagazine.pt\/wp-content\/uploads\/2021\/10\/Claudia-Ferreira_2019-200x300.jpg","coauthors":[],"tax_additional":{"categories":{"linked":["<a href=\"https:\/\/maismagazine.pt\/index.php\/category\/atualidade\/\" class=\"advgb-post-tax-term\">Atualidade<\/a>"],"unlinked":["<span class=\"advgb-post-tax-term\">Atualidade<\/span>"]}},"comment_count":"0","relative_dates":{"created":"Posted 5 anos ago","modified":"Updated 4 anos ago"},"absolute_dates":{"created":"Posted on 30 de Outubro, 2021","modified":"Updated on 4 de Novembro, 2021"},"absolute_dates_time":{"created":"Posted on 30 de Outubro, 2021 7:00","modified":"Updated on 4 de Novembro, 2021 16:12"},"featured_img_caption":"","series_order":"","_links":{"self":[{"href":"https:\/\/maismagazine.pt\/index.php\/wp-json\/wp\/v2\/posts\/1327","targetHints":{"allow":["GET"]}}],"collection":[{"href":"https:\/\/maismagazine.pt\/index.php\/wp-json\/wp\/v2\/posts"}],"about":[{"href":"https:\/\/maismagazine.pt\/index.php\/wp-json\/wp\/v2\/types\/post"}],"author":[{"embeddable":true,"href":"https:\/\/maismagazine.pt\/index.php\/wp-json\/wp\/v2\/users\/7"}],"replies":[{"embeddable":true,"href":"https:\/\/maismagazine.pt\/index.php\/wp-json\/wp\/v2\/comments?post=1327"}],"version-history":[{"count":5,"href":"https:\/\/maismagazine.pt\/index.php\/wp-json\/wp\/v2\/posts\/1327\/revisions"}],"predecessor-version":[{"id":1563,"href":"https:\/\/maismagazine.pt\/index.php\/wp-json\/wp\/v2\/posts\/1327\/revisions\/1563"}],"wp:featuredmedia":[{"embeddable":true,"href":"https:\/\/maismagazine.pt\/index.php\/wp-json\/wp\/v2\/media\/1328"}],"wp:attachment":[{"href":"https:\/\/maismagazine.pt\/index.php\/wp-json\/wp\/v2\/media?parent=1327"}],"wp:term":[{"taxonomy":"category","embeddable":true,"href":"https:\/\/maismagazine.pt\/index.php\/wp-json\/wp\/v2\/categories?post=1327"},{"taxonomy":"post_tag","embeddable":true,"href":"https:\/\/maismagazine.pt\/index.php\/wp-json\/wp\/v2\/tags?post=1327"}],"curies":[{"name":"wp","href":"https:\/\/api.w.org\/{rel}","templated":true}]}}