{"id":1309,"date":"2021-10-30T07:00:00","date_gmt":"2021-10-30T07:00:00","guid":{"rendered":"https:\/\/maismagazine.pt\/?p=1309"},"modified":"2021-11-04T16:01:03","modified_gmt":"2021-11-04T16:01:03","slug":"a-missao-de-inovar-e-arriscar","status":"publish","type":"post","link":"https:\/\/maismagazine.pt\/index.php\/2021\/10\/30\/a-missao-de-inovar-e-arriscar\/","title":{"rendered":"Carla Zuzarte Interiores: A miss\u00e3o de inovar e arriscar"},"content":{"rendered":"\n<p><strong>Sem medo de inovar, Carla Zuzarte Interiores mudou. Foi criada uma nova identidade da marca, de forma a comunicar os benef\u00edcios da Carla Zuzarte: inova\u00e7\u00e3o, modernidade e rigor. Esta mudan\u00e7a de identidade visual n\u00e3o altera o seu ADN enquanto marca, o qual a diferencia h\u00e1 muitos anos no mercado: foco no cliente, foco nas pessoas e projetos chave na m\u00e3o desenvolvidos numa l\u00f3gica de parceria. <\/strong><\/p>\n\n\n\n<p><\/p>\n\n\n\n<p>Desde muito cedo a decora\u00e7\u00e3o passou a fazer parte da vida de Carla Zuzarte. Primeiro com uma loja de flores, um projeto desenvolvido com a sua m\u00e3e e que foi crucial para que a Carla percebesse a sua paix\u00e3o pela decora\u00e7\u00e3o. Mais tarde, mudou de instala\u00e7\u00f5es e numa loja de decora\u00e7\u00e3o, Carla Zuzarte percebeu que \u201cas flores tinham dado o mote para todo o universo dos projetos\u201d. Atualmente a Carla lidera o seu projeto, de forma \u00fanica e personalizada \u2013 Carla Zuzarte Interiores. Por\u00e9m, como n\u00e3o podia fazer este trabalho sozinha, Carla Zuzarte, aumentou a sua equipa de trabalho. Motivada pelo gosto da decora\u00e7\u00e3o e apaixonada pelo trabalho que faz, Carla Zuzarte fez a empresa crescer. Com o desenvolvimento da empresa, teve de ser cautelosa para n\u00e3o afetar a aten\u00e7\u00e3o e dedica\u00e7\u00e3o de cada projeto, verificando e acompanhando, todos os projetos. A empresa tamb\u00e9m de se distingue pela op\u00e7\u00e3o do cliente gerir todo o seu projeto. Carla Zuzarte destaca que muitos dos clientes \u201ct\u00eam aptid\u00f5es de gest\u00e3o de projeto, quer na execu\u00e7\u00e3o, quer na orienta\u00e7\u00e3o dos planos\u201d, mas que n\u00e3o dispensam, da criatividade e desenvolvimento da Carla Zuzarte Interiores.  A proximidade com o cliente e o envolvimento do cliente em todo o projeto, permite que o resultado seja algo que resulta de uma parceria e n\u00e3o de um projeto assente numa l\u00f3gica fornecedor-cliente. Esta forma de atuar \u00e9 um dos seus pontos de diferencia\u00e7\u00e3o mais fortes face \u00e0 sua concorr\u00eancia.<\/p>\n\n\n\n<div class=\"wp-block-image\"><figure class=\"aligncenter size-large\"><img loading=\"lazy\" decoding=\"async\" width=\"1024\" height=\"683\" src=\"http:\/\/maismagazine.pt\/wp-content\/uploads\/2021\/10\/DSC9393-HDR-1-1024x683.jpeg\" alt=\"\" class=\"wp-image-1321\" srcset=\"https:\/\/maismagazine.pt\/wp-content\/uploads\/2021\/10\/DSC9393-HDR-1-1024x683.jpeg 1024w, https:\/\/maismagazine.pt\/wp-content\/uploads\/2021\/10\/DSC9393-HDR-1-300x200.jpeg 300w, https:\/\/maismagazine.pt\/wp-content\/uploads\/2021\/10\/DSC9393-HDR-1-768x512.jpeg 768w, https:\/\/maismagazine.pt\/wp-content\/uploads\/2021\/10\/DSC9393-HDR-1-1536x1025.jpeg 1536w, https:\/\/maismagazine.pt\/wp-content\/uploads\/2021\/10\/DSC9393-HDR-1-150x100.jpeg 150w, https:\/\/maismagazine.pt\/wp-content\/uploads\/2021\/10\/DSC9393-HDR-1.jpeg 1988w\" sizes=\"auto, (max-width: 1024px) 100vw, 1024px\" \/><\/figure><\/div>\n\n\n\n<p><strong>A est\u00e9tica e a decora\u00e7\u00e3o<\/strong><\/p>\n\n\n\n<p><\/p>\n\n\n\n<p>Para Carla Zuzarte, \u201ca est\u00e9tica faz-se com o cora\u00e7\u00e3o, o primeiro apelo \u00e9 sempre a beleza e harmonia do espa\u00e7o\u201d, nesse aspeto, Carla Zuzarte segue o seu cora\u00e7\u00e3o, em todos os projetos. Carla Zuzarte relembra que \u201cum projeto n\u00e3o \u00e9 apenas a est\u00e9tica\u201d, da mesma forma que \u201cas quest\u00f5es t\u00e9cnicas est\u00e3o diretamente ligadas \u00e0 conce\u00e7\u00e3o e execu\u00e7\u00e3o do projeto\u201d. Carla Zuzarte desenvolve os seus projetos numa l\u00f3gica de complementaridade entre os recursos, a est\u00e9tica, a beleza e a funcionalidade. Os projetos s\u00e3o pensados para proporcionar bem-estar e felicidade aos clientes. Independentemente do espa\u00e7o a ser remodelado, habita\u00e7\u00f5es, restaurantes, barbeiros, ourivesarias, Carla Zuzarte acha dif\u00edcil conseguir escolher qual a \u00e1rea que lhe enche mais o cora\u00e7\u00e3o, a verdade \u00e9 que todos os projetos trazem uma satisfa\u00e7\u00e3o enorme, porque cada um tem as suas particularidades. Em geral, a Carla Zuzarte Interiores, gera confian\u00e7a e empatia com os seus clientes, cujo objetivo \u00e9 conseguir dar a resposta aos sonhos de quem procura a empresa. Esta proximidade com os clientes \u00e9 algo que deixa Carla Zuzarte feliz, porque cada sonho \u00e9 diferente e cada cliente \u00e9 um novo desafio. Sobre ser desafiada, Carla Zuzarte n\u00e3o tem medo e, inclusive, gosta desse processo, porque a ajuda a pensar, descobrir e criar, moldando tamb\u00e9m a empresa. Por outro lado, na \u00e1rea da decora\u00e7\u00e3o n\u00e3o se pode negligenciar o fator surpresa. Neste sentido, a permanente busca de materiais, solu\u00e7\u00f5es de varia\u00e7\u00f5es de espa\u00e7os, \u00e9 crucial para que a Carla Zuzarte consiga surpreender os seus clientes e faz\u00ea-los ficar muito felizes com a proposta apresentada. O Design de Interiores \u00e9 essencial, seja em projetos empresariais ou em projetos comerciais. <\/p>\n\n\n\n<div class=\"wp-block-image\"><figure class=\"aligncenter size-large\"><img loading=\"lazy\" decoding=\"async\" width=\"1024\" height=\"683\" src=\"http:\/\/maismagazine.pt\/wp-content\/uploads\/2021\/10\/Gabinete-8-1024x683.jpg\" alt=\"\" class=\"wp-image-1320\" srcset=\"https:\/\/maismagazine.pt\/wp-content\/uploads\/2021\/10\/Gabinete-8-1024x683.jpg 1024w, https:\/\/maismagazine.pt\/wp-content\/uploads\/2021\/10\/Gabinete-8-300x200.jpg 300w, https:\/\/maismagazine.pt\/wp-content\/uploads\/2021\/10\/Gabinete-8-768x512.jpg 768w, https:\/\/maismagazine.pt\/wp-content\/uploads\/2021\/10\/Gabinete-8-1536x1024.jpg 1536w, https:\/\/maismagazine.pt\/wp-content\/uploads\/2021\/10\/Gabinete-8-150x100.jpg 150w, https:\/\/maismagazine.pt\/wp-content\/uploads\/2021\/10\/Gabinete-8.jpg 2041w\" sizes=\"auto, (max-width: 1024px) 100vw, 1024px\" \/><\/figure><\/div>\n\n\n\n<p><strong>O foco nas pessoas<\/strong><\/p>\n\n\n\n<p><\/p>\n\n\n\n<p>A empresa tem desde o seu primeiro dia uma filosofia de foco nas pessoas. Seja nos clientes, nos colaboradores, nos fornecedores, isto \u00e9, junto de todos os seus \u201cstakeholders\u201d. Carla Zuzarte preocupa-se em ser uma marca que consegue interpretar aquilo que os seus clientes nem conseguem verbalizar, mas que desejam ter. \u00c9 esta interpreta\u00e7\u00e3o, antecipa\u00e7\u00e3o \u00e0s suas necessidades, capacidade de projetar o futuros dos seus espa\u00e7os que faz da marca Carla Zuzarte algo \u00fanico e especial. Independentemente do Atelier realizar todo o tipo de projetos, h\u00e1 um gosto especial pelo desenvolvimento dos projetos de A a Z, solu\u00e7\u00e3o chave na m\u00e3o, pois s\u00e3o os mais exigentes mas mais gratificantes. Mas o foco nas pessoas \u00e9 tamb\u00e9m nos seus colaboradores. Manter uma equipa coesa, alinhada, motivada e como espa\u00e7o para crescer e progredir \u00e9 uma preocupa\u00e7\u00e3o da Carla Zuzarte. Neste sentido, h\u00e1 uma preocupa\u00e7\u00e3o em crescer ao n\u00edvel da forma\u00e7\u00e3o da equipa promovendo a sua coes\u00e3o e alinhamento com a identidade da marca Carla Zuzarte. Os projetos realizados s\u00e3o desafiantes e estimulantes e o feedback dos funcion\u00e1rios e administradores comprova a melhoria e crescimento. Carla Zuzarte afirma, ainda: \u201cEstamos conscientes de que a nossa comunica\u00e7\u00e3o mais eficaz assenta no passa-palavra e no referenciamento dos nossos clientes junto dos seus amigos. <\/p>\n\n\n\n<div class=\"wp-block-image\"><figure class=\"aligncenter size-large\"><img loading=\"lazy\" decoding=\"async\" width=\"683\" height=\"1024\" src=\"http:\/\/maismagazine.pt\/wp-content\/uploads\/2021\/10\/Cliente-2-5-683x1024.jpeg\" alt=\"\" class=\"wp-image-1313\" srcset=\"https:\/\/maismagazine.pt\/wp-content\/uploads\/2021\/10\/Cliente-2-5-683x1024.jpeg 683w, https:\/\/maismagazine.pt\/wp-content\/uploads\/2021\/10\/Cliente-2-5-200x300.jpeg 200w, https:\/\/maismagazine.pt\/wp-content\/uploads\/2021\/10\/Cliente-2-5-768x1151.jpeg 768w, https:\/\/maismagazine.pt\/wp-content\/uploads\/2021\/10\/Cliente-2-5-1025x1536.jpeg 1025w, https:\/\/maismagazine.pt\/wp-content\/uploads\/2021\/10\/Cliente-2-5-1366x2048.jpeg 1366w, https:\/\/maismagazine.pt\/wp-content\/uploads\/2021\/10\/Cliente-2-5-scaled.jpeg 1708w\" sizes=\"auto, (max-width: 683px) 100vw, 683px\" \/><\/figure><\/div>\n\n\n\n<p><strong>Carla Zuzarte Interiores, as perspetivas<\/strong><\/p>\n\n\n\n<p><\/p>\n\n\n\n<p>Ao longo dos anos de trabalho, \u201co Atelier Carla Zuzarte tem vindo a afirmar a sua marca de forma consistente, quer no mercado dos projetos particulares, quer nos projetos empresariais.\u201d Carla Zuzarte Interiores, \u00e9 um exemplo de supera\u00e7\u00e3o em momentos dif\u00edceis, inclusive, num contexto de crise, a empresa consegue continuar a crescer em termos de projetos. Para a empres\u00e1ria, este crescimento deve-se \u00e0 grande for\u00e7a da empresa, em termos de comunica\u00e7\u00e3o, isto \u00e9, a recomenda\u00e7\u00e3o dos seus clientes. Estando em constante evolu\u00e7\u00e3o, Carla Zuzarte Interiores n\u00e3o ficar\u00e1 pelos projetos atuais e pretende no futuro, crescer \u201cao n\u00edvel dos projetos que incluam desde da fase do projeto \u00e0 sua execu\u00e7\u00e3o, incluindo o design de decora\u00e7\u00e3o e a produ\u00e7\u00e3o das pe\u00e7as\u201d. A internaliza\u00e7\u00e3o \u00e9 outro objetivo da Carla Zuzarte Interiores, ou seja, \u201cafirmar a marca para al\u00e9m do norte de Portugal\u201d, mas mantendo sempre o n\u00edvel elevado de satisfa\u00e7\u00e3o dos clientes. Essa satisfa\u00e7\u00e3o ser\u00e1 mantida em todos os objetivos futuros, pois ser\u00e1 um dos focos da empresa continuar a crescer, sem perder qualidade do servi\u00e7o, \u201cdo foco no cliente e do cumprimento das suas expetativas\u201d. <\/p>\n\n\n\n<div class=\"wp-block-image\"><figure class=\"aligncenter size-large\"><img loading=\"lazy\" decoding=\"async\" width=\"1024\" height=\"683\" src=\"http:\/\/maismagazine.pt\/wp-content\/uploads\/2021\/10\/DSC9010-HDR-1024x683.jpeg\" alt=\"\" class=\"wp-image-1324\" srcset=\"https:\/\/maismagazine.pt\/wp-content\/uploads\/2021\/10\/DSC9010-HDR-1024x683.jpeg 1024w, https:\/\/maismagazine.pt\/wp-content\/uploads\/2021\/10\/DSC9010-HDR-300x200.jpeg 300w, https:\/\/maismagazine.pt\/wp-content\/uploads\/2021\/10\/DSC9010-HDR-768x512.jpeg 768w, https:\/\/maismagazine.pt\/wp-content\/uploads\/2021\/10\/DSC9010-HDR-1536x1025.jpeg 1536w, https:\/\/maismagazine.pt\/wp-content\/uploads\/2021\/10\/DSC9010-HDR-150x100.jpeg 150w, https:\/\/maismagazine.pt\/wp-content\/uploads\/2021\/10\/DSC9010-HDR.jpeg 1982w\" sizes=\"auto, (max-width: 1024px) 100vw, 1024px\" \/><\/figure><\/div>\n\n\n\n<p><\/p>\n\n\n\n<p><strong>Onde ficam as instala\u00e7\u00f5es<\/strong><\/p>\n\n\n\n<p><\/p>\n\n\n\n<p>De momento, pode visitar a Carla Zuzarte Interiores, nas instala\u00e7\u00f5es abertas ao p\u00fablico, em Pa\u00e7os de Ferreira. Nestas instala\u00e7\u00f5es, ir\u00e1 encontrar uma loja aberta ao p\u00fablico que funciona tamb\u00e9m como Showroom para os clientes de projetos. Existe uma \u00e1rea de armaz\u00e9m e ainda um gabinete de projeto que \u00e9 a \u00e1rea de maior destaque. Em geral, independentemente do motivo da sua visita \u00e0s instala\u00e7\u00f5es, saiba que a Carla Zuzarte Interiores e toda a sua equipa, ter\u00e3o todo o gosto de ser visitados e ainda se mostrar\u00e3o dispon\u00edveis para prestar o melhor atendimento poss\u00edvel.<\/p>\n\n\n\n<figure class=\"wp-block-gallery columns-3 is-cropped wp-block-gallery-1\"><ul class=\"blocks-gallery-grid\"><li class=\"blocks-gallery-item\"><figure><img loading=\"lazy\" decoding=\"async\" width=\"683\" height=\"1024\" src=\"http:\/\/maismagazine.pt\/wp-content\/uploads\/2021\/10\/DSC9026-HDR-683x1024.jpeg\" alt=\"\" data-id=\"1314\" data-full-url=\"http:\/\/maismagazine.pt\/wp-content\/uploads\/2021\/10\/DSC9026-HDR-scaled.jpeg\" data-link=\"https:\/\/maismagazine.pt\/?attachment_id=1314\" class=\"wp-image-1314\" srcset=\"https:\/\/maismagazine.pt\/wp-content\/uploads\/2021\/10\/DSC9026-HDR-683x1024.jpeg 683w, https:\/\/maismagazine.pt\/wp-content\/uploads\/2021\/10\/DSC9026-HDR-200x300.jpeg 200w, https:\/\/maismagazine.pt\/wp-content\/uploads\/2021\/10\/DSC9026-HDR-768x1151.jpeg 768w, https:\/\/maismagazine.pt\/wp-content\/uploads\/2021\/10\/DSC9026-HDR-1025x1536.jpeg 1025w, https:\/\/maismagazine.pt\/wp-content\/uploads\/2021\/10\/DSC9026-HDR-1366x2048.jpeg 1366w, https:\/\/maismagazine.pt\/wp-content\/uploads\/2021\/10\/DSC9026-HDR-scaled.jpeg 1708w\" sizes=\"auto, (max-width: 683px) 100vw, 683px\" \/><\/figure><\/li><li class=\"blocks-gallery-item\"><figure><img loading=\"lazy\" decoding=\"async\" width=\"683\" height=\"1024\" src=\"http:\/\/maismagazine.pt\/wp-content\/uploads\/2021\/10\/Cliente-2-1-683x1024.jpeg\" alt=\"\" data-id=\"1311\" data-full-url=\"http:\/\/maismagazine.pt\/wp-content\/uploads\/2021\/10\/Cliente-2-1-scaled.jpeg\" data-link=\"https:\/\/maismagazine.pt\/?attachment_id=1311\" class=\"wp-image-1311\" srcset=\"https:\/\/maismagazine.pt\/wp-content\/uploads\/2021\/10\/Cliente-2-1-683x1024.jpeg 683w, https:\/\/maismagazine.pt\/wp-content\/uploads\/2021\/10\/Cliente-2-1-200x300.jpeg 200w, https:\/\/maismagazine.pt\/wp-content\/uploads\/2021\/10\/Cliente-2-1-768x1151.jpeg 768w, https:\/\/maismagazine.pt\/wp-content\/uploads\/2021\/10\/Cliente-2-1-1025x1536.jpeg 1025w, https:\/\/maismagazine.pt\/wp-content\/uploads\/2021\/10\/Cliente-2-1-1366x2048.jpeg 1366w, https:\/\/maismagazine.pt\/wp-content\/uploads\/2021\/10\/Cliente-2-1-scaled.jpeg 1708w\" sizes=\"auto, (max-width: 683px) 100vw, 683px\" \/><\/figure><\/li><li class=\"blocks-gallery-item\"><figure><img loading=\"lazy\" decoding=\"async\" width=\"683\" height=\"1024\" src=\"http:\/\/maismagazine.pt\/wp-content\/uploads\/2021\/10\/Cliente-2-4-683x1024.jpeg\" alt=\"\" data-id=\"1312\" data-full-url=\"http:\/\/maismagazine.pt\/wp-content\/uploads\/2021\/10\/Cliente-2-4-scaled.jpeg\" data-link=\"https:\/\/maismagazine.pt\/?attachment_id=1312\" class=\"wp-image-1312\" srcset=\"https:\/\/maismagazine.pt\/wp-content\/uploads\/2021\/10\/Cliente-2-4-683x1024.jpeg 683w, https:\/\/maismagazine.pt\/wp-content\/uploads\/2021\/10\/Cliente-2-4-200x300.jpeg 200w, https:\/\/maismagazine.pt\/wp-content\/uploads\/2021\/10\/Cliente-2-4-768x1151.jpeg 768w, https:\/\/maismagazine.pt\/wp-content\/uploads\/2021\/10\/Cliente-2-4-1025x1536.jpeg 1025w, https:\/\/maismagazine.pt\/wp-content\/uploads\/2021\/10\/Cliente-2-4-1366x2048.jpeg 1366w, https:\/\/maismagazine.pt\/wp-content\/uploads\/2021\/10\/Cliente-2-4-scaled.jpeg 1708w\" sizes=\"auto, (max-width: 683px) 100vw, 683px\" \/><\/figure><\/li><li class=\"blocks-gallery-item\"><figure><img loading=\"lazy\" decoding=\"async\" width=\"1024\" height=\"683\" src=\"http:\/\/maismagazine.pt\/wp-content\/uploads\/2021\/10\/DSC9357-HDR-1024x683.jpeg\" alt=\"\" data-id=\"1310\" data-full-url=\"http:\/\/maismagazine.pt\/wp-content\/uploads\/2021\/10\/DSC9357-HDR-scaled.jpeg\" data-link=\"https:\/\/maismagazine.pt\/?attachment_id=1310\" class=\"wp-image-1310 is-layout-flex wp-block-gallery-is-layout-flex\" srcset=\"https:\/\/maismagazine.pt\/wp-content\/uploads\/2021\/10\/DSC9357-HDR-1024x683.jpeg 1024w, https:\/\/maismagazine.pt\/wp-content\/uploads\/2021\/10\/DSC9357-HDR-300x200.jpeg 300w, https:\/\/maismagazine.pt\/wp-content\/uploads\/2021\/10\/DSC9357-HDR-768x512.jpeg 768w, https:\/\/maismagazine.pt\/wp-content\/uploads\/2021\/10\/DSC9357-HDR-1536x1025.jpeg 1536w, https:\/\/maismagazine.pt\/wp-content\/uploads\/2021\/10\/DSC9357-HDR-2048x1366.jpeg 2048w, https:\/\/maismagazine.pt\/wp-content\/uploads\/2021\/10\/DSC9357-HDR-150x100.jpeg 150w\" sizes=\"auto, (max-width: 1024px) 100vw, 1024px\" \/><\/figure><\/li><\/ul><\/figure>\n","protected":false},"excerpt":{"rendered":"<p>Sem medo de inovar, Carla Zuzarte Interiores mudou. Foi criada uma nova identidade da marca, de forma a comunicar os benef\u00edcios da Carla Zuzarte: inova\u00e7\u00e3o, modernidade e rigor. Esta mudan\u00e7a de identidade visual n\u00e3o altera o seu ADN enquanto marca, o qual a diferencia h\u00e1 muitos anos no mercado: foco&hellip;<\/p>\n","protected":false},"author":7,"featured_media":1322,"comment_status":"open","ping_status":"open","sticky":false,"template":"","format":"standard","meta":{"advgb_blocks_editor_width":"","advgb_blocks_columns_visual_guide":"","_monsterinsights_skip_tracking":false,"_monsterinsights_sitenote_active":false,"_monsterinsights_sitenote_note":"","_monsterinsights_sitenote_category":0,"footnotes":""},"categories":[1],"tags":[],"class_list":["post-1309","post","type-post","status-publish","format-standard","has-post-thumbnail","hentry","category-atualidade"],"yoast_head":"<!-- This site is optimized with the Yoast SEO plugin v24.4 - https:\/\/yoast.com\/wordpress\/plugins\/seo\/ -->\n<title>Carla Zuzarte Interiores: A miss\u00e3o de inovar e arriscar - Mais Magazine<\/title>\n<meta name=\"description\" content=\"Sem medo de inovar, Carla Zuzarte Interiores mudou. Foi criada uma nova identidade da marca, de forma a comunicar os benef\u00edcios da Carla Zuzarte: inova\u00e7\u00e3o, modernidade e rigor. Esta mudan\u00e7a de identidade visual n\u00e3o altera o seu ADN enquanto marca, o qual a diferencia h\u00e1 muitos anos no mercado: foco no cliente, foco nas pessoas e projetos chave na m\u00e3o desenvolvidos numa l\u00f3gica de parceria.\" \/>\n<meta name=\"robots\" content=\"index, follow, max-snippet:-1, max-image-preview:large, max-video-preview:-1\" \/>\n<link rel=\"canonical\" href=\"https:\/\/maismagazine.pt\/index.php\/2021\/10\/30\/a-missao-de-inovar-e-arriscar\/\" \/>\n<meta property=\"og:locale\" content=\"pt_PT\" \/>\n<meta property=\"og:type\" content=\"article\" \/>\n<meta property=\"og:title\" content=\"Carla Zuzarte Interiores: A miss\u00e3o de inovar e arriscar - Mais Magazine\" \/>\n<meta property=\"og:description\" content=\"Sem medo de inovar, Carla Zuzarte Interiores mudou. Foi criada uma nova identidade da marca, de forma a comunicar os benef\u00edcios da Carla Zuzarte: inova\u00e7\u00e3o, modernidade e rigor. Esta mudan\u00e7a de identidade visual n\u00e3o altera o seu ADN enquanto marca, o qual a diferencia h\u00e1 muitos anos no mercado: foco no cliente, foco nas pessoas e projetos chave na m\u00e3o desenvolvidos numa l\u00f3gica de parceria.\" \/>\n<meta property=\"og:url\" content=\"https:\/\/maismagazine.pt\/index.php\/2021\/10\/30\/a-missao-de-inovar-e-arriscar\/\" \/>\n<meta property=\"og:site_name\" content=\"Mais Magazine\" \/>\n<meta property=\"article:published_time\" content=\"2021-10-30T07:00:00+00:00\" \/>\n<meta property=\"article:modified_time\" content=\"2021-11-04T16:01:03+00:00\" \/>\n<meta property=\"og:image\" content=\"https:\/\/maismagazine.pt\/wp-content\/uploads\/2021\/10\/Cliente-2-2.jpeg\" \/>\n\t<meta property=\"og:image:width\" content=\"1326\" \/>\n\t<meta property=\"og:image:height\" content=\"1988\" \/>\n\t<meta property=\"og:image:type\" content=\"image\/jpeg\" \/>\n<meta name=\"author\" content=\"Jo\u00e3o Malainho\" \/>\n<meta name=\"twitter:card\" content=\"summary_large_image\" \/>\n<meta name=\"twitter:label1\" content=\"Escrito por\" \/>\n\t<meta name=\"twitter:data1\" content=\"\" \/>\n\t<meta name=\"twitter:label2\" content=\"Tempo estimado de leitura\" \/>\n\t<meta name=\"twitter:data2\" content=\"7 minutos\" \/>\n<script type=\"application\/ld+json\" class=\"yoast-schema-graph\">{\"@context\":\"https:\/\/schema.org\",\"@graph\":[{\"@type\":\"Article\",\"@id\":\"https:\/\/maismagazine.pt\/index.php\/2021\/10\/30\/a-missao-de-inovar-e-arriscar\/#article\",\"isPartOf\":{\"@id\":\"https:\/\/maismagazine.pt\/index.php\/2021\/10\/30\/a-missao-de-inovar-e-arriscar\/\"},\"author\":{\"name\":\"Jo\u00e3o Malainho\",\"@id\":\"http:\/\/maismagazine.pt\/#\/schema\/person\/999bd426f894ff56d397ec12ebd21ebb\"},\"headline\":\"Carla Zuzarte Interiores: A miss\u00e3o de inovar e arriscar\",\"datePublished\":\"2021-10-30T07:00:00+00:00\",\"dateModified\":\"2021-11-04T16:01:03+00:00\",\"mainEntityOfPage\":{\"@id\":\"https:\/\/maismagazine.pt\/index.php\/2021\/10\/30\/a-missao-de-inovar-e-arriscar\/\"},\"wordCount\":1174,\"commentCount\":0,\"publisher\":{\"@id\":\"http:\/\/maismagazine.pt\/#organization\"},\"image\":{\"@id\":\"https:\/\/maismagazine.pt\/index.php\/2021\/10\/30\/a-missao-de-inovar-e-arriscar\/#primaryimage\"},\"thumbnailUrl\":\"https:\/\/maismagazine.pt\/wp-content\/uploads\/2021\/10\/Cliente-2-2.jpeg\",\"articleSection\":[\"Atualidade\"],\"inLanguage\":\"pt-PT\",\"potentialAction\":[{\"@type\":\"CommentAction\",\"name\":\"Comment\",\"target\":[\"https:\/\/maismagazine.pt\/index.php\/2021\/10\/30\/a-missao-de-inovar-e-arriscar\/#respond\"]}]},{\"@type\":\"WebPage\",\"@id\":\"https:\/\/maismagazine.pt\/index.php\/2021\/10\/30\/a-missao-de-inovar-e-arriscar\/\",\"url\":\"https:\/\/maismagazine.pt\/index.php\/2021\/10\/30\/a-missao-de-inovar-e-arriscar\/\",\"name\":\"Carla Zuzarte Interiores: A miss\u00e3o de inovar e arriscar - Mais Magazine\",\"isPartOf\":{\"@id\":\"http:\/\/maismagazine.pt\/#website\"},\"primaryImageOfPage\":{\"@id\":\"https:\/\/maismagazine.pt\/index.php\/2021\/10\/30\/a-missao-de-inovar-e-arriscar\/#primaryimage\"},\"image\":{\"@id\":\"https:\/\/maismagazine.pt\/index.php\/2021\/10\/30\/a-missao-de-inovar-e-arriscar\/#primaryimage\"},\"thumbnailUrl\":\"https:\/\/maismagazine.pt\/wp-content\/uploads\/2021\/10\/Cliente-2-2.jpeg\",\"datePublished\":\"2021-10-30T07:00:00+00:00\",\"dateModified\":\"2021-11-04T16:01:03+00:00\",\"description\":\"Sem medo de inovar, Carla Zuzarte Interiores mudou. Foi criada uma nova identidade da marca, de forma a comunicar os benef\u00edcios da Carla Zuzarte: inova\u00e7\u00e3o, modernidade e rigor. Esta mudan\u00e7a de identidade visual n\u00e3o altera o seu ADN enquanto marca, o qual a diferencia h\u00e1 muitos anos no mercado: foco no cliente, foco nas pessoas e projetos chave na m\u00e3o desenvolvidos numa l\u00f3gica de parceria.\",\"breadcrumb\":{\"@id\":\"https:\/\/maismagazine.pt\/index.php\/2021\/10\/30\/a-missao-de-inovar-e-arriscar\/#breadcrumb\"},\"inLanguage\":\"pt-PT\",\"potentialAction\":[{\"@type\":\"ReadAction\",\"target\":[\"https:\/\/maismagazine.pt\/index.php\/2021\/10\/30\/a-missao-de-inovar-e-arriscar\/\"]}]},{\"@type\":\"ImageObject\",\"inLanguage\":\"pt-PT\",\"@id\":\"https:\/\/maismagazine.pt\/index.php\/2021\/10\/30\/a-missao-de-inovar-e-arriscar\/#primaryimage\",\"url\":\"https:\/\/maismagazine.pt\/wp-content\/uploads\/2021\/10\/Cliente-2-2.jpeg\",\"contentUrl\":\"https:\/\/maismagazine.pt\/wp-content\/uploads\/2021\/10\/Cliente-2-2.jpeg\",\"width\":1326,\"height\":1988},{\"@type\":\"BreadcrumbList\",\"@id\":\"https:\/\/maismagazine.pt\/index.php\/2021\/10\/30\/a-missao-de-inovar-e-arriscar\/#breadcrumb\",\"itemListElement\":[{\"@type\":\"ListItem\",\"position\":1,\"name\":\"Home\",\"item\":\"http:\/\/maismagazine.pt\/\"},{\"@type\":\"ListItem\",\"position\":2,\"name\":\"Carla Zuzarte Interiores: A miss\u00e3o de inovar e arriscar\"}]},{\"@type\":\"WebSite\",\"@id\":\"http:\/\/maismagazine.pt\/#website\",\"url\":\"http:\/\/maismagazine.pt\/\",\"name\":\"Mais Magazine\",\"description\":\"\",\"publisher\":{\"@id\":\"http:\/\/maismagazine.pt\/#organization\"},\"potentialAction\":[{\"@type\":\"SearchAction\",\"target\":{\"@type\":\"EntryPoint\",\"urlTemplate\":\"http:\/\/maismagazine.pt\/?s={search_term_string}\"},\"query-input\":{\"@type\":\"PropertyValueSpecification\",\"valueRequired\":true,\"valueName\":\"search_term_string\"}}],\"inLanguage\":\"pt-PT\"},{\"@type\":\"Organization\",\"@id\":\"http:\/\/maismagazine.pt\/#organization\",\"name\":\"Mais Magazine\",\"url\":\"http:\/\/maismagazine.pt\/\",\"logo\":{\"@type\":\"ImageObject\",\"inLanguage\":\"pt-PT\",\"@id\":\"http:\/\/maismagazine.pt\/#\/schema\/logo\/image\/\",\"url\":\"https:\/\/maismagazine.pt\/wp-content\/uploads\/2020\/04\/cropped-cropped-mais-magazine-site-logo-2.png\",\"contentUrl\":\"https:\/\/maismagazine.pt\/wp-content\/uploads\/2020\/04\/cropped-cropped-mais-magazine-site-logo-2.png\",\"width\":581,\"height\":90,\"caption\":\"Mais Magazine\"},\"image\":{\"@id\":\"http:\/\/maismagazine.pt\/#\/schema\/logo\/image\/\"}},{\"@type\":\"Person\",\"@id\":\"http:\/\/maismagazine.pt\/#\/schema\/person\/999bd426f894ff56d397ec12ebd21ebb\",\"name\":\"Jo\u00e3o Malainho\",\"image\":{\"@type\":\"ImageObject\",\"inLanguage\":\"pt-PT\",\"@id\":\"http:\/\/maismagazine.pt\/#\/schema\/person\/image\/\",\"url\":\"https:\/\/secure.gravatar.com\/avatar\/ff03c2f38edf60b2a827aa4f74878491?s=96&d=mm&r=g\",\"contentUrl\":\"https:\/\/secure.gravatar.com\/avatar\/ff03c2f38edf60b2a827aa4f74878491?s=96&d=mm&r=g\",\"caption\":\"Jo\u00e3o Malainho\"},\"url\":\"https:\/\/maismagazine.pt\/index.php\/author\/maismagazine\/\"}]}<\/script>\n<!-- \/ Yoast SEO plugin. -->","yoast_head_json":{"title":"Carla Zuzarte Interiores: A miss\u00e3o de inovar e arriscar - Mais Magazine","description":"Sem medo de inovar, Carla Zuzarte Interiores mudou. Foi criada uma nova identidade da marca, de forma a comunicar os benef\u00edcios da Carla Zuzarte: inova\u00e7\u00e3o, modernidade e rigor. Esta mudan\u00e7a de identidade visual n\u00e3o altera o seu ADN enquanto marca, o qual a diferencia h\u00e1 muitos anos no mercado: foco no cliente, foco nas pessoas e projetos chave na m\u00e3o desenvolvidos numa l\u00f3gica de parceria.","robots":{"index":"index","follow":"follow","max-snippet":"max-snippet:-1","max-image-preview":"max-image-preview:large","max-video-preview":"max-video-preview:-1"},"canonical":"https:\/\/maismagazine.pt\/index.php\/2021\/10\/30\/a-missao-de-inovar-e-arriscar\/","og_locale":"pt_PT","og_type":"article","og_title":"Carla Zuzarte Interiores: A miss\u00e3o de inovar e arriscar - Mais Magazine","og_description":"Sem medo de inovar, Carla Zuzarte Interiores mudou. Foi criada uma nova identidade da marca, de forma a comunicar os benef\u00edcios da Carla Zuzarte: inova\u00e7\u00e3o, modernidade e rigor. Esta mudan\u00e7a de identidade visual n\u00e3o altera o seu ADN enquanto marca, o qual a diferencia h\u00e1 muitos anos no mercado: foco no cliente, foco nas pessoas e projetos chave na m\u00e3o desenvolvidos numa l\u00f3gica de parceria.","og_url":"https:\/\/maismagazine.pt\/index.php\/2021\/10\/30\/a-missao-de-inovar-e-arriscar\/","og_site_name":"Mais Magazine","article_published_time":"2021-10-30T07:00:00+00:00","article_modified_time":"2021-11-04T16:01:03+00:00","og_image":[{"width":1326,"height":1988,"url":"https:\/\/maismagazine.pt\/wp-content\/uploads\/2021\/10\/Cliente-2-2.jpeg","type":"image\/jpeg"}],"author":"Jo\u00e3o Malainho","twitter_card":"summary_large_image","twitter_misc":{"Escrito por":false,"Tempo estimado de leitura":"7 minutos"},"schema":{"@context":"https:\/\/schema.org","@graph":[{"@type":"Article","@id":"https:\/\/maismagazine.pt\/index.php\/2021\/10\/30\/a-missao-de-inovar-e-arriscar\/#article","isPartOf":{"@id":"https:\/\/maismagazine.pt\/index.php\/2021\/10\/30\/a-missao-de-inovar-e-arriscar\/"},"author":{"name":"Jo\u00e3o Malainho","@id":"http:\/\/maismagazine.pt\/#\/schema\/person\/999bd426f894ff56d397ec12ebd21ebb"},"headline":"Carla Zuzarte Interiores: A miss\u00e3o de inovar e arriscar","datePublished":"2021-10-30T07:00:00+00:00","dateModified":"2021-11-04T16:01:03+00:00","mainEntityOfPage":{"@id":"https:\/\/maismagazine.pt\/index.php\/2021\/10\/30\/a-missao-de-inovar-e-arriscar\/"},"wordCount":1174,"commentCount":0,"publisher":{"@id":"http:\/\/maismagazine.pt\/#organization"},"image":{"@id":"https:\/\/maismagazine.pt\/index.php\/2021\/10\/30\/a-missao-de-inovar-e-arriscar\/#primaryimage"},"thumbnailUrl":"https:\/\/maismagazine.pt\/wp-content\/uploads\/2021\/10\/Cliente-2-2.jpeg","articleSection":["Atualidade"],"inLanguage":"pt-PT","potentialAction":[{"@type":"CommentAction","name":"Comment","target":["https:\/\/maismagazine.pt\/index.php\/2021\/10\/30\/a-missao-de-inovar-e-arriscar\/#respond"]}]},{"@type":"WebPage","@id":"https:\/\/maismagazine.pt\/index.php\/2021\/10\/30\/a-missao-de-inovar-e-arriscar\/","url":"https:\/\/maismagazine.pt\/index.php\/2021\/10\/30\/a-missao-de-inovar-e-arriscar\/","name":"Carla Zuzarte Interiores: A miss\u00e3o de inovar e arriscar - Mais Magazine","isPartOf":{"@id":"http:\/\/maismagazine.pt\/#website"},"primaryImageOfPage":{"@id":"https:\/\/maismagazine.pt\/index.php\/2021\/10\/30\/a-missao-de-inovar-e-arriscar\/#primaryimage"},"image":{"@id":"https:\/\/maismagazine.pt\/index.php\/2021\/10\/30\/a-missao-de-inovar-e-arriscar\/#primaryimage"},"thumbnailUrl":"https:\/\/maismagazine.pt\/wp-content\/uploads\/2021\/10\/Cliente-2-2.jpeg","datePublished":"2021-10-30T07:00:00+00:00","dateModified":"2021-11-04T16:01:03+00:00","description":"Sem medo de inovar, Carla Zuzarte Interiores mudou. Foi criada uma nova identidade da marca, de forma a comunicar os benef\u00edcios da Carla Zuzarte: inova\u00e7\u00e3o, modernidade e rigor. Esta mudan\u00e7a de identidade visual n\u00e3o altera o seu ADN enquanto marca, o qual a diferencia h\u00e1 muitos anos no mercado: foco no cliente, foco nas pessoas e projetos chave na m\u00e3o desenvolvidos numa l\u00f3gica de parceria.","breadcrumb":{"@id":"https:\/\/maismagazine.pt\/index.php\/2021\/10\/30\/a-missao-de-inovar-e-arriscar\/#breadcrumb"},"inLanguage":"pt-PT","potentialAction":[{"@type":"ReadAction","target":["https:\/\/maismagazine.pt\/index.php\/2021\/10\/30\/a-missao-de-inovar-e-arriscar\/"]}]},{"@type":"ImageObject","inLanguage":"pt-PT","@id":"https:\/\/maismagazine.pt\/index.php\/2021\/10\/30\/a-missao-de-inovar-e-arriscar\/#primaryimage","url":"https:\/\/maismagazine.pt\/wp-content\/uploads\/2021\/10\/Cliente-2-2.jpeg","contentUrl":"https:\/\/maismagazine.pt\/wp-content\/uploads\/2021\/10\/Cliente-2-2.jpeg","width":1326,"height":1988},{"@type":"BreadcrumbList","@id":"https:\/\/maismagazine.pt\/index.php\/2021\/10\/30\/a-missao-de-inovar-e-arriscar\/#breadcrumb","itemListElement":[{"@type":"ListItem","position":1,"name":"Home","item":"http:\/\/maismagazine.pt\/"},{"@type":"ListItem","position":2,"name":"Carla Zuzarte Interiores: A miss\u00e3o de inovar e arriscar"}]},{"@type":"WebSite","@id":"http:\/\/maismagazine.pt\/#website","url":"http:\/\/maismagazine.pt\/","name":"Mais Magazine","description":"","publisher":{"@id":"http:\/\/maismagazine.pt\/#organization"},"potentialAction":[{"@type":"SearchAction","target":{"@type":"EntryPoint","urlTemplate":"http:\/\/maismagazine.pt\/?s={search_term_string}"},"query-input":{"@type":"PropertyValueSpecification","valueRequired":true,"valueName":"search_term_string"}}],"inLanguage":"pt-PT"},{"@type":"Organization","@id":"http:\/\/maismagazine.pt\/#organization","name":"Mais Magazine","url":"http:\/\/maismagazine.pt\/","logo":{"@type":"ImageObject","inLanguage":"pt-PT","@id":"http:\/\/maismagazine.pt\/#\/schema\/logo\/image\/","url":"https:\/\/maismagazine.pt\/wp-content\/uploads\/2020\/04\/cropped-cropped-mais-magazine-site-logo-2.png","contentUrl":"https:\/\/maismagazine.pt\/wp-content\/uploads\/2020\/04\/cropped-cropped-mais-magazine-site-logo-2.png","width":581,"height":90,"caption":"Mais Magazine"},"image":{"@id":"http:\/\/maismagazine.pt\/#\/schema\/logo\/image\/"}},{"@type":"Person","@id":"http:\/\/maismagazine.pt\/#\/schema\/person\/999bd426f894ff56d397ec12ebd21ebb","name":"Jo\u00e3o Malainho","image":{"@type":"ImageObject","inLanguage":"pt-PT","@id":"http:\/\/maismagazine.pt\/#\/schema\/person\/image\/","url":"https:\/\/secure.gravatar.com\/avatar\/ff03c2f38edf60b2a827aa4f74878491?s=96&d=mm&r=g","contentUrl":"https:\/\/secure.gravatar.com\/avatar\/ff03c2f38edf60b2a827aa4f74878491?s=96&d=mm&r=g","caption":"Jo\u00e3o Malainho"},"url":"https:\/\/maismagazine.pt\/index.php\/author\/maismagazine\/"}]}},"author_meta":{"display_name":false,"author_link":"https:\/\/maismagazine.pt\/index.php\/author\/maismagazine\/"},"featured_img":"https:\/\/maismagazine.pt\/wp-content\/uploads\/2021\/10\/Cliente-2-2-200x300.jpeg","coauthors":[],"tax_additional":{"categories":{"linked":["<a href=\"https:\/\/maismagazine.pt\/index.php\/category\/atualidade\/\" class=\"advgb-post-tax-term\">Atualidade<\/a>"],"unlinked":["<span class=\"advgb-post-tax-term\">Atualidade<\/span>"]}},"comment_count":"0","relative_dates":{"created":"Posted 5 anos ago","modified":"Updated 4 anos ago"},"absolute_dates":{"created":"Posted on 30 de Outubro, 2021","modified":"Updated on 4 de Novembro, 2021"},"absolute_dates_time":{"created":"Posted on 30 de Outubro, 2021 7:00","modified":"Updated on 4 de Novembro, 2021 16:01"},"featured_img_caption":"","series_order":"","_links":{"self":[{"href":"https:\/\/maismagazine.pt\/index.php\/wp-json\/wp\/v2\/posts\/1309","targetHints":{"allow":["GET"]}}],"collection":[{"href":"https:\/\/maismagazine.pt\/index.php\/wp-json\/wp\/v2\/posts"}],"about":[{"href":"https:\/\/maismagazine.pt\/index.php\/wp-json\/wp\/v2\/types\/post"}],"author":[{"embeddable":true,"href":"https:\/\/maismagazine.pt\/index.php\/wp-json\/wp\/v2\/users\/7"}],"replies":[{"embeddable":true,"href":"https:\/\/maismagazine.pt\/index.php\/wp-json\/wp\/v2\/comments?post=1309"}],"version-history":[{"count":4,"href":"https:\/\/maismagazine.pt\/index.php\/wp-json\/wp\/v2\/posts\/1309\/revisions"}],"predecessor-version":[{"id":1562,"href":"https:\/\/maismagazine.pt\/index.php\/wp-json\/wp\/v2\/posts\/1309\/revisions\/1562"}],"wp:featuredmedia":[{"embeddable":true,"href":"https:\/\/maismagazine.pt\/index.php\/wp-json\/wp\/v2\/media\/1322"}],"wp:attachment":[{"href":"https:\/\/maismagazine.pt\/index.php\/wp-json\/wp\/v2\/media?parent=1309"}],"wp:term":[{"taxonomy":"category","embeddable":true,"href":"https:\/\/maismagazine.pt\/index.php\/wp-json\/wp\/v2\/categories?post=1309"},{"taxonomy":"post_tag","embeddable":true,"href":"https:\/\/maismagazine.pt\/index.php\/wp-json\/wp\/v2\/tags?post=1309"}],"curies":[{"name":"wp","href":"https:\/\/api.w.org\/{rel}","templated":true}]}}