{"id":12974,"date":"2025-10-24T07:00:00","date_gmt":"2025-10-24T06:00:00","guid":{"rendered":"https:\/\/maismagazine.pt\/?p=12974"},"modified":"2025-10-22T15:11:59","modified_gmt":"2025-10-22T14:11:59","slug":"santa-casa-da-misericordia-de-valpacos-da-tradicao-a-modernidade","status":"publish","type":"post","link":"https:\/\/maismagazine.pt\/index.php\/2025\/10\/24\/santa-casa-da-misericordia-de-valpacos-da-tradicao-a-modernidade\/","title":{"rendered":"Santa Casa da Miseric\u00f3rdia de Valpa\u00e7os: Da tradi\u00e7\u00e3o \u00e0 modernidade"},"content":{"rendered":"\n<p><strong>A Mais Magazine teve o prazer de conversar com o provedor Altamiro Claro, que falou sobre a hist\u00f3ria e evolu\u00e7\u00e3o da <a href=\"http:\/\/www.scmv.pt\">Santa Casa da Miseric\u00f3rdia de Valpa\u00e7os<\/a>, o papel central do hospital na regi\u00e3o, os desafios sociais e educativos atuais e os projetos que a institui\u00e7\u00e3o tem em curso para continuar a servir a comunidade com qualidade e inova\u00e7\u00e3o.<\/strong><\/p>\n\n\n\n<p><\/p>\n\n\n\n<p><strong>Poderia come\u00e7ar por nos fazer um breve enquadramento hist\u00f3rico da Santa Casa da Miseric\u00f3rdia de Valpa\u00e7os (SCMV)? Como surgiu a institui\u00e7\u00e3o?<\/strong><\/p>\n\n\n\n<p>A Santa Casa da Miseric\u00f3rdia de Valpa\u00e7os \u00e9 uma institui\u00e7\u00e3o com ra\u00edzes profundas na hist\u00f3ria e na vida comunit\u00e1ria do concelho. \u00c0 semelhan\u00e7a de outras Miseric\u00f3rdias fundadas em Portugal, nasceu da vontade de servir os mais necessitados, inspirada nos valores da solidariedade crist\u00e3 e na pr\u00e1tica das catorze obras de miseric\u00f3rdia.<\/p>\n\n\n\n<p>A sua origem remonta \u00e0 longa tradi\u00e7\u00e3o assistencial existente em Valpa\u00e7os desde o s\u00e9culo XIX. Em 1875, a Arquiconfraria do Sant\u00edssimo e Imaculado Cora\u00e7\u00e3o de Jesus iniciou esfor\u00e7os para construir um hospital, contando com o apoio de v\u00e1rios benem\u00e9ritos locais, entre os quais Rosa Maria da Cunha, que em 1877 deixou em testamento o primeiro legado para esta causa. Seguiram-se outras doa\u00e7\u00f5es, como as de Ana F\u00e9lix Lopes (1884) e Jo\u00e3o Baptista Lopes (1897), que consolidaram o projeto.<\/p>\n\n\n<div class=\"wp-block-image\">\n<figure class=\"alignleft size-large is-resized\"><img loading=\"lazy\" decoding=\"async\" width=\"1024\" height=\"683\" src=\"https:\/\/maismagazine.pt\/wp-content\/uploads\/2025\/10\/01_Provedor-1024x683.jpg\" alt=\"\" class=\"wp-image-12987\" style=\"width:432px;height:auto\" srcset=\"https:\/\/maismagazine.pt\/wp-content\/uploads\/2025\/10\/01_Provedor-1024x683.jpg 1024w, https:\/\/maismagazine.pt\/wp-content\/uploads\/2025\/10\/01_Provedor-300x200.jpg 300w, https:\/\/maismagazine.pt\/wp-content\/uploads\/2025\/10\/01_Provedor-768x512.jpg 768w, https:\/\/maismagazine.pt\/wp-content\/uploads\/2025\/10\/01_Provedor-150x100.jpg 150w, https:\/\/maismagazine.pt\/wp-content\/uploads\/2025\/10\/01_Provedor.jpg 1188w\" sizes=\"auto, (max-width: 1024px) 100vw, 1024px\" \/><figcaption class=\"wp-element-caption\">Altamiro Claro, Provedor da Santa Casa da Miseric\u00f3rdia de Valpa\u00e7os<\/figcaption><\/figure><\/div>\n\n\n<p>Formalmente, a Miseric\u00f3rdia de Valpa\u00e7os foi criada em 1946, com estatutos aprovados em 1947, assumindo desde ent\u00e3o a continuidade desta tradi\u00e7\u00e3o. Apesar de ser relativamente jovem face a cong\u00e9neres centen\u00e1rias, afirmou-se rapidamente pelo seu papel assistencial junto dos mais pobres, desprotegidos e idosos, tendo o hospital como pilar central da sua a\u00e7\u00e3o.<\/p>\n\n\n\n<p>Hoje, mant\u00e9m-se fiel \u00e0 sua miss\u00e3o de cuidar dos mais fr\u00e1geis, promovendo a dignidade humana e contribuindo de forma ativa para o desenvolvimento local, numa rela\u00e7\u00e3o de proximidade com a comunidade. <\/p>\n\n\n\n<p><\/p>\n\n\n\n<p><strong>Assumiu fun\u00e7\u00f5es como Provedor em 2012. Nessa altura, em que estado encontrou a SCMV e quais foram as primeiras metas que definiu?<\/strong><\/p>\n\n\n\n<p>Quando assumi fun\u00e7\u00f5es em 2012, a Miseric\u00f3rdia de Valpa\u00e7os atravessava um per\u00edodo de grandes convuls\u00f5es na sequ\u00eancia do encerramento do hospital, at\u00e9 ent\u00e3o gerido por uma empresa espanhola, que para tal constituiu a \u201cLUSIPA\u00c7OS\u201d. Este per\u00edodo ficou marcado por fortes tens\u00f5es locais, levando a popula\u00e7\u00e3o a realizar manifesta\u00e7\u00f5es contra o encerramento do hospital. A resolu\u00e7\u00e3o do conflito existente com a massa insolvente e com os trabalhadores que ficaram sem emprego tornou-se desde logo o objetivo priorit\u00e1rio da minha gest\u00e3o, tendo em vista encontrar a paz social, indispens\u00e1vel \u00e0 reorganiza\u00e7\u00e3o da Santa Casa.<\/p>\n\n\n\n<p>Assim, as primeiras metas que defini passaram por quatro eixos fundamentais: implementar uma estrat\u00e9gia de resolu\u00e7\u00e3o dos conflitos laborais e contratuais, estabilizar a gest\u00e3o financeira, valorizar os recursos humanos e refor\u00e7ar a qualidade das respostas sociais e de sa\u00fade. Acreditava, e continuo a acreditar, que s\u00f3 com uma base s\u00f3lida de sustentabilidade e com equipas motivadas seria poss\u00edvel projetar a institui\u00e7\u00e3o para o futuro e alargar o impacto positivo junto da comunidade.<\/p>\n\n\n\n<p>Com determina\u00e7\u00e3o foi poss\u00edvel encerrar todos os conflitos existentes e dar in\u00edcio a uma nova fase que passou pela renova\u00e7\u00e3o total e amplia\u00e7\u00e3o do Hospital, criando as condi\u00e7\u00f5es indispens\u00e1veis \u00e0 prossecu\u00e7\u00e3o da principal miss\u00e3o \u2013 servir as popula\u00e7\u00f5es da regi\u00e3o com um Hospital moderno, pr\u00f3ximo e completo. <\/p>\n\n\n\n<p><\/p>\n\n\n\n<p><strong>O hospital \u00e9 hoje o equipamento mais emblem\u00e1tico da SCMV e uma refer\u00eancia a n\u00edvel regional e nacional. Quais s\u00e3o atualmente as suas principais val\u00eancias?<\/strong><\/p>\n\n\n\n<p>O hospital da Miseric\u00f3rdia de Valpa\u00e7os \u00e9, sem d\u00favida, uma das marcas mais distintivas da nossa a\u00e7\u00e3o e um orgulho para toda a comunidade. At\u00e9 ao 25 de abril de 1974 era a \u00fanica resposta ao n\u00edvel da sa\u00fade na \u00e1rea do concelho.<\/p>\n\n\n<div class=\"wp-block-image\">\n<figure class=\"alignright size-full is-resized\"><img loading=\"lazy\" decoding=\"async\" width=\"1000\" height=\"666\" src=\"https:\/\/maismagazine.pt\/wp-content\/uploads\/2025\/10\/Galeria_0001_17.png\" alt=\"\" class=\"wp-image-12989\" style=\"width:467px;height:auto\" srcset=\"https:\/\/maismagazine.pt\/wp-content\/uploads\/2025\/10\/Galeria_0001_17.png 1000w, https:\/\/maismagazine.pt\/wp-content\/uploads\/2025\/10\/Galeria_0001_17-300x200.png 300w, https:\/\/maismagazine.pt\/wp-content\/uploads\/2025\/10\/Galeria_0001_17-768x511.png 768w, https:\/\/maismagazine.pt\/wp-content\/uploads\/2025\/10\/Galeria_0001_17-150x100.png 150w\" sizes=\"auto, (max-width: 1000px) 100vw, 1000px\" \/><\/figure><\/div>\n\n\n<p>Em 10 de dezembro de 2016, conheceu uma nova fase, com a assinatura de um Protocolo de Coopera\u00e7\u00e3o entre a SCMV, a Administra\u00e7\u00e3o Regional de Sa\u00fade do Norte (ARSN) e o Munic\u00edpio de Valpa\u00e7os, cujo objetivo fundamental passava pela Recupera\u00e7\u00e3o e Amplia\u00e7\u00e3o do Hospital, e consequente atribui\u00e7\u00e3o de acordos de coopera\u00e7\u00e3o com o SNS, atrav\u00e9s da ARSN.<\/p>\n\n\n\n<p>Assim renasce o Hospital da Miseric\u00f3rdia de Valpa\u00e7os, completamente renovado e dotado dos melhores e mais modernos equipamentos, tendo em vista dar respostas de qualidade, num territ\u00f3rio t\u00e3o carente de assist\u00eancia na sa\u00fade. Foi uma tarefa cicl\u00f3pica, em que poucos acreditavam, mas que, com determina\u00e7\u00e3o, empenho e persist\u00eancia, se tornou num exemplo de sucesso ao servi\u00e7o das popula\u00e7\u00f5es da regi\u00e3o e emblem\u00e1tico porque representou uma parceria local, entre a SCMV e o Munic\u00edpio de Valpa\u00e7os, de luta contra a desertifica\u00e7\u00e3o do concelho, ao atrair profissionais qualificados que se encontravam dispersos pelo pa\u00eds e no estrangeiro, e que aqui vieram reiniciar os seus projetos de vida. <\/p>\n\n\n\n<p>Atualmente disp\u00f5e de v\u00e1rias val\u00eancias fundamentais: &#8211; Centro Cir\u00fargico \u201cDr. Ol\u00edmpio Seca\u201d; Unidade de Internamento moderna; \u00c1rea de Consultas Externas com mais de 20 especialidades m\u00e9dicas; Unidade de Medicina F\u00edsica e reabilita\u00e7\u00e3o, que atende, em m\u00e9dia, 100 utentes\/dia; Servi\u00e7o de Imagiologia dotado dos mais modernos equipamentos e de t\u00e9cnicos qualificados; Servi\u00e7o de Atendimento Permanente e Unidade de Cuidados Continuados de M\u00e9dia Dura\u00e7\u00e3o Reabilita\u00e7\u00e3o.  <\/p>\n\n\n<div class=\"wp-block-image\">\n<figure class=\"aligncenter size-full is-resized\"><img loading=\"lazy\" decoding=\"async\" width=\"1000\" height=\"666\" src=\"https:\/\/maismagazine.pt\/wp-content\/uploads\/2025\/10\/Galeria_0004_14.png\" alt=\"\" class=\"wp-image-12990\" style=\"width:476px;height:auto\" srcset=\"https:\/\/maismagazine.pt\/wp-content\/uploads\/2025\/10\/Galeria_0004_14.png 1000w, https:\/\/maismagazine.pt\/wp-content\/uploads\/2025\/10\/Galeria_0004_14-300x200.png 300w, https:\/\/maismagazine.pt\/wp-content\/uploads\/2025\/10\/Galeria_0004_14-768x511.png 768w, https:\/\/maismagazine.pt\/wp-content\/uploads\/2025\/10\/Galeria_0004_14-150x100.png 150w\" sizes=\"auto, (max-width: 1000px) 100vw, 1000px\" \/><\/figure><\/div>\n\n\n<p><strong>O setor social assume um papel fundamental de complementaridade \u00e0 presta\u00e7\u00e3o de cuidados de sa\u00fade realizados pelo SNS. De que forma \u00e9 que o vosso Hospital est\u00e1 a colaborar com o SNS?<\/strong><\/p>\n\n\n\n<p>O nosso Hospital tem vindo a refor\u00e7ar a colabora\u00e7\u00e3o com o Servi\u00e7o Nacional de Sa\u00fade (SNS) atrav\u00e9s do programa <strong>\u201cConsulta a Tempo e Horas (CTH)\u201d<\/strong>. Atualmente, no \u00e2mbito deste programa, disponibilizamos <strong>sete especialidades hospitalares<\/strong>, abrangendo consultas e cirurgias.<\/p>\n\n\n\n<p>Esta coopera\u00e7\u00e3o tem sido essencial para responder a uma procura crescente, n\u00e3o apenas do nosso concelho, mas tamb\u00e9m em toda a regi\u00e3o de Tr\u00e1s-Os-Montes e Alto Douro. Um exemplo recente \u00e9 o aumento da procura por parte da popula\u00e7\u00e3o do <strong>ACES Douro Sul<\/strong> (inclui concelhos de Viseu e Guarda), o que refor\u00e7a a relev\u00e2ncia do nosso servi\u00e7o.<\/p>\n\n\n\n<p>Com esta parceria estamos a <strong>melhorar o acesso e a promover maior equidade nos cuidados de sa\u00fade hospitalares,<\/strong> ajudando a reduzir listas de espera e a otimizar os recursos dispon\u00edveis no sistema p\u00fablico e no setor social. Todo este processo de encaminhamento dos doentes tem in\u00edcio nos m\u00e9dicos de fam\u00edlia.<\/p>\n\n\n<div class=\"wp-block-image\">\n<figure class=\"alignleft size-full is-resized\"><img loading=\"lazy\" decoding=\"async\" width=\"1000\" height=\"666\" src=\"https:\/\/maismagazine.pt\/wp-content\/uploads\/2025\/10\/Galeria_0010_8.png\" alt=\"\" class=\"wp-image-12998\" style=\"width:399px;height:auto\" srcset=\"https:\/\/maismagazine.pt\/wp-content\/uploads\/2025\/10\/Galeria_0010_8.png 1000w, https:\/\/maismagazine.pt\/wp-content\/uploads\/2025\/10\/Galeria_0010_8-300x200.png 300w, https:\/\/maismagazine.pt\/wp-content\/uploads\/2025\/10\/Galeria_0010_8-768x511.png 768w, https:\/\/maismagazine.pt\/wp-content\/uploads\/2025\/10\/Galeria_0010_8-150x100.png 150w\" sizes=\"auto, (max-width: 1000px) 100vw, 1000px\" \/><\/figure><\/div>\n\n\n<p><strong>Na era em que vivemos, marcada pela tecnologia, considera que o hospital est\u00e1 hoje devidamente equipado para responder de forma eficaz \u00e0s necessidades dos utentes?<\/strong><\/p>\n\n\n\n<p>Vivemos numa era em que a tecnologia desempenha um papel central na sa\u00fade, seja no diagn\u00f3stico, no tratamento ou na gest\u00e3o dos cuidados. O Hospital da Miseric\u00f3rdia de Valpa\u00e7os tem acompanhado esta evolu\u00e7\u00e3o, investindo de forma cont\u00ednua na moderniza\u00e7\u00e3o dos seus equipamentos e na digitaliza\u00e7\u00e3o de processos. <\/p>\n\n\n\n<p>Hoje, o hospital est\u00e1 dotado de meios tecnol\u00f3gicos que permitem responder de forma eficaz e segura \u00e0s necessidades dos utentes, garantindo qualidade cl\u00ednica, rapidez no diagn\u00f3stico e maior conforto na presta\u00e7\u00e3o dos cuidados. Entre os investimentos mais recentes destaca-se a aquisi\u00e7\u00e3o de uma torre cir\u00fargica 3D para a especialidade de Urologia (Cirurgia Laparosc\u00f3pica) e de uma TAC com recurso a intelig\u00eancia artificial para o servi\u00e7o de imagiologia. <\/p>\n\n\n\n<p>Paralelamente, temos vindo a apostar em sistemas digitais de gest\u00e3o cl\u00ednica e administrativa, que permitem maior integra\u00e7\u00e3o da informa\u00e7\u00e3o, mais efici\u00eancia nos processos e melhor acompanhamento dos doentes. O nosso objetivo \u00e9 claro: conjugar a inova\u00e7\u00e3o tecnol\u00f3gica com a humaniza\u00e7\u00e3o dos cuidados. <\/p>\n\n\n\n<p><\/p>\n\n\n\n<p><strong>A SCMV gere tamb\u00e9m 10 estruturas residenciais para idosos. Que caracter\u00edsticas destaca nestes equipamentos e qual a sua relev\u00e2ncia para a comunidade local?<\/strong><\/p>\n\n\n\n<p>O Setor Social representa, hoje, o principal foco de atua\u00e7\u00e3o da Santa Casa da Miseric\u00f3rdia de Valpa\u00e7os. Colocamos ao servi\u00e7o das popula\u00e7\u00f5es da regi\u00e3o 10 Estruturas Residenciais para Pessoas Idosas, complementadas por 4 Centros de Dia e 4 Servi\u00e7os de Apoio Domicili\u00e1rio, garantindo assim uma resposta atempada, abrangente e de proximidade.<\/p>\n\n\n\n<p>Estes equipamentos distinguem-se por oferecerem condi\u00e7\u00f5es de conforto, seguran\u00e7a e acompanhamento permanente, assegurado por equipas multidisciplinares que integram profissionais de sa\u00fade, cuidadores e t\u00e9cnicos especializados. Para al\u00e9m dos cuidados b\u00e1sicos, promovemos atividades socioculturais e de estimula\u00e7\u00e3o, que contribuem para o bem-estar f\u00edsico, emocional e social dos residentes.<\/p>\n\n\n\n<p>A sua relev\u00e2ncia \u00e9 ainda maior no contexto do interior norte, marcado pelo envelhecimento populacional e consequente aumento de situa\u00e7\u00f5es de dem\u00eancia e depend\u00eancia f\u00edsica, \u00e0s quais os nossos servi\u00e7os t\u00eam que dar uma resposta efetiva, pela incapacidade do estado em implementar uma rede nacional para as dem\u00eancias, que responda ao drama das fam\u00edlias. <\/p>\n\n\n<div class=\"wp-block-image\">\n<figure class=\"aligncenter size-large is-resized\"><img loading=\"lazy\" decoding=\"async\" width=\"1024\" height=\"593\" src=\"https:\/\/maismagazine.pt\/wp-content\/uploads\/2025\/10\/02_ERPI-1024x593.jpg\" alt=\"\" class=\"wp-image-12992\" style=\"width:452px;height:auto\" srcset=\"https:\/\/maismagazine.pt\/wp-content\/uploads\/2025\/10\/02_ERPI-1024x593.jpg 1024w, https:\/\/maismagazine.pt\/wp-content\/uploads\/2025\/10\/02_ERPI-300x174.jpg 300w, https:\/\/maismagazine.pt\/wp-content\/uploads\/2025\/10\/02_ERPI-768x445.jpg 768w, https:\/\/maismagazine.pt\/wp-content\/uploads\/2025\/10\/02_ERPI.jpg 1077w\" sizes=\"auto, (max-width: 1024px) 100vw, 1024px\" \/><figcaption class=\"wp-element-caption\">Estrutura Residencial para Pessoas Idosas (ERPI )<\/figcaption><\/figure><\/div>\n\n\n<p><strong>A institui\u00e7\u00e3o disp\u00f5e ainda de Creche e Jardim de Inf\u00e2ncia, com diversas atividades pedag\u00f3gicas. Qual \u00e9, no seu entender, a import\u00e2ncia destas respostas sociais para o desenvolvimento educativo das crian\u00e7as?<\/strong><\/p>\n\n\n\n<p>A Creche e o Jardim de Inf\u00e2ncia representam uma \u00e1rea essencial da nossa interven\u00e7\u00e3o. Atualmente, acolhemos 86 crian\u00e7as em Creche e 74 em Ensino Pr\u00e9-Escolar, assegurando n\u00e3o apenas o cuidado di\u00e1rio, mas tamb\u00e9m uma resposta pedag\u00f3gica estruturada e de qualidade, bem patente na procura que, em cada ano, supera largamente a capacidade instalada.<\/p>\n\n\n\n<p>Estas respostas t\u00eam uma import\u00e2ncia decisiva para o desenvolvimento integral das crian\u00e7as, promovendo desde cedo valores como a autonomia, a socializa\u00e7\u00e3o e a criatividade. Apostamos em projetos educativos anuais que estimulam o contacto com a comunidade, a cultura, a natureza e as tradi\u00e7\u00f5es locais, porque acreditamos que uma crian\u00e7a integrada no seu meio cresce mais segura e confiante. <\/p>\n\n\n\n<p><\/p>\n\n\n\n<p><strong>A SCMV investe igualmente no setor agr\u00edcola, atrav\u00e9s da Quinta Nossa Senhora do Carmo, com a produ\u00e7\u00e3o de vinho e azeite. Que papel assume este projeto no seio da institui\u00e7\u00e3o?<\/strong><\/p>\n\n\n\n<p>A Quinta Nossa Senhora do Carmo \u00e9 um projeto que traduz bem a forma como a Miseric\u00f3rdia de Valpa\u00e7os alia tradi\u00e7\u00e3o, sustentabilidade e inova\u00e7\u00e3o. A Quinta est\u00e1 localizada em Valverde e conta ainda com outros terrenos em Fornos do Pinhal, num total de 6 hectares dedicados essencialmente \u00e0 produ\u00e7\u00e3o de vinhos e algum azeite, que refletem a identidade e a qualidade desta sub-regi\u00e3o de Tr\u00e1s-os-Montes.<\/p>\n\n\n\n<p>A nossa principal refer\u00eancia s\u00e3o os vinhos com a marca \u201cValpa\u00e7o-lo-Velho\u201d, que, ao longo dos \u00faltimos anos, t\u00eam sido distinguidos em v\u00e1rios concursos. Este projeto tem essencialmente uma dimens\u00e3o social e comunit\u00e1ria. Um exemplo disso \u00e9 o facto de ano a ano, os nossos utentes, crian\u00e7as e colaboradores participarem ativamente na vindima, um momento de conv\u00edvio intergeracional e de valoriza\u00e7\u00e3o das tradi\u00e7\u00f5es populares. <\/p>\n\n\n\n<p><\/p>\n\n\n\n<p><strong>Em termos num\u00e9ricos, quantos utentes s\u00e3o atualmente abrangidos pela SCMV?<\/strong><\/p>\n\n\n\n<p>A Santa Casa da Miseric\u00f3rdia de Valpa\u00e7os acompanha hoje de forma direta mais de 880 utentes nas suas diferentes respostas sociais. Em concreto, contamos com cerca de 570 idosos integrados nas Estruturas Residenciais para Idosos e no Servi\u00e7o de Apoio Domicili\u00e1rio, apoiamos 30 pessoas atrav\u00e9s da Cantina Social, acolhemos diariamente 86 crian\u00e7as em Creche e 75 em Jardim de Inf\u00e2ncia e acompanhamos ainda 22 utentes na Unidade de Cuidados Continuados, que se mant\u00e9m com taxa de ocupa\u00e7\u00e3o pr\u00f3xima dos 100%.<\/p>\n\n\n\n<p>A esta interven\u00e7\u00e3o social soma-se a dimens\u00e3o cl\u00ednica do hospital, que em 2024 realizou mais de 11 mil consultas de especialidade, 7000 an\u00e1lises cl\u00ednicas, 1016 cirurgias, cerca de 17 mil exames de imagiologia e de 7000 pessoas assistidas no servi\u00e7o de atendimento urgente.<\/p>\n\n\n\n<p><\/p>\n\n\n\n<p><strong>E quanto aos colaboradores, quantos integram a institui\u00e7\u00e3o neste momento e que princ\u00edpios considera fundamentais no desempenho das suas fun\u00e7\u00f5es?<\/strong><\/p>\n\n\n\n<p>A Miseric\u00f3rdia de Valpa\u00e7os conta atualmente com 362 colaboradores, distribu\u00eddos pelas diferentes \u00e1reas de interven\u00e7\u00e3o da institui\u00e7\u00e3o: sa\u00fade, apoio social, educa\u00e7\u00e3o e servi\u00e7os de suporte.<\/p>\n\n\n\n<p>Mais do que o n\u00famero, importa sublinhar os princ\u00edpios que norteiam o seu trabalho: profissionalismo, dedica\u00e7\u00e3o, humaniza\u00e7\u00e3o e esp\u00edrito de miss\u00e3o. S\u00e3o estes valores que fazem a diferen\u00e7a no dia a dia e que permitem \u00e0 institui\u00e7\u00e3o prestar cuidados de qualidade, pr\u00f3ximos das pessoas e atentos \u00e0s necessidades reais da comunidade.<\/p>\n\n\n\n<p>Nos \u00faltimos anos, a institui\u00e7\u00e3o teve um crescimento significativo em termos das suas receitas que hoje atingem valores pr\u00f3ximos de 14 milh\u00f5es de euros (anuais), o que d\u00e1 a esta Institui\u00e7\u00e3o uma dimens\u00e3o empresarial, que significa a principal \u00e2ncora de emprego na regi\u00e3o, determinante no processo de povoamento do territ\u00f3rio.<\/p>\n\n\n<div class=\"wp-block-image\">\n<figure class=\"aligncenter size-large is-resized\"><img loading=\"lazy\" decoding=\"async\" width=\"1024\" height=\"683\" src=\"https:\/\/maismagazine.pt\/wp-content\/uploads\/2025\/10\/04_Mesa-Administrativa-1024x683.jpg\" alt=\"\" class=\"wp-image-12995\" style=\"width:411px;height:auto\" srcset=\"https:\/\/maismagazine.pt\/wp-content\/uploads\/2025\/10\/04_Mesa-Administrativa-1024x683.jpg 1024w, https:\/\/maismagazine.pt\/wp-content\/uploads\/2025\/10\/04_Mesa-Administrativa-300x200.jpg 300w, https:\/\/maismagazine.pt\/wp-content\/uploads\/2025\/10\/04_Mesa-Administrativa-768x512.jpg 768w, https:\/\/maismagazine.pt\/wp-content\/uploads\/2025\/10\/04_Mesa-Administrativa-150x100.jpg 150w, https:\/\/maismagazine.pt\/wp-content\/uploads\/2025\/10\/04_Mesa-Administrativa.jpg 1188w\" sizes=\"auto, (max-width: 1024px) 100vw, 1024px\" \/><figcaption class=\"wp-element-caption\">Mesa administrativa<\/figcaption><\/figure><\/div>\n\n\n<p><strong>Para terminar, que perspetivas existem para o futuro da SCMV? Que projetos tem em execu\u00e7\u00e3o ou gostaria ainda de ver concretizados?<\/strong><\/p>\n\n\n\n<p>O futuro passa por continuar a inovar e a refor\u00e7ar a sua miss\u00e3o social, respondendo aos desafios de um territ\u00f3rio marcado pelo envelhecimento populacional e pela necessidade de servi\u00e7os de proximidade, tendo sempre como refer\u00eancia uma gest\u00e3o participativa, com sentido empresarial e essencialmente tendo como fim \u00faltimo ajudar as pessoas mais carenciadas e isoladas da sociedade.<\/p>\n\n\n<div class=\"wp-block-image\">\n<figure class=\"alignleft size-full is-resized\"><img loading=\"lazy\" decoding=\"async\" width=\"1008\" height=\"567\" src=\"https:\/\/maismagazine.pt\/wp-content\/uploads\/2025\/10\/03_habitac\u2560oa\u2560ao-colaborativa.jpg\" alt=\"\" class=\"wp-image-12994\" style=\"width:427px;height:auto\" srcset=\"https:\/\/maismagazine.pt\/wp-content\/uploads\/2025\/10\/03_habitac\u2560oa\u2560ao-colaborativa.jpg 1008w, https:\/\/maismagazine.pt\/wp-content\/uploads\/2025\/10\/03_habitac\u2560oa\u2560ao-colaborativa-300x169.jpg 300w, https:\/\/maismagazine.pt\/wp-content\/uploads\/2025\/10\/03_habitac\u2560oa\u2560ao-colaborativa-768x432.jpg 768w\" sizes=\"auto, (max-width: 1008px) 100vw, 1008px\" \/><figcaption class=\"wp-element-caption\">Complexo Residencial do Pinheiro Manso &#8211; Habita\u00e7\u00e3o Colaborativa<\/figcaption><\/figure><\/div>\n\n\n<p>Entre os projetos em execu\u00e7\u00e3o, destaco a constru\u00e7\u00e3o do Complexo Residencial do Pinheiro Manso \u2013 Habita\u00e7\u00e3o Colaborativa (PRR), um equipamento social de nova gera\u00e7\u00e3o, destinado a pessoas \u201cque ainda s\u00e3o novas para ingressar em lar, mas j\u00e1 n\u00e3o se sentem bem sozinhas em casa\u201d, a inaugurar no in\u00edcio de 2026.\u00c9 um modelo pioneiro em Portugal, j\u00e1 existente noutros pa\u00edses, e que se encontra em fase de conclus\u00e3o, dirigido a 47 residentes, com um investimento total que ultrapassa os 2 milh\u00f5es de euros.<\/p>\n\n\n\n<p>Gostaria ainda de poder lan\u00e7ar as obras de amplia\u00e7\u00e3o das alas norte (segundo bloco operat\u00f3rio e alargamento do internamento) e sul do hospital que j\u00e1 se encontram dotadas de projeto de execu\u00e7\u00e3o, mas o momento n\u00e3o \u00e9 o mais indicado atendendo \u00e0 falta de capacidade das empresas de constru\u00e7\u00e3o, o que torna os valores construtivos muito elevados. Assim, estamos a aguardar por melhores condi\u00e7\u00f5es do mercado de constru\u00e7\u00e3o para lan\u00e7ar estes concursos.<\/p>\n\n\n\n<p>Mas o futuro constr\u00f3i-se tamb\u00e9m com mem\u00f3ria: nunca esquecemos os primeiros benem\u00e9ritos que, j\u00e1 em 1877, acreditaram nesta obra. \u00c9 nessa heran\u00e7a de solidariedade que continuamos a encontrar a for\u00e7a para inovar e servir melhor a comunidade de Valpa\u00e7os. <\/p>\n\n\n\n<p><\/p>\n\n\n<div class=\"wp-block-image\">\n<figure class=\"aligncenter size-full\"><img loading=\"lazy\" decoding=\"async\" width=\"200\" height=\"200\" src=\"https:\/\/maismagazine.pt\/wp-content\/uploads\/2025\/10\/1630548685455-1.jpg\" alt=\"\" class=\"wp-image-12999\" srcset=\"https:\/\/maismagazine.pt\/wp-content\/uploads\/2025\/10\/1630548685455-1.jpg 200w, https:\/\/maismagazine.pt\/wp-content\/uploads\/2025\/10\/1630548685455-1-150x150.jpg 150w\" sizes=\"auto, (max-width: 200px) 100vw, 200px\" \/><\/figure><\/div>\n\n\n<p><\/p>\n\n\n\n<p><\/p>\n","protected":false},"excerpt":{"rendered":"<p>A Mais Magazine teve o prazer de conversar com o provedor Altamiro Claro, que falou sobre a hist\u00f3ria e evolu\u00e7\u00e3o da Santa Casa da Miseric\u00f3rdia de Valpa\u00e7os, o papel central do hospital na regi\u00e3o, os desafios sociais e educativos atuais e os projetos que a institui\u00e7\u00e3o tem em curso para&hellip;<\/p>\n","protected":false},"author":18,"featured_media":12981,"comment_status":"closed","ping_status":"open","sticky":false,"template":"","format":"standard","meta":{"advgb_blocks_editor_width":"","advgb_blocks_columns_visual_guide":"","_monsterinsights_skip_tracking":false,"_monsterinsights_sitenote_active":false,"_monsterinsights_sitenote_note":"","_monsterinsights_sitenote_category":0,"footnotes":""},"categories":[50],"tags":[2491,2490],"class_list":["post-12974","post","type-post","status-publish","format-standard","has-post-thumbnail","hentry","category-destaques","tag-hospital-misericordia-de-valpacos","tag-santa-casa-da-misericordia-de-valpacos"],"yoast_head":"<!-- This site is optimized with the Yoast SEO plugin v24.4 - https:\/\/yoast.com\/wordpress\/plugins\/seo\/ -->\n<title>Santa Casa da Miseric\u00f3rdia de Valpa\u00e7os: Da tradi\u00e7\u00e3o \u00e0 modernidade - Mais Magazine<\/title>\n<meta name=\"robots\" content=\"index, follow, max-snippet:-1, max-image-preview:large, max-video-preview:-1\" \/>\n<link rel=\"canonical\" href=\"https:\/\/maismagazine.pt\/index.php\/2025\/10\/24\/santa-casa-da-misericordia-de-valpacos-da-tradicao-a-modernidade\/\" \/>\n<meta property=\"og:locale\" content=\"pt_PT\" \/>\n<meta property=\"og:type\" content=\"article\" \/>\n<meta property=\"og:title\" content=\"Santa Casa da Miseric\u00f3rdia de Valpa\u00e7os: Da tradi\u00e7\u00e3o \u00e0 modernidade - Mais Magazine\" \/>\n<meta property=\"og:description\" content=\"A Mais Magazine teve o prazer de conversar com o provedor Altamiro Claro, que falou sobre a hist\u00f3ria e evolu\u00e7\u00e3o da Santa Casa da Miseric\u00f3rdia de Valpa\u00e7os, o papel central do hospital na regi\u00e3o, os desafios sociais e educativos atuais e os projetos que a institui\u00e7\u00e3o tem em curso para&hellip;\" \/>\n<meta property=\"og:url\" content=\"https:\/\/maismagazine.pt\/index.php\/2025\/10\/24\/santa-casa-da-misericordia-de-valpacos-da-tradicao-a-modernidade\/\" \/>\n<meta property=\"og:site_name\" content=\"Mais Magazine\" \/>\n<meta property=\"article:published_time\" content=\"2025-10-24T06:00:00+00:00\" \/>\n<meta property=\"og:image\" content=\"https:\/\/maismagazine.pt\/wp-content\/uploads\/2025\/10\/Galeria_0017_1.png\" \/>\n\t<meta property=\"og:image:width\" content=\"1000\" \/>\n\t<meta property=\"og:image:height\" content=\"666\" \/>\n\t<meta property=\"og:image:type\" content=\"image\/png\" \/>\n<meta name=\"author\" content=\"Tatiana Martins\" \/>\n<meta name=\"twitter:card\" content=\"summary_large_image\" \/>\n<meta name=\"twitter:label1\" content=\"Escrito por\" \/>\n\t<meta name=\"twitter:data1\" content=\"\" \/>\n\t<meta name=\"twitter:label2\" content=\"Tempo estimado de leitura\" \/>\n\t<meta name=\"twitter:data2\" content=\"15 minutos\" \/>\n<script type=\"application\/ld+json\" class=\"yoast-schema-graph\">{\"@context\":\"https:\/\/schema.org\",\"@graph\":[{\"@type\":\"Article\",\"@id\":\"https:\/\/maismagazine.pt\/index.php\/2025\/10\/24\/santa-casa-da-misericordia-de-valpacos-da-tradicao-a-modernidade\/#article\",\"isPartOf\":{\"@id\":\"https:\/\/maismagazine.pt\/index.php\/2025\/10\/24\/santa-casa-da-misericordia-de-valpacos-da-tradicao-a-modernidade\/\"},\"author\":{\"name\":\"Tatiana Martins\",\"@id\":\"https:\/\/maismagazine.pt\/#\/schema\/person\/7426e2caeb8df32a1b56aa48dae778c9\"},\"headline\":\"Santa Casa da Miseric\u00f3rdia de Valpa\u00e7os: Da tradi\u00e7\u00e3o \u00e0 modernidade\",\"datePublished\":\"2025-10-24T06:00:00+00:00\",\"mainEntityOfPage\":{\"@id\":\"https:\/\/maismagazine.pt\/index.php\/2025\/10\/24\/santa-casa-da-misericordia-de-valpacos-da-tradicao-a-modernidade\/\"},\"wordCount\":2510,\"publisher\":{\"@id\":\"https:\/\/maismagazine.pt\/#organization\"},\"image\":{\"@id\":\"https:\/\/maismagazine.pt\/index.php\/2025\/10\/24\/santa-casa-da-misericordia-de-valpacos-da-tradicao-a-modernidade\/#primaryimage\"},\"thumbnailUrl\":\"https:\/\/maismagazine.pt\/wp-content\/uploads\/2025\/10\/Galeria_0017_1.png\",\"keywords\":[\"Hospital Miseric\u00f3rdia de Valpa\u00e7os\",\"Santa Casa da Miseric\u00f3rdia de Valpa\u00e7os\"],\"articleSection\":[\"Destaques\"],\"inLanguage\":\"pt-PT\"},{\"@type\":\"WebPage\",\"@id\":\"https:\/\/maismagazine.pt\/index.php\/2025\/10\/24\/santa-casa-da-misericordia-de-valpacos-da-tradicao-a-modernidade\/\",\"url\":\"https:\/\/maismagazine.pt\/index.php\/2025\/10\/24\/santa-casa-da-misericordia-de-valpacos-da-tradicao-a-modernidade\/\",\"name\":\"Santa Casa da Miseric\u00f3rdia de Valpa\u00e7os: Da tradi\u00e7\u00e3o \u00e0 modernidade - Mais Magazine\",\"isPartOf\":{\"@id\":\"https:\/\/maismagazine.pt\/#website\"},\"primaryImageOfPage\":{\"@id\":\"https:\/\/maismagazine.pt\/index.php\/2025\/10\/24\/santa-casa-da-misericordia-de-valpacos-da-tradicao-a-modernidade\/#primaryimage\"},\"image\":{\"@id\":\"https:\/\/maismagazine.pt\/index.php\/2025\/10\/24\/santa-casa-da-misericordia-de-valpacos-da-tradicao-a-modernidade\/#primaryimage\"},\"thumbnailUrl\":\"https:\/\/maismagazine.pt\/wp-content\/uploads\/2025\/10\/Galeria_0017_1.png\",\"datePublished\":\"2025-10-24T06:00:00+00:00\",\"breadcrumb\":{\"@id\":\"https:\/\/maismagazine.pt\/index.php\/2025\/10\/24\/santa-casa-da-misericordia-de-valpacos-da-tradicao-a-modernidade\/#breadcrumb\"},\"inLanguage\":\"pt-PT\",\"potentialAction\":[{\"@type\":\"ReadAction\",\"target\":[\"https:\/\/maismagazine.pt\/index.php\/2025\/10\/24\/santa-casa-da-misericordia-de-valpacos-da-tradicao-a-modernidade\/\"]}]},{\"@type\":\"ImageObject\",\"inLanguage\":\"pt-PT\",\"@id\":\"https:\/\/maismagazine.pt\/index.php\/2025\/10\/24\/santa-casa-da-misericordia-de-valpacos-da-tradicao-a-modernidade\/#primaryimage\",\"url\":\"https:\/\/maismagazine.pt\/wp-content\/uploads\/2025\/10\/Galeria_0017_1.png\",\"contentUrl\":\"https:\/\/maismagazine.pt\/wp-content\/uploads\/2025\/10\/Galeria_0017_1.png\",\"width\":1000,\"height\":666,\"caption\":\"Hospital da Miseric\u00f3rdia de Valpa\u00e7os\"},{\"@type\":\"BreadcrumbList\",\"@id\":\"https:\/\/maismagazine.pt\/index.php\/2025\/10\/24\/santa-casa-da-misericordia-de-valpacos-da-tradicao-a-modernidade\/#breadcrumb\",\"itemListElement\":[{\"@type\":\"ListItem\",\"position\":1,\"name\":\"Home\",\"item\":\"https:\/\/maismagazine.pt\/\"},{\"@type\":\"ListItem\",\"position\":2,\"name\":\"Santa Casa da Miseric\u00f3rdia de Valpa\u00e7os: Da tradi\u00e7\u00e3o \u00e0 modernidade\"}]},{\"@type\":\"WebSite\",\"@id\":\"https:\/\/maismagazine.pt\/#website\",\"url\":\"https:\/\/maismagazine.pt\/\",\"name\":\"Mais Magazine\",\"description\":\"\",\"publisher\":{\"@id\":\"https:\/\/maismagazine.pt\/#organization\"},\"potentialAction\":[{\"@type\":\"SearchAction\",\"target\":{\"@type\":\"EntryPoint\",\"urlTemplate\":\"https:\/\/maismagazine.pt\/?s={search_term_string}\"},\"query-input\":{\"@type\":\"PropertyValueSpecification\",\"valueRequired\":true,\"valueName\":\"search_term_string\"}}],\"inLanguage\":\"pt-PT\"},{\"@type\":\"Organization\",\"@id\":\"https:\/\/maismagazine.pt\/#organization\",\"name\":\"Mais Magazine\",\"url\":\"https:\/\/maismagazine.pt\/\",\"logo\":{\"@type\":\"ImageObject\",\"inLanguage\":\"pt-PT\",\"@id\":\"https:\/\/maismagazine.pt\/#\/schema\/logo\/image\/\",\"url\":\"https:\/\/maismagazine.pt\/wp-content\/uploads\/2020\/04\/cropped-cropped-mais-magazine-site-logo-2.png\",\"contentUrl\":\"https:\/\/maismagazine.pt\/wp-content\/uploads\/2020\/04\/cropped-cropped-mais-magazine-site-logo-2.png\",\"width\":581,\"height\":90,\"caption\":\"Mais Magazine\"},\"image\":{\"@id\":\"https:\/\/maismagazine.pt\/#\/schema\/logo\/image\/\"}},{\"@type\":\"Person\",\"@id\":\"https:\/\/maismagazine.pt\/#\/schema\/person\/7426e2caeb8df32a1b56aa48dae778c9\",\"name\":\"Tatiana Martins\",\"image\":{\"@type\":\"ImageObject\",\"inLanguage\":\"pt-PT\",\"@id\":\"https:\/\/maismagazine.pt\/#\/schema\/person\/image\/\",\"url\":\"https:\/\/secure.gravatar.com\/avatar\/4b24a57f5d0425f2eb20981c4b53244e?s=96&d=mm&r=g\",\"contentUrl\":\"https:\/\/secure.gravatar.com\/avatar\/4b24a57f5d0425f2eb20981c4b53244e?s=96&d=mm&r=g\",\"caption\":\"Tatiana Martins\"},\"url\":\"https:\/\/maismagazine.pt\/index.php\/author\/tatiana\/\"}]}<\/script>\n<!-- \/ Yoast SEO plugin. -->","yoast_head_json":{"title":"Santa Casa da Miseric\u00f3rdia de Valpa\u00e7os: Da tradi\u00e7\u00e3o \u00e0 modernidade - Mais Magazine","robots":{"index":"index","follow":"follow","max-snippet":"max-snippet:-1","max-image-preview":"max-image-preview:large","max-video-preview":"max-video-preview:-1"},"canonical":"https:\/\/maismagazine.pt\/index.php\/2025\/10\/24\/santa-casa-da-misericordia-de-valpacos-da-tradicao-a-modernidade\/","og_locale":"pt_PT","og_type":"article","og_title":"Santa Casa da Miseric\u00f3rdia de Valpa\u00e7os: Da tradi\u00e7\u00e3o \u00e0 modernidade - Mais Magazine","og_description":"A Mais Magazine teve o prazer de conversar com o provedor Altamiro Claro, que falou sobre a hist\u00f3ria e evolu\u00e7\u00e3o da Santa Casa da Miseric\u00f3rdia de Valpa\u00e7os, o papel central do hospital na regi\u00e3o, os desafios sociais e educativos atuais e os projetos que a institui\u00e7\u00e3o tem em curso para&hellip;","og_url":"https:\/\/maismagazine.pt\/index.php\/2025\/10\/24\/santa-casa-da-misericordia-de-valpacos-da-tradicao-a-modernidade\/","og_site_name":"Mais Magazine","article_published_time":"2025-10-24T06:00:00+00:00","og_image":[{"width":1000,"height":666,"url":"https:\/\/maismagazine.pt\/wp-content\/uploads\/2025\/10\/Galeria_0017_1.png","type":"image\/png"}],"author":"Tatiana Martins","twitter_card":"summary_large_image","twitter_misc":{"Escrito por":false,"Tempo estimado de leitura":"15 minutos"},"schema":{"@context":"https:\/\/schema.org","@graph":[{"@type":"Article","@id":"https:\/\/maismagazine.pt\/index.php\/2025\/10\/24\/santa-casa-da-misericordia-de-valpacos-da-tradicao-a-modernidade\/#article","isPartOf":{"@id":"https:\/\/maismagazine.pt\/index.php\/2025\/10\/24\/santa-casa-da-misericordia-de-valpacos-da-tradicao-a-modernidade\/"},"author":{"name":"Tatiana Martins","@id":"https:\/\/maismagazine.pt\/#\/schema\/person\/7426e2caeb8df32a1b56aa48dae778c9"},"headline":"Santa Casa da Miseric\u00f3rdia de Valpa\u00e7os: Da tradi\u00e7\u00e3o \u00e0 modernidade","datePublished":"2025-10-24T06:00:00+00:00","mainEntityOfPage":{"@id":"https:\/\/maismagazine.pt\/index.php\/2025\/10\/24\/santa-casa-da-misericordia-de-valpacos-da-tradicao-a-modernidade\/"},"wordCount":2510,"publisher":{"@id":"https:\/\/maismagazine.pt\/#organization"},"image":{"@id":"https:\/\/maismagazine.pt\/index.php\/2025\/10\/24\/santa-casa-da-misericordia-de-valpacos-da-tradicao-a-modernidade\/#primaryimage"},"thumbnailUrl":"https:\/\/maismagazine.pt\/wp-content\/uploads\/2025\/10\/Galeria_0017_1.png","keywords":["Hospital Miseric\u00f3rdia de Valpa\u00e7os","Santa Casa da Miseric\u00f3rdia de Valpa\u00e7os"],"articleSection":["Destaques"],"inLanguage":"pt-PT"},{"@type":"WebPage","@id":"https:\/\/maismagazine.pt\/index.php\/2025\/10\/24\/santa-casa-da-misericordia-de-valpacos-da-tradicao-a-modernidade\/","url":"https:\/\/maismagazine.pt\/index.php\/2025\/10\/24\/santa-casa-da-misericordia-de-valpacos-da-tradicao-a-modernidade\/","name":"Santa Casa da Miseric\u00f3rdia de Valpa\u00e7os: Da tradi\u00e7\u00e3o \u00e0 modernidade - Mais Magazine","isPartOf":{"@id":"https:\/\/maismagazine.pt\/#website"},"primaryImageOfPage":{"@id":"https:\/\/maismagazine.pt\/index.php\/2025\/10\/24\/santa-casa-da-misericordia-de-valpacos-da-tradicao-a-modernidade\/#primaryimage"},"image":{"@id":"https:\/\/maismagazine.pt\/index.php\/2025\/10\/24\/santa-casa-da-misericordia-de-valpacos-da-tradicao-a-modernidade\/#primaryimage"},"thumbnailUrl":"https:\/\/maismagazine.pt\/wp-content\/uploads\/2025\/10\/Galeria_0017_1.png","datePublished":"2025-10-24T06:00:00+00:00","breadcrumb":{"@id":"https:\/\/maismagazine.pt\/index.php\/2025\/10\/24\/santa-casa-da-misericordia-de-valpacos-da-tradicao-a-modernidade\/#breadcrumb"},"inLanguage":"pt-PT","potentialAction":[{"@type":"ReadAction","target":["https:\/\/maismagazine.pt\/index.php\/2025\/10\/24\/santa-casa-da-misericordia-de-valpacos-da-tradicao-a-modernidade\/"]}]},{"@type":"ImageObject","inLanguage":"pt-PT","@id":"https:\/\/maismagazine.pt\/index.php\/2025\/10\/24\/santa-casa-da-misericordia-de-valpacos-da-tradicao-a-modernidade\/#primaryimage","url":"https:\/\/maismagazine.pt\/wp-content\/uploads\/2025\/10\/Galeria_0017_1.png","contentUrl":"https:\/\/maismagazine.pt\/wp-content\/uploads\/2025\/10\/Galeria_0017_1.png","width":1000,"height":666,"caption":"Hospital da Miseric\u00f3rdia de Valpa\u00e7os"},{"@type":"BreadcrumbList","@id":"https:\/\/maismagazine.pt\/index.php\/2025\/10\/24\/santa-casa-da-misericordia-de-valpacos-da-tradicao-a-modernidade\/#breadcrumb","itemListElement":[{"@type":"ListItem","position":1,"name":"Home","item":"https:\/\/maismagazine.pt\/"},{"@type":"ListItem","position":2,"name":"Santa Casa da Miseric\u00f3rdia de Valpa\u00e7os: Da tradi\u00e7\u00e3o \u00e0 modernidade"}]},{"@type":"WebSite","@id":"https:\/\/maismagazine.pt\/#website","url":"https:\/\/maismagazine.pt\/","name":"Mais Magazine","description":"","publisher":{"@id":"https:\/\/maismagazine.pt\/#organization"},"potentialAction":[{"@type":"SearchAction","target":{"@type":"EntryPoint","urlTemplate":"https:\/\/maismagazine.pt\/?s={search_term_string}"},"query-input":{"@type":"PropertyValueSpecification","valueRequired":true,"valueName":"search_term_string"}}],"inLanguage":"pt-PT"},{"@type":"Organization","@id":"https:\/\/maismagazine.pt\/#organization","name":"Mais Magazine","url":"https:\/\/maismagazine.pt\/","logo":{"@type":"ImageObject","inLanguage":"pt-PT","@id":"https:\/\/maismagazine.pt\/#\/schema\/logo\/image\/","url":"https:\/\/maismagazine.pt\/wp-content\/uploads\/2020\/04\/cropped-cropped-mais-magazine-site-logo-2.png","contentUrl":"https:\/\/maismagazine.pt\/wp-content\/uploads\/2020\/04\/cropped-cropped-mais-magazine-site-logo-2.png","width":581,"height":90,"caption":"Mais Magazine"},"image":{"@id":"https:\/\/maismagazine.pt\/#\/schema\/logo\/image\/"}},{"@type":"Person","@id":"https:\/\/maismagazine.pt\/#\/schema\/person\/7426e2caeb8df32a1b56aa48dae778c9","name":"Tatiana Martins","image":{"@type":"ImageObject","inLanguage":"pt-PT","@id":"https:\/\/maismagazine.pt\/#\/schema\/person\/image\/","url":"https:\/\/secure.gravatar.com\/avatar\/4b24a57f5d0425f2eb20981c4b53244e?s=96&d=mm&r=g","contentUrl":"https:\/\/secure.gravatar.com\/avatar\/4b24a57f5d0425f2eb20981c4b53244e?s=96&d=mm&r=g","caption":"Tatiana Martins"},"url":"https:\/\/maismagazine.pt\/index.php\/author\/tatiana\/"}]}},"author_meta":{"display_name":false,"author_link":"https:\/\/maismagazine.pt\/index.php\/author\/tatiana\/"},"featured_img":"https:\/\/maismagazine.pt\/wp-content\/uploads\/2025\/10\/Galeria_0017_1-300x200.png","coauthors":[],"tax_additional":{"categories":{"linked":["<a href=\"https:\/\/maismagazine.pt\/index.php\/category\/destaques\/\" class=\"advgb-post-tax-term\">Destaques<\/a>"],"unlinked":["<span class=\"advgb-post-tax-term\">Destaques<\/span>"]},"tags":{"linked":["<a href=\"https:\/\/maismagazine.pt\/index.php\/category\/destaques\/\" class=\"advgb-post-tax-term\">Hospital Miseric\u00f3rdia de Valpa\u00e7os<\/a>","<a href=\"https:\/\/maismagazine.pt\/index.php\/category\/destaques\/\" class=\"advgb-post-tax-term\">Santa Casa da Miseric\u00f3rdia de Valpa\u00e7os<\/a>"],"unlinked":["<span class=\"advgb-post-tax-term\">Hospital Miseric\u00f3rdia de Valpa\u00e7os<\/span>","<span class=\"advgb-post-tax-term\">Santa Casa da Miseric\u00f3rdia de Valpa\u00e7os<\/span>"]}},"comment_count":"0","relative_dates":{"created":"Posted 6 meses ago","modified":"Updated 6 meses ago"},"absolute_dates":{"created":"Posted on 24 de Outubro, 2025","modified":"Updated on 22 de Outubro, 2025"},"absolute_dates_time":{"created":"Posted on 24 de Outubro, 2025 7:00","modified":"Updated on 22 de Outubro, 2025 15:11"},"featured_img_caption":"Hospital da Miseric\u00f3rdia de Valpa\u00e7os","series_order":"","_links":{"self":[{"href":"https:\/\/maismagazine.pt\/index.php\/wp-json\/wp\/v2\/posts\/12974","targetHints":{"allow":["GET"]}}],"collection":[{"href":"https:\/\/maismagazine.pt\/index.php\/wp-json\/wp\/v2\/posts"}],"about":[{"href":"https:\/\/maismagazine.pt\/index.php\/wp-json\/wp\/v2\/types\/post"}],"author":[{"embeddable":true,"href":"https:\/\/maismagazine.pt\/index.php\/wp-json\/wp\/v2\/users\/18"}],"replies":[{"embeddable":true,"href":"https:\/\/maismagazine.pt\/index.php\/wp-json\/wp\/v2\/comments?post=12974"}],"version-history":[{"count":1,"href":"https:\/\/maismagazine.pt\/index.php\/wp-json\/wp\/v2\/posts\/12974\/revisions"}],"predecessor-version":[{"id":13000,"href":"https:\/\/maismagazine.pt\/index.php\/wp-json\/wp\/v2\/posts\/12974\/revisions\/13000"}],"wp:featuredmedia":[{"embeddable":true,"href":"https:\/\/maismagazine.pt\/index.php\/wp-json\/wp\/v2\/media\/12981"}],"wp:attachment":[{"href":"https:\/\/maismagazine.pt\/index.php\/wp-json\/wp\/v2\/media?parent=12974"}],"wp:term":[{"taxonomy":"category","embeddable":true,"href":"https:\/\/maismagazine.pt\/index.php\/wp-json\/wp\/v2\/categories?post=12974"},{"taxonomy":"post_tag","embeddable":true,"href":"https:\/\/maismagazine.pt\/index.php\/wp-json\/wp\/v2\/tags?post=12974"}],"curies":[{"name":"wp","href":"https:\/\/api.w.org\/{rel}","templated":true}]}}