{"id":12920,"date":"2025-10-24T07:00:00","date_gmt":"2025-10-24T06:00:00","guid":{"rendered":"https:\/\/maismagazine.pt\/?p=12920"},"modified":"2025-10-21T15:51:25","modified_gmt":"2025-10-21T14:51:25","slug":"patologia-clinica-o-agente-silencioso-na-prestacao-dos-cuidados-de-saude","status":"publish","type":"post","link":"https:\/\/maismagazine.pt\/index.php\/2025\/10\/24\/patologia-clinica-o-agente-silencioso-na-prestacao-dos-cuidados-de-saude\/","title":{"rendered":"Patologia Cl\u00ednica: O Agente Silencioso na Presta\u00e7\u00e3o dos Cuidados de Sa\u00fade"},"content":{"rendered":"\n<p>No universo da sa\u00fade, existem \u00e1reas que, apesar de vitais, permanecem nos bastidores, longe da aten\u00e7\u00e3o do p\u00fablico e, por vezes, at\u00e9 de outros profissionais de sa\u00fade. A Patologia Cl\u00ednica, tamb\u00e9m conhecida como Medicina Laboratorial, \u00e9 uma dessas \u00e1reas \u2014 o agente silencioso que sustenta e orienta grande parte das decis\u00f5es m\u00e9dicas, impactando de forma discreta, mas decisiva, a vida dos doentes. Estima-se que cerca de 70% das decis\u00f5es cl\u00ednicas sejam suportadas por resultados laboratoriais. Trata-se de uma especialidade m\u00e9dica dedicada ao estudo, preven\u00e7\u00e3o, diagn\u00f3stico e monitoriza\u00e7\u00e3o de doen\u00e7as atrav\u00e9s da an\u00e1lise em laborat\u00f3rio de amostras de origem humana. Os laborat\u00f3rios cl\u00ednicos, com t\u00e9cnicas cada vez mais avan\u00e7adas e precisas, fornecem informa\u00e7\u00f5es que permitem aos cl\u00ednicos tomar decis\u00f5es informadas sobre o diagn\u00f3stico, o progn\u00f3stico e o tratamento dos seus doentes. Contribuem, com os seus resultados, para a dete\u00e7\u00e3o de patologias, a orienta\u00e7\u00e3o das escolhas terap\u00eauticas e a avalia\u00e7\u00e3o da resposta ao tratamento.   <\/p>\n\n\n\n<p><\/p>\n\n\n\n<p>Como o diagn\u00f3stico precoce \u00e9 a chave para o sucesso terap\u00eautico em muitas doen\u00e7as, a contribui\u00e7\u00e3o do laborat\u00f3rio cl\u00ednico para alcan\u00e7ar esse objetivo torna-se cada vez mais essencial \u2014 algo que a \u00faltima pandemia demonstrou e evidenciou de forma clara. A informa\u00e7\u00e3o produzida permite interven\u00e7\u00f5es mais r\u00e1pidas e eficazes, aumentando as probabilidades de recupera\u00e7\u00e3o e reduzindo os custos associados a tratamentos tardios ou a morbilidades permanentes. Na \u00e1rea da preven\u00e7\u00e3o, programas de rastreio populacional baseados em exames laboratoriais \u2014 como os de colesterol, glicose ou dete\u00e7\u00e3o de infe\u00e7\u00f5es \u2014 desempenham um papel essencial na promo\u00e7\u00e3o da sa\u00fade p\u00fablica.  <\/p>\n\n\n\n<p><\/p>\n\n\n\n<p>O laborat\u00f3rio cl\u00ednico tem evolu\u00eddo de m\u00e3os dadas com a tecnologia. A automa\u00e7\u00e3o laboratorial, a an\u00e1lise molecular e os testes de biologia molecular s\u00e3o exemplos de inova\u00e7\u00f5es que revolucionaram a rapidez, sensibilidade e precis\u00e3o dos resultados. Estes avan\u00e7os possibilitam diagn\u00f3sticos mais sens\u00edveis e espec\u00edficos, contribuindo para o desenvolvimento da medicina personalizada e para uma abordagem cada vez mais preventiva e preditiva. Apesar desta sua relev\u00e2ncia, a Patologia Cl\u00ednica \u00e9 frequentemente subvalorizada, sendo vista apenas como um servi\u00e7o de apoio e n\u00e3o como parte integrante e fundamental do processo assistencial. Essa falta de visibilidade tem, muitas vezes, levado ao subfinanciamento, \u00e0 escassez de profissionais e \u00e0 desvaloriza\u00e7\u00e3o do seu impacto.  <\/p>\n\n\n\n<p><\/p>\n\n\n\n<p>A Patologia Cl\u00ednica \u00e9, sem d\u00favida, o agente silencioso na presta\u00e7\u00e3o de cuidados de sa\u00fade. Mas n\u00e3o podemos confundir sil\u00eancio com a import\u00e2ncia do seu contributo indispens\u00e1vel para a seguran\u00e7a, a efic\u00e1cia e a qualidade dos servi\u00e7os m\u00e9dicos. Reconhecer e valorizar esta especialidade \u00e9 um passo essencial para garantir sistemas de sa\u00fade mais eficientes, humanos e preparados para os desafios do futuro.  <\/p>\n\n\n\n<p><\/p>\n\n\n\n<p class=\"has-text-align-right\"><em>Manuel Carvalho, Diretor M\u00e9dico de Patologia Cl\u00ednica<\/em><\/p>\n\n\n\n<p class=\"has-text-align-right\"><\/p>\n\n\n<div class=\"wp-block-image\">\n<figure class=\"aligncenter size-full is-resized\"><img loading=\"lazy\" decoding=\"async\" width=\"400\" height=\"130\" src=\"https:\/\/maismagazine.pt\/wp-content\/uploads\/2025\/10\/Unilabs_Logo.png\" alt=\"\" class=\"wp-image-12921\" style=\"width:486px;height:auto\" srcset=\"https:\/\/maismagazine.pt\/wp-content\/uploads\/2025\/10\/Unilabs_Logo.png 400w, https:\/\/maismagazine.pt\/wp-content\/uploads\/2025\/10\/Unilabs_Logo-300x98.png 300w\" sizes=\"auto, (max-width: 400px) 100vw, 400px\" \/><\/figure><\/div>","protected":false},"excerpt":{"rendered":"<p>No universo da sa\u00fade, existem \u00e1reas que, apesar de vitais, permanecem nos bastidores, longe da aten\u00e7\u00e3o do p\u00fablico e, por vezes, at\u00e9 de outros profissionais de sa\u00fade. A Patologia Cl\u00ednica, tamb\u00e9m conhecida como Medicina Laboratorial, \u00e9 uma dessas \u00e1reas \u2014 o agente silencioso que sustenta e orienta grande parte das&hellip;<\/p>\n","protected":false},"author":17,"featured_media":12924,"comment_status":"closed","ping_status":"open","sticky":false,"template":"","format":"standard","meta":{"advgb_blocks_editor_width":"","advgb_blocks_columns_visual_guide":"","_monsterinsights_skip_tracking":false,"_monsterinsights_sitenote_active":false,"_monsterinsights_sitenote_note":"","_monsterinsights_sitenote_category":0,"footnotes":""},"categories":[52,51,313],"tags":[2482],"class_list":["post-12920","post","type-post","status-publish","format-standard","has-post-thumbnail","hentry","category-destaque","category-opiniao","category-saude","tag-unilabs"],"yoast_head":"<!-- This site is optimized with the Yoast SEO plugin v24.4 - https:\/\/yoast.com\/wordpress\/plugins\/seo\/ -->\n<title>Patologia Cl\u00ednica: O Agente Silencioso na Presta\u00e7\u00e3o dos Cuidados de Sa\u00fade - Mais Magazine<\/title>\n<meta name=\"robots\" content=\"index, follow, max-snippet:-1, max-image-preview:large, max-video-preview:-1\" \/>\n<link rel=\"canonical\" href=\"https:\/\/maismagazine.pt\/index.php\/2025\/10\/24\/patologia-clinica-o-agente-silencioso-na-prestacao-dos-cuidados-de-saude\/\" \/>\n<meta property=\"og:locale\" content=\"pt_PT\" \/>\n<meta property=\"og:type\" content=\"article\" \/>\n<meta property=\"og:title\" content=\"Patologia Cl\u00ednica: O Agente Silencioso na Presta\u00e7\u00e3o dos Cuidados de Sa\u00fade - Mais Magazine\" \/>\n<meta property=\"og:description\" content=\"No universo da sa\u00fade, existem \u00e1reas que, apesar de vitais, permanecem nos bastidores, longe da aten\u00e7\u00e3o do p\u00fablico e, por vezes, at\u00e9 de outros profissionais de sa\u00fade. A Patologia Cl\u00ednica, tamb\u00e9m conhecida como Medicina Laboratorial, \u00e9 uma dessas \u00e1reas \u2014 o agente silencioso que sustenta e orienta grande parte das&hellip;\" \/>\n<meta property=\"og:url\" content=\"https:\/\/maismagazine.pt\/index.php\/2025\/10\/24\/patologia-clinica-o-agente-silencioso-na-prestacao-dos-cuidados-de-saude\/\" \/>\n<meta property=\"og:site_name\" content=\"Mais Magazine\" \/>\n<meta property=\"article:published_time\" content=\"2025-10-24T06:00:00+00:00\" \/>\n<meta property=\"og:image\" content=\"https:\/\/maismagazine.pt\/wp-content\/uploads\/2025\/10\/manuel-carvalho-sq.png\" \/>\n\t<meta property=\"og:image:width\" content=\"480\" \/>\n\t<meta property=\"og:image:height\" content=\"480\" \/>\n\t<meta property=\"og:image:type\" content=\"image\/png\" \/>\n<meta name=\"author\" content=\"Tiago Costa\" \/>\n<meta name=\"twitter:card\" content=\"summary_large_image\" \/>\n<meta name=\"twitter:label1\" content=\"Escrito por\" \/>\n\t<meta name=\"twitter:data1\" content=\"\" \/>\n\t<meta name=\"twitter:label2\" content=\"Tempo estimado de leitura\" \/>\n\t<meta name=\"twitter:data2\" content=\"3 minutos\" \/>\n<script type=\"application\/ld+json\" class=\"yoast-schema-graph\">{\"@context\":\"https:\/\/schema.org\",\"@graph\":[{\"@type\":\"Article\",\"@id\":\"https:\/\/maismagazine.pt\/index.php\/2025\/10\/24\/patologia-clinica-o-agente-silencioso-na-prestacao-dos-cuidados-de-saude\/#article\",\"isPartOf\":{\"@id\":\"https:\/\/maismagazine.pt\/index.php\/2025\/10\/24\/patologia-clinica-o-agente-silencioso-na-prestacao-dos-cuidados-de-saude\/\"},\"author\":{\"name\":\"Tiago Costa\",\"@id\":\"https:\/\/maismagazine.pt\/#\/schema\/person\/c6c5bfccc886434cbd11c74e035f9646\"},\"headline\":\"Patologia Cl\u00ednica: O Agente Silencioso na Presta\u00e7\u00e3o dos Cuidados de Sa\u00fade\",\"datePublished\":\"2025-10-24T06:00:00+00:00\",\"mainEntityOfPage\":{\"@id\":\"https:\/\/maismagazine.pt\/index.php\/2025\/10\/24\/patologia-clinica-o-agente-silencioso-na-prestacao-dos-cuidados-de-saude\/\"},\"wordCount\":511,\"publisher\":{\"@id\":\"https:\/\/maismagazine.pt\/#organization\"},\"image\":{\"@id\":\"https:\/\/maismagazine.pt\/index.php\/2025\/10\/24\/patologia-clinica-o-agente-silencioso-na-prestacao-dos-cuidados-de-saude\/#primaryimage\"},\"thumbnailUrl\":\"https:\/\/maismagazine.pt\/wp-content\/uploads\/2025\/10\/manuel-carvalho-sq.png\",\"keywords\":[\"Unilabs\"],\"articleSection\":[\"Destaque lateral\",\"Opini\u00e3o\",\"Sa\u00fade\"],\"inLanguage\":\"pt-PT\"},{\"@type\":\"WebPage\",\"@id\":\"https:\/\/maismagazine.pt\/index.php\/2025\/10\/24\/patologia-clinica-o-agente-silencioso-na-prestacao-dos-cuidados-de-saude\/\",\"url\":\"https:\/\/maismagazine.pt\/index.php\/2025\/10\/24\/patologia-clinica-o-agente-silencioso-na-prestacao-dos-cuidados-de-saude\/\",\"name\":\"Patologia Cl\u00ednica: O Agente Silencioso na Presta\u00e7\u00e3o dos Cuidados de Sa\u00fade - Mais Magazine\",\"isPartOf\":{\"@id\":\"https:\/\/maismagazine.pt\/#website\"},\"primaryImageOfPage\":{\"@id\":\"https:\/\/maismagazine.pt\/index.php\/2025\/10\/24\/patologia-clinica-o-agente-silencioso-na-prestacao-dos-cuidados-de-saude\/#primaryimage\"},\"image\":{\"@id\":\"https:\/\/maismagazine.pt\/index.php\/2025\/10\/24\/patologia-clinica-o-agente-silencioso-na-prestacao-dos-cuidados-de-saude\/#primaryimage\"},\"thumbnailUrl\":\"https:\/\/maismagazine.pt\/wp-content\/uploads\/2025\/10\/manuel-carvalho-sq.png\",\"datePublished\":\"2025-10-24T06:00:00+00:00\",\"breadcrumb\":{\"@id\":\"https:\/\/maismagazine.pt\/index.php\/2025\/10\/24\/patologia-clinica-o-agente-silencioso-na-prestacao-dos-cuidados-de-saude\/#breadcrumb\"},\"inLanguage\":\"pt-PT\",\"potentialAction\":[{\"@type\":\"ReadAction\",\"target\":[\"https:\/\/maismagazine.pt\/index.php\/2025\/10\/24\/patologia-clinica-o-agente-silencioso-na-prestacao-dos-cuidados-de-saude\/\"]}]},{\"@type\":\"ImageObject\",\"inLanguage\":\"pt-PT\",\"@id\":\"https:\/\/maismagazine.pt\/index.php\/2025\/10\/24\/patologia-clinica-o-agente-silencioso-na-prestacao-dos-cuidados-de-saude\/#primaryimage\",\"url\":\"https:\/\/maismagazine.pt\/wp-content\/uploads\/2025\/10\/manuel-carvalho-sq.png\",\"contentUrl\":\"https:\/\/maismagazine.pt\/wp-content\/uploads\/2025\/10\/manuel-carvalho-sq.png\",\"width\":480,\"height\":480},{\"@type\":\"BreadcrumbList\",\"@id\":\"https:\/\/maismagazine.pt\/index.php\/2025\/10\/24\/patologia-clinica-o-agente-silencioso-na-prestacao-dos-cuidados-de-saude\/#breadcrumb\",\"itemListElement\":[{\"@type\":\"ListItem\",\"position\":1,\"name\":\"Home\",\"item\":\"https:\/\/maismagazine.pt\/\"},{\"@type\":\"ListItem\",\"position\":2,\"name\":\"Patologia Cl\u00ednica: O Agente Silencioso na Presta\u00e7\u00e3o dos Cuidados de Sa\u00fade\"}]},{\"@type\":\"WebSite\",\"@id\":\"https:\/\/maismagazine.pt\/#website\",\"url\":\"https:\/\/maismagazine.pt\/\",\"name\":\"Mais Magazine\",\"description\":\"\",\"publisher\":{\"@id\":\"https:\/\/maismagazine.pt\/#organization\"},\"potentialAction\":[{\"@type\":\"SearchAction\",\"target\":{\"@type\":\"EntryPoint\",\"urlTemplate\":\"https:\/\/maismagazine.pt\/?s={search_term_string}\"},\"query-input\":{\"@type\":\"PropertyValueSpecification\",\"valueRequired\":true,\"valueName\":\"search_term_string\"}}],\"inLanguage\":\"pt-PT\"},{\"@type\":\"Organization\",\"@id\":\"https:\/\/maismagazine.pt\/#organization\",\"name\":\"Mais Magazine\",\"url\":\"https:\/\/maismagazine.pt\/\",\"logo\":{\"@type\":\"ImageObject\",\"inLanguage\":\"pt-PT\",\"@id\":\"https:\/\/maismagazine.pt\/#\/schema\/logo\/image\/\",\"url\":\"https:\/\/maismagazine.pt\/wp-content\/uploads\/2020\/04\/cropped-cropped-mais-magazine-site-logo-2.png\",\"contentUrl\":\"https:\/\/maismagazine.pt\/wp-content\/uploads\/2020\/04\/cropped-cropped-mais-magazine-site-logo-2.png\",\"width\":581,\"height\":90,\"caption\":\"Mais Magazine\"},\"image\":{\"@id\":\"https:\/\/maismagazine.pt\/#\/schema\/logo\/image\/\"}},{\"@type\":\"Person\",\"@id\":\"https:\/\/maismagazine.pt\/#\/schema\/person\/c6c5bfccc886434cbd11c74e035f9646\",\"name\":\"Tiago Costa\",\"image\":{\"@type\":\"ImageObject\",\"inLanguage\":\"pt-PT\",\"@id\":\"https:\/\/maismagazine.pt\/#\/schema\/person\/image\/\",\"url\":\"https:\/\/secure.gravatar.com\/avatar\/c599b2bce16c9870429198cbad5ee022?s=96&d=mm&r=g\",\"contentUrl\":\"https:\/\/secure.gravatar.com\/avatar\/c599b2bce16c9870429198cbad5ee022?s=96&d=mm&r=g\",\"caption\":\"Tiago Costa\"},\"url\":\"https:\/\/maismagazine.pt\/index.php\/author\/tiago\/\"}]}<\/script>\n<!-- \/ Yoast SEO plugin. -->","yoast_head_json":{"title":"Patologia Cl\u00ednica: O Agente Silencioso na Presta\u00e7\u00e3o dos Cuidados de Sa\u00fade - Mais Magazine","robots":{"index":"index","follow":"follow","max-snippet":"max-snippet:-1","max-image-preview":"max-image-preview:large","max-video-preview":"max-video-preview:-1"},"canonical":"https:\/\/maismagazine.pt\/index.php\/2025\/10\/24\/patologia-clinica-o-agente-silencioso-na-prestacao-dos-cuidados-de-saude\/","og_locale":"pt_PT","og_type":"article","og_title":"Patologia Cl\u00ednica: O Agente Silencioso na Presta\u00e7\u00e3o dos Cuidados de Sa\u00fade - Mais Magazine","og_description":"No universo da sa\u00fade, existem \u00e1reas que, apesar de vitais, permanecem nos bastidores, longe da aten\u00e7\u00e3o do p\u00fablico e, por vezes, at\u00e9 de outros profissionais de sa\u00fade. A Patologia Cl\u00ednica, tamb\u00e9m conhecida como Medicina Laboratorial, \u00e9 uma dessas \u00e1reas \u2014 o agente silencioso que sustenta e orienta grande parte das&hellip;","og_url":"https:\/\/maismagazine.pt\/index.php\/2025\/10\/24\/patologia-clinica-o-agente-silencioso-na-prestacao-dos-cuidados-de-saude\/","og_site_name":"Mais Magazine","article_published_time":"2025-10-24T06:00:00+00:00","og_image":[{"width":480,"height":480,"url":"https:\/\/maismagazine.pt\/wp-content\/uploads\/2025\/10\/manuel-carvalho-sq.png","type":"image\/png"}],"author":"Tiago Costa","twitter_card":"summary_large_image","twitter_misc":{"Escrito por":false,"Tempo estimado de leitura":"3 minutos"},"schema":{"@context":"https:\/\/schema.org","@graph":[{"@type":"Article","@id":"https:\/\/maismagazine.pt\/index.php\/2025\/10\/24\/patologia-clinica-o-agente-silencioso-na-prestacao-dos-cuidados-de-saude\/#article","isPartOf":{"@id":"https:\/\/maismagazine.pt\/index.php\/2025\/10\/24\/patologia-clinica-o-agente-silencioso-na-prestacao-dos-cuidados-de-saude\/"},"author":{"name":"Tiago Costa","@id":"https:\/\/maismagazine.pt\/#\/schema\/person\/c6c5bfccc886434cbd11c74e035f9646"},"headline":"Patologia Cl\u00ednica: O Agente Silencioso na Presta\u00e7\u00e3o dos Cuidados de Sa\u00fade","datePublished":"2025-10-24T06:00:00+00:00","mainEntityOfPage":{"@id":"https:\/\/maismagazine.pt\/index.php\/2025\/10\/24\/patologia-clinica-o-agente-silencioso-na-prestacao-dos-cuidados-de-saude\/"},"wordCount":511,"publisher":{"@id":"https:\/\/maismagazine.pt\/#organization"},"image":{"@id":"https:\/\/maismagazine.pt\/index.php\/2025\/10\/24\/patologia-clinica-o-agente-silencioso-na-prestacao-dos-cuidados-de-saude\/#primaryimage"},"thumbnailUrl":"https:\/\/maismagazine.pt\/wp-content\/uploads\/2025\/10\/manuel-carvalho-sq.png","keywords":["Unilabs"],"articleSection":["Destaque lateral","Opini\u00e3o","Sa\u00fade"],"inLanguage":"pt-PT"},{"@type":"WebPage","@id":"https:\/\/maismagazine.pt\/index.php\/2025\/10\/24\/patologia-clinica-o-agente-silencioso-na-prestacao-dos-cuidados-de-saude\/","url":"https:\/\/maismagazine.pt\/index.php\/2025\/10\/24\/patologia-clinica-o-agente-silencioso-na-prestacao-dos-cuidados-de-saude\/","name":"Patologia Cl\u00ednica: O Agente Silencioso na Presta\u00e7\u00e3o dos Cuidados de Sa\u00fade - Mais Magazine","isPartOf":{"@id":"https:\/\/maismagazine.pt\/#website"},"primaryImageOfPage":{"@id":"https:\/\/maismagazine.pt\/index.php\/2025\/10\/24\/patologia-clinica-o-agente-silencioso-na-prestacao-dos-cuidados-de-saude\/#primaryimage"},"image":{"@id":"https:\/\/maismagazine.pt\/index.php\/2025\/10\/24\/patologia-clinica-o-agente-silencioso-na-prestacao-dos-cuidados-de-saude\/#primaryimage"},"thumbnailUrl":"https:\/\/maismagazine.pt\/wp-content\/uploads\/2025\/10\/manuel-carvalho-sq.png","datePublished":"2025-10-24T06:00:00+00:00","breadcrumb":{"@id":"https:\/\/maismagazine.pt\/index.php\/2025\/10\/24\/patologia-clinica-o-agente-silencioso-na-prestacao-dos-cuidados-de-saude\/#breadcrumb"},"inLanguage":"pt-PT","potentialAction":[{"@type":"ReadAction","target":["https:\/\/maismagazine.pt\/index.php\/2025\/10\/24\/patologia-clinica-o-agente-silencioso-na-prestacao-dos-cuidados-de-saude\/"]}]},{"@type":"ImageObject","inLanguage":"pt-PT","@id":"https:\/\/maismagazine.pt\/index.php\/2025\/10\/24\/patologia-clinica-o-agente-silencioso-na-prestacao-dos-cuidados-de-saude\/#primaryimage","url":"https:\/\/maismagazine.pt\/wp-content\/uploads\/2025\/10\/manuel-carvalho-sq.png","contentUrl":"https:\/\/maismagazine.pt\/wp-content\/uploads\/2025\/10\/manuel-carvalho-sq.png","width":480,"height":480},{"@type":"BreadcrumbList","@id":"https:\/\/maismagazine.pt\/index.php\/2025\/10\/24\/patologia-clinica-o-agente-silencioso-na-prestacao-dos-cuidados-de-saude\/#breadcrumb","itemListElement":[{"@type":"ListItem","position":1,"name":"Home","item":"https:\/\/maismagazine.pt\/"},{"@type":"ListItem","position":2,"name":"Patologia Cl\u00ednica: O Agente Silencioso na Presta\u00e7\u00e3o dos Cuidados de Sa\u00fade"}]},{"@type":"WebSite","@id":"https:\/\/maismagazine.pt\/#website","url":"https:\/\/maismagazine.pt\/","name":"Mais Magazine","description":"","publisher":{"@id":"https:\/\/maismagazine.pt\/#organization"},"potentialAction":[{"@type":"SearchAction","target":{"@type":"EntryPoint","urlTemplate":"https:\/\/maismagazine.pt\/?s={search_term_string}"},"query-input":{"@type":"PropertyValueSpecification","valueRequired":true,"valueName":"search_term_string"}}],"inLanguage":"pt-PT"},{"@type":"Organization","@id":"https:\/\/maismagazine.pt\/#organization","name":"Mais Magazine","url":"https:\/\/maismagazine.pt\/","logo":{"@type":"ImageObject","inLanguage":"pt-PT","@id":"https:\/\/maismagazine.pt\/#\/schema\/logo\/image\/","url":"https:\/\/maismagazine.pt\/wp-content\/uploads\/2020\/04\/cropped-cropped-mais-magazine-site-logo-2.png","contentUrl":"https:\/\/maismagazine.pt\/wp-content\/uploads\/2020\/04\/cropped-cropped-mais-magazine-site-logo-2.png","width":581,"height":90,"caption":"Mais Magazine"},"image":{"@id":"https:\/\/maismagazine.pt\/#\/schema\/logo\/image\/"}},{"@type":"Person","@id":"https:\/\/maismagazine.pt\/#\/schema\/person\/c6c5bfccc886434cbd11c74e035f9646","name":"Tiago Costa","image":{"@type":"ImageObject","inLanguage":"pt-PT","@id":"https:\/\/maismagazine.pt\/#\/schema\/person\/image\/","url":"https:\/\/secure.gravatar.com\/avatar\/c599b2bce16c9870429198cbad5ee022?s=96&d=mm&r=g","contentUrl":"https:\/\/secure.gravatar.com\/avatar\/c599b2bce16c9870429198cbad5ee022?s=96&d=mm&r=g","caption":"Tiago Costa"},"url":"https:\/\/maismagazine.pt\/index.php\/author\/tiago\/"}]}},"author_meta":{"display_name":false,"author_link":"https:\/\/maismagazine.pt\/index.php\/author\/tiago\/"},"featured_img":"https:\/\/maismagazine.pt\/wp-content\/uploads\/2025\/10\/manuel-carvalho-sq-300x300.png","coauthors":[],"tax_additional":{"categories":{"linked":["<a href=\"https:\/\/maismagazine.pt\/index.php\/category\/destaque\/\" class=\"advgb-post-tax-term\">Destaque lateral<\/a>","<a href=\"https:\/\/maismagazine.pt\/index.php\/category\/noticias\/opiniao\/\" class=\"advgb-post-tax-term\">Opini\u00e3o<\/a>","<a href=\"https:\/\/maismagazine.pt\/index.php\/category\/mundo-empresarial\/saude\/\" class=\"advgb-post-tax-term\">Sa\u00fade<\/a>"],"unlinked":["<span class=\"advgb-post-tax-term\">Destaque lateral<\/span>","<span class=\"advgb-post-tax-term\">Opini\u00e3o<\/span>","<span class=\"advgb-post-tax-term\">Sa\u00fade<\/span>"]},"tags":{"linked":["<a href=\"https:\/\/maismagazine.pt\/index.php\/category\/mundo-empresarial\/saude\/\" class=\"advgb-post-tax-term\">Unilabs<\/a>"],"unlinked":["<span class=\"advgb-post-tax-term\">Unilabs<\/span>"]}},"comment_count":"0","relative_dates":{"created":"Posted 6 meses ago","modified":"Updated 6 meses ago"},"absolute_dates":{"created":"Posted on 24 de Outubro, 2025","modified":"Updated on 21 de Outubro, 2025"},"absolute_dates_time":{"created":"Posted on 24 de Outubro, 2025 7:00","modified":"Updated on 21 de Outubro, 2025 15:51"},"featured_img_caption":"","series_order":"","_links":{"self":[{"href":"https:\/\/maismagazine.pt\/index.php\/wp-json\/wp\/v2\/posts\/12920","targetHints":{"allow":["GET"]}}],"collection":[{"href":"https:\/\/maismagazine.pt\/index.php\/wp-json\/wp\/v2\/posts"}],"about":[{"href":"https:\/\/maismagazine.pt\/index.php\/wp-json\/wp\/v2\/types\/post"}],"author":[{"embeddable":true,"href":"https:\/\/maismagazine.pt\/index.php\/wp-json\/wp\/v2\/users\/17"}],"replies":[{"embeddable":true,"href":"https:\/\/maismagazine.pt\/index.php\/wp-json\/wp\/v2\/comments?post=12920"}],"version-history":[{"count":2,"href":"https:\/\/maismagazine.pt\/index.php\/wp-json\/wp\/v2\/posts\/12920\/revisions"}],"predecessor-version":[{"id":12927,"href":"https:\/\/maismagazine.pt\/index.php\/wp-json\/wp\/v2\/posts\/12920\/revisions\/12927"}],"wp:featuredmedia":[{"embeddable":true,"href":"https:\/\/maismagazine.pt\/index.php\/wp-json\/wp\/v2\/media\/12924"}],"wp:attachment":[{"href":"https:\/\/maismagazine.pt\/index.php\/wp-json\/wp\/v2\/media?parent=12920"}],"wp:term":[{"taxonomy":"category","embeddable":true,"href":"https:\/\/maismagazine.pt\/index.php\/wp-json\/wp\/v2\/categories?post=12920"},{"taxonomy":"post_tag","embeddable":true,"href":"https:\/\/maismagazine.pt\/index.php\/wp-json\/wp\/v2\/tags?post=12920"}],"curies":[{"name":"wp","href":"https:\/\/api.w.org\/{rel}","templated":true}]}}