{"id":12753,"date":"2025-09-26T07:00:00","date_gmt":"2025-09-26T06:00:00","guid":{"rendered":"https:\/\/maismagazine.pt\/?p=12753"},"modified":"2025-09-25T10:22:36","modified_gmt":"2025-09-25T09:22:36","slug":"mais-de-duas-decadas-de-visao","status":"publish","type":"post","link":"https:\/\/maismagazine.pt\/index.php\/2025\/09\/26\/mais-de-duas-decadas-de-visao\/","title":{"rendered":"Mais de duas d\u00e9cadas de vis\u00e3o"},"content":{"rendered":"\n<p><strong>O desejo de oferecer servi\u00e7os \u00f3ticos de excel\u00eancia \u00e0 comunidade, aliado \u00e0 paix\u00e3o pelo setor, foi o ponto de partida para uma jornada que j\u00e1 soma mais de 20 anos. Cid\u00e1lia Ferreira, CEO do <a href=\"http:\/\/www.opticalia.com\">Grupo EOL Vision Premium Opticalia<\/a>, partilha com a Mais Magazine o percurso de crescimento e consolida\u00e7\u00e3o da marca, a import\u00e2ncia de manter um relacionamento pr\u00f3ximo com o cliente e os projetos que visam o futuro. <\/strong><\/p>\n\n\n\n<p><\/p>\n\n\n\n<p><strong>O que a motivou a abrir a primeira loja da Esonor, agora denominada Grupo EOL Vision Premium Opticalia, em Valongo, h\u00e1 mais de 20 anos, e quais foram os maiores desafios nos primeiros anos de atividade? <\/strong><\/p>\n\n\n\n<p>A principal motiva\u00e7\u00e3o para a abertura da minha primeira Esonor, em Valongo, h\u00e1 mais de 20 anos, foi a paix\u00e3o por oferecer servi\u00e7os \u00f3ticos de qualidade \u00e0 comunidade local. Nos primeiros anos, enfrent\u00e1mos desafios como a constru\u00e7\u00e3o de uma base de clientes fi\u00e9is, a adapta\u00e7\u00e3o \u00e0s mudan\u00e7as tecnol\u00f3gicas no setor \u00f3tico e a forma\u00e7\u00e3o cont\u00ednua dos colaboradores. No entanto, a dedica\u00e7\u00e3o e o compromisso da nossa equipa foram fundamentais para superar esses obst\u00e1culos. <\/p>\n\n\n\n<p><\/p>\n\n\n\n<p><strong>A Esonor expandiu-se para v\u00e1rias localidades e integra o grupo Opticalia desde 2012. Que estrat\u00e9gias considera terem sido determinantes para o sucesso da expans\u00e3o e para se manterem competitivos no mercado? <\/strong><\/p>\n\n\n\n<p>A expans\u00e3o da Esonor para v\u00e1rias localidades e a integra\u00e7\u00e3o no grupo Opticalia foram impulsionadas por estrat\u00e9gias como a inova\u00e7\u00e3o constante, a forma\u00e7\u00e3o cont\u00ednua dos nossos colaboradores e a implementa\u00e7\u00e3o de tecnologias avan\u00e7adas. Al\u00e9m disso, a nossa capacidade de adaptar os servi\u00e7os \u00e0s necessidades espec\u00edficas de cada cliente atrav\u00e9s da personaliza\u00e7\u00e3o e a proximidade com os clientes foram cruciais para nos mantermos competitivos num mercado altamente competitivo e cada vez com mais novos players. <\/p>\n\n\n\n<p><\/p>\n\n\n\n<p><strong>Para si, qual a import\u00e2ncia da proximidade com o cliente? De que forma o Grupo EOL Vision Premium Opticalia adapta os seus servi\u00e7os para responder \u00e0s necessidades de cada regi\u00e3o e fidelizar clientes? <\/strong><\/p>\n\n\n\n<p>A proximidade com o cliente sempre foi considerada fundamental no Grupo EOL Vision Premium Opticalia, pois permite-nos compreender melhor as suas necessidades e oferecer solu\u00e7\u00f5es personalizadas. Adaptamos os nossos servi\u00e7os atrav\u00e9s de pesquisas de mercado regulares, feedback dos clientes e parcerias com fornecedores estrat\u00e9gicos. Estas a\u00e7\u00f5es ajudam-nos a fidelizar os clientes e a garantir a sua satisfa\u00e7\u00e3o cont\u00ednua. <\/p>\n\n\n\n<p><\/p>\n\n\n\n<p><strong>Quais s\u00e3o os planos futuros para o Grupo EOL Vision Premium Opticalia? De que forma pretendem continuar a crescer e a destacar-se no setor \u00f3tico? <\/strong><\/p>\n\n\n\n<p>Os planos futuros para o Grupo EOL Vision Premium Opticalia, incluem a expans\u00e3o para novas localidades, a introdu\u00e7\u00e3o de tecnologias inovadoras (IA) e a melhoria cont\u00ednua dos nossos servi\u00e7os. Pretendemos continuar a crescer atrav\u00e9s de parcerias estrat\u00e9gicas, investimentos em forma\u00e7\u00e3o, desenvolvimento dos nossos colaboradores. Para al\u00e9m disso, apostamos ainda na sustentabilidade e na manuten\u00e7\u00e3o de um forte compromisso com a qualidade e a satisfa\u00e7\u00e3o do cliente. <\/p>\n\n\n\n<p><\/p>\n\n\n<div class=\"wp-block-image\">\n<figure class=\"aligncenter size-large is-resized\"><img loading=\"lazy\" decoding=\"async\" width=\"1024\" height=\"392\" src=\"https:\/\/maismagazine.pt\/wp-content\/uploads\/2025\/09\/image-11-1024x392.png\" alt=\"\" class=\"wp-image-12754\" style=\"width:306px;height:auto\" srcset=\"https:\/\/maismagazine.pt\/wp-content\/uploads\/2025\/09\/image-11-1024x392.png 1024w, https:\/\/maismagazine.pt\/wp-content\/uploads\/2025\/09\/image-11-300x115.png 300w, https:\/\/maismagazine.pt\/wp-content\/uploads\/2025\/09\/image-11-768x294.png 768w, https:\/\/maismagazine.pt\/wp-content\/uploads\/2025\/09\/image-11-1536x588.png 1536w, https:\/\/maismagazine.pt\/wp-content\/uploads\/2025\/09\/image-11.png 1719w\" sizes=\"auto, (max-width: 1024px) 100vw, 1024px\" \/><\/figure><\/div>\n\n\n<p><\/p>\n","protected":false},"excerpt":{"rendered":"<p>O desejo de oferecer servi\u00e7os \u00f3ticos de excel\u00eancia \u00e0 comunidade, aliado \u00e0 paix\u00e3o pelo setor, foi o ponto de partida para uma jornada que j\u00e1 soma mais de 20 anos. Cid\u00e1lia Ferreira, CEO do Grupo EOL Vision Premium Opticalia, partilha com a Mais Magazine o percurso de crescimento e consolida\u00e7\u00e3o&hellip;<\/p>\n","protected":false},"author":17,"featured_media":12755,"comment_status":"closed","ping_status":"open","sticky":false,"template":"","format":"standard","meta":{"advgb_blocks_editor_width":"","advgb_blocks_columns_visual_guide":"","_monsterinsights_skip_tracking":false,"_monsterinsights_sitenote_active":false,"_monsterinsights_sitenote_note":"","_monsterinsights_sitenote_category":0,"footnotes":""},"categories":[161,313],"tags":[2454],"class_list":["post-12753","post","type-post","status-publish","format-standard","has-post-thumbnail","hentry","category-mundo-empresarial","category-saude","tag-grupo-eol-vision-premium-opticalia"],"yoast_head":"<!-- This site is optimized with the Yoast SEO plugin v24.4 - https:\/\/yoast.com\/wordpress\/plugins\/seo\/ -->\n<title>Mais de duas d\u00e9cadas de vis\u00e3o - Mais Magazine<\/title>\n<meta name=\"description\" content=\"O desejo de oferecer servi\u00e7os \u00f3ticos de excel\u00eancia \u00e0 comunidade, aliado \u00e0 paix\u00e3o pelo setor, foi o ponto de partida para uma jornada que j\u00e1 soma mais de 20 anos. Cid\u00e1lia Ferreira, CEO do Grupo EOL Vision Premium Opticalia, partilha com a Mais Magazine o percurso de crescimento e consolida\u00e7\u00e3o da marca, a import\u00e2ncia de manter um relacionamento pr\u00f3ximo com o cliente e os projetos que visam o futuro.\" \/>\n<meta name=\"robots\" content=\"index, follow, max-snippet:-1, max-image-preview:large, max-video-preview:-1\" \/>\n<link rel=\"canonical\" href=\"https:\/\/maismagazine.pt\/index.php\/2025\/09\/26\/mais-de-duas-decadas-de-visao\/\" \/>\n<meta property=\"og:locale\" content=\"pt_PT\" \/>\n<meta property=\"og:type\" content=\"article\" \/>\n<meta property=\"og:title\" content=\"Mais de duas d\u00e9cadas de vis\u00e3o - Mais Magazine\" \/>\n<meta property=\"og:description\" content=\"O desejo de oferecer servi\u00e7os \u00f3ticos de excel\u00eancia \u00e0 comunidade, aliado \u00e0 paix\u00e3o pelo setor, foi o ponto de partida para uma jornada que j\u00e1 soma mais de 20 anos. Cid\u00e1lia Ferreira, CEO do Grupo EOL Vision Premium Opticalia, partilha com a Mais Magazine o percurso de crescimento e consolida\u00e7\u00e3o da marca, a import\u00e2ncia de manter um relacionamento pr\u00f3ximo com o cliente e os projetos que visam o futuro.\" \/>\n<meta property=\"og:url\" content=\"https:\/\/maismagazine.pt\/index.php\/2025\/09\/26\/mais-de-duas-decadas-de-visao\/\" \/>\n<meta property=\"og:site_name\" content=\"Mais Magazine\" \/>\n<meta property=\"article:published_time\" content=\"2025-09-26T06:00:00+00:00\" \/>\n<meta property=\"og:image\" content=\"https:\/\/maismagazine.pt\/wp-content\/uploads\/2025\/09\/WhatsApp-Image-2025-04-20-at-00.04.40_3017f237.jpg\" \/>\n\t<meta property=\"og:image:width\" content=\"342\" \/>\n\t<meta property=\"og:image:height\" content=\"548\" \/>\n\t<meta property=\"og:image:type\" content=\"image\/jpeg\" \/>\n<meta name=\"author\" content=\"Tiago Costa\" \/>\n<meta name=\"twitter:card\" content=\"summary_large_image\" \/>\n<meta name=\"twitter:label1\" content=\"Escrito por\" \/>\n\t<meta name=\"twitter:data1\" content=\"\" \/>\n\t<meta name=\"twitter:label2\" content=\"Tempo estimado de leitura\" \/>\n\t<meta name=\"twitter:data2\" content=\"3 minutos\" \/>\n<script type=\"application\/ld+json\" class=\"yoast-schema-graph\">{\"@context\":\"https:\/\/schema.org\",\"@graph\":[{\"@type\":\"Article\",\"@id\":\"https:\/\/maismagazine.pt\/index.php\/2025\/09\/26\/mais-de-duas-decadas-de-visao\/#article\",\"isPartOf\":{\"@id\":\"https:\/\/maismagazine.pt\/index.php\/2025\/09\/26\/mais-de-duas-decadas-de-visao\/\"},\"author\":{\"name\":\"Tiago Costa\",\"@id\":\"https:\/\/maismagazine.pt\/#\/schema\/person\/c6c5bfccc886434cbd11c74e035f9646\"},\"headline\":\"Mais de duas d\u00e9cadas de vis\u00e3o\",\"datePublished\":\"2025-09-26T06:00:00+00:00\",\"mainEntityOfPage\":{\"@id\":\"https:\/\/maismagazine.pt\/index.php\/2025\/09\/26\/mais-de-duas-decadas-de-visao\/\"},\"wordCount\":524,\"publisher\":{\"@id\":\"https:\/\/maismagazine.pt\/#organization\"},\"image\":{\"@id\":\"https:\/\/maismagazine.pt\/index.php\/2025\/09\/26\/mais-de-duas-decadas-de-visao\/#primaryimage\"},\"thumbnailUrl\":\"https:\/\/maismagazine.pt\/wp-content\/uploads\/2025\/09\/WhatsApp-Image-2025-04-20-at-00.04.40_3017f237.jpg\",\"keywords\":[\"Grupo EOL Vision Premium Opticalia\"],\"articleSection\":[\"Mundo Empresarial\",\"Sa\u00fade\"],\"inLanguage\":\"pt-PT\"},{\"@type\":\"WebPage\",\"@id\":\"https:\/\/maismagazine.pt\/index.php\/2025\/09\/26\/mais-de-duas-decadas-de-visao\/\",\"url\":\"https:\/\/maismagazine.pt\/index.php\/2025\/09\/26\/mais-de-duas-decadas-de-visao\/\",\"name\":\"Mais de duas d\u00e9cadas de vis\u00e3o - Mais Magazine\",\"isPartOf\":{\"@id\":\"https:\/\/maismagazine.pt\/#website\"},\"primaryImageOfPage\":{\"@id\":\"https:\/\/maismagazine.pt\/index.php\/2025\/09\/26\/mais-de-duas-decadas-de-visao\/#primaryimage\"},\"image\":{\"@id\":\"https:\/\/maismagazine.pt\/index.php\/2025\/09\/26\/mais-de-duas-decadas-de-visao\/#primaryimage\"},\"thumbnailUrl\":\"https:\/\/maismagazine.pt\/wp-content\/uploads\/2025\/09\/WhatsApp-Image-2025-04-20-at-00.04.40_3017f237.jpg\",\"datePublished\":\"2025-09-26T06:00:00+00:00\",\"description\":\"O desejo de oferecer servi\u00e7os \u00f3ticos de excel\u00eancia \u00e0 comunidade, aliado \u00e0 paix\u00e3o pelo setor, foi o ponto de partida para uma jornada que j\u00e1 soma mais de 20 anos. Cid\u00e1lia Ferreira, CEO do Grupo EOL Vision Premium Opticalia, partilha com a Mais Magazine o percurso de crescimento e consolida\u00e7\u00e3o da marca, a import\u00e2ncia de manter um relacionamento pr\u00f3ximo com o cliente e os projetos que visam o futuro.\",\"breadcrumb\":{\"@id\":\"https:\/\/maismagazine.pt\/index.php\/2025\/09\/26\/mais-de-duas-decadas-de-visao\/#breadcrumb\"},\"inLanguage\":\"pt-PT\",\"potentialAction\":[{\"@type\":\"ReadAction\",\"target\":[\"https:\/\/maismagazine.pt\/index.php\/2025\/09\/26\/mais-de-duas-decadas-de-visao\/\"]}]},{\"@type\":\"ImageObject\",\"inLanguage\":\"pt-PT\",\"@id\":\"https:\/\/maismagazine.pt\/index.php\/2025\/09\/26\/mais-de-duas-decadas-de-visao\/#primaryimage\",\"url\":\"https:\/\/maismagazine.pt\/wp-content\/uploads\/2025\/09\/WhatsApp-Image-2025-04-20-at-00.04.40_3017f237.jpg\",\"contentUrl\":\"https:\/\/maismagazine.pt\/wp-content\/uploads\/2025\/09\/WhatsApp-Image-2025-04-20-at-00.04.40_3017f237.jpg\",\"width\":342,\"height\":548},{\"@type\":\"BreadcrumbList\",\"@id\":\"https:\/\/maismagazine.pt\/index.php\/2025\/09\/26\/mais-de-duas-decadas-de-visao\/#breadcrumb\",\"itemListElement\":[{\"@type\":\"ListItem\",\"position\":1,\"name\":\"Home\",\"item\":\"https:\/\/maismagazine.pt\/\"},{\"@type\":\"ListItem\",\"position\":2,\"name\":\"Mais de duas d\u00e9cadas de vis\u00e3o\"}]},{\"@type\":\"WebSite\",\"@id\":\"https:\/\/maismagazine.pt\/#website\",\"url\":\"https:\/\/maismagazine.pt\/\",\"name\":\"Mais Magazine\",\"description\":\"\",\"publisher\":{\"@id\":\"https:\/\/maismagazine.pt\/#organization\"},\"potentialAction\":[{\"@type\":\"SearchAction\",\"target\":{\"@type\":\"EntryPoint\",\"urlTemplate\":\"https:\/\/maismagazine.pt\/?s={search_term_string}\"},\"query-input\":{\"@type\":\"PropertyValueSpecification\",\"valueRequired\":true,\"valueName\":\"search_term_string\"}}],\"inLanguage\":\"pt-PT\"},{\"@type\":\"Organization\",\"@id\":\"https:\/\/maismagazine.pt\/#organization\",\"name\":\"Mais Magazine\",\"url\":\"https:\/\/maismagazine.pt\/\",\"logo\":{\"@type\":\"ImageObject\",\"inLanguage\":\"pt-PT\",\"@id\":\"https:\/\/maismagazine.pt\/#\/schema\/logo\/image\/\",\"url\":\"https:\/\/maismagazine.pt\/wp-content\/uploads\/2020\/04\/cropped-cropped-mais-magazine-site-logo-2.png\",\"contentUrl\":\"https:\/\/maismagazine.pt\/wp-content\/uploads\/2020\/04\/cropped-cropped-mais-magazine-site-logo-2.png\",\"width\":581,\"height\":90,\"caption\":\"Mais Magazine\"},\"image\":{\"@id\":\"https:\/\/maismagazine.pt\/#\/schema\/logo\/image\/\"}},{\"@type\":\"Person\",\"@id\":\"https:\/\/maismagazine.pt\/#\/schema\/person\/c6c5bfccc886434cbd11c74e035f9646\",\"name\":\"Tiago Costa\",\"image\":{\"@type\":\"ImageObject\",\"inLanguage\":\"pt-PT\",\"@id\":\"https:\/\/maismagazine.pt\/#\/schema\/person\/image\/\",\"url\":\"https:\/\/secure.gravatar.com\/avatar\/c599b2bce16c9870429198cbad5ee022?s=96&d=mm&r=g\",\"contentUrl\":\"https:\/\/secure.gravatar.com\/avatar\/c599b2bce16c9870429198cbad5ee022?s=96&d=mm&r=g\",\"caption\":\"Tiago Costa\"},\"url\":\"https:\/\/maismagazine.pt\/index.php\/author\/tiago\/\"}]}<\/script>\n<!-- \/ Yoast SEO plugin. -->","yoast_head_json":{"title":"Mais de duas d\u00e9cadas de vis\u00e3o - Mais Magazine","description":"O desejo de oferecer servi\u00e7os \u00f3ticos de excel\u00eancia \u00e0 comunidade, aliado \u00e0 paix\u00e3o pelo setor, foi o ponto de partida para uma jornada que j\u00e1 soma mais de 20 anos. Cid\u00e1lia Ferreira, CEO do Grupo EOL Vision Premium Opticalia, partilha com a Mais Magazine o percurso de crescimento e consolida\u00e7\u00e3o da marca, a import\u00e2ncia de manter um relacionamento pr\u00f3ximo com o cliente e os projetos que visam o futuro.","robots":{"index":"index","follow":"follow","max-snippet":"max-snippet:-1","max-image-preview":"max-image-preview:large","max-video-preview":"max-video-preview:-1"},"canonical":"https:\/\/maismagazine.pt\/index.php\/2025\/09\/26\/mais-de-duas-decadas-de-visao\/","og_locale":"pt_PT","og_type":"article","og_title":"Mais de duas d\u00e9cadas de vis\u00e3o - Mais Magazine","og_description":"O desejo de oferecer servi\u00e7os \u00f3ticos de excel\u00eancia \u00e0 comunidade, aliado \u00e0 paix\u00e3o pelo setor, foi o ponto de partida para uma jornada que j\u00e1 soma mais de 20 anos. Cid\u00e1lia Ferreira, CEO do Grupo EOL Vision Premium Opticalia, partilha com a Mais Magazine o percurso de crescimento e consolida\u00e7\u00e3o da marca, a import\u00e2ncia de manter um relacionamento pr\u00f3ximo com o cliente e os projetos que visam o futuro.","og_url":"https:\/\/maismagazine.pt\/index.php\/2025\/09\/26\/mais-de-duas-decadas-de-visao\/","og_site_name":"Mais Magazine","article_published_time":"2025-09-26T06:00:00+00:00","og_image":[{"width":342,"height":548,"url":"https:\/\/maismagazine.pt\/wp-content\/uploads\/2025\/09\/WhatsApp-Image-2025-04-20-at-00.04.40_3017f237.jpg","type":"image\/jpeg"}],"author":"Tiago Costa","twitter_card":"summary_large_image","twitter_misc":{"Escrito por":false,"Tempo estimado de leitura":"3 minutos"},"schema":{"@context":"https:\/\/schema.org","@graph":[{"@type":"Article","@id":"https:\/\/maismagazine.pt\/index.php\/2025\/09\/26\/mais-de-duas-decadas-de-visao\/#article","isPartOf":{"@id":"https:\/\/maismagazine.pt\/index.php\/2025\/09\/26\/mais-de-duas-decadas-de-visao\/"},"author":{"name":"Tiago Costa","@id":"https:\/\/maismagazine.pt\/#\/schema\/person\/c6c5bfccc886434cbd11c74e035f9646"},"headline":"Mais de duas d\u00e9cadas de vis\u00e3o","datePublished":"2025-09-26T06:00:00+00:00","mainEntityOfPage":{"@id":"https:\/\/maismagazine.pt\/index.php\/2025\/09\/26\/mais-de-duas-decadas-de-visao\/"},"wordCount":524,"publisher":{"@id":"https:\/\/maismagazine.pt\/#organization"},"image":{"@id":"https:\/\/maismagazine.pt\/index.php\/2025\/09\/26\/mais-de-duas-decadas-de-visao\/#primaryimage"},"thumbnailUrl":"https:\/\/maismagazine.pt\/wp-content\/uploads\/2025\/09\/WhatsApp-Image-2025-04-20-at-00.04.40_3017f237.jpg","keywords":["Grupo EOL Vision Premium Opticalia"],"articleSection":["Mundo Empresarial","Sa\u00fade"],"inLanguage":"pt-PT"},{"@type":"WebPage","@id":"https:\/\/maismagazine.pt\/index.php\/2025\/09\/26\/mais-de-duas-decadas-de-visao\/","url":"https:\/\/maismagazine.pt\/index.php\/2025\/09\/26\/mais-de-duas-decadas-de-visao\/","name":"Mais de duas d\u00e9cadas de vis\u00e3o - Mais Magazine","isPartOf":{"@id":"https:\/\/maismagazine.pt\/#website"},"primaryImageOfPage":{"@id":"https:\/\/maismagazine.pt\/index.php\/2025\/09\/26\/mais-de-duas-decadas-de-visao\/#primaryimage"},"image":{"@id":"https:\/\/maismagazine.pt\/index.php\/2025\/09\/26\/mais-de-duas-decadas-de-visao\/#primaryimage"},"thumbnailUrl":"https:\/\/maismagazine.pt\/wp-content\/uploads\/2025\/09\/WhatsApp-Image-2025-04-20-at-00.04.40_3017f237.jpg","datePublished":"2025-09-26T06:00:00+00:00","description":"O desejo de oferecer servi\u00e7os \u00f3ticos de excel\u00eancia \u00e0 comunidade, aliado \u00e0 paix\u00e3o pelo setor, foi o ponto de partida para uma jornada que j\u00e1 soma mais de 20 anos. Cid\u00e1lia Ferreira, CEO do Grupo EOL Vision Premium Opticalia, partilha com a Mais Magazine o percurso de crescimento e consolida\u00e7\u00e3o da marca, a import\u00e2ncia de manter um relacionamento pr\u00f3ximo com o cliente e os projetos que visam o futuro.","breadcrumb":{"@id":"https:\/\/maismagazine.pt\/index.php\/2025\/09\/26\/mais-de-duas-decadas-de-visao\/#breadcrumb"},"inLanguage":"pt-PT","potentialAction":[{"@type":"ReadAction","target":["https:\/\/maismagazine.pt\/index.php\/2025\/09\/26\/mais-de-duas-decadas-de-visao\/"]}]},{"@type":"ImageObject","inLanguage":"pt-PT","@id":"https:\/\/maismagazine.pt\/index.php\/2025\/09\/26\/mais-de-duas-decadas-de-visao\/#primaryimage","url":"https:\/\/maismagazine.pt\/wp-content\/uploads\/2025\/09\/WhatsApp-Image-2025-04-20-at-00.04.40_3017f237.jpg","contentUrl":"https:\/\/maismagazine.pt\/wp-content\/uploads\/2025\/09\/WhatsApp-Image-2025-04-20-at-00.04.40_3017f237.jpg","width":342,"height":548},{"@type":"BreadcrumbList","@id":"https:\/\/maismagazine.pt\/index.php\/2025\/09\/26\/mais-de-duas-decadas-de-visao\/#breadcrumb","itemListElement":[{"@type":"ListItem","position":1,"name":"Home","item":"https:\/\/maismagazine.pt\/"},{"@type":"ListItem","position":2,"name":"Mais de duas d\u00e9cadas de vis\u00e3o"}]},{"@type":"WebSite","@id":"https:\/\/maismagazine.pt\/#website","url":"https:\/\/maismagazine.pt\/","name":"Mais Magazine","description":"","publisher":{"@id":"https:\/\/maismagazine.pt\/#organization"},"potentialAction":[{"@type":"SearchAction","target":{"@type":"EntryPoint","urlTemplate":"https:\/\/maismagazine.pt\/?s={search_term_string}"},"query-input":{"@type":"PropertyValueSpecification","valueRequired":true,"valueName":"search_term_string"}}],"inLanguage":"pt-PT"},{"@type":"Organization","@id":"https:\/\/maismagazine.pt\/#organization","name":"Mais Magazine","url":"https:\/\/maismagazine.pt\/","logo":{"@type":"ImageObject","inLanguage":"pt-PT","@id":"https:\/\/maismagazine.pt\/#\/schema\/logo\/image\/","url":"https:\/\/maismagazine.pt\/wp-content\/uploads\/2020\/04\/cropped-cropped-mais-magazine-site-logo-2.png","contentUrl":"https:\/\/maismagazine.pt\/wp-content\/uploads\/2020\/04\/cropped-cropped-mais-magazine-site-logo-2.png","width":581,"height":90,"caption":"Mais Magazine"},"image":{"@id":"https:\/\/maismagazine.pt\/#\/schema\/logo\/image\/"}},{"@type":"Person","@id":"https:\/\/maismagazine.pt\/#\/schema\/person\/c6c5bfccc886434cbd11c74e035f9646","name":"Tiago Costa","image":{"@type":"ImageObject","inLanguage":"pt-PT","@id":"https:\/\/maismagazine.pt\/#\/schema\/person\/image\/","url":"https:\/\/secure.gravatar.com\/avatar\/c599b2bce16c9870429198cbad5ee022?s=96&d=mm&r=g","contentUrl":"https:\/\/secure.gravatar.com\/avatar\/c599b2bce16c9870429198cbad5ee022?s=96&d=mm&r=g","caption":"Tiago Costa"},"url":"https:\/\/maismagazine.pt\/index.php\/author\/tiago\/"}]}},"author_meta":{"display_name":false,"author_link":"https:\/\/maismagazine.pt\/index.php\/author\/tiago\/"},"featured_img":"https:\/\/maismagazine.pt\/wp-content\/uploads\/2025\/09\/WhatsApp-Image-2025-04-20-at-00.04.40_3017f237-187x300.jpg","coauthors":[],"tax_additional":{"categories":{"linked":["<a href=\"https:\/\/maismagazine.pt\/index.php\/category\/mundo-empresarial\/\" class=\"advgb-post-tax-term\">Mundo Empresarial<\/a>","<a href=\"https:\/\/maismagazine.pt\/index.php\/category\/mundo-empresarial\/saude\/\" class=\"advgb-post-tax-term\">Sa\u00fade<\/a>"],"unlinked":["<span class=\"advgb-post-tax-term\">Mundo Empresarial<\/span>","<span class=\"advgb-post-tax-term\">Sa\u00fade<\/span>"]},"tags":{"linked":["<a href=\"https:\/\/maismagazine.pt\/index.php\/category\/mundo-empresarial\/saude\/\" class=\"advgb-post-tax-term\">Grupo EOL Vision Premium Opticalia<\/a>"],"unlinked":["<span class=\"advgb-post-tax-term\">Grupo EOL Vision Premium Opticalia<\/span>"]}},"comment_count":"0","relative_dates":{"created":"Posted 7 meses ago","modified":"Updated 7 meses ago"},"absolute_dates":{"created":"Posted on 26 de Setembro, 2025","modified":"Updated on 25 de Setembro, 2025"},"absolute_dates_time":{"created":"Posted on 26 de Setembro, 2025 7:00","modified":"Updated on 25 de Setembro, 2025 10:22"},"featured_img_caption":"","series_order":"","_links":{"self":[{"href":"https:\/\/maismagazine.pt\/index.php\/wp-json\/wp\/v2\/posts\/12753","targetHints":{"allow":["GET"]}}],"collection":[{"href":"https:\/\/maismagazine.pt\/index.php\/wp-json\/wp\/v2\/posts"}],"about":[{"href":"https:\/\/maismagazine.pt\/index.php\/wp-json\/wp\/v2\/types\/post"}],"author":[{"embeddable":true,"href":"https:\/\/maismagazine.pt\/index.php\/wp-json\/wp\/v2\/users\/17"}],"replies":[{"embeddable":true,"href":"https:\/\/maismagazine.pt\/index.php\/wp-json\/wp\/v2\/comments?post=12753"}],"version-history":[{"count":2,"href":"https:\/\/maismagazine.pt\/index.php\/wp-json\/wp\/v2\/posts\/12753\/revisions"}],"predecessor-version":[{"id":12757,"href":"https:\/\/maismagazine.pt\/index.php\/wp-json\/wp\/v2\/posts\/12753\/revisions\/12757"}],"wp:featuredmedia":[{"embeddable":true,"href":"https:\/\/maismagazine.pt\/index.php\/wp-json\/wp\/v2\/media\/12755"}],"wp:attachment":[{"href":"https:\/\/maismagazine.pt\/index.php\/wp-json\/wp\/v2\/media?parent=12753"}],"wp:term":[{"taxonomy":"category","embeddable":true,"href":"https:\/\/maismagazine.pt\/index.php\/wp-json\/wp\/v2\/categories?post=12753"},{"taxonomy":"post_tag","embeddable":true,"href":"https:\/\/maismagazine.pt\/index.php\/wp-json\/wp\/v2\/tags?post=12753"}],"curies":[{"name":"wp","href":"https:\/\/api.w.org\/{rel}","templated":true}]}}