{"id":12700,"date":"2025-09-26T07:00:00","date_gmt":"2025-09-26T06:00:00","guid":{"rendered":"https:\/\/maismagazine.pt\/?p=12700"},"modified":"2025-09-23T12:25:13","modified_gmt":"2025-09-23T11:25:13","slug":"a-importancia-da-fisioterapia-nos-cuidados-paliativos-desafios-formacao-e-futuro","status":"publish","type":"post","link":"https:\/\/maismagazine.pt\/index.php\/2025\/09\/26\/a-importancia-da-fisioterapia-nos-cuidados-paliativos-desafios-formacao-e-futuro\/","title":{"rendered":"A import\u00e2ncia da Fisioterapia nos cuidados paliativos: desafios, forma\u00e7\u00e3o e futuro"},"content":{"rendered":"\n<p><strong>A Mais Magazine teve o prazer de conversar com o Baston\u00e1rio da <a href=\"http:\/\/www.ordemdosfisioterapeutas.pt\">Ordem dos Fisioterapeutas<\/a>, Ant\u00f3nio Lopes, que destacou a relev\u00e2ncia da fisioterapia no acompanhamento de doentes em cuidados paliativos. Ao longo da entrevista, abordou a miss\u00e3o da Ordem, a import\u00e2ncia da integra\u00e7\u00e3o dos fisioterapeutas nestas equipas multidisciplinares, os principais desafios da pr\u00e1tica, a necessidade de forma\u00e7\u00e3o especializada e as perspetivas futuras para garantir que nenhum doente fique privado deste contributo essencial. <\/strong><\/p>\n\n\n\n<p><\/p>\n\n\n\n<p><strong>Qual a miss\u00e3o da Ordem dos Fisioterapeutas?  <\/strong><\/p>\n\n\n\n<p>A Ordem dos Fisioterapeutas \u00e9 a entidade reguladora da profiss\u00e3o, criada para garantir a defesa dos cidad\u00e3os. Tem como miss\u00e3o assegurar a qualidade do exerc\u00edcio profissional, regulando o acesso e promovendo o desenvolvimento cient\u00edfico, social e \u00e9tico da Fisioterapia. <\/p>\n\n\n\n<p><\/p>\n\n\n\n<p><strong>Como a Ordem dos Fisioterapeutas define e compreende os cuidados paliativos no contexto da fisioterapia? Como a fisioterapia pode ser uma ferramenta de ajuda importante para estes doentes? <\/strong><\/p>\n\n\n\n<p>Os Cuidados Paliativos requerem uma abordagem que privilegie o trabalho em equipa, o dom\u00ednio do controlo de sintomas, a comunica\u00e7\u00e3o eficaz e o apoio \u00e0 fam\u00edlia. O Fisioterapeuta, integrado numa equipa interdisciplinar, projeta o seu trabalho com vista \u00e0 maximiza\u00e7\u00e3o da qualidade de vida destes doentes e \u00e0 diminui\u00e7\u00e3o dos v\u00e1rios dom\u00ednios do sofrimento (f\u00edsico, psicol\u00f3gico, espiritual e social). Assim, compreender o processo de cuidados ao doente e fam\u00edlia, tanto no contexto comunit\u00e1rio como de internamento, torna-se fundamental. A Fisioterapia \u00e9 uma ferramenta essencial na promo\u00e7\u00e3o da independ\u00eancia funcional, da autonomia e do conforto do doente em cuidados paliativos. Integrado na equipa interdisciplinar, o Fisioterapeuta desenvolve planos individualizados de interven\u00e7\u00f5es para al\u00edvio da dor, gest\u00e3o da fadiga, controlo da ansiedade e depress\u00e3o, preven\u00e7\u00e3o de complica\u00e7\u00f5es do acamamento e\/ou imobiliza\u00e7\u00e3o. O Fisioterapeuta apoia ainda o doente\/fam\u00edlia a desenvolver estrat\u00e9gias de controlo sintom\u00e1tico e incentiva \u00e0 valoriza\u00e7\u00e3o precoce desses sinais e sintomas, ajudando na sua gest\u00e3o, ao longo de toda a trajet\u00f3ria da doen\u00e7a ou decl\u00ednio da condi\u00e7\u00e3o de sa\u00fade. <\/p>\n\n\n\n<p><\/p>\n\n\n\n<p><strong>Existem orienta\u00e7\u00f5es da Ordem quanto \u00e0 forma\u00e7\u00e3o em cuidados paliativos para fisioterapeutas?  <\/strong><\/p>\n\n\n\n<p>N\u00e3o existem ainda orienta\u00e7\u00f5es espec\u00edficas da Ordem. Contudo, existe um grupo de trabalho tem\u00e1tico que integra esta \u00e1rea e que assegura a integra\u00e7\u00e3o da Ordem num subgrupo internacional da World Physiotherapy \u2013 o International Physical Therapists for HIV\/AIDS, Oncology, Hospice and Palliative Care, acompanhando as tend\u00eancias e evolu\u00e7\u00e3o no plano internacional. Paralelamente, muitos fisioterapeutas colaboram e frequentam cursos de forma\u00e7\u00e3o avan\u00e7ada em cuidados paliativos em Portugal, tendo produzido estudos e publicado teses que d\u00e3o suporte \u00e0 evid\u00eancia cient\u00edfica dos resultados da interven\u00e7\u00e3o dos Fisioterapeutas nesta \u00e1rea. <\/p>\n\n\n\n<p><\/p>\n\n\n\n<p><strong>Promovem cursos, forma\u00e7\u00f5es ou eventos relacionados \u00e0 tem\u00e1tica dos cuidados paliativos?  <\/strong><\/p>\n\n\n\n<p>A Ordem dos Fisioterapeutas est\u00e1 a desenvolver um sistema de avalia\u00e7\u00e3o e acredita\u00e7\u00e3o da forma\u00e7\u00e3o p\u00f3s-b\u00e1sica, que permitir\u00e1 aferir a forma\u00e7\u00e3o diferenciada em \u00e1reas espec\u00edficas, como os cuidados paliativos. Este processo garantir\u00e1 que os cidad\u00e3os sejam acompanhados por Fisioterapeutas devidamente qualificados, refor\u00e7ando ainda mais a qualidade e a confian\u00e7a nos cuidados prestados. <\/p>\n\n\n\n<p><\/p>\n\n\n\n<p><strong>Quais s\u00e3o os principais desafios enfrentados pelos fisioterapeutas na pr\u00e1tica dos cuidados paliativos? <\/strong><\/p>\n\n\n\n<p>O principal desafio est\u00e1 logo a montante da pr\u00f3pria interven\u00e7\u00e3o: a falta de acesso e de integra\u00e7\u00e3o efetiva de Fisioterapeutas nas equipas de cuidados paliativos. De acordo com o Relat\u00f3rio de Outono de 2023, realizado pelo Observat\u00f3rio Portugu\u00eas dos Cuidados Paliativos, existem atualmente 14 Fisioterapeutas a colaborar nestas equipas. A maioria (11) dos fisioterapeutas est\u00e1 integrada nas Equipas Comunit\u00e1rias de Suporte em Cuidados Paliativos. Com base no relat\u00f3rio, n\u00e3o existe nenhum fisioterapeuta a exercer fun\u00e7\u00f5es exclusivamente em cuidados paliativos e, nas Unidades de Cuidados Paliativos, os que est\u00e3o alocados t\u00eam uma mediana de apenas 7 horas semanais. Apenas um profissional surge registado com uma aloca\u00e7\u00e3o semanal de 14 horas. O desafio primordial ser\u00e1, portanto, o de criar as oportunidades para que os Fisioterapeutas possam cumprir o seu papel e dar um contributo efetivo \u00e0s equipas de cuidados paliativos. No plano da interven\u00e7\u00e3o, a comunica\u00e7\u00e3o \u00e9 tamb\u00e9m um desafio. Em cuidados paliativos, comunicar \u00e9 parte integrante do processo terap\u00eautico: exige uma abordagem emp\u00e1tica e hol\u00edstica ao doente e \u00e0 fam\u00edlia. O aporte pessoal e relacional que os pacientes acrescentam permite ao Fisioterapeuta definir objetivos personalizados, alinhados com as prioridades de cada pessoa, de modo a otimizar a qualidade de vida e viver plenamente at\u00e9 ao fim. Outro desafio prende-se com a forma\u00e7\u00e3o: a prepara\u00e7\u00e3o espec\u00edfica em cuidados paliativos ainda \u00e9 pouco desenvolvida na forma\u00e7\u00e3o inicial de Fisioterapeutas, exigindo uma aposta clara na base, al\u00e9m da forma\u00e7\u00e3o p\u00f3s-graduada e cont\u00ednua. Por fim, destaca-se a tomada de decis\u00e3o cl\u00ednica e \u00e9tica. Cabe a cada Fisioterapeuta assegurar que possui as compet\u00eancias necess\u00e1rias para lidar com dilemas \u00e9ticos que s\u00e3o inevit\u00e1veis nestes contextos. <\/p>\n\n\n\n<p><\/p>\n\n\n\n<p><strong>A Ordem tem planos futuros relacionados \u00e0 regulamenta\u00e7\u00e3o, apoio ou promo\u00e7\u00e3o dos cuidados paliativos na fisioterapia?<\/strong> <\/p>\n\n\n\n<p>Sim. Esta \u00e9 uma \u00e1rea de atua\u00e7\u00e3o dos Fisioterapeutas prevista no Estatuto da Ordem e temos vindo a desenvolver esfor\u00e7os junto do Governo e dos Conselhos de Administra\u00e7\u00e3o das Unidades Locais de Sa\u00fade para aumentar a acessibilidade aos cuidados prestados pelos Fisioterapeutas no Servi\u00e7o Nacional de Sa\u00fade, nomeadamente no seio das equipas de cuidados continuados. Paralelamente, trabalhamos com as Institui\u00e7\u00f5es de Ensino Superior no sentido de melhorar a forma\u00e7\u00e3o de base e p\u00f3s-graduada neste dom\u00ednio. No plano interno, a Ordem \u00e9 apoiada pela atividade do grupo de trabalho tem\u00e1tico j\u00e1 constitu\u00eddo, para acompanhar boas pr\u00e1ticas e refor\u00e7ar a integra\u00e7\u00e3o da Fisioterapia nos cuidados paliativos. O futuro passa por garantir que nenhum doente em cuidados paliativos fique privado do contributo da Fisioterapia. <\/p>\n\n\n\n<p><\/p>\n\n\n<div class=\"wp-block-image\">\n<figure class=\"aligncenter size-large is-resized\"><img loading=\"lazy\" decoding=\"async\" width=\"1024\" height=\"683\" src=\"https:\/\/maismagazine.pt\/wp-content\/uploads\/2025\/09\/logo-grande-1024x683.png\" alt=\"\" class=\"wp-image-12701\" style=\"width:426px;height:auto\" srcset=\"https:\/\/maismagazine.pt\/wp-content\/uploads\/2025\/09\/logo-grande-1024x683.png 1024w, https:\/\/maismagazine.pt\/wp-content\/uploads\/2025\/09\/logo-grande-300x200.png 300w, https:\/\/maismagazine.pt\/wp-content\/uploads\/2025\/09\/logo-grande-768x512.png 768w, https:\/\/maismagazine.pt\/wp-content\/uploads\/2025\/09\/logo-grande-150x100.png 150w, https:\/\/maismagazine.pt\/wp-content\/uploads\/2025\/09\/logo-grande.png 1500w\" sizes=\"auto, (max-width: 1024px) 100vw, 1024px\" \/><\/figure><\/div>\n\n\n<p><\/p>\n","protected":false},"excerpt":{"rendered":"<p>A Mais Magazine teve o prazer de conversar com o Baston\u00e1rio da Ordem dos Fisioterapeutas, Ant\u00f3nio Lopes, que destacou a relev\u00e2ncia da fisioterapia no acompanhamento de doentes em cuidados paliativos. Ao longo da entrevista, abordou a miss\u00e3o da Ordem, a import\u00e2ncia da integra\u00e7\u00e3o dos fisioterapeutas nestas equipas multidisciplinares, os principais&hellip;<\/p>\n","protected":false},"author":17,"featured_media":12702,"comment_status":"closed","ping_status":"open","sticky":false,"template":"","format":"standard","meta":{"advgb_blocks_editor_width":"","advgb_blocks_columns_visual_guide":"","_monsterinsights_skip_tracking":false,"_monsterinsights_sitenote_active":false,"_monsterinsights_sitenote_note":"","_monsterinsights_sitenote_category":0,"footnotes":""},"categories":[313],"tags":[1984],"class_list":["post-12700","post","type-post","status-publish","format-standard","has-post-thumbnail","hentry","category-saude","tag-ordem-dos-fisioterapeutas"],"yoast_head":"<!-- This site is optimized with the Yoast SEO plugin v24.4 - https:\/\/yoast.com\/wordpress\/plugins\/seo\/ -->\n<title>A import\u00e2ncia da Fisioterapia nos cuidados paliativos: desafios, forma\u00e7\u00e3o e futuro - Mais Magazine<\/title>\n<meta name=\"description\" content=\"A Mais Magazine teve o prazer de conversar com o Baston\u00e1rio da Ordem dos Fisioterapeutas, Ant\u00f3nio Lopes, que destacou a relev\u00e2ncia da fisioterapia no acompanhamento de doentes em cuidados paliativos. Ao longo da entrevista, abordou a miss\u00e3o da Ordem, a import\u00e2ncia da integra\u00e7\u00e3o dos fisioterapeutas nestas equipas multidisciplinares, os principais desafios da pr\u00e1tica, a necessidade de forma\u00e7\u00e3o especializada e as perspetivas futuras para garantir que nenhum doente fique privado deste contributo essencial.\" \/>\n<meta name=\"robots\" content=\"index, follow, max-snippet:-1, max-image-preview:large, max-video-preview:-1\" \/>\n<link rel=\"canonical\" href=\"http:\/\/maismagazine.pt\/index.php\/2025\/09\/26\/a-importancia-da-fisioterapia-nos-cuidados-paliativos-desafios-formacao-e-futuro\/\" \/>\n<meta property=\"og:locale\" content=\"pt_PT\" \/>\n<meta property=\"og:type\" content=\"article\" \/>\n<meta property=\"og:title\" content=\"A import\u00e2ncia da Fisioterapia nos cuidados paliativos: desafios, forma\u00e7\u00e3o e futuro - Mais Magazine\" \/>\n<meta property=\"og:description\" content=\"A Mais Magazine teve o prazer de conversar com o Baston\u00e1rio da Ordem dos Fisioterapeutas, Ant\u00f3nio Lopes, que destacou a relev\u00e2ncia da fisioterapia no acompanhamento de doentes em cuidados paliativos. Ao longo da entrevista, abordou a miss\u00e3o da Ordem, a import\u00e2ncia da integra\u00e7\u00e3o dos fisioterapeutas nestas equipas multidisciplinares, os principais desafios da pr\u00e1tica, a necessidade de forma\u00e7\u00e3o especializada e as perspetivas futuras para garantir que nenhum doente fique privado deste contributo essencial.\" \/>\n<meta property=\"og:url\" content=\"http:\/\/maismagazine.pt\/index.php\/2025\/09\/26\/a-importancia-da-fisioterapia-nos-cuidados-paliativos-desafios-formacao-e-futuro\/\" \/>\n<meta property=\"og:site_name\" content=\"Mais Magazine\" \/>\n<meta property=\"article:published_time\" content=\"2025-09-26T06:00:00+00:00\" \/>\n<meta property=\"og:image\" content=\"http:\/\/maismagazine.pt\/wp-content\/uploads\/2025\/09\/2_AntonioLopes.jpg\" \/>\n\t<meta property=\"og:image:width\" content=\"765\" \/>\n\t<meta property=\"og:image:height\" content=\"510\" \/>\n\t<meta property=\"og:image:type\" content=\"image\/jpeg\" \/>\n<meta name=\"author\" content=\"Tiago Costa\" \/>\n<meta name=\"twitter:card\" content=\"summary_large_image\" \/>\n<meta name=\"twitter:label1\" content=\"Escrito por\" \/>\n\t<meta name=\"twitter:data1\" content=\"\" \/>\n\t<meta name=\"twitter:label2\" content=\"Tempo estimado de leitura\" \/>\n\t<meta name=\"twitter:data2\" content=\"6 minutos\" \/>\n<script type=\"application\/ld+json\" class=\"yoast-schema-graph\">{\"@context\":\"https:\/\/schema.org\",\"@graph\":[{\"@type\":\"Article\",\"@id\":\"http:\/\/maismagazine.pt\/index.php\/2025\/09\/26\/a-importancia-da-fisioterapia-nos-cuidados-paliativos-desafios-formacao-e-futuro\/#article\",\"isPartOf\":{\"@id\":\"http:\/\/maismagazine.pt\/index.php\/2025\/09\/26\/a-importancia-da-fisioterapia-nos-cuidados-paliativos-desafios-formacao-e-futuro\/\"},\"author\":{\"name\":\"Tiago Costa\",\"@id\":\"https:\/\/maismagazine.pt\/#\/schema\/person\/c6c5bfccc886434cbd11c74e035f9646\"},\"headline\":\"A import\u00e2ncia da Fisioterapia nos cuidados paliativos: desafios, forma\u00e7\u00e3o e futuro\",\"datePublished\":\"2025-09-26T06:00:00+00:00\",\"mainEntityOfPage\":{\"@id\":\"http:\/\/maismagazine.pt\/index.php\/2025\/09\/26\/a-importancia-da-fisioterapia-nos-cuidados-paliativos-desafios-formacao-e-futuro\/\"},\"wordCount\":1011,\"publisher\":{\"@id\":\"https:\/\/maismagazine.pt\/#organization\"},\"image\":{\"@id\":\"http:\/\/maismagazine.pt\/index.php\/2025\/09\/26\/a-importancia-da-fisioterapia-nos-cuidados-paliativos-desafios-formacao-e-futuro\/#primaryimage\"},\"thumbnailUrl\":\"https:\/\/maismagazine.pt\/wp-content\/uploads\/2025\/09\/2_AntonioLopes.jpg\",\"keywords\":[\"Ordem dos fisioterapeutas\"],\"articleSection\":[\"Sa\u00fade\"],\"inLanguage\":\"pt-PT\"},{\"@type\":\"WebPage\",\"@id\":\"http:\/\/maismagazine.pt\/index.php\/2025\/09\/26\/a-importancia-da-fisioterapia-nos-cuidados-paliativos-desafios-formacao-e-futuro\/\",\"url\":\"http:\/\/maismagazine.pt\/index.php\/2025\/09\/26\/a-importancia-da-fisioterapia-nos-cuidados-paliativos-desafios-formacao-e-futuro\/\",\"name\":\"A import\u00e2ncia da Fisioterapia nos cuidados paliativos: desafios, forma\u00e7\u00e3o e futuro - Mais Magazine\",\"isPartOf\":{\"@id\":\"https:\/\/maismagazine.pt\/#website\"},\"primaryImageOfPage\":{\"@id\":\"http:\/\/maismagazine.pt\/index.php\/2025\/09\/26\/a-importancia-da-fisioterapia-nos-cuidados-paliativos-desafios-formacao-e-futuro\/#primaryimage\"},\"image\":{\"@id\":\"http:\/\/maismagazine.pt\/index.php\/2025\/09\/26\/a-importancia-da-fisioterapia-nos-cuidados-paliativos-desafios-formacao-e-futuro\/#primaryimage\"},\"thumbnailUrl\":\"https:\/\/maismagazine.pt\/wp-content\/uploads\/2025\/09\/2_AntonioLopes.jpg\",\"datePublished\":\"2025-09-26T06:00:00+00:00\",\"description\":\"A Mais Magazine teve o prazer de conversar com o Baston\u00e1rio da Ordem dos Fisioterapeutas, Ant\u00f3nio Lopes, que destacou a relev\u00e2ncia da fisioterapia no acompanhamento de doentes em cuidados paliativos. Ao longo da entrevista, abordou a miss\u00e3o da Ordem, a import\u00e2ncia da integra\u00e7\u00e3o dos fisioterapeutas nestas equipas multidisciplinares, os principais desafios da pr\u00e1tica, a necessidade de forma\u00e7\u00e3o especializada e as perspetivas futuras para garantir que nenhum doente fique privado deste contributo essencial.\",\"breadcrumb\":{\"@id\":\"http:\/\/maismagazine.pt\/index.php\/2025\/09\/26\/a-importancia-da-fisioterapia-nos-cuidados-paliativos-desafios-formacao-e-futuro\/#breadcrumb\"},\"inLanguage\":\"pt-PT\",\"potentialAction\":[{\"@type\":\"ReadAction\",\"target\":[\"http:\/\/maismagazine.pt\/index.php\/2025\/09\/26\/a-importancia-da-fisioterapia-nos-cuidados-paliativos-desafios-formacao-e-futuro\/\"]}]},{\"@type\":\"ImageObject\",\"inLanguage\":\"pt-PT\",\"@id\":\"http:\/\/maismagazine.pt\/index.php\/2025\/09\/26\/a-importancia-da-fisioterapia-nos-cuidados-paliativos-desafios-formacao-e-futuro\/#primaryimage\",\"url\":\"https:\/\/maismagazine.pt\/wp-content\/uploads\/2025\/09\/2_AntonioLopes.jpg\",\"contentUrl\":\"https:\/\/maismagazine.pt\/wp-content\/uploads\/2025\/09\/2_AntonioLopes.jpg\",\"width\":765,\"height\":510},{\"@type\":\"BreadcrumbList\",\"@id\":\"http:\/\/maismagazine.pt\/index.php\/2025\/09\/26\/a-importancia-da-fisioterapia-nos-cuidados-paliativos-desafios-formacao-e-futuro\/#breadcrumb\",\"itemListElement\":[{\"@type\":\"ListItem\",\"position\":1,\"name\":\"Home\",\"item\":\"https:\/\/maismagazine.pt\/\"},{\"@type\":\"ListItem\",\"position\":2,\"name\":\"A import\u00e2ncia da Fisioterapia nos cuidados paliativos: desafios, forma\u00e7\u00e3o e futuro\"}]},{\"@type\":\"WebSite\",\"@id\":\"https:\/\/maismagazine.pt\/#website\",\"url\":\"https:\/\/maismagazine.pt\/\",\"name\":\"Mais Magazine\",\"description\":\"\",\"publisher\":{\"@id\":\"https:\/\/maismagazine.pt\/#organization\"},\"potentialAction\":[{\"@type\":\"SearchAction\",\"target\":{\"@type\":\"EntryPoint\",\"urlTemplate\":\"https:\/\/maismagazine.pt\/?s={search_term_string}\"},\"query-input\":{\"@type\":\"PropertyValueSpecification\",\"valueRequired\":true,\"valueName\":\"search_term_string\"}}],\"inLanguage\":\"pt-PT\"},{\"@type\":\"Organization\",\"@id\":\"https:\/\/maismagazine.pt\/#organization\",\"name\":\"Mais Magazine\",\"url\":\"https:\/\/maismagazine.pt\/\",\"logo\":{\"@type\":\"ImageObject\",\"inLanguage\":\"pt-PT\",\"@id\":\"https:\/\/maismagazine.pt\/#\/schema\/logo\/image\/\",\"url\":\"https:\/\/maismagazine.pt\/wp-content\/uploads\/2020\/04\/cropped-cropped-mais-magazine-site-logo-2.png\",\"contentUrl\":\"https:\/\/maismagazine.pt\/wp-content\/uploads\/2020\/04\/cropped-cropped-mais-magazine-site-logo-2.png\",\"width\":581,\"height\":90,\"caption\":\"Mais Magazine\"},\"image\":{\"@id\":\"https:\/\/maismagazine.pt\/#\/schema\/logo\/image\/\"}},{\"@type\":\"Person\",\"@id\":\"https:\/\/maismagazine.pt\/#\/schema\/person\/c6c5bfccc886434cbd11c74e035f9646\",\"name\":\"Tiago Costa\",\"image\":{\"@type\":\"ImageObject\",\"inLanguage\":\"pt-PT\",\"@id\":\"https:\/\/maismagazine.pt\/#\/schema\/person\/image\/\",\"url\":\"https:\/\/secure.gravatar.com\/avatar\/c599b2bce16c9870429198cbad5ee022?s=96&d=mm&r=g\",\"contentUrl\":\"https:\/\/secure.gravatar.com\/avatar\/c599b2bce16c9870429198cbad5ee022?s=96&d=mm&r=g\",\"caption\":\"Tiago Costa\"},\"url\":\"https:\/\/maismagazine.pt\/index.php\/author\/tiago\/\"}]}<\/script>\n<!-- \/ Yoast SEO plugin. -->","yoast_head_json":{"title":"A import\u00e2ncia da Fisioterapia nos cuidados paliativos: desafios, forma\u00e7\u00e3o e futuro - Mais Magazine","description":"A Mais Magazine teve o prazer de conversar com o Baston\u00e1rio da Ordem dos Fisioterapeutas, Ant\u00f3nio Lopes, que destacou a relev\u00e2ncia da fisioterapia no acompanhamento de doentes em cuidados paliativos. Ao longo da entrevista, abordou a miss\u00e3o da Ordem, a import\u00e2ncia da integra\u00e7\u00e3o dos fisioterapeutas nestas equipas multidisciplinares, os principais desafios da pr\u00e1tica, a necessidade de forma\u00e7\u00e3o especializada e as perspetivas futuras para garantir que nenhum doente fique privado deste contributo essencial.","robots":{"index":"index","follow":"follow","max-snippet":"max-snippet:-1","max-image-preview":"max-image-preview:large","max-video-preview":"max-video-preview:-1"},"canonical":"http:\/\/maismagazine.pt\/index.php\/2025\/09\/26\/a-importancia-da-fisioterapia-nos-cuidados-paliativos-desafios-formacao-e-futuro\/","og_locale":"pt_PT","og_type":"article","og_title":"A import\u00e2ncia da Fisioterapia nos cuidados paliativos: desafios, forma\u00e7\u00e3o e futuro - Mais Magazine","og_description":"A Mais Magazine teve o prazer de conversar com o Baston\u00e1rio da Ordem dos Fisioterapeutas, Ant\u00f3nio Lopes, que destacou a relev\u00e2ncia da fisioterapia no acompanhamento de doentes em cuidados paliativos. Ao longo da entrevista, abordou a miss\u00e3o da Ordem, a import\u00e2ncia da integra\u00e7\u00e3o dos fisioterapeutas nestas equipas multidisciplinares, os principais desafios da pr\u00e1tica, a necessidade de forma\u00e7\u00e3o especializada e as perspetivas futuras para garantir que nenhum doente fique privado deste contributo essencial.","og_url":"http:\/\/maismagazine.pt\/index.php\/2025\/09\/26\/a-importancia-da-fisioterapia-nos-cuidados-paliativos-desafios-formacao-e-futuro\/","og_site_name":"Mais Magazine","article_published_time":"2025-09-26T06:00:00+00:00","og_image":[{"width":765,"height":510,"url":"http:\/\/maismagazine.pt\/wp-content\/uploads\/2025\/09\/2_AntonioLopes.jpg","type":"image\/jpeg"}],"author":"Tiago Costa","twitter_card":"summary_large_image","twitter_misc":{"Escrito por":false,"Tempo estimado de leitura":"6 minutos"},"schema":{"@context":"https:\/\/schema.org","@graph":[{"@type":"Article","@id":"http:\/\/maismagazine.pt\/index.php\/2025\/09\/26\/a-importancia-da-fisioterapia-nos-cuidados-paliativos-desafios-formacao-e-futuro\/#article","isPartOf":{"@id":"http:\/\/maismagazine.pt\/index.php\/2025\/09\/26\/a-importancia-da-fisioterapia-nos-cuidados-paliativos-desafios-formacao-e-futuro\/"},"author":{"name":"Tiago Costa","@id":"https:\/\/maismagazine.pt\/#\/schema\/person\/c6c5bfccc886434cbd11c74e035f9646"},"headline":"A import\u00e2ncia da Fisioterapia nos cuidados paliativos: desafios, forma\u00e7\u00e3o e futuro","datePublished":"2025-09-26T06:00:00+00:00","mainEntityOfPage":{"@id":"http:\/\/maismagazine.pt\/index.php\/2025\/09\/26\/a-importancia-da-fisioterapia-nos-cuidados-paliativos-desafios-formacao-e-futuro\/"},"wordCount":1011,"publisher":{"@id":"https:\/\/maismagazine.pt\/#organization"},"image":{"@id":"http:\/\/maismagazine.pt\/index.php\/2025\/09\/26\/a-importancia-da-fisioterapia-nos-cuidados-paliativos-desafios-formacao-e-futuro\/#primaryimage"},"thumbnailUrl":"https:\/\/maismagazine.pt\/wp-content\/uploads\/2025\/09\/2_AntonioLopes.jpg","keywords":["Ordem dos fisioterapeutas"],"articleSection":["Sa\u00fade"],"inLanguage":"pt-PT"},{"@type":"WebPage","@id":"http:\/\/maismagazine.pt\/index.php\/2025\/09\/26\/a-importancia-da-fisioterapia-nos-cuidados-paliativos-desafios-formacao-e-futuro\/","url":"http:\/\/maismagazine.pt\/index.php\/2025\/09\/26\/a-importancia-da-fisioterapia-nos-cuidados-paliativos-desafios-formacao-e-futuro\/","name":"A import\u00e2ncia da Fisioterapia nos cuidados paliativos: desafios, forma\u00e7\u00e3o e futuro - Mais Magazine","isPartOf":{"@id":"https:\/\/maismagazine.pt\/#website"},"primaryImageOfPage":{"@id":"http:\/\/maismagazine.pt\/index.php\/2025\/09\/26\/a-importancia-da-fisioterapia-nos-cuidados-paliativos-desafios-formacao-e-futuro\/#primaryimage"},"image":{"@id":"http:\/\/maismagazine.pt\/index.php\/2025\/09\/26\/a-importancia-da-fisioterapia-nos-cuidados-paliativos-desafios-formacao-e-futuro\/#primaryimage"},"thumbnailUrl":"https:\/\/maismagazine.pt\/wp-content\/uploads\/2025\/09\/2_AntonioLopes.jpg","datePublished":"2025-09-26T06:00:00+00:00","description":"A Mais Magazine teve o prazer de conversar com o Baston\u00e1rio da Ordem dos Fisioterapeutas, Ant\u00f3nio Lopes, que destacou a relev\u00e2ncia da fisioterapia no acompanhamento de doentes em cuidados paliativos. Ao longo da entrevista, abordou a miss\u00e3o da Ordem, a import\u00e2ncia da integra\u00e7\u00e3o dos fisioterapeutas nestas equipas multidisciplinares, os principais desafios da pr\u00e1tica, a necessidade de forma\u00e7\u00e3o especializada e as perspetivas futuras para garantir que nenhum doente fique privado deste contributo essencial.","breadcrumb":{"@id":"http:\/\/maismagazine.pt\/index.php\/2025\/09\/26\/a-importancia-da-fisioterapia-nos-cuidados-paliativos-desafios-formacao-e-futuro\/#breadcrumb"},"inLanguage":"pt-PT","potentialAction":[{"@type":"ReadAction","target":["http:\/\/maismagazine.pt\/index.php\/2025\/09\/26\/a-importancia-da-fisioterapia-nos-cuidados-paliativos-desafios-formacao-e-futuro\/"]}]},{"@type":"ImageObject","inLanguage":"pt-PT","@id":"http:\/\/maismagazine.pt\/index.php\/2025\/09\/26\/a-importancia-da-fisioterapia-nos-cuidados-paliativos-desafios-formacao-e-futuro\/#primaryimage","url":"https:\/\/maismagazine.pt\/wp-content\/uploads\/2025\/09\/2_AntonioLopes.jpg","contentUrl":"https:\/\/maismagazine.pt\/wp-content\/uploads\/2025\/09\/2_AntonioLopes.jpg","width":765,"height":510},{"@type":"BreadcrumbList","@id":"http:\/\/maismagazine.pt\/index.php\/2025\/09\/26\/a-importancia-da-fisioterapia-nos-cuidados-paliativos-desafios-formacao-e-futuro\/#breadcrumb","itemListElement":[{"@type":"ListItem","position":1,"name":"Home","item":"https:\/\/maismagazine.pt\/"},{"@type":"ListItem","position":2,"name":"A import\u00e2ncia da Fisioterapia nos cuidados paliativos: desafios, forma\u00e7\u00e3o e futuro"}]},{"@type":"WebSite","@id":"https:\/\/maismagazine.pt\/#website","url":"https:\/\/maismagazine.pt\/","name":"Mais Magazine","description":"","publisher":{"@id":"https:\/\/maismagazine.pt\/#organization"},"potentialAction":[{"@type":"SearchAction","target":{"@type":"EntryPoint","urlTemplate":"https:\/\/maismagazine.pt\/?s={search_term_string}"},"query-input":{"@type":"PropertyValueSpecification","valueRequired":true,"valueName":"search_term_string"}}],"inLanguage":"pt-PT"},{"@type":"Organization","@id":"https:\/\/maismagazine.pt\/#organization","name":"Mais Magazine","url":"https:\/\/maismagazine.pt\/","logo":{"@type":"ImageObject","inLanguage":"pt-PT","@id":"https:\/\/maismagazine.pt\/#\/schema\/logo\/image\/","url":"https:\/\/maismagazine.pt\/wp-content\/uploads\/2020\/04\/cropped-cropped-mais-magazine-site-logo-2.png","contentUrl":"https:\/\/maismagazine.pt\/wp-content\/uploads\/2020\/04\/cropped-cropped-mais-magazine-site-logo-2.png","width":581,"height":90,"caption":"Mais Magazine"},"image":{"@id":"https:\/\/maismagazine.pt\/#\/schema\/logo\/image\/"}},{"@type":"Person","@id":"https:\/\/maismagazine.pt\/#\/schema\/person\/c6c5bfccc886434cbd11c74e035f9646","name":"Tiago Costa","image":{"@type":"ImageObject","inLanguage":"pt-PT","@id":"https:\/\/maismagazine.pt\/#\/schema\/person\/image\/","url":"https:\/\/secure.gravatar.com\/avatar\/c599b2bce16c9870429198cbad5ee022?s=96&d=mm&r=g","contentUrl":"https:\/\/secure.gravatar.com\/avatar\/c599b2bce16c9870429198cbad5ee022?s=96&d=mm&r=g","caption":"Tiago Costa"},"url":"https:\/\/maismagazine.pt\/index.php\/author\/tiago\/"}]}},"author_meta":{"display_name":false,"author_link":"https:\/\/maismagazine.pt\/index.php\/author\/tiago\/"},"featured_img":"https:\/\/maismagazine.pt\/wp-content\/uploads\/2025\/09\/2_AntonioLopes-300x200.jpg","coauthors":[],"tax_additional":{"categories":{"linked":["<a href=\"https:\/\/maismagazine.pt\/index.php\/category\/mundo-empresarial\/saude\/\" class=\"advgb-post-tax-term\">Sa\u00fade<\/a>"],"unlinked":["<span class=\"advgb-post-tax-term\">Sa\u00fade<\/span>"]},"tags":{"linked":["<a href=\"https:\/\/maismagazine.pt\/index.php\/category\/mundo-empresarial\/saude\/\" class=\"advgb-post-tax-term\">Ordem dos fisioterapeutas<\/a>"],"unlinked":["<span class=\"advgb-post-tax-term\">Ordem dos fisioterapeutas<\/span>"]}},"comment_count":"0","relative_dates":{"created":"Posted 7 meses ago","modified":"Updated 7 meses ago"},"absolute_dates":{"created":"Posted on 26 de Setembro, 2025","modified":"Updated on 23 de Setembro, 2025"},"absolute_dates_time":{"created":"Posted on 26 de Setembro, 2025 7:00","modified":"Updated on 23 de Setembro, 2025 12:25"},"featured_img_caption":"","series_order":"","_links":{"self":[{"href":"https:\/\/maismagazine.pt\/index.php\/wp-json\/wp\/v2\/posts\/12700","targetHints":{"allow":["GET"]}}],"collection":[{"href":"https:\/\/maismagazine.pt\/index.php\/wp-json\/wp\/v2\/posts"}],"about":[{"href":"https:\/\/maismagazine.pt\/index.php\/wp-json\/wp\/v2\/types\/post"}],"author":[{"embeddable":true,"href":"https:\/\/maismagazine.pt\/index.php\/wp-json\/wp\/v2\/users\/17"}],"replies":[{"embeddable":true,"href":"https:\/\/maismagazine.pt\/index.php\/wp-json\/wp\/v2\/comments?post=12700"}],"version-history":[{"count":1,"href":"https:\/\/maismagazine.pt\/index.php\/wp-json\/wp\/v2\/posts\/12700\/revisions"}],"predecessor-version":[{"id":12703,"href":"https:\/\/maismagazine.pt\/index.php\/wp-json\/wp\/v2\/posts\/12700\/revisions\/12703"}],"wp:featuredmedia":[{"embeddable":true,"href":"https:\/\/maismagazine.pt\/index.php\/wp-json\/wp\/v2\/media\/12702"}],"wp:attachment":[{"href":"https:\/\/maismagazine.pt\/index.php\/wp-json\/wp\/v2\/media?parent=12700"}],"wp:term":[{"taxonomy":"category","embeddable":true,"href":"https:\/\/maismagazine.pt\/index.php\/wp-json\/wp\/v2\/categories?post=12700"},{"taxonomy":"post_tag","embeddable":true,"href":"https:\/\/maismagazine.pt\/index.php\/wp-json\/wp\/v2\/tags?post=12700"}],"curies":[{"name":"wp","href":"https:\/\/api.w.org\/{rel}","templated":true}]}}