{"id":12473,"date":"2025-08-01T07:00:00","date_gmt":"2025-08-01T06:00:00","guid":{"rendered":"https:\/\/maismagazine.pt\/?p=12473"},"modified":"2025-07-29T15:33:45","modified_gmt":"2025-07-29T14:33:45","slug":"espacos-com-alma-e-assinatura-o-design-intemporal-de-susana-camelo","status":"publish","type":"post","link":"https:\/\/maismagazine.pt\/index.php\/2025\/08\/01\/espacos-com-alma-e-assinatura-o-design-intemporal-de-susana-camelo\/","title":{"rendered":"Espa\u00e7os com alma e assinatura: O design intemporal de Susana Camelo"},"content":{"rendered":"\n<p><strong>&#8220;Com um ADN muito pr\u00f3prio, cada projeto \u00e9 feito \u00e0 medida de quem o vive &#8211; com emo\u00e7\u00e3o, identidade e fora dos padr\u00f5es que hoje se repetem&#8221;<\/strong><\/p>\n\n\n\n<p><\/p>\n\n\n\n<p><strong>Poderia contar-nos um pouco sobre o seu percurso profissional? Quando nasceu o seu interesse pelo design de interiores?<\/strong><\/p>\n\n\n\n<p>O meu percurso come\u00e7ou muito cedo. Desde pequena acompanhei os meus pais nos neg\u00f3cios da fam\u00edlia, na \u00e1rea da importa\u00e7\u00e3o de artigos de decora\u00e7\u00e3o do Oriente e da Europa. Cresci entre cer\u00e2micas, tecidos, cores e objetos. Fui absorvendo refer\u00eancias e formas de olhar os espa\u00e7os. <\/p>\n\n\n\n<p>Mais tarde estudei Engenharia Publicit\u00e1ria e Artes Gr\u00e1ficas, sempre ligada ao universo visual. A paix\u00e3o pelas artes, pelas pessoas e pelo detalhe levou-me naturalmente ao design de interiores, onde encontrei o equil\u00edbrio perfeito entre emo\u00e7\u00e3o, t\u00e9cnica e criatividade. <\/p>\n\n\n<div class=\"wp-block-image\">\n<figure class=\"alignleft size-full is-resized\"><img loading=\"lazy\" decoding=\"async\" width=\"750\" height=\"500\" src=\"https:\/\/maismagazine.pt\/wp-content\/uploads\/2025\/07\/CASA-DOS-MUSICOS-RC-4.png\" alt=\"\" class=\"wp-image-12484\" style=\"width:528px;height:auto\" srcset=\"https:\/\/maismagazine.pt\/wp-content\/uploads\/2025\/07\/CASA-DOS-MUSICOS-RC-4.png 750w, https:\/\/maismagazine.pt\/wp-content\/uploads\/2025\/07\/CASA-DOS-MUSICOS-RC-4-300x200.png 300w, https:\/\/maismagazine.pt\/wp-content\/uploads\/2025\/07\/CASA-DOS-MUSICOS-RC-4-150x100.png 150w\" sizes=\"auto, (max-width: 750px) 100vw, 750px\" \/><\/figure><\/div>\n\n\n<p><strong>Em que momento decidiu criar o seu pr\u00f3prio atelier e o que a motivou a dar esse passo?<\/strong><\/p>\n\n\n\n<p>Foi um processo natural. Comecei por ajudar os clientes dos meus pais e, pouco a pouco, senti necessidade de assumir os projetos de forma mais profissional e aut\u00f3noma. J\u00e1 colaborava na empresa familiar na cria\u00e7\u00e3o de cole\u00e7\u00f5es, mas queria ir mais al\u00e9m e criar ambientes completos, com identidade pr\u00f3pria. O convite para participar na Casa D\u00e9cor foi o impulso final. Depois disso, abri o meu est\u00fadio no Porto, assinei diversas obras de habita\u00e7\u00e3o, contract\/hotelaria e programas especiais. <\/p>\n\n\n\n<p>Em 2008, Susana Camelo passou a ser uma marca registada e o caminho consolidou-se com dedica\u00e7\u00e3o ao longo de 20 anos de consist\u00eancia. <\/p>\n\n\n\n<p><\/p>\n\n\n\n<p><strong>Qual \u00e9 a principal miss\u00e3o do projeto?<\/strong><\/p>\n\n\n\n<p>Criar espa\u00e7os com alma, pensados para quem os vai habitar. <\/p>\n\n\n\n<p>Trabalhamos com rigor t\u00e9cnico, mas tamb\u00e9m com liberdade criativa e foco na emo\u00e7\u00e3o. O nosso processo \u00e9 completo, do briefing \u00e0 obra final, e cada projeto \u00e9 feito \u00e0 medida, respeitando a hist\u00f3ria, o ritmo e o sonho de cada cliente. <\/p>\n\n\n\n<p>Come\u00e7amos sempre com um bom briefing, desenvolvemos o conceito, o estudo pr\u00e9vio, a paleta crom\u00e1tica, a escolha de materiais, avan\u00e7amos com projeto t\u00e9cnico, mobili\u00e1rio tailor made e garantimos a execu\u00e7\u00e3o total da obra &#8211; chave na m\u00e3o pronto para desfrutarem do espa\u00e7o comodamente. <\/p>\n\n\n<div class=\"wp-block-image\">\n<figure class=\"aligncenter size-full is-resized\"><img loading=\"lazy\" decoding=\"async\" width=\"640\" height=\"454\" src=\"https:\/\/maismagazine.pt\/wp-content\/uploads\/2025\/07\/RESTAURANTE-SASSY.png\" alt=\"\" class=\"wp-image-12488\" style=\"width:485px;height:auto\" srcset=\"https:\/\/maismagazine.pt\/wp-content\/uploads\/2025\/07\/RESTAURANTE-SASSY.png 640w, https:\/\/maismagazine.pt\/wp-content\/uploads\/2025\/07\/RESTAURANTE-SASSY-300x213.png 300w\" sizes=\"auto, (max-width: 640px) 100vw, 640px\" \/><\/figure><\/div>\n\n\n<p><strong>Fale-nos sobre a sua equipa. Que tipo de servi\u00e7os oferecem atualmente e a que p\u00fablico se dirigem?<\/strong><\/p>\n\n\n\n<p>Somos uma equipa multidisciplinar, apaixonados e comprometidos com a qualidade e o detalhe. Fazemos desde o conceito at\u00e9 \u00e0 execu\u00e7\u00e3o: interiores, remodela\u00e7\u00f5es, mobili\u00e1rio personalizado e acompanhamento integral.<\/p>\n\n\n\n<p>No in\u00edcio do atelier come\u00e7\u00e1mos por fazer mais habita\u00e7\u00e3o, mas hoje temos uma forte presen\u00e7a no setor comercial e de bem-estar, com projetos em restaurantes, spas, cl\u00ednicas e hot\u00e9is. <\/p>\n\n\n\n<p>Alguns dos projetos comerciais que nos orgulham incluem os restaurantes Zizi, P\u00e9 no Mar, Klan, Armaz\u00e9m do Sushi e o Aquashow Lobby, o Spa The Golden Rock Alambique, o espa\u00e7o Eug\u00e9nio Campos, Poison d\u2019Amour, Discoteca Pop, Casa do Bu, Restaurante Tribo Barcelona, Espa\u00e7o T, Bio Brunch Afurada, Pizzaria Fabriqueta e cl\u00ednicas como a Chi Clinic ou a Cl\u00ednica Ana Sousa, entre outros. <\/p>\n\n\n<div class=\"wp-block-image\">\n<figure class=\"alignright size-full is-resized\"><img loading=\"lazy\" decoding=\"async\" width=\"512\" height=\"512\" src=\"https:\/\/maismagazine.pt\/wp-content\/uploads\/2025\/07\/CASA-DOS-MUSICOS-RC-11.png\" alt=\"\" class=\"wp-image-12485\" style=\"width:431px;height:auto\" srcset=\"https:\/\/maismagazine.pt\/wp-content\/uploads\/2025\/07\/CASA-DOS-MUSICOS-RC-11.png 512w, https:\/\/maismagazine.pt\/wp-content\/uploads\/2025\/07\/CASA-DOS-MUSICOS-RC-11-300x300.png 300w, https:\/\/maismagazine.pt\/wp-content\/uploads\/2025\/07\/CASA-DOS-MUSICOS-RC-11-150x150.png 150w\" sizes=\"auto, (max-width: 512px) 100vw, 512px\" \/><\/figure><\/div>\n\n\n<p><strong>Na sua opini\u00e3o, que caracter\u00edsticas diferenciam o seu ateli\u00ea no panorama nacional do design de interiores?<\/strong><\/p>\n\n\n\n<p>A nossa abordagem \u00e9 profundamente humana. Ouvimos com aten\u00e7\u00e3o e traduzimos hist\u00f3rias em espa\u00e7os funcionais e belos. T\u00e9cnica, timing e est\u00e9tica caminham lado a lado, com uma assinatura muito pr\u00f3pria: os clientes dizem que reconhecem os nossos projetos \u00e0 dist\u00e2ncia. Trabalhamos com empatia, identidade e aten\u00e7\u00e3o ao detalhe. <\/p>\n\n\n\n<p><\/p>\n\n\n\n<p><strong>H\u00e1 algum projeto que recorde com especial carinho ou satisfa\u00e7\u00e3o? O que o tornou t\u00e3o marcante?<\/strong><\/p>\n\n\n\n<p>H\u00e1 muitos, mas os que mais me marcam s\u00e3o os que envolvem uma grande entrega emocional. Projetos como os \u201cda Paula e do Vitor, da Vera, da Elisabete, da Diana, da Gra\u00e7a e do Beto\u201d, por exemplo, foram vividos com intensidade desde o primeiro esbo\u00e7o. Ficaram amizades. <\/p>\n\n\n\n<p>Cria-se um v\u00ednculo especial com o cliente, e quando recebemos um abra\u00e7o ou uma l\u00e1grima no fim, percebemos que o design cumpriu o seu papel.<\/p>\n\n\n\n<p><\/p>\n\n\n\n<p><strong>Como se v\u00ea do ponto de vista profissional dentro de cinco anos? O que podemos esperar de Susana Camelo, design de interiores, no futuro?<\/strong><\/p>\n\n\n\n<p>O desejo profundo de continuar a criar, com serenidade, paz, alegria e harmonia. Porque \u00e9 disso que o mundo mais precisa. E \u00e9 isso que eu quero continuar a oferecer.<\/p>\n\n\n\n<p>Vejo-me a criar espa\u00e7os mais conscientes, sempre com prop\u00f3sito. Quero continuar a desenhar casas que sejam verdadeiros ref\u00fagios de bem-estar, alegria, uni\u00e3o e identidade \u2014 e lugares p\u00fablicos que promovam encontros, mem\u00f3rias e sensa\u00e7\u00f5es positivas que fiquem para sempre gravadas. <\/p>\n\n\n\n<p>Mais do que seguir tend\u00eancias, quero continuar a escutar, a interpretar e a criar espa\u00e7os com alma, verdade e cora\u00e7\u00e3o. Porque no fim, o que realmente conta \u00e9 o que esses espa\u00e7os nos fazem sentir. <\/p>\n\n\n\n<p><\/p>\n\n\n\n<p><a href=\"http:\/\/www.susanacamelo.com\">www.susanacamelo.com<\/a><\/p>\n\n\n\n<p><\/p>\n\n\n<div class=\"wp-block-image\">\n<figure class=\"aligncenter size-full\"><img loading=\"lazy\" decoding=\"async\" width=\"362\" height=\"192\" src=\"https:\/\/maismagazine.pt\/wp-content\/uploads\/2025\/07\/bdbe9f_4bf0f3429037459c9373f0f251d8ecd1.avif\" alt=\"\" class=\"wp-image-12480\"\/><\/figure><\/div>","protected":false},"excerpt":{"rendered":"<p>&#8220;Com um ADN muito pr\u00f3prio, cada projeto \u00e9 feito \u00e0 medida de quem o vive &#8211; com emo\u00e7\u00e3o, identidade e fora dos padr\u00f5es que hoje se repetem&#8221; Poderia contar-nos um pouco sobre o seu percurso profissional? Quando nasceu o seu interesse pelo design de interiores? O meu percurso come\u00e7ou muito&hellip;<\/p>\n","protected":false},"author":18,"featured_media":12481,"comment_status":"closed","ping_status":"open","sticky":false,"template":"","format":"standard","meta":{"advgb_blocks_editor_width":"","advgb_blocks_columns_visual_guide":"","_monsterinsights_skip_tracking":false,"_monsterinsights_sitenote_active":false,"_monsterinsights_sitenote_note":"","_monsterinsights_sitenote_category":0,"footnotes":""},"categories":[82],"tags":[2421,81,86],"class_list":["post-12473","post","type-post","status-publish","format-standard","has-post-thumbnail","hentry","category-decoracao","tag-atelier-susana-camelo","tag-decoracao","tag-design-de-interiores"],"yoast_head":"<!-- This site is optimized with the Yoast SEO plugin v24.4 - https:\/\/yoast.com\/wordpress\/plugins\/seo\/ -->\n<title>Espa\u00e7os com alma e assinatura: O design intemporal de Susana Camelo - Mais Magazine<\/title>\n<meta name=\"robots\" content=\"index, follow, max-snippet:-1, max-image-preview:large, max-video-preview:-1\" \/>\n<link rel=\"canonical\" href=\"https:\/\/maismagazine.pt\/index.php\/2025\/08\/01\/espacos-com-alma-e-assinatura-o-design-intemporal-de-susana-camelo\/\" \/>\n<meta property=\"og:locale\" content=\"pt_PT\" \/>\n<meta property=\"og:type\" content=\"article\" \/>\n<meta property=\"og:title\" content=\"Espa\u00e7os com alma e assinatura: O design intemporal de Susana Camelo - Mais Magazine\" \/>\n<meta property=\"og:description\" content=\"&#8220;Com um ADN muito pr\u00f3prio, cada projeto \u00e9 feito \u00e0 medida de quem o vive &#8211; com emo\u00e7\u00e3o, identidade e fora dos padr\u00f5es que hoje se repetem&#8221; Poderia contar-nos um pouco sobre o seu percurso profissional? Quando nasceu o seu interesse pelo design de interiores? O meu percurso come\u00e7ou muito&hellip;\" \/>\n<meta property=\"og:url\" content=\"https:\/\/maismagazine.pt\/index.php\/2025\/08\/01\/espacos-com-alma-e-assinatura-o-design-intemporal-de-susana-camelo\/\" \/>\n<meta property=\"og:site_name\" content=\"Mais Magazine\" \/>\n<meta property=\"article:published_time\" content=\"2025-08-01T06:00:00+00:00\" \/>\n<meta property=\"og:image\" content=\"https:\/\/maismagazine.pt\/wp-content\/uploads\/2025\/07\/foto-Susana-Camelo-841x1024.png\" \/>\n\t<meta property=\"og:image:width\" content=\"841\" \/>\n\t<meta property=\"og:image:height\" content=\"1024\" \/>\n\t<meta property=\"og:image:type\" content=\"image\/png\" \/>\n<meta name=\"author\" content=\"Tatiana Martins\" \/>\n<meta name=\"twitter:card\" content=\"summary_large_image\" \/>\n<meta name=\"twitter:label1\" content=\"Escrito por\" \/>\n\t<meta name=\"twitter:data1\" content=\"\" \/>\n\t<meta name=\"twitter:label2\" content=\"Tempo estimado de leitura\" \/>\n\t<meta name=\"twitter:data2\" content=\"6 minutos\" \/>\n<script type=\"application\/ld+json\" class=\"yoast-schema-graph\">{\"@context\":\"https:\/\/schema.org\",\"@graph\":[{\"@type\":\"Article\",\"@id\":\"https:\/\/maismagazine.pt\/index.php\/2025\/08\/01\/espacos-com-alma-e-assinatura-o-design-intemporal-de-susana-camelo\/#article\",\"isPartOf\":{\"@id\":\"https:\/\/maismagazine.pt\/index.php\/2025\/08\/01\/espacos-com-alma-e-assinatura-o-design-intemporal-de-susana-camelo\/\"},\"author\":{\"name\":\"Tatiana Martins\",\"@id\":\"http:\/\/maismagazine.pt\/#\/schema\/person\/7426e2caeb8df32a1b56aa48dae778c9\"},\"headline\":\"Espa\u00e7os com alma e assinatura: O design intemporal de Susana Camelo\",\"datePublished\":\"2025-08-01T06:00:00+00:00\",\"mainEntityOfPage\":{\"@id\":\"https:\/\/maismagazine.pt\/index.php\/2025\/08\/01\/espacos-com-alma-e-assinatura-o-design-intemporal-de-susana-camelo\/\"},\"wordCount\":853,\"publisher\":{\"@id\":\"http:\/\/maismagazine.pt\/#organization\"},\"image\":{\"@id\":\"https:\/\/maismagazine.pt\/index.php\/2025\/08\/01\/espacos-com-alma-e-assinatura-o-design-intemporal-de-susana-camelo\/#primaryimage\"},\"thumbnailUrl\":\"https:\/\/maismagazine.pt\/wp-content\/uploads\/2025\/07\/foto-Susana-Camelo.png\",\"keywords\":[\"Atelier Susana Camelo\",\"Decora\u00e7\u00e3o\",\"Design de Interiores\"],\"articleSection\":[\"Decora\u00e7\u00e3o\"],\"inLanguage\":\"pt-PT\"},{\"@type\":\"WebPage\",\"@id\":\"https:\/\/maismagazine.pt\/index.php\/2025\/08\/01\/espacos-com-alma-e-assinatura-o-design-intemporal-de-susana-camelo\/\",\"url\":\"https:\/\/maismagazine.pt\/index.php\/2025\/08\/01\/espacos-com-alma-e-assinatura-o-design-intemporal-de-susana-camelo\/\",\"name\":\"Espa\u00e7os com alma e assinatura: O design intemporal de Susana Camelo - Mais Magazine\",\"isPartOf\":{\"@id\":\"http:\/\/maismagazine.pt\/#website\"},\"primaryImageOfPage\":{\"@id\":\"https:\/\/maismagazine.pt\/index.php\/2025\/08\/01\/espacos-com-alma-e-assinatura-o-design-intemporal-de-susana-camelo\/#primaryimage\"},\"image\":{\"@id\":\"https:\/\/maismagazine.pt\/index.php\/2025\/08\/01\/espacos-com-alma-e-assinatura-o-design-intemporal-de-susana-camelo\/#primaryimage\"},\"thumbnailUrl\":\"https:\/\/maismagazine.pt\/wp-content\/uploads\/2025\/07\/foto-Susana-Camelo.png\",\"datePublished\":\"2025-08-01T06:00:00+00:00\",\"breadcrumb\":{\"@id\":\"https:\/\/maismagazine.pt\/index.php\/2025\/08\/01\/espacos-com-alma-e-assinatura-o-design-intemporal-de-susana-camelo\/#breadcrumb\"},\"inLanguage\":\"pt-PT\",\"potentialAction\":[{\"@type\":\"ReadAction\",\"target\":[\"https:\/\/maismagazine.pt\/index.php\/2025\/08\/01\/espacos-com-alma-e-assinatura-o-design-intemporal-de-susana-camelo\/\"]}]},{\"@type\":\"ImageObject\",\"inLanguage\":\"pt-PT\",\"@id\":\"https:\/\/maismagazine.pt\/index.php\/2025\/08\/01\/espacos-com-alma-e-assinatura-o-design-intemporal-de-susana-camelo\/#primaryimage\",\"url\":\"https:\/\/maismagazine.pt\/wp-content\/uploads\/2025\/07\/foto-Susana-Camelo.png\",\"contentUrl\":\"https:\/\/maismagazine.pt\/wp-content\/uploads\/2025\/07\/foto-Susana-Camelo.png\",\"width\":1536,\"height\":1871,\"caption\":\"Susana Camelo, CEO do Atelier Susana Camelo\"},{\"@type\":\"BreadcrumbList\",\"@id\":\"https:\/\/maismagazine.pt\/index.php\/2025\/08\/01\/espacos-com-alma-e-assinatura-o-design-intemporal-de-susana-camelo\/#breadcrumb\",\"itemListElement\":[{\"@type\":\"ListItem\",\"position\":1,\"name\":\"Home\",\"item\":\"http:\/\/maismagazine.pt\/\"},{\"@type\":\"ListItem\",\"position\":2,\"name\":\"Espa\u00e7os com alma e assinatura: O design intemporal de Susana Camelo\"}]},{\"@type\":\"WebSite\",\"@id\":\"http:\/\/maismagazine.pt\/#website\",\"url\":\"http:\/\/maismagazine.pt\/\",\"name\":\"Mais Magazine\",\"description\":\"\",\"publisher\":{\"@id\":\"http:\/\/maismagazine.pt\/#organization\"},\"potentialAction\":[{\"@type\":\"SearchAction\",\"target\":{\"@type\":\"EntryPoint\",\"urlTemplate\":\"http:\/\/maismagazine.pt\/?s={search_term_string}\"},\"query-input\":{\"@type\":\"PropertyValueSpecification\",\"valueRequired\":true,\"valueName\":\"search_term_string\"}}],\"inLanguage\":\"pt-PT\"},{\"@type\":\"Organization\",\"@id\":\"http:\/\/maismagazine.pt\/#organization\",\"name\":\"Mais Magazine\",\"url\":\"http:\/\/maismagazine.pt\/\",\"logo\":{\"@type\":\"ImageObject\",\"inLanguage\":\"pt-PT\",\"@id\":\"http:\/\/maismagazine.pt\/#\/schema\/logo\/image\/\",\"url\":\"https:\/\/maismagazine.pt\/wp-content\/uploads\/2020\/04\/cropped-cropped-mais-magazine-site-logo-2.png\",\"contentUrl\":\"https:\/\/maismagazine.pt\/wp-content\/uploads\/2020\/04\/cropped-cropped-mais-magazine-site-logo-2.png\",\"width\":581,\"height\":90,\"caption\":\"Mais Magazine\"},\"image\":{\"@id\":\"http:\/\/maismagazine.pt\/#\/schema\/logo\/image\/\"}},{\"@type\":\"Person\",\"@id\":\"http:\/\/maismagazine.pt\/#\/schema\/person\/7426e2caeb8df32a1b56aa48dae778c9\",\"name\":\"Tatiana Martins\",\"image\":{\"@type\":\"ImageObject\",\"inLanguage\":\"pt-PT\",\"@id\":\"http:\/\/maismagazine.pt\/#\/schema\/person\/image\/\",\"url\":\"https:\/\/secure.gravatar.com\/avatar\/4b24a57f5d0425f2eb20981c4b53244e?s=96&d=mm&r=g\",\"contentUrl\":\"https:\/\/secure.gravatar.com\/avatar\/4b24a57f5d0425f2eb20981c4b53244e?s=96&d=mm&r=g\",\"caption\":\"Tatiana Martins\"},\"url\":\"https:\/\/maismagazine.pt\/index.php\/author\/tatiana\/\"}]}<\/script>\n<!-- \/ Yoast SEO plugin. -->","yoast_head_json":{"title":"Espa\u00e7os com alma e assinatura: O design intemporal de Susana Camelo - Mais Magazine","robots":{"index":"index","follow":"follow","max-snippet":"max-snippet:-1","max-image-preview":"max-image-preview:large","max-video-preview":"max-video-preview:-1"},"canonical":"https:\/\/maismagazine.pt\/index.php\/2025\/08\/01\/espacos-com-alma-e-assinatura-o-design-intemporal-de-susana-camelo\/","og_locale":"pt_PT","og_type":"article","og_title":"Espa\u00e7os com alma e assinatura: O design intemporal de Susana Camelo - Mais Magazine","og_description":"&#8220;Com um ADN muito pr\u00f3prio, cada projeto \u00e9 feito \u00e0 medida de quem o vive &#8211; com emo\u00e7\u00e3o, identidade e fora dos padr\u00f5es que hoje se repetem&#8221; Poderia contar-nos um pouco sobre o seu percurso profissional? Quando nasceu o seu interesse pelo design de interiores? O meu percurso come\u00e7ou muito&hellip;","og_url":"https:\/\/maismagazine.pt\/index.php\/2025\/08\/01\/espacos-com-alma-e-assinatura-o-design-intemporal-de-susana-camelo\/","og_site_name":"Mais Magazine","article_published_time":"2025-08-01T06:00:00+00:00","og_image":[{"width":841,"height":1024,"url":"https:\/\/maismagazine.pt\/wp-content\/uploads\/2025\/07\/foto-Susana-Camelo-841x1024.png","type":"image\/png"}],"author":"Tatiana Martins","twitter_card":"summary_large_image","twitter_misc":{"Escrito por":false,"Tempo estimado de leitura":"6 minutos"},"schema":{"@context":"https:\/\/schema.org","@graph":[{"@type":"Article","@id":"https:\/\/maismagazine.pt\/index.php\/2025\/08\/01\/espacos-com-alma-e-assinatura-o-design-intemporal-de-susana-camelo\/#article","isPartOf":{"@id":"https:\/\/maismagazine.pt\/index.php\/2025\/08\/01\/espacos-com-alma-e-assinatura-o-design-intemporal-de-susana-camelo\/"},"author":{"name":"Tatiana Martins","@id":"http:\/\/maismagazine.pt\/#\/schema\/person\/7426e2caeb8df32a1b56aa48dae778c9"},"headline":"Espa\u00e7os com alma e assinatura: O design intemporal de Susana Camelo","datePublished":"2025-08-01T06:00:00+00:00","mainEntityOfPage":{"@id":"https:\/\/maismagazine.pt\/index.php\/2025\/08\/01\/espacos-com-alma-e-assinatura-o-design-intemporal-de-susana-camelo\/"},"wordCount":853,"publisher":{"@id":"http:\/\/maismagazine.pt\/#organization"},"image":{"@id":"https:\/\/maismagazine.pt\/index.php\/2025\/08\/01\/espacos-com-alma-e-assinatura-o-design-intemporal-de-susana-camelo\/#primaryimage"},"thumbnailUrl":"https:\/\/maismagazine.pt\/wp-content\/uploads\/2025\/07\/foto-Susana-Camelo.png","keywords":["Atelier Susana Camelo","Decora\u00e7\u00e3o","Design de Interiores"],"articleSection":["Decora\u00e7\u00e3o"],"inLanguage":"pt-PT"},{"@type":"WebPage","@id":"https:\/\/maismagazine.pt\/index.php\/2025\/08\/01\/espacos-com-alma-e-assinatura-o-design-intemporal-de-susana-camelo\/","url":"https:\/\/maismagazine.pt\/index.php\/2025\/08\/01\/espacos-com-alma-e-assinatura-o-design-intemporal-de-susana-camelo\/","name":"Espa\u00e7os com alma e assinatura: O design intemporal de Susana Camelo - Mais Magazine","isPartOf":{"@id":"http:\/\/maismagazine.pt\/#website"},"primaryImageOfPage":{"@id":"https:\/\/maismagazine.pt\/index.php\/2025\/08\/01\/espacos-com-alma-e-assinatura-o-design-intemporal-de-susana-camelo\/#primaryimage"},"image":{"@id":"https:\/\/maismagazine.pt\/index.php\/2025\/08\/01\/espacos-com-alma-e-assinatura-o-design-intemporal-de-susana-camelo\/#primaryimage"},"thumbnailUrl":"https:\/\/maismagazine.pt\/wp-content\/uploads\/2025\/07\/foto-Susana-Camelo.png","datePublished":"2025-08-01T06:00:00+00:00","breadcrumb":{"@id":"https:\/\/maismagazine.pt\/index.php\/2025\/08\/01\/espacos-com-alma-e-assinatura-o-design-intemporal-de-susana-camelo\/#breadcrumb"},"inLanguage":"pt-PT","potentialAction":[{"@type":"ReadAction","target":["https:\/\/maismagazine.pt\/index.php\/2025\/08\/01\/espacos-com-alma-e-assinatura-o-design-intemporal-de-susana-camelo\/"]}]},{"@type":"ImageObject","inLanguage":"pt-PT","@id":"https:\/\/maismagazine.pt\/index.php\/2025\/08\/01\/espacos-com-alma-e-assinatura-o-design-intemporal-de-susana-camelo\/#primaryimage","url":"https:\/\/maismagazine.pt\/wp-content\/uploads\/2025\/07\/foto-Susana-Camelo.png","contentUrl":"https:\/\/maismagazine.pt\/wp-content\/uploads\/2025\/07\/foto-Susana-Camelo.png","width":1536,"height":1871,"caption":"Susana Camelo, CEO do Atelier Susana Camelo"},{"@type":"BreadcrumbList","@id":"https:\/\/maismagazine.pt\/index.php\/2025\/08\/01\/espacos-com-alma-e-assinatura-o-design-intemporal-de-susana-camelo\/#breadcrumb","itemListElement":[{"@type":"ListItem","position":1,"name":"Home","item":"http:\/\/maismagazine.pt\/"},{"@type":"ListItem","position":2,"name":"Espa\u00e7os com alma e assinatura: O design intemporal de Susana Camelo"}]},{"@type":"WebSite","@id":"http:\/\/maismagazine.pt\/#website","url":"http:\/\/maismagazine.pt\/","name":"Mais Magazine","description":"","publisher":{"@id":"http:\/\/maismagazine.pt\/#organization"},"potentialAction":[{"@type":"SearchAction","target":{"@type":"EntryPoint","urlTemplate":"http:\/\/maismagazine.pt\/?s={search_term_string}"},"query-input":{"@type":"PropertyValueSpecification","valueRequired":true,"valueName":"search_term_string"}}],"inLanguage":"pt-PT"},{"@type":"Organization","@id":"http:\/\/maismagazine.pt\/#organization","name":"Mais Magazine","url":"http:\/\/maismagazine.pt\/","logo":{"@type":"ImageObject","inLanguage":"pt-PT","@id":"http:\/\/maismagazine.pt\/#\/schema\/logo\/image\/","url":"https:\/\/maismagazine.pt\/wp-content\/uploads\/2020\/04\/cropped-cropped-mais-magazine-site-logo-2.png","contentUrl":"https:\/\/maismagazine.pt\/wp-content\/uploads\/2020\/04\/cropped-cropped-mais-magazine-site-logo-2.png","width":581,"height":90,"caption":"Mais Magazine"},"image":{"@id":"http:\/\/maismagazine.pt\/#\/schema\/logo\/image\/"}},{"@type":"Person","@id":"http:\/\/maismagazine.pt\/#\/schema\/person\/7426e2caeb8df32a1b56aa48dae778c9","name":"Tatiana Martins","image":{"@type":"ImageObject","inLanguage":"pt-PT","@id":"http:\/\/maismagazine.pt\/#\/schema\/person\/image\/","url":"https:\/\/secure.gravatar.com\/avatar\/4b24a57f5d0425f2eb20981c4b53244e?s=96&d=mm&r=g","contentUrl":"https:\/\/secure.gravatar.com\/avatar\/4b24a57f5d0425f2eb20981c4b53244e?s=96&d=mm&r=g","caption":"Tatiana Martins"},"url":"https:\/\/maismagazine.pt\/index.php\/author\/tatiana\/"}]}},"author_meta":{"display_name":false,"author_link":"https:\/\/maismagazine.pt\/index.php\/author\/tatiana\/"},"featured_img":"https:\/\/maismagazine.pt\/wp-content\/uploads\/2025\/07\/foto-Susana-Camelo-246x300.png","coauthors":[],"tax_additional":{"categories":{"linked":["<a href=\"https:\/\/maismagazine.pt\/index.php\/category\/empreendedorismo\/decoracao\/\" class=\"advgb-post-tax-term\">Decora\u00e7\u00e3o<\/a>"],"unlinked":["<span class=\"advgb-post-tax-term\">Decora\u00e7\u00e3o<\/span>"]},"tags":{"linked":["<a href=\"https:\/\/maismagazine.pt\/index.php\/category\/empreendedorismo\/decoracao\/\" class=\"advgb-post-tax-term\">Atelier Susana Camelo<\/a>","<a href=\"https:\/\/maismagazine.pt\/index.php\/category\/empreendedorismo\/decoracao\/\" class=\"advgb-post-tax-term\">Decora\u00e7\u00e3o<\/a>","<a href=\"https:\/\/maismagazine.pt\/index.php\/category\/empreendedorismo\/decoracao\/\" class=\"advgb-post-tax-term\">Design de Interiores<\/a>"],"unlinked":["<span class=\"advgb-post-tax-term\">Atelier Susana Camelo<\/span>","<span class=\"advgb-post-tax-term\">Decora\u00e7\u00e3o<\/span>","<span class=\"advgb-post-tax-term\">Design de Interiores<\/span>"]}},"comment_count":"0","relative_dates":{"created":"Posted 9 meses ago","modified":"Updated 9 meses ago"},"absolute_dates":{"created":"Posted on 1 de Agosto, 2025","modified":"Updated on 29 de Julho, 2025"},"absolute_dates_time":{"created":"Posted on 1 de Agosto, 2025 7:00","modified":"Updated on 29 de Julho, 2025 15:33"},"featured_img_caption":"Susana Camelo,  CEO do Atelier Susana Camelo","series_order":"","_links":{"self":[{"href":"https:\/\/maismagazine.pt\/index.php\/wp-json\/wp\/v2\/posts\/12473","targetHints":{"allow":["GET"]}}],"collection":[{"href":"https:\/\/maismagazine.pt\/index.php\/wp-json\/wp\/v2\/posts"}],"about":[{"href":"https:\/\/maismagazine.pt\/index.php\/wp-json\/wp\/v2\/types\/post"}],"author":[{"embeddable":true,"href":"https:\/\/maismagazine.pt\/index.php\/wp-json\/wp\/v2\/users\/18"}],"replies":[{"embeddable":true,"href":"https:\/\/maismagazine.pt\/index.php\/wp-json\/wp\/v2\/comments?post=12473"}],"version-history":[{"count":1,"href":"https:\/\/maismagazine.pt\/index.php\/wp-json\/wp\/v2\/posts\/12473\/revisions"}],"predecessor-version":[{"id":12490,"href":"https:\/\/maismagazine.pt\/index.php\/wp-json\/wp\/v2\/posts\/12473\/revisions\/12490"}],"wp:featuredmedia":[{"embeddable":true,"href":"https:\/\/maismagazine.pt\/index.php\/wp-json\/wp\/v2\/media\/12481"}],"wp:attachment":[{"href":"https:\/\/maismagazine.pt\/index.php\/wp-json\/wp\/v2\/media?parent=12473"}],"wp:term":[{"taxonomy":"category","embeddable":true,"href":"https:\/\/maismagazine.pt\/index.php\/wp-json\/wp\/v2\/categories?post=12473"},{"taxonomy":"post_tag","embeddable":true,"href":"https:\/\/maismagazine.pt\/index.php\/wp-json\/wp\/v2\/tags?post=12473"}],"curies":[{"name":"wp","href":"https:\/\/api.w.org\/{rel}","templated":true}]}}