{"id":12347,"date":"2025-06-27T07:00:00","date_gmt":"2025-06-27T06:00:00","guid":{"rendered":"https:\/\/maismagazine.pt\/?p=12347"},"modified":"2025-06-26T14:54:53","modified_gmt":"2025-06-26T13:54:53","slug":"cuidados-paliativos-a-urgencia-de-politicas-praticas-para-realidades-complexas","status":"publish","type":"post","link":"https:\/\/maismagazine.pt\/index.php\/2025\/06\/27\/cuidados-paliativos-a-urgencia-de-politicas-praticas-para-realidades-complexas\/","title":{"rendered":"Cuidados Paliativos: A Urg\u00eancia de Pol\u00edticas Pr\u00e1ticas para Realidades Complexas"},"content":{"rendered":"\n<p><strong>Em Portugal, onde a popula\u00e7\u00e3o envelhece rapidamente e onde as doen\u00e7as limitantes de vida (DLV) s\u00e3o cada vez mais prevalentes, os Cuidados Paliativos assumem-se como uma necessidade premente, n\u00e3o apenas para garantir a dignidade das pessoas em fases terminais, mas tamb\u00e9m para assegurar uma qualidade de vida adequada ap\u00f3s o diagn\u00f3stico de uma patologia incapacitante. <\/strong><\/p>\n\n\n\n<p><\/p>\n\n\n\n<p>De acordo com a Organiza\u00e7\u00e3o Mundial de Sa\u00fade (OMS), cerca de 56,8 milh\u00f5es de pessoas no mundo necessitam anualmente de Cuidados Paliativos, sendo que este n\u00famero dever\u00e1 duplicar at\u00e9 2060, consequ\u00eancia do aumento das doen\u00e7as cr\u00f3nicas e da longevidade populacional. <\/p>\n\n\n\n<p><\/p>\n\n\n\n<p>No nosso pa\u00eds, apesar de avan\u00e7os significativos, persistem lacunas na cobertura e no acesso a estes cuidados, espelhando uma realidade em que as pol\u00edticas vigen-tes ainda n\u00e3o respondem plenamente \u00e0s necessidades efetivas da popula\u00e7\u00e3o. <\/p>\n\n\n\n<p><\/p>\n\n\n\n<p>Desde a aprova\u00e7\u00e3o da Lei de Bases dos Cuidados Paliativos, Portugal tem dado passos importantes na consolida\u00e7\u00e3o dos Cuidados Paliativos no Servi\u00e7o Nacional de Sa\u00fade (SNS). O Plano Estrat\u00e9gico para o Desenvolvimento dos Cuidados Paliativos (2021-2023) representa uma dessas iniciativas, visando expandir a rede de cuidados, refor\u00e7ar a forma\u00e7\u00e3o de profissionais e sensibilizar a sociedade para a import\u00e2ncia destes cuidados. <\/p>\n\n\n\n<p><\/p>\n\n\n\n<p>No entanto, a realidade evidencia desafios que comprometem a concretiza\u00e7\u00e3o dos objetivos propostos. A cobertura limitada, especialmente em regi\u00f5es do Interior e nas Ilhas, dificulta o acesso a este tipo de cuidados e compromete a equidade, um dos princ\u00edpios fundamentais do SNS. <\/p>\n\n\n\n<p><\/p>\n\n\n\n<p>Al\u00e9m disso, a escassez de profissionais de sa\u00fade com forma\u00e7\u00e3o espec\u00edfica continua a ser um dos maiores obst\u00e1culos \u00e0 qualidade e continuidade dos cuidados prestados. <\/p>\n\n\n\n<p><\/p>\n\n\n\n<p>Outra barreira tem sido a falta de sensibiliza\u00e7\u00e3o, tanto da popula\u00e7\u00e3o como dos profissionais de sa\u00fade. A perce\u00e7\u00e3o, ainda prevalente, de que os Cuidados Paliativos se destinam exclusivamente \u00e0 fase final de vida desvirtua o prop\u00f3sito real destes cuidados, que englobam o controlo de sintomas, a adapta\u00e7\u00e3o a perdas funcionais, o apoio emocional e social, entre outros, desde o diagn\u00f3stico de uma DLV. Esta vis\u00e3o limitada alimenta o estigma e restringe o uso mais amplo e preventivo dos Cuidados Paliativos. H\u00e1 que investir na integra\u00e7\u00e3o de \u201cComunidades Compassivas\u201d, que se tem revelado uma abordagem eficaz para refor\u00e7ar a sensibiliza\u00e7\u00e3o e a educa\u00e7\u00e3o sobre Cuidados Paliativos, promovendo uma cultura de apoio e compreens\u00e3o a n\u00edvel comunit\u00e1rio. <\/p>\n\n\n\n<p><\/p>\n\n\n\n<p>Ao confrontar a realidade atual com as pol\u00edticas vigentes, torna-se evidente que ainda h\u00e1 um longo caminho a percorrer para que os Cuidados Paliativos se tornem verdadeiramente acess\u00edveis e humanizados. <\/p>\n\n\n\n<p><\/p>\n\n\n\n<p>O desenvolvimento de uma rede robusta, sustentada por uma forma\u00e7\u00e3o adequada e estrat\u00e9gias de sensibiliza\u00e7\u00e3o eficazes, \u00e9 essencial para transformar o sistema de sa\u00fade portugu\u00eas e assegurar que todos os cidad\u00e3os possam usufruir de cuidados de qualidade, mesmo nas fases mais delicadas do ciclo de vida. <\/p>\n\n\n<div class=\"wp-block-image\">\n<figure class=\"alignleft size-full is-resized\"><img loading=\"lazy\" decoding=\"async\" width=\"503\" height=\"756\" src=\"https:\/\/maismagazine.pt\/wp-content\/uploads\/2025\/06\/4.1-enfermeiro1.jpg\" alt=\"\" class=\"wp-image-12358\" style=\"width:323px;height:auto\" srcset=\"https:\/\/maismagazine.pt\/wp-content\/uploads\/2025\/06\/4.1-enfermeiro1.jpg 503w, https:\/\/maismagazine.pt\/wp-content\/uploads\/2025\/06\/4.1-enfermeiro1-200x300.jpg 200w\" sizes=\"auto, (max-width: 503px) 100vw, 503px\" \/><\/figure><\/div>\n\n\n<p>A problem\u00e1tica dos acessos limitados e das desigualdades geogr\u00e1ficas ao acesso a Cuidados Paliativos em Portugal continua a ser um privil\u00e9gio dispon\u00edvel apenas para um n\u00famero reduzido de pessoas. Nas \u00e1reas metropolitanas, como Lisboa e Porto, existem algumas unidades e equipas especializadas, embora os r\u00e1cios dispon\u00edveis n\u00e3o permitam uma resposta adequada \u00e0s necessidades. Em contraste, as regi\u00f5es do interior e as ilhas apresentam uma acentuada escassez de recursos, deixando vastas popula\u00e7\u00f5es sem acesso a cuidados adequados. Esta distribui\u00e7\u00e3o desigual compromete o princ\u00edpio da equidade no acesso aos cuidados de sa\u00fade, evidenciando que apenas uma pequena parte das pessoas que necessitam de cuidados paliativos consegue, efetivamente, beneficiar destes servi\u00e7os. <\/p>\n\n\n\n<p><\/p>\n\n\n\n<p>Esta disparidade geogr\u00e1fica \u00e9 o reflexo de uma pol\u00edtica que, embora bem-intencionada, revela insufici\u00eancias pr\u00e1ticas. A centraliza\u00e7\u00e3o das unidades de Cuidados Paliativos nos grandes centros urbanos impede a exist\u00eancia de uma rede verdadeiramente acess\u00edvel a toda a popula\u00e7\u00e3o. <\/p>\n\n\n\n<p><\/p>\n\n\n\n<p>\u00c9 evidente que, sem uma abordagem mais descentralizada e sustentada em parcerias com unidades locais e servi\u00e7os comunit\u00e1rios, a universalidade dos Cuidados Paliativos continuar\u00e1 a ser uma promessa por cumprir. Assim, uma pol\u00edtica que apenas acumula metas sem garantir infraestruturas e recursos humanos capazes para as concretizar revela-se, inevitavelmente, ineficaz. <\/p>\n\n\n\n<p><\/p>\n\n\n\n<p>Com a cria\u00e7\u00e3o do Servi\u00e7o Integrado de Cuidados Paliativos (SICP) nas Unidades Locais de Sa\u00fade (ULS) esta realidade pode mudar. O modelo organizacional proposto para as ULS representa uma mudan\u00e7a significativa ao unificar as equipas de Cuidados Paliativos num servi\u00e7o coordenado, permitindo uma cobertura cont\u00ednua e a presta\u00e7\u00e3o de cuidados 24 horas por dia, ainda que ut\u00f3pico. O SICP visa, assim, ultrapassar as limita\u00e7\u00f5es dos modelos anteriores, promovendo uma maior proximidade, uma gest\u00e3o de recursos mais eficiente e a capacidade de resposta \u00e0s necessidades, seja no domic\u00edlio, em unidades de internamento ou em contextos comunit\u00e1rios. Al\u00e9m disso, o SICP procura otimizar os recursos humanos e materiais, promovendo a redu\u00e7\u00e3o de custos, a melhoria da efici\u00eancia e a satisfa\u00e7\u00e3o das pessoas e das suas fam\u00edlias. Ora, se n\u00e3o existirem infraestruturas, nem recursos humanos, reduzir custos numa fase inicial ser\u00e1 tangivelmente imposs\u00edvel. <\/p>\n\n\n\n<p><\/p>\n\n\n\n<p>Com a implementa\u00e7\u00e3o do SICP, prev\u00ea-se que as ULS consigam proporcionar uma efetiva continuidade de cuidados, em que a transi\u00e7\u00e3o entre diferentes n\u00edveis de assist\u00eancia seja fluida e adaptada \u00e0s necessidades da pessoa. Assente nos princ\u00edpios dos Cuidados Paliativos, este novo modelo tamb\u00e9m se prop\u00f5e a reduzir o uso inadequado dos servi\u00e7os de urg\u00eancia e a evitar hospitaliza\u00e7\u00f5es desnecess\u00e1rias, aspetos essenciais para a melhoria da qualidade dos cuidados. <\/p>\n\n\n\n<p><\/p>\n\n\n\n<p>A implementa\u00e7\u00e3o do SICP nas ULS representa uma oportunidade crucial para melhorar a equidade e a qualidade dos cuidados paliativos em Portugal. Ao promover a descentraliza\u00e7\u00e3o dos cuidados e a integra\u00e7\u00e3o das equipas em servi\u00e7os coordenados, o SICP pode garantir uma cobertura mais ampla e acess\u00edvel, especialmente nas regi\u00f5es do Interior e nas Ilhas, onde as desigualdades geogr\u00e1ficas s\u00e3o mais pronunciadas. Contudo, para que esta mudan\u00e7a seja verdadeiramente eficaz, \u00e9 essencial que o sistema seja sustentado por infraestruturas adequadas e por uma forma\u00e7\u00e3o cont\u00ednua de profissionais especializados. <\/p>\n\n\n\n<p><\/p>\n\n\n\n<p>A cria\u00e7\u00e3o de uma rede de cuidados paliativos mais integrada e pr\u00f3xima da comunidade poder\u00e1 n\u00e3o s\u00f3 melhorar a qualidade de vida das pessoas em situa\u00e7\u00e3o de fim de vida, como tamb\u00e9m assegurar que todos, independentemente da sua localiza\u00e7\u00e3o geogr\u00e1fica, tenham acesso a cuidados dignos e humanizados. <\/p>\n\n\n\n<p><\/p>\n\n\n\n<p class=\"has-text-align-left\"><a href=\"http:\/\/www.aspe.pt\">www.aspe.pt<\/a><\/p>\n\n\n\n<p><\/p>\n\n\n<div class=\"wp-block-image\">\n<figure class=\"aligncenter size-large is-resized\"><img loading=\"lazy\" decoding=\"async\" width=\"1024\" height=\"683\" src=\"http:\/\/maismagazine.pt\/wp-content\/uploads\/2025\/05\/ASPE_VECTOR_A3-1024x683.png\" alt=\"\" class=\"wp-image-12012\" style=\"width:327px;height:auto\" srcset=\"https:\/\/maismagazine.pt\/wp-content\/uploads\/2025\/05\/ASPE_VECTOR_A3-1024x683.png 1024w, https:\/\/maismagazine.pt\/wp-content\/uploads\/2025\/05\/ASPE_VECTOR_A3-300x200.png 300w, https:\/\/maismagazine.pt\/wp-content\/uploads\/2025\/05\/ASPE_VECTOR_A3-768x512.png 768w, https:\/\/maismagazine.pt\/wp-content\/uploads\/2025\/05\/ASPE_VECTOR_A3-1536x1025.png 1536w, https:\/\/maismagazine.pt\/wp-content\/uploads\/2025\/05\/ASPE_VECTOR_A3-2048x1366.png 2048w, https:\/\/maismagazine.pt\/wp-content\/uploads\/2025\/05\/ASPE_VECTOR_A3-150x100.png 150w\" sizes=\"auto, (max-width: 1024px) 100vw, 1024px\" \/><\/figure><\/div>\n\n\n<p><\/p>\n\n\n\n<p><canvas width=\"995\" height=\"1405\"><\/canvas><\/p>\n","protected":false},"excerpt":{"rendered":"<p>Em Portugal, onde a popula\u00e7\u00e3o envelhece rapidamente e onde as doen\u00e7as limitantes de vida (DLV) s\u00e3o cada vez mais prevalentes, os Cuidados Paliativos assumem-se como uma necessidade premente, n\u00e3o apenas para garantir a dignidade das pessoas em fases terminais, mas tamb\u00e9m para assegurar uma qualidade de vida adequada ap\u00f3s o&hellip;<\/p>\n","protected":false},"author":18,"featured_media":12279,"comment_status":"closed","ping_status":"open","sticky":false,"template":"","format":"standard","meta":{"advgb_blocks_editor_width":"","advgb_blocks_columns_visual_guide":"","_monsterinsights_skip_tracking":false,"_monsterinsights_sitenote_active":false,"_monsterinsights_sitenote_note":"","_monsterinsights_sitenote_category":0,"footnotes":""},"categories":[313],"tags":[1700,318,457],"class_list":["post-12347","post","type-post","status-publish","format-standard","has-post-thumbnail","hentry","category-saude","tag-aspe","tag-enfermeiros","tag-saude"],"yoast_head":"<!-- This site is optimized with the Yoast SEO plugin v24.4 - https:\/\/yoast.com\/wordpress\/plugins\/seo\/ -->\n<title>Cuidados Paliativos: A Urg\u00eancia de Pol\u00edticas Pr\u00e1ticas para Realidades Complexas - Mais Magazine<\/title>\n<meta name=\"robots\" content=\"index, follow, max-snippet:-1, max-image-preview:large, max-video-preview:-1\" \/>\n<link rel=\"canonical\" href=\"http:\/\/maismagazine.pt\/index.php\/2025\/06\/27\/cuidados-paliativos-a-urgencia-de-politicas-praticas-para-realidades-complexas\/\" \/>\n<meta property=\"og:locale\" content=\"pt_PT\" \/>\n<meta property=\"og:type\" content=\"article\" \/>\n<meta property=\"og:title\" content=\"Cuidados Paliativos: A Urg\u00eancia de Pol\u00edticas Pr\u00e1ticas para Realidades Complexas - Mais Magazine\" \/>\n<meta property=\"og:description\" content=\"Em Portugal, onde a popula\u00e7\u00e3o envelhece rapidamente e onde as doen\u00e7as limitantes de vida (DLV) s\u00e3o cada vez mais prevalentes, os Cuidados Paliativos assumem-se como uma necessidade premente, n\u00e3o apenas para garantir a dignidade das pessoas em fases terminais, mas tamb\u00e9m para assegurar uma qualidade de vida adequada ap\u00f3s o&hellip;\" \/>\n<meta property=\"og:url\" content=\"http:\/\/maismagazine.pt\/index.php\/2025\/06\/27\/cuidados-paliativos-a-urgencia-de-politicas-praticas-para-realidades-complexas\/\" \/>\n<meta property=\"og:site_name\" content=\"Mais Magazine\" \/>\n<meta property=\"article:published_time\" content=\"2025-06-27T06:00:00+00:00\" \/>\n<meta property=\"og:image\" content=\"http:\/\/maismagazine.pt\/wp-content\/uploads\/2025\/06\/Daniela-Filipa-Almeida-da-Cunha-.png\" \/>\n\t<meta property=\"og:image:width\" content=\"681\" \/>\n\t<meta property=\"og:image:height\" content=\"681\" \/>\n\t<meta property=\"og:image:type\" content=\"image\/png\" \/>\n<meta name=\"author\" content=\"Tatiana Martins\" \/>\n<meta name=\"twitter:card\" content=\"summary_large_image\" \/>\n<meta name=\"twitter:label1\" content=\"Escrito por\" \/>\n\t<meta name=\"twitter:data1\" content=\"\" \/>\n\t<meta name=\"twitter:label2\" content=\"Tempo estimado de leitura\" \/>\n\t<meta name=\"twitter:data2\" content=\"7 minutos\" \/>\n<script type=\"application\/ld+json\" class=\"yoast-schema-graph\">{\"@context\":\"https:\/\/schema.org\",\"@graph\":[{\"@type\":\"Article\",\"@id\":\"http:\/\/maismagazine.pt\/index.php\/2025\/06\/27\/cuidados-paliativos-a-urgencia-de-politicas-praticas-para-realidades-complexas\/#article\",\"isPartOf\":{\"@id\":\"http:\/\/maismagazine.pt\/index.php\/2025\/06\/27\/cuidados-paliativos-a-urgencia-de-politicas-praticas-para-realidades-complexas\/\"},\"author\":{\"name\":\"Tatiana Martins\",\"@id\":\"https:\/\/maismagazine.pt\/#\/schema\/person\/7426e2caeb8df32a1b56aa48dae778c9\"},\"headline\":\"Cuidados Paliativos: A Urg\u00eancia de Pol\u00edticas Pr\u00e1ticas para Realidades Complexas\",\"datePublished\":\"2025-06-27T06:00:00+00:00\",\"mainEntityOfPage\":{\"@id\":\"http:\/\/maismagazine.pt\/index.php\/2025\/06\/27\/cuidados-paliativos-a-urgencia-de-politicas-praticas-para-realidades-complexas\/\"},\"wordCount\":1124,\"publisher\":{\"@id\":\"https:\/\/maismagazine.pt\/#organization\"},\"image\":{\"@id\":\"http:\/\/maismagazine.pt\/index.php\/2025\/06\/27\/cuidados-paliativos-a-urgencia-de-politicas-praticas-para-realidades-complexas\/#primaryimage\"},\"thumbnailUrl\":\"https:\/\/maismagazine.pt\/wp-content\/uploads\/2025\/06\/Daniela-Filipa-Almeida-da-Cunha-.png\",\"keywords\":[\"ASPE\",\"enfermeiros\",\"sa\u00fade\"],\"articleSection\":[\"Sa\u00fade\"],\"inLanguage\":\"pt-PT\"},{\"@type\":\"WebPage\",\"@id\":\"http:\/\/maismagazine.pt\/index.php\/2025\/06\/27\/cuidados-paliativos-a-urgencia-de-politicas-praticas-para-realidades-complexas\/\",\"url\":\"http:\/\/maismagazine.pt\/index.php\/2025\/06\/27\/cuidados-paliativos-a-urgencia-de-politicas-praticas-para-realidades-complexas\/\",\"name\":\"Cuidados Paliativos: A Urg\u00eancia de Pol\u00edticas Pr\u00e1ticas para Realidades Complexas - Mais Magazine\",\"isPartOf\":{\"@id\":\"https:\/\/maismagazine.pt\/#website\"},\"primaryImageOfPage\":{\"@id\":\"http:\/\/maismagazine.pt\/index.php\/2025\/06\/27\/cuidados-paliativos-a-urgencia-de-politicas-praticas-para-realidades-complexas\/#primaryimage\"},\"image\":{\"@id\":\"http:\/\/maismagazine.pt\/index.php\/2025\/06\/27\/cuidados-paliativos-a-urgencia-de-politicas-praticas-para-realidades-complexas\/#primaryimage\"},\"thumbnailUrl\":\"https:\/\/maismagazine.pt\/wp-content\/uploads\/2025\/06\/Daniela-Filipa-Almeida-da-Cunha-.png\",\"datePublished\":\"2025-06-27T06:00:00+00:00\",\"breadcrumb\":{\"@id\":\"http:\/\/maismagazine.pt\/index.php\/2025\/06\/27\/cuidados-paliativos-a-urgencia-de-politicas-praticas-para-realidades-complexas\/#breadcrumb\"},\"inLanguage\":\"pt-PT\",\"potentialAction\":[{\"@type\":\"ReadAction\",\"target\":[\"http:\/\/maismagazine.pt\/index.php\/2025\/06\/27\/cuidados-paliativos-a-urgencia-de-politicas-praticas-para-realidades-complexas\/\"]}]},{\"@type\":\"ImageObject\",\"inLanguage\":\"pt-PT\",\"@id\":\"http:\/\/maismagazine.pt\/index.php\/2025\/06\/27\/cuidados-paliativos-a-urgencia-de-politicas-praticas-para-realidades-complexas\/#primaryimage\",\"url\":\"https:\/\/maismagazine.pt\/wp-content\/uploads\/2025\/06\/Daniela-Filipa-Almeida-da-Cunha-.png\",\"contentUrl\":\"https:\/\/maismagazine.pt\/wp-content\/uploads\/2025\/06\/Daniela-Filipa-Almeida-da-Cunha-.png\",\"width\":681,\"height\":681,\"caption\":\"Daniela Cunha, Vogal do Conselho Fiscal da ASPE \u2013 Associa\u00e7\u00e3o Sindical Portuguesa dos Enfermeiros\"},{\"@type\":\"BreadcrumbList\",\"@id\":\"http:\/\/maismagazine.pt\/index.php\/2025\/06\/27\/cuidados-paliativos-a-urgencia-de-politicas-praticas-para-realidades-complexas\/#breadcrumb\",\"itemListElement\":[{\"@type\":\"ListItem\",\"position\":1,\"name\":\"Home\",\"item\":\"https:\/\/maismagazine.pt\/\"},{\"@type\":\"ListItem\",\"position\":2,\"name\":\"Cuidados Paliativos: A Urg\u00eancia de Pol\u00edticas Pr\u00e1ticas para Realidades Complexas\"}]},{\"@type\":\"WebSite\",\"@id\":\"https:\/\/maismagazine.pt\/#website\",\"url\":\"https:\/\/maismagazine.pt\/\",\"name\":\"Mais Magazine\",\"description\":\"\",\"publisher\":{\"@id\":\"https:\/\/maismagazine.pt\/#organization\"},\"potentialAction\":[{\"@type\":\"SearchAction\",\"target\":{\"@type\":\"EntryPoint\",\"urlTemplate\":\"https:\/\/maismagazine.pt\/?s={search_term_string}\"},\"query-input\":{\"@type\":\"PropertyValueSpecification\",\"valueRequired\":true,\"valueName\":\"search_term_string\"}}],\"inLanguage\":\"pt-PT\"},{\"@type\":\"Organization\",\"@id\":\"https:\/\/maismagazine.pt\/#organization\",\"name\":\"Mais Magazine\",\"url\":\"https:\/\/maismagazine.pt\/\",\"logo\":{\"@type\":\"ImageObject\",\"inLanguage\":\"pt-PT\",\"@id\":\"https:\/\/maismagazine.pt\/#\/schema\/logo\/image\/\",\"url\":\"https:\/\/maismagazine.pt\/wp-content\/uploads\/2020\/04\/cropped-cropped-mais-magazine-site-logo-2.png\",\"contentUrl\":\"https:\/\/maismagazine.pt\/wp-content\/uploads\/2020\/04\/cropped-cropped-mais-magazine-site-logo-2.png\",\"width\":581,\"height\":90,\"caption\":\"Mais Magazine\"},\"image\":{\"@id\":\"https:\/\/maismagazine.pt\/#\/schema\/logo\/image\/\"}},{\"@type\":\"Person\",\"@id\":\"https:\/\/maismagazine.pt\/#\/schema\/person\/7426e2caeb8df32a1b56aa48dae778c9\",\"name\":\"Tatiana Martins\",\"image\":{\"@type\":\"ImageObject\",\"inLanguage\":\"pt-PT\",\"@id\":\"https:\/\/maismagazine.pt\/#\/schema\/person\/image\/\",\"url\":\"https:\/\/secure.gravatar.com\/avatar\/4b24a57f5d0425f2eb20981c4b53244e?s=96&d=mm&r=g\",\"contentUrl\":\"https:\/\/secure.gravatar.com\/avatar\/4b24a57f5d0425f2eb20981c4b53244e?s=96&d=mm&r=g\",\"caption\":\"Tatiana Martins\"},\"url\":\"https:\/\/maismagazine.pt\/index.php\/author\/tatiana\/\"}]}<\/script>\n<!-- \/ Yoast SEO plugin. -->","yoast_head_json":{"title":"Cuidados Paliativos: A Urg\u00eancia de Pol\u00edticas Pr\u00e1ticas para Realidades Complexas - Mais Magazine","robots":{"index":"index","follow":"follow","max-snippet":"max-snippet:-1","max-image-preview":"max-image-preview:large","max-video-preview":"max-video-preview:-1"},"canonical":"http:\/\/maismagazine.pt\/index.php\/2025\/06\/27\/cuidados-paliativos-a-urgencia-de-politicas-praticas-para-realidades-complexas\/","og_locale":"pt_PT","og_type":"article","og_title":"Cuidados Paliativos: A Urg\u00eancia de Pol\u00edticas Pr\u00e1ticas para Realidades Complexas - Mais Magazine","og_description":"Em Portugal, onde a popula\u00e7\u00e3o envelhece rapidamente e onde as doen\u00e7as limitantes de vida (DLV) s\u00e3o cada vez mais prevalentes, os Cuidados Paliativos assumem-se como uma necessidade premente, n\u00e3o apenas para garantir a dignidade das pessoas em fases terminais, mas tamb\u00e9m para assegurar uma qualidade de vida adequada ap\u00f3s o&hellip;","og_url":"http:\/\/maismagazine.pt\/index.php\/2025\/06\/27\/cuidados-paliativos-a-urgencia-de-politicas-praticas-para-realidades-complexas\/","og_site_name":"Mais Magazine","article_published_time":"2025-06-27T06:00:00+00:00","og_image":[{"width":681,"height":681,"url":"http:\/\/maismagazine.pt\/wp-content\/uploads\/2025\/06\/Daniela-Filipa-Almeida-da-Cunha-.png","type":"image\/png"}],"author":"Tatiana Martins","twitter_card":"summary_large_image","twitter_misc":{"Escrito por":false,"Tempo estimado de leitura":"7 minutos"},"schema":{"@context":"https:\/\/schema.org","@graph":[{"@type":"Article","@id":"http:\/\/maismagazine.pt\/index.php\/2025\/06\/27\/cuidados-paliativos-a-urgencia-de-politicas-praticas-para-realidades-complexas\/#article","isPartOf":{"@id":"http:\/\/maismagazine.pt\/index.php\/2025\/06\/27\/cuidados-paliativos-a-urgencia-de-politicas-praticas-para-realidades-complexas\/"},"author":{"name":"Tatiana Martins","@id":"https:\/\/maismagazine.pt\/#\/schema\/person\/7426e2caeb8df32a1b56aa48dae778c9"},"headline":"Cuidados Paliativos: A Urg\u00eancia de Pol\u00edticas Pr\u00e1ticas para Realidades Complexas","datePublished":"2025-06-27T06:00:00+00:00","mainEntityOfPage":{"@id":"http:\/\/maismagazine.pt\/index.php\/2025\/06\/27\/cuidados-paliativos-a-urgencia-de-politicas-praticas-para-realidades-complexas\/"},"wordCount":1124,"publisher":{"@id":"https:\/\/maismagazine.pt\/#organization"},"image":{"@id":"http:\/\/maismagazine.pt\/index.php\/2025\/06\/27\/cuidados-paliativos-a-urgencia-de-politicas-praticas-para-realidades-complexas\/#primaryimage"},"thumbnailUrl":"https:\/\/maismagazine.pt\/wp-content\/uploads\/2025\/06\/Daniela-Filipa-Almeida-da-Cunha-.png","keywords":["ASPE","enfermeiros","sa\u00fade"],"articleSection":["Sa\u00fade"],"inLanguage":"pt-PT"},{"@type":"WebPage","@id":"http:\/\/maismagazine.pt\/index.php\/2025\/06\/27\/cuidados-paliativos-a-urgencia-de-politicas-praticas-para-realidades-complexas\/","url":"http:\/\/maismagazine.pt\/index.php\/2025\/06\/27\/cuidados-paliativos-a-urgencia-de-politicas-praticas-para-realidades-complexas\/","name":"Cuidados Paliativos: A Urg\u00eancia de Pol\u00edticas Pr\u00e1ticas para Realidades Complexas - Mais Magazine","isPartOf":{"@id":"https:\/\/maismagazine.pt\/#website"},"primaryImageOfPage":{"@id":"http:\/\/maismagazine.pt\/index.php\/2025\/06\/27\/cuidados-paliativos-a-urgencia-de-politicas-praticas-para-realidades-complexas\/#primaryimage"},"image":{"@id":"http:\/\/maismagazine.pt\/index.php\/2025\/06\/27\/cuidados-paliativos-a-urgencia-de-politicas-praticas-para-realidades-complexas\/#primaryimage"},"thumbnailUrl":"https:\/\/maismagazine.pt\/wp-content\/uploads\/2025\/06\/Daniela-Filipa-Almeida-da-Cunha-.png","datePublished":"2025-06-27T06:00:00+00:00","breadcrumb":{"@id":"http:\/\/maismagazine.pt\/index.php\/2025\/06\/27\/cuidados-paliativos-a-urgencia-de-politicas-praticas-para-realidades-complexas\/#breadcrumb"},"inLanguage":"pt-PT","potentialAction":[{"@type":"ReadAction","target":["http:\/\/maismagazine.pt\/index.php\/2025\/06\/27\/cuidados-paliativos-a-urgencia-de-politicas-praticas-para-realidades-complexas\/"]}]},{"@type":"ImageObject","inLanguage":"pt-PT","@id":"http:\/\/maismagazine.pt\/index.php\/2025\/06\/27\/cuidados-paliativos-a-urgencia-de-politicas-praticas-para-realidades-complexas\/#primaryimage","url":"https:\/\/maismagazine.pt\/wp-content\/uploads\/2025\/06\/Daniela-Filipa-Almeida-da-Cunha-.png","contentUrl":"https:\/\/maismagazine.pt\/wp-content\/uploads\/2025\/06\/Daniela-Filipa-Almeida-da-Cunha-.png","width":681,"height":681,"caption":"Daniela Cunha, Vogal do Conselho Fiscal da ASPE \u2013 Associa\u00e7\u00e3o Sindical Portuguesa dos Enfermeiros"},{"@type":"BreadcrumbList","@id":"http:\/\/maismagazine.pt\/index.php\/2025\/06\/27\/cuidados-paliativos-a-urgencia-de-politicas-praticas-para-realidades-complexas\/#breadcrumb","itemListElement":[{"@type":"ListItem","position":1,"name":"Home","item":"https:\/\/maismagazine.pt\/"},{"@type":"ListItem","position":2,"name":"Cuidados Paliativos: A Urg\u00eancia de Pol\u00edticas Pr\u00e1ticas para Realidades Complexas"}]},{"@type":"WebSite","@id":"https:\/\/maismagazine.pt\/#website","url":"https:\/\/maismagazine.pt\/","name":"Mais Magazine","description":"","publisher":{"@id":"https:\/\/maismagazine.pt\/#organization"},"potentialAction":[{"@type":"SearchAction","target":{"@type":"EntryPoint","urlTemplate":"https:\/\/maismagazine.pt\/?s={search_term_string}"},"query-input":{"@type":"PropertyValueSpecification","valueRequired":true,"valueName":"search_term_string"}}],"inLanguage":"pt-PT"},{"@type":"Organization","@id":"https:\/\/maismagazine.pt\/#organization","name":"Mais Magazine","url":"https:\/\/maismagazine.pt\/","logo":{"@type":"ImageObject","inLanguage":"pt-PT","@id":"https:\/\/maismagazine.pt\/#\/schema\/logo\/image\/","url":"https:\/\/maismagazine.pt\/wp-content\/uploads\/2020\/04\/cropped-cropped-mais-magazine-site-logo-2.png","contentUrl":"https:\/\/maismagazine.pt\/wp-content\/uploads\/2020\/04\/cropped-cropped-mais-magazine-site-logo-2.png","width":581,"height":90,"caption":"Mais Magazine"},"image":{"@id":"https:\/\/maismagazine.pt\/#\/schema\/logo\/image\/"}},{"@type":"Person","@id":"https:\/\/maismagazine.pt\/#\/schema\/person\/7426e2caeb8df32a1b56aa48dae778c9","name":"Tatiana Martins","image":{"@type":"ImageObject","inLanguage":"pt-PT","@id":"https:\/\/maismagazine.pt\/#\/schema\/person\/image\/","url":"https:\/\/secure.gravatar.com\/avatar\/4b24a57f5d0425f2eb20981c4b53244e?s=96&d=mm&r=g","contentUrl":"https:\/\/secure.gravatar.com\/avatar\/4b24a57f5d0425f2eb20981c4b53244e?s=96&d=mm&r=g","caption":"Tatiana Martins"},"url":"https:\/\/maismagazine.pt\/index.php\/author\/tatiana\/"}]}},"author_meta":{"display_name":false,"author_link":"https:\/\/maismagazine.pt\/index.php\/author\/tatiana\/"},"featured_img":"https:\/\/maismagazine.pt\/wp-content\/uploads\/2025\/06\/Daniela-Filipa-Almeida-da-Cunha--300x300.png","coauthors":[],"tax_additional":{"categories":{"linked":["<a href=\"https:\/\/maismagazine.pt\/index.php\/category\/mundo-empresarial\/saude\/\" class=\"advgb-post-tax-term\">Sa\u00fade<\/a>"],"unlinked":["<span class=\"advgb-post-tax-term\">Sa\u00fade<\/span>"]},"tags":{"linked":["<a href=\"https:\/\/maismagazine.pt\/index.php\/category\/mundo-empresarial\/saude\/\" class=\"advgb-post-tax-term\">ASPE<\/a>","<a href=\"https:\/\/maismagazine.pt\/index.php\/category\/mundo-empresarial\/saude\/\" class=\"advgb-post-tax-term\">enfermeiros<\/a>","<a href=\"https:\/\/maismagazine.pt\/index.php\/category\/mundo-empresarial\/saude\/\" class=\"advgb-post-tax-term\">sa\u00fade<\/a>"],"unlinked":["<span class=\"advgb-post-tax-term\">ASPE<\/span>","<span class=\"advgb-post-tax-term\">enfermeiros<\/span>","<span class=\"advgb-post-tax-term\">sa\u00fade<\/span>"]}},"comment_count":"0","relative_dates":{"created":"Posted 10 meses ago","modified":"Updated 10 meses ago"},"absolute_dates":{"created":"Posted on 27 de Junho, 2025","modified":"Updated on 26 de Junho, 2025"},"absolute_dates_time":{"created":"Posted on 27 de Junho, 2025 7:00","modified":"Updated on 26 de Junho, 2025 14:54"},"featured_img_caption":"Daniela Cunha, Vogal do Conselho Fiscal da ASPE \u2013 Associa\u00e7\u00e3o Sindical Portuguesa dos Enfermeiros","series_order":"","_links":{"self":[{"href":"https:\/\/maismagazine.pt\/index.php\/wp-json\/wp\/v2\/posts\/12347","targetHints":{"allow":["GET"]}}],"collection":[{"href":"https:\/\/maismagazine.pt\/index.php\/wp-json\/wp\/v2\/posts"}],"about":[{"href":"https:\/\/maismagazine.pt\/index.php\/wp-json\/wp\/v2\/types\/post"}],"author":[{"embeddable":true,"href":"https:\/\/maismagazine.pt\/index.php\/wp-json\/wp\/v2\/users\/18"}],"replies":[{"embeddable":true,"href":"https:\/\/maismagazine.pt\/index.php\/wp-json\/wp\/v2\/comments?post=12347"}],"version-history":[{"count":1,"href":"https:\/\/maismagazine.pt\/index.php\/wp-json\/wp\/v2\/posts\/12347\/revisions"}],"predecessor-version":[{"id":12359,"href":"https:\/\/maismagazine.pt\/index.php\/wp-json\/wp\/v2\/posts\/12347\/revisions\/12359"}],"wp:featuredmedia":[{"embeddable":true,"href":"https:\/\/maismagazine.pt\/index.php\/wp-json\/wp\/v2\/media\/12279"}],"wp:attachment":[{"href":"https:\/\/maismagazine.pt\/index.php\/wp-json\/wp\/v2\/media?parent=12347"}],"wp:term":[{"taxonomy":"category","embeddable":true,"href":"https:\/\/maismagazine.pt\/index.php\/wp-json\/wp\/v2\/categories?post=12347"},{"taxonomy":"post_tag","embeddable":true,"href":"https:\/\/maismagazine.pt\/index.php\/wp-json\/wp\/v2\/tags?post=12347"}],"curies":[{"name":"wp","href":"https:\/\/api.w.org\/{rel}","templated":true}]}}