{"id":12338,"date":"2025-06-27T07:00:00","date_gmt":"2025-06-27T06:00:00","guid":{"rendered":"https:\/\/maismagazine.pt\/?p=12338"},"modified":"2025-06-26T14:43:38","modified_gmt":"2025-06-26T13:43:38","slug":"uma-instituicao-centrada-nos-seus-estudantes","status":"publish","type":"post","link":"https:\/\/maismagazine.pt\/index.php\/2025\/06\/27\/uma-instituicao-centrada-nos-seus-estudantes\/","title":{"rendered":"Uma institui\u00e7\u00e3o centrada nos seus estudantes"},"content":{"rendered":"\n<p><strong>Em pleno processo de transforma\u00e7\u00e3o, o <a href=\"https:\/\/www.ipl.pt\/\">Instituto Polit\u00e9cnico de Lisboa (IPL)<\/a> aposta numa reorganiza\u00e7\u00e3o interna que promova maior efici\u00eancia e melhor ensino. Em entrevista \u00e0 Mais Magazine, Ant\u00f3nio da Cruz Belo, que assumiu recentemente a presid\u00eancia da institui\u00e7\u00e3o, revela as suas prioridades e partilha a vis\u00e3o estrat\u00e9gica para o futuro do IPL. <\/strong><\/p>\n\n\n\n<p><\/p>\n\n\n\n<p>Para compreender verdadeiramente o Instituto Polit\u00e9cnico de Lisboa, \u00e9 fundamental recuar \u00e0 sua g\u00e9nese, marcada por uma particularidade que o distingue de muitas outras institui\u00e7\u00f5es: o IPL n\u00e3o foi criado de raiz. \u201cO Instituto resultou da jun\u00e7\u00e3o de v\u00e1rias escolas j\u00e1 existentes\u201d, explica Ant\u00f3nio da Cruz Belo. Entre estas encontram-se o Instituto Superior de Engenharia de Lisboa (ISEL), antigo Instituto Industrial de Lisboa; o Instituto Superior de Contabilidade e Administra\u00e7\u00e3o de Lisboa (ISCAL), anteriormente Aula do Com\u00e9rcio; a Escola Superior de Educa\u00e7\u00e3o de Lisboa, o antigo Magist\u00e9rio Prim\u00e1rio; e o Conservat\u00f3rio Nacional, que mais tarde deu origem a tr\u00eas escolas distintas: a Escola Superior de M\u00fasica de Lisboa, a Escola Superior de Dan\u00e7a e a Escola Superior de Teatro e Cinema. A estas vieram ainda juntar-se, posteriormente, a Escola Superior de Comunica\u00e7\u00e3o Social, \u00fanica escola fundada no Polit\u00e9cnico de Lisboa, e a Escola Superior de Tecnologia da Sa\u00fade de Lisboa.  <\/p>\n\n\n\n<p><\/p>\n\n\n\n<p>Atualmente, o IPL oferece uma forma\u00e7\u00e3o ampla e diversificada nas \u00e1reas da Comunica\u00e7\u00e3o, Engenharia, Ci\u00eancias Empresariais, Ci\u00eancias da Sa\u00fade, Educa\u00e7\u00e3o e Artes. A oferta formativa abrange os tr\u00eas ciclos de ensino superior: licenciaturas, mestrados e doutoramentos. Neste \u00faltimo campo, foram j\u00e1 propostos mais quatro doutoramentos que dever\u00e3o entrar em funcionamento em breve, permitindo assim, nas palavras do presidente, \u201ccompletar todo o ciclo de forma\u00e7\u00f5es poss\u00edveis no ensino superior\u201d. <\/p>\n\n\n\n<p><\/p>\n\n\n\n<p>Mas, afinal, quando \u00e9 que o percurso profissional de Ant\u00f3nio da Cruz Belo se cruzou com o do IPL? \u201cPraticamente desde o in\u00edcio\u201d, explica. Assim que terminou os seus estudos, teve a oportunidade de ingressar na Escola Superior de Comunica\u00e7\u00e3o Social inicialmente como docente e, anos mais tarde assumiu a vice presid\u00eancia e foi tamb\u00e9m presidente da Escola. Mais tarde, foi convidado a colaborar com o IPL, numa fase inicial como pr\u00f3-presidente e, posteriormente, como vice-presidente. Assim, assumir o cargo de presidente do IPL foi algo que encarou como \u201cum dever\u201d, no sentido de \u201cretribuir aquilo que foi o meu crescimento e a minha vida profissional nesta institui\u00e7\u00e3o\u201d. <\/p>\n\n\n\n<p><\/p>\n\n\n\n<p>Quanto aos objetivos para este primeiro ano de mandato, o presidente assume que a prioridade \u00e9 a reorganiza\u00e7\u00e3o interna, tendo em conta que este \u00e9 um ano repleto de transi\u00e7\u00f5es para o Polit\u00e9cnico. Tal deve-se n\u00e3o s\u00f3 \u00e0 mudan\u00e7a de presidente, ap\u00f3s um ciclo de oito anos da presid\u00eancia anterior, mas tamb\u00e9m \u00e0 altera\u00e7\u00e3o dos estatutos e ao poss\u00edvel novo Regime Jur\u00eddico das Institui\u00e7\u00f5es de Ensino Superior (RJIES). Ao mesmo tempo, estes novos tempos em que vivemos deram origem a um novo perfil de estudante, o que exige uma adapta\u00e7\u00e3o das metodologias de ensino a esta nova realidade. N\u00e3o obstante, o foco est\u00e1 em transmitir aos futuros alunos que esta institui\u00e7\u00e3o \u201c\u00e9 um local atrativo para estudar, \u00e9 um s\u00edtio onde ter\u00e3o apoio, seja em termos escolares, seja em termos de apoio psicol\u00f3gico e de bem-estar\u201d, salienta. <\/p>\n\n\n\n<p><\/p>\n\n\n\n<p>Se tivesse de apontar uma caracter\u00edstica que distingue o IPL das restantes institui\u00e7\u00f5es de ensino superior, o presidente destaca o \u201ccarinho\u201d que sente pela \u00e1rea das artes performativas. A componente pr\u00e1tica dos cursos, sustentada quer em termos laboratoriais, quer ao n\u00edvel dos equipamentos, e a proximidade entre docentes e estudantes, s\u00e3o tamb\u00e9m dois aspetos a ter em conta.  <\/p>\n\n\n\n<p><\/p>\n\n\n\n<p>Paralelamente, o tema da sustentabilidade \u00e9 muito importante para o IPL. \u201cPara n\u00f3s, a forma\u00e7\u00e3o n\u00e3o \u00e9 apenas t\u00e9cnica; tem de incluir esta dimens\u00e3o da forma\u00e7\u00e3o do cidad\u00e3o, n\u00e3o apenas do profissional\u201d, sublinha o presidente. Nesse sentido, est\u00e1 a ser criado um comissariado para o desenvolvimento sustent\u00e1vel dentro do Polit\u00e9cnico. Al\u00e9m disso, o IPL integra a Universidade Europeia U!REKA, e um dos objetivos desta passa por garantir que, no futuro, todos os cursos das universidades que a integram incluam forma\u00e7\u00e3o na \u00e1rea da sustentabilidade \u2014 independentemente de se tratar de um curso de engenharia, comunica\u00e7\u00e3o, dan\u00e7a&#8230;Por fim, Ant\u00f3nio da Cruz Belo olha para o futuro da institui\u00e7\u00e3o com otimismo, pois confia nas qualidades de todos os que integram a comunidade do IPL. \u201cVamos continuar a ser capazes de atrair estudantes e prepar\u00e1-los para entrarem ativamente no mercado de trabalho\u201d, conclui.  <\/p>\n\n\n\n<p><\/p>\n\n\n<div class=\"wp-block-image\">\n<figure class=\"aligncenter size-full is-resized\"><img loading=\"lazy\" decoding=\"async\" width=\"472\" height=\"124\" src=\"https:\/\/maismagazine.pt\/wp-content\/uploads\/2025\/06\/image-2.png\" alt=\"\" class=\"wp-image-12344\" style=\"width:624px;height:auto\" srcset=\"https:\/\/maismagazine.pt\/wp-content\/uploads\/2025\/06\/image-2.png 472w, https:\/\/maismagazine.pt\/wp-content\/uploads\/2025\/06\/image-2-300x79.png 300w\" sizes=\"auto, (max-width: 472px) 100vw, 472px\" \/><\/figure><\/div>","protected":false},"excerpt":{"rendered":"<p>Em pleno processo de transforma\u00e7\u00e3o, o Instituto Polit\u00e9cnico de Lisboa (IPL) aposta numa reorganiza\u00e7\u00e3o interna que promova maior efici\u00eancia e melhor ensino. Em entrevista \u00e0 Mais Magazine, Ant\u00f3nio da Cruz Belo, que assumiu recentemente a presid\u00eancia da institui\u00e7\u00e3o, revela as suas prioridades e partilha a vis\u00e3o estrat\u00e9gica para o futuro&hellip;<\/p>\n","protected":false},"author":17,"featured_media":12348,"comment_status":"closed","ping_status":"open","sticky":false,"template":"","format":"standard","meta":{"advgb_blocks_editor_width":"","advgb_blocks_columns_visual_guide":"","_monsterinsights_skip_tracking":false,"_monsterinsights_sitenote_active":false,"_monsterinsights_sitenote_note":"","_monsterinsights_sitenote_category":0,"footnotes":""},"categories":[149],"tags":[2399],"class_list":["post-12338","post","type-post","status-publish","format-standard","has-post-thumbnail","hentry","category-educacao","tag-ip-lisboa"],"yoast_head":"<!-- This site is optimized with the Yoast SEO plugin v24.4 - https:\/\/yoast.com\/wordpress\/plugins\/seo\/ -->\n<title>Uma institui\u00e7\u00e3o centrada nos seus estudantes - Mais Magazine<\/title>\n<meta name=\"description\" content=\"Em pleno processo de transforma\u00e7\u00e3o, o Instituto Polit\u00e9cnico de Lisboa (IPL) aposta numa reorganiza\u00e7\u00e3o interna que promova maior efici\u00eancia e melhor ensino. Em entrevista \u00e0 Mais Magazine, Ant\u00f3nio da Cruz Belo, que assumiu recentemente a presid\u00eancia da institui\u00e7\u00e3o, revela as suas prioridades e partilha a vis\u00e3o estrat\u00e9gica para o futuro do IPL.\" \/>\n<meta name=\"robots\" content=\"index, follow, max-snippet:-1, max-image-preview:large, max-video-preview:-1\" \/>\n<link rel=\"canonical\" href=\"https:\/\/maismagazine.pt\/index.php\/2025\/06\/27\/uma-instituicao-centrada-nos-seus-estudantes\/\" \/>\n<meta property=\"og:locale\" content=\"pt_PT\" \/>\n<meta property=\"og:type\" content=\"article\" \/>\n<meta property=\"og:title\" content=\"Uma institui\u00e7\u00e3o centrada nos seus estudantes - Mais Magazine\" \/>\n<meta property=\"og:description\" content=\"Em pleno processo de transforma\u00e7\u00e3o, o Instituto Polit\u00e9cnico de Lisboa (IPL) aposta numa reorganiza\u00e7\u00e3o interna que promova maior efici\u00eancia e melhor ensino. Em entrevista \u00e0 Mais Magazine, Ant\u00f3nio da Cruz Belo, que assumiu recentemente a presid\u00eancia da institui\u00e7\u00e3o, revela as suas prioridades e partilha a vis\u00e3o estrat\u00e9gica para o futuro do IPL.\" \/>\n<meta property=\"og:url\" content=\"https:\/\/maismagazine.pt\/index.php\/2025\/06\/27\/uma-instituicao-centrada-nos-seus-estudantes\/\" \/>\n<meta property=\"og:site_name\" content=\"Mais Magazine\" \/>\n<meta property=\"article:published_time\" content=\"2025-06-27T06:00:00+00:00\" \/>\n<meta property=\"og:image\" content=\"https:\/\/maismagazine.pt\/wp-content\/uploads\/2025\/06\/PJA6208.jpg\" \/>\n\t<meta property=\"og:image:width\" content=\"352\" \/>\n\t<meta property=\"og:image:height\" content=\"529\" \/>\n\t<meta property=\"og:image:type\" content=\"image\/jpeg\" \/>\n<meta name=\"author\" content=\"Tiago Costa\" \/>\n<meta name=\"twitter:card\" content=\"summary_large_image\" \/>\n<meta name=\"twitter:label1\" content=\"Escrito por\" \/>\n\t<meta name=\"twitter:data1\" content=\"\" \/>\n\t<meta name=\"twitter:label2\" content=\"Tempo estimado de leitura\" \/>\n\t<meta name=\"twitter:data2\" content=\"5 minutos\" \/>\n<script type=\"application\/ld+json\" class=\"yoast-schema-graph\">{\"@context\":\"https:\/\/schema.org\",\"@graph\":[{\"@type\":\"Article\",\"@id\":\"https:\/\/maismagazine.pt\/index.php\/2025\/06\/27\/uma-instituicao-centrada-nos-seus-estudantes\/#article\",\"isPartOf\":{\"@id\":\"https:\/\/maismagazine.pt\/index.php\/2025\/06\/27\/uma-instituicao-centrada-nos-seus-estudantes\/\"},\"author\":{\"name\":\"Tiago Costa\",\"@id\":\"https:\/\/maismagazine.pt\/#\/schema\/person\/c6c5bfccc886434cbd11c74e035f9646\"},\"headline\":\"Uma institui\u00e7\u00e3o centrada nos seus estudantes\",\"datePublished\":\"2025-06-27T06:00:00+00:00\",\"mainEntityOfPage\":{\"@id\":\"https:\/\/maismagazine.pt\/index.php\/2025\/06\/27\/uma-instituicao-centrada-nos-seus-estudantes\/\"},\"wordCount\":795,\"publisher\":{\"@id\":\"https:\/\/maismagazine.pt\/#organization\"},\"image\":{\"@id\":\"https:\/\/maismagazine.pt\/index.php\/2025\/06\/27\/uma-instituicao-centrada-nos-seus-estudantes\/#primaryimage\"},\"thumbnailUrl\":\"https:\/\/maismagazine.pt\/wp-content\/uploads\/2025\/06\/PJA6208.jpg\",\"keywords\":[\"IP Lisboa\"],\"articleSection\":[\"Educa\u00e7\u00e3o\"],\"inLanguage\":\"pt-PT\"},{\"@type\":\"WebPage\",\"@id\":\"https:\/\/maismagazine.pt\/index.php\/2025\/06\/27\/uma-instituicao-centrada-nos-seus-estudantes\/\",\"url\":\"https:\/\/maismagazine.pt\/index.php\/2025\/06\/27\/uma-instituicao-centrada-nos-seus-estudantes\/\",\"name\":\"Uma institui\u00e7\u00e3o centrada nos seus estudantes - Mais Magazine\",\"isPartOf\":{\"@id\":\"https:\/\/maismagazine.pt\/#website\"},\"primaryImageOfPage\":{\"@id\":\"https:\/\/maismagazine.pt\/index.php\/2025\/06\/27\/uma-instituicao-centrada-nos-seus-estudantes\/#primaryimage\"},\"image\":{\"@id\":\"https:\/\/maismagazine.pt\/index.php\/2025\/06\/27\/uma-instituicao-centrada-nos-seus-estudantes\/#primaryimage\"},\"thumbnailUrl\":\"https:\/\/maismagazine.pt\/wp-content\/uploads\/2025\/06\/PJA6208.jpg\",\"datePublished\":\"2025-06-27T06:00:00+00:00\",\"description\":\"Em pleno processo de transforma\u00e7\u00e3o, o Instituto Polit\u00e9cnico de Lisboa (IPL) aposta numa reorganiza\u00e7\u00e3o interna que promova maior efici\u00eancia e melhor ensino. Em entrevista \u00e0 Mais Magazine, Ant\u00f3nio da Cruz Belo, que assumiu recentemente a presid\u00eancia da institui\u00e7\u00e3o, revela as suas prioridades e partilha a vis\u00e3o estrat\u00e9gica para o futuro do IPL.\",\"breadcrumb\":{\"@id\":\"https:\/\/maismagazine.pt\/index.php\/2025\/06\/27\/uma-instituicao-centrada-nos-seus-estudantes\/#breadcrumb\"},\"inLanguage\":\"pt-PT\",\"potentialAction\":[{\"@type\":\"ReadAction\",\"target\":[\"https:\/\/maismagazine.pt\/index.php\/2025\/06\/27\/uma-instituicao-centrada-nos-seus-estudantes\/\"]}]},{\"@type\":\"ImageObject\",\"inLanguage\":\"pt-PT\",\"@id\":\"https:\/\/maismagazine.pt\/index.php\/2025\/06\/27\/uma-instituicao-centrada-nos-seus-estudantes\/#primaryimage\",\"url\":\"https:\/\/maismagazine.pt\/wp-content\/uploads\/2025\/06\/PJA6208.jpg\",\"contentUrl\":\"https:\/\/maismagazine.pt\/wp-content\/uploads\/2025\/06\/PJA6208.jpg\",\"width\":352,\"height\":529},{\"@type\":\"BreadcrumbList\",\"@id\":\"https:\/\/maismagazine.pt\/index.php\/2025\/06\/27\/uma-instituicao-centrada-nos-seus-estudantes\/#breadcrumb\",\"itemListElement\":[{\"@type\":\"ListItem\",\"position\":1,\"name\":\"Home\",\"item\":\"https:\/\/maismagazine.pt\/\"},{\"@type\":\"ListItem\",\"position\":2,\"name\":\"Uma institui\u00e7\u00e3o centrada nos seus estudantes\"}]},{\"@type\":\"WebSite\",\"@id\":\"https:\/\/maismagazine.pt\/#website\",\"url\":\"https:\/\/maismagazine.pt\/\",\"name\":\"Mais Magazine\",\"description\":\"\",\"publisher\":{\"@id\":\"https:\/\/maismagazine.pt\/#organization\"},\"potentialAction\":[{\"@type\":\"SearchAction\",\"target\":{\"@type\":\"EntryPoint\",\"urlTemplate\":\"https:\/\/maismagazine.pt\/?s={search_term_string}\"},\"query-input\":{\"@type\":\"PropertyValueSpecification\",\"valueRequired\":true,\"valueName\":\"search_term_string\"}}],\"inLanguage\":\"pt-PT\"},{\"@type\":\"Organization\",\"@id\":\"https:\/\/maismagazine.pt\/#organization\",\"name\":\"Mais Magazine\",\"url\":\"https:\/\/maismagazine.pt\/\",\"logo\":{\"@type\":\"ImageObject\",\"inLanguage\":\"pt-PT\",\"@id\":\"https:\/\/maismagazine.pt\/#\/schema\/logo\/image\/\",\"url\":\"https:\/\/maismagazine.pt\/wp-content\/uploads\/2020\/04\/cropped-cropped-mais-magazine-site-logo-2.png\",\"contentUrl\":\"https:\/\/maismagazine.pt\/wp-content\/uploads\/2020\/04\/cropped-cropped-mais-magazine-site-logo-2.png\",\"width\":581,\"height\":90,\"caption\":\"Mais Magazine\"},\"image\":{\"@id\":\"https:\/\/maismagazine.pt\/#\/schema\/logo\/image\/\"}},{\"@type\":\"Person\",\"@id\":\"https:\/\/maismagazine.pt\/#\/schema\/person\/c6c5bfccc886434cbd11c74e035f9646\",\"name\":\"Tiago Costa\",\"image\":{\"@type\":\"ImageObject\",\"inLanguage\":\"pt-PT\",\"@id\":\"https:\/\/maismagazine.pt\/#\/schema\/person\/image\/\",\"url\":\"https:\/\/secure.gravatar.com\/avatar\/c599b2bce16c9870429198cbad5ee022?s=96&d=mm&r=g\",\"contentUrl\":\"https:\/\/secure.gravatar.com\/avatar\/c599b2bce16c9870429198cbad5ee022?s=96&d=mm&r=g\",\"caption\":\"Tiago Costa\"},\"url\":\"https:\/\/maismagazine.pt\/index.php\/author\/tiago\/\"}]}<\/script>\n<!-- \/ Yoast SEO plugin. -->","yoast_head_json":{"title":"Uma institui\u00e7\u00e3o centrada nos seus estudantes - Mais Magazine","description":"Em pleno processo de transforma\u00e7\u00e3o, o Instituto Polit\u00e9cnico de Lisboa (IPL) aposta numa reorganiza\u00e7\u00e3o interna que promova maior efici\u00eancia e melhor ensino. Em entrevista \u00e0 Mais Magazine, Ant\u00f3nio da Cruz Belo, que assumiu recentemente a presid\u00eancia da institui\u00e7\u00e3o, revela as suas prioridades e partilha a vis\u00e3o estrat\u00e9gica para o futuro do IPL.","robots":{"index":"index","follow":"follow","max-snippet":"max-snippet:-1","max-image-preview":"max-image-preview:large","max-video-preview":"max-video-preview:-1"},"canonical":"https:\/\/maismagazine.pt\/index.php\/2025\/06\/27\/uma-instituicao-centrada-nos-seus-estudantes\/","og_locale":"pt_PT","og_type":"article","og_title":"Uma institui\u00e7\u00e3o centrada nos seus estudantes - Mais Magazine","og_description":"Em pleno processo de transforma\u00e7\u00e3o, o Instituto Polit\u00e9cnico de Lisboa (IPL) aposta numa reorganiza\u00e7\u00e3o interna que promova maior efici\u00eancia e melhor ensino. Em entrevista \u00e0 Mais Magazine, Ant\u00f3nio da Cruz Belo, que assumiu recentemente a presid\u00eancia da institui\u00e7\u00e3o, revela as suas prioridades e partilha a vis\u00e3o estrat\u00e9gica para o futuro do IPL.","og_url":"https:\/\/maismagazine.pt\/index.php\/2025\/06\/27\/uma-instituicao-centrada-nos-seus-estudantes\/","og_site_name":"Mais Magazine","article_published_time":"2025-06-27T06:00:00+00:00","og_image":[{"width":352,"height":529,"url":"https:\/\/maismagazine.pt\/wp-content\/uploads\/2025\/06\/PJA6208.jpg","type":"image\/jpeg"}],"author":"Tiago Costa","twitter_card":"summary_large_image","twitter_misc":{"Escrito por":false,"Tempo estimado de leitura":"5 minutos"},"schema":{"@context":"https:\/\/schema.org","@graph":[{"@type":"Article","@id":"https:\/\/maismagazine.pt\/index.php\/2025\/06\/27\/uma-instituicao-centrada-nos-seus-estudantes\/#article","isPartOf":{"@id":"https:\/\/maismagazine.pt\/index.php\/2025\/06\/27\/uma-instituicao-centrada-nos-seus-estudantes\/"},"author":{"name":"Tiago Costa","@id":"https:\/\/maismagazine.pt\/#\/schema\/person\/c6c5bfccc886434cbd11c74e035f9646"},"headline":"Uma institui\u00e7\u00e3o centrada nos seus estudantes","datePublished":"2025-06-27T06:00:00+00:00","mainEntityOfPage":{"@id":"https:\/\/maismagazine.pt\/index.php\/2025\/06\/27\/uma-instituicao-centrada-nos-seus-estudantes\/"},"wordCount":795,"publisher":{"@id":"https:\/\/maismagazine.pt\/#organization"},"image":{"@id":"https:\/\/maismagazine.pt\/index.php\/2025\/06\/27\/uma-instituicao-centrada-nos-seus-estudantes\/#primaryimage"},"thumbnailUrl":"https:\/\/maismagazine.pt\/wp-content\/uploads\/2025\/06\/PJA6208.jpg","keywords":["IP Lisboa"],"articleSection":["Educa\u00e7\u00e3o"],"inLanguage":"pt-PT"},{"@type":"WebPage","@id":"https:\/\/maismagazine.pt\/index.php\/2025\/06\/27\/uma-instituicao-centrada-nos-seus-estudantes\/","url":"https:\/\/maismagazine.pt\/index.php\/2025\/06\/27\/uma-instituicao-centrada-nos-seus-estudantes\/","name":"Uma institui\u00e7\u00e3o centrada nos seus estudantes - Mais Magazine","isPartOf":{"@id":"https:\/\/maismagazine.pt\/#website"},"primaryImageOfPage":{"@id":"https:\/\/maismagazine.pt\/index.php\/2025\/06\/27\/uma-instituicao-centrada-nos-seus-estudantes\/#primaryimage"},"image":{"@id":"https:\/\/maismagazine.pt\/index.php\/2025\/06\/27\/uma-instituicao-centrada-nos-seus-estudantes\/#primaryimage"},"thumbnailUrl":"https:\/\/maismagazine.pt\/wp-content\/uploads\/2025\/06\/PJA6208.jpg","datePublished":"2025-06-27T06:00:00+00:00","description":"Em pleno processo de transforma\u00e7\u00e3o, o Instituto Polit\u00e9cnico de Lisboa (IPL) aposta numa reorganiza\u00e7\u00e3o interna que promova maior efici\u00eancia e melhor ensino. Em entrevista \u00e0 Mais Magazine, Ant\u00f3nio da Cruz Belo, que assumiu recentemente a presid\u00eancia da institui\u00e7\u00e3o, revela as suas prioridades e partilha a vis\u00e3o estrat\u00e9gica para o futuro do IPL.","breadcrumb":{"@id":"https:\/\/maismagazine.pt\/index.php\/2025\/06\/27\/uma-instituicao-centrada-nos-seus-estudantes\/#breadcrumb"},"inLanguage":"pt-PT","potentialAction":[{"@type":"ReadAction","target":["https:\/\/maismagazine.pt\/index.php\/2025\/06\/27\/uma-instituicao-centrada-nos-seus-estudantes\/"]}]},{"@type":"ImageObject","inLanguage":"pt-PT","@id":"https:\/\/maismagazine.pt\/index.php\/2025\/06\/27\/uma-instituicao-centrada-nos-seus-estudantes\/#primaryimage","url":"https:\/\/maismagazine.pt\/wp-content\/uploads\/2025\/06\/PJA6208.jpg","contentUrl":"https:\/\/maismagazine.pt\/wp-content\/uploads\/2025\/06\/PJA6208.jpg","width":352,"height":529},{"@type":"BreadcrumbList","@id":"https:\/\/maismagazine.pt\/index.php\/2025\/06\/27\/uma-instituicao-centrada-nos-seus-estudantes\/#breadcrumb","itemListElement":[{"@type":"ListItem","position":1,"name":"Home","item":"https:\/\/maismagazine.pt\/"},{"@type":"ListItem","position":2,"name":"Uma institui\u00e7\u00e3o centrada nos seus estudantes"}]},{"@type":"WebSite","@id":"https:\/\/maismagazine.pt\/#website","url":"https:\/\/maismagazine.pt\/","name":"Mais Magazine","description":"","publisher":{"@id":"https:\/\/maismagazine.pt\/#organization"},"potentialAction":[{"@type":"SearchAction","target":{"@type":"EntryPoint","urlTemplate":"https:\/\/maismagazine.pt\/?s={search_term_string}"},"query-input":{"@type":"PropertyValueSpecification","valueRequired":true,"valueName":"search_term_string"}}],"inLanguage":"pt-PT"},{"@type":"Organization","@id":"https:\/\/maismagazine.pt\/#organization","name":"Mais Magazine","url":"https:\/\/maismagazine.pt\/","logo":{"@type":"ImageObject","inLanguage":"pt-PT","@id":"https:\/\/maismagazine.pt\/#\/schema\/logo\/image\/","url":"https:\/\/maismagazine.pt\/wp-content\/uploads\/2020\/04\/cropped-cropped-mais-magazine-site-logo-2.png","contentUrl":"https:\/\/maismagazine.pt\/wp-content\/uploads\/2020\/04\/cropped-cropped-mais-magazine-site-logo-2.png","width":581,"height":90,"caption":"Mais Magazine"},"image":{"@id":"https:\/\/maismagazine.pt\/#\/schema\/logo\/image\/"}},{"@type":"Person","@id":"https:\/\/maismagazine.pt\/#\/schema\/person\/c6c5bfccc886434cbd11c74e035f9646","name":"Tiago Costa","image":{"@type":"ImageObject","inLanguage":"pt-PT","@id":"https:\/\/maismagazine.pt\/#\/schema\/person\/image\/","url":"https:\/\/secure.gravatar.com\/avatar\/c599b2bce16c9870429198cbad5ee022?s=96&d=mm&r=g","contentUrl":"https:\/\/secure.gravatar.com\/avatar\/c599b2bce16c9870429198cbad5ee022?s=96&d=mm&r=g","caption":"Tiago Costa"},"url":"https:\/\/maismagazine.pt\/index.php\/author\/tiago\/"}]}},"author_meta":{"display_name":false,"author_link":"https:\/\/maismagazine.pt\/index.php\/author\/tiago\/"},"featured_img":"https:\/\/maismagazine.pt\/wp-content\/uploads\/2025\/06\/PJA6208-200x300.jpg","coauthors":[],"tax_additional":{"categories":{"linked":["<a href=\"https:\/\/maismagazine.pt\/index.php\/category\/educacao\/\" class=\"advgb-post-tax-term\">Educa\u00e7\u00e3o<\/a>"],"unlinked":["<span class=\"advgb-post-tax-term\">Educa\u00e7\u00e3o<\/span>"]},"tags":{"linked":["<a href=\"https:\/\/maismagazine.pt\/index.php\/category\/educacao\/\" class=\"advgb-post-tax-term\">IP Lisboa<\/a>"],"unlinked":["<span class=\"advgb-post-tax-term\">IP Lisboa<\/span>"]}},"comment_count":"0","relative_dates":{"created":"Posted 10 meses ago","modified":"Updated 10 meses ago"},"absolute_dates":{"created":"Posted on 27 de Junho, 2025","modified":"Updated on 26 de Junho, 2025"},"absolute_dates_time":{"created":"Posted on 27 de Junho, 2025 7:00","modified":"Updated on 26 de Junho, 2025 14:43"},"featured_img_caption":"","series_order":"","_links":{"self":[{"href":"https:\/\/maismagazine.pt\/index.php\/wp-json\/wp\/v2\/posts\/12338","targetHints":{"allow":["GET"]}}],"collection":[{"href":"https:\/\/maismagazine.pt\/index.php\/wp-json\/wp\/v2\/posts"}],"about":[{"href":"https:\/\/maismagazine.pt\/index.php\/wp-json\/wp\/v2\/types\/post"}],"author":[{"embeddable":true,"href":"https:\/\/maismagazine.pt\/index.php\/wp-json\/wp\/v2\/users\/17"}],"replies":[{"embeddable":true,"href":"https:\/\/maismagazine.pt\/index.php\/wp-json\/wp\/v2\/comments?post=12338"}],"version-history":[{"count":2,"href":"https:\/\/maismagazine.pt\/index.php\/wp-json\/wp\/v2\/posts\/12338\/revisions"}],"predecessor-version":[{"id":12349,"href":"https:\/\/maismagazine.pt\/index.php\/wp-json\/wp\/v2\/posts\/12338\/revisions\/12349"}],"wp:featuredmedia":[{"embeddable":true,"href":"https:\/\/maismagazine.pt\/index.php\/wp-json\/wp\/v2\/media\/12348"}],"wp:attachment":[{"href":"https:\/\/maismagazine.pt\/index.php\/wp-json\/wp\/v2\/media?parent=12338"}],"wp:term":[{"taxonomy":"category","embeddable":true,"href":"https:\/\/maismagazine.pt\/index.php\/wp-json\/wp\/v2\/categories?post=12338"},{"taxonomy":"post_tag","embeddable":true,"href":"https:\/\/maismagazine.pt\/index.php\/wp-json\/wp\/v2\/tags?post=12338"}],"curies":[{"name":"wp","href":"https:\/\/api.w.org\/{rel}","templated":true}]}}