{"id":12323,"date":"2025-06-27T07:00:00","date_gmt":"2025-06-27T06:00:00","guid":{"rendered":"https:\/\/maismagazine.pt\/?p=12323"},"modified":"2025-06-26T14:34:47","modified_gmt":"2025-06-26T13:34:47","slug":"conforto-e-elegancia-no-coracao-do-alto-minho","status":"publish","type":"post","link":"https:\/\/maismagazine.pt\/index.php\/2025\/06\/27\/conforto-e-elegancia-no-coracao-do-alto-minho\/","title":{"rendered":"Conforto e eleg\u00e2ncia no cora\u00e7\u00e3o do Alto Minho"},"content":{"rendered":"\n<p><strong>Na pacata freguesia de Vila Me\u00e3, em Vila Nova de Cerveira, ergue-se um ref\u00fagio harmoniosamente integrado na natureza que combina o estilo minimalista com um compromisso s\u00f3lido com a sustentabilidade ambiental: o <a href=\"http:\/\/www.hotelminho.com\">Hotel Minho<\/a>. Com uma localiza\u00e7\u00e3o privilegiada entre o rio Minho e as montanhas verdejantes da regi\u00e3o, o Hotel Minho convida ao descanso e \u00e0 contempla\u00e7\u00e3o. Recentemente, a unidade tem vindo a renovar os seus quartos, apostando em ambientes ainda mais confort\u00e1veis, relaxantes e acolhedores, que refletem a serenidade natural envolvente. <\/strong><\/p>\n\n\n<div class=\"wp-block-image\">\n<figure class=\"alignleft size-full is-resized\"><img loading=\"lazy\" decoding=\"async\" width=\"750\" height=\"500\" src=\"https:\/\/maismagazine.pt\/wp-content\/uploads\/2025\/06\/Quartos-37.jpg\" alt=\"\" class=\"wp-image-12331\" style=\"width:320px;height:auto\" srcset=\"https:\/\/maismagazine.pt\/wp-content\/uploads\/2025\/06\/Quartos-37.jpg 750w, https:\/\/maismagazine.pt\/wp-content\/uploads\/2025\/06\/Quartos-37-300x200.jpg 300w, https:\/\/maismagazine.pt\/wp-content\/uploads\/2025\/06\/Quartos-37-150x100.jpg 150w\" sizes=\"auto, (max-width: 750px) 100vw, 750px\" \/><\/figure><\/div>\n\n\n<p>Situado a 7 km de Vila Nova de Cerveira, o Hotel Minho aposta num conceito intimista e de lazer. Com uma aposta numa oferta de qualidade apoiada em 60 quartos, um Spa de refer\u00eancia na regi\u00e3o, um moderno Business Center, piscinas exteriores, court de t\u00e9nis e 2 bares, esta unidade hoteleira apresenta um foco nas quest\u00f5es ligadas \u00e0 sustentabilidade, ostentando o galard\u00e3o \u201cGreen Key\u201d. Desde a concess\u00e3o inicial que o hotel sempre teve uma postura de adapta\u00e7\u00e3o \u00e0 sua implementa\u00e7\u00e3o e envolv\u00eancia, com pormenores como a constru\u00e7\u00e3o em socalco para minimizar o impacto da sua volumetria, fachadas em vidro para aproveitamento da luz natural e utiliza\u00e7\u00e3o de materiais de conceito \u201ceco-friendly\u201d, como os revestimentos em madeira que se tornaram uma imagem de marca do Hotel Minho.<\/p>\n\n\n\n<p><\/p>\n\n\n\n<p>O Hotel Minho est\u00e1 inserido num complexo tur\u00edstico, onde complementa a oferta com o Restaurante\/Centro de Eventos \u201cDom J\u00falio\u201d (com supervis\u00e3o do Chef Luis Cruz), o Bar \u201cTanto Faz\u201d e o \u201cPaintball Cerveira Park\u201d. De real\u00e7ar que \u00e9 das suas vinhas que \u00e9 produzido o reconhecido vinho verde \u201cDom J\u00falio\u201d, um pequeno projeto que tem vindo a crescer e a ganhar notoriedade e que muito orgulho traz \u00e0 equipa. <\/p>\n\n\n<div class=\"wp-block-image\">\n<figure class=\"alignright size-full is-resized\"><img loading=\"lazy\" decoding=\"async\" width=\"432\" height=\"648\" src=\"https:\/\/maismagazine.pt\/wp-content\/uploads\/2025\/06\/IMG_1762.png\" alt=\"\" class=\"wp-image-12333\" style=\"width:260px;height:auto\" srcset=\"https:\/\/maismagazine.pt\/wp-content\/uploads\/2025\/06\/IMG_1762.png 432w, https:\/\/maismagazine.pt\/wp-content\/uploads\/2025\/06\/IMG_1762-200x300.png 200w\" sizes=\"auto, (max-width: 432px) 100vw, 432px\" \/><\/figure><\/div>\n\n\n<p>Al\u00e9m destas val\u00eancias, o Hotel Minho disponibiliza uma zona de natureza com lago, jardins, um pequeno bosque, horta biol\u00f3gica e parque infantil. Nesta zona de natureza, os clientes podem conhecer v\u00e1rios animais de quinta &#8211; desde vacas de ra\u00e7a \u201cBarros\u00e3\u201d a cabras an\u00e3s, passando por ovelhas \u201cSuffolk\u201d e aves diversas &#8211; e ainda um picadeiro com cavalos e p\u00f3nei para as crian\u00e7as. <\/p>\n\n\n\n<p><\/p>\n\n\n\n<p>Com uma localiza\u00e7\u00e3o privilegiada, perto de eixos rodovi\u00e1rios que facilmente permitem conhecer toda a regi\u00e3o do Alto Minho, bem como o acesso \u00e0 Galiza, \u00e9 extremamente comum os h\u00f3spedes percorrem a regi\u00e3o desde as rotas do Vinho Verde de Mon\u00e7\u00e3o e Melga\u00e7o, \u00e0s vilas hist\u00f3ricas de Ponte lima e Ponte da Barca, as praias de Caminha a Viana do Castelo, ou mesmo uma visita a Santiago de Compostela e Vigo. <\/p>\n\n\n\n<p><\/p>\n\n\n\n<p>Nos \u00faltimos meses foram remodelados 50% dos 60 quartos do hotel, numa aposta de moderniza\u00e7\u00e3o do conforto e da funcionalidade dos mesmos. No primeiro trimestre de 2026, ser\u00e1 terminada renova\u00e7\u00e3o dos restantes quartos. Paralelamente, o Hotel Minho encontra-se em fase de finaliza\u00e7\u00e3o de um projeto de efici\u00eancia energ\u00e9tica, com a substitui\u00e7\u00e3o dos sistemas existentes por m\u00e1quinas e equipamentos mais atuais e com melhor performance energ\u00e9tica, al\u00e9m da recente instala\u00e7\u00e3o de produ\u00e7\u00e3o de energia por fotovoltaicos. <\/p>\n\n\n\n<p><\/p>\n\n\n<div class=\"wp-block-image\">\n<figure class=\"aligncenter size-full is-resized\"><img loading=\"lazy\" decoding=\"async\" width=\"646\" height=\"190\" src=\"https:\/\/maismagazine.pt\/wp-content\/uploads\/2025\/06\/minho-logo.webp\" alt=\"\" class=\"wp-image-12328\" style=\"width:401px;height:auto\" srcset=\"https:\/\/maismagazine.pt\/wp-content\/uploads\/2025\/06\/minho-logo.webp 646w, https:\/\/maismagazine.pt\/wp-content\/uploads\/2025\/06\/minho-logo-300x88.webp 300w\" sizes=\"auto, (max-width: 646px) 100vw, 646px\" \/><\/figure><\/div>\n\n\n<p><\/p>\n\n\n\n<p><\/p>\n","protected":false},"excerpt":{"rendered":"<p>Na pacata freguesia de Vila Me\u00e3, em Vila Nova de Cerveira, ergue-se um ref\u00fagio harmoniosamente integrado na natureza que combina o estilo minimalista com um compromisso s\u00f3lido com a sustentabilidade ambiental: o Hotel Minho. Com uma localiza\u00e7\u00e3o privilegiada entre o rio Minho e as montanhas verdejantes da regi\u00e3o, o Hotel&hellip;<\/p>\n","protected":false},"author":18,"featured_media":12330,"comment_status":"closed","ping_status":"open","sticky":false,"template":"","format":"standard","meta":{"advgb_blocks_editor_width":"","advgb_blocks_columns_visual_guide":"","_monsterinsights_skip_tracking":false,"_monsterinsights_sitenote_active":false,"_monsterinsights_sitenote_note":"","_monsterinsights_sitenote_category":0,"footnotes":""},"categories":[53],"tags":[2396,2397,64],"class_list":["post-12323","post","type-post","status-publish","format-standard","has-post-thumbnail","hentry","category-turismo-restaurantes","tag-hotel-minho","tag-minho","tag-turismo"],"yoast_head":"<!-- This site is optimized with the Yoast SEO plugin v24.4 - https:\/\/yoast.com\/wordpress\/plugins\/seo\/ -->\n<title>Conforto e eleg\u00e2ncia no cora\u00e7\u00e3o do Alto Minho - Mais Magazine<\/title>\n<meta name=\"robots\" content=\"index, follow, max-snippet:-1, max-image-preview:large, max-video-preview:-1\" \/>\n<link rel=\"canonical\" href=\"https:\/\/maismagazine.pt\/index.php\/2025\/06\/27\/conforto-e-elegancia-no-coracao-do-alto-minho\/\" \/>\n<meta property=\"og:locale\" content=\"pt_PT\" \/>\n<meta property=\"og:type\" content=\"article\" \/>\n<meta property=\"og:title\" content=\"Conforto e eleg\u00e2ncia no cora\u00e7\u00e3o do Alto Minho - Mais Magazine\" \/>\n<meta property=\"og:description\" content=\"Na pacata freguesia de Vila Me\u00e3, em Vila Nova de Cerveira, ergue-se um ref\u00fagio harmoniosamente integrado na natureza que combina o estilo minimalista com um compromisso s\u00f3lido com a sustentabilidade ambiental: o Hotel Minho. Com uma localiza\u00e7\u00e3o privilegiada entre o rio Minho e as montanhas verdejantes da regi\u00e3o, o Hotel&hellip;\" \/>\n<meta property=\"og:url\" content=\"https:\/\/maismagazine.pt\/index.php\/2025\/06\/27\/conforto-e-elegancia-no-coracao-do-alto-minho\/\" \/>\n<meta property=\"og:site_name\" content=\"Mais Magazine\" \/>\n<meta property=\"article:published_time\" content=\"2025-06-27T06:00:00+00:00\" \/>\n<meta property=\"og:image\" content=\"https:\/\/maismagazine.pt\/wp-content\/uploads\/2025\/06\/R2_HOTEL_MINHO_VN_CERVEIRA_PT_090314_1254.jpg\" \/>\n\t<meta property=\"og:image:width\" content=\"720\" \/>\n\t<meta property=\"og:image:height\" content=\"480\" \/>\n\t<meta property=\"og:image:type\" content=\"image\/jpeg\" \/>\n<meta name=\"author\" content=\"Tatiana Martins\" \/>\n<meta name=\"twitter:card\" content=\"summary_large_image\" \/>\n<meta name=\"twitter:label1\" content=\"Escrito por\" \/>\n\t<meta name=\"twitter:data1\" content=\"\" \/>\n\t<meta name=\"twitter:label2\" content=\"Tempo estimado de leitura\" \/>\n\t<meta name=\"twitter:data2\" content=\"4 minutos\" \/>\n<script type=\"application\/ld+json\" class=\"yoast-schema-graph\">{\"@context\":\"https:\/\/schema.org\",\"@graph\":[{\"@type\":\"Article\",\"@id\":\"https:\/\/maismagazine.pt\/index.php\/2025\/06\/27\/conforto-e-elegancia-no-coracao-do-alto-minho\/#article\",\"isPartOf\":{\"@id\":\"https:\/\/maismagazine.pt\/index.php\/2025\/06\/27\/conforto-e-elegancia-no-coracao-do-alto-minho\/\"},\"author\":{\"name\":\"Tatiana Martins\",\"@id\":\"http:\/\/maismagazine.pt\/#\/schema\/person\/7426e2caeb8df32a1b56aa48dae778c9\"},\"headline\":\"Conforto e eleg\u00e2ncia no cora\u00e7\u00e3o do Alto Minho\",\"datePublished\":\"2025-06-27T06:00:00+00:00\",\"mainEntityOfPage\":{\"@id\":\"https:\/\/maismagazine.pt\/index.php\/2025\/06\/27\/conforto-e-elegancia-no-coracao-do-alto-minho\/\"},\"wordCount\":530,\"publisher\":{\"@id\":\"http:\/\/maismagazine.pt\/#organization\"},\"image\":{\"@id\":\"https:\/\/maismagazine.pt\/index.php\/2025\/06\/27\/conforto-e-elegancia-no-coracao-do-alto-minho\/#primaryimage\"},\"thumbnailUrl\":\"https:\/\/maismagazine.pt\/wp-content\/uploads\/2025\/06\/R2_HOTEL_MINHO_VN_CERVEIRA_PT_090314_1254.jpg\",\"keywords\":[\"Hotel Minho\",\"Minho\",\"Turismo\"],\"articleSection\":[\"Turismo | Vinhos | Gastronomia\"],\"inLanguage\":\"pt-PT\"},{\"@type\":\"WebPage\",\"@id\":\"https:\/\/maismagazine.pt\/index.php\/2025\/06\/27\/conforto-e-elegancia-no-coracao-do-alto-minho\/\",\"url\":\"https:\/\/maismagazine.pt\/index.php\/2025\/06\/27\/conforto-e-elegancia-no-coracao-do-alto-minho\/\",\"name\":\"Conforto e eleg\u00e2ncia no cora\u00e7\u00e3o do Alto Minho - Mais Magazine\",\"isPartOf\":{\"@id\":\"http:\/\/maismagazine.pt\/#website\"},\"primaryImageOfPage\":{\"@id\":\"https:\/\/maismagazine.pt\/index.php\/2025\/06\/27\/conforto-e-elegancia-no-coracao-do-alto-minho\/#primaryimage\"},\"image\":{\"@id\":\"https:\/\/maismagazine.pt\/index.php\/2025\/06\/27\/conforto-e-elegancia-no-coracao-do-alto-minho\/#primaryimage\"},\"thumbnailUrl\":\"https:\/\/maismagazine.pt\/wp-content\/uploads\/2025\/06\/R2_HOTEL_MINHO_VN_CERVEIRA_PT_090314_1254.jpg\",\"datePublished\":\"2025-06-27T06:00:00+00:00\",\"breadcrumb\":{\"@id\":\"https:\/\/maismagazine.pt\/index.php\/2025\/06\/27\/conforto-e-elegancia-no-coracao-do-alto-minho\/#breadcrumb\"},\"inLanguage\":\"pt-PT\",\"potentialAction\":[{\"@type\":\"ReadAction\",\"target\":[\"https:\/\/maismagazine.pt\/index.php\/2025\/06\/27\/conforto-e-elegancia-no-coracao-do-alto-minho\/\"]}]},{\"@type\":\"ImageObject\",\"inLanguage\":\"pt-PT\",\"@id\":\"https:\/\/maismagazine.pt\/index.php\/2025\/06\/27\/conforto-e-elegancia-no-coracao-do-alto-minho\/#primaryimage\",\"url\":\"https:\/\/maismagazine.pt\/wp-content\/uploads\/2025\/06\/R2_HOTEL_MINHO_VN_CERVEIRA_PT_090314_1254.jpg\",\"contentUrl\":\"https:\/\/maismagazine.pt\/wp-content\/uploads\/2025\/06\/R2_HOTEL_MINHO_VN_CERVEIRA_PT_090314_1254.jpg\",\"width\":720,\"height\":480},{\"@type\":\"BreadcrumbList\",\"@id\":\"https:\/\/maismagazine.pt\/index.php\/2025\/06\/27\/conforto-e-elegancia-no-coracao-do-alto-minho\/#breadcrumb\",\"itemListElement\":[{\"@type\":\"ListItem\",\"position\":1,\"name\":\"Home\",\"item\":\"http:\/\/maismagazine.pt\/\"},{\"@type\":\"ListItem\",\"position\":2,\"name\":\"Conforto e eleg\u00e2ncia no cora\u00e7\u00e3o do Alto Minho\"}]},{\"@type\":\"WebSite\",\"@id\":\"http:\/\/maismagazine.pt\/#website\",\"url\":\"http:\/\/maismagazine.pt\/\",\"name\":\"Mais Magazine\",\"description\":\"\",\"publisher\":{\"@id\":\"http:\/\/maismagazine.pt\/#organization\"},\"potentialAction\":[{\"@type\":\"SearchAction\",\"target\":{\"@type\":\"EntryPoint\",\"urlTemplate\":\"http:\/\/maismagazine.pt\/?s={search_term_string}\"},\"query-input\":{\"@type\":\"PropertyValueSpecification\",\"valueRequired\":true,\"valueName\":\"search_term_string\"}}],\"inLanguage\":\"pt-PT\"},{\"@type\":\"Organization\",\"@id\":\"http:\/\/maismagazine.pt\/#organization\",\"name\":\"Mais Magazine\",\"url\":\"http:\/\/maismagazine.pt\/\",\"logo\":{\"@type\":\"ImageObject\",\"inLanguage\":\"pt-PT\",\"@id\":\"http:\/\/maismagazine.pt\/#\/schema\/logo\/image\/\",\"url\":\"https:\/\/maismagazine.pt\/wp-content\/uploads\/2020\/04\/cropped-cropped-mais-magazine-site-logo-2.png\",\"contentUrl\":\"https:\/\/maismagazine.pt\/wp-content\/uploads\/2020\/04\/cropped-cropped-mais-magazine-site-logo-2.png\",\"width\":581,\"height\":90,\"caption\":\"Mais Magazine\"},\"image\":{\"@id\":\"http:\/\/maismagazine.pt\/#\/schema\/logo\/image\/\"}},{\"@type\":\"Person\",\"@id\":\"http:\/\/maismagazine.pt\/#\/schema\/person\/7426e2caeb8df32a1b56aa48dae778c9\",\"name\":\"Tatiana Martins\",\"image\":{\"@type\":\"ImageObject\",\"inLanguage\":\"pt-PT\",\"@id\":\"http:\/\/maismagazine.pt\/#\/schema\/person\/image\/\",\"url\":\"https:\/\/secure.gravatar.com\/avatar\/4b24a57f5d0425f2eb20981c4b53244e?s=96&d=mm&r=g\",\"contentUrl\":\"https:\/\/secure.gravatar.com\/avatar\/4b24a57f5d0425f2eb20981c4b53244e?s=96&d=mm&r=g\",\"caption\":\"Tatiana Martins\"},\"url\":\"https:\/\/maismagazine.pt\/index.php\/author\/tatiana\/\"}]}<\/script>\n<!-- \/ Yoast SEO plugin. -->","yoast_head_json":{"title":"Conforto e eleg\u00e2ncia no cora\u00e7\u00e3o do Alto Minho - Mais Magazine","robots":{"index":"index","follow":"follow","max-snippet":"max-snippet:-1","max-image-preview":"max-image-preview:large","max-video-preview":"max-video-preview:-1"},"canonical":"https:\/\/maismagazine.pt\/index.php\/2025\/06\/27\/conforto-e-elegancia-no-coracao-do-alto-minho\/","og_locale":"pt_PT","og_type":"article","og_title":"Conforto e eleg\u00e2ncia no cora\u00e7\u00e3o do Alto Minho - Mais Magazine","og_description":"Na pacata freguesia de Vila Me\u00e3, em Vila Nova de Cerveira, ergue-se um ref\u00fagio harmoniosamente integrado na natureza que combina o estilo minimalista com um compromisso s\u00f3lido com a sustentabilidade ambiental: o Hotel Minho. Com uma localiza\u00e7\u00e3o privilegiada entre o rio Minho e as montanhas verdejantes da regi\u00e3o, o Hotel&hellip;","og_url":"https:\/\/maismagazine.pt\/index.php\/2025\/06\/27\/conforto-e-elegancia-no-coracao-do-alto-minho\/","og_site_name":"Mais Magazine","article_published_time":"2025-06-27T06:00:00+00:00","og_image":[{"width":720,"height":480,"url":"https:\/\/maismagazine.pt\/wp-content\/uploads\/2025\/06\/R2_HOTEL_MINHO_VN_CERVEIRA_PT_090314_1254.jpg","type":"image\/jpeg"}],"author":"Tatiana Martins","twitter_card":"summary_large_image","twitter_misc":{"Escrito por":false,"Tempo estimado de leitura":"4 minutos"},"schema":{"@context":"https:\/\/schema.org","@graph":[{"@type":"Article","@id":"https:\/\/maismagazine.pt\/index.php\/2025\/06\/27\/conforto-e-elegancia-no-coracao-do-alto-minho\/#article","isPartOf":{"@id":"https:\/\/maismagazine.pt\/index.php\/2025\/06\/27\/conforto-e-elegancia-no-coracao-do-alto-minho\/"},"author":{"name":"Tatiana Martins","@id":"http:\/\/maismagazine.pt\/#\/schema\/person\/7426e2caeb8df32a1b56aa48dae778c9"},"headline":"Conforto e eleg\u00e2ncia no cora\u00e7\u00e3o do Alto Minho","datePublished":"2025-06-27T06:00:00+00:00","mainEntityOfPage":{"@id":"https:\/\/maismagazine.pt\/index.php\/2025\/06\/27\/conforto-e-elegancia-no-coracao-do-alto-minho\/"},"wordCount":530,"publisher":{"@id":"http:\/\/maismagazine.pt\/#organization"},"image":{"@id":"https:\/\/maismagazine.pt\/index.php\/2025\/06\/27\/conforto-e-elegancia-no-coracao-do-alto-minho\/#primaryimage"},"thumbnailUrl":"https:\/\/maismagazine.pt\/wp-content\/uploads\/2025\/06\/R2_HOTEL_MINHO_VN_CERVEIRA_PT_090314_1254.jpg","keywords":["Hotel Minho","Minho","Turismo"],"articleSection":["Turismo | Vinhos | Gastronomia"],"inLanguage":"pt-PT"},{"@type":"WebPage","@id":"https:\/\/maismagazine.pt\/index.php\/2025\/06\/27\/conforto-e-elegancia-no-coracao-do-alto-minho\/","url":"https:\/\/maismagazine.pt\/index.php\/2025\/06\/27\/conforto-e-elegancia-no-coracao-do-alto-minho\/","name":"Conforto e eleg\u00e2ncia no cora\u00e7\u00e3o do Alto Minho - Mais Magazine","isPartOf":{"@id":"http:\/\/maismagazine.pt\/#website"},"primaryImageOfPage":{"@id":"https:\/\/maismagazine.pt\/index.php\/2025\/06\/27\/conforto-e-elegancia-no-coracao-do-alto-minho\/#primaryimage"},"image":{"@id":"https:\/\/maismagazine.pt\/index.php\/2025\/06\/27\/conforto-e-elegancia-no-coracao-do-alto-minho\/#primaryimage"},"thumbnailUrl":"https:\/\/maismagazine.pt\/wp-content\/uploads\/2025\/06\/R2_HOTEL_MINHO_VN_CERVEIRA_PT_090314_1254.jpg","datePublished":"2025-06-27T06:00:00+00:00","breadcrumb":{"@id":"https:\/\/maismagazine.pt\/index.php\/2025\/06\/27\/conforto-e-elegancia-no-coracao-do-alto-minho\/#breadcrumb"},"inLanguage":"pt-PT","potentialAction":[{"@type":"ReadAction","target":["https:\/\/maismagazine.pt\/index.php\/2025\/06\/27\/conforto-e-elegancia-no-coracao-do-alto-minho\/"]}]},{"@type":"ImageObject","inLanguage":"pt-PT","@id":"https:\/\/maismagazine.pt\/index.php\/2025\/06\/27\/conforto-e-elegancia-no-coracao-do-alto-minho\/#primaryimage","url":"https:\/\/maismagazine.pt\/wp-content\/uploads\/2025\/06\/R2_HOTEL_MINHO_VN_CERVEIRA_PT_090314_1254.jpg","contentUrl":"https:\/\/maismagazine.pt\/wp-content\/uploads\/2025\/06\/R2_HOTEL_MINHO_VN_CERVEIRA_PT_090314_1254.jpg","width":720,"height":480},{"@type":"BreadcrumbList","@id":"https:\/\/maismagazine.pt\/index.php\/2025\/06\/27\/conforto-e-elegancia-no-coracao-do-alto-minho\/#breadcrumb","itemListElement":[{"@type":"ListItem","position":1,"name":"Home","item":"http:\/\/maismagazine.pt\/"},{"@type":"ListItem","position":2,"name":"Conforto e eleg\u00e2ncia no cora\u00e7\u00e3o do Alto Minho"}]},{"@type":"WebSite","@id":"http:\/\/maismagazine.pt\/#website","url":"http:\/\/maismagazine.pt\/","name":"Mais Magazine","description":"","publisher":{"@id":"http:\/\/maismagazine.pt\/#organization"},"potentialAction":[{"@type":"SearchAction","target":{"@type":"EntryPoint","urlTemplate":"http:\/\/maismagazine.pt\/?s={search_term_string}"},"query-input":{"@type":"PropertyValueSpecification","valueRequired":true,"valueName":"search_term_string"}}],"inLanguage":"pt-PT"},{"@type":"Organization","@id":"http:\/\/maismagazine.pt\/#organization","name":"Mais Magazine","url":"http:\/\/maismagazine.pt\/","logo":{"@type":"ImageObject","inLanguage":"pt-PT","@id":"http:\/\/maismagazine.pt\/#\/schema\/logo\/image\/","url":"https:\/\/maismagazine.pt\/wp-content\/uploads\/2020\/04\/cropped-cropped-mais-magazine-site-logo-2.png","contentUrl":"https:\/\/maismagazine.pt\/wp-content\/uploads\/2020\/04\/cropped-cropped-mais-magazine-site-logo-2.png","width":581,"height":90,"caption":"Mais Magazine"},"image":{"@id":"http:\/\/maismagazine.pt\/#\/schema\/logo\/image\/"}},{"@type":"Person","@id":"http:\/\/maismagazine.pt\/#\/schema\/person\/7426e2caeb8df32a1b56aa48dae778c9","name":"Tatiana Martins","image":{"@type":"ImageObject","inLanguage":"pt-PT","@id":"http:\/\/maismagazine.pt\/#\/schema\/person\/image\/","url":"https:\/\/secure.gravatar.com\/avatar\/4b24a57f5d0425f2eb20981c4b53244e?s=96&d=mm&r=g","contentUrl":"https:\/\/secure.gravatar.com\/avatar\/4b24a57f5d0425f2eb20981c4b53244e?s=96&d=mm&r=g","caption":"Tatiana Martins"},"url":"https:\/\/maismagazine.pt\/index.php\/author\/tatiana\/"}]}},"author_meta":{"display_name":false,"author_link":"https:\/\/maismagazine.pt\/index.php\/author\/tatiana\/"},"featured_img":"https:\/\/maismagazine.pt\/wp-content\/uploads\/2025\/06\/R2_HOTEL_MINHO_VN_CERVEIRA_PT_090314_1254-300x200.jpg","coauthors":[],"tax_additional":{"categories":{"linked":["<a href=\"https:\/\/maismagazine.pt\/index.php\/category\/turismo-restaurantes\/\" class=\"advgb-post-tax-term\">Turismo | Vinhos | Gastronomia<\/a>"],"unlinked":["<span class=\"advgb-post-tax-term\">Turismo | Vinhos | Gastronomia<\/span>"]},"tags":{"linked":["<a href=\"https:\/\/maismagazine.pt\/index.php\/category\/turismo-restaurantes\/\" class=\"advgb-post-tax-term\">Hotel Minho<\/a>","<a href=\"https:\/\/maismagazine.pt\/index.php\/category\/turismo-restaurantes\/\" class=\"advgb-post-tax-term\">Minho<\/a>","<a href=\"https:\/\/maismagazine.pt\/index.php\/category\/turismo-restaurantes\/\" class=\"advgb-post-tax-term\">Turismo<\/a>"],"unlinked":["<span class=\"advgb-post-tax-term\">Hotel Minho<\/span>","<span class=\"advgb-post-tax-term\">Minho<\/span>","<span class=\"advgb-post-tax-term\">Turismo<\/span>"]}},"comment_count":"0","relative_dates":{"created":"Posted 10 meses ago","modified":"Updated 10 meses ago"},"absolute_dates":{"created":"Posted on 27 de Junho, 2025","modified":"Updated on 26 de Junho, 2025"},"absolute_dates_time":{"created":"Posted on 27 de Junho, 2025 7:00","modified":"Updated on 26 de Junho, 2025 14:34"},"featured_img_caption":"","series_order":"","_links":{"self":[{"href":"https:\/\/maismagazine.pt\/index.php\/wp-json\/wp\/v2\/posts\/12323","targetHints":{"allow":["GET"]}}],"collection":[{"href":"https:\/\/maismagazine.pt\/index.php\/wp-json\/wp\/v2\/posts"}],"about":[{"href":"https:\/\/maismagazine.pt\/index.php\/wp-json\/wp\/v2\/types\/post"}],"author":[{"embeddable":true,"href":"https:\/\/maismagazine.pt\/index.php\/wp-json\/wp\/v2\/users\/18"}],"replies":[{"embeddable":true,"href":"https:\/\/maismagazine.pt\/index.php\/wp-json\/wp\/v2\/comments?post=12323"}],"version-history":[{"count":1,"href":"https:\/\/maismagazine.pt\/index.php\/wp-json\/wp\/v2\/posts\/12323\/revisions"}],"predecessor-version":[{"id":12334,"href":"https:\/\/maismagazine.pt\/index.php\/wp-json\/wp\/v2\/posts\/12323\/revisions\/12334"}],"wp:featuredmedia":[{"embeddable":true,"href":"https:\/\/maismagazine.pt\/index.php\/wp-json\/wp\/v2\/media\/12330"}],"wp:attachment":[{"href":"https:\/\/maismagazine.pt\/index.php\/wp-json\/wp\/v2\/media?parent=12323"}],"wp:term":[{"taxonomy":"category","embeddable":true,"href":"https:\/\/maismagazine.pt\/index.php\/wp-json\/wp\/v2\/categories?post=12323"},{"taxonomy":"post_tag","embeddable":true,"href":"https:\/\/maismagazine.pt\/index.php\/wp-json\/wp\/v2\/tags?post=12323"}],"curies":[{"name":"wp","href":"https:\/\/api.w.org\/{rel}","templated":true}]}}