{"id":12137,"date":"2025-05-23T07:00:00","date_gmt":"2025-05-23T06:00:00","guid":{"rendered":"https:\/\/maismagazine.pt\/?p=12137"},"modified":"2025-05-20T16:03:34","modified_gmt":"2025-05-20T15:03:34","slug":"premio-professora-doutora-luisa-morgado","status":"publish","type":"post","link":"https:\/\/maismagazine.pt\/index.php\/2025\/05\/23\/premio-professora-doutora-luisa-morgado\/","title":{"rendered":"Pr\u00e9mio Professora Doutora Lu\u00edsa Morgado"},"content":{"rendered":"\n<p>De 01 de abril a 18 de julho de 2025, est\u00e3o abertas as candidaturas \u00e0 segunda edi\u00e7\u00e3o do PR\u00c9MIO PROFESSORA DOUTORA LU\u00cdSA MORGADO, da Faculdade de Psicologia e de Ci\u00eancias da Educa\u00e7\u00e3o da Universidade de Coimbra &#8211; FPCEUC.<\/p>\n\n\n\n<p><\/p>\n\n\n\n<p>No montante de 30.000.00\u20ac (trinta mil euros), este pr\u00e9mio destina-se a galardoar bienalmente um projeto de investiga\u00e7\u00e3o de elevada qualidade nas \u00e1reas da Psicologia do Desenvolvimento ou da Psicologia da Educa\u00e7\u00e3o, com vista a contribuir para o desenvolvimento dessas \u00e1reas cient\u00edficas.<\/p>\n\n\n\n<p><\/p>\n\n\n\n<p>Podem candidatar-se ao Pr\u00e9mio os\/as ex-estudantes da FPCEUC que tenham frequentado uma parte ou a totalidade de um ciclo de estudos nessa Faculdade e que, \u00e0 data da candidatura, possuam Doutoramento em Psicologia conclu\u00eddo h\u00e1 menos de 10 anos.<\/p>\n\n\n\n<p><\/p>\n\n\n\n<p>A admiss\u00e3o ao Pr\u00e9mio faz-se mediante apresenta\u00e7\u00e3o de candidatura pelo\/a autor\/a de um projeto de investiga\u00e7\u00e3o, a analisar por um J\u00fari internacional.<\/p>\n\n\n\n<p><\/p>\n\n\n\n<p>Oferta Formativa 2025\/2026<\/p>\n\n\n\n<p>1\u00ba e 2\u00ba Ciclo<\/p>\n\n\n\n<p>Licenciaturas<\/p>\n\n\n\n<p>Psicologia<\/p>\n\n\n\n<p>Ci\u00eancias da Educa\u00e7\u00e3o<\/p>\n\n\n\n<p>Servi\u00e7o Social<\/p>\n\n\n\n<p><\/p>\n\n\n\n<p>Mestrados na \u00c1rea Cient\u00edfica predominante em Psicologia<\/p>\n\n\n\n<p>Interven\u00e7\u00f5es Cognitivo-Comportamentais em Psicologia Cl\u00ednica e da Sa\u00fade<\/p>\n\n\n\n<p>Neuropsicologia Cl\u00ednica: Avalia\u00e7\u00e3o e Reabilita\u00e7\u00e3o<\/p>\n\n\n\n<p>Psicologia Cl\u00ednica Forense<\/p>\n\n\n\n<p>Psicologia Cl\u00ednica Sist\u00e9mica e da Sa\u00fade<\/p>\n\n\n\n<p>Psicologia Organizacional<\/p>\n\n\n\n<p>Psicologia da Educa\u00e7\u00e3o, Desenvolvimento e Aconselhamento<\/p>\n\n\n\n<p>Psicologia do Trabalho, das Organiza\u00e7\u00f5es e dos Recursos Humanos (WOP-P)<\/p>\n\n\n\n<p><\/p>\n\n\n\n<p>Mestrados na \u00c1rea Cient\u00edfica predominante em Ci\u00eancias da Educa\u00e7\u00e3o<\/p>\n\n\n\n<p>Ci\u00eancias da Educa\u00e7\u00e3o<\/p>\n\n\n\n<p>Educa\u00e7\u00e3o Social e Sociedade Inclusiva<\/p>\n\n\n\n<p>Educa\u00e7\u00e3o Social, Desenvolvimento e Din\u00e2micas Locais<\/p>\n\n\n\n<p><\/p>\n\n\n\n<p>Mestrados na \u00c1rea Cient\u00edfica predominante em Servi\u00e7o Social<\/p>\n\n\n\n<p>Servi\u00e7o Social<\/p>\n\n\n\n<p>Interven\u00e7\u00e3o Social, Inova\u00e7\u00e3o e Empreendedorismo<\/p>\n\n\n\n<p><\/p>\n\n\n\n<p>3\u00baCiclo<\/p>\n\n\n\n<p>Doutoramentos<\/p>\n\n\n\n<p>Psicologia<\/p>\n\n\n\n<p>Ci\u00eancias da Educa\u00e7\u00e3o<\/p>\n\n\n\n<p>Servi\u00e7o Social (Interuniversit\u00e1rio)<\/p>\n","protected":false},"excerpt":{"rendered":"<p>De 01 de abril a 18 de julho de 2025, est\u00e3o abertas as candidaturas \u00e0 segunda edi\u00e7\u00e3o do PR\u00c9MIO PROFESSORA DOUTORA LU\u00cdSA MORGADO, da Faculdade de Psicologia e de Ci\u00eancias da Educa\u00e7\u00e3o da Universidade de Coimbra &#8211; FPCEUC. No montante de 30.000.00\u20ac (trinta mil euros), este pr\u00e9mio destina-se a galardoar&hellip;<\/p>\n","protected":false},"author":18,"featured_media":12148,"comment_status":"closed","ping_status":"open","sticky":false,"template":"","format":"standard","meta":{"advgb_blocks_editor_width":"","advgb_blocks_columns_visual_guide":"","_monsterinsights_skip_tracking":false,"_monsterinsights_sitenote_active":false,"_monsterinsights_sitenote_note":"","_monsterinsights_sitenote_category":0,"footnotes":""},"categories":[1460],"tags":[525,521,2370,763],"class_list":["post-12137","post","type-post","status-publish","format-standard","has-post-thumbnail","hentry","category-publicidade","tag-educacao","tag-ensino","tag-faculdade-de-psicologia-e-de-ciencias-da-educacao-da-universidade-de-coimbra","tag-universidade-de-coimbra"],"yoast_head":"<!-- This site is optimized with the Yoast SEO plugin v24.4 - https:\/\/yoast.com\/wordpress\/plugins\/seo\/ -->\n<title>Pr\u00e9mio Professora Doutora Lu\u00edsa Morgado - Mais Magazine<\/title>\n<meta name=\"robots\" content=\"index, follow, max-snippet:-1, max-image-preview:large, max-video-preview:-1\" \/>\n<link rel=\"canonical\" href=\"https:\/\/maismagazine.pt\/index.php\/2025\/05\/23\/premio-professora-doutora-luisa-morgado\/\" \/>\n<meta property=\"og:locale\" content=\"pt_PT\" \/>\n<meta property=\"og:type\" content=\"article\" \/>\n<meta property=\"og:title\" content=\"Pr\u00e9mio Professora Doutora Lu\u00edsa Morgado - Mais Magazine\" \/>\n<meta property=\"og:description\" content=\"De 01 de abril a 18 de julho de 2025, est\u00e3o abertas as candidaturas \u00e0 segunda edi\u00e7\u00e3o do PR\u00c9MIO PROFESSORA DOUTORA LU\u00cdSA MORGADO, da Faculdade de Psicologia e de Ci\u00eancias da Educa\u00e7\u00e3o da Universidade de Coimbra &#8211; FPCEUC. No montante de 30.000.00\u20ac (trinta mil euros), este pr\u00e9mio destina-se a galardoar&hellip;\" \/>\n<meta property=\"og:url\" content=\"https:\/\/maismagazine.pt\/index.php\/2025\/05\/23\/premio-professora-doutora-luisa-morgado\/\" \/>\n<meta property=\"og:site_name\" content=\"Mais Magazine\" \/>\n<meta property=\"article:published_time\" content=\"2025-05-23T06:00:00+00:00\" \/>\n<meta property=\"og:image\" content=\"https:\/\/maismagazine.pt\/wp-content\/uploads\/2025\/05\/images-4.png\" \/>\n\t<meta property=\"og:image:width\" content=\"225\" \/>\n\t<meta property=\"og:image:height\" content=\"225\" \/>\n\t<meta property=\"og:image:type\" content=\"image\/png\" \/>\n<meta name=\"author\" content=\"Tatiana Martins\" \/>\n<meta name=\"twitter:card\" content=\"summary_large_image\" \/>\n<meta name=\"twitter:label1\" content=\"Escrito por\" \/>\n\t<meta name=\"twitter:data1\" content=\"\" \/>\n\t<meta name=\"twitter:label2\" content=\"Tempo estimado de leitura\" \/>\n\t<meta name=\"twitter:data2\" content=\"2 minutos\" \/>\n<script type=\"application\/ld+json\" class=\"yoast-schema-graph\">{\"@context\":\"https:\/\/schema.org\",\"@graph\":[{\"@type\":\"Article\",\"@id\":\"https:\/\/maismagazine.pt\/index.php\/2025\/05\/23\/premio-professora-doutora-luisa-morgado\/#article\",\"isPartOf\":{\"@id\":\"https:\/\/maismagazine.pt\/index.php\/2025\/05\/23\/premio-professora-doutora-luisa-morgado\/\"},\"author\":{\"name\":\"Tatiana Martins\",\"@id\":\"http:\/\/maismagazine.pt\/#\/schema\/person\/7426e2caeb8df32a1b56aa48dae778c9\"},\"headline\":\"Pr\u00e9mio Professora Doutora Lu\u00edsa Morgado\",\"datePublished\":\"2025-05-23T06:00:00+00:00\",\"mainEntityOfPage\":{\"@id\":\"https:\/\/maismagazine.pt\/index.php\/2025\/05\/23\/premio-professora-doutora-luisa-morgado\/\"},\"wordCount\":298,\"publisher\":{\"@id\":\"http:\/\/maismagazine.pt\/#organization\"},\"image\":{\"@id\":\"https:\/\/maismagazine.pt\/index.php\/2025\/05\/23\/premio-professora-doutora-luisa-morgado\/#primaryimage\"},\"thumbnailUrl\":\"https:\/\/maismagazine.pt\/wp-content\/uploads\/2025\/05\/images-4.png\",\"keywords\":[\"Educa\u00e7\u00e3o\",\"Ensino\",\"Faculdade de Psicologia e de Ci\u00eancias da Educa\u00e7\u00e3o da Universidade de Coimbra\",\"Universidade de Coimbra\"],\"articleSection\":[\"publicidade\"],\"inLanguage\":\"pt-PT\"},{\"@type\":\"WebPage\",\"@id\":\"https:\/\/maismagazine.pt\/index.php\/2025\/05\/23\/premio-professora-doutora-luisa-morgado\/\",\"url\":\"https:\/\/maismagazine.pt\/index.php\/2025\/05\/23\/premio-professora-doutora-luisa-morgado\/\",\"name\":\"Pr\u00e9mio Professora Doutora Lu\u00edsa Morgado - Mais Magazine\",\"isPartOf\":{\"@id\":\"http:\/\/maismagazine.pt\/#website\"},\"primaryImageOfPage\":{\"@id\":\"https:\/\/maismagazine.pt\/index.php\/2025\/05\/23\/premio-professora-doutora-luisa-morgado\/#primaryimage\"},\"image\":{\"@id\":\"https:\/\/maismagazine.pt\/index.php\/2025\/05\/23\/premio-professora-doutora-luisa-morgado\/#primaryimage\"},\"thumbnailUrl\":\"https:\/\/maismagazine.pt\/wp-content\/uploads\/2025\/05\/images-4.png\",\"datePublished\":\"2025-05-23T06:00:00+00:00\",\"breadcrumb\":{\"@id\":\"https:\/\/maismagazine.pt\/index.php\/2025\/05\/23\/premio-professora-doutora-luisa-morgado\/#breadcrumb\"},\"inLanguage\":\"pt-PT\",\"potentialAction\":[{\"@type\":\"ReadAction\",\"target\":[\"https:\/\/maismagazine.pt\/index.php\/2025\/05\/23\/premio-professora-doutora-luisa-morgado\/\"]}]},{\"@type\":\"ImageObject\",\"inLanguage\":\"pt-PT\",\"@id\":\"https:\/\/maismagazine.pt\/index.php\/2025\/05\/23\/premio-professora-doutora-luisa-morgado\/#primaryimage\",\"url\":\"https:\/\/maismagazine.pt\/wp-content\/uploads\/2025\/05\/images-4.png\",\"contentUrl\":\"https:\/\/maismagazine.pt\/wp-content\/uploads\/2025\/05\/images-4.png\",\"width\":225,\"height\":225},{\"@type\":\"BreadcrumbList\",\"@id\":\"https:\/\/maismagazine.pt\/index.php\/2025\/05\/23\/premio-professora-doutora-luisa-morgado\/#breadcrumb\",\"itemListElement\":[{\"@type\":\"ListItem\",\"position\":1,\"name\":\"Home\",\"item\":\"http:\/\/maismagazine.pt\/\"},{\"@type\":\"ListItem\",\"position\":2,\"name\":\"Pr\u00e9mio Professora Doutora Lu\u00edsa Morgado\"}]},{\"@type\":\"WebSite\",\"@id\":\"http:\/\/maismagazine.pt\/#website\",\"url\":\"http:\/\/maismagazine.pt\/\",\"name\":\"Mais Magazine\",\"description\":\"\",\"publisher\":{\"@id\":\"http:\/\/maismagazine.pt\/#organization\"},\"potentialAction\":[{\"@type\":\"SearchAction\",\"target\":{\"@type\":\"EntryPoint\",\"urlTemplate\":\"http:\/\/maismagazine.pt\/?s={search_term_string}\"},\"query-input\":{\"@type\":\"PropertyValueSpecification\",\"valueRequired\":true,\"valueName\":\"search_term_string\"}}],\"inLanguage\":\"pt-PT\"},{\"@type\":\"Organization\",\"@id\":\"http:\/\/maismagazine.pt\/#organization\",\"name\":\"Mais Magazine\",\"url\":\"http:\/\/maismagazine.pt\/\",\"logo\":{\"@type\":\"ImageObject\",\"inLanguage\":\"pt-PT\",\"@id\":\"http:\/\/maismagazine.pt\/#\/schema\/logo\/image\/\",\"url\":\"https:\/\/maismagazine.pt\/wp-content\/uploads\/2020\/04\/cropped-cropped-mais-magazine-site-logo-2.png\",\"contentUrl\":\"https:\/\/maismagazine.pt\/wp-content\/uploads\/2020\/04\/cropped-cropped-mais-magazine-site-logo-2.png\",\"width\":581,\"height\":90,\"caption\":\"Mais Magazine\"},\"image\":{\"@id\":\"http:\/\/maismagazine.pt\/#\/schema\/logo\/image\/\"}},{\"@type\":\"Person\",\"@id\":\"http:\/\/maismagazine.pt\/#\/schema\/person\/7426e2caeb8df32a1b56aa48dae778c9\",\"name\":\"Tatiana Martins\",\"image\":{\"@type\":\"ImageObject\",\"inLanguage\":\"pt-PT\",\"@id\":\"http:\/\/maismagazine.pt\/#\/schema\/person\/image\/\",\"url\":\"https:\/\/secure.gravatar.com\/avatar\/4b24a57f5d0425f2eb20981c4b53244e?s=96&d=mm&r=g\",\"contentUrl\":\"https:\/\/secure.gravatar.com\/avatar\/4b24a57f5d0425f2eb20981c4b53244e?s=96&d=mm&r=g\",\"caption\":\"Tatiana Martins\"},\"url\":\"https:\/\/maismagazine.pt\/index.php\/author\/tatiana\/\"}]}<\/script>\n<!-- \/ Yoast SEO plugin. -->","yoast_head_json":{"title":"Pr\u00e9mio Professora Doutora Lu\u00edsa Morgado - Mais Magazine","robots":{"index":"index","follow":"follow","max-snippet":"max-snippet:-1","max-image-preview":"max-image-preview:large","max-video-preview":"max-video-preview:-1"},"canonical":"https:\/\/maismagazine.pt\/index.php\/2025\/05\/23\/premio-professora-doutora-luisa-morgado\/","og_locale":"pt_PT","og_type":"article","og_title":"Pr\u00e9mio Professora Doutora Lu\u00edsa Morgado - Mais Magazine","og_description":"De 01 de abril a 18 de julho de 2025, est\u00e3o abertas as candidaturas \u00e0 segunda edi\u00e7\u00e3o do PR\u00c9MIO PROFESSORA DOUTORA LU\u00cdSA MORGADO, da Faculdade de Psicologia e de Ci\u00eancias da Educa\u00e7\u00e3o da Universidade de Coimbra &#8211; FPCEUC. No montante de 30.000.00\u20ac (trinta mil euros), este pr\u00e9mio destina-se a galardoar&hellip;","og_url":"https:\/\/maismagazine.pt\/index.php\/2025\/05\/23\/premio-professora-doutora-luisa-morgado\/","og_site_name":"Mais Magazine","article_published_time":"2025-05-23T06:00:00+00:00","og_image":[{"width":225,"height":225,"url":"https:\/\/maismagazine.pt\/wp-content\/uploads\/2025\/05\/images-4.png","type":"image\/png"}],"author":"Tatiana Martins","twitter_card":"summary_large_image","twitter_misc":{"Escrito por":false,"Tempo estimado de leitura":"2 minutos"},"schema":{"@context":"https:\/\/schema.org","@graph":[{"@type":"Article","@id":"https:\/\/maismagazine.pt\/index.php\/2025\/05\/23\/premio-professora-doutora-luisa-morgado\/#article","isPartOf":{"@id":"https:\/\/maismagazine.pt\/index.php\/2025\/05\/23\/premio-professora-doutora-luisa-morgado\/"},"author":{"name":"Tatiana Martins","@id":"http:\/\/maismagazine.pt\/#\/schema\/person\/7426e2caeb8df32a1b56aa48dae778c9"},"headline":"Pr\u00e9mio Professora Doutora Lu\u00edsa Morgado","datePublished":"2025-05-23T06:00:00+00:00","mainEntityOfPage":{"@id":"https:\/\/maismagazine.pt\/index.php\/2025\/05\/23\/premio-professora-doutora-luisa-morgado\/"},"wordCount":298,"publisher":{"@id":"http:\/\/maismagazine.pt\/#organization"},"image":{"@id":"https:\/\/maismagazine.pt\/index.php\/2025\/05\/23\/premio-professora-doutora-luisa-morgado\/#primaryimage"},"thumbnailUrl":"https:\/\/maismagazine.pt\/wp-content\/uploads\/2025\/05\/images-4.png","keywords":["Educa\u00e7\u00e3o","Ensino","Faculdade de Psicologia e de Ci\u00eancias da Educa\u00e7\u00e3o da Universidade de Coimbra","Universidade de Coimbra"],"articleSection":["publicidade"],"inLanguage":"pt-PT"},{"@type":"WebPage","@id":"https:\/\/maismagazine.pt\/index.php\/2025\/05\/23\/premio-professora-doutora-luisa-morgado\/","url":"https:\/\/maismagazine.pt\/index.php\/2025\/05\/23\/premio-professora-doutora-luisa-morgado\/","name":"Pr\u00e9mio Professora Doutora Lu\u00edsa Morgado - Mais Magazine","isPartOf":{"@id":"http:\/\/maismagazine.pt\/#website"},"primaryImageOfPage":{"@id":"https:\/\/maismagazine.pt\/index.php\/2025\/05\/23\/premio-professora-doutora-luisa-morgado\/#primaryimage"},"image":{"@id":"https:\/\/maismagazine.pt\/index.php\/2025\/05\/23\/premio-professora-doutora-luisa-morgado\/#primaryimage"},"thumbnailUrl":"https:\/\/maismagazine.pt\/wp-content\/uploads\/2025\/05\/images-4.png","datePublished":"2025-05-23T06:00:00+00:00","breadcrumb":{"@id":"https:\/\/maismagazine.pt\/index.php\/2025\/05\/23\/premio-professora-doutora-luisa-morgado\/#breadcrumb"},"inLanguage":"pt-PT","potentialAction":[{"@type":"ReadAction","target":["https:\/\/maismagazine.pt\/index.php\/2025\/05\/23\/premio-professora-doutora-luisa-morgado\/"]}]},{"@type":"ImageObject","inLanguage":"pt-PT","@id":"https:\/\/maismagazine.pt\/index.php\/2025\/05\/23\/premio-professora-doutora-luisa-morgado\/#primaryimage","url":"https:\/\/maismagazine.pt\/wp-content\/uploads\/2025\/05\/images-4.png","contentUrl":"https:\/\/maismagazine.pt\/wp-content\/uploads\/2025\/05\/images-4.png","width":225,"height":225},{"@type":"BreadcrumbList","@id":"https:\/\/maismagazine.pt\/index.php\/2025\/05\/23\/premio-professora-doutora-luisa-morgado\/#breadcrumb","itemListElement":[{"@type":"ListItem","position":1,"name":"Home","item":"http:\/\/maismagazine.pt\/"},{"@type":"ListItem","position":2,"name":"Pr\u00e9mio Professora Doutora Lu\u00edsa Morgado"}]},{"@type":"WebSite","@id":"http:\/\/maismagazine.pt\/#website","url":"http:\/\/maismagazine.pt\/","name":"Mais Magazine","description":"","publisher":{"@id":"http:\/\/maismagazine.pt\/#organization"},"potentialAction":[{"@type":"SearchAction","target":{"@type":"EntryPoint","urlTemplate":"http:\/\/maismagazine.pt\/?s={search_term_string}"},"query-input":{"@type":"PropertyValueSpecification","valueRequired":true,"valueName":"search_term_string"}}],"inLanguage":"pt-PT"},{"@type":"Organization","@id":"http:\/\/maismagazine.pt\/#organization","name":"Mais Magazine","url":"http:\/\/maismagazine.pt\/","logo":{"@type":"ImageObject","inLanguage":"pt-PT","@id":"http:\/\/maismagazine.pt\/#\/schema\/logo\/image\/","url":"https:\/\/maismagazine.pt\/wp-content\/uploads\/2020\/04\/cropped-cropped-mais-magazine-site-logo-2.png","contentUrl":"https:\/\/maismagazine.pt\/wp-content\/uploads\/2020\/04\/cropped-cropped-mais-magazine-site-logo-2.png","width":581,"height":90,"caption":"Mais Magazine"},"image":{"@id":"http:\/\/maismagazine.pt\/#\/schema\/logo\/image\/"}},{"@type":"Person","@id":"http:\/\/maismagazine.pt\/#\/schema\/person\/7426e2caeb8df32a1b56aa48dae778c9","name":"Tatiana Martins","image":{"@type":"ImageObject","inLanguage":"pt-PT","@id":"http:\/\/maismagazine.pt\/#\/schema\/person\/image\/","url":"https:\/\/secure.gravatar.com\/avatar\/4b24a57f5d0425f2eb20981c4b53244e?s=96&d=mm&r=g","contentUrl":"https:\/\/secure.gravatar.com\/avatar\/4b24a57f5d0425f2eb20981c4b53244e?s=96&d=mm&r=g","caption":"Tatiana Martins"},"url":"https:\/\/maismagazine.pt\/index.php\/author\/tatiana\/"}]}},"author_meta":{"display_name":false,"author_link":"https:\/\/maismagazine.pt\/index.php\/author\/tatiana\/"},"featured_img":"https:\/\/maismagazine.pt\/wp-content\/uploads\/2025\/05\/images-4.png","coauthors":[],"tax_additional":{"categories":{"linked":["<a href=\"https:\/\/maismagazine.pt\/index.php\/category\/publicidade\/\" class=\"advgb-post-tax-term\">publicidade<\/a>"],"unlinked":["<span class=\"advgb-post-tax-term\">publicidade<\/span>"]},"tags":{"linked":["<a href=\"https:\/\/maismagazine.pt\/index.php\/category\/publicidade\/\" class=\"advgb-post-tax-term\">Educa\u00e7\u00e3o<\/a>","<a href=\"https:\/\/maismagazine.pt\/index.php\/category\/publicidade\/\" class=\"advgb-post-tax-term\">Ensino<\/a>","<a href=\"https:\/\/maismagazine.pt\/index.php\/category\/publicidade\/\" class=\"advgb-post-tax-term\">Faculdade de Psicologia e de Ci\u00eancias da Educa\u00e7\u00e3o da Universidade de Coimbra<\/a>","<a href=\"https:\/\/maismagazine.pt\/index.php\/category\/publicidade\/\" class=\"advgb-post-tax-term\">Universidade de Coimbra<\/a>"],"unlinked":["<span class=\"advgb-post-tax-term\">Educa\u00e7\u00e3o<\/span>","<span class=\"advgb-post-tax-term\">Ensino<\/span>","<span class=\"advgb-post-tax-term\">Faculdade de Psicologia e de Ci\u00eancias da Educa\u00e7\u00e3o da Universidade de Coimbra<\/span>","<span class=\"advgb-post-tax-term\">Universidade de Coimbra<\/span>"]}},"comment_count":"0","relative_dates":{"created":"Posted 11 meses ago","modified":"Updated 11 meses ago"},"absolute_dates":{"created":"Posted on 23 de Maio, 2025","modified":"Updated on 20 de Maio, 2025"},"absolute_dates_time":{"created":"Posted on 23 de Maio, 2025 7:00","modified":"Updated on 20 de Maio, 2025 16:03"},"featured_img_caption":"","series_order":"","_links":{"self":[{"href":"https:\/\/maismagazine.pt\/index.php\/wp-json\/wp\/v2\/posts\/12137","targetHints":{"allow":["GET"]}}],"collection":[{"href":"https:\/\/maismagazine.pt\/index.php\/wp-json\/wp\/v2\/posts"}],"about":[{"href":"https:\/\/maismagazine.pt\/index.php\/wp-json\/wp\/v2\/types\/post"}],"author":[{"embeddable":true,"href":"https:\/\/maismagazine.pt\/index.php\/wp-json\/wp\/v2\/users\/18"}],"replies":[{"embeddable":true,"href":"https:\/\/maismagazine.pt\/index.php\/wp-json\/wp\/v2\/comments?post=12137"}],"version-history":[{"count":1,"href":"https:\/\/maismagazine.pt\/index.php\/wp-json\/wp\/v2\/posts\/12137\/revisions"}],"predecessor-version":[{"id":12149,"href":"https:\/\/maismagazine.pt\/index.php\/wp-json\/wp\/v2\/posts\/12137\/revisions\/12149"}],"wp:featuredmedia":[{"embeddable":true,"href":"https:\/\/maismagazine.pt\/index.php\/wp-json\/wp\/v2\/media\/12148"}],"wp:attachment":[{"href":"https:\/\/maismagazine.pt\/index.php\/wp-json\/wp\/v2\/media?parent=12137"}],"wp:term":[{"taxonomy":"category","embeddable":true,"href":"https:\/\/maismagazine.pt\/index.php\/wp-json\/wp\/v2\/categories?post=12137"},{"taxonomy":"post_tag","embeddable":true,"href":"https:\/\/maismagazine.pt\/index.php\/wp-json\/wp\/v2\/tags?post=12137"}],"curies":[{"name":"wp","href":"https:\/\/api.w.org\/{rel}","templated":true}]}}