{"id":12124,"date":"2025-05-23T07:00:00","date_gmt":"2025-05-23T06:00:00","guid":{"rendered":"https:\/\/maismagazine.pt\/?p=12124"},"modified":"2025-05-20T15:48:26","modified_gmt":"2025-05-20T14:48:26","slug":"faculdade-de-direito-da-universidade-de-coimbra-2","status":"publish","type":"post","link":"https:\/\/maismagazine.pt\/index.php\/2025\/05\/23\/faculdade-de-direito-da-universidade-de-coimbra-2\/","title":{"rendered":"Faculdade de Direito da Universidade de Coimbra"},"content":{"rendered":"\n<p>1.\u00ba CICLO<\/p>\n\n\n\n<p>LICENCIATURAS<\/p>\n\n\n\n<p>ADMINISTRA\u00c7\u00c3O P\u00daBLICA<\/p>\n\n\n\n<p>DIREITO<\/p>\n\n\n\n<p><\/p>\n\n\n\n<p>2.\u00ba CICLO<\/p>\n\n\n\n<p>MESTRADOS<\/p>\n\n\n\n<p>ADMINISTRA\u00c7\u00c3OP\u00daBLICO-PRIVADA<\/p>\n\n\n\n<p>4 Semestres<\/p>\n\n\n\n<p><\/p>\n\n\n\n<p>DIREITO<\/p>\n\n\n\n<p>4 Semestres<\/p>\n\n\n\n<p><\/p>\n\n\n\n<p>Ci\u00eancias:<\/p>\n\n\n\n<p>Jur\u00eddico-Civil\u00edsticas<\/p>\n\n\n\n<p>Jur\u00eddico-Criminais<\/p>\n\n\n\n<p>Jur\u00eddico-Econ\u00f3micas<\/p>\n\n\n\n<p>Jur\u00eddico-Empresariais<\/p>\n\n\n\n<p>Jur\u00eddico-Filos\u00f3ficas<\/p>\n\n\n\n<p>Jur\u00eddico-Hist\u00f3ricas<\/p>\n\n\n\n<p>Jur\u00eddico-Pol\u00edticas<\/p>\n\n\n\n<p>Jur\u00eddico-Processuais<\/p>\n\n\n\n<p><\/p>\n\n\n\n<p>CI\u00caNCIAS JUR\u00cdDICO-FORENSES<\/p>\n\n\n\n<p>3 Semestres<\/p>\n\n\n\n<p><\/p>\n\n\n\n<p>3.\u00ba CICLO<\/p>\n\n\n\n<p>DOUTORAMENTO<\/p>\n\n\n\n<p>DESAFIOS SOCIAIS, CONTEMPOR\u00c2NEOS E A(S) RESPOSTA(S) DO DIREITO<\/p>\n\n\n\n<p><\/p>\n\n\n\n<p>Ci\u00eancias:<\/p>\n\n\n\n<p>Jur\u00eddico-Criminais<\/p>\n\n\n\n<p>Jur\u00eddico-Econ\u00f3micas<\/p>\n\n\n\n<p>Jur\u00eddico-Empresariais<\/p>\n\n\n\n<p>Jur\u00eddico-Filos\u00f3ficas<\/p>\n\n\n\n<p>Jur\u00eddico-Hist\u00f3ricas<\/p>\n\n\n\n<p>Jur\u00eddico-Pol\u00edticas<\/p>\n\n\n\n<p>Jur\u00eddico-Processuais<\/p>\n\n\n\n<p><\/p>\n\n\n\n<p>Direito Civil<\/p>\n\n\n\n<p>Direito P\u00fablico<\/p>\n\n\n\n<p><\/p>\n\n\n\n<p>INSTITUTO JUR\u00cdDICO<\/p>\n\n\n\n<p>P\u00d3S-DOUTORAMENTO<\/p>\n\n\n\n<p><\/p>\n\n\n\n<p>N\u00c3O CONFERENTES DE GRAU<\/p>\n\n\n\n<p>P\u00d3S-GRADUA\u00c7\u00d5ES<\/p>\n\n\n\n<p><\/p>\n\n\n\n<p>\u00c1REAS DE ESPECIALIZA\u00c7\u00c3O<\/p>\n\n\n\n<p>\u25aaEstudos Europeus<\/p>\n\n\n\n<p>\u25aaDireito Biom\u00e9dico<\/p>\n\n\n\n<p>\u25aaDireito da Comunica\u00e7\u00e3o<\/p>\n\n\n\n<p>\u25aaDireito do Ordenamento, do Urbanismo e do Ambiente<\/p>\n\n\n\n<p>\u25aaDireitos Humanos<\/p>\n\n\n\n<p>\u25aaDireito da Fam\u00edlia<\/p>\n\n\n\n<p>\u25aaDireito do Consumidor<\/p>\n\n\n\n<p>\u25aaDireito Penal Econ\u00f3micoe Europeu<\/p>\n\n\n\n<p>\u25aaDireito Banc\u00e1rio da Bolsa e dos Seguros<\/p>\n\n\n\n<p>\u25aaDireito P\u00fablico e Regula\u00e7\u00e3o<\/p>\n\n\n\n<p>\u25aaDireito das Empresas e do Trabalho<\/p>\n\n\n\n<p>\u25aaEstudos Notariais e Registais<\/p>\n\n\n\n<p><\/p>\n\n\n\n<p>O SABER OCUPA ESTE LUGAR <\/p>\n\n\n\n<p>VEM OCUPAR O TEU!<\/p>\n\n\n\n<p><\/p>\n\n\n\n<p><a href=\"http:\/\/fd.uc.pt\">fd.uc.pt<\/a><\/p>\n\n\n\n<p><canvas width=\"1095\" height=\"1545\"><\/canvas><\/p>\n","protected":false},"excerpt":{"rendered":"<p>1.\u00ba CICLO LICENCIATURAS ADMINISTRA\u00c7\u00c3O P\u00daBLICA DIREITO 2.\u00ba CICLO MESTRADOS ADMINISTRA\u00c7\u00c3OP\u00daBLICO-PRIVADA 4 Semestres DIREITO 4 Semestres Ci\u00eancias: Jur\u00eddico-Civil\u00edsticas Jur\u00eddico-Criminais Jur\u00eddico-Econ\u00f3micas Jur\u00eddico-Empresariais Jur\u00eddico-Filos\u00f3ficas Jur\u00eddico-Hist\u00f3ricas Jur\u00eddico-Pol\u00edticas Jur\u00eddico-Processuais CI\u00caNCIAS JUR\u00cdDICO-FORENSES 3 Semestres 3.\u00ba CICLO DOUTORAMENTO DESAFIOS SOCIAIS, CONTEMPOR\u00c2NEOS E A(S) RESPOSTA(S) DO DIREITO Ci\u00eancias: Jur\u00eddico-Criminais Jur\u00eddico-Econ\u00f3micas Jur\u00eddico-Empresariais Jur\u00eddico-Filos\u00f3ficas Jur\u00eddico-Hist\u00f3ricas Jur\u00eddico-Pol\u00edticas Jur\u00eddico-Processuais Direito Civil Direito&hellip;<\/p>\n","protected":false},"author":18,"featured_media":12135,"comment_status":"closed","ping_status":"open","sticky":false,"template":"","format":"standard","meta":{"advgb_blocks_editor_width":"","advgb_blocks_columns_visual_guide":"","_monsterinsights_skip_tracking":false,"_monsterinsights_sitenote_active":false,"_monsterinsights_sitenote_note":"","_monsterinsights_sitenote_category":0,"footnotes":""},"categories":[1460],"tags":[525,521,1563],"class_list":["post-12124","post","type-post","status-publish","format-standard","has-post-thumbnail","hentry","category-publicidade","tag-educacao","tag-ensino","tag-faculdade-de-direito-da-universidade-de-coimbra"],"yoast_head":"<!-- This site is optimized with the Yoast SEO plugin v24.4 - https:\/\/yoast.com\/wordpress\/plugins\/seo\/ -->\n<title>Faculdade de Direito da Universidade de Coimbra - Mais Magazine<\/title>\n<meta name=\"robots\" content=\"index, follow, max-snippet:-1, max-image-preview:large, max-video-preview:-1\" \/>\n<link rel=\"canonical\" href=\"https:\/\/maismagazine.pt\/index.php\/2025\/05\/23\/faculdade-de-direito-da-universidade-de-coimbra-2\/\" \/>\n<meta property=\"og:locale\" content=\"pt_PT\" \/>\n<meta property=\"og:type\" content=\"article\" \/>\n<meta property=\"og:title\" content=\"Faculdade de Direito da Universidade de Coimbra - Mais Magazine\" \/>\n<meta property=\"og:description\" content=\"1.\u00ba CICLO LICENCIATURAS ADMINISTRA\u00c7\u00c3O P\u00daBLICA DIREITO 2.\u00ba CICLO MESTRADOS ADMINISTRA\u00c7\u00c3OP\u00daBLICO-PRIVADA 4 Semestres DIREITO 4 Semestres Ci\u00eancias: Jur\u00eddico-Civil\u00edsticas Jur\u00eddico-Criminais Jur\u00eddico-Econ\u00f3micas Jur\u00eddico-Empresariais Jur\u00eddico-Filos\u00f3ficas Jur\u00eddico-Hist\u00f3ricas Jur\u00eddico-Pol\u00edticas Jur\u00eddico-Processuais CI\u00caNCIAS JUR\u00cdDICO-FORENSES 3 Semestres 3.\u00ba CICLO DOUTORAMENTO DESAFIOS SOCIAIS, CONTEMPOR\u00c2NEOS E A(S) RESPOSTA(S) DO DIREITO Ci\u00eancias: Jur\u00eddico-Criminais Jur\u00eddico-Econ\u00f3micas Jur\u00eddico-Empresariais Jur\u00eddico-Filos\u00f3ficas Jur\u00eddico-Hist\u00f3ricas Jur\u00eddico-Pol\u00edticas Jur\u00eddico-Processuais Direito Civil Direito&hellip;\" \/>\n<meta property=\"og:url\" content=\"https:\/\/maismagazine.pt\/index.php\/2025\/05\/23\/faculdade-de-direito-da-universidade-de-coimbra-2\/\" \/>\n<meta property=\"og:site_name\" content=\"Mais Magazine\" \/>\n<meta property=\"article:published_time\" content=\"2025-05-23T06:00:00+00:00\" \/>\n<meta property=\"og:image\" content=\"https:\/\/maismagazine.pt\/wp-content\/uploads\/2025\/05\/images-3.png\" \/>\n\t<meta property=\"og:image:width\" content=\"225\" \/>\n\t<meta property=\"og:image:height\" content=\"225\" \/>\n\t<meta property=\"og:image:type\" content=\"image\/png\" \/>\n<meta name=\"author\" content=\"Tatiana Martins\" \/>\n<meta name=\"twitter:card\" content=\"summary_large_image\" \/>\n<meta name=\"twitter:label1\" content=\"Escrito por\" \/>\n\t<meta name=\"twitter:data1\" content=\"\" \/>\n\t<meta name=\"twitter:label2\" content=\"Tempo estimado de leitura\" \/>\n\t<meta name=\"twitter:data2\" content=\"1 minuto\" \/>\n<script type=\"application\/ld+json\" class=\"yoast-schema-graph\">{\"@context\":\"https:\/\/schema.org\",\"@graph\":[{\"@type\":\"Article\",\"@id\":\"https:\/\/maismagazine.pt\/index.php\/2025\/05\/23\/faculdade-de-direito-da-universidade-de-coimbra-2\/#article\",\"isPartOf\":{\"@id\":\"https:\/\/maismagazine.pt\/index.php\/2025\/05\/23\/faculdade-de-direito-da-universidade-de-coimbra-2\/\"},\"author\":{\"name\":\"Tatiana Martins\",\"@id\":\"http:\/\/maismagazine.pt\/#\/schema\/person\/7426e2caeb8df32a1b56aa48dae778c9\"},\"headline\":\"Faculdade de Direito da Universidade de Coimbra\",\"datePublished\":\"2025-05-23T06:00:00+00:00\",\"mainEntityOfPage\":{\"@id\":\"https:\/\/maismagazine.pt\/index.php\/2025\/05\/23\/faculdade-de-direito-da-universidade-de-coimbra-2\/\"},\"wordCount\":172,\"publisher\":{\"@id\":\"http:\/\/maismagazine.pt\/#organization\"},\"image\":{\"@id\":\"https:\/\/maismagazine.pt\/index.php\/2025\/05\/23\/faculdade-de-direito-da-universidade-de-coimbra-2\/#primaryimage\"},\"thumbnailUrl\":\"https:\/\/maismagazine.pt\/wp-content\/uploads\/2025\/05\/images-3.png\",\"keywords\":[\"Educa\u00e7\u00e3o\",\"Ensino\",\"Faculdade de Direito da Universidade de Coimbra\"],\"articleSection\":[\"publicidade\"],\"inLanguage\":\"pt-PT\"},{\"@type\":\"WebPage\",\"@id\":\"https:\/\/maismagazine.pt\/index.php\/2025\/05\/23\/faculdade-de-direito-da-universidade-de-coimbra-2\/\",\"url\":\"https:\/\/maismagazine.pt\/index.php\/2025\/05\/23\/faculdade-de-direito-da-universidade-de-coimbra-2\/\",\"name\":\"Faculdade de Direito da Universidade de Coimbra - Mais Magazine\",\"isPartOf\":{\"@id\":\"http:\/\/maismagazine.pt\/#website\"},\"primaryImageOfPage\":{\"@id\":\"https:\/\/maismagazine.pt\/index.php\/2025\/05\/23\/faculdade-de-direito-da-universidade-de-coimbra-2\/#primaryimage\"},\"image\":{\"@id\":\"https:\/\/maismagazine.pt\/index.php\/2025\/05\/23\/faculdade-de-direito-da-universidade-de-coimbra-2\/#primaryimage\"},\"thumbnailUrl\":\"https:\/\/maismagazine.pt\/wp-content\/uploads\/2025\/05\/images-3.png\",\"datePublished\":\"2025-05-23T06:00:00+00:00\",\"breadcrumb\":{\"@id\":\"https:\/\/maismagazine.pt\/index.php\/2025\/05\/23\/faculdade-de-direito-da-universidade-de-coimbra-2\/#breadcrumb\"},\"inLanguage\":\"pt-PT\",\"potentialAction\":[{\"@type\":\"ReadAction\",\"target\":[\"https:\/\/maismagazine.pt\/index.php\/2025\/05\/23\/faculdade-de-direito-da-universidade-de-coimbra-2\/\"]}]},{\"@type\":\"ImageObject\",\"inLanguage\":\"pt-PT\",\"@id\":\"https:\/\/maismagazine.pt\/index.php\/2025\/05\/23\/faculdade-de-direito-da-universidade-de-coimbra-2\/#primaryimage\",\"url\":\"https:\/\/maismagazine.pt\/wp-content\/uploads\/2025\/05\/images-3.png\",\"contentUrl\":\"https:\/\/maismagazine.pt\/wp-content\/uploads\/2025\/05\/images-3.png\",\"width\":225,\"height\":225},{\"@type\":\"BreadcrumbList\",\"@id\":\"https:\/\/maismagazine.pt\/index.php\/2025\/05\/23\/faculdade-de-direito-da-universidade-de-coimbra-2\/#breadcrumb\",\"itemListElement\":[{\"@type\":\"ListItem\",\"position\":1,\"name\":\"Home\",\"item\":\"http:\/\/maismagazine.pt\/\"},{\"@type\":\"ListItem\",\"position\":2,\"name\":\"Faculdade de Direito da Universidade de Coimbra\"}]},{\"@type\":\"WebSite\",\"@id\":\"http:\/\/maismagazine.pt\/#website\",\"url\":\"http:\/\/maismagazine.pt\/\",\"name\":\"Mais Magazine\",\"description\":\"\",\"publisher\":{\"@id\":\"http:\/\/maismagazine.pt\/#organization\"},\"potentialAction\":[{\"@type\":\"SearchAction\",\"target\":{\"@type\":\"EntryPoint\",\"urlTemplate\":\"http:\/\/maismagazine.pt\/?s={search_term_string}\"},\"query-input\":{\"@type\":\"PropertyValueSpecification\",\"valueRequired\":true,\"valueName\":\"search_term_string\"}}],\"inLanguage\":\"pt-PT\"},{\"@type\":\"Organization\",\"@id\":\"http:\/\/maismagazine.pt\/#organization\",\"name\":\"Mais Magazine\",\"url\":\"http:\/\/maismagazine.pt\/\",\"logo\":{\"@type\":\"ImageObject\",\"inLanguage\":\"pt-PT\",\"@id\":\"http:\/\/maismagazine.pt\/#\/schema\/logo\/image\/\",\"url\":\"https:\/\/maismagazine.pt\/wp-content\/uploads\/2020\/04\/cropped-cropped-mais-magazine-site-logo-2.png\",\"contentUrl\":\"https:\/\/maismagazine.pt\/wp-content\/uploads\/2020\/04\/cropped-cropped-mais-magazine-site-logo-2.png\",\"width\":581,\"height\":90,\"caption\":\"Mais Magazine\"},\"image\":{\"@id\":\"http:\/\/maismagazine.pt\/#\/schema\/logo\/image\/\"}},{\"@type\":\"Person\",\"@id\":\"http:\/\/maismagazine.pt\/#\/schema\/person\/7426e2caeb8df32a1b56aa48dae778c9\",\"name\":\"Tatiana Martins\",\"image\":{\"@type\":\"ImageObject\",\"inLanguage\":\"pt-PT\",\"@id\":\"http:\/\/maismagazine.pt\/#\/schema\/person\/image\/\",\"url\":\"https:\/\/secure.gravatar.com\/avatar\/4b24a57f5d0425f2eb20981c4b53244e?s=96&d=mm&r=g\",\"contentUrl\":\"https:\/\/secure.gravatar.com\/avatar\/4b24a57f5d0425f2eb20981c4b53244e?s=96&d=mm&r=g\",\"caption\":\"Tatiana Martins\"},\"url\":\"https:\/\/maismagazine.pt\/index.php\/author\/tatiana\/\"}]}<\/script>\n<!-- \/ Yoast SEO plugin. -->","yoast_head_json":{"title":"Faculdade de Direito da Universidade de Coimbra - Mais Magazine","robots":{"index":"index","follow":"follow","max-snippet":"max-snippet:-1","max-image-preview":"max-image-preview:large","max-video-preview":"max-video-preview:-1"},"canonical":"https:\/\/maismagazine.pt\/index.php\/2025\/05\/23\/faculdade-de-direito-da-universidade-de-coimbra-2\/","og_locale":"pt_PT","og_type":"article","og_title":"Faculdade de Direito da Universidade de Coimbra - Mais Magazine","og_description":"1.\u00ba CICLO LICENCIATURAS ADMINISTRA\u00c7\u00c3O P\u00daBLICA DIREITO 2.\u00ba CICLO MESTRADOS ADMINISTRA\u00c7\u00c3OP\u00daBLICO-PRIVADA 4 Semestres DIREITO 4 Semestres Ci\u00eancias: Jur\u00eddico-Civil\u00edsticas Jur\u00eddico-Criminais Jur\u00eddico-Econ\u00f3micas Jur\u00eddico-Empresariais Jur\u00eddico-Filos\u00f3ficas Jur\u00eddico-Hist\u00f3ricas Jur\u00eddico-Pol\u00edticas Jur\u00eddico-Processuais CI\u00caNCIAS JUR\u00cdDICO-FORENSES 3 Semestres 3.\u00ba CICLO DOUTORAMENTO DESAFIOS SOCIAIS, CONTEMPOR\u00c2NEOS E A(S) RESPOSTA(S) DO DIREITO Ci\u00eancias: Jur\u00eddico-Criminais Jur\u00eddico-Econ\u00f3micas Jur\u00eddico-Empresariais Jur\u00eddico-Filos\u00f3ficas Jur\u00eddico-Hist\u00f3ricas Jur\u00eddico-Pol\u00edticas Jur\u00eddico-Processuais Direito Civil Direito&hellip;","og_url":"https:\/\/maismagazine.pt\/index.php\/2025\/05\/23\/faculdade-de-direito-da-universidade-de-coimbra-2\/","og_site_name":"Mais Magazine","article_published_time":"2025-05-23T06:00:00+00:00","og_image":[{"width":225,"height":225,"url":"https:\/\/maismagazine.pt\/wp-content\/uploads\/2025\/05\/images-3.png","type":"image\/png"}],"author":"Tatiana Martins","twitter_card":"summary_large_image","twitter_misc":{"Escrito por":false,"Tempo estimado de leitura":"1 minuto"},"schema":{"@context":"https:\/\/schema.org","@graph":[{"@type":"Article","@id":"https:\/\/maismagazine.pt\/index.php\/2025\/05\/23\/faculdade-de-direito-da-universidade-de-coimbra-2\/#article","isPartOf":{"@id":"https:\/\/maismagazine.pt\/index.php\/2025\/05\/23\/faculdade-de-direito-da-universidade-de-coimbra-2\/"},"author":{"name":"Tatiana Martins","@id":"http:\/\/maismagazine.pt\/#\/schema\/person\/7426e2caeb8df32a1b56aa48dae778c9"},"headline":"Faculdade de Direito da Universidade de Coimbra","datePublished":"2025-05-23T06:00:00+00:00","mainEntityOfPage":{"@id":"https:\/\/maismagazine.pt\/index.php\/2025\/05\/23\/faculdade-de-direito-da-universidade-de-coimbra-2\/"},"wordCount":172,"publisher":{"@id":"http:\/\/maismagazine.pt\/#organization"},"image":{"@id":"https:\/\/maismagazine.pt\/index.php\/2025\/05\/23\/faculdade-de-direito-da-universidade-de-coimbra-2\/#primaryimage"},"thumbnailUrl":"https:\/\/maismagazine.pt\/wp-content\/uploads\/2025\/05\/images-3.png","keywords":["Educa\u00e7\u00e3o","Ensino","Faculdade de Direito da Universidade de Coimbra"],"articleSection":["publicidade"],"inLanguage":"pt-PT"},{"@type":"WebPage","@id":"https:\/\/maismagazine.pt\/index.php\/2025\/05\/23\/faculdade-de-direito-da-universidade-de-coimbra-2\/","url":"https:\/\/maismagazine.pt\/index.php\/2025\/05\/23\/faculdade-de-direito-da-universidade-de-coimbra-2\/","name":"Faculdade de Direito da Universidade de Coimbra - Mais Magazine","isPartOf":{"@id":"http:\/\/maismagazine.pt\/#website"},"primaryImageOfPage":{"@id":"https:\/\/maismagazine.pt\/index.php\/2025\/05\/23\/faculdade-de-direito-da-universidade-de-coimbra-2\/#primaryimage"},"image":{"@id":"https:\/\/maismagazine.pt\/index.php\/2025\/05\/23\/faculdade-de-direito-da-universidade-de-coimbra-2\/#primaryimage"},"thumbnailUrl":"https:\/\/maismagazine.pt\/wp-content\/uploads\/2025\/05\/images-3.png","datePublished":"2025-05-23T06:00:00+00:00","breadcrumb":{"@id":"https:\/\/maismagazine.pt\/index.php\/2025\/05\/23\/faculdade-de-direito-da-universidade-de-coimbra-2\/#breadcrumb"},"inLanguage":"pt-PT","potentialAction":[{"@type":"ReadAction","target":["https:\/\/maismagazine.pt\/index.php\/2025\/05\/23\/faculdade-de-direito-da-universidade-de-coimbra-2\/"]}]},{"@type":"ImageObject","inLanguage":"pt-PT","@id":"https:\/\/maismagazine.pt\/index.php\/2025\/05\/23\/faculdade-de-direito-da-universidade-de-coimbra-2\/#primaryimage","url":"https:\/\/maismagazine.pt\/wp-content\/uploads\/2025\/05\/images-3.png","contentUrl":"https:\/\/maismagazine.pt\/wp-content\/uploads\/2025\/05\/images-3.png","width":225,"height":225},{"@type":"BreadcrumbList","@id":"https:\/\/maismagazine.pt\/index.php\/2025\/05\/23\/faculdade-de-direito-da-universidade-de-coimbra-2\/#breadcrumb","itemListElement":[{"@type":"ListItem","position":1,"name":"Home","item":"http:\/\/maismagazine.pt\/"},{"@type":"ListItem","position":2,"name":"Faculdade de Direito da Universidade de Coimbra"}]},{"@type":"WebSite","@id":"http:\/\/maismagazine.pt\/#website","url":"http:\/\/maismagazine.pt\/","name":"Mais Magazine","description":"","publisher":{"@id":"http:\/\/maismagazine.pt\/#organization"},"potentialAction":[{"@type":"SearchAction","target":{"@type":"EntryPoint","urlTemplate":"http:\/\/maismagazine.pt\/?s={search_term_string}"},"query-input":{"@type":"PropertyValueSpecification","valueRequired":true,"valueName":"search_term_string"}}],"inLanguage":"pt-PT"},{"@type":"Organization","@id":"http:\/\/maismagazine.pt\/#organization","name":"Mais Magazine","url":"http:\/\/maismagazine.pt\/","logo":{"@type":"ImageObject","inLanguage":"pt-PT","@id":"http:\/\/maismagazine.pt\/#\/schema\/logo\/image\/","url":"https:\/\/maismagazine.pt\/wp-content\/uploads\/2020\/04\/cropped-cropped-mais-magazine-site-logo-2.png","contentUrl":"https:\/\/maismagazine.pt\/wp-content\/uploads\/2020\/04\/cropped-cropped-mais-magazine-site-logo-2.png","width":581,"height":90,"caption":"Mais Magazine"},"image":{"@id":"http:\/\/maismagazine.pt\/#\/schema\/logo\/image\/"}},{"@type":"Person","@id":"http:\/\/maismagazine.pt\/#\/schema\/person\/7426e2caeb8df32a1b56aa48dae778c9","name":"Tatiana Martins","image":{"@type":"ImageObject","inLanguage":"pt-PT","@id":"http:\/\/maismagazine.pt\/#\/schema\/person\/image\/","url":"https:\/\/secure.gravatar.com\/avatar\/4b24a57f5d0425f2eb20981c4b53244e?s=96&d=mm&r=g","contentUrl":"https:\/\/secure.gravatar.com\/avatar\/4b24a57f5d0425f2eb20981c4b53244e?s=96&d=mm&r=g","caption":"Tatiana Martins"},"url":"https:\/\/maismagazine.pt\/index.php\/author\/tatiana\/"}]}},"author_meta":{"display_name":false,"author_link":"https:\/\/maismagazine.pt\/index.php\/author\/tatiana\/"},"featured_img":"https:\/\/maismagazine.pt\/wp-content\/uploads\/2025\/05\/images-3.png","coauthors":[],"tax_additional":{"categories":{"linked":["<a href=\"https:\/\/maismagazine.pt\/index.php\/category\/publicidade\/\" class=\"advgb-post-tax-term\">publicidade<\/a>"],"unlinked":["<span class=\"advgb-post-tax-term\">publicidade<\/span>"]},"tags":{"linked":["<a href=\"https:\/\/maismagazine.pt\/index.php\/category\/publicidade\/\" class=\"advgb-post-tax-term\">Educa\u00e7\u00e3o<\/a>","<a href=\"https:\/\/maismagazine.pt\/index.php\/category\/publicidade\/\" class=\"advgb-post-tax-term\">Ensino<\/a>","<a href=\"https:\/\/maismagazine.pt\/index.php\/category\/publicidade\/\" class=\"advgb-post-tax-term\">Faculdade de Direito da Universidade de Coimbra<\/a>"],"unlinked":["<span class=\"advgb-post-tax-term\">Educa\u00e7\u00e3o<\/span>","<span class=\"advgb-post-tax-term\">Ensino<\/span>","<span class=\"advgb-post-tax-term\">Faculdade de Direito da Universidade de Coimbra<\/span>"]}},"comment_count":"0","relative_dates":{"created":"Posted 11 meses ago","modified":"Updated 11 meses ago"},"absolute_dates":{"created":"Posted on 23 de Maio, 2025","modified":"Updated on 20 de Maio, 2025"},"absolute_dates_time":{"created":"Posted on 23 de Maio, 2025 7:00","modified":"Updated on 20 de Maio, 2025 15:48"},"featured_img_caption":"","series_order":"","_links":{"self":[{"href":"https:\/\/maismagazine.pt\/index.php\/wp-json\/wp\/v2\/posts\/12124","targetHints":{"allow":["GET"]}}],"collection":[{"href":"https:\/\/maismagazine.pt\/index.php\/wp-json\/wp\/v2\/posts"}],"about":[{"href":"https:\/\/maismagazine.pt\/index.php\/wp-json\/wp\/v2\/types\/post"}],"author":[{"embeddable":true,"href":"https:\/\/maismagazine.pt\/index.php\/wp-json\/wp\/v2\/users\/18"}],"replies":[{"embeddable":true,"href":"https:\/\/maismagazine.pt\/index.php\/wp-json\/wp\/v2\/comments?post=12124"}],"version-history":[{"count":1,"href":"https:\/\/maismagazine.pt\/index.php\/wp-json\/wp\/v2\/posts\/12124\/revisions"}],"predecessor-version":[{"id":12136,"href":"https:\/\/maismagazine.pt\/index.php\/wp-json\/wp\/v2\/posts\/12124\/revisions\/12136"}],"wp:featuredmedia":[{"embeddable":true,"href":"https:\/\/maismagazine.pt\/index.php\/wp-json\/wp\/v2\/media\/12135"}],"wp:attachment":[{"href":"https:\/\/maismagazine.pt\/index.php\/wp-json\/wp\/v2\/media?parent=12124"}],"wp:term":[{"taxonomy":"category","embeddable":true,"href":"https:\/\/maismagazine.pt\/index.php\/wp-json\/wp\/v2\/categories?post=12124"},{"taxonomy":"post_tag","embeddable":true,"href":"https:\/\/maismagazine.pt\/index.php\/wp-json\/wp\/v2\/tags?post=12124"}],"curies":[{"name":"wp","href":"https:\/\/api.w.org\/{rel}","templated":true}]}}