{"id":11634,"date":"2026-03-13T07:00:00","date_gmt":"2026-03-13T07:00:00","guid":{"rendered":"https:\/\/maismagazine.pt\/?p=11634"},"modified":"2026-03-11T14:56:24","modified_gmt":"2026-03-11T14:56:24","slug":"os-proximos-30-anos-serao-ainda-mais-desafiadores","status":"publish","type":"post","link":"https:\/\/maismagazine.pt\/index.php\/2026\/03\/13\/os-proximos-30-anos-serao-ainda-mais-desafiadores\/","title":{"rendered":"Os pr\u00f3ximos 30 anos ser\u00e3o ainda mais desafiadores"},"content":{"rendered":"\n<p>\u00c9 comumente aceite que, nos \u00faltimos 30 anos, Portugal conseguiu superar uma prova essencial ao desenvolvimento no setor da \u00e1gua, por via da constru\u00e7\u00e3o e gest\u00e3o de novos sistemas de abastecimento de \u00e1gua e de saneamento de \u00e1guas residuais, desafio que obrigou a investimentos de grande dimens\u00e3o e complexidade, e \u00e0 aprendizagem da sua gest\u00e3o de modo eficiente. A partir do desenvolvimento e implementa\u00e7\u00e3o de uma abordagem integrada e coordenada na gest\u00e3o das disponibilidades h\u00eddricas, foi poss\u00edvel contribuir para a otimiza\u00e7\u00e3o dos processos operacionais e para a redu\u00e7\u00e3o de gastos, garantindo uma maior efici\u00eancia na presta\u00e7\u00e3o desses servi\u00e7os p\u00fablicos essenciais e possibilitando o acesso a servi\u00e7os de abastecimento de \u00e1gua e de saneamento de qualidade, promovendo, em simult\u00e2neo, a sustentabilidade e a atratividade das regi\u00f5es e dos respetivos territ\u00f3rios. <\/p>\n\n\n\n<p><\/p>\n\n\n\n<p>Esse per\u00edodo de grande investimento induziu no setor um conjunto relevante de transforma\u00e7\u00f5es, reflexo das mudan\u00e7as sociais e ambientais em que todos fomos protagonistas. Destacam-se as concess\u00f5es ao setor privado, a cria\u00e7\u00e3o de entidades gestoras intermunicipais, a presta\u00e7\u00e3o de servi\u00e7os com m\u00e9tricas de efici\u00eancia, a constitui\u00e7\u00e3o de parcerias Estado-autarquias, a regula\u00e7\u00e3o setorial, a inova\u00e7\u00e3o tecnol\u00f3gica e a gest\u00e3o de ativos, bem como a sustentabilidade ambiental, econ\u00f3mica e social do setor, que o fez crescer em outros dom\u00ednios igualmente importantes e essenciais. Contudo, apesar das metas superadas, o pa\u00eds, as regi\u00f5es e o setor, enfrentam hoje desafios importantes. As mudan\u00e7as nos padr\u00f5es de precipita\u00e7\u00e3o, o aumento da frequ\u00eancia e dimens\u00e3o dos eventos clim\u00e1ticos extremos e a escassez de \u00e1gua, representam obst\u00e1culos que v\u00e3o aumentar a complexidade da gest\u00e3o h\u00eddrica, sobretudo, se desejarmos assegurar uma distribui\u00e7\u00e3o sustent\u00e1vel da \u00e1gua pelos diferentes usos. <strong>E esses desafios obrigam a uma abordagem abrangente e colaborativa.  <\/strong><\/p>\n\n\n\n<p><\/p>\n\n\n\n<p>O desenvolvimento de parcerias de coopera\u00e7\u00e3o robustas, com todas as partes interessadas e os diferentes setores, a defini\u00e7\u00e3o de estrat\u00e9gias flex\u00edveis e inteligentes para a gest\u00e3o do recurso, os investimentos em inova\u00e7\u00e3o, em tecnologia, na capacita\u00e7\u00e3o de t\u00e9cnicos e em novas infraestruturas mais eficientes, resilientes e resistentes ao impacto clim\u00e1tico, a consciencializa\u00e7\u00e3o p\u00fablica dos cidad\u00e3os para a promo\u00e7\u00e3o do uso mais eficiente do bem e para a preserva\u00e7\u00e3o dos recursos h\u00eddricos, assim como a adequada e pac\u00edfica partilha da \u00e1gua com outros setores econ\u00f3micos, s\u00e3o os elementos que considero cruciais para que possamos controlar o caldeir\u00e3o que se aproxima e que, se bem potenciados, nos podem permitir alavancar e cimentar um processo de transforma\u00e7\u00e3o harmonioso, inclusivo e sem sobressaltos. Apesar das enormes ambi\u00e7\u00f5es que as entidades gestoras t\u00eam em curso ou planearam, onde se destacam os investimentos para a redu\u00e7\u00e3o significativa das perdas e das aflu\u00eancias\/ infiltra\u00e7\u00f5es indevidas nas redes de abastecimento e de saneamento, respetivamente, o refor\u00e7o da utiliza\u00e7\u00e3o de \u00e1gua para reutiliza\u00e7\u00e3o e a avalia\u00e7\u00e3o do impacto com as novas imposi\u00e7\u00f5es previstas na nova Diretiva das \u00c1guas Residuais s\u00e3o ainda manifestamente insuficientes para acorrer \u00e0s transforma\u00e7\u00f5es que se perspetivam. Das entidades gestoras que tiveram um papel relevante na transforma\u00e7\u00e3o do setor da \u00e1gua no nosso pa\u00eds, esperam-se novos e exequ\u00edveis exemplos de dedica\u00e7\u00e3o e supera\u00e7\u00e3o, de agrega\u00e7\u00e3o de esfor\u00e7os e capacidades, para vencermos os imensos desafios que se v\u00e3o colocar ao longo dos pr\u00f3ximos 30 anos.  <\/p>\n\n\n\n<p><\/p>\n\n\n\n<p><strong>E, s\u00f3 assim, seremos capazes de garantir a continuidade do acesso a uma \u00e1gua \u00e0s gera\u00e7\u00f5es futuras.21 de mar\u00e7o \u00e9 o Dia Mundial da \u00c1gua.  <\/strong><\/p>\n\n\n\n<p><\/p>\n\n\n\n<p>Celebremo-lo juntos e para sempre!<\/p>\n\n\n\n<p><\/p>\n\n\n\n<p class=\"has-text-align-right\"><em>Jos\u00e9 Martins Soares, Presidente da APDA (Associa\u00e7\u00e3o Portuguesa de Distribui\u00e7\u00e3o e Drenagem de \u00c1guas)<\/em><\/p>\n\n\n\n<p class=\"has-text-align-right\"><\/p>\n\n\n<div class=\"wp-block-image\">\n<figure class=\"aligncenter size-full is-resized\"><img loading=\"lazy\" decoding=\"async\" width=\"307\" height=\"135\" src=\"https:\/\/maismagazine.pt\/wp-content\/uploads\/2025\/03\/s.png\" alt=\"\" class=\"wp-image-11638\" style=\"width:325px;height:auto\" srcset=\"https:\/\/maismagazine.pt\/wp-content\/uploads\/2025\/03\/s.png 307w, https:\/\/maismagazine.pt\/wp-content\/uploads\/2025\/03\/s-300x132.png 300w\" sizes=\"auto, (max-width: 307px) 100vw, 307px\" \/><\/figure><\/div>","protected":false},"excerpt":{"rendered":"<p>\u00c9 comumente aceite que, nos \u00faltimos 30 anos, Portugal conseguiu superar uma prova essencial ao desenvolvimento no setor da \u00e1gua, por via da constru\u00e7\u00e3o e gest\u00e3o de novos sistemas de abastecimento de \u00e1gua e de saneamento de \u00e1guas residuais, desafio que obrigou a investimentos de grande dimens\u00e3o e complexidade, e&hellip;<\/p>\n","protected":false},"author":17,"featured_media":11639,"comment_status":"closed","ping_status":"open","sticky":false,"template":"","format":"standard","meta":{"advgb_blocks_editor_width":"","advgb_blocks_columns_visual_guide":"","_monsterinsights_skip_tracking":false,"_monsterinsights_sitenote_active":false,"_monsterinsights_sitenote_note":"","_monsterinsights_sitenote_category":0,"footnotes":""},"categories":[78,52,51],"tags":[1571],"class_list":["post-11634","post","type-post","status-publish","format-standard","has-post-thumbnail","hentry","category-ambiente-e-sustentabilidade","category-destaque","category-opiniao","tag-apda"],"yoast_head":"<!-- This site is optimized with the Yoast SEO plugin v24.4 - https:\/\/yoast.com\/wordpress\/plugins\/seo\/ -->\n<title>Os pr\u00f3ximos 30 anos ser\u00e3o ainda mais desafiadores - Mais Magazine<\/title>\n<meta name=\"description\" content=\"\u00c9 comumente aceite que, nos \u00faltimos 30 anos, Portugal conseguiu superar uma prova essencial ao desenvolvimento no setor da \u00e1gua, por via da constru\u00e7\u00e3o e gest\u00e3o de novos sistemas de abastecimento de \u00e1gua e de saneamento de \u00e1guas residuais, desafio que obrigou a investimentos de grande dimens\u00e3o e complexidade, e \u00e0 aprendizagem da sua gest\u00e3o de modo eficiente. A partir do desenvolvimento e implementa\u00e7\u00e3o de uma abordagem integrada e coordenada na gest\u00e3o das disponibilidades h\u00eddricas, foi poss\u00edvel contribuir para a otimiza\u00e7\u00e3o dos processos operacionais e para a redu\u00e7\u00e3o de gastos, garantindo uma maior efici\u00eancia na presta\u00e7\u00e3o desses servi\u00e7os p\u00fablicos essenciais e possibilitando o acesso a servi\u00e7os de abastecimento de \u00e1gua e de saneamento de qualidade, promovendo, em simult\u00e2neo, a sustentabilidade e a atratividade das regi\u00f5es e dos respetivos territ\u00f3rios.\" \/>\n<meta name=\"robots\" content=\"index, follow, max-snippet:-1, max-image-preview:large, max-video-preview:-1\" \/>\n<link rel=\"canonical\" href=\"http:\/\/maismagazine.pt\/index.php\/2026\/03\/13\/os-proximos-30-anos-serao-ainda-mais-desafiadores\/\" \/>\n<meta property=\"og:locale\" content=\"pt_PT\" \/>\n<meta property=\"og:type\" content=\"article\" \/>\n<meta property=\"og:title\" content=\"Os pr\u00f3ximos 30 anos ser\u00e3o ainda mais desafiadores - Mais Magazine\" \/>\n<meta property=\"og:description\" content=\"\u00c9 comumente aceite que, nos \u00faltimos 30 anos, Portugal conseguiu superar uma prova essencial ao desenvolvimento no setor da \u00e1gua, por via da constru\u00e7\u00e3o e gest\u00e3o de novos sistemas de abastecimento de \u00e1gua e de saneamento de \u00e1guas residuais, desafio que obrigou a investimentos de grande dimens\u00e3o e complexidade, e \u00e0 aprendizagem da sua gest\u00e3o de modo eficiente. A partir do desenvolvimento e implementa\u00e7\u00e3o de uma abordagem integrada e coordenada na gest\u00e3o das disponibilidades h\u00eddricas, foi poss\u00edvel contribuir para a otimiza\u00e7\u00e3o dos processos operacionais e para a redu\u00e7\u00e3o de gastos, garantindo uma maior efici\u00eancia na presta\u00e7\u00e3o desses servi\u00e7os p\u00fablicos essenciais e possibilitando o acesso a servi\u00e7os de abastecimento de \u00e1gua e de saneamento de qualidade, promovendo, em simult\u00e2neo, a sustentabilidade e a atratividade das regi\u00f5es e dos respetivos territ\u00f3rios.\" \/>\n<meta property=\"og:url\" content=\"http:\/\/maismagazine.pt\/index.php\/2026\/03\/13\/os-proximos-30-anos-serao-ainda-mais-desafiadores\/\" \/>\n<meta property=\"og:site_name\" content=\"Mais Magazine\" \/>\n<meta property=\"article:published_time\" content=\"2026-03-13T07:00:00+00:00\" \/>\n<meta property=\"og:image\" content=\"http:\/\/maismagazine.pt\/wp-content\/uploads\/2025\/03\/Jose-Martins-Soares.jpg\" \/>\n\t<meta property=\"og:image:width\" content=\"364\" \/>\n\t<meta property=\"og:image:height\" content=\"540\" \/>\n\t<meta property=\"og:image:type\" content=\"image\/jpeg\" \/>\n<meta name=\"author\" content=\"Tiago Costa\" \/>\n<meta name=\"twitter:card\" content=\"summary_large_image\" \/>\n<meta name=\"twitter:label1\" content=\"Escrito por\" \/>\n\t<meta name=\"twitter:data1\" content=\"\" \/>\n\t<meta name=\"twitter:label2\" content=\"Tempo estimado de leitura\" \/>\n\t<meta name=\"twitter:data2\" content=\"4 minutos\" \/>\n<script type=\"application\/ld+json\" class=\"yoast-schema-graph\">{\"@context\":\"https:\/\/schema.org\",\"@graph\":[{\"@type\":\"Article\",\"@id\":\"http:\/\/maismagazine.pt\/index.php\/2026\/03\/13\/os-proximos-30-anos-serao-ainda-mais-desafiadores\/#article\",\"isPartOf\":{\"@id\":\"http:\/\/maismagazine.pt\/index.php\/2026\/03\/13\/os-proximos-30-anos-serao-ainda-mais-desafiadores\/\"},\"author\":{\"name\":\"Tiago Costa\",\"@id\":\"http:\/\/maismagazine.pt\/#\/schema\/person\/c6c5bfccc886434cbd11c74e035f9646\"},\"headline\":\"Os pr\u00f3ximos 30 anos ser\u00e3o ainda mais desafiadores\",\"datePublished\":\"2026-03-13T07:00:00+00:00\",\"mainEntityOfPage\":{\"@id\":\"http:\/\/maismagazine.pt\/index.php\/2026\/03\/13\/os-proximos-30-anos-serao-ainda-mais-desafiadores\/\"},\"wordCount\":658,\"publisher\":{\"@id\":\"http:\/\/maismagazine.pt\/#organization\"},\"image\":{\"@id\":\"http:\/\/maismagazine.pt\/index.php\/2026\/03\/13\/os-proximos-30-anos-serao-ainda-mais-desafiadores\/#primaryimage\"},\"thumbnailUrl\":\"https:\/\/maismagazine.pt\/wp-content\/uploads\/2025\/03\/Jose-Martins-Soares.jpg\",\"keywords\":[\"APDA\"],\"articleSection\":[\"Ambiente e Sustentabilidade\",\"Destaque lateral\",\"Opini\u00e3o\"],\"inLanguage\":\"pt-PT\"},{\"@type\":\"WebPage\",\"@id\":\"http:\/\/maismagazine.pt\/index.php\/2026\/03\/13\/os-proximos-30-anos-serao-ainda-mais-desafiadores\/\",\"url\":\"http:\/\/maismagazine.pt\/index.php\/2026\/03\/13\/os-proximos-30-anos-serao-ainda-mais-desafiadores\/\",\"name\":\"Os pr\u00f3ximos 30 anos ser\u00e3o ainda mais desafiadores - Mais Magazine\",\"isPartOf\":{\"@id\":\"http:\/\/maismagazine.pt\/#website\"},\"primaryImageOfPage\":{\"@id\":\"http:\/\/maismagazine.pt\/index.php\/2026\/03\/13\/os-proximos-30-anos-serao-ainda-mais-desafiadores\/#primaryimage\"},\"image\":{\"@id\":\"http:\/\/maismagazine.pt\/index.php\/2026\/03\/13\/os-proximos-30-anos-serao-ainda-mais-desafiadores\/#primaryimage\"},\"thumbnailUrl\":\"https:\/\/maismagazine.pt\/wp-content\/uploads\/2025\/03\/Jose-Martins-Soares.jpg\",\"datePublished\":\"2026-03-13T07:00:00+00:00\",\"description\":\"\u00c9 comumente aceite que, nos \u00faltimos 30 anos, Portugal conseguiu superar uma prova essencial ao desenvolvimento no setor da \u00e1gua, por via da constru\u00e7\u00e3o e gest\u00e3o de novos sistemas de abastecimento de \u00e1gua e de saneamento de \u00e1guas residuais, desafio que obrigou a investimentos de grande dimens\u00e3o e complexidade, e \u00e0 aprendizagem da sua gest\u00e3o de modo eficiente. A partir do desenvolvimento e implementa\u00e7\u00e3o de uma abordagem integrada e coordenada na gest\u00e3o das disponibilidades h\u00eddricas, foi poss\u00edvel contribuir para a otimiza\u00e7\u00e3o dos processos operacionais e para a redu\u00e7\u00e3o de gastos, garantindo uma maior efici\u00eancia na presta\u00e7\u00e3o desses servi\u00e7os p\u00fablicos essenciais e possibilitando o acesso a servi\u00e7os de abastecimento de \u00e1gua e de saneamento de qualidade, promovendo, em simult\u00e2neo, a sustentabilidade e a atratividade das regi\u00f5es e dos respetivos territ\u00f3rios.\",\"breadcrumb\":{\"@id\":\"http:\/\/maismagazine.pt\/index.php\/2026\/03\/13\/os-proximos-30-anos-serao-ainda-mais-desafiadores\/#breadcrumb\"},\"inLanguage\":\"pt-PT\",\"potentialAction\":[{\"@type\":\"ReadAction\",\"target\":[\"http:\/\/maismagazine.pt\/index.php\/2026\/03\/13\/os-proximos-30-anos-serao-ainda-mais-desafiadores\/\"]}]},{\"@type\":\"ImageObject\",\"inLanguage\":\"pt-PT\",\"@id\":\"http:\/\/maismagazine.pt\/index.php\/2026\/03\/13\/os-proximos-30-anos-serao-ainda-mais-desafiadores\/#primaryimage\",\"url\":\"https:\/\/maismagazine.pt\/wp-content\/uploads\/2025\/03\/Jose-Martins-Soares.jpg\",\"contentUrl\":\"https:\/\/maismagazine.pt\/wp-content\/uploads\/2025\/03\/Jose-Martins-Soares.jpg\",\"width\":364,\"height\":540},{\"@type\":\"BreadcrumbList\",\"@id\":\"http:\/\/maismagazine.pt\/index.php\/2026\/03\/13\/os-proximos-30-anos-serao-ainda-mais-desafiadores\/#breadcrumb\",\"itemListElement\":[{\"@type\":\"ListItem\",\"position\":1,\"name\":\"Home\",\"item\":\"http:\/\/maismagazine.pt\/\"},{\"@type\":\"ListItem\",\"position\":2,\"name\":\"Os pr\u00f3ximos 30 anos ser\u00e3o ainda mais desafiadores\"}]},{\"@type\":\"WebSite\",\"@id\":\"http:\/\/maismagazine.pt\/#website\",\"url\":\"http:\/\/maismagazine.pt\/\",\"name\":\"Mais Magazine\",\"description\":\"\",\"publisher\":{\"@id\":\"http:\/\/maismagazine.pt\/#organization\"},\"potentialAction\":[{\"@type\":\"SearchAction\",\"target\":{\"@type\":\"EntryPoint\",\"urlTemplate\":\"http:\/\/maismagazine.pt\/?s={search_term_string}\"},\"query-input\":{\"@type\":\"PropertyValueSpecification\",\"valueRequired\":true,\"valueName\":\"search_term_string\"}}],\"inLanguage\":\"pt-PT\"},{\"@type\":\"Organization\",\"@id\":\"http:\/\/maismagazine.pt\/#organization\",\"name\":\"Mais Magazine\",\"url\":\"http:\/\/maismagazine.pt\/\",\"logo\":{\"@type\":\"ImageObject\",\"inLanguage\":\"pt-PT\",\"@id\":\"http:\/\/maismagazine.pt\/#\/schema\/logo\/image\/\",\"url\":\"https:\/\/maismagazine.pt\/wp-content\/uploads\/2020\/04\/cropped-cropped-mais-magazine-site-logo-2.png\",\"contentUrl\":\"https:\/\/maismagazine.pt\/wp-content\/uploads\/2020\/04\/cropped-cropped-mais-magazine-site-logo-2.png\",\"width\":581,\"height\":90,\"caption\":\"Mais Magazine\"},\"image\":{\"@id\":\"http:\/\/maismagazine.pt\/#\/schema\/logo\/image\/\"}},{\"@type\":\"Person\",\"@id\":\"http:\/\/maismagazine.pt\/#\/schema\/person\/c6c5bfccc886434cbd11c74e035f9646\",\"name\":\"Tiago Costa\",\"image\":{\"@type\":\"ImageObject\",\"inLanguage\":\"pt-PT\",\"@id\":\"http:\/\/maismagazine.pt\/#\/schema\/person\/image\/\",\"url\":\"https:\/\/secure.gravatar.com\/avatar\/c599b2bce16c9870429198cbad5ee022?s=96&d=mm&r=g\",\"contentUrl\":\"https:\/\/secure.gravatar.com\/avatar\/c599b2bce16c9870429198cbad5ee022?s=96&d=mm&r=g\",\"caption\":\"Tiago Costa\"},\"url\":\"https:\/\/maismagazine.pt\/index.php\/author\/tiago\/\"}]}<\/script>\n<!-- \/ Yoast SEO plugin. -->","yoast_head_json":{"title":"Os pr\u00f3ximos 30 anos ser\u00e3o ainda mais desafiadores - Mais Magazine","description":"\u00c9 comumente aceite que, nos \u00faltimos 30 anos, Portugal conseguiu superar uma prova essencial ao desenvolvimento no setor da \u00e1gua, por via da constru\u00e7\u00e3o e gest\u00e3o de novos sistemas de abastecimento de \u00e1gua e de saneamento de \u00e1guas residuais, desafio que obrigou a investimentos de grande dimens\u00e3o e complexidade, e \u00e0 aprendizagem da sua gest\u00e3o de modo eficiente. A partir do desenvolvimento e implementa\u00e7\u00e3o de uma abordagem integrada e coordenada na gest\u00e3o das disponibilidades h\u00eddricas, foi poss\u00edvel contribuir para a otimiza\u00e7\u00e3o dos processos operacionais e para a redu\u00e7\u00e3o de gastos, garantindo uma maior efici\u00eancia na presta\u00e7\u00e3o desses servi\u00e7os p\u00fablicos essenciais e possibilitando o acesso a servi\u00e7os de abastecimento de \u00e1gua e de saneamento de qualidade, promovendo, em simult\u00e2neo, a sustentabilidade e a atratividade das regi\u00f5es e dos respetivos territ\u00f3rios.","robots":{"index":"index","follow":"follow","max-snippet":"max-snippet:-1","max-image-preview":"max-image-preview:large","max-video-preview":"max-video-preview:-1"},"canonical":"http:\/\/maismagazine.pt\/index.php\/2026\/03\/13\/os-proximos-30-anos-serao-ainda-mais-desafiadores\/","og_locale":"pt_PT","og_type":"article","og_title":"Os pr\u00f3ximos 30 anos ser\u00e3o ainda mais desafiadores - Mais Magazine","og_description":"\u00c9 comumente aceite que, nos \u00faltimos 30 anos, Portugal conseguiu superar uma prova essencial ao desenvolvimento no setor da \u00e1gua, por via da constru\u00e7\u00e3o e gest\u00e3o de novos sistemas de abastecimento de \u00e1gua e de saneamento de \u00e1guas residuais, desafio que obrigou a investimentos de grande dimens\u00e3o e complexidade, e \u00e0 aprendizagem da sua gest\u00e3o de modo eficiente. A partir do desenvolvimento e implementa\u00e7\u00e3o de uma abordagem integrada e coordenada na gest\u00e3o das disponibilidades h\u00eddricas, foi poss\u00edvel contribuir para a otimiza\u00e7\u00e3o dos processos operacionais e para a redu\u00e7\u00e3o de gastos, garantindo uma maior efici\u00eancia na presta\u00e7\u00e3o desses servi\u00e7os p\u00fablicos essenciais e possibilitando o acesso a servi\u00e7os de abastecimento de \u00e1gua e de saneamento de qualidade, promovendo, em simult\u00e2neo, a sustentabilidade e a atratividade das regi\u00f5es e dos respetivos territ\u00f3rios.","og_url":"http:\/\/maismagazine.pt\/index.php\/2026\/03\/13\/os-proximos-30-anos-serao-ainda-mais-desafiadores\/","og_site_name":"Mais Magazine","article_published_time":"2026-03-13T07:00:00+00:00","og_image":[{"width":364,"height":540,"url":"http:\/\/maismagazine.pt\/wp-content\/uploads\/2025\/03\/Jose-Martins-Soares.jpg","type":"image\/jpeg"}],"author":"Tiago Costa","twitter_card":"summary_large_image","twitter_misc":{"Escrito por":false,"Tempo estimado de leitura":"4 minutos"},"schema":{"@context":"https:\/\/schema.org","@graph":[{"@type":"Article","@id":"http:\/\/maismagazine.pt\/index.php\/2026\/03\/13\/os-proximos-30-anos-serao-ainda-mais-desafiadores\/#article","isPartOf":{"@id":"http:\/\/maismagazine.pt\/index.php\/2026\/03\/13\/os-proximos-30-anos-serao-ainda-mais-desafiadores\/"},"author":{"name":"Tiago Costa","@id":"http:\/\/maismagazine.pt\/#\/schema\/person\/c6c5bfccc886434cbd11c74e035f9646"},"headline":"Os pr\u00f3ximos 30 anos ser\u00e3o ainda mais desafiadores","datePublished":"2026-03-13T07:00:00+00:00","mainEntityOfPage":{"@id":"http:\/\/maismagazine.pt\/index.php\/2026\/03\/13\/os-proximos-30-anos-serao-ainda-mais-desafiadores\/"},"wordCount":658,"publisher":{"@id":"http:\/\/maismagazine.pt\/#organization"},"image":{"@id":"http:\/\/maismagazine.pt\/index.php\/2026\/03\/13\/os-proximos-30-anos-serao-ainda-mais-desafiadores\/#primaryimage"},"thumbnailUrl":"https:\/\/maismagazine.pt\/wp-content\/uploads\/2025\/03\/Jose-Martins-Soares.jpg","keywords":["APDA"],"articleSection":["Ambiente e Sustentabilidade","Destaque lateral","Opini\u00e3o"],"inLanguage":"pt-PT"},{"@type":"WebPage","@id":"http:\/\/maismagazine.pt\/index.php\/2026\/03\/13\/os-proximos-30-anos-serao-ainda-mais-desafiadores\/","url":"http:\/\/maismagazine.pt\/index.php\/2026\/03\/13\/os-proximos-30-anos-serao-ainda-mais-desafiadores\/","name":"Os pr\u00f3ximos 30 anos ser\u00e3o ainda mais desafiadores - Mais Magazine","isPartOf":{"@id":"http:\/\/maismagazine.pt\/#website"},"primaryImageOfPage":{"@id":"http:\/\/maismagazine.pt\/index.php\/2026\/03\/13\/os-proximos-30-anos-serao-ainda-mais-desafiadores\/#primaryimage"},"image":{"@id":"http:\/\/maismagazine.pt\/index.php\/2026\/03\/13\/os-proximos-30-anos-serao-ainda-mais-desafiadores\/#primaryimage"},"thumbnailUrl":"https:\/\/maismagazine.pt\/wp-content\/uploads\/2025\/03\/Jose-Martins-Soares.jpg","datePublished":"2026-03-13T07:00:00+00:00","description":"\u00c9 comumente aceite que, nos \u00faltimos 30 anos, Portugal conseguiu superar uma prova essencial ao desenvolvimento no setor da \u00e1gua, por via da constru\u00e7\u00e3o e gest\u00e3o de novos sistemas de abastecimento de \u00e1gua e de saneamento de \u00e1guas residuais, desafio que obrigou a investimentos de grande dimens\u00e3o e complexidade, e \u00e0 aprendizagem da sua gest\u00e3o de modo eficiente. A partir do desenvolvimento e implementa\u00e7\u00e3o de uma abordagem integrada e coordenada na gest\u00e3o das disponibilidades h\u00eddricas, foi poss\u00edvel contribuir para a otimiza\u00e7\u00e3o dos processos operacionais e para a redu\u00e7\u00e3o de gastos, garantindo uma maior efici\u00eancia na presta\u00e7\u00e3o desses servi\u00e7os p\u00fablicos essenciais e possibilitando o acesso a servi\u00e7os de abastecimento de \u00e1gua e de saneamento de qualidade, promovendo, em simult\u00e2neo, a sustentabilidade e a atratividade das regi\u00f5es e dos respetivos territ\u00f3rios.","breadcrumb":{"@id":"http:\/\/maismagazine.pt\/index.php\/2026\/03\/13\/os-proximos-30-anos-serao-ainda-mais-desafiadores\/#breadcrumb"},"inLanguage":"pt-PT","potentialAction":[{"@type":"ReadAction","target":["http:\/\/maismagazine.pt\/index.php\/2026\/03\/13\/os-proximos-30-anos-serao-ainda-mais-desafiadores\/"]}]},{"@type":"ImageObject","inLanguage":"pt-PT","@id":"http:\/\/maismagazine.pt\/index.php\/2026\/03\/13\/os-proximos-30-anos-serao-ainda-mais-desafiadores\/#primaryimage","url":"https:\/\/maismagazine.pt\/wp-content\/uploads\/2025\/03\/Jose-Martins-Soares.jpg","contentUrl":"https:\/\/maismagazine.pt\/wp-content\/uploads\/2025\/03\/Jose-Martins-Soares.jpg","width":364,"height":540},{"@type":"BreadcrumbList","@id":"http:\/\/maismagazine.pt\/index.php\/2026\/03\/13\/os-proximos-30-anos-serao-ainda-mais-desafiadores\/#breadcrumb","itemListElement":[{"@type":"ListItem","position":1,"name":"Home","item":"http:\/\/maismagazine.pt\/"},{"@type":"ListItem","position":2,"name":"Os pr\u00f3ximos 30 anos ser\u00e3o ainda mais desafiadores"}]},{"@type":"WebSite","@id":"http:\/\/maismagazine.pt\/#website","url":"http:\/\/maismagazine.pt\/","name":"Mais Magazine","description":"","publisher":{"@id":"http:\/\/maismagazine.pt\/#organization"},"potentialAction":[{"@type":"SearchAction","target":{"@type":"EntryPoint","urlTemplate":"http:\/\/maismagazine.pt\/?s={search_term_string}"},"query-input":{"@type":"PropertyValueSpecification","valueRequired":true,"valueName":"search_term_string"}}],"inLanguage":"pt-PT"},{"@type":"Organization","@id":"http:\/\/maismagazine.pt\/#organization","name":"Mais Magazine","url":"http:\/\/maismagazine.pt\/","logo":{"@type":"ImageObject","inLanguage":"pt-PT","@id":"http:\/\/maismagazine.pt\/#\/schema\/logo\/image\/","url":"https:\/\/maismagazine.pt\/wp-content\/uploads\/2020\/04\/cropped-cropped-mais-magazine-site-logo-2.png","contentUrl":"https:\/\/maismagazine.pt\/wp-content\/uploads\/2020\/04\/cropped-cropped-mais-magazine-site-logo-2.png","width":581,"height":90,"caption":"Mais Magazine"},"image":{"@id":"http:\/\/maismagazine.pt\/#\/schema\/logo\/image\/"}},{"@type":"Person","@id":"http:\/\/maismagazine.pt\/#\/schema\/person\/c6c5bfccc886434cbd11c74e035f9646","name":"Tiago Costa","image":{"@type":"ImageObject","inLanguage":"pt-PT","@id":"http:\/\/maismagazine.pt\/#\/schema\/person\/image\/","url":"https:\/\/secure.gravatar.com\/avatar\/c599b2bce16c9870429198cbad5ee022?s=96&d=mm&r=g","contentUrl":"https:\/\/secure.gravatar.com\/avatar\/c599b2bce16c9870429198cbad5ee022?s=96&d=mm&r=g","caption":"Tiago Costa"},"url":"https:\/\/maismagazine.pt\/index.php\/author\/tiago\/"}]}},"author_meta":{"display_name":false,"author_link":"https:\/\/maismagazine.pt\/index.php\/author\/tiago\/"},"featured_img":"https:\/\/maismagazine.pt\/wp-content\/uploads\/2025\/03\/Jose-Martins-Soares-202x300.jpg","coauthors":[],"tax_additional":{"categories":{"linked":["<a href=\"https:\/\/maismagazine.pt\/index.php\/category\/empreendedorismo\/ambiente-e-sustentabilidade\/\" class=\"advgb-post-tax-term\">Ambiente e Sustentabilidade<\/a>","<a href=\"https:\/\/maismagazine.pt\/index.php\/category\/destaque\/\" class=\"advgb-post-tax-term\">Destaque lateral<\/a>","<a href=\"https:\/\/maismagazine.pt\/index.php\/category\/noticias\/opiniao\/\" class=\"advgb-post-tax-term\">Opini\u00e3o<\/a>"],"unlinked":["<span class=\"advgb-post-tax-term\">Ambiente e Sustentabilidade<\/span>","<span class=\"advgb-post-tax-term\">Destaque lateral<\/span>","<span class=\"advgb-post-tax-term\">Opini\u00e3o<\/span>"]},"tags":{"linked":["<a href=\"https:\/\/maismagazine.pt\/index.php\/category\/noticias\/opiniao\/\" class=\"advgb-post-tax-term\">APDA<\/a>"],"unlinked":["<span class=\"advgb-post-tax-term\">APDA<\/span>"]}},"comment_count":"0","relative_dates":{"created":"Posted 2 meses ago","modified":"Updated 2 meses ago"},"absolute_dates":{"created":"Posted on 13 de Mar\u00e7o, 2026","modified":"Updated on 11 de Mar\u00e7o, 2026"},"absolute_dates_time":{"created":"Posted on 13 de Mar\u00e7o, 2026 7:00","modified":"Updated on 11 de Mar\u00e7o, 2026 14:56"},"featured_img_caption":"","series_order":"","_links":{"self":[{"href":"https:\/\/maismagazine.pt\/index.php\/wp-json\/wp\/v2\/posts\/11634","targetHints":{"allow":["GET"]}}],"collection":[{"href":"https:\/\/maismagazine.pt\/index.php\/wp-json\/wp\/v2\/posts"}],"about":[{"href":"https:\/\/maismagazine.pt\/index.php\/wp-json\/wp\/v2\/types\/post"}],"author":[{"embeddable":true,"href":"https:\/\/maismagazine.pt\/index.php\/wp-json\/wp\/v2\/users\/17"}],"replies":[{"embeddable":true,"href":"https:\/\/maismagazine.pt\/index.php\/wp-json\/wp\/v2\/comments?post=11634"}],"version-history":[{"count":1,"href":"https:\/\/maismagazine.pt\/index.php\/wp-json\/wp\/v2\/posts\/11634\/revisions"}],"predecessor-version":[{"id":11640,"href":"https:\/\/maismagazine.pt\/index.php\/wp-json\/wp\/v2\/posts\/11634\/revisions\/11640"}],"wp:featuredmedia":[{"embeddable":true,"href":"https:\/\/maismagazine.pt\/index.php\/wp-json\/wp\/v2\/media\/11639"}],"wp:attachment":[{"href":"https:\/\/maismagazine.pt\/index.php\/wp-json\/wp\/v2\/media?parent=11634"}],"wp:term":[{"taxonomy":"category","embeddable":true,"href":"https:\/\/maismagazine.pt\/index.php\/wp-json\/wp\/v2\/categories?post=11634"},{"taxonomy":"post_tag","embeddable":true,"href":"https:\/\/maismagazine.pt\/index.php\/wp-json\/wp\/v2\/tags?post=11634"}],"curies":[{"name":"wp","href":"https:\/\/api.w.org\/{rel}","templated":true}]}}