{"id":11630,"date":"2026-03-13T07:00:00","date_gmt":"2026-03-13T07:00:00","guid":{"rendered":"https:\/\/maismagazine.pt\/?p=11630"},"modified":"2026-03-11T14:57:21","modified_gmt":"2026-03-11T14:57:21","slug":"dia-mundial-da-agua-sustentabilidade-e-desafios-futuros","status":"publish","type":"post","link":"https:\/\/maismagazine.pt\/index.php\/2026\/03\/13\/dia-mundial-da-agua-sustentabilidade-e-desafios-futuros\/","title":{"rendered":"Dia Mundial da \u00c1gua: Sustentabilidade e Desafios Futuros"},"content":{"rendered":"\n<p>O Dia Mundial da \u00c1gua, celebrado em 22 de mar\u00e7o, convida-nos, uma vez mais, a refletir sobre a relev\u00e2ncia deste recurso vital e a necessidade premente de garantir a sua sustentabilidade. Em Portugal, enfrentamos desafios cada vez mais exigentes na gest\u00e3o da \u00e1gua, n\u00e3o s\u00f3 pelos impactos das altera\u00e7\u00f5es clim\u00e1ticas, mas tamb\u00e9m pelo aumento da sua procura. O tema definido pelas Na\u00e7\u00f5es Unidas para este ano, \u201cSalvemos os nossos glaciares\u201d, real\u00e7a a import\u00e2ncia de minimizar a acelera\u00e7\u00e3o do degelo como consequ\u00eancia do aquecimento global. Enfrentar as altera\u00e7\u00f5es clim\u00e1ticas passa pela redu\u00e7\u00e3o das emiss\u00f5es de gases de efeito de estufa ao n\u00edvel global, mas, sobretudo, pela implementa\u00e7\u00e3o de estrat\u00e9gias de adapta\u00e7\u00e3o. No setor da \u00e1gua, s\u00e3o prioridades a efici\u00eancia na sua utiliza\u00e7\u00e3o (designadamente a moderniza\u00e7\u00e3o das infraestruturas de abastecimento e sane-mento), a redu\u00e7\u00e3o das perdas nas redes de distribui\u00e7\u00e3o e o aumento da reutiliza\u00e7\u00e3o de \u00e1guas residuais tratadas. No setor agr\u00edcola \u2013 o maior utilizador de \u00e1gua no pa\u00eds \u2013, \u00e9 fundamental apostar na rega mais eficiente, adotar culturas mais resilientes a per\u00edodos cada vez mais prolongados de seca e reduzir a depend\u00eancia das origens tradicionais de \u00e1gua. A digitaliza\u00e7\u00e3o do ciclo da \u00e1gua (onde se inclui o refor\u00e7o de monitoriza\u00e7\u00e3o e modela\u00e7\u00e3o) \u00e9 uma ferramenta&#8211;chave para aprimorar uma gest\u00e3o avan\u00e7ada e em tempo real.  <\/p>\n\n\n\n<p><\/p>\n\n\n\n<p>Um dos outros grandes desafios que enfrentamos est\u00e1 relacionado com a contamina\u00e7\u00e3o dos recursos h\u00eddricos: o uso excessivo de fertilizantes, pesticidas e outros poluentes, associado a descargas n\u00e3o conformes de efluentes urbanos e industriais, ainda que em epis\u00f3dios pontuais, comprometem o estado das massas de \u00e1gua. A nova Diretiva Europeia das \u00c1guas Residuais Urbanas imp\u00f5e normas mais exigentes para o tratamento dessas \u00e1guas, promovendo uma gest\u00e3o mais eficiente e sustent\u00e1vel das ETAR e incentivando a neutralidade energ\u00e9tica no setor. Nesse \u00e2mbito, a reabilita\u00e7\u00e3o dos rios tamb\u00e9m ganha destaque recuperando fun\u00e7\u00f5es ecol\u00f3gicas essenciais. A gest\u00e3o partilhada com Espanha das bacias hidrogr\u00e1ficas, que abrangem 64% do territ\u00f3rio portugu\u00eas, exige igualmente o refor\u00e7o da coopera\u00e7\u00e3o transfronteiri\u00e7a.  <\/p>\n\n\n\n<p> <\/p>\n\n\n\n<p>O tempo para agir \u00e9 agora. O futuro da \u00e1gua depende das escolhas de hoje e a responsabilidade \u00e9 de todos: governos, entidades, empresas e cidad\u00e3os. A \u201c\u00c1gua que Une\u201d, estrat\u00e9gia criada pelo Governo para promover a gest\u00e3o sustent\u00e1vel e integrada dos recursos h\u00eddricos, \u00e9 essa ponte necess\u00e1ria entre a preserva\u00e7\u00e3o e o futuro, entre as regi\u00f5es e gera\u00e7\u00f5es. No Dia Mundial da \u00c1gua, a Ag\u00eancia Portuguesa do Ambiente (APA) reafirma o compromisso com uma gest\u00e3o sustent\u00e1vel e colaborativa, porque a \u00e1gua n\u00e3o conhece fronteiras \u2013 une-nos a todos.  <\/p>\n\n\n\n<p><\/p>\n\n\n\n<p class=\"has-text-align-right\"><em>Jos\u00e9 Pimenta Machado, Presidente do Conselho Diretivo da APA (Ag\u00eancia Portuguesa do Ambiente)<\/em><\/p>\n\n\n\n<p class=\"has-text-align-right\"><\/p>\n\n\n<div class=\"wp-block-image\">\n<figure class=\"aligncenter size-large is-resized\"><img loading=\"lazy\" decoding=\"async\" width=\"1024\" height=\"509\" src=\"https:\/\/maismagazine.pt\/wp-content\/uploads\/2025\/03\/logotipo-apa_principal-1024x509.jpg\" alt=\"\" class=\"wp-image-11632\" style=\"width:356px;height:auto\" srcset=\"https:\/\/maismagazine.pt\/wp-content\/uploads\/2025\/03\/logotipo-apa_principal-1024x509.jpg 1024w, https:\/\/maismagazine.pt\/wp-content\/uploads\/2025\/03\/logotipo-apa_principal-300x149.jpg 300w, https:\/\/maismagazine.pt\/wp-content\/uploads\/2025\/03\/logotipo-apa_principal-768x382.jpg 768w, https:\/\/maismagazine.pt\/wp-content\/uploads\/2025\/03\/logotipo-apa_principal-1536x764.jpg 1536w, https:\/\/maismagazine.pt\/wp-content\/uploads\/2025\/03\/logotipo-apa_principal.jpg 1839w\" sizes=\"auto, (max-width: 1024px) 100vw, 1024px\" \/><\/figure><\/div>","protected":false},"excerpt":{"rendered":"<p>O Dia Mundial da \u00c1gua, celebrado em 22 de mar\u00e7o, convida-nos, uma vez mais, a refletir sobre a relev\u00e2ncia deste recurso vital e a necessidade premente de garantir a sua sustentabilidade. Em Portugal, enfrentamos desafios cada vez mais exigentes na gest\u00e3o da \u00e1gua, n\u00e3o s\u00f3 pelos impactos das altera\u00e7\u00f5es clim\u00e1ticas,&hellip;<\/p>\n","protected":false},"author":17,"featured_media":11631,"comment_status":"closed","ping_status":"open","sticky":false,"template":"","format":"standard","meta":{"advgb_blocks_editor_width":"","advgb_blocks_columns_visual_guide":"","_monsterinsights_skip_tracking":false,"_monsterinsights_sitenote_active":false,"_monsterinsights_sitenote_note":"","_monsterinsights_sitenote_category":0,"footnotes":""},"categories":[78,52,51],"tags":[1921],"class_list":["post-11630","post","type-post","status-publish","format-standard","has-post-thumbnail","hentry","category-ambiente-e-sustentabilidade","category-destaque","category-opiniao","tag-apa"],"yoast_head":"<!-- This site is optimized with the Yoast SEO plugin v24.4 - https:\/\/yoast.com\/wordpress\/plugins\/seo\/ -->\n<title>Dia Mundial da \u00c1gua: Sustentabilidade e Desafios Futuros - Mais Magazine<\/title>\n<meta name=\"description\" content=\"O Dia Mundial da \u00c1gua, celebrado em 22 de mar\u00e7o, convida-nos, uma vez mais, a refletir sobre a relev\u00e2ncia deste recurso vital e a necessidade premente de garantir a sua sustentabilidade. Em Portugal, enfrentamos desafios cada vez mais exigentes na gest\u00e3o da \u00e1gua, n\u00e3o s\u00f3 pelos impactos das altera\u00e7\u00f5es clim\u00e1ticas, mas tamb\u00e9m pelo aumento da sua procura. O tema definido pelas Na\u00e7\u00f5es Unidas para este ano, \u201cSalvemos os nossos glaciares\u201d, real\u00e7a a import\u00e2ncia de minimizar a acelera\u00e7\u00e3o do degelo como consequ\u00eancia do aquecimento global. Enfrentar as altera\u00e7\u00f5es clim\u00e1ticas passa pela redu\u00e7\u00e3o das emiss\u00f5es de gases de efeito de estufa ao n\u00edvel global, mas, sobretudo, pela implementa\u00e7\u00e3o de estrat\u00e9gias de adapta\u00e7\u00e3o. No setor da \u00e1gua, s\u00e3o prioridades a efici\u00eancia na sua utiliza\u00e7\u00e3o (designadamente a moderniza\u00e7\u00e3o das infraestruturas de abastecimento e sane-mento), a redu\u00e7\u00e3o das perdas nas redes de distribui\u00e7\u00e3o e o aumento da reutiliza\u00e7\u00e3o de \u00e1guas residuais tratadas. No setor agr\u00edcola \u2013 o maior utilizador de \u00e1gua no pa\u00eds \u2013, \u00e9 fundamental apostar na rega mais eficiente, adotar culturas mais resilientes a per\u00edodos cada vez mais prolongados de seca e reduzir a depend\u00eancia das origens tradicionais de \u00e1gua. A digitaliza\u00e7\u00e3o do ciclo da \u00e1gua (onde se inclui o refor\u00e7o de monitoriza\u00e7\u00e3o e modela\u00e7\u00e3o) \u00e9 uma ferramenta--chave para aprimorar uma gest\u00e3o avan\u00e7ada e em tempo real.\" \/>\n<meta name=\"robots\" content=\"index, follow, max-snippet:-1, max-image-preview:large, max-video-preview:-1\" \/>\n<link rel=\"canonical\" href=\"https:\/\/maismagazine.pt\/index.php\/2026\/03\/13\/dia-mundial-da-agua-sustentabilidade-e-desafios-futuros\/\" \/>\n<meta property=\"og:locale\" content=\"pt_PT\" \/>\n<meta property=\"og:type\" content=\"article\" \/>\n<meta property=\"og:title\" content=\"Dia Mundial da \u00c1gua: Sustentabilidade e Desafios Futuros - Mais Magazine\" \/>\n<meta property=\"og:description\" content=\"O Dia Mundial da \u00c1gua, celebrado em 22 de mar\u00e7o, convida-nos, uma vez mais, a refletir sobre a relev\u00e2ncia deste recurso vital e a necessidade premente de garantir a sua sustentabilidade. Em Portugal, enfrentamos desafios cada vez mais exigentes na gest\u00e3o da \u00e1gua, n\u00e3o s\u00f3 pelos impactos das altera\u00e7\u00f5es clim\u00e1ticas, mas tamb\u00e9m pelo aumento da sua procura. O tema definido pelas Na\u00e7\u00f5es Unidas para este ano, \u201cSalvemos os nossos glaciares\u201d, real\u00e7a a import\u00e2ncia de minimizar a acelera\u00e7\u00e3o do degelo como consequ\u00eancia do aquecimento global. Enfrentar as altera\u00e7\u00f5es clim\u00e1ticas passa pela redu\u00e7\u00e3o das emiss\u00f5es de gases de efeito de estufa ao n\u00edvel global, mas, sobretudo, pela implementa\u00e7\u00e3o de estrat\u00e9gias de adapta\u00e7\u00e3o. No setor da \u00e1gua, s\u00e3o prioridades a efici\u00eancia na sua utiliza\u00e7\u00e3o (designadamente a moderniza\u00e7\u00e3o das infraestruturas de abastecimento e sane-mento), a redu\u00e7\u00e3o das perdas nas redes de distribui\u00e7\u00e3o e o aumento da reutiliza\u00e7\u00e3o de \u00e1guas residuais tratadas. No setor agr\u00edcola \u2013 o maior utilizador de \u00e1gua no pa\u00eds \u2013, \u00e9 fundamental apostar na rega mais eficiente, adotar culturas mais resilientes a per\u00edodos cada vez mais prolongados de seca e reduzir a depend\u00eancia das origens tradicionais de \u00e1gua. A digitaliza\u00e7\u00e3o do ciclo da \u00e1gua (onde se inclui o refor\u00e7o de monitoriza\u00e7\u00e3o e modela\u00e7\u00e3o) \u00e9 uma ferramenta--chave para aprimorar uma gest\u00e3o avan\u00e7ada e em tempo real.\" \/>\n<meta property=\"og:url\" content=\"https:\/\/maismagazine.pt\/index.php\/2026\/03\/13\/dia-mundial-da-agua-sustentabilidade-e-desafios-futuros\/\" \/>\n<meta property=\"og:site_name\" content=\"Mais Magazine\" \/>\n<meta property=\"article:published_time\" content=\"2026-03-13T07:00:00+00:00\" \/>\n<meta property=\"og:image\" content=\"https:\/\/maismagazine.pt\/wp-content\/uploads\/2025\/03\/Jose-Pimenta-Machado.jpg\" \/>\n\t<meta property=\"og:image:width\" content=\"395\" \/>\n\t<meta property=\"og:image:height\" content=\"410\" \/>\n\t<meta property=\"og:image:type\" content=\"image\/jpeg\" \/>\n<meta name=\"author\" content=\"Tiago Costa\" \/>\n<meta name=\"twitter:card\" content=\"summary_large_image\" \/>\n<meta name=\"twitter:label1\" content=\"Escrito por\" \/>\n\t<meta name=\"twitter:data1\" content=\"\" \/>\n\t<meta name=\"twitter:label2\" content=\"Tempo estimado de leitura\" \/>\n\t<meta name=\"twitter:data2\" content=\"3 minutos\" \/>\n<script type=\"application\/ld+json\" class=\"yoast-schema-graph\">{\"@context\":\"https:\/\/schema.org\",\"@graph\":[{\"@type\":\"Article\",\"@id\":\"https:\/\/maismagazine.pt\/index.php\/2026\/03\/13\/dia-mundial-da-agua-sustentabilidade-e-desafios-futuros\/#article\",\"isPartOf\":{\"@id\":\"https:\/\/maismagazine.pt\/index.php\/2026\/03\/13\/dia-mundial-da-agua-sustentabilidade-e-desafios-futuros\/\"},\"author\":{\"name\":\"Tiago Costa\",\"@id\":\"http:\/\/maismagazine.pt\/#\/schema\/person\/c6c5bfccc886434cbd11c74e035f9646\"},\"headline\":\"Dia Mundial da \u00c1gua: Sustentabilidade e Desafios Futuros\",\"datePublished\":\"2026-03-13T07:00:00+00:00\",\"mainEntityOfPage\":{\"@id\":\"https:\/\/maismagazine.pt\/index.php\/2026\/03\/13\/dia-mundial-da-agua-sustentabilidade-e-desafios-futuros\/\"},\"wordCount\":497,\"publisher\":{\"@id\":\"http:\/\/maismagazine.pt\/#organization\"},\"image\":{\"@id\":\"https:\/\/maismagazine.pt\/index.php\/2026\/03\/13\/dia-mundial-da-agua-sustentabilidade-e-desafios-futuros\/#primaryimage\"},\"thumbnailUrl\":\"https:\/\/maismagazine.pt\/wp-content\/uploads\/2025\/03\/Jose-Pimenta-Machado.jpg\",\"keywords\":[\"APA\"],\"articleSection\":[\"Ambiente e Sustentabilidade\",\"Destaque lateral\",\"Opini\u00e3o\"],\"inLanguage\":\"pt-PT\"},{\"@type\":\"WebPage\",\"@id\":\"https:\/\/maismagazine.pt\/index.php\/2026\/03\/13\/dia-mundial-da-agua-sustentabilidade-e-desafios-futuros\/\",\"url\":\"https:\/\/maismagazine.pt\/index.php\/2026\/03\/13\/dia-mundial-da-agua-sustentabilidade-e-desafios-futuros\/\",\"name\":\"Dia Mundial da \u00c1gua: Sustentabilidade e Desafios Futuros - Mais Magazine\",\"isPartOf\":{\"@id\":\"http:\/\/maismagazine.pt\/#website\"},\"primaryImageOfPage\":{\"@id\":\"https:\/\/maismagazine.pt\/index.php\/2026\/03\/13\/dia-mundial-da-agua-sustentabilidade-e-desafios-futuros\/#primaryimage\"},\"image\":{\"@id\":\"https:\/\/maismagazine.pt\/index.php\/2026\/03\/13\/dia-mundial-da-agua-sustentabilidade-e-desafios-futuros\/#primaryimage\"},\"thumbnailUrl\":\"https:\/\/maismagazine.pt\/wp-content\/uploads\/2025\/03\/Jose-Pimenta-Machado.jpg\",\"datePublished\":\"2026-03-13T07:00:00+00:00\",\"description\":\"O Dia Mundial da \u00c1gua, celebrado em 22 de mar\u00e7o, convida-nos, uma vez mais, a refletir sobre a relev\u00e2ncia deste recurso vital e a necessidade premente de garantir a sua sustentabilidade. Em Portugal, enfrentamos desafios cada vez mais exigentes na gest\u00e3o da \u00e1gua, n\u00e3o s\u00f3 pelos impactos das altera\u00e7\u00f5es clim\u00e1ticas, mas tamb\u00e9m pelo aumento da sua procura. O tema definido pelas Na\u00e7\u00f5es Unidas para este ano, \u201cSalvemos os nossos glaciares\u201d, real\u00e7a a import\u00e2ncia de minimizar a acelera\u00e7\u00e3o do degelo como consequ\u00eancia do aquecimento global. Enfrentar as altera\u00e7\u00f5es clim\u00e1ticas passa pela redu\u00e7\u00e3o das emiss\u00f5es de gases de efeito de estufa ao n\u00edvel global, mas, sobretudo, pela implementa\u00e7\u00e3o de estrat\u00e9gias de adapta\u00e7\u00e3o. No setor da \u00e1gua, s\u00e3o prioridades a efici\u00eancia na sua utiliza\u00e7\u00e3o (designadamente a moderniza\u00e7\u00e3o das infraestruturas de abastecimento e sane-mento), a redu\u00e7\u00e3o das perdas nas redes de distribui\u00e7\u00e3o e o aumento da reutiliza\u00e7\u00e3o de \u00e1guas residuais tratadas. No setor agr\u00edcola \u2013 o maior utilizador de \u00e1gua no pa\u00eds \u2013, \u00e9 fundamental apostar na rega mais eficiente, adotar culturas mais resilientes a per\u00edodos cada vez mais prolongados de seca e reduzir a depend\u00eancia das origens tradicionais de \u00e1gua. A digitaliza\u00e7\u00e3o do ciclo da \u00e1gua (onde se inclui o refor\u00e7o de monitoriza\u00e7\u00e3o e modela\u00e7\u00e3o) \u00e9 uma ferramenta--chave para aprimorar uma gest\u00e3o avan\u00e7ada e em tempo real.\",\"breadcrumb\":{\"@id\":\"https:\/\/maismagazine.pt\/index.php\/2026\/03\/13\/dia-mundial-da-agua-sustentabilidade-e-desafios-futuros\/#breadcrumb\"},\"inLanguage\":\"pt-PT\",\"potentialAction\":[{\"@type\":\"ReadAction\",\"target\":[\"https:\/\/maismagazine.pt\/index.php\/2026\/03\/13\/dia-mundial-da-agua-sustentabilidade-e-desafios-futuros\/\"]}]},{\"@type\":\"ImageObject\",\"inLanguage\":\"pt-PT\",\"@id\":\"https:\/\/maismagazine.pt\/index.php\/2026\/03\/13\/dia-mundial-da-agua-sustentabilidade-e-desafios-futuros\/#primaryimage\",\"url\":\"https:\/\/maismagazine.pt\/wp-content\/uploads\/2025\/03\/Jose-Pimenta-Machado.jpg\",\"contentUrl\":\"https:\/\/maismagazine.pt\/wp-content\/uploads\/2025\/03\/Jose-Pimenta-Machado.jpg\",\"width\":395,\"height\":410},{\"@type\":\"BreadcrumbList\",\"@id\":\"https:\/\/maismagazine.pt\/index.php\/2026\/03\/13\/dia-mundial-da-agua-sustentabilidade-e-desafios-futuros\/#breadcrumb\",\"itemListElement\":[{\"@type\":\"ListItem\",\"position\":1,\"name\":\"Home\",\"item\":\"http:\/\/maismagazine.pt\/\"},{\"@type\":\"ListItem\",\"position\":2,\"name\":\"Dia Mundial da \u00c1gua: Sustentabilidade e Desafios Futuros\"}]},{\"@type\":\"WebSite\",\"@id\":\"http:\/\/maismagazine.pt\/#website\",\"url\":\"http:\/\/maismagazine.pt\/\",\"name\":\"Mais Magazine\",\"description\":\"\",\"publisher\":{\"@id\":\"http:\/\/maismagazine.pt\/#organization\"},\"potentialAction\":[{\"@type\":\"SearchAction\",\"target\":{\"@type\":\"EntryPoint\",\"urlTemplate\":\"http:\/\/maismagazine.pt\/?s={search_term_string}\"},\"query-input\":{\"@type\":\"PropertyValueSpecification\",\"valueRequired\":true,\"valueName\":\"search_term_string\"}}],\"inLanguage\":\"pt-PT\"},{\"@type\":\"Organization\",\"@id\":\"http:\/\/maismagazine.pt\/#organization\",\"name\":\"Mais Magazine\",\"url\":\"http:\/\/maismagazine.pt\/\",\"logo\":{\"@type\":\"ImageObject\",\"inLanguage\":\"pt-PT\",\"@id\":\"http:\/\/maismagazine.pt\/#\/schema\/logo\/image\/\",\"url\":\"https:\/\/maismagazine.pt\/wp-content\/uploads\/2020\/04\/cropped-cropped-mais-magazine-site-logo-2.png\",\"contentUrl\":\"https:\/\/maismagazine.pt\/wp-content\/uploads\/2020\/04\/cropped-cropped-mais-magazine-site-logo-2.png\",\"width\":581,\"height\":90,\"caption\":\"Mais Magazine\"},\"image\":{\"@id\":\"http:\/\/maismagazine.pt\/#\/schema\/logo\/image\/\"}},{\"@type\":\"Person\",\"@id\":\"http:\/\/maismagazine.pt\/#\/schema\/person\/c6c5bfccc886434cbd11c74e035f9646\",\"name\":\"Tiago Costa\",\"image\":{\"@type\":\"ImageObject\",\"inLanguage\":\"pt-PT\",\"@id\":\"http:\/\/maismagazine.pt\/#\/schema\/person\/image\/\",\"url\":\"https:\/\/secure.gravatar.com\/avatar\/c599b2bce16c9870429198cbad5ee022?s=96&d=mm&r=g\",\"contentUrl\":\"https:\/\/secure.gravatar.com\/avatar\/c599b2bce16c9870429198cbad5ee022?s=96&d=mm&r=g\",\"caption\":\"Tiago Costa\"},\"url\":\"https:\/\/maismagazine.pt\/index.php\/author\/tiago\/\"}]}<\/script>\n<!-- \/ Yoast SEO plugin. -->","yoast_head_json":{"title":"Dia Mundial da \u00c1gua: Sustentabilidade e Desafios Futuros - Mais Magazine","description":"O Dia Mundial da \u00c1gua, celebrado em 22 de mar\u00e7o, convida-nos, uma vez mais, a refletir sobre a relev\u00e2ncia deste recurso vital e a necessidade premente de garantir a sua sustentabilidade. Em Portugal, enfrentamos desafios cada vez mais exigentes na gest\u00e3o da \u00e1gua, n\u00e3o s\u00f3 pelos impactos das altera\u00e7\u00f5es clim\u00e1ticas, mas tamb\u00e9m pelo aumento da sua procura. O tema definido pelas Na\u00e7\u00f5es Unidas para este ano, \u201cSalvemos os nossos glaciares\u201d, real\u00e7a a import\u00e2ncia de minimizar a acelera\u00e7\u00e3o do degelo como consequ\u00eancia do aquecimento global. Enfrentar as altera\u00e7\u00f5es clim\u00e1ticas passa pela redu\u00e7\u00e3o das emiss\u00f5es de gases de efeito de estufa ao n\u00edvel global, mas, sobretudo, pela implementa\u00e7\u00e3o de estrat\u00e9gias de adapta\u00e7\u00e3o. No setor da \u00e1gua, s\u00e3o prioridades a efici\u00eancia na sua utiliza\u00e7\u00e3o (designadamente a moderniza\u00e7\u00e3o das infraestruturas de abastecimento e sane-mento), a redu\u00e7\u00e3o das perdas nas redes de distribui\u00e7\u00e3o e o aumento da reutiliza\u00e7\u00e3o de \u00e1guas residuais tratadas. No setor agr\u00edcola \u2013 o maior utilizador de \u00e1gua no pa\u00eds \u2013, \u00e9 fundamental apostar na rega mais eficiente, adotar culturas mais resilientes a per\u00edodos cada vez mais prolongados de seca e reduzir a depend\u00eancia das origens tradicionais de \u00e1gua. A digitaliza\u00e7\u00e3o do ciclo da \u00e1gua (onde se inclui o refor\u00e7o de monitoriza\u00e7\u00e3o e modela\u00e7\u00e3o) \u00e9 uma ferramenta--chave para aprimorar uma gest\u00e3o avan\u00e7ada e em tempo real.","robots":{"index":"index","follow":"follow","max-snippet":"max-snippet:-1","max-image-preview":"max-image-preview:large","max-video-preview":"max-video-preview:-1"},"canonical":"https:\/\/maismagazine.pt\/index.php\/2026\/03\/13\/dia-mundial-da-agua-sustentabilidade-e-desafios-futuros\/","og_locale":"pt_PT","og_type":"article","og_title":"Dia Mundial da \u00c1gua: Sustentabilidade e Desafios Futuros - Mais Magazine","og_description":"O Dia Mundial da \u00c1gua, celebrado em 22 de mar\u00e7o, convida-nos, uma vez mais, a refletir sobre a relev\u00e2ncia deste recurso vital e a necessidade premente de garantir a sua sustentabilidade. Em Portugal, enfrentamos desafios cada vez mais exigentes na gest\u00e3o da \u00e1gua, n\u00e3o s\u00f3 pelos impactos das altera\u00e7\u00f5es clim\u00e1ticas, mas tamb\u00e9m pelo aumento da sua procura. O tema definido pelas Na\u00e7\u00f5es Unidas para este ano, \u201cSalvemos os nossos glaciares\u201d, real\u00e7a a import\u00e2ncia de minimizar a acelera\u00e7\u00e3o do degelo como consequ\u00eancia do aquecimento global. Enfrentar as altera\u00e7\u00f5es clim\u00e1ticas passa pela redu\u00e7\u00e3o das emiss\u00f5es de gases de efeito de estufa ao n\u00edvel global, mas, sobretudo, pela implementa\u00e7\u00e3o de estrat\u00e9gias de adapta\u00e7\u00e3o. No setor da \u00e1gua, s\u00e3o prioridades a efici\u00eancia na sua utiliza\u00e7\u00e3o (designadamente a moderniza\u00e7\u00e3o das infraestruturas de abastecimento e sane-mento), a redu\u00e7\u00e3o das perdas nas redes de distribui\u00e7\u00e3o e o aumento da reutiliza\u00e7\u00e3o de \u00e1guas residuais tratadas. No setor agr\u00edcola \u2013 o maior utilizador de \u00e1gua no pa\u00eds \u2013, \u00e9 fundamental apostar na rega mais eficiente, adotar culturas mais resilientes a per\u00edodos cada vez mais prolongados de seca e reduzir a depend\u00eancia das origens tradicionais de \u00e1gua. A digitaliza\u00e7\u00e3o do ciclo da \u00e1gua (onde se inclui o refor\u00e7o de monitoriza\u00e7\u00e3o e modela\u00e7\u00e3o) \u00e9 uma ferramenta--chave para aprimorar uma gest\u00e3o avan\u00e7ada e em tempo real.","og_url":"https:\/\/maismagazine.pt\/index.php\/2026\/03\/13\/dia-mundial-da-agua-sustentabilidade-e-desafios-futuros\/","og_site_name":"Mais Magazine","article_published_time":"2026-03-13T07:00:00+00:00","og_image":[{"width":395,"height":410,"url":"https:\/\/maismagazine.pt\/wp-content\/uploads\/2025\/03\/Jose-Pimenta-Machado.jpg","type":"image\/jpeg"}],"author":"Tiago Costa","twitter_card":"summary_large_image","twitter_misc":{"Escrito por":false,"Tempo estimado de leitura":"3 minutos"},"schema":{"@context":"https:\/\/schema.org","@graph":[{"@type":"Article","@id":"https:\/\/maismagazine.pt\/index.php\/2026\/03\/13\/dia-mundial-da-agua-sustentabilidade-e-desafios-futuros\/#article","isPartOf":{"@id":"https:\/\/maismagazine.pt\/index.php\/2026\/03\/13\/dia-mundial-da-agua-sustentabilidade-e-desafios-futuros\/"},"author":{"name":"Tiago Costa","@id":"http:\/\/maismagazine.pt\/#\/schema\/person\/c6c5bfccc886434cbd11c74e035f9646"},"headline":"Dia Mundial da \u00c1gua: Sustentabilidade e Desafios Futuros","datePublished":"2026-03-13T07:00:00+00:00","mainEntityOfPage":{"@id":"https:\/\/maismagazine.pt\/index.php\/2026\/03\/13\/dia-mundial-da-agua-sustentabilidade-e-desafios-futuros\/"},"wordCount":497,"publisher":{"@id":"http:\/\/maismagazine.pt\/#organization"},"image":{"@id":"https:\/\/maismagazine.pt\/index.php\/2026\/03\/13\/dia-mundial-da-agua-sustentabilidade-e-desafios-futuros\/#primaryimage"},"thumbnailUrl":"https:\/\/maismagazine.pt\/wp-content\/uploads\/2025\/03\/Jose-Pimenta-Machado.jpg","keywords":["APA"],"articleSection":["Ambiente e Sustentabilidade","Destaque lateral","Opini\u00e3o"],"inLanguage":"pt-PT"},{"@type":"WebPage","@id":"https:\/\/maismagazine.pt\/index.php\/2026\/03\/13\/dia-mundial-da-agua-sustentabilidade-e-desafios-futuros\/","url":"https:\/\/maismagazine.pt\/index.php\/2026\/03\/13\/dia-mundial-da-agua-sustentabilidade-e-desafios-futuros\/","name":"Dia Mundial da \u00c1gua: Sustentabilidade e Desafios Futuros - Mais Magazine","isPartOf":{"@id":"http:\/\/maismagazine.pt\/#website"},"primaryImageOfPage":{"@id":"https:\/\/maismagazine.pt\/index.php\/2026\/03\/13\/dia-mundial-da-agua-sustentabilidade-e-desafios-futuros\/#primaryimage"},"image":{"@id":"https:\/\/maismagazine.pt\/index.php\/2026\/03\/13\/dia-mundial-da-agua-sustentabilidade-e-desafios-futuros\/#primaryimage"},"thumbnailUrl":"https:\/\/maismagazine.pt\/wp-content\/uploads\/2025\/03\/Jose-Pimenta-Machado.jpg","datePublished":"2026-03-13T07:00:00+00:00","description":"O Dia Mundial da \u00c1gua, celebrado em 22 de mar\u00e7o, convida-nos, uma vez mais, a refletir sobre a relev\u00e2ncia deste recurso vital e a necessidade premente de garantir a sua sustentabilidade. Em Portugal, enfrentamos desafios cada vez mais exigentes na gest\u00e3o da \u00e1gua, n\u00e3o s\u00f3 pelos impactos das altera\u00e7\u00f5es clim\u00e1ticas, mas tamb\u00e9m pelo aumento da sua procura. O tema definido pelas Na\u00e7\u00f5es Unidas para este ano, \u201cSalvemos os nossos glaciares\u201d, real\u00e7a a import\u00e2ncia de minimizar a acelera\u00e7\u00e3o do degelo como consequ\u00eancia do aquecimento global. Enfrentar as altera\u00e7\u00f5es clim\u00e1ticas passa pela redu\u00e7\u00e3o das emiss\u00f5es de gases de efeito de estufa ao n\u00edvel global, mas, sobretudo, pela implementa\u00e7\u00e3o de estrat\u00e9gias de adapta\u00e7\u00e3o. No setor da \u00e1gua, s\u00e3o prioridades a efici\u00eancia na sua utiliza\u00e7\u00e3o (designadamente a moderniza\u00e7\u00e3o das infraestruturas de abastecimento e sane-mento), a redu\u00e7\u00e3o das perdas nas redes de distribui\u00e7\u00e3o e o aumento da reutiliza\u00e7\u00e3o de \u00e1guas residuais tratadas. No setor agr\u00edcola \u2013 o maior utilizador de \u00e1gua no pa\u00eds \u2013, \u00e9 fundamental apostar na rega mais eficiente, adotar culturas mais resilientes a per\u00edodos cada vez mais prolongados de seca e reduzir a depend\u00eancia das origens tradicionais de \u00e1gua. A digitaliza\u00e7\u00e3o do ciclo da \u00e1gua (onde se inclui o refor\u00e7o de monitoriza\u00e7\u00e3o e modela\u00e7\u00e3o) \u00e9 uma ferramenta--chave para aprimorar uma gest\u00e3o avan\u00e7ada e em tempo real.","breadcrumb":{"@id":"https:\/\/maismagazine.pt\/index.php\/2026\/03\/13\/dia-mundial-da-agua-sustentabilidade-e-desafios-futuros\/#breadcrumb"},"inLanguage":"pt-PT","potentialAction":[{"@type":"ReadAction","target":["https:\/\/maismagazine.pt\/index.php\/2026\/03\/13\/dia-mundial-da-agua-sustentabilidade-e-desafios-futuros\/"]}]},{"@type":"ImageObject","inLanguage":"pt-PT","@id":"https:\/\/maismagazine.pt\/index.php\/2026\/03\/13\/dia-mundial-da-agua-sustentabilidade-e-desafios-futuros\/#primaryimage","url":"https:\/\/maismagazine.pt\/wp-content\/uploads\/2025\/03\/Jose-Pimenta-Machado.jpg","contentUrl":"https:\/\/maismagazine.pt\/wp-content\/uploads\/2025\/03\/Jose-Pimenta-Machado.jpg","width":395,"height":410},{"@type":"BreadcrumbList","@id":"https:\/\/maismagazine.pt\/index.php\/2026\/03\/13\/dia-mundial-da-agua-sustentabilidade-e-desafios-futuros\/#breadcrumb","itemListElement":[{"@type":"ListItem","position":1,"name":"Home","item":"http:\/\/maismagazine.pt\/"},{"@type":"ListItem","position":2,"name":"Dia Mundial da \u00c1gua: Sustentabilidade e Desafios Futuros"}]},{"@type":"WebSite","@id":"http:\/\/maismagazine.pt\/#website","url":"http:\/\/maismagazine.pt\/","name":"Mais Magazine","description":"","publisher":{"@id":"http:\/\/maismagazine.pt\/#organization"},"potentialAction":[{"@type":"SearchAction","target":{"@type":"EntryPoint","urlTemplate":"http:\/\/maismagazine.pt\/?s={search_term_string}"},"query-input":{"@type":"PropertyValueSpecification","valueRequired":true,"valueName":"search_term_string"}}],"inLanguage":"pt-PT"},{"@type":"Organization","@id":"http:\/\/maismagazine.pt\/#organization","name":"Mais Magazine","url":"http:\/\/maismagazine.pt\/","logo":{"@type":"ImageObject","inLanguage":"pt-PT","@id":"http:\/\/maismagazine.pt\/#\/schema\/logo\/image\/","url":"https:\/\/maismagazine.pt\/wp-content\/uploads\/2020\/04\/cropped-cropped-mais-magazine-site-logo-2.png","contentUrl":"https:\/\/maismagazine.pt\/wp-content\/uploads\/2020\/04\/cropped-cropped-mais-magazine-site-logo-2.png","width":581,"height":90,"caption":"Mais Magazine"},"image":{"@id":"http:\/\/maismagazine.pt\/#\/schema\/logo\/image\/"}},{"@type":"Person","@id":"http:\/\/maismagazine.pt\/#\/schema\/person\/c6c5bfccc886434cbd11c74e035f9646","name":"Tiago Costa","image":{"@type":"ImageObject","inLanguage":"pt-PT","@id":"http:\/\/maismagazine.pt\/#\/schema\/person\/image\/","url":"https:\/\/secure.gravatar.com\/avatar\/c599b2bce16c9870429198cbad5ee022?s=96&d=mm&r=g","contentUrl":"https:\/\/secure.gravatar.com\/avatar\/c599b2bce16c9870429198cbad5ee022?s=96&d=mm&r=g","caption":"Tiago Costa"},"url":"https:\/\/maismagazine.pt\/index.php\/author\/tiago\/"}]}},"author_meta":{"display_name":false,"author_link":"https:\/\/maismagazine.pt\/index.php\/author\/tiago\/"},"featured_img":"https:\/\/maismagazine.pt\/wp-content\/uploads\/2025\/03\/Jose-Pimenta-Machado-289x300.jpg","coauthors":[],"tax_additional":{"categories":{"linked":["<a href=\"https:\/\/maismagazine.pt\/index.php\/category\/empreendedorismo\/ambiente-e-sustentabilidade\/\" class=\"advgb-post-tax-term\">Ambiente e Sustentabilidade<\/a>","<a href=\"https:\/\/maismagazine.pt\/index.php\/category\/destaque\/\" class=\"advgb-post-tax-term\">Destaque lateral<\/a>","<a href=\"https:\/\/maismagazine.pt\/index.php\/category\/noticias\/opiniao\/\" class=\"advgb-post-tax-term\">Opini\u00e3o<\/a>"],"unlinked":["<span class=\"advgb-post-tax-term\">Ambiente e Sustentabilidade<\/span>","<span class=\"advgb-post-tax-term\">Destaque lateral<\/span>","<span class=\"advgb-post-tax-term\">Opini\u00e3o<\/span>"]},"tags":{"linked":["<a href=\"https:\/\/maismagazine.pt\/index.php\/category\/noticias\/opiniao\/\" class=\"advgb-post-tax-term\">APA<\/a>"],"unlinked":["<span class=\"advgb-post-tax-term\">APA<\/span>"]}},"comment_count":"0","relative_dates":{"created":"Posted 2 meses ago","modified":"Updated 2 meses ago"},"absolute_dates":{"created":"Posted on 13 de Mar\u00e7o, 2026","modified":"Updated on 11 de Mar\u00e7o, 2026"},"absolute_dates_time":{"created":"Posted on 13 de Mar\u00e7o, 2026 7:00","modified":"Updated on 11 de Mar\u00e7o, 2026 14:57"},"featured_img_caption":"","series_order":"","_links":{"self":[{"href":"https:\/\/maismagazine.pt\/index.php\/wp-json\/wp\/v2\/posts\/11630","targetHints":{"allow":["GET"]}}],"collection":[{"href":"https:\/\/maismagazine.pt\/index.php\/wp-json\/wp\/v2\/posts"}],"about":[{"href":"https:\/\/maismagazine.pt\/index.php\/wp-json\/wp\/v2\/types\/post"}],"author":[{"embeddable":true,"href":"https:\/\/maismagazine.pt\/index.php\/wp-json\/wp\/v2\/users\/17"}],"replies":[{"embeddable":true,"href":"https:\/\/maismagazine.pt\/index.php\/wp-json\/wp\/v2\/comments?post=11630"}],"version-history":[{"count":1,"href":"https:\/\/maismagazine.pt\/index.php\/wp-json\/wp\/v2\/posts\/11630\/revisions"}],"predecessor-version":[{"id":11633,"href":"https:\/\/maismagazine.pt\/index.php\/wp-json\/wp\/v2\/posts\/11630\/revisions\/11633"}],"wp:featuredmedia":[{"embeddable":true,"href":"https:\/\/maismagazine.pt\/index.php\/wp-json\/wp\/v2\/media\/11631"}],"wp:attachment":[{"href":"https:\/\/maismagazine.pt\/index.php\/wp-json\/wp\/v2\/media?parent=11630"}],"wp:term":[{"taxonomy":"category","embeddable":true,"href":"https:\/\/maismagazine.pt\/index.php\/wp-json\/wp\/v2\/categories?post=11630"},{"taxonomy":"post_tag","embeddable":true,"href":"https:\/\/maismagazine.pt\/index.php\/wp-json\/wp\/v2\/tags?post=11630"}],"curies":[{"name":"wp","href":"https:\/\/api.w.org\/{rel}","templated":true}]}}