{"id":11609,"date":"2025-03-21T07:00:00","date_gmt":"2025-03-21T07:00:00","guid":{"rendered":"https:\/\/maismagazine.pt\/?p=11609"},"modified":"2025-03-18T16:24:40","modified_gmt":"2025-03-18T16:24:40","slug":"termas-de-aguas-penamacor","status":"publish","type":"post","link":"https:\/\/maismagazine.pt\/index.php\/2025\/03\/21\/termas-de-aguas-penamacor\/","title":{"rendered":"Termas de \u00c1guas &#8211; Penamacor"},"content":{"rendered":"\n<p>\u00c1gua fracamente mineralizada, com rea\u00e7\u00e3o alcalina, sulf\u00farea, bicarbonatada s\u00f3dica, levemente fluoretada e com significativa quantidade de s\u00edlica.<\/p>\n\n\n\n<p><\/p>\n\n\n\n<p><strong>Indica\u00e7\u00f5es terap\u00eauticas:<\/strong><\/p>\n\n\n\n<ul class=\"wp-block-list\">\n<li>Reum\u00e1ticas e m\u00fasculo-esquel\u00e9ticas (Gonoartrose e dorsolombalgia)<\/li>\n\n\n\n<li>Aparelho Respirat\u00f3rio (Rinosinusite)<\/li>\n<\/ul>\n\n\n\n<h2 class=\"wp-block-heading\"><strong>Termalismo Terap\u00eautico<\/strong><\/h2>\n\n\n\n<p>Reum\u00e1ticas e m\u00fasculo-esquel\u00e9ticas:<\/p>\n\n\n\n<ul class=\"wp-block-list\">\n<li>Banho de imers\u00e3o e hidromassagem<\/li>\n\n\n\n<li>Vapor \u00e0 coluna<\/li>\n\n\n\n<li>Duche circular<\/li>\n\n\n\n<li>Duche de jato<\/li>\n\n\n\n<li>Aerobanho<\/li>\n<\/ul>\n\n\n\n<p>Aparelho respirat\u00f3rio:<\/p>\n\n\n\n<ul class=\"wp-block-list\">\n<li>Irriga\u00e7\u00e3o nasal<\/li>\n\n\n\n<li>Pulveriza\u00e7\u00e3o far\u00edngea<\/li>\n\n\n\n<li>Aerossol<\/li>\n<\/ul>\n\n\n\n<h2 class=\"wp-block-heading\"><strong>Servi\u00e7os de bem-estar<\/strong><\/h2>\n\n\n\n<p>As Termas de \u00c1guas proporcionam servi\u00e7os de bem-estar, aplicando as t\u00e9cnicas termais que visam a melhoria da qualidade de vida ( Banho de imers\u00e3o e hidromassagem; Duche de jato).<\/p>\n","protected":false},"excerpt":{"rendered":"<p>\u00c1gua fracamente mineralizada, com rea\u00e7\u00e3o alcalina, sulf\u00farea, bicarbonatada s\u00f3dica, levemente fluoretada e com significativa quantidade de s\u00edlica. Indica\u00e7\u00f5es terap\u00eauticas: Termalismo Terap\u00eautico Reum\u00e1ticas e m\u00fasculo-esquel\u00e9ticas: Aparelho respirat\u00f3rio: Servi\u00e7os de bem-estar As Termas de \u00c1guas proporcionam servi\u00e7os de bem-estar, aplicando as t\u00e9cnicas termais que visam a melhoria da qualidade de vida (&hellip;<\/p>\n","protected":false},"author":17,"featured_media":11619,"comment_status":"closed","ping_status":"open","sticky":false,"template":"","format":"standard","meta":{"advgb_blocks_editor_width":"","advgb_blocks_columns_visual_guide":"","_monsterinsights_skip_tracking":false,"_monsterinsights_sitenote_active":false,"_monsterinsights_sitenote_note":"","_monsterinsights_sitenote_category":0,"footnotes":""},"categories":[1460,313],"tags":[2291],"class_list":["post-11609","post","type-post","status-publish","format-standard","has-post-thumbnail","hentry","category-publicidade","category-saude","tag-termas-de-aguas"],"yoast_head":"<!-- This site is optimized with the Yoast SEO plugin v24.4 - https:\/\/yoast.com\/wordpress\/plugins\/seo\/ -->\n<title>Termas de \u00c1guas - Penamacor - Mais Magazine<\/title>\n<meta name=\"robots\" content=\"index, follow, max-snippet:-1, max-image-preview:large, max-video-preview:-1\" \/>\n<link rel=\"canonical\" href=\"https:\/\/maismagazine.pt\/index.php\/2025\/03\/21\/termas-de-aguas-penamacor\/\" \/>\n<meta property=\"og:locale\" content=\"pt_PT\" \/>\n<meta property=\"og:type\" content=\"article\" \/>\n<meta property=\"og:title\" content=\"Termas de \u00c1guas - Penamacor - Mais Magazine\" \/>\n<meta property=\"og:description\" content=\"\u00c1gua fracamente mineralizada, com rea\u00e7\u00e3o alcalina, sulf\u00farea, bicarbonatada s\u00f3dica, levemente fluoretada e com significativa quantidade de s\u00edlica. Indica\u00e7\u00f5es terap\u00eauticas: Termalismo Terap\u00eautico Reum\u00e1ticas e m\u00fasculo-esquel\u00e9ticas: Aparelho respirat\u00f3rio: Servi\u00e7os de bem-estar As Termas de \u00c1guas proporcionam servi\u00e7os de bem-estar, aplicando as t\u00e9cnicas termais que visam a melhoria da qualidade de vida (&hellip;\" \/>\n<meta property=\"og:url\" content=\"https:\/\/maismagazine.pt\/index.php\/2025\/03\/21\/termas-de-aguas-penamacor\/\" \/>\n<meta property=\"og:site_name\" content=\"Mais Magazine\" \/>\n<meta property=\"article:published_time\" content=\"2025-03-21T07:00:00+00:00\" \/>\n<meta property=\"og:image\" content=\"https:\/\/maismagazine.pt\/wp-content\/uploads\/2025\/03\/termas_de_aguas_1_1024_2500.jpg\" \/>\n\t<meta property=\"og:image:width\" content=\"1024\" \/>\n\t<meta property=\"og:image:height\" content=\"1024\" \/>\n\t<meta property=\"og:image:type\" content=\"image\/jpeg\" \/>\n<meta name=\"author\" content=\"Tiago Costa\" \/>\n<meta name=\"twitter:card\" content=\"summary_large_image\" \/>\n<meta name=\"twitter:label1\" content=\"Escrito por\" \/>\n\t<meta name=\"twitter:data1\" content=\"\" \/>\n\t<meta name=\"twitter:label2\" content=\"Tempo estimado de leitura\" \/>\n\t<meta name=\"twitter:data2\" content=\"1 minuto\" \/>\n<script type=\"application\/ld+json\" class=\"yoast-schema-graph\">{\"@context\":\"https:\/\/schema.org\",\"@graph\":[{\"@type\":\"Article\",\"@id\":\"https:\/\/maismagazine.pt\/index.php\/2025\/03\/21\/termas-de-aguas-penamacor\/#article\",\"isPartOf\":{\"@id\":\"https:\/\/maismagazine.pt\/index.php\/2025\/03\/21\/termas-de-aguas-penamacor\/\"},\"author\":{\"name\":\"Tiago Costa\",\"@id\":\"http:\/\/maismagazine.pt\/#\/schema\/person\/c6c5bfccc886434cbd11c74e035f9646\"},\"headline\":\"Termas de \u00c1guas &#8211; Penamacor\",\"datePublished\":\"2025-03-21T07:00:00+00:00\",\"mainEntityOfPage\":{\"@id\":\"https:\/\/maismagazine.pt\/index.php\/2025\/03\/21\/termas-de-aguas-penamacor\/\"},\"wordCount\":112,\"publisher\":{\"@id\":\"http:\/\/maismagazine.pt\/#organization\"},\"image\":{\"@id\":\"https:\/\/maismagazine.pt\/index.php\/2025\/03\/21\/termas-de-aguas-penamacor\/#primaryimage\"},\"thumbnailUrl\":\"https:\/\/maismagazine.pt\/wp-content\/uploads\/2025\/03\/termas_de_aguas_1_1024_2500.jpg\",\"keywords\":[\"Termas de \u00c1guas\"],\"articleSection\":[\"publicidade\",\"Sa\u00fade\"],\"inLanguage\":\"pt-PT\"},{\"@type\":\"WebPage\",\"@id\":\"https:\/\/maismagazine.pt\/index.php\/2025\/03\/21\/termas-de-aguas-penamacor\/\",\"url\":\"https:\/\/maismagazine.pt\/index.php\/2025\/03\/21\/termas-de-aguas-penamacor\/\",\"name\":\"Termas de \u00c1guas - Penamacor - Mais Magazine\",\"isPartOf\":{\"@id\":\"http:\/\/maismagazine.pt\/#website\"},\"primaryImageOfPage\":{\"@id\":\"https:\/\/maismagazine.pt\/index.php\/2025\/03\/21\/termas-de-aguas-penamacor\/#primaryimage\"},\"image\":{\"@id\":\"https:\/\/maismagazine.pt\/index.php\/2025\/03\/21\/termas-de-aguas-penamacor\/#primaryimage\"},\"thumbnailUrl\":\"https:\/\/maismagazine.pt\/wp-content\/uploads\/2025\/03\/termas_de_aguas_1_1024_2500.jpg\",\"datePublished\":\"2025-03-21T07:00:00+00:00\",\"breadcrumb\":{\"@id\":\"https:\/\/maismagazine.pt\/index.php\/2025\/03\/21\/termas-de-aguas-penamacor\/#breadcrumb\"},\"inLanguage\":\"pt-PT\",\"potentialAction\":[{\"@type\":\"ReadAction\",\"target\":[\"https:\/\/maismagazine.pt\/index.php\/2025\/03\/21\/termas-de-aguas-penamacor\/\"]}]},{\"@type\":\"ImageObject\",\"inLanguage\":\"pt-PT\",\"@id\":\"https:\/\/maismagazine.pt\/index.php\/2025\/03\/21\/termas-de-aguas-penamacor\/#primaryimage\",\"url\":\"https:\/\/maismagazine.pt\/wp-content\/uploads\/2025\/03\/termas_de_aguas_1_1024_2500.jpg\",\"contentUrl\":\"https:\/\/maismagazine.pt\/wp-content\/uploads\/2025\/03\/termas_de_aguas_1_1024_2500.jpg\",\"width\":1024,\"height\":1024},{\"@type\":\"BreadcrumbList\",\"@id\":\"https:\/\/maismagazine.pt\/index.php\/2025\/03\/21\/termas-de-aguas-penamacor\/#breadcrumb\",\"itemListElement\":[{\"@type\":\"ListItem\",\"position\":1,\"name\":\"Home\",\"item\":\"http:\/\/maismagazine.pt\/\"},{\"@type\":\"ListItem\",\"position\":2,\"name\":\"Termas de \u00c1guas &#8211; Penamacor\"}]},{\"@type\":\"WebSite\",\"@id\":\"http:\/\/maismagazine.pt\/#website\",\"url\":\"http:\/\/maismagazine.pt\/\",\"name\":\"Mais Magazine\",\"description\":\"\",\"publisher\":{\"@id\":\"http:\/\/maismagazine.pt\/#organization\"},\"potentialAction\":[{\"@type\":\"SearchAction\",\"target\":{\"@type\":\"EntryPoint\",\"urlTemplate\":\"http:\/\/maismagazine.pt\/?s={search_term_string}\"},\"query-input\":{\"@type\":\"PropertyValueSpecification\",\"valueRequired\":true,\"valueName\":\"search_term_string\"}}],\"inLanguage\":\"pt-PT\"},{\"@type\":\"Organization\",\"@id\":\"http:\/\/maismagazine.pt\/#organization\",\"name\":\"Mais Magazine\",\"url\":\"http:\/\/maismagazine.pt\/\",\"logo\":{\"@type\":\"ImageObject\",\"inLanguage\":\"pt-PT\",\"@id\":\"http:\/\/maismagazine.pt\/#\/schema\/logo\/image\/\",\"url\":\"https:\/\/maismagazine.pt\/wp-content\/uploads\/2020\/04\/cropped-cropped-mais-magazine-site-logo-2.png\",\"contentUrl\":\"https:\/\/maismagazine.pt\/wp-content\/uploads\/2020\/04\/cropped-cropped-mais-magazine-site-logo-2.png\",\"width\":581,\"height\":90,\"caption\":\"Mais Magazine\"},\"image\":{\"@id\":\"http:\/\/maismagazine.pt\/#\/schema\/logo\/image\/\"}},{\"@type\":\"Person\",\"@id\":\"http:\/\/maismagazine.pt\/#\/schema\/person\/c6c5bfccc886434cbd11c74e035f9646\",\"name\":\"Tiago Costa\",\"image\":{\"@type\":\"ImageObject\",\"inLanguage\":\"pt-PT\",\"@id\":\"http:\/\/maismagazine.pt\/#\/schema\/person\/image\/\",\"url\":\"https:\/\/secure.gravatar.com\/avatar\/c599b2bce16c9870429198cbad5ee022?s=96&d=mm&r=g\",\"contentUrl\":\"https:\/\/secure.gravatar.com\/avatar\/c599b2bce16c9870429198cbad5ee022?s=96&d=mm&r=g\",\"caption\":\"Tiago Costa\"},\"url\":\"https:\/\/maismagazine.pt\/index.php\/author\/tiago\/\"}]}<\/script>\n<!-- \/ Yoast SEO plugin. -->","yoast_head_json":{"title":"Termas de \u00c1guas - Penamacor - Mais Magazine","robots":{"index":"index","follow":"follow","max-snippet":"max-snippet:-1","max-image-preview":"max-image-preview:large","max-video-preview":"max-video-preview:-1"},"canonical":"https:\/\/maismagazine.pt\/index.php\/2025\/03\/21\/termas-de-aguas-penamacor\/","og_locale":"pt_PT","og_type":"article","og_title":"Termas de \u00c1guas - Penamacor - Mais Magazine","og_description":"\u00c1gua fracamente mineralizada, com rea\u00e7\u00e3o alcalina, sulf\u00farea, bicarbonatada s\u00f3dica, levemente fluoretada e com significativa quantidade de s\u00edlica. Indica\u00e7\u00f5es terap\u00eauticas: Termalismo Terap\u00eautico Reum\u00e1ticas e m\u00fasculo-esquel\u00e9ticas: Aparelho respirat\u00f3rio: Servi\u00e7os de bem-estar As Termas de \u00c1guas proporcionam servi\u00e7os de bem-estar, aplicando as t\u00e9cnicas termais que visam a melhoria da qualidade de vida (&hellip;","og_url":"https:\/\/maismagazine.pt\/index.php\/2025\/03\/21\/termas-de-aguas-penamacor\/","og_site_name":"Mais Magazine","article_published_time":"2025-03-21T07:00:00+00:00","og_image":[{"width":1024,"height":1024,"url":"https:\/\/maismagazine.pt\/wp-content\/uploads\/2025\/03\/termas_de_aguas_1_1024_2500.jpg","type":"image\/jpeg"}],"author":"Tiago Costa","twitter_card":"summary_large_image","twitter_misc":{"Escrito por":false,"Tempo estimado de leitura":"1 minuto"},"schema":{"@context":"https:\/\/schema.org","@graph":[{"@type":"Article","@id":"https:\/\/maismagazine.pt\/index.php\/2025\/03\/21\/termas-de-aguas-penamacor\/#article","isPartOf":{"@id":"https:\/\/maismagazine.pt\/index.php\/2025\/03\/21\/termas-de-aguas-penamacor\/"},"author":{"name":"Tiago Costa","@id":"http:\/\/maismagazine.pt\/#\/schema\/person\/c6c5bfccc886434cbd11c74e035f9646"},"headline":"Termas de \u00c1guas &#8211; Penamacor","datePublished":"2025-03-21T07:00:00+00:00","mainEntityOfPage":{"@id":"https:\/\/maismagazine.pt\/index.php\/2025\/03\/21\/termas-de-aguas-penamacor\/"},"wordCount":112,"publisher":{"@id":"http:\/\/maismagazine.pt\/#organization"},"image":{"@id":"https:\/\/maismagazine.pt\/index.php\/2025\/03\/21\/termas-de-aguas-penamacor\/#primaryimage"},"thumbnailUrl":"https:\/\/maismagazine.pt\/wp-content\/uploads\/2025\/03\/termas_de_aguas_1_1024_2500.jpg","keywords":["Termas de \u00c1guas"],"articleSection":["publicidade","Sa\u00fade"],"inLanguage":"pt-PT"},{"@type":"WebPage","@id":"https:\/\/maismagazine.pt\/index.php\/2025\/03\/21\/termas-de-aguas-penamacor\/","url":"https:\/\/maismagazine.pt\/index.php\/2025\/03\/21\/termas-de-aguas-penamacor\/","name":"Termas de \u00c1guas - Penamacor - Mais Magazine","isPartOf":{"@id":"http:\/\/maismagazine.pt\/#website"},"primaryImageOfPage":{"@id":"https:\/\/maismagazine.pt\/index.php\/2025\/03\/21\/termas-de-aguas-penamacor\/#primaryimage"},"image":{"@id":"https:\/\/maismagazine.pt\/index.php\/2025\/03\/21\/termas-de-aguas-penamacor\/#primaryimage"},"thumbnailUrl":"https:\/\/maismagazine.pt\/wp-content\/uploads\/2025\/03\/termas_de_aguas_1_1024_2500.jpg","datePublished":"2025-03-21T07:00:00+00:00","breadcrumb":{"@id":"https:\/\/maismagazine.pt\/index.php\/2025\/03\/21\/termas-de-aguas-penamacor\/#breadcrumb"},"inLanguage":"pt-PT","potentialAction":[{"@type":"ReadAction","target":["https:\/\/maismagazine.pt\/index.php\/2025\/03\/21\/termas-de-aguas-penamacor\/"]}]},{"@type":"ImageObject","inLanguage":"pt-PT","@id":"https:\/\/maismagazine.pt\/index.php\/2025\/03\/21\/termas-de-aguas-penamacor\/#primaryimage","url":"https:\/\/maismagazine.pt\/wp-content\/uploads\/2025\/03\/termas_de_aguas_1_1024_2500.jpg","contentUrl":"https:\/\/maismagazine.pt\/wp-content\/uploads\/2025\/03\/termas_de_aguas_1_1024_2500.jpg","width":1024,"height":1024},{"@type":"BreadcrumbList","@id":"https:\/\/maismagazine.pt\/index.php\/2025\/03\/21\/termas-de-aguas-penamacor\/#breadcrumb","itemListElement":[{"@type":"ListItem","position":1,"name":"Home","item":"http:\/\/maismagazine.pt\/"},{"@type":"ListItem","position":2,"name":"Termas de \u00c1guas &#8211; Penamacor"}]},{"@type":"WebSite","@id":"http:\/\/maismagazine.pt\/#website","url":"http:\/\/maismagazine.pt\/","name":"Mais Magazine","description":"","publisher":{"@id":"http:\/\/maismagazine.pt\/#organization"},"potentialAction":[{"@type":"SearchAction","target":{"@type":"EntryPoint","urlTemplate":"http:\/\/maismagazine.pt\/?s={search_term_string}"},"query-input":{"@type":"PropertyValueSpecification","valueRequired":true,"valueName":"search_term_string"}}],"inLanguage":"pt-PT"},{"@type":"Organization","@id":"http:\/\/maismagazine.pt\/#organization","name":"Mais Magazine","url":"http:\/\/maismagazine.pt\/","logo":{"@type":"ImageObject","inLanguage":"pt-PT","@id":"http:\/\/maismagazine.pt\/#\/schema\/logo\/image\/","url":"https:\/\/maismagazine.pt\/wp-content\/uploads\/2020\/04\/cropped-cropped-mais-magazine-site-logo-2.png","contentUrl":"https:\/\/maismagazine.pt\/wp-content\/uploads\/2020\/04\/cropped-cropped-mais-magazine-site-logo-2.png","width":581,"height":90,"caption":"Mais Magazine"},"image":{"@id":"http:\/\/maismagazine.pt\/#\/schema\/logo\/image\/"}},{"@type":"Person","@id":"http:\/\/maismagazine.pt\/#\/schema\/person\/c6c5bfccc886434cbd11c74e035f9646","name":"Tiago Costa","image":{"@type":"ImageObject","inLanguage":"pt-PT","@id":"http:\/\/maismagazine.pt\/#\/schema\/person\/image\/","url":"https:\/\/secure.gravatar.com\/avatar\/c599b2bce16c9870429198cbad5ee022?s=96&d=mm&r=g","contentUrl":"https:\/\/secure.gravatar.com\/avatar\/c599b2bce16c9870429198cbad5ee022?s=96&d=mm&r=g","caption":"Tiago Costa"},"url":"https:\/\/maismagazine.pt\/index.php\/author\/tiago\/"}]}},"author_meta":{"display_name":false,"author_link":"https:\/\/maismagazine.pt\/index.php\/author\/tiago\/"},"featured_img":"https:\/\/maismagazine.pt\/wp-content\/uploads\/2025\/03\/termas_de_aguas_1_1024_2500-300x300.jpg","coauthors":[],"tax_additional":{"categories":{"linked":["<a href=\"https:\/\/maismagazine.pt\/index.php\/category\/publicidade\/\" class=\"advgb-post-tax-term\">publicidade<\/a>","<a href=\"https:\/\/maismagazine.pt\/index.php\/category\/mundo-empresarial\/saude\/\" class=\"advgb-post-tax-term\">Sa\u00fade<\/a>"],"unlinked":["<span class=\"advgb-post-tax-term\">publicidade<\/span>","<span class=\"advgb-post-tax-term\">Sa\u00fade<\/span>"]},"tags":{"linked":["<a href=\"https:\/\/maismagazine.pt\/index.php\/category\/mundo-empresarial\/saude\/\" class=\"advgb-post-tax-term\">Termas de \u00c1guas<\/a>"],"unlinked":["<span class=\"advgb-post-tax-term\">Termas de \u00c1guas<\/span>"]}},"comment_count":"0","relative_dates":{"created":"Posted 1 ano ago","modified":"Updated 1 ano ago"},"absolute_dates":{"created":"Posted on 21 de Mar\u00e7o, 2025","modified":"Updated on 18 de Mar\u00e7o, 2025"},"absolute_dates_time":{"created":"Posted on 21 de Mar\u00e7o, 2025 7:00","modified":"Updated on 18 de Mar\u00e7o, 2025 16:24"},"featured_img_caption":"","series_order":"","_links":{"self":[{"href":"https:\/\/maismagazine.pt\/index.php\/wp-json\/wp\/v2\/posts\/11609","targetHints":{"allow":["GET"]}}],"collection":[{"href":"https:\/\/maismagazine.pt\/index.php\/wp-json\/wp\/v2\/posts"}],"about":[{"href":"https:\/\/maismagazine.pt\/index.php\/wp-json\/wp\/v2\/types\/post"}],"author":[{"embeddable":true,"href":"https:\/\/maismagazine.pt\/index.php\/wp-json\/wp\/v2\/users\/17"}],"replies":[{"embeddable":true,"href":"https:\/\/maismagazine.pt\/index.php\/wp-json\/wp\/v2\/comments?post=11609"}],"version-history":[{"count":1,"href":"https:\/\/maismagazine.pt\/index.php\/wp-json\/wp\/v2\/posts\/11609\/revisions"}],"predecessor-version":[{"id":11620,"href":"https:\/\/maismagazine.pt\/index.php\/wp-json\/wp\/v2\/posts\/11609\/revisions\/11620"}],"wp:featuredmedia":[{"embeddable":true,"href":"https:\/\/maismagazine.pt\/index.php\/wp-json\/wp\/v2\/media\/11619"}],"wp:attachment":[{"href":"https:\/\/maismagazine.pt\/index.php\/wp-json\/wp\/v2\/media?parent=11609"}],"wp:term":[{"taxonomy":"category","embeddable":true,"href":"https:\/\/maismagazine.pt\/index.php\/wp-json\/wp\/v2\/categories?post=11609"},{"taxonomy":"post_tag","embeddable":true,"href":"https:\/\/maismagazine.pt\/index.php\/wp-json\/wp\/v2\/tags?post=11609"}],"curies":[{"name":"wp","href":"https:\/\/api.w.org\/{rel}","templated":true}]}}