{"id":11495,"date":"2025-03-21T07:00:00","date_gmt":"2025-03-21T07:00:00","guid":{"rendered":"https:\/\/maismagazine.pt\/?p=11495"},"modified":"2025-03-18T15:03:32","modified_gmt":"2025-03-18T15:03:32","slug":"termas-da-ferraria-um-tesouro-termal-nas-encostas-vulcanicas-da-ilha-de-sao-miguel","status":"publish","type":"post","link":"https:\/\/maismagazine.pt\/index.php\/2025\/03\/21\/termas-da-ferraria-um-tesouro-termal-nas-encostas-vulcanicas-da-ilha-de-sao-miguel\/","title":{"rendered":"Termas da Ferraria: Um tesouro termal nas encostas vulc\u00e2nicas da ilha de S\u00e3o Miguel"},"content":{"rendered":"\n<p><strong>A origem das Termas da Ferraria remonta a meados do s\u00e9culo XX, no entanto as qualidades terap\u00eauticas das suas \u00e1guas j\u00e1 haviam sido mencionadas quatro s\u00e9culos antes pelo historiador Gaspar Frutuoso na obra \u201cSaudades da Terra\u201d. Um ref\u00fagio termal localizado nas encostas vulc\u00e2nicas do extremo sudoeste da ilha de S\u00e3o Miguel, nos A\u00e7ores, que alia o calor das rochas vulc\u00e2nicas com a \u00e1gua do mar.<\/strong><\/p>\n\n\n\n<p><\/p>\n\n\n\n<p>Localizada \u00e0 beira-mar, com uma vista privilegiada para o Oceano Atl\u00e2ntico, as Termas da Ferraria oferecem a singular oportunidade de combinar as carater\u00edsticas terap\u00eauticas das \u00e1guas termais com um cen\u00e1rio natural envolvente encantador. Integrada no Monumento Natural Regional do Pico das Camarinhas e Ponta da Ferraria, esta zona protegida \u00e9 composta por diversas estruturas de origem vulc\u00e2nica de grande valor paisag\u00edstico e cient\u00edfico. Mas para al\u00e9m da sua beleza e interesse cient\u00edfico, o lugar da Ferraria cont\u00e9m outra grande riqueza: as suas duas nascentes de \u00e1guas termais de origem vulc\u00e2nica que aquecem as piscinas naturais da Ferraria e abastecem o seu Complexo Termal. <\/p>\n\n\n\n<p><\/p>\n\n\n\n<p>As Termas da Ferraria proporcionam aos seus visitantes banhos em mar aberto, numa fus\u00e3o de \u00e1gua salgada com \u00e1gua termal. O exotismo das Termas da Ferraria deve-se \u00e0s \u00e1guas de nascentes vulc\u00e2nicas que correm no subsolo (furos de 20 metros) a uma temperatura de 62\u00baC. S\u00e3o necessariamente arrefecidas na mistura com \u00e1guas extra\u00eddas do mar que rondam os 20\u00baC. Este prod\u00edgio \u00e9 mais um resultado da hist\u00f3ria de acidentes vulc\u00e2nicos que esculpiram a paisagem a\u00e7oriana. Acredita-se que a erup\u00e7\u00e3o que originou a Ferraria e fez crescer o cont\u00edguo Pico das Camarinhas &#8211; que antes ca\u00eda abruptamente sobre o mar &#8211; ocorreu por volta de 1140, ou seja, ainda antes de a ilha ser colonizada. <\/p>\n\n\n\n<p><\/p>\n\n\n\n<p>A atividade das Termas da Ferraria desenvolve-se em torno de um alargado leque de servi\u00e7os que envolvem o termalismo, bem-estar, fisioterapia e est\u00e9tica. Consideradas um caso \u00fanico no mundo, as \u00e1guas termais da Ferraria s\u00e3o conhecidas por aliviar uma s\u00e9rie de condi\u00e7\u00f5es, desde problemas reum\u00e1ticos e nevrites at\u00e9 casos de psor\u00edase. <\/p>\n\n\n\n<p><\/p>\n\n\n\n<p>Ainda assim, a oferta deste complexo termal tamb\u00e9m se estende a servi\u00e7os como a organiza\u00e7\u00e3o de programas de team building, reuni\u00f5es e conv\u00edvios empresariais e particulares, bem como atividades indoor e outdoor. Paralelamente, este local disp\u00f5e ainda de um restaurante com capacidade para cerca de 55 pessoas, cuja cozinha se baseia no conceito welness &amp; sensorial tasty food, e de um bar, um espa\u00e7o muito acolhedor, excelente para tomar umas bebidas. <\/p>\n\n\n\n<p><\/p>\n\n\n\n<p>Se necessita de um local ideal para encontrar o equil\u00edbrio entre trabalho e lazer ou se simplesmente procura uma experi\u00eancia relaxante, as Termas da Ferraria s\u00e3o a escolha ideal. Ao final do dia, o p\u00f4r do sol promete dar a esta experi\u00eancia ainda mais encanto, criando uma atmosfera arrebatadora e memor\u00e1vel. <\/p>\n\n\n\n<p><\/p>\n\n\n\n<p>S\u00e3o Miguel, A\u00e7ores<\/p>\n\n\n\n<p><\/p>\n\n\n\n<p>296 295 669<\/p>\n","protected":false},"excerpt":{"rendered":"<p>A origem das Termas da Ferraria remonta a meados do s\u00e9culo XX, no entanto as qualidades terap\u00eauticas das suas \u00e1guas j\u00e1 haviam sido mencionadas quatro s\u00e9culos antes pelo historiador Gaspar Frutuoso na obra \u201cSaudades da Terra\u201d. Um ref\u00fagio termal localizado nas encostas vulc\u00e2nicas do extremo sudoeste da ilha de S\u00e3o&hellip;<\/p>\n","protected":false},"author":18,"featured_media":11502,"comment_status":"closed","ping_status":"open","sticky":false,"template":"","format":"standard","meta":{"advgb_blocks_editor_width":"","advgb_blocks_columns_visual_guide":"","_monsterinsights_skip_tracking":false,"_monsterinsights_sitenote_active":false,"_monsterinsights_sitenote_note":"","_monsterinsights_sitenote_category":0,"footnotes":""},"categories":[313],"tags":[281,1379,1964],"class_list":["post-11495","post","type-post","status-publish","format-standard","has-post-thumbnail","hentry","category-saude","tag-acores","tag-termalismo","tag-termas-da-ferraria"],"yoast_head":"<!-- This site is optimized with the Yoast SEO plugin v24.4 - https:\/\/yoast.com\/wordpress\/plugins\/seo\/ -->\n<title>Termas da Ferraria: Um tesouro termal nas encostas vulc\u00e2nicas da ilha de S\u00e3o Miguel - Mais Magazine<\/title>\n<meta name=\"robots\" content=\"index, follow, max-snippet:-1, max-image-preview:large, max-video-preview:-1\" \/>\n<link rel=\"canonical\" href=\"https:\/\/maismagazine.pt\/index.php\/2025\/03\/21\/termas-da-ferraria-um-tesouro-termal-nas-encostas-vulcanicas-da-ilha-de-sao-miguel\/\" \/>\n<meta property=\"og:locale\" content=\"pt_PT\" \/>\n<meta property=\"og:type\" content=\"article\" \/>\n<meta property=\"og:title\" content=\"Termas da Ferraria: Um tesouro termal nas encostas vulc\u00e2nicas da ilha de S\u00e3o Miguel - Mais Magazine\" \/>\n<meta property=\"og:description\" content=\"A origem das Termas da Ferraria remonta a meados do s\u00e9culo XX, no entanto as qualidades terap\u00eauticas das suas \u00e1guas j\u00e1 haviam sido mencionadas quatro s\u00e9culos antes pelo historiador Gaspar Frutuoso na obra \u201cSaudades da Terra\u201d. Um ref\u00fagio termal localizado nas encostas vulc\u00e2nicas do extremo sudoeste da ilha de S\u00e3o&hellip;\" \/>\n<meta property=\"og:url\" content=\"https:\/\/maismagazine.pt\/index.php\/2025\/03\/21\/termas-da-ferraria-um-tesouro-termal-nas-encostas-vulcanicas-da-ilha-de-sao-miguel\/\" \/>\n<meta property=\"og:site_name\" content=\"Mais Magazine\" \/>\n<meta property=\"article:published_time\" content=\"2025-03-21T07:00:00+00:00\" \/>\n<meta property=\"og:image\" content=\"https:\/\/maismagazine.pt\/wp-content\/uploads\/2025\/03\/WhatsApp-Image-2025-03-18-at-15.02.53.jpeg\" \/>\n\t<meta property=\"og:image:width\" content=\"795\" \/>\n\t<meta property=\"og:image:height\" content=\"1280\" \/>\n\t<meta property=\"og:image:type\" content=\"image\/jpeg\" \/>\n<meta name=\"author\" content=\"Tatiana Martins\" \/>\n<meta name=\"twitter:card\" content=\"summary_large_image\" \/>\n<meta name=\"twitter:label1\" content=\"Escrito por\" \/>\n\t<meta name=\"twitter:data1\" content=\"\" \/>\n\t<meta name=\"twitter:label2\" content=\"Tempo estimado de leitura\" \/>\n\t<meta name=\"twitter:data2\" content=\"3 minutos\" \/>\n<script type=\"application\/ld+json\" class=\"yoast-schema-graph\">{\"@context\":\"https:\/\/schema.org\",\"@graph\":[{\"@type\":\"Article\",\"@id\":\"https:\/\/maismagazine.pt\/index.php\/2025\/03\/21\/termas-da-ferraria-um-tesouro-termal-nas-encostas-vulcanicas-da-ilha-de-sao-miguel\/#article\",\"isPartOf\":{\"@id\":\"https:\/\/maismagazine.pt\/index.php\/2025\/03\/21\/termas-da-ferraria-um-tesouro-termal-nas-encostas-vulcanicas-da-ilha-de-sao-miguel\/\"},\"author\":{\"name\":\"Tatiana Martins\",\"@id\":\"http:\/\/maismagazine.pt\/#\/schema\/person\/7426e2caeb8df32a1b56aa48dae778c9\"},\"headline\":\"Termas da Ferraria: Um tesouro termal nas encostas vulc\u00e2nicas da ilha de S\u00e3o Miguel\",\"datePublished\":\"2025-03-21T07:00:00+00:00\",\"mainEntityOfPage\":{\"@id\":\"https:\/\/maismagazine.pt\/index.php\/2025\/03\/21\/termas-da-ferraria-um-tesouro-termal-nas-encostas-vulcanicas-da-ilha-de-sao-miguel\/\"},\"wordCount\":520,\"publisher\":{\"@id\":\"http:\/\/maismagazine.pt\/#organization\"},\"image\":{\"@id\":\"https:\/\/maismagazine.pt\/index.php\/2025\/03\/21\/termas-da-ferraria-um-tesouro-termal-nas-encostas-vulcanicas-da-ilha-de-sao-miguel\/#primaryimage\"},\"thumbnailUrl\":\"https:\/\/maismagazine.pt\/wp-content\/uploads\/2025\/03\/WhatsApp-Image-2025-03-18-at-15.02.53.jpeg\",\"keywords\":[\"a\u00e7ores\",\"Termalismo\",\"Termas da Ferraria\"],\"articleSection\":[\"Sa\u00fade\"],\"inLanguage\":\"pt-PT\"},{\"@type\":\"WebPage\",\"@id\":\"https:\/\/maismagazine.pt\/index.php\/2025\/03\/21\/termas-da-ferraria-um-tesouro-termal-nas-encostas-vulcanicas-da-ilha-de-sao-miguel\/\",\"url\":\"https:\/\/maismagazine.pt\/index.php\/2025\/03\/21\/termas-da-ferraria-um-tesouro-termal-nas-encostas-vulcanicas-da-ilha-de-sao-miguel\/\",\"name\":\"Termas da Ferraria: Um tesouro termal nas encostas vulc\u00e2nicas da ilha de S\u00e3o Miguel - Mais Magazine\",\"isPartOf\":{\"@id\":\"http:\/\/maismagazine.pt\/#website\"},\"primaryImageOfPage\":{\"@id\":\"https:\/\/maismagazine.pt\/index.php\/2025\/03\/21\/termas-da-ferraria-um-tesouro-termal-nas-encostas-vulcanicas-da-ilha-de-sao-miguel\/#primaryimage\"},\"image\":{\"@id\":\"https:\/\/maismagazine.pt\/index.php\/2025\/03\/21\/termas-da-ferraria-um-tesouro-termal-nas-encostas-vulcanicas-da-ilha-de-sao-miguel\/#primaryimage\"},\"thumbnailUrl\":\"https:\/\/maismagazine.pt\/wp-content\/uploads\/2025\/03\/WhatsApp-Image-2025-03-18-at-15.02.53.jpeg\",\"datePublished\":\"2025-03-21T07:00:00+00:00\",\"breadcrumb\":{\"@id\":\"https:\/\/maismagazine.pt\/index.php\/2025\/03\/21\/termas-da-ferraria-um-tesouro-termal-nas-encostas-vulcanicas-da-ilha-de-sao-miguel\/#breadcrumb\"},\"inLanguage\":\"pt-PT\",\"potentialAction\":[{\"@type\":\"ReadAction\",\"target\":[\"https:\/\/maismagazine.pt\/index.php\/2025\/03\/21\/termas-da-ferraria-um-tesouro-termal-nas-encostas-vulcanicas-da-ilha-de-sao-miguel\/\"]}]},{\"@type\":\"ImageObject\",\"inLanguage\":\"pt-PT\",\"@id\":\"https:\/\/maismagazine.pt\/index.php\/2025\/03\/21\/termas-da-ferraria-um-tesouro-termal-nas-encostas-vulcanicas-da-ilha-de-sao-miguel\/#primaryimage\",\"url\":\"https:\/\/maismagazine.pt\/wp-content\/uploads\/2025\/03\/WhatsApp-Image-2025-03-18-at-15.02.53.jpeg\",\"contentUrl\":\"https:\/\/maismagazine.pt\/wp-content\/uploads\/2025\/03\/WhatsApp-Image-2025-03-18-at-15.02.53.jpeg\",\"width\":795,\"height\":1280},{\"@type\":\"BreadcrumbList\",\"@id\":\"https:\/\/maismagazine.pt\/index.php\/2025\/03\/21\/termas-da-ferraria-um-tesouro-termal-nas-encostas-vulcanicas-da-ilha-de-sao-miguel\/#breadcrumb\",\"itemListElement\":[{\"@type\":\"ListItem\",\"position\":1,\"name\":\"Home\",\"item\":\"http:\/\/maismagazine.pt\/\"},{\"@type\":\"ListItem\",\"position\":2,\"name\":\"Termas da Ferraria: Um tesouro termal nas encostas vulc\u00e2nicas da ilha de S\u00e3o Miguel\"}]},{\"@type\":\"WebSite\",\"@id\":\"http:\/\/maismagazine.pt\/#website\",\"url\":\"http:\/\/maismagazine.pt\/\",\"name\":\"Mais Magazine\",\"description\":\"\",\"publisher\":{\"@id\":\"http:\/\/maismagazine.pt\/#organization\"},\"potentialAction\":[{\"@type\":\"SearchAction\",\"target\":{\"@type\":\"EntryPoint\",\"urlTemplate\":\"http:\/\/maismagazine.pt\/?s={search_term_string}\"},\"query-input\":{\"@type\":\"PropertyValueSpecification\",\"valueRequired\":true,\"valueName\":\"search_term_string\"}}],\"inLanguage\":\"pt-PT\"},{\"@type\":\"Organization\",\"@id\":\"http:\/\/maismagazine.pt\/#organization\",\"name\":\"Mais Magazine\",\"url\":\"http:\/\/maismagazine.pt\/\",\"logo\":{\"@type\":\"ImageObject\",\"inLanguage\":\"pt-PT\",\"@id\":\"http:\/\/maismagazine.pt\/#\/schema\/logo\/image\/\",\"url\":\"https:\/\/maismagazine.pt\/wp-content\/uploads\/2020\/04\/cropped-cropped-mais-magazine-site-logo-2.png\",\"contentUrl\":\"https:\/\/maismagazine.pt\/wp-content\/uploads\/2020\/04\/cropped-cropped-mais-magazine-site-logo-2.png\",\"width\":581,\"height\":90,\"caption\":\"Mais Magazine\"},\"image\":{\"@id\":\"http:\/\/maismagazine.pt\/#\/schema\/logo\/image\/\"}},{\"@type\":\"Person\",\"@id\":\"http:\/\/maismagazine.pt\/#\/schema\/person\/7426e2caeb8df32a1b56aa48dae778c9\",\"name\":\"Tatiana Martins\",\"image\":{\"@type\":\"ImageObject\",\"inLanguage\":\"pt-PT\",\"@id\":\"http:\/\/maismagazine.pt\/#\/schema\/person\/image\/\",\"url\":\"https:\/\/secure.gravatar.com\/avatar\/4b24a57f5d0425f2eb20981c4b53244e?s=96&d=mm&r=g\",\"contentUrl\":\"https:\/\/secure.gravatar.com\/avatar\/4b24a57f5d0425f2eb20981c4b53244e?s=96&d=mm&r=g\",\"caption\":\"Tatiana Martins\"},\"url\":\"https:\/\/maismagazine.pt\/index.php\/author\/tatiana\/\"}]}<\/script>\n<!-- \/ Yoast SEO plugin. -->","yoast_head_json":{"title":"Termas da Ferraria: Um tesouro termal nas encostas vulc\u00e2nicas da ilha de S\u00e3o Miguel - Mais Magazine","robots":{"index":"index","follow":"follow","max-snippet":"max-snippet:-1","max-image-preview":"max-image-preview:large","max-video-preview":"max-video-preview:-1"},"canonical":"https:\/\/maismagazine.pt\/index.php\/2025\/03\/21\/termas-da-ferraria-um-tesouro-termal-nas-encostas-vulcanicas-da-ilha-de-sao-miguel\/","og_locale":"pt_PT","og_type":"article","og_title":"Termas da Ferraria: Um tesouro termal nas encostas vulc\u00e2nicas da ilha de S\u00e3o Miguel - Mais Magazine","og_description":"A origem das Termas da Ferraria remonta a meados do s\u00e9culo XX, no entanto as qualidades terap\u00eauticas das suas \u00e1guas j\u00e1 haviam sido mencionadas quatro s\u00e9culos antes pelo historiador Gaspar Frutuoso na obra \u201cSaudades da Terra\u201d. Um ref\u00fagio termal localizado nas encostas vulc\u00e2nicas do extremo sudoeste da ilha de S\u00e3o&hellip;","og_url":"https:\/\/maismagazine.pt\/index.php\/2025\/03\/21\/termas-da-ferraria-um-tesouro-termal-nas-encostas-vulcanicas-da-ilha-de-sao-miguel\/","og_site_name":"Mais Magazine","article_published_time":"2025-03-21T07:00:00+00:00","og_image":[{"width":795,"height":1280,"url":"https:\/\/maismagazine.pt\/wp-content\/uploads\/2025\/03\/WhatsApp-Image-2025-03-18-at-15.02.53.jpeg","type":"image\/jpeg"}],"author":"Tatiana Martins","twitter_card":"summary_large_image","twitter_misc":{"Escrito por":false,"Tempo estimado de leitura":"3 minutos"},"schema":{"@context":"https:\/\/schema.org","@graph":[{"@type":"Article","@id":"https:\/\/maismagazine.pt\/index.php\/2025\/03\/21\/termas-da-ferraria-um-tesouro-termal-nas-encostas-vulcanicas-da-ilha-de-sao-miguel\/#article","isPartOf":{"@id":"https:\/\/maismagazine.pt\/index.php\/2025\/03\/21\/termas-da-ferraria-um-tesouro-termal-nas-encostas-vulcanicas-da-ilha-de-sao-miguel\/"},"author":{"name":"Tatiana Martins","@id":"http:\/\/maismagazine.pt\/#\/schema\/person\/7426e2caeb8df32a1b56aa48dae778c9"},"headline":"Termas da Ferraria: Um tesouro termal nas encostas vulc\u00e2nicas da ilha de S\u00e3o Miguel","datePublished":"2025-03-21T07:00:00+00:00","mainEntityOfPage":{"@id":"https:\/\/maismagazine.pt\/index.php\/2025\/03\/21\/termas-da-ferraria-um-tesouro-termal-nas-encostas-vulcanicas-da-ilha-de-sao-miguel\/"},"wordCount":520,"publisher":{"@id":"http:\/\/maismagazine.pt\/#organization"},"image":{"@id":"https:\/\/maismagazine.pt\/index.php\/2025\/03\/21\/termas-da-ferraria-um-tesouro-termal-nas-encostas-vulcanicas-da-ilha-de-sao-miguel\/#primaryimage"},"thumbnailUrl":"https:\/\/maismagazine.pt\/wp-content\/uploads\/2025\/03\/WhatsApp-Image-2025-03-18-at-15.02.53.jpeg","keywords":["a\u00e7ores","Termalismo","Termas da Ferraria"],"articleSection":["Sa\u00fade"],"inLanguage":"pt-PT"},{"@type":"WebPage","@id":"https:\/\/maismagazine.pt\/index.php\/2025\/03\/21\/termas-da-ferraria-um-tesouro-termal-nas-encostas-vulcanicas-da-ilha-de-sao-miguel\/","url":"https:\/\/maismagazine.pt\/index.php\/2025\/03\/21\/termas-da-ferraria-um-tesouro-termal-nas-encostas-vulcanicas-da-ilha-de-sao-miguel\/","name":"Termas da Ferraria: Um tesouro termal nas encostas vulc\u00e2nicas da ilha de S\u00e3o Miguel - Mais Magazine","isPartOf":{"@id":"http:\/\/maismagazine.pt\/#website"},"primaryImageOfPage":{"@id":"https:\/\/maismagazine.pt\/index.php\/2025\/03\/21\/termas-da-ferraria-um-tesouro-termal-nas-encostas-vulcanicas-da-ilha-de-sao-miguel\/#primaryimage"},"image":{"@id":"https:\/\/maismagazine.pt\/index.php\/2025\/03\/21\/termas-da-ferraria-um-tesouro-termal-nas-encostas-vulcanicas-da-ilha-de-sao-miguel\/#primaryimage"},"thumbnailUrl":"https:\/\/maismagazine.pt\/wp-content\/uploads\/2025\/03\/WhatsApp-Image-2025-03-18-at-15.02.53.jpeg","datePublished":"2025-03-21T07:00:00+00:00","breadcrumb":{"@id":"https:\/\/maismagazine.pt\/index.php\/2025\/03\/21\/termas-da-ferraria-um-tesouro-termal-nas-encostas-vulcanicas-da-ilha-de-sao-miguel\/#breadcrumb"},"inLanguage":"pt-PT","potentialAction":[{"@type":"ReadAction","target":["https:\/\/maismagazine.pt\/index.php\/2025\/03\/21\/termas-da-ferraria-um-tesouro-termal-nas-encostas-vulcanicas-da-ilha-de-sao-miguel\/"]}]},{"@type":"ImageObject","inLanguage":"pt-PT","@id":"https:\/\/maismagazine.pt\/index.php\/2025\/03\/21\/termas-da-ferraria-um-tesouro-termal-nas-encostas-vulcanicas-da-ilha-de-sao-miguel\/#primaryimage","url":"https:\/\/maismagazine.pt\/wp-content\/uploads\/2025\/03\/WhatsApp-Image-2025-03-18-at-15.02.53.jpeg","contentUrl":"https:\/\/maismagazine.pt\/wp-content\/uploads\/2025\/03\/WhatsApp-Image-2025-03-18-at-15.02.53.jpeg","width":795,"height":1280},{"@type":"BreadcrumbList","@id":"https:\/\/maismagazine.pt\/index.php\/2025\/03\/21\/termas-da-ferraria-um-tesouro-termal-nas-encostas-vulcanicas-da-ilha-de-sao-miguel\/#breadcrumb","itemListElement":[{"@type":"ListItem","position":1,"name":"Home","item":"http:\/\/maismagazine.pt\/"},{"@type":"ListItem","position":2,"name":"Termas da Ferraria: Um tesouro termal nas encostas vulc\u00e2nicas da ilha de S\u00e3o Miguel"}]},{"@type":"WebSite","@id":"http:\/\/maismagazine.pt\/#website","url":"http:\/\/maismagazine.pt\/","name":"Mais Magazine","description":"","publisher":{"@id":"http:\/\/maismagazine.pt\/#organization"},"potentialAction":[{"@type":"SearchAction","target":{"@type":"EntryPoint","urlTemplate":"http:\/\/maismagazine.pt\/?s={search_term_string}"},"query-input":{"@type":"PropertyValueSpecification","valueRequired":true,"valueName":"search_term_string"}}],"inLanguage":"pt-PT"},{"@type":"Organization","@id":"http:\/\/maismagazine.pt\/#organization","name":"Mais Magazine","url":"http:\/\/maismagazine.pt\/","logo":{"@type":"ImageObject","inLanguage":"pt-PT","@id":"http:\/\/maismagazine.pt\/#\/schema\/logo\/image\/","url":"https:\/\/maismagazine.pt\/wp-content\/uploads\/2020\/04\/cropped-cropped-mais-magazine-site-logo-2.png","contentUrl":"https:\/\/maismagazine.pt\/wp-content\/uploads\/2020\/04\/cropped-cropped-mais-magazine-site-logo-2.png","width":581,"height":90,"caption":"Mais Magazine"},"image":{"@id":"http:\/\/maismagazine.pt\/#\/schema\/logo\/image\/"}},{"@type":"Person","@id":"http:\/\/maismagazine.pt\/#\/schema\/person\/7426e2caeb8df32a1b56aa48dae778c9","name":"Tatiana Martins","image":{"@type":"ImageObject","inLanguage":"pt-PT","@id":"http:\/\/maismagazine.pt\/#\/schema\/person\/image\/","url":"https:\/\/secure.gravatar.com\/avatar\/4b24a57f5d0425f2eb20981c4b53244e?s=96&d=mm&r=g","contentUrl":"https:\/\/secure.gravatar.com\/avatar\/4b24a57f5d0425f2eb20981c4b53244e?s=96&d=mm&r=g","caption":"Tatiana Martins"},"url":"https:\/\/maismagazine.pt\/index.php\/author\/tatiana\/"}]}},"author_meta":{"display_name":false,"author_link":"https:\/\/maismagazine.pt\/index.php\/author\/tatiana\/"},"featured_img":"https:\/\/maismagazine.pt\/wp-content\/uploads\/2025\/03\/WhatsApp-Image-2025-03-18-at-15.02.53-186x300.jpeg","coauthors":[],"tax_additional":{"categories":{"linked":["<a href=\"https:\/\/maismagazine.pt\/index.php\/category\/mundo-empresarial\/saude\/\" class=\"advgb-post-tax-term\">Sa\u00fade<\/a>"],"unlinked":["<span class=\"advgb-post-tax-term\">Sa\u00fade<\/span>"]},"tags":{"linked":["<a href=\"https:\/\/maismagazine.pt\/index.php\/category\/mundo-empresarial\/saude\/\" class=\"advgb-post-tax-term\">a\u00e7ores<\/a>","<a href=\"https:\/\/maismagazine.pt\/index.php\/category\/mundo-empresarial\/saude\/\" class=\"advgb-post-tax-term\">Termalismo<\/a>","<a href=\"https:\/\/maismagazine.pt\/index.php\/category\/mundo-empresarial\/saude\/\" class=\"advgb-post-tax-term\">Termas da Ferraria<\/a>"],"unlinked":["<span class=\"advgb-post-tax-term\">a\u00e7ores<\/span>","<span class=\"advgb-post-tax-term\">Termalismo<\/span>","<span class=\"advgb-post-tax-term\">Termas da Ferraria<\/span>"]}},"comment_count":"0","relative_dates":{"created":"Posted 1 ano ago","modified":"Updated 1 ano ago"},"absolute_dates":{"created":"Posted on 21 de Mar\u00e7o, 2025","modified":"Updated on 18 de Mar\u00e7o, 2025"},"absolute_dates_time":{"created":"Posted on 21 de Mar\u00e7o, 2025 7:00","modified":"Updated on 18 de Mar\u00e7o, 2025 15:03"},"featured_img_caption":"","series_order":"","_links":{"self":[{"href":"https:\/\/maismagazine.pt\/index.php\/wp-json\/wp\/v2\/posts\/11495","targetHints":{"allow":["GET"]}}],"collection":[{"href":"https:\/\/maismagazine.pt\/index.php\/wp-json\/wp\/v2\/posts"}],"about":[{"href":"https:\/\/maismagazine.pt\/index.php\/wp-json\/wp\/v2\/types\/post"}],"author":[{"embeddable":true,"href":"https:\/\/maismagazine.pt\/index.php\/wp-json\/wp\/v2\/users\/18"}],"replies":[{"embeddable":true,"href":"https:\/\/maismagazine.pt\/index.php\/wp-json\/wp\/v2\/comments?post=11495"}],"version-history":[{"count":1,"href":"https:\/\/maismagazine.pt\/index.php\/wp-json\/wp\/v2\/posts\/11495\/revisions"}],"predecessor-version":[{"id":11501,"href":"https:\/\/maismagazine.pt\/index.php\/wp-json\/wp\/v2\/posts\/11495\/revisions\/11501"}],"wp:featuredmedia":[{"embeddable":true,"href":"https:\/\/maismagazine.pt\/index.php\/wp-json\/wp\/v2\/media\/11502"}],"wp:attachment":[{"href":"https:\/\/maismagazine.pt\/index.php\/wp-json\/wp\/v2\/media?parent=11495"}],"wp:term":[{"taxonomy":"category","embeddable":true,"href":"https:\/\/maismagazine.pt\/index.php\/wp-json\/wp\/v2\/categories?post=11495"},{"taxonomy":"post_tag","embeddable":true,"href":"https:\/\/maismagazine.pt\/index.php\/wp-json\/wp\/v2\/tags?post=11495"}],"curies":[{"name":"wp","href":"https:\/\/api.w.org\/{rel}","templated":true}]}}