{"id":11423,"date":"2025-02-21T07:00:00","date_gmt":"2025-02-21T07:00:00","guid":{"rendered":"https:\/\/maismagazine.pt\/?p=11423"},"modified":"2025-02-19T16:03:31","modified_gmt":"2025-02-19T16:03:31","slug":"visitar-penamacor-e-descobrir-os-encantos-de-um-concelho-rural","status":"publish","type":"post","link":"https:\/\/maismagazine.pt\/index.php\/2025\/02\/21\/visitar-penamacor-e-descobrir-os-encantos-de-um-concelho-rural\/","title":{"rendered":"\u201cVisitar Penamacor \u00e9 descobrir os encantos de um concelho rural\u201d"},"content":{"rendered":"\n<p><strong>Em entrevista \u00e0 Mais Magazine, Ant\u00f3nio Beites, presidente da <a href=\"http:\/\/www.cm-penamacor.pt\">C\u00e2mara Municipal de Penamacor<\/a>, aborda temas relevantes para a regi\u00e3o, como a cogest\u00e3o da Reserva Natural da Serra da Malcata e a candidatura do Madeiro a Patrim\u00f3nio Imaterial Nacional. <\/strong><\/p>\n\n\n\n<p><\/p>\n\n\n\n<p>Ant\u00f3nio Beites Soares assumiu a presid\u00eancia da C\u00e2mara Municipal de Penamacor em 2013 e encontra-se atualmente a cumprir o seu terceiro mandato. Ao longo deste per\u00edodo, tem implementado estrat\u00e9gias voltadas para a atra\u00e7\u00e3o de investimentos, incentivando a instala\u00e7\u00e3o de empresas e a cria\u00e7\u00e3o de emprego. \u201cA par disto, temos j\u00e1 em curso processos para a constru\u00e7\u00e3o e requalifica\u00e7\u00e3o de \u00e1reas habitacionais\u201d, adianta. Fazem igualmente parte da sua lista de objetivos o aumento da taxa de natalidade e a fixa\u00e7\u00e3o de jovens no concelho. Nesse sentido, t\u00eam sido concedidos v\u00e1rios incentivos na \u00e1rea da educa\u00e7\u00e3o, desde manuais escolares gratuitos, a transportes, alimenta\u00e7\u00e3o, passando inclusive pelo pagamento das propinas a todos os jovens que decidam prosseguir os seus estudos e ingressar no ensino superior. \u201cO objetivo final \u00e9 que os nossos jovens, depois dos sucessos educativos, possam ter a ambi\u00e7\u00e3o de ficar e residir no nosso territ\u00f3rio\u201d, salienta. O turismo \u00e9 outro pilar fundamental da sua estrat\u00e9gia, com destaque para a Reserva Natural da Serra da Malcata. \u201cEstamos a desenvolver um processo de cogest\u00e3o em parceria com o munic\u00edpio do Sabugal e o Instituto de Conserva\u00e7\u00e3o da Natureza e Florestas (ICNF), com um plano de a\u00e7\u00e3o que visa preservar a paisagem, valorizar a fauna e a flora e impulsionar o regresso do lince-ib\u00e9rico \u00e0 Serra da Malcata\u201d, sublinha.  <\/p>\n\n\n\n<p>Al\u00e9m do turismo de natureza, tamb\u00e9m o patrim\u00f3nio e a hist\u00f3ria de Penamacor merecem ser ressaltados, at\u00e9 porque esta \u00e9 uma vila com 800 anos de hist\u00f3ria. Nela podem ser encontrados v\u00e1rios pontos de interesse tur\u00edstico, como o Castelo e a Torre de Menagem. No ano transato, toda a malha hist\u00f3rica do munic\u00edpio foi requalificada e, neste momento, continuam os trabalhos de recupera\u00e7\u00e3o dos im\u00f3veis degradados e a aposta no alojamento local, \u201cpotenciando e capacitando a atratividade tur\u00edstica, at\u00e9 porque a zona hist\u00f3rica de Penamacor \u00e9 encantadora\u201d, refere Ant\u00f3nio Beites. A localiza\u00e7\u00e3o privilegiada de Penamacor \u00e9 outro ponto a destacar, uma vez que, tal como explica o presidente, \u00e9 um ponto de passagem da Rota das Aldeias Hist\u00f3ricas de Portugal. \u201cAo fazerem o caminho de Idanha-a-Nova e Monsanto para Sortelha, t\u00eam obrigatoriamente de passar por Penamacor e, obviamente, agora com o patrim\u00f3nio da zona hist\u00f3rica requalificado ganh\u00e1mos uma alma completamente diferenciadora para a promo\u00e7\u00e3o tur\u00edstica\u201d.  <\/p>\n\n\n\n<p>Embora Penamacor seja um destino atrativo durante todo o ano, no ver\u00e3o recebe ainda mais visitantes, dada a vasta oferta de espa\u00e7os de lazer. Um claro exemplo disso \u00e9 a Zona Balnear de Meim\u00e3o, uma \u00e1rea balnear inserida na albufeira da Meimoa, onde se encontram v\u00e1rios alojamentos locais e bungalows. \u201cNeste momento, estamos a trabalhar para que possamos potenciar os desportos n\u00e1uticos na pr\u00f3pria albufeira, dentro dos processos de cogest\u00e3o da Serra da Malcata, pois parte da albufeira est\u00e1 inserida na Reserva Natural. Temos agora este instrumento da cogest\u00e3o, que pode atrair novos animadores tur\u00edsticos para promover toda aquela \u00e1rea e tirar o melhor proveito poss\u00edvel da \u00e1gua\u201d, conclui.  <\/p>\n\n\n<div class=\"wp-block-image\">\n<figure class=\"aligncenter size-full is-resized\"><img loading=\"lazy\" decoding=\"async\" width=\"975\" height=\"654\" src=\"https:\/\/maismagazine.pt\/wp-content\/uploads\/2025\/02\/3-espacos_desporto_lazer_zona_balnear_do_meimao-1.jpg\" alt=\"\" class=\"wp-image-11433\" style=\"width:473px;height:auto\" srcset=\"https:\/\/maismagazine.pt\/wp-content\/uploads\/2025\/02\/3-espacos_desporto_lazer_zona_balnear_do_meimao-1.jpg 975w, https:\/\/maismagazine.pt\/wp-content\/uploads\/2025\/02\/3-espacos_desporto_lazer_zona_balnear_do_meimao-1-300x201.jpg 300w, https:\/\/maismagazine.pt\/wp-content\/uploads\/2025\/02\/3-espacos_desporto_lazer_zona_balnear_do_meimao-1-768x515.jpg 768w, https:\/\/maismagazine.pt\/wp-content\/uploads\/2025\/02\/3-espacos_desporto_lazer_zona_balnear_do_meimao-1-150x100.jpg 150w\" sizes=\"auto, (max-width: 975px) 100vw, 975px\" \/><figcaption class=\"wp-element-caption\">Zona de Lazer de Meim\u00e3o<\/figcaption><\/figure><\/div>\n\n\n<p><\/p>\n\n\n\n<p><\/p>\n\n\n\n<p><strong>A tradi\u00e7\u00e3o do Madeiro e a candidatura a Patrim\u00f3nio Imaterial Nacional <\/strong><\/p>\n\n\n\n<p>A tradi\u00e7\u00e3o do Madeiro remonta a tempos antigos e est\u00e1 presente em v\u00e1rias zonas do pa\u00eds. No entanto, em Penamacor, assume uma import\u00e2ncia especial, sendo considerada a maior celebra\u00e7\u00e3o do g\u00e9nero em Portugal. O termo refere-se \u00e0 grandiosa fogueira acesa em honra do Menino Jesus. Todos os anos, com a chegada do Natal, os jovens das freguesias re\u00fanem-se para cortar e transportar os troncos que alimentar\u00e3o a fogueira, cumprindo um ritual que aquece simbolicamente o Menino Jesus. Com o passar dos anos, este certame tem adquirido cada vez mais notoriedade, atraindo um n\u00famero crescente de visitantes. Reconhecendo a relev\u00e2ncia desta tradi\u00e7\u00e3o, a C\u00e2mara Municipal de Penamacor submeteu, em dezembro passado, uma candidatura para que seja classificada como Patrim\u00f3nio Imaterial Nacional. Confiante do desfecho do processo, o presidente da c\u00e2mara afirma que \u201cseria extremamente gratificante obter um selo imaterial associado a esta emblem\u00e1tica tradi\u00e7\u00e3o do concelho\u201d. <\/p>\n\n\n\n<figure class=\"wp-block-gallery has-nested-images columns-default is-cropped wp-block-gallery-1 is-layout-flex wp-block-gallery-is-layout-flex\">\n<figure class=\"wp-block-image size-large\"><img loading=\"lazy\" decoding=\"async\" width=\"360\" height=\"540\" data-id=\"11431\" src=\"https:\/\/maismagazine.pt\/wp-content\/uploads\/2025\/02\/penamacor_vila_madeiro.jpg\" alt=\"\" class=\"wp-image-11431\" srcset=\"https:\/\/maismagazine.pt\/wp-content\/uploads\/2025\/02\/penamacor_vila_madeiro.jpg 360w, https:\/\/maismagazine.pt\/wp-content\/uploads\/2025\/02\/penamacor_vila_madeiro-200x300.jpg 200w\" sizes=\"auto, (max-width: 360px) 100vw, 360px\" \/><figcaption class=\"wp-element-caption\">Vila Madeiro<\/figcaption><\/figure>\n\n\n\n<figure class=\"wp-block-image size-large\"><img loading=\"lazy\" decoding=\"async\" width=\"840\" height=\"613\" data-id=\"11430\" src=\"https:\/\/maismagazine.pt\/wp-content\/uploads\/2025\/02\/2-req_zona_historica.jpg\" alt=\"\" class=\"wp-image-11430\" srcset=\"https:\/\/maismagazine.pt\/wp-content\/uploads\/2025\/02\/2-req_zona_historica.jpg 840w, https:\/\/maismagazine.pt\/wp-content\/uploads\/2025\/02\/2-req_zona_historica-300x219.jpg 300w, https:\/\/maismagazine.pt\/wp-content\/uploads\/2025\/02\/2-req_zona_historica-768x560.jpg 768w\" sizes=\"auto, (max-width: 840px) 100vw, 840px\" \/><figcaption class=\"wp-element-caption\">Requalifica\u00e7\u00e3o da zona hist\u00f3rica<\/figcaption><\/figure>\n<\/figure>\n\n\n\n<p><\/p>\n\n\n\n<p><strong>De olhos postos no futuro<\/strong><\/p>\n\n\n\n<p>Nos \u00faltimos anos, o n\u00famero de alunos do Agrupamento de Escolas de Penamacor tem vindo a crescer de forma consecutiva, em parte devido ao aumento da popula\u00e7\u00e3o estrangeira residente no concelho, proveniente essencialmente dos pa\u00edses n\u00f3rdicos. \u201cIsto deu aqui um contributo muito positivo, incluindo na comunidade escolar\u201d, explica o presidente Ant\u00f3nio Beites. Para ele, o principal objetivo ser\u00e1 sempre travar a perda populacional. Apesar de a pir\u00e2mide et\u00e1ria de Penamacor continuar invertida, devido \u00e0 elevada percentagem de popula\u00e7\u00e3o idosa, s\u00e3o cada vez mais os jovens a residir no concelho, refletindo o trabalho desenvolvido por este executivo ao longo dos anos. <\/p>\n\n\n\n<p>Ant\u00f3nio Beites acredita que, se derem continuidade \u00e0s apostas que t\u00eam feito, aliando a isso a promo\u00e7\u00e3o do territ\u00f3rio, do patrim\u00f3nio e da natureza, estimulando tamb\u00e9m o n\u00edvel e a excel\u00eancia da qualidade de vida em Penamacor, poder\u00e1 at\u00e9 haver um crescimento populacional. \u201cA qualidade de vida que temos neste territ\u00f3rio \u00e9, de facto, invej\u00e1vel, incompar\u00e1vel \u00e0 das zonas urbanas, seja ao n\u00edvel da sa\u00fade, da seguran\u00e7a, da componente educativa e social ou, mais recentemente, do refor\u00e7o muito consider\u00e1vel nas novas tecnologias. Estes territ\u00f3rios t\u00eam muito potencial.\u201d  <\/p>\n\n\n\n<p>\u201cCreio que, se estas linhas orientadoras forem seguidas, estes territ\u00f3rios poder\u00e3o, eventualmente, num curto prazo, anular esse ciclo regressivo em termos populacionais e voltar a crescer. Este \u00e9 o nosso grande objetivo e acredito que \u00e9 poss\u00edvel concretiz\u00e1-lo num curto espa\u00e7o de tempo\u201d, reitera. O presidente deixa um convite aos nossos leitores para visitarem o concelho, pois \u201cvisitar Penamacor \u00e9 descobrir os encantos de um concelho rural\u201d. Desde o patrim\u00f3nio \u00e0 hist\u00f3ria, passando pela fauna, flora e os encantos da Malcata, n\u00e3o faltam motivos para usufruir de experi\u00eancias enriquecedoras e inesquec\u00edveis.  <\/p>\n\n\n\n<p><\/p>\n\n\n<div class=\"wp-block-image\">\n<figure class=\"aligncenter size-full is-resized\"><img loading=\"lazy\" decoding=\"async\" width=\"700\" height=\"727\" src=\"https:\/\/maismagazine.pt\/wp-content\/uploads\/2025\/02\/identidadevisualmunicipiodepenamacor.jpg\" alt=\"\" class=\"wp-image-11432\" style=\"width:215px;height:auto\" srcset=\"https:\/\/maismagazine.pt\/wp-content\/uploads\/2025\/02\/identidadevisualmunicipiodepenamacor.jpg 700w, https:\/\/maismagazine.pt\/wp-content\/uploads\/2025\/02\/identidadevisualmunicipiodepenamacor-289x300.jpg 289w\" sizes=\"auto, (max-width: 700px) 100vw, 700px\" \/><\/figure><\/div>","protected":false},"excerpt":{"rendered":"<p>Em entrevista \u00e0 Mais Magazine, Ant\u00f3nio Beites, presidente da C\u00e2mara Municipal de Penamacor, aborda temas relevantes para a regi\u00e3o, como a cogest\u00e3o da Reserva Natural da Serra da Malcata e a candidatura do Madeiro a Patrim\u00f3nio Imaterial Nacional. Ant\u00f3nio Beites Soares assumiu a presid\u00eancia da C\u00e2mara Municipal de Penamacor em&hellip;<\/p>\n","protected":false},"author":17,"featured_media":11436,"comment_status":"closed","ping_status":"open","sticky":false,"template":"","format":"standard","meta":{"advgb_blocks_editor_width":"","advgb_blocks_columns_visual_guide":"","_monsterinsights_skip_tracking":false,"_monsterinsights_sitenote_active":false,"_monsterinsights_sitenote_note":"","_monsterinsights_sitenote_category":0,"footnotes":""},"categories":[9],"tags":[1923],"class_list":["post-11423","post","type-post","status-publish","format-standard","has-post-thumbnail","hentry","category-cultura","tag-penamacor"],"yoast_head":"<!-- This site is optimized with the Yoast SEO plugin v24.4 - https:\/\/yoast.com\/wordpress\/plugins\/seo\/ -->\n<title>\u201cVisitar Penamacor \u00e9 descobrir os encantos de um concelho rural\u201d - Mais Magazine<\/title>\n<meta name=\"description\" content=\"Em entrevista \u00e0 Mais Magazine, Ant\u00f3nio Beites, presidente da C\u00e2mara Municipal de Penamacor, aborda temas relevantes para a regi\u00e3o, como a cogest\u00e3o da Reserva Natural da Serra da Malcata e a candidatura do Madeiro a Patrim\u00f3nio Imaterial Nacional.\" \/>\n<meta name=\"robots\" content=\"index, follow, max-snippet:-1, max-image-preview:large, max-video-preview:-1\" \/>\n<link rel=\"canonical\" href=\"https:\/\/maismagazine.pt\/index.php\/2025\/02\/21\/visitar-penamacor-e-descobrir-os-encantos-de-um-concelho-rural\/\" \/>\n<meta property=\"og:locale\" content=\"pt_PT\" \/>\n<meta property=\"og:type\" content=\"article\" \/>\n<meta property=\"og:title\" content=\"\u201cVisitar Penamacor \u00e9 descobrir os encantos de um concelho rural\u201d - Mais Magazine\" \/>\n<meta property=\"og:description\" content=\"Em entrevista \u00e0 Mais Magazine, Ant\u00f3nio Beites, presidente da C\u00e2mara Municipal de Penamacor, aborda temas relevantes para a regi\u00e3o, como a cogest\u00e3o da Reserva Natural da Serra da Malcata e a candidatura do Madeiro a Patrim\u00f3nio Imaterial Nacional.\" \/>\n<meta property=\"og:url\" content=\"https:\/\/maismagazine.pt\/index.php\/2025\/02\/21\/visitar-penamacor-e-descobrir-os-encantos-de-um-concelho-rural\/\" \/>\n<meta property=\"og:site_name\" content=\"Mais Magazine\" \/>\n<meta property=\"article:published_time\" content=\"2025-02-21T07:00:00+00:00\" \/>\n<meta property=\"og:image\" content=\"https:\/\/maismagazine.pt\/wp-content\/uploads\/2025\/02\/1-reserva_natural_da_serra_da_malcata-1.jpg\" \/>\n\t<meta property=\"og:image:width\" content=\"600\" \/>\n\t<meta property=\"og:image:height\" content=\"399\" \/>\n\t<meta property=\"og:image:type\" content=\"image\/jpeg\" \/>\n<meta name=\"author\" content=\"Tiago Costa\" \/>\n<meta name=\"twitter:card\" content=\"summary_large_image\" \/>\n<meta name=\"twitter:label1\" content=\"Escrito por\" \/>\n\t<meta name=\"twitter:data1\" content=\"\" \/>\n\t<meta name=\"twitter:label2\" content=\"Tempo estimado de leitura\" \/>\n\t<meta name=\"twitter:data2\" content=\"7 minutos\" \/>\n<script type=\"application\/ld+json\" class=\"yoast-schema-graph\">{\"@context\":\"https:\/\/schema.org\",\"@graph\":[{\"@type\":\"Article\",\"@id\":\"https:\/\/maismagazine.pt\/index.php\/2025\/02\/21\/visitar-penamacor-e-descobrir-os-encantos-de-um-concelho-rural\/#article\",\"isPartOf\":{\"@id\":\"https:\/\/maismagazine.pt\/index.php\/2025\/02\/21\/visitar-penamacor-e-descobrir-os-encantos-de-um-concelho-rural\/\"},\"author\":{\"name\":\"Tiago Costa\",\"@id\":\"https:\/\/maismagazine.pt\/#\/schema\/person\/c6c5bfccc886434cbd11c74e035f9646\"},\"headline\":\"\u201cVisitar Penamacor \u00e9 descobrir os encantos de um concelho rural\u201d\",\"datePublished\":\"2025-02-21T07:00:00+00:00\",\"mainEntityOfPage\":{\"@id\":\"https:\/\/maismagazine.pt\/index.php\/2025\/02\/21\/visitar-penamacor-e-descobrir-os-encantos-de-um-concelho-rural\/\"},\"wordCount\":1076,\"publisher\":{\"@id\":\"https:\/\/maismagazine.pt\/#organization\"},\"image\":{\"@id\":\"https:\/\/maismagazine.pt\/index.php\/2025\/02\/21\/visitar-penamacor-e-descobrir-os-encantos-de-um-concelho-rural\/#primaryimage\"},\"thumbnailUrl\":\"https:\/\/maismagazine.pt\/wp-content\/uploads\/2025\/02\/1-reserva_natural_da_serra_da_malcata-1.jpg\",\"keywords\":[\"Penamacor\"],\"articleSection\":[\"Cultura\"],\"inLanguage\":\"pt-PT\"},{\"@type\":\"WebPage\",\"@id\":\"https:\/\/maismagazine.pt\/index.php\/2025\/02\/21\/visitar-penamacor-e-descobrir-os-encantos-de-um-concelho-rural\/\",\"url\":\"https:\/\/maismagazine.pt\/index.php\/2025\/02\/21\/visitar-penamacor-e-descobrir-os-encantos-de-um-concelho-rural\/\",\"name\":\"\u201cVisitar Penamacor \u00e9 descobrir os encantos de um concelho rural\u201d - Mais Magazine\",\"isPartOf\":{\"@id\":\"https:\/\/maismagazine.pt\/#website\"},\"primaryImageOfPage\":{\"@id\":\"https:\/\/maismagazine.pt\/index.php\/2025\/02\/21\/visitar-penamacor-e-descobrir-os-encantos-de-um-concelho-rural\/#primaryimage\"},\"image\":{\"@id\":\"https:\/\/maismagazine.pt\/index.php\/2025\/02\/21\/visitar-penamacor-e-descobrir-os-encantos-de-um-concelho-rural\/#primaryimage\"},\"thumbnailUrl\":\"https:\/\/maismagazine.pt\/wp-content\/uploads\/2025\/02\/1-reserva_natural_da_serra_da_malcata-1.jpg\",\"datePublished\":\"2025-02-21T07:00:00+00:00\",\"description\":\"Em entrevista \u00e0 Mais Magazine, Ant\u00f3nio Beites, presidente da C\u00e2mara Municipal de Penamacor, aborda temas relevantes para a regi\u00e3o, como a cogest\u00e3o da Reserva Natural da Serra da Malcata e a candidatura do Madeiro a Patrim\u00f3nio Imaterial Nacional.\",\"breadcrumb\":{\"@id\":\"https:\/\/maismagazine.pt\/index.php\/2025\/02\/21\/visitar-penamacor-e-descobrir-os-encantos-de-um-concelho-rural\/#breadcrumb\"},\"inLanguage\":\"pt-PT\",\"potentialAction\":[{\"@type\":\"ReadAction\",\"target\":[\"https:\/\/maismagazine.pt\/index.php\/2025\/02\/21\/visitar-penamacor-e-descobrir-os-encantos-de-um-concelho-rural\/\"]}]},{\"@type\":\"ImageObject\",\"inLanguage\":\"pt-PT\",\"@id\":\"https:\/\/maismagazine.pt\/index.php\/2025\/02\/21\/visitar-penamacor-e-descobrir-os-encantos-de-um-concelho-rural\/#primaryimage\",\"url\":\"https:\/\/maismagazine.pt\/wp-content\/uploads\/2025\/02\/1-reserva_natural_da_serra_da_malcata-1.jpg\",\"contentUrl\":\"https:\/\/maismagazine.pt\/wp-content\/uploads\/2025\/02\/1-reserva_natural_da_serra_da_malcata-1.jpg\",\"width\":600,\"height\":399,\"caption\":\"Malcata, Trilho da Patada da Mula\"},{\"@type\":\"BreadcrumbList\",\"@id\":\"https:\/\/maismagazine.pt\/index.php\/2025\/02\/21\/visitar-penamacor-e-descobrir-os-encantos-de-um-concelho-rural\/#breadcrumb\",\"itemListElement\":[{\"@type\":\"ListItem\",\"position\":1,\"name\":\"Home\",\"item\":\"https:\/\/maismagazine.pt\/\"},{\"@type\":\"ListItem\",\"position\":2,\"name\":\"\u201cVisitar Penamacor \u00e9 descobrir os encantos de um concelho rural\u201d\"}]},{\"@type\":\"WebSite\",\"@id\":\"https:\/\/maismagazine.pt\/#website\",\"url\":\"https:\/\/maismagazine.pt\/\",\"name\":\"Mais Magazine\",\"description\":\"\",\"publisher\":{\"@id\":\"https:\/\/maismagazine.pt\/#organization\"},\"potentialAction\":[{\"@type\":\"SearchAction\",\"target\":{\"@type\":\"EntryPoint\",\"urlTemplate\":\"https:\/\/maismagazine.pt\/?s={search_term_string}\"},\"query-input\":{\"@type\":\"PropertyValueSpecification\",\"valueRequired\":true,\"valueName\":\"search_term_string\"}}],\"inLanguage\":\"pt-PT\"},{\"@type\":\"Organization\",\"@id\":\"https:\/\/maismagazine.pt\/#organization\",\"name\":\"Mais Magazine\",\"url\":\"https:\/\/maismagazine.pt\/\",\"logo\":{\"@type\":\"ImageObject\",\"inLanguage\":\"pt-PT\",\"@id\":\"https:\/\/maismagazine.pt\/#\/schema\/logo\/image\/\",\"url\":\"https:\/\/maismagazine.pt\/wp-content\/uploads\/2020\/04\/cropped-cropped-mais-magazine-site-logo-2.png\",\"contentUrl\":\"https:\/\/maismagazine.pt\/wp-content\/uploads\/2020\/04\/cropped-cropped-mais-magazine-site-logo-2.png\",\"width\":581,\"height\":90,\"caption\":\"Mais Magazine\"},\"image\":{\"@id\":\"https:\/\/maismagazine.pt\/#\/schema\/logo\/image\/\"}},{\"@type\":\"Person\",\"@id\":\"https:\/\/maismagazine.pt\/#\/schema\/person\/c6c5bfccc886434cbd11c74e035f9646\",\"name\":\"Tiago Costa\",\"image\":{\"@type\":\"ImageObject\",\"inLanguage\":\"pt-PT\",\"@id\":\"https:\/\/maismagazine.pt\/#\/schema\/person\/image\/\",\"url\":\"https:\/\/secure.gravatar.com\/avatar\/c599b2bce16c9870429198cbad5ee022?s=96&d=mm&r=g\",\"contentUrl\":\"https:\/\/secure.gravatar.com\/avatar\/c599b2bce16c9870429198cbad5ee022?s=96&d=mm&r=g\",\"caption\":\"Tiago Costa\"},\"url\":\"https:\/\/maismagazine.pt\/index.php\/author\/tiago\/\"}]}<\/script>\n<!-- \/ Yoast SEO plugin. -->","yoast_head_json":{"title":"\u201cVisitar Penamacor \u00e9 descobrir os encantos de um concelho rural\u201d - Mais Magazine","description":"Em entrevista \u00e0 Mais Magazine, Ant\u00f3nio Beites, presidente da C\u00e2mara Municipal de Penamacor, aborda temas relevantes para a regi\u00e3o, como a cogest\u00e3o da Reserva Natural da Serra da Malcata e a candidatura do Madeiro a Patrim\u00f3nio Imaterial Nacional.","robots":{"index":"index","follow":"follow","max-snippet":"max-snippet:-1","max-image-preview":"max-image-preview:large","max-video-preview":"max-video-preview:-1"},"canonical":"https:\/\/maismagazine.pt\/index.php\/2025\/02\/21\/visitar-penamacor-e-descobrir-os-encantos-de-um-concelho-rural\/","og_locale":"pt_PT","og_type":"article","og_title":"\u201cVisitar Penamacor \u00e9 descobrir os encantos de um concelho rural\u201d - Mais Magazine","og_description":"Em entrevista \u00e0 Mais Magazine, Ant\u00f3nio Beites, presidente da C\u00e2mara Municipal de Penamacor, aborda temas relevantes para a regi\u00e3o, como a cogest\u00e3o da Reserva Natural da Serra da Malcata e a candidatura do Madeiro a Patrim\u00f3nio Imaterial Nacional.","og_url":"https:\/\/maismagazine.pt\/index.php\/2025\/02\/21\/visitar-penamacor-e-descobrir-os-encantos-de-um-concelho-rural\/","og_site_name":"Mais Magazine","article_published_time":"2025-02-21T07:00:00+00:00","og_image":[{"width":600,"height":399,"url":"https:\/\/maismagazine.pt\/wp-content\/uploads\/2025\/02\/1-reserva_natural_da_serra_da_malcata-1.jpg","type":"image\/jpeg"}],"author":"Tiago Costa","twitter_card":"summary_large_image","twitter_misc":{"Escrito por":false,"Tempo estimado de leitura":"7 minutos"},"schema":{"@context":"https:\/\/schema.org","@graph":[{"@type":"Article","@id":"https:\/\/maismagazine.pt\/index.php\/2025\/02\/21\/visitar-penamacor-e-descobrir-os-encantos-de-um-concelho-rural\/#article","isPartOf":{"@id":"https:\/\/maismagazine.pt\/index.php\/2025\/02\/21\/visitar-penamacor-e-descobrir-os-encantos-de-um-concelho-rural\/"},"author":{"name":"Tiago Costa","@id":"https:\/\/maismagazine.pt\/#\/schema\/person\/c6c5bfccc886434cbd11c74e035f9646"},"headline":"\u201cVisitar Penamacor \u00e9 descobrir os encantos de um concelho rural\u201d","datePublished":"2025-02-21T07:00:00+00:00","mainEntityOfPage":{"@id":"https:\/\/maismagazine.pt\/index.php\/2025\/02\/21\/visitar-penamacor-e-descobrir-os-encantos-de-um-concelho-rural\/"},"wordCount":1076,"publisher":{"@id":"https:\/\/maismagazine.pt\/#organization"},"image":{"@id":"https:\/\/maismagazine.pt\/index.php\/2025\/02\/21\/visitar-penamacor-e-descobrir-os-encantos-de-um-concelho-rural\/#primaryimage"},"thumbnailUrl":"https:\/\/maismagazine.pt\/wp-content\/uploads\/2025\/02\/1-reserva_natural_da_serra_da_malcata-1.jpg","keywords":["Penamacor"],"articleSection":["Cultura"],"inLanguage":"pt-PT"},{"@type":"WebPage","@id":"https:\/\/maismagazine.pt\/index.php\/2025\/02\/21\/visitar-penamacor-e-descobrir-os-encantos-de-um-concelho-rural\/","url":"https:\/\/maismagazine.pt\/index.php\/2025\/02\/21\/visitar-penamacor-e-descobrir-os-encantos-de-um-concelho-rural\/","name":"\u201cVisitar Penamacor \u00e9 descobrir os encantos de um concelho rural\u201d - Mais Magazine","isPartOf":{"@id":"https:\/\/maismagazine.pt\/#website"},"primaryImageOfPage":{"@id":"https:\/\/maismagazine.pt\/index.php\/2025\/02\/21\/visitar-penamacor-e-descobrir-os-encantos-de-um-concelho-rural\/#primaryimage"},"image":{"@id":"https:\/\/maismagazine.pt\/index.php\/2025\/02\/21\/visitar-penamacor-e-descobrir-os-encantos-de-um-concelho-rural\/#primaryimage"},"thumbnailUrl":"https:\/\/maismagazine.pt\/wp-content\/uploads\/2025\/02\/1-reserva_natural_da_serra_da_malcata-1.jpg","datePublished":"2025-02-21T07:00:00+00:00","description":"Em entrevista \u00e0 Mais Magazine, Ant\u00f3nio Beites, presidente da C\u00e2mara Municipal de Penamacor, aborda temas relevantes para a regi\u00e3o, como a cogest\u00e3o da Reserva Natural da Serra da Malcata e a candidatura do Madeiro a Patrim\u00f3nio Imaterial Nacional.","breadcrumb":{"@id":"https:\/\/maismagazine.pt\/index.php\/2025\/02\/21\/visitar-penamacor-e-descobrir-os-encantos-de-um-concelho-rural\/#breadcrumb"},"inLanguage":"pt-PT","potentialAction":[{"@type":"ReadAction","target":["https:\/\/maismagazine.pt\/index.php\/2025\/02\/21\/visitar-penamacor-e-descobrir-os-encantos-de-um-concelho-rural\/"]}]},{"@type":"ImageObject","inLanguage":"pt-PT","@id":"https:\/\/maismagazine.pt\/index.php\/2025\/02\/21\/visitar-penamacor-e-descobrir-os-encantos-de-um-concelho-rural\/#primaryimage","url":"https:\/\/maismagazine.pt\/wp-content\/uploads\/2025\/02\/1-reserva_natural_da_serra_da_malcata-1.jpg","contentUrl":"https:\/\/maismagazine.pt\/wp-content\/uploads\/2025\/02\/1-reserva_natural_da_serra_da_malcata-1.jpg","width":600,"height":399,"caption":"Malcata, Trilho da Patada da Mula"},{"@type":"BreadcrumbList","@id":"https:\/\/maismagazine.pt\/index.php\/2025\/02\/21\/visitar-penamacor-e-descobrir-os-encantos-de-um-concelho-rural\/#breadcrumb","itemListElement":[{"@type":"ListItem","position":1,"name":"Home","item":"https:\/\/maismagazine.pt\/"},{"@type":"ListItem","position":2,"name":"\u201cVisitar Penamacor \u00e9 descobrir os encantos de um concelho rural\u201d"}]},{"@type":"WebSite","@id":"https:\/\/maismagazine.pt\/#website","url":"https:\/\/maismagazine.pt\/","name":"Mais Magazine","description":"","publisher":{"@id":"https:\/\/maismagazine.pt\/#organization"},"potentialAction":[{"@type":"SearchAction","target":{"@type":"EntryPoint","urlTemplate":"https:\/\/maismagazine.pt\/?s={search_term_string}"},"query-input":{"@type":"PropertyValueSpecification","valueRequired":true,"valueName":"search_term_string"}}],"inLanguage":"pt-PT"},{"@type":"Organization","@id":"https:\/\/maismagazine.pt\/#organization","name":"Mais Magazine","url":"https:\/\/maismagazine.pt\/","logo":{"@type":"ImageObject","inLanguage":"pt-PT","@id":"https:\/\/maismagazine.pt\/#\/schema\/logo\/image\/","url":"https:\/\/maismagazine.pt\/wp-content\/uploads\/2020\/04\/cropped-cropped-mais-magazine-site-logo-2.png","contentUrl":"https:\/\/maismagazine.pt\/wp-content\/uploads\/2020\/04\/cropped-cropped-mais-magazine-site-logo-2.png","width":581,"height":90,"caption":"Mais Magazine"},"image":{"@id":"https:\/\/maismagazine.pt\/#\/schema\/logo\/image\/"}},{"@type":"Person","@id":"https:\/\/maismagazine.pt\/#\/schema\/person\/c6c5bfccc886434cbd11c74e035f9646","name":"Tiago Costa","image":{"@type":"ImageObject","inLanguage":"pt-PT","@id":"https:\/\/maismagazine.pt\/#\/schema\/person\/image\/","url":"https:\/\/secure.gravatar.com\/avatar\/c599b2bce16c9870429198cbad5ee022?s=96&d=mm&r=g","contentUrl":"https:\/\/secure.gravatar.com\/avatar\/c599b2bce16c9870429198cbad5ee022?s=96&d=mm&r=g","caption":"Tiago Costa"},"url":"https:\/\/maismagazine.pt\/index.php\/author\/tiago\/"}]}},"author_meta":{"display_name":false,"author_link":"https:\/\/maismagazine.pt\/index.php\/author\/tiago\/"},"featured_img":"https:\/\/maismagazine.pt\/wp-content\/uploads\/2025\/02\/1-reserva_natural_da_serra_da_malcata-1-300x200.jpg","coauthors":[],"tax_additional":{"categories":{"linked":["<a href=\"https:\/\/maismagazine.pt\/index.php\/category\/cultura\/\" class=\"advgb-post-tax-term\">Cultura<\/a>"],"unlinked":["<span class=\"advgb-post-tax-term\">Cultura<\/span>"]},"tags":{"linked":["<a href=\"https:\/\/maismagazine.pt\/index.php\/category\/cultura\/\" class=\"advgb-post-tax-term\">Penamacor<\/a>"],"unlinked":["<span class=\"advgb-post-tax-term\">Penamacor<\/span>"]}},"comment_count":"0","relative_dates":{"created":"Posted 1 ano ago","modified":"Updated 1 ano ago"},"absolute_dates":{"created":"Posted on 21 de Fevereiro, 2025","modified":"Updated on 19 de Fevereiro, 2025"},"absolute_dates_time":{"created":"Posted on 21 de Fevereiro, 2025 7:00","modified":"Updated on 19 de Fevereiro, 2025 16:03"},"featured_img_caption":"Malcata, Trilho da Patada da Mula","series_order":"","_links":{"self":[{"href":"https:\/\/maismagazine.pt\/index.php\/wp-json\/wp\/v2\/posts\/11423","targetHints":{"allow":["GET"]}}],"collection":[{"href":"https:\/\/maismagazine.pt\/index.php\/wp-json\/wp\/v2\/posts"}],"about":[{"href":"https:\/\/maismagazine.pt\/index.php\/wp-json\/wp\/v2\/types\/post"}],"author":[{"embeddable":true,"href":"https:\/\/maismagazine.pt\/index.php\/wp-json\/wp\/v2\/users\/17"}],"replies":[{"embeddable":true,"href":"https:\/\/maismagazine.pt\/index.php\/wp-json\/wp\/v2\/comments?post=11423"}],"version-history":[{"count":2,"href":"https:\/\/maismagazine.pt\/index.php\/wp-json\/wp\/v2\/posts\/11423\/revisions"}],"predecessor-version":[{"id":11437,"href":"https:\/\/maismagazine.pt\/index.php\/wp-json\/wp\/v2\/posts\/11423\/revisions\/11437"}],"wp:featuredmedia":[{"embeddable":true,"href":"https:\/\/maismagazine.pt\/index.php\/wp-json\/wp\/v2\/media\/11436"}],"wp:attachment":[{"href":"https:\/\/maismagazine.pt\/index.php\/wp-json\/wp\/v2\/media?parent=11423"}],"wp:term":[{"taxonomy":"category","embeddable":true,"href":"https:\/\/maismagazine.pt\/index.php\/wp-json\/wp\/v2\/categories?post=11423"},{"taxonomy":"post_tag","embeddable":true,"href":"https:\/\/maismagazine.pt\/index.php\/wp-json\/wp\/v2\/tags?post=11423"}],"curies":[{"name":"wp","href":"https:\/\/api.w.org\/{rel}","templated":true}]}}